{"id":150130,"date":"2022-03-16T17:51:11","date_gmt":"2022-03-16T21:51:11","guid":{"rendered":"https:\/\/digital58.com.ve\/site\/?p=150130"},"modified":"2022-03-16T17:51:11","modified_gmt":"2022-03-16T21:51:11","slug":"atletismo-zuliano-definio-equipo-para-evaluativos-nacionales-menor-y-juvenil","status":"publish","type":"post","link":"https:\/\/digital58.com.ve\/site\/2022\/03\/16\/atletismo-zuliano-definio-equipo-para-evaluativos-nacionales-menor-y-juvenil\/","title":{"rendered":"Atletismo zuliano defini\u00f3 equipo para Evaluativos Nacionales Menor y Juvenil"},"content":{"rendered":"<p><a href=\"https:\/\/digital58.com.ve\/site\/wp-content\/uploads\/2022\/03\/photo_2022-03-16_17-48-33.jpg\"><img loading=\"lazy\" decoding=\"async\" class=\"aligncenter size-full wp-image-150134\" src=\"https:\/\/digital58.com.ve\/site\/wp-content\/uploads\/2022\/03\/photo_2022-03-16_17-48-33.jpg\" alt=\"\" width=\"900\" height=\"534\" srcset=\"https:\/\/digital58.com.ve\/site\/wp-content\/uploads\/2022\/03\/photo_2022-03-16_17-48-33.jpg 900w, https:\/\/digital58.com.ve\/site\/wp-content\/uploads\/2022\/03\/photo_2022-03-16_17-48-33-300x178.jpg 300w, https:\/\/digital58.com.ve\/site\/wp-content\/uploads\/2022\/03\/photo_2022-03-16_17-48-33-768x456.jpg 768w\" sizes=\"auto, (max-width: 900px) 100vw, 900px\" \/><\/a><\/p>\n<p>Macoli McGregor, presidente de la Asociaci\u00f3n Zuliana de Atletismo declar\u00f3 que la meta era estructurar el equipo casi en su totalidad y, si se necesitan algunos ajustes, se realizar\u00e1n en lo que resta para la fecha del Nacional.<\/p>\n<p><strong>Maracaibo, Zulia, Venezuela, 16 de marzo de 2022 (ND58).-<\/strong> Con la celebraci\u00f3n el pasado s\u00e1bado del campeonato Estatal Sub-18, menor y Evaluativo Sub-20, juvenil, selectivo al nacional de ambas categor\u00edas, Zulia defini\u00f3 al equipo que le representar\u00e1n durante la justa a celebrarse del 31 de marzo al 1 de abril en Barinas.<\/p>\n<p><a href=\"https:\/\/digital58.com.ve\/site\/wp-content\/uploads\/2022\/03\/photo_2022-03-16_17-48-36.jpg\"><img loading=\"lazy\" decoding=\"async\" class=\"aligncenter size-full wp-image-150132\" src=\"https:\/\/digital58.com.ve\/site\/wp-content\/uploads\/2022\/03\/photo_2022-03-16_17-48-36.jpg\" alt=\"\" width=\"900\" height=\"562\" srcset=\"https:\/\/digital58.com.ve\/site\/wp-content\/uploads\/2022\/03\/photo_2022-03-16_17-48-36.jpg 900w, https:\/\/digital58.com.ve\/site\/wp-content\/uploads\/2022\/03\/photo_2022-03-16_17-48-36-300x187.jpg 300w, https:\/\/digital58.com.ve\/site\/wp-content\/uploads\/2022\/03\/photo_2022-03-16_17-48-36-768x480.jpg 768w\" sizes=\"auto, (max-width: 900px) 100vw, 900px\" \/><\/a><\/p>\n<p>El programa transcurri\u00f3 tal como estaba previsto y la justa se desarroll\u00f3 con normalidad. Sin embargo el estado de la pista origin\u00f3 percances como el de corredor Diego Garc\u00eda, que sufri\u00f3 aporreos y raspaduras tras caer durante la carrera de los 400 metros planos juvenil.<\/p>\n<p>Entre algunos ganadores de las pruebas m\u00e1s importantes destacan el triunfo de Anailys Sal\u00f3n, de Sucre, que sali\u00f3 airosa en 100 mts. planos femenino con marca de 12,75 sg; David Gonz\u00e1lez, de Cabimas, que triunf\u00f3 en 100 mts. planos masculino con crono de 11,79 y Camila Medina, de Maracaibo, que gan\u00f3 los 200 femenino con 26,36. Todas estas pruebas corresponden a la categor\u00edas Sub-18.<\/p>\n<p><a href=\"https:\/\/digital58.com.ve\/site\/wp-content\/uploads\/2022\/03\/photo_2022-03-16_17-48-34.jpg\"><img loading=\"lazy\" decoding=\"async\" class=\"aligncenter size-full wp-image-150133\" src=\"https:\/\/digital58.com.ve\/site\/wp-content\/uploads\/2022\/03\/photo_2022-03-16_17-48-34.jpg\" alt=\"\" width=\"900\" height=\"550\" srcset=\"https:\/\/digital58.com.ve\/site\/wp-content\/uploads\/2022\/03\/photo_2022-03-16_17-48-34.jpg 900w, https:\/\/digital58.com.ve\/site\/wp-content\/uploads\/2022\/03\/photo_2022-03-16_17-48-34-300x183.jpg 300w, https:\/\/digital58.com.ve\/site\/wp-content\/uploads\/2022\/03\/photo_2022-03-16_17-48-34-768x469.jpg 768w\" sizes=\"auto, (max-width: 900px) 100vw, 900px\" \/><\/a><\/p>\n<p>En bala femenino gan\u00f3 Andrea Cordoba de Cabimas con 6,96 mts., Daniel S\u00e1nchez, tambi\u00e9n de Cabimas, lo hizo en masculino con marca de 10,92. En disco femenino repiti\u00f3 Cordoba con 17,10 mts. lo mismo que S\u00e1nchez e masculino con 31,10, todos, en Sub-18.<\/p>\n<p>Lilian Ferrer, de Maracaibo, gan\u00f3 el salto largo y triple con marcas de 5,92 y 11,50 mts. respectivamente.<\/p>\n<p><a href=\"https:\/\/digital58.com.ve\/site\/wp-content\/uploads\/2022\/03\/photo_2022-03-16_17-48-38.jpg\"><img loading=\"lazy\" decoding=\"async\" class=\"aligncenter size-full wp-image-150131\" src=\"https:\/\/digital58.com.ve\/site\/wp-content\/uploads\/2022\/03\/photo_2022-03-16_17-48-38.jpg\" alt=\"\" width=\"900\" height=\"522\" srcset=\"https:\/\/digital58.com.ve\/site\/wp-content\/uploads\/2022\/03\/photo_2022-03-16_17-48-38.jpg 900w, https:\/\/digital58.com.ve\/site\/wp-content\/uploads\/2022\/03\/photo_2022-03-16_17-48-38-300x174.jpg 300w, https:\/\/digital58.com.ve\/site\/wp-content\/uploads\/2022\/03\/photo_2022-03-16_17-48-38-768x445.jpg 768w\" sizes=\"auto, (max-width: 900px) 100vw, 900px\" \/><\/a><\/p>\n<p>En Sub-20 el triunfo de los 100 mts. planos fue para Antonio Bravo, de Maracaibo, en Masculino con 11,00 sg y Leinis Medina, de Cabimas, se llev\u00f3 el triunfo en femenino con 13,18.<\/p>\n<p>El disco y la bala masculino fue para el cabimense Eduard Jim\u00e9nez con 34,10 mts. y 12,03 mts. respectivamente.<\/p>\n<p><strong>Redacci\u00f3n ND58 | Fuente: Luis Bravo<\/strong><br \/>\n<strong>Edici\u00f3n: Villasmil, Henry<\/strong><br \/>\n<strong>Gr\u00e1fica: Luis Bravo<\/strong><\/p>\n<p>&nbsp;<\/p>\n<p>&nbsp;<\/p><div class=\"adidv69eefc4f42e25\" ><p style=\"text-align: center;\"><a href=\"https:\/\/t.me\/noticiasdigital58\" target=\"_blank\" rel=\"noopener\"><img class=\"aligncenter size-full wp-image-125363\" src=\"https:\/\/digital58.com.ve\/site\/wp-content\/uploads\/2021\/04\/banner-telegram-web-2021.png\" alt=\"\" width=\"600\" height=\"90\" \/><\/a><\/p><\/div><style type=\"text\/css\">\r\n@media screen and (min-width: 1201px) {\r\n.adidv69eefc4f42e25 {\r\ndisplay: block;\r\n}\r\n}\r\n@media screen and (min-width: 993px) and (max-width: 1200px) {\r\n.adidv69eefc4f42e25 {\r\ndisplay: block;\r\n}\r\n}\r\n@media screen and (min-width: 769px) and (max-width: 992px) {\r\n.adidv69eefc4f42e25 {\r\ndisplay: block;\r\n}\r\n}\r\n@media screen and (min-width: 768px) and (max-width: 768px) {\r\n.adidv69eefc4f42e25 {\r\ndisplay: block;\r\n}\r\n}\r\n@media screen and (max-width: 767px) {\r\n.adidv69eefc4f42e25 {\r\ndisplay: block;\r\n}\r\n}\r\n<\/style>\r\n\n<p>&nbsp;<\/p>\n<div style=\"margin-top: 0px; margin-bottom: 0px;\" class=\"sharethis-inline-share-buttons\" ><\/div>","protected":false},"excerpt":{"rendered":"<p>Macoli McGregor, presidente de la Asociaci\u00f3n Zuliana de Atletismo declar\u00f3 que la meta era estructurar el equipo casi en su<\/p>\n","protected":false},"author":1,"featured_media":150133,"comment_status":"open","ping_status":"closed","sticky":false,"template":"","format":"standard","meta":{"colormag_page_container_layout":"default_layout","colormag_page_sidebar_layout":"default_layout","_uag_custom_page_level_css":"","footnotes":""},"categories":[5402],"tags":[2581,25208,27741,73,233,2354,32,761],"class_list":["post-150130","post","type-post","status-publish","format-standard","has-post-thumbnail","hentry","category-deportes","tag-atletismo","tag-atletismo-zuliano","tag-evaluativos-nacionales-menor-y-juvenil","tag-maracaibo","tag-nacionales","tag-regionales","tag-venezuela","tag-zulia"],"yoast_head":"<!-- This site is optimized with the Yoast SEO plugin v27.4 - https:\/\/yoast.com\/product\/yoast-seo-wordpress\/ -->\n<title>Atletismo zuliano defini\u00f3 equipo para Evaluativos Nacionales Menor y Juvenil<\/title>\n<meta name=\"description\" content=\"Deportes\" \/>\n<meta name=\"robots\" content=\"index, follow, max-snippet:-1, max-image-preview:large, max-video-preview:-1\" \/>\n<link rel=\"canonical\" href=\"https:\/\/digital58.com.ve\/site\/2022\/03\/16\/atletismo-zuliano-definio-equipo-para-evaluativos-nacionales-menor-y-juvenil\/\" \/>\n<meta property=\"og:locale\" content=\"es_ES\" \/>\n<meta property=\"og:type\" content=\"article\" \/>\n<meta property=\"og:title\" content=\"Atletismo zuliano defini\u00f3 equipo para Evaluativos Nacionales Menor y Juvenil\" \/>\n<meta property=\"og:description\" content=\"Deportes\" \/>\n<meta property=\"og:url\" content=\"https:\/\/digital58.com.ve\/site\/2022\/03\/16\/atletismo-zuliano-definio-equipo-para-evaluativos-nacionales-menor-y-juvenil\/\" \/>\n<meta property=\"og:site_name\" content=\"Noticias Digital58\" \/>\n<meta property=\"article:published_time\" content=\"2022-03-16T21:51:11+00:00\" \/>\n<meta property=\"og:image\" content=\"https:\/\/digital58.com.ve\/site\/wp-content\/uploads\/2022\/03\/photo_2022-03-16_17-48-34.jpg\" \/>\n\t<meta property=\"og:image:width\" content=\"900\" \/>\n\t<meta property=\"og:image:height\" content=\"550\" \/>\n\t<meta property=\"og:image:type\" content=\"image\/jpeg\" \/>\n<meta name=\"author\" content=\"Villasmil Henry\" \/>\n<meta name=\"twitter:card\" content=\"summary_large_image\" \/>\n<meta name=\"twitter:creator\" content=\"@https:\/\/twitter.com\/villasmilhfoto\" \/>\n<meta name=\"twitter:site\" content=\"@villasmilhfoto\" \/>\n<meta name=\"twitter:label1\" content=\"Escrito por\" \/>\n\t<meta name=\"twitter:data1\" content=\"Villasmil Henry\" \/>\n\t<meta name=\"twitter:label2\" content=\"Tiempo estimado de lectura\" \/>\n\t<meta name=\"twitter:data2\" content=\"3 minutos\" \/>\n<script type=\"application\/ld+json\" class=\"yoast-schema-graph\">{\"@context\":\"https:\\\/\\\/schema.org\",\"@graph\":[{\"@type\":\"Article\",\"@id\":\"https:\\\/\\\/digital58.com.ve\\\/site\\\/2022\\\/03\\\/16\\\/atletismo-zuliano-definio-equipo-para-evaluativos-nacionales-menor-y-juvenil\\\/#article\",\"isPartOf\":{\"@id\":\"https:\\\/\\\/digital58.com.ve\\\/site\\\/2022\\\/03\\\/16\\\/atletismo-zuliano-definio-equipo-para-evaluativos-nacionales-menor-y-juvenil\\\/\"},\"author\":{\"name\":\"Villasmil Henry\",\"@id\":\"https:\\\/\\\/digital58.com.ve\\\/site\\\/#\\\/schema\\\/person\\\/64d1c2e4d0d4fd1b849980c4331c2951\"},\"headline\":\"Atletismo zuliano defini\u00f3 equipo para Evaluativos Nacionales Menor y Juvenil\",\"datePublished\":\"2022-03-16T21:51:11+00:00\",\"mainEntityOfPage\":{\"@id\":\"https:\\\/\\\/digital58.com.ve\\\/site\\\/2022\\\/03\\\/16\\\/atletismo-zuliano-definio-equipo-para-evaluativos-nacionales-menor-y-juvenil\\\/\"},\"wordCount\":333,\"commentCount\":0,\"publisher\":{\"@id\":\"https:\\\/\\\/digital58.com.ve\\\/site\\\/#\\\/schema\\\/person\\\/64d1c2e4d0d4fd1b849980c4331c2951\"},\"image\":{\"@id\":\"https:\\\/\\\/digital58.com.ve\\\/site\\\/2022\\\/03\\\/16\\\/atletismo-zuliano-definio-equipo-para-evaluativos-nacionales-menor-y-juvenil\\\/#primaryimage\"},\"thumbnailUrl\":\"https:\\\/\\\/digital58.com.ve\\\/site\\\/wp-content\\\/uploads\\\/2022\\\/03\\\/photo_2022-03-16_17-48-34.jpg\",\"keywords\":[\"Atletismo\",\"Atletismo zuliano\",\"Evaluativos Nacionales Menor y Juvenil\",\"Maracaibo\",\"Nacionales\",\"Regionales\",\"Venezuela\",\"Zulia\"],\"articleSection\":[\"Deportes\"],\"inLanguage\":\"es\",\"potentialAction\":[{\"@type\":\"CommentAction\",\"name\":\"Comment\",\"target\":[\"https:\\\/\\\/digital58.com.ve\\\/site\\\/2022\\\/03\\\/16\\\/atletismo-zuliano-definio-equipo-para-evaluativos-nacionales-menor-y-juvenil\\\/#respond\"]}]},{\"@type\":\"WebPage\",\"@id\":\"https:\\\/\\\/digital58.com.ve\\\/site\\\/2022\\\/03\\\/16\\\/atletismo-zuliano-definio-equipo-para-evaluativos-nacionales-menor-y-juvenil\\\/\",\"url\":\"https:\\\/\\\/digital58.com.ve\\\/site\\\/2022\\\/03\\\/16\\\/atletismo-zuliano-definio-equipo-para-evaluativos-nacionales-menor-y-juvenil\\\/\",\"name\":\"Atletismo zuliano defini\u00f3 equipo para Evaluativos Nacionales Menor y Juvenil\",\"isPartOf\":{\"@id\":\"https:\\\/\\\/digital58.com.ve\\\/site\\\/#website\"},\"primaryImageOfPage\":{\"@id\":\"https:\\\/\\\/digital58.com.ve\\\/site\\\/2022\\\/03\\\/16\\\/atletismo-zuliano-definio-equipo-para-evaluativos-nacionales-menor-y-juvenil\\\/#primaryimage\"},\"image\":{\"@id\":\"https:\\\/\\\/digital58.com.ve\\\/site\\\/2022\\\/03\\\/16\\\/atletismo-zuliano-definio-equipo-para-evaluativos-nacionales-menor-y-juvenil\\\/#primaryimage\"},\"thumbnailUrl\":\"https:\\\/\\\/digital58.com.ve\\\/site\\\/wp-content\\\/uploads\\\/2022\\\/03\\\/photo_2022-03-16_17-48-34.jpg\",\"datePublished\":\"2022-03-16T21:51:11+00:00\",\"description\":\"Deportes\",\"breadcrumb\":{\"@id\":\"https:\\\/\\\/digital58.com.ve\\\/site\\\/2022\\\/03\\\/16\\\/atletismo-zuliano-definio-equipo-para-evaluativos-nacionales-menor-y-juvenil\\\/#breadcrumb\"},\"inLanguage\":\"es\",\"potentialAction\":[{\"@type\":\"ReadAction\",\"target\":[\"https:\\\/\\\/digital58.com.ve\\\/site\\\/2022\\\/03\\\/16\\\/atletismo-zuliano-definio-equipo-para-evaluativos-nacionales-menor-y-juvenil\\\/\"]}]},{\"@type\":\"ImageObject\",\"inLanguage\":\"es\",\"@id\":\"https:\\\/\\\/digital58.com.ve\\\/site\\\/2022\\\/03\\\/16\\\/atletismo-zuliano-definio-equipo-para-evaluativos-nacionales-menor-y-juvenil\\\/#primaryimage\",\"url\":\"https:\\\/\\\/digital58.com.ve\\\/site\\\/wp-content\\\/uploads\\\/2022\\\/03\\\/photo_2022-03-16_17-48-34.jpg\",\"contentUrl\":\"https:\\\/\\\/digital58.com.ve\\\/site\\\/wp-content\\\/uploads\\\/2022\\\/03\\\/photo_2022-03-16_17-48-34.jpg\",\"width\":900,\"height\":550},{\"@type\":\"BreadcrumbList\",\"@id\":\"https:\\\/\\\/digital58.com.ve\\\/site\\\/2022\\\/03\\\/16\\\/atletismo-zuliano-definio-equipo-para-evaluativos-nacionales-menor-y-juvenil\\\/#breadcrumb\",\"itemListElement\":[{\"@type\":\"ListItem\",\"position\":1,\"name\":\"Home\",\"item\":\"https:\\\/\\\/digital58.com.ve\\\/site\\\/\"},{\"@type\":\"ListItem\",\"position\":2,\"name\":\"Atletismo zuliano defini\u00f3 equipo para Evaluativos Nacionales Menor y Juvenil\"}]},{\"@type\":\"WebSite\",\"@id\":\"https:\\\/\\\/digital58.com.ve\\\/site\\\/#website\",\"url\":\"https:\\\/\\\/digital58.com.ve\\\/site\\\/\",\"name\":\"Noticias Digital58\",\"description\":\"Portal de Noticias \u00a1Periodismo web de verdad! Lanzamiento web 22.11.2005 \\\/ Maracaibo, Venezuela\",\"publisher\":{\"@id\":\"https:\\\/\\\/digital58.com.ve\\\/site\\\/#\\\/schema\\\/person\\\/64d1c2e4d0d4fd1b849980c4331c2951\"},\"alternateName\":\"ND58\",\"potentialAction\":[{\"@type\":\"SearchAction\",\"target\":{\"@type\":\"EntryPoint\",\"urlTemplate\":\"https:\\\/\\\/digital58.com.ve\\\/site\\\/?s={search_term_string}\"},\"query-input\":{\"@type\":\"PropertyValueSpecification\",\"valueRequired\":true,\"valueName\":\"search_term_string\"}}],\"inLanguage\":\"es\"},{\"@type\":[\"Person\",\"Organization\"],\"@id\":\"https:\\\/\\\/digital58.com.ve\\\/site\\\/#\\\/schema\\\/person\\\/64d1c2e4d0d4fd1b849980c4331c2951\",\"name\":\"Villasmil Henry\",\"image\":{\"@type\":\"ImageObject\",\"inLanguage\":\"es\",\"@id\":\"https:\\\/\\\/secure.gravatar.com\\\/avatar\\\/bb0c4a2fcb7970138239f7e404ea75757b1b507b28b5ce4c53fbd62d797c5a7c?s=96&d=mm&r=g\",\"url\":\"https:\\\/\\\/secure.gravatar.com\\\/avatar\\\/bb0c4a2fcb7970138239f7e404ea75757b1b507b28b5ce4c53fbd62d797c5a7c?s=96&d=mm&r=g\",\"contentUrl\":\"https:\\\/\\\/secure.gravatar.com\\\/avatar\\\/bb0c4a2fcb7970138239f7e404ea75757b1b507b28b5ce4c53fbd62d797c5a7c?s=96&d=mm&r=g\",\"caption\":\"Villasmil Henry\"},\"logo\":{\"@id\":\"https:\\\/\\\/secure.gravatar.com\\\/avatar\\\/bb0c4a2fcb7970138239f7e404ea75757b1b507b28b5ce4c53fbd62d797c5a7c?s=96&d=mm&r=g\"},\"sameAs\":[\"http:\\\/\\\/www.henryvillasmil.com.ve\",\"https:\\\/\\\/www.instagram.com\\\/villasmilhfoto\\\/\",\"https:\\\/\\\/x.com\\\/https:\\\/\\\/twitter.com\\\/villasmilhfoto\"],\"url\":\"https:\\\/\\\/digital58.com.ve\\\/site\\\/author\\\/droopy_68\\\/\"}]}<\/script>\n<!-- \/ Yoast SEO plugin. -->","yoast_head_json":{"title":"Atletismo zuliano defini\u00f3 equipo para Evaluativos Nacionales Menor y Juvenil","description":"Deportes","robots":{"index":"index","follow":"follow","max-snippet":"max-snippet:-1","max-image-preview":"max-image-preview:large","max-video-preview":"max-video-preview:-1"},"canonical":"https:\/\/digital58.com.ve\/site\/2022\/03\/16\/atletismo-zuliano-definio-equipo-para-evaluativos-nacionales-menor-y-juvenil\/","og_locale":"es_ES","og_type":"article","og_title":"Atletismo zuliano defini\u00f3 equipo para Evaluativos Nacionales Menor y Juvenil","og_description":"Deportes","og_url":"https:\/\/digital58.com.ve\/site\/2022\/03\/16\/atletismo-zuliano-definio-equipo-para-evaluativos-nacionales-menor-y-juvenil\/","og_site_name":"Noticias Digital58","article_published_time":"2022-03-16T21:51:11+00:00","og_image":[{"width":900,"height":550,"url":"https:\/\/digital58.com.ve\/site\/wp-content\/uploads\/2022\/03\/photo_2022-03-16_17-48-34.jpg","type":"image\/jpeg"}],"author":"Villasmil Henry","twitter_card":"summary_large_image","twitter_creator":"@https:\/\/twitter.com\/villasmilhfoto","twitter_site":"@villasmilhfoto","twitter_misc":{"Escrito por":"Villasmil Henry","Tiempo estimado de lectura":"3 minutos"},"schema":{"@context":"https:\/\/schema.org","@graph":[{"@type":"Article","@id":"https:\/\/digital58.com.ve\/site\/2022\/03\/16\/atletismo-zuliano-definio-equipo-para-evaluativos-nacionales-menor-y-juvenil\/#article","isPartOf":{"@id":"https:\/\/digital58.com.ve\/site\/2022\/03\/16\/atletismo-zuliano-definio-equipo-para-evaluativos-nacionales-menor-y-juvenil\/"},"author":{"name":"Villasmil Henry","@id":"https:\/\/digital58.com.ve\/site\/#\/schema\/person\/64d1c2e4d0d4fd1b849980c4331c2951"},"headline":"Atletismo zuliano defini\u00f3 equipo para Evaluativos Nacionales Menor y Juvenil","datePublished":"2022-03-16T21:51:11+00:00","mainEntityOfPage":{"@id":"https:\/\/digital58.com.ve\/site\/2022\/03\/16\/atletismo-zuliano-definio-equipo-para-evaluativos-nacionales-menor-y-juvenil\/"},"wordCount":333,"commentCount":0,"publisher":{"@id":"https:\/\/digital58.com.ve\/site\/#\/schema\/person\/64d1c2e4d0d4fd1b849980c4331c2951"},"image":{"@id":"https:\/\/digital58.com.ve\/site\/2022\/03\/16\/atletismo-zuliano-definio-equipo-para-evaluativos-nacionales-menor-y-juvenil\/#primaryimage"},"thumbnailUrl":"https:\/\/digital58.com.ve\/site\/wp-content\/uploads\/2022\/03\/photo_2022-03-16_17-48-34.jpg","keywords":["Atletismo","Atletismo zuliano","Evaluativos Nacionales Menor y Juvenil","Maracaibo","Nacionales","Regionales","Venezuela","Zulia"],"articleSection":["Deportes"],"inLanguage":"es","potentialAction":[{"@type":"CommentAction","name":"Comment","target":["https:\/\/digital58.com.ve\/site\/2022\/03\/16\/atletismo-zuliano-definio-equipo-para-evaluativos-nacionales-menor-y-juvenil\/#respond"]}]},{"@type":"WebPage","@id":"https:\/\/digital58.com.ve\/site\/2022\/03\/16\/atletismo-zuliano-definio-equipo-para-evaluativos-nacionales-menor-y-juvenil\/","url":"https:\/\/digital58.com.ve\/site\/2022\/03\/16\/atletismo-zuliano-definio-equipo-para-evaluativos-nacionales-menor-y-juvenil\/","name":"Atletismo zuliano defini\u00f3 equipo para Evaluativos Nacionales Menor y Juvenil","isPartOf":{"@id":"https:\/\/digital58.com.ve\/site\/#website"},"primaryImageOfPage":{"@id":"https:\/\/digital58.com.ve\/site\/2022\/03\/16\/atletismo-zuliano-definio-equipo-para-evaluativos-nacionales-menor-y-juvenil\/#primaryimage"},"image":{"@id":"https:\/\/digital58.com.ve\/site\/2022\/03\/16\/atletismo-zuliano-definio-equipo-para-evaluativos-nacionales-menor-y-juvenil\/#primaryimage"},"thumbnailUrl":"https:\/\/digital58.com.ve\/site\/wp-content\/uploads\/2022\/03\/photo_2022-03-16_17-48-34.jpg","datePublished":"2022-03-16T21:51:11+00:00","description":"Deportes","breadcrumb":{"@id":"https:\/\/digital58.com.ve\/site\/2022\/03\/16\/atletismo-zuliano-definio-equipo-para-evaluativos-nacionales-menor-y-juvenil\/#breadcrumb"},"inLanguage":"es","potentialAction":[{"@type":"ReadAction","target":["https:\/\/digital58.com.ve\/site\/2022\/03\/16\/atletismo-zuliano-definio-equipo-para-evaluativos-nacionales-menor-y-juvenil\/"]}]},{"@type":"ImageObject","inLanguage":"es","@id":"https:\/\/digital58.com.ve\/site\/2022\/03\/16\/atletismo-zuliano-definio-equipo-para-evaluativos-nacionales-menor-y-juvenil\/#primaryimage","url":"https:\/\/digital58.com.ve\/site\/wp-content\/uploads\/2022\/03\/photo_2022-03-16_17-48-34.jpg","contentUrl":"https:\/\/digital58.com.ve\/site\/wp-content\/uploads\/2022\/03\/photo_2022-03-16_17-48-34.jpg","width":900,"height":550},{"@type":"BreadcrumbList","@id":"https:\/\/digital58.com.ve\/site\/2022\/03\/16\/atletismo-zuliano-definio-equipo-para-evaluativos-nacionales-menor-y-juvenil\/#breadcrumb","itemListElement":[{"@type":"ListItem","position":1,"name":"Home","item":"https:\/\/digital58.com.ve\/site\/"},{"@type":"ListItem","position":2,"name":"Atletismo zuliano defini\u00f3 equipo para Evaluativos Nacionales Menor y Juvenil"}]},{"@type":"WebSite","@id":"https:\/\/digital58.com.ve\/site\/#website","url":"https:\/\/digital58.com.ve\/site\/","name":"Noticias Digital58","description":"Portal de Noticias \u00a1Periodismo web de verdad! Lanzamiento web 22.11.2005 \/ Maracaibo, Venezuela","publisher":{"@id":"https:\/\/digital58.com.ve\/site\/#\/schema\/person\/64d1c2e4d0d4fd1b849980c4331c2951"},"alternateName":"ND58","potentialAction":[{"@type":"SearchAction","target":{"@type":"EntryPoint","urlTemplate":"https:\/\/digital58.com.ve\/site\/?s={search_term_string}"},"query-input":{"@type":"PropertyValueSpecification","valueRequired":true,"valueName":"search_term_string"}}],"inLanguage":"es"},{"@type":["Person","Organization"],"@id":"https:\/\/digital58.com.ve\/site\/#\/schema\/person\/64d1c2e4d0d4fd1b849980c4331c2951","name":"Villasmil Henry","image":{"@type":"ImageObject","inLanguage":"es","@id":"https:\/\/secure.gravatar.com\/avatar\/bb0c4a2fcb7970138239f7e404ea75757b1b507b28b5ce4c53fbd62d797c5a7c?s=96&d=mm&r=g","url":"https:\/\/secure.gravatar.com\/avatar\/bb0c4a2fcb7970138239f7e404ea75757b1b507b28b5ce4c53fbd62d797c5a7c?s=96&d=mm&r=g","contentUrl":"https:\/\/secure.gravatar.com\/avatar\/bb0c4a2fcb7970138239f7e404ea75757b1b507b28b5ce4c53fbd62d797c5a7c?s=96&d=mm&r=g","caption":"Villasmil Henry"},"logo":{"@id":"https:\/\/secure.gravatar.com\/avatar\/bb0c4a2fcb7970138239f7e404ea75757b1b507b28b5ce4c53fbd62d797c5a7c?s=96&d=mm&r=g"},"sameAs":["http:\/\/www.henryvillasmil.com.ve","https:\/\/www.instagram.com\/villasmilhfoto\/","https:\/\/x.com\/https:\/\/twitter.com\/villasmilhfoto"],"url":"https:\/\/digital58.com.ve\/site\/author\/droopy_68\/"}]}},"uagb_featured_image_src":{"full":["https:\/\/digital58.com.ve\/site\/wp-content\/uploads\/2022\/03\/photo_2022-03-16_17-48-34.jpg",900,550,false],"thumbnail":["https:\/\/digital58.com.ve\/site\/wp-content\/uploads\/2022\/03\/photo_2022-03-16_17-48-34-150x150.jpg",150,150,true],"medium":["https:\/\/digital58.com.ve\/site\/wp-content\/uploads\/2022\/03\/photo_2022-03-16_17-48-34-300x183.jpg",300,183,true],"medium_large":["https:\/\/digital58.com.ve\/site\/wp-content\/uploads\/2022\/03\/photo_2022-03-16_17-48-34-768x469.jpg",768,469,true],"large":["https:\/\/digital58.com.ve\/site\/wp-content\/uploads\/2022\/03\/photo_2022-03-16_17-48-34.jpg",800,489,false],"1536x1536":["https:\/\/digital58.com.ve\/site\/wp-content\/uploads\/2022\/03\/photo_2022-03-16_17-48-34.jpg",900,550,false],"2048x2048":["https:\/\/digital58.com.ve\/site\/wp-content\/uploads\/2022\/03\/photo_2022-03-16_17-48-34.jpg",900,550,false],"colormag-highlighted-post":["https:\/\/digital58.com.ve\/site\/wp-content\/uploads\/2022\/03\/photo_2022-03-16_17-48-34.jpg",392,240,false],"colormag-featured-post-medium":["https:\/\/digital58.com.ve\/site\/wp-content\/uploads\/2022\/03\/photo_2022-03-16_17-48-34.jpg",335,205,false],"colormag-featured-post-small":["https:\/\/digital58.com.ve\/site\/wp-content\/uploads\/2022\/03\/photo_2022-03-16_17-48-34.jpg",130,79,false],"colormag-featured-image":["https:\/\/digital58.com.ve\/site\/wp-content\/uploads\/2022\/03\/photo_2022-03-16_17-48-34.jpg",728,445,false],"colormag-default-news":["https:\/\/digital58.com.ve\/site\/wp-content\/uploads\/2022\/03\/photo_2022-03-16_17-48-34.jpg",150,92,false],"colormag-featured-image-large":["https:\/\/digital58.com.ve\/site\/wp-content\/uploads\/2022\/03\/photo_2022-03-16_17-48-34.jpg",900,550,false]},"uagb_author_info":{"display_name":"Villasmil Henry","author_link":"https:\/\/digital58.com.ve\/site\/author\/droopy_68\/"},"uagb_comment_info":0,"uagb_excerpt":"Macoli McGregor, presidente de la Asociaci\u00f3n Zuliana de Atletismo declar\u00f3 que la meta era estructurar el equipo casi en su","_links":{"self":[{"href":"https:\/\/digital58.com.ve\/site\/wp-json\/wp\/v2\/posts\/150130","targetHints":{"allow":["GET"]}}],"collection":[{"href":"https:\/\/digital58.com.ve\/site\/wp-json\/wp\/v2\/posts"}],"about":[{"href":"https:\/\/digital58.com.ve\/site\/wp-json\/wp\/v2\/types\/post"}],"author":[{"embeddable":true,"href":"https:\/\/digital58.com.ve\/site\/wp-json\/wp\/v2\/users\/1"}],"replies":[{"embeddable":true,"href":"https:\/\/digital58.com.ve\/site\/wp-json\/wp\/v2\/comments?post=150130"}],"version-history":[{"count":0,"href":"https:\/\/digital58.com.ve\/site\/wp-json\/wp\/v2\/posts\/150130\/revisions"}],"wp:featuredmedia":[{"embeddable":true,"href":"https:\/\/digital58.com.ve\/site\/wp-json\/wp\/v2\/media\/150133"}],"wp:attachment":[{"href":"https:\/\/digital58.com.ve\/site\/wp-json\/wp\/v2\/media?parent=150130"}],"wp:term":[{"taxonomy":"category","embeddable":true,"href":"https:\/\/digital58.com.ve\/site\/wp-json\/wp\/v2\/categories?post=150130"},{"taxonomy":"post_tag","embeddable":true,"href":"https:\/\/digital58.com.ve\/site\/wp-json\/wp\/v2\/tags?post=150130"}],"curies":[{"name":"wp","href":"https:\/\/api.w.org\/{rel}","templated":true}]}}