{"id":150289,"date":"2022-03-19T09:30:15","date_gmt":"2022-03-19T13:30:15","guid":{"rendered":"https:\/\/digital58.com.ve\/site\/?p=150289"},"modified":"2022-03-19T09:30:15","modified_gmt":"2022-03-19T13:30:15","slug":"psuv-juan-garcia-primera-jornada-del-tramo-inicial-de-lauicom-inicia-el-camino-para-una-solida-red-comunicacional-en-defensa-de-la-verdad","status":"publish","type":"post","link":"https:\/\/digital58.com.ve\/site\/2022\/03\/19\/psuv-juan-garcia-primera-jornada-del-tramo-inicial-de-lauicom-inicia-el-camino-para-una-solida-red-comunicacional-en-defensa-de-la-verdad\/","title":{"rendered":"#PSUV | Juan Garc\u00eda: \u00abPrimera jornada del Tramo Inicial de LAUICOM inicia el camino para una s\u00f3lida red comunicacional en defensa de la verdad\u00bb"},"content":{"rendered":"<p><a href=\"https:\/\/digital58.com.ve\/site\/wp-content\/uploads\/2022\/03\/photo_2022-03-19_09-28-03.jpg\"><img loading=\"lazy\" decoding=\"async\" class=\"aligncenter size-full wp-image-150290\" src=\"https:\/\/digital58.com.ve\/site\/wp-content\/uploads\/2022\/03\/photo_2022-03-19_09-28-03.jpg\" alt=\"\" width=\"1080\" height=\"608\" srcset=\"https:\/\/digital58.com.ve\/site\/wp-content\/uploads\/2022\/03\/photo_2022-03-19_09-28-03.jpg 1080w, https:\/\/digital58.com.ve\/site\/wp-content\/uploads\/2022\/03\/photo_2022-03-19_09-28-03-300x169.jpg 300w, https:\/\/digital58.com.ve\/site\/wp-content\/uploads\/2022\/03\/photo_2022-03-19_09-28-03-1000x563.jpg 1000w, https:\/\/digital58.com.ve\/site\/wp-content\/uploads\/2022\/03\/photo_2022-03-19_09-28-03-768x432.jpg 768w\" sizes=\"auto, (max-width: 1080px) 100vw, 1080px\" \/><\/a><\/p>\n<p>La Comisi\u00f3n de Agitaci\u00f3n, Propaganda y Comunicaci\u00f3n del Partido Socialista Unido de Venezuela en el estado Zulia encabezada por el diputado Juan Garc\u00eda afirm\u00f3 que ahora inicia el camino para una s\u00f3lida red comunicacional en defensa de la verdad.<\/p>\n<p><strong>Caracas, DC, Venezuela, 19 de marzo de 2022 (ND58).-<\/strong> Este viernes 18 de marzo culmin\u00f3 en la ciudad de Caracas la primera jornada del tramo Inicial de La Universidad Internacional de las Comunicaciones (LAUICOM) creada por la Revoluci\u00f3n Bolivariana de Venezuela para formar y brindar herramientas comunicacionales a la poblaci\u00f3n con el objetivo de contrarrestar el bombardeo medi\u00e1tico que aplican contra el pa\u00eds.<\/p>\n<p>Garc\u00eda explic\u00f3 que: \u00abLa primera etapa formativa de esta casa de estudios surgi\u00f3 del Foro de S\u00e3o Paulo debido a los ataques sistem\u00e1ticos que ejercen los gobiernos capitalistas con el prop\u00f3sito de socavar la estabilidad de pa\u00edses no alineados a sus modelos neoliberales\u00bb.<\/p>\n<p>Igualmente el parlamentario zuliano aplaudi\u00f3 esta iniciativa formativa del gobierno bolivariano debido que ofrece capacitaci\u00f3n a los comunicadores y comunicadoras venezolanos para develar en todas las redes y plataformas matrices falsas difundidas desde laboratorios financiados por la derecha internacional, \u00abHacemos llegar el agradecimiento de todo el equipo APC Zulia a nuestra Vicepresidenta Territorial Jacqueline Far\u00eda por todo el apoyo en la consecuci\u00f3n de este objetivo\u00bb, puntualiz\u00f3.<\/p>\n<p>Agreg\u00f3 que en el estado Zulia existe una amplia estructura de APC en todos los espacios entre ellos Poder Popular, Sector Trabajadores, Comunicadores Populares, Jefes de Calle, UBCH, CLAP y Movimientos Sociales que estar\u00e1n vinculados a la LAUICOM en funci\u00f3n de reproducir las orientaciones, mensajes e informaciones veraces a la colectividad.<\/p>\n<p><strong>Redacci\u00f3n ND58 | Fuente: PSUV-ZULIA<\/strong><br \/>\n<strong>Edici\u00f3n: Villasmil, Henry<\/strong><br \/>\n<strong>Gr\u00e1fica: Cortes\u00eda<\/strong><\/p>\n<p>&nbsp;<\/p>\n<p>&nbsp;<\/p><div class=\"qhbbv6a98f12e9c608\" ><p style=\"text-align: center;\"><a href=\"https:\/\/t.me\/noticiasdigital58\" target=\"_blank\" rel=\"noopener\"><img class=\"aligncenter size-full wp-image-125363\" src=\"https:\/\/digital58.com.ve\/site\/wp-content\/uploads\/2021\/04\/banner-telegram-web-2021.png\" alt=\"\" width=\"600\" height=\"90\" \/><\/a><\/p><\/div><style type=\"text\/css\">\r\n@media screen and (min-width: 1201px) {\r\n.qhbbv6a98f12e9c608 {\r\ndisplay: block;\r\n}\r\n}\r\n@media screen and (min-width: 993px) and (max-width: 1200px) {\r\n.qhbbv6a98f12e9c608 {\r\ndisplay: block;\r\n}\r\n}\r\n@media screen and (min-width: 769px) and (max-width: 992px) {\r\n.qhbbv6a98f12e9c608 {\r\ndisplay: block;\r\n}\r\n}\r\n@media screen and (min-width: 768px) and (max-width: 768px) {\r\n.qhbbv6a98f12e9c608 {\r\ndisplay: block;\r\n}\r\n}\r\n@media screen and (max-width: 767px) {\r\n.qhbbv6a98f12e9c608 {\r\ndisplay: block;\r\n}\r\n}\r\n<\/style>\r\n\n<p>&nbsp;<\/p>\n<div style=\"margin-top: 0px; margin-bottom: 0px;\" class=\"sharethis-inline-share-buttons\" ><\/div>","protected":false},"excerpt":{"rendered":"<p>La Comisi\u00f3n de Agitaci\u00f3n, Propaganda y Comunicaci\u00f3n del Partido Socialista Unido de Venezuela en el estado Zulia encabezada por el<\/p>\n","protected":false},"author":1,"featured_media":150290,"comment_status":"open","ping_status":"closed","sticky":false,"template":"","format":"standard","meta":{"colormag_page_container_layout":"default_layout","colormag_page_sidebar_layout":"default_layout","_uag_custom_page_level_css":"","footnotes":""},"categories":[16454],"tags":[27736,27737,233,13712,11058,2733,27183],"class_list":["post-150289","post","type-post","status-publish","format-standard","has-post-thumbnail","hentry","category-venezuela","tag-diputado-juan-garcia","tag-lauicom","tag-nacionales","tag-partido-socialista-unido-de-venezuela","tag-partidos-politicos","tag-psuv","tag-psuv-zulia"],"yoast_head":"<!-- This site is optimized with the Yoast SEO plugin v28.4 - https:\/\/yoast.com\/product\/yoast-seo-wordpress\/ -->\n<title>#PSUV | Juan Garc\u00eda: \u00abPrimera jornada del Tramo Inicial de LAUICOM inicia el camino para una s\u00f3lida red comunicacional en defensa de la verdad\u00bb<\/title>\n<meta name=\"description\" content=\"Venezuela\" \/>\n<meta name=\"robots\" content=\"index, follow, max-snippet:-1, max-image-preview:large, max-video-preview:-1\" \/>\n<link rel=\"canonical\" href=\"https:\/\/digital58.com.ve\/site\/2022\/03\/19\/psuv-juan-garcia-primera-jornada-del-tramo-inicial-de-lauicom-inicia-el-camino-para-una-solida-red-comunicacional-en-defensa-de-la-verdad\/\" \/>\n<meta property=\"og:locale\" content=\"es_ES\" \/>\n<meta property=\"og:type\" content=\"article\" \/>\n<meta property=\"og:title\" content=\"#PSUV | Juan Garc\u00eda: \u00abPrimera jornada del Tramo Inicial de LAUICOM inicia el camino para una s\u00f3lida red comunicacional en defensa de la verdad\u00bb\" \/>\n<meta property=\"og:description\" content=\"Venezuela\" \/>\n<meta property=\"og:url\" content=\"https:\/\/digital58.com.ve\/site\/2022\/03\/19\/psuv-juan-garcia-primera-jornada-del-tramo-inicial-de-lauicom-inicia-el-camino-para-una-solida-red-comunicacional-en-defensa-de-la-verdad\/\" \/>\n<meta property=\"og:site_name\" content=\"Noticias Digital58\" \/>\n<meta property=\"article:published_time\" content=\"2022-03-19T13:30:15+00:00\" \/>\n<meta property=\"og:image\" content=\"https:\/\/digital58.com.ve\/site\/wp-content\/uploads\/2022\/03\/photo_2022-03-19_09-28-03.jpg\" \/>\n\t<meta property=\"og:image:width\" content=\"1080\" \/>\n\t<meta property=\"og:image:height\" content=\"608\" \/>\n\t<meta property=\"og:image:type\" content=\"image\/jpeg\" \/>\n<meta name=\"author\" content=\"Villasmil Henry\" \/>\n<meta name=\"twitter:card\" content=\"summary_large_image\" \/>\n<meta name=\"twitter:creator\" content=\"@https:\/\/twitter.com\/villasmilhfoto\" \/>\n<meta name=\"twitter:site\" content=\"@villasmilhfoto\" \/>\n<meta name=\"twitter:label1\" content=\"Escrito por\" \/>\n\t<meta name=\"twitter:data1\" content=\"Villasmil Henry\" \/>\n\t<meta name=\"twitter:label2\" content=\"Tiempo estimado de lectura\" \/>\n\t<meta name=\"twitter:data2\" content=\"2 minutos\" \/>\n<script type=\"application\/ld+json\" class=\"yoast-schema-graph\">{\"@context\":\"https:\\\/\\\/schema.org\",\"@graph\":[{\"@type\":\"Article\",\"@id\":\"https:\\\/\\\/digital58.com.ve\\\/site\\\/2022\\\/03\\\/19\\\/psuv-juan-garcia-primera-jornada-del-tramo-inicial-de-lauicom-inicia-el-camino-para-una-solida-red-comunicacional-en-defensa-de-la-verdad\\\/#article\",\"isPartOf\":{\"@id\":\"https:\\\/\\\/digital58.com.ve\\\/site\\\/2022\\\/03\\\/19\\\/psuv-juan-garcia-primera-jornada-del-tramo-inicial-de-lauicom-inicia-el-camino-para-una-solida-red-comunicacional-en-defensa-de-la-verdad\\\/\"},\"author\":{\"name\":\"Villasmil Henry\",\"@id\":\"https:\\\/\\\/digital58.com.ve\\\/site\\\/#\\\/schema\\\/person\\\/64d1c2e4d0d4fd1b849980c4331c2951\"},\"headline\":\"#PSUV | Juan Garc\u00eda: \u00abPrimera jornada del Tramo Inicial de LAUICOM inicia el camino para una s\u00f3lida red comunicacional en defensa de la verdad\u00bb\",\"datePublished\":\"2022-03-19T13:30:15+00:00\",\"mainEntityOfPage\":{\"@id\":\"https:\\\/\\\/digital58.com.ve\\\/site\\\/2022\\\/03\\\/19\\\/psuv-juan-garcia-primera-jornada-del-tramo-inicial-de-lauicom-inicia-el-camino-para-una-solida-red-comunicacional-en-defensa-de-la-verdad\\\/\"},\"wordCount\":320,\"commentCount\":0,\"publisher\":{\"@id\":\"https:\\\/\\\/digital58.com.ve\\\/site\\\/#\\\/schema\\\/person\\\/64d1c2e4d0d4fd1b849980c4331c2951\"},\"image\":{\"@id\":\"https:\\\/\\\/digital58.com.ve\\\/site\\\/2022\\\/03\\\/19\\\/psuv-juan-garcia-primera-jornada-del-tramo-inicial-de-lauicom-inicia-el-camino-para-una-solida-red-comunicacional-en-defensa-de-la-verdad\\\/#primaryimage\"},\"thumbnailUrl\":\"https:\\\/\\\/digital58.com.ve\\\/site\\\/wp-content\\\/uploads\\\/2022\\\/03\\\/photo_2022-03-19_09-28-03.jpg\",\"keywords\":[\"Diputado Juan Garc\u00eda\",\"LAUICOM\",\"Nacionales\",\"Partido Socialista Unido de Venezuela\",\"Partidos Pol\u00edticos\",\"PSUV\",\"PSUV Zulia\"],\"articleSection\":[\"Venezuela\"],\"inLanguage\":\"es\",\"potentialAction\":[{\"@type\":\"CommentAction\",\"name\":\"Comment\",\"target\":[\"https:\\\/\\\/digital58.com.ve\\\/site\\\/2022\\\/03\\\/19\\\/psuv-juan-garcia-primera-jornada-del-tramo-inicial-de-lauicom-inicia-el-camino-para-una-solida-red-comunicacional-en-defensa-de-la-verdad\\\/#respond\"]}]},{\"@type\":\"WebPage\",\"@id\":\"https:\\\/\\\/digital58.com.ve\\\/site\\\/2022\\\/03\\\/19\\\/psuv-juan-garcia-primera-jornada-del-tramo-inicial-de-lauicom-inicia-el-camino-para-una-solida-red-comunicacional-en-defensa-de-la-verdad\\\/\",\"url\":\"https:\\\/\\\/digital58.com.ve\\\/site\\\/2022\\\/03\\\/19\\\/psuv-juan-garcia-primera-jornada-del-tramo-inicial-de-lauicom-inicia-el-camino-para-una-solida-red-comunicacional-en-defensa-de-la-verdad\\\/\",\"name\":\"#PSUV | Juan Garc\u00eda: \u00abPrimera jornada del Tramo Inicial de LAUICOM inicia el camino para una s\u00f3lida red comunicacional en defensa de la verdad\u00bb\",\"isPartOf\":{\"@id\":\"https:\\\/\\\/digital58.com.ve\\\/site\\\/#website\"},\"primaryImageOfPage\":{\"@id\":\"https:\\\/\\\/digital58.com.ve\\\/site\\\/2022\\\/03\\\/19\\\/psuv-juan-garcia-primera-jornada-del-tramo-inicial-de-lauicom-inicia-el-camino-para-una-solida-red-comunicacional-en-defensa-de-la-verdad\\\/#primaryimage\"},\"image\":{\"@id\":\"https:\\\/\\\/digital58.com.ve\\\/site\\\/2022\\\/03\\\/19\\\/psuv-juan-garcia-primera-jornada-del-tramo-inicial-de-lauicom-inicia-el-camino-para-una-solida-red-comunicacional-en-defensa-de-la-verdad\\\/#primaryimage\"},\"thumbnailUrl\":\"https:\\\/\\\/digital58.com.ve\\\/site\\\/wp-content\\\/uploads\\\/2022\\\/03\\\/photo_2022-03-19_09-28-03.jpg\",\"datePublished\":\"2022-03-19T13:30:15+00:00\",\"description\":\"Venezuela\",\"breadcrumb\":{\"@id\":\"https:\\\/\\\/digital58.com.ve\\\/site\\\/2022\\\/03\\\/19\\\/psuv-juan-garcia-primera-jornada-del-tramo-inicial-de-lauicom-inicia-el-camino-para-una-solida-red-comunicacional-en-defensa-de-la-verdad\\\/#breadcrumb\"},\"inLanguage\":\"es\",\"potentialAction\":[{\"@type\":\"ReadAction\",\"target\":[\"https:\\\/\\\/digital58.com.ve\\\/site\\\/2022\\\/03\\\/19\\\/psuv-juan-garcia-primera-jornada-del-tramo-inicial-de-lauicom-inicia-el-camino-para-una-solida-red-comunicacional-en-defensa-de-la-verdad\\\/\"]}]},{\"@type\":\"ImageObject\",\"inLanguage\":\"es\",\"@id\":\"https:\\\/\\\/digital58.com.ve\\\/site\\\/2022\\\/03\\\/19\\\/psuv-juan-garcia-primera-jornada-del-tramo-inicial-de-lauicom-inicia-el-camino-para-una-solida-red-comunicacional-en-defensa-de-la-verdad\\\/#primaryimage\",\"url\":\"https:\\\/\\\/digital58.com.ve\\\/site\\\/wp-content\\\/uploads\\\/2022\\\/03\\\/photo_2022-03-19_09-28-03.jpg\",\"contentUrl\":\"https:\\\/\\\/digital58.com.ve\\\/site\\\/wp-content\\\/uploads\\\/2022\\\/03\\\/photo_2022-03-19_09-28-03.jpg\",\"width\":1080,\"height\":608},{\"@type\":\"BreadcrumbList\",\"@id\":\"https:\\\/\\\/digital58.com.ve\\\/site\\\/2022\\\/03\\\/19\\\/psuv-juan-garcia-primera-jornada-del-tramo-inicial-de-lauicom-inicia-el-camino-para-una-solida-red-comunicacional-en-defensa-de-la-verdad\\\/#breadcrumb\",\"itemListElement\":[{\"@type\":\"ListItem\",\"position\":1,\"name\":\"Home\",\"item\":\"https:\\\/\\\/digital58.com.ve\\\/site\\\/\"},{\"@type\":\"ListItem\",\"position\":2,\"name\":\"#PSUV | Juan Garc\u00eda: \u00abPrimera jornada del Tramo Inicial de LAUICOM inicia el camino para una s\u00f3lida red comunicacional en defensa de la verdad\u00bb\"}]},{\"@type\":\"WebSite\",\"@id\":\"https:\\\/\\\/digital58.com.ve\\\/site\\\/#website\",\"url\":\"https:\\\/\\\/digital58.com.ve\\\/site\\\/\",\"name\":\"Noticias Digital58\",\"description\":\"Portal de Noticias \u00a1Periodismo web de verdad! Lanzamiento web 22.11.2005 \\\/ Maracaibo, Venezuela\",\"publisher\":{\"@id\":\"https:\\\/\\\/digital58.com.ve\\\/site\\\/#\\\/schema\\\/person\\\/64d1c2e4d0d4fd1b849980c4331c2951\"},\"alternateName\":\"ND58\",\"potentialAction\":[{\"@type\":\"SearchAction\",\"target\":{\"@type\":\"EntryPoint\",\"urlTemplate\":\"https:\\\/\\\/digital58.com.ve\\\/site\\\/?s={search_term_string}\"},\"query-input\":{\"@type\":\"PropertyValueSpecification\",\"valueRequired\":true,\"valueName\":\"search_term_string\"}}],\"inLanguage\":\"es\"},{\"@type\":[\"Person\",\"Organization\"],\"@id\":\"https:\\\/\\\/digital58.com.ve\\\/site\\\/#\\\/schema\\\/person\\\/64d1c2e4d0d4fd1b849980c4331c2951\",\"name\":\"Villasmil Henry\",\"image\":{\"@type\":\"ImageObject\",\"inLanguage\":\"es\",\"@id\":\"https:\\\/\\\/secure.gravatar.com\\\/avatar\\\/bb0c4a2fcb7970138239f7e404ea75757b1b507b28b5ce4c53fbd62d797c5a7c?s=96&d=mm&r=g\",\"url\":\"https:\\\/\\\/secure.gravatar.com\\\/avatar\\\/bb0c4a2fcb7970138239f7e404ea75757b1b507b28b5ce4c53fbd62d797c5a7c?s=96&d=mm&r=g\",\"contentUrl\":\"https:\\\/\\\/secure.gravatar.com\\\/avatar\\\/bb0c4a2fcb7970138239f7e404ea75757b1b507b28b5ce4c53fbd62d797c5a7c?s=96&d=mm&r=g\",\"caption\":\"Villasmil Henry\"},\"logo\":{\"@id\":\"https:\\\/\\\/secure.gravatar.com\\\/avatar\\\/bb0c4a2fcb7970138239f7e404ea75757b1b507b28b5ce4c53fbd62d797c5a7c?s=96&d=mm&r=g\"},\"sameAs\":[\"http:\\\/\\\/www.henryvillasmil.com.ve\",\"https:\\\/\\\/www.instagram.com\\\/villasmilhfoto\\\/\",\"https:\\\/\\\/x.com\\\/https:\\\/\\\/twitter.com\\\/villasmilhfoto\"],\"url\":\"https:\\\/\\\/digital58.com.ve\\\/site\\\/author\\\/droopy_68\\\/\"}]}<\/script>\n<!-- \/ Yoast SEO plugin. -->","yoast_head_json":{"title":"#PSUV | Juan Garc\u00eda: \u00abPrimera jornada del Tramo Inicial de LAUICOM inicia el camino para una s\u00f3lida red comunicacional en defensa de la verdad\u00bb","description":"Venezuela","robots":{"index":"index","follow":"follow","max-snippet":"max-snippet:-1","max-image-preview":"max-image-preview:large","max-video-preview":"max-video-preview:-1"},"canonical":"https:\/\/digital58.com.ve\/site\/2022\/03\/19\/psuv-juan-garcia-primera-jornada-del-tramo-inicial-de-lauicom-inicia-el-camino-para-una-solida-red-comunicacional-en-defensa-de-la-verdad\/","og_locale":"es_ES","og_type":"article","og_title":"#PSUV | Juan Garc\u00eda: \u00abPrimera jornada del Tramo Inicial de LAUICOM inicia el camino para una s\u00f3lida red comunicacional en defensa de la verdad\u00bb","og_description":"Venezuela","og_url":"https:\/\/digital58.com.ve\/site\/2022\/03\/19\/psuv-juan-garcia-primera-jornada-del-tramo-inicial-de-lauicom-inicia-el-camino-para-una-solida-red-comunicacional-en-defensa-de-la-verdad\/","og_site_name":"Noticias Digital58","article_published_time":"2022-03-19T13:30:15+00:00","og_image":[{"width":1080,"height":608,"url":"https:\/\/digital58.com.ve\/site\/wp-content\/uploads\/2022\/03\/photo_2022-03-19_09-28-03.jpg","type":"image\/jpeg"}],"author":"Villasmil Henry","twitter_card":"summary_large_image","twitter_creator":"@https:\/\/twitter.com\/villasmilhfoto","twitter_site":"@villasmilhfoto","twitter_misc":{"Escrito por":"Villasmil Henry","Tiempo estimado de lectura":"2 minutos"},"schema":{"@context":"https:\/\/schema.org","@graph":[{"@type":"Article","@id":"https:\/\/digital58.com.ve\/site\/2022\/03\/19\/psuv-juan-garcia-primera-jornada-del-tramo-inicial-de-lauicom-inicia-el-camino-para-una-solida-red-comunicacional-en-defensa-de-la-verdad\/#article","isPartOf":{"@id":"https:\/\/digital58.com.ve\/site\/2022\/03\/19\/psuv-juan-garcia-primera-jornada-del-tramo-inicial-de-lauicom-inicia-el-camino-para-una-solida-red-comunicacional-en-defensa-de-la-verdad\/"},"author":{"name":"Villasmil Henry","@id":"https:\/\/digital58.com.ve\/site\/#\/schema\/person\/64d1c2e4d0d4fd1b849980c4331c2951"},"headline":"#PSUV | Juan Garc\u00eda: \u00abPrimera jornada del Tramo Inicial de LAUICOM inicia el camino para una s\u00f3lida red comunicacional en defensa de la verdad\u00bb","datePublished":"2022-03-19T13:30:15+00:00","mainEntityOfPage":{"@id":"https:\/\/digital58.com.ve\/site\/2022\/03\/19\/psuv-juan-garcia-primera-jornada-del-tramo-inicial-de-lauicom-inicia-el-camino-para-una-solida-red-comunicacional-en-defensa-de-la-verdad\/"},"wordCount":320,"commentCount":0,"publisher":{"@id":"https:\/\/digital58.com.ve\/site\/#\/schema\/person\/64d1c2e4d0d4fd1b849980c4331c2951"},"image":{"@id":"https:\/\/digital58.com.ve\/site\/2022\/03\/19\/psuv-juan-garcia-primera-jornada-del-tramo-inicial-de-lauicom-inicia-el-camino-para-una-solida-red-comunicacional-en-defensa-de-la-verdad\/#primaryimage"},"thumbnailUrl":"https:\/\/digital58.com.ve\/site\/wp-content\/uploads\/2022\/03\/photo_2022-03-19_09-28-03.jpg","keywords":["Diputado Juan Garc\u00eda","LAUICOM","Nacionales","Partido Socialista Unido de Venezuela","Partidos Pol\u00edticos","PSUV","PSUV Zulia"],"articleSection":["Venezuela"],"inLanguage":"es","potentialAction":[{"@type":"CommentAction","name":"Comment","target":["https:\/\/digital58.com.ve\/site\/2022\/03\/19\/psuv-juan-garcia-primera-jornada-del-tramo-inicial-de-lauicom-inicia-el-camino-para-una-solida-red-comunicacional-en-defensa-de-la-verdad\/#respond"]}]},{"@type":"WebPage","@id":"https:\/\/digital58.com.ve\/site\/2022\/03\/19\/psuv-juan-garcia-primera-jornada-del-tramo-inicial-de-lauicom-inicia-el-camino-para-una-solida-red-comunicacional-en-defensa-de-la-verdad\/","url":"https:\/\/digital58.com.ve\/site\/2022\/03\/19\/psuv-juan-garcia-primera-jornada-del-tramo-inicial-de-lauicom-inicia-el-camino-para-una-solida-red-comunicacional-en-defensa-de-la-verdad\/","name":"#PSUV | Juan Garc\u00eda: \u00abPrimera jornada del Tramo Inicial de LAUICOM inicia el camino para una s\u00f3lida red comunicacional en defensa de la verdad\u00bb","isPartOf":{"@id":"https:\/\/digital58.com.ve\/site\/#website"},"primaryImageOfPage":{"@id":"https:\/\/digital58.com.ve\/site\/2022\/03\/19\/psuv-juan-garcia-primera-jornada-del-tramo-inicial-de-lauicom-inicia-el-camino-para-una-solida-red-comunicacional-en-defensa-de-la-verdad\/#primaryimage"},"image":{"@id":"https:\/\/digital58.com.ve\/site\/2022\/03\/19\/psuv-juan-garcia-primera-jornada-del-tramo-inicial-de-lauicom-inicia-el-camino-para-una-solida-red-comunicacional-en-defensa-de-la-verdad\/#primaryimage"},"thumbnailUrl":"https:\/\/digital58.com.ve\/site\/wp-content\/uploads\/2022\/03\/photo_2022-03-19_09-28-03.jpg","datePublished":"2022-03-19T13:30:15+00:00","description":"Venezuela","breadcrumb":{"@id":"https:\/\/digital58.com.ve\/site\/2022\/03\/19\/psuv-juan-garcia-primera-jornada-del-tramo-inicial-de-lauicom-inicia-el-camino-para-una-solida-red-comunicacional-en-defensa-de-la-verdad\/#breadcrumb"},"inLanguage":"es","potentialAction":[{"@type":"ReadAction","target":["https:\/\/digital58.com.ve\/site\/2022\/03\/19\/psuv-juan-garcia-primera-jornada-del-tramo-inicial-de-lauicom-inicia-el-camino-para-una-solida-red-comunicacional-en-defensa-de-la-verdad\/"]}]},{"@type":"ImageObject","inLanguage":"es","@id":"https:\/\/digital58.com.ve\/site\/2022\/03\/19\/psuv-juan-garcia-primera-jornada-del-tramo-inicial-de-lauicom-inicia-el-camino-para-una-solida-red-comunicacional-en-defensa-de-la-verdad\/#primaryimage","url":"https:\/\/digital58.com.ve\/site\/wp-content\/uploads\/2022\/03\/photo_2022-03-19_09-28-03.jpg","contentUrl":"https:\/\/digital58.com.ve\/site\/wp-content\/uploads\/2022\/03\/photo_2022-03-19_09-28-03.jpg","width":1080,"height":608},{"@type":"BreadcrumbList","@id":"https:\/\/digital58.com.ve\/site\/2022\/03\/19\/psuv-juan-garcia-primera-jornada-del-tramo-inicial-de-lauicom-inicia-el-camino-para-una-solida-red-comunicacional-en-defensa-de-la-verdad\/#breadcrumb","itemListElement":[{"@type":"ListItem","position":1,"name":"Home","item":"https:\/\/digital58.com.ve\/site\/"},{"@type":"ListItem","position":2,"name":"#PSUV | Juan Garc\u00eda: \u00abPrimera jornada del Tramo Inicial de LAUICOM inicia el camino para una s\u00f3lida red comunicacional en defensa de la verdad\u00bb"}]},{"@type":"WebSite","@id":"https:\/\/digital58.com.ve\/site\/#website","url":"https:\/\/digital58.com.ve\/site\/","name":"Noticias Digital58","description":"Portal de Noticias \u00a1Periodismo web de verdad! Lanzamiento web 22.11.2005 \/ Maracaibo, Venezuela","publisher":{"@id":"https:\/\/digital58.com.ve\/site\/#\/schema\/person\/64d1c2e4d0d4fd1b849980c4331c2951"},"alternateName":"ND58","potentialAction":[{"@type":"SearchAction","target":{"@type":"EntryPoint","urlTemplate":"https:\/\/digital58.com.ve\/site\/?s={search_term_string}"},"query-input":{"@type":"PropertyValueSpecification","valueRequired":true,"valueName":"search_term_string"}}],"inLanguage":"es"},{"@type":["Person","Organization"],"@id":"https:\/\/digital58.com.ve\/site\/#\/schema\/person\/64d1c2e4d0d4fd1b849980c4331c2951","name":"Villasmil Henry","image":{"@type":"ImageObject","inLanguage":"es","@id":"https:\/\/secure.gravatar.com\/avatar\/bb0c4a2fcb7970138239f7e404ea75757b1b507b28b5ce4c53fbd62d797c5a7c?s=96&d=mm&r=g","url":"https:\/\/secure.gravatar.com\/avatar\/bb0c4a2fcb7970138239f7e404ea75757b1b507b28b5ce4c53fbd62d797c5a7c?s=96&d=mm&r=g","contentUrl":"https:\/\/secure.gravatar.com\/avatar\/bb0c4a2fcb7970138239f7e404ea75757b1b507b28b5ce4c53fbd62d797c5a7c?s=96&d=mm&r=g","caption":"Villasmil Henry"},"logo":{"@id":"https:\/\/secure.gravatar.com\/avatar\/bb0c4a2fcb7970138239f7e404ea75757b1b507b28b5ce4c53fbd62d797c5a7c?s=96&d=mm&r=g"},"sameAs":["http:\/\/www.henryvillasmil.com.ve","https:\/\/www.instagram.com\/villasmilhfoto\/","https:\/\/x.com\/https:\/\/twitter.com\/villasmilhfoto"],"url":"https:\/\/digital58.com.ve\/site\/author\/droopy_68\/"}]}},"uagb_featured_image_src":{"full":["https:\/\/digital58.com.ve\/site\/wp-content\/uploads\/2022\/03\/photo_2022-03-19_09-28-03.jpg",1080,608,false],"thumbnail":["https:\/\/digital58.com.ve\/site\/wp-content\/uploads\/2022\/03\/photo_2022-03-19_09-28-03-150x150.jpg",150,150,true],"medium":["https:\/\/digital58.com.ve\/site\/wp-content\/uploads\/2022\/03\/photo_2022-03-19_09-28-03-300x169.jpg",300,169,true],"medium_large":["https:\/\/digital58.com.ve\/site\/wp-content\/uploads\/2022\/03\/photo_2022-03-19_09-28-03-768x432.jpg",768,432,true],"large":["https:\/\/digital58.com.ve\/site\/wp-content\/uploads\/2022\/03\/photo_2022-03-19_09-28-03-1000x563.jpg",800,450,true],"1536x1536":["https:\/\/digital58.com.ve\/site\/wp-content\/uploads\/2022\/03\/photo_2022-03-19_09-28-03.jpg",1080,608,false],"2048x2048":["https:\/\/digital58.com.ve\/site\/wp-content\/uploads\/2022\/03\/photo_2022-03-19_09-28-03.jpg",1080,608,false],"colormag-highlighted-post":["https:\/\/digital58.com.ve\/site\/wp-content\/uploads\/2022\/03\/photo_2022-03-19_09-28-03.jpg",392,221,false],"colormag-featured-post-medium":["https:\/\/digital58.com.ve\/site\/wp-content\/uploads\/2022\/03\/photo_2022-03-19_09-28-03.jpg",364,205,false],"colormag-featured-post-small":["https:\/\/digital58.com.ve\/site\/wp-content\/uploads\/2022\/03\/photo_2022-03-19_09-28-03.jpg",130,73,false],"colormag-featured-image":["https:\/\/digital58.com.ve\/site\/wp-content\/uploads\/2022\/03\/photo_2022-03-19_09-28-03.jpg",790,445,false],"colormag-default-news":["https:\/\/digital58.com.ve\/site\/wp-content\/uploads\/2022\/03\/photo_2022-03-19_09-28-03.jpg",150,84,false],"colormag-featured-image-large":["https:\/\/digital58.com.ve\/site\/wp-content\/uploads\/2022\/03\/photo_2022-03-19_09-28-03.jpg",1066,600,false]},"uagb_author_info":{"display_name":"Villasmil Henry","author_link":"https:\/\/digital58.com.ve\/site\/author\/droopy_68\/"},"uagb_comment_info":0,"uagb_excerpt":"La Comisi\u00f3n de Agitaci\u00f3n, Propaganda y Comunicaci\u00f3n del Partido Socialista Unido de Venezuela en el estado Zulia encabezada por el","_links":{"self":[{"href":"https:\/\/digital58.com.ve\/site\/wp-json\/wp\/v2\/posts\/150289","targetHints":{"allow":["GET"]}}],"collection":[{"href":"https:\/\/digital58.com.ve\/site\/wp-json\/wp\/v2\/posts"}],"about":[{"href":"https:\/\/digital58.com.ve\/site\/wp-json\/wp\/v2\/types\/post"}],"author":[{"embeddable":true,"href":"https:\/\/digital58.com.ve\/site\/wp-json\/wp\/v2\/users\/1"}],"replies":[{"embeddable":true,"href":"https:\/\/digital58.com.ve\/site\/wp-json\/wp\/v2\/comments?post=150289"}],"version-history":[{"count":0,"href":"https:\/\/digital58.com.ve\/site\/wp-json\/wp\/v2\/posts\/150289\/revisions"}],"wp:featuredmedia":[{"embeddable":true,"href":"https:\/\/digital58.com.ve\/site\/wp-json\/wp\/v2\/media\/150290"}],"wp:attachment":[{"href":"https:\/\/digital58.com.ve\/site\/wp-json\/wp\/v2\/media?parent=150289"}],"wp:term":[{"taxonomy":"category","embeddable":true,"href":"https:\/\/digital58.com.ve\/site\/wp-json\/wp\/v2\/categories?post=150289"},{"taxonomy":"post_tag","embeddable":true,"href":"https:\/\/digital58.com.ve\/site\/wp-json\/wp\/v2\/tags?post=150289"}],"curies":[{"name":"wp","href":"https:\/\/api.w.org\/{rel}","templated":true}]}}