{"id":150442,"date":"2022-03-20T23:39:33","date_gmt":"2022-03-21T03:39:33","guid":{"rendered":"https:\/\/digital58.com.ve\/site\/?p=150442"},"modified":"2022-03-20T23:39:33","modified_gmt":"2022-03-21T03:39:33","slug":"zulia-presentan-libro-cronicas-de-san-francisco-escrito-por-el-profesor-julio-fernandez","status":"publish","type":"post","link":"https:\/\/digital58.com.ve\/site\/2022\/03\/20\/zulia-presentan-libro-cronicas-de-san-francisco-escrito-por-el-profesor-julio-fernandez\/","title":{"rendered":"#Zulia | Presentan libro \u00abCr\u00f3nicas de San Francisco\u00bb escrito por el profesor Julio Fern\u00e1ndez"},"content":{"rendered":"<p><a href=\"https:\/\/digital58.com.ve\/site\/wp-content\/uploads\/2022\/03\/libro-croniocas-de-san-francisco.jpg\"><img loading=\"lazy\" decoding=\"async\" class=\"aligncenter size-full wp-image-150443\" src=\"https:\/\/digital58.com.ve\/site\/wp-content\/uploads\/2022\/03\/libro-croniocas-de-san-francisco.jpg\" alt=\"\" width=\"900\" height=\"600\" srcset=\"https:\/\/digital58.com.ve\/site\/wp-content\/uploads\/2022\/03\/libro-croniocas-de-san-francisco.jpg 900w, https:\/\/digital58.com.ve\/site\/wp-content\/uploads\/2022\/03\/libro-croniocas-de-san-francisco-300x200.jpg 300w, https:\/\/digital58.com.ve\/site\/wp-content\/uploads\/2022\/03\/libro-croniocas-de-san-francisco-768x512.jpg 768w, https:\/\/digital58.com.ve\/site\/wp-content\/uploads\/2022\/03\/libro-croniocas-de-san-francisco-720x480.jpg 720w, https:\/\/digital58.com.ve\/site\/wp-content\/uploads\/2022\/03\/libro-croniocas-de-san-francisco-480x320.jpg 480w\" sizes=\"auto, (max-width: 900px) 100vw, 900px\" \/><\/a><\/p>\n<p>El bautizo del ejemplar impreso, estuvo a cargo del Presb\u00edtero Leonardo L\u00f3pez Quintero, quien afirm\u00f3 que \u00abes un honor para el pueblo de San Francisco, bendecir este libro hoy domingo, reciba palabras de gratitud, esta obra nos habla del amor genuino que usted tiene en su coraz\u00f3n, bendiciones\u00bb.<\/p>\n<p><strong>San Francisco, Zulia, Venezuela, 20 de marzo de 2022 (ND58).-<\/strong> En la ma\u00f1ana de este domingo, en un acto protocolar, realizado en el auditorio de la alcald\u00eda sure\u00f1a, fue presentado el libro \u00abCr\u00f3nicas de San Francisco\u00bb, escrito por el Profesor Julio Fern\u00e1ndez , historiador andante del municipio, como el mismo se ha denominado.<\/p>\n<p>La presentaci\u00f3n del libro estuvo a cargo de la rectora de la Universidad del Zulia, Judith Aular, quien manifest\u00f3 que \u00abJulio Fern\u00e1ndez es un hombre con destacada trayectoria, y hoy lo presentamos como el escritor del libro de \u00abCr\u00f3nicas de San Francisco\u00bb\u00bb.<\/p>\n<p>Aular adem\u00e1s manifest\u00f3 su apoyo a la gesti\u00f3n que se viene realizando en el municipio, en d\u00f3nde \u00abpronto tendremos a la Universidad del Zulia\u00bb, resalt\u00f3.<\/p>\n<p>En este sentido, el periodista y escritor Julio Fern\u00e1ndez, destac\u00f3 que \u00abestamos viviendo una \u00e9poca estelar en San Francisco, no s\u00f3lo en el tema de la pol\u00edtica, sino en el campo cultural, aqu\u00ed no hay escritores, no hay historiadores, y necesitamos buscar la noticia, no que ella venga a nosotros\u00bb, adem\u00e1s invit\u00f3 a todos los presentes a leer las cr\u00f3nicas, de las cuales se siente tan orgulloso y complacido.<\/p>\n<p>Por su parte, el alcalde Gustavo Fern\u00e1ndez afirm\u00f3: \u00abhoy les habla el hijo de Julio Fern\u00e1ndez, mi norte siempre fue mi padre, siempre quise parecerme a \u00e9l, la mayor satisfacci\u00f3n que sent\u00ed el 21 de noviembre, fue reivindicar las aspiraciones de un hombre que quiso ser alcalde, pero en su momento la suerte no lo acompa\u00f1\u00f3, es muy dif\u00edcil conseguir a un hijo que est\u00e9 m\u00e1s orgulloso de su padre que yo\u00bb, indic\u00f3.<\/p>\n<p>En el acto estuvieron presentes el Alcalde Gustavo Fern\u00e1ndez, la primera dama Franciela Nu\u00f1ez, autoridades del Estado Zulia, entre ellos el ex Gobernador Gilberto Urdaneta Besson, representantes de otras instituciones de la regi\u00f3n, familiares y amigos, quienes manifestaron su respaldo a tan hermosa obra que enaltece las vivencias del municipio San Francisco.<\/p>\n<p><strong>Redacci\u00f3n ND58 | Fuente: NDP<\/strong><br \/>\n<strong>Edici\u00f3n: Villasmil, Henry<\/strong><br \/>\n<strong>Gr\u00e1fica: Cortes\u00eda<\/strong><\/p>\n<p>&nbsp;<\/p>\n<p>&nbsp;<\/p><div class=\"xobrt69f3b1447cc09\" ><p style=\"text-align: center;\"><a href=\"https:\/\/t.me\/noticiasdigital58\" target=\"_blank\" rel=\"noopener\"><img class=\"aligncenter size-full wp-image-125363\" src=\"https:\/\/digital58.com.ve\/site\/wp-content\/uploads\/2021\/04\/banner-telegram-web-2021.png\" alt=\"\" width=\"600\" height=\"90\" \/><\/a><\/p><\/div><style type=\"text\/css\">\r\n@media screen and (min-width: 1201px) {\r\n.xobrt69f3b1447cc09 {\r\ndisplay: block;\r\n}\r\n}\r\n@media screen and (min-width: 993px) and (max-width: 1200px) {\r\n.xobrt69f3b1447cc09 {\r\ndisplay: block;\r\n}\r\n}\r\n@media screen and (min-width: 769px) and (max-width: 992px) {\r\n.xobrt69f3b1447cc09 {\r\ndisplay: block;\r\n}\r\n}\r\n@media screen and (min-width: 768px) and (max-width: 768px) {\r\n.xobrt69f3b1447cc09 {\r\ndisplay: block;\r\n}\r\n}\r\n@media screen and (max-width: 767px) {\r\n.xobrt69f3b1447cc09 {\r\ndisplay: block;\r\n}\r\n}\r\n<\/style>\r\n\n<p>&nbsp;<\/p>\n<div style=\"margin-top: 0px; margin-bottom: 0px;\" class=\"sharethis-inline-share-buttons\" ><\/div>","protected":false},"excerpt":{"rendered":"<p>El bautizo del ejemplar impreso, estuvo a cargo del Presb\u00edtero Leonardo L\u00f3pez Quintero, quien afirm\u00f3 que \u00abes un honor para<\/p>\n","protected":false},"author":1,"featured_media":150443,"comment_status":"open","ping_status":"closed","sticky":false,"template":"","format":"standard","meta":{"colormag_page_container_layout":"default_layout","colormag_page_sidebar_layout":"default_layout","_uag_custom_page_level_css":"","footnotes":""},"categories":[5401,22076],"tags":[4205,26001,27831,23127,27830,27829,2992,294,27832,5816,233,2354,32,761],"class_list":["post-150442","post","type-post","status-publish","format-standard","has-post-thumbnail","hentry","category-artes","category-literatura","tag-alcaldia-de-san-francisco","tag-gustavo-fernandez","tag-historiadores","tag-judith-aular","tag-julio-fernandez","tag-libro-cronicas-de-san-francisco","tag-libros","tag-luz","tag-mucipio-san-francisco","tag-municipio-san-francisco","tag-nacionales","tag-regionales","tag-venezuela","tag-zulia"],"yoast_head":"<!-- This site is optimized with the Yoast SEO plugin v27.5 - https:\/\/yoast.com\/product\/yoast-seo-wordpress\/ -->\n<title>#Zulia | Presentan libro \u00abCr\u00f3nicas de San Francisco\u00bb escrito por el profesor Julio Fern\u00e1ndez<\/title>\n<meta name=\"description\" content=\"Artes\" \/>\n<meta name=\"robots\" content=\"index, follow, max-snippet:-1, max-image-preview:large, max-video-preview:-1\" \/>\n<link rel=\"canonical\" href=\"https:\/\/digital58.com.ve\/site\/2022\/03\/20\/zulia-presentan-libro-cronicas-de-san-francisco-escrito-por-el-profesor-julio-fernandez\/\" \/>\n<meta property=\"og:locale\" content=\"es_ES\" \/>\n<meta property=\"og:type\" content=\"article\" \/>\n<meta property=\"og:title\" content=\"#Zulia | Presentan libro \u00abCr\u00f3nicas de San Francisco\u00bb escrito por el profesor Julio Fern\u00e1ndez\" \/>\n<meta property=\"og:description\" content=\"Artes\" \/>\n<meta property=\"og:url\" content=\"https:\/\/digital58.com.ve\/site\/2022\/03\/20\/zulia-presentan-libro-cronicas-de-san-francisco-escrito-por-el-profesor-julio-fernandez\/\" \/>\n<meta property=\"og:site_name\" content=\"Noticias Digital58\" \/>\n<meta property=\"article:published_time\" content=\"2022-03-21T03:39:33+00:00\" \/>\n<meta property=\"og:image\" content=\"https:\/\/digital58.com.ve\/site\/wp-content\/uploads\/2022\/03\/libro-croniocas-de-san-francisco.jpg\" \/>\n\t<meta property=\"og:image:width\" content=\"900\" \/>\n\t<meta property=\"og:image:height\" content=\"600\" \/>\n\t<meta property=\"og:image:type\" content=\"image\/jpeg\" \/>\n<meta name=\"author\" content=\"Villasmil Henry\" \/>\n<meta name=\"twitter:card\" content=\"summary_large_image\" \/>\n<meta name=\"twitter:creator\" content=\"@https:\/\/twitter.com\/villasmilhfoto\" \/>\n<meta name=\"twitter:site\" content=\"@villasmilhfoto\" \/>\n<meta name=\"twitter:label1\" content=\"Escrito por\" \/>\n\t<meta name=\"twitter:data1\" content=\"Villasmil Henry\" \/>\n\t<meta name=\"twitter:label2\" content=\"Tiempo estimado de lectura\" \/>\n\t<meta name=\"twitter:data2\" content=\"2 minutos\" \/>\n<script type=\"application\/ld+json\" class=\"yoast-schema-graph\">{\"@context\":\"https:\\\/\\\/schema.org\",\"@graph\":[{\"@type\":\"Article\",\"@id\":\"https:\\\/\\\/digital58.com.ve\\\/site\\\/2022\\\/03\\\/20\\\/zulia-presentan-libro-cronicas-de-san-francisco-escrito-por-el-profesor-julio-fernandez\\\/#article\",\"isPartOf\":{\"@id\":\"https:\\\/\\\/digital58.com.ve\\\/site\\\/2022\\\/03\\\/20\\\/zulia-presentan-libro-cronicas-de-san-francisco-escrito-por-el-profesor-julio-fernandez\\\/\"},\"author\":{\"name\":\"Villasmil Henry\",\"@id\":\"https:\\\/\\\/digital58.com.ve\\\/site\\\/#\\\/schema\\\/person\\\/64d1c2e4d0d4fd1b849980c4331c2951\"},\"headline\":\"#Zulia | Presentan libro \u00abCr\u00f3nicas de San Francisco\u00bb escrito por el profesor Julio Fern\u00e1ndez\",\"datePublished\":\"2022-03-21T03:39:33+00:00\",\"mainEntityOfPage\":{\"@id\":\"https:\\\/\\\/digital58.com.ve\\\/site\\\/2022\\\/03\\\/20\\\/zulia-presentan-libro-cronicas-de-san-francisco-escrito-por-el-profesor-julio-fernandez\\\/\"},\"wordCount\":417,\"commentCount\":0,\"publisher\":{\"@id\":\"https:\\\/\\\/digital58.com.ve\\\/site\\\/#\\\/schema\\\/person\\\/64d1c2e4d0d4fd1b849980c4331c2951\"},\"image\":{\"@id\":\"https:\\\/\\\/digital58.com.ve\\\/site\\\/2022\\\/03\\\/20\\\/zulia-presentan-libro-cronicas-de-san-francisco-escrito-por-el-profesor-julio-fernandez\\\/#primaryimage\"},\"thumbnailUrl\":\"https:\\\/\\\/digital58.com.ve\\\/site\\\/wp-content\\\/uploads\\\/2022\\\/03\\\/libro-croniocas-de-san-francisco.jpg\",\"keywords\":[\"Alcald\u00eda de San Francisco\",\"Gustavo Fern\u00e1ndez\",\"Historiadores\",\"Judith Aular\",\"Julio Fern\u00e1ndez\",\"Libro Cr\u00f3nicas de San Francisco\",\"Libros\",\"LUZ\",\"Mucipio San Francisco\",\"Municipio San Francisco\",\"Nacionales\",\"Regionales\",\"Venezuela\",\"Zulia\"],\"articleSection\":[\"Artes\",\"Literatura\"],\"inLanguage\":\"es\",\"potentialAction\":[{\"@type\":\"CommentAction\",\"name\":\"Comment\",\"target\":[\"https:\\\/\\\/digital58.com.ve\\\/site\\\/2022\\\/03\\\/20\\\/zulia-presentan-libro-cronicas-de-san-francisco-escrito-por-el-profesor-julio-fernandez\\\/#respond\"]}]},{\"@type\":\"WebPage\",\"@id\":\"https:\\\/\\\/digital58.com.ve\\\/site\\\/2022\\\/03\\\/20\\\/zulia-presentan-libro-cronicas-de-san-francisco-escrito-por-el-profesor-julio-fernandez\\\/\",\"url\":\"https:\\\/\\\/digital58.com.ve\\\/site\\\/2022\\\/03\\\/20\\\/zulia-presentan-libro-cronicas-de-san-francisco-escrito-por-el-profesor-julio-fernandez\\\/\",\"name\":\"#Zulia | Presentan libro \u00abCr\u00f3nicas de San Francisco\u00bb escrito por el profesor Julio Fern\u00e1ndez\",\"isPartOf\":{\"@id\":\"https:\\\/\\\/digital58.com.ve\\\/site\\\/#website\"},\"primaryImageOfPage\":{\"@id\":\"https:\\\/\\\/digital58.com.ve\\\/site\\\/2022\\\/03\\\/20\\\/zulia-presentan-libro-cronicas-de-san-francisco-escrito-por-el-profesor-julio-fernandez\\\/#primaryimage\"},\"image\":{\"@id\":\"https:\\\/\\\/digital58.com.ve\\\/site\\\/2022\\\/03\\\/20\\\/zulia-presentan-libro-cronicas-de-san-francisco-escrito-por-el-profesor-julio-fernandez\\\/#primaryimage\"},\"thumbnailUrl\":\"https:\\\/\\\/digital58.com.ve\\\/site\\\/wp-content\\\/uploads\\\/2022\\\/03\\\/libro-croniocas-de-san-francisco.jpg\",\"datePublished\":\"2022-03-21T03:39:33+00:00\",\"description\":\"Artes\",\"breadcrumb\":{\"@id\":\"https:\\\/\\\/digital58.com.ve\\\/site\\\/2022\\\/03\\\/20\\\/zulia-presentan-libro-cronicas-de-san-francisco-escrito-por-el-profesor-julio-fernandez\\\/#breadcrumb\"},\"inLanguage\":\"es\",\"potentialAction\":[{\"@type\":\"ReadAction\",\"target\":[\"https:\\\/\\\/digital58.com.ve\\\/site\\\/2022\\\/03\\\/20\\\/zulia-presentan-libro-cronicas-de-san-francisco-escrito-por-el-profesor-julio-fernandez\\\/\"]}]},{\"@type\":\"ImageObject\",\"inLanguage\":\"es\",\"@id\":\"https:\\\/\\\/digital58.com.ve\\\/site\\\/2022\\\/03\\\/20\\\/zulia-presentan-libro-cronicas-de-san-francisco-escrito-por-el-profesor-julio-fernandez\\\/#primaryimage\",\"url\":\"https:\\\/\\\/digital58.com.ve\\\/site\\\/wp-content\\\/uploads\\\/2022\\\/03\\\/libro-croniocas-de-san-francisco.jpg\",\"contentUrl\":\"https:\\\/\\\/digital58.com.ve\\\/site\\\/wp-content\\\/uploads\\\/2022\\\/03\\\/libro-croniocas-de-san-francisco.jpg\",\"width\":900,\"height\":600},{\"@type\":\"BreadcrumbList\",\"@id\":\"https:\\\/\\\/digital58.com.ve\\\/site\\\/2022\\\/03\\\/20\\\/zulia-presentan-libro-cronicas-de-san-francisco-escrito-por-el-profesor-julio-fernandez\\\/#breadcrumb\",\"itemListElement\":[{\"@type\":\"ListItem\",\"position\":1,\"name\":\"Home\",\"item\":\"https:\\\/\\\/digital58.com.ve\\\/site\\\/\"},{\"@type\":\"ListItem\",\"position\":2,\"name\":\"#Zulia | Presentan libro \u00abCr\u00f3nicas de San Francisco\u00bb escrito por el profesor Julio Fern\u00e1ndez\"}]},{\"@type\":\"WebSite\",\"@id\":\"https:\\\/\\\/digital58.com.ve\\\/site\\\/#website\",\"url\":\"https:\\\/\\\/digital58.com.ve\\\/site\\\/\",\"name\":\"Noticias Digital58\",\"description\":\"Portal de Noticias \u00a1Periodismo web de verdad! Lanzamiento web 22.11.2005 \\\/ Maracaibo, Venezuela\",\"publisher\":{\"@id\":\"https:\\\/\\\/digital58.com.ve\\\/site\\\/#\\\/schema\\\/person\\\/64d1c2e4d0d4fd1b849980c4331c2951\"},\"alternateName\":\"ND58\",\"potentialAction\":[{\"@type\":\"SearchAction\",\"target\":{\"@type\":\"EntryPoint\",\"urlTemplate\":\"https:\\\/\\\/digital58.com.ve\\\/site\\\/?s={search_term_string}\"},\"query-input\":{\"@type\":\"PropertyValueSpecification\",\"valueRequired\":true,\"valueName\":\"search_term_string\"}}],\"inLanguage\":\"es\"},{\"@type\":[\"Person\",\"Organization\"],\"@id\":\"https:\\\/\\\/digital58.com.ve\\\/site\\\/#\\\/schema\\\/person\\\/64d1c2e4d0d4fd1b849980c4331c2951\",\"name\":\"Villasmil Henry\",\"image\":{\"@type\":\"ImageObject\",\"inLanguage\":\"es\",\"@id\":\"https:\\\/\\\/secure.gravatar.com\\\/avatar\\\/bb0c4a2fcb7970138239f7e404ea75757b1b507b28b5ce4c53fbd62d797c5a7c?s=96&d=mm&r=g\",\"url\":\"https:\\\/\\\/secure.gravatar.com\\\/avatar\\\/bb0c4a2fcb7970138239f7e404ea75757b1b507b28b5ce4c53fbd62d797c5a7c?s=96&d=mm&r=g\",\"contentUrl\":\"https:\\\/\\\/secure.gravatar.com\\\/avatar\\\/bb0c4a2fcb7970138239f7e404ea75757b1b507b28b5ce4c53fbd62d797c5a7c?s=96&d=mm&r=g\",\"caption\":\"Villasmil Henry\"},\"logo\":{\"@id\":\"https:\\\/\\\/secure.gravatar.com\\\/avatar\\\/bb0c4a2fcb7970138239f7e404ea75757b1b507b28b5ce4c53fbd62d797c5a7c?s=96&d=mm&r=g\"},\"sameAs\":[\"http:\\\/\\\/www.henryvillasmil.com.ve\",\"https:\\\/\\\/www.instagram.com\\\/villasmilhfoto\\\/\",\"https:\\\/\\\/x.com\\\/https:\\\/\\\/twitter.com\\\/villasmilhfoto\"],\"url\":\"https:\\\/\\\/digital58.com.ve\\\/site\\\/author\\\/droopy_68\\\/\"}]}<\/script>\n<!-- \/ Yoast SEO plugin. -->","yoast_head_json":{"title":"#Zulia | Presentan libro \u00abCr\u00f3nicas de San Francisco\u00bb escrito por el profesor Julio Fern\u00e1ndez","description":"Artes","robots":{"index":"index","follow":"follow","max-snippet":"max-snippet:-1","max-image-preview":"max-image-preview:large","max-video-preview":"max-video-preview:-1"},"canonical":"https:\/\/digital58.com.ve\/site\/2022\/03\/20\/zulia-presentan-libro-cronicas-de-san-francisco-escrito-por-el-profesor-julio-fernandez\/","og_locale":"es_ES","og_type":"article","og_title":"#Zulia | Presentan libro \u00abCr\u00f3nicas de San Francisco\u00bb escrito por el profesor Julio Fern\u00e1ndez","og_description":"Artes","og_url":"https:\/\/digital58.com.ve\/site\/2022\/03\/20\/zulia-presentan-libro-cronicas-de-san-francisco-escrito-por-el-profesor-julio-fernandez\/","og_site_name":"Noticias Digital58","article_published_time":"2022-03-21T03:39:33+00:00","og_image":[{"width":900,"height":600,"url":"https:\/\/digital58.com.ve\/site\/wp-content\/uploads\/2022\/03\/libro-croniocas-de-san-francisco.jpg","type":"image\/jpeg"}],"author":"Villasmil Henry","twitter_card":"summary_large_image","twitter_creator":"@https:\/\/twitter.com\/villasmilhfoto","twitter_site":"@villasmilhfoto","twitter_misc":{"Escrito por":"Villasmil Henry","Tiempo estimado de lectura":"2 minutos"},"schema":{"@context":"https:\/\/schema.org","@graph":[{"@type":"Article","@id":"https:\/\/digital58.com.ve\/site\/2022\/03\/20\/zulia-presentan-libro-cronicas-de-san-francisco-escrito-por-el-profesor-julio-fernandez\/#article","isPartOf":{"@id":"https:\/\/digital58.com.ve\/site\/2022\/03\/20\/zulia-presentan-libro-cronicas-de-san-francisco-escrito-por-el-profesor-julio-fernandez\/"},"author":{"name":"Villasmil Henry","@id":"https:\/\/digital58.com.ve\/site\/#\/schema\/person\/64d1c2e4d0d4fd1b849980c4331c2951"},"headline":"#Zulia | Presentan libro \u00abCr\u00f3nicas de San Francisco\u00bb escrito por el profesor Julio Fern\u00e1ndez","datePublished":"2022-03-21T03:39:33+00:00","mainEntityOfPage":{"@id":"https:\/\/digital58.com.ve\/site\/2022\/03\/20\/zulia-presentan-libro-cronicas-de-san-francisco-escrito-por-el-profesor-julio-fernandez\/"},"wordCount":417,"commentCount":0,"publisher":{"@id":"https:\/\/digital58.com.ve\/site\/#\/schema\/person\/64d1c2e4d0d4fd1b849980c4331c2951"},"image":{"@id":"https:\/\/digital58.com.ve\/site\/2022\/03\/20\/zulia-presentan-libro-cronicas-de-san-francisco-escrito-por-el-profesor-julio-fernandez\/#primaryimage"},"thumbnailUrl":"https:\/\/digital58.com.ve\/site\/wp-content\/uploads\/2022\/03\/libro-croniocas-de-san-francisco.jpg","keywords":["Alcald\u00eda de San Francisco","Gustavo Fern\u00e1ndez","Historiadores","Judith Aular","Julio Fern\u00e1ndez","Libro Cr\u00f3nicas de San Francisco","Libros","LUZ","Mucipio San Francisco","Municipio San Francisco","Nacionales","Regionales","Venezuela","Zulia"],"articleSection":["Artes","Literatura"],"inLanguage":"es","potentialAction":[{"@type":"CommentAction","name":"Comment","target":["https:\/\/digital58.com.ve\/site\/2022\/03\/20\/zulia-presentan-libro-cronicas-de-san-francisco-escrito-por-el-profesor-julio-fernandez\/#respond"]}]},{"@type":"WebPage","@id":"https:\/\/digital58.com.ve\/site\/2022\/03\/20\/zulia-presentan-libro-cronicas-de-san-francisco-escrito-por-el-profesor-julio-fernandez\/","url":"https:\/\/digital58.com.ve\/site\/2022\/03\/20\/zulia-presentan-libro-cronicas-de-san-francisco-escrito-por-el-profesor-julio-fernandez\/","name":"#Zulia | Presentan libro \u00abCr\u00f3nicas de San Francisco\u00bb escrito por el profesor Julio Fern\u00e1ndez","isPartOf":{"@id":"https:\/\/digital58.com.ve\/site\/#website"},"primaryImageOfPage":{"@id":"https:\/\/digital58.com.ve\/site\/2022\/03\/20\/zulia-presentan-libro-cronicas-de-san-francisco-escrito-por-el-profesor-julio-fernandez\/#primaryimage"},"image":{"@id":"https:\/\/digital58.com.ve\/site\/2022\/03\/20\/zulia-presentan-libro-cronicas-de-san-francisco-escrito-por-el-profesor-julio-fernandez\/#primaryimage"},"thumbnailUrl":"https:\/\/digital58.com.ve\/site\/wp-content\/uploads\/2022\/03\/libro-croniocas-de-san-francisco.jpg","datePublished":"2022-03-21T03:39:33+00:00","description":"Artes","breadcrumb":{"@id":"https:\/\/digital58.com.ve\/site\/2022\/03\/20\/zulia-presentan-libro-cronicas-de-san-francisco-escrito-por-el-profesor-julio-fernandez\/#breadcrumb"},"inLanguage":"es","potentialAction":[{"@type":"ReadAction","target":["https:\/\/digital58.com.ve\/site\/2022\/03\/20\/zulia-presentan-libro-cronicas-de-san-francisco-escrito-por-el-profesor-julio-fernandez\/"]}]},{"@type":"ImageObject","inLanguage":"es","@id":"https:\/\/digital58.com.ve\/site\/2022\/03\/20\/zulia-presentan-libro-cronicas-de-san-francisco-escrito-por-el-profesor-julio-fernandez\/#primaryimage","url":"https:\/\/digital58.com.ve\/site\/wp-content\/uploads\/2022\/03\/libro-croniocas-de-san-francisco.jpg","contentUrl":"https:\/\/digital58.com.ve\/site\/wp-content\/uploads\/2022\/03\/libro-croniocas-de-san-francisco.jpg","width":900,"height":600},{"@type":"BreadcrumbList","@id":"https:\/\/digital58.com.ve\/site\/2022\/03\/20\/zulia-presentan-libro-cronicas-de-san-francisco-escrito-por-el-profesor-julio-fernandez\/#breadcrumb","itemListElement":[{"@type":"ListItem","position":1,"name":"Home","item":"https:\/\/digital58.com.ve\/site\/"},{"@type":"ListItem","position":2,"name":"#Zulia | Presentan libro \u00abCr\u00f3nicas de San Francisco\u00bb escrito por el profesor Julio Fern\u00e1ndez"}]},{"@type":"WebSite","@id":"https:\/\/digital58.com.ve\/site\/#website","url":"https:\/\/digital58.com.ve\/site\/","name":"Noticias Digital58","description":"Portal de Noticias \u00a1Periodismo web de verdad! Lanzamiento web 22.11.2005 \/ Maracaibo, Venezuela","publisher":{"@id":"https:\/\/digital58.com.ve\/site\/#\/schema\/person\/64d1c2e4d0d4fd1b849980c4331c2951"},"alternateName":"ND58","potentialAction":[{"@type":"SearchAction","target":{"@type":"EntryPoint","urlTemplate":"https:\/\/digital58.com.ve\/site\/?s={search_term_string}"},"query-input":{"@type":"PropertyValueSpecification","valueRequired":true,"valueName":"search_term_string"}}],"inLanguage":"es"},{"@type":["Person","Organization"],"@id":"https:\/\/digital58.com.ve\/site\/#\/schema\/person\/64d1c2e4d0d4fd1b849980c4331c2951","name":"Villasmil Henry","image":{"@type":"ImageObject","inLanguage":"es","@id":"https:\/\/secure.gravatar.com\/avatar\/bb0c4a2fcb7970138239f7e404ea75757b1b507b28b5ce4c53fbd62d797c5a7c?s=96&d=mm&r=g","url":"https:\/\/secure.gravatar.com\/avatar\/bb0c4a2fcb7970138239f7e404ea75757b1b507b28b5ce4c53fbd62d797c5a7c?s=96&d=mm&r=g","contentUrl":"https:\/\/secure.gravatar.com\/avatar\/bb0c4a2fcb7970138239f7e404ea75757b1b507b28b5ce4c53fbd62d797c5a7c?s=96&d=mm&r=g","caption":"Villasmil Henry"},"logo":{"@id":"https:\/\/secure.gravatar.com\/avatar\/bb0c4a2fcb7970138239f7e404ea75757b1b507b28b5ce4c53fbd62d797c5a7c?s=96&d=mm&r=g"},"sameAs":["http:\/\/www.henryvillasmil.com.ve","https:\/\/www.instagram.com\/villasmilhfoto\/","https:\/\/x.com\/https:\/\/twitter.com\/villasmilhfoto"],"url":"https:\/\/digital58.com.ve\/site\/author\/droopy_68\/"}]}},"uagb_featured_image_src":{"full":["https:\/\/digital58.com.ve\/site\/wp-content\/uploads\/2022\/03\/libro-croniocas-de-san-francisco.jpg",900,600,false],"thumbnail":["https:\/\/digital58.com.ve\/site\/wp-content\/uploads\/2022\/03\/libro-croniocas-de-san-francisco-150x150.jpg",150,150,true],"medium":["https:\/\/digital58.com.ve\/site\/wp-content\/uploads\/2022\/03\/libro-croniocas-de-san-francisco-300x200.jpg",300,200,true],"medium_large":["https:\/\/digital58.com.ve\/site\/wp-content\/uploads\/2022\/03\/libro-croniocas-de-san-francisco-768x512.jpg",768,512,true],"large":["https:\/\/digital58.com.ve\/site\/wp-content\/uploads\/2022\/03\/libro-croniocas-de-san-francisco.jpg",800,533,false],"1536x1536":["https:\/\/digital58.com.ve\/site\/wp-content\/uploads\/2022\/03\/libro-croniocas-de-san-francisco.jpg",900,600,false],"2048x2048":["https:\/\/digital58.com.ve\/site\/wp-content\/uploads\/2022\/03\/libro-croniocas-de-san-francisco.jpg",900,600,false],"colormag-highlighted-post":["https:\/\/digital58.com.ve\/site\/wp-content\/uploads\/2022\/03\/libro-croniocas-de-san-francisco.jpg",392,261,false],"colormag-featured-post-medium":["https:\/\/digital58.com.ve\/site\/wp-content\/uploads\/2022\/03\/libro-croniocas-de-san-francisco.jpg",308,205,false],"colormag-featured-post-small":["https:\/\/digital58.com.ve\/site\/wp-content\/uploads\/2022\/03\/libro-croniocas-de-san-francisco.jpg",130,87,false],"colormag-featured-image":["https:\/\/digital58.com.ve\/site\/wp-content\/uploads\/2022\/03\/libro-croniocas-de-san-francisco.jpg",668,445,false],"colormag-default-news":["https:\/\/digital58.com.ve\/site\/wp-content\/uploads\/2022\/03\/libro-croniocas-de-san-francisco.jpg",150,100,false],"colormag-featured-image-large":["https:\/\/digital58.com.ve\/site\/wp-content\/uploads\/2022\/03\/libro-croniocas-de-san-francisco.jpg",900,600,false]},"uagb_author_info":{"display_name":"Villasmil Henry","author_link":"https:\/\/digital58.com.ve\/site\/author\/droopy_68\/"},"uagb_comment_info":0,"uagb_excerpt":"El bautizo del ejemplar impreso, estuvo a cargo del Presb\u00edtero Leonardo L\u00f3pez Quintero, quien afirm\u00f3 que \u00abes un honor para","_links":{"self":[{"href":"https:\/\/digital58.com.ve\/site\/wp-json\/wp\/v2\/posts\/150442","targetHints":{"allow":["GET"]}}],"collection":[{"href":"https:\/\/digital58.com.ve\/site\/wp-json\/wp\/v2\/posts"}],"about":[{"href":"https:\/\/digital58.com.ve\/site\/wp-json\/wp\/v2\/types\/post"}],"author":[{"embeddable":true,"href":"https:\/\/digital58.com.ve\/site\/wp-json\/wp\/v2\/users\/1"}],"replies":[{"embeddable":true,"href":"https:\/\/digital58.com.ve\/site\/wp-json\/wp\/v2\/comments?post=150442"}],"version-history":[{"count":0,"href":"https:\/\/digital58.com.ve\/site\/wp-json\/wp\/v2\/posts\/150442\/revisions"}],"wp:featuredmedia":[{"embeddable":true,"href":"https:\/\/digital58.com.ve\/site\/wp-json\/wp\/v2\/media\/150443"}],"wp:attachment":[{"href":"https:\/\/digital58.com.ve\/site\/wp-json\/wp\/v2\/media?parent=150442"}],"wp:term":[{"taxonomy":"category","embeddable":true,"href":"https:\/\/digital58.com.ve\/site\/wp-json\/wp\/v2\/categories?post=150442"},{"taxonomy":"post_tag","embeddable":true,"href":"https:\/\/digital58.com.ve\/site\/wp-json\/wp\/v2\/tags?post=150442"}],"curies":[{"name":"wp","href":"https:\/\/api.w.org\/{rel}","templated":true}]}}