{"id":150486,"date":"2022-03-21T11:16:37","date_gmt":"2022-03-21T15:16:37","guid":{"rendered":"https:\/\/digital58.com.ve\/site\/?p=150486"},"modified":"2022-03-21T11:16:37","modified_gmt":"2022-03-21T15:16:37","slug":"avion-con-132-personas-se-estrello-en-zona-montanosa-de-china","status":"publish","type":"post","link":"https:\/\/digital58.com.ve\/site\/2022\/03\/21\/avion-con-132-personas-se-estrello-en-zona-montanosa-de-china\/","title":{"rendered":"Avi\u00f3n con 132 personas se estrell\u00f3 en zona monta\u00f1osa de China"},"content":{"rendered":"<p><img loading=\"lazy\" decoding=\"async\" class=\"alignnone size-full wp-image-150487\" src=\"https:\/\/digital58.com.ve\/site\/wp-content\/uploads\/2022\/03\/avion-China-Eastern_1667243307_154161051_1200x675.jpg\" alt=\"\" width=\"1200\" height=\"675\" srcset=\"https:\/\/digital58.com.ve\/site\/wp-content\/uploads\/2022\/03\/avion-China-Eastern_1667243307_154161051_1200x675.jpg 1200w, https:\/\/digital58.com.ve\/site\/wp-content\/uploads\/2022\/03\/avion-China-Eastern_1667243307_154161051_1200x675-300x169.jpg 300w, https:\/\/digital58.com.ve\/site\/wp-content\/uploads\/2022\/03\/avion-China-Eastern_1667243307_154161051_1200x675-1000x563.jpg 1000w, https:\/\/digital58.com.ve\/site\/wp-content\/uploads\/2022\/03\/avion-China-Eastern_1667243307_154161051_1200x675-768x432.jpg 768w\" sizes=\"auto, (max-width: 1200px) 100vw, 1200px\" \/><\/p>\n<p>Un Boeing 737-800 de China Eastern se estrell\u00f3 hoy en la provincia meridional china de Guangxi con 132 personas a bordo en la peor cat\u00e1strofe a\u00e9rea civil registrada en el pa\u00eds asi\u00e1tico desde 2010.<\/p>\n<p><strong>Pek\u00edn, 21 marzo, 2022 (ND58).<\/strong>-El avi\u00f3n, que realizaba el trayecto entre las ciudades de Kunming (suroeste) y Cant\u00f3n (sureste) se estrell\u00f3 con 123 pasajeros y 9 miembros de la tripulaci\u00f3n a bordo, seg\u00fan la Administraci\u00f3n de Aviaci\u00f3n Civil de China (CAAC).<\/p>\n<blockquote class=\"twitter-tweet\">\n<p dir=\"ltr\" lang=\"es\">Un avi\u00f3n de pasajeros Boeing 737 operado por la aerol\u00ednea China Eastern Airlines se estrella el condado monta\u00f1oso de Teng, en la provincia sure\u00f1a de Guangxi, con 132 personas a bordo <a href=\"https:\/\/t.co\/wO465ub0VP\">https:\/\/t.co\/wO465ub0VP<\/a> <a href=\"https:\/\/t.co\/gW500A4N8F\">pic.twitter.com\/gW500A4N8F<\/a><\/p>\n<p>\u2014 EL MUNDO (@elmundoes) <a href=\"https:\/\/twitter.com\/elmundoes\/status\/1505873998793609217?ref_src=twsrc%5Etfw\">March 21, 2022<\/a><\/p><\/blockquote>\n<p>Tampoco hay informaci\u00f3n sobre lo que habr\u00eda provocado el accidente: \u00abLa precisa naturaleza del incidente permanece sin determinar\u00ab, inform\u00f3 CCTV sin dar m\u00e1s detalles.<\/p>\n<p>La \u00faltima tragedia a\u00e9rea de la que inform\u00f3 la aviaci\u00f3n china fue el 24 de agosto de 2010, cuando un vuelo de Henan Airlines se estrell\u00f3 en la ciudad de Yichun, en la provincia nororiental de Heilongjiang, causando la muerte de 44 personas.<\/p><div class=\"pwdqh69f1f036d0959\" ><p style=\"text-align: center;\"><a href=\"https:\/\/t.me\/noticiasdigital58\" target=\"_blank\" rel=\"noopener\"><img class=\"aligncenter size-full wp-image-125363\" src=\"https:\/\/digital58.com.ve\/site\/wp-content\/uploads\/2021\/04\/banner-telegram-web-2021.png\" alt=\"\" width=\"600\" height=\"90\" \/><\/a><\/p><\/div><style type=\"text\/css\">\r\n@media screen and (min-width: 1201px) {\r\n.pwdqh69f1f036d0959 {\r\ndisplay: block;\r\n}\r\n}\r\n@media screen and (min-width: 993px) and (max-width: 1200px) {\r\n.pwdqh69f1f036d0959 {\r\ndisplay: block;\r\n}\r\n}\r\n@media screen and (min-width: 769px) and (max-width: 992px) {\r\n.pwdqh69f1f036d0959 {\r\ndisplay: block;\r\n}\r\n}\r\n@media screen and (min-width: 768px) and (max-width: 768px) {\r\n.pwdqh69f1f036d0959 {\r\ndisplay: block;\r\n}\r\n}\r\n@media screen and (max-width: 767px) {\r\n.pwdqh69f1f036d0959 {\r\ndisplay: block;\r\n}\r\n}\r\n<\/style>\r\n\n<p><strong>Redacci\u00f3n ND58 | Fuente: EFE<\/strong><br \/>\n<strong>Edici\u00f3n: \u00c1\u00f1ez, Caren<\/strong><br \/>\n<strong>Gr\u00e1fica: Cortes\u00eda<\/strong><\/p>\n<div style=\"margin-top: 0px; margin-bottom: 0px;\" class=\"sharethis-inline-share-buttons\" ><\/div>","protected":false},"excerpt":{"rendered":"<p>Un Boeing 737-800 de China Eastern se estrell\u00f3 hoy en la provincia meridional china de Guangxi con 132 personas a<\/p>\n","protected":false},"author":39,"featured_media":150488,"comment_status":"open","ping_status":"closed","sticky":false,"template":"","format":"standard","meta":{"colormag_page_container_layout":"default_layout","colormag_page_sidebar_layout":"default_layout","_uag_custom_page_level_css":"","footnotes":""},"categories":[16451],"tags":[6365,13175,5928,27847,27849,1793,27846,27848,1034,6831],"class_list":["post-150486","post","type-post","status-publish","format-standard","has-post-thumbnail","hentry","category-mundo","tag-accidente","tag-accidente-aereo","tag-avion","tag-boeing-737-800","tag-canton","tag-china","tag-china-eastern","tag-kunming","tag-mundo","tag-pekin"],"yoast_head":"<!-- This site is optimized with the Yoast SEO plugin v27.5 - https:\/\/yoast.com\/product\/yoast-seo-wordpress\/ -->\n<title>Avi\u00f3n con 132 personas se estrell\u00f3 en zona monta\u00f1osa de China<\/title>\n<meta name=\"description\" content=\"Mundo\" \/>\n<meta name=\"robots\" content=\"index, follow, max-snippet:-1, max-image-preview:large, max-video-preview:-1\" \/>\n<link rel=\"canonical\" href=\"https:\/\/digital58.com.ve\/site\/2022\/03\/21\/avion-con-132-personas-se-estrello-en-zona-montanosa-de-china\/\" \/>\n<meta property=\"og:locale\" content=\"es_ES\" \/>\n<meta property=\"og:type\" content=\"article\" \/>\n<meta property=\"og:title\" content=\"Avi\u00f3n con 132 personas se estrell\u00f3 en zona monta\u00f1osa de China\" \/>\n<meta property=\"og:description\" content=\"Mundo\" \/>\n<meta property=\"og:url\" content=\"https:\/\/digital58.com.ve\/site\/2022\/03\/21\/avion-con-132-personas-se-estrello-en-zona-montanosa-de-china\/\" \/>\n<meta property=\"og:site_name\" content=\"Noticias Digital58\" \/>\n<meta property=\"article:published_time\" content=\"2022-03-21T15:16:37+00:00\" \/>\n<meta property=\"og:image\" content=\"https:\/\/digital58.com.ve\/site\/wp-content\/uploads\/2022\/03\/123781119_gettyimages-1076533938.jpg\" \/>\n\t<meta property=\"og:image:width\" content=\"640\" \/>\n\t<meta property=\"og:image:height\" content=\"360\" \/>\n\t<meta property=\"og:image:type\" content=\"image\/jpeg\" \/>\n<meta name=\"author\" content=\"Caren A\u00f1ez\" \/>\n<meta name=\"twitter:card\" content=\"summary_large_image\" \/>\n<meta name=\"twitter:creator\" content=\"@carenanez\" \/>\n<meta name=\"twitter:site\" content=\"@villasmilhfoto\" \/>\n<meta name=\"twitter:label1\" content=\"Escrito por\" \/>\n\t<meta name=\"twitter:data1\" content=\"Caren A\u00f1ez\" \/>\n\t<meta name=\"twitter:label2\" content=\"Tiempo estimado de lectura\" \/>\n\t<meta name=\"twitter:data2\" content=\"2 minutos\" \/>\n<script type=\"application\/ld+json\" class=\"yoast-schema-graph\">{\"@context\":\"https:\\\/\\\/schema.org\",\"@graph\":[{\"@type\":\"Article\",\"@id\":\"https:\\\/\\\/digital58.com.ve\\\/site\\\/2022\\\/03\\\/21\\\/avion-con-132-personas-se-estrello-en-zona-montanosa-de-china\\\/#article\",\"isPartOf\":{\"@id\":\"https:\\\/\\\/digital58.com.ve\\\/site\\\/2022\\\/03\\\/21\\\/avion-con-132-personas-se-estrello-en-zona-montanosa-de-china\\\/\"},\"author\":{\"name\":\"Caren A\u00f1ez\",\"@id\":\"https:\\\/\\\/digital58.com.ve\\\/site\\\/#\\\/schema\\\/person\\\/38596b127602deaa13fbcd7585635238\"},\"headline\":\"Avi\u00f3n con 132 personas se estrell\u00f3 en zona monta\u00f1osa de China\",\"datePublished\":\"2022-03-21T15:16:37+00:00\",\"mainEntityOfPage\":{\"@id\":\"https:\\\/\\\/digital58.com.ve\\\/site\\\/2022\\\/03\\\/21\\\/avion-con-132-personas-se-estrello-en-zona-montanosa-de-china\\\/\"},\"wordCount\":225,\"commentCount\":0,\"publisher\":{\"@id\":\"https:\\\/\\\/digital58.com.ve\\\/site\\\/#\\\/schema\\\/person\\\/64d1c2e4d0d4fd1b849980c4331c2951\"},\"image\":{\"@id\":\"https:\\\/\\\/digital58.com.ve\\\/site\\\/2022\\\/03\\\/21\\\/avion-con-132-personas-se-estrello-en-zona-montanosa-de-china\\\/#primaryimage\"},\"thumbnailUrl\":\"https:\\\/\\\/digital58.com.ve\\\/site\\\/wp-content\\\/uploads\\\/2022\\\/03\\\/123781119_gettyimages-1076533938.jpg\",\"keywords\":[\"Accidente\",\"Accidente A\u00e9reo\",\"avi\u00f3n\",\"Boeing 737-800\",\"Cant\u00f3n\",\"China\",\"China Eastern\",\"Kunming\",\"Mundo\",\"Pek\u00edn\"],\"articleSection\":[\"Mundo\"],\"inLanguage\":\"es\",\"potentialAction\":[{\"@type\":\"CommentAction\",\"name\":\"Comment\",\"target\":[\"https:\\\/\\\/digital58.com.ve\\\/site\\\/2022\\\/03\\\/21\\\/avion-con-132-personas-se-estrello-en-zona-montanosa-de-china\\\/#respond\"]}]},{\"@type\":\"WebPage\",\"@id\":\"https:\\\/\\\/digital58.com.ve\\\/site\\\/2022\\\/03\\\/21\\\/avion-con-132-personas-se-estrello-en-zona-montanosa-de-china\\\/\",\"url\":\"https:\\\/\\\/digital58.com.ve\\\/site\\\/2022\\\/03\\\/21\\\/avion-con-132-personas-se-estrello-en-zona-montanosa-de-china\\\/\",\"name\":\"Avi\u00f3n con 132 personas se estrell\u00f3 en zona monta\u00f1osa de China\",\"isPartOf\":{\"@id\":\"https:\\\/\\\/digital58.com.ve\\\/site\\\/#website\"},\"primaryImageOfPage\":{\"@id\":\"https:\\\/\\\/digital58.com.ve\\\/site\\\/2022\\\/03\\\/21\\\/avion-con-132-personas-se-estrello-en-zona-montanosa-de-china\\\/#primaryimage\"},\"image\":{\"@id\":\"https:\\\/\\\/digital58.com.ve\\\/site\\\/2022\\\/03\\\/21\\\/avion-con-132-personas-se-estrello-en-zona-montanosa-de-china\\\/#primaryimage\"},\"thumbnailUrl\":\"https:\\\/\\\/digital58.com.ve\\\/site\\\/wp-content\\\/uploads\\\/2022\\\/03\\\/123781119_gettyimages-1076533938.jpg\",\"datePublished\":\"2022-03-21T15:16:37+00:00\",\"description\":\"Mundo\",\"breadcrumb\":{\"@id\":\"https:\\\/\\\/digital58.com.ve\\\/site\\\/2022\\\/03\\\/21\\\/avion-con-132-personas-se-estrello-en-zona-montanosa-de-china\\\/#breadcrumb\"},\"inLanguage\":\"es\",\"potentialAction\":[{\"@type\":\"ReadAction\",\"target\":[\"https:\\\/\\\/digital58.com.ve\\\/site\\\/2022\\\/03\\\/21\\\/avion-con-132-personas-se-estrello-en-zona-montanosa-de-china\\\/\"]}]},{\"@type\":\"ImageObject\",\"inLanguage\":\"es\",\"@id\":\"https:\\\/\\\/digital58.com.ve\\\/site\\\/2022\\\/03\\\/21\\\/avion-con-132-personas-se-estrello-en-zona-montanosa-de-china\\\/#primaryimage\",\"url\":\"https:\\\/\\\/digital58.com.ve\\\/site\\\/wp-content\\\/uploads\\\/2022\\\/03\\\/123781119_gettyimages-1076533938.jpg\",\"contentUrl\":\"https:\\\/\\\/digital58.com.ve\\\/site\\\/wp-content\\\/uploads\\\/2022\\\/03\\\/123781119_gettyimages-1076533938.jpg\",\"width\":640,\"height\":360},{\"@type\":\"BreadcrumbList\",\"@id\":\"https:\\\/\\\/digital58.com.ve\\\/site\\\/2022\\\/03\\\/21\\\/avion-con-132-personas-se-estrello-en-zona-montanosa-de-china\\\/#breadcrumb\",\"itemListElement\":[{\"@type\":\"ListItem\",\"position\":1,\"name\":\"Home\",\"item\":\"https:\\\/\\\/digital58.com.ve\\\/site\\\/\"},{\"@type\":\"ListItem\",\"position\":2,\"name\":\"Avi\u00f3n con 132 personas se estrell\u00f3 en zona monta\u00f1osa de China\"}]},{\"@type\":\"WebSite\",\"@id\":\"https:\\\/\\\/digital58.com.ve\\\/site\\\/#website\",\"url\":\"https:\\\/\\\/digital58.com.ve\\\/site\\\/\",\"name\":\"Noticias Digital58\",\"description\":\"Portal de Noticias \u00a1Periodismo web de verdad! Lanzamiento web 22.11.2005 \\\/ Maracaibo, Venezuela\",\"publisher\":{\"@id\":\"https:\\\/\\\/digital58.com.ve\\\/site\\\/#\\\/schema\\\/person\\\/64d1c2e4d0d4fd1b849980c4331c2951\"},\"alternateName\":\"ND58\",\"potentialAction\":[{\"@type\":\"SearchAction\",\"target\":{\"@type\":\"EntryPoint\",\"urlTemplate\":\"https:\\\/\\\/digital58.com.ve\\\/site\\\/?s={search_term_string}\"},\"query-input\":{\"@type\":\"PropertyValueSpecification\",\"valueRequired\":true,\"valueName\":\"search_term_string\"}}],\"inLanguage\":\"es\"},{\"@type\":[\"Person\",\"Organization\"],\"@id\":\"https:\\\/\\\/digital58.com.ve\\\/site\\\/#\\\/schema\\\/person\\\/64d1c2e4d0d4fd1b849980c4331c2951\",\"name\":\"Villasmil Henry\",\"image\":{\"@type\":\"ImageObject\",\"inLanguage\":\"es\",\"@id\":\"https:\\\/\\\/secure.gravatar.com\\\/avatar\\\/bb0c4a2fcb7970138239f7e404ea75757b1b507b28b5ce4c53fbd62d797c5a7c?s=96&d=mm&r=g\",\"url\":\"https:\\\/\\\/secure.gravatar.com\\\/avatar\\\/bb0c4a2fcb7970138239f7e404ea75757b1b507b28b5ce4c53fbd62d797c5a7c?s=96&d=mm&r=g\",\"contentUrl\":\"https:\\\/\\\/secure.gravatar.com\\\/avatar\\\/bb0c4a2fcb7970138239f7e404ea75757b1b507b28b5ce4c53fbd62d797c5a7c?s=96&d=mm&r=g\",\"caption\":\"Villasmil Henry\"},\"logo\":{\"@id\":\"https:\\\/\\\/secure.gravatar.com\\\/avatar\\\/bb0c4a2fcb7970138239f7e404ea75757b1b507b28b5ce4c53fbd62d797c5a7c?s=96&d=mm&r=g\"},\"sameAs\":[\"http:\\\/\\\/www.henryvillasmil.com.ve\",\"https:\\\/\\\/www.instagram.com\\\/villasmilhfoto\\\/\",\"https:\\\/\\\/x.com\\\/https:\\\/\\\/twitter.com\\\/villasmilhfoto\"]},{\"@type\":\"Person\",\"@id\":\"https:\\\/\\\/digital58.com.ve\\\/site\\\/#\\\/schema\\\/person\\\/38596b127602deaa13fbcd7585635238\",\"name\":\"Caren A\u00f1ez\",\"image\":{\"@type\":\"ImageObject\",\"inLanguage\":\"es\",\"@id\":\"https:\\\/\\\/secure.gravatar.com\\\/avatar\\\/53aadd693aa414991c9ff2f2b19c39be94d2c342463b80f5402d344911bc9782?s=96&d=mm&r=g\",\"url\":\"https:\\\/\\\/secure.gravatar.com\\\/avatar\\\/53aadd693aa414991c9ff2f2b19c39be94d2c342463b80f5402d344911bc9782?s=96&d=mm&r=g\",\"contentUrl\":\"https:\\\/\\\/secure.gravatar.com\\\/avatar\\\/53aadd693aa414991c9ff2f2b19c39be94d2c342463b80f5402d344911bc9782?s=96&d=mm&r=g\",\"caption\":\"Caren A\u00f1ez\"},\"description\":\"\ud83d\udc69\u200d\ud83c\udfa4Editora en @digital_58 \ud83d\udc69\ud83c\udffb\u200d\ud83c\udfebPeriodista musical y de entretenimiento. \ud83d\udcf8Fotografa \ud83d\udc69\ud83c\udffb\u200d\ud83d\udcbbMedia Management. \ud83d\udc69\u200d\ud83d\udc67\u200d\ud83d\udc67AspieMon 24\\\/7\",\"sameAs\":[\"https:\\\/\\\/www.instagram.com\\\/carenanez\\\/\",\"https:\\\/\\\/x.com\\\/carenanez\"],\"url\":\"https:\\\/\\\/digital58.com.ve\\\/site\\\/author\\\/carena21\\\/\"}]}<\/script>\n<!-- \/ Yoast SEO plugin. -->","yoast_head_json":{"title":"Avi\u00f3n con 132 personas se estrell\u00f3 en zona monta\u00f1osa de China","description":"Mundo","robots":{"index":"index","follow":"follow","max-snippet":"max-snippet:-1","max-image-preview":"max-image-preview:large","max-video-preview":"max-video-preview:-1"},"canonical":"https:\/\/digital58.com.ve\/site\/2022\/03\/21\/avion-con-132-personas-se-estrello-en-zona-montanosa-de-china\/","og_locale":"es_ES","og_type":"article","og_title":"Avi\u00f3n con 132 personas se estrell\u00f3 en zona monta\u00f1osa de China","og_description":"Mundo","og_url":"https:\/\/digital58.com.ve\/site\/2022\/03\/21\/avion-con-132-personas-se-estrello-en-zona-montanosa-de-china\/","og_site_name":"Noticias Digital58","article_published_time":"2022-03-21T15:16:37+00:00","og_image":[{"width":640,"height":360,"url":"https:\/\/digital58.com.ve\/site\/wp-content\/uploads\/2022\/03\/123781119_gettyimages-1076533938.jpg","type":"image\/jpeg"}],"author":"Caren A\u00f1ez","twitter_card":"summary_large_image","twitter_creator":"@carenanez","twitter_site":"@villasmilhfoto","twitter_misc":{"Escrito por":"Caren A\u00f1ez","Tiempo estimado de lectura":"2 minutos"},"schema":{"@context":"https:\/\/schema.org","@graph":[{"@type":"Article","@id":"https:\/\/digital58.com.ve\/site\/2022\/03\/21\/avion-con-132-personas-se-estrello-en-zona-montanosa-de-china\/#article","isPartOf":{"@id":"https:\/\/digital58.com.ve\/site\/2022\/03\/21\/avion-con-132-personas-se-estrello-en-zona-montanosa-de-china\/"},"author":{"name":"Caren A\u00f1ez","@id":"https:\/\/digital58.com.ve\/site\/#\/schema\/person\/38596b127602deaa13fbcd7585635238"},"headline":"Avi\u00f3n con 132 personas se estrell\u00f3 en zona monta\u00f1osa de China","datePublished":"2022-03-21T15:16:37+00:00","mainEntityOfPage":{"@id":"https:\/\/digital58.com.ve\/site\/2022\/03\/21\/avion-con-132-personas-se-estrello-en-zona-montanosa-de-china\/"},"wordCount":225,"commentCount":0,"publisher":{"@id":"https:\/\/digital58.com.ve\/site\/#\/schema\/person\/64d1c2e4d0d4fd1b849980c4331c2951"},"image":{"@id":"https:\/\/digital58.com.ve\/site\/2022\/03\/21\/avion-con-132-personas-se-estrello-en-zona-montanosa-de-china\/#primaryimage"},"thumbnailUrl":"https:\/\/digital58.com.ve\/site\/wp-content\/uploads\/2022\/03\/123781119_gettyimages-1076533938.jpg","keywords":["Accidente","Accidente A\u00e9reo","avi\u00f3n","Boeing 737-800","Cant\u00f3n","China","China Eastern","Kunming","Mundo","Pek\u00edn"],"articleSection":["Mundo"],"inLanguage":"es","potentialAction":[{"@type":"CommentAction","name":"Comment","target":["https:\/\/digital58.com.ve\/site\/2022\/03\/21\/avion-con-132-personas-se-estrello-en-zona-montanosa-de-china\/#respond"]}]},{"@type":"WebPage","@id":"https:\/\/digital58.com.ve\/site\/2022\/03\/21\/avion-con-132-personas-se-estrello-en-zona-montanosa-de-china\/","url":"https:\/\/digital58.com.ve\/site\/2022\/03\/21\/avion-con-132-personas-se-estrello-en-zona-montanosa-de-china\/","name":"Avi\u00f3n con 132 personas se estrell\u00f3 en zona monta\u00f1osa de China","isPartOf":{"@id":"https:\/\/digital58.com.ve\/site\/#website"},"primaryImageOfPage":{"@id":"https:\/\/digital58.com.ve\/site\/2022\/03\/21\/avion-con-132-personas-se-estrello-en-zona-montanosa-de-china\/#primaryimage"},"image":{"@id":"https:\/\/digital58.com.ve\/site\/2022\/03\/21\/avion-con-132-personas-se-estrello-en-zona-montanosa-de-china\/#primaryimage"},"thumbnailUrl":"https:\/\/digital58.com.ve\/site\/wp-content\/uploads\/2022\/03\/123781119_gettyimages-1076533938.jpg","datePublished":"2022-03-21T15:16:37+00:00","description":"Mundo","breadcrumb":{"@id":"https:\/\/digital58.com.ve\/site\/2022\/03\/21\/avion-con-132-personas-se-estrello-en-zona-montanosa-de-china\/#breadcrumb"},"inLanguage":"es","potentialAction":[{"@type":"ReadAction","target":["https:\/\/digital58.com.ve\/site\/2022\/03\/21\/avion-con-132-personas-se-estrello-en-zona-montanosa-de-china\/"]}]},{"@type":"ImageObject","inLanguage":"es","@id":"https:\/\/digital58.com.ve\/site\/2022\/03\/21\/avion-con-132-personas-se-estrello-en-zona-montanosa-de-china\/#primaryimage","url":"https:\/\/digital58.com.ve\/site\/wp-content\/uploads\/2022\/03\/123781119_gettyimages-1076533938.jpg","contentUrl":"https:\/\/digital58.com.ve\/site\/wp-content\/uploads\/2022\/03\/123781119_gettyimages-1076533938.jpg","width":640,"height":360},{"@type":"BreadcrumbList","@id":"https:\/\/digital58.com.ve\/site\/2022\/03\/21\/avion-con-132-personas-se-estrello-en-zona-montanosa-de-china\/#breadcrumb","itemListElement":[{"@type":"ListItem","position":1,"name":"Home","item":"https:\/\/digital58.com.ve\/site\/"},{"@type":"ListItem","position":2,"name":"Avi\u00f3n con 132 personas se estrell\u00f3 en zona monta\u00f1osa de China"}]},{"@type":"WebSite","@id":"https:\/\/digital58.com.ve\/site\/#website","url":"https:\/\/digital58.com.ve\/site\/","name":"Noticias Digital58","description":"Portal de Noticias \u00a1Periodismo web de verdad! Lanzamiento web 22.11.2005 \/ Maracaibo, Venezuela","publisher":{"@id":"https:\/\/digital58.com.ve\/site\/#\/schema\/person\/64d1c2e4d0d4fd1b849980c4331c2951"},"alternateName":"ND58","potentialAction":[{"@type":"SearchAction","target":{"@type":"EntryPoint","urlTemplate":"https:\/\/digital58.com.ve\/site\/?s={search_term_string}"},"query-input":{"@type":"PropertyValueSpecification","valueRequired":true,"valueName":"search_term_string"}}],"inLanguage":"es"},{"@type":["Person","Organization"],"@id":"https:\/\/digital58.com.ve\/site\/#\/schema\/person\/64d1c2e4d0d4fd1b849980c4331c2951","name":"Villasmil Henry","image":{"@type":"ImageObject","inLanguage":"es","@id":"https:\/\/secure.gravatar.com\/avatar\/bb0c4a2fcb7970138239f7e404ea75757b1b507b28b5ce4c53fbd62d797c5a7c?s=96&d=mm&r=g","url":"https:\/\/secure.gravatar.com\/avatar\/bb0c4a2fcb7970138239f7e404ea75757b1b507b28b5ce4c53fbd62d797c5a7c?s=96&d=mm&r=g","contentUrl":"https:\/\/secure.gravatar.com\/avatar\/bb0c4a2fcb7970138239f7e404ea75757b1b507b28b5ce4c53fbd62d797c5a7c?s=96&d=mm&r=g","caption":"Villasmil Henry"},"logo":{"@id":"https:\/\/secure.gravatar.com\/avatar\/bb0c4a2fcb7970138239f7e404ea75757b1b507b28b5ce4c53fbd62d797c5a7c?s=96&d=mm&r=g"},"sameAs":["http:\/\/www.henryvillasmil.com.ve","https:\/\/www.instagram.com\/villasmilhfoto\/","https:\/\/x.com\/https:\/\/twitter.com\/villasmilhfoto"]},{"@type":"Person","@id":"https:\/\/digital58.com.ve\/site\/#\/schema\/person\/38596b127602deaa13fbcd7585635238","name":"Caren A\u00f1ez","image":{"@type":"ImageObject","inLanguage":"es","@id":"https:\/\/secure.gravatar.com\/avatar\/53aadd693aa414991c9ff2f2b19c39be94d2c342463b80f5402d344911bc9782?s=96&d=mm&r=g","url":"https:\/\/secure.gravatar.com\/avatar\/53aadd693aa414991c9ff2f2b19c39be94d2c342463b80f5402d344911bc9782?s=96&d=mm&r=g","contentUrl":"https:\/\/secure.gravatar.com\/avatar\/53aadd693aa414991c9ff2f2b19c39be94d2c342463b80f5402d344911bc9782?s=96&d=mm&r=g","caption":"Caren A\u00f1ez"},"description":"\ud83d\udc69\u200d\ud83c\udfa4Editora en @digital_58 \ud83d\udc69\ud83c\udffb\u200d\ud83c\udfebPeriodista musical y de entretenimiento. \ud83d\udcf8Fotografa \ud83d\udc69\ud83c\udffb\u200d\ud83d\udcbbMedia Management. \ud83d\udc69\u200d\ud83d\udc67\u200d\ud83d\udc67AspieMon 24\/7","sameAs":["https:\/\/www.instagram.com\/carenanez\/","https:\/\/x.com\/carenanez"],"url":"https:\/\/digital58.com.ve\/site\/author\/carena21\/"}]}},"uagb_featured_image_src":{"full":["https:\/\/digital58.com.ve\/site\/wp-content\/uploads\/2022\/03\/123781119_gettyimages-1076533938.jpg",640,360,false],"thumbnail":["https:\/\/digital58.com.ve\/site\/wp-content\/uploads\/2022\/03\/123781119_gettyimages-1076533938-150x150.jpg",150,150,true],"medium":["https:\/\/digital58.com.ve\/site\/wp-content\/uploads\/2022\/03\/123781119_gettyimages-1076533938-300x169.jpg",300,169,true],"medium_large":["https:\/\/digital58.com.ve\/site\/wp-content\/uploads\/2022\/03\/123781119_gettyimages-1076533938.jpg",640,360,false],"large":["https:\/\/digital58.com.ve\/site\/wp-content\/uploads\/2022\/03\/123781119_gettyimages-1076533938.jpg",640,360,false],"1536x1536":["https:\/\/digital58.com.ve\/site\/wp-content\/uploads\/2022\/03\/123781119_gettyimages-1076533938.jpg",640,360,false],"2048x2048":["https:\/\/digital58.com.ve\/site\/wp-content\/uploads\/2022\/03\/123781119_gettyimages-1076533938.jpg",640,360,false],"colormag-highlighted-post":["https:\/\/digital58.com.ve\/site\/wp-content\/uploads\/2022\/03\/123781119_gettyimages-1076533938.jpg",392,221,false],"colormag-featured-post-medium":["https:\/\/digital58.com.ve\/site\/wp-content\/uploads\/2022\/03\/123781119_gettyimages-1076533938.jpg",364,205,false],"colormag-featured-post-small":["https:\/\/digital58.com.ve\/site\/wp-content\/uploads\/2022\/03\/123781119_gettyimages-1076533938.jpg",130,73,false],"colormag-featured-image":["https:\/\/digital58.com.ve\/site\/wp-content\/uploads\/2022\/03\/123781119_gettyimages-1076533938.jpg",640,360,false],"colormag-default-news":["https:\/\/digital58.com.ve\/site\/wp-content\/uploads\/2022\/03\/123781119_gettyimages-1076533938.jpg",150,84,false],"colormag-featured-image-large":["https:\/\/digital58.com.ve\/site\/wp-content\/uploads\/2022\/03\/123781119_gettyimages-1076533938.jpg",640,360,false]},"uagb_author_info":{"display_name":"Caren A\u00f1ez","author_link":"https:\/\/digital58.com.ve\/site\/author\/carena21\/"},"uagb_comment_info":0,"uagb_excerpt":"Un Boeing 737-800 de China Eastern se estrell\u00f3 hoy en la provincia meridional china de Guangxi con 132 personas a","_links":{"self":[{"href":"https:\/\/digital58.com.ve\/site\/wp-json\/wp\/v2\/posts\/150486","targetHints":{"allow":["GET"]}}],"collection":[{"href":"https:\/\/digital58.com.ve\/site\/wp-json\/wp\/v2\/posts"}],"about":[{"href":"https:\/\/digital58.com.ve\/site\/wp-json\/wp\/v2\/types\/post"}],"author":[{"embeddable":true,"href":"https:\/\/digital58.com.ve\/site\/wp-json\/wp\/v2\/users\/39"}],"replies":[{"embeddable":true,"href":"https:\/\/digital58.com.ve\/site\/wp-json\/wp\/v2\/comments?post=150486"}],"version-history":[{"count":0,"href":"https:\/\/digital58.com.ve\/site\/wp-json\/wp\/v2\/posts\/150486\/revisions"}],"wp:featuredmedia":[{"embeddable":true,"href":"https:\/\/digital58.com.ve\/site\/wp-json\/wp\/v2\/media\/150488"}],"wp:attachment":[{"href":"https:\/\/digital58.com.ve\/site\/wp-json\/wp\/v2\/media?parent=150486"}],"wp:term":[{"taxonomy":"category","embeddable":true,"href":"https:\/\/digital58.com.ve\/site\/wp-json\/wp\/v2\/categories?post=150486"},{"taxonomy":"post_tag","embeddable":true,"href":"https:\/\/digital58.com.ve\/site\/wp-json\/wp\/v2\/tags?post=150486"}],"curies":[{"name":"wp","href":"https:\/\/api.w.org\/{rel}","templated":true}]}}