{"id":150986,"date":"2022-03-31T23:25:51","date_gmt":"2022-04-01T03:25:51","guid":{"rendered":"https:\/\/digital58.com.ve\/site\/?p=150986"},"modified":"2022-03-31T23:25:51","modified_gmt":"2022-04-01T03:25:51","slug":"alcaldia-estrenara-el-plan-maracaibo-se-ilumina-para-alumbrar-sectores-y-conjuntos-residenciales-de-la-ciudad","status":"publish","type":"post","link":"https:\/\/digital58.com.ve\/site\/2022\/03\/31\/alcaldia-estrenara-el-plan-maracaibo-se-ilumina-para-alumbrar-sectores-y-conjuntos-residenciales-de-la-ciudad\/","title":{"rendered":"Alcald\u00eda estrenar\u00e1 el Plan Maracaibo se Ilumina para alumbrar sectores y conjuntos residenciales de la ciudad"},"content":{"rendered":"<p><a href=\"https:\/\/digital58.com.ve\/site\/wp-content\/uploads\/2022\/03\/photo_2022-03-31_23-22-24-e1648783380668.jpg\"><img loading=\"lazy\" decoding=\"async\" class=\"aligncenter size-full wp-image-150987\" src=\"https:\/\/digital58.com.ve\/site\/wp-content\/uploads\/2022\/03\/photo_2022-03-31_23-22-24-e1648783380668.jpg\" alt=\"\" width=\"900\" height=\"598\" \/><\/a><\/p>\n<p>El alcalde Rafael Ram\u00edrez Colina en su balance semanal anunci\u00f3 que esta semana entregar\u00e1 iluminado el sector Pomona.<\/p>\n<p><strong>Maracaibo, Zulia, Venezuela, 31 de marzo de 2022 (ND58).-<\/strong> La Alcald\u00eda de Maracaibo estrenar\u00e1 el Plan Maracaibo se Ilumina con el proyecto ALA (Alumbrado, Limpieza y Asfaltado) con el objetivo de avanzar con el alumbrado en los conjuntos residenciales y varios sectores de la ciudad.<\/p>\n<p>El anuncio lo hizo el alcalde de Maracaibo, Rafael Ram\u00edrez Colina, durante su balance semanal, quien precis\u00f3 que esta semana entregar\u00e1 la obra en el sector Pomona, la pr\u00f3xima semana El Pinar, ambas en Manuel Dagnino; y luego en el sector La P\u00edcola, en Juana de \u00c1vila.<\/p>\n<p>\u00abSon tres sectores que hemos arreglado con el proyecto ALA. Desde la 16 hasta la calle 45 en La P\u00edcola, donde ya se debe estar terminando de esta semana; ya hicimos los trabajos en la Pomona, que van desde la C1 (circunvalaci\u00f3n 1) hasta la C2 (circunvalaci\u00f3n 2), y en El Pinar\u00bb, detall\u00f3.<\/p>\n<p><strong>Postes inteligentes en el oeste<\/strong><\/p>\n<p>Por otro lado, adelant\u00f3 que, en los pr\u00f3ximos d\u00edas, se instalar\u00e1n 15 nuevos postes inteligentes tres de ellos en la plaza Bol\u00edvar de la Curva de Molina, en el oeste de Maracaibo.<\/p>\n<p>\u00abLa intenci\u00f3n es que eso sea un gran centro para que la gente pueda comunicarse\u00bb, explic\u00f3 Ram\u00edrez Colina.<\/p>\n<p><strong>Intervenciones quir\u00fargicas y Centro de Diagn\u00f3stico<\/strong><\/p>\n<p>La autoridad municipal tambi\u00e9n inform\u00f3 que la Alcald\u00eda de Maracaibo se sumar\u00e1 a las jornadas de intervenciones quir\u00fargicas ambulatorias como: cataratas, ves\u00edcula, y hernia (inguinal y umbilical).<\/p>\n<p>Asimismo, se\u00f1al\u00f3 tiene previsto la creaci\u00f3n de un Centro de Diagn\u00f3stico donde los maracaiberos puedan realizarse ex\u00e1menes como: tomograf\u00edas, ecogramas y resonancias magn\u00e9ticas a bajo costo.<\/p>\n<p><strong>Redacci\u00f3n ND58 | Fuente: Prensa Alcald\u00eda de Maracaibo<\/strong><br \/>\n<strong>Edici\u00f3n: Villasmil, Henry<\/strong><br \/>\n<strong>Gr\u00e1fica: Cortes\u00eda<\/strong><\/p><div class=\"dboki69ee02826ca99\" ><p style=\"text-align: center;\"><a href=\"https:\/\/t.me\/noticiasdigital58\" target=\"_blank\" rel=\"noopener\"><img class=\"aligncenter size-full wp-image-125363\" src=\"https:\/\/digital58.com.ve\/site\/wp-content\/uploads\/2021\/04\/banner-telegram-web-2021.png\" alt=\"\" width=\"600\" height=\"90\" \/><\/a><\/p><\/div><style type=\"text\/css\">\r\n@media screen and (min-width: 1201px) {\r\n.dboki69ee02826ca99 {\r\ndisplay: block;\r\n}\r\n}\r\n@media screen and (min-width: 993px) and (max-width: 1200px) {\r\n.dboki69ee02826ca99 {\r\ndisplay: block;\r\n}\r\n}\r\n@media screen and (min-width: 769px) and (max-width: 992px) {\r\n.dboki69ee02826ca99 {\r\ndisplay: block;\r\n}\r\n}\r\n@media screen and (min-width: 768px) and (max-width: 768px) {\r\n.dboki69ee02826ca99 {\r\ndisplay: block;\r\n}\r\n}\r\n@media screen and (max-width: 767px) {\r\n.dboki69ee02826ca99 {\r\ndisplay: block;\r\n}\r\n}\r\n<\/style>\r\n\n<p>&nbsp;<\/p>\n<div style=\"margin-top: 0px; margin-bottom: 0px;\" class=\"sharethis-inline-share-buttons\" ><\/div>","protected":false},"excerpt":{"rendered":"<p>El alcalde Rafael Ram\u00edrez Colina en su balance semanal anunci\u00f3 que esta semana entregar\u00e1 iluminado el sector Pomona. Maracaibo, Zulia,<\/p>\n","protected":false},"author":1,"featured_media":150987,"comment_status":"open","ping_status":"closed","sticky":false,"template":"","format":"standard","meta":{"colormag_page_container_layout":"default_layout","colormag_page_sidebar_layout":"default_layout","_uag_custom_page_level_css":"","footnotes":""},"categories":[14504],"tags":[290,657,73,27978,233,27979,13980,2354,21817,32],"class_list":["post-150986","post","type-post","status-publish","format-standard","has-post-thumbnail","hentry","category-zulia","tag-alcaldia-de-maracaibo","tag-gestion-publica","tag-maracaibo","tag-maracaibo-se-ilumina","tag-nacionales","tag-proyecto-ala","tag-rafael-ramirez-colina","tag-regionales","tag-sector-pomona","tag-venezuela"],"yoast_head":"<!-- This site is optimized with the Yoast SEO plugin v27.4 - https:\/\/yoast.com\/product\/yoast-seo-wordpress\/ -->\n<title>Alcald\u00eda estrenar\u00e1 el Plan Maracaibo se Ilumina para alumbrar sectores y conjuntos residenciales de la ciudad<\/title>\n<meta name=\"description\" content=\"Zulia\" \/>\n<meta name=\"robots\" content=\"index, follow, max-snippet:-1, max-image-preview:large, max-video-preview:-1\" \/>\n<link rel=\"canonical\" href=\"https:\/\/digital58.com.ve\/site\/2022\/03\/31\/alcaldia-estrenara-el-plan-maracaibo-se-ilumina-para-alumbrar-sectores-y-conjuntos-residenciales-de-la-ciudad\/\" \/>\n<meta property=\"og:locale\" content=\"es_ES\" \/>\n<meta property=\"og:type\" content=\"article\" \/>\n<meta property=\"og:title\" content=\"Alcald\u00eda estrenar\u00e1 el Plan Maracaibo se Ilumina para alumbrar sectores y conjuntos residenciales de la ciudad\" \/>\n<meta property=\"og:description\" content=\"Zulia\" \/>\n<meta property=\"og:url\" content=\"https:\/\/digital58.com.ve\/site\/2022\/03\/31\/alcaldia-estrenara-el-plan-maracaibo-se-ilumina-para-alumbrar-sectores-y-conjuntos-residenciales-de-la-ciudad\/\" \/>\n<meta property=\"og:site_name\" content=\"Noticias Digital58\" \/>\n<meta property=\"article:published_time\" content=\"2022-04-01T03:25:51+00:00\" \/>\n<meta property=\"og:image\" content=\"https:\/\/digital58.com.ve\/site\/wp-content\/uploads\/2022\/03\/photo_2022-03-31_23-22-24-e1648783380668.jpg\" \/>\n\t<meta property=\"og:image:width\" content=\"900\" \/>\n\t<meta property=\"og:image:height\" content=\"598\" \/>\n\t<meta property=\"og:image:type\" content=\"image\/jpeg\" \/>\n<meta name=\"author\" content=\"Villasmil Henry\" \/>\n<meta name=\"twitter:card\" content=\"summary_large_image\" \/>\n<meta name=\"twitter:creator\" content=\"@https:\/\/twitter.com\/villasmilhfoto\" \/>\n<meta name=\"twitter:site\" content=\"@villasmilhfoto\" \/>\n<meta name=\"twitter:label1\" content=\"Escrito por\" \/>\n\t<meta name=\"twitter:data1\" content=\"Villasmil Henry\" \/>\n\t<meta name=\"twitter:label2\" content=\"Tiempo estimado de lectura\" \/>\n\t<meta name=\"twitter:data2\" content=\"2 minutos\" \/>\n<script type=\"application\/ld+json\" class=\"yoast-schema-graph\">{\"@context\":\"https:\\\/\\\/schema.org\",\"@graph\":[{\"@type\":\"Article\",\"@id\":\"https:\\\/\\\/digital58.com.ve\\\/site\\\/2022\\\/03\\\/31\\\/alcaldia-estrenara-el-plan-maracaibo-se-ilumina-para-alumbrar-sectores-y-conjuntos-residenciales-de-la-ciudad\\\/#article\",\"isPartOf\":{\"@id\":\"https:\\\/\\\/digital58.com.ve\\\/site\\\/2022\\\/03\\\/31\\\/alcaldia-estrenara-el-plan-maracaibo-se-ilumina-para-alumbrar-sectores-y-conjuntos-residenciales-de-la-ciudad\\\/\"},\"author\":{\"name\":\"Villasmil Henry\",\"@id\":\"https:\\\/\\\/digital58.com.ve\\\/site\\\/#\\\/schema\\\/person\\\/64d1c2e4d0d4fd1b849980c4331c2951\"},\"headline\":\"Alcald\u00eda estrenar\u00e1 el Plan Maracaibo se Ilumina para alumbrar sectores y conjuntos residenciales de la ciudad\",\"datePublished\":\"2022-04-01T03:25:51+00:00\",\"mainEntityOfPage\":{\"@id\":\"https:\\\/\\\/digital58.com.ve\\\/site\\\/2022\\\/03\\\/31\\\/alcaldia-estrenara-el-plan-maracaibo-se-ilumina-para-alumbrar-sectores-y-conjuntos-residenciales-de-la-ciudad\\\/\"},\"wordCount\":332,\"commentCount\":0,\"publisher\":{\"@id\":\"https:\\\/\\\/digital58.com.ve\\\/site\\\/#\\\/schema\\\/person\\\/64d1c2e4d0d4fd1b849980c4331c2951\"},\"image\":{\"@id\":\"https:\\\/\\\/digital58.com.ve\\\/site\\\/2022\\\/03\\\/31\\\/alcaldia-estrenara-el-plan-maracaibo-se-ilumina-para-alumbrar-sectores-y-conjuntos-residenciales-de-la-ciudad\\\/#primaryimage\"},\"thumbnailUrl\":\"https:\\\/\\\/digital58.com.ve\\\/site\\\/wp-content\\\/uploads\\\/2022\\\/03\\\/photo_2022-03-31_23-22-24-e1648783380668.jpg\",\"keywords\":[\"Alcald\u00eda de Maracaibo\",\"Gesti\u00f3n P\u00fablica\",\"Maracaibo\",\"Maracaibo se Ilumina\",\"Nacionales\",\"Proyecto ALA\",\"Rafael Ram\u00edrez Colina\",\"Regionales\",\"Sector Pomona\",\"Venezuela\"],\"articleSection\":[\"Zulia\"],\"inLanguage\":\"es\",\"potentialAction\":[{\"@type\":\"CommentAction\",\"name\":\"Comment\",\"target\":[\"https:\\\/\\\/digital58.com.ve\\\/site\\\/2022\\\/03\\\/31\\\/alcaldia-estrenara-el-plan-maracaibo-se-ilumina-para-alumbrar-sectores-y-conjuntos-residenciales-de-la-ciudad\\\/#respond\"]}]},{\"@type\":\"WebPage\",\"@id\":\"https:\\\/\\\/digital58.com.ve\\\/site\\\/2022\\\/03\\\/31\\\/alcaldia-estrenara-el-plan-maracaibo-se-ilumina-para-alumbrar-sectores-y-conjuntos-residenciales-de-la-ciudad\\\/\",\"url\":\"https:\\\/\\\/digital58.com.ve\\\/site\\\/2022\\\/03\\\/31\\\/alcaldia-estrenara-el-plan-maracaibo-se-ilumina-para-alumbrar-sectores-y-conjuntos-residenciales-de-la-ciudad\\\/\",\"name\":\"Alcald\u00eda estrenar\u00e1 el Plan Maracaibo se Ilumina para alumbrar sectores y conjuntos residenciales de la ciudad\",\"isPartOf\":{\"@id\":\"https:\\\/\\\/digital58.com.ve\\\/site\\\/#website\"},\"primaryImageOfPage\":{\"@id\":\"https:\\\/\\\/digital58.com.ve\\\/site\\\/2022\\\/03\\\/31\\\/alcaldia-estrenara-el-plan-maracaibo-se-ilumina-para-alumbrar-sectores-y-conjuntos-residenciales-de-la-ciudad\\\/#primaryimage\"},\"image\":{\"@id\":\"https:\\\/\\\/digital58.com.ve\\\/site\\\/2022\\\/03\\\/31\\\/alcaldia-estrenara-el-plan-maracaibo-se-ilumina-para-alumbrar-sectores-y-conjuntos-residenciales-de-la-ciudad\\\/#primaryimage\"},\"thumbnailUrl\":\"https:\\\/\\\/digital58.com.ve\\\/site\\\/wp-content\\\/uploads\\\/2022\\\/03\\\/photo_2022-03-31_23-22-24-e1648783380668.jpg\",\"datePublished\":\"2022-04-01T03:25:51+00:00\",\"description\":\"Zulia\",\"breadcrumb\":{\"@id\":\"https:\\\/\\\/digital58.com.ve\\\/site\\\/2022\\\/03\\\/31\\\/alcaldia-estrenara-el-plan-maracaibo-se-ilumina-para-alumbrar-sectores-y-conjuntos-residenciales-de-la-ciudad\\\/#breadcrumb\"},\"inLanguage\":\"es\",\"potentialAction\":[{\"@type\":\"ReadAction\",\"target\":[\"https:\\\/\\\/digital58.com.ve\\\/site\\\/2022\\\/03\\\/31\\\/alcaldia-estrenara-el-plan-maracaibo-se-ilumina-para-alumbrar-sectores-y-conjuntos-residenciales-de-la-ciudad\\\/\"]}]},{\"@type\":\"ImageObject\",\"inLanguage\":\"es\",\"@id\":\"https:\\\/\\\/digital58.com.ve\\\/site\\\/2022\\\/03\\\/31\\\/alcaldia-estrenara-el-plan-maracaibo-se-ilumina-para-alumbrar-sectores-y-conjuntos-residenciales-de-la-ciudad\\\/#primaryimage\",\"url\":\"https:\\\/\\\/digital58.com.ve\\\/site\\\/wp-content\\\/uploads\\\/2022\\\/03\\\/photo_2022-03-31_23-22-24-e1648783380668.jpg\",\"contentUrl\":\"https:\\\/\\\/digital58.com.ve\\\/site\\\/wp-content\\\/uploads\\\/2022\\\/03\\\/photo_2022-03-31_23-22-24-e1648783380668.jpg\",\"width\":900,\"height\":598},{\"@type\":\"BreadcrumbList\",\"@id\":\"https:\\\/\\\/digital58.com.ve\\\/site\\\/2022\\\/03\\\/31\\\/alcaldia-estrenara-el-plan-maracaibo-se-ilumina-para-alumbrar-sectores-y-conjuntos-residenciales-de-la-ciudad\\\/#breadcrumb\",\"itemListElement\":[{\"@type\":\"ListItem\",\"position\":1,\"name\":\"Home\",\"item\":\"https:\\\/\\\/digital58.com.ve\\\/site\\\/\"},{\"@type\":\"ListItem\",\"position\":2,\"name\":\"Alcald\u00eda estrenar\u00e1 el Plan Maracaibo se Ilumina para alumbrar sectores y conjuntos residenciales de la ciudad\"}]},{\"@type\":\"WebSite\",\"@id\":\"https:\\\/\\\/digital58.com.ve\\\/site\\\/#website\",\"url\":\"https:\\\/\\\/digital58.com.ve\\\/site\\\/\",\"name\":\"Noticias Digital58\",\"description\":\"Portal de Noticias \u00a1Periodismo web de verdad! Lanzamiento web 22.11.2005 \\\/ Maracaibo, Venezuela\",\"publisher\":{\"@id\":\"https:\\\/\\\/digital58.com.ve\\\/site\\\/#\\\/schema\\\/person\\\/64d1c2e4d0d4fd1b849980c4331c2951\"},\"alternateName\":\"ND58\",\"potentialAction\":[{\"@type\":\"SearchAction\",\"target\":{\"@type\":\"EntryPoint\",\"urlTemplate\":\"https:\\\/\\\/digital58.com.ve\\\/site\\\/?s={search_term_string}\"},\"query-input\":{\"@type\":\"PropertyValueSpecification\",\"valueRequired\":true,\"valueName\":\"search_term_string\"}}],\"inLanguage\":\"es\"},{\"@type\":[\"Person\",\"Organization\"],\"@id\":\"https:\\\/\\\/digital58.com.ve\\\/site\\\/#\\\/schema\\\/person\\\/64d1c2e4d0d4fd1b849980c4331c2951\",\"name\":\"Villasmil Henry\",\"image\":{\"@type\":\"ImageObject\",\"inLanguage\":\"es\",\"@id\":\"https:\\\/\\\/secure.gravatar.com\\\/avatar\\\/bb0c4a2fcb7970138239f7e404ea75757b1b507b28b5ce4c53fbd62d797c5a7c?s=96&d=mm&r=g\",\"url\":\"https:\\\/\\\/secure.gravatar.com\\\/avatar\\\/bb0c4a2fcb7970138239f7e404ea75757b1b507b28b5ce4c53fbd62d797c5a7c?s=96&d=mm&r=g\",\"contentUrl\":\"https:\\\/\\\/secure.gravatar.com\\\/avatar\\\/bb0c4a2fcb7970138239f7e404ea75757b1b507b28b5ce4c53fbd62d797c5a7c?s=96&d=mm&r=g\",\"caption\":\"Villasmil Henry\"},\"logo\":{\"@id\":\"https:\\\/\\\/secure.gravatar.com\\\/avatar\\\/bb0c4a2fcb7970138239f7e404ea75757b1b507b28b5ce4c53fbd62d797c5a7c?s=96&d=mm&r=g\"},\"sameAs\":[\"http:\\\/\\\/www.henryvillasmil.com.ve\",\"https:\\\/\\\/www.instagram.com\\\/villasmilhfoto\\\/\",\"https:\\\/\\\/x.com\\\/https:\\\/\\\/twitter.com\\\/villasmilhfoto\"],\"url\":\"https:\\\/\\\/digital58.com.ve\\\/site\\\/author\\\/droopy_68\\\/\"}]}<\/script>\n<!-- \/ Yoast SEO plugin. -->","yoast_head_json":{"title":"Alcald\u00eda estrenar\u00e1 el Plan Maracaibo se Ilumina para alumbrar sectores y conjuntos residenciales de la ciudad","description":"Zulia","robots":{"index":"index","follow":"follow","max-snippet":"max-snippet:-1","max-image-preview":"max-image-preview:large","max-video-preview":"max-video-preview:-1"},"canonical":"https:\/\/digital58.com.ve\/site\/2022\/03\/31\/alcaldia-estrenara-el-plan-maracaibo-se-ilumina-para-alumbrar-sectores-y-conjuntos-residenciales-de-la-ciudad\/","og_locale":"es_ES","og_type":"article","og_title":"Alcald\u00eda estrenar\u00e1 el Plan Maracaibo se Ilumina para alumbrar sectores y conjuntos residenciales de la ciudad","og_description":"Zulia","og_url":"https:\/\/digital58.com.ve\/site\/2022\/03\/31\/alcaldia-estrenara-el-plan-maracaibo-se-ilumina-para-alumbrar-sectores-y-conjuntos-residenciales-de-la-ciudad\/","og_site_name":"Noticias Digital58","article_published_time":"2022-04-01T03:25:51+00:00","og_image":[{"width":900,"height":598,"url":"https:\/\/digital58.com.ve\/site\/wp-content\/uploads\/2022\/03\/photo_2022-03-31_23-22-24-e1648783380668.jpg","type":"image\/jpeg"}],"author":"Villasmil Henry","twitter_card":"summary_large_image","twitter_creator":"@https:\/\/twitter.com\/villasmilhfoto","twitter_site":"@villasmilhfoto","twitter_misc":{"Escrito por":"Villasmil Henry","Tiempo estimado de lectura":"2 minutos"},"schema":{"@context":"https:\/\/schema.org","@graph":[{"@type":"Article","@id":"https:\/\/digital58.com.ve\/site\/2022\/03\/31\/alcaldia-estrenara-el-plan-maracaibo-se-ilumina-para-alumbrar-sectores-y-conjuntos-residenciales-de-la-ciudad\/#article","isPartOf":{"@id":"https:\/\/digital58.com.ve\/site\/2022\/03\/31\/alcaldia-estrenara-el-plan-maracaibo-se-ilumina-para-alumbrar-sectores-y-conjuntos-residenciales-de-la-ciudad\/"},"author":{"name":"Villasmil Henry","@id":"https:\/\/digital58.com.ve\/site\/#\/schema\/person\/64d1c2e4d0d4fd1b849980c4331c2951"},"headline":"Alcald\u00eda estrenar\u00e1 el Plan Maracaibo se Ilumina para alumbrar sectores y conjuntos residenciales de la ciudad","datePublished":"2022-04-01T03:25:51+00:00","mainEntityOfPage":{"@id":"https:\/\/digital58.com.ve\/site\/2022\/03\/31\/alcaldia-estrenara-el-plan-maracaibo-se-ilumina-para-alumbrar-sectores-y-conjuntos-residenciales-de-la-ciudad\/"},"wordCount":332,"commentCount":0,"publisher":{"@id":"https:\/\/digital58.com.ve\/site\/#\/schema\/person\/64d1c2e4d0d4fd1b849980c4331c2951"},"image":{"@id":"https:\/\/digital58.com.ve\/site\/2022\/03\/31\/alcaldia-estrenara-el-plan-maracaibo-se-ilumina-para-alumbrar-sectores-y-conjuntos-residenciales-de-la-ciudad\/#primaryimage"},"thumbnailUrl":"https:\/\/digital58.com.ve\/site\/wp-content\/uploads\/2022\/03\/photo_2022-03-31_23-22-24-e1648783380668.jpg","keywords":["Alcald\u00eda de Maracaibo","Gesti\u00f3n P\u00fablica","Maracaibo","Maracaibo se Ilumina","Nacionales","Proyecto ALA","Rafael Ram\u00edrez Colina","Regionales","Sector Pomona","Venezuela"],"articleSection":["Zulia"],"inLanguage":"es","potentialAction":[{"@type":"CommentAction","name":"Comment","target":["https:\/\/digital58.com.ve\/site\/2022\/03\/31\/alcaldia-estrenara-el-plan-maracaibo-se-ilumina-para-alumbrar-sectores-y-conjuntos-residenciales-de-la-ciudad\/#respond"]}]},{"@type":"WebPage","@id":"https:\/\/digital58.com.ve\/site\/2022\/03\/31\/alcaldia-estrenara-el-plan-maracaibo-se-ilumina-para-alumbrar-sectores-y-conjuntos-residenciales-de-la-ciudad\/","url":"https:\/\/digital58.com.ve\/site\/2022\/03\/31\/alcaldia-estrenara-el-plan-maracaibo-se-ilumina-para-alumbrar-sectores-y-conjuntos-residenciales-de-la-ciudad\/","name":"Alcald\u00eda estrenar\u00e1 el Plan Maracaibo se Ilumina para alumbrar sectores y conjuntos residenciales de la ciudad","isPartOf":{"@id":"https:\/\/digital58.com.ve\/site\/#website"},"primaryImageOfPage":{"@id":"https:\/\/digital58.com.ve\/site\/2022\/03\/31\/alcaldia-estrenara-el-plan-maracaibo-se-ilumina-para-alumbrar-sectores-y-conjuntos-residenciales-de-la-ciudad\/#primaryimage"},"image":{"@id":"https:\/\/digital58.com.ve\/site\/2022\/03\/31\/alcaldia-estrenara-el-plan-maracaibo-se-ilumina-para-alumbrar-sectores-y-conjuntos-residenciales-de-la-ciudad\/#primaryimage"},"thumbnailUrl":"https:\/\/digital58.com.ve\/site\/wp-content\/uploads\/2022\/03\/photo_2022-03-31_23-22-24-e1648783380668.jpg","datePublished":"2022-04-01T03:25:51+00:00","description":"Zulia","breadcrumb":{"@id":"https:\/\/digital58.com.ve\/site\/2022\/03\/31\/alcaldia-estrenara-el-plan-maracaibo-se-ilumina-para-alumbrar-sectores-y-conjuntos-residenciales-de-la-ciudad\/#breadcrumb"},"inLanguage":"es","potentialAction":[{"@type":"ReadAction","target":["https:\/\/digital58.com.ve\/site\/2022\/03\/31\/alcaldia-estrenara-el-plan-maracaibo-se-ilumina-para-alumbrar-sectores-y-conjuntos-residenciales-de-la-ciudad\/"]}]},{"@type":"ImageObject","inLanguage":"es","@id":"https:\/\/digital58.com.ve\/site\/2022\/03\/31\/alcaldia-estrenara-el-plan-maracaibo-se-ilumina-para-alumbrar-sectores-y-conjuntos-residenciales-de-la-ciudad\/#primaryimage","url":"https:\/\/digital58.com.ve\/site\/wp-content\/uploads\/2022\/03\/photo_2022-03-31_23-22-24-e1648783380668.jpg","contentUrl":"https:\/\/digital58.com.ve\/site\/wp-content\/uploads\/2022\/03\/photo_2022-03-31_23-22-24-e1648783380668.jpg","width":900,"height":598},{"@type":"BreadcrumbList","@id":"https:\/\/digital58.com.ve\/site\/2022\/03\/31\/alcaldia-estrenara-el-plan-maracaibo-se-ilumina-para-alumbrar-sectores-y-conjuntos-residenciales-de-la-ciudad\/#breadcrumb","itemListElement":[{"@type":"ListItem","position":1,"name":"Home","item":"https:\/\/digital58.com.ve\/site\/"},{"@type":"ListItem","position":2,"name":"Alcald\u00eda estrenar\u00e1 el Plan Maracaibo se Ilumina para alumbrar sectores y conjuntos residenciales de la ciudad"}]},{"@type":"WebSite","@id":"https:\/\/digital58.com.ve\/site\/#website","url":"https:\/\/digital58.com.ve\/site\/","name":"Noticias Digital58","description":"Portal de Noticias \u00a1Periodismo web de verdad! Lanzamiento web 22.11.2005 \/ Maracaibo, Venezuela","publisher":{"@id":"https:\/\/digital58.com.ve\/site\/#\/schema\/person\/64d1c2e4d0d4fd1b849980c4331c2951"},"alternateName":"ND58","potentialAction":[{"@type":"SearchAction","target":{"@type":"EntryPoint","urlTemplate":"https:\/\/digital58.com.ve\/site\/?s={search_term_string}"},"query-input":{"@type":"PropertyValueSpecification","valueRequired":true,"valueName":"search_term_string"}}],"inLanguage":"es"},{"@type":["Person","Organization"],"@id":"https:\/\/digital58.com.ve\/site\/#\/schema\/person\/64d1c2e4d0d4fd1b849980c4331c2951","name":"Villasmil Henry","image":{"@type":"ImageObject","inLanguage":"es","@id":"https:\/\/secure.gravatar.com\/avatar\/bb0c4a2fcb7970138239f7e404ea75757b1b507b28b5ce4c53fbd62d797c5a7c?s=96&d=mm&r=g","url":"https:\/\/secure.gravatar.com\/avatar\/bb0c4a2fcb7970138239f7e404ea75757b1b507b28b5ce4c53fbd62d797c5a7c?s=96&d=mm&r=g","contentUrl":"https:\/\/secure.gravatar.com\/avatar\/bb0c4a2fcb7970138239f7e404ea75757b1b507b28b5ce4c53fbd62d797c5a7c?s=96&d=mm&r=g","caption":"Villasmil Henry"},"logo":{"@id":"https:\/\/secure.gravatar.com\/avatar\/bb0c4a2fcb7970138239f7e404ea75757b1b507b28b5ce4c53fbd62d797c5a7c?s=96&d=mm&r=g"},"sameAs":["http:\/\/www.henryvillasmil.com.ve","https:\/\/www.instagram.com\/villasmilhfoto\/","https:\/\/x.com\/https:\/\/twitter.com\/villasmilhfoto"],"url":"https:\/\/digital58.com.ve\/site\/author\/droopy_68\/"}]}},"uagb_featured_image_src":{"full":["https:\/\/digital58.com.ve\/site\/wp-content\/uploads\/2022\/03\/photo_2022-03-31_23-22-24-e1648783380668.jpg",900,598,false],"thumbnail":["https:\/\/digital58.com.ve\/site\/wp-content\/uploads\/2022\/03\/photo_2022-03-31_23-22-24-150x150.jpg",150,150,true],"medium":["https:\/\/digital58.com.ve\/site\/wp-content\/uploads\/2022\/03\/photo_2022-03-31_23-22-24-300x199.jpg",300,199,true],"medium_large":["https:\/\/digital58.com.ve\/site\/wp-content\/uploads\/2022\/03\/photo_2022-03-31_23-22-24-768x510.jpg",768,510,true],"large":["https:\/\/digital58.com.ve\/site\/wp-content\/uploads\/2022\/03\/photo_2022-03-31_23-22-24-1000x664.jpg",800,531,true],"1536x1536":["https:\/\/digital58.com.ve\/site\/wp-content\/uploads\/2022\/03\/photo_2022-03-31_23-22-24-e1648783380668.jpg",900,598,false],"2048x2048":["https:\/\/digital58.com.ve\/site\/wp-content\/uploads\/2022\/03\/photo_2022-03-31_23-22-24-e1648783380668.jpg",900,598,false],"colormag-highlighted-post":["https:\/\/digital58.com.ve\/site\/wp-content\/uploads\/2022\/03\/photo_2022-03-31_23-22-24-e1648783380668.jpg",392,260,false],"colormag-featured-post-medium":["https:\/\/digital58.com.ve\/site\/wp-content\/uploads\/2022\/03\/photo_2022-03-31_23-22-24-e1648783380668.jpg",309,205,false],"colormag-featured-post-small":["https:\/\/digital58.com.ve\/site\/wp-content\/uploads\/2022\/03\/photo_2022-03-31_23-22-24-e1648783380668.jpg",130,86,false],"colormag-featured-image":["https:\/\/digital58.com.ve\/site\/wp-content\/uploads\/2022\/03\/photo_2022-03-31_23-22-24-e1648783380668.jpg",670,445,false],"colormag-default-news":["https:\/\/digital58.com.ve\/site\/wp-content\/uploads\/2022\/03\/photo_2022-03-31_23-22-24-e1648783380668.jpg",150,100,false],"colormag-featured-image-large":["https:\/\/digital58.com.ve\/site\/wp-content\/uploads\/2022\/03\/photo_2022-03-31_23-22-24-e1648783380668.jpg",900,598,false]},"uagb_author_info":{"display_name":"Villasmil Henry","author_link":"https:\/\/digital58.com.ve\/site\/author\/droopy_68\/"},"uagb_comment_info":0,"uagb_excerpt":"El alcalde Rafael Ram\u00edrez Colina en su balance semanal anunci\u00f3 que esta semana entregar\u00e1 iluminado el sector Pomona. Maracaibo, Zulia,","_links":{"self":[{"href":"https:\/\/digital58.com.ve\/site\/wp-json\/wp\/v2\/posts\/150986","targetHints":{"allow":["GET"]}}],"collection":[{"href":"https:\/\/digital58.com.ve\/site\/wp-json\/wp\/v2\/posts"}],"about":[{"href":"https:\/\/digital58.com.ve\/site\/wp-json\/wp\/v2\/types\/post"}],"author":[{"embeddable":true,"href":"https:\/\/digital58.com.ve\/site\/wp-json\/wp\/v2\/users\/1"}],"replies":[{"embeddable":true,"href":"https:\/\/digital58.com.ve\/site\/wp-json\/wp\/v2\/comments?post=150986"}],"version-history":[{"count":0,"href":"https:\/\/digital58.com.ve\/site\/wp-json\/wp\/v2\/posts\/150986\/revisions"}],"wp:featuredmedia":[{"embeddable":true,"href":"https:\/\/digital58.com.ve\/site\/wp-json\/wp\/v2\/media\/150987"}],"wp:attachment":[{"href":"https:\/\/digital58.com.ve\/site\/wp-json\/wp\/v2\/media?parent=150986"}],"wp:term":[{"taxonomy":"category","embeddable":true,"href":"https:\/\/digital58.com.ve\/site\/wp-json\/wp\/v2\/categories?post=150986"},{"taxonomy":"post_tag","embeddable":true,"href":"https:\/\/digital58.com.ve\/site\/wp-json\/wp\/v2\/tags?post=150986"}],"curies":[{"name":"wp","href":"https:\/\/api.w.org\/{rel}","templated":true}]}}