{"id":151032,"date":"2022-04-01T11:28:39","date_gmt":"2022-04-01T15:28:39","guid":{"rendered":"https:\/\/digital58.com.ve\/site\/?p=151032"},"modified":"2022-04-01T11:28:39","modified_gmt":"2022-04-01T15:28:39","slug":"papa-pide-perdon-por-abusos-en-internados-para-indigenas-en-canada","status":"publish","type":"post","link":"https:\/\/digital58.com.ve\/site\/2022\/04\/01\/papa-pide-perdon-por-abusos-en-internados-para-indigenas-en-canada\/","title":{"rendered":"Papa pide perd\u00f3n por abusos en internados para ind\u00edgenas en Canad\u00e1"},"content":{"rendered":"<p><img loading=\"lazy\" decoding=\"async\" class=\" wp-image-115808 aligncenter\" src=\"https:\/\/digital58.com.ve\/site\/wp-content\/uploads\/2020\/07\/papa-francisco-19-07-20-300x204.jpg\" alt=\"\" width=\"800\" height=\"544\" srcset=\"https:\/\/digital58.com.ve\/site\/wp-content\/uploads\/2020\/07\/papa-francisco-19-07-20-300x204.jpg 300w, https:\/\/digital58.com.ve\/site\/wp-content\/uploads\/2020\/07\/papa-francisco-19-07-20-768x522.jpg 768w, https:\/\/digital58.com.ve\/site\/wp-content\/uploads\/2020\/07\/papa-francisco-19-07-20.jpg 800w\" sizes=\"auto, (max-width: 800px) 100vw, 800px\" \/><\/p>\n<p>Las disculpas llegan tras el encuentro de Francisco con ind\u00edgenas canadienses de los Inuit, M\u00e9tis y Primeras Naciones, que le contaron las torturas y abusos que sufrieron en los internados, la mayor\u00eda cat\u00f3licos<\/p>\n<p><strong>Internacionales, 01 de abril de 2022 (ND58).-<\/strong> El papa Francisco pidi\u00f3 este viernes perd\u00f3n a los ind\u00edgenas canadienses por los abusos que sufrieron en los internados gestionados por la Iglesia cat\u00f3lica durante los procesos de asimilaci\u00f3n forzada que sufrieron en los siglos XIX y XX y anunci\u00f3 que espera poder visitar su tierra a finales de julio.<\/p>\n<p>Francisco se reuni\u00f3 esta semana con ind\u00edgenas canadienses de los Inuit, M\u00e9tis y Primeras Naciones, que le contaron las torturas y abusos que sufrieron en los internados, la mayor\u00eda cat\u00f3licos, donde fueron llevados tras ser arrancados de sus familias por las autoridades.<\/p>\n<p><strong>VISITA A FINALES DE JULIO<\/strong><\/p>\n<p>\u00abTodo esto ha suscitado en mi indignaci\u00f3n y verg\u00fcenza\u00bb, dijo Francisco, que quiso entonces pedir \u00abperd\u00f3n a Dios\u00bb por \u00abel reprobable comportamiento de hombres de la Iglesia\u00bb. \u00abLes pido perd\u00f3n\u00bb, reiter\u00f3 a los representantes de los ind\u00edgenas que solicitaban desde hace a\u00f1os a la Iglesia este gesto y a los que hoy dirigi\u00f3 un discurso en la Sala Clementina del palacio pontificio.<\/p>\n<p>Adem\u00e1s, Francisco anunci\u00f3 que desea visitar \u00ablas tierras\u00bb de estos pueblos originarios como le hab\u00edan pedido y que lo har\u00e1 a finales de julio cuando se celebra santa Ana, que es muy venerada en el pa\u00eds por los cat\u00f3licos, antes de bromear diciendo que no ir\u00eda \u00aben invierno\u00bb, debido al fr\u00edo.<\/p>\n<p>\u00ab<strong>VERG\u00dcENZA Y DOLOR<\/strong>\u00bb<strong>\u00a0\u00a0\u00a0\u00a0\u00a0\u00a0\u00a0 <\/strong><\/p>\n<p>En su discurso ante los ind\u00edgenas, ataviados con sus trajes tradicionales, el pont\u00edfice expres\u00f3 su \u00abverg\u00fcenza y dolor\u00bb por \u00abel papel que varios cat\u00f3licos con responsabilidades educativas tuvieron en esto, los maltratos, los abusos y la falta de respeto\u00bb por su \u00abcultura, identidad y valores espirituales\u00bb.<\/p>\n<p>\u00abEstoy muy dolido y me uno a los obispos en pedirles perd\u00f3n, porque es evidente que no se puede transmitir la fe con algo que est\u00e1 totalmente alejado de la misma fe. Es terrible cuando en nombre de la fe se comete un acto contra el evangelio\u00bb, reiter\u00f3 el pont\u00edfice.<\/p>\n<p>&nbsp;<\/p><div class=\"arsby69f2d6f243ec5\" ><p style=\"text-align: center;\"><a href=\"https:\/\/t.me\/noticiasdigital58\" target=\"_blank\" rel=\"noopener\"><img class=\"aligncenter size-full wp-image-125363\" src=\"https:\/\/digital58.com.ve\/site\/wp-content\/uploads\/2021\/04\/banner-telegram-web-2021.png\" alt=\"\" width=\"600\" height=\"90\" \/><\/a><\/p><\/div><style type=\"text\/css\">\r\n@media screen and (min-width: 1201px) {\r\n.arsby69f2d6f243ec5 {\r\ndisplay: block;\r\n}\r\n}\r\n@media screen and (min-width: 993px) and (max-width: 1200px) {\r\n.arsby69f2d6f243ec5 {\r\ndisplay: block;\r\n}\r\n}\r\n@media screen and (min-width: 769px) and (max-width: 992px) {\r\n.arsby69f2d6f243ec5 {\r\ndisplay: block;\r\n}\r\n}\r\n@media screen and (min-width: 768px) and (max-width: 768px) {\r\n.arsby69f2d6f243ec5 {\r\ndisplay: block;\r\n}\r\n}\r\n@media screen and (max-width: 767px) {\r\n.arsby69f2d6f243ec5 {\r\ndisplay: block;\r\n}\r\n}\r\n<\/style>\r\n\n<p><strong>Redacci\u00f3n ND58 | Fuente: DW<\/strong><br \/>\n<strong>Edici\u00f3n: Villasmil, Henry<\/strong><br \/>\n<strong>Gr\u00e1fica: Archivo<\/strong><\/p>\n<div style=\"margin-top: 0px; margin-bottom: 0px;\" class=\"sharethis-inline-share-buttons\" ><\/div>","protected":false},"excerpt":{"rendered":"<p>Las disculpas llegan tras el encuentro de Francisco con ind\u00edgenas canadienses de los Inuit, M\u00e9tis y Primeras Naciones, que le<\/p>\n","protected":false},"author":40,"featured_media":122405,"comment_status":"open","ping_status":"closed","sticky":false,"template":"","format":"standard","meta":{"colormag_page_container_layout":"default_layout","colormag_page_sidebar_layout":"default_layout","_uag_custom_page_level_css":"","footnotes":""},"categories":[16451],"tags":[25578,244,8,399,1035,28003,28004],"class_list":["post-151032","post","type-post","status-publish","format-standard","has-post-thumbnail","hentry","category-mundo","tag-abusos","tag-canada","tag-internacionales","tag-papa","tag-papa-francisco","tag-perdon","tag-sumo-pontifice"],"yoast_head":"<!-- This site is optimized with the Yoast SEO plugin v27.5 - https:\/\/yoast.com\/product\/yoast-seo-wordpress\/ -->\n<title>Papa pide perd\u00f3n por abusos en internados para ind\u00edgenas en Canad\u00e1<\/title>\n<meta name=\"description\" content=\"Mundo\" \/>\n<meta name=\"robots\" content=\"index, follow, max-snippet:-1, max-image-preview:large, max-video-preview:-1\" \/>\n<link rel=\"canonical\" href=\"https:\/\/digital58.com.ve\/site\/2022\/04\/01\/papa-pide-perdon-por-abusos-en-internados-para-indigenas-en-canada\/\" \/>\n<meta property=\"og:locale\" content=\"es_ES\" \/>\n<meta property=\"og:type\" content=\"article\" \/>\n<meta property=\"og:title\" content=\"Papa pide perd\u00f3n por abusos en internados para ind\u00edgenas en Canad\u00e1\" \/>\n<meta property=\"og:description\" content=\"Mundo\" \/>\n<meta property=\"og:url\" content=\"https:\/\/digital58.com.ve\/site\/2022\/04\/01\/papa-pide-perdon-por-abusos-en-internados-para-indigenas-en-canada\/\" \/>\n<meta property=\"og:site_name\" content=\"Noticias Digital58\" \/>\n<meta property=\"article:published_time\" content=\"2022-04-01T15:28:39+00:00\" \/>\n<meta property=\"og:image\" content=\"https:\/\/digital58.com.ve\/site\/wp-content\/uploads\/2020\/08\/papa-francisco-16.08-20.jpg\" \/>\n\t<meta property=\"og:image:width\" content=\"1000\" \/>\n\t<meta property=\"og:image:height\" content=\"667\" \/>\n\t<meta property=\"og:image:type\" content=\"image\/jpeg\" \/>\n<meta name=\"author\" content=\"Victor Infante\" \/>\n<meta name=\"twitter:card\" content=\"summary_large_image\" \/>\n<meta name=\"twitter:creator\" content=\"@Digital_58\" \/>\n<meta name=\"twitter:site\" content=\"@villasmilhfoto\" \/>\n<meta name=\"twitter:label1\" content=\"Escrito por\" \/>\n\t<meta name=\"twitter:data1\" content=\"Victor Infante\" \/>\n\t<meta name=\"twitter:label2\" content=\"Tiempo estimado de lectura\" \/>\n\t<meta name=\"twitter:data2\" content=\"2 minutos\" \/>\n<script type=\"application\/ld+json\" class=\"yoast-schema-graph\">{\"@context\":\"https:\\\/\\\/schema.org\",\"@graph\":[{\"@type\":\"Article\",\"@id\":\"https:\\\/\\\/digital58.com.ve\\\/site\\\/2022\\\/04\\\/01\\\/papa-pide-perdon-por-abusos-en-internados-para-indigenas-en-canada\\\/#article\",\"isPartOf\":{\"@id\":\"https:\\\/\\\/digital58.com.ve\\\/site\\\/2022\\\/04\\\/01\\\/papa-pide-perdon-por-abusos-en-internados-para-indigenas-en-canada\\\/\"},\"author\":{\"name\":\"Victor Infante\",\"@id\":\"https:\\\/\\\/digital58.com.ve\\\/site\\\/#\\\/schema\\\/person\\\/7c2c83fb27249d7c6f59c30c7f141381\"},\"headline\":\"Papa pide perd\u00f3n por abusos en internados para ind\u00edgenas en Canad\u00e1\",\"datePublished\":\"2022-04-01T15:28:39+00:00\",\"mainEntityOfPage\":{\"@id\":\"https:\\\/\\\/digital58.com.ve\\\/site\\\/2022\\\/04\\\/01\\\/papa-pide-perdon-por-abusos-en-internados-para-indigenas-en-canada\\\/\"},\"wordCount\":405,\"commentCount\":0,\"publisher\":{\"@id\":\"https:\\\/\\\/digital58.com.ve\\\/site\\\/#\\\/schema\\\/person\\\/64d1c2e4d0d4fd1b849980c4331c2951\"},\"image\":{\"@id\":\"https:\\\/\\\/digital58.com.ve\\\/site\\\/2022\\\/04\\\/01\\\/papa-pide-perdon-por-abusos-en-internados-para-indigenas-en-canada\\\/#primaryimage\"},\"thumbnailUrl\":\"https:\\\/\\\/digital58.com.ve\\\/site\\\/wp-content\\\/uploads\\\/2020\\\/08\\\/papa-francisco-16.08-20.jpg\",\"keywords\":[\"abusos\",\"Canad\u00e1\",\"Internacionales\",\"Papa\",\"Papa Francisco\",\"Perd\u00f3n\",\"Sumo Pontifice\"],\"articleSection\":[\"Mundo\"],\"inLanguage\":\"es\",\"potentialAction\":[{\"@type\":\"CommentAction\",\"name\":\"Comment\",\"target\":[\"https:\\\/\\\/digital58.com.ve\\\/site\\\/2022\\\/04\\\/01\\\/papa-pide-perdon-por-abusos-en-internados-para-indigenas-en-canada\\\/#respond\"]}]},{\"@type\":\"WebPage\",\"@id\":\"https:\\\/\\\/digital58.com.ve\\\/site\\\/2022\\\/04\\\/01\\\/papa-pide-perdon-por-abusos-en-internados-para-indigenas-en-canada\\\/\",\"url\":\"https:\\\/\\\/digital58.com.ve\\\/site\\\/2022\\\/04\\\/01\\\/papa-pide-perdon-por-abusos-en-internados-para-indigenas-en-canada\\\/\",\"name\":\"Papa pide perd\u00f3n por abusos en internados para ind\u00edgenas en Canad\u00e1\",\"isPartOf\":{\"@id\":\"https:\\\/\\\/digital58.com.ve\\\/site\\\/#website\"},\"primaryImageOfPage\":{\"@id\":\"https:\\\/\\\/digital58.com.ve\\\/site\\\/2022\\\/04\\\/01\\\/papa-pide-perdon-por-abusos-en-internados-para-indigenas-en-canada\\\/#primaryimage\"},\"image\":{\"@id\":\"https:\\\/\\\/digital58.com.ve\\\/site\\\/2022\\\/04\\\/01\\\/papa-pide-perdon-por-abusos-en-internados-para-indigenas-en-canada\\\/#primaryimage\"},\"thumbnailUrl\":\"https:\\\/\\\/digital58.com.ve\\\/site\\\/wp-content\\\/uploads\\\/2020\\\/08\\\/papa-francisco-16.08-20.jpg\",\"datePublished\":\"2022-04-01T15:28:39+00:00\",\"description\":\"Mundo\",\"breadcrumb\":{\"@id\":\"https:\\\/\\\/digital58.com.ve\\\/site\\\/2022\\\/04\\\/01\\\/papa-pide-perdon-por-abusos-en-internados-para-indigenas-en-canada\\\/#breadcrumb\"},\"inLanguage\":\"es\",\"potentialAction\":[{\"@type\":\"ReadAction\",\"target\":[\"https:\\\/\\\/digital58.com.ve\\\/site\\\/2022\\\/04\\\/01\\\/papa-pide-perdon-por-abusos-en-internados-para-indigenas-en-canada\\\/\"]}]},{\"@type\":\"ImageObject\",\"inLanguage\":\"es\",\"@id\":\"https:\\\/\\\/digital58.com.ve\\\/site\\\/2022\\\/04\\\/01\\\/papa-pide-perdon-por-abusos-en-internados-para-indigenas-en-canada\\\/#primaryimage\",\"url\":\"https:\\\/\\\/digital58.com.ve\\\/site\\\/wp-content\\\/uploads\\\/2020\\\/08\\\/papa-francisco-16.08-20.jpg\",\"contentUrl\":\"https:\\\/\\\/digital58.com.ve\\\/site\\\/wp-content\\\/uploads\\\/2020\\\/08\\\/papa-francisco-16.08-20.jpg\",\"width\":800,\"height\":534},{\"@type\":\"BreadcrumbList\",\"@id\":\"https:\\\/\\\/digital58.com.ve\\\/site\\\/2022\\\/04\\\/01\\\/papa-pide-perdon-por-abusos-en-internados-para-indigenas-en-canada\\\/#breadcrumb\",\"itemListElement\":[{\"@type\":\"ListItem\",\"position\":1,\"name\":\"Home\",\"item\":\"https:\\\/\\\/digital58.com.ve\\\/site\\\/\"},{\"@type\":\"ListItem\",\"position\":2,\"name\":\"Papa pide perd\u00f3n por abusos en internados para ind\u00edgenas en Canad\u00e1\"}]},{\"@type\":\"WebSite\",\"@id\":\"https:\\\/\\\/digital58.com.ve\\\/site\\\/#website\",\"url\":\"https:\\\/\\\/digital58.com.ve\\\/site\\\/\",\"name\":\"Noticias Digital58\",\"description\":\"Portal de Noticias \u00a1Periodismo web de verdad! Lanzamiento web 22.11.2005 \\\/ Maracaibo, Venezuela\",\"publisher\":{\"@id\":\"https:\\\/\\\/digital58.com.ve\\\/site\\\/#\\\/schema\\\/person\\\/64d1c2e4d0d4fd1b849980c4331c2951\"},\"alternateName\":\"ND58\",\"potentialAction\":[{\"@type\":\"SearchAction\",\"target\":{\"@type\":\"EntryPoint\",\"urlTemplate\":\"https:\\\/\\\/digital58.com.ve\\\/site\\\/?s={search_term_string}\"},\"query-input\":{\"@type\":\"PropertyValueSpecification\",\"valueRequired\":true,\"valueName\":\"search_term_string\"}}],\"inLanguage\":\"es\"},{\"@type\":[\"Person\",\"Organization\"],\"@id\":\"https:\\\/\\\/digital58.com.ve\\\/site\\\/#\\\/schema\\\/person\\\/64d1c2e4d0d4fd1b849980c4331c2951\",\"name\":\"Villasmil Henry\",\"image\":{\"@type\":\"ImageObject\",\"inLanguage\":\"es\",\"@id\":\"https:\\\/\\\/secure.gravatar.com\\\/avatar\\\/bb0c4a2fcb7970138239f7e404ea75757b1b507b28b5ce4c53fbd62d797c5a7c?s=96&d=mm&r=g\",\"url\":\"https:\\\/\\\/secure.gravatar.com\\\/avatar\\\/bb0c4a2fcb7970138239f7e404ea75757b1b507b28b5ce4c53fbd62d797c5a7c?s=96&d=mm&r=g\",\"contentUrl\":\"https:\\\/\\\/secure.gravatar.com\\\/avatar\\\/bb0c4a2fcb7970138239f7e404ea75757b1b507b28b5ce4c53fbd62d797c5a7c?s=96&d=mm&r=g\",\"caption\":\"Villasmil Henry\"},\"logo\":{\"@id\":\"https:\\\/\\\/secure.gravatar.com\\\/avatar\\\/bb0c4a2fcb7970138239f7e404ea75757b1b507b28b5ce4c53fbd62d797c5a7c?s=96&d=mm&r=g\"},\"sameAs\":[\"http:\\\/\\\/www.henryvillasmil.com.ve\",\"https:\\\/\\\/www.instagram.com\\\/villasmilhfoto\\\/\",\"https:\\\/\\\/x.com\\\/https:\\\/\\\/twitter.com\\\/villasmilhfoto\"]},{\"@type\":\"Person\",\"@id\":\"https:\\\/\\\/digital58.com.ve\\\/site\\\/#\\\/schema\\\/person\\\/7c2c83fb27249d7c6f59c30c7f141381\",\"name\":\"Victor Infante\",\"image\":{\"@type\":\"ImageObject\",\"inLanguage\":\"es\",\"@id\":\"https:\\\/\\\/secure.gravatar.com\\\/avatar\\\/106ae6d84ee67222a78df20df89da71bb5069c89d1fd27272140999a3f842596?s=96&d=mm&r=g\",\"url\":\"https:\\\/\\\/secure.gravatar.com\\\/avatar\\\/106ae6d84ee67222a78df20df89da71bb5069c89d1fd27272140999a3f842596?s=96&d=mm&r=g\",\"contentUrl\":\"https:\\\/\\\/secure.gravatar.com\\\/avatar\\\/106ae6d84ee67222a78df20df89da71bb5069c89d1fd27272140999a3f842596?s=96&d=mm&r=g\",\"caption\":\"Victor Infante\"},\"url\":\"https:\\\/\\\/digital58.com.ve\\\/site\\\/author\\\/vinfante22\\\/\"}]}<\/script>\n<!-- \/ Yoast SEO plugin. -->","yoast_head_json":{"title":"Papa pide perd\u00f3n por abusos en internados para ind\u00edgenas en Canad\u00e1","description":"Mundo","robots":{"index":"index","follow":"follow","max-snippet":"max-snippet:-1","max-image-preview":"max-image-preview:large","max-video-preview":"max-video-preview:-1"},"canonical":"https:\/\/digital58.com.ve\/site\/2022\/04\/01\/papa-pide-perdon-por-abusos-en-internados-para-indigenas-en-canada\/","og_locale":"es_ES","og_type":"article","og_title":"Papa pide perd\u00f3n por abusos en internados para ind\u00edgenas en Canad\u00e1","og_description":"Mundo","og_url":"https:\/\/digital58.com.ve\/site\/2022\/04\/01\/papa-pide-perdon-por-abusos-en-internados-para-indigenas-en-canada\/","og_site_name":"Noticias Digital58","article_published_time":"2022-04-01T15:28:39+00:00","og_image":[{"width":1000,"height":667,"url":"https:\/\/digital58.com.ve\/site\/wp-content\/uploads\/2020\/08\/papa-francisco-16.08-20.jpg","type":"image\/jpeg"}],"author":"Victor Infante","twitter_card":"summary_large_image","twitter_creator":"@Digital_58","twitter_site":"@villasmilhfoto","twitter_misc":{"Escrito por":"Victor Infante","Tiempo estimado de lectura":"2 minutos"},"schema":{"@context":"https:\/\/schema.org","@graph":[{"@type":"Article","@id":"https:\/\/digital58.com.ve\/site\/2022\/04\/01\/papa-pide-perdon-por-abusos-en-internados-para-indigenas-en-canada\/#article","isPartOf":{"@id":"https:\/\/digital58.com.ve\/site\/2022\/04\/01\/papa-pide-perdon-por-abusos-en-internados-para-indigenas-en-canada\/"},"author":{"name":"Victor Infante","@id":"https:\/\/digital58.com.ve\/site\/#\/schema\/person\/7c2c83fb27249d7c6f59c30c7f141381"},"headline":"Papa pide perd\u00f3n por abusos en internados para ind\u00edgenas en Canad\u00e1","datePublished":"2022-04-01T15:28:39+00:00","mainEntityOfPage":{"@id":"https:\/\/digital58.com.ve\/site\/2022\/04\/01\/papa-pide-perdon-por-abusos-en-internados-para-indigenas-en-canada\/"},"wordCount":405,"commentCount":0,"publisher":{"@id":"https:\/\/digital58.com.ve\/site\/#\/schema\/person\/64d1c2e4d0d4fd1b849980c4331c2951"},"image":{"@id":"https:\/\/digital58.com.ve\/site\/2022\/04\/01\/papa-pide-perdon-por-abusos-en-internados-para-indigenas-en-canada\/#primaryimage"},"thumbnailUrl":"https:\/\/digital58.com.ve\/site\/wp-content\/uploads\/2020\/08\/papa-francisco-16.08-20.jpg","keywords":["abusos","Canad\u00e1","Internacionales","Papa","Papa Francisco","Perd\u00f3n","Sumo Pontifice"],"articleSection":["Mundo"],"inLanguage":"es","potentialAction":[{"@type":"CommentAction","name":"Comment","target":["https:\/\/digital58.com.ve\/site\/2022\/04\/01\/papa-pide-perdon-por-abusos-en-internados-para-indigenas-en-canada\/#respond"]}]},{"@type":"WebPage","@id":"https:\/\/digital58.com.ve\/site\/2022\/04\/01\/papa-pide-perdon-por-abusos-en-internados-para-indigenas-en-canada\/","url":"https:\/\/digital58.com.ve\/site\/2022\/04\/01\/papa-pide-perdon-por-abusos-en-internados-para-indigenas-en-canada\/","name":"Papa pide perd\u00f3n por abusos en internados para ind\u00edgenas en Canad\u00e1","isPartOf":{"@id":"https:\/\/digital58.com.ve\/site\/#website"},"primaryImageOfPage":{"@id":"https:\/\/digital58.com.ve\/site\/2022\/04\/01\/papa-pide-perdon-por-abusos-en-internados-para-indigenas-en-canada\/#primaryimage"},"image":{"@id":"https:\/\/digital58.com.ve\/site\/2022\/04\/01\/papa-pide-perdon-por-abusos-en-internados-para-indigenas-en-canada\/#primaryimage"},"thumbnailUrl":"https:\/\/digital58.com.ve\/site\/wp-content\/uploads\/2020\/08\/papa-francisco-16.08-20.jpg","datePublished":"2022-04-01T15:28:39+00:00","description":"Mundo","breadcrumb":{"@id":"https:\/\/digital58.com.ve\/site\/2022\/04\/01\/papa-pide-perdon-por-abusos-en-internados-para-indigenas-en-canada\/#breadcrumb"},"inLanguage":"es","potentialAction":[{"@type":"ReadAction","target":["https:\/\/digital58.com.ve\/site\/2022\/04\/01\/papa-pide-perdon-por-abusos-en-internados-para-indigenas-en-canada\/"]}]},{"@type":"ImageObject","inLanguage":"es","@id":"https:\/\/digital58.com.ve\/site\/2022\/04\/01\/papa-pide-perdon-por-abusos-en-internados-para-indigenas-en-canada\/#primaryimage","url":"https:\/\/digital58.com.ve\/site\/wp-content\/uploads\/2020\/08\/papa-francisco-16.08-20.jpg","contentUrl":"https:\/\/digital58.com.ve\/site\/wp-content\/uploads\/2020\/08\/papa-francisco-16.08-20.jpg","width":800,"height":534},{"@type":"BreadcrumbList","@id":"https:\/\/digital58.com.ve\/site\/2022\/04\/01\/papa-pide-perdon-por-abusos-en-internados-para-indigenas-en-canada\/#breadcrumb","itemListElement":[{"@type":"ListItem","position":1,"name":"Home","item":"https:\/\/digital58.com.ve\/site\/"},{"@type":"ListItem","position":2,"name":"Papa pide perd\u00f3n por abusos en internados para ind\u00edgenas en Canad\u00e1"}]},{"@type":"WebSite","@id":"https:\/\/digital58.com.ve\/site\/#website","url":"https:\/\/digital58.com.ve\/site\/","name":"Noticias Digital58","description":"Portal de Noticias \u00a1Periodismo web de verdad! Lanzamiento web 22.11.2005 \/ Maracaibo, Venezuela","publisher":{"@id":"https:\/\/digital58.com.ve\/site\/#\/schema\/person\/64d1c2e4d0d4fd1b849980c4331c2951"},"alternateName":"ND58","potentialAction":[{"@type":"SearchAction","target":{"@type":"EntryPoint","urlTemplate":"https:\/\/digital58.com.ve\/site\/?s={search_term_string}"},"query-input":{"@type":"PropertyValueSpecification","valueRequired":true,"valueName":"search_term_string"}}],"inLanguage":"es"},{"@type":["Person","Organization"],"@id":"https:\/\/digital58.com.ve\/site\/#\/schema\/person\/64d1c2e4d0d4fd1b849980c4331c2951","name":"Villasmil Henry","image":{"@type":"ImageObject","inLanguage":"es","@id":"https:\/\/secure.gravatar.com\/avatar\/bb0c4a2fcb7970138239f7e404ea75757b1b507b28b5ce4c53fbd62d797c5a7c?s=96&d=mm&r=g","url":"https:\/\/secure.gravatar.com\/avatar\/bb0c4a2fcb7970138239f7e404ea75757b1b507b28b5ce4c53fbd62d797c5a7c?s=96&d=mm&r=g","contentUrl":"https:\/\/secure.gravatar.com\/avatar\/bb0c4a2fcb7970138239f7e404ea75757b1b507b28b5ce4c53fbd62d797c5a7c?s=96&d=mm&r=g","caption":"Villasmil Henry"},"logo":{"@id":"https:\/\/secure.gravatar.com\/avatar\/bb0c4a2fcb7970138239f7e404ea75757b1b507b28b5ce4c53fbd62d797c5a7c?s=96&d=mm&r=g"},"sameAs":["http:\/\/www.henryvillasmil.com.ve","https:\/\/www.instagram.com\/villasmilhfoto\/","https:\/\/x.com\/https:\/\/twitter.com\/villasmilhfoto"]},{"@type":"Person","@id":"https:\/\/digital58.com.ve\/site\/#\/schema\/person\/7c2c83fb27249d7c6f59c30c7f141381","name":"Victor Infante","image":{"@type":"ImageObject","inLanguage":"es","@id":"https:\/\/secure.gravatar.com\/avatar\/106ae6d84ee67222a78df20df89da71bb5069c89d1fd27272140999a3f842596?s=96&d=mm&r=g","url":"https:\/\/secure.gravatar.com\/avatar\/106ae6d84ee67222a78df20df89da71bb5069c89d1fd27272140999a3f842596?s=96&d=mm&r=g","contentUrl":"https:\/\/secure.gravatar.com\/avatar\/106ae6d84ee67222a78df20df89da71bb5069c89d1fd27272140999a3f842596?s=96&d=mm&r=g","caption":"Victor Infante"},"url":"https:\/\/digital58.com.ve\/site\/author\/vinfante22\/"}]}},"uagb_featured_image_src":{"full":["https:\/\/digital58.com.ve\/site\/wp-content\/uploads\/2020\/08\/papa-francisco-16.08-20.jpg",800,534,false],"thumbnail":["https:\/\/digital58.com.ve\/site\/wp-content\/uploads\/2020\/08\/papa-francisco-16.08-20-150x150.jpg",150,150,true],"medium":["https:\/\/digital58.com.ve\/site\/wp-content\/uploads\/2020\/08\/papa-francisco-16.08-20-300x200.jpg",300,200,true],"medium_large":["https:\/\/digital58.com.ve\/site\/wp-content\/uploads\/2020\/08\/papa-francisco-16.08-20-768x512.jpg",768,512,true],"large":["https:\/\/digital58.com.ve\/site\/wp-content\/uploads\/2020\/08\/papa-francisco-16.08-20.jpg",800,534,false],"1536x1536":["https:\/\/digital58.com.ve\/site\/wp-content\/uploads\/2020\/08\/papa-francisco-16.08-20.jpg",800,534,false],"2048x2048":["https:\/\/digital58.com.ve\/site\/wp-content\/uploads\/2020\/08\/papa-francisco-16.08-20.jpg",800,534,false],"colormag-highlighted-post":["https:\/\/digital58.com.ve\/site\/wp-content\/uploads\/2020\/08\/papa-francisco-16.08-20.jpg",392,262,false],"colormag-featured-post-medium":["https:\/\/digital58.com.ve\/site\/wp-content\/uploads\/2020\/08\/papa-francisco-16.08-20.jpg",307,205,false],"colormag-featured-post-small":["https:\/\/digital58.com.ve\/site\/wp-content\/uploads\/2020\/08\/papa-francisco-16.08-20.jpg",130,87,false],"colormag-featured-image":["https:\/\/digital58.com.ve\/site\/wp-content\/uploads\/2020\/08\/papa-francisco-16.08-20.jpg",667,445,false],"colormag-default-news":["https:\/\/digital58.com.ve\/site\/wp-content\/uploads\/2020\/08\/papa-francisco-16.08-20.jpg",150,100,false],"colormag-featured-image-large":["https:\/\/digital58.com.ve\/site\/wp-content\/uploads\/2020\/08\/papa-francisco-16.08-20.jpg",800,534,false]},"uagb_author_info":{"display_name":"Victor Infante","author_link":"https:\/\/digital58.com.ve\/site\/author\/vinfante22\/"},"uagb_comment_info":0,"uagb_excerpt":"Las disculpas llegan tras el encuentro de Francisco con ind\u00edgenas canadienses de los Inuit, M\u00e9tis y Primeras Naciones, que le","_links":{"self":[{"href":"https:\/\/digital58.com.ve\/site\/wp-json\/wp\/v2\/posts\/151032","targetHints":{"allow":["GET"]}}],"collection":[{"href":"https:\/\/digital58.com.ve\/site\/wp-json\/wp\/v2\/posts"}],"about":[{"href":"https:\/\/digital58.com.ve\/site\/wp-json\/wp\/v2\/types\/post"}],"author":[{"embeddable":true,"href":"https:\/\/digital58.com.ve\/site\/wp-json\/wp\/v2\/users\/40"}],"replies":[{"embeddable":true,"href":"https:\/\/digital58.com.ve\/site\/wp-json\/wp\/v2\/comments?post=151032"}],"version-history":[{"count":0,"href":"https:\/\/digital58.com.ve\/site\/wp-json\/wp\/v2\/posts\/151032\/revisions"}],"wp:featuredmedia":[{"embeddable":true,"href":"https:\/\/digital58.com.ve\/site\/wp-json\/wp\/v2\/media\/122405"}],"wp:attachment":[{"href":"https:\/\/digital58.com.ve\/site\/wp-json\/wp\/v2\/media?parent=151032"}],"wp:term":[{"taxonomy":"category","embeddable":true,"href":"https:\/\/digital58.com.ve\/site\/wp-json\/wp\/v2\/categories?post=151032"},{"taxonomy":"post_tag","embeddable":true,"href":"https:\/\/digital58.com.ve\/site\/wp-json\/wp\/v2\/tags?post=151032"}],"curies":[{"name":"wp","href":"https:\/\/api.w.org\/{rel}","templated":true}]}}