{"id":151151,"date":"2022-04-05T09:49:22","date_gmt":"2022-04-05T13:49:22","guid":{"rendered":"https:\/\/digital58.com.ve\/site\/?p=151151"},"modified":"2022-04-05T09:49:22","modified_gmt":"2022-04-05T13:49:22","slug":"repunta-la-inflacion-en-marzo-y-se-ubica-en-105-por-ciento-segun-el-ovf","status":"publish","type":"post","link":"https:\/\/digital58.com.ve\/site\/2022\/04\/05\/repunta-la-inflacion-en-marzo-y-se-ubica-en-105-por-ciento-segun-el-ovf\/","title":{"rendered":"Repunta la inflaci\u00f3n en marzo y se ubica en 10,5 por ciento seg\u00fan el OVF"},"content":{"rendered":"<p><img loading=\"lazy\" decoding=\"async\" class=\"alignnone size-full wp-image-151152\" src=\"https:\/\/digital58.com.ve\/site\/wp-content\/uploads\/2022\/04\/Atalayar_Moneda-Bolivar-Venezuela-Hiperinflacion.jpg\" alt=\"\" width=\"813\" height=\"558\" srcset=\"https:\/\/digital58.com.ve\/site\/wp-content\/uploads\/2022\/04\/Atalayar_Moneda-Bolivar-Venezuela-Hiperinflacion.jpg 813w, https:\/\/digital58.com.ve\/site\/wp-content\/uploads\/2022\/04\/Atalayar_Moneda-Bolivar-Venezuela-Hiperinflacion-300x206.jpg 300w, https:\/\/digital58.com.ve\/site\/wp-content\/uploads\/2022\/04\/Atalayar_Moneda-Bolivar-Venezuela-Hiperinflacion-768x527.jpg 768w\" sizes=\"auto, (max-width: 813px) 100vw, 813px\" \/><\/p>\n<p>Venezuela registr\u00f3 en marzo pasado una inflaci\u00f3n del 10,5 por ciento, lo que lleva a la acumulada del a\u00f1o a 17,8 por ciento, inform\u00f3 este lunes el Observatorio Venezolano de Finanzas (OVF), una instancia independiente integrada por expertos.<\/p>\n<p><strong>Caracas, 5 de abril de 2022 (ND58).-<\/strong> El incremento respecto al mes anterior fue de 8,8 puntos, ya que la inflaci\u00f3n en febrero fue del 1,7 por ciento, record\u00f3 el OVF, que a\u00f1adi\u00f3 que la interanual lleg\u00f3 al 251 por ciento en marzo, superando en 5 puntos la de mes precedente, cuando alcanz\u00f3 un 246 por ciento.<\/p>\n<p>Los rubros que registraron los mayores aumentos fueron equipamiento del hogar (105,9 por ciento), servicios (15,9 por ciento), comunicaciones (8,7 por ciento) y alimentos (3,1 por ciento).<\/p>\n<p>\u00abLa aceleraci\u00f3n de la inflaci\u00f3n ocurri\u00f3 en un contexto en el cual la tasa de cambio se apreci\u00f3. En efecto, mientras que en febrero el tipo de cambio del bol\u00edvar respecto al d\u00f3lar fue 4,63 bol\u00edvares por d\u00f3lar, en marzo se alcanz\u00f3 4,50 bol\u00edvares por d\u00f3lar, denotando una ca\u00edda de 2,8 por ciento\u00bb, afirm\u00f3.<\/p>\n<p>Asimismo, indic\u00f3 que eso sugiere que el anclaje del tipo de cambio es \u00abinsuficiente\u00bb para abatir de forma permanente la inflaci\u00f3n.<\/p><div class=\"abbfb69f28ee5370a1\" ><p style=\"text-align: center;\"><a href=\"https:\/\/t.me\/noticiasdigital58\" target=\"_blank\" rel=\"noopener\"><img class=\"aligncenter size-full wp-image-125363\" src=\"https:\/\/digital58.com.ve\/site\/wp-content\/uploads\/2021\/04\/banner-telegram-web-2021.png\" alt=\"\" width=\"600\" height=\"90\" \/><\/a><\/p><\/div><style type=\"text\/css\">\r\n@media screen and (min-width: 1201px) {\r\n.abbfb69f28ee5370a1 {\r\ndisplay: block;\r\n}\r\n}\r\n@media screen and (min-width: 993px) and (max-width: 1200px) {\r\n.abbfb69f28ee5370a1 {\r\ndisplay: block;\r\n}\r\n}\r\n@media screen and (min-width: 769px) and (max-width: 992px) {\r\n.abbfb69f28ee5370a1 {\r\ndisplay: block;\r\n}\r\n}\r\n@media screen and (min-width: 768px) and (max-width: 768px) {\r\n.abbfb69f28ee5370a1 {\r\ndisplay: block;\r\n}\r\n}\r\n@media screen and (max-width: 767px) {\r\n.abbfb69f28ee5370a1 {\r\ndisplay: block;\r\n}\r\n}\r\n<\/style>\r\n\n<p><strong>Redacci\u00f3n ND58 | Fuente: EFE<\/strong><br \/>\n<strong>Edici\u00f3n: \u00c1\u00f1ez, Caren<\/strong><br \/>\n<strong>Gr\u00e1fica: Cortes\u00eda<\/strong><\/p>\n<div style=\"margin-top: 0px; margin-bottom: 0px;\" class=\"sharethis-inline-share-buttons\" ><\/div>","protected":false},"excerpt":{"rendered":"<p>Venezuela registr\u00f3 en marzo pasado una inflaci\u00f3n del 10,5 por ciento, lo que lleva a la acumulada del a\u00f1o a<\/p>\n","protected":false},"author":39,"featured_media":151153,"comment_status":"open","ping_status":"closed","sticky":false,"template":"","format":"standard","meta":{"colormag_page_container_layout":"default_layout","colormag_page_sidebar_layout":"default_layout","_uag_custom_page_level_css":"","footnotes":""},"categories":[14499],"tags":[3144,17185,28029,233,23349,24749,32],"class_list":["post-151151","post","type-post","status-publish","format-standard","has-post-thumbnail","hentry","category-economia","tag-economia","tag-inflacion","tag-moneda","tag-nacionales","tag-observatorio-venezolano-de-finanzas","tag-ovf","tag-venezuela"],"yoast_head":"<!-- This site is optimized with the Yoast SEO plugin v27.5 - https:\/\/yoast.com\/product\/yoast-seo-wordpress\/ -->\n<title>Repunta la inflaci\u00f3n en marzo y se ubica en 10,5 por ciento seg\u00fan el OVF<\/title>\n<meta name=\"description\" content=\"Econom\u00eda\" \/>\n<meta name=\"robots\" content=\"index, follow, max-snippet:-1, max-image-preview:large, max-video-preview:-1\" \/>\n<link rel=\"canonical\" href=\"https:\/\/digital58.com.ve\/site\/2022\/04\/05\/repunta-la-inflacion-en-marzo-y-se-ubica-en-105-por-ciento-segun-el-ovf\/\" \/>\n<meta property=\"og:locale\" content=\"es_ES\" \/>\n<meta property=\"og:type\" content=\"article\" \/>\n<meta property=\"og:title\" content=\"Repunta la inflaci\u00f3n en marzo y se ubica en 10,5 por ciento seg\u00fan el OVF\" \/>\n<meta property=\"og:description\" content=\"Econom\u00eda\" \/>\n<meta property=\"og:url\" content=\"https:\/\/digital58.com.ve\/site\/2022\/04\/05\/repunta-la-inflacion-en-marzo-y-se-ubica-en-105-por-ciento-segun-el-ovf\/\" \/>\n<meta property=\"og:site_name\" content=\"Noticias Digital58\" \/>\n<meta property=\"article:published_time\" content=\"2022-04-05T13:49:22+00:00\" \/>\n<meta property=\"og:image\" content=\"https:\/\/digital58.com.ve\/site\/wp-content\/uploads\/2022\/04\/840_560.jpg\" \/>\n\t<meta property=\"og:image:width\" content=\"678\" \/>\n\t<meta property=\"og:image:height\" content=\"419\" \/>\n\t<meta property=\"og:image:type\" content=\"image\/jpeg\" \/>\n<meta name=\"author\" content=\"Caren A\u00f1ez\" \/>\n<meta name=\"twitter:card\" content=\"summary_large_image\" \/>\n<meta name=\"twitter:creator\" content=\"@carenanez\" \/>\n<meta name=\"twitter:site\" content=\"@villasmilhfoto\" \/>\n<meta name=\"twitter:label1\" content=\"Escrito por\" \/>\n\t<meta name=\"twitter:data1\" content=\"Caren A\u00f1ez\" \/>\n\t<meta name=\"twitter:label2\" content=\"Tiempo estimado de lectura\" \/>\n\t<meta name=\"twitter:data2\" content=\"2 minutos\" \/>\n<script type=\"application\/ld+json\" class=\"yoast-schema-graph\">{\"@context\":\"https:\\\/\\\/schema.org\",\"@graph\":[{\"@type\":\"Article\",\"@id\":\"https:\\\/\\\/digital58.com.ve\\\/site\\\/2022\\\/04\\\/05\\\/repunta-la-inflacion-en-marzo-y-se-ubica-en-105-por-ciento-segun-el-ovf\\\/#article\",\"isPartOf\":{\"@id\":\"https:\\\/\\\/digital58.com.ve\\\/site\\\/2022\\\/04\\\/05\\\/repunta-la-inflacion-en-marzo-y-se-ubica-en-105-por-ciento-segun-el-ovf\\\/\"},\"author\":{\"name\":\"Caren A\u00f1ez\",\"@id\":\"https:\\\/\\\/digital58.com.ve\\\/site\\\/#\\\/schema\\\/person\\\/38596b127602deaa13fbcd7585635238\"},\"headline\":\"Repunta la inflaci\u00f3n en marzo y se ubica en 10,5 por ciento seg\u00fan el OVF\",\"datePublished\":\"2022-04-05T13:49:22+00:00\",\"mainEntityOfPage\":{\"@id\":\"https:\\\/\\\/digital58.com.ve\\\/site\\\/2022\\\/04\\\/05\\\/repunta-la-inflacion-en-marzo-y-se-ubica-en-105-por-ciento-segun-el-ovf\\\/\"},\"wordCount\":225,\"commentCount\":0,\"publisher\":{\"@id\":\"https:\\\/\\\/digital58.com.ve\\\/site\\\/#\\\/schema\\\/person\\\/64d1c2e4d0d4fd1b849980c4331c2951\"},\"image\":{\"@id\":\"https:\\\/\\\/digital58.com.ve\\\/site\\\/2022\\\/04\\\/05\\\/repunta-la-inflacion-en-marzo-y-se-ubica-en-105-por-ciento-segun-el-ovf\\\/#primaryimage\"},\"thumbnailUrl\":\"https:\\\/\\\/digital58.com.ve\\\/site\\\/wp-content\\\/uploads\\\/2022\\\/04\\\/840_560.jpg\",\"keywords\":[\"Econom\u00eda\",\"inflaci\u00f3n\",\"moneda\",\"Nacionales\",\"Observatorio Venezolano de Finanzas\",\"OVF\",\"Venezuela\"],\"articleSection\":[\"Econom\u00eda\"],\"inLanguage\":\"es\",\"potentialAction\":[{\"@type\":\"CommentAction\",\"name\":\"Comment\",\"target\":[\"https:\\\/\\\/digital58.com.ve\\\/site\\\/2022\\\/04\\\/05\\\/repunta-la-inflacion-en-marzo-y-se-ubica-en-105-por-ciento-segun-el-ovf\\\/#respond\"]}]},{\"@type\":\"WebPage\",\"@id\":\"https:\\\/\\\/digital58.com.ve\\\/site\\\/2022\\\/04\\\/05\\\/repunta-la-inflacion-en-marzo-y-se-ubica-en-105-por-ciento-segun-el-ovf\\\/\",\"url\":\"https:\\\/\\\/digital58.com.ve\\\/site\\\/2022\\\/04\\\/05\\\/repunta-la-inflacion-en-marzo-y-se-ubica-en-105-por-ciento-segun-el-ovf\\\/\",\"name\":\"Repunta la inflaci\u00f3n en marzo y se ubica en 10,5 por ciento seg\u00fan el OVF\",\"isPartOf\":{\"@id\":\"https:\\\/\\\/digital58.com.ve\\\/site\\\/#website\"},\"primaryImageOfPage\":{\"@id\":\"https:\\\/\\\/digital58.com.ve\\\/site\\\/2022\\\/04\\\/05\\\/repunta-la-inflacion-en-marzo-y-se-ubica-en-105-por-ciento-segun-el-ovf\\\/#primaryimage\"},\"image\":{\"@id\":\"https:\\\/\\\/digital58.com.ve\\\/site\\\/2022\\\/04\\\/05\\\/repunta-la-inflacion-en-marzo-y-se-ubica-en-105-por-ciento-segun-el-ovf\\\/#primaryimage\"},\"thumbnailUrl\":\"https:\\\/\\\/digital58.com.ve\\\/site\\\/wp-content\\\/uploads\\\/2022\\\/04\\\/840_560.jpg\",\"datePublished\":\"2022-04-05T13:49:22+00:00\",\"description\":\"Econom\u00eda\",\"breadcrumb\":{\"@id\":\"https:\\\/\\\/digital58.com.ve\\\/site\\\/2022\\\/04\\\/05\\\/repunta-la-inflacion-en-marzo-y-se-ubica-en-105-por-ciento-segun-el-ovf\\\/#breadcrumb\"},\"inLanguage\":\"es\",\"potentialAction\":[{\"@type\":\"ReadAction\",\"target\":[\"https:\\\/\\\/digital58.com.ve\\\/site\\\/2022\\\/04\\\/05\\\/repunta-la-inflacion-en-marzo-y-se-ubica-en-105-por-ciento-segun-el-ovf\\\/\"]}]},{\"@type\":\"ImageObject\",\"inLanguage\":\"es\",\"@id\":\"https:\\\/\\\/digital58.com.ve\\\/site\\\/2022\\\/04\\\/05\\\/repunta-la-inflacion-en-marzo-y-se-ubica-en-105-por-ciento-segun-el-ovf\\\/#primaryimage\",\"url\":\"https:\\\/\\\/digital58.com.ve\\\/site\\\/wp-content\\\/uploads\\\/2022\\\/04\\\/840_560.jpg\",\"contentUrl\":\"https:\\\/\\\/digital58.com.ve\\\/site\\\/wp-content\\\/uploads\\\/2022\\\/04\\\/840_560.jpg\",\"width\":678,\"height\":419},{\"@type\":\"BreadcrumbList\",\"@id\":\"https:\\\/\\\/digital58.com.ve\\\/site\\\/2022\\\/04\\\/05\\\/repunta-la-inflacion-en-marzo-y-se-ubica-en-105-por-ciento-segun-el-ovf\\\/#breadcrumb\",\"itemListElement\":[{\"@type\":\"ListItem\",\"position\":1,\"name\":\"Home\",\"item\":\"https:\\\/\\\/digital58.com.ve\\\/site\\\/\"},{\"@type\":\"ListItem\",\"position\":2,\"name\":\"Repunta la inflaci\u00f3n en marzo y se ubica en 10,5 por ciento seg\u00fan el OVF\"}]},{\"@type\":\"WebSite\",\"@id\":\"https:\\\/\\\/digital58.com.ve\\\/site\\\/#website\",\"url\":\"https:\\\/\\\/digital58.com.ve\\\/site\\\/\",\"name\":\"Noticias Digital58\",\"description\":\"Portal de Noticias \u00a1Periodismo web de verdad! Lanzamiento web 22.11.2005 \\\/ Maracaibo, Venezuela\",\"publisher\":{\"@id\":\"https:\\\/\\\/digital58.com.ve\\\/site\\\/#\\\/schema\\\/person\\\/64d1c2e4d0d4fd1b849980c4331c2951\"},\"alternateName\":\"ND58\",\"potentialAction\":[{\"@type\":\"SearchAction\",\"target\":{\"@type\":\"EntryPoint\",\"urlTemplate\":\"https:\\\/\\\/digital58.com.ve\\\/site\\\/?s={search_term_string}\"},\"query-input\":{\"@type\":\"PropertyValueSpecification\",\"valueRequired\":true,\"valueName\":\"search_term_string\"}}],\"inLanguage\":\"es\"},{\"@type\":[\"Person\",\"Organization\"],\"@id\":\"https:\\\/\\\/digital58.com.ve\\\/site\\\/#\\\/schema\\\/person\\\/64d1c2e4d0d4fd1b849980c4331c2951\",\"name\":\"Villasmil Henry\",\"image\":{\"@type\":\"ImageObject\",\"inLanguage\":\"es\",\"@id\":\"https:\\\/\\\/secure.gravatar.com\\\/avatar\\\/bb0c4a2fcb7970138239f7e404ea75757b1b507b28b5ce4c53fbd62d797c5a7c?s=96&d=mm&r=g\",\"url\":\"https:\\\/\\\/secure.gravatar.com\\\/avatar\\\/bb0c4a2fcb7970138239f7e404ea75757b1b507b28b5ce4c53fbd62d797c5a7c?s=96&d=mm&r=g\",\"contentUrl\":\"https:\\\/\\\/secure.gravatar.com\\\/avatar\\\/bb0c4a2fcb7970138239f7e404ea75757b1b507b28b5ce4c53fbd62d797c5a7c?s=96&d=mm&r=g\",\"caption\":\"Villasmil Henry\"},\"logo\":{\"@id\":\"https:\\\/\\\/secure.gravatar.com\\\/avatar\\\/bb0c4a2fcb7970138239f7e404ea75757b1b507b28b5ce4c53fbd62d797c5a7c?s=96&d=mm&r=g\"},\"sameAs\":[\"http:\\\/\\\/www.henryvillasmil.com.ve\",\"https:\\\/\\\/www.instagram.com\\\/villasmilhfoto\\\/\",\"https:\\\/\\\/x.com\\\/https:\\\/\\\/twitter.com\\\/villasmilhfoto\"]},{\"@type\":\"Person\",\"@id\":\"https:\\\/\\\/digital58.com.ve\\\/site\\\/#\\\/schema\\\/person\\\/38596b127602deaa13fbcd7585635238\",\"name\":\"Caren A\u00f1ez\",\"image\":{\"@type\":\"ImageObject\",\"inLanguage\":\"es\",\"@id\":\"https:\\\/\\\/secure.gravatar.com\\\/avatar\\\/53aadd693aa414991c9ff2f2b19c39be94d2c342463b80f5402d344911bc9782?s=96&d=mm&r=g\",\"url\":\"https:\\\/\\\/secure.gravatar.com\\\/avatar\\\/53aadd693aa414991c9ff2f2b19c39be94d2c342463b80f5402d344911bc9782?s=96&d=mm&r=g\",\"contentUrl\":\"https:\\\/\\\/secure.gravatar.com\\\/avatar\\\/53aadd693aa414991c9ff2f2b19c39be94d2c342463b80f5402d344911bc9782?s=96&d=mm&r=g\",\"caption\":\"Caren A\u00f1ez\"},\"description\":\"\ud83d\udc69\u200d\ud83c\udfa4Editora en @digital_58 \ud83d\udc69\ud83c\udffb\u200d\ud83c\udfebPeriodista musical y de entretenimiento. \ud83d\udcf8Fotografa \ud83d\udc69\ud83c\udffb\u200d\ud83d\udcbbMedia Management. \ud83d\udc69\u200d\ud83d\udc67\u200d\ud83d\udc67AspieMon 24\\\/7\",\"sameAs\":[\"https:\\\/\\\/www.instagram.com\\\/carenanez\\\/\",\"https:\\\/\\\/x.com\\\/carenanez\"],\"url\":\"https:\\\/\\\/digital58.com.ve\\\/site\\\/author\\\/carena21\\\/\"}]}<\/script>\n<!-- \/ Yoast SEO plugin. -->","yoast_head_json":{"title":"Repunta la inflaci\u00f3n en marzo y se ubica en 10,5 por ciento seg\u00fan el OVF","description":"Econom\u00eda","robots":{"index":"index","follow":"follow","max-snippet":"max-snippet:-1","max-image-preview":"max-image-preview:large","max-video-preview":"max-video-preview:-1"},"canonical":"https:\/\/digital58.com.ve\/site\/2022\/04\/05\/repunta-la-inflacion-en-marzo-y-se-ubica-en-105-por-ciento-segun-el-ovf\/","og_locale":"es_ES","og_type":"article","og_title":"Repunta la inflaci\u00f3n en marzo y se ubica en 10,5 por ciento seg\u00fan el OVF","og_description":"Econom\u00eda","og_url":"https:\/\/digital58.com.ve\/site\/2022\/04\/05\/repunta-la-inflacion-en-marzo-y-se-ubica-en-105-por-ciento-segun-el-ovf\/","og_site_name":"Noticias Digital58","article_published_time":"2022-04-05T13:49:22+00:00","og_image":[{"width":678,"height":419,"url":"https:\/\/digital58.com.ve\/site\/wp-content\/uploads\/2022\/04\/840_560.jpg","type":"image\/jpeg"}],"author":"Caren A\u00f1ez","twitter_card":"summary_large_image","twitter_creator":"@carenanez","twitter_site":"@villasmilhfoto","twitter_misc":{"Escrito por":"Caren A\u00f1ez","Tiempo estimado de lectura":"2 minutos"},"schema":{"@context":"https:\/\/schema.org","@graph":[{"@type":"Article","@id":"https:\/\/digital58.com.ve\/site\/2022\/04\/05\/repunta-la-inflacion-en-marzo-y-se-ubica-en-105-por-ciento-segun-el-ovf\/#article","isPartOf":{"@id":"https:\/\/digital58.com.ve\/site\/2022\/04\/05\/repunta-la-inflacion-en-marzo-y-se-ubica-en-105-por-ciento-segun-el-ovf\/"},"author":{"name":"Caren A\u00f1ez","@id":"https:\/\/digital58.com.ve\/site\/#\/schema\/person\/38596b127602deaa13fbcd7585635238"},"headline":"Repunta la inflaci\u00f3n en marzo y se ubica en 10,5 por ciento seg\u00fan el OVF","datePublished":"2022-04-05T13:49:22+00:00","mainEntityOfPage":{"@id":"https:\/\/digital58.com.ve\/site\/2022\/04\/05\/repunta-la-inflacion-en-marzo-y-se-ubica-en-105-por-ciento-segun-el-ovf\/"},"wordCount":225,"commentCount":0,"publisher":{"@id":"https:\/\/digital58.com.ve\/site\/#\/schema\/person\/64d1c2e4d0d4fd1b849980c4331c2951"},"image":{"@id":"https:\/\/digital58.com.ve\/site\/2022\/04\/05\/repunta-la-inflacion-en-marzo-y-se-ubica-en-105-por-ciento-segun-el-ovf\/#primaryimage"},"thumbnailUrl":"https:\/\/digital58.com.ve\/site\/wp-content\/uploads\/2022\/04\/840_560.jpg","keywords":["Econom\u00eda","inflaci\u00f3n","moneda","Nacionales","Observatorio Venezolano de Finanzas","OVF","Venezuela"],"articleSection":["Econom\u00eda"],"inLanguage":"es","potentialAction":[{"@type":"CommentAction","name":"Comment","target":["https:\/\/digital58.com.ve\/site\/2022\/04\/05\/repunta-la-inflacion-en-marzo-y-se-ubica-en-105-por-ciento-segun-el-ovf\/#respond"]}]},{"@type":"WebPage","@id":"https:\/\/digital58.com.ve\/site\/2022\/04\/05\/repunta-la-inflacion-en-marzo-y-se-ubica-en-105-por-ciento-segun-el-ovf\/","url":"https:\/\/digital58.com.ve\/site\/2022\/04\/05\/repunta-la-inflacion-en-marzo-y-se-ubica-en-105-por-ciento-segun-el-ovf\/","name":"Repunta la inflaci\u00f3n en marzo y se ubica en 10,5 por ciento seg\u00fan el OVF","isPartOf":{"@id":"https:\/\/digital58.com.ve\/site\/#website"},"primaryImageOfPage":{"@id":"https:\/\/digital58.com.ve\/site\/2022\/04\/05\/repunta-la-inflacion-en-marzo-y-se-ubica-en-105-por-ciento-segun-el-ovf\/#primaryimage"},"image":{"@id":"https:\/\/digital58.com.ve\/site\/2022\/04\/05\/repunta-la-inflacion-en-marzo-y-se-ubica-en-105-por-ciento-segun-el-ovf\/#primaryimage"},"thumbnailUrl":"https:\/\/digital58.com.ve\/site\/wp-content\/uploads\/2022\/04\/840_560.jpg","datePublished":"2022-04-05T13:49:22+00:00","description":"Econom\u00eda","breadcrumb":{"@id":"https:\/\/digital58.com.ve\/site\/2022\/04\/05\/repunta-la-inflacion-en-marzo-y-se-ubica-en-105-por-ciento-segun-el-ovf\/#breadcrumb"},"inLanguage":"es","potentialAction":[{"@type":"ReadAction","target":["https:\/\/digital58.com.ve\/site\/2022\/04\/05\/repunta-la-inflacion-en-marzo-y-se-ubica-en-105-por-ciento-segun-el-ovf\/"]}]},{"@type":"ImageObject","inLanguage":"es","@id":"https:\/\/digital58.com.ve\/site\/2022\/04\/05\/repunta-la-inflacion-en-marzo-y-se-ubica-en-105-por-ciento-segun-el-ovf\/#primaryimage","url":"https:\/\/digital58.com.ve\/site\/wp-content\/uploads\/2022\/04\/840_560.jpg","contentUrl":"https:\/\/digital58.com.ve\/site\/wp-content\/uploads\/2022\/04\/840_560.jpg","width":678,"height":419},{"@type":"BreadcrumbList","@id":"https:\/\/digital58.com.ve\/site\/2022\/04\/05\/repunta-la-inflacion-en-marzo-y-se-ubica-en-105-por-ciento-segun-el-ovf\/#breadcrumb","itemListElement":[{"@type":"ListItem","position":1,"name":"Home","item":"https:\/\/digital58.com.ve\/site\/"},{"@type":"ListItem","position":2,"name":"Repunta la inflaci\u00f3n en marzo y se ubica en 10,5 por ciento seg\u00fan el OVF"}]},{"@type":"WebSite","@id":"https:\/\/digital58.com.ve\/site\/#website","url":"https:\/\/digital58.com.ve\/site\/","name":"Noticias Digital58","description":"Portal de Noticias \u00a1Periodismo web de verdad! Lanzamiento web 22.11.2005 \/ Maracaibo, Venezuela","publisher":{"@id":"https:\/\/digital58.com.ve\/site\/#\/schema\/person\/64d1c2e4d0d4fd1b849980c4331c2951"},"alternateName":"ND58","potentialAction":[{"@type":"SearchAction","target":{"@type":"EntryPoint","urlTemplate":"https:\/\/digital58.com.ve\/site\/?s={search_term_string}"},"query-input":{"@type":"PropertyValueSpecification","valueRequired":true,"valueName":"search_term_string"}}],"inLanguage":"es"},{"@type":["Person","Organization"],"@id":"https:\/\/digital58.com.ve\/site\/#\/schema\/person\/64d1c2e4d0d4fd1b849980c4331c2951","name":"Villasmil Henry","image":{"@type":"ImageObject","inLanguage":"es","@id":"https:\/\/secure.gravatar.com\/avatar\/bb0c4a2fcb7970138239f7e404ea75757b1b507b28b5ce4c53fbd62d797c5a7c?s=96&d=mm&r=g","url":"https:\/\/secure.gravatar.com\/avatar\/bb0c4a2fcb7970138239f7e404ea75757b1b507b28b5ce4c53fbd62d797c5a7c?s=96&d=mm&r=g","contentUrl":"https:\/\/secure.gravatar.com\/avatar\/bb0c4a2fcb7970138239f7e404ea75757b1b507b28b5ce4c53fbd62d797c5a7c?s=96&d=mm&r=g","caption":"Villasmil Henry"},"logo":{"@id":"https:\/\/secure.gravatar.com\/avatar\/bb0c4a2fcb7970138239f7e404ea75757b1b507b28b5ce4c53fbd62d797c5a7c?s=96&d=mm&r=g"},"sameAs":["http:\/\/www.henryvillasmil.com.ve","https:\/\/www.instagram.com\/villasmilhfoto\/","https:\/\/x.com\/https:\/\/twitter.com\/villasmilhfoto"]},{"@type":"Person","@id":"https:\/\/digital58.com.ve\/site\/#\/schema\/person\/38596b127602deaa13fbcd7585635238","name":"Caren A\u00f1ez","image":{"@type":"ImageObject","inLanguage":"es","@id":"https:\/\/secure.gravatar.com\/avatar\/53aadd693aa414991c9ff2f2b19c39be94d2c342463b80f5402d344911bc9782?s=96&d=mm&r=g","url":"https:\/\/secure.gravatar.com\/avatar\/53aadd693aa414991c9ff2f2b19c39be94d2c342463b80f5402d344911bc9782?s=96&d=mm&r=g","contentUrl":"https:\/\/secure.gravatar.com\/avatar\/53aadd693aa414991c9ff2f2b19c39be94d2c342463b80f5402d344911bc9782?s=96&d=mm&r=g","caption":"Caren A\u00f1ez"},"description":"\ud83d\udc69\u200d\ud83c\udfa4Editora en @digital_58 \ud83d\udc69\ud83c\udffb\u200d\ud83c\udfebPeriodista musical y de entretenimiento. \ud83d\udcf8Fotografa \ud83d\udc69\ud83c\udffb\u200d\ud83d\udcbbMedia Management. \ud83d\udc69\u200d\ud83d\udc67\u200d\ud83d\udc67AspieMon 24\/7","sameAs":["https:\/\/www.instagram.com\/carenanez\/","https:\/\/x.com\/carenanez"],"url":"https:\/\/digital58.com.ve\/site\/author\/carena21\/"}]}},"uagb_featured_image_src":{"full":["https:\/\/digital58.com.ve\/site\/wp-content\/uploads\/2022\/04\/840_560.jpg",678,419,false],"thumbnail":["https:\/\/digital58.com.ve\/site\/wp-content\/uploads\/2022\/04\/840_560-150x150.jpg",150,150,true],"medium":["https:\/\/digital58.com.ve\/site\/wp-content\/uploads\/2022\/04\/840_560-300x185.jpg",300,185,true],"medium_large":["https:\/\/digital58.com.ve\/site\/wp-content\/uploads\/2022\/04\/840_560.jpg",678,419,false],"large":["https:\/\/digital58.com.ve\/site\/wp-content\/uploads\/2022\/04\/840_560.jpg",678,419,false],"1536x1536":["https:\/\/digital58.com.ve\/site\/wp-content\/uploads\/2022\/04\/840_560.jpg",678,419,false],"2048x2048":["https:\/\/digital58.com.ve\/site\/wp-content\/uploads\/2022\/04\/840_560.jpg",678,419,false],"colormag-highlighted-post":["https:\/\/digital58.com.ve\/site\/wp-content\/uploads\/2022\/04\/840_560.jpg",392,242,false],"colormag-featured-post-medium":["https:\/\/digital58.com.ve\/site\/wp-content\/uploads\/2022\/04\/840_560.jpg",332,205,false],"colormag-featured-post-small":["https:\/\/digital58.com.ve\/site\/wp-content\/uploads\/2022\/04\/840_560.jpg",130,80,false],"colormag-featured-image":["https:\/\/digital58.com.ve\/site\/wp-content\/uploads\/2022\/04\/840_560.jpg",678,419,false],"colormag-default-news":["https:\/\/digital58.com.ve\/site\/wp-content\/uploads\/2022\/04\/840_560.jpg",150,93,false],"colormag-featured-image-large":["https:\/\/digital58.com.ve\/site\/wp-content\/uploads\/2022\/04\/840_560.jpg",678,419,false]},"uagb_author_info":{"display_name":"Caren A\u00f1ez","author_link":"https:\/\/digital58.com.ve\/site\/author\/carena21\/"},"uagb_comment_info":0,"uagb_excerpt":"Venezuela registr\u00f3 en marzo pasado una inflaci\u00f3n del 10,5 por ciento, lo que lleva a la acumulada del a\u00f1o a","_links":{"self":[{"href":"https:\/\/digital58.com.ve\/site\/wp-json\/wp\/v2\/posts\/151151","targetHints":{"allow":["GET"]}}],"collection":[{"href":"https:\/\/digital58.com.ve\/site\/wp-json\/wp\/v2\/posts"}],"about":[{"href":"https:\/\/digital58.com.ve\/site\/wp-json\/wp\/v2\/types\/post"}],"author":[{"embeddable":true,"href":"https:\/\/digital58.com.ve\/site\/wp-json\/wp\/v2\/users\/39"}],"replies":[{"embeddable":true,"href":"https:\/\/digital58.com.ve\/site\/wp-json\/wp\/v2\/comments?post=151151"}],"version-history":[{"count":0,"href":"https:\/\/digital58.com.ve\/site\/wp-json\/wp\/v2\/posts\/151151\/revisions"}],"wp:featuredmedia":[{"embeddable":true,"href":"https:\/\/digital58.com.ve\/site\/wp-json\/wp\/v2\/media\/151153"}],"wp:attachment":[{"href":"https:\/\/digital58.com.ve\/site\/wp-json\/wp\/v2\/media?parent=151151"}],"wp:term":[{"taxonomy":"category","embeddable":true,"href":"https:\/\/digital58.com.ve\/site\/wp-json\/wp\/v2\/categories?post=151151"},{"taxonomy":"post_tag","embeddable":true,"href":"https:\/\/digital58.com.ve\/site\/wp-json\/wp\/v2\/tags?post=151151"}],"curies":[{"name":"wp","href":"https:\/\/api.w.org\/{rel}","templated":true}]}}