{"id":151398,"date":"2022-04-12T09:49:39","date_gmt":"2022-04-12T13:49:39","guid":{"rendered":"https:\/\/digital58.com.ve\/site\/?p=151398"},"modified":"2022-04-12T09:49:39","modified_gmt":"2022-04-12T13:49:39","slug":"el-comercio-mundial-sufrira-gravemente-por-la-guerra-y-el-confinamiento-en-china","status":"publish","type":"post","link":"https:\/\/digital58.com.ve\/site\/2022\/04\/12\/el-comercio-mundial-sufrira-gravemente-por-la-guerra-y-el-confinamiento-en-china\/","title":{"rendered":"El comercio mundial sufrir\u00e1 gravemente por la guerra y el confinamiento en China"},"content":{"rendered":"<p><img loading=\"lazy\" decoding=\"async\" class=\" wp-image-150732 aligncenter\" src=\"https:\/\/digital58.com.ve\/site\/wp-content\/uploads\/2022\/03\/petroleo-1-300x200.jpg\" alt=\"\" width=\"802\" height=\"534\" \/><\/p>\n<p>De acuerdo a los c\u00e1lculos de los analistas de la OMC, el volumen del comercio de mercanc\u00edas crecer\u00e1 un 3% en 2022 y un 3,4% en 2023<\/p>\n<p><strong>Internacionales, 12 de abril de 2022 (ND58).-<\/strong> Las perspectivas del comercio mundial son pesimistas por la combinaci\u00f3n del impacto de la guerra en Ucrania, las sanciones contra Rusia y los confinamientos impuestos en China para controlar los brotes de COVID-19, que est\u00e1n perturbando nuevamente el comercio mar\u00edtimo.<\/p>\n<p>Estos son los principales focos de preocupaci\u00f3n desde el punto de vista comercial que ha expuesto hoy la Organizaci\u00f3n Mundial del Comercio (OMC) en la presentaci\u00f3n de sus estad\u00edsticas y proyecciones para este y el pr\u00f3ximo a\u00f1o.<\/p>\n<p>De acuerdo a los c\u00e1lculos de los analistas de la OMC, el volumen del comercio de mercanc\u00edas crecer\u00e1 un 3% en 2022 (frente al 4,7% que se proyectaba el pasado octubre) y un 3,4% en 2023, en medio de un deterioro no s\u00f3lo del comercio, sino tambi\u00e9n de la producci\u00f3n industrial.<\/p>\n<p>\u00abDada la situaci\u00f3n tan cambiante calculamos que el crecimiento del volumen del comercio de mercanc\u00edas podr\u00eda ser de tan solo el 0, 5% o alcanzar el 5,5%, as\u00ed que vemos la (amplia) horquilla que estamos manejando y que evidencia la incertidumbre que hay\u00bb, explic\u00f3 la directora general de la OMC, Ngozi Okonjo-Iweala, en una rueda de prensa.<\/p>\n<p>Del lado del PIB mundial se anuncia un aumento del 2,8% este a\u00f1o, la mitad del crecimiento que se experiment\u00f3 en 2021 (5,7%). En caso de que la incertidumbre geopol\u00edtica persista, se anticipa que el crecimiento de este importante indicador ser\u00eda del 3, 2% en 2023.<\/p>\n<p>\u00abLos \u00faltimos a\u00f1os han sido complicados para la econom\u00eda mundial, la pandemia sigue causando problemas econ\u00f3micos en distintas partes del mundo y ahora tenemos que prepararnos para las consecuencias de la guerra en Ucrania, que se dejar\u00e1n sentir muy lejos\u00bb, dijo Okonjo-Iweala.<\/p>\n<p>Sostuvo que \u00abel doble impacto\u00bb de la pandemia y la guerra \u00abhan perturbado las cadenas de suministro, perturbado la presi\u00f3n inflacionista y reducido las expectativas de crecimiento de la producci\u00f3n y del comercio\u00bb.<\/p>\n<p>La responsable de la organizaci\u00f3n destac\u00f3 que \u00ablo curioso es constatar la capacidad de resistencia del comercio internacional y que sigamos anticipando un crecimiento a pesar de todas estas crisis\u00bb<\/p>\n<p>Seg\u00fan la evaluaci\u00f3n de la OMC, el efecto m\u00e1s inmediato de la guerra en la econom\u00eda ha sido un repunte considerable de los precios de los alimentos, de la energ\u00eda, de los fertilizantes y de algunos minerales importantes de los que Ucrania y Rusia son proveedores esenciales para los mercados mundiales.<\/p>\n<p>La pandemia ya hab\u00eda puesto los precios de la energ\u00eda y los alimentos por encima de los promedios hist\u00f3ricos, lo que afect\u00f3 m\u00e1s a los pa\u00edses de bajos ingresos y con d\u00e9ficit de alimentos, cuyos precios aumentaron una media del 20% el a\u00f1o pasado o 120.000 millones de d\u00f3lares.<\/p>\n<p>La OMC tambi\u00e9n alerta en su an\u00e1lisis del riesgo de \u00abla desintegraci\u00f3n de la econom\u00eda mundial en bloques separados\u00bb o el surgimiento de sistemas comerciales paralelos que podr\u00edan repercutir en las cadenas de suministro que ya fueron puestas a dura prueba durante la pandemia, por el estallido de la demanda de mercanc\u00edas.<\/p>\n<p>Como consecuencia de los confinamientos, la demanda de servicios cay\u00f3 fuertemente y la gente se volc\u00f3 a comprar productos mediante el comercio electr\u00f3nico, lo que explica que el comercio de mercanc\u00edas haya crecido un 9,8% en 2021.<\/p>\n<p>Seg\u00fan Okonjo-Iweala, la creaci\u00f3n de esferas comerciales har\u00eda sufrir a la econom\u00eda y los costes en materia de eficiencia que se generar\u00edan \u00abser\u00edan enormes\u00bb.<\/p>\n<p>\u00abHay que reflexionar antes de plantear la posibilidad de crear distintas esferas de comercio, lo que debe preocuparnos m\u00e1s son los problemas estructurales de las cadenas de suministro que remontan incluso a antes de la pandemia, que las agrav\u00f3\u00bb, sostuvo la directora de la OMC.<\/p>\n<p>&nbsp;<\/p><div class=\"dkvnt6a97c2c4d6eca\" ><p style=\"text-align: center;\"><a href=\"https:\/\/t.me\/noticiasdigital58\" target=\"_blank\" rel=\"noopener\"><img class=\"aligncenter size-full wp-image-125363\" src=\"https:\/\/digital58.com.ve\/site\/wp-content\/uploads\/2021\/04\/banner-telegram-web-2021.png\" alt=\"\" width=\"600\" height=\"90\" \/><\/a><\/p><\/div><style type=\"text\/css\">\r\n@media screen and (min-width: 1201px) {\r\n.dkvnt6a97c2c4d6eca {\r\ndisplay: block;\r\n}\r\n}\r\n@media screen and (min-width: 993px) and (max-width: 1200px) {\r\n.dkvnt6a97c2c4d6eca {\r\ndisplay: block;\r\n}\r\n}\r\n@media screen and (min-width: 769px) and (max-width: 992px) {\r\n.dkvnt6a97c2c4d6eca {\r\ndisplay: block;\r\n}\r\n}\r\n@media screen and (min-width: 768px) and (max-width: 768px) {\r\n.dkvnt6a97c2c4d6eca {\r\ndisplay: block;\r\n}\r\n}\r\n@media screen and (max-width: 767px) {\r\n.dkvnt6a97c2c4d6eca {\r\ndisplay: block;\r\n}\r\n}\r\n<\/style>\r\n\n<p><strong>Redacci\u00f3n ND58 | Fuente: EFE<\/strong><br \/>\n<strong>Edici\u00f3n: Villasmil, Henry<\/strong><br \/>\n<strong>Gr\u00e1fica: Cortes\u00eda<\/strong><\/p>\n<div style=\"margin-top: 0px; margin-bottom: 0px;\" class=\"sharethis-inline-share-buttons\" ><\/div>","protected":false},"excerpt":{"rendered":"<p>De acuerdo a los c\u00e1lculos de los analistas de la OMC, el volumen del comercio de mercanc\u00edas crecer\u00e1 un 3%<\/p>\n","protected":false},"author":40,"featured_media":151399,"comment_status":"open","ping_status":"closed","sticky":false,"template":"","format":"standard","meta":{"colormag_page_container_layout":"default_layout","colormag_page_sidebar_layout":"default_layout","_uag_custom_page_level_css":"","footnotes":""},"categories":[8608],"tags":[28098,13648,3144,27224,8,26112,28097,19517],"class_list":["post-151398","post","type-post","status-publish","format-standard","has-post-thumbnail","hentry","category-reportajes-especiales","tag-caida-economica","tag-covid-19","tag-economia","tag-guerra","tag-internacionales","tag-omc","tag-organizacion-mundial-del-comercio","tag-pib"],"yoast_head":"<!-- This site is optimized with the Yoast SEO plugin v28.4 - https:\/\/yoast.com\/product\/yoast-seo-wordpress\/ -->\n<title>El comercio mundial sufrir\u00e1 gravemente por la guerra y el confinamiento en China<\/title>\n<meta name=\"robots\" content=\"index, follow, max-snippet:-1, max-image-preview:large, max-video-preview:-1\" \/>\n<link rel=\"canonical\" href=\"https:\/\/digital58.com.ve\/site\/2022\/04\/12\/el-comercio-mundial-sufrira-gravemente-por-la-guerra-y-el-confinamiento-en-china\/\" \/>\n<meta property=\"og:locale\" content=\"es_ES\" \/>\n<meta property=\"og:type\" content=\"article\" \/>\n<meta property=\"og:title\" content=\"El comercio mundial sufrir\u00e1 gravemente por la guerra y el confinamiento en China\" \/>\n<meta property=\"og:url\" content=\"https:\/\/digital58.com.ve\/site\/2022\/04\/12\/el-comercio-mundial-sufrira-gravemente-por-la-guerra-y-el-confinamiento-en-china\/\" \/>\n<meta property=\"og:site_name\" content=\"Noticias Digital58\" \/>\n<meta property=\"article:published_time\" content=\"2022-04-12T13:49:39+00:00\" \/>\n<meta property=\"og:image\" content=\"https:\/\/digital58.com.ve\/site\/wp-content\/uploads\/2022\/04\/exportaciones.jpg\" \/>\n\t<meta property=\"og:image:width\" content=\"1200\" \/>\n\t<meta property=\"og:image:height\" content=\"812\" \/>\n\t<meta property=\"og:image:type\" content=\"image\/jpeg\" \/>\n<meta name=\"author\" content=\"Victor Infante\" \/>\n<meta name=\"twitter:card\" content=\"summary_large_image\" \/>\n<meta name=\"twitter:creator\" content=\"@Digital_58\" \/>\n<meta name=\"twitter:site\" content=\"@villasmilhfoto\" \/>\n<meta name=\"twitter:label1\" content=\"Escrito por\" \/>\n\t<meta name=\"twitter:data1\" content=\"Victor Infante\" \/>\n\t<meta name=\"twitter:label2\" content=\"Tiempo estimado de lectura\" \/>\n\t<meta name=\"twitter:data2\" content=\"4 minutos\" \/>\n<script type=\"application\/ld+json\" class=\"yoast-schema-graph\">{\"@context\":\"https:\\\/\\\/schema.org\",\"@graph\":[{\"@type\":\"Article\",\"@id\":\"https:\\\/\\\/digital58.com.ve\\\/site\\\/2022\\\/04\\\/12\\\/el-comercio-mundial-sufrira-gravemente-por-la-guerra-y-el-confinamiento-en-china\\\/#article\",\"isPartOf\":{\"@id\":\"https:\\\/\\\/digital58.com.ve\\\/site\\\/2022\\\/04\\\/12\\\/el-comercio-mundial-sufrira-gravemente-por-la-guerra-y-el-confinamiento-en-china\\\/\"},\"author\":{\"name\":\"Victor Infante\",\"@id\":\"https:\\\/\\\/digital58.com.ve\\\/site\\\/#\\\/schema\\\/person\\\/7c2c83fb27249d7c6f59c30c7f141381\"},\"headline\":\"El comercio mundial sufrir\u00e1 gravemente por la guerra y el confinamiento en China\",\"datePublished\":\"2022-04-12T13:49:39+00:00\",\"mainEntityOfPage\":{\"@id\":\"https:\\\/\\\/digital58.com.ve\\\/site\\\/2022\\\/04\\\/12\\\/el-comercio-mundial-sufrira-gravemente-por-la-guerra-y-el-confinamiento-en-china\\\/\"},\"wordCount\":689,\"commentCount\":0,\"publisher\":{\"@id\":\"https:\\\/\\\/digital58.com.ve\\\/site\\\/#\\\/schema\\\/person\\\/64d1c2e4d0d4fd1b849980c4331c2951\"},\"image\":{\"@id\":\"https:\\\/\\\/digital58.com.ve\\\/site\\\/2022\\\/04\\\/12\\\/el-comercio-mundial-sufrira-gravemente-por-la-guerra-y-el-confinamiento-en-china\\\/#primaryimage\"},\"thumbnailUrl\":\"https:\\\/\\\/digital58.com.ve\\\/site\\\/wp-content\\\/uploads\\\/2022\\\/04\\\/exportaciones.jpg\",\"keywords\":[\"Ca\u00edda Econ\u00f3mica\",\"COVID-19\",\"Econom\u00eda\",\"guerra\",\"Internacionales\",\"OMC\",\"Organizaci\u00f3n Mundial del Comercio\",\"PIB\"],\"articleSection\":[\"Reportajes Especiales\"],\"inLanguage\":\"es\",\"potentialAction\":[{\"@type\":\"CommentAction\",\"name\":\"Comment\",\"target\":[\"https:\\\/\\\/digital58.com.ve\\\/site\\\/2022\\\/04\\\/12\\\/el-comercio-mundial-sufrira-gravemente-por-la-guerra-y-el-confinamiento-en-china\\\/#respond\"]}]},{\"@type\":\"WebPage\",\"@id\":\"https:\\\/\\\/digital58.com.ve\\\/site\\\/2022\\\/04\\\/12\\\/el-comercio-mundial-sufrira-gravemente-por-la-guerra-y-el-confinamiento-en-china\\\/\",\"url\":\"https:\\\/\\\/digital58.com.ve\\\/site\\\/2022\\\/04\\\/12\\\/el-comercio-mundial-sufrira-gravemente-por-la-guerra-y-el-confinamiento-en-china\\\/\",\"name\":\"El comercio mundial sufrir\u00e1 gravemente por la guerra y el confinamiento en China\",\"isPartOf\":{\"@id\":\"https:\\\/\\\/digital58.com.ve\\\/site\\\/#website\"},\"primaryImageOfPage\":{\"@id\":\"https:\\\/\\\/digital58.com.ve\\\/site\\\/2022\\\/04\\\/12\\\/el-comercio-mundial-sufrira-gravemente-por-la-guerra-y-el-confinamiento-en-china\\\/#primaryimage\"},\"image\":{\"@id\":\"https:\\\/\\\/digital58.com.ve\\\/site\\\/2022\\\/04\\\/12\\\/el-comercio-mundial-sufrira-gravemente-por-la-guerra-y-el-confinamiento-en-china\\\/#primaryimage\"},\"thumbnailUrl\":\"https:\\\/\\\/digital58.com.ve\\\/site\\\/wp-content\\\/uploads\\\/2022\\\/04\\\/exportaciones.jpg\",\"datePublished\":\"2022-04-12T13:49:39+00:00\",\"breadcrumb\":{\"@id\":\"https:\\\/\\\/digital58.com.ve\\\/site\\\/2022\\\/04\\\/12\\\/el-comercio-mundial-sufrira-gravemente-por-la-guerra-y-el-confinamiento-en-china\\\/#breadcrumb\"},\"inLanguage\":\"es\",\"potentialAction\":[{\"@type\":\"ReadAction\",\"target\":[\"https:\\\/\\\/digital58.com.ve\\\/site\\\/2022\\\/04\\\/12\\\/el-comercio-mundial-sufrira-gravemente-por-la-guerra-y-el-confinamiento-en-china\\\/\"]}]},{\"@type\":\"ImageObject\",\"inLanguage\":\"es\",\"@id\":\"https:\\\/\\\/digital58.com.ve\\\/site\\\/2022\\\/04\\\/12\\\/el-comercio-mundial-sufrira-gravemente-por-la-guerra-y-el-confinamiento-en-china\\\/#primaryimage\",\"url\":\"https:\\\/\\\/digital58.com.ve\\\/site\\\/wp-content\\\/uploads\\\/2022\\\/04\\\/exportaciones.jpg\",\"contentUrl\":\"https:\\\/\\\/digital58.com.ve\\\/site\\\/wp-content\\\/uploads\\\/2022\\\/04\\\/exportaciones.jpg\",\"width\":887,\"height\":600},{\"@type\":\"BreadcrumbList\",\"@id\":\"https:\\\/\\\/digital58.com.ve\\\/site\\\/2022\\\/04\\\/12\\\/el-comercio-mundial-sufrira-gravemente-por-la-guerra-y-el-confinamiento-en-china\\\/#breadcrumb\",\"itemListElement\":[{\"@type\":\"ListItem\",\"position\":1,\"name\":\"Home\",\"item\":\"https:\\\/\\\/digital58.com.ve\\\/site\\\/\"},{\"@type\":\"ListItem\",\"position\":2,\"name\":\"El comercio mundial sufrir\u00e1 gravemente por la guerra y el confinamiento en China\"}]},{\"@type\":\"WebSite\",\"@id\":\"https:\\\/\\\/digital58.com.ve\\\/site\\\/#website\",\"url\":\"https:\\\/\\\/digital58.com.ve\\\/site\\\/\",\"name\":\"Noticias Digital58\",\"description\":\"Portal de Noticias \u00a1Periodismo web de verdad! Lanzamiento web 22.11.2005 \\\/ Maracaibo, Venezuela\",\"publisher\":{\"@id\":\"https:\\\/\\\/digital58.com.ve\\\/site\\\/#\\\/schema\\\/person\\\/64d1c2e4d0d4fd1b849980c4331c2951\"},\"alternateName\":\"ND58\",\"potentialAction\":[{\"@type\":\"SearchAction\",\"target\":{\"@type\":\"EntryPoint\",\"urlTemplate\":\"https:\\\/\\\/digital58.com.ve\\\/site\\\/?s={search_term_string}\"},\"query-input\":{\"@type\":\"PropertyValueSpecification\",\"valueRequired\":true,\"valueName\":\"search_term_string\"}}],\"inLanguage\":\"es\"},{\"@type\":[\"Person\",\"Organization\"],\"@id\":\"https:\\\/\\\/digital58.com.ve\\\/site\\\/#\\\/schema\\\/person\\\/64d1c2e4d0d4fd1b849980c4331c2951\",\"name\":\"Villasmil Henry\",\"image\":{\"@type\":\"ImageObject\",\"inLanguage\":\"es\",\"@id\":\"https:\\\/\\\/secure.gravatar.com\\\/avatar\\\/bb0c4a2fcb7970138239f7e404ea75757b1b507b28b5ce4c53fbd62d797c5a7c?s=96&d=mm&r=g\",\"url\":\"https:\\\/\\\/secure.gravatar.com\\\/avatar\\\/bb0c4a2fcb7970138239f7e404ea75757b1b507b28b5ce4c53fbd62d797c5a7c?s=96&d=mm&r=g\",\"contentUrl\":\"https:\\\/\\\/secure.gravatar.com\\\/avatar\\\/bb0c4a2fcb7970138239f7e404ea75757b1b507b28b5ce4c53fbd62d797c5a7c?s=96&d=mm&r=g\",\"caption\":\"Villasmil Henry\"},\"logo\":{\"@id\":\"https:\\\/\\\/secure.gravatar.com\\\/avatar\\\/bb0c4a2fcb7970138239f7e404ea75757b1b507b28b5ce4c53fbd62d797c5a7c?s=96&d=mm&r=g\"},\"sameAs\":[\"http:\\\/\\\/www.henryvillasmil.com.ve\",\"https:\\\/\\\/www.instagram.com\\\/villasmilhfoto\\\/\",\"https:\\\/\\\/x.com\\\/https:\\\/\\\/twitter.com\\\/villasmilhfoto\"]},{\"@type\":\"Person\",\"@id\":\"https:\\\/\\\/digital58.com.ve\\\/site\\\/#\\\/schema\\\/person\\\/7c2c83fb27249d7c6f59c30c7f141381\",\"name\":\"Victor Infante\",\"image\":{\"@type\":\"ImageObject\",\"inLanguage\":\"es\",\"@id\":\"https:\\\/\\\/secure.gravatar.com\\\/avatar\\\/106ae6d84ee67222a78df20df89da71bb5069c89d1fd27272140999a3f842596?s=96&d=mm&r=g\",\"url\":\"https:\\\/\\\/secure.gravatar.com\\\/avatar\\\/106ae6d84ee67222a78df20df89da71bb5069c89d1fd27272140999a3f842596?s=96&d=mm&r=g\",\"contentUrl\":\"https:\\\/\\\/secure.gravatar.com\\\/avatar\\\/106ae6d84ee67222a78df20df89da71bb5069c89d1fd27272140999a3f842596?s=96&d=mm&r=g\",\"caption\":\"Victor Infante\"},\"url\":\"https:\\\/\\\/digital58.com.ve\\\/site\\\/author\\\/vinfante22\\\/\"}]}<\/script>\n<!-- \/ Yoast SEO plugin. -->","yoast_head_json":{"title":"El comercio mundial sufrir\u00e1 gravemente por la guerra y el confinamiento en China","robots":{"index":"index","follow":"follow","max-snippet":"max-snippet:-1","max-image-preview":"max-image-preview:large","max-video-preview":"max-video-preview:-1"},"canonical":"https:\/\/digital58.com.ve\/site\/2022\/04\/12\/el-comercio-mundial-sufrira-gravemente-por-la-guerra-y-el-confinamiento-en-china\/","og_locale":"es_ES","og_type":"article","og_title":"El comercio mundial sufrir\u00e1 gravemente por la guerra y el confinamiento en China","og_url":"https:\/\/digital58.com.ve\/site\/2022\/04\/12\/el-comercio-mundial-sufrira-gravemente-por-la-guerra-y-el-confinamiento-en-china\/","og_site_name":"Noticias Digital58","article_published_time":"2022-04-12T13:49:39+00:00","og_image":[{"width":1200,"height":812,"url":"https:\/\/digital58.com.ve\/site\/wp-content\/uploads\/2022\/04\/exportaciones.jpg","type":"image\/jpeg"}],"author":"Victor Infante","twitter_card":"summary_large_image","twitter_creator":"@Digital_58","twitter_site":"@villasmilhfoto","twitter_misc":{"Escrito por":"Victor Infante","Tiempo estimado de lectura":"4 minutos"},"schema":{"@context":"https:\/\/schema.org","@graph":[{"@type":"Article","@id":"https:\/\/digital58.com.ve\/site\/2022\/04\/12\/el-comercio-mundial-sufrira-gravemente-por-la-guerra-y-el-confinamiento-en-china\/#article","isPartOf":{"@id":"https:\/\/digital58.com.ve\/site\/2022\/04\/12\/el-comercio-mundial-sufrira-gravemente-por-la-guerra-y-el-confinamiento-en-china\/"},"author":{"name":"Victor Infante","@id":"https:\/\/digital58.com.ve\/site\/#\/schema\/person\/7c2c83fb27249d7c6f59c30c7f141381"},"headline":"El comercio mundial sufrir\u00e1 gravemente por la guerra y el confinamiento en China","datePublished":"2022-04-12T13:49:39+00:00","mainEntityOfPage":{"@id":"https:\/\/digital58.com.ve\/site\/2022\/04\/12\/el-comercio-mundial-sufrira-gravemente-por-la-guerra-y-el-confinamiento-en-china\/"},"wordCount":689,"commentCount":0,"publisher":{"@id":"https:\/\/digital58.com.ve\/site\/#\/schema\/person\/64d1c2e4d0d4fd1b849980c4331c2951"},"image":{"@id":"https:\/\/digital58.com.ve\/site\/2022\/04\/12\/el-comercio-mundial-sufrira-gravemente-por-la-guerra-y-el-confinamiento-en-china\/#primaryimage"},"thumbnailUrl":"https:\/\/digital58.com.ve\/site\/wp-content\/uploads\/2022\/04\/exportaciones.jpg","keywords":["Ca\u00edda Econ\u00f3mica","COVID-19","Econom\u00eda","guerra","Internacionales","OMC","Organizaci\u00f3n Mundial del Comercio","PIB"],"articleSection":["Reportajes Especiales"],"inLanguage":"es","potentialAction":[{"@type":"CommentAction","name":"Comment","target":["https:\/\/digital58.com.ve\/site\/2022\/04\/12\/el-comercio-mundial-sufrira-gravemente-por-la-guerra-y-el-confinamiento-en-china\/#respond"]}]},{"@type":"WebPage","@id":"https:\/\/digital58.com.ve\/site\/2022\/04\/12\/el-comercio-mundial-sufrira-gravemente-por-la-guerra-y-el-confinamiento-en-china\/","url":"https:\/\/digital58.com.ve\/site\/2022\/04\/12\/el-comercio-mundial-sufrira-gravemente-por-la-guerra-y-el-confinamiento-en-china\/","name":"El comercio mundial sufrir\u00e1 gravemente por la guerra y el confinamiento en China","isPartOf":{"@id":"https:\/\/digital58.com.ve\/site\/#website"},"primaryImageOfPage":{"@id":"https:\/\/digital58.com.ve\/site\/2022\/04\/12\/el-comercio-mundial-sufrira-gravemente-por-la-guerra-y-el-confinamiento-en-china\/#primaryimage"},"image":{"@id":"https:\/\/digital58.com.ve\/site\/2022\/04\/12\/el-comercio-mundial-sufrira-gravemente-por-la-guerra-y-el-confinamiento-en-china\/#primaryimage"},"thumbnailUrl":"https:\/\/digital58.com.ve\/site\/wp-content\/uploads\/2022\/04\/exportaciones.jpg","datePublished":"2022-04-12T13:49:39+00:00","breadcrumb":{"@id":"https:\/\/digital58.com.ve\/site\/2022\/04\/12\/el-comercio-mundial-sufrira-gravemente-por-la-guerra-y-el-confinamiento-en-china\/#breadcrumb"},"inLanguage":"es","potentialAction":[{"@type":"ReadAction","target":["https:\/\/digital58.com.ve\/site\/2022\/04\/12\/el-comercio-mundial-sufrira-gravemente-por-la-guerra-y-el-confinamiento-en-china\/"]}]},{"@type":"ImageObject","inLanguage":"es","@id":"https:\/\/digital58.com.ve\/site\/2022\/04\/12\/el-comercio-mundial-sufrira-gravemente-por-la-guerra-y-el-confinamiento-en-china\/#primaryimage","url":"https:\/\/digital58.com.ve\/site\/wp-content\/uploads\/2022\/04\/exportaciones.jpg","contentUrl":"https:\/\/digital58.com.ve\/site\/wp-content\/uploads\/2022\/04\/exportaciones.jpg","width":887,"height":600},{"@type":"BreadcrumbList","@id":"https:\/\/digital58.com.ve\/site\/2022\/04\/12\/el-comercio-mundial-sufrira-gravemente-por-la-guerra-y-el-confinamiento-en-china\/#breadcrumb","itemListElement":[{"@type":"ListItem","position":1,"name":"Home","item":"https:\/\/digital58.com.ve\/site\/"},{"@type":"ListItem","position":2,"name":"El comercio mundial sufrir\u00e1 gravemente por la guerra y el confinamiento en China"}]},{"@type":"WebSite","@id":"https:\/\/digital58.com.ve\/site\/#website","url":"https:\/\/digital58.com.ve\/site\/","name":"Noticias Digital58","description":"Portal de Noticias \u00a1Periodismo web de verdad! Lanzamiento web 22.11.2005 \/ Maracaibo, Venezuela","publisher":{"@id":"https:\/\/digital58.com.ve\/site\/#\/schema\/person\/64d1c2e4d0d4fd1b849980c4331c2951"},"alternateName":"ND58","potentialAction":[{"@type":"SearchAction","target":{"@type":"EntryPoint","urlTemplate":"https:\/\/digital58.com.ve\/site\/?s={search_term_string}"},"query-input":{"@type":"PropertyValueSpecification","valueRequired":true,"valueName":"search_term_string"}}],"inLanguage":"es"},{"@type":["Person","Organization"],"@id":"https:\/\/digital58.com.ve\/site\/#\/schema\/person\/64d1c2e4d0d4fd1b849980c4331c2951","name":"Villasmil Henry","image":{"@type":"ImageObject","inLanguage":"es","@id":"https:\/\/secure.gravatar.com\/avatar\/bb0c4a2fcb7970138239f7e404ea75757b1b507b28b5ce4c53fbd62d797c5a7c?s=96&d=mm&r=g","url":"https:\/\/secure.gravatar.com\/avatar\/bb0c4a2fcb7970138239f7e404ea75757b1b507b28b5ce4c53fbd62d797c5a7c?s=96&d=mm&r=g","contentUrl":"https:\/\/secure.gravatar.com\/avatar\/bb0c4a2fcb7970138239f7e404ea75757b1b507b28b5ce4c53fbd62d797c5a7c?s=96&d=mm&r=g","caption":"Villasmil Henry"},"logo":{"@id":"https:\/\/secure.gravatar.com\/avatar\/bb0c4a2fcb7970138239f7e404ea75757b1b507b28b5ce4c53fbd62d797c5a7c?s=96&d=mm&r=g"},"sameAs":["http:\/\/www.henryvillasmil.com.ve","https:\/\/www.instagram.com\/villasmilhfoto\/","https:\/\/x.com\/https:\/\/twitter.com\/villasmilhfoto"]},{"@type":"Person","@id":"https:\/\/digital58.com.ve\/site\/#\/schema\/person\/7c2c83fb27249d7c6f59c30c7f141381","name":"Victor Infante","image":{"@type":"ImageObject","inLanguage":"es","@id":"https:\/\/secure.gravatar.com\/avatar\/106ae6d84ee67222a78df20df89da71bb5069c89d1fd27272140999a3f842596?s=96&d=mm&r=g","url":"https:\/\/secure.gravatar.com\/avatar\/106ae6d84ee67222a78df20df89da71bb5069c89d1fd27272140999a3f842596?s=96&d=mm&r=g","contentUrl":"https:\/\/secure.gravatar.com\/avatar\/106ae6d84ee67222a78df20df89da71bb5069c89d1fd27272140999a3f842596?s=96&d=mm&r=g","caption":"Victor Infante"},"url":"https:\/\/digital58.com.ve\/site\/author\/vinfante22\/"}]}},"uagb_featured_image_src":{"full":["https:\/\/digital58.com.ve\/site\/wp-content\/uploads\/2022\/04\/exportaciones.jpg",887,600,false],"thumbnail":["https:\/\/digital58.com.ve\/site\/wp-content\/uploads\/2022\/04\/exportaciones-150x150.jpg",150,150,true],"medium":["https:\/\/digital58.com.ve\/site\/wp-content\/uploads\/2022\/04\/exportaciones-300x203.jpg",300,203,true],"medium_large":["https:\/\/digital58.com.ve\/site\/wp-content\/uploads\/2022\/04\/exportaciones-768x520.jpg",768,520,true],"large":["https:\/\/digital58.com.ve\/site\/wp-content\/uploads\/2022\/04\/exportaciones-1000x677.jpg",800,542,true],"1536x1536":["https:\/\/digital58.com.ve\/site\/wp-content\/uploads\/2022\/04\/exportaciones.jpg",887,600,false],"2048x2048":["https:\/\/digital58.com.ve\/site\/wp-content\/uploads\/2022\/04\/exportaciones.jpg",887,600,false],"colormag-highlighted-post":["https:\/\/digital58.com.ve\/site\/wp-content\/uploads\/2022\/04\/exportaciones.jpg",392,265,false],"colormag-featured-post-medium":["https:\/\/digital58.com.ve\/site\/wp-content\/uploads\/2022\/04\/exportaciones.jpg",303,205,false],"colormag-featured-post-small":["https:\/\/digital58.com.ve\/site\/wp-content\/uploads\/2022\/04\/exportaciones.jpg",130,88,false],"colormag-featured-image":["https:\/\/digital58.com.ve\/site\/wp-content\/uploads\/2022\/04\/exportaciones.jpg",658,445,false],"colormag-default-news":["https:\/\/digital58.com.ve\/site\/wp-content\/uploads\/2022\/04\/exportaciones.jpg",150,101,false],"colormag-featured-image-large":["https:\/\/digital58.com.ve\/site\/wp-content\/uploads\/2022\/04\/exportaciones.jpg",887,600,false]},"uagb_author_info":{"display_name":"Victor Infante","author_link":"https:\/\/digital58.com.ve\/site\/author\/vinfante22\/"},"uagb_comment_info":0,"uagb_excerpt":"De acuerdo a los c\u00e1lculos de los analistas de la OMC, el volumen del comercio de mercanc\u00edas crecer\u00e1 un 3%","_links":{"self":[{"href":"https:\/\/digital58.com.ve\/site\/wp-json\/wp\/v2\/posts\/151398","targetHints":{"allow":["GET"]}}],"collection":[{"href":"https:\/\/digital58.com.ve\/site\/wp-json\/wp\/v2\/posts"}],"about":[{"href":"https:\/\/digital58.com.ve\/site\/wp-json\/wp\/v2\/types\/post"}],"author":[{"embeddable":true,"href":"https:\/\/digital58.com.ve\/site\/wp-json\/wp\/v2\/users\/40"}],"replies":[{"embeddable":true,"href":"https:\/\/digital58.com.ve\/site\/wp-json\/wp\/v2\/comments?post=151398"}],"version-history":[{"count":0,"href":"https:\/\/digital58.com.ve\/site\/wp-json\/wp\/v2\/posts\/151398\/revisions"}],"wp:featuredmedia":[{"embeddable":true,"href":"https:\/\/digital58.com.ve\/site\/wp-json\/wp\/v2\/media\/151399"}],"wp:attachment":[{"href":"https:\/\/digital58.com.ve\/site\/wp-json\/wp\/v2\/media?parent=151398"}],"wp:term":[{"taxonomy":"category","embeddable":true,"href":"https:\/\/digital58.com.ve\/site\/wp-json\/wp\/v2\/categories?post=151398"},{"taxonomy":"post_tag","embeddable":true,"href":"https:\/\/digital58.com.ve\/site\/wp-json\/wp\/v2\/tags?post=151398"}],"curies":[{"name":"wp","href":"https:\/\/api.w.org\/{rel}","templated":true}]}}