{"id":151453,"date":"2022-04-14T10:25:32","date_gmt":"2022-04-14T14:25:32","guid":{"rendered":"https:\/\/digital58.com.ve\/site\/?p=151453"},"modified":"2022-04-14T10:25:32","modified_gmt":"2022-04-14T14:25:32","slug":"futbol-fallece-el-exfutbolista-colombiano-freddy-rincon","status":"publish","type":"post","link":"https:\/\/digital58.com.ve\/site\/2022\/04\/14\/futbol-fallece-el-exfutbolista-colombiano-freddy-rincon\/","title":{"rendered":"#Futbol | Fallece el exfutbolista colombiano Freddy Rinc\u00f3n"},"content":{"rendered":"<p><img loading=\"lazy\" decoding=\"async\" class=\" wp-image-151454 aligncenter\" src=\"https:\/\/digital58.com.ve\/site\/wp-content\/uploads\/2022\/04\/Freddy-Rincon-300x225.jpg\" alt=\"\" width=\"800\" height=\"600\" srcset=\"https:\/\/digital58.com.ve\/site\/wp-content\/uploads\/2022\/04\/Freddy-Rincon-300x225.jpg 300w, https:\/\/digital58.com.ve\/site\/wp-content\/uploads\/2022\/04\/Freddy-Rincon-1000x750.jpg 1000w, https:\/\/digital58.com.ve\/site\/wp-content\/uploads\/2022\/04\/Freddy-Rincon-768x576.jpg 768w, https:\/\/digital58.com.ve\/site\/wp-content\/uploads\/2022\/04\/Freddy-Rincon.jpg 1200w\" sizes=\"auto, (max-width: 800px) 100vw, 800px\" \/><\/p>\n<p>Rinc\u00f3n form\u00f3 parte de las selecciones colombianas que clasificaron a los mundiales de Italia de 1990, Estados Unidos en 1994 y en Francia 1998<\/p>\n<p><strong>Cali, Colombia, 14 de abril de 2022 (ND58).- <\/strong>El exfutbolista colombiano Freddy Rinc\u00f3n, que jug\u00f3 en equipos como Corinthians y Real Madrid, muri\u00f3 este mi\u00e9rcoles a los 55 a\u00f1os de edad tras sufrir un accidente de tr\u00e1fico el lunes pasado en la ciudad de Cali, en el suroeste del pa\u00eds.<\/p>\n<p>As\u00ed lo inform\u00f3 el jefe m\u00e9dico de la Cl\u00ednica Imbanaco, Laureano Quintero, quien dijo en una declaraci\u00f3n a la prensa junto a los hijos del exfutbolista que \u00abpese a todos los esfuerzos de nuestro equipo de trabajo, Freddy Eusebio Rinc\u00f3n Valencia ha fallecido\u00bb.<\/p>\n<p>Una camioneta en la que se movilizaba el exjugador de la selecci\u00f3n colombiana junto con otras tres personas se estrell\u00f3 la madrugada del lunes contra un autob\u00fas de servicio p\u00fablico en Cali, capital del departamento del Valle del Cauca.<\/p>\n<p>Rinc\u00f3n fue ingresado a la Cl\u00ednica Imbanaco por un trauma craneoencef\u00e1lico severo por lo que fue sometido a una cirug\u00eda que dur\u00f3 dos horas y 45 minutos.<\/p>\n<p>El exjugador y ahora comentarista deportivo es recordado porque anot\u00f3 el gol con el que Colombia igual\u00f3 1-1 con Alemania en el Mundial de Italia 1990, empate con el que la selecci\u00f3n cafetera clasific\u00f3 por primera vez a los octavos de final de un Mundial.<\/p>\n<p>\u00abQueremos expresar nuestros sinceros sentimientos de condolencia a sus familiares, amigos, allegados, seguidores de todo el planeta. Nunca habr\u00e1 forma de expresarles lo que se siente perder a uno de nuestros pacientes, quien quiera que sea ese paciente\u00bb, agreg\u00f3 el m\u00e9dico.<\/p>\n<p>Quintero pidi\u00f3 a los aficionados \u00abhacer honor y enaltecer la vida de Freddy Eusebio por todas las alegr\u00edas que nos brind\u00f3, por todo lo que nos hizo vibrar\u00bb.<\/p>\n<p>Due\u00f1o de una t\u00e9cnica que lo hizo sobresalir, Rinc\u00f3n form\u00f3 parte de las selecciones colombianas que clasificaron a los mundiales de Italia de 1990, Estados Unidos en 1994 y, cuatro a\u00f1os m\u00e1s tarde, estuvo en Francia.<\/p>\n<p>Adem\u00e1s de jugar en Santa Fe y Am\u00e9rica de Cali tambi\u00e9n lo hizo con los brasile\u00f1os Corinthians, Santos y Cruzeiro. Con la casaca del Timao, Rinc\u00f3n gan\u00f3 los t\u00edtulos de Liga de 1998 y 1999, as\u00ed como la primera edici\u00f3n del Mundial de Clubes de la FIFA en el estadio Maracan\u00e1.<\/p>\n<p>&nbsp;<\/p><div class=\"vbjng69f5e8c7a7a50\" ><p style=\"text-align: center;\"><a href=\"https:\/\/t.me\/noticiasdigital58\" target=\"_blank\" rel=\"noopener\"><img class=\"aligncenter size-full wp-image-125363\" src=\"https:\/\/digital58.com.ve\/site\/wp-content\/uploads\/2021\/04\/banner-telegram-web-2021.png\" alt=\"\" width=\"600\" height=\"90\" \/><\/a><\/p><\/div><style type=\"text\/css\">\r\n@media screen and (min-width: 1201px) {\r\n.vbjng69f5e8c7a7a50 {\r\ndisplay: block;\r\n}\r\n}\r\n@media screen and (min-width: 993px) and (max-width: 1200px) {\r\n.vbjng69f5e8c7a7a50 {\r\ndisplay: block;\r\n}\r\n}\r\n@media screen and (min-width: 769px) and (max-width: 992px) {\r\n.vbjng69f5e8c7a7a50 {\r\ndisplay: block;\r\n}\r\n}\r\n@media screen and (min-width: 768px) and (max-width: 768px) {\r\n.vbjng69f5e8c7a7a50 {\r\ndisplay: block;\r\n}\r\n}\r\n@media screen and (max-width: 767px) {\r\n.vbjng69f5e8c7a7a50 {\r\ndisplay: block;\r\n}\r\n}\r\n<\/style>\r\n\n<p><strong>Redacci\u00f3n ND58\/Infante, V\u00edctor | Fuente: EFE<\/strong><br \/>\n<strong>Edici\u00f3n: Villasmil, Henry<\/strong><br \/>\n<strong>Gr\u00e1fica: Cortes\u00eda<\/strong><\/p>\n<div style=\"margin-top: 0px; margin-bottom: 0px;\" class=\"sharethis-inline-share-buttons\" ><\/div>","protected":false},"excerpt":{"rendered":"<p>Rinc\u00f3n form\u00f3 parte de las selecciones colombianas que clasificaron a los mundiales de Italia de 1990, Estados Unidos en 1994<\/p>\n","protected":false},"author":40,"featured_media":151455,"comment_status":"open","ping_status":"closed","sticky":false,"template":"","format":"standard","meta":{"colormag_page_container_layout":"default_layout","colormag_page_sidebar_layout":"default_layout","_uag_custom_page_level_css":"","footnotes":""},"categories":[5402],"tags":[98,7117,28119,13,41,8,28118],"class_list":["post-151453","post","type-post","status-publish","format-standard","has-post-thumbnail","hentry","category-deportes","tag-colombia","tag-fallecimiento","tag-freddy-rincon","tag-futbol","tag-futbol-internacional","tag-internacionales","tag-seleccion-colombia"],"yoast_head":"<!-- This site is optimized with the Yoast SEO plugin v27.5 - https:\/\/yoast.com\/product\/yoast-seo-wordpress\/ -->\n<title>#Futbol | Fallece el exfutbolista colombiano Freddy Rinc\u00f3n<\/title>\n<meta name=\"description\" content=\"Deportes\" \/>\n<meta name=\"robots\" content=\"index, follow, max-snippet:-1, max-image-preview:large, max-video-preview:-1\" \/>\n<link rel=\"canonical\" href=\"https:\/\/digital58.com.ve\/site\/2022\/04\/14\/futbol-fallece-el-exfutbolista-colombiano-freddy-rincon\/\" \/>\n<meta property=\"og:locale\" content=\"es_ES\" \/>\n<meta property=\"og:type\" content=\"article\" \/>\n<meta property=\"og:title\" content=\"#Futbol | Fallece el exfutbolista colombiano Freddy Rinc\u00f3n\" \/>\n<meta property=\"og:description\" content=\"Deportes\" \/>\n<meta property=\"og:url\" content=\"https:\/\/digital58.com.ve\/site\/2022\/04\/14\/futbol-fallece-el-exfutbolista-colombiano-freddy-rincon\/\" \/>\n<meta property=\"og:site_name\" content=\"Noticias Digital58\" \/>\n<meta property=\"article:published_time\" content=\"2022-04-14T14:25:32+00:00\" \/>\n<meta property=\"og:image\" content=\"https:\/\/digital58.com.ve\/site\/wp-content\/uploads\/2022\/04\/Freddy-Rincon1.jpg\" \/>\n\t<meta property=\"og:image:width\" content=\"980\" \/>\n\t<meta property=\"og:image:height\" content=\"590\" \/>\n\t<meta property=\"og:image:type\" content=\"image\/jpeg\" \/>\n<meta name=\"author\" content=\"Victor Infante\" \/>\n<meta name=\"twitter:card\" content=\"summary_large_image\" \/>\n<meta name=\"twitter:creator\" content=\"@Digital_58\" \/>\n<meta name=\"twitter:site\" content=\"@villasmilhfoto\" \/>\n<meta name=\"twitter:label1\" content=\"Escrito por\" \/>\n\t<meta name=\"twitter:data1\" content=\"Victor Infante\" \/>\n\t<meta name=\"twitter:label2\" content=\"Tiempo estimado de lectura\" \/>\n\t<meta name=\"twitter:data2\" content=\"3 minutos\" \/>\n<script type=\"application\/ld+json\" class=\"yoast-schema-graph\">{\"@context\":\"https:\\\/\\\/schema.org\",\"@graph\":[{\"@type\":\"Article\",\"@id\":\"https:\\\/\\\/digital58.com.ve\\\/site\\\/2022\\\/04\\\/14\\\/futbol-fallece-el-exfutbolista-colombiano-freddy-rincon\\\/#article\",\"isPartOf\":{\"@id\":\"https:\\\/\\\/digital58.com.ve\\\/site\\\/2022\\\/04\\\/14\\\/futbol-fallece-el-exfutbolista-colombiano-freddy-rincon\\\/\"},\"author\":{\"name\":\"Victor Infante\",\"@id\":\"https:\\\/\\\/digital58.com.ve\\\/site\\\/#\\\/schema\\\/person\\\/7c2c83fb27249d7c6f59c30c7f141381\"},\"headline\":\"#Futbol | Fallece el exfutbolista colombiano Freddy Rinc\u00f3n\",\"datePublished\":\"2022-04-14T14:25:32+00:00\",\"mainEntityOfPage\":{\"@id\":\"https:\\\/\\\/digital58.com.ve\\\/site\\\/2022\\\/04\\\/14\\\/futbol-fallece-el-exfutbolista-colombiano-freddy-rincon\\\/\"},\"wordCount\":430,\"commentCount\":0,\"publisher\":{\"@id\":\"https:\\\/\\\/digital58.com.ve\\\/site\\\/#\\\/schema\\\/person\\\/64d1c2e4d0d4fd1b849980c4331c2951\"},\"image\":{\"@id\":\"https:\\\/\\\/digital58.com.ve\\\/site\\\/2022\\\/04\\\/14\\\/futbol-fallece-el-exfutbolista-colombiano-freddy-rincon\\\/#primaryimage\"},\"thumbnailUrl\":\"https:\\\/\\\/digital58.com.ve\\\/site\\\/wp-content\\\/uploads\\\/2022\\\/04\\\/Freddy-Rincon1.jpg\",\"keywords\":[\"Colombia\",\"Fallecimiento\",\"Freddy Rinc\u00f3n\",\"F\u00fatbol\",\"F\u00fatbol Internacional\",\"Internacionales\",\"Selecci\u00f3n Colombia\"],\"articleSection\":[\"Deportes\"],\"inLanguage\":\"es\",\"potentialAction\":[{\"@type\":\"CommentAction\",\"name\":\"Comment\",\"target\":[\"https:\\\/\\\/digital58.com.ve\\\/site\\\/2022\\\/04\\\/14\\\/futbol-fallece-el-exfutbolista-colombiano-freddy-rincon\\\/#respond\"]}]},{\"@type\":\"WebPage\",\"@id\":\"https:\\\/\\\/digital58.com.ve\\\/site\\\/2022\\\/04\\\/14\\\/futbol-fallece-el-exfutbolista-colombiano-freddy-rincon\\\/\",\"url\":\"https:\\\/\\\/digital58.com.ve\\\/site\\\/2022\\\/04\\\/14\\\/futbol-fallece-el-exfutbolista-colombiano-freddy-rincon\\\/\",\"name\":\"#Futbol | Fallece el exfutbolista colombiano Freddy Rinc\u00f3n\",\"isPartOf\":{\"@id\":\"https:\\\/\\\/digital58.com.ve\\\/site\\\/#website\"},\"primaryImageOfPage\":{\"@id\":\"https:\\\/\\\/digital58.com.ve\\\/site\\\/2022\\\/04\\\/14\\\/futbol-fallece-el-exfutbolista-colombiano-freddy-rincon\\\/#primaryimage\"},\"image\":{\"@id\":\"https:\\\/\\\/digital58.com.ve\\\/site\\\/2022\\\/04\\\/14\\\/futbol-fallece-el-exfutbolista-colombiano-freddy-rincon\\\/#primaryimage\"},\"thumbnailUrl\":\"https:\\\/\\\/digital58.com.ve\\\/site\\\/wp-content\\\/uploads\\\/2022\\\/04\\\/Freddy-Rincon1.jpg\",\"datePublished\":\"2022-04-14T14:25:32+00:00\",\"description\":\"Deportes\",\"breadcrumb\":{\"@id\":\"https:\\\/\\\/digital58.com.ve\\\/site\\\/2022\\\/04\\\/14\\\/futbol-fallece-el-exfutbolista-colombiano-freddy-rincon\\\/#breadcrumb\"},\"inLanguage\":\"es\",\"potentialAction\":[{\"@type\":\"ReadAction\",\"target\":[\"https:\\\/\\\/digital58.com.ve\\\/site\\\/2022\\\/04\\\/14\\\/futbol-fallece-el-exfutbolista-colombiano-freddy-rincon\\\/\"]}]},{\"@type\":\"ImageObject\",\"inLanguage\":\"es\",\"@id\":\"https:\\\/\\\/digital58.com.ve\\\/site\\\/2022\\\/04\\\/14\\\/futbol-fallece-el-exfutbolista-colombiano-freddy-rincon\\\/#primaryimage\",\"url\":\"https:\\\/\\\/digital58.com.ve\\\/site\\\/wp-content\\\/uploads\\\/2022\\\/04\\\/Freddy-Rincon1.jpg\",\"contentUrl\":\"https:\\\/\\\/digital58.com.ve\\\/site\\\/wp-content\\\/uploads\\\/2022\\\/04\\\/Freddy-Rincon1.jpg\",\"width\":980,\"height\":590},{\"@type\":\"BreadcrumbList\",\"@id\":\"https:\\\/\\\/digital58.com.ve\\\/site\\\/2022\\\/04\\\/14\\\/futbol-fallece-el-exfutbolista-colombiano-freddy-rincon\\\/#breadcrumb\",\"itemListElement\":[{\"@type\":\"ListItem\",\"position\":1,\"name\":\"Home\",\"item\":\"https:\\\/\\\/digital58.com.ve\\\/site\\\/\"},{\"@type\":\"ListItem\",\"position\":2,\"name\":\"#Futbol | Fallece el exfutbolista colombiano Freddy Rinc\u00f3n\"}]},{\"@type\":\"WebSite\",\"@id\":\"https:\\\/\\\/digital58.com.ve\\\/site\\\/#website\",\"url\":\"https:\\\/\\\/digital58.com.ve\\\/site\\\/\",\"name\":\"Noticias Digital58\",\"description\":\"Portal de Noticias \u00a1Periodismo web de verdad! Lanzamiento web 22.11.2005 \\\/ Maracaibo, Venezuela\",\"publisher\":{\"@id\":\"https:\\\/\\\/digital58.com.ve\\\/site\\\/#\\\/schema\\\/person\\\/64d1c2e4d0d4fd1b849980c4331c2951\"},\"alternateName\":\"ND58\",\"potentialAction\":[{\"@type\":\"SearchAction\",\"target\":{\"@type\":\"EntryPoint\",\"urlTemplate\":\"https:\\\/\\\/digital58.com.ve\\\/site\\\/?s={search_term_string}\"},\"query-input\":{\"@type\":\"PropertyValueSpecification\",\"valueRequired\":true,\"valueName\":\"search_term_string\"}}],\"inLanguage\":\"es\"},{\"@type\":[\"Person\",\"Organization\"],\"@id\":\"https:\\\/\\\/digital58.com.ve\\\/site\\\/#\\\/schema\\\/person\\\/64d1c2e4d0d4fd1b849980c4331c2951\",\"name\":\"Villasmil Henry\",\"image\":{\"@type\":\"ImageObject\",\"inLanguage\":\"es\",\"@id\":\"https:\\\/\\\/secure.gravatar.com\\\/avatar\\\/bb0c4a2fcb7970138239f7e404ea75757b1b507b28b5ce4c53fbd62d797c5a7c?s=96&d=mm&r=g\",\"url\":\"https:\\\/\\\/secure.gravatar.com\\\/avatar\\\/bb0c4a2fcb7970138239f7e404ea75757b1b507b28b5ce4c53fbd62d797c5a7c?s=96&d=mm&r=g\",\"contentUrl\":\"https:\\\/\\\/secure.gravatar.com\\\/avatar\\\/bb0c4a2fcb7970138239f7e404ea75757b1b507b28b5ce4c53fbd62d797c5a7c?s=96&d=mm&r=g\",\"caption\":\"Villasmil Henry\"},\"logo\":{\"@id\":\"https:\\\/\\\/secure.gravatar.com\\\/avatar\\\/bb0c4a2fcb7970138239f7e404ea75757b1b507b28b5ce4c53fbd62d797c5a7c?s=96&d=mm&r=g\"},\"sameAs\":[\"http:\\\/\\\/www.henryvillasmil.com.ve\",\"https:\\\/\\\/www.instagram.com\\\/villasmilhfoto\\\/\",\"https:\\\/\\\/x.com\\\/https:\\\/\\\/twitter.com\\\/villasmilhfoto\"]},{\"@type\":\"Person\",\"@id\":\"https:\\\/\\\/digital58.com.ve\\\/site\\\/#\\\/schema\\\/person\\\/7c2c83fb27249d7c6f59c30c7f141381\",\"name\":\"Victor Infante\",\"image\":{\"@type\":\"ImageObject\",\"inLanguage\":\"es\",\"@id\":\"https:\\\/\\\/secure.gravatar.com\\\/avatar\\\/106ae6d84ee67222a78df20df89da71bb5069c89d1fd27272140999a3f842596?s=96&d=mm&r=g\",\"url\":\"https:\\\/\\\/secure.gravatar.com\\\/avatar\\\/106ae6d84ee67222a78df20df89da71bb5069c89d1fd27272140999a3f842596?s=96&d=mm&r=g\",\"contentUrl\":\"https:\\\/\\\/secure.gravatar.com\\\/avatar\\\/106ae6d84ee67222a78df20df89da71bb5069c89d1fd27272140999a3f842596?s=96&d=mm&r=g\",\"caption\":\"Victor Infante\"},\"url\":\"https:\\\/\\\/digital58.com.ve\\\/site\\\/author\\\/vinfante22\\\/\"}]}<\/script>\n<!-- \/ Yoast SEO plugin. -->","yoast_head_json":{"title":"#Futbol | Fallece el exfutbolista colombiano Freddy Rinc\u00f3n","description":"Deportes","robots":{"index":"index","follow":"follow","max-snippet":"max-snippet:-1","max-image-preview":"max-image-preview:large","max-video-preview":"max-video-preview:-1"},"canonical":"https:\/\/digital58.com.ve\/site\/2022\/04\/14\/futbol-fallece-el-exfutbolista-colombiano-freddy-rincon\/","og_locale":"es_ES","og_type":"article","og_title":"#Futbol | Fallece el exfutbolista colombiano Freddy Rinc\u00f3n","og_description":"Deportes","og_url":"https:\/\/digital58.com.ve\/site\/2022\/04\/14\/futbol-fallece-el-exfutbolista-colombiano-freddy-rincon\/","og_site_name":"Noticias Digital58","article_published_time":"2022-04-14T14:25:32+00:00","og_image":[{"width":980,"height":590,"url":"https:\/\/digital58.com.ve\/site\/wp-content\/uploads\/2022\/04\/Freddy-Rincon1.jpg","type":"image\/jpeg"}],"author":"Victor Infante","twitter_card":"summary_large_image","twitter_creator":"@Digital_58","twitter_site":"@villasmilhfoto","twitter_misc":{"Escrito por":"Victor Infante","Tiempo estimado de lectura":"3 minutos"},"schema":{"@context":"https:\/\/schema.org","@graph":[{"@type":"Article","@id":"https:\/\/digital58.com.ve\/site\/2022\/04\/14\/futbol-fallece-el-exfutbolista-colombiano-freddy-rincon\/#article","isPartOf":{"@id":"https:\/\/digital58.com.ve\/site\/2022\/04\/14\/futbol-fallece-el-exfutbolista-colombiano-freddy-rincon\/"},"author":{"name":"Victor Infante","@id":"https:\/\/digital58.com.ve\/site\/#\/schema\/person\/7c2c83fb27249d7c6f59c30c7f141381"},"headline":"#Futbol | Fallece el exfutbolista colombiano Freddy Rinc\u00f3n","datePublished":"2022-04-14T14:25:32+00:00","mainEntityOfPage":{"@id":"https:\/\/digital58.com.ve\/site\/2022\/04\/14\/futbol-fallece-el-exfutbolista-colombiano-freddy-rincon\/"},"wordCount":430,"commentCount":0,"publisher":{"@id":"https:\/\/digital58.com.ve\/site\/#\/schema\/person\/64d1c2e4d0d4fd1b849980c4331c2951"},"image":{"@id":"https:\/\/digital58.com.ve\/site\/2022\/04\/14\/futbol-fallece-el-exfutbolista-colombiano-freddy-rincon\/#primaryimage"},"thumbnailUrl":"https:\/\/digital58.com.ve\/site\/wp-content\/uploads\/2022\/04\/Freddy-Rincon1.jpg","keywords":["Colombia","Fallecimiento","Freddy Rinc\u00f3n","F\u00fatbol","F\u00fatbol Internacional","Internacionales","Selecci\u00f3n Colombia"],"articleSection":["Deportes"],"inLanguage":"es","potentialAction":[{"@type":"CommentAction","name":"Comment","target":["https:\/\/digital58.com.ve\/site\/2022\/04\/14\/futbol-fallece-el-exfutbolista-colombiano-freddy-rincon\/#respond"]}]},{"@type":"WebPage","@id":"https:\/\/digital58.com.ve\/site\/2022\/04\/14\/futbol-fallece-el-exfutbolista-colombiano-freddy-rincon\/","url":"https:\/\/digital58.com.ve\/site\/2022\/04\/14\/futbol-fallece-el-exfutbolista-colombiano-freddy-rincon\/","name":"#Futbol | Fallece el exfutbolista colombiano Freddy Rinc\u00f3n","isPartOf":{"@id":"https:\/\/digital58.com.ve\/site\/#website"},"primaryImageOfPage":{"@id":"https:\/\/digital58.com.ve\/site\/2022\/04\/14\/futbol-fallece-el-exfutbolista-colombiano-freddy-rincon\/#primaryimage"},"image":{"@id":"https:\/\/digital58.com.ve\/site\/2022\/04\/14\/futbol-fallece-el-exfutbolista-colombiano-freddy-rincon\/#primaryimage"},"thumbnailUrl":"https:\/\/digital58.com.ve\/site\/wp-content\/uploads\/2022\/04\/Freddy-Rincon1.jpg","datePublished":"2022-04-14T14:25:32+00:00","description":"Deportes","breadcrumb":{"@id":"https:\/\/digital58.com.ve\/site\/2022\/04\/14\/futbol-fallece-el-exfutbolista-colombiano-freddy-rincon\/#breadcrumb"},"inLanguage":"es","potentialAction":[{"@type":"ReadAction","target":["https:\/\/digital58.com.ve\/site\/2022\/04\/14\/futbol-fallece-el-exfutbolista-colombiano-freddy-rincon\/"]}]},{"@type":"ImageObject","inLanguage":"es","@id":"https:\/\/digital58.com.ve\/site\/2022\/04\/14\/futbol-fallece-el-exfutbolista-colombiano-freddy-rincon\/#primaryimage","url":"https:\/\/digital58.com.ve\/site\/wp-content\/uploads\/2022\/04\/Freddy-Rincon1.jpg","contentUrl":"https:\/\/digital58.com.ve\/site\/wp-content\/uploads\/2022\/04\/Freddy-Rincon1.jpg","width":980,"height":590},{"@type":"BreadcrumbList","@id":"https:\/\/digital58.com.ve\/site\/2022\/04\/14\/futbol-fallece-el-exfutbolista-colombiano-freddy-rincon\/#breadcrumb","itemListElement":[{"@type":"ListItem","position":1,"name":"Home","item":"https:\/\/digital58.com.ve\/site\/"},{"@type":"ListItem","position":2,"name":"#Futbol | Fallece el exfutbolista colombiano Freddy Rinc\u00f3n"}]},{"@type":"WebSite","@id":"https:\/\/digital58.com.ve\/site\/#website","url":"https:\/\/digital58.com.ve\/site\/","name":"Noticias Digital58","description":"Portal de Noticias \u00a1Periodismo web de verdad! Lanzamiento web 22.11.2005 \/ Maracaibo, Venezuela","publisher":{"@id":"https:\/\/digital58.com.ve\/site\/#\/schema\/person\/64d1c2e4d0d4fd1b849980c4331c2951"},"alternateName":"ND58","potentialAction":[{"@type":"SearchAction","target":{"@type":"EntryPoint","urlTemplate":"https:\/\/digital58.com.ve\/site\/?s={search_term_string}"},"query-input":{"@type":"PropertyValueSpecification","valueRequired":true,"valueName":"search_term_string"}}],"inLanguage":"es"},{"@type":["Person","Organization"],"@id":"https:\/\/digital58.com.ve\/site\/#\/schema\/person\/64d1c2e4d0d4fd1b849980c4331c2951","name":"Villasmil Henry","image":{"@type":"ImageObject","inLanguage":"es","@id":"https:\/\/secure.gravatar.com\/avatar\/bb0c4a2fcb7970138239f7e404ea75757b1b507b28b5ce4c53fbd62d797c5a7c?s=96&d=mm&r=g","url":"https:\/\/secure.gravatar.com\/avatar\/bb0c4a2fcb7970138239f7e404ea75757b1b507b28b5ce4c53fbd62d797c5a7c?s=96&d=mm&r=g","contentUrl":"https:\/\/secure.gravatar.com\/avatar\/bb0c4a2fcb7970138239f7e404ea75757b1b507b28b5ce4c53fbd62d797c5a7c?s=96&d=mm&r=g","caption":"Villasmil Henry"},"logo":{"@id":"https:\/\/secure.gravatar.com\/avatar\/bb0c4a2fcb7970138239f7e404ea75757b1b507b28b5ce4c53fbd62d797c5a7c?s=96&d=mm&r=g"},"sameAs":["http:\/\/www.henryvillasmil.com.ve","https:\/\/www.instagram.com\/villasmilhfoto\/","https:\/\/x.com\/https:\/\/twitter.com\/villasmilhfoto"]},{"@type":"Person","@id":"https:\/\/digital58.com.ve\/site\/#\/schema\/person\/7c2c83fb27249d7c6f59c30c7f141381","name":"Victor Infante","image":{"@type":"ImageObject","inLanguage":"es","@id":"https:\/\/secure.gravatar.com\/avatar\/106ae6d84ee67222a78df20df89da71bb5069c89d1fd27272140999a3f842596?s=96&d=mm&r=g","url":"https:\/\/secure.gravatar.com\/avatar\/106ae6d84ee67222a78df20df89da71bb5069c89d1fd27272140999a3f842596?s=96&d=mm&r=g","contentUrl":"https:\/\/secure.gravatar.com\/avatar\/106ae6d84ee67222a78df20df89da71bb5069c89d1fd27272140999a3f842596?s=96&d=mm&r=g","caption":"Victor Infante"},"url":"https:\/\/digital58.com.ve\/site\/author\/vinfante22\/"}]}},"uagb_featured_image_src":{"full":["https:\/\/digital58.com.ve\/site\/wp-content\/uploads\/2022\/04\/Freddy-Rincon1.jpg",980,590,false],"thumbnail":["https:\/\/digital58.com.ve\/site\/wp-content\/uploads\/2022\/04\/Freddy-Rincon1-150x150.jpg",150,150,true],"medium":["https:\/\/digital58.com.ve\/site\/wp-content\/uploads\/2022\/04\/Freddy-Rincon1-300x181.jpg",300,181,true],"medium_large":["https:\/\/digital58.com.ve\/site\/wp-content\/uploads\/2022\/04\/Freddy-Rincon1-768x462.jpg",768,462,true],"large":["https:\/\/digital58.com.ve\/site\/wp-content\/uploads\/2022\/04\/Freddy-Rincon1.jpg",800,482,false],"1536x1536":["https:\/\/digital58.com.ve\/site\/wp-content\/uploads\/2022\/04\/Freddy-Rincon1.jpg",980,590,false],"2048x2048":["https:\/\/digital58.com.ve\/site\/wp-content\/uploads\/2022\/04\/Freddy-Rincon1.jpg",980,590,false],"colormag-highlighted-post":["https:\/\/digital58.com.ve\/site\/wp-content\/uploads\/2022\/04\/Freddy-Rincon1.jpg",392,236,false],"colormag-featured-post-medium":["https:\/\/digital58.com.ve\/site\/wp-content\/uploads\/2022\/04\/Freddy-Rincon1.jpg",341,205,false],"colormag-featured-post-small":["https:\/\/digital58.com.ve\/site\/wp-content\/uploads\/2022\/04\/Freddy-Rincon1.jpg",130,78,false],"colormag-featured-image":["https:\/\/digital58.com.ve\/site\/wp-content\/uploads\/2022\/04\/Freddy-Rincon1.jpg",739,445,false],"colormag-default-news":["https:\/\/digital58.com.ve\/site\/wp-content\/uploads\/2022\/04\/Freddy-Rincon1.jpg",150,90,false],"colormag-featured-image-large":["https:\/\/digital58.com.ve\/site\/wp-content\/uploads\/2022\/04\/Freddy-Rincon1.jpg",980,590,false]},"uagb_author_info":{"display_name":"Victor Infante","author_link":"https:\/\/digital58.com.ve\/site\/author\/vinfante22\/"},"uagb_comment_info":0,"uagb_excerpt":"Rinc\u00f3n form\u00f3 parte de las selecciones colombianas que clasificaron a los mundiales de Italia de 1990, Estados Unidos en 1994","_links":{"self":[{"href":"https:\/\/digital58.com.ve\/site\/wp-json\/wp\/v2\/posts\/151453","targetHints":{"allow":["GET"]}}],"collection":[{"href":"https:\/\/digital58.com.ve\/site\/wp-json\/wp\/v2\/posts"}],"about":[{"href":"https:\/\/digital58.com.ve\/site\/wp-json\/wp\/v2\/types\/post"}],"author":[{"embeddable":true,"href":"https:\/\/digital58.com.ve\/site\/wp-json\/wp\/v2\/users\/40"}],"replies":[{"embeddable":true,"href":"https:\/\/digital58.com.ve\/site\/wp-json\/wp\/v2\/comments?post=151453"}],"version-history":[{"count":0,"href":"https:\/\/digital58.com.ve\/site\/wp-json\/wp\/v2\/posts\/151453\/revisions"}],"wp:featuredmedia":[{"embeddable":true,"href":"https:\/\/digital58.com.ve\/site\/wp-json\/wp\/v2\/media\/151455"}],"wp:attachment":[{"href":"https:\/\/digital58.com.ve\/site\/wp-json\/wp\/v2\/media?parent=151453"}],"wp:term":[{"taxonomy":"category","embeddable":true,"href":"https:\/\/digital58.com.ve\/site\/wp-json\/wp\/v2\/categories?post=151453"},{"taxonomy":"post_tag","embeddable":true,"href":"https:\/\/digital58.com.ve\/site\/wp-json\/wp\/v2\/tags?post=151453"}],"curies":[{"name":"wp","href":"https:\/\/api.w.org\/{rel}","templated":true}]}}