{"id":151761,"date":"2022-04-28T08:11:04","date_gmt":"2022-04-28T12:11:04","guid":{"rendered":"https:\/\/digital58.com.ve\/site\/?p=151761"},"modified":"2022-04-28T08:11:51","modified_gmt":"2022-04-28T12:11:51","slug":"alcaldia-de-san-francisco-sera-centro-de-acopio-para-damnificados-del-sur-del-lago","status":"publish","type":"post","link":"https:\/\/digital58.com.ve\/site\/2022\/04\/28\/alcaldia-de-san-francisco-sera-centro-de-acopio-para-damnificados-del-sur-del-lago\/","title":{"rendered":"Alcald\u00eda de San Francisco ser\u00e1 centro de acopio para damnificados del Sur del Lago"},"content":{"rendered":"<p><a href=\"https:\/\/digital58.com.ve\/site\/wp-content\/uploads\/2022\/04\/IMG-20220427-WA0098.jpg\"><img loading=\"lazy\" decoding=\"async\" class=\"aligncenter size-full wp-image-151763\" src=\"https:\/\/digital58.com.ve\/site\/wp-content\/uploads\/2022\/04\/IMG-20220427-WA0098.jpg\" alt=\"\" width=\"967\" height=\"571\" srcset=\"https:\/\/digital58.com.ve\/site\/wp-content\/uploads\/2022\/04\/IMG-20220427-WA0098.jpg 967w, https:\/\/digital58.com.ve\/site\/wp-content\/uploads\/2022\/04\/IMG-20220427-WA0098-300x177.jpg 300w, https:\/\/digital58.com.ve\/site\/wp-content\/uploads\/2022\/04\/IMG-20220427-WA0098-768x453.jpg 768w\" sizes=\"auto, (max-width: 967px) 100vw, 967px\" \/><\/a><\/p>\n<p>El municipio Catatumbo, uno de los m\u00e1s afectados, se encuentra en alto riesgo de inundaciones de zonas pobladas, ya que en la actualidad hay m\u00e1s de 40 mil hect\u00e1reas agropecuarias afectadas y este ente municipal no cuenta con el m\u00fasculo financiero para resolver dicha problem\u00e1tica, as\u00ed lo inform\u00f3, Ricardo Guti\u00e9rrez, director del despacho de la Alcald\u00eda de Catatumbo.<\/p>\n<p><strong>San Francisco, Zulia, Venezuela, 28 de abril de 2022 (ND58).-<\/strong> El alcalde Gustavo Fern\u00e1ndez inform\u00f3 que como parte de la solidaridad con sus hom\u00f3logos burgomaestres del Sur del Lago y con los habitantes de los municipios que se han visto afectados por las fuertes lluvias y la ruptura del dique en el r\u00edo Zulia, la sede de la Alcald\u00eda de San Francisco, servir\u00e1 como centro de acopio para recibir insumos m\u00e9dicos, alimentos no perecederos, agua potable, ropa en buen estado y cualquier otro tipo de aportes para ayudar a estos hermanos zulianos.<\/p>\n<p><a href=\"https:\/\/digital58.com.ve\/site\/wp-content\/uploads\/2022\/04\/IMG-20220427-WA0097.jpg\"><img loading=\"lazy\" decoding=\"async\" class=\"aligncenter size-full wp-image-151762\" src=\"https:\/\/digital58.com.ve\/site\/wp-content\/uploads\/2022\/04\/IMG-20220427-WA0097.jpg\" alt=\"\" width=\"1080\" height=\"720\" srcset=\"https:\/\/digital58.com.ve\/site\/wp-content\/uploads\/2022\/04\/IMG-20220427-WA0097.jpg 900w, https:\/\/digital58.com.ve\/site\/wp-content\/uploads\/2022\/04\/IMG-20220427-WA0097-300x200.jpg 300w, https:\/\/digital58.com.ve\/site\/wp-content\/uploads\/2022\/04\/IMG-20220427-WA0097-1000x667.jpg 1000w, https:\/\/digital58.com.ve\/site\/wp-content\/uploads\/2022\/04\/IMG-20220427-WA0097-768x512.jpg 768w, https:\/\/digital58.com.ve\/site\/wp-content\/uploads\/2022\/04\/IMG-20220427-WA0097-720x480.jpg 720w, https:\/\/digital58.com.ve\/site\/wp-content\/uploads\/2022\/04\/IMG-20220427-WA0097-480x320.jpg 480w\" sizes=\"auto, (max-width: 1080px) 100vw, 1080px\" \/><\/a><\/p>\n<p>Fern\u00e1ndez realiz\u00f3 la invitaci\u00f3n, este martes 27 de abril, desde el encuentro de alcaldes con representantes de la C\u00e1mara de Comercio de Maracaibo, a quienes quieran apoyar estas acciones, a llevar sus aportes a las oficinas de Dama Sur, ubicadas en dicho recinto municipal, quienes bajo la direcci\u00f3n de la primera dama, Franciela N\u00fa\u00f1ez de Fern\u00e1ndez, en conjunto con la direcci\u00f3n de Desarrollo Social, est\u00e1n llevando a cabo la planificaci\u00f3n y organizaci\u00f3n de este centro de acopio.<\/p>\n<p><strong>Redacci\u00f3n ND58 | Fuente: Prensa ADSF<\/strong><br \/>\n<strong>Edici\u00f3n: Villasmil, Henry<\/strong><br \/>\n<strong>Gr\u00e1fica: Cortes\u00eda Prensa ADSF<\/strong><\/p>\n<p>&nbsp;<\/p>\n<p>&nbsp;<\/p><div class=\"otkkb69f2fed558bb8\" ><p style=\"text-align: center;\"><a href=\"https:\/\/t.me\/noticiasdigital58\" target=\"_blank\" rel=\"noopener\"><img class=\"aligncenter size-full wp-image-125363\" src=\"https:\/\/digital58.com.ve\/site\/wp-content\/uploads\/2021\/04\/banner-telegram-web-2021.png\" alt=\"\" width=\"600\" height=\"90\" \/><\/a><\/p><\/div><style type=\"text\/css\">\r\n@media screen and (min-width: 1201px) {\r\n.otkkb69f2fed558bb8 {\r\ndisplay: block;\r\n}\r\n}\r\n@media screen and (min-width: 993px) and (max-width: 1200px) {\r\n.otkkb69f2fed558bb8 {\r\ndisplay: block;\r\n}\r\n}\r\n@media screen and (min-width: 769px) and (max-width: 992px) {\r\n.otkkb69f2fed558bb8 {\r\ndisplay: block;\r\n}\r\n}\r\n@media screen and (min-width: 768px) and (max-width: 768px) {\r\n.otkkb69f2fed558bb8 {\r\ndisplay: block;\r\n}\r\n}\r\n@media screen and (max-width: 767px) {\r\n.otkkb69f2fed558bb8 {\r\ndisplay: block;\r\n}\r\n}\r\n<\/style>\r\n\n<p>&nbsp;<\/p>\n<div style=\"margin-top: 0px; margin-bottom: 0px;\" class=\"sharethis-inline-share-buttons\" ><\/div>","protected":false},"excerpt":{"rendered":"<p>El municipio Catatumbo, uno de los m\u00e1s afectados, se encuentra en alto riesgo de inundaciones de zonas pobladas, ya que<\/p>\n","protected":false},"author":1,"featured_media":151762,"comment_status":"open","ping_status":"closed","sticky":false,"template":"","format":"standard","meta":{"colormag_page_container_layout":"default_layout","colormag_page_sidebar_layout":"default_layout","_uag_custom_page_level_css":"","footnotes":""},"categories":[14504],"tags":[4205,28221,27172,26001,13325,10062,14139,5816,233,2354,3483,32],"class_list":["post-151761","post","type-post","status-publish","format-standard","has-post-thumbnail","hentry","category-zulia","tag-alcaldia-de-san-francisco","tag-centro-de-acopio","tag-damnificados","tag-gustavo-fernandez","tag-inundaciones","tag-lluvias","tag-municipio-catatumbo","tag-municipio-san-francisco","tag-nacionales","tag-regionales","tag-sur-del-lago-de-maracaibo","tag-venezuela"],"yoast_head":"<!-- This site is optimized with the Yoast SEO plugin v27.5 - https:\/\/yoast.com\/product\/yoast-seo-wordpress\/ -->\n<title>Alcald\u00eda de San Francisco ser\u00e1 centro de acopio para damnificados del Sur del Lago<\/title>\n<meta name=\"description\" content=\"Zulia\" \/>\n<meta name=\"robots\" content=\"index, follow, max-snippet:-1, max-image-preview:large, max-video-preview:-1\" \/>\n<link rel=\"canonical\" href=\"https:\/\/digital58.com.ve\/site\/2022\/04\/28\/alcaldia-de-san-francisco-sera-centro-de-acopio-para-damnificados-del-sur-del-lago\/\" \/>\n<meta property=\"og:locale\" content=\"es_ES\" \/>\n<meta property=\"og:type\" content=\"article\" \/>\n<meta property=\"og:title\" content=\"Alcald\u00eda de San Francisco ser\u00e1 centro de acopio para damnificados del Sur del Lago\" \/>\n<meta property=\"og:description\" content=\"Zulia\" \/>\n<meta property=\"og:url\" content=\"https:\/\/digital58.com.ve\/site\/2022\/04\/28\/alcaldia-de-san-francisco-sera-centro-de-acopio-para-damnificados-del-sur-del-lago\/\" \/>\n<meta property=\"og:site_name\" content=\"Noticias Digital58\" \/>\n<meta property=\"article:published_time\" content=\"2022-04-28T12:11:04+00:00\" \/>\n<meta property=\"article:modified_time\" content=\"2022-04-28T12:11:51+00:00\" \/>\n<meta property=\"og:image\" content=\"https:\/\/digital58.com.ve\/site\/wp-content\/uploads\/2022\/04\/IMG-20220427-WA0097.jpg\" \/>\n\t<meta property=\"og:image:width\" content=\"1080\" \/>\n\t<meta property=\"og:image:height\" content=\"720\" \/>\n\t<meta property=\"og:image:type\" content=\"image\/jpeg\" \/>\n<meta name=\"author\" content=\"Villasmil Henry\" \/>\n<meta name=\"twitter:card\" content=\"summary_large_image\" \/>\n<meta name=\"twitter:creator\" content=\"@https:\/\/twitter.com\/villasmilhfoto\" \/>\n<meta name=\"twitter:site\" content=\"@villasmilhfoto\" \/>\n<meta name=\"twitter:label1\" content=\"Escrito por\" \/>\n\t<meta name=\"twitter:data1\" content=\"Villasmil Henry\" \/>\n\t<meta name=\"twitter:label2\" content=\"Tiempo estimado de lectura\" \/>\n\t<meta name=\"twitter:data2\" content=\"2 minutos\" \/>\n<script type=\"application\/ld+json\" class=\"yoast-schema-graph\">{\"@context\":\"https:\\\/\\\/schema.org\",\"@graph\":[{\"@type\":\"Article\",\"@id\":\"https:\\\/\\\/digital58.com.ve\\\/site\\\/2022\\\/04\\\/28\\\/alcaldia-de-san-francisco-sera-centro-de-acopio-para-damnificados-del-sur-del-lago\\\/#article\",\"isPartOf\":{\"@id\":\"https:\\\/\\\/digital58.com.ve\\\/site\\\/2022\\\/04\\\/28\\\/alcaldia-de-san-francisco-sera-centro-de-acopio-para-damnificados-del-sur-del-lago\\\/\"},\"author\":{\"name\":\"Villasmil Henry\",\"@id\":\"https:\\\/\\\/digital58.com.ve\\\/site\\\/#\\\/schema\\\/person\\\/64d1c2e4d0d4fd1b849980c4331c2951\"},\"headline\":\"Alcald\u00eda de San Francisco ser\u00e1 centro de acopio para damnificados del Sur del Lago\",\"datePublished\":\"2022-04-28T12:11:04+00:00\",\"dateModified\":\"2022-04-28T12:11:51+00:00\",\"mainEntityOfPage\":{\"@id\":\"https:\\\/\\\/digital58.com.ve\\\/site\\\/2022\\\/04\\\/28\\\/alcaldia-de-san-francisco-sera-centro-de-acopio-para-damnificados-del-sur-del-lago\\\/\"},\"wordCount\":280,\"commentCount\":0,\"publisher\":{\"@id\":\"https:\\\/\\\/digital58.com.ve\\\/site\\\/#\\\/schema\\\/person\\\/64d1c2e4d0d4fd1b849980c4331c2951\"},\"image\":{\"@id\":\"https:\\\/\\\/digital58.com.ve\\\/site\\\/2022\\\/04\\\/28\\\/alcaldia-de-san-francisco-sera-centro-de-acopio-para-damnificados-del-sur-del-lago\\\/#primaryimage\"},\"thumbnailUrl\":\"https:\\\/\\\/digital58.com.ve\\\/site\\\/wp-content\\\/uploads\\\/2022\\\/04\\\/IMG-20220427-WA0097.jpg\",\"keywords\":[\"Alcald\u00eda de San Francisco\",\"Centro de acopio\",\"Damnificados\",\"Gustavo Fern\u00e1ndez\",\"Inundaciones\",\"Lluvias\",\"Municipio Catatumbo\",\"Municipio San Francisco\",\"Nacionales\",\"Regionales\",\"Sur del Lago de Maracaibo\",\"Venezuela\"],\"articleSection\":[\"Zulia\"],\"inLanguage\":\"es\",\"potentialAction\":[{\"@type\":\"CommentAction\",\"name\":\"Comment\",\"target\":[\"https:\\\/\\\/digital58.com.ve\\\/site\\\/2022\\\/04\\\/28\\\/alcaldia-de-san-francisco-sera-centro-de-acopio-para-damnificados-del-sur-del-lago\\\/#respond\"]}]},{\"@type\":\"WebPage\",\"@id\":\"https:\\\/\\\/digital58.com.ve\\\/site\\\/2022\\\/04\\\/28\\\/alcaldia-de-san-francisco-sera-centro-de-acopio-para-damnificados-del-sur-del-lago\\\/\",\"url\":\"https:\\\/\\\/digital58.com.ve\\\/site\\\/2022\\\/04\\\/28\\\/alcaldia-de-san-francisco-sera-centro-de-acopio-para-damnificados-del-sur-del-lago\\\/\",\"name\":\"Alcald\u00eda de San Francisco ser\u00e1 centro de acopio para damnificados del Sur del Lago\",\"isPartOf\":{\"@id\":\"https:\\\/\\\/digital58.com.ve\\\/site\\\/#website\"},\"primaryImageOfPage\":{\"@id\":\"https:\\\/\\\/digital58.com.ve\\\/site\\\/2022\\\/04\\\/28\\\/alcaldia-de-san-francisco-sera-centro-de-acopio-para-damnificados-del-sur-del-lago\\\/#primaryimage\"},\"image\":{\"@id\":\"https:\\\/\\\/digital58.com.ve\\\/site\\\/2022\\\/04\\\/28\\\/alcaldia-de-san-francisco-sera-centro-de-acopio-para-damnificados-del-sur-del-lago\\\/#primaryimage\"},\"thumbnailUrl\":\"https:\\\/\\\/digital58.com.ve\\\/site\\\/wp-content\\\/uploads\\\/2022\\\/04\\\/IMG-20220427-WA0097.jpg\",\"datePublished\":\"2022-04-28T12:11:04+00:00\",\"dateModified\":\"2022-04-28T12:11:51+00:00\",\"description\":\"Zulia\",\"breadcrumb\":{\"@id\":\"https:\\\/\\\/digital58.com.ve\\\/site\\\/2022\\\/04\\\/28\\\/alcaldia-de-san-francisco-sera-centro-de-acopio-para-damnificados-del-sur-del-lago\\\/#breadcrumb\"},\"inLanguage\":\"es\",\"potentialAction\":[{\"@type\":\"ReadAction\",\"target\":[\"https:\\\/\\\/digital58.com.ve\\\/site\\\/2022\\\/04\\\/28\\\/alcaldia-de-san-francisco-sera-centro-de-acopio-para-damnificados-del-sur-del-lago\\\/\"]}]},{\"@type\":\"ImageObject\",\"inLanguage\":\"es\",\"@id\":\"https:\\\/\\\/digital58.com.ve\\\/site\\\/2022\\\/04\\\/28\\\/alcaldia-de-san-francisco-sera-centro-de-acopio-para-damnificados-del-sur-del-lago\\\/#primaryimage\",\"url\":\"https:\\\/\\\/digital58.com.ve\\\/site\\\/wp-content\\\/uploads\\\/2022\\\/04\\\/IMG-20220427-WA0097.jpg\",\"contentUrl\":\"https:\\\/\\\/digital58.com.ve\\\/site\\\/wp-content\\\/uploads\\\/2022\\\/04\\\/IMG-20220427-WA0097.jpg\",\"width\":900,\"height\":600},{\"@type\":\"BreadcrumbList\",\"@id\":\"https:\\\/\\\/digital58.com.ve\\\/site\\\/2022\\\/04\\\/28\\\/alcaldia-de-san-francisco-sera-centro-de-acopio-para-damnificados-del-sur-del-lago\\\/#breadcrumb\",\"itemListElement\":[{\"@type\":\"ListItem\",\"position\":1,\"name\":\"Home\",\"item\":\"https:\\\/\\\/digital58.com.ve\\\/site\\\/\"},{\"@type\":\"ListItem\",\"position\":2,\"name\":\"Alcald\u00eda de San Francisco ser\u00e1 centro de acopio para damnificados del Sur del Lago\"}]},{\"@type\":\"WebSite\",\"@id\":\"https:\\\/\\\/digital58.com.ve\\\/site\\\/#website\",\"url\":\"https:\\\/\\\/digital58.com.ve\\\/site\\\/\",\"name\":\"Noticias Digital58\",\"description\":\"Portal de Noticias \u00a1Periodismo web de verdad! Lanzamiento web 22.11.2005 \\\/ Maracaibo, Venezuela\",\"publisher\":{\"@id\":\"https:\\\/\\\/digital58.com.ve\\\/site\\\/#\\\/schema\\\/person\\\/64d1c2e4d0d4fd1b849980c4331c2951\"},\"alternateName\":\"ND58\",\"potentialAction\":[{\"@type\":\"SearchAction\",\"target\":{\"@type\":\"EntryPoint\",\"urlTemplate\":\"https:\\\/\\\/digital58.com.ve\\\/site\\\/?s={search_term_string}\"},\"query-input\":{\"@type\":\"PropertyValueSpecification\",\"valueRequired\":true,\"valueName\":\"search_term_string\"}}],\"inLanguage\":\"es\"},{\"@type\":[\"Person\",\"Organization\"],\"@id\":\"https:\\\/\\\/digital58.com.ve\\\/site\\\/#\\\/schema\\\/person\\\/64d1c2e4d0d4fd1b849980c4331c2951\",\"name\":\"Villasmil Henry\",\"image\":{\"@type\":\"ImageObject\",\"inLanguage\":\"es\",\"@id\":\"https:\\\/\\\/secure.gravatar.com\\\/avatar\\\/bb0c4a2fcb7970138239f7e404ea75757b1b507b28b5ce4c53fbd62d797c5a7c?s=96&d=mm&r=g\",\"url\":\"https:\\\/\\\/secure.gravatar.com\\\/avatar\\\/bb0c4a2fcb7970138239f7e404ea75757b1b507b28b5ce4c53fbd62d797c5a7c?s=96&d=mm&r=g\",\"contentUrl\":\"https:\\\/\\\/secure.gravatar.com\\\/avatar\\\/bb0c4a2fcb7970138239f7e404ea75757b1b507b28b5ce4c53fbd62d797c5a7c?s=96&d=mm&r=g\",\"caption\":\"Villasmil Henry\"},\"logo\":{\"@id\":\"https:\\\/\\\/secure.gravatar.com\\\/avatar\\\/bb0c4a2fcb7970138239f7e404ea75757b1b507b28b5ce4c53fbd62d797c5a7c?s=96&d=mm&r=g\"},\"sameAs\":[\"http:\\\/\\\/www.henryvillasmil.com.ve\",\"https:\\\/\\\/www.instagram.com\\\/villasmilhfoto\\\/\",\"https:\\\/\\\/x.com\\\/https:\\\/\\\/twitter.com\\\/villasmilhfoto\"],\"url\":\"https:\\\/\\\/digital58.com.ve\\\/site\\\/author\\\/droopy_68\\\/\"}]}<\/script>\n<!-- \/ Yoast SEO plugin. -->","yoast_head_json":{"title":"Alcald\u00eda de San Francisco ser\u00e1 centro de acopio para damnificados del Sur del Lago","description":"Zulia","robots":{"index":"index","follow":"follow","max-snippet":"max-snippet:-1","max-image-preview":"max-image-preview:large","max-video-preview":"max-video-preview:-1"},"canonical":"https:\/\/digital58.com.ve\/site\/2022\/04\/28\/alcaldia-de-san-francisco-sera-centro-de-acopio-para-damnificados-del-sur-del-lago\/","og_locale":"es_ES","og_type":"article","og_title":"Alcald\u00eda de San Francisco ser\u00e1 centro de acopio para damnificados del Sur del Lago","og_description":"Zulia","og_url":"https:\/\/digital58.com.ve\/site\/2022\/04\/28\/alcaldia-de-san-francisco-sera-centro-de-acopio-para-damnificados-del-sur-del-lago\/","og_site_name":"Noticias Digital58","article_published_time":"2022-04-28T12:11:04+00:00","article_modified_time":"2022-04-28T12:11:51+00:00","og_image":[{"width":1080,"height":720,"url":"https:\/\/digital58.com.ve\/site\/wp-content\/uploads\/2022\/04\/IMG-20220427-WA0097.jpg","type":"image\/jpeg"}],"author":"Villasmil Henry","twitter_card":"summary_large_image","twitter_creator":"@https:\/\/twitter.com\/villasmilhfoto","twitter_site":"@villasmilhfoto","twitter_misc":{"Escrito por":"Villasmil Henry","Tiempo estimado de lectura":"2 minutos"},"schema":{"@context":"https:\/\/schema.org","@graph":[{"@type":"Article","@id":"https:\/\/digital58.com.ve\/site\/2022\/04\/28\/alcaldia-de-san-francisco-sera-centro-de-acopio-para-damnificados-del-sur-del-lago\/#article","isPartOf":{"@id":"https:\/\/digital58.com.ve\/site\/2022\/04\/28\/alcaldia-de-san-francisco-sera-centro-de-acopio-para-damnificados-del-sur-del-lago\/"},"author":{"name":"Villasmil Henry","@id":"https:\/\/digital58.com.ve\/site\/#\/schema\/person\/64d1c2e4d0d4fd1b849980c4331c2951"},"headline":"Alcald\u00eda de San Francisco ser\u00e1 centro de acopio para damnificados del Sur del Lago","datePublished":"2022-04-28T12:11:04+00:00","dateModified":"2022-04-28T12:11:51+00:00","mainEntityOfPage":{"@id":"https:\/\/digital58.com.ve\/site\/2022\/04\/28\/alcaldia-de-san-francisco-sera-centro-de-acopio-para-damnificados-del-sur-del-lago\/"},"wordCount":280,"commentCount":0,"publisher":{"@id":"https:\/\/digital58.com.ve\/site\/#\/schema\/person\/64d1c2e4d0d4fd1b849980c4331c2951"},"image":{"@id":"https:\/\/digital58.com.ve\/site\/2022\/04\/28\/alcaldia-de-san-francisco-sera-centro-de-acopio-para-damnificados-del-sur-del-lago\/#primaryimage"},"thumbnailUrl":"https:\/\/digital58.com.ve\/site\/wp-content\/uploads\/2022\/04\/IMG-20220427-WA0097.jpg","keywords":["Alcald\u00eda de San Francisco","Centro de acopio","Damnificados","Gustavo Fern\u00e1ndez","Inundaciones","Lluvias","Municipio Catatumbo","Municipio San Francisco","Nacionales","Regionales","Sur del Lago de Maracaibo","Venezuela"],"articleSection":["Zulia"],"inLanguage":"es","potentialAction":[{"@type":"CommentAction","name":"Comment","target":["https:\/\/digital58.com.ve\/site\/2022\/04\/28\/alcaldia-de-san-francisco-sera-centro-de-acopio-para-damnificados-del-sur-del-lago\/#respond"]}]},{"@type":"WebPage","@id":"https:\/\/digital58.com.ve\/site\/2022\/04\/28\/alcaldia-de-san-francisco-sera-centro-de-acopio-para-damnificados-del-sur-del-lago\/","url":"https:\/\/digital58.com.ve\/site\/2022\/04\/28\/alcaldia-de-san-francisco-sera-centro-de-acopio-para-damnificados-del-sur-del-lago\/","name":"Alcald\u00eda de San Francisco ser\u00e1 centro de acopio para damnificados del Sur del Lago","isPartOf":{"@id":"https:\/\/digital58.com.ve\/site\/#website"},"primaryImageOfPage":{"@id":"https:\/\/digital58.com.ve\/site\/2022\/04\/28\/alcaldia-de-san-francisco-sera-centro-de-acopio-para-damnificados-del-sur-del-lago\/#primaryimage"},"image":{"@id":"https:\/\/digital58.com.ve\/site\/2022\/04\/28\/alcaldia-de-san-francisco-sera-centro-de-acopio-para-damnificados-del-sur-del-lago\/#primaryimage"},"thumbnailUrl":"https:\/\/digital58.com.ve\/site\/wp-content\/uploads\/2022\/04\/IMG-20220427-WA0097.jpg","datePublished":"2022-04-28T12:11:04+00:00","dateModified":"2022-04-28T12:11:51+00:00","description":"Zulia","breadcrumb":{"@id":"https:\/\/digital58.com.ve\/site\/2022\/04\/28\/alcaldia-de-san-francisco-sera-centro-de-acopio-para-damnificados-del-sur-del-lago\/#breadcrumb"},"inLanguage":"es","potentialAction":[{"@type":"ReadAction","target":["https:\/\/digital58.com.ve\/site\/2022\/04\/28\/alcaldia-de-san-francisco-sera-centro-de-acopio-para-damnificados-del-sur-del-lago\/"]}]},{"@type":"ImageObject","inLanguage":"es","@id":"https:\/\/digital58.com.ve\/site\/2022\/04\/28\/alcaldia-de-san-francisco-sera-centro-de-acopio-para-damnificados-del-sur-del-lago\/#primaryimage","url":"https:\/\/digital58.com.ve\/site\/wp-content\/uploads\/2022\/04\/IMG-20220427-WA0097.jpg","contentUrl":"https:\/\/digital58.com.ve\/site\/wp-content\/uploads\/2022\/04\/IMG-20220427-WA0097.jpg","width":900,"height":600},{"@type":"BreadcrumbList","@id":"https:\/\/digital58.com.ve\/site\/2022\/04\/28\/alcaldia-de-san-francisco-sera-centro-de-acopio-para-damnificados-del-sur-del-lago\/#breadcrumb","itemListElement":[{"@type":"ListItem","position":1,"name":"Home","item":"https:\/\/digital58.com.ve\/site\/"},{"@type":"ListItem","position":2,"name":"Alcald\u00eda de San Francisco ser\u00e1 centro de acopio para damnificados del Sur del Lago"}]},{"@type":"WebSite","@id":"https:\/\/digital58.com.ve\/site\/#website","url":"https:\/\/digital58.com.ve\/site\/","name":"Noticias Digital58","description":"Portal de Noticias \u00a1Periodismo web de verdad! Lanzamiento web 22.11.2005 \/ Maracaibo, Venezuela","publisher":{"@id":"https:\/\/digital58.com.ve\/site\/#\/schema\/person\/64d1c2e4d0d4fd1b849980c4331c2951"},"alternateName":"ND58","potentialAction":[{"@type":"SearchAction","target":{"@type":"EntryPoint","urlTemplate":"https:\/\/digital58.com.ve\/site\/?s={search_term_string}"},"query-input":{"@type":"PropertyValueSpecification","valueRequired":true,"valueName":"search_term_string"}}],"inLanguage":"es"},{"@type":["Person","Organization"],"@id":"https:\/\/digital58.com.ve\/site\/#\/schema\/person\/64d1c2e4d0d4fd1b849980c4331c2951","name":"Villasmil Henry","image":{"@type":"ImageObject","inLanguage":"es","@id":"https:\/\/secure.gravatar.com\/avatar\/bb0c4a2fcb7970138239f7e404ea75757b1b507b28b5ce4c53fbd62d797c5a7c?s=96&d=mm&r=g","url":"https:\/\/secure.gravatar.com\/avatar\/bb0c4a2fcb7970138239f7e404ea75757b1b507b28b5ce4c53fbd62d797c5a7c?s=96&d=mm&r=g","contentUrl":"https:\/\/secure.gravatar.com\/avatar\/bb0c4a2fcb7970138239f7e404ea75757b1b507b28b5ce4c53fbd62d797c5a7c?s=96&d=mm&r=g","caption":"Villasmil Henry"},"logo":{"@id":"https:\/\/secure.gravatar.com\/avatar\/bb0c4a2fcb7970138239f7e404ea75757b1b507b28b5ce4c53fbd62d797c5a7c?s=96&d=mm&r=g"},"sameAs":["http:\/\/www.henryvillasmil.com.ve","https:\/\/www.instagram.com\/villasmilhfoto\/","https:\/\/x.com\/https:\/\/twitter.com\/villasmilhfoto"],"url":"https:\/\/digital58.com.ve\/site\/author\/droopy_68\/"}]}},"uagb_featured_image_src":{"full":["https:\/\/digital58.com.ve\/site\/wp-content\/uploads\/2022\/04\/IMG-20220427-WA0097.jpg",900,600,false],"thumbnail":["https:\/\/digital58.com.ve\/site\/wp-content\/uploads\/2022\/04\/IMG-20220427-WA0097-150x150.jpg",150,150,true],"medium":["https:\/\/digital58.com.ve\/site\/wp-content\/uploads\/2022\/04\/IMG-20220427-WA0097-300x200.jpg",300,200,true],"medium_large":["https:\/\/digital58.com.ve\/site\/wp-content\/uploads\/2022\/04\/IMG-20220427-WA0097-768x512.jpg",768,512,true],"large":["https:\/\/digital58.com.ve\/site\/wp-content\/uploads\/2022\/04\/IMG-20220427-WA0097-1000x667.jpg",800,534,true],"1536x1536":["https:\/\/digital58.com.ve\/site\/wp-content\/uploads\/2022\/04\/IMG-20220427-WA0097.jpg",900,600,false],"2048x2048":["https:\/\/digital58.com.ve\/site\/wp-content\/uploads\/2022\/04\/IMG-20220427-WA0097.jpg",900,600,false],"colormag-highlighted-post":["https:\/\/digital58.com.ve\/site\/wp-content\/uploads\/2022\/04\/IMG-20220427-WA0097.jpg",392,261,false],"colormag-featured-post-medium":["https:\/\/digital58.com.ve\/site\/wp-content\/uploads\/2022\/04\/IMG-20220427-WA0097.jpg",308,205,false],"colormag-featured-post-small":["https:\/\/digital58.com.ve\/site\/wp-content\/uploads\/2022\/04\/IMG-20220427-WA0097.jpg",130,87,false],"colormag-featured-image":["https:\/\/digital58.com.ve\/site\/wp-content\/uploads\/2022\/04\/IMG-20220427-WA0097.jpg",668,445,false],"colormag-default-news":["https:\/\/digital58.com.ve\/site\/wp-content\/uploads\/2022\/04\/IMG-20220427-WA0097.jpg",150,100,false],"colormag-featured-image-large":["https:\/\/digital58.com.ve\/site\/wp-content\/uploads\/2022\/04\/IMG-20220427-WA0097.jpg",900,600,false]},"uagb_author_info":{"display_name":"Villasmil Henry","author_link":"https:\/\/digital58.com.ve\/site\/author\/droopy_68\/"},"uagb_comment_info":0,"uagb_excerpt":"El municipio Catatumbo, uno de los m\u00e1s afectados, se encuentra en alto riesgo de inundaciones de zonas pobladas, ya que","_links":{"self":[{"href":"https:\/\/digital58.com.ve\/site\/wp-json\/wp\/v2\/posts\/151761","targetHints":{"allow":["GET"]}}],"collection":[{"href":"https:\/\/digital58.com.ve\/site\/wp-json\/wp\/v2\/posts"}],"about":[{"href":"https:\/\/digital58.com.ve\/site\/wp-json\/wp\/v2\/types\/post"}],"author":[{"embeddable":true,"href":"https:\/\/digital58.com.ve\/site\/wp-json\/wp\/v2\/users\/1"}],"replies":[{"embeddable":true,"href":"https:\/\/digital58.com.ve\/site\/wp-json\/wp\/v2\/comments?post=151761"}],"version-history":[{"count":0,"href":"https:\/\/digital58.com.ve\/site\/wp-json\/wp\/v2\/posts\/151761\/revisions"}],"wp:featuredmedia":[{"embeddable":true,"href":"https:\/\/digital58.com.ve\/site\/wp-json\/wp\/v2\/media\/151762"}],"wp:attachment":[{"href":"https:\/\/digital58.com.ve\/site\/wp-json\/wp\/v2\/media?parent=151761"}],"wp:term":[{"taxonomy":"category","embeddable":true,"href":"https:\/\/digital58.com.ve\/site\/wp-json\/wp\/v2\/categories?post=151761"},{"taxonomy":"post_tag","embeddable":true,"href":"https:\/\/digital58.com.ve\/site\/wp-json\/wp\/v2\/tags?post=151761"}],"curies":[{"name":"wp","href":"https:\/\/api.w.org\/{rel}","templated":true}]}}