{"id":152070,"date":"2022-05-14T11:28:53","date_gmt":"2022-05-14T15:28:53","guid":{"rendered":"https:\/\/digital58.com.ve\/site\/?p=152070"},"modified":"2022-05-14T11:28:53","modified_gmt":"2022-05-14T15:28:53","slug":"sepultan-en-jerusalen-a-periodista-palestina-asesinada","status":"publish","type":"post","link":"https:\/\/digital58.com.ve\/site\/2022\/05\/14\/sepultan-en-jerusalen-a-periodista-palestina-asesinada\/","title":{"rendered":"Sepultan en Jerusal\u00e9n a periodista palestina asesinada"},"content":{"rendered":"<p><a href=\"https:\/\/digital58.com.ve\/site\/wp-content\/uploads\/2022\/05\/Shireen-Abu-Akleh-sepelio.jpg\"><img loading=\"lazy\" decoding=\"async\" class=\"aligncenter size-full wp-image-152071\" src=\"https:\/\/digital58.com.ve\/site\/wp-content\/uploads\/2022\/05\/Shireen-Abu-Akleh-sepelio.jpg\" alt=\"\" width=\"900\" height=\"586\" srcset=\"https:\/\/digital58.com.ve\/site\/wp-content\/uploads\/2022\/05\/Shireen-Abu-Akleh-sepelio.jpg 900w, https:\/\/digital58.com.ve\/site\/wp-content\/uploads\/2022\/05\/Shireen-Abu-Akleh-sepelio-300x195.jpg 300w, https:\/\/digital58.com.ve\/site\/wp-content\/uploads\/2022\/05\/Shireen-Abu-Akleh-sepelio-768x500.jpg 768w\" sizes=\"auto, (max-width: 900px) 100vw, 900px\" \/><\/a><\/p>\n<p>Miles de palestinos asistieron al entierro, el cual comenz\u00f3 por la ma\u00f1ana con un servicio religioso en una iglesia en Jerusal\u00e9n Oriental.<\/p>\n<p><strong>Jerusal\u00e9n, 14 de mayo de 2022 (ND58).-<\/strong> Shireen Abu Akleh, una periodista palestino-estadounidense asesinada mientras cubr\u00eda enfrentamientos en la ocupada Cisjordania, fue sepultada este viernes en Jerusal\u00e9n.<\/p>\n<p>El \u00faltimo adi\u00f3s se le dio en la Ciudad Vieja para despu\u00e9s ser sepultada en un cementerio cercano, dijo Al Jazeera TV, empresa para la cual la periodista trabajaba.<\/p>\n<p>El Ministerio de Salud palestino dijo que Abu Akleh, de 51 a\u00f1os de edad, fue baleada el mi\u00e9rcoles por la ma\u00f1ana por soldados israel\u00edes en la ciudad cisjordana norte\u00f1a de Jenin mientras cubr\u00eda una incursi\u00f3n militar israel\u00ed. La periodista muri\u00f3 poco despu\u00e9s.<\/p>\n<p>Funcionarios de Al Jazeera tambi\u00e9n acusaron a Israel de matar deliberadamente a la experimentada periodista. Las autoridades israel\u00edes inicialmente afirmaron que fue alcanzada por disparos indiscriminados de militantes palestinos.<\/p>\n<p>Tambi\u00e9n, el ej\u00e9rcito israel\u00ed dio a conocer los hallazgos iniciales de su investigaci\u00f3n y se\u00f1al\u00f3 que el tiroteo era intenso cerca de Abu Akleh y su equipo durante el incidente, y que \u00abno es posible determinar inequ\u00edvocamente la fuente del disparo que la alcanz\u00f3 y la mat\u00f3\u00bb.<\/p>\n<p>\u00abAl final de la investigaci\u00f3n a\u00fan hay varios detalles que requieren una mayor aclaraci\u00f3n\u00bb, agreg\u00f3 el ej\u00e9rcito.<\/p>\n<p><strong>Redacci\u00f3n ND58 | Fuente: Xinhua<\/strong><br \/>\n<strong>Edici\u00f3n: Villasmil, Henry<\/strong><br \/>\n<strong>Gr\u00e1fica: Xinhua\/Nidal Eshtayeh<\/strong><\/p>\n<p>&nbsp;<\/p>\n<p>&nbsp;<\/p><div class=\"mkvjk6a984e0fdbbdf\" ><p style=\"text-align: center;\"><a href=\"https:\/\/t.me\/noticiasdigital58\" target=\"_blank\" rel=\"noopener\"><img class=\"aligncenter size-full wp-image-125363\" src=\"https:\/\/digital58.com.ve\/site\/wp-content\/uploads\/2021\/04\/banner-telegram-web-2021.png\" alt=\"\" width=\"600\" height=\"90\" \/><\/a><\/p><\/div><style type=\"text\/css\">\r\n@media screen and (min-width: 1201px) {\r\n.mkvjk6a984e0fdbbdf {\r\ndisplay: block;\r\n}\r\n}\r\n@media screen and (min-width: 993px) and (max-width: 1200px) {\r\n.mkvjk6a984e0fdbbdf {\r\ndisplay: block;\r\n}\r\n}\r\n@media screen and (min-width: 769px) and (max-width: 992px) {\r\n.mkvjk6a984e0fdbbdf {\r\ndisplay: block;\r\n}\r\n}\r\n@media screen and (min-width: 768px) and (max-width: 768px) {\r\n.mkvjk6a984e0fdbbdf {\r\ndisplay: block;\r\n}\r\n}\r\n@media screen and (max-width: 767px) {\r\n.mkvjk6a984e0fdbbdf {\r\ndisplay: block;\r\n}\r\n}\r\n<\/style>\r\n\n<p>&nbsp;<\/p>\n<div style=\"margin-top: 0px; margin-bottom: 0px;\" class=\"sharethis-inline-share-buttons\" ><\/div>","protected":false},"excerpt":{"rendered":"<p>Miles de palestinos asistieron al entierro, el cual comenz\u00f3 por la ma\u00f1ana con un servicio religioso en una iglesia en<\/p>\n","protected":false},"author":1,"featured_media":152071,"comment_status":"open","ping_status":"closed","sticky":false,"template":"","format":"standard","meta":{"colormag_page_container_layout":"default_layout","colormag_page_sidebar_layout":"default_layout","_uag_custom_page_level_css":"","footnotes":""},"categories":[16451],"tags":[18076,8,7798,11987,3966,6458,28273],"class_list":["post-152070","post","type-post","status-publish","format-standard","has-post-thumbnail","hentry","category-mundo","tag-conflictos-belicos","tag-internacionales","tag-israel","tag-jerusalen","tag-periodistas","tag-sepelios","tag-shireen-abu-akleh"],"yoast_head":"<!-- This site is optimized with the Yoast SEO plugin v28.4 - https:\/\/yoast.com\/product\/yoast-seo-wordpress\/ -->\n<title>Sepultan en Jerusal\u00e9n a periodista palestina asesinada<\/title>\n<meta name=\"description\" content=\"Mundo\" \/>\n<meta name=\"robots\" content=\"index, follow, max-snippet:-1, max-image-preview:large, max-video-preview:-1\" \/>\n<link rel=\"canonical\" href=\"https:\/\/digital58.com.ve\/site\/2022\/05\/14\/sepultan-en-jerusalen-a-periodista-palestina-asesinada\/\" \/>\n<meta property=\"og:locale\" content=\"es_ES\" \/>\n<meta property=\"og:type\" content=\"article\" \/>\n<meta property=\"og:title\" content=\"Sepultan en Jerusal\u00e9n a periodista palestina asesinada\" \/>\n<meta property=\"og:description\" content=\"Mundo\" \/>\n<meta property=\"og:url\" content=\"https:\/\/digital58.com.ve\/site\/2022\/05\/14\/sepultan-en-jerusalen-a-periodista-palestina-asesinada\/\" \/>\n<meta property=\"og:site_name\" content=\"Noticias Digital58\" \/>\n<meta property=\"article:published_time\" content=\"2022-05-14T15:28:53+00:00\" \/>\n<meta property=\"og:image\" content=\"https:\/\/digital58.com.ve\/site\/wp-content\/uploads\/2022\/05\/Shireen-Abu-Akleh-sepelio.jpg\" \/>\n\t<meta property=\"og:image:width\" content=\"900\" \/>\n\t<meta property=\"og:image:height\" content=\"586\" \/>\n\t<meta property=\"og:image:type\" content=\"image\/jpeg\" \/>\n<meta name=\"author\" content=\"Villasmil Henry\" \/>\n<meta name=\"twitter:card\" content=\"summary_large_image\" \/>\n<meta name=\"twitter:creator\" content=\"@https:\/\/twitter.com\/villasmilhfoto\" \/>\n<meta name=\"twitter:site\" content=\"@villasmilhfoto\" \/>\n<meta name=\"twitter:label1\" content=\"Escrito por\" \/>\n\t<meta name=\"twitter:data1\" content=\"Villasmil Henry\" \/>\n\t<meta name=\"twitter:label2\" content=\"Tiempo estimado de lectura\" \/>\n\t<meta name=\"twitter:data2\" content=\"2 minutos\" \/>\n<script type=\"application\/ld+json\" class=\"yoast-schema-graph\">{\"@context\":\"https:\\\/\\\/schema.org\",\"@graph\":[{\"@type\":\"Article\",\"@id\":\"https:\\\/\\\/digital58.com.ve\\\/site\\\/2022\\\/05\\\/14\\\/sepultan-en-jerusalen-a-periodista-palestina-asesinada\\\/#article\",\"isPartOf\":{\"@id\":\"https:\\\/\\\/digital58.com.ve\\\/site\\\/2022\\\/05\\\/14\\\/sepultan-en-jerusalen-a-periodista-palestina-asesinada\\\/\"},\"author\":{\"name\":\"Villasmil Henry\",\"@id\":\"https:\\\/\\\/digital58.com.ve\\\/site\\\/#\\\/schema\\\/person\\\/64d1c2e4d0d4fd1b849980c4331c2951\"},\"headline\":\"Sepultan en Jerusal\u00e9n a periodista palestina asesinada\",\"datePublished\":\"2022-05-14T15:28:53+00:00\",\"mainEntityOfPage\":{\"@id\":\"https:\\\/\\\/digital58.com.ve\\\/site\\\/2022\\\/05\\\/14\\\/sepultan-en-jerusalen-a-periodista-palestina-asesinada\\\/\"},\"wordCount\":262,\"commentCount\":0,\"publisher\":{\"@id\":\"https:\\\/\\\/digital58.com.ve\\\/site\\\/#\\\/schema\\\/person\\\/64d1c2e4d0d4fd1b849980c4331c2951\"},\"image\":{\"@id\":\"https:\\\/\\\/digital58.com.ve\\\/site\\\/2022\\\/05\\\/14\\\/sepultan-en-jerusalen-a-periodista-palestina-asesinada\\\/#primaryimage\"},\"thumbnailUrl\":\"https:\\\/\\\/digital58.com.ve\\\/site\\\/wp-content\\\/uploads\\\/2022\\\/05\\\/Shireen-Abu-Akleh-sepelio.jpg\",\"keywords\":[\"Conflictos b\u00e9licos\",\"Internacionales\",\"Israel\",\"Jerusal\u00e9n\",\"Periodistas\",\"Sepelios\",\"Shireen Abu Akleh\"],\"articleSection\":[\"Mundo\"],\"inLanguage\":\"es\",\"potentialAction\":[{\"@type\":\"CommentAction\",\"name\":\"Comment\",\"target\":[\"https:\\\/\\\/digital58.com.ve\\\/site\\\/2022\\\/05\\\/14\\\/sepultan-en-jerusalen-a-periodista-palestina-asesinada\\\/#respond\"]}]},{\"@type\":\"WebPage\",\"@id\":\"https:\\\/\\\/digital58.com.ve\\\/site\\\/2022\\\/05\\\/14\\\/sepultan-en-jerusalen-a-periodista-palestina-asesinada\\\/\",\"url\":\"https:\\\/\\\/digital58.com.ve\\\/site\\\/2022\\\/05\\\/14\\\/sepultan-en-jerusalen-a-periodista-palestina-asesinada\\\/\",\"name\":\"Sepultan en Jerusal\u00e9n a periodista palestina asesinada\",\"isPartOf\":{\"@id\":\"https:\\\/\\\/digital58.com.ve\\\/site\\\/#website\"},\"primaryImageOfPage\":{\"@id\":\"https:\\\/\\\/digital58.com.ve\\\/site\\\/2022\\\/05\\\/14\\\/sepultan-en-jerusalen-a-periodista-palestina-asesinada\\\/#primaryimage\"},\"image\":{\"@id\":\"https:\\\/\\\/digital58.com.ve\\\/site\\\/2022\\\/05\\\/14\\\/sepultan-en-jerusalen-a-periodista-palestina-asesinada\\\/#primaryimage\"},\"thumbnailUrl\":\"https:\\\/\\\/digital58.com.ve\\\/site\\\/wp-content\\\/uploads\\\/2022\\\/05\\\/Shireen-Abu-Akleh-sepelio.jpg\",\"datePublished\":\"2022-05-14T15:28:53+00:00\",\"description\":\"Mundo\",\"breadcrumb\":{\"@id\":\"https:\\\/\\\/digital58.com.ve\\\/site\\\/2022\\\/05\\\/14\\\/sepultan-en-jerusalen-a-periodista-palestina-asesinada\\\/#breadcrumb\"},\"inLanguage\":\"es\",\"potentialAction\":[{\"@type\":\"ReadAction\",\"target\":[\"https:\\\/\\\/digital58.com.ve\\\/site\\\/2022\\\/05\\\/14\\\/sepultan-en-jerusalen-a-periodista-palestina-asesinada\\\/\"]}]},{\"@type\":\"ImageObject\",\"inLanguage\":\"es\",\"@id\":\"https:\\\/\\\/digital58.com.ve\\\/site\\\/2022\\\/05\\\/14\\\/sepultan-en-jerusalen-a-periodista-palestina-asesinada\\\/#primaryimage\",\"url\":\"https:\\\/\\\/digital58.com.ve\\\/site\\\/wp-content\\\/uploads\\\/2022\\\/05\\\/Shireen-Abu-Akleh-sepelio.jpg\",\"contentUrl\":\"https:\\\/\\\/digital58.com.ve\\\/site\\\/wp-content\\\/uploads\\\/2022\\\/05\\\/Shireen-Abu-Akleh-sepelio.jpg\",\"width\":900,\"height\":586},{\"@type\":\"BreadcrumbList\",\"@id\":\"https:\\\/\\\/digital58.com.ve\\\/site\\\/2022\\\/05\\\/14\\\/sepultan-en-jerusalen-a-periodista-palestina-asesinada\\\/#breadcrumb\",\"itemListElement\":[{\"@type\":\"ListItem\",\"position\":1,\"name\":\"Home\",\"item\":\"https:\\\/\\\/digital58.com.ve\\\/site\\\/\"},{\"@type\":\"ListItem\",\"position\":2,\"name\":\"Sepultan en Jerusal\u00e9n a periodista palestina asesinada\"}]},{\"@type\":\"WebSite\",\"@id\":\"https:\\\/\\\/digital58.com.ve\\\/site\\\/#website\",\"url\":\"https:\\\/\\\/digital58.com.ve\\\/site\\\/\",\"name\":\"Noticias Digital58\",\"description\":\"Portal de Noticias \u00a1Periodismo web de verdad! Lanzamiento web 22.11.2005 \\\/ Maracaibo, Venezuela\",\"publisher\":{\"@id\":\"https:\\\/\\\/digital58.com.ve\\\/site\\\/#\\\/schema\\\/person\\\/64d1c2e4d0d4fd1b849980c4331c2951\"},\"alternateName\":\"ND58\",\"potentialAction\":[{\"@type\":\"SearchAction\",\"target\":{\"@type\":\"EntryPoint\",\"urlTemplate\":\"https:\\\/\\\/digital58.com.ve\\\/site\\\/?s={search_term_string}\"},\"query-input\":{\"@type\":\"PropertyValueSpecification\",\"valueRequired\":true,\"valueName\":\"search_term_string\"}}],\"inLanguage\":\"es\"},{\"@type\":[\"Person\",\"Organization\"],\"@id\":\"https:\\\/\\\/digital58.com.ve\\\/site\\\/#\\\/schema\\\/person\\\/64d1c2e4d0d4fd1b849980c4331c2951\",\"name\":\"Villasmil Henry\",\"image\":{\"@type\":\"ImageObject\",\"inLanguage\":\"es\",\"@id\":\"https:\\\/\\\/secure.gravatar.com\\\/avatar\\\/bb0c4a2fcb7970138239f7e404ea75757b1b507b28b5ce4c53fbd62d797c5a7c?s=96&d=mm&r=g\",\"url\":\"https:\\\/\\\/secure.gravatar.com\\\/avatar\\\/bb0c4a2fcb7970138239f7e404ea75757b1b507b28b5ce4c53fbd62d797c5a7c?s=96&d=mm&r=g\",\"contentUrl\":\"https:\\\/\\\/secure.gravatar.com\\\/avatar\\\/bb0c4a2fcb7970138239f7e404ea75757b1b507b28b5ce4c53fbd62d797c5a7c?s=96&d=mm&r=g\",\"caption\":\"Villasmil Henry\"},\"logo\":{\"@id\":\"https:\\\/\\\/secure.gravatar.com\\\/avatar\\\/bb0c4a2fcb7970138239f7e404ea75757b1b507b28b5ce4c53fbd62d797c5a7c?s=96&d=mm&r=g\"},\"sameAs\":[\"http:\\\/\\\/www.henryvillasmil.com.ve\",\"https:\\\/\\\/www.instagram.com\\\/villasmilhfoto\\\/\",\"https:\\\/\\\/x.com\\\/https:\\\/\\\/twitter.com\\\/villasmilhfoto\"],\"url\":\"https:\\\/\\\/digital58.com.ve\\\/site\\\/author\\\/droopy_68\\\/\"}]}<\/script>\n<!-- \/ Yoast SEO plugin. -->","yoast_head_json":{"title":"Sepultan en Jerusal\u00e9n a periodista palestina asesinada","description":"Mundo","robots":{"index":"index","follow":"follow","max-snippet":"max-snippet:-1","max-image-preview":"max-image-preview:large","max-video-preview":"max-video-preview:-1"},"canonical":"https:\/\/digital58.com.ve\/site\/2022\/05\/14\/sepultan-en-jerusalen-a-periodista-palestina-asesinada\/","og_locale":"es_ES","og_type":"article","og_title":"Sepultan en Jerusal\u00e9n a periodista palestina asesinada","og_description":"Mundo","og_url":"https:\/\/digital58.com.ve\/site\/2022\/05\/14\/sepultan-en-jerusalen-a-periodista-palestina-asesinada\/","og_site_name":"Noticias Digital58","article_published_time":"2022-05-14T15:28:53+00:00","og_image":[{"width":900,"height":586,"url":"https:\/\/digital58.com.ve\/site\/wp-content\/uploads\/2022\/05\/Shireen-Abu-Akleh-sepelio.jpg","type":"image\/jpeg"}],"author":"Villasmil Henry","twitter_card":"summary_large_image","twitter_creator":"@https:\/\/twitter.com\/villasmilhfoto","twitter_site":"@villasmilhfoto","twitter_misc":{"Escrito por":"Villasmil Henry","Tiempo estimado de lectura":"2 minutos"},"schema":{"@context":"https:\/\/schema.org","@graph":[{"@type":"Article","@id":"https:\/\/digital58.com.ve\/site\/2022\/05\/14\/sepultan-en-jerusalen-a-periodista-palestina-asesinada\/#article","isPartOf":{"@id":"https:\/\/digital58.com.ve\/site\/2022\/05\/14\/sepultan-en-jerusalen-a-periodista-palestina-asesinada\/"},"author":{"name":"Villasmil Henry","@id":"https:\/\/digital58.com.ve\/site\/#\/schema\/person\/64d1c2e4d0d4fd1b849980c4331c2951"},"headline":"Sepultan en Jerusal\u00e9n a periodista palestina asesinada","datePublished":"2022-05-14T15:28:53+00:00","mainEntityOfPage":{"@id":"https:\/\/digital58.com.ve\/site\/2022\/05\/14\/sepultan-en-jerusalen-a-periodista-palestina-asesinada\/"},"wordCount":262,"commentCount":0,"publisher":{"@id":"https:\/\/digital58.com.ve\/site\/#\/schema\/person\/64d1c2e4d0d4fd1b849980c4331c2951"},"image":{"@id":"https:\/\/digital58.com.ve\/site\/2022\/05\/14\/sepultan-en-jerusalen-a-periodista-palestina-asesinada\/#primaryimage"},"thumbnailUrl":"https:\/\/digital58.com.ve\/site\/wp-content\/uploads\/2022\/05\/Shireen-Abu-Akleh-sepelio.jpg","keywords":["Conflictos b\u00e9licos","Internacionales","Israel","Jerusal\u00e9n","Periodistas","Sepelios","Shireen Abu Akleh"],"articleSection":["Mundo"],"inLanguage":"es","potentialAction":[{"@type":"CommentAction","name":"Comment","target":["https:\/\/digital58.com.ve\/site\/2022\/05\/14\/sepultan-en-jerusalen-a-periodista-palestina-asesinada\/#respond"]}]},{"@type":"WebPage","@id":"https:\/\/digital58.com.ve\/site\/2022\/05\/14\/sepultan-en-jerusalen-a-periodista-palestina-asesinada\/","url":"https:\/\/digital58.com.ve\/site\/2022\/05\/14\/sepultan-en-jerusalen-a-periodista-palestina-asesinada\/","name":"Sepultan en Jerusal\u00e9n a periodista palestina asesinada","isPartOf":{"@id":"https:\/\/digital58.com.ve\/site\/#website"},"primaryImageOfPage":{"@id":"https:\/\/digital58.com.ve\/site\/2022\/05\/14\/sepultan-en-jerusalen-a-periodista-palestina-asesinada\/#primaryimage"},"image":{"@id":"https:\/\/digital58.com.ve\/site\/2022\/05\/14\/sepultan-en-jerusalen-a-periodista-palestina-asesinada\/#primaryimage"},"thumbnailUrl":"https:\/\/digital58.com.ve\/site\/wp-content\/uploads\/2022\/05\/Shireen-Abu-Akleh-sepelio.jpg","datePublished":"2022-05-14T15:28:53+00:00","description":"Mundo","breadcrumb":{"@id":"https:\/\/digital58.com.ve\/site\/2022\/05\/14\/sepultan-en-jerusalen-a-periodista-palestina-asesinada\/#breadcrumb"},"inLanguage":"es","potentialAction":[{"@type":"ReadAction","target":["https:\/\/digital58.com.ve\/site\/2022\/05\/14\/sepultan-en-jerusalen-a-periodista-palestina-asesinada\/"]}]},{"@type":"ImageObject","inLanguage":"es","@id":"https:\/\/digital58.com.ve\/site\/2022\/05\/14\/sepultan-en-jerusalen-a-periodista-palestina-asesinada\/#primaryimage","url":"https:\/\/digital58.com.ve\/site\/wp-content\/uploads\/2022\/05\/Shireen-Abu-Akleh-sepelio.jpg","contentUrl":"https:\/\/digital58.com.ve\/site\/wp-content\/uploads\/2022\/05\/Shireen-Abu-Akleh-sepelio.jpg","width":900,"height":586},{"@type":"BreadcrumbList","@id":"https:\/\/digital58.com.ve\/site\/2022\/05\/14\/sepultan-en-jerusalen-a-periodista-palestina-asesinada\/#breadcrumb","itemListElement":[{"@type":"ListItem","position":1,"name":"Home","item":"https:\/\/digital58.com.ve\/site\/"},{"@type":"ListItem","position":2,"name":"Sepultan en Jerusal\u00e9n a periodista palestina asesinada"}]},{"@type":"WebSite","@id":"https:\/\/digital58.com.ve\/site\/#website","url":"https:\/\/digital58.com.ve\/site\/","name":"Noticias Digital58","description":"Portal de Noticias \u00a1Periodismo web de verdad! Lanzamiento web 22.11.2005 \/ Maracaibo, Venezuela","publisher":{"@id":"https:\/\/digital58.com.ve\/site\/#\/schema\/person\/64d1c2e4d0d4fd1b849980c4331c2951"},"alternateName":"ND58","potentialAction":[{"@type":"SearchAction","target":{"@type":"EntryPoint","urlTemplate":"https:\/\/digital58.com.ve\/site\/?s={search_term_string}"},"query-input":{"@type":"PropertyValueSpecification","valueRequired":true,"valueName":"search_term_string"}}],"inLanguage":"es"},{"@type":["Person","Organization"],"@id":"https:\/\/digital58.com.ve\/site\/#\/schema\/person\/64d1c2e4d0d4fd1b849980c4331c2951","name":"Villasmil Henry","image":{"@type":"ImageObject","inLanguage":"es","@id":"https:\/\/secure.gravatar.com\/avatar\/bb0c4a2fcb7970138239f7e404ea75757b1b507b28b5ce4c53fbd62d797c5a7c?s=96&d=mm&r=g","url":"https:\/\/secure.gravatar.com\/avatar\/bb0c4a2fcb7970138239f7e404ea75757b1b507b28b5ce4c53fbd62d797c5a7c?s=96&d=mm&r=g","contentUrl":"https:\/\/secure.gravatar.com\/avatar\/bb0c4a2fcb7970138239f7e404ea75757b1b507b28b5ce4c53fbd62d797c5a7c?s=96&d=mm&r=g","caption":"Villasmil Henry"},"logo":{"@id":"https:\/\/secure.gravatar.com\/avatar\/bb0c4a2fcb7970138239f7e404ea75757b1b507b28b5ce4c53fbd62d797c5a7c?s=96&d=mm&r=g"},"sameAs":["http:\/\/www.henryvillasmil.com.ve","https:\/\/www.instagram.com\/villasmilhfoto\/","https:\/\/x.com\/https:\/\/twitter.com\/villasmilhfoto"],"url":"https:\/\/digital58.com.ve\/site\/author\/droopy_68\/"}]}},"uagb_featured_image_src":{"full":["https:\/\/digital58.com.ve\/site\/wp-content\/uploads\/2022\/05\/Shireen-Abu-Akleh-sepelio.jpg",900,586,false],"thumbnail":["https:\/\/digital58.com.ve\/site\/wp-content\/uploads\/2022\/05\/Shireen-Abu-Akleh-sepelio-150x150.jpg",150,150,true],"medium":["https:\/\/digital58.com.ve\/site\/wp-content\/uploads\/2022\/05\/Shireen-Abu-Akleh-sepelio-300x195.jpg",300,195,true],"medium_large":["https:\/\/digital58.com.ve\/site\/wp-content\/uploads\/2022\/05\/Shireen-Abu-Akleh-sepelio-768x500.jpg",768,500,true],"large":["https:\/\/digital58.com.ve\/site\/wp-content\/uploads\/2022\/05\/Shireen-Abu-Akleh-sepelio.jpg",800,521,false],"1536x1536":["https:\/\/digital58.com.ve\/site\/wp-content\/uploads\/2022\/05\/Shireen-Abu-Akleh-sepelio.jpg",900,586,false],"2048x2048":["https:\/\/digital58.com.ve\/site\/wp-content\/uploads\/2022\/05\/Shireen-Abu-Akleh-sepelio.jpg",900,586,false],"colormag-highlighted-post":["https:\/\/digital58.com.ve\/site\/wp-content\/uploads\/2022\/05\/Shireen-Abu-Akleh-sepelio.jpg",392,255,false],"colormag-featured-post-medium":["https:\/\/digital58.com.ve\/site\/wp-content\/uploads\/2022\/05\/Shireen-Abu-Akleh-sepelio.jpg",315,205,false],"colormag-featured-post-small":["https:\/\/digital58.com.ve\/site\/wp-content\/uploads\/2022\/05\/Shireen-Abu-Akleh-sepelio.jpg",130,85,false],"colormag-featured-image":["https:\/\/digital58.com.ve\/site\/wp-content\/uploads\/2022\/05\/Shireen-Abu-Akleh-sepelio.jpg",683,445,false],"colormag-default-news":["https:\/\/digital58.com.ve\/site\/wp-content\/uploads\/2022\/05\/Shireen-Abu-Akleh-sepelio.jpg",150,98,false],"colormag-featured-image-large":["https:\/\/digital58.com.ve\/site\/wp-content\/uploads\/2022\/05\/Shireen-Abu-Akleh-sepelio.jpg",900,586,false]},"uagb_author_info":{"display_name":"Villasmil Henry","author_link":"https:\/\/digital58.com.ve\/site\/author\/droopy_68\/"},"uagb_comment_info":0,"uagb_excerpt":"Miles de palestinos asistieron al entierro, el cual comenz\u00f3 por la ma\u00f1ana con un servicio religioso en una iglesia en","_links":{"self":[{"href":"https:\/\/digital58.com.ve\/site\/wp-json\/wp\/v2\/posts\/152070","targetHints":{"allow":["GET"]}}],"collection":[{"href":"https:\/\/digital58.com.ve\/site\/wp-json\/wp\/v2\/posts"}],"about":[{"href":"https:\/\/digital58.com.ve\/site\/wp-json\/wp\/v2\/types\/post"}],"author":[{"embeddable":true,"href":"https:\/\/digital58.com.ve\/site\/wp-json\/wp\/v2\/users\/1"}],"replies":[{"embeddable":true,"href":"https:\/\/digital58.com.ve\/site\/wp-json\/wp\/v2\/comments?post=152070"}],"version-history":[{"count":0,"href":"https:\/\/digital58.com.ve\/site\/wp-json\/wp\/v2\/posts\/152070\/revisions"}],"wp:featuredmedia":[{"embeddable":true,"href":"https:\/\/digital58.com.ve\/site\/wp-json\/wp\/v2\/media\/152071"}],"wp:attachment":[{"href":"https:\/\/digital58.com.ve\/site\/wp-json\/wp\/v2\/media?parent=152070"}],"wp:term":[{"taxonomy":"category","embeddable":true,"href":"https:\/\/digital58.com.ve\/site\/wp-json\/wp\/v2\/categories?post=152070"},{"taxonomy":"post_tag","embeddable":true,"href":"https:\/\/digital58.com.ve\/site\/wp-json\/wp\/v2\/tags?post=152070"}],"curies":[{"name":"wp","href":"https:\/\/api.w.org\/{rel}","templated":true}]}}