{"id":152105,"date":"2022-05-16T06:25:13","date_gmt":"2022-05-16T10:25:13","guid":{"rendered":"https:\/\/digital58.com.ve\/site\/?p=152105"},"modified":"2022-05-16T06:25:13","modified_gmt":"2022-05-16T10:25:13","slug":"venezuela-pronostico-del-tiempo-para-este-16-de-mayo","status":"publish","type":"post","link":"https:\/\/digital58.com.ve\/site\/2022\/05\/16\/venezuela-pronostico-del-tiempo-para-este-16-de-mayo\/","title":{"rendered":"#Venezuela | Pron\u00f3stico del tiempo para este 16 de mayo"},"content":{"rendered":"<p><a href=\"https:\/\/digital58.com.ve\/site\/wp-content\/uploads\/2021\/05\/lluviass.jpg\"><img loading=\"lazy\" decoding=\"async\" class=\"aligncenter size-full wp-image-138247\" src=\"https:\/\/digital58.com.ve\/site\/wp-content\/uploads\/2021\/05\/lluviass.jpg\" alt=\"\" width=\"720\" height=\"480\" srcset=\"https:\/\/digital58.com.ve\/site\/wp-content\/uploads\/2021\/05\/lluviass.jpg 720w, https:\/\/digital58.com.ve\/site\/wp-content\/uploads\/2021\/05\/lluviass-300x200.jpg 300w, https:\/\/digital58.com.ve\/site\/wp-content\/uploads\/2021\/05\/lluviass-480x320.jpg 480w\" sizes=\"auto, (max-width: 720px) 100vw, 720px\" \/><\/a><\/p>\n<p>La Onda Tropical N\u00ba 01 de la temporada, en su desplazamiento del oriente al centro del pa\u00eds, origina nubosidad con lluvias aisladas, algunas con descargas el\u00e9ctricas en \u00e1reas del nororiente, centro norte costero, zona insular y Delta Amacuro.<\/p>\n<p><strong>Maracaibo, Zulia, Venezuela, 16 de mayo de 2022 (ND58).- <a href=\"http:\/\/www.inameh.gob.ve\/web\/\" target=\"_blank\" rel=\"noopener\">El Instituto Nacional de Meteorolog\u00eda e Hidrolog\u00eda (Inameh)<\/a><\/strong> asimismo\u00a0<span dir=\"ltr\" role=\"presentation\"> pronostica que se generen z<\/span>onas nubladas con lluvias o lloviznas dispersas en los Andes, Amazonas, Bol\u00edvar, Esequibo, Zulia, y Llanos Occidentales, estim\u00e1ndose m\u00e1ximos pluviom\u00e9tricos entre 10-80 l\/m\u00b2.<\/p>\n<p>El resto del territorio nacional se mantendr\u00e1 con cielo parcialmente nublado, no descartando algunos intervalos lluviosos especialmente en Gu\u00e1rico, este de Falc\u00f3n y este de Miranda.<\/p>\n<p>Se mantienen las temperaturas m\u00e1ximas cercanas a los 39\u00b0C en \u00e1reas de los Llanos y Anzo\u00e1tegui despu\u00e9s del mediod\u00eda, temperaturas m\u00ednimas en la madrugada alrededor de los 12\u00b0C en zonas monta\u00f1osas de los Andes.<\/p>\n<p><strong>Pron\u00f3stico extendido<br \/>\n<\/strong><\/p>\n<p><strong>Regi\u00f3n Central y Capital (Estados: Miranda, La Guaira, Aragua, Carabobo y el Distrito Capital)<\/strong><br \/>\n<span id=\"page3R_mcid68\" class=\"markedContent\"><span dir=\"ltr\" role=\"presentation\">Parcialmente<\/span> <span dir=\"ltr\" role=\"presentation\">nublado<\/span> <span dir=\"ltr\" role=\"presentation\">alternando<\/span> <span dir=\"ltr\" role=\"presentation\">con<\/span> <span dir=\"ltr\" role=\"presentation\">algunas<\/span> <span dir=\"ltr\" role=\"presentation\">\u00e1reas<\/span> <span dir=\"ltr\" role=\"presentation\">fragmentadas<\/span><span dir=\"ltr\" role=\"presentation\">,<\/span> <span dir=\"ltr\" role=\"presentation\">con <\/span><span dir=\"ltr\" role=\"presentation\">probables lluvias o lloviznas dispersas al este<\/span> <span dir=\"ltr\" role=\"presentation\">de la entidad<\/span> <span dir=\"ltr\" role=\"presentation\">y en zonas de <\/span><span dir=\"ltr\" role=\"presentation\">monta\u00f1a.<\/span><\/span><\/p>\n<p><strong>Regi\u00f3n Oriental (Estados: Sucre, Anzo\u00e1tegui, Nueva Esparta, Monagas y Delta Amacuro)<\/strong><br \/>\n<span id=\"page3R_mcid81\" class=\"markedContent\"><span dir=\"ltr\" role=\"presentation\">A<\/span><\/span><span id=\"page3R_mcid82\" class=\"markedContent\"><span dir=\"ltr\" role=\"presentation\">bundante<\/span><\/span><span id=\"page3R_mcid83\" class=\"markedContent\"> <span dir=\"ltr\" role=\"presentation\">nubosidad<\/span><\/span><span id=\"page3R_mcid84\" class=\"markedContent\"><\/span><span id=\"page3R_mcid85\" class=\"markedContent\"> <span dir=\"ltr\" role=\"presentation\">durante la mayor parte del periodo, precipitaciones<\/span><\/span><span id=\"page3R_mcid86\" class=\"markedContent\"><\/span><span id=\"page3R_mcid87\" class=\"markedContent\"> <span dir=\"ltr\" role=\"presentation\">de <\/span><\/span><span id=\"page3R_mcid88\" class=\"markedContent\"><span dir=\"ltr\" role=\"presentation\">int<\/span><\/span><span id=\"page3R_mcid89\" class=\"markedContent\"><span dir=\"ltr\" role=\"presentation\">ensidad variable<\/span><\/span><span id=\"page3R_mcid90\" class=\"markedContent\"><span dir=\"ltr\" role=\"presentation\">, algunas con descargas el\u00e9ctricas<\/span><\/span><span id=\"page3R_mcid91\" class=\"markedContent\"><span dir=\"ltr\" role=\"presentation\">.<\/span><\/span><\/p>\n<p><strong>Regi\u00f3n Centro Occidental (Estados Yaracuy, Falc\u00f3n y Lara)<\/strong><br \/>\n<span id=\"page3R_mcid96\" class=\"markedContent\"><span dir=\"ltr\" role=\"presentation\">Parcialmente nublado alternando con algunas<\/span> <span dir=\"ltr\" role=\"presentation\">\u00e1reas<\/span> <span dir=\"ltr\" role=\"presentation\">de abundante nubosidad, <\/span><span dir=\"ltr\" role=\"presentation\">precipitaciones<\/span> <span dir=\"ltr\" role=\"presentation\">de<\/span> <span dir=\"ltr\" role=\"presentation\">intensidad<\/span> <span dir=\"ltr\" role=\"presentation\">variable,<\/span> <span dir=\"ltr\" role=\"presentation\">algunas<\/span> <span dir=\"ltr\" role=\"presentation\">con<\/span> <span dir=\"ltr\" role=\"presentation\">actividad<\/span> <span dir=\"ltr\" role=\"presentation\">el\u00e9ctrica<\/span><span dir=\"ltr\" role=\"presentation\">, <\/span><span dir=\"ltr\" role=\"presentation\">especialmente en horas de la tarde y noche.<\/span><\/span><\/p>\n<p><strong>Regi\u00f3n Llanos Centrales (Estados: Gu\u00e1rico y Cojedes)<\/strong><br \/>\n<span dir=\"ltr\"><span id=\"page3R_mcid107\" class=\"markedContent\"><span dir=\"ltr\" role=\"presentation\">Parcialmente<\/span> <span dir=\"ltr\" role=\"presentation\">nublado<\/span> <span dir=\"ltr\" role=\"presentation\">durante<\/span> <span dir=\"ltr\" role=\"presentation\">el<\/span> <span dir=\"ltr\" role=\"presentation\">per\u00edodo,<\/span> <span dir=\"ltr\" role=\"presentation\">alternando<\/span> <span dir=\"ltr\" role=\"presentation\">con<\/span> <span dir=\"ltr\" role=\"presentation\">algunas<\/span> <span dir=\"ltr\" role=\"presentation\">\u00e1reas <\/span><\/span><span id=\"page3R_mcid108\" class=\"markedContent\"><span dir=\"ltr\" role=\"presentation\">fragmentadas y probables lluvias o lloviznas dispersas<\/span><\/span><span id=\"page3R_mcid109\" class=\"markedContent\"><span dir=\"ltr\" role=\"presentation\">, especialmente sobre el <\/span><\/span><span id=\"page3R_mcid110\" class=\"markedContent\"><span dir=\"ltr\" role=\"presentation\">estado<\/span><\/span><span id=\"page3R_mcid111\" class=\"markedContent\"><\/span><span id=\"page3R_mcid112\" class=\"markedContent\"> <span dir=\"ltr\" role=\"presentation\">Gu\u00e1<\/span><\/span><span id=\"page3R_mcid113\" class=\"markedContent\"><span dir=\"ltr\" role=\"presentation\">rico<\/span><\/span>.<br \/>\n<span id=\"page3R_mcid105\" class=\"markedContent\"><\/span><\/span><\/p>\n<p><strong>Regi\u00f3n Llanos Occidentales (Estados: Portuguesa, Barinas y Apure)<\/strong><br \/>\n<span dir=\"ltr\" role=\"presentation\"><span id=\"page3R_mcid120\" class=\"markedContent\">Nubosidad fragmentada alternando con zonas nubladas, precipitaciones de intensidad variable, algunas con descargas el\u00e9ctricas<\/span>.<\/span><\/p>\n<p><strong>Regi\u00f3n Andes (Estados: Trujillo, M\u00e9rida y T\u00e1chira)<\/strong><br \/>\n<span dir=\"ltr\" role=\"presentation\"><span id=\"page3R_mcid131\" class=\"markedContent\">Parcialmente nublado durante el per\u00edodo, alternando con algunas \u00e1reas <\/span><span id=\"page3R_mcid132\" class=\"markedContent\">fragmentadas y probables lluvias o lloviz<\/span><span id=\"page3R_mcid133\" class=\"markedContent\">nas dispersas<\/span>.<\/span><\/p>\n<p><strong>Regi\u00f3n Zuliana (Estado Zulia)<\/strong><br \/>\n<span id=\"page3R_mcid139\" class=\"markedContent\"><span dir=\"ltr\" role=\"presentation\">Nubosidad<\/span> <span dir=\"ltr\" role=\"presentation\">fragmentada<\/span> <span dir=\"ltr\" role=\"presentation\">alternando<\/span> <span dir=\"ltr\" role=\"presentation\">c<\/span><span dir=\"ltr\" role=\"presentation\">on<\/span> <span dir=\"ltr\" role=\"presentation\">algunas<\/span> <span dir=\"ltr\" role=\"presentation\">\u00e1reas<\/span> <span dir=\"ltr\" role=\"presentation\">nubladas, <\/span><span dir=\"ltr\" role=\"presentation\">precipitaciones de intensidad variable, algunas con descargas el\u00e9ctricas.<\/span><\/span><\/p>\n<p><strong>Regi\u00f3n Sur (Estados: Amazonas, Bol\u00edvar y Territorio Esequibo)<\/strong><br \/>\n<span dir=\"ltr\"><span dir=\"ltr\" role=\"presentation\"><span id=\"page3R_mcid151\" class=\"markedContent\">Abundante nubosidad alternando con algunos nucleos convectivos en horas de <\/span><span id=\"page3R_mcid152\" class=\"markedContent\">la tarde y noche, con lluvias o chubascos algunos con actividad<\/span><span id=\"page3R_mcid153\" class=\"markedContent\"> el\u00e9ctrica<\/span><span id=\"page3R_mcid154\" class=\"markedContent\"><\/span>.<br \/>\n<span id=\"page3R_mcid148\" class=\"markedContent\"><\/span><\/span><\/span><\/p>\n<p><strong>Dependencia Federales (Los Roques, La Orchila, Isla de Aves)<\/strong><br \/>\n<span dir=\"ltr\" role=\"presentation\"><span id=\"page3R_mcid159\" class=\"markedContent\">Parcialmente nublado durante la mayor parte del per\u00edodo, baja probabilidad de precipitaciones.<\/span><\/span><\/p>\n<p><strong>Redacci\u00f3n ND58 | Fuente: <a href=\"https:\/\/twitter.com\/INAMEH\" target=\"_blank\" rel=\"noopener\">Inameh<\/a><\/strong><br \/>\n<strong>Edici\u00f3n: Villasmil, Henry<\/strong><br \/>\n<strong>Gr\u00e1fica: Archivo<\/strong><\/p>\n<p>&nbsp;<\/p>\n<p>&nbsp;<\/p><div class=\"ffgei69f23d8e80825\" ><p style=\"text-align: center;\"><a href=\"https:\/\/t.me\/noticiasdigital58\" target=\"_blank\" rel=\"noopener\"><img class=\"aligncenter size-full wp-image-125363\" src=\"https:\/\/digital58.com.ve\/site\/wp-content\/uploads\/2021\/04\/banner-telegram-web-2021.png\" alt=\"\" width=\"600\" height=\"90\" \/><\/a><\/p><\/div><style type=\"text\/css\">\r\n@media screen and (min-width: 1201px) {\r\n.ffgei69f23d8e80825 {\r\ndisplay: block;\r\n}\r\n}\r\n@media screen and (min-width: 993px) and (max-width: 1200px) {\r\n.ffgei69f23d8e80825 {\r\ndisplay: block;\r\n}\r\n}\r\n@media screen and (min-width: 769px) and (max-width: 992px) {\r\n.ffgei69f23d8e80825 {\r\ndisplay: block;\r\n}\r\n}\r\n@media screen and (min-width: 768px) and (max-width: 768px) {\r\n.ffgei69f23d8e80825 {\r\ndisplay: block;\r\n}\r\n}\r\n@media screen and (max-width: 767px) {\r\n.ffgei69f23d8e80825 {\r\ndisplay: block;\r\n}\r\n}\r\n<\/style>\r\n\n<p>&nbsp;<\/p>\n<div style=\"margin-top: 0px; margin-bottom: 0px;\" class=\"sharethis-inline-share-buttons\" ><\/div>","protected":false},"excerpt":{"rendered":"<p>La Onda Tropical N\u00ba 01 de la temporada, en su desplazamiento del oriente al centro del pa\u00eds, origina nubosidad con<\/p>\n","protected":false},"author":1,"featured_media":138373,"comment_status":"open","ping_status":"closed","sticky":false,"template":"","format":"standard","meta":{"colormag_page_container_layout":"default_layout","colormag_page_sidebar_layout":"default_layout","_uag_custom_page_level_css":"","footnotes":""},"categories":[18714],"tags":[2792,10062,233,20848,32],"class_list":["post-152105","post","type-post","status-publish","format-standard","has-post-thumbnail","hentry","category-meteorologia","tag-inameh","tag-lluvias","tag-nacionales","tag-pronostico-del-tiempo","tag-venezuela"],"yoast_head":"<!-- This site is optimized with the Yoast SEO plugin v27.5 - https:\/\/yoast.com\/product\/yoast-seo-wordpress\/ -->\n<title>#Venezuela | Pron\u00f3stico del tiempo para este 16 de mayo<\/title>\n<meta name=\"description\" content=\"Meteorolog\u00eda\" \/>\n<meta name=\"robots\" content=\"index, follow, max-snippet:-1, max-image-preview:large, max-video-preview:-1\" \/>\n<link rel=\"canonical\" href=\"https:\/\/digital58.com.ve\/site\/2022\/05\/16\/venezuela-pronostico-del-tiempo-para-este-16-de-mayo\/\" \/>\n<meta property=\"og:locale\" content=\"es_ES\" \/>\n<meta property=\"og:type\" content=\"article\" \/>\n<meta property=\"og:title\" content=\"#Venezuela | Pron\u00f3stico del tiempo para este 16 de mayo\" \/>\n<meta property=\"og:description\" content=\"Meteorolog\u00eda\" \/>\n<meta property=\"og:url\" content=\"https:\/\/digital58.com.ve\/site\/2022\/05\/16\/venezuela-pronostico-del-tiempo-para-este-16-de-mayo\/\" \/>\n<meta property=\"og:site_name\" content=\"Noticias Digital58\" \/>\n<meta property=\"article:published_time\" content=\"2022-05-16T10:25:13+00:00\" \/>\n<meta property=\"og:image\" content=\"https:\/\/digital58.com.ve\/site\/wp-content\/uploads\/2021\/05\/zulialluvias-b12.jpg\" \/>\n\t<meta property=\"og:image:width\" content=\"850\" \/>\n\t<meta property=\"og:image:height\" content=\"561\" \/>\n\t<meta property=\"og:image:type\" content=\"image\/jpeg\" \/>\n<meta name=\"author\" content=\"Villasmil Henry\" \/>\n<meta name=\"twitter:card\" content=\"summary_large_image\" \/>\n<meta name=\"twitter:creator\" content=\"@https:\/\/twitter.com\/villasmilhfoto\" \/>\n<meta name=\"twitter:site\" content=\"@villasmilhfoto\" \/>\n<meta name=\"twitter:label1\" content=\"Escrito por\" \/>\n\t<meta name=\"twitter:data1\" content=\"Villasmil Henry\" \/>\n\t<meta name=\"twitter:label2\" content=\"Tiempo estimado de lectura\" \/>\n\t<meta name=\"twitter:data2\" content=\"3 minutos\" \/>\n<script type=\"application\/ld+json\" class=\"yoast-schema-graph\">{\"@context\":\"https:\\\/\\\/schema.org\",\"@graph\":[{\"@type\":\"Article\",\"@id\":\"https:\\\/\\\/digital58.com.ve\\\/site\\\/2022\\\/05\\\/16\\\/venezuela-pronostico-del-tiempo-para-este-16-de-mayo\\\/#article\",\"isPartOf\":{\"@id\":\"https:\\\/\\\/digital58.com.ve\\\/site\\\/2022\\\/05\\\/16\\\/venezuela-pronostico-del-tiempo-para-este-16-de-mayo\\\/\"},\"author\":{\"name\":\"Villasmil Henry\",\"@id\":\"https:\\\/\\\/digital58.com.ve\\\/site\\\/#\\\/schema\\\/person\\\/64d1c2e4d0d4fd1b849980c4331c2951\"},\"headline\":\"#Venezuela | Pron\u00f3stico del tiempo para este 16 de mayo\",\"datePublished\":\"2022-05-16T10:25:13+00:00\",\"mainEntityOfPage\":{\"@id\":\"https:\\\/\\\/digital58.com.ve\\\/site\\\/2022\\\/05\\\/16\\\/venezuela-pronostico-del-tiempo-para-este-16-de-mayo\\\/\"},\"wordCount\":453,\"commentCount\":0,\"publisher\":{\"@id\":\"https:\\\/\\\/digital58.com.ve\\\/site\\\/#\\\/schema\\\/person\\\/64d1c2e4d0d4fd1b849980c4331c2951\"},\"image\":{\"@id\":\"https:\\\/\\\/digital58.com.ve\\\/site\\\/2022\\\/05\\\/16\\\/venezuela-pronostico-del-tiempo-para-este-16-de-mayo\\\/#primaryimage\"},\"thumbnailUrl\":\"https:\\\/\\\/digital58.com.ve\\\/site\\\/wp-content\\\/uploads\\\/2021\\\/05\\\/zulialluvias-b12.jpg\",\"keywords\":[\"Inameh\",\"Lluvias\",\"Nacionales\",\"Pron\u00f3stico del tiempo\",\"Venezuela\"],\"articleSection\":[\"Meteorolog\u00eda\"],\"inLanguage\":\"es\",\"potentialAction\":[{\"@type\":\"CommentAction\",\"name\":\"Comment\",\"target\":[\"https:\\\/\\\/digital58.com.ve\\\/site\\\/2022\\\/05\\\/16\\\/venezuela-pronostico-del-tiempo-para-este-16-de-mayo\\\/#respond\"]}]},{\"@type\":\"WebPage\",\"@id\":\"https:\\\/\\\/digital58.com.ve\\\/site\\\/2022\\\/05\\\/16\\\/venezuela-pronostico-del-tiempo-para-este-16-de-mayo\\\/\",\"url\":\"https:\\\/\\\/digital58.com.ve\\\/site\\\/2022\\\/05\\\/16\\\/venezuela-pronostico-del-tiempo-para-este-16-de-mayo\\\/\",\"name\":\"#Venezuela | Pron\u00f3stico del tiempo para este 16 de mayo\",\"isPartOf\":{\"@id\":\"https:\\\/\\\/digital58.com.ve\\\/site\\\/#website\"},\"primaryImageOfPage\":{\"@id\":\"https:\\\/\\\/digital58.com.ve\\\/site\\\/2022\\\/05\\\/16\\\/venezuela-pronostico-del-tiempo-para-este-16-de-mayo\\\/#primaryimage\"},\"image\":{\"@id\":\"https:\\\/\\\/digital58.com.ve\\\/site\\\/2022\\\/05\\\/16\\\/venezuela-pronostico-del-tiempo-para-este-16-de-mayo\\\/#primaryimage\"},\"thumbnailUrl\":\"https:\\\/\\\/digital58.com.ve\\\/site\\\/wp-content\\\/uploads\\\/2021\\\/05\\\/zulialluvias-b12.jpg\",\"datePublished\":\"2022-05-16T10:25:13+00:00\",\"description\":\"Meteorolog\u00eda\",\"breadcrumb\":{\"@id\":\"https:\\\/\\\/digital58.com.ve\\\/site\\\/2022\\\/05\\\/16\\\/venezuela-pronostico-del-tiempo-para-este-16-de-mayo\\\/#breadcrumb\"},\"inLanguage\":\"es\",\"potentialAction\":[{\"@type\":\"ReadAction\",\"target\":[\"https:\\\/\\\/digital58.com.ve\\\/site\\\/2022\\\/05\\\/16\\\/venezuela-pronostico-del-tiempo-para-este-16-de-mayo\\\/\"]}]},{\"@type\":\"ImageObject\",\"inLanguage\":\"es\",\"@id\":\"https:\\\/\\\/digital58.com.ve\\\/site\\\/2022\\\/05\\\/16\\\/venezuela-pronostico-del-tiempo-para-este-16-de-mayo\\\/#primaryimage\",\"url\":\"https:\\\/\\\/digital58.com.ve\\\/site\\\/wp-content\\\/uploads\\\/2021\\\/05\\\/zulialluvias-b12.jpg\",\"contentUrl\":\"https:\\\/\\\/digital58.com.ve\\\/site\\\/wp-content\\\/uploads\\\/2021\\\/05\\\/zulialluvias-b12.jpg\",\"width\":800,\"height\":528},{\"@type\":\"BreadcrumbList\",\"@id\":\"https:\\\/\\\/digital58.com.ve\\\/site\\\/2022\\\/05\\\/16\\\/venezuela-pronostico-del-tiempo-para-este-16-de-mayo\\\/#breadcrumb\",\"itemListElement\":[{\"@type\":\"ListItem\",\"position\":1,\"name\":\"Home\",\"item\":\"https:\\\/\\\/digital58.com.ve\\\/site\\\/\"},{\"@type\":\"ListItem\",\"position\":2,\"name\":\"#Venezuela | Pron\u00f3stico del tiempo para este 16 de mayo\"}]},{\"@type\":\"WebSite\",\"@id\":\"https:\\\/\\\/digital58.com.ve\\\/site\\\/#website\",\"url\":\"https:\\\/\\\/digital58.com.ve\\\/site\\\/\",\"name\":\"Noticias Digital58\",\"description\":\"Portal de Noticias \u00a1Periodismo web de verdad! Lanzamiento web 22.11.2005 \\\/ Maracaibo, Venezuela\",\"publisher\":{\"@id\":\"https:\\\/\\\/digital58.com.ve\\\/site\\\/#\\\/schema\\\/person\\\/64d1c2e4d0d4fd1b849980c4331c2951\"},\"alternateName\":\"ND58\",\"potentialAction\":[{\"@type\":\"SearchAction\",\"target\":{\"@type\":\"EntryPoint\",\"urlTemplate\":\"https:\\\/\\\/digital58.com.ve\\\/site\\\/?s={search_term_string}\"},\"query-input\":{\"@type\":\"PropertyValueSpecification\",\"valueRequired\":true,\"valueName\":\"search_term_string\"}}],\"inLanguage\":\"es\"},{\"@type\":[\"Person\",\"Organization\"],\"@id\":\"https:\\\/\\\/digital58.com.ve\\\/site\\\/#\\\/schema\\\/person\\\/64d1c2e4d0d4fd1b849980c4331c2951\",\"name\":\"Villasmil Henry\",\"image\":{\"@type\":\"ImageObject\",\"inLanguage\":\"es\",\"@id\":\"https:\\\/\\\/secure.gravatar.com\\\/avatar\\\/bb0c4a2fcb7970138239f7e404ea75757b1b507b28b5ce4c53fbd62d797c5a7c?s=96&d=mm&r=g\",\"url\":\"https:\\\/\\\/secure.gravatar.com\\\/avatar\\\/bb0c4a2fcb7970138239f7e404ea75757b1b507b28b5ce4c53fbd62d797c5a7c?s=96&d=mm&r=g\",\"contentUrl\":\"https:\\\/\\\/secure.gravatar.com\\\/avatar\\\/bb0c4a2fcb7970138239f7e404ea75757b1b507b28b5ce4c53fbd62d797c5a7c?s=96&d=mm&r=g\",\"caption\":\"Villasmil Henry\"},\"logo\":{\"@id\":\"https:\\\/\\\/secure.gravatar.com\\\/avatar\\\/bb0c4a2fcb7970138239f7e404ea75757b1b507b28b5ce4c53fbd62d797c5a7c?s=96&d=mm&r=g\"},\"sameAs\":[\"http:\\\/\\\/www.henryvillasmil.com.ve\",\"https:\\\/\\\/www.instagram.com\\\/villasmilhfoto\\\/\",\"https:\\\/\\\/x.com\\\/https:\\\/\\\/twitter.com\\\/villasmilhfoto\"],\"url\":\"https:\\\/\\\/digital58.com.ve\\\/site\\\/author\\\/droopy_68\\\/\"}]}<\/script>\n<!-- \/ Yoast SEO plugin. -->","yoast_head_json":{"title":"#Venezuela | Pron\u00f3stico del tiempo para este 16 de mayo","description":"Meteorolog\u00eda","robots":{"index":"index","follow":"follow","max-snippet":"max-snippet:-1","max-image-preview":"max-image-preview:large","max-video-preview":"max-video-preview:-1"},"canonical":"https:\/\/digital58.com.ve\/site\/2022\/05\/16\/venezuela-pronostico-del-tiempo-para-este-16-de-mayo\/","og_locale":"es_ES","og_type":"article","og_title":"#Venezuela | Pron\u00f3stico del tiempo para este 16 de mayo","og_description":"Meteorolog\u00eda","og_url":"https:\/\/digital58.com.ve\/site\/2022\/05\/16\/venezuela-pronostico-del-tiempo-para-este-16-de-mayo\/","og_site_name":"Noticias Digital58","article_published_time":"2022-05-16T10:25:13+00:00","og_image":[{"width":850,"height":561,"url":"https:\/\/digital58.com.ve\/site\/wp-content\/uploads\/2021\/05\/zulialluvias-b12.jpg","type":"image\/jpeg"}],"author":"Villasmil Henry","twitter_card":"summary_large_image","twitter_creator":"@https:\/\/twitter.com\/villasmilhfoto","twitter_site":"@villasmilhfoto","twitter_misc":{"Escrito por":"Villasmil Henry","Tiempo estimado de lectura":"3 minutos"},"schema":{"@context":"https:\/\/schema.org","@graph":[{"@type":"Article","@id":"https:\/\/digital58.com.ve\/site\/2022\/05\/16\/venezuela-pronostico-del-tiempo-para-este-16-de-mayo\/#article","isPartOf":{"@id":"https:\/\/digital58.com.ve\/site\/2022\/05\/16\/venezuela-pronostico-del-tiempo-para-este-16-de-mayo\/"},"author":{"name":"Villasmil Henry","@id":"https:\/\/digital58.com.ve\/site\/#\/schema\/person\/64d1c2e4d0d4fd1b849980c4331c2951"},"headline":"#Venezuela | Pron\u00f3stico del tiempo para este 16 de mayo","datePublished":"2022-05-16T10:25:13+00:00","mainEntityOfPage":{"@id":"https:\/\/digital58.com.ve\/site\/2022\/05\/16\/venezuela-pronostico-del-tiempo-para-este-16-de-mayo\/"},"wordCount":453,"commentCount":0,"publisher":{"@id":"https:\/\/digital58.com.ve\/site\/#\/schema\/person\/64d1c2e4d0d4fd1b849980c4331c2951"},"image":{"@id":"https:\/\/digital58.com.ve\/site\/2022\/05\/16\/venezuela-pronostico-del-tiempo-para-este-16-de-mayo\/#primaryimage"},"thumbnailUrl":"https:\/\/digital58.com.ve\/site\/wp-content\/uploads\/2021\/05\/zulialluvias-b12.jpg","keywords":["Inameh","Lluvias","Nacionales","Pron\u00f3stico del tiempo","Venezuela"],"articleSection":["Meteorolog\u00eda"],"inLanguage":"es","potentialAction":[{"@type":"CommentAction","name":"Comment","target":["https:\/\/digital58.com.ve\/site\/2022\/05\/16\/venezuela-pronostico-del-tiempo-para-este-16-de-mayo\/#respond"]}]},{"@type":"WebPage","@id":"https:\/\/digital58.com.ve\/site\/2022\/05\/16\/venezuela-pronostico-del-tiempo-para-este-16-de-mayo\/","url":"https:\/\/digital58.com.ve\/site\/2022\/05\/16\/venezuela-pronostico-del-tiempo-para-este-16-de-mayo\/","name":"#Venezuela | Pron\u00f3stico del tiempo para este 16 de mayo","isPartOf":{"@id":"https:\/\/digital58.com.ve\/site\/#website"},"primaryImageOfPage":{"@id":"https:\/\/digital58.com.ve\/site\/2022\/05\/16\/venezuela-pronostico-del-tiempo-para-este-16-de-mayo\/#primaryimage"},"image":{"@id":"https:\/\/digital58.com.ve\/site\/2022\/05\/16\/venezuela-pronostico-del-tiempo-para-este-16-de-mayo\/#primaryimage"},"thumbnailUrl":"https:\/\/digital58.com.ve\/site\/wp-content\/uploads\/2021\/05\/zulialluvias-b12.jpg","datePublished":"2022-05-16T10:25:13+00:00","description":"Meteorolog\u00eda","breadcrumb":{"@id":"https:\/\/digital58.com.ve\/site\/2022\/05\/16\/venezuela-pronostico-del-tiempo-para-este-16-de-mayo\/#breadcrumb"},"inLanguage":"es","potentialAction":[{"@type":"ReadAction","target":["https:\/\/digital58.com.ve\/site\/2022\/05\/16\/venezuela-pronostico-del-tiempo-para-este-16-de-mayo\/"]}]},{"@type":"ImageObject","inLanguage":"es","@id":"https:\/\/digital58.com.ve\/site\/2022\/05\/16\/venezuela-pronostico-del-tiempo-para-este-16-de-mayo\/#primaryimage","url":"https:\/\/digital58.com.ve\/site\/wp-content\/uploads\/2021\/05\/zulialluvias-b12.jpg","contentUrl":"https:\/\/digital58.com.ve\/site\/wp-content\/uploads\/2021\/05\/zulialluvias-b12.jpg","width":800,"height":528},{"@type":"BreadcrumbList","@id":"https:\/\/digital58.com.ve\/site\/2022\/05\/16\/venezuela-pronostico-del-tiempo-para-este-16-de-mayo\/#breadcrumb","itemListElement":[{"@type":"ListItem","position":1,"name":"Home","item":"https:\/\/digital58.com.ve\/site\/"},{"@type":"ListItem","position":2,"name":"#Venezuela | Pron\u00f3stico del tiempo para este 16 de mayo"}]},{"@type":"WebSite","@id":"https:\/\/digital58.com.ve\/site\/#website","url":"https:\/\/digital58.com.ve\/site\/","name":"Noticias Digital58","description":"Portal de Noticias \u00a1Periodismo web de verdad! Lanzamiento web 22.11.2005 \/ Maracaibo, Venezuela","publisher":{"@id":"https:\/\/digital58.com.ve\/site\/#\/schema\/person\/64d1c2e4d0d4fd1b849980c4331c2951"},"alternateName":"ND58","potentialAction":[{"@type":"SearchAction","target":{"@type":"EntryPoint","urlTemplate":"https:\/\/digital58.com.ve\/site\/?s={search_term_string}"},"query-input":{"@type":"PropertyValueSpecification","valueRequired":true,"valueName":"search_term_string"}}],"inLanguage":"es"},{"@type":["Person","Organization"],"@id":"https:\/\/digital58.com.ve\/site\/#\/schema\/person\/64d1c2e4d0d4fd1b849980c4331c2951","name":"Villasmil Henry","image":{"@type":"ImageObject","inLanguage":"es","@id":"https:\/\/secure.gravatar.com\/avatar\/bb0c4a2fcb7970138239f7e404ea75757b1b507b28b5ce4c53fbd62d797c5a7c?s=96&d=mm&r=g","url":"https:\/\/secure.gravatar.com\/avatar\/bb0c4a2fcb7970138239f7e404ea75757b1b507b28b5ce4c53fbd62d797c5a7c?s=96&d=mm&r=g","contentUrl":"https:\/\/secure.gravatar.com\/avatar\/bb0c4a2fcb7970138239f7e404ea75757b1b507b28b5ce4c53fbd62d797c5a7c?s=96&d=mm&r=g","caption":"Villasmil Henry"},"logo":{"@id":"https:\/\/secure.gravatar.com\/avatar\/bb0c4a2fcb7970138239f7e404ea75757b1b507b28b5ce4c53fbd62d797c5a7c?s=96&d=mm&r=g"},"sameAs":["http:\/\/www.henryvillasmil.com.ve","https:\/\/www.instagram.com\/villasmilhfoto\/","https:\/\/x.com\/https:\/\/twitter.com\/villasmilhfoto"],"url":"https:\/\/digital58.com.ve\/site\/author\/droopy_68\/"}]}},"uagb_featured_image_src":{"full":["https:\/\/digital58.com.ve\/site\/wp-content\/uploads\/2021\/05\/zulialluvias-b12.jpg",800,528,false],"thumbnail":["https:\/\/digital58.com.ve\/site\/wp-content\/uploads\/2021\/05\/zulialluvias-b12-150x150.jpg",150,150,true],"medium":["https:\/\/digital58.com.ve\/site\/wp-content\/uploads\/2021\/05\/zulialluvias-b12-300x198.jpg",300,198,true],"medium_large":["https:\/\/digital58.com.ve\/site\/wp-content\/uploads\/2021\/05\/zulialluvias-b12-768x507.jpg",768,507,true],"large":["https:\/\/digital58.com.ve\/site\/wp-content\/uploads\/2021\/05\/zulialluvias-b12.jpg",800,528,false],"1536x1536":["https:\/\/digital58.com.ve\/site\/wp-content\/uploads\/2021\/05\/zulialluvias-b12.jpg",800,528,false],"2048x2048":["https:\/\/digital58.com.ve\/site\/wp-content\/uploads\/2021\/05\/zulialluvias-b12.jpg",800,528,false],"colormag-highlighted-post":["https:\/\/digital58.com.ve\/site\/wp-content\/uploads\/2021\/05\/zulialluvias-b12.jpg",392,259,false],"colormag-featured-post-medium":["https:\/\/digital58.com.ve\/site\/wp-content\/uploads\/2021\/05\/zulialluvias-b12.jpg",311,205,false],"colormag-featured-post-small":["https:\/\/digital58.com.ve\/site\/wp-content\/uploads\/2021\/05\/zulialluvias-b12.jpg",130,86,false],"colormag-featured-image":["https:\/\/digital58.com.ve\/site\/wp-content\/uploads\/2021\/05\/zulialluvias-b12.jpg",674,445,false],"colormag-default-news":["https:\/\/digital58.com.ve\/site\/wp-content\/uploads\/2021\/05\/zulialluvias-b12.jpg",150,99,false],"colormag-featured-image-large":["https:\/\/digital58.com.ve\/site\/wp-content\/uploads\/2021\/05\/zulialluvias-b12.jpg",800,528,false]},"uagb_author_info":{"display_name":"Villasmil Henry","author_link":"https:\/\/digital58.com.ve\/site\/author\/droopy_68\/"},"uagb_comment_info":0,"uagb_excerpt":"La Onda Tropical N\u00ba 01 de la temporada, en su desplazamiento del oriente al centro del pa\u00eds, origina nubosidad con","_links":{"self":[{"href":"https:\/\/digital58.com.ve\/site\/wp-json\/wp\/v2\/posts\/152105","targetHints":{"allow":["GET"]}}],"collection":[{"href":"https:\/\/digital58.com.ve\/site\/wp-json\/wp\/v2\/posts"}],"about":[{"href":"https:\/\/digital58.com.ve\/site\/wp-json\/wp\/v2\/types\/post"}],"author":[{"embeddable":true,"href":"https:\/\/digital58.com.ve\/site\/wp-json\/wp\/v2\/users\/1"}],"replies":[{"embeddable":true,"href":"https:\/\/digital58.com.ve\/site\/wp-json\/wp\/v2\/comments?post=152105"}],"version-history":[{"count":0,"href":"https:\/\/digital58.com.ve\/site\/wp-json\/wp\/v2\/posts\/152105\/revisions"}],"wp:featuredmedia":[{"embeddable":true,"href":"https:\/\/digital58.com.ve\/site\/wp-json\/wp\/v2\/media\/138373"}],"wp:attachment":[{"href":"https:\/\/digital58.com.ve\/site\/wp-json\/wp\/v2\/media?parent=152105"}],"wp:term":[{"taxonomy":"category","embeddable":true,"href":"https:\/\/digital58.com.ve\/site\/wp-json\/wp\/v2\/categories?post=152105"},{"taxonomy":"post_tag","embeddable":true,"href":"https:\/\/digital58.com.ve\/site\/wp-json\/wp\/v2\/tags?post=152105"}],"curies":[{"name":"wp","href":"https:\/\/api.w.org\/{rel}","templated":true}]}}