{"id":152117,"date":"2022-05-16T07:41:41","date_gmt":"2022-05-16T11:41:41","guid":{"rendered":"https:\/\/digital58.com.ve\/site\/?p=152117"},"modified":"2022-05-16T07:41:41","modified_gmt":"2022-05-16T11:41:41","slug":"protestan-en-caracas-por-feminicidio-de-una-deportista-de-16-anos","status":"publish","type":"post","link":"https:\/\/digital58.com.ve\/site\/2022\/05\/16\/protestan-en-caracas-por-feminicidio-de-una-deportista-de-16-anos\/","title":{"rendered":"Protestan en Caracas por feminicidio de una deportista de 16 a\u00f1os"},"content":{"rendered":"<p><a href=\"https:\/\/digital58.com.ve\/site\/wp-content\/uploads\/2022\/05\/protestas-femicidio.jpg\"><img loading=\"lazy\" decoding=\"async\" class=\"aligncenter size-full wp-image-152118\" src=\"https:\/\/digital58.com.ve\/site\/wp-content\/uploads\/2022\/05\/protestas-femicidio.jpg\" alt=\"\" width=\"825\" height=\"460\" srcset=\"https:\/\/digital58.com.ve\/site\/wp-content\/uploads\/2022\/05\/protestas-femicidio.jpg 825w, https:\/\/digital58.com.ve\/site\/wp-content\/uploads\/2022\/05\/protestas-femicidio-300x167.jpg 300w, https:\/\/digital58.com.ve\/site\/wp-content\/uploads\/2022\/05\/protestas-femicidio-768x428.jpg 768w\" sizes=\"auto, (max-width: 825px) 100vw, 825px\" \/><\/a><\/p>\n<p>Con pancartas, globos morados y consignas, habitantes de la barriada caraque\u00f1a de La Vega se manifestaron, junto a familiares de la v\u00edctima, por espacio de unas tres horas, tiempo en el que varios motoristas acompa\u00f1aron la marcha y posterior concentraci\u00f3n.<\/p>\n<p><strong>Caracas, DC, Venezuela, 16 de mayo de 2022 (ND58).-<\/strong> Varias decenas de personas protestaron este domingo en el oeste de Caracas para exigir al Estado venezolano que haga justicia por el feminicidio de Ariadna Joxcibel Parra, una deportista de 16 a\u00f1os que fue asesinada a pu\u00f1aladas presuntamente por su exnovio.<\/p>\n<p>La madre de Ariadna, Jermaris Oliveros, particip\u00f3 en la protesta y, sin poder contener el llanto, pidi\u00f3 ante los medios de comunicaci\u00f3n que las autoridades atiendan esta solicitud.<\/p>\n<p>Minutos m\u00e1s tarde, el fiscal general de Venezuela, Tarek Saab, inform\u00f3 v\u00eda Twitter que el acusado por este caso, un joven de 20 a\u00f1os, fue presentado ante un tribunal y permanecer\u00e1 detenido a solicitud del Ministerio P\u00fablico, que le acusa de \u00abfemicidio agravado\u00bb.<\/p>\n<p>Saab indic\u00f3 tambi\u00e9n que este lunes recibir\u00e1 a familiares de la v\u00edctima para ratificar las acciones de justicia emprendidas y mostrar \u00absolidaridad en tan lamentable duelo\u00bb.<\/p>\n<p>Seg\u00fan medios locales, el pasado viernes, el acusado atac\u00f3 con pu\u00f1aladas a Ariadna, delante de su hermana de 7 a\u00f1os de edad.<\/p>\n<p>Venezuela contabiliz\u00f3 al menos 41 feminicidios entre enero y febrero, lo que representa un promedio de un asesinato de una mujer cada 35 horas, seg\u00fan registros de la ONG Utopix.<\/p>\n<p><strong>Redacci\u00f3n ND58 | Fuente: EFE<\/strong><br \/>\n<strong>Edici\u00f3n: Villasmil, Henry<\/strong><br \/>\n<strong>Gr\u00e1fica: Cortes\u00eda Angel Subero<\/p>\n<p><\/strong><\/p>\n<p>&nbsp;<\/p>\n<p>&nbsp;<\/p>\n<p>&nbsp;<\/p><div class=\"xkntq69f2711bd6645\" ><p style=\"text-align: center;\"><a href=\"https:\/\/t.me\/noticiasdigital58\" target=\"_blank\" rel=\"noopener\"><img class=\"aligncenter size-full wp-image-125363\" src=\"https:\/\/digital58.com.ve\/site\/wp-content\/uploads\/2021\/04\/banner-telegram-web-2021.png\" alt=\"\" width=\"600\" height=\"90\" \/><\/a><\/p><\/div><style type=\"text\/css\">\r\n@media screen and (min-width: 1201px) {\r\n.xkntq69f2711bd6645 {\r\ndisplay: block;\r\n}\r\n}\r\n@media screen and (min-width: 993px) and (max-width: 1200px) {\r\n.xkntq69f2711bd6645 {\r\ndisplay: block;\r\n}\r\n}\r\n@media screen and (min-width: 769px) and (max-width: 992px) {\r\n.xkntq69f2711bd6645 {\r\ndisplay: block;\r\n}\r\n}\r\n@media screen and (min-width: 768px) and (max-width: 768px) {\r\n.xkntq69f2711bd6645 {\r\ndisplay: block;\r\n}\r\n}\r\n@media screen and (max-width: 767px) {\r\n.xkntq69f2711bd6645 {\r\ndisplay: block;\r\n}\r\n}\r\n<\/style>\r\n\n<p>&nbsp;<\/p>\n<div style=\"margin-top: 0px; margin-bottom: 0px;\" class=\"sharethis-inline-share-buttons\" ><\/div>","protected":false},"excerpt":{"rendered":"<p>Con pancartas, globos morados y consignas, habitantes de la barriada caraque\u00f1a de La Vega se manifestaron, junto a familiares de<\/p>\n","protected":false},"author":1,"featured_media":152118,"comment_status":"open","ping_status":"closed","sticky":false,"template":"","format":"standard","meta":{"colormag_page_container_layout":"default_layout","colormag_page_sidebar_layout":"default_layout","_uag_custom_page_level_css":"","footnotes":""},"categories":[16454],"tags":[28289,16488,29,27557,24877,13914,233,4296,22841],"class_list":["post-152117","post","type-post","status-publish","format-standard","has-post-thumbnail","hentry","category-venezuela","tag-ariadna-joxcibel-parra","tag-asesinatos","tag-caracas","tag-feminicidio","tag-la-vega","tag-ministerio-publico","tag-nacionales","tag-protestas","tag-tarek-saab"],"yoast_head":"<!-- This site is optimized with the Yoast SEO plugin v27.5 - https:\/\/yoast.com\/product\/yoast-seo-wordpress\/ -->\n<title>Protestan en Caracas por feminicidio de una deportista de 16 a\u00f1os<\/title>\n<meta name=\"description\" content=\"Venezuela\" \/>\n<meta name=\"robots\" content=\"index, follow, max-snippet:-1, max-image-preview:large, max-video-preview:-1\" \/>\n<link rel=\"canonical\" href=\"https:\/\/digital58.com.ve\/site\/2022\/05\/16\/protestan-en-caracas-por-feminicidio-de-una-deportista-de-16-anos\/\" \/>\n<meta property=\"og:locale\" content=\"es_ES\" \/>\n<meta property=\"og:type\" content=\"article\" \/>\n<meta property=\"og:title\" content=\"Protestan en Caracas por feminicidio de una deportista de 16 a\u00f1os\" \/>\n<meta property=\"og:description\" content=\"Venezuela\" \/>\n<meta property=\"og:url\" content=\"https:\/\/digital58.com.ve\/site\/2022\/05\/16\/protestan-en-caracas-por-feminicidio-de-una-deportista-de-16-anos\/\" \/>\n<meta property=\"og:site_name\" content=\"Noticias Digital58\" \/>\n<meta property=\"article:published_time\" content=\"2022-05-16T11:41:41+00:00\" \/>\n<meta property=\"og:image\" content=\"https:\/\/digital58.com.ve\/site\/wp-content\/uploads\/2022\/05\/protestas-femicidio.jpg\" \/>\n\t<meta property=\"og:image:width\" content=\"825\" \/>\n\t<meta property=\"og:image:height\" content=\"460\" \/>\n\t<meta property=\"og:image:type\" content=\"image\/jpeg\" \/>\n<meta name=\"author\" content=\"Villasmil Henry\" \/>\n<meta name=\"twitter:card\" content=\"summary_large_image\" \/>\n<meta name=\"twitter:creator\" content=\"@https:\/\/twitter.com\/villasmilhfoto\" \/>\n<meta name=\"twitter:site\" content=\"@villasmilhfoto\" \/>\n<meta name=\"twitter:label1\" content=\"Escrito por\" \/>\n\t<meta name=\"twitter:data1\" content=\"Villasmil Henry\" \/>\n\t<meta name=\"twitter:label2\" content=\"Tiempo estimado de lectura\" \/>\n\t<meta name=\"twitter:data2\" content=\"2 minutos\" \/>\n<script type=\"application\/ld+json\" class=\"yoast-schema-graph\">{\"@context\":\"https:\\\/\\\/schema.org\",\"@graph\":[{\"@type\":\"Article\",\"@id\":\"https:\\\/\\\/digital58.com.ve\\\/site\\\/2022\\\/05\\\/16\\\/protestan-en-caracas-por-feminicidio-de-una-deportista-de-16-anos\\\/#article\",\"isPartOf\":{\"@id\":\"https:\\\/\\\/digital58.com.ve\\\/site\\\/2022\\\/05\\\/16\\\/protestan-en-caracas-por-feminicidio-de-una-deportista-de-16-anos\\\/\"},\"author\":{\"name\":\"Villasmil Henry\",\"@id\":\"https:\\\/\\\/digital58.com.ve\\\/site\\\/#\\\/schema\\\/person\\\/64d1c2e4d0d4fd1b849980c4331c2951\"},\"headline\":\"Protestan en Caracas por feminicidio de una deportista de 16 a\u00f1os\",\"datePublished\":\"2022-05-16T11:41:41+00:00\",\"mainEntityOfPage\":{\"@id\":\"https:\\\/\\\/digital58.com.ve\\\/site\\\/2022\\\/05\\\/16\\\/protestan-en-caracas-por-feminicidio-de-una-deportista-de-16-anos\\\/\"},\"wordCount\":280,\"commentCount\":0,\"publisher\":{\"@id\":\"https:\\\/\\\/digital58.com.ve\\\/site\\\/#\\\/schema\\\/person\\\/64d1c2e4d0d4fd1b849980c4331c2951\"},\"image\":{\"@id\":\"https:\\\/\\\/digital58.com.ve\\\/site\\\/2022\\\/05\\\/16\\\/protestan-en-caracas-por-feminicidio-de-una-deportista-de-16-anos\\\/#primaryimage\"},\"thumbnailUrl\":\"https:\\\/\\\/digital58.com.ve\\\/site\\\/wp-content\\\/uploads\\\/2022\\\/05\\\/protestas-femicidio.jpg\",\"keywords\":[\"Ariadna Joxcibel Parra\",\"Asesinatos\",\"Caracas\",\"Feminicidio\",\"La Vega\",\"Ministerio P\u00fablico\",\"Nacionales\",\"Protestas\",\"Tarek Saab\"],\"articleSection\":[\"Venezuela\"],\"inLanguage\":\"es\",\"potentialAction\":[{\"@type\":\"CommentAction\",\"name\":\"Comment\",\"target\":[\"https:\\\/\\\/digital58.com.ve\\\/site\\\/2022\\\/05\\\/16\\\/protestan-en-caracas-por-feminicidio-de-una-deportista-de-16-anos\\\/#respond\"]}]},{\"@type\":\"WebPage\",\"@id\":\"https:\\\/\\\/digital58.com.ve\\\/site\\\/2022\\\/05\\\/16\\\/protestan-en-caracas-por-feminicidio-de-una-deportista-de-16-anos\\\/\",\"url\":\"https:\\\/\\\/digital58.com.ve\\\/site\\\/2022\\\/05\\\/16\\\/protestan-en-caracas-por-feminicidio-de-una-deportista-de-16-anos\\\/\",\"name\":\"Protestan en Caracas por feminicidio de una deportista de 16 a\u00f1os\",\"isPartOf\":{\"@id\":\"https:\\\/\\\/digital58.com.ve\\\/site\\\/#website\"},\"primaryImageOfPage\":{\"@id\":\"https:\\\/\\\/digital58.com.ve\\\/site\\\/2022\\\/05\\\/16\\\/protestan-en-caracas-por-feminicidio-de-una-deportista-de-16-anos\\\/#primaryimage\"},\"image\":{\"@id\":\"https:\\\/\\\/digital58.com.ve\\\/site\\\/2022\\\/05\\\/16\\\/protestan-en-caracas-por-feminicidio-de-una-deportista-de-16-anos\\\/#primaryimage\"},\"thumbnailUrl\":\"https:\\\/\\\/digital58.com.ve\\\/site\\\/wp-content\\\/uploads\\\/2022\\\/05\\\/protestas-femicidio.jpg\",\"datePublished\":\"2022-05-16T11:41:41+00:00\",\"description\":\"Venezuela\",\"breadcrumb\":{\"@id\":\"https:\\\/\\\/digital58.com.ve\\\/site\\\/2022\\\/05\\\/16\\\/protestan-en-caracas-por-feminicidio-de-una-deportista-de-16-anos\\\/#breadcrumb\"},\"inLanguage\":\"es\",\"potentialAction\":[{\"@type\":\"ReadAction\",\"target\":[\"https:\\\/\\\/digital58.com.ve\\\/site\\\/2022\\\/05\\\/16\\\/protestan-en-caracas-por-feminicidio-de-una-deportista-de-16-anos\\\/\"]}]},{\"@type\":\"ImageObject\",\"inLanguage\":\"es\",\"@id\":\"https:\\\/\\\/digital58.com.ve\\\/site\\\/2022\\\/05\\\/16\\\/protestan-en-caracas-por-feminicidio-de-una-deportista-de-16-anos\\\/#primaryimage\",\"url\":\"https:\\\/\\\/digital58.com.ve\\\/site\\\/wp-content\\\/uploads\\\/2022\\\/05\\\/protestas-femicidio.jpg\",\"contentUrl\":\"https:\\\/\\\/digital58.com.ve\\\/site\\\/wp-content\\\/uploads\\\/2022\\\/05\\\/protestas-femicidio.jpg\",\"width\":825,\"height\":460},{\"@type\":\"BreadcrumbList\",\"@id\":\"https:\\\/\\\/digital58.com.ve\\\/site\\\/2022\\\/05\\\/16\\\/protestan-en-caracas-por-feminicidio-de-una-deportista-de-16-anos\\\/#breadcrumb\",\"itemListElement\":[{\"@type\":\"ListItem\",\"position\":1,\"name\":\"Home\",\"item\":\"https:\\\/\\\/digital58.com.ve\\\/site\\\/\"},{\"@type\":\"ListItem\",\"position\":2,\"name\":\"Protestan en Caracas por feminicidio de una deportista de 16 a\u00f1os\"}]},{\"@type\":\"WebSite\",\"@id\":\"https:\\\/\\\/digital58.com.ve\\\/site\\\/#website\",\"url\":\"https:\\\/\\\/digital58.com.ve\\\/site\\\/\",\"name\":\"Noticias Digital58\",\"description\":\"Portal de Noticias \u00a1Periodismo web de verdad! Lanzamiento web 22.11.2005 \\\/ Maracaibo, Venezuela\",\"publisher\":{\"@id\":\"https:\\\/\\\/digital58.com.ve\\\/site\\\/#\\\/schema\\\/person\\\/64d1c2e4d0d4fd1b849980c4331c2951\"},\"alternateName\":\"ND58\",\"potentialAction\":[{\"@type\":\"SearchAction\",\"target\":{\"@type\":\"EntryPoint\",\"urlTemplate\":\"https:\\\/\\\/digital58.com.ve\\\/site\\\/?s={search_term_string}\"},\"query-input\":{\"@type\":\"PropertyValueSpecification\",\"valueRequired\":true,\"valueName\":\"search_term_string\"}}],\"inLanguage\":\"es\"},{\"@type\":[\"Person\",\"Organization\"],\"@id\":\"https:\\\/\\\/digital58.com.ve\\\/site\\\/#\\\/schema\\\/person\\\/64d1c2e4d0d4fd1b849980c4331c2951\",\"name\":\"Villasmil Henry\",\"image\":{\"@type\":\"ImageObject\",\"inLanguage\":\"es\",\"@id\":\"https:\\\/\\\/secure.gravatar.com\\\/avatar\\\/bb0c4a2fcb7970138239f7e404ea75757b1b507b28b5ce4c53fbd62d797c5a7c?s=96&d=mm&r=g\",\"url\":\"https:\\\/\\\/secure.gravatar.com\\\/avatar\\\/bb0c4a2fcb7970138239f7e404ea75757b1b507b28b5ce4c53fbd62d797c5a7c?s=96&d=mm&r=g\",\"contentUrl\":\"https:\\\/\\\/secure.gravatar.com\\\/avatar\\\/bb0c4a2fcb7970138239f7e404ea75757b1b507b28b5ce4c53fbd62d797c5a7c?s=96&d=mm&r=g\",\"caption\":\"Villasmil Henry\"},\"logo\":{\"@id\":\"https:\\\/\\\/secure.gravatar.com\\\/avatar\\\/bb0c4a2fcb7970138239f7e404ea75757b1b507b28b5ce4c53fbd62d797c5a7c?s=96&d=mm&r=g\"},\"sameAs\":[\"http:\\\/\\\/www.henryvillasmil.com.ve\",\"https:\\\/\\\/www.instagram.com\\\/villasmilhfoto\\\/\",\"https:\\\/\\\/x.com\\\/https:\\\/\\\/twitter.com\\\/villasmilhfoto\"],\"url\":\"https:\\\/\\\/digital58.com.ve\\\/site\\\/author\\\/droopy_68\\\/\"}]}<\/script>\n<!-- \/ Yoast SEO plugin. -->","yoast_head_json":{"title":"Protestan en Caracas por feminicidio de una deportista de 16 a\u00f1os","description":"Venezuela","robots":{"index":"index","follow":"follow","max-snippet":"max-snippet:-1","max-image-preview":"max-image-preview:large","max-video-preview":"max-video-preview:-1"},"canonical":"https:\/\/digital58.com.ve\/site\/2022\/05\/16\/protestan-en-caracas-por-feminicidio-de-una-deportista-de-16-anos\/","og_locale":"es_ES","og_type":"article","og_title":"Protestan en Caracas por feminicidio de una deportista de 16 a\u00f1os","og_description":"Venezuela","og_url":"https:\/\/digital58.com.ve\/site\/2022\/05\/16\/protestan-en-caracas-por-feminicidio-de-una-deportista-de-16-anos\/","og_site_name":"Noticias Digital58","article_published_time":"2022-05-16T11:41:41+00:00","og_image":[{"width":825,"height":460,"url":"https:\/\/digital58.com.ve\/site\/wp-content\/uploads\/2022\/05\/protestas-femicidio.jpg","type":"image\/jpeg"}],"author":"Villasmil Henry","twitter_card":"summary_large_image","twitter_creator":"@https:\/\/twitter.com\/villasmilhfoto","twitter_site":"@villasmilhfoto","twitter_misc":{"Escrito por":"Villasmil Henry","Tiempo estimado de lectura":"2 minutos"},"schema":{"@context":"https:\/\/schema.org","@graph":[{"@type":"Article","@id":"https:\/\/digital58.com.ve\/site\/2022\/05\/16\/protestan-en-caracas-por-feminicidio-de-una-deportista-de-16-anos\/#article","isPartOf":{"@id":"https:\/\/digital58.com.ve\/site\/2022\/05\/16\/protestan-en-caracas-por-feminicidio-de-una-deportista-de-16-anos\/"},"author":{"name":"Villasmil Henry","@id":"https:\/\/digital58.com.ve\/site\/#\/schema\/person\/64d1c2e4d0d4fd1b849980c4331c2951"},"headline":"Protestan en Caracas por feminicidio de una deportista de 16 a\u00f1os","datePublished":"2022-05-16T11:41:41+00:00","mainEntityOfPage":{"@id":"https:\/\/digital58.com.ve\/site\/2022\/05\/16\/protestan-en-caracas-por-feminicidio-de-una-deportista-de-16-anos\/"},"wordCount":280,"commentCount":0,"publisher":{"@id":"https:\/\/digital58.com.ve\/site\/#\/schema\/person\/64d1c2e4d0d4fd1b849980c4331c2951"},"image":{"@id":"https:\/\/digital58.com.ve\/site\/2022\/05\/16\/protestan-en-caracas-por-feminicidio-de-una-deportista-de-16-anos\/#primaryimage"},"thumbnailUrl":"https:\/\/digital58.com.ve\/site\/wp-content\/uploads\/2022\/05\/protestas-femicidio.jpg","keywords":["Ariadna Joxcibel Parra","Asesinatos","Caracas","Feminicidio","La Vega","Ministerio P\u00fablico","Nacionales","Protestas","Tarek Saab"],"articleSection":["Venezuela"],"inLanguage":"es","potentialAction":[{"@type":"CommentAction","name":"Comment","target":["https:\/\/digital58.com.ve\/site\/2022\/05\/16\/protestan-en-caracas-por-feminicidio-de-una-deportista-de-16-anos\/#respond"]}]},{"@type":"WebPage","@id":"https:\/\/digital58.com.ve\/site\/2022\/05\/16\/protestan-en-caracas-por-feminicidio-de-una-deportista-de-16-anos\/","url":"https:\/\/digital58.com.ve\/site\/2022\/05\/16\/protestan-en-caracas-por-feminicidio-de-una-deportista-de-16-anos\/","name":"Protestan en Caracas por feminicidio de una deportista de 16 a\u00f1os","isPartOf":{"@id":"https:\/\/digital58.com.ve\/site\/#website"},"primaryImageOfPage":{"@id":"https:\/\/digital58.com.ve\/site\/2022\/05\/16\/protestan-en-caracas-por-feminicidio-de-una-deportista-de-16-anos\/#primaryimage"},"image":{"@id":"https:\/\/digital58.com.ve\/site\/2022\/05\/16\/protestan-en-caracas-por-feminicidio-de-una-deportista-de-16-anos\/#primaryimage"},"thumbnailUrl":"https:\/\/digital58.com.ve\/site\/wp-content\/uploads\/2022\/05\/protestas-femicidio.jpg","datePublished":"2022-05-16T11:41:41+00:00","description":"Venezuela","breadcrumb":{"@id":"https:\/\/digital58.com.ve\/site\/2022\/05\/16\/protestan-en-caracas-por-feminicidio-de-una-deportista-de-16-anos\/#breadcrumb"},"inLanguage":"es","potentialAction":[{"@type":"ReadAction","target":["https:\/\/digital58.com.ve\/site\/2022\/05\/16\/protestan-en-caracas-por-feminicidio-de-una-deportista-de-16-anos\/"]}]},{"@type":"ImageObject","inLanguage":"es","@id":"https:\/\/digital58.com.ve\/site\/2022\/05\/16\/protestan-en-caracas-por-feminicidio-de-una-deportista-de-16-anos\/#primaryimage","url":"https:\/\/digital58.com.ve\/site\/wp-content\/uploads\/2022\/05\/protestas-femicidio.jpg","contentUrl":"https:\/\/digital58.com.ve\/site\/wp-content\/uploads\/2022\/05\/protestas-femicidio.jpg","width":825,"height":460},{"@type":"BreadcrumbList","@id":"https:\/\/digital58.com.ve\/site\/2022\/05\/16\/protestan-en-caracas-por-feminicidio-de-una-deportista-de-16-anos\/#breadcrumb","itemListElement":[{"@type":"ListItem","position":1,"name":"Home","item":"https:\/\/digital58.com.ve\/site\/"},{"@type":"ListItem","position":2,"name":"Protestan en Caracas por feminicidio de una deportista de 16 a\u00f1os"}]},{"@type":"WebSite","@id":"https:\/\/digital58.com.ve\/site\/#website","url":"https:\/\/digital58.com.ve\/site\/","name":"Noticias Digital58","description":"Portal de Noticias \u00a1Periodismo web de verdad! Lanzamiento web 22.11.2005 \/ Maracaibo, Venezuela","publisher":{"@id":"https:\/\/digital58.com.ve\/site\/#\/schema\/person\/64d1c2e4d0d4fd1b849980c4331c2951"},"alternateName":"ND58","potentialAction":[{"@type":"SearchAction","target":{"@type":"EntryPoint","urlTemplate":"https:\/\/digital58.com.ve\/site\/?s={search_term_string}"},"query-input":{"@type":"PropertyValueSpecification","valueRequired":true,"valueName":"search_term_string"}}],"inLanguage":"es"},{"@type":["Person","Organization"],"@id":"https:\/\/digital58.com.ve\/site\/#\/schema\/person\/64d1c2e4d0d4fd1b849980c4331c2951","name":"Villasmil Henry","image":{"@type":"ImageObject","inLanguage":"es","@id":"https:\/\/secure.gravatar.com\/avatar\/bb0c4a2fcb7970138239f7e404ea75757b1b507b28b5ce4c53fbd62d797c5a7c?s=96&d=mm&r=g","url":"https:\/\/secure.gravatar.com\/avatar\/bb0c4a2fcb7970138239f7e404ea75757b1b507b28b5ce4c53fbd62d797c5a7c?s=96&d=mm&r=g","contentUrl":"https:\/\/secure.gravatar.com\/avatar\/bb0c4a2fcb7970138239f7e404ea75757b1b507b28b5ce4c53fbd62d797c5a7c?s=96&d=mm&r=g","caption":"Villasmil Henry"},"logo":{"@id":"https:\/\/secure.gravatar.com\/avatar\/bb0c4a2fcb7970138239f7e404ea75757b1b507b28b5ce4c53fbd62d797c5a7c?s=96&d=mm&r=g"},"sameAs":["http:\/\/www.henryvillasmil.com.ve","https:\/\/www.instagram.com\/villasmilhfoto\/","https:\/\/x.com\/https:\/\/twitter.com\/villasmilhfoto"],"url":"https:\/\/digital58.com.ve\/site\/author\/droopy_68\/"}]}},"uagb_featured_image_src":{"full":["https:\/\/digital58.com.ve\/site\/wp-content\/uploads\/2022\/05\/protestas-femicidio.jpg",825,460,false],"thumbnail":["https:\/\/digital58.com.ve\/site\/wp-content\/uploads\/2022\/05\/protestas-femicidio-150x150.jpg",150,150,true],"medium":["https:\/\/digital58.com.ve\/site\/wp-content\/uploads\/2022\/05\/protestas-femicidio-300x167.jpg",300,167,true],"medium_large":["https:\/\/digital58.com.ve\/site\/wp-content\/uploads\/2022\/05\/protestas-femicidio-768x428.jpg",768,428,true],"large":["https:\/\/digital58.com.ve\/site\/wp-content\/uploads\/2022\/05\/protestas-femicidio.jpg",800,446,false],"1536x1536":["https:\/\/digital58.com.ve\/site\/wp-content\/uploads\/2022\/05\/protestas-femicidio.jpg",825,460,false],"2048x2048":["https:\/\/digital58.com.ve\/site\/wp-content\/uploads\/2022\/05\/protestas-femicidio.jpg",825,460,false],"colormag-highlighted-post":["https:\/\/digital58.com.ve\/site\/wp-content\/uploads\/2022\/05\/protestas-femicidio.jpg",392,219,false],"colormag-featured-post-medium":["https:\/\/digital58.com.ve\/site\/wp-content\/uploads\/2022\/05\/protestas-femicidio.jpg",368,205,false],"colormag-featured-post-small":["https:\/\/digital58.com.ve\/site\/wp-content\/uploads\/2022\/05\/protestas-femicidio.jpg",130,72,false],"colormag-featured-image":["https:\/\/digital58.com.ve\/site\/wp-content\/uploads\/2022\/05\/protestas-femicidio.jpg",798,445,false],"colormag-default-news":["https:\/\/digital58.com.ve\/site\/wp-content\/uploads\/2022\/05\/protestas-femicidio.jpg",150,84,false],"colormag-featured-image-large":["https:\/\/digital58.com.ve\/site\/wp-content\/uploads\/2022\/05\/protestas-femicidio.jpg",825,460,false]},"uagb_author_info":{"display_name":"Villasmil Henry","author_link":"https:\/\/digital58.com.ve\/site\/author\/droopy_68\/"},"uagb_comment_info":0,"uagb_excerpt":"Con pancartas, globos morados y consignas, habitantes de la barriada caraque\u00f1a de La Vega se manifestaron, junto a familiares de","_links":{"self":[{"href":"https:\/\/digital58.com.ve\/site\/wp-json\/wp\/v2\/posts\/152117","targetHints":{"allow":["GET"]}}],"collection":[{"href":"https:\/\/digital58.com.ve\/site\/wp-json\/wp\/v2\/posts"}],"about":[{"href":"https:\/\/digital58.com.ve\/site\/wp-json\/wp\/v2\/types\/post"}],"author":[{"embeddable":true,"href":"https:\/\/digital58.com.ve\/site\/wp-json\/wp\/v2\/users\/1"}],"replies":[{"embeddable":true,"href":"https:\/\/digital58.com.ve\/site\/wp-json\/wp\/v2\/comments?post=152117"}],"version-history":[{"count":0,"href":"https:\/\/digital58.com.ve\/site\/wp-json\/wp\/v2\/posts\/152117\/revisions"}],"wp:featuredmedia":[{"embeddable":true,"href":"https:\/\/digital58.com.ve\/site\/wp-json\/wp\/v2\/media\/152118"}],"wp:attachment":[{"href":"https:\/\/digital58.com.ve\/site\/wp-json\/wp\/v2\/media?parent=152117"}],"wp:term":[{"taxonomy":"category","embeddable":true,"href":"https:\/\/digital58.com.ve\/site\/wp-json\/wp\/v2\/categories?post=152117"},{"taxonomy":"post_tag","embeddable":true,"href":"https:\/\/digital58.com.ve\/site\/wp-json\/wp\/v2\/tags?post=152117"}],"curies":[{"name":"wp","href":"https:\/\/api.w.org\/{rel}","templated":true}]}}