{"id":152310,"date":"2022-05-17T07:25:37","date_gmt":"2022-05-17T11:25:37","guid":{"rendered":"https:\/\/digital58.com.ve\/site\/?p=152310"},"modified":"2022-05-17T07:25:37","modified_gmt":"2022-05-17T11:25:37","slug":"lacava-demanda-por-supuesta-difamacion-a-activistas-de-ddhh-marino-alvarado-y-alfredo-infante","status":"publish","type":"post","link":"https:\/\/digital58.com.ve\/site\/2022\/05\/17\/lacava-demanda-por-supuesta-difamacion-a-activistas-de-ddhh-marino-alvarado-y-alfredo-infante\/","title":{"rendered":"Lacava demanda por supuesta difamaci\u00f3n a activistas de DDHH Marino Alvarado y Alfredo Infante"},"content":{"rendered":"<p><a href=\"https:\/\/digital58.com.ve\/site\/wp-content\/uploads\/2022\/05\/lacava.jpg\"><img loading=\"lazy\" decoding=\"async\" class=\"aligncenter size-full wp-image-152311\" src=\"https:\/\/digital58.com.ve\/site\/wp-content\/uploads\/2022\/05\/lacava.jpg\" alt=\"\" width=\"900\" height=\"597\" srcset=\"https:\/\/digital58.com.ve\/site\/wp-content\/uploads\/2022\/05\/lacava.jpg 900w, https:\/\/digital58.com.ve\/site\/wp-content\/uploads\/2022\/05\/lacava-300x199.jpg 300w, https:\/\/digital58.com.ve\/site\/wp-content\/uploads\/2022\/05\/lacava-768x509.jpg 768w\" sizes=\"auto, (max-width: 900px) 100vw, 900px\" \/><\/a><\/p>\n<p>Los activistas venezolanos Alfredo Infante y Marino Alvarado recibieron este lunes la notificaci\u00f3n de una demanda por difamaci\u00f3n del gobernador del estado Carabobo, el chavista Rafael Lacava, quien los acusa tras la solicitud de ambos de que se investigue su presunta responsabilidad en denuncias de ejecuciones extrajudiciales.<\/p>\n<p><strong>Maracaibo, Zulia, Venezuela, 17 de mayo de 2022 (ND58).-<\/strong> \u00abRafael Lacava, gobernador de Carabobo, demanda por \u00abdifamaci\u00f3n\u00bb al coordinador legal de Provea (Programa Venezolano de Educaci\u00f3n Acci\u00f3n en Derechos Humanos), Marino Alvarado, y al Padre Alfredo Infante (coordinador de DD.HH. de Centro Gumilla), tras exigir investigaci\u00f3n hacia Lacava por presunta responsabilidad en denuncias de ejecuciones extrajudiciales\u00bb, inform\u00f3 la ONG Provea en su cuenta en Twitter.<\/p>\n<p>La organizaci\u00f3n asegur\u00f3 que la demanda tiene lugar luego de que el pasado 14 de marzo ambos activistas participaran en la presentaci\u00f3n del informe Lupa por la Vida, durante la que se asever\u00f3 que \u00abla polic\u00eda del estado Carabobo es de las m\u00e1s letales en Venezuela, con 221 v\u00edctimas de ejecuciones extrajudiciales. Se debe investigar al gobernador Rafael Lacava\u00bb.<\/p>\n<p>El mensaje fue acompa\u00f1ado de un v\u00eddeo en el que Alvarado, uno de los demandados, indic\u00f3 que la notificaci\u00f3n fue recibida el d\u00eda de hoy por parte de un tribunal penal de Carabobo.<\/p>\n<p>\u00abSupuestamente, lo hemos difamado porque hemos exigido que se investigue la presunta responsabilidad que pueda tener el gobernador con las ejecuciones extrajudiciales que han ocurrido en el estado Carabobo\u00bb, se\u00f1al\u00f3 Alvarado.<\/p>\n<p>Apunt\u00f3 que esta demanda es \u00abla consecuencia\u00bb de ser exigentes en materia de derechos humanos y de alzar la voz por las v\u00edctimas de estos hechos.<\/p>\n<p>Al respecto, insisti\u00f3 en que \u00abpareciera que hay una pol\u00edtica de Estado de no investigar a quienes pudieran tener la mayor responsabilidad\u00bb en hechos de violaci\u00f3n a garant\u00edas fundamentales y rechaz\u00f3 que est\u00e9n acusando a Lacava de alg\u00fan hecho.<\/p>\n<p>\u00abNo estamos diciendo que el gobernador es responsable, estamos diciendo que debe investigarse su presunta responsabilidad y esa es la labor del Ministerio P\u00fablico (Fiscal\u00eda)\u00bb, a\u00f1adi\u00f3.<\/p>\n<p>Finalmente, Alvarado hizo un llamado a la justicia venezolana a que sean investigadas no solo las presuntas ejecuciones extrajudiciales en Carabobo sino los 1.414 hechos de este tipo que tuvieron lugar en 2021 en todo el pa\u00eds y los 3.034 contabilizados en 2020, seg\u00fan afirm\u00f3.<\/p>\n<p><strong>Redacci\u00f3n ND58 | Fuente: EFE<\/strong><br \/>\n<strong>Edici\u00f3n: Villasmil, Henry<\/strong><br \/>\n<strong>Gr\u00e1fica: Cortes\u00eda<\/strong><\/p>\n<p>&nbsp;<\/p>\n<p>&nbsp;<\/p>\n<p>&nbsp;<\/p>\n<p>&nbsp;<\/p>\n<p>&nbsp;<\/p>\n<p>&nbsp;<\/p><div class=\"ntsqs69ee96a0d6ee3\" ><p style=\"text-align: center;\"><a href=\"https:\/\/t.me\/noticiasdigital58\" target=\"_blank\" rel=\"noopener\"><img class=\"aligncenter size-full wp-image-125363\" src=\"https:\/\/digital58.com.ve\/site\/wp-content\/uploads\/2021\/04\/banner-telegram-web-2021.png\" alt=\"\" width=\"600\" height=\"90\" \/><\/a><\/p><\/div><style type=\"text\/css\">\r\n@media screen and (min-width: 1201px) {\r\n.ntsqs69ee96a0d6ee3 {\r\ndisplay: block;\r\n}\r\n}\r\n@media screen and (min-width: 993px) and (max-width: 1200px) {\r\n.ntsqs69ee96a0d6ee3 {\r\ndisplay: block;\r\n}\r\n}\r\n@media screen and (min-width: 769px) and (max-width: 992px) {\r\n.ntsqs69ee96a0d6ee3 {\r\ndisplay: block;\r\n}\r\n}\r\n@media screen and (min-width: 768px) and (max-width: 768px) {\r\n.ntsqs69ee96a0d6ee3 {\r\ndisplay: block;\r\n}\r\n}\r\n@media screen and (max-width: 767px) {\r\n.ntsqs69ee96a0d6ee3 {\r\ndisplay: block;\r\n}\r\n}\r\n<\/style>\r\n\n<p>&nbsp;<\/p>\n<div style=\"margin-top: 0px; margin-bottom: 0px;\" class=\"sharethis-inline-share-buttons\" ><\/div>","protected":false},"excerpt":{"rendered":"<p>Los activistas venezolanos Alfredo Infante y Marino Alvarado recibieron este lunes la notificaci\u00f3n de una demanda por difamaci\u00f3n del gobernador<\/p>\n","protected":false},"author":1,"featured_media":152311,"comment_status":"open","ping_status":"closed","sticky":false,"template":"","format":"standard","meta":{"colormag_page_container_layout":"default_layout","colormag_page_sidebar_layout":"default_layout","_uag_custom_page_level_css":"","footnotes":""},"categories":[16454],"tags":[28371,16390,28373,28374,28375,28372,13914,233,6893,18459,14844],"class_list":["post-152310","post","type-post","status-publish","format-standard","has-post-thumbnail","hentry","category-venezuela","tag-alfredo-infante","tag-estado-carabobo","tag-gobernacion-de-carabobo","tag-gobernador-de-carabobo","tag-lupa-por-la-vida","tag-marino-alvarado","tag-ministerio-publico","tag-nacionales","tag-ong","tag-provea","tag-rafael-lacava"],"yoast_head":"<!-- This site is optimized with the Yoast SEO plugin v27.4 - https:\/\/yoast.com\/product\/yoast-seo-wordpress\/ -->\n<title>Lacava demanda por supuesta difamaci\u00f3n a activistas de DDHH Marino Alvarado y Alfredo Infante<\/title>\n<meta name=\"description\" content=\"Venezuela\" \/>\n<meta name=\"robots\" content=\"index, follow, max-snippet:-1, max-image-preview:large, max-video-preview:-1\" \/>\n<link rel=\"canonical\" href=\"https:\/\/digital58.com.ve\/site\/2022\/05\/17\/lacava-demanda-por-supuesta-difamacion-a-activistas-de-ddhh-marino-alvarado-y-alfredo-infante\/\" \/>\n<meta property=\"og:locale\" content=\"es_ES\" \/>\n<meta property=\"og:type\" content=\"article\" \/>\n<meta property=\"og:title\" content=\"Lacava demanda por supuesta difamaci\u00f3n a activistas de DDHH Marino Alvarado y Alfredo Infante\" \/>\n<meta property=\"og:description\" content=\"Venezuela\" \/>\n<meta property=\"og:url\" content=\"https:\/\/digital58.com.ve\/site\/2022\/05\/17\/lacava-demanda-por-supuesta-difamacion-a-activistas-de-ddhh-marino-alvarado-y-alfredo-infante\/\" \/>\n<meta property=\"og:site_name\" content=\"Noticias Digital58\" \/>\n<meta property=\"article:published_time\" content=\"2022-05-17T11:25:37+00:00\" \/>\n<meta property=\"og:image\" content=\"https:\/\/digital58.com.ve\/site\/wp-content\/uploads\/2022\/05\/lacava.jpg\" \/>\n\t<meta property=\"og:image:width\" content=\"900\" \/>\n\t<meta property=\"og:image:height\" content=\"597\" \/>\n\t<meta property=\"og:image:type\" content=\"image\/jpeg\" \/>\n<meta name=\"author\" content=\"Villasmil Henry\" \/>\n<meta name=\"twitter:card\" content=\"summary_large_image\" \/>\n<meta name=\"twitter:creator\" content=\"@https:\/\/twitter.com\/villasmilhfoto\" \/>\n<meta name=\"twitter:site\" content=\"@villasmilhfoto\" \/>\n<meta name=\"twitter:label1\" content=\"Escrito por\" \/>\n\t<meta name=\"twitter:data1\" content=\"Villasmil Henry\" \/>\n\t<meta name=\"twitter:label2\" content=\"Tiempo estimado de lectura\" \/>\n\t<meta name=\"twitter:data2\" content=\"2 minutos\" \/>\n<script type=\"application\/ld+json\" class=\"yoast-schema-graph\">{\"@context\":\"https:\\\/\\\/schema.org\",\"@graph\":[{\"@type\":\"Article\",\"@id\":\"https:\\\/\\\/digital58.com.ve\\\/site\\\/2022\\\/05\\\/17\\\/lacava-demanda-por-supuesta-difamacion-a-activistas-de-ddhh-marino-alvarado-y-alfredo-infante\\\/#article\",\"isPartOf\":{\"@id\":\"https:\\\/\\\/digital58.com.ve\\\/site\\\/2022\\\/05\\\/17\\\/lacava-demanda-por-supuesta-difamacion-a-activistas-de-ddhh-marino-alvarado-y-alfredo-infante\\\/\"},\"author\":{\"name\":\"Villasmil Henry\",\"@id\":\"https:\\\/\\\/digital58.com.ve\\\/site\\\/#\\\/schema\\\/person\\\/64d1c2e4d0d4fd1b849980c4331c2951\"},\"headline\":\"Lacava demanda por supuesta difamaci\u00f3n a activistas de DDHH Marino Alvarado y Alfredo Infante\",\"datePublished\":\"2022-05-17T11:25:37+00:00\",\"mainEntityOfPage\":{\"@id\":\"https:\\\/\\\/digital58.com.ve\\\/site\\\/2022\\\/05\\\/17\\\/lacava-demanda-por-supuesta-difamacion-a-activistas-de-ddhh-marino-alvarado-y-alfredo-infante\\\/\"},\"wordCount\":427,\"commentCount\":0,\"publisher\":{\"@id\":\"https:\\\/\\\/digital58.com.ve\\\/site\\\/#\\\/schema\\\/person\\\/64d1c2e4d0d4fd1b849980c4331c2951\"},\"image\":{\"@id\":\"https:\\\/\\\/digital58.com.ve\\\/site\\\/2022\\\/05\\\/17\\\/lacava-demanda-por-supuesta-difamacion-a-activistas-de-ddhh-marino-alvarado-y-alfredo-infante\\\/#primaryimage\"},\"thumbnailUrl\":\"https:\\\/\\\/digital58.com.ve\\\/site\\\/wp-content\\\/uploads\\\/2022\\\/05\\\/lacava.jpg\",\"keywords\":[\"Alfredo Infante\",\"Estado Carabobo\",\"Gobernaci\u00f3n de Carabobo\",\"Gobernador de Carabobo\",\"Lupa por la Vida\",\"Marino Alvarado\",\"Ministerio P\u00fablico\",\"Nacionales\",\"ONG\",\"Provea\",\"Rafael Lacava\"],\"articleSection\":[\"Venezuela\"],\"inLanguage\":\"es\",\"potentialAction\":[{\"@type\":\"CommentAction\",\"name\":\"Comment\",\"target\":[\"https:\\\/\\\/digital58.com.ve\\\/site\\\/2022\\\/05\\\/17\\\/lacava-demanda-por-supuesta-difamacion-a-activistas-de-ddhh-marino-alvarado-y-alfredo-infante\\\/#respond\"]}]},{\"@type\":\"WebPage\",\"@id\":\"https:\\\/\\\/digital58.com.ve\\\/site\\\/2022\\\/05\\\/17\\\/lacava-demanda-por-supuesta-difamacion-a-activistas-de-ddhh-marino-alvarado-y-alfredo-infante\\\/\",\"url\":\"https:\\\/\\\/digital58.com.ve\\\/site\\\/2022\\\/05\\\/17\\\/lacava-demanda-por-supuesta-difamacion-a-activistas-de-ddhh-marino-alvarado-y-alfredo-infante\\\/\",\"name\":\"Lacava demanda por supuesta difamaci\u00f3n a activistas de DDHH Marino Alvarado y Alfredo Infante\",\"isPartOf\":{\"@id\":\"https:\\\/\\\/digital58.com.ve\\\/site\\\/#website\"},\"primaryImageOfPage\":{\"@id\":\"https:\\\/\\\/digital58.com.ve\\\/site\\\/2022\\\/05\\\/17\\\/lacava-demanda-por-supuesta-difamacion-a-activistas-de-ddhh-marino-alvarado-y-alfredo-infante\\\/#primaryimage\"},\"image\":{\"@id\":\"https:\\\/\\\/digital58.com.ve\\\/site\\\/2022\\\/05\\\/17\\\/lacava-demanda-por-supuesta-difamacion-a-activistas-de-ddhh-marino-alvarado-y-alfredo-infante\\\/#primaryimage\"},\"thumbnailUrl\":\"https:\\\/\\\/digital58.com.ve\\\/site\\\/wp-content\\\/uploads\\\/2022\\\/05\\\/lacava.jpg\",\"datePublished\":\"2022-05-17T11:25:37+00:00\",\"description\":\"Venezuela\",\"breadcrumb\":{\"@id\":\"https:\\\/\\\/digital58.com.ve\\\/site\\\/2022\\\/05\\\/17\\\/lacava-demanda-por-supuesta-difamacion-a-activistas-de-ddhh-marino-alvarado-y-alfredo-infante\\\/#breadcrumb\"},\"inLanguage\":\"es\",\"potentialAction\":[{\"@type\":\"ReadAction\",\"target\":[\"https:\\\/\\\/digital58.com.ve\\\/site\\\/2022\\\/05\\\/17\\\/lacava-demanda-por-supuesta-difamacion-a-activistas-de-ddhh-marino-alvarado-y-alfredo-infante\\\/\"]}]},{\"@type\":\"ImageObject\",\"inLanguage\":\"es\",\"@id\":\"https:\\\/\\\/digital58.com.ve\\\/site\\\/2022\\\/05\\\/17\\\/lacava-demanda-por-supuesta-difamacion-a-activistas-de-ddhh-marino-alvarado-y-alfredo-infante\\\/#primaryimage\",\"url\":\"https:\\\/\\\/digital58.com.ve\\\/site\\\/wp-content\\\/uploads\\\/2022\\\/05\\\/lacava.jpg\",\"contentUrl\":\"https:\\\/\\\/digital58.com.ve\\\/site\\\/wp-content\\\/uploads\\\/2022\\\/05\\\/lacava.jpg\",\"width\":900,\"height\":597},{\"@type\":\"BreadcrumbList\",\"@id\":\"https:\\\/\\\/digital58.com.ve\\\/site\\\/2022\\\/05\\\/17\\\/lacava-demanda-por-supuesta-difamacion-a-activistas-de-ddhh-marino-alvarado-y-alfredo-infante\\\/#breadcrumb\",\"itemListElement\":[{\"@type\":\"ListItem\",\"position\":1,\"name\":\"Home\",\"item\":\"https:\\\/\\\/digital58.com.ve\\\/site\\\/\"},{\"@type\":\"ListItem\",\"position\":2,\"name\":\"Lacava demanda por supuesta difamaci\u00f3n a activistas de DDHH Marino Alvarado y Alfredo Infante\"}]},{\"@type\":\"WebSite\",\"@id\":\"https:\\\/\\\/digital58.com.ve\\\/site\\\/#website\",\"url\":\"https:\\\/\\\/digital58.com.ve\\\/site\\\/\",\"name\":\"Noticias Digital58\",\"description\":\"Portal de Noticias \u00a1Periodismo web de verdad! Lanzamiento web 22.11.2005 \\\/ Maracaibo, Venezuela\",\"publisher\":{\"@id\":\"https:\\\/\\\/digital58.com.ve\\\/site\\\/#\\\/schema\\\/person\\\/64d1c2e4d0d4fd1b849980c4331c2951\"},\"alternateName\":\"ND58\",\"potentialAction\":[{\"@type\":\"SearchAction\",\"target\":{\"@type\":\"EntryPoint\",\"urlTemplate\":\"https:\\\/\\\/digital58.com.ve\\\/site\\\/?s={search_term_string}\"},\"query-input\":{\"@type\":\"PropertyValueSpecification\",\"valueRequired\":true,\"valueName\":\"search_term_string\"}}],\"inLanguage\":\"es\"},{\"@type\":[\"Person\",\"Organization\"],\"@id\":\"https:\\\/\\\/digital58.com.ve\\\/site\\\/#\\\/schema\\\/person\\\/64d1c2e4d0d4fd1b849980c4331c2951\",\"name\":\"Villasmil Henry\",\"image\":{\"@type\":\"ImageObject\",\"inLanguage\":\"es\",\"@id\":\"https:\\\/\\\/secure.gravatar.com\\\/avatar\\\/bb0c4a2fcb7970138239f7e404ea75757b1b507b28b5ce4c53fbd62d797c5a7c?s=96&d=mm&r=g\",\"url\":\"https:\\\/\\\/secure.gravatar.com\\\/avatar\\\/bb0c4a2fcb7970138239f7e404ea75757b1b507b28b5ce4c53fbd62d797c5a7c?s=96&d=mm&r=g\",\"contentUrl\":\"https:\\\/\\\/secure.gravatar.com\\\/avatar\\\/bb0c4a2fcb7970138239f7e404ea75757b1b507b28b5ce4c53fbd62d797c5a7c?s=96&d=mm&r=g\",\"caption\":\"Villasmil Henry\"},\"logo\":{\"@id\":\"https:\\\/\\\/secure.gravatar.com\\\/avatar\\\/bb0c4a2fcb7970138239f7e404ea75757b1b507b28b5ce4c53fbd62d797c5a7c?s=96&d=mm&r=g\"},\"sameAs\":[\"http:\\\/\\\/www.henryvillasmil.com.ve\",\"https:\\\/\\\/www.instagram.com\\\/villasmilhfoto\\\/\",\"https:\\\/\\\/x.com\\\/https:\\\/\\\/twitter.com\\\/villasmilhfoto\"],\"url\":\"https:\\\/\\\/digital58.com.ve\\\/site\\\/author\\\/droopy_68\\\/\"}]}<\/script>\n<!-- \/ Yoast SEO plugin. -->","yoast_head_json":{"title":"Lacava demanda por supuesta difamaci\u00f3n a activistas de DDHH Marino Alvarado y Alfredo Infante","description":"Venezuela","robots":{"index":"index","follow":"follow","max-snippet":"max-snippet:-1","max-image-preview":"max-image-preview:large","max-video-preview":"max-video-preview:-1"},"canonical":"https:\/\/digital58.com.ve\/site\/2022\/05\/17\/lacava-demanda-por-supuesta-difamacion-a-activistas-de-ddhh-marino-alvarado-y-alfredo-infante\/","og_locale":"es_ES","og_type":"article","og_title":"Lacava demanda por supuesta difamaci\u00f3n a activistas de DDHH Marino Alvarado y Alfredo Infante","og_description":"Venezuela","og_url":"https:\/\/digital58.com.ve\/site\/2022\/05\/17\/lacava-demanda-por-supuesta-difamacion-a-activistas-de-ddhh-marino-alvarado-y-alfredo-infante\/","og_site_name":"Noticias Digital58","article_published_time":"2022-05-17T11:25:37+00:00","og_image":[{"width":900,"height":597,"url":"https:\/\/digital58.com.ve\/site\/wp-content\/uploads\/2022\/05\/lacava.jpg","type":"image\/jpeg"}],"author":"Villasmil Henry","twitter_card":"summary_large_image","twitter_creator":"@https:\/\/twitter.com\/villasmilhfoto","twitter_site":"@villasmilhfoto","twitter_misc":{"Escrito por":"Villasmil Henry","Tiempo estimado de lectura":"2 minutos"},"schema":{"@context":"https:\/\/schema.org","@graph":[{"@type":"Article","@id":"https:\/\/digital58.com.ve\/site\/2022\/05\/17\/lacava-demanda-por-supuesta-difamacion-a-activistas-de-ddhh-marino-alvarado-y-alfredo-infante\/#article","isPartOf":{"@id":"https:\/\/digital58.com.ve\/site\/2022\/05\/17\/lacava-demanda-por-supuesta-difamacion-a-activistas-de-ddhh-marino-alvarado-y-alfredo-infante\/"},"author":{"name":"Villasmil Henry","@id":"https:\/\/digital58.com.ve\/site\/#\/schema\/person\/64d1c2e4d0d4fd1b849980c4331c2951"},"headline":"Lacava demanda por supuesta difamaci\u00f3n a activistas de DDHH Marino Alvarado y Alfredo Infante","datePublished":"2022-05-17T11:25:37+00:00","mainEntityOfPage":{"@id":"https:\/\/digital58.com.ve\/site\/2022\/05\/17\/lacava-demanda-por-supuesta-difamacion-a-activistas-de-ddhh-marino-alvarado-y-alfredo-infante\/"},"wordCount":427,"commentCount":0,"publisher":{"@id":"https:\/\/digital58.com.ve\/site\/#\/schema\/person\/64d1c2e4d0d4fd1b849980c4331c2951"},"image":{"@id":"https:\/\/digital58.com.ve\/site\/2022\/05\/17\/lacava-demanda-por-supuesta-difamacion-a-activistas-de-ddhh-marino-alvarado-y-alfredo-infante\/#primaryimage"},"thumbnailUrl":"https:\/\/digital58.com.ve\/site\/wp-content\/uploads\/2022\/05\/lacava.jpg","keywords":["Alfredo Infante","Estado Carabobo","Gobernaci\u00f3n de Carabobo","Gobernador de Carabobo","Lupa por la Vida","Marino Alvarado","Ministerio P\u00fablico","Nacionales","ONG","Provea","Rafael Lacava"],"articleSection":["Venezuela"],"inLanguage":"es","potentialAction":[{"@type":"CommentAction","name":"Comment","target":["https:\/\/digital58.com.ve\/site\/2022\/05\/17\/lacava-demanda-por-supuesta-difamacion-a-activistas-de-ddhh-marino-alvarado-y-alfredo-infante\/#respond"]}]},{"@type":"WebPage","@id":"https:\/\/digital58.com.ve\/site\/2022\/05\/17\/lacava-demanda-por-supuesta-difamacion-a-activistas-de-ddhh-marino-alvarado-y-alfredo-infante\/","url":"https:\/\/digital58.com.ve\/site\/2022\/05\/17\/lacava-demanda-por-supuesta-difamacion-a-activistas-de-ddhh-marino-alvarado-y-alfredo-infante\/","name":"Lacava demanda por supuesta difamaci\u00f3n a activistas de DDHH Marino Alvarado y Alfredo Infante","isPartOf":{"@id":"https:\/\/digital58.com.ve\/site\/#website"},"primaryImageOfPage":{"@id":"https:\/\/digital58.com.ve\/site\/2022\/05\/17\/lacava-demanda-por-supuesta-difamacion-a-activistas-de-ddhh-marino-alvarado-y-alfredo-infante\/#primaryimage"},"image":{"@id":"https:\/\/digital58.com.ve\/site\/2022\/05\/17\/lacava-demanda-por-supuesta-difamacion-a-activistas-de-ddhh-marino-alvarado-y-alfredo-infante\/#primaryimage"},"thumbnailUrl":"https:\/\/digital58.com.ve\/site\/wp-content\/uploads\/2022\/05\/lacava.jpg","datePublished":"2022-05-17T11:25:37+00:00","description":"Venezuela","breadcrumb":{"@id":"https:\/\/digital58.com.ve\/site\/2022\/05\/17\/lacava-demanda-por-supuesta-difamacion-a-activistas-de-ddhh-marino-alvarado-y-alfredo-infante\/#breadcrumb"},"inLanguage":"es","potentialAction":[{"@type":"ReadAction","target":["https:\/\/digital58.com.ve\/site\/2022\/05\/17\/lacava-demanda-por-supuesta-difamacion-a-activistas-de-ddhh-marino-alvarado-y-alfredo-infante\/"]}]},{"@type":"ImageObject","inLanguage":"es","@id":"https:\/\/digital58.com.ve\/site\/2022\/05\/17\/lacava-demanda-por-supuesta-difamacion-a-activistas-de-ddhh-marino-alvarado-y-alfredo-infante\/#primaryimage","url":"https:\/\/digital58.com.ve\/site\/wp-content\/uploads\/2022\/05\/lacava.jpg","contentUrl":"https:\/\/digital58.com.ve\/site\/wp-content\/uploads\/2022\/05\/lacava.jpg","width":900,"height":597},{"@type":"BreadcrumbList","@id":"https:\/\/digital58.com.ve\/site\/2022\/05\/17\/lacava-demanda-por-supuesta-difamacion-a-activistas-de-ddhh-marino-alvarado-y-alfredo-infante\/#breadcrumb","itemListElement":[{"@type":"ListItem","position":1,"name":"Home","item":"https:\/\/digital58.com.ve\/site\/"},{"@type":"ListItem","position":2,"name":"Lacava demanda por supuesta difamaci\u00f3n a activistas de DDHH Marino Alvarado y Alfredo Infante"}]},{"@type":"WebSite","@id":"https:\/\/digital58.com.ve\/site\/#website","url":"https:\/\/digital58.com.ve\/site\/","name":"Noticias Digital58","description":"Portal de Noticias \u00a1Periodismo web de verdad! Lanzamiento web 22.11.2005 \/ Maracaibo, Venezuela","publisher":{"@id":"https:\/\/digital58.com.ve\/site\/#\/schema\/person\/64d1c2e4d0d4fd1b849980c4331c2951"},"alternateName":"ND58","potentialAction":[{"@type":"SearchAction","target":{"@type":"EntryPoint","urlTemplate":"https:\/\/digital58.com.ve\/site\/?s={search_term_string}"},"query-input":{"@type":"PropertyValueSpecification","valueRequired":true,"valueName":"search_term_string"}}],"inLanguage":"es"},{"@type":["Person","Organization"],"@id":"https:\/\/digital58.com.ve\/site\/#\/schema\/person\/64d1c2e4d0d4fd1b849980c4331c2951","name":"Villasmil Henry","image":{"@type":"ImageObject","inLanguage":"es","@id":"https:\/\/secure.gravatar.com\/avatar\/bb0c4a2fcb7970138239f7e404ea75757b1b507b28b5ce4c53fbd62d797c5a7c?s=96&d=mm&r=g","url":"https:\/\/secure.gravatar.com\/avatar\/bb0c4a2fcb7970138239f7e404ea75757b1b507b28b5ce4c53fbd62d797c5a7c?s=96&d=mm&r=g","contentUrl":"https:\/\/secure.gravatar.com\/avatar\/bb0c4a2fcb7970138239f7e404ea75757b1b507b28b5ce4c53fbd62d797c5a7c?s=96&d=mm&r=g","caption":"Villasmil Henry"},"logo":{"@id":"https:\/\/secure.gravatar.com\/avatar\/bb0c4a2fcb7970138239f7e404ea75757b1b507b28b5ce4c53fbd62d797c5a7c?s=96&d=mm&r=g"},"sameAs":["http:\/\/www.henryvillasmil.com.ve","https:\/\/www.instagram.com\/villasmilhfoto\/","https:\/\/x.com\/https:\/\/twitter.com\/villasmilhfoto"],"url":"https:\/\/digital58.com.ve\/site\/author\/droopy_68\/"}]}},"uagb_featured_image_src":{"full":["https:\/\/digital58.com.ve\/site\/wp-content\/uploads\/2022\/05\/lacava.jpg",900,597,false],"thumbnail":["https:\/\/digital58.com.ve\/site\/wp-content\/uploads\/2022\/05\/lacava-150x150.jpg",150,150,true],"medium":["https:\/\/digital58.com.ve\/site\/wp-content\/uploads\/2022\/05\/lacava-300x199.jpg",300,199,true],"medium_large":["https:\/\/digital58.com.ve\/site\/wp-content\/uploads\/2022\/05\/lacava-768x509.jpg",768,509,true],"large":["https:\/\/digital58.com.ve\/site\/wp-content\/uploads\/2022\/05\/lacava.jpg",800,531,false],"1536x1536":["https:\/\/digital58.com.ve\/site\/wp-content\/uploads\/2022\/05\/lacava.jpg",900,597,false],"2048x2048":["https:\/\/digital58.com.ve\/site\/wp-content\/uploads\/2022\/05\/lacava.jpg",900,597,false],"colormag-highlighted-post":["https:\/\/digital58.com.ve\/site\/wp-content\/uploads\/2022\/05\/lacava.jpg",392,260,false],"colormag-featured-post-medium":["https:\/\/digital58.com.ve\/site\/wp-content\/uploads\/2022\/05\/lacava.jpg",309,205,false],"colormag-featured-post-small":["https:\/\/digital58.com.ve\/site\/wp-content\/uploads\/2022\/05\/lacava.jpg",130,86,false],"colormag-featured-image":["https:\/\/digital58.com.ve\/site\/wp-content\/uploads\/2022\/05\/lacava.jpg",671,445,false],"colormag-default-news":["https:\/\/digital58.com.ve\/site\/wp-content\/uploads\/2022\/05\/lacava.jpg",150,100,false],"colormag-featured-image-large":["https:\/\/digital58.com.ve\/site\/wp-content\/uploads\/2022\/05\/lacava.jpg",900,597,false]},"uagb_author_info":{"display_name":"Villasmil Henry","author_link":"https:\/\/digital58.com.ve\/site\/author\/droopy_68\/"},"uagb_comment_info":0,"uagb_excerpt":"Los activistas venezolanos Alfredo Infante y Marino Alvarado recibieron este lunes la notificaci\u00f3n de una demanda por difamaci\u00f3n del gobernador","_links":{"self":[{"href":"https:\/\/digital58.com.ve\/site\/wp-json\/wp\/v2\/posts\/152310","targetHints":{"allow":["GET"]}}],"collection":[{"href":"https:\/\/digital58.com.ve\/site\/wp-json\/wp\/v2\/posts"}],"about":[{"href":"https:\/\/digital58.com.ve\/site\/wp-json\/wp\/v2\/types\/post"}],"author":[{"embeddable":true,"href":"https:\/\/digital58.com.ve\/site\/wp-json\/wp\/v2\/users\/1"}],"replies":[{"embeddable":true,"href":"https:\/\/digital58.com.ve\/site\/wp-json\/wp\/v2\/comments?post=152310"}],"version-history":[{"count":0,"href":"https:\/\/digital58.com.ve\/site\/wp-json\/wp\/v2\/posts\/152310\/revisions"}],"wp:featuredmedia":[{"embeddable":true,"href":"https:\/\/digital58.com.ve\/site\/wp-json\/wp\/v2\/media\/152311"}],"wp:attachment":[{"href":"https:\/\/digital58.com.ve\/site\/wp-json\/wp\/v2\/media?parent=152310"}],"wp:term":[{"taxonomy":"category","embeddable":true,"href":"https:\/\/digital58.com.ve\/site\/wp-json\/wp\/v2\/categories?post=152310"},{"taxonomy":"post_tag","embeddable":true,"href":"https:\/\/digital58.com.ve\/site\/wp-json\/wp\/v2\/tags?post=152310"}],"curies":[{"name":"wp","href":"https:\/\/api.w.org\/{rel}","templated":true}]}}