{"id":152596,"date":"2022-05-26T07:40:21","date_gmt":"2022-05-26T11:40:21","guid":{"rendered":"https:\/\/digital58.com.ve\/site\/?p=152596"},"modified":"2022-05-26T07:40:21","modified_gmt":"2022-05-26T11:40:21","slug":"felipe-pelaez-vuelve-a-sus-raices-con-el-lanzamiento-de-el-de-siempre-su-nuevo-disco","status":"publish","type":"post","link":"https:\/\/digital58.com.ve\/site\/2022\/05\/26\/felipe-pelaez-vuelve-a-sus-raices-con-el-lanzamiento-de-el-de-siempre-su-nuevo-disco\/","title":{"rendered":"Felipe Pel\u00e1ez vuelve a sus ra\u00edces con el lanzamiento de \u00abEl de siempre\u00bb, su nuevo disco"},"content":{"rendered":"<p><a href=\"https:\/\/digital58.com.ve\/site\/wp-content\/uploads\/2022\/05\/FELIPE-PELAEZ-ALBUM-EL-DE-SIEMPRE-FOTO-COVER.jpg\"><img loading=\"lazy\" decoding=\"async\" class=\"aligncenter size-full wp-image-152597\" src=\"https:\/\/digital58.com.ve\/site\/wp-content\/uploads\/2022\/05\/FELIPE-PELAEZ-ALBUM-EL-DE-SIEMPRE-FOTO-COVER.jpg\" alt=\"\" width=\"900\" height=\"900\" srcset=\"https:\/\/digital58.com.ve\/site\/wp-content\/uploads\/2022\/05\/FELIPE-PELAEZ-ALBUM-EL-DE-SIEMPRE-FOTO-COVER.jpg 600w, https:\/\/digital58.com.ve\/site\/wp-content\/uploads\/2022\/05\/FELIPE-PELAEZ-ALBUM-EL-DE-SIEMPRE-FOTO-COVER-300x300.jpg 300w, https:\/\/digital58.com.ve\/site\/wp-content\/uploads\/2022\/05\/FELIPE-PELAEZ-ALBUM-EL-DE-SIEMPRE-FOTO-COVER-150x150.jpg 150w, https:\/\/digital58.com.ve\/site\/wp-content\/uploads\/2022\/05\/FELIPE-PELAEZ-ALBUM-EL-DE-SIEMPRE-FOTO-COVER-768x768.jpg 768w\" sizes=\"auto, (max-width: 900px) 100vw, 900px\" \/><\/a><\/p>\n<p>El trabajo discogr\u00e1fico fue producido por Breyner Gordillo, Manuel Mart\u00ednez, Luis Ortega y Felipe Pel\u00e1ez.<\/p>\n<p><strong>Maracaibo, Zulia, Venezuela, 26 de mayo de 2022 (ND58).-<\/strong> El cantautor colombo-venezolano, Felipe Pel\u00e1ez, contin\u00faa sorprendiendo a todo su p\u00fablico con nueva m\u00fasica. Esta vez, presenta \u00abEl de siempre\u00bb, su m\u00e1s reciente trabajo discogr\u00e1fico, con el cual vuelve a las ra\u00edces del g\u00e9nero vallenato.<\/p>\n<p>\u00abEl de siempre\u00bb consta de 10 temas, entre los cuales se encuentran: \u00abCosas de la vida\u00bb, \u00abAqu\u00ed me tienes\u00bb, \u00abGu\u00e1rdame en secreto\u00bb, \u00abBonito\u00bb, \u00abM\u00e1s que feliz\u00bb, \u00abAhora o nunca\u00bb, \u00abQue seas mi novia\u00bb, \u00abDuele m\u00e1s\u00bb, \u00abToca mane\u00bb y \u00abVivito y coleando\u00bb.<\/p>\n<p>\u00abVivito y coleando\u00bb es uno de los temas principales del disco. Una canci\u00f3n de vallenato rom\u00e1ntico que le canta a todas aquellas parejas que no se olvidan a pesar del paso del tiempo. Un tema que resalta el sonido del acorde\u00f3n y la voz caracter\u00edstica de Felipe Pel\u00e1ez.<\/p>\n<p>El video oficial fue rodado en Miami, Florida. Dirigido por Endry Rovaz de Pink Diamond. Un trabajo audiovisual grabado en diferentes escenarios de la ciudad, donde se puede apreciar al cantante Felipe Pel\u00e1ez, interpretando con gran sentimiento esta canci\u00f3n.<\/p>\n<p>Este primer semestre del a\u00f1o 2022 ha estado cargado de m\u00fasica y grandes \u00e9xitos para el artista colombo-venezolano, quien actualmente acumula m\u00e1s de cinco millones de reproducciones con su \u00e1lbum \u00abDiverso\u00bb.<\/p>\n<p>Felipe Pel\u00e1ez contin\u00faa trabajando y dejando un legado musical con cada una de sus canciones, se esperan grandes sorpresas por parte del artista.<\/p>\n<p><strong>Redacci\u00f3n ND58 | Fuente: Gabriela Trujillo<\/strong><br \/>\n<strong>Edici\u00f3n: Villasmil, Henry<\/strong><br \/>\n<strong>Gr\u00e1fica: Cortes\u00eda<\/strong><\/p>\n<p>&nbsp;<\/p>\n<p>&nbsp;<\/p>\n<p>&nbsp;<\/p><div class=\"zuvhf69efe23f89c2c\" ><p style=\"text-align: center;\"><a href=\"https:\/\/t.me\/noticiasdigital58\" target=\"_blank\" rel=\"noopener\"><img class=\"aligncenter size-full wp-image-125363\" src=\"https:\/\/digital58.com.ve\/site\/wp-content\/uploads\/2021\/04\/banner-telegram-web-2021.png\" alt=\"\" width=\"600\" height=\"90\" \/><\/a><\/p><\/div><style type=\"text\/css\">\r\n@media screen and (min-width: 1201px) {\r\n.zuvhf69efe23f89c2c {\r\ndisplay: block;\r\n}\r\n}\r\n@media screen and (min-width: 993px) and (max-width: 1200px) {\r\n.zuvhf69efe23f89c2c {\r\ndisplay: block;\r\n}\r\n}\r\n@media screen and (min-width: 769px) and (max-width: 992px) {\r\n.zuvhf69efe23f89c2c {\r\ndisplay: block;\r\n}\r\n}\r\n@media screen and (min-width: 768px) and (max-width: 768px) {\r\n.zuvhf69efe23f89c2c {\r\ndisplay: block;\r\n}\r\n}\r\n@media screen and (max-width: 767px) {\r\n.zuvhf69efe23f89c2c {\r\ndisplay: block;\r\n}\r\n}\r\n<\/style>\r\n\n<p>&nbsp;<\/p>\n<div style=\"margin-top: 0px; margin-bottom: 0px;\" class=\"sharethis-inline-share-buttons\" ><\/div>","protected":false},"excerpt":{"rendered":"<p>El trabajo discogr\u00e1fico fue producido por Breyner Gordillo, Manuel Mart\u00ednez, Luis Ortega y Felipe Pel\u00e1ez. Maracaibo, Zulia, Venezuela, 26 de<\/p>\n","protected":false},"author":1,"featured_media":152597,"comment_status":"open","ping_status":"closed","sticky":false,"template":"","format":"standard","meta":{"colormag_page_container_layout":"default_layout","colormag_page_sidebar_layout":"default_layout","_uag_custom_page_level_css":"","footnotes":""},"categories":[1],"tags":[78,50,273,1702,27544,8,25822,61],"class_list":["post-152596","post","type-post","status-publish","format-standard","has-post-thumbnail","hentry","category-fama","tag-cantantes","tag-entretenimiento","tag-farandula","tag-felipe-pelaez","tag-genero-vallenato","tag-internacionales","tag-lanzamiento-musicales","tag-musica"],"yoast_head":"<!-- This site is optimized with the Yoast SEO plugin v27.4 - https:\/\/yoast.com\/product\/yoast-seo-wordpress\/ -->\n<title>Felipe Pel\u00e1ez vuelve a sus ra\u00edces con el lanzamiento de \u00abEl de siempre\u00bb, su nuevo disco<\/title>\n<meta name=\"description\" content=\"Fama\" \/>\n<meta name=\"robots\" content=\"index, follow, max-snippet:-1, max-image-preview:large, max-video-preview:-1\" \/>\n<link rel=\"canonical\" href=\"https:\/\/digital58.com.ve\/site\/2022\/05\/26\/felipe-pelaez-vuelve-a-sus-raices-con-el-lanzamiento-de-el-de-siempre-su-nuevo-disco\/\" \/>\n<meta property=\"og:locale\" content=\"es_ES\" \/>\n<meta property=\"og:type\" content=\"article\" \/>\n<meta property=\"og:title\" content=\"Felipe Pel\u00e1ez vuelve a sus ra\u00edces con el lanzamiento de \u00abEl de siempre\u00bb, su nuevo disco\" \/>\n<meta property=\"og:description\" content=\"Fama\" \/>\n<meta property=\"og:url\" content=\"https:\/\/digital58.com.ve\/site\/2022\/05\/26\/felipe-pelaez-vuelve-a-sus-raices-con-el-lanzamiento-de-el-de-siempre-su-nuevo-disco\/\" \/>\n<meta property=\"og:site_name\" content=\"Noticias Digital58\" \/>\n<meta property=\"article:published_time\" content=\"2022-05-26T11:40:21+00:00\" \/>\n<meta property=\"og:image\" content=\"https:\/\/digital58.com.ve\/site\/wp-content\/uploads\/2022\/05\/FELIPE-PELAEZ-ALBUM-EL-DE-SIEMPRE-FOTO-COVER.jpg\" \/>\n\t<meta property=\"og:image:width\" content=\"900\" \/>\n\t<meta property=\"og:image:height\" content=\"900\" \/>\n\t<meta property=\"og:image:type\" content=\"image\/jpeg\" \/>\n<meta name=\"author\" content=\"Villasmil Henry\" \/>\n<meta name=\"twitter:card\" content=\"summary_large_image\" \/>\n<meta name=\"twitter:creator\" content=\"@https:\/\/twitter.com\/villasmilhfoto\" \/>\n<meta name=\"twitter:site\" content=\"@villasmilhfoto\" \/>\n<meta name=\"twitter:label1\" content=\"Escrito por\" \/>\n\t<meta name=\"twitter:data1\" content=\"Villasmil Henry\" \/>\n\t<meta name=\"twitter:label2\" content=\"Tiempo estimado de lectura\" \/>\n\t<meta name=\"twitter:data2\" content=\"2 minutos\" \/>\n<script type=\"application\/ld+json\" class=\"yoast-schema-graph\">{\"@context\":\"https:\\\/\\\/schema.org\",\"@graph\":[{\"@type\":\"Article\",\"@id\":\"https:\\\/\\\/digital58.com.ve\\\/site\\\/2022\\\/05\\\/26\\\/felipe-pelaez-vuelve-a-sus-raices-con-el-lanzamiento-de-el-de-siempre-su-nuevo-disco\\\/#article\",\"isPartOf\":{\"@id\":\"https:\\\/\\\/digital58.com.ve\\\/site\\\/2022\\\/05\\\/26\\\/felipe-pelaez-vuelve-a-sus-raices-con-el-lanzamiento-de-el-de-siempre-su-nuevo-disco\\\/\"},\"author\":{\"name\":\"Villasmil Henry\",\"@id\":\"https:\\\/\\\/digital58.com.ve\\\/site\\\/#\\\/schema\\\/person\\\/64d1c2e4d0d4fd1b849980c4331c2951\"},\"headline\":\"Felipe Pel\u00e1ez vuelve a sus ra\u00edces con el lanzamiento de \u00abEl de siempre\u00bb, su nuevo disco\",\"datePublished\":\"2022-05-26T11:40:21+00:00\",\"mainEntityOfPage\":{\"@id\":\"https:\\\/\\\/digital58.com.ve\\\/site\\\/2022\\\/05\\\/26\\\/felipe-pelaez-vuelve-a-sus-raices-con-el-lanzamiento-de-el-de-siempre-su-nuevo-disco\\\/\"},\"wordCount\":300,\"commentCount\":0,\"publisher\":{\"@id\":\"https:\\\/\\\/digital58.com.ve\\\/site\\\/#\\\/schema\\\/person\\\/64d1c2e4d0d4fd1b849980c4331c2951\"},\"image\":{\"@id\":\"https:\\\/\\\/digital58.com.ve\\\/site\\\/2022\\\/05\\\/26\\\/felipe-pelaez-vuelve-a-sus-raices-con-el-lanzamiento-de-el-de-siempre-su-nuevo-disco\\\/#primaryimage\"},\"thumbnailUrl\":\"https:\\\/\\\/digital58.com.ve\\\/site\\\/wp-content\\\/uploads\\\/2022\\\/05\\\/FELIPE-PELAEZ-ALBUM-EL-DE-SIEMPRE-FOTO-COVER.jpg\",\"keywords\":[\"Cantantes\",\"Entretenimiento\",\"Far\u00e1ndula\",\"Felipe Pel\u00e1ez\",\"G\u00e9nero Vallenato\",\"Internacionales\",\"Lanzamiento musicales\",\"M\u00fasica\"],\"articleSection\":[\"Fama\"],\"inLanguage\":\"es\",\"potentialAction\":[{\"@type\":\"CommentAction\",\"name\":\"Comment\",\"target\":[\"https:\\\/\\\/digital58.com.ve\\\/site\\\/2022\\\/05\\\/26\\\/felipe-pelaez-vuelve-a-sus-raices-con-el-lanzamiento-de-el-de-siempre-su-nuevo-disco\\\/#respond\"]}]},{\"@type\":\"WebPage\",\"@id\":\"https:\\\/\\\/digital58.com.ve\\\/site\\\/2022\\\/05\\\/26\\\/felipe-pelaez-vuelve-a-sus-raices-con-el-lanzamiento-de-el-de-siempre-su-nuevo-disco\\\/\",\"url\":\"https:\\\/\\\/digital58.com.ve\\\/site\\\/2022\\\/05\\\/26\\\/felipe-pelaez-vuelve-a-sus-raices-con-el-lanzamiento-de-el-de-siempre-su-nuevo-disco\\\/\",\"name\":\"Felipe Pel\u00e1ez vuelve a sus ra\u00edces con el lanzamiento de \u00abEl de siempre\u00bb, su nuevo disco\",\"isPartOf\":{\"@id\":\"https:\\\/\\\/digital58.com.ve\\\/site\\\/#website\"},\"primaryImageOfPage\":{\"@id\":\"https:\\\/\\\/digital58.com.ve\\\/site\\\/2022\\\/05\\\/26\\\/felipe-pelaez-vuelve-a-sus-raices-con-el-lanzamiento-de-el-de-siempre-su-nuevo-disco\\\/#primaryimage\"},\"image\":{\"@id\":\"https:\\\/\\\/digital58.com.ve\\\/site\\\/2022\\\/05\\\/26\\\/felipe-pelaez-vuelve-a-sus-raices-con-el-lanzamiento-de-el-de-siempre-su-nuevo-disco\\\/#primaryimage\"},\"thumbnailUrl\":\"https:\\\/\\\/digital58.com.ve\\\/site\\\/wp-content\\\/uploads\\\/2022\\\/05\\\/FELIPE-PELAEZ-ALBUM-EL-DE-SIEMPRE-FOTO-COVER.jpg\",\"datePublished\":\"2022-05-26T11:40:21+00:00\",\"description\":\"Fama\",\"breadcrumb\":{\"@id\":\"https:\\\/\\\/digital58.com.ve\\\/site\\\/2022\\\/05\\\/26\\\/felipe-pelaez-vuelve-a-sus-raices-con-el-lanzamiento-de-el-de-siempre-su-nuevo-disco\\\/#breadcrumb\"},\"inLanguage\":\"es\",\"potentialAction\":[{\"@type\":\"ReadAction\",\"target\":[\"https:\\\/\\\/digital58.com.ve\\\/site\\\/2022\\\/05\\\/26\\\/felipe-pelaez-vuelve-a-sus-raices-con-el-lanzamiento-de-el-de-siempre-su-nuevo-disco\\\/\"]}]},{\"@type\":\"ImageObject\",\"inLanguage\":\"es\",\"@id\":\"https:\\\/\\\/digital58.com.ve\\\/site\\\/2022\\\/05\\\/26\\\/felipe-pelaez-vuelve-a-sus-raices-con-el-lanzamiento-de-el-de-siempre-su-nuevo-disco\\\/#primaryimage\",\"url\":\"https:\\\/\\\/digital58.com.ve\\\/site\\\/wp-content\\\/uploads\\\/2022\\\/05\\\/FELIPE-PELAEZ-ALBUM-EL-DE-SIEMPRE-FOTO-COVER.jpg\",\"contentUrl\":\"https:\\\/\\\/digital58.com.ve\\\/site\\\/wp-content\\\/uploads\\\/2022\\\/05\\\/FELIPE-PELAEZ-ALBUM-EL-DE-SIEMPRE-FOTO-COVER.jpg\",\"width\":600,\"height\":600},{\"@type\":\"BreadcrumbList\",\"@id\":\"https:\\\/\\\/digital58.com.ve\\\/site\\\/2022\\\/05\\\/26\\\/felipe-pelaez-vuelve-a-sus-raices-con-el-lanzamiento-de-el-de-siempre-su-nuevo-disco\\\/#breadcrumb\",\"itemListElement\":[{\"@type\":\"ListItem\",\"position\":1,\"name\":\"Home\",\"item\":\"https:\\\/\\\/digital58.com.ve\\\/site\\\/\"},{\"@type\":\"ListItem\",\"position\":2,\"name\":\"Felipe Pel\u00e1ez vuelve a sus ra\u00edces con el lanzamiento de \u00abEl de siempre\u00bb, su nuevo disco\"}]},{\"@type\":\"WebSite\",\"@id\":\"https:\\\/\\\/digital58.com.ve\\\/site\\\/#website\",\"url\":\"https:\\\/\\\/digital58.com.ve\\\/site\\\/\",\"name\":\"Noticias Digital58\",\"description\":\"Portal de Noticias \u00a1Periodismo web de verdad! Lanzamiento web 22.11.2005 \\\/ Maracaibo, Venezuela\",\"publisher\":{\"@id\":\"https:\\\/\\\/digital58.com.ve\\\/site\\\/#\\\/schema\\\/person\\\/64d1c2e4d0d4fd1b849980c4331c2951\"},\"alternateName\":\"ND58\",\"potentialAction\":[{\"@type\":\"SearchAction\",\"target\":{\"@type\":\"EntryPoint\",\"urlTemplate\":\"https:\\\/\\\/digital58.com.ve\\\/site\\\/?s={search_term_string}\"},\"query-input\":{\"@type\":\"PropertyValueSpecification\",\"valueRequired\":true,\"valueName\":\"search_term_string\"}}],\"inLanguage\":\"es\"},{\"@type\":[\"Person\",\"Organization\"],\"@id\":\"https:\\\/\\\/digital58.com.ve\\\/site\\\/#\\\/schema\\\/person\\\/64d1c2e4d0d4fd1b849980c4331c2951\",\"name\":\"Villasmil Henry\",\"image\":{\"@type\":\"ImageObject\",\"inLanguage\":\"es\",\"@id\":\"https:\\\/\\\/secure.gravatar.com\\\/avatar\\\/bb0c4a2fcb7970138239f7e404ea75757b1b507b28b5ce4c53fbd62d797c5a7c?s=96&d=mm&r=g\",\"url\":\"https:\\\/\\\/secure.gravatar.com\\\/avatar\\\/bb0c4a2fcb7970138239f7e404ea75757b1b507b28b5ce4c53fbd62d797c5a7c?s=96&d=mm&r=g\",\"contentUrl\":\"https:\\\/\\\/secure.gravatar.com\\\/avatar\\\/bb0c4a2fcb7970138239f7e404ea75757b1b507b28b5ce4c53fbd62d797c5a7c?s=96&d=mm&r=g\",\"caption\":\"Villasmil Henry\"},\"logo\":{\"@id\":\"https:\\\/\\\/secure.gravatar.com\\\/avatar\\\/bb0c4a2fcb7970138239f7e404ea75757b1b507b28b5ce4c53fbd62d797c5a7c?s=96&d=mm&r=g\"},\"sameAs\":[\"http:\\\/\\\/www.henryvillasmil.com.ve\",\"https:\\\/\\\/www.instagram.com\\\/villasmilhfoto\\\/\",\"https:\\\/\\\/x.com\\\/https:\\\/\\\/twitter.com\\\/villasmilhfoto\"],\"url\":\"https:\\\/\\\/digital58.com.ve\\\/site\\\/author\\\/droopy_68\\\/\"}]}<\/script>\n<!-- \/ Yoast SEO plugin. -->","yoast_head_json":{"title":"Felipe Pel\u00e1ez vuelve a sus ra\u00edces con el lanzamiento de \u00abEl de siempre\u00bb, su nuevo disco","description":"Fama","robots":{"index":"index","follow":"follow","max-snippet":"max-snippet:-1","max-image-preview":"max-image-preview:large","max-video-preview":"max-video-preview:-1"},"canonical":"https:\/\/digital58.com.ve\/site\/2022\/05\/26\/felipe-pelaez-vuelve-a-sus-raices-con-el-lanzamiento-de-el-de-siempre-su-nuevo-disco\/","og_locale":"es_ES","og_type":"article","og_title":"Felipe Pel\u00e1ez vuelve a sus ra\u00edces con el lanzamiento de \u00abEl de siempre\u00bb, su nuevo disco","og_description":"Fama","og_url":"https:\/\/digital58.com.ve\/site\/2022\/05\/26\/felipe-pelaez-vuelve-a-sus-raices-con-el-lanzamiento-de-el-de-siempre-su-nuevo-disco\/","og_site_name":"Noticias Digital58","article_published_time":"2022-05-26T11:40:21+00:00","og_image":[{"width":900,"height":900,"url":"https:\/\/digital58.com.ve\/site\/wp-content\/uploads\/2022\/05\/FELIPE-PELAEZ-ALBUM-EL-DE-SIEMPRE-FOTO-COVER.jpg","type":"image\/jpeg"}],"author":"Villasmil Henry","twitter_card":"summary_large_image","twitter_creator":"@https:\/\/twitter.com\/villasmilhfoto","twitter_site":"@villasmilhfoto","twitter_misc":{"Escrito por":"Villasmil Henry","Tiempo estimado de lectura":"2 minutos"},"schema":{"@context":"https:\/\/schema.org","@graph":[{"@type":"Article","@id":"https:\/\/digital58.com.ve\/site\/2022\/05\/26\/felipe-pelaez-vuelve-a-sus-raices-con-el-lanzamiento-de-el-de-siempre-su-nuevo-disco\/#article","isPartOf":{"@id":"https:\/\/digital58.com.ve\/site\/2022\/05\/26\/felipe-pelaez-vuelve-a-sus-raices-con-el-lanzamiento-de-el-de-siempre-su-nuevo-disco\/"},"author":{"name":"Villasmil Henry","@id":"https:\/\/digital58.com.ve\/site\/#\/schema\/person\/64d1c2e4d0d4fd1b849980c4331c2951"},"headline":"Felipe Pel\u00e1ez vuelve a sus ra\u00edces con el lanzamiento de \u00abEl de siempre\u00bb, su nuevo disco","datePublished":"2022-05-26T11:40:21+00:00","mainEntityOfPage":{"@id":"https:\/\/digital58.com.ve\/site\/2022\/05\/26\/felipe-pelaez-vuelve-a-sus-raices-con-el-lanzamiento-de-el-de-siempre-su-nuevo-disco\/"},"wordCount":300,"commentCount":0,"publisher":{"@id":"https:\/\/digital58.com.ve\/site\/#\/schema\/person\/64d1c2e4d0d4fd1b849980c4331c2951"},"image":{"@id":"https:\/\/digital58.com.ve\/site\/2022\/05\/26\/felipe-pelaez-vuelve-a-sus-raices-con-el-lanzamiento-de-el-de-siempre-su-nuevo-disco\/#primaryimage"},"thumbnailUrl":"https:\/\/digital58.com.ve\/site\/wp-content\/uploads\/2022\/05\/FELIPE-PELAEZ-ALBUM-EL-DE-SIEMPRE-FOTO-COVER.jpg","keywords":["Cantantes","Entretenimiento","Far\u00e1ndula","Felipe Pel\u00e1ez","G\u00e9nero Vallenato","Internacionales","Lanzamiento musicales","M\u00fasica"],"articleSection":["Fama"],"inLanguage":"es","potentialAction":[{"@type":"CommentAction","name":"Comment","target":["https:\/\/digital58.com.ve\/site\/2022\/05\/26\/felipe-pelaez-vuelve-a-sus-raices-con-el-lanzamiento-de-el-de-siempre-su-nuevo-disco\/#respond"]}]},{"@type":"WebPage","@id":"https:\/\/digital58.com.ve\/site\/2022\/05\/26\/felipe-pelaez-vuelve-a-sus-raices-con-el-lanzamiento-de-el-de-siempre-su-nuevo-disco\/","url":"https:\/\/digital58.com.ve\/site\/2022\/05\/26\/felipe-pelaez-vuelve-a-sus-raices-con-el-lanzamiento-de-el-de-siempre-su-nuevo-disco\/","name":"Felipe Pel\u00e1ez vuelve a sus ra\u00edces con el lanzamiento de \u00abEl de siempre\u00bb, su nuevo disco","isPartOf":{"@id":"https:\/\/digital58.com.ve\/site\/#website"},"primaryImageOfPage":{"@id":"https:\/\/digital58.com.ve\/site\/2022\/05\/26\/felipe-pelaez-vuelve-a-sus-raices-con-el-lanzamiento-de-el-de-siempre-su-nuevo-disco\/#primaryimage"},"image":{"@id":"https:\/\/digital58.com.ve\/site\/2022\/05\/26\/felipe-pelaez-vuelve-a-sus-raices-con-el-lanzamiento-de-el-de-siempre-su-nuevo-disco\/#primaryimage"},"thumbnailUrl":"https:\/\/digital58.com.ve\/site\/wp-content\/uploads\/2022\/05\/FELIPE-PELAEZ-ALBUM-EL-DE-SIEMPRE-FOTO-COVER.jpg","datePublished":"2022-05-26T11:40:21+00:00","description":"Fama","breadcrumb":{"@id":"https:\/\/digital58.com.ve\/site\/2022\/05\/26\/felipe-pelaez-vuelve-a-sus-raices-con-el-lanzamiento-de-el-de-siempre-su-nuevo-disco\/#breadcrumb"},"inLanguage":"es","potentialAction":[{"@type":"ReadAction","target":["https:\/\/digital58.com.ve\/site\/2022\/05\/26\/felipe-pelaez-vuelve-a-sus-raices-con-el-lanzamiento-de-el-de-siempre-su-nuevo-disco\/"]}]},{"@type":"ImageObject","inLanguage":"es","@id":"https:\/\/digital58.com.ve\/site\/2022\/05\/26\/felipe-pelaez-vuelve-a-sus-raices-con-el-lanzamiento-de-el-de-siempre-su-nuevo-disco\/#primaryimage","url":"https:\/\/digital58.com.ve\/site\/wp-content\/uploads\/2022\/05\/FELIPE-PELAEZ-ALBUM-EL-DE-SIEMPRE-FOTO-COVER.jpg","contentUrl":"https:\/\/digital58.com.ve\/site\/wp-content\/uploads\/2022\/05\/FELIPE-PELAEZ-ALBUM-EL-DE-SIEMPRE-FOTO-COVER.jpg","width":600,"height":600},{"@type":"BreadcrumbList","@id":"https:\/\/digital58.com.ve\/site\/2022\/05\/26\/felipe-pelaez-vuelve-a-sus-raices-con-el-lanzamiento-de-el-de-siempre-su-nuevo-disco\/#breadcrumb","itemListElement":[{"@type":"ListItem","position":1,"name":"Home","item":"https:\/\/digital58.com.ve\/site\/"},{"@type":"ListItem","position":2,"name":"Felipe Pel\u00e1ez vuelve a sus ra\u00edces con el lanzamiento de \u00abEl de siempre\u00bb, su nuevo disco"}]},{"@type":"WebSite","@id":"https:\/\/digital58.com.ve\/site\/#website","url":"https:\/\/digital58.com.ve\/site\/","name":"Noticias Digital58","description":"Portal de Noticias \u00a1Periodismo web de verdad! Lanzamiento web 22.11.2005 \/ Maracaibo, Venezuela","publisher":{"@id":"https:\/\/digital58.com.ve\/site\/#\/schema\/person\/64d1c2e4d0d4fd1b849980c4331c2951"},"alternateName":"ND58","potentialAction":[{"@type":"SearchAction","target":{"@type":"EntryPoint","urlTemplate":"https:\/\/digital58.com.ve\/site\/?s={search_term_string}"},"query-input":{"@type":"PropertyValueSpecification","valueRequired":true,"valueName":"search_term_string"}}],"inLanguage":"es"},{"@type":["Person","Organization"],"@id":"https:\/\/digital58.com.ve\/site\/#\/schema\/person\/64d1c2e4d0d4fd1b849980c4331c2951","name":"Villasmil Henry","image":{"@type":"ImageObject","inLanguage":"es","@id":"https:\/\/secure.gravatar.com\/avatar\/bb0c4a2fcb7970138239f7e404ea75757b1b507b28b5ce4c53fbd62d797c5a7c?s=96&d=mm&r=g","url":"https:\/\/secure.gravatar.com\/avatar\/bb0c4a2fcb7970138239f7e404ea75757b1b507b28b5ce4c53fbd62d797c5a7c?s=96&d=mm&r=g","contentUrl":"https:\/\/secure.gravatar.com\/avatar\/bb0c4a2fcb7970138239f7e404ea75757b1b507b28b5ce4c53fbd62d797c5a7c?s=96&d=mm&r=g","caption":"Villasmil Henry"},"logo":{"@id":"https:\/\/secure.gravatar.com\/avatar\/bb0c4a2fcb7970138239f7e404ea75757b1b507b28b5ce4c53fbd62d797c5a7c?s=96&d=mm&r=g"},"sameAs":["http:\/\/www.henryvillasmil.com.ve","https:\/\/www.instagram.com\/villasmilhfoto\/","https:\/\/x.com\/https:\/\/twitter.com\/villasmilhfoto"],"url":"https:\/\/digital58.com.ve\/site\/author\/droopy_68\/"}]}},"uagb_featured_image_src":{"full":["https:\/\/digital58.com.ve\/site\/wp-content\/uploads\/2022\/05\/FELIPE-PELAEZ-ALBUM-EL-DE-SIEMPRE-FOTO-COVER.jpg",600,600,false],"thumbnail":["https:\/\/digital58.com.ve\/site\/wp-content\/uploads\/2022\/05\/FELIPE-PELAEZ-ALBUM-EL-DE-SIEMPRE-FOTO-COVER-150x150.jpg",150,150,true],"medium":["https:\/\/digital58.com.ve\/site\/wp-content\/uploads\/2022\/05\/FELIPE-PELAEZ-ALBUM-EL-DE-SIEMPRE-FOTO-COVER-300x300.jpg",300,300,true],"medium_large":["https:\/\/digital58.com.ve\/site\/wp-content\/uploads\/2022\/05\/FELIPE-PELAEZ-ALBUM-EL-DE-SIEMPRE-FOTO-COVER-768x768.jpg",768,768,true],"large":["https:\/\/digital58.com.ve\/site\/wp-content\/uploads\/2022\/05\/FELIPE-PELAEZ-ALBUM-EL-DE-SIEMPRE-FOTO-COVER.jpg",600,600,false],"1536x1536":["https:\/\/digital58.com.ve\/site\/wp-content\/uploads\/2022\/05\/FELIPE-PELAEZ-ALBUM-EL-DE-SIEMPRE-FOTO-COVER.jpg",600,600,false],"2048x2048":["https:\/\/digital58.com.ve\/site\/wp-content\/uploads\/2022\/05\/FELIPE-PELAEZ-ALBUM-EL-DE-SIEMPRE-FOTO-COVER.jpg",600,600,false],"colormag-highlighted-post":["https:\/\/digital58.com.ve\/site\/wp-content\/uploads\/2022\/05\/FELIPE-PELAEZ-ALBUM-EL-DE-SIEMPRE-FOTO-COVER.jpg",272,272,false],"colormag-featured-post-medium":["https:\/\/digital58.com.ve\/site\/wp-content\/uploads\/2022\/05\/FELIPE-PELAEZ-ALBUM-EL-DE-SIEMPRE-FOTO-COVER.jpg",205,205,false],"colormag-featured-post-small":["https:\/\/digital58.com.ve\/site\/wp-content\/uploads\/2022\/05\/FELIPE-PELAEZ-ALBUM-EL-DE-SIEMPRE-FOTO-COVER.jpg",90,90,false],"colormag-featured-image":["https:\/\/digital58.com.ve\/site\/wp-content\/uploads\/2022\/05\/FELIPE-PELAEZ-ALBUM-EL-DE-SIEMPRE-FOTO-COVER.jpg",445,445,false],"colormag-default-news":["https:\/\/digital58.com.ve\/site\/wp-content\/uploads\/2022\/05\/FELIPE-PELAEZ-ALBUM-EL-DE-SIEMPRE-FOTO-COVER.jpg",150,150,false],"colormag-featured-image-large":["https:\/\/digital58.com.ve\/site\/wp-content\/uploads\/2022\/05\/FELIPE-PELAEZ-ALBUM-EL-DE-SIEMPRE-FOTO-COVER.jpg",600,600,false]},"uagb_author_info":{"display_name":"Villasmil Henry","author_link":"https:\/\/digital58.com.ve\/site\/author\/droopy_68\/"},"uagb_comment_info":0,"uagb_excerpt":"El trabajo discogr\u00e1fico fue producido por Breyner Gordillo, Manuel Mart\u00ednez, Luis Ortega y Felipe Pel\u00e1ez. Maracaibo, Zulia, Venezuela, 26 de","_links":{"self":[{"href":"https:\/\/digital58.com.ve\/site\/wp-json\/wp\/v2\/posts\/152596","targetHints":{"allow":["GET"]}}],"collection":[{"href":"https:\/\/digital58.com.ve\/site\/wp-json\/wp\/v2\/posts"}],"about":[{"href":"https:\/\/digital58.com.ve\/site\/wp-json\/wp\/v2\/types\/post"}],"author":[{"embeddable":true,"href":"https:\/\/digital58.com.ve\/site\/wp-json\/wp\/v2\/users\/1"}],"replies":[{"embeddable":true,"href":"https:\/\/digital58.com.ve\/site\/wp-json\/wp\/v2\/comments?post=152596"}],"version-history":[{"count":0,"href":"https:\/\/digital58.com.ve\/site\/wp-json\/wp\/v2\/posts\/152596\/revisions"}],"wp:featuredmedia":[{"embeddable":true,"href":"https:\/\/digital58.com.ve\/site\/wp-json\/wp\/v2\/media\/152597"}],"wp:attachment":[{"href":"https:\/\/digital58.com.ve\/site\/wp-json\/wp\/v2\/media?parent=152596"}],"wp:term":[{"taxonomy":"category","embeddable":true,"href":"https:\/\/digital58.com.ve\/site\/wp-json\/wp\/v2\/categories?post=152596"},{"taxonomy":"post_tag","embeddable":true,"href":"https:\/\/digital58.com.ve\/site\/wp-json\/wp\/v2\/tags?post=152596"}],"curies":[{"name":"wp","href":"https:\/\/api.w.org\/{rel}","templated":true}]}}