{"id":152806,"date":"2022-05-30T00:29:47","date_gmt":"2022-05-30T04:29:47","guid":{"rendered":"https:\/\/digital58.com.ve\/site\/?p=152806"},"modified":"2022-05-30T00:29:47","modified_gmt":"2022-05-30T04:29:47","slug":"daniel-elbittar-se-recupera-de-accidente-en-telenovela","status":"publish","type":"post","link":"https:\/\/digital58.com.ve\/site\/2022\/05\/30\/daniel-elbittar-se-recupera-de-accidente-en-telenovela\/","title":{"rendered":"Daniel Elbittar se recupera de accidente en telenovela"},"content":{"rendered":"<p><img loading=\"lazy\" decoding=\"async\" class=\"wp-image-152808 aligncenter\" src=\"https:\/\/digital58.com.ve\/site\/wp-content\/uploads\/2022\/05\/dani-e-200x300.jpg\" alt=\"\" width=\"350\" height=\"525\" srcset=\"https:\/\/digital58.com.ve\/site\/wp-content\/uploads\/2022\/05\/dani-e-200x300.jpg 200w, https:\/\/digital58.com.ve\/site\/wp-content\/uploads\/2022\/05\/dani-e-666x1000.jpg 666w, https:\/\/digital58.com.ve\/site\/wp-content\/uploads\/2022\/05\/dani-e-768x1153.jpg 768w, https:\/\/digital58.com.ve\/site\/wp-content\/uploads\/2022\/05\/dani-e-1023x1536.jpg 1023w, https:\/\/digital58.com.ve\/site\/wp-content\/uploads\/2022\/05\/dani-e.jpg 400w\" sizes=\"auto, (max-width: 350px) 100vw, 350px\" \/><\/p>\n<p>El actor venezolano se encontraba grabando la telenovela La herencia cuando se lesion\u00f3 una rodilla y tuvo que ser intervenido quir\u00fargicamente.<\/p>\n<p><strong>Maracaibo, Zulia, Venezuela, 30 de mayo de 2022 (Noticias D58).-<\/strong>Las villan\u00edas de su personaje, Pedro del Monte, las termin\u00f3 pagando el actor Daniel Elbittar, quien tuvo que ser intervenido quir\u00fargicamente luego de un accidente en las grabaciones de La herencia que provoc\u00f3 la ruptura de un ligamento en sus rodillas y lo mand\u00f3 directo al quir\u00f3fano. A pocos d\u00edas de la operaci\u00f3n, el gal\u00e1n venezolano convers\u00f3, desde su casa, con la revista TVyNovelas, de M\u00e9xico,\u00a0 y cont\u00f3 c\u00f3mo se encuentra y de qu\u00e9 manera se alista para convertirse, nuevamente, en pap\u00e1 de un var\u00f3n.<\/p>\n<p><strong>Te acabas de operar una rodilla, \u00bfqu\u00e9 fue lo que te pas\u00f3?<\/strong><\/p>\n<p>Es la primera vez que me pasa algo as\u00ed en un proyecto. Tuve un accidente grabando la novela, y me romp\u00ed el ligamento anterior cruzado de la rodilla izquierda, por lo que entr\u00e9 en cirug\u00eda para repararlo y seguir trabajando. Todo sucedi\u00f3 en una escena de una pelea, yo ten\u00eda que patear una cubeta llena de agua, entonces era muy pesada, estaba en una loma y por el nivel de inclinaci\u00f3n me golpee. Ya ten\u00eda una lesi\u00f3n previa y eso me termin\u00f3 de romper el ligamento. Pero tuve que esperar el final de grabaciones para poder someterme a la intervenci\u00f3n quir\u00fargica.<\/p>\n<p><strong>\u00bfEn cu\u00e1nto tiempo vas a estar al 100?<\/strong><\/p>\n<p>Para caminar normal me tardar\u00e9 como un mes, pero ya de hacer actividad de alto impacto y deportes como basquetbol y futbol, pues faltar\u00e1 como unos seis, ocho meses.<\/p>\n<p><img loading=\"lazy\" decoding=\"async\" class=\"wp-image-152809 aligncenter\" src=\"https:\/\/digital58.com.ve\/site\/wp-content\/uploads\/2022\/05\/operaciondanielelbittar-10-300x246.jpg\" alt=\"\" width=\"452\" height=\"371\" srcset=\"https:\/\/digital58.com.ve\/site\/wp-content\/uploads\/2022\/05\/operaciondanielelbittar-10-300x246.jpg 300w, https:\/\/digital58.com.ve\/site\/wp-content\/uploads\/2022\/05\/operaciondanielelbittar-10-768x630.jpg 768w, https:\/\/digital58.com.ve\/site\/wp-content\/uploads\/2022\/05\/operaciondanielelbittar-10.jpg 900w\" sizes=\"auto, (max-width: 452px) 100vw, 452px\" \/><\/p>\n<p><strong>Pero, dentro de todo, debes estar feliz porque ya falta poco para el nacimiento de tu segundo hijo\u2026<\/strong><\/p>\n<p>El nacimiento ser\u00e1 en la segunda semana de julio, entonces estoy muy feliz por recibir al nuevo integrante de la familia.<\/p>\n<p><strong>\u00bfFue planeado o te tom\u00f3 de sorpresa?<\/strong><\/p>\n<p>Todo fue s\u00faper planeado y planificado. Ha sido un beb\u00e9 muy buscado, Maximiliano ha sido lo mejor que nos ha pasado a Sabrina y a m\u00ed, entonces tener la bendici\u00f3n de esperar otro es maravilloso.<\/p>\n<p><strong>\u00bfSiempre te hab\u00edas visto como pap\u00e1 de dos varones?<\/strong><\/p>\n<p>En realidad yo soy feliz con lo que Dios me mande, sea var\u00f3n o sea ni\u00f1a. Nosotros estamos muy contentos porque ya falta poquito.<\/p>\n<p><strong>En cuanto a La herencia, \u00bfqu\u00e9 te ha permitido explorar este personaje?<\/strong><\/p>\n<p>Bueno, este es uno de los mejores personajes que me ha tocado interpretar porque tiene muy presente lo que es el lado oscuro y el lado humano. Siento que Pedro del Monte tiene muchos matices. Y desde esta etapa de la telenovela hasta el final, se convertir\u00e1 en el villano de verdad, verdad. Por eso digo que nunca hab\u00eda hecho algo as\u00ed, ha sido un rol que me ha brindado muchas herramientas para poder construirlo y desarrollarlo.<\/p>\n<p><strong>\u00bfEs la misma sensaci\u00f3n de cuando haces un protagonista bueno?<\/strong><\/p>\n<p>No, no. Es completamente diferente todo, la energ\u00eda, la forma de hablar, de caminar, de mirar. Cuando yo me meto en los zapatos de Pedro me convierto en otra persona que est\u00e1 bien lejana a lo que soy yo en mi vida personal. Entonces eso es muy interesante como actor, el darle vida a hombres muy distintos a lo que es uno.<\/p>\n<p><img loading=\"lazy\" decoding=\"async\" class=\"wp-image-152810 aligncenter\" src=\"https:\/\/digital58.com.ve\/site\/wp-content\/uploads\/2022\/05\/dani-de2-200x300.jpg\" alt=\"\" width=\"390\" height=\"585\" srcset=\"https:\/\/digital58.com.ve\/site\/wp-content\/uploads\/2022\/05\/dani-de2-200x300.jpg 200w, https:\/\/digital58.com.ve\/site\/wp-content\/uploads\/2022\/05\/dani-de2-666x1000.jpg 666w, https:\/\/digital58.com.ve\/site\/wp-content\/uploads\/2022\/05\/dani-de2-768x1153.jpg 768w, https:\/\/digital58.com.ve\/site\/wp-content\/uploads\/2022\/05\/dani-de2-1023x1536.jpg 1023w, https:\/\/digital58.com.ve\/site\/wp-content\/uploads\/2022\/05\/dani-de2.jpg 400w\" sizes=\"auto, (max-width: 390px) 100vw, 390px\" \/><\/p>\n<p><strong>\u00bfQu\u00e9 te dice la gente en redes sociales?<\/strong><\/p>\n<p>La gran mayor\u00eda de la gente me dice que me odia, pero al mismo tiempo me ama (risas). Pienso que es un villano encantador que tambi\u00e9n est\u00e1 en el gusto del p\u00fablico, puede ser por lo ir\u00f3nico que es el personaje, por lo sonriente que es. Es que m\u00e1s all\u00e1 de la maldad, Pedro tiene una parte humana que saca a relucir en la trama.<\/p>\n<p><strong>\u00bfC\u00f3mo fue la relaci\u00f3n que hiciste con tus hermanos dentro del elenco?<\/strong><\/p>\n<p>Incre\u00edble, yo creo que es la primera novela en la que hago un grupo de amistades importante, me la pas\u00e9 muy bien, hice amigos de verdad y eso se refleja en pantalla, la qu\u00edmica que tenemos entre nosotros. Hacemos un gran equipo.<\/p>\n<p><strong>Entre tanto gal\u00e1n que hay, \u00bfno hubo uno que quiso lucirse m\u00e1s que el otro?<\/strong><\/p>\n<p>La verdad es que entre nosotros no existi\u00f3 eso, m\u00e1s bien nos ayudamos, nos apoyamos, pero no sent\u00ed ning\u00fan tipo de competencia o de ego.<\/p>\n<p><strong>Esto fue lo que le pas\u00f3<\/strong><\/p>\n<p>La lesi\u00f3n del\u00a0ligamento cruzado anterior\u00a0es el desgarro o esguince de ese ligamento, que es una de las fuertes bandas de tejido que ayudan a conectar el hueso del muslo (f\u00e9mur) con la tibia. Estas lesiones, com\u00fanmente se producen durante la pr\u00e1ctica de deportes que implican detenerse o cambiar de direcci\u00f3n en forma repentina, saltar y aterrizar, como el b\u00e1squetbol, el f\u00fatbol, el f\u00fatbol americano, y el esqu\u00ed alpino. Muchas personas escuchan un chasquido en la rodilla cuando ocurre una lesi\u00f3n del\u00a0ligamento cruzado anterior. Los pacientes pueden sentir un chasquido fuerte en la rodilla, dolor intenso e incapacidad para continuar una actividad, hinchaz\u00f3n r\u00e1pida, p\u00e9rdida de la amplitud de movimiento y sensaci\u00f3n de inestabilidad al soportar peso.<\/p>\n<p><strong>Redacci\u00f3n con fuente: Cana\u00e1n, Nayib<\/strong><br \/>\n<strong>Edici\u00f3n: Villasmil, Henry<\/strong><br \/>\n<strong>Gr\u00e1fica: cortes\u00eda<\/strong><\/p><div class=\"bazna69f1192f92bb8\" ><p style=\"text-align: center;\"><a href=\"https:\/\/t.me\/noticiasdigital58\" target=\"_blank\" rel=\"noopener\"><img class=\"aligncenter size-full wp-image-125363\" src=\"https:\/\/digital58.com.ve\/site\/wp-content\/uploads\/2021\/04\/banner-telegram-web-2021.png\" alt=\"\" width=\"600\" height=\"90\" \/><\/a><\/p><\/div><style type=\"text\/css\">\r\n@media screen and (min-width: 1201px) {\r\n.bazna69f1192f92bb8 {\r\ndisplay: block;\r\n}\r\n}\r\n@media screen and (min-width: 993px) and (max-width: 1200px) {\r\n.bazna69f1192f92bb8 {\r\ndisplay: block;\r\n}\r\n}\r\n@media screen and (min-width: 769px) and (max-width: 992px) {\r\n.bazna69f1192f92bb8 {\r\ndisplay: block;\r\n}\r\n}\r\n@media screen and (min-width: 768px) and (max-width: 768px) {\r\n.bazna69f1192f92bb8 {\r\ndisplay: block;\r\n}\r\n}\r\n@media screen and (max-width: 767px) {\r\n.bazna69f1192f92bb8 {\r\ndisplay: block;\r\n}\r\n}\r\n<\/style>\r\n\n<p>&nbsp;<\/p>\n<div style=\"margin-top: 0px; margin-bottom: 0px;\" class=\"sharethis-inline-share-buttons\" ><\/div>","protected":false},"excerpt":{"rendered":"<p>El actor venezolano se encontraba grabando la telenovela La herencia cuando se lesion\u00f3 una rodilla y tuvo que ser intervenido<\/p>\n","protected":false},"author":20,"featured_media":152810,"comment_status":"open","ping_status":"closed","sticky":false,"template":"","format":"standard","meta":{"colormag_page_container_layout":"default_layout","colormag_page_sidebar_layout":"default_layout","_uag_custom_page_level_css":"","footnotes":""},"categories":[1],"tags":[4565,28448,175],"class_list":["post-152806","post","type-post","status-publish","format-standard","has-post-thumbnail","hentry","category-fama","tag-actor","tag-danielelbittar","tag-mexico"],"yoast_head":"<!-- This site is optimized with the Yoast SEO plugin v27.5 - https:\/\/yoast.com\/product\/yoast-seo-wordpress\/ -->\n<title>Daniel Elbittar se recupera de accidente en telenovela<\/title>\n<meta name=\"description\" content=\"Fama\" \/>\n<meta name=\"robots\" content=\"index, follow, max-snippet:-1, max-image-preview:large, max-video-preview:-1\" \/>\n<link rel=\"canonical\" href=\"https:\/\/digital58.com.ve\/site\/2022\/05\/30\/daniel-elbittar-se-recupera-de-accidente-en-telenovela\/\" \/>\n<meta property=\"og:locale\" content=\"es_ES\" \/>\n<meta property=\"og:type\" content=\"article\" \/>\n<meta property=\"og:title\" content=\"Daniel Elbittar se recupera de accidente en telenovela\" \/>\n<meta property=\"og:description\" content=\"Fama\" \/>\n<meta property=\"og:url\" content=\"https:\/\/digital58.com.ve\/site\/2022\/05\/30\/daniel-elbittar-se-recupera-de-accidente-en-telenovela\/\" \/>\n<meta property=\"og:site_name\" content=\"Noticias Digital58\" \/>\n<meta property=\"article:published_time\" content=\"2022-05-30T04:29:47+00:00\" \/>\n<meta property=\"og:image\" content=\"https:\/\/digital58.com.ve\/site\/wp-content\/uploads\/2022\/05\/dani-de2.jpg\" \/>\n\t<meta property=\"og:image:width\" content=\"1364\" \/>\n\t<meta property=\"og:image:height\" content=\"2048\" \/>\n\t<meta property=\"og:image:type\" content=\"image\/jpeg\" \/>\n<meta name=\"author\" content=\"Cana\u00e1n Nayib\" \/>\n<meta name=\"twitter:card\" content=\"summary_large_image\" \/>\n<meta name=\"twitter:creator\" content=\"@Digital_58\" \/>\n<meta name=\"twitter:site\" content=\"@villasmilhfoto\" \/>\n<meta name=\"twitter:label1\" content=\"Escrito por\" \/>\n\t<meta name=\"twitter:data1\" content=\"Cana\u00e1n Nayib\" \/>\n\t<meta name=\"twitter:label2\" content=\"Tiempo estimado de lectura\" \/>\n\t<meta name=\"twitter:data2\" content=\"5 minutos\" \/>\n<script type=\"application\/ld+json\" class=\"yoast-schema-graph\">{\"@context\":\"https:\\\/\\\/schema.org\",\"@graph\":[{\"@type\":\"Article\",\"@id\":\"https:\\\/\\\/digital58.com.ve\\\/site\\\/2022\\\/05\\\/30\\\/daniel-elbittar-se-recupera-de-accidente-en-telenovela\\\/#article\",\"isPartOf\":{\"@id\":\"https:\\\/\\\/digital58.com.ve\\\/site\\\/2022\\\/05\\\/30\\\/daniel-elbittar-se-recupera-de-accidente-en-telenovela\\\/\"},\"author\":{\"name\":\"Cana\u00e1n Nayib\",\"@id\":\"https:\\\/\\\/digital58.com.ve\\\/site\\\/#\\\/schema\\\/person\\\/730f125d3b753ef33fc78d403e3544bd\"},\"headline\":\"Daniel Elbittar se recupera de accidente en telenovela\",\"datePublished\":\"2022-05-30T04:29:47+00:00\",\"mainEntityOfPage\":{\"@id\":\"https:\\\/\\\/digital58.com.ve\\\/site\\\/2022\\\/05\\\/30\\\/daniel-elbittar-se-recupera-de-accidente-en-telenovela\\\/\"},\"wordCount\":906,\"commentCount\":0,\"publisher\":{\"@id\":\"https:\\\/\\\/digital58.com.ve\\\/site\\\/#\\\/schema\\\/person\\\/64d1c2e4d0d4fd1b849980c4331c2951\"},\"image\":{\"@id\":\"https:\\\/\\\/digital58.com.ve\\\/site\\\/2022\\\/05\\\/30\\\/daniel-elbittar-se-recupera-de-accidente-en-telenovela\\\/#primaryimage\"},\"thumbnailUrl\":\"https:\\\/\\\/digital58.com.ve\\\/site\\\/wp-content\\\/uploads\\\/2022\\\/05\\\/dani-de2.jpg\",\"keywords\":[\"Actor\",\"danielelbittar\",\"M\u00e9xico\"],\"articleSection\":[\"Fama\"],\"inLanguage\":\"es\",\"potentialAction\":[{\"@type\":\"CommentAction\",\"name\":\"Comment\",\"target\":[\"https:\\\/\\\/digital58.com.ve\\\/site\\\/2022\\\/05\\\/30\\\/daniel-elbittar-se-recupera-de-accidente-en-telenovela\\\/#respond\"]}]},{\"@type\":\"WebPage\",\"@id\":\"https:\\\/\\\/digital58.com.ve\\\/site\\\/2022\\\/05\\\/30\\\/daniel-elbittar-se-recupera-de-accidente-en-telenovela\\\/\",\"url\":\"https:\\\/\\\/digital58.com.ve\\\/site\\\/2022\\\/05\\\/30\\\/daniel-elbittar-se-recupera-de-accidente-en-telenovela\\\/\",\"name\":\"Daniel Elbittar se recupera de accidente en telenovela\",\"isPartOf\":{\"@id\":\"https:\\\/\\\/digital58.com.ve\\\/site\\\/#website\"},\"primaryImageOfPage\":{\"@id\":\"https:\\\/\\\/digital58.com.ve\\\/site\\\/2022\\\/05\\\/30\\\/daniel-elbittar-se-recupera-de-accidente-en-telenovela\\\/#primaryimage\"},\"image\":{\"@id\":\"https:\\\/\\\/digital58.com.ve\\\/site\\\/2022\\\/05\\\/30\\\/daniel-elbittar-se-recupera-de-accidente-en-telenovela\\\/#primaryimage\"},\"thumbnailUrl\":\"https:\\\/\\\/digital58.com.ve\\\/site\\\/wp-content\\\/uploads\\\/2022\\\/05\\\/dani-de2.jpg\",\"datePublished\":\"2022-05-30T04:29:47+00:00\",\"description\":\"Fama\",\"breadcrumb\":{\"@id\":\"https:\\\/\\\/digital58.com.ve\\\/site\\\/2022\\\/05\\\/30\\\/daniel-elbittar-se-recupera-de-accidente-en-telenovela\\\/#breadcrumb\"},\"inLanguage\":\"es\",\"potentialAction\":[{\"@type\":\"ReadAction\",\"target\":[\"https:\\\/\\\/digital58.com.ve\\\/site\\\/2022\\\/05\\\/30\\\/daniel-elbittar-se-recupera-de-accidente-en-telenovela\\\/\"]}]},{\"@type\":\"ImageObject\",\"inLanguage\":\"es\",\"@id\":\"https:\\\/\\\/digital58.com.ve\\\/site\\\/2022\\\/05\\\/30\\\/daniel-elbittar-se-recupera-de-accidente-en-telenovela\\\/#primaryimage\",\"url\":\"https:\\\/\\\/digital58.com.ve\\\/site\\\/wp-content\\\/uploads\\\/2022\\\/05\\\/dani-de2.jpg\",\"contentUrl\":\"https:\\\/\\\/digital58.com.ve\\\/site\\\/wp-content\\\/uploads\\\/2022\\\/05\\\/dani-de2.jpg\",\"width\":400,\"height\":600},{\"@type\":\"BreadcrumbList\",\"@id\":\"https:\\\/\\\/digital58.com.ve\\\/site\\\/2022\\\/05\\\/30\\\/daniel-elbittar-se-recupera-de-accidente-en-telenovela\\\/#breadcrumb\",\"itemListElement\":[{\"@type\":\"ListItem\",\"position\":1,\"name\":\"Home\",\"item\":\"https:\\\/\\\/digital58.com.ve\\\/site\\\/\"},{\"@type\":\"ListItem\",\"position\":2,\"name\":\"Daniel Elbittar se recupera de accidente en telenovela\"}]},{\"@type\":\"WebSite\",\"@id\":\"https:\\\/\\\/digital58.com.ve\\\/site\\\/#website\",\"url\":\"https:\\\/\\\/digital58.com.ve\\\/site\\\/\",\"name\":\"Noticias Digital58\",\"description\":\"Portal de Noticias \u00a1Periodismo web de verdad! Lanzamiento web 22.11.2005 \\\/ Maracaibo, Venezuela\",\"publisher\":{\"@id\":\"https:\\\/\\\/digital58.com.ve\\\/site\\\/#\\\/schema\\\/person\\\/64d1c2e4d0d4fd1b849980c4331c2951\"},\"alternateName\":\"ND58\",\"potentialAction\":[{\"@type\":\"SearchAction\",\"target\":{\"@type\":\"EntryPoint\",\"urlTemplate\":\"https:\\\/\\\/digital58.com.ve\\\/site\\\/?s={search_term_string}\"},\"query-input\":{\"@type\":\"PropertyValueSpecification\",\"valueRequired\":true,\"valueName\":\"search_term_string\"}}],\"inLanguage\":\"es\"},{\"@type\":[\"Person\",\"Organization\"],\"@id\":\"https:\\\/\\\/digital58.com.ve\\\/site\\\/#\\\/schema\\\/person\\\/64d1c2e4d0d4fd1b849980c4331c2951\",\"name\":\"Villasmil Henry\",\"image\":{\"@type\":\"ImageObject\",\"inLanguage\":\"es\",\"@id\":\"https:\\\/\\\/secure.gravatar.com\\\/avatar\\\/bb0c4a2fcb7970138239f7e404ea75757b1b507b28b5ce4c53fbd62d797c5a7c?s=96&d=mm&r=g\",\"url\":\"https:\\\/\\\/secure.gravatar.com\\\/avatar\\\/bb0c4a2fcb7970138239f7e404ea75757b1b507b28b5ce4c53fbd62d797c5a7c?s=96&d=mm&r=g\",\"contentUrl\":\"https:\\\/\\\/secure.gravatar.com\\\/avatar\\\/bb0c4a2fcb7970138239f7e404ea75757b1b507b28b5ce4c53fbd62d797c5a7c?s=96&d=mm&r=g\",\"caption\":\"Villasmil Henry\"},\"logo\":{\"@id\":\"https:\\\/\\\/secure.gravatar.com\\\/avatar\\\/bb0c4a2fcb7970138239f7e404ea75757b1b507b28b5ce4c53fbd62d797c5a7c?s=96&d=mm&r=g\"},\"sameAs\":[\"http:\\\/\\\/www.henryvillasmil.com.ve\",\"https:\\\/\\\/www.instagram.com\\\/villasmilhfoto\\\/\",\"https:\\\/\\\/x.com\\\/https:\\\/\\\/twitter.com\\\/villasmilhfoto\"]},{\"@type\":\"Person\",\"@id\":\"https:\\\/\\\/digital58.com.ve\\\/site\\\/#\\\/schema\\\/person\\\/730f125d3b753ef33fc78d403e3544bd\",\"name\":\"Cana\u00e1n Nayib\",\"image\":{\"@type\":\"ImageObject\",\"inLanguage\":\"es\",\"@id\":\"https:\\\/\\\/secure.gravatar.com\\\/avatar\\\/ed8ccf663f2ad260520149da7d559dfa679a1540b599a98f841e423f68e4d7cc?s=96&d=mm&r=g\",\"url\":\"https:\\\/\\\/secure.gravatar.com\\\/avatar\\\/ed8ccf663f2ad260520149da7d559dfa679a1540b599a98f841e423f68e4d7cc?s=96&d=mm&r=g\",\"contentUrl\":\"https:\\\/\\\/secure.gravatar.com\\\/avatar\\\/ed8ccf663f2ad260520149da7d559dfa679a1540b599a98f841e423f68e4d7cc?s=96&d=mm&r=g\",\"caption\":\"Cana\u00e1n Nayib\"},\"url\":\"https:\\\/\\\/digital58.com.ve\\\/site\\\/author\\\/ncanaan\\\/\"}]}<\/script>\n<!-- \/ Yoast SEO plugin. -->","yoast_head_json":{"title":"Daniel Elbittar se recupera de accidente en telenovela","description":"Fama","robots":{"index":"index","follow":"follow","max-snippet":"max-snippet:-1","max-image-preview":"max-image-preview:large","max-video-preview":"max-video-preview:-1"},"canonical":"https:\/\/digital58.com.ve\/site\/2022\/05\/30\/daniel-elbittar-se-recupera-de-accidente-en-telenovela\/","og_locale":"es_ES","og_type":"article","og_title":"Daniel Elbittar se recupera de accidente en telenovela","og_description":"Fama","og_url":"https:\/\/digital58.com.ve\/site\/2022\/05\/30\/daniel-elbittar-se-recupera-de-accidente-en-telenovela\/","og_site_name":"Noticias Digital58","article_published_time":"2022-05-30T04:29:47+00:00","og_image":[{"width":1364,"height":2048,"url":"https:\/\/digital58.com.ve\/site\/wp-content\/uploads\/2022\/05\/dani-de2.jpg","type":"image\/jpeg"}],"author":"Cana\u00e1n Nayib","twitter_card":"summary_large_image","twitter_creator":"@Digital_58","twitter_site":"@villasmilhfoto","twitter_misc":{"Escrito por":"Cana\u00e1n Nayib","Tiempo estimado de lectura":"5 minutos"},"schema":{"@context":"https:\/\/schema.org","@graph":[{"@type":"Article","@id":"https:\/\/digital58.com.ve\/site\/2022\/05\/30\/daniel-elbittar-se-recupera-de-accidente-en-telenovela\/#article","isPartOf":{"@id":"https:\/\/digital58.com.ve\/site\/2022\/05\/30\/daniel-elbittar-se-recupera-de-accidente-en-telenovela\/"},"author":{"name":"Cana\u00e1n Nayib","@id":"https:\/\/digital58.com.ve\/site\/#\/schema\/person\/730f125d3b753ef33fc78d403e3544bd"},"headline":"Daniel Elbittar se recupera de accidente en telenovela","datePublished":"2022-05-30T04:29:47+00:00","mainEntityOfPage":{"@id":"https:\/\/digital58.com.ve\/site\/2022\/05\/30\/daniel-elbittar-se-recupera-de-accidente-en-telenovela\/"},"wordCount":906,"commentCount":0,"publisher":{"@id":"https:\/\/digital58.com.ve\/site\/#\/schema\/person\/64d1c2e4d0d4fd1b849980c4331c2951"},"image":{"@id":"https:\/\/digital58.com.ve\/site\/2022\/05\/30\/daniel-elbittar-se-recupera-de-accidente-en-telenovela\/#primaryimage"},"thumbnailUrl":"https:\/\/digital58.com.ve\/site\/wp-content\/uploads\/2022\/05\/dani-de2.jpg","keywords":["Actor","danielelbittar","M\u00e9xico"],"articleSection":["Fama"],"inLanguage":"es","potentialAction":[{"@type":"CommentAction","name":"Comment","target":["https:\/\/digital58.com.ve\/site\/2022\/05\/30\/daniel-elbittar-se-recupera-de-accidente-en-telenovela\/#respond"]}]},{"@type":"WebPage","@id":"https:\/\/digital58.com.ve\/site\/2022\/05\/30\/daniel-elbittar-se-recupera-de-accidente-en-telenovela\/","url":"https:\/\/digital58.com.ve\/site\/2022\/05\/30\/daniel-elbittar-se-recupera-de-accidente-en-telenovela\/","name":"Daniel Elbittar se recupera de accidente en telenovela","isPartOf":{"@id":"https:\/\/digital58.com.ve\/site\/#website"},"primaryImageOfPage":{"@id":"https:\/\/digital58.com.ve\/site\/2022\/05\/30\/daniel-elbittar-se-recupera-de-accidente-en-telenovela\/#primaryimage"},"image":{"@id":"https:\/\/digital58.com.ve\/site\/2022\/05\/30\/daniel-elbittar-se-recupera-de-accidente-en-telenovela\/#primaryimage"},"thumbnailUrl":"https:\/\/digital58.com.ve\/site\/wp-content\/uploads\/2022\/05\/dani-de2.jpg","datePublished":"2022-05-30T04:29:47+00:00","description":"Fama","breadcrumb":{"@id":"https:\/\/digital58.com.ve\/site\/2022\/05\/30\/daniel-elbittar-se-recupera-de-accidente-en-telenovela\/#breadcrumb"},"inLanguage":"es","potentialAction":[{"@type":"ReadAction","target":["https:\/\/digital58.com.ve\/site\/2022\/05\/30\/daniel-elbittar-se-recupera-de-accidente-en-telenovela\/"]}]},{"@type":"ImageObject","inLanguage":"es","@id":"https:\/\/digital58.com.ve\/site\/2022\/05\/30\/daniel-elbittar-se-recupera-de-accidente-en-telenovela\/#primaryimage","url":"https:\/\/digital58.com.ve\/site\/wp-content\/uploads\/2022\/05\/dani-de2.jpg","contentUrl":"https:\/\/digital58.com.ve\/site\/wp-content\/uploads\/2022\/05\/dani-de2.jpg","width":400,"height":600},{"@type":"BreadcrumbList","@id":"https:\/\/digital58.com.ve\/site\/2022\/05\/30\/daniel-elbittar-se-recupera-de-accidente-en-telenovela\/#breadcrumb","itemListElement":[{"@type":"ListItem","position":1,"name":"Home","item":"https:\/\/digital58.com.ve\/site\/"},{"@type":"ListItem","position":2,"name":"Daniel Elbittar se recupera de accidente en telenovela"}]},{"@type":"WebSite","@id":"https:\/\/digital58.com.ve\/site\/#website","url":"https:\/\/digital58.com.ve\/site\/","name":"Noticias Digital58","description":"Portal de Noticias \u00a1Periodismo web de verdad! Lanzamiento web 22.11.2005 \/ Maracaibo, Venezuela","publisher":{"@id":"https:\/\/digital58.com.ve\/site\/#\/schema\/person\/64d1c2e4d0d4fd1b849980c4331c2951"},"alternateName":"ND58","potentialAction":[{"@type":"SearchAction","target":{"@type":"EntryPoint","urlTemplate":"https:\/\/digital58.com.ve\/site\/?s={search_term_string}"},"query-input":{"@type":"PropertyValueSpecification","valueRequired":true,"valueName":"search_term_string"}}],"inLanguage":"es"},{"@type":["Person","Organization"],"@id":"https:\/\/digital58.com.ve\/site\/#\/schema\/person\/64d1c2e4d0d4fd1b849980c4331c2951","name":"Villasmil Henry","image":{"@type":"ImageObject","inLanguage":"es","@id":"https:\/\/secure.gravatar.com\/avatar\/bb0c4a2fcb7970138239f7e404ea75757b1b507b28b5ce4c53fbd62d797c5a7c?s=96&d=mm&r=g","url":"https:\/\/secure.gravatar.com\/avatar\/bb0c4a2fcb7970138239f7e404ea75757b1b507b28b5ce4c53fbd62d797c5a7c?s=96&d=mm&r=g","contentUrl":"https:\/\/secure.gravatar.com\/avatar\/bb0c4a2fcb7970138239f7e404ea75757b1b507b28b5ce4c53fbd62d797c5a7c?s=96&d=mm&r=g","caption":"Villasmil Henry"},"logo":{"@id":"https:\/\/secure.gravatar.com\/avatar\/bb0c4a2fcb7970138239f7e404ea75757b1b507b28b5ce4c53fbd62d797c5a7c?s=96&d=mm&r=g"},"sameAs":["http:\/\/www.henryvillasmil.com.ve","https:\/\/www.instagram.com\/villasmilhfoto\/","https:\/\/x.com\/https:\/\/twitter.com\/villasmilhfoto"]},{"@type":"Person","@id":"https:\/\/digital58.com.ve\/site\/#\/schema\/person\/730f125d3b753ef33fc78d403e3544bd","name":"Cana\u00e1n Nayib","image":{"@type":"ImageObject","inLanguage":"es","@id":"https:\/\/secure.gravatar.com\/avatar\/ed8ccf663f2ad260520149da7d559dfa679a1540b599a98f841e423f68e4d7cc?s=96&d=mm&r=g","url":"https:\/\/secure.gravatar.com\/avatar\/ed8ccf663f2ad260520149da7d559dfa679a1540b599a98f841e423f68e4d7cc?s=96&d=mm&r=g","contentUrl":"https:\/\/secure.gravatar.com\/avatar\/ed8ccf663f2ad260520149da7d559dfa679a1540b599a98f841e423f68e4d7cc?s=96&d=mm&r=g","caption":"Cana\u00e1n Nayib"},"url":"https:\/\/digital58.com.ve\/site\/author\/ncanaan\/"}]}},"uagb_featured_image_src":{"full":["https:\/\/digital58.com.ve\/site\/wp-content\/uploads\/2022\/05\/dani-de2.jpg",400,600,false],"thumbnail":["https:\/\/digital58.com.ve\/site\/wp-content\/uploads\/2022\/05\/dani-de2-150x150.jpg",150,150,true],"medium":["https:\/\/digital58.com.ve\/site\/wp-content\/uploads\/2022\/05\/dani-de2-200x300.jpg",200,300,true],"medium_large":["https:\/\/digital58.com.ve\/site\/wp-content\/uploads\/2022\/05\/dani-de2-768x1153.jpg",768,1153,true],"large":["https:\/\/digital58.com.ve\/site\/wp-content\/uploads\/2022\/05\/dani-de2-666x1000.jpg",666,1000,true],"1536x1536":["https:\/\/digital58.com.ve\/site\/wp-content\/uploads\/2022\/05\/dani-de2-1023x1536.jpg",1023,1536,true],"2048x2048":["https:\/\/digital58.com.ve\/site\/wp-content\/uploads\/2022\/05\/dani-de2.jpg",400,600,false],"colormag-highlighted-post":["https:\/\/digital58.com.ve\/site\/wp-content\/uploads\/2022\/05\/dani-de2.jpg",181,272,false],"colormag-featured-post-medium":["https:\/\/digital58.com.ve\/site\/wp-content\/uploads\/2022\/05\/dani-de2.jpg",137,205,false],"colormag-featured-post-small":["https:\/\/digital58.com.ve\/site\/wp-content\/uploads\/2022\/05\/dani-de2.jpg",60,90,false],"colormag-featured-image":["https:\/\/digital58.com.ve\/site\/wp-content\/uploads\/2022\/05\/dani-de2.jpg",297,445,false],"colormag-default-news":["https:\/\/digital58.com.ve\/site\/wp-content\/uploads\/2022\/05\/dani-de2.jpg",100,150,false],"colormag-featured-image-large":["https:\/\/digital58.com.ve\/site\/wp-content\/uploads\/2022\/05\/dani-de2.jpg",400,600,false]},"uagb_author_info":{"display_name":"Cana\u00e1n Nayib","author_link":"https:\/\/digital58.com.ve\/site\/author\/ncanaan\/"},"uagb_comment_info":0,"uagb_excerpt":"El actor venezolano se encontraba grabando la telenovela La herencia cuando se lesion\u00f3 una rodilla y tuvo que ser intervenido","_links":{"self":[{"href":"https:\/\/digital58.com.ve\/site\/wp-json\/wp\/v2\/posts\/152806","targetHints":{"allow":["GET"]}}],"collection":[{"href":"https:\/\/digital58.com.ve\/site\/wp-json\/wp\/v2\/posts"}],"about":[{"href":"https:\/\/digital58.com.ve\/site\/wp-json\/wp\/v2\/types\/post"}],"author":[{"embeddable":true,"href":"https:\/\/digital58.com.ve\/site\/wp-json\/wp\/v2\/users\/20"}],"replies":[{"embeddable":true,"href":"https:\/\/digital58.com.ve\/site\/wp-json\/wp\/v2\/comments?post=152806"}],"version-history":[{"count":0,"href":"https:\/\/digital58.com.ve\/site\/wp-json\/wp\/v2\/posts\/152806\/revisions"}],"wp:featuredmedia":[{"embeddable":true,"href":"https:\/\/digital58.com.ve\/site\/wp-json\/wp\/v2\/media\/152810"}],"wp:attachment":[{"href":"https:\/\/digital58.com.ve\/site\/wp-json\/wp\/v2\/media?parent=152806"}],"wp:term":[{"taxonomy":"category","embeddable":true,"href":"https:\/\/digital58.com.ve\/site\/wp-json\/wp\/v2\/categories?post=152806"},{"taxonomy":"post_tag","embeddable":true,"href":"https:\/\/digital58.com.ve\/site\/wp-json\/wp\/v2\/tags?post=152806"}],"curies":[{"name":"wp","href":"https:\/\/api.w.org\/{rel}","templated":true}]}}