{"id":153168,"date":"2022-06-07T18:37:03","date_gmt":"2022-06-07T22:37:03","guid":{"rendered":"https:\/\/digital58.com.ve\/site\/?p=153168"},"modified":"2022-06-07T18:37:03","modified_gmt":"2022-06-07T22:37:03","slug":"nicolas-maduro-llega-a-turquia-para-comenzar-una-gira-euroasiatica","status":"publish","type":"post","link":"https:\/\/digital58.com.ve\/site\/2022\/06\/07\/nicolas-maduro-llega-a-turquia-para-comenzar-una-gira-euroasiatica\/","title":{"rendered":"Nicol\u00e1s Maduro llega a Turqu\u00eda para comenzar una gira euroasi\u00e1tica"},"content":{"rendered":"<p><a href=\"https:\/\/digital58.com.ve\/site\/wp-content\/uploads\/2022\/06\/maduro-turquia-07-06-22.jpg\"><img loading=\"lazy\" decoding=\"async\" class=\"aligncenter size-full wp-image-153169\" src=\"https:\/\/digital58.com.ve\/site\/wp-content\/uploads\/2022\/06\/maduro-turquia-07-06-22.jpg\" alt=\"\" width=\"900\" height=\"600\" srcset=\"https:\/\/digital58.com.ve\/site\/wp-content\/uploads\/2022\/06\/maduro-turquia-07-06-22.jpg 900w, https:\/\/digital58.com.ve\/site\/wp-content\/uploads\/2022\/06\/maduro-turquia-07-06-22-300x200.jpg 300w, https:\/\/digital58.com.ve\/site\/wp-content\/uploads\/2022\/06\/maduro-turquia-07-06-22-768x512.jpg 768w, https:\/\/digital58.com.ve\/site\/wp-content\/uploads\/2022\/06\/maduro-turquia-07-06-22-720x480.jpg 720w, https:\/\/digital58.com.ve\/site\/wp-content\/uploads\/2022\/06\/maduro-turquia-07-06-22-480x320.jpg 480w\" sizes=\"auto, (max-width: 900px) 100vw, 900px\" \/><\/a><\/p>\n<p>El mandatario nacional \u2014inform\u00f3 el canal de televisi\u00f3n estatal VTV\u2014 lleg\u00f3 a Ankara acompa\u00f1ado de su esposa, Cilia Flores, y fue recibido por funcionarios del Gobierno turco del conservador Recep Tayyip Erdogan.<\/p>\n<p><strong>Maracaibo, Zulia, Venezuela, 07 de junio de 2022 (ND58).-<\/strong> El presidente de Venezuela, Nicol\u00e1s Maduro, arrib\u00f3 este martes a la ciudad de Ankara, en Turqu\u00eda, para comenzar una gira euroasi\u00e1tica, seg\u00fan im\u00e1genes transmitidas por el canal estatal VTV.<\/p>\n<p>A trav\u00e9s de la red social Twitter, el equipo de prensa presidencial venezolano tambi\u00e9n public\u00f3 el video de la llegada de Maduro a Turqu\u00eda y asegur\u00f3 que el motivo de la visita es \u00abfortalecer lazos de hermandad, cooperaci\u00f3n y uni\u00f3n de nuestros pueblos\u00bb.<\/p>\n<p>Horas antes, la Presidencia de Turqu\u00eda inform\u00f3 de la visita oficial que har\u00eda Maduro, entre hoy y ma\u00f1ana, \u00abpor invitaci\u00f3n\u00bb de Erdogan.<\/p>\n<p>M\u00e1s temprano, el propio Maduro hab\u00eda adelantado en Twitter: \u00abLos invito a estar atentos a la agenda de actividades internacionales que tendremos en las pr\u00f3ximas horas. Ser\u00e1 de inter\u00e9s e importancia geopol\u00edtica\u00bb.<\/p>\n<p>Maduro visit\u00f3 Turqu\u00eda en julio de 2018 y en diciembre del mismo a\u00f1o Erdogan viaj\u00f3 a Caracas.<\/p>\n<p>Turqu\u00eda y Venezuela mantienen buenas relaciones y el Gobierno de Erdogan ha defendido de forma rotunda la legitimidad de Maduro al frente del Ejecutivo venezolano en contra de la pretensi\u00f3n del opositor Juan Guaid\u00f3.<\/p><div class=\"mlwic69eebe8ce63bb\" ><p style=\"text-align: center;\"><a href=\"https:\/\/t.me\/noticiasdigital58\" target=\"_blank\" rel=\"noopener\"><img class=\"aligncenter size-full wp-image-125363\" src=\"https:\/\/digital58.com.ve\/site\/wp-content\/uploads\/2021\/04\/banner-telegram-web-2021.png\" alt=\"\" width=\"600\" height=\"90\" \/><\/a><\/p><\/div><style type=\"text\/css\">\r\n@media screen and (min-width: 1201px) {\r\n.mlwic69eebe8ce63bb {\r\ndisplay: block;\r\n}\r\n}\r\n@media screen and (min-width: 993px) and (max-width: 1200px) {\r\n.mlwic69eebe8ce63bb {\r\ndisplay: block;\r\n}\r\n}\r\n@media screen and (min-width: 769px) and (max-width: 992px) {\r\n.mlwic69eebe8ce63bb {\r\ndisplay: block;\r\n}\r\n}\r\n@media screen and (min-width: 768px) and (max-width: 768px) {\r\n.mlwic69eebe8ce63bb {\r\ndisplay: block;\r\n}\r\n}\r\n@media screen and (max-width: 767px) {\r\n.mlwic69eebe8ce63bb {\r\ndisplay: block;\r\n}\r\n}\r\n<\/style>\r\n\n<p><strong>Redacci\u00f3n ND58 | Fuente: EFE<\/strong><br \/>\n<strong>Edici\u00f3n: Villasmil, Henry<\/strong><br \/>\n<strong>Gr\u00e1fica: EFE<\/strong><\/p>\n<div style=\"margin-top: 0px; margin-bottom: 0px;\" class=\"sharethis-inline-share-buttons\" ><\/div>","protected":false},"excerpt":{"rendered":"<p>El mandatario nacional \u2014inform\u00f3 el canal de televisi\u00f3n estatal VTV\u2014 lleg\u00f3 a Ankara acompa\u00f1ado de su esposa, Cilia Flores, y<\/p>\n","protected":false},"author":1,"featured_media":153169,"comment_status":"open","ping_status":"closed","sticky":false,"template":"","format":"standard","meta":{"colormag_page_container_layout":"default_layout","colormag_page_sidebar_layout":"default_layout","_uag_custom_page_level_css":"","footnotes":""},"categories":[16454],"tags":[28511,2732,28512,14182,8607,176,32,28513],"class_list":["post-153168","post","type-post","status-publish","format-standard","has-post-thumbnail","hentry","category-venezuela","tag-ankara","tag-cilia-flores","tag-euroasiatica","tag-nicolas-maduro-moros","tag-presidente-de-venezuela","tag-turquia","tag-venezuela","tag-viajes-presidenciales"],"yoast_head":"<!-- This site is optimized with the Yoast SEO plugin v27.4 - https:\/\/yoast.com\/product\/yoast-seo-wordpress\/ -->\n<title>Nicol\u00e1s Maduro llega a Turqu\u00eda para comenzar una gira euroasi\u00e1tica<\/title>\n<meta name=\"description\" content=\"Venezuela\" \/>\n<meta name=\"robots\" content=\"index, follow, max-snippet:-1, max-image-preview:large, max-video-preview:-1\" \/>\n<link rel=\"canonical\" href=\"https:\/\/digital58.com.ve\/site\/2022\/06\/07\/nicolas-maduro-llega-a-turquia-para-comenzar-una-gira-euroasiatica\/\" \/>\n<meta property=\"og:locale\" content=\"es_ES\" \/>\n<meta property=\"og:type\" content=\"article\" \/>\n<meta property=\"og:title\" content=\"Nicol\u00e1s Maduro llega a Turqu\u00eda para comenzar una gira euroasi\u00e1tica\" \/>\n<meta property=\"og:description\" content=\"Venezuela\" \/>\n<meta property=\"og:url\" content=\"https:\/\/digital58.com.ve\/site\/2022\/06\/07\/nicolas-maduro-llega-a-turquia-para-comenzar-una-gira-euroasiatica\/\" \/>\n<meta property=\"og:site_name\" content=\"Noticias Digital58\" \/>\n<meta property=\"article:published_time\" content=\"2022-06-07T22:37:03+00:00\" \/>\n<meta property=\"og:image\" content=\"https:\/\/digital58.com.ve\/site\/wp-content\/uploads\/2022\/06\/maduro-turquia-07-06-22.jpg\" \/>\n\t<meta property=\"og:image:width\" content=\"900\" \/>\n\t<meta property=\"og:image:height\" content=\"600\" \/>\n\t<meta property=\"og:image:type\" content=\"image\/jpeg\" \/>\n<meta name=\"author\" content=\"Villasmil Henry\" \/>\n<meta name=\"twitter:card\" content=\"summary_large_image\" \/>\n<meta name=\"twitter:creator\" content=\"@https:\/\/twitter.com\/villasmilhfoto\" \/>\n<meta name=\"twitter:site\" content=\"@villasmilhfoto\" \/>\n<meta name=\"twitter:label1\" content=\"Escrito por\" \/>\n\t<meta name=\"twitter:data1\" content=\"Villasmil Henry\" \/>\n\t<meta name=\"twitter:label2\" content=\"Tiempo estimado de lectura\" \/>\n\t<meta name=\"twitter:data2\" content=\"2 minutos\" \/>\n<script type=\"application\/ld+json\" class=\"yoast-schema-graph\">{\"@context\":\"https:\\\/\\\/schema.org\",\"@graph\":[{\"@type\":\"Article\",\"@id\":\"https:\\\/\\\/digital58.com.ve\\\/site\\\/2022\\\/06\\\/07\\\/nicolas-maduro-llega-a-turquia-para-comenzar-una-gira-euroasiatica\\\/#article\",\"isPartOf\":{\"@id\":\"https:\\\/\\\/digital58.com.ve\\\/site\\\/2022\\\/06\\\/07\\\/nicolas-maduro-llega-a-turquia-para-comenzar-una-gira-euroasiatica\\\/\"},\"author\":{\"name\":\"Villasmil Henry\",\"@id\":\"https:\\\/\\\/digital58.com.ve\\\/site\\\/#\\\/schema\\\/person\\\/64d1c2e4d0d4fd1b849980c4331c2951\"},\"headline\":\"Nicol\u00e1s Maduro llega a Turqu\u00eda para comenzar una gira euroasi\u00e1tica\",\"datePublished\":\"2022-06-07T22:37:03+00:00\",\"mainEntityOfPage\":{\"@id\":\"https:\\\/\\\/digital58.com.ve\\\/site\\\/2022\\\/06\\\/07\\\/nicolas-maduro-llega-a-turquia-para-comenzar-una-gira-euroasiatica\\\/\"},\"wordCount\":266,\"commentCount\":1,\"publisher\":{\"@id\":\"https:\\\/\\\/digital58.com.ve\\\/site\\\/#\\\/schema\\\/person\\\/64d1c2e4d0d4fd1b849980c4331c2951\"},\"image\":{\"@id\":\"https:\\\/\\\/digital58.com.ve\\\/site\\\/2022\\\/06\\\/07\\\/nicolas-maduro-llega-a-turquia-para-comenzar-una-gira-euroasiatica\\\/#primaryimage\"},\"thumbnailUrl\":\"https:\\\/\\\/digital58.com.ve\\\/site\\\/wp-content\\\/uploads\\\/2022\\\/06\\\/maduro-turquia-07-06-22.jpg\",\"keywords\":[\"Ankara\",\"Cilia Flores\",\"Euroasi\u00e1tica\",\"Nicol\u00e1s Maduro Moros\",\"Presidente de Venezuela\",\"Turqu\u00eda\",\"Venezuela\",\"Viajes presidenciales\"],\"articleSection\":[\"Venezuela\"],\"inLanguage\":\"es\",\"potentialAction\":[{\"@type\":\"CommentAction\",\"name\":\"Comment\",\"target\":[\"https:\\\/\\\/digital58.com.ve\\\/site\\\/2022\\\/06\\\/07\\\/nicolas-maduro-llega-a-turquia-para-comenzar-una-gira-euroasiatica\\\/#respond\"]}]},{\"@type\":\"WebPage\",\"@id\":\"https:\\\/\\\/digital58.com.ve\\\/site\\\/2022\\\/06\\\/07\\\/nicolas-maduro-llega-a-turquia-para-comenzar-una-gira-euroasiatica\\\/\",\"url\":\"https:\\\/\\\/digital58.com.ve\\\/site\\\/2022\\\/06\\\/07\\\/nicolas-maduro-llega-a-turquia-para-comenzar-una-gira-euroasiatica\\\/\",\"name\":\"Nicol\u00e1s Maduro llega a Turqu\u00eda para comenzar una gira euroasi\u00e1tica\",\"isPartOf\":{\"@id\":\"https:\\\/\\\/digital58.com.ve\\\/site\\\/#website\"},\"primaryImageOfPage\":{\"@id\":\"https:\\\/\\\/digital58.com.ve\\\/site\\\/2022\\\/06\\\/07\\\/nicolas-maduro-llega-a-turquia-para-comenzar-una-gira-euroasiatica\\\/#primaryimage\"},\"image\":{\"@id\":\"https:\\\/\\\/digital58.com.ve\\\/site\\\/2022\\\/06\\\/07\\\/nicolas-maduro-llega-a-turquia-para-comenzar-una-gira-euroasiatica\\\/#primaryimage\"},\"thumbnailUrl\":\"https:\\\/\\\/digital58.com.ve\\\/site\\\/wp-content\\\/uploads\\\/2022\\\/06\\\/maduro-turquia-07-06-22.jpg\",\"datePublished\":\"2022-06-07T22:37:03+00:00\",\"description\":\"Venezuela\",\"breadcrumb\":{\"@id\":\"https:\\\/\\\/digital58.com.ve\\\/site\\\/2022\\\/06\\\/07\\\/nicolas-maduro-llega-a-turquia-para-comenzar-una-gira-euroasiatica\\\/#breadcrumb\"},\"inLanguage\":\"es\",\"potentialAction\":[{\"@type\":\"ReadAction\",\"target\":[\"https:\\\/\\\/digital58.com.ve\\\/site\\\/2022\\\/06\\\/07\\\/nicolas-maduro-llega-a-turquia-para-comenzar-una-gira-euroasiatica\\\/\"]}]},{\"@type\":\"ImageObject\",\"inLanguage\":\"es\",\"@id\":\"https:\\\/\\\/digital58.com.ve\\\/site\\\/2022\\\/06\\\/07\\\/nicolas-maduro-llega-a-turquia-para-comenzar-una-gira-euroasiatica\\\/#primaryimage\",\"url\":\"https:\\\/\\\/digital58.com.ve\\\/site\\\/wp-content\\\/uploads\\\/2022\\\/06\\\/maduro-turquia-07-06-22.jpg\",\"contentUrl\":\"https:\\\/\\\/digital58.com.ve\\\/site\\\/wp-content\\\/uploads\\\/2022\\\/06\\\/maduro-turquia-07-06-22.jpg\",\"width\":900,\"height\":600},{\"@type\":\"BreadcrumbList\",\"@id\":\"https:\\\/\\\/digital58.com.ve\\\/site\\\/2022\\\/06\\\/07\\\/nicolas-maduro-llega-a-turquia-para-comenzar-una-gira-euroasiatica\\\/#breadcrumb\",\"itemListElement\":[{\"@type\":\"ListItem\",\"position\":1,\"name\":\"Home\",\"item\":\"https:\\\/\\\/digital58.com.ve\\\/site\\\/\"},{\"@type\":\"ListItem\",\"position\":2,\"name\":\"Nicol\u00e1s Maduro llega a Turqu\u00eda para comenzar una gira euroasi\u00e1tica\"}]},{\"@type\":\"WebSite\",\"@id\":\"https:\\\/\\\/digital58.com.ve\\\/site\\\/#website\",\"url\":\"https:\\\/\\\/digital58.com.ve\\\/site\\\/\",\"name\":\"Noticias Digital58\",\"description\":\"Portal de Noticias \u00a1Periodismo web de verdad! Lanzamiento web 22.11.2005 \\\/ Maracaibo, Venezuela\",\"publisher\":{\"@id\":\"https:\\\/\\\/digital58.com.ve\\\/site\\\/#\\\/schema\\\/person\\\/64d1c2e4d0d4fd1b849980c4331c2951\"},\"alternateName\":\"ND58\",\"potentialAction\":[{\"@type\":\"SearchAction\",\"target\":{\"@type\":\"EntryPoint\",\"urlTemplate\":\"https:\\\/\\\/digital58.com.ve\\\/site\\\/?s={search_term_string}\"},\"query-input\":{\"@type\":\"PropertyValueSpecification\",\"valueRequired\":true,\"valueName\":\"search_term_string\"}}],\"inLanguage\":\"es\"},{\"@type\":[\"Person\",\"Organization\"],\"@id\":\"https:\\\/\\\/digital58.com.ve\\\/site\\\/#\\\/schema\\\/person\\\/64d1c2e4d0d4fd1b849980c4331c2951\",\"name\":\"Villasmil Henry\",\"image\":{\"@type\":\"ImageObject\",\"inLanguage\":\"es\",\"@id\":\"https:\\\/\\\/secure.gravatar.com\\\/avatar\\\/bb0c4a2fcb7970138239f7e404ea75757b1b507b28b5ce4c53fbd62d797c5a7c?s=96&d=mm&r=g\",\"url\":\"https:\\\/\\\/secure.gravatar.com\\\/avatar\\\/bb0c4a2fcb7970138239f7e404ea75757b1b507b28b5ce4c53fbd62d797c5a7c?s=96&d=mm&r=g\",\"contentUrl\":\"https:\\\/\\\/secure.gravatar.com\\\/avatar\\\/bb0c4a2fcb7970138239f7e404ea75757b1b507b28b5ce4c53fbd62d797c5a7c?s=96&d=mm&r=g\",\"caption\":\"Villasmil Henry\"},\"logo\":{\"@id\":\"https:\\\/\\\/secure.gravatar.com\\\/avatar\\\/bb0c4a2fcb7970138239f7e404ea75757b1b507b28b5ce4c53fbd62d797c5a7c?s=96&d=mm&r=g\"},\"sameAs\":[\"http:\\\/\\\/www.henryvillasmil.com.ve\",\"https:\\\/\\\/www.instagram.com\\\/villasmilhfoto\\\/\",\"https:\\\/\\\/x.com\\\/https:\\\/\\\/twitter.com\\\/villasmilhfoto\"],\"url\":\"https:\\\/\\\/digital58.com.ve\\\/site\\\/author\\\/droopy_68\\\/\"}]}<\/script>\n<!-- \/ Yoast SEO plugin. -->","yoast_head_json":{"title":"Nicol\u00e1s Maduro llega a Turqu\u00eda para comenzar una gira euroasi\u00e1tica","description":"Venezuela","robots":{"index":"index","follow":"follow","max-snippet":"max-snippet:-1","max-image-preview":"max-image-preview:large","max-video-preview":"max-video-preview:-1"},"canonical":"https:\/\/digital58.com.ve\/site\/2022\/06\/07\/nicolas-maduro-llega-a-turquia-para-comenzar-una-gira-euroasiatica\/","og_locale":"es_ES","og_type":"article","og_title":"Nicol\u00e1s Maduro llega a Turqu\u00eda para comenzar una gira euroasi\u00e1tica","og_description":"Venezuela","og_url":"https:\/\/digital58.com.ve\/site\/2022\/06\/07\/nicolas-maduro-llega-a-turquia-para-comenzar-una-gira-euroasiatica\/","og_site_name":"Noticias Digital58","article_published_time":"2022-06-07T22:37:03+00:00","og_image":[{"width":900,"height":600,"url":"https:\/\/digital58.com.ve\/site\/wp-content\/uploads\/2022\/06\/maduro-turquia-07-06-22.jpg","type":"image\/jpeg"}],"author":"Villasmil Henry","twitter_card":"summary_large_image","twitter_creator":"@https:\/\/twitter.com\/villasmilhfoto","twitter_site":"@villasmilhfoto","twitter_misc":{"Escrito por":"Villasmil Henry","Tiempo estimado de lectura":"2 minutos"},"schema":{"@context":"https:\/\/schema.org","@graph":[{"@type":"Article","@id":"https:\/\/digital58.com.ve\/site\/2022\/06\/07\/nicolas-maduro-llega-a-turquia-para-comenzar-una-gira-euroasiatica\/#article","isPartOf":{"@id":"https:\/\/digital58.com.ve\/site\/2022\/06\/07\/nicolas-maduro-llega-a-turquia-para-comenzar-una-gira-euroasiatica\/"},"author":{"name":"Villasmil Henry","@id":"https:\/\/digital58.com.ve\/site\/#\/schema\/person\/64d1c2e4d0d4fd1b849980c4331c2951"},"headline":"Nicol\u00e1s Maduro llega a Turqu\u00eda para comenzar una gira euroasi\u00e1tica","datePublished":"2022-06-07T22:37:03+00:00","mainEntityOfPage":{"@id":"https:\/\/digital58.com.ve\/site\/2022\/06\/07\/nicolas-maduro-llega-a-turquia-para-comenzar-una-gira-euroasiatica\/"},"wordCount":266,"commentCount":1,"publisher":{"@id":"https:\/\/digital58.com.ve\/site\/#\/schema\/person\/64d1c2e4d0d4fd1b849980c4331c2951"},"image":{"@id":"https:\/\/digital58.com.ve\/site\/2022\/06\/07\/nicolas-maduro-llega-a-turquia-para-comenzar-una-gira-euroasiatica\/#primaryimage"},"thumbnailUrl":"https:\/\/digital58.com.ve\/site\/wp-content\/uploads\/2022\/06\/maduro-turquia-07-06-22.jpg","keywords":["Ankara","Cilia Flores","Euroasi\u00e1tica","Nicol\u00e1s Maduro Moros","Presidente de Venezuela","Turqu\u00eda","Venezuela","Viajes presidenciales"],"articleSection":["Venezuela"],"inLanguage":"es","potentialAction":[{"@type":"CommentAction","name":"Comment","target":["https:\/\/digital58.com.ve\/site\/2022\/06\/07\/nicolas-maduro-llega-a-turquia-para-comenzar-una-gira-euroasiatica\/#respond"]}]},{"@type":"WebPage","@id":"https:\/\/digital58.com.ve\/site\/2022\/06\/07\/nicolas-maduro-llega-a-turquia-para-comenzar-una-gira-euroasiatica\/","url":"https:\/\/digital58.com.ve\/site\/2022\/06\/07\/nicolas-maduro-llega-a-turquia-para-comenzar-una-gira-euroasiatica\/","name":"Nicol\u00e1s Maduro llega a Turqu\u00eda para comenzar una gira euroasi\u00e1tica","isPartOf":{"@id":"https:\/\/digital58.com.ve\/site\/#website"},"primaryImageOfPage":{"@id":"https:\/\/digital58.com.ve\/site\/2022\/06\/07\/nicolas-maduro-llega-a-turquia-para-comenzar-una-gira-euroasiatica\/#primaryimage"},"image":{"@id":"https:\/\/digital58.com.ve\/site\/2022\/06\/07\/nicolas-maduro-llega-a-turquia-para-comenzar-una-gira-euroasiatica\/#primaryimage"},"thumbnailUrl":"https:\/\/digital58.com.ve\/site\/wp-content\/uploads\/2022\/06\/maduro-turquia-07-06-22.jpg","datePublished":"2022-06-07T22:37:03+00:00","description":"Venezuela","breadcrumb":{"@id":"https:\/\/digital58.com.ve\/site\/2022\/06\/07\/nicolas-maduro-llega-a-turquia-para-comenzar-una-gira-euroasiatica\/#breadcrumb"},"inLanguage":"es","potentialAction":[{"@type":"ReadAction","target":["https:\/\/digital58.com.ve\/site\/2022\/06\/07\/nicolas-maduro-llega-a-turquia-para-comenzar-una-gira-euroasiatica\/"]}]},{"@type":"ImageObject","inLanguage":"es","@id":"https:\/\/digital58.com.ve\/site\/2022\/06\/07\/nicolas-maduro-llega-a-turquia-para-comenzar-una-gira-euroasiatica\/#primaryimage","url":"https:\/\/digital58.com.ve\/site\/wp-content\/uploads\/2022\/06\/maduro-turquia-07-06-22.jpg","contentUrl":"https:\/\/digital58.com.ve\/site\/wp-content\/uploads\/2022\/06\/maduro-turquia-07-06-22.jpg","width":900,"height":600},{"@type":"BreadcrumbList","@id":"https:\/\/digital58.com.ve\/site\/2022\/06\/07\/nicolas-maduro-llega-a-turquia-para-comenzar-una-gira-euroasiatica\/#breadcrumb","itemListElement":[{"@type":"ListItem","position":1,"name":"Home","item":"https:\/\/digital58.com.ve\/site\/"},{"@type":"ListItem","position":2,"name":"Nicol\u00e1s Maduro llega a Turqu\u00eda para comenzar una gira euroasi\u00e1tica"}]},{"@type":"WebSite","@id":"https:\/\/digital58.com.ve\/site\/#website","url":"https:\/\/digital58.com.ve\/site\/","name":"Noticias Digital58","description":"Portal de Noticias \u00a1Periodismo web de verdad! Lanzamiento web 22.11.2005 \/ Maracaibo, Venezuela","publisher":{"@id":"https:\/\/digital58.com.ve\/site\/#\/schema\/person\/64d1c2e4d0d4fd1b849980c4331c2951"},"alternateName":"ND58","potentialAction":[{"@type":"SearchAction","target":{"@type":"EntryPoint","urlTemplate":"https:\/\/digital58.com.ve\/site\/?s={search_term_string}"},"query-input":{"@type":"PropertyValueSpecification","valueRequired":true,"valueName":"search_term_string"}}],"inLanguage":"es"},{"@type":["Person","Organization"],"@id":"https:\/\/digital58.com.ve\/site\/#\/schema\/person\/64d1c2e4d0d4fd1b849980c4331c2951","name":"Villasmil Henry","image":{"@type":"ImageObject","inLanguage":"es","@id":"https:\/\/secure.gravatar.com\/avatar\/bb0c4a2fcb7970138239f7e404ea75757b1b507b28b5ce4c53fbd62d797c5a7c?s=96&d=mm&r=g","url":"https:\/\/secure.gravatar.com\/avatar\/bb0c4a2fcb7970138239f7e404ea75757b1b507b28b5ce4c53fbd62d797c5a7c?s=96&d=mm&r=g","contentUrl":"https:\/\/secure.gravatar.com\/avatar\/bb0c4a2fcb7970138239f7e404ea75757b1b507b28b5ce4c53fbd62d797c5a7c?s=96&d=mm&r=g","caption":"Villasmil Henry"},"logo":{"@id":"https:\/\/secure.gravatar.com\/avatar\/bb0c4a2fcb7970138239f7e404ea75757b1b507b28b5ce4c53fbd62d797c5a7c?s=96&d=mm&r=g"},"sameAs":["http:\/\/www.henryvillasmil.com.ve","https:\/\/www.instagram.com\/villasmilhfoto\/","https:\/\/x.com\/https:\/\/twitter.com\/villasmilhfoto"],"url":"https:\/\/digital58.com.ve\/site\/author\/droopy_68\/"}]}},"uagb_featured_image_src":{"full":["https:\/\/digital58.com.ve\/site\/wp-content\/uploads\/2022\/06\/maduro-turquia-07-06-22.jpg",900,600,false],"thumbnail":["https:\/\/digital58.com.ve\/site\/wp-content\/uploads\/2022\/06\/maduro-turquia-07-06-22-150x150.jpg",150,150,true],"medium":["https:\/\/digital58.com.ve\/site\/wp-content\/uploads\/2022\/06\/maduro-turquia-07-06-22-300x200.jpg",300,200,true],"medium_large":["https:\/\/digital58.com.ve\/site\/wp-content\/uploads\/2022\/06\/maduro-turquia-07-06-22-768x512.jpg",768,512,true],"large":["https:\/\/digital58.com.ve\/site\/wp-content\/uploads\/2022\/06\/maduro-turquia-07-06-22.jpg",800,533,false],"1536x1536":["https:\/\/digital58.com.ve\/site\/wp-content\/uploads\/2022\/06\/maduro-turquia-07-06-22.jpg",900,600,false],"2048x2048":["https:\/\/digital58.com.ve\/site\/wp-content\/uploads\/2022\/06\/maduro-turquia-07-06-22.jpg",900,600,false],"colormag-highlighted-post":["https:\/\/digital58.com.ve\/site\/wp-content\/uploads\/2022\/06\/maduro-turquia-07-06-22.jpg",392,261,false],"colormag-featured-post-medium":["https:\/\/digital58.com.ve\/site\/wp-content\/uploads\/2022\/06\/maduro-turquia-07-06-22.jpg",308,205,false],"colormag-featured-post-small":["https:\/\/digital58.com.ve\/site\/wp-content\/uploads\/2022\/06\/maduro-turquia-07-06-22.jpg",130,87,false],"colormag-featured-image":["https:\/\/digital58.com.ve\/site\/wp-content\/uploads\/2022\/06\/maduro-turquia-07-06-22.jpg",668,445,false],"colormag-default-news":["https:\/\/digital58.com.ve\/site\/wp-content\/uploads\/2022\/06\/maduro-turquia-07-06-22.jpg",150,100,false],"colormag-featured-image-large":["https:\/\/digital58.com.ve\/site\/wp-content\/uploads\/2022\/06\/maduro-turquia-07-06-22.jpg",900,600,false]},"uagb_author_info":{"display_name":"Villasmil Henry","author_link":"https:\/\/digital58.com.ve\/site\/author\/droopy_68\/"},"uagb_comment_info":0,"uagb_excerpt":"El mandatario nacional \u2014inform\u00f3 el canal de televisi\u00f3n estatal VTV\u2014 lleg\u00f3 a Ankara acompa\u00f1ado de su esposa, Cilia Flores, y","_links":{"self":[{"href":"https:\/\/digital58.com.ve\/site\/wp-json\/wp\/v2\/posts\/153168","targetHints":{"allow":["GET"]}}],"collection":[{"href":"https:\/\/digital58.com.ve\/site\/wp-json\/wp\/v2\/posts"}],"about":[{"href":"https:\/\/digital58.com.ve\/site\/wp-json\/wp\/v2\/types\/post"}],"author":[{"embeddable":true,"href":"https:\/\/digital58.com.ve\/site\/wp-json\/wp\/v2\/users\/1"}],"replies":[{"embeddable":true,"href":"https:\/\/digital58.com.ve\/site\/wp-json\/wp\/v2\/comments?post=153168"}],"version-history":[{"count":0,"href":"https:\/\/digital58.com.ve\/site\/wp-json\/wp\/v2\/posts\/153168\/revisions"}],"wp:featuredmedia":[{"embeddable":true,"href":"https:\/\/digital58.com.ve\/site\/wp-json\/wp\/v2\/media\/153169"}],"wp:attachment":[{"href":"https:\/\/digital58.com.ve\/site\/wp-json\/wp\/v2\/media?parent=153168"}],"wp:term":[{"taxonomy":"category","embeddable":true,"href":"https:\/\/digital58.com.ve\/site\/wp-json\/wp\/v2\/categories?post=153168"},{"taxonomy":"post_tag","embeddable":true,"href":"https:\/\/digital58.com.ve\/site\/wp-json\/wp\/v2\/tags?post=153168"}],"curies":[{"name":"wp","href":"https:\/\/api.w.org\/{rel}","templated":true}]}}