{"id":153196,"date":"2022-06-08T07:47:56","date_gmt":"2022-06-08T11:47:56","guid":{"rendered":"https:\/\/digital58.com.ve\/site\/?p=153196"},"modified":"2022-06-08T07:47:56","modified_gmt":"2022-06-08T11:47:56","slug":"paraguay-ve-encaminada-pesquisa-por-autores-intelectuales-de-muerte-de-pecci","status":"publish","type":"post","link":"https:\/\/digital58.com.ve\/site\/2022\/06\/08\/paraguay-ve-encaminada-pesquisa-por-autores-intelectuales-de-muerte-de-pecci\/","title":{"rendered":"Paraguay ve encaminada pesquisa por autores intelectuales de muerte de Pecci"},"content":{"rendered":"<p><a href=\"https:\/\/digital58.com.ve\/site\/wp-content\/uploads\/2022\/06\/Marcelo-Pecci.jpg\"><img loading=\"lazy\" decoding=\"async\" class=\"aligncenter size-full wp-image-153197\" src=\"https:\/\/digital58.com.ve\/site\/wp-content\/uploads\/2022\/06\/Marcelo-Pecci.jpg\" alt=\"\" width=\"900\" height=\"550\" srcset=\"https:\/\/digital58.com.ve\/site\/wp-content\/uploads\/2022\/06\/Marcelo-Pecci.jpg 900w, https:\/\/digital58.com.ve\/site\/wp-content\/uploads\/2022\/06\/Marcelo-Pecci-300x183.jpg 300w, https:\/\/digital58.com.ve\/site\/wp-content\/uploads\/2022\/06\/Marcelo-Pecci-768x469.jpg 768w\" sizes=\"auto, (max-width: 900px) 100vw, 900px\" \/><\/a><\/p>\n<p>El ministro del Interior de Paraguay, Federico Gonz\u00e1lez, destac\u00f3 este martes que las investigaciones para dar con los autores intelectuales del asesinato del fiscal antimafia Marcelo Pecci avanzan \u00aben buena direcci\u00f3n\u00bb.<\/p>\n<p><strong>Internacionales, 08 de junio de 2022 (ND58).-<\/strong> \u00abCreo que nos estamos aproximando\u00bb, declar\u00f3 a periodistas Gonz\u00e1lez desde el espig\u00f3n presidencial del Aeropuerto Internacional Silvio Pettirossi, que sirve a Asunci\u00f3n.<\/p>\n<p>El funcionario, que asisti\u00f3 a la salida del presidente paraguayo, Mario Abdo Ben\u00edtez, con rumbo a Los \u00c1ngeles, donde participar\u00e1 de la Cumbre de las Am\u00e9ricas, destac\u00f3 la captura en Colombia de los cinco presuntos autores materiales de atentar contra Pecci.<\/p>\n<p>El fiscal paraguayo, uno de los m\u00e1s respetados de su pa\u00eds, fue baleado el pasado 10 de mayo en una isla de Colombia a la que viaj\u00f3 para su luna de miel junto a su esposa, la periodista Claudia Aguilera.<\/p>\n<p>Gonz\u00e1lez destac\u00f3 el trabajo coordinado de las Polic\u00edas y los Ministerios P\u00fablicos de ambos pa\u00edses en la investigaci\u00f3n.<\/p>\n<p>Consultado acerca de las pesquisas sobre los autores materiales del asesinato, indic\u00f3 que tienen \u00abvarias l\u00edneas de investigaci\u00f3n tanto en Colombia, en Paraguay y en otros pa\u00edses\u00bb.<\/p>\n<p>\u00abDentro de la reserva que tengo que mantener, estamos bastante encaminados, en buena direcci\u00f3n\u00bb, agreg\u00f3.<\/p>\n<p>Este martes, la Polic\u00eda colombiana asegur\u00f3 que tiene informaci\u00f3n que indica que los autores intelectuales del crimen de Pecci se encuentran \u00aben otro pa\u00eds\u00bb.<\/p>\n<p>En una rueda de prensa, el director de la Polic\u00eda Nacional de Colombia, el general Jorge Luis Vargas, indic\u00f3 que ya trabajan en Paraguay para recolectar m\u00e1s informaci\u00f3n para \u00abpoder llegar a los determinadores en cualquier parte del mundo\u00bb.<\/p>\n<p>Un d\u00eda antes, tuvo lugar la audiencia de imputaci\u00f3n de cargos contra cinco detenidos el pasado viernes por el asesinato del fiscal, que fueron acusados de varios delitos, entre ellos homicidio agravado en concurso y tenencia y porte ilegal de armas.<\/p>\n<p>Cuatro de los detenidos aceptaron los cargos, mientras que Francisco Luis Correa Galeano, el supuesto l\u00edder del plan, no lo hizo.<\/p>\n<p>La Polic\u00eda adelant\u00f3 que buscan a otro supuesto autor material, Gabriel Carlos Luis Salinas Mendoza, por el que han emitido una circular azul de Interpol, ya que podr\u00eda haber salido de territorio colombiano, probablemente a Venezuela, de donde es oriundo.<\/p>\n<p><strong>Redacci\u00f3n ND58 | Fuente: EFE<\/strong><br \/>\n<strong>Edici\u00f3n: Villasmil, Henry<\/strong><br \/>\n<strong>Gr\u00e1fica: Archivo<\/strong><\/p>\n<p>&nbsp;<\/p>\n<p>&nbsp;<\/p>\n<p>&nbsp;<\/p>\n<p>&nbsp;<\/p><div class=\"knfng69f47bbf041da\" ><p style=\"text-align: center;\"><a href=\"https:\/\/t.me\/noticiasdigital58\" target=\"_blank\" rel=\"noopener\"><img class=\"aligncenter size-full wp-image-125363\" src=\"https:\/\/digital58.com.ve\/site\/wp-content\/uploads\/2021\/04\/banner-telegram-web-2021.png\" alt=\"\" width=\"600\" height=\"90\" \/><\/a><\/p><\/div><style type=\"text\/css\">\r\n@media screen and (min-width: 1201px) {\r\n.knfng69f47bbf041da {\r\ndisplay: block;\r\n}\r\n}\r\n@media screen and (min-width: 993px) and (max-width: 1200px) {\r\n.knfng69f47bbf041da {\r\ndisplay: block;\r\n}\r\n}\r\n@media screen and (min-width: 769px) and (max-width: 992px) {\r\n.knfng69f47bbf041da {\r\ndisplay: block;\r\n}\r\n}\r\n@media screen and (min-width: 768px) and (max-width: 768px) {\r\n.knfng69f47bbf041da {\r\ndisplay: block;\r\n}\r\n}\r\n@media screen and (max-width: 767px) {\r\n.knfng69f47bbf041da {\r\ndisplay: block;\r\n}\r\n}\r\n<\/style>\r\n\n<p>&nbsp;<\/p>\n<div style=\"margin-top: 0px; margin-bottom: 0px;\" class=\"sharethis-inline-share-buttons\" ><\/div>","protected":false},"excerpt":{"rendered":"<p>El ministro del Interior de Paraguay, Federico Gonz\u00e1lez, destac\u00f3 este martes que las investigaciones para dar con los autores intelectuales<\/p>\n","protected":false},"author":1,"featured_media":153197,"comment_status":"open","ping_status":"closed","sticky":false,"template":"","format":"standard","meta":{"colormag_page_container_layout":"default_layout","colormag_page_sidebar_layout":"default_layout","_uag_custom_page_level_css":"","footnotes":""},"categories":[16451],"tags":[10034,98,22061,28240,25583,28525,28526,8,16632,28524,28522,28523,99,18202],"class_list":["post-153196","post","type-post","status-publish","format-standard","has-post-thumbnail","hentry","category-mundo","tag-asesinato","tag-colombia","tag-crimen","tag-cumbre-de-las-americas","tag-fiscal","tag-francisco-luis-correa-galeano","tag-gabriel-carlos-luis-salinas-mendoza","tag-internacionales","tag-interpol","tag-jorge-luis-vargas","tag-marcelo-pecci","tag-paragauy","tag-paraguay","tag-policia-nacional-de-colombia"],"yoast_head":"<!-- This site is optimized with the Yoast SEO plugin v27.5 - https:\/\/yoast.com\/product\/yoast-seo-wordpress\/ -->\n<title>Paraguay ve encaminada pesquisa por autores intelectuales de muerte de Pecci<\/title>\n<meta name=\"description\" content=\"Mundo\" \/>\n<meta name=\"robots\" content=\"index, follow, max-snippet:-1, max-image-preview:large, max-video-preview:-1\" \/>\n<link rel=\"canonical\" href=\"https:\/\/digital58.com.ve\/site\/2022\/06\/08\/paraguay-ve-encaminada-pesquisa-por-autores-intelectuales-de-muerte-de-pecci\/\" \/>\n<meta property=\"og:locale\" content=\"es_ES\" \/>\n<meta property=\"og:type\" content=\"article\" \/>\n<meta property=\"og:title\" content=\"Paraguay ve encaminada pesquisa por autores intelectuales de muerte de Pecci\" \/>\n<meta property=\"og:description\" content=\"Mundo\" \/>\n<meta property=\"og:url\" content=\"https:\/\/digital58.com.ve\/site\/2022\/06\/08\/paraguay-ve-encaminada-pesquisa-por-autores-intelectuales-de-muerte-de-pecci\/\" \/>\n<meta property=\"og:site_name\" content=\"Noticias Digital58\" \/>\n<meta property=\"article:published_time\" content=\"2022-06-08T11:47:56+00:00\" \/>\n<meta property=\"og:image\" content=\"https:\/\/digital58.com.ve\/site\/wp-content\/uploads\/2022\/06\/Marcelo-Pecci.jpg\" \/>\n\t<meta property=\"og:image:width\" content=\"900\" \/>\n\t<meta property=\"og:image:height\" content=\"550\" \/>\n\t<meta property=\"og:image:type\" content=\"image\/jpeg\" \/>\n<meta name=\"author\" content=\"Villasmil Henry\" \/>\n<meta name=\"twitter:card\" content=\"summary_large_image\" \/>\n<meta name=\"twitter:creator\" content=\"@https:\/\/twitter.com\/villasmilhfoto\" \/>\n<meta name=\"twitter:site\" content=\"@villasmilhfoto\" \/>\n<meta name=\"twitter:label1\" content=\"Escrito por\" \/>\n\t<meta name=\"twitter:data1\" content=\"Villasmil Henry\" \/>\n\t<meta name=\"twitter:label2\" content=\"Tiempo estimado de lectura\" \/>\n\t<meta name=\"twitter:data2\" content=\"2 minutos\" \/>\n<script type=\"application\/ld+json\" class=\"yoast-schema-graph\">{\"@context\":\"https:\\\/\\\/schema.org\",\"@graph\":[{\"@type\":\"Article\",\"@id\":\"https:\\\/\\\/digital58.com.ve\\\/site\\\/2022\\\/06\\\/08\\\/paraguay-ve-encaminada-pesquisa-por-autores-intelectuales-de-muerte-de-pecci\\\/#article\",\"isPartOf\":{\"@id\":\"https:\\\/\\\/digital58.com.ve\\\/site\\\/2022\\\/06\\\/08\\\/paraguay-ve-encaminada-pesquisa-por-autores-intelectuales-de-muerte-de-pecci\\\/\"},\"author\":{\"name\":\"Villasmil Henry\",\"@id\":\"https:\\\/\\\/digital58.com.ve\\\/site\\\/#\\\/schema\\\/person\\\/64d1c2e4d0d4fd1b849980c4331c2951\"},\"headline\":\"Paraguay ve encaminada pesquisa por autores intelectuales de muerte de Pecci\",\"datePublished\":\"2022-06-08T11:47:56+00:00\",\"mainEntityOfPage\":{\"@id\":\"https:\\\/\\\/digital58.com.ve\\\/site\\\/2022\\\/06\\\/08\\\/paraguay-ve-encaminada-pesquisa-por-autores-intelectuales-de-muerte-de-pecci\\\/\"},\"wordCount\":421,\"commentCount\":0,\"publisher\":{\"@id\":\"https:\\\/\\\/digital58.com.ve\\\/site\\\/#\\\/schema\\\/person\\\/64d1c2e4d0d4fd1b849980c4331c2951\"},\"image\":{\"@id\":\"https:\\\/\\\/digital58.com.ve\\\/site\\\/2022\\\/06\\\/08\\\/paraguay-ve-encaminada-pesquisa-por-autores-intelectuales-de-muerte-de-pecci\\\/#primaryimage\"},\"thumbnailUrl\":\"https:\\\/\\\/digital58.com.ve\\\/site\\\/wp-content\\\/uploads\\\/2022\\\/06\\\/Marcelo-Pecci.jpg\",\"keywords\":[\"Asesinato\",\"Colombia\",\"Crimen\",\"Cumbre de las Am\u00e9ricas\",\"fiscal\",\"Francisco Luis Correa Galeano\",\"Gabriel Carlos Luis Salinas Mendoza\",\"Internacionales\",\"Interpol\",\"Jorge Luis Vargas\",\"Marcelo Pecci\",\"Paragauy\",\"Paraguay\",\"Polic\u00eda Nacional de Colombia\"],\"articleSection\":[\"Mundo\"],\"inLanguage\":\"es\",\"potentialAction\":[{\"@type\":\"CommentAction\",\"name\":\"Comment\",\"target\":[\"https:\\\/\\\/digital58.com.ve\\\/site\\\/2022\\\/06\\\/08\\\/paraguay-ve-encaminada-pesquisa-por-autores-intelectuales-de-muerte-de-pecci\\\/#respond\"]}]},{\"@type\":\"WebPage\",\"@id\":\"https:\\\/\\\/digital58.com.ve\\\/site\\\/2022\\\/06\\\/08\\\/paraguay-ve-encaminada-pesquisa-por-autores-intelectuales-de-muerte-de-pecci\\\/\",\"url\":\"https:\\\/\\\/digital58.com.ve\\\/site\\\/2022\\\/06\\\/08\\\/paraguay-ve-encaminada-pesquisa-por-autores-intelectuales-de-muerte-de-pecci\\\/\",\"name\":\"Paraguay ve encaminada pesquisa por autores intelectuales de muerte de Pecci\",\"isPartOf\":{\"@id\":\"https:\\\/\\\/digital58.com.ve\\\/site\\\/#website\"},\"primaryImageOfPage\":{\"@id\":\"https:\\\/\\\/digital58.com.ve\\\/site\\\/2022\\\/06\\\/08\\\/paraguay-ve-encaminada-pesquisa-por-autores-intelectuales-de-muerte-de-pecci\\\/#primaryimage\"},\"image\":{\"@id\":\"https:\\\/\\\/digital58.com.ve\\\/site\\\/2022\\\/06\\\/08\\\/paraguay-ve-encaminada-pesquisa-por-autores-intelectuales-de-muerte-de-pecci\\\/#primaryimage\"},\"thumbnailUrl\":\"https:\\\/\\\/digital58.com.ve\\\/site\\\/wp-content\\\/uploads\\\/2022\\\/06\\\/Marcelo-Pecci.jpg\",\"datePublished\":\"2022-06-08T11:47:56+00:00\",\"description\":\"Mundo\",\"breadcrumb\":{\"@id\":\"https:\\\/\\\/digital58.com.ve\\\/site\\\/2022\\\/06\\\/08\\\/paraguay-ve-encaminada-pesquisa-por-autores-intelectuales-de-muerte-de-pecci\\\/#breadcrumb\"},\"inLanguage\":\"es\",\"potentialAction\":[{\"@type\":\"ReadAction\",\"target\":[\"https:\\\/\\\/digital58.com.ve\\\/site\\\/2022\\\/06\\\/08\\\/paraguay-ve-encaminada-pesquisa-por-autores-intelectuales-de-muerte-de-pecci\\\/\"]}]},{\"@type\":\"ImageObject\",\"inLanguage\":\"es\",\"@id\":\"https:\\\/\\\/digital58.com.ve\\\/site\\\/2022\\\/06\\\/08\\\/paraguay-ve-encaminada-pesquisa-por-autores-intelectuales-de-muerte-de-pecci\\\/#primaryimage\",\"url\":\"https:\\\/\\\/digital58.com.ve\\\/site\\\/wp-content\\\/uploads\\\/2022\\\/06\\\/Marcelo-Pecci.jpg\",\"contentUrl\":\"https:\\\/\\\/digital58.com.ve\\\/site\\\/wp-content\\\/uploads\\\/2022\\\/06\\\/Marcelo-Pecci.jpg\",\"width\":900,\"height\":550},{\"@type\":\"BreadcrumbList\",\"@id\":\"https:\\\/\\\/digital58.com.ve\\\/site\\\/2022\\\/06\\\/08\\\/paraguay-ve-encaminada-pesquisa-por-autores-intelectuales-de-muerte-de-pecci\\\/#breadcrumb\",\"itemListElement\":[{\"@type\":\"ListItem\",\"position\":1,\"name\":\"Home\",\"item\":\"https:\\\/\\\/digital58.com.ve\\\/site\\\/\"},{\"@type\":\"ListItem\",\"position\":2,\"name\":\"Paraguay ve encaminada pesquisa por autores intelectuales de muerte de Pecci\"}]},{\"@type\":\"WebSite\",\"@id\":\"https:\\\/\\\/digital58.com.ve\\\/site\\\/#website\",\"url\":\"https:\\\/\\\/digital58.com.ve\\\/site\\\/\",\"name\":\"Noticias Digital58\",\"description\":\"Portal de Noticias \u00a1Periodismo web de verdad! Lanzamiento web 22.11.2005 \\\/ Maracaibo, Venezuela\",\"publisher\":{\"@id\":\"https:\\\/\\\/digital58.com.ve\\\/site\\\/#\\\/schema\\\/person\\\/64d1c2e4d0d4fd1b849980c4331c2951\"},\"alternateName\":\"ND58\",\"potentialAction\":[{\"@type\":\"SearchAction\",\"target\":{\"@type\":\"EntryPoint\",\"urlTemplate\":\"https:\\\/\\\/digital58.com.ve\\\/site\\\/?s={search_term_string}\"},\"query-input\":{\"@type\":\"PropertyValueSpecification\",\"valueRequired\":true,\"valueName\":\"search_term_string\"}}],\"inLanguage\":\"es\"},{\"@type\":[\"Person\",\"Organization\"],\"@id\":\"https:\\\/\\\/digital58.com.ve\\\/site\\\/#\\\/schema\\\/person\\\/64d1c2e4d0d4fd1b849980c4331c2951\",\"name\":\"Villasmil Henry\",\"image\":{\"@type\":\"ImageObject\",\"inLanguage\":\"es\",\"@id\":\"https:\\\/\\\/secure.gravatar.com\\\/avatar\\\/bb0c4a2fcb7970138239f7e404ea75757b1b507b28b5ce4c53fbd62d797c5a7c?s=96&d=mm&r=g\",\"url\":\"https:\\\/\\\/secure.gravatar.com\\\/avatar\\\/bb0c4a2fcb7970138239f7e404ea75757b1b507b28b5ce4c53fbd62d797c5a7c?s=96&d=mm&r=g\",\"contentUrl\":\"https:\\\/\\\/secure.gravatar.com\\\/avatar\\\/bb0c4a2fcb7970138239f7e404ea75757b1b507b28b5ce4c53fbd62d797c5a7c?s=96&d=mm&r=g\",\"caption\":\"Villasmil Henry\"},\"logo\":{\"@id\":\"https:\\\/\\\/secure.gravatar.com\\\/avatar\\\/bb0c4a2fcb7970138239f7e404ea75757b1b507b28b5ce4c53fbd62d797c5a7c?s=96&d=mm&r=g\"},\"sameAs\":[\"http:\\\/\\\/www.henryvillasmil.com.ve\",\"https:\\\/\\\/www.instagram.com\\\/villasmilhfoto\\\/\",\"https:\\\/\\\/x.com\\\/https:\\\/\\\/twitter.com\\\/villasmilhfoto\"],\"url\":\"https:\\\/\\\/digital58.com.ve\\\/site\\\/author\\\/droopy_68\\\/\"}]}<\/script>\n<!-- \/ Yoast SEO plugin. -->","yoast_head_json":{"title":"Paraguay ve encaminada pesquisa por autores intelectuales de muerte de Pecci","description":"Mundo","robots":{"index":"index","follow":"follow","max-snippet":"max-snippet:-1","max-image-preview":"max-image-preview:large","max-video-preview":"max-video-preview:-1"},"canonical":"https:\/\/digital58.com.ve\/site\/2022\/06\/08\/paraguay-ve-encaminada-pesquisa-por-autores-intelectuales-de-muerte-de-pecci\/","og_locale":"es_ES","og_type":"article","og_title":"Paraguay ve encaminada pesquisa por autores intelectuales de muerte de Pecci","og_description":"Mundo","og_url":"https:\/\/digital58.com.ve\/site\/2022\/06\/08\/paraguay-ve-encaminada-pesquisa-por-autores-intelectuales-de-muerte-de-pecci\/","og_site_name":"Noticias Digital58","article_published_time":"2022-06-08T11:47:56+00:00","og_image":[{"width":900,"height":550,"url":"https:\/\/digital58.com.ve\/site\/wp-content\/uploads\/2022\/06\/Marcelo-Pecci.jpg","type":"image\/jpeg"}],"author":"Villasmil Henry","twitter_card":"summary_large_image","twitter_creator":"@https:\/\/twitter.com\/villasmilhfoto","twitter_site":"@villasmilhfoto","twitter_misc":{"Escrito por":"Villasmil Henry","Tiempo estimado de lectura":"2 minutos"},"schema":{"@context":"https:\/\/schema.org","@graph":[{"@type":"Article","@id":"https:\/\/digital58.com.ve\/site\/2022\/06\/08\/paraguay-ve-encaminada-pesquisa-por-autores-intelectuales-de-muerte-de-pecci\/#article","isPartOf":{"@id":"https:\/\/digital58.com.ve\/site\/2022\/06\/08\/paraguay-ve-encaminada-pesquisa-por-autores-intelectuales-de-muerte-de-pecci\/"},"author":{"name":"Villasmil Henry","@id":"https:\/\/digital58.com.ve\/site\/#\/schema\/person\/64d1c2e4d0d4fd1b849980c4331c2951"},"headline":"Paraguay ve encaminada pesquisa por autores intelectuales de muerte de Pecci","datePublished":"2022-06-08T11:47:56+00:00","mainEntityOfPage":{"@id":"https:\/\/digital58.com.ve\/site\/2022\/06\/08\/paraguay-ve-encaminada-pesquisa-por-autores-intelectuales-de-muerte-de-pecci\/"},"wordCount":421,"commentCount":0,"publisher":{"@id":"https:\/\/digital58.com.ve\/site\/#\/schema\/person\/64d1c2e4d0d4fd1b849980c4331c2951"},"image":{"@id":"https:\/\/digital58.com.ve\/site\/2022\/06\/08\/paraguay-ve-encaminada-pesquisa-por-autores-intelectuales-de-muerte-de-pecci\/#primaryimage"},"thumbnailUrl":"https:\/\/digital58.com.ve\/site\/wp-content\/uploads\/2022\/06\/Marcelo-Pecci.jpg","keywords":["Asesinato","Colombia","Crimen","Cumbre de las Am\u00e9ricas","fiscal","Francisco Luis Correa Galeano","Gabriel Carlos Luis Salinas Mendoza","Internacionales","Interpol","Jorge Luis Vargas","Marcelo Pecci","Paragauy","Paraguay","Polic\u00eda Nacional de Colombia"],"articleSection":["Mundo"],"inLanguage":"es","potentialAction":[{"@type":"CommentAction","name":"Comment","target":["https:\/\/digital58.com.ve\/site\/2022\/06\/08\/paraguay-ve-encaminada-pesquisa-por-autores-intelectuales-de-muerte-de-pecci\/#respond"]}]},{"@type":"WebPage","@id":"https:\/\/digital58.com.ve\/site\/2022\/06\/08\/paraguay-ve-encaminada-pesquisa-por-autores-intelectuales-de-muerte-de-pecci\/","url":"https:\/\/digital58.com.ve\/site\/2022\/06\/08\/paraguay-ve-encaminada-pesquisa-por-autores-intelectuales-de-muerte-de-pecci\/","name":"Paraguay ve encaminada pesquisa por autores intelectuales de muerte de Pecci","isPartOf":{"@id":"https:\/\/digital58.com.ve\/site\/#website"},"primaryImageOfPage":{"@id":"https:\/\/digital58.com.ve\/site\/2022\/06\/08\/paraguay-ve-encaminada-pesquisa-por-autores-intelectuales-de-muerte-de-pecci\/#primaryimage"},"image":{"@id":"https:\/\/digital58.com.ve\/site\/2022\/06\/08\/paraguay-ve-encaminada-pesquisa-por-autores-intelectuales-de-muerte-de-pecci\/#primaryimage"},"thumbnailUrl":"https:\/\/digital58.com.ve\/site\/wp-content\/uploads\/2022\/06\/Marcelo-Pecci.jpg","datePublished":"2022-06-08T11:47:56+00:00","description":"Mundo","breadcrumb":{"@id":"https:\/\/digital58.com.ve\/site\/2022\/06\/08\/paraguay-ve-encaminada-pesquisa-por-autores-intelectuales-de-muerte-de-pecci\/#breadcrumb"},"inLanguage":"es","potentialAction":[{"@type":"ReadAction","target":["https:\/\/digital58.com.ve\/site\/2022\/06\/08\/paraguay-ve-encaminada-pesquisa-por-autores-intelectuales-de-muerte-de-pecci\/"]}]},{"@type":"ImageObject","inLanguage":"es","@id":"https:\/\/digital58.com.ve\/site\/2022\/06\/08\/paraguay-ve-encaminada-pesquisa-por-autores-intelectuales-de-muerte-de-pecci\/#primaryimage","url":"https:\/\/digital58.com.ve\/site\/wp-content\/uploads\/2022\/06\/Marcelo-Pecci.jpg","contentUrl":"https:\/\/digital58.com.ve\/site\/wp-content\/uploads\/2022\/06\/Marcelo-Pecci.jpg","width":900,"height":550},{"@type":"BreadcrumbList","@id":"https:\/\/digital58.com.ve\/site\/2022\/06\/08\/paraguay-ve-encaminada-pesquisa-por-autores-intelectuales-de-muerte-de-pecci\/#breadcrumb","itemListElement":[{"@type":"ListItem","position":1,"name":"Home","item":"https:\/\/digital58.com.ve\/site\/"},{"@type":"ListItem","position":2,"name":"Paraguay ve encaminada pesquisa por autores intelectuales de muerte de Pecci"}]},{"@type":"WebSite","@id":"https:\/\/digital58.com.ve\/site\/#website","url":"https:\/\/digital58.com.ve\/site\/","name":"Noticias Digital58","description":"Portal de Noticias \u00a1Periodismo web de verdad! Lanzamiento web 22.11.2005 \/ Maracaibo, Venezuela","publisher":{"@id":"https:\/\/digital58.com.ve\/site\/#\/schema\/person\/64d1c2e4d0d4fd1b849980c4331c2951"},"alternateName":"ND58","potentialAction":[{"@type":"SearchAction","target":{"@type":"EntryPoint","urlTemplate":"https:\/\/digital58.com.ve\/site\/?s={search_term_string}"},"query-input":{"@type":"PropertyValueSpecification","valueRequired":true,"valueName":"search_term_string"}}],"inLanguage":"es"},{"@type":["Person","Organization"],"@id":"https:\/\/digital58.com.ve\/site\/#\/schema\/person\/64d1c2e4d0d4fd1b849980c4331c2951","name":"Villasmil Henry","image":{"@type":"ImageObject","inLanguage":"es","@id":"https:\/\/secure.gravatar.com\/avatar\/bb0c4a2fcb7970138239f7e404ea75757b1b507b28b5ce4c53fbd62d797c5a7c?s=96&d=mm&r=g","url":"https:\/\/secure.gravatar.com\/avatar\/bb0c4a2fcb7970138239f7e404ea75757b1b507b28b5ce4c53fbd62d797c5a7c?s=96&d=mm&r=g","contentUrl":"https:\/\/secure.gravatar.com\/avatar\/bb0c4a2fcb7970138239f7e404ea75757b1b507b28b5ce4c53fbd62d797c5a7c?s=96&d=mm&r=g","caption":"Villasmil Henry"},"logo":{"@id":"https:\/\/secure.gravatar.com\/avatar\/bb0c4a2fcb7970138239f7e404ea75757b1b507b28b5ce4c53fbd62d797c5a7c?s=96&d=mm&r=g"},"sameAs":["http:\/\/www.henryvillasmil.com.ve","https:\/\/www.instagram.com\/villasmilhfoto\/","https:\/\/x.com\/https:\/\/twitter.com\/villasmilhfoto"],"url":"https:\/\/digital58.com.ve\/site\/author\/droopy_68\/"}]}},"uagb_featured_image_src":{"full":["https:\/\/digital58.com.ve\/site\/wp-content\/uploads\/2022\/06\/Marcelo-Pecci.jpg",900,550,false],"thumbnail":["https:\/\/digital58.com.ve\/site\/wp-content\/uploads\/2022\/06\/Marcelo-Pecci-150x150.jpg",150,150,true],"medium":["https:\/\/digital58.com.ve\/site\/wp-content\/uploads\/2022\/06\/Marcelo-Pecci-300x183.jpg",300,183,true],"medium_large":["https:\/\/digital58.com.ve\/site\/wp-content\/uploads\/2022\/06\/Marcelo-Pecci-768x469.jpg",768,469,true],"large":["https:\/\/digital58.com.ve\/site\/wp-content\/uploads\/2022\/06\/Marcelo-Pecci.jpg",800,489,false],"1536x1536":["https:\/\/digital58.com.ve\/site\/wp-content\/uploads\/2022\/06\/Marcelo-Pecci.jpg",900,550,false],"2048x2048":["https:\/\/digital58.com.ve\/site\/wp-content\/uploads\/2022\/06\/Marcelo-Pecci.jpg",900,550,false],"colormag-highlighted-post":["https:\/\/digital58.com.ve\/site\/wp-content\/uploads\/2022\/06\/Marcelo-Pecci.jpg",392,240,false],"colormag-featured-post-medium":["https:\/\/digital58.com.ve\/site\/wp-content\/uploads\/2022\/06\/Marcelo-Pecci.jpg",335,205,false],"colormag-featured-post-small":["https:\/\/digital58.com.ve\/site\/wp-content\/uploads\/2022\/06\/Marcelo-Pecci.jpg",130,79,false],"colormag-featured-image":["https:\/\/digital58.com.ve\/site\/wp-content\/uploads\/2022\/06\/Marcelo-Pecci.jpg",728,445,false],"colormag-default-news":["https:\/\/digital58.com.ve\/site\/wp-content\/uploads\/2022\/06\/Marcelo-Pecci.jpg",150,92,false],"colormag-featured-image-large":["https:\/\/digital58.com.ve\/site\/wp-content\/uploads\/2022\/06\/Marcelo-Pecci.jpg",900,550,false]},"uagb_author_info":{"display_name":"Villasmil Henry","author_link":"https:\/\/digital58.com.ve\/site\/author\/droopy_68\/"},"uagb_comment_info":0,"uagb_excerpt":"El ministro del Interior de Paraguay, Federico Gonz\u00e1lez, destac\u00f3 este martes que las investigaciones para dar con los autores intelectuales","_links":{"self":[{"href":"https:\/\/digital58.com.ve\/site\/wp-json\/wp\/v2\/posts\/153196","targetHints":{"allow":["GET"]}}],"collection":[{"href":"https:\/\/digital58.com.ve\/site\/wp-json\/wp\/v2\/posts"}],"about":[{"href":"https:\/\/digital58.com.ve\/site\/wp-json\/wp\/v2\/types\/post"}],"author":[{"embeddable":true,"href":"https:\/\/digital58.com.ve\/site\/wp-json\/wp\/v2\/users\/1"}],"replies":[{"embeddable":true,"href":"https:\/\/digital58.com.ve\/site\/wp-json\/wp\/v2\/comments?post=153196"}],"version-history":[{"count":0,"href":"https:\/\/digital58.com.ve\/site\/wp-json\/wp\/v2\/posts\/153196\/revisions"}],"wp:featuredmedia":[{"embeddable":true,"href":"https:\/\/digital58.com.ve\/site\/wp-json\/wp\/v2\/media\/153197"}],"wp:attachment":[{"href":"https:\/\/digital58.com.ve\/site\/wp-json\/wp\/v2\/media?parent=153196"}],"wp:term":[{"taxonomy":"category","embeddable":true,"href":"https:\/\/digital58.com.ve\/site\/wp-json\/wp\/v2\/categories?post=153196"},{"taxonomy":"post_tag","embeddable":true,"href":"https:\/\/digital58.com.ve\/site\/wp-json\/wp\/v2\/tags?post=153196"}],"curies":[{"name":"wp","href":"https:\/\/api.w.org\/{rel}","templated":true}]}}