{"id":153207,"date":"2022-06-08T12:26:30","date_gmt":"2022-06-08T16:26:30","guid":{"rendered":"https:\/\/digital58.com.ve\/site\/?p=153207"},"modified":"2022-06-08T12:29:03","modified_gmt":"2022-06-08T16:29:03","slug":"argelia-espera-la-llegada-de-maduro-en-el-marco-de-su-gira-internacional","status":"publish","type":"post","link":"https:\/\/digital58.com.ve\/site\/2022\/06\/08\/argelia-espera-la-llegada-de-maduro-en-el-marco-de-su-gira-internacional\/","title":{"rendered":"Argelia espera la llegada de Maduro, en el marco de su gira internacional"},"content":{"rendered":"<p><a href=\"https:\/\/digital58.com.ve\/site\/wp-content\/uploads\/2022\/06\/maduro-turquia.jpg\"><img loading=\"lazy\" decoding=\"async\" class=\"aligncenter size-full wp-image-153208\" src=\"https:\/\/digital58.com.ve\/site\/wp-content\/uploads\/2022\/06\/maduro-turquia.jpg\" alt=\"\" width=\"900\" height=\"600\" srcset=\"https:\/\/digital58.com.ve\/site\/wp-content\/uploads\/2022\/06\/maduro-turquia.jpg 900w, https:\/\/digital58.com.ve\/site\/wp-content\/uploads\/2022\/06\/maduro-turquia-300x200.jpg 300w, https:\/\/digital58.com.ve\/site\/wp-content\/uploads\/2022\/06\/maduro-turquia-768x512.jpg 768w, https:\/\/digital58.com.ve\/site\/wp-content\/uploads\/2022\/06\/maduro-turquia-720x480.jpg 720w, https:\/\/digital58.com.ve\/site\/wp-content\/uploads\/2022\/06\/maduro-turquia-480x320.jpg 480w\" sizes=\"auto, (max-width: 900px) 100vw, 900px\" \/><\/a><\/p>\n<p>Acompa\u00f1ado de su esposa, Cilia Flores, Maduro lleg\u00f3 a Ankara anoche y fue recibido por funcionarios del Gobierno turco.<\/p>\n<p><strong>Internacionales, 08 de junio de 2022 (ND58).-<\/strong> Argelia espera la llegada esta tarde del presidente de Venezuela, Nicol\u00e1s Maduro, en el <strong><a href=\"https:\/\/digital58.com.ve\/site\/2022\/06\/07\/nicolas-maduro-llega-a-turquia-para-comenzar-una-gira-euroasiatica\/\" target=\"_blank\" rel=\"noopener\">marco de su gira internacional desde Turqu\u00eda<\/a><\/strong>, donde hoy se re\u00fane con el presidente turco, Recep Tayyip Erdogan.<\/p>\n<p>Fuentes diplom\u00e1ticas informaron a Efe de que el presidente venezolano se reunir\u00e1 este jueves (09.06.22) con su hom\u00f3logo argelino, Abdelmadijd Tebboune, en el Palacio Presidencial de \u00abAl Muradia\u00bb y al t\u00e9rmino del encuentro ofrecer\u00e1 una declaraci\u00f3n solo a la prensa nacional.<\/p>\n<p>\u00abMaduro se reunir\u00e1 con el presidente Abdelmadjid Tebboune, se espera que los dos jefes de Estado discutan durante el encuentro sobre las relaciones bilaterales entre los dos pa\u00edses y las formas de mejorarlas\u00bb, se limit\u00f3 a informar la fuente.<\/p>\n<p>Argel y Caracas mantienen relaciones diplom\u00e1ticas desde 1971 y desarrollan varios acuerdos en distintos \u00e1mbitos como energ\u00eda, educaci\u00f3n, cultura y comercio.<\/p>\n<p>Maduro realizaba durante la \u00e9poca del antiguo presidente Abdelaziz Buteflika frecuentes escalas t\u00e9cnicas en el aeropuerto de Argel cada vez que viajaba a pa\u00edses de Oriente Medio o a Rusia.<\/p>\n<p>Su \u00faltima visita se remonta al verano de 2018 en su regreso de su viaje desde Ankara donde asisti\u00f3 a la investidura oficial del actual presidente turco, RecepTayyip Erdogan.<\/p>\n<p>Seg\u00fan el equipo de prensa presidencial venezolano el motivo de la visita es \u00abfortalecer lazos de hermandad, cooperaci\u00f3n y uni\u00f3n de nuestros pueblos\u00bb.<\/p>\n<p>\u00abMe llena de alegr\u00eda iniciar esta gira internacional, en las tierras de la hermana naci\u00f3n turca. Agradezco el c\u00e1lido recibimiento y el cari\u00f1o que nos han demostrado. Estoy seguro que consolidaremos los lazos de uni\u00f3n y cooperaci\u00f3n entre nuestros pueblos\u00bb, se pod\u00eda leer en la cuenta oficial de Twitter del presidente venezolano.<\/p>\n<p>\u00abHoy tendr\u00e9 una nutrida agenda de trabajo con el hermano Presidente de Turqu\u00eda, Recep Tayyip Erdogan. Los invito a estar atentos y atentas, vienen importantes noticias, anuncios y acuerdos. La voz de Venezuela se escucha en el mundo\u00bb, a\u00f1adi\u00f3.<\/p>\n<p>Las principales calles de la capital argelina as\u00ed como la autopista que une Argel y el aeropuerto amanecieron hoy decoradas con banderas de ambos pa\u00edses.<\/p><div class=\"kjurh69f24d67ab1c2\" ><p style=\"text-align: center;\"><a href=\"https:\/\/t.me\/noticiasdigital58\" target=\"_blank\" rel=\"noopener\"><img class=\"aligncenter size-full wp-image-125363\" src=\"https:\/\/digital58.com.ve\/site\/wp-content\/uploads\/2021\/04\/banner-telegram-web-2021.png\" alt=\"\" width=\"600\" height=\"90\" \/><\/a><\/p><\/div><style type=\"text\/css\">\r\n@media screen and (min-width: 1201px) {\r\n.kjurh69f24d67ab1c2 {\r\ndisplay: block;\r\n}\r\n}\r\n@media screen and (min-width: 993px) and (max-width: 1200px) {\r\n.kjurh69f24d67ab1c2 {\r\ndisplay: block;\r\n}\r\n}\r\n@media screen and (min-width: 769px) and (max-width: 992px) {\r\n.kjurh69f24d67ab1c2 {\r\ndisplay: block;\r\n}\r\n}\r\n@media screen and (min-width: 768px) and (max-width: 768px) {\r\n.kjurh69f24d67ab1c2 {\r\ndisplay: block;\r\n}\r\n}\r\n@media screen and (max-width: 767px) {\r\n.kjurh69f24d67ab1c2 {\r\ndisplay: block;\r\n}\r\n}\r\n<\/style>\r\n\n<p><strong>Redacci\u00f3n ND58 | Fuente: EFE<\/strong><br \/>\n<strong>Edici\u00f3n: Villasmil, Henry<\/strong><br \/>\n<strong>Gr\u00e1fica: EFE<\/strong><\/p>\n<div style=\"margin-top: 0px; margin-bottom: 0px;\" class=\"sharethis-inline-share-buttons\" ><\/div>","protected":false},"excerpt":{"rendered":"<p>Acompa\u00f1ado de su esposa, Cilia Flores, Maduro lleg\u00f3 a Ankara anoche y fue recibido por funcionarios del Gobierno turco. Internacionales,<\/p>\n","protected":false},"author":1,"featured_media":153208,"comment_status":"open","ping_status":"closed","sticky":false,"template":"","format":"standard","meta":{"colormag_page_container_layout":"default_layout","colormag_page_sidebar_layout":"default_layout","_uag_custom_page_level_css":"","footnotes":""},"categories":[16451],"tags":[28527,4313,28529,8,14182,28528,25277,176,32,28513],"class_list":["post-153207","post","type-post","status-publish","format-standard","has-post-thumbnail","hentry","category-mundo","tag-abdelmadijd-tebboune","tag-argelia","tag-gira-euroasiatica","tag-internacionales","tag-nicolas-maduro-moros","tag-palacio-presidencial-de-al-muradia","tag-politica-exterior","tag-turquia","tag-venezuela","tag-viajes-presidenciales"],"yoast_head":"<!-- This site is optimized with the Yoast SEO plugin v27.5 - https:\/\/yoast.com\/product\/yoast-seo-wordpress\/ -->\n<title>Argelia espera la llegada de Maduro, en el marco de su gira internacional<\/title>\n<meta name=\"description\" content=\"Mundo\" \/>\n<meta name=\"robots\" content=\"index, follow, max-snippet:-1, max-image-preview:large, max-video-preview:-1\" \/>\n<link rel=\"canonical\" href=\"https:\/\/digital58.com.ve\/site\/2022\/06\/08\/argelia-espera-la-llegada-de-maduro-en-el-marco-de-su-gira-internacional\/\" \/>\n<meta property=\"og:locale\" content=\"es_ES\" \/>\n<meta property=\"og:type\" content=\"article\" \/>\n<meta property=\"og:title\" content=\"Argelia espera la llegada de Maduro, en el marco de su gira internacional\" \/>\n<meta property=\"og:description\" content=\"Mundo\" \/>\n<meta property=\"og:url\" content=\"https:\/\/digital58.com.ve\/site\/2022\/06\/08\/argelia-espera-la-llegada-de-maduro-en-el-marco-de-su-gira-internacional\/\" \/>\n<meta property=\"og:site_name\" content=\"Noticias Digital58\" \/>\n<meta property=\"article:published_time\" content=\"2022-06-08T16:26:30+00:00\" \/>\n<meta property=\"article:modified_time\" content=\"2022-06-08T16:29:03+00:00\" \/>\n<meta property=\"og:image\" content=\"https:\/\/digital58.com.ve\/site\/wp-content\/uploads\/2022\/06\/maduro-turquia.jpg\" \/>\n\t<meta property=\"og:image:width\" content=\"900\" \/>\n\t<meta property=\"og:image:height\" content=\"600\" \/>\n\t<meta property=\"og:image:type\" content=\"image\/jpeg\" \/>\n<meta name=\"author\" content=\"Villasmil Henry\" \/>\n<meta name=\"twitter:card\" content=\"summary_large_image\" \/>\n<meta name=\"twitter:creator\" content=\"@https:\/\/twitter.com\/villasmilhfoto\" \/>\n<meta name=\"twitter:site\" content=\"@villasmilhfoto\" \/>\n<meta name=\"twitter:label1\" content=\"Escrito por\" \/>\n\t<meta name=\"twitter:data1\" content=\"Villasmil Henry\" \/>\n\t<meta name=\"twitter:label2\" content=\"Tiempo estimado de lectura\" \/>\n\t<meta name=\"twitter:data2\" content=\"2 minutos\" \/>\n<script type=\"application\/ld+json\" class=\"yoast-schema-graph\">{\"@context\":\"https:\\\/\\\/schema.org\",\"@graph\":[{\"@type\":\"Article\",\"@id\":\"https:\\\/\\\/digital58.com.ve\\\/site\\\/2022\\\/06\\\/08\\\/argelia-espera-la-llegada-de-maduro-en-el-marco-de-su-gira-internacional\\\/#article\",\"isPartOf\":{\"@id\":\"https:\\\/\\\/digital58.com.ve\\\/site\\\/2022\\\/06\\\/08\\\/argelia-espera-la-llegada-de-maduro-en-el-marco-de-su-gira-internacional\\\/\"},\"author\":{\"name\":\"Villasmil Henry\",\"@id\":\"https:\\\/\\\/digital58.com.ve\\\/site\\\/#\\\/schema\\\/person\\\/64d1c2e4d0d4fd1b849980c4331c2951\"},\"headline\":\"Argelia espera la llegada de Maduro, en el marco de su gira internacional\",\"datePublished\":\"2022-06-08T16:26:30+00:00\",\"dateModified\":\"2022-06-08T16:29:03+00:00\",\"mainEntityOfPage\":{\"@id\":\"https:\\\/\\\/digital58.com.ve\\\/site\\\/2022\\\/06\\\/08\\\/argelia-espera-la-llegada-de-maduro-en-el-marco-de-su-gira-internacional\\\/\"},\"wordCount\":405,\"commentCount\":0,\"publisher\":{\"@id\":\"https:\\\/\\\/digital58.com.ve\\\/site\\\/#\\\/schema\\\/person\\\/64d1c2e4d0d4fd1b849980c4331c2951\"},\"image\":{\"@id\":\"https:\\\/\\\/digital58.com.ve\\\/site\\\/2022\\\/06\\\/08\\\/argelia-espera-la-llegada-de-maduro-en-el-marco-de-su-gira-internacional\\\/#primaryimage\"},\"thumbnailUrl\":\"https:\\\/\\\/digital58.com.ve\\\/site\\\/wp-content\\\/uploads\\\/2022\\\/06\\\/maduro-turquia.jpg\",\"keywords\":[\"Abdelmadijd Tebboune\",\"Argelia\",\"Gira euroasi\u00e1tica\",\"Internacionales\",\"Nicol\u00e1s Maduro Moros\",\"Palacio Presidencial de \u00abAl Muradia\u00bb\",\"Pol\u00edtica Exterior\",\"Turqu\u00eda\",\"Venezuela\",\"Viajes presidenciales\"],\"articleSection\":[\"Mundo\"],\"inLanguage\":\"es\",\"potentialAction\":[{\"@type\":\"CommentAction\",\"name\":\"Comment\",\"target\":[\"https:\\\/\\\/digital58.com.ve\\\/site\\\/2022\\\/06\\\/08\\\/argelia-espera-la-llegada-de-maduro-en-el-marco-de-su-gira-internacional\\\/#respond\"]}]},{\"@type\":\"WebPage\",\"@id\":\"https:\\\/\\\/digital58.com.ve\\\/site\\\/2022\\\/06\\\/08\\\/argelia-espera-la-llegada-de-maduro-en-el-marco-de-su-gira-internacional\\\/\",\"url\":\"https:\\\/\\\/digital58.com.ve\\\/site\\\/2022\\\/06\\\/08\\\/argelia-espera-la-llegada-de-maduro-en-el-marco-de-su-gira-internacional\\\/\",\"name\":\"Argelia espera la llegada de Maduro, en el marco de su gira internacional\",\"isPartOf\":{\"@id\":\"https:\\\/\\\/digital58.com.ve\\\/site\\\/#website\"},\"primaryImageOfPage\":{\"@id\":\"https:\\\/\\\/digital58.com.ve\\\/site\\\/2022\\\/06\\\/08\\\/argelia-espera-la-llegada-de-maduro-en-el-marco-de-su-gira-internacional\\\/#primaryimage\"},\"image\":{\"@id\":\"https:\\\/\\\/digital58.com.ve\\\/site\\\/2022\\\/06\\\/08\\\/argelia-espera-la-llegada-de-maduro-en-el-marco-de-su-gira-internacional\\\/#primaryimage\"},\"thumbnailUrl\":\"https:\\\/\\\/digital58.com.ve\\\/site\\\/wp-content\\\/uploads\\\/2022\\\/06\\\/maduro-turquia.jpg\",\"datePublished\":\"2022-06-08T16:26:30+00:00\",\"dateModified\":\"2022-06-08T16:29:03+00:00\",\"description\":\"Mundo\",\"breadcrumb\":{\"@id\":\"https:\\\/\\\/digital58.com.ve\\\/site\\\/2022\\\/06\\\/08\\\/argelia-espera-la-llegada-de-maduro-en-el-marco-de-su-gira-internacional\\\/#breadcrumb\"},\"inLanguage\":\"es\",\"potentialAction\":[{\"@type\":\"ReadAction\",\"target\":[\"https:\\\/\\\/digital58.com.ve\\\/site\\\/2022\\\/06\\\/08\\\/argelia-espera-la-llegada-de-maduro-en-el-marco-de-su-gira-internacional\\\/\"]}]},{\"@type\":\"ImageObject\",\"inLanguage\":\"es\",\"@id\":\"https:\\\/\\\/digital58.com.ve\\\/site\\\/2022\\\/06\\\/08\\\/argelia-espera-la-llegada-de-maduro-en-el-marco-de-su-gira-internacional\\\/#primaryimage\",\"url\":\"https:\\\/\\\/digital58.com.ve\\\/site\\\/wp-content\\\/uploads\\\/2022\\\/06\\\/maduro-turquia.jpg\",\"contentUrl\":\"https:\\\/\\\/digital58.com.ve\\\/site\\\/wp-content\\\/uploads\\\/2022\\\/06\\\/maduro-turquia.jpg\",\"width\":900,\"height\":600},{\"@type\":\"BreadcrumbList\",\"@id\":\"https:\\\/\\\/digital58.com.ve\\\/site\\\/2022\\\/06\\\/08\\\/argelia-espera-la-llegada-de-maduro-en-el-marco-de-su-gira-internacional\\\/#breadcrumb\",\"itemListElement\":[{\"@type\":\"ListItem\",\"position\":1,\"name\":\"Home\",\"item\":\"https:\\\/\\\/digital58.com.ve\\\/site\\\/\"},{\"@type\":\"ListItem\",\"position\":2,\"name\":\"Argelia espera la llegada de Maduro, en el marco de su gira internacional\"}]},{\"@type\":\"WebSite\",\"@id\":\"https:\\\/\\\/digital58.com.ve\\\/site\\\/#website\",\"url\":\"https:\\\/\\\/digital58.com.ve\\\/site\\\/\",\"name\":\"Noticias Digital58\",\"description\":\"Portal de Noticias \u00a1Periodismo web de verdad! Lanzamiento web 22.11.2005 \\\/ Maracaibo, Venezuela\",\"publisher\":{\"@id\":\"https:\\\/\\\/digital58.com.ve\\\/site\\\/#\\\/schema\\\/person\\\/64d1c2e4d0d4fd1b849980c4331c2951\"},\"alternateName\":\"ND58\",\"potentialAction\":[{\"@type\":\"SearchAction\",\"target\":{\"@type\":\"EntryPoint\",\"urlTemplate\":\"https:\\\/\\\/digital58.com.ve\\\/site\\\/?s={search_term_string}\"},\"query-input\":{\"@type\":\"PropertyValueSpecification\",\"valueRequired\":true,\"valueName\":\"search_term_string\"}}],\"inLanguage\":\"es\"},{\"@type\":[\"Person\",\"Organization\"],\"@id\":\"https:\\\/\\\/digital58.com.ve\\\/site\\\/#\\\/schema\\\/person\\\/64d1c2e4d0d4fd1b849980c4331c2951\",\"name\":\"Villasmil Henry\",\"image\":{\"@type\":\"ImageObject\",\"inLanguage\":\"es\",\"@id\":\"https:\\\/\\\/secure.gravatar.com\\\/avatar\\\/bb0c4a2fcb7970138239f7e404ea75757b1b507b28b5ce4c53fbd62d797c5a7c?s=96&d=mm&r=g\",\"url\":\"https:\\\/\\\/secure.gravatar.com\\\/avatar\\\/bb0c4a2fcb7970138239f7e404ea75757b1b507b28b5ce4c53fbd62d797c5a7c?s=96&d=mm&r=g\",\"contentUrl\":\"https:\\\/\\\/secure.gravatar.com\\\/avatar\\\/bb0c4a2fcb7970138239f7e404ea75757b1b507b28b5ce4c53fbd62d797c5a7c?s=96&d=mm&r=g\",\"caption\":\"Villasmil Henry\"},\"logo\":{\"@id\":\"https:\\\/\\\/secure.gravatar.com\\\/avatar\\\/bb0c4a2fcb7970138239f7e404ea75757b1b507b28b5ce4c53fbd62d797c5a7c?s=96&d=mm&r=g\"},\"sameAs\":[\"http:\\\/\\\/www.henryvillasmil.com.ve\",\"https:\\\/\\\/www.instagram.com\\\/villasmilhfoto\\\/\",\"https:\\\/\\\/x.com\\\/https:\\\/\\\/twitter.com\\\/villasmilhfoto\"],\"url\":\"https:\\\/\\\/digital58.com.ve\\\/site\\\/author\\\/droopy_68\\\/\"}]}<\/script>\n<!-- \/ Yoast SEO plugin. -->","yoast_head_json":{"title":"Argelia espera la llegada de Maduro, en el marco de su gira internacional","description":"Mundo","robots":{"index":"index","follow":"follow","max-snippet":"max-snippet:-1","max-image-preview":"max-image-preview:large","max-video-preview":"max-video-preview:-1"},"canonical":"https:\/\/digital58.com.ve\/site\/2022\/06\/08\/argelia-espera-la-llegada-de-maduro-en-el-marco-de-su-gira-internacional\/","og_locale":"es_ES","og_type":"article","og_title":"Argelia espera la llegada de Maduro, en el marco de su gira internacional","og_description":"Mundo","og_url":"https:\/\/digital58.com.ve\/site\/2022\/06\/08\/argelia-espera-la-llegada-de-maduro-en-el-marco-de-su-gira-internacional\/","og_site_name":"Noticias Digital58","article_published_time":"2022-06-08T16:26:30+00:00","article_modified_time":"2022-06-08T16:29:03+00:00","og_image":[{"width":900,"height":600,"url":"https:\/\/digital58.com.ve\/site\/wp-content\/uploads\/2022\/06\/maduro-turquia.jpg","type":"image\/jpeg"}],"author":"Villasmil Henry","twitter_card":"summary_large_image","twitter_creator":"@https:\/\/twitter.com\/villasmilhfoto","twitter_site":"@villasmilhfoto","twitter_misc":{"Escrito por":"Villasmil Henry","Tiempo estimado de lectura":"2 minutos"},"schema":{"@context":"https:\/\/schema.org","@graph":[{"@type":"Article","@id":"https:\/\/digital58.com.ve\/site\/2022\/06\/08\/argelia-espera-la-llegada-de-maduro-en-el-marco-de-su-gira-internacional\/#article","isPartOf":{"@id":"https:\/\/digital58.com.ve\/site\/2022\/06\/08\/argelia-espera-la-llegada-de-maduro-en-el-marco-de-su-gira-internacional\/"},"author":{"name":"Villasmil Henry","@id":"https:\/\/digital58.com.ve\/site\/#\/schema\/person\/64d1c2e4d0d4fd1b849980c4331c2951"},"headline":"Argelia espera la llegada de Maduro, en el marco de su gira internacional","datePublished":"2022-06-08T16:26:30+00:00","dateModified":"2022-06-08T16:29:03+00:00","mainEntityOfPage":{"@id":"https:\/\/digital58.com.ve\/site\/2022\/06\/08\/argelia-espera-la-llegada-de-maduro-en-el-marco-de-su-gira-internacional\/"},"wordCount":405,"commentCount":0,"publisher":{"@id":"https:\/\/digital58.com.ve\/site\/#\/schema\/person\/64d1c2e4d0d4fd1b849980c4331c2951"},"image":{"@id":"https:\/\/digital58.com.ve\/site\/2022\/06\/08\/argelia-espera-la-llegada-de-maduro-en-el-marco-de-su-gira-internacional\/#primaryimage"},"thumbnailUrl":"https:\/\/digital58.com.ve\/site\/wp-content\/uploads\/2022\/06\/maduro-turquia.jpg","keywords":["Abdelmadijd Tebboune","Argelia","Gira euroasi\u00e1tica","Internacionales","Nicol\u00e1s Maduro Moros","Palacio Presidencial de \u00abAl Muradia\u00bb","Pol\u00edtica Exterior","Turqu\u00eda","Venezuela","Viajes presidenciales"],"articleSection":["Mundo"],"inLanguage":"es","potentialAction":[{"@type":"CommentAction","name":"Comment","target":["https:\/\/digital58.com.ve\/site\/2022\/06\/08\/argelia-espera-la-llegada-de-maduro-en-el-marco-de-su-gira-internacional\/#respond"]}]},{"@type":"WebPage","@id":"https:\/\/digital58.com.ve\/site\/2022\/06\/08\/argelia-espera-la-llegada-de-maduro-en-el-marco-de-su-gira-internacional\/","url":"https:\/\/digital58.com.ve\/site\/2022\/06\/08\/argelia-espera-la-llegada-de-maduro-en-el-marco-de-su-gira-internacional\/","name":"Argelia espera la llegada de Maduro, en el marco de su gira internacional","isPartOf":{"@id":"https:\/\/digital58.com.ve\/site\/#website"},"primaryImageOfPage":{"@id":"https:\/\/digital58.com.ve\/site\/2022\/06\/08\/argelia-espera-la-llegada-de-maduro-en-el-marco-de-su-gira-internacional\/#primaryimage"},"image":{"@id":"https:\/\/digital58.com.ve\/site\/2022\/06\/08\/argelia-espera-la-llegada-de-maduro-en-el-marco-de-su-gira-internacional\/#primaryimage"},"thumbnailUrl":"https:\/\/digital58.com.ve\/site\/wp-content\/uploads\/2022\/06\/maduro-turquia.jpg","datePublished":"2022-06-08T16:26:30+00:00","dateModified":"2022-06-08T16:29:03+00:00","description":"Mundo","breadcrumb":{"@id":"https:\/\/digital58.com.ve\/site\/2022\/06\/08\/argelia-espera-la-llegada-de-maduro-en-el-marco-de-su-gira-internacional\/#breadcrumb"},"inLanguage":"es","potentialAction":[{"@type":"ReadAction","target":["https:\/\/digital58.com.ve\/site\/2022\/06\/08\/argelia-espera-la-llegada-de-maduro-en-el-marco-de-su-gira-internacional\/"]}]},{"@type":"ImageObject","inLanguage":"es","@id":"https:\/\/digital58.com.ve\/site\/2022\/06\/08\/argelia-espera-la-llegada-de-maduro-en-el-marco-de-su-gira-internacional\/#primaryimage","url":"https:\/\/digital58.com.ve\/site\/wp-content\/uploads\/2022\/06\/maduro-turquia.jpg","contentUrl":"https:\/\/digital58.com.ve\/site\/wp-content\/uploads\/2022\/06\/maduro-turquia.jpg","width":900,"height":600},{"@type":"BreadcrumbList","@id":"https:\/\/digital58.com.ve\/site\/2022\/06\/08\/argelia-espera-la-llegada-de-maduro-en-el-marco-de-su-gira-internacional\/#breadcrumb","itemListElement":[{"@type":"ListItem","position":1,"name":"Home","item":"https:\/\/digital58.com.ve\/site\/"},{"@type":"ListItem","position":2,"name":"Argelia espera la llegada de Maduro, en el marco de su gira internacional"}]},{"@type":"WebSite","@id":"https:\/\/digital58.com.ve\/site\/#website","url":"https:\/\/digital58.com.ve\/site\/","name":"Noticias Digital58","description":"Portal de Noticias \u00a1Periodismo web de verdad! Lanzamiento web 22.11.2005 \/ Maracaibo, Venezuela","publisher":{"@id":"https:\/\/digital58.com.ve\/site\/#\/schema\/person\/64d1c2e4d0d4fd1b849980c4331c2951"},"alternateName":"ND58","potentialAction":[{"@type":"SearchAction","target":{"@type":"EntryPoint","urlTemplate":"https:\/\/digital58.com.ve\/site\/?s={search_term_string}"},"query-input":{"@type":"PropertyValueSpecification","valueRequired":true,"valueName":"search_term_string"}}],"inLanguage":"es"},{"@type":["Person","Organization"],"@id":"https:\/\/digital58.com.ve\/site\/#\/schema\/person\/64d1c2e4d0d4fd1b849980c4331c2951","name":"Villasmil Henry","image":{"@type":"ImageObject","inLanguage":"es","@id":"https:\/\/secure.gravatar.com\/avatar\/bb0c4a2fcb7970138239f7e404ea75757b1b507b28b5ce4c53fbd62d797c5a7c?s=96&d=mm&r=g","url":"https:\/\/secure.gravatar.com\/avatar\/bb0c4a2fcb7970138239f7e404ea75757b1b507b28b5ce4c53fbd62d797c5a7c?s=96&d=mm&r=g","contentUrl":"https:\/\/secure.gravatar.com\/avatar\/bb0c4a2fcb7970138239f7e404ea75757b1b507b28b5ce4c53fbd62d797c5a7c?s=96&d=mm&r=g","caption":"Villasmil Henry"},"logo":{"@id":"https:\/\/secure.gravatar.com\/avatar\/bb0c4a2fcb7970138239f7e404ea75757b1b507b28b5ce4c53fbd62d797c5a7c?s=96&d=mm&r=g"},"sameAs":["http:\/\/www.henryvillasmil.com.ve","https:\/\/www.instagram.com\/villasmilhfoto\/","https:\/\/x.com\/https:\/\/twitter.com\/villasmilhfoto"],"url":"https:\/\/digital58.com.ve\/site\/author\/droopy_68\/"}]}},"uagb_featured_image_src":{"full":["https:\/\/digital58.com.ve\/site\/wp-content\/uploads\/2022\/06\/maduro-turquia.jpg",900,600,false],"thumbnail":["https:\/\/digital58.com.ve\/site\/wp-content\/uploads\/2022\/06\/maduro-turquia-150x150.jpg",150,150,true],"medium":["https:\/\/digital58.com.ve\/site\/wp-content\/uploads\/2022\/06\/maduro-turquia-300x200.jpg",300,200,true],"medium_large":["https:\/\/digital58.com.ve\/site\/wp-content\/uploads\/2022\/06\/maduro-turquia-768x512.jpg",768,512,true],"large":["https:\/\/digital58.com.ve\/site\/wp-content\/uploads\/2022\/06\/maduro-turquia.jpg",800,533,false],"1536x1536":["https:\/\/digital58.com.ve\/site\/wp-content\/uploads\/2022\/06\/maduro-turquia.jpg",900,600,false],"2048x2048":["https:\/\/digital58.com.ve\/site\/wp-content\/uploads\/2022\/06\/maduro-turquia.jpg",900,600,false],"colormag-highlighted-post":["https:\/\/digital58.com.ve\/site\/wp-content\/uploads\/2022\/06\/maduro-turquia.jpg",392,261,false],"colormag-featured-post-medium":["https:\/\/digital58.com.ve\/site\/wp-content\/uploads\/2022\/06\/maduro-turquia.jpg",308,205,false],"colormag-featured-post-small":["https:\/\/digital58.com.ve\/site\/wp-content\/uploads\/2022\/06\/maduro-turquia.jpg",130,87,false],"colormag-featured-image":["https:\/\/digital58.com.ve\/site\/wp-content\/uploads\/2022\/06\/maduro-turquia.jpg",668,445,false],"colormag-default-news":["https:\/\/digital58.com.ve\/site\/wp-content\/uploads\/2022\/06\/maduro-turquia.jpg",150,100,false],"colormag-featured-image-large":["https:\/\/digital58.com.ve\/site\/wp-content\/uploads\/2022\/06\/maduro-turquia.jpg",900,600,false]},"uagb_author_info":{"display_name":"Villasmil Henry","author_link":"https:\/\/digital58.com.ve\/site\/author\/droopy_68\/"},"uagb_comment_info":0,"uagb_excerpt":"Acompa\u00f1ado de su esposa, Cilia Flores, Maduro lleg\u00f3 a Ankara anoche y fue recibido por funcionarios del Gobierno turco. Internacionales,","_links":{"self":[{"href":"https:\/\/digital58.com.ve\/site\/wp-json\/wp\/v2\/posts\/153207","targetHints":{"allow":["GET"]}}],"collection":[{"href":"https:\/\/digital58.com.ve\/site\/wp-json\/wp\/v2\/posts"}],"about":[{"href":"https:\/\/digital58.com.ve\/site\/wp-json\/wp\/v2\/types\/post"}],"author":[{"embeddable":true,"href":"https:\/\/digital58.com.ve\/site\/wp-json\/wp\/v2\/users\/1"}],"replies":[{"embeddable":true,"href":"https:\/\/digital58.com.ve\/site\/wp-json\/wp\/v2\/comments?post=153207"}],"version-history":[{"count":0,"href":"https:\/\/digital58.com.ve\/site\/wp-json\/wp\/v2\/posts\/153207\/revisions"}],"wp:featuredmedia":[{"embeddable":true,"href":"https:\/\/digital58.com.ve\/site\/wp-json\/wp\/v2\/media\/153208"}],"wp:attachment":[{"href":"https:\/\/digital58.com.ve\/site\/wp-json\/wp\/v2\/media?parent=153207"}],"wp:term":[{"taxonomy":"category","embeddable":true,"href":"https:\/\/digital58.com.ve\/site\/wp-json\/wp\/v2\/categories?post=153207"},{"taxonomy":"post_tag","embeddable":true,"href":"https:\/\/digital58.com.ve\/site\/wp-json\/wp\/v2\/tags?post=153207"}],"curies":[{"name":"wp","href":"https:\/\/api.w.org\/{rel}","templated":true}]}}