{"id":153434,"date":"2022-06-19T17:49:29","date_gmt":"2022-06-19T21:49:29","guid":{"rendered":"https:\/\/digital58.com.ve\/site\/?p=153434"},"modified":"2022-06-19T17:49:29","modified_gmt":"2022-06-19T21:49:29","slug":"venite-pa-maracaibo-la-opera-prima-de-carlos-daniel-alvarado","status":"publish","type":"post","link":"https:\/\/digital58.com.ve\/site\/2022\/06\/19\/venite-pa-maracaibo-la-opera-prima-de-carlos-daniel-alvarado\/","title":{"rendered":"\u00abVenite pa&#8217; Maracaibo\u00bb la \u00f3pera prima de Carlos Daniel Alvarado"},"content":{"rendered":"<p><a href=\"https:\/\/digital58.com.ve\/site\/wp-content\/uploads\/2022\/06\/pelicula-venite-pa-maracaibo-4.jpg\"><img loading=\"lazy\" decoding=\"async\" class=\"aligncenter size-full wp-image-153458\" src=\"https:\/\/digital58.com.ve\/site\/wp-content\/uploads\/2022\/06\/pelicula-venite-pa-maracaibo-4.jpg\" alt=\"\" width=\"900\" height=\"600\" srcset=\"https:\/\/digital58.com.ve\/site\/wp-content\/uploads\/2022\/06\/pelicula-venite-pa-maracaibo-4.jpg 900w, https:\/\/digital58.com.ve\/site\/wp-content\/uploads\/2022\/06\/pelicula-venite-pa-maracaibo-4-300x200.jpg 300w, https:\/\/digital58.com.ve\/site\/wp-content\/uploads\/2022\/06\/pelicula-venite-pa-maracaibo-4-768x512.jpg 768w, https:\/\/digital58.com.ve\/site\/wp-content\/uploads\/2022\/06\/pelicula-venite-pa-maracaibo-4-720x480.jpg 720w, https:\/\/digital58.com.ve\/site\/wp-content\/uploads\/2022\/06\/pelicula-venite-pa-maracaibo-4-480x320.jpg 480w\" sizes=\"auto, (max-width: 900px) 100vw, 900px\" \/><\/a><\/p>\n<p>Carlos Daniel Alvarado, esta vez incursiona en el cine dirigiendo su \u00f3pera prima.<\/p>\n<p><strong>Maracaibo, 18 de junio de 2022 (ND58).-<\/strong> \u00abVenite pa&#8217; Maracaibo\u00bb es una largometraje que comenz\u00f3 a gestarse desde hace cuatro a\u00f1os atr\u00e1s, con la historia de un actor que no ha logrado el \u00e9xito y que por cosas de la vida tiene que regresar a su terru\u00f1o.<\/p>\n<p>Carlos Daniel Alvarado, director de la cinta, explic\u00f3 durante la rueda de prensa realizada en Caribe Concert que, \u00abCuando escribimos este gui\u00f3n estaba mi padre en vida \u2014el actor Daniel Alvarado\u2014 y era un homenaje que quer\u00eda hacerle en vida a mi pap\u00e1, y aunque no es su biograf\u00eda como tal, va a estar presente en cada plano, cada sentimiento y cada toma\u00bb.<\/p>\n<p><a href=\"https:\/\/digital58.com.ve\/site\/wp-content\/uploads\/2022\/06\/pelicula-venite-pa-maracaibo.jpg\"><img loading=\"lazy\" decoding=\"async\" class=\"aligncenter size-full wp-image-153456\" src=\"https:\/\/digital58.com.ve\/site\/wp-content\/uploads\/2022\/06\/pelicula-venite-pa-maracaibo.jpg\" alt=\"\" width=\"900\" height=\"600\" srcset=\"https:\/\/digital58.com.ve\/site\/wp-content\/uploads\/2022\/06\/pelicula-venite-pa-maracaibo.jpg 900w, https:\/\/digital58.com.ve\/site\/wp-content\/uploads\/2022\/06\/pelicula-venite-pa-maracaibo-300x200.jpg 300w, https:\/\/digital58.com.ve\/site\/wp-content\/uploads\/2022\/06\/pelicula-venite-pa-maracaibo-768x512.jpg 768w, https:\/\/digital58.com.ve\/site\/wp-content\/uploads\/2022\/06\/pelicula-venite-pa-maracaibo-720x480.jpg 720w, https:\/\/digital58.com.ve\/site\/wp-content\/uploads\/2022\/06\/pelicula-venite-pa-maracaibo-480x320.jpg 480w\" sizes=\"auto, (max-width: 900px) 100vw, 900px\" \/><\/a><\/p>\n<p>Destac\u00f3 que en estos momentos no hay una producci\u00f3n de esta magnitud, que se est\u00e9 realizando en el pa\u00eds, \u00abSe est\u00e1 realizando en Maracaibo en un 90 por ciento, es de ustedes y para ustedes. Cuanta con la participaci\u00f3n de m\u00e1s de cinco grupos teatrales representando por actores noveles y otros con mas de 30 a\u00f1os de trayectoria\u00bb.<\/p>\n<p><a href=\"https:\/\/digital58.com.ve\/site\/wp-content\/uploads\/2022\/06\/Yionesco-Troconis.jpg\"><img loading=\"lazy\" decoding=\"async\" class=\"aligncenter size-full wp-image-153457\" src=\"https:\/\/digital58.com.ve\/site\/wp-content\/uploads\/2022\/06\/Yionesco-Troconis.jpg\" alt=\"\" width=\"900\" height=\"602\" srcset=\"https:\/\/digital58.com.ve\/site\/wp-content\/uploads\/2022\/06\/Yionesco-Troconis.jpg 900w, https:\/\/digital58.com.ve\/site\/wp-content\/uploads\/2022\/06\/Yionesco-Troconis-300x201.jpg 300w, https:\/\/digital58.com.ve\/site\/wp-content\/uploads\/2022\/06\/Yionesco-Troconis-768x514.jpg 768w, https:\/\/digital58.com.ve\/site\/wp-content\/uploads\/2022\/06\/Yionesco-Troconis-480x320.jpg 480w\" sizes=\"auto, (max-width: 900px) 100vw, 900px\" \/><\/a><\/p>\n<p>As\u00ed como el elenco es local, tambi\u00e9n lo es el equipo de producci\u00f3n, cuenta con Yionesco Troconis como productor, Herny Sempr\u00fan como director de <em>casting<\/em>, protagonizada por Mario Sudano y Jennifer Guerrero.<\/p>\n<p>Troconis asegur\u00f3, que aunque es muy pronto decirlo le augura un gran \u00e9xito a la cinta. \u00abLa gente que hace vida en el centro de la ciudad es m\u00e1gica, esto nos permite que el trabajo de est\u00e1s cuatro semana que durar\u00e1 el rodaje sea m\u00e1s ameno.<\/p>\n<p>El maracaibero es muy amable, pero el que vive en Santa Lucia, Calle Carabobo y las zonas del casco central est\u00e1n atentos a todo, te ofrecen su casa para que puedas grabar, sus cosas y es algo muy bonito. Carlos Daniel est\u00e1 haciendo un trabajo que se que cuando est\u00e9 listo a todos les va a encantar\u00bb.<\/p>\n<p><a href=\"https:\/\/digital58.com.ve\/site\/wp-content\/uploads\/2022\/06\/pelicula-venite-pa-maracaibo-2.jpg\"><img loading=\"lazy\" decoding=\"async\" class=\"aligncenter size-full wp-image-153455\" src=\"https:\/\/digital58.com.ve\/site\/wp-content\/uploads\/2022\/06\/pelicula-venite-pa-maracaibo-2.jpg\" alt=\"\" width=\"900\" height=\"608\" srcset=\"https:\/\/digital58.com.ve\/site\/wp-content\/uploads\/2022\/06\/pelicula-venite-pa-maracaibo-2.jpg 900w, https:\/\/digital58.com.ve\/site\/wp-content\/uploads\/2022\/06\/pelicula-venite-pa-maracaibo-2-300x203.jpg 300w, https:\/\/digital58.com.ve\/site\/wp-content\/uploads\/2022\/06\/pelicula-venite-pa-maracaibo-2-768x519.jpg 768w\" sizes=\"auto, (max-width: 900px) 100vw, 900px\" \/><\/a><\/p>\n<p>El proceso de creaci\u00f3n es extenso, Alvarado espera que la pel\u00edcula este lista para noviembre o diciembre de este a\u00f1o. \u00abOjal\u00e1 pueda darles la sorpresa y el estreno sea para los d\u00edas de la feria de la Chinita\u00bb.<\/p>\n<figure id=\"attachment_153454\" aria-describedby=\"caption-attachment-153454\" style=\"width: 900px\" class=\"wp-caption aligncenter\"><a href=\"https:\/\/digital58.com.ve\/site\/wp-content\/uploads\/2022\/06\/pelicula-venite-pa-maracaibo-3.jpg\"><img loading=\"lazy\" decoding=\"async\" class=\"wp-image-153454 size-full\" src=\"https:\/\/digital58.com.ve\/site\/wp-content\/uploads\/2022\/06\/pelicula-venite-pa-maracaibo-3.jpg\" alt=\"\" width=\"900\" height=\"600\" srcset=\"https:\/\/digital58.com.ve\/site\/wp-content\/uploads\/2022\/06\/pelicula-venite-pa-maracaibo-3.jpg 900w, https:\/\/digital58.com.ve\/site\/wp-content\/uploads\/2022\/06\/pelicula-venite-pa-maracaibo-3-300x200.jpg 300w, https:\/\/digital58.com.ve\/site\/wp-content\/uploads\/2022\/06\/pelicula-venite-pa-maracaibo-3-768x512.jpg 768w, https:\/\/digital58.com.ve\/site\/wp-content\/uploads\/2022\/06\/pelicula-venite-pa-maracaibo-3-720x480.jpg 720w, https:\/\/digital58.com.ve\/site\/wp-content\/uploads\/2022\/06\/pelicula-venite-pa-maracaibo-3-480x320.jpg 480w\" sizes=\"auto, (max-width: 900px) 100vw, 900px\" \/><\/a><figcaption id=\"caption-attachment-153454\" class=\"wp-caption-text\">\u2014Parte de los periodistas y medios de comunicaci\u00f3n presentes en la rueda de prensa\u2014<\/figcaption><\/figure>\n<p><strong>Redacci\u00f3n \u00c1\u00f1ez, Caren<\/strong><br \/>\n<strong>Gr\u00e1ficas: @villasmilhfoto<\/strong><\/p>\n<p>&nbsp;<\/p>\n<p>&nbsp;<\/p>\n<p>&nbsp;<\/p><div class=\"fjxet69f40e3745f23\" ><p style=\"text-align: center;\"><a href=\"https:\/\/t.me\/noticiasdigital58\" target=\"_blank\" rel=\"noopener\"><img class=\"aligncenter size-full wp-image-125363\" src=\"https:\/\/digital58.com.ve\/site\/wp-content\/uploads\/2021\/04\/banner-telegram-web-2021.png\" alt=\"\" width=\"600\" height=\"90\" \/><\/a><\/p><\/div><style type=\"text\/css\">\r\n@media screen and (min-width: 1201px) {\r\n.fjxet69f40e3745f23 {\r\ndisplay: block;\r\n}\r\n}\r\n@media screen and (min-width: 993px) and (max-width: 1200px) {\r\n.fjxet69f40e3745f23 {\r\ndisplay: block;\r\n}\r\n}\r\n@media screen and (min-width: 769px) and (max-width: 992px) {\r\n.fjxet69f40e3745f23 {\r\ndisplay: block;\r\n}\r\n}\r\n@media screen and (min-width: 768px) and (max-width: 768px) {\r\n.fjxet69f40e3745f23 {\r\ndisplay: block;\r\n}\r\n}\r\n@media screen and (max-width: 767px) {\r\n.fjxet69f40e3745f23 {\r\ndisplay: block;\r\n}\r\n}\r\n<\/style>\r\n\n<p>&nbsp;<\/p>\n<div style=\"margin-top: 0px; margin-bottom: 0px;\" class=\"sharethis-inline-share-buttons\" ><\/div>","protected":false},"excerpt":{"rendered":"<p>Carlos Daniel Alvarado, esta vez incursiona en el cine dirigiendo su \u00f3pera prima. Maracaibo, 18 de junio de 2022 (ND58).-<\/p>\n","protected":false},"author":39,"featured_media":153456,"comment_status":"open","ping_status":"closed","sticky":false,"template":"","format":"standard","meta":{"colormag_page_container_layout":"default_layout","colormag_page_sidebar_layout":"default_layout","_uag_custom_page_level_css":"","footnotes":""},"categories":[1],"tags":[3321,3661,17303,46,50,28576,73,28575,233,28568,72,2354,3013,32,28569,28570,761],"class_list":["post-153434","post","type-post","status-publish","format-standard","has-post-thumbnail","hentry","category-fama","tag-artes-escenicas","tag-calle-carabobo","tag-carlos-daniel-alvarado","tag-cine","tag-entretenimiento","tag-jennifer-guerrero","tag-maracaibo","tag-mario-sudano","tag-nacionales","tag-opera-prima","tag-peliculas","tag-regionales","tag-santa-lucia","tag-venezuela","tag-venite-pa-maracaibo","tag-yionesco-troconis","tag-zulia"],"yoast_head":"<!-- This site is optimized with the Yoast SEO plugin v27.5 - https:\/\/yoast.com\/product\/yoast-seo-wordpress\/ -->\n<title>\u00abVenite pa&#039; Maracaibo\u00bb la \u00f3pera prima de Carlos Daniel Alvarado<\/title>\n<meta name=\"description\" content=\"Fama\" \/>\n<meta name=\"robots\" content=\"index, follow, max-snippet:-1, max-image-preview:large, max-video-preview:-1\" \/>\n<link rel=\"canonical\" href=\"https:\/\/digital58.com.ve\/site\/2022\/06\/19\/venite-pa-maracaibo-la-opera-prima-de-carlos-daniel-alvarado\/\" \/>\n<meta property=\"og:locale\" content=\"es_ES\" \/>\n<meta property=\"og:type\" content=\"article\" \/>\n<meta property=\"og:title\" content=\"\u00abVenite pa&#039; Maracaibo\u00bb la \u00f3pera prima de Carlos Daniel Alvarado\" \/>\n<meta property=\"og:description\" content=\"Fama\" \/>\n<meta property=\"og:url\" content=\"https:\/\/digital58.com.ve\/site\/2022\/06\/19\/venite-pa-maracaibo-la-opera-prima-de-carlos-daniel-alvarado\/\" \/>\n<meta property=\"og:site_name\" content=\"Noticias Digital58\" \/>\n<meta property=\"article:published_time\" content=\"2022-06-19T21:49:29+00:00\" \/>\n<meta property=\"og:image\" content=\"https:\/\/digital58.com.ve\/site\/wp-content\/uploads\/2022\/06\/pelicula-venite-pa-maracaibo.jpg\" \/>\n\t<meta property=\"og:image:width\" content=\"900\" \/>\n\t<meta property=\"og:image:height\" content=\"600\" \/>\n\t<meta property=\"og:image:type\" content=\"image\/jpeg\" \/>\n<meta name=\"author\" content=\"Caren A\u00f1ez\" \/>\n<meta name=\"twitter:card\" content=\"summary_large_image\" \/>\n<meta name=\"twitter:creator\" content=\"@carenanez\" \/>\n<meta name=\"twitter:site\" content=\"@villasmilhfoto\" \/>\n<meta name=\"twitter:label1\" content=\"Escrito por\" \/>\n\t<meta name=\"twitter:data1\" content=\"Caren A\u00f1ez\" \/>\n\t<meta name=\"twitter:label2\" content=\"Tiempo estimado de lectura\" \/>\n\t<meta name=\"twitter:data2\" content=\"3 minutos\" \/>\n<script type=\"application\/ld+json\" class=\"yoast-schema-graph\">{\"@context\":\"https:\\\/\\\/schema.org\",\"@graph\":[{\"@type\":\"Article\",\"@id\":\"https:\\\/\\\/digital58.com.ve\\\/site\\\/2022\\\/06\\\/19\\\/venite-pa-maracaibo-la-opera-prima-de-carlos-daniel-alvarado\\\/#article\",\"isPartOf\":{\"@id\":\"https:\\\/\\\/digital58.com.ve\\\/site\\\/2022\\\/06\\\/19\\\/venite-pa-maracaibo-la-opera-prima-de-carlos-daniel-alvarado\\\/\"},\"author\":{\"name\":\"Caren A\u00f1ez\",\"@id\":\"https:\\\/\\\/digital58.com.ve\\\/site\\\/#\\\/schema\\\/person\\\/38596b127602deaa13fbcd7585635238\"},\"headline\":\"\u00abVenite pa&#8217; Maracaibo\u00bb la \u00f3pera prima de Carlos Daniel Alvarado\",\"datePublished\":\"2022-06-19T21:49:29+00:00\",\"mainEntityOfPage\":{\"@id\":\"https:\\\/\\\/digital58.com.ve\\\/site\\\/2022\\\/06\\\/19\\\/venite-pa-maracaibo-la-opera-prima-de-carlos-daniel-alvarado\\\/\"},\"wordCount\":416,\"commentCount\":0,\"publisher\":{\"@id\":\"https:\\\/\\\/digital58.com.ve\\\/site\\\/#\\\/schema\\\/person\\\/64d1c2e4d0d4fd1b849980c4331c2951\"},\"image\":{\"@id\":\"https:\\\/\\\/digital58.com.ve\\\/site\\\/2022\\\/06\\\/19\\\/venite-pa-maracaibo-la-opera-prima-de-carlos-daniel-alvarado\\\/#primaryimage\"},\"thumbnailUrl\":\"https:\\\/\\\/digital58.com.ve\\\/site\\\/wp-content\\\/uploads\\\/2022\\\/06\\\/pelicula-venite-pa-maracaibo.jpg\",\"keywords\":[\"Artes Esc\u00e9nicas\",\"Calle Carabobo\",\"Carlos Daniel Alvarado\",\"Cine\",\"Entretenimiento\",\"Jennifer Guerrero\",\"Maracaibo\",\"Mario Sudano\",\"Nacionales\",\"\u00d3pera prima\",\"Pel\u00edculas\",\"Regionales\",\"Santa Lucia\",\"Venezuela\",\"Venite pa' Maracaibo\",\"Yionesco Troconis\",\"Zulia\"],\"articleSection\":[\"Fama\"],\"inLanguage\":\"es\",\"potentialAction\":[{\"@type\":\"CommentAction\",\"name\":\"Comment\",\"target\":[\"https:\\\/\\\/digital58.com.ve\\\/site\\\/2022\\\/06\\\/19\\\/venite-pa-maracaibo-la-opera-prima-de-carlos-daniel-alvarado\\\/#respond\"]}]},{\"@type\":\"WebPage\",\"@id\":\"https:\\\/\\\/digital58.com.ve\\\/site\\\/2022\\\/06\\\/19\\\/venite-pa-maracaibo-la-opera-prima-de-carlos-daniel-alvarado\\\/\",\"url\":\"https:\\\/\\\/digital58.com.ve\\\/site\\\/2022\\\/06\\\/19\\\/venite-pa-maracaibo-la-opera-prima-de-carlos-daniel-alvarado\\\/\",\"name\":\"\u00abVenite pa' Maracaibo\u00bb la \u00f3pera prima de Carlos Daniel Alvarado\",\"isPartOf\":{\"@id\":\"https:\\\/\\\/digital58.com.ve\\\/site\\\/#website\"},\"primaryImageOfPage\":{\"@id\":\"https:\\\/\\\/digital58.com.ve\\\/site\\\/2022\\\/06\\\/19\\\/venite-pa-maracaibo-la-opera-prima-de-carlos-daniel-alvarado\\\/#primaryimage\"},\"image\":{\"@id\":\"https:\\\/\\\/digital58.com.ve\\\/site\\\/2022\\\/06\\\/19\\\/venite-pa-maracaibo-la-opera-prima-de-carlos-daniel-alvarado\\\/#primaryimage\"},\"thumbnailUrl\":\"https:\\\/\\\/digital58.com.ve\\\/site\\\/wp-content\\\/uploads\\\/2022\\\/06\\\/pelicula-venite-pa-maracaibo.jpg\",\"datePublished\":\"2022-06-19T21:49:29+00:00\",\"description\":\"Fama\",\"breadcrumb\":{\"@id\":\"https:\\\/\\\/digital58.com.ve\\\/site\\\/2022\\\/06\\\/19\\\/venite-pa-maracaibo-la-opera-prima-de-carlos-daniel-alvarado\\\/#breadcrumb\"},\"inLanguage\":\"es\",\"potentialAction\":[{\"@type\":\"ReadAction\",\"target\":[\"https:\\\/\\\/digital58.com.ve\\\/site\\\/2022\\\/06\\\/19\\\/venite-pa-maracaibo-la-opera-prima-de-carlos-daniel-alvarado\\\/\"]}]},{\"@type\":\"ImageObject\",\"inLanguage\":\"es\",\"@id\":\"https:\\\/\\\/digital58.com.ve\\\/site\\\/2022\\\/06\\\/19\\\/venite-pa-maracaibo-la-opera-prima-de-carlos-daniel-alvarado\\\/#primaryimage\",\"url\":\"https:\\\/\\\/digital58.com.ve\\\/site\\\/wp-content\\\/uploads\\\/2022\\\/06\\\/pelicula-venite-pa-maracaibo.jpg\",\"contentUrl\":\"https:\\\/\\\/digital58.com.ve\\\/site\\\/wp-content\\\/uploads\\\/2022\\\/06\\\/pelicula-venite-pa-maracaibo.jpg\",\"width\":900,\"height\":600},{\"@type\":\"BreadcrumbList\",\"@id\":\"https:\\\/\\\/digital58.com.ve\\\/site\\\/2022\\\/06\\\/19\\\/venite-pa-maracaibo-la-opera-prima-de-carlos-daniel-alvarado\\\/#breadcrumb\",\"itemListElement\":[{\"@type\":\"ListItem\",\"position\":1,\"name\":\"Home\",\"item\":\"https:\\\/\\\/digital58.com.ve\\\/site\\\/\"},{\"@type\":\"ListItem\",\"position\":2,\"name\":\"\u00abVenite pa&#8217; Maracaibo\u00bb la \u00f3pera prima de Carlos Daniel Alvarado\"}]},{\"@type\":\"WebSite\",\"@id\":\"https:\\\/\\\/digital58.com.ve\\\/site\\\/#website\",\"url\":\"https:\\\/\\\/digital58.com.ve\\\/site\\\/\",\"name\":\"Noticias Digital58\",\"description\":\"Portal de Noticias \u00a1Periodismo web de verdad! Lanzamiento web 22.11.2005 \\\/ Maracaibo, Venezuela\",\"publisher\":{\"@id\":\"https:\\\/\\\/digital58.com.ve\\\/site\\\/#\\\/schema\\\/person\\\/64d1c2e4d0d4fd1b849980c4331c2951\"},\"alternateName\":\"ND58\",\"potentialAction\":[{\"@type\":\"SearchAction\",\"target\":{\"@type\":\"EntryPoint\",\"urlTemplate\":\"https:\\\/\\\/digital58.com.ve\\\/site\\\/?s={search_term_string}\"},\"query-input\":{\"@type\":\"PropertyValueSpecification\",\"valueRequired\":true,\"valueName\":\"search_term_string\"}}],\"inLanguage\":\"es\"},{\"@type\":[\"Person\",\"Organization\"],\"@id\":\"https:\\\/\\\/digital58.com.ve\\\/site\\\/#\\\/schema\\\/person\\\/64d1c2e4d0d4fd1b849980c4331c2951\",\"name\":\"Villasmil Henry\",\"image\":{\"@type\":\"ImageObject\",\"inLanguage\":\"es\",\"@id\":\"https:\\\/\\\/secure.gravatar.com\\\/avatar\\\/bb0c4a2fcb7970138239f7e404ea75757b1b507b28b5ce4c53fbd62d797c5a7c?s=96&d=mm&r=g\",\"url\":\"https:\\\/\\\/secure.gravatar.com\\\/avatar\\\/bb0c4a2fcb7970138239f7e404ea75757b1b507b28b5ce4c53fbd62d797c5a7c?s=96&d=mm&r=g\",\"contentUrl\":\"https:\\\/\\\/secure.gravatar.com\\\/avatar\\\/bb0c4a2fcb7970138239f7e404ea75757b1b507b28b5ce4c53fbd62d797c5a7c?s=96&d=mm&r=g\",\"caption\":\"Villasmil Henry\"},\"logo\":{\"@id\":\"https:\\\/\\\/secure.gravatar.com\\\/avatar\\\/bb0c4a2fcb7970138239f7e404ea75757b1b507b28b5ce4c53fbd62d797c5a7c?s=96&d=mm&r=g\"},\"sameAs\":[\"http:\\\/\\\/www.henryvillasmil.com.ve\",\"https:\\\/\\\/www.instagram.com\\\/villasmilhfoto\\\/\",\"https:\\\/\\\/x.com\\\/https:\\\/\\\/twitter.com\\\/villasmilhfoto\"]},{\"@type\":\"Person\",\"@id\":\"https:\\\/\\\/digital58.com.ve\\\/site\\\/#\\\/schema\\\/person\\\/38596b127602deaa13fbcd7585635238\",\"name\":\"Caren A\u00f1ez\",\"image\":{\"@type\":\"ImageObject\",\"inLanguage\":\"es\",\"@id\":\"https:\\\/\\\/secure.gravatar.com\\\/avatar\\\/53aadd693aa414991c9ff2f2b19c39be94d2c342463b80f5402d344911bc9782?s=96&d=mm&r=g\",\"url\":\"https:\\\/\\\/secure.gravatar.com\\\/avatar\\\/53aadd693aa414991c9ff2f2b19c39be94d2c342463b80f5402d344911bc9782?s=96&d=mm&r=g\",\"contentUrl\":\"https:\\\/\\\/secure.gravatar.com\\\/avatar\\\/53aadd693aa414991c9ff2f2b19c39be94d2c342463b80f5402d344911bc9782?s=96&d=mm&r=g\",\"caption\":\"Caren A\u00f1ez\"},\"description\":\"\ud83d\udc69\u200d\ud83c\udfa4Editora en @digital_58 \ud83d\udc69\ud83c\udffb\u200d\ud83c\udfebPeriodista musical y de entretenimiento. \ud83d\udcf8Fotografa \ud83d\udc69\ud83c\udffb\u200d\ud83d\udcbbMedia Management. \ud83d\udc69\u200d\ud83d\udc67\u200d\ud83d\udc67AspieMon 24\\\/7\",\"sameAs\":[\"https:\\\/\\\/www.instagram.com\\\/carenanez\\\/\",\"https:\\\/\\\/x.com\\\/carenanez\"],\"url\":\"https:\\\/\\\/digital58.com.ve\\\/site\\\/author\\\/carena21\\\/\"}]}<\/script>\n<!-- \/ Yoast SEO plugin. -->","yoast_head_json":{"title":"\u00abVenite pa' Maracaibo\u00bb la \u00f3pera prima de Carlos Daniel Alvarado","description":"Fama","robots":{"index":"index","follow":"follow","max-snippet":"max-snippet:-1","max-image-preview":"max-image-preview:large","max-video-preview":"max-video-preview:-1"},"canonical":"https:\/\/digital58.com.ve\/site\/2022\/06\/19\/venite-pa-maracaibo-la-opera-prima-de-carlos-daniel-alvarado\/","og_locale":"es_ES","og_type":"article","og_title":"\u00abVenite pa' Maracaibo\u00bb la \u00f3pera prima de Carlos Daniel Alvarado","og_description":"Fama","og_url":"https:\/\/digital58.com.ve\/site\/2022\/06\/19\/venite-pa-maracaibo-la-opera-prima-de-carlos-daniel-alvarado\/","og_site_name":"Noticias Digital58","article_published_time":"2022-06-19T21:49:29+00:00","og_image":[{"width":900,"height":600,"url":"https:\/\/digital58.com.ve\/site\/wp-content\/uploads\/2022\/06\/pelicula-venite-pa-maracaibo.jpg","type":"image\/jpeg"}],"author":"Caren A\u00f1ez","twitter_card":"summary_large_image","twitter_creator":"@carenanez","twitter_site":"@villasmilhfoto","twitter_misc":{"Escrito por":"Caren A\u00f1ez","Tiempo estimado de lectura":"3 minutos"},"schema":{"@context":"https:\/\/schema.org","@graph":[{"@type":"Article","@id":"https:\/\/digital58.com.ve\/site\/2022\/06\/19\/venite-pa-maracaibo-la-opera-prima-de-carlos-daniel-alvarado\/#article","isPartOf":{"@id":"https:\/\/digital58.com.ve\/site\/2022\/06\/19\/venite-pa-maracaibo-la-opera-prima-de-carlos-daniel-alvarado\/"},"author":{"name":"Caren A\u00f1ez","@id":"https:\/\/digital58.com.ve\/site\/#\/schema\/person\/38596b127602deaa13fbcd7585635238"},"headline":"\u00abVenite pa&#8217; Maracaibo\u00bb la \u00f3pera prima de Carlos Daniel Alvarado","datePublished":"2022-06-19T21:49:29+00:00","mainEntityOfPage":{"@id":"https:\/\/digital58.com.ve\/site\/2022\/06\/19\/venite-pa-maracaibo-la-opera-prima-de-carlos-daniel-alvarado\/"},"wordCount":416,"commentCount":0,"publisher":{"@id":"https:\/\/digital58.com.ve\/site\/#\/schema\/person\/64d1c2e4d0d4fd1b849980c4331c2951"},"image":{"@id":"https:\/\/digital58.com.ve\/site\/2022\/06\/19\/venite-pa-maracaibo-la-opera-prima-de-carlos-daniel-alvarado\/#primaryimage"},"thumbnailUrl":"https:\/\/digital58.com.ve\/site\/wp-content\/uploads\/2022\/06\/pelicula-venite-pa-maracaibo.jpg","keywords":["Artes Esc\u00e9nicas","Calle Carabobo","Carlos Daniel Alvarado","Cine","Entretenimiento","Jennifer Guerrero","Maracaibo","Mario Sudano","Nacionales","\u00d3pera prima","Pel\u00edculas","Regionales","Santa Lucia","Venezuela","Venite pa' Maracaibo","Yionesco Troconis","Zulia"],"articleSection":["Fama"],"inLanguage":"es","potentialAction":[{"@type":"CommentAction","name":"Comment","target":["https:\/\/digital58.com.ve\/site\/2022\/06\/19\/venite-pa-maracaibo-la-opera-prima-de-carlos-daniel-alvarado\/#respond"]}]},{"@type":"WebPage","@id":"https:\/\/digital58.com.ve\/site\/2022\/06\/19\/venite-pa-maracaibo-la-opera-prima-de-carlos-daniel-alvarado\/","url":"https:\/\/digital58.com.ve\/site\/2022\/06\/19\/venite-pa-maracaibo-la-opera-prima-de-carlos-daniel-alvarado\/","name":"\u00abVenite pa' Maracaibo\u00bb la \u00f3pera prima de Carlos Daniel Alvarado","isPartOf":{"@id":"https:\/\/digital58.com.ve\/site\/#website"},"primaryImageOfPage":{"@id":"https:\/\/digital58.com.ve\/site\/2022\/06\/19\/venite-pa-maracaibo-la-opera-prima-de-carlos-daniel-alvarado\/#primaryimage"},"image":{"@id":"https:\/\/digital58.com.ve\/site\/2022\/06\/19\/venite-pa-maracaibo-la-opera-prima-de-carlos-daniel-alvarado\/#primaryimage"},"thumbnailUrl":"https:\/\/digital58.com.ve\/site\/wp-content\/uploads\/2022\/06\/pelicula-venite-pa-maracaibo.jpg","datePublished":"2022-06-19T21:49:29+00:00","description":"Fama","breadcrumb":{"@id":"https:\/\/digital58.com.ve\/site\/2022\/06\/19\/venite-pa-maracaibo-la-opera-prima-de-carlos-daniel-alvarado\/#breadcrumb"},"inLanguage":"es","potentialAction":[{"@type":"ReadAction","target":["https:\/\/digital58.com.ve\/site\/2022\/06\/19\/venite-pa-maracaibo-la-opera-prima-de-carlos-daniel-alvarado\/"]}]},{"@type":"ImageObject","inLanguage":"es","@id":"https:\/\/digital58.com.ve\/site\/2022\/06\/19\/venite-pa-maracaibo-la-opera-prima-de-carlos-daniel-alvarado\/#primaryimage","url":"https:\/\/digital58.com.ve\/site\/wp-content\/uploads\/2022\/06\/pelicula-venite-pa-maracaibo.jpg","contentUrl":"https:\/\/digital58.com.ve\/site\/wp-content\/uploads\/2022\/06\/pelicula-venite-pa-maracaibo.jpg","width":900,"height":600},{"@type":"BreadcrumbList","@id":"https:\/\/digital58.com.ve\/site\/2022\/06\/19\/venite-pa-maracaibo-la-opera-prima-de-carlos-daniel-alvarado\/#breadcrumb","itemListElement":[{"@type":"ListItem","position":1,"name":"Home","item":"https:\/\/digital58.com.ve\/site\/"},{"@type":"ListItem","position":2,"name":"\u00abVenite pa&#8217; Maracaibo\u00bb la \u00f3pera prima de Carlos Daniel Alvarado"}]},{"@type":"WebSite","@id":"https:\/\/digital58.com.ve\/site\/#website","url":"https:\/\/digital58.com.ve\/site\/","name":"Noticias Digital58","description":"Portal de Noticias \u00a1Periodismo web de verdad! Lanzamiento web 22.11.2005 \/ Maracaibo, Venezuela","publisher":{"@id":"https:\/\/digital58.com.ve\/site\/#\/schema\/person\/64d1c2e4d0d4fd1b849980c4331c2951"},"alternateName":"ND58","potentialAction":[{"@type":"SearchAction","target":{"@type":"EntryPoint","urlTemplate":"https:\/\/digital58.com.ve\/site\/?s={search_term_string}"},"query-input":{"@type":"PropertyValueSpecification","valueRequired":true,"valueName":"search_term_string"}}],"inLanguage":"es"},{"@type":["Person","Organization"],"@id":"https:\/\/digital58.com.ve\/site\/#\/schema\/person\/64d1c2e4d0d4fd1b849980c4331c2951","name":"Villasmil Henry","image":{"@type":"ImageObject","inLanguage":"es","@id":"https:\/\/secure.gravatar.com\/avatar\/bb0c4a2fcb7970138239f7e404ea75757b1b507b28b5ce4c53fbd62d797c5a7c?s=96&d=mm&r=g","url":"https:\/\/secure.gravatar.com\/avatar\/bb0c4a2fcb7970138239f7e404ea75757b1b507b28b5ce4c53fbd62d797c5a7c?s=96&d=mm&r=g","contentUrl":"https:\/\/secure.gravatar.com\/avatar\/bb0c4a2fcb7970138239f7e404ea75757b1b507b28b5ce4c53fbd62d797c5a7c?s=96&d=mm&r=g","caption":"Villasmil Henry"},"logo":{"@id":"https:\/\/secure.gravatar.com\/avatar\/bb0c4a2fcb7970138239f7e404ea75757b1b507b28b5ce4c53fbd62d797c5a7c?s=96&d=mm&r=g"},"sameAs":["http:\/\/www.henryvillasmil.com.ve","https:\/\/www.instagram.com\/villasmilhfoto\/","https:\/\/x.com\/https:\/\/twitter.com\/villasmilhfoto"]},{"@type":"Person","@id":"https:\/\/digital58.com.ve\/site\/#\/schema\/person\/38596b127602deaa13fbcd7585635238","name":"Caren A\u00f1ez","image":{"@type":"ImageObject","inLanguage":"es","@id":"https:\/\/secure.gravatar.com\/avatar\/53aadd693aa414991c9ff2f2b19c39be94d2c342463b80f5402d344911bc9782?s=96&d=mm&r=g","url":"https:\/\/secure.gravatar.com\/avatar\/53aadd693aa414991c9ff2f2b19c39be94d2c342463b80f5402d344911bc9782?s=96&d=mm&r=g","contentUrl":"https:\/\/secure.gravatar.com\/avatar\/53aadd693aa414991c9ff2f2b19c39be94d2c342463b80f5402d344911bc9782?s=96&d=mm&r=g","caption":"Caren A\u00f1ez"},"description":"\ud83d\udc69\u200d\ud83c\udfa4Editora en @digital_58 \ud83d\udc69\ud83c\udffb\u200d\ud83c\udfebPeriodista musical y de entretenimiento. \ud83d\udcf8Fotografa \ud83d\udc69\ud83c\udffb\u200d\ud83d\udcbbMedia Management. \ud83d\udc69\u200d\ud83d\udc67\u200d\ud83d\udc67AspieMon 24\/7","sameAs":["https:\/\/www.instagram.com\/carenanez\/","https:\/\/x.com\/carenanez"],"url":"https:\/\/digital58.com.ve\/site\/author\/carena21\/"}]}},"uagb_featured_image_src":{"full":["https:\/\/digital58.com.ve\/site\/wp-content\/uploads\/2022\/06\/pelicula-venite-pa-maracaibo.jpg",900,600,false],"thumbnail":["https:\/\/digital58.com.ve\/site\/wp-content\/uploads\/2022\/06\/pelicula-venite-pa-maracaibo-150x150.jpg",150,150,true],"medium":["https:\/\/digital58.com.ve\/site\/wp-content\/uploads\/2022\/06\/pelicula-venite-pa-maracaibo-300x200.jpg",300,200,true],"medium_large":["https:\/\/digital58.com.ve\/site\/wp-content\/uploads\/2022\/06\/pelicula-venite-pa-maracaibo-768x512.jpg",768,512,true],"large":["https:\/\/digital58.com.ve\/site\/wp-content\/uploads\/2022\/06\/pelicula-venite-pa-maracaibo.jpg",800,533,false],"1536x1536":["https:\/\/digital58.com.ve\/site\/wp-content\/uploads\/2022\/06\/pelicula-venite-pa-maracaibo.jpg",900,600,false],"2048x2048":["https:\/\/digital58.com.ve\/site\/wp-content\/uploads\/2022\/06\/pelicula-venite-pa-maracaibo.jpg",900,600,false],"colormag-highlighted-post":["https:\/\/digital58.com.ve\/site\/wp-content\/uploads\/2022\/06\/pelicula-venite-pa-maracaibo.jpg",392,261,false],"colormag-featured-post-medium":["https:\/\/digital58.com.ve\/site\/wp-content\/uploads\/2022\/06\/pelicula-venite-pa-maracaibo.jpg",308,205,false],"colormag-featured-post-small":["https:\/\/digital58.com.ve\/site\/wp-content\/uploads\/2022\/06\/pelicula-venite-pa-maracaibo.jpg",130,87,false],"colormag-featured-image":["https:\/\/digital58.com.ve\/site\/wp-content\/uploads\/2022\/06\/pelicula-venite-pa-maracaibo.jpg",668,445,false],"colormag-default-news":["https:\/\/digital58.com.ve\/site\/wp-content\/uploads\/2022\/06\/pelicula-venite-pa-maracaibo.jpg",150,100,false],"colormag-featured-image-large":["https:\/\/digital58.com.ve\/site\/wp-content\/uploads\/2022\/06\/pelicula-venite-pa-maracaibo.jpg",900,600,false]},"uagb_author_info":{"display_name":"Caren A\u00f1ez","author_link":"https:\/\/digital58.com.ve\/site\/author\/carena21\/"},"uagb_comment_info":0,"uagb_excerpt":"Carlos Daniel Alvarado, esta vez incursiona en el cine dirigiendo su \u00f3pera prima. Maracaibo, 18 de junio de 2022 (ND58).-","_links":{"self":[{"href":"https:\/\/digital58.com.ve\/site\/wp-json\/wp\/v2\/posts\/153434","targetHints":{"allow":["GET"]}}],"collection":[{"href":"https:\/\/digital58.com.ve\/site\/wp-json\/wp\/v2\/posts"}],"about":[{"href":"https:\/\/digital58.com.ve\/site\/wp-json\/wp\/v2\/types\/post"}],"author":[{"embeddable":true,"href":"https:\/\/digital58.com.ve\/site\/wp-json\/wp\/v2\/users\/39"}],"replies":[{"embeddable":true,"href":"https:\/\/digital58.com.ve\/site\/wp-json\/wp\/v2\/comments?post=153434"}],"version-history":[{"count":0,"href":"https:\/\/digital58.com.ve\/site\/wp-json\/wp\/v2\/posts\/153434\/revisions"}],"wp:featuredmedia":[{"embeddable":true,"href":"https:\/\/digital58.com.ve\/site\/wp-json\/wp\/v2\/media\/153456"}],"wp:attachment":[{"href":"https:\/\/digital58.com.ve\/site\/wp-json\/wp\/v2\/media?parent=153434"}],"wp:term":[{"taxonomy":"category","embeddable":true,"href":"https:\/\/digital58.com.ve\/site\/wp-json\/wp\/v2\/categories?post=153434"},{"taxonomy":"post_tag","embeddable":true,"href":"https:\/\/digital58.com.ve\/site\/wp-json\/wp\/v2\/tags?post=153434"}],"curies":[{"name":"wp","href":"https:\/\/api.w.org\/{rel}","templated":true}]}}