{"id":153451,"date":"2022-06-19T15:22:47","date_gmt":"2022-06-19T19:22:47","guid":{"rendered":"https:\/\/digital58.com.ve\/site\/?p=153451"},"modified":"2022-06-19T15:22:47","modified_gmt":"2022-06-19T19:22:47","slug":"maduro-regresa-de-gira-internacional-y-afirma-que-trae-grandes-acuerdos","status":"publish","type":"post","link":"https:\/\/digital58.com.ve\/site\/2022\/06\/19\/maduro-regresa-de-gira-internacional-y-afirma-que-trae-grandes-acuerdos\/","title":{"rendered":"Maduro regresa de gira internacional y afirma que trae \u00abgrandes acuerdos\u00bb"},"content":{"rendered":"<p><a href=\"https:\/\/digital58.com.ve\/site\/wp-content\/uploads\/2022\/06\/maduro-gira.jpg\"><img loading=\"lazy\" decoding=\"async\" class=\"aligncenter size-full wp-image-153452\" src=\"https:\/\/digital58.com.ve\/site\/wp-content\/uploads\/2022\/06\/maduro-gira.jpg\" alt=\"\" width=\"900\" height=\"600\" srcset=\"https:\/\/digital58.com.ve\/site\/wp-content\/uploads\/2022\/06\/maduro-gira.jpg 900w, https:\/\/digital58.com.ve\/site\/wp-content\/uploads\/2022\/06\/maduro-gira-300x200.jpg 300w, https:\/\/digital58.com.ve\/site\/wp-content\/uploads\/2022\/06\/maduro-gira-768x512.jpg 768w, https:\/\/digital58.com.ve\/site\/wp-content\/uploads\/2022\/06\/maduro-gira-720x480.jpg 720w, https:\/\/digital58.com.ve\/site\/wp-content\/uploads\/2022\/06\/maduro-gira-480x320.jpg 480w\" sizes=\"auto, (max-width: 900px) 100vw, 900px\" \/><\/a><\/p>\n<p>La gira del presidente empez\u00f3 el pasado 7 de junio en Turqu\u00eda y sigui\u00f3 por Argelia, Ir\u00e1n, Kuwait, Catar y Azerbaiy\u00e1n.<\/p>\n<p><strong>Maracaibo, Zulia, Venezuela, 19 de junio de 2022 (ND58).-<\/strong> El presidente de Venezuela, Nicol\u00e1s Maduro, afirm\u00f3 este s\u00e1bado, tras su regreso de una gira por pa\u00edses euroasi\u00e1ticos y de \u00c1frica, que logr\u00f3 \u00abgrandes acuerdos\u00bb de inversi\u00f3n en materia petrolera, gas, alimentos, turismo y ciencia y tecnolog\u00eda.<\/p>\n<p>\u00abTraemos en nuestras manos grandes acuerdos en cuanto a inversi\u00f3n de petr\u00f3leo, gas, agricultura, alimentos, turismo, transporte a\u00e9reo, conexi\u00f3n, y en grandes acuerdos en algo fundamental, grandes acuerdos en materias de ciencia y tecnolog\u00eda\u00bb, indic\u00f3 el mandatario en declaraciones desde el Aeropuerto Internacional de Maiquet\u00eda, que sirve a Caracas.<\/p>\n<p>Maduro pidi\u00f3 a los j\u00f3venes venezolanos \u00abprepararse\u00bb para viajar a estos pa\u00edses para estudiar ciencia, tecnolog\u00eda e \u00abinnovaci\u00f3n del siglo XXI\u00bb.<\/p>\n<p>\u00abTraemos cientos de ofertas de cupos para estudiar en Argelia, Ir\u00e1n, Azerbaiy\u00e1n, Turqu\u00eda, donde ya tenemos un grupo importante de muchachos form\u00e1ndose y adem\u00e1s vienen muchachos de esos pa\u00edses a formarse en Venezuela, puertas abiertas, ciencia, tecnolog\u00eda, educaci\u00f3n, cultura, Venezuela abierta al mundo\u00bb, expres\u00f3.<\/p>\n<p>El mandatario se\u00f1al\u00f3 que esta fue una \u00abgira necesaria en el momento preciso\u00bb y la calific\u00f3 de exitosa.<\/p>\n<p>Sobre el inicio de estos acuerdos, explic\u00f3 que espera en las pr\u00f3ximas semanas la llegada de empresarios de Turqu\u00eda, Catar, Kuwait, Ir\u00e1n, Argelia y Azerbaiy\u00e1n a la naci\u00f3n caribe\u00f1a para firmar acuerdos \u00abespec\u00edficos\u00bb de inversi\u00f3n.<\/p>\n<p>\u00abYa a partir de esta semana vamos a hacer encuentros con los empresarios de todos estos pa\u00edses que llegan a Venezuela para firmar los acuerdos espec\u00edficos de inversi\u00f3n en gas, petr\u00f3leo, petroqu\u00edmica, refinaci\u00f3n, producci\u00f3n de alimentos en Venezuela\u00bb, apostill\u00f3.<\/p>\n<p>Maduro sostuvo que a estos pa\u00edses se les va a vender de manera \u00abcualitativa y exclusiva\u00bb alimentos que produzca Venezuela y el excedente ser\u00e1 para el mercado nacional u otras naciones, que no detall\u00f3.<\/p>\n<p>El pasado martes, el Parlamento de Venezuela respald\u00f3 los acuerdos suscritos por el mandatario en la gira que lo llev\u00f3 a seis pa\u00edses euroasi\u00e1ticos y de \u00c1frica.<\/p>\n<p>Los legisladores reconocieron la importancia de \u00ablos acuerdos de cooperaci\u00f3n estrat\u00e9gica pactados en las \u00e1reas econ\u00f3micas, cient\u00edficas, tecnol\u00f3gica, social, cultural, energ\u00e9tica y productiva para promover el desarrollo integral y bienestar social de los pueblos\u00bb, logrados por Maduro en este periplo.<\/p>\n<p>Por su parte, el diputado antichavista Timoteo Zambrano apunt\u00f3 que el recorrido de Maduro busca \u00abquebrar\u00bb el \u00abaislamiento\u00bb en que est\u00e1 Venezuela como resultado de las sanciones internacionales impuestas por Estados Unidos y la Uni\u00f3n Europea.<\/p>\n<p><strong>Redacci\u00f3n ND58 | Fuente: EFE<\/strong><br \/>\n<strong>Edici\u00f3n: Villasmil, Henry<\/strong><br \/>\n<strong>Gr\u00e1fica: EFE<\/strong><\/p>\n<p>&nbsp;<\/p><div class=\"qxiaz69f41f919bafa\" ><p style=\"text-align: center;\"><a href=\"https:\/\/t.me\/noticiasdigital58\" target=\"_blank\" rel=\"noopener\"><img class=\"aligncenter size-full wp-image-125363\" src=\"https:\/\/digital58.com.ve\/site\/wp-content\/uploads\/2021\/04\/banner-telegram-web-2021.png\" alt=\"\" width=\"600\" height=\"90\" \/><\/a><\/p><\/div><style type=\"text\/css\">\r\n@media screen and (min-width: 1201px) {\r\n.qxiaz69f41f919bafa {\r\ndisplay: block;\r\n}\r\n}\r\n@media screen and (min-width: 993px) and (max-width: 1200px) {\r\n.qxiaz69f41f919bafa {\r\ndisplay: block;\r\n}\r\n}\r\n@media screen and (min-width: 769px) and (max-width: 992px) {\r\n.qxiaz69f41f919bafa {\r\ndisplay: block;\r\n}\r\n}\r\n@media screen and (min-width: 768px) and (max-width: 768px) {\r\n.qxiaz69f41f919bafa {\r\ndisplay: block;\r\n}\r\n}\r\n@media screen and (max-width: 767px) {\r\n.qxiaz69f41f919bafa {\r\ndisplay: block;\r\n}\r\n}\r\n<\/style>\r\n\n<p>&nbsp;<\/p>\n<div style=\"margin-top: 0px; margin-bottom: 0px;\" class=\"sharethis-inline-share-buttons\" ><\/div>","protected":false},"excerpt":{"rendered":"<p>La gira del presidente empez\u00f3 el pasado 7 de junio en Turqu\u00eda y sigui\u00f3 por Argelia, Ir\u00e1n, Kuwait, Catar y<\/p>\n","protected":false},"author":1,"featured_media":153452,"comment_status":"open","ping_status":"closed","sticky":false,"template":"","format":"standard","meta":{"colormag_page_container_layout":"default_layout","colormag_page_sidebar_layout":"default_layout","_uag_custom_page_level_css":"","footnotes":""},"categories":[16454],"tags":[25684,4313,15944,29,12729,4324,28574,233,14182],"class_list":["post-153451","post","type-post","status-publish","format-standard","has-post-thumbnail","hentry","category-venezuela","tag-aeropuerto-internacional-de-maiquetia-simon-bolivar","tag-argelia","tag-azerbaiyan","tag-caracas","tag-catar","tag-iran","tag-kuwait","tag-nacionales","tag-nicolas-maduro-moros"],"yoast_head":"<!-- This site is optimized with the Yoast SEO plugin v27.5 - https:\/\/yoast.com\/product\/yoast-seo-wordpress\/ -->\n<title>Maduro regresa de gira internacional y afirma que trae \u00abgrandes acuerdos\u00bb<\/title>\n<meta name=\"description\" content=\"Venezuela\" \/>\n<meta name=\"robots\" content=\"index, follow, max-snippet:-1, max-image-preview:large, max-video-preview:-1\" \/>\n<link rel=\"canonical\" href=\"https:\/\/digital58.com.ve\/site\/2022\/06\/19\/maduro-regresa-de-gira-internacional-y-afirma-que-trae-grandes-acuerdos\/\" \/>\n<meta property=\"og:locale\" content=\"es_ES\" \/>\n<meta property=\"og:type\" content=\"article\" \/>\n<meta property=\"og:title\" content=\"Maduro regresa de gira internacional y afirma que trae \u00abgrandes acuerdos\u00bb\" \/>\n<meta property=\"og:description\" content=\"Venezuela\" \/>\n<meta property=\"og:url\" content=\"https:\/\/digital58.com.ve\/site\/2022\/06\/19\/maduro-regresa-de-gira-internacional-y-afirma-que-trae-grandes-acuerdos\/\" \/>\n<meta property=\"og:site_name\" content=\"Noticias Digital58\" \/>\n<meta property=\"article:published_time\" content=\"2022-06-19T19:22:47+00:00\" \/>\n<meta property=\"og:image\" content=\"https:\/\/digital58.com.ve\/site\/wp-content\/uploads\/2022\/06\/maduro-gira.jpg\" \/>\n\t<meta property=\"og:image:width\" content=\"900\" \/>\n\t<meta property=\"og:image:height\" content=\"600\" \/>\n\t<meta property=\"og:image:type\" content=\"image\/jpeg\" \/>\n<meta name=\"author\" content=\"Villasmil Henry\" \/>\n<meta name=\"twitter:card\" content=\"summary_large_image\" \/>\n<meta name=\"twitter:creator\" content=\"@https:\/\/twitter.com\/villasmilhfoto\" \/>\n<meta name=\"twitter:site\" content=\"@villasmilhfoto\" \/>\n<meta name=\"twitter:label1\" content=\"Escrito por\" \/>\n\t<meta name=\"twitter:data1\" content=\"Villasmil Henry\" \/>\n\t<meta name=\"twitter:label2\" content=\"Tiempo estimado de lectura\" \/>\n\t<meta name=\"twitter:data2\" content=\"3 minutos\" \/>\n<script type=\"application\/ld+json\" class=\"yoast-schema-graph\">{\"@context\":\"https:\\\/\\\/schema.org\",\"@graph\":[{\"@type\":\"Article\",\"@id\":\"https:\\\/\\\/digital58.com.ve\\\/site\\\/2022\\\/06\\\/19\\\/maduro-regresa-de-gira-internacional-y-afirma-que-trae-grandes-acuerdos\\\/#article\",\"isPartOf\":{\"@id\":\"https:\\\/\\\/digital58.com.ve\\\/site\\\/2022\\\/06\\\/19\\\/maduro-regresa-de-gira-internacional-y-afirma-que-trae-grandes-acuerdos\\\/\"},\"author\":{\"name\":\"Villasmil Henry\",\"@id\":\"https:\\\/\\\/digital58.com.ve\\\/site\\\/#\\\/schema\\\/person\\\/64d1c2e4d0d4fd1b849980c4331c2951\"},\"headline\":\"Maduro regresa de gira internacional y afirma que trae \u00abgrandes acuerdos\u00bb\",\"datePublished\":\"2022-06-19T19:22:47+00:00\",\"mainEntityOfPage\":{\"@id\":\"https:\\\/\\\/digital58.com.ve\\\/site\\\/2022\\\/06\\\/19\\\/maduro-regresa-de-gira-internacional-y-afirma-que-trae-grandes-acuerdos\\\/\"},\"wordCount\":486,\"commentCount\":0,\"publisher\":{\"@id\":\"https:\\\/\\\/digital58.com.ve\\\/site\\\/#\\\/schema\\\/person\\\/64d1c2e4d0d4fd1b849980c4331c2951\"},\"image\":{\"@id\":\"https:\\\/\\\/digital58.com.ve\\\/site\\\/2022\\\/06\\\/19\\\/maduro-regresa-de-gira-internacional-y-afirma-que-trae-grandes-acuerdos\\\/#primaryimage\"},\"thumbnailUrl\":\"https:\\\/\\\/digital58.com.ve\\\/site\\\/wp-content\\\/uploads\\\/2022\\\/06\\\/maduro-gira.jpg\",\"keywords\":[\"Aeropuerto Internacional de Maiquet\u00eda \u00abSim\u00f3n Bol\u00edvar\u00bb\",\"Argelia\",\"Azerbaiy\u00e1n\",\"Caracas\",\"Catar\",\"Ir\u00e1n\",\"Kuwait\",\"Nacionales\",\"Nicol\u00e1s Maduro Moros\"],\"articleSection\":[\"Venezuela\"],\"inLanguage\":\"es\",\"potentialAction\":[{\"@type\":\"CommentAction\",\"name\":\"Comment\",\"target\":[\"https:\\\/\\\/digital58.com.ve\\\/site\\\/2022\\\/06\\\/19\\\/maduro-regresa-de-gira-internacional-y-afirma-que-trae-grandes-acuerdos\\\/#respond\"]}]},{\"@type\":\"WebPage\",\"@id\":\"https:\\\/\\\/digital58.com.ve\\\/site\\\/2022\\\/06\\\/19\\\/maduro-regresa-de-gira-internacional-y-afirma-que-trae-grandes-acuerdos\\\/\",\"url\":\"https:\\\/\\\/digital58.com.ve\\\/site\\\/2022\\\/06\\\/19\\\/maduro-regresa-de-gira-internacional-y-afirma-que-trae-grandes-acuerdos\\\/\",\"name\":\"Maduro regresa de gira internacional y afirma que trae \u00abgrandes acuerdos\u00bb\",\"isPartOf\":{\"@id\":\"https:\\\/\\\/digital58.com.ve\\\/site\\\/#website\"},\"primaryImageOfPage\":{\"@id\":\"https:\\\/\\\/digital58.com.ve\\\/site\\\/2022\\\/06\\\/19\\\/maduro-regresa-de-gira-internacional-y-afirma-que-trae-grandes-acuerdos\\\/#primaryimage\"},\"image\":{\"@id\":\"https:\\\/\\\/digital58.com.ve\\\/site\\\/2022\\\/06\\\/19\\\/maduro-regresa-de-gira-internacional-y-afirma-que-trae-grandes-acuerdos\\\/#primaryimage\"},\"thumbnailUrl\":\"https:\\\/\\\/digital58.com.ve\\\/site\\\/wp-content\\\/uploads\\\/2022\\\/06\\\/maduro-gira.jpg\",\"datePublished\":\"2022-06-19T19:22:47+00:00\",\"description\":\"Venezuela\",\"breadcrumb\":{\"@id\":\"https:\\\/\\\/digital58.com.ve\\\/site\\\/2022\\\/06\\\/19\\\/maduro-regresa-de-gira-internacional-y-afirma-que-trae-grandes-acuerdos\\\/#breadcrumb\"},\"inLanguage\":\"es\",\"potentialAction\":[{\"@type\":\"ReadAction\",\"target\":[\"https:\\\/\\\/digital58.com.ve\\\/site\\\/2022\\\/06\\\/19\\\/maduro-regresa-de-gira-internacional-y-afirma-que-trae-grandes-acuerdos\\\/\"]}]},{\"@type\":\"ImageObject\",\"inLanguage\":\"es\",\"@id\":\"https:\\\/\\\/digital58.com.ve\\\/site\\\/2022\\\/06\\\/19\\\/maduro-regresa-de-gira-internacional-y-afirma-que-trae-grandes-acuerdos\\\/#primaryimage\",\"url\":\"https:\\\/\\\/digital58.com.ve\\\/site\\\/wp-content\\\/uploads\\\/2022\\\/06\\\/maduro-gira.jpg\",\"contentUrl\":\"https:\\\/\\\/digital58.com.ve\\\/site\\\/wp-content\\\/uploads\\\/2022\\\/06\\\/maduro-gira.jpg\",\"width\":900,\"height\":600},{\"@type\":\"BreadcrumbList\",\"@id\":\"https:\\\/\\\/digital58.com.ve\\\/site\\\/2022\\\/06\\\/19\\\/maduro-regresa-de-gira-internacional-y-afirma-que-trae-grandes-acuerdos\\\/#breadcrumb\",\"itemListElement\":[{\"@type\":\"ListItem\",\"position\":1,\"name\":\"Home\",\"item\":\"https:\\\/\\\/digital58.com.ve\\\/site\\\/\"},{\"@type\":\"ListItem\",\"position\":2,\"name\":\"Maduro regresa de gira internacional y afirma que trae \u00abgrandes acuerdos\u00bb\"}]},{\"@type\":\"WebSite\",\"@id\":\"https:\\\/\\\/digital58.com.ve\\\/site\\\/#website\",\"url\":\"https:\\\/\\\/digital58.com.ve\\\/site\\\/\",\"name\":\"Noticias Digital58\",\"description\":\"Portal de Noticias \u00a1Periodismo web de verdad! Lanzamiento web 22.11.2005 \\\/ Maracaibo, Venezuela\",\"publisher\":{\"@id\":\"https:\\\/\\\/digital58.com.ve\\\/site\\\/#\\\/schema\\\/person\\\/64d1c2e4d0d4fd1b849980c4331c2951\"},\"alternateName\":\"ND58\",\"potentialAction\":[{\"@type\":\"SearchAction\",\"target\":{\"@type\":\"EntryPoint\",\"urlTemplate\":\"https:\\\/\\\/digital58.com.ve\\\/site\\\/?s={search_term_string}\"},\"query-input\":{\"@type\":\"PropertyValueSpecification\",\"valueRequired\":true,\"valueName\":\"search_term_string\"}}],\"inLanguage\":\"es\"},{\"@type\":[\"Person\",\"Organization\"],\"@id\":\"https:\\\/\\\/digital58.com.ve\\\/site\\\/#\\\/schema\\\/person\\\/64d1c2e4d0d4fd1b849980c4331c2951\",\"name\":\"Villasmil Henry\",\"image\":{\"@type\":\"ImageObject\",\"inLanguage\":\"es\",\"@id\":\"https:\\\/\\\/secure.gravatar.com\\\/avatar\\\/bb0c4a2fcb7970138239f7e404ea75757b1b507b28b5ce4c53fbd62d797c5a7c?s=96&d=mm&r=g\",\"url\":\"https:\\\/\\\/secure.gravatar.com\\\/avatar\\\/bb0c4a2fcb7970138239f7e404ea75757b1b507b28b5ce4c53fbd62d797c5a7c?s=96&d=mm&r=g\",\"contentUrl\":\"https:\\\/\\\/secure.gravatar.com\\\/avatar\\\/bb0c4a2fcb7970138239f7e404ea75757b1b507b28b5ce4c53fbd62d797c5a7c?s=96&d=mm&r=g\",\"caption\":\"Villasmil Henry\"},\"logo\":{\"@id\":\"https:\\\/\\\/secure.gravatar.com\\\/avatar\\\/bb0c4a2fcb7970138239f7e404ea75757b1b507b28b5ce4c53fbd62d797c5a7c?s=96&d=mm&r=g\"},\"sameAs\":[\"http:\\\/\\\/www.henryvillasmil.com.ve\",\"https:\\\/\\\/www.instagram.com\\\/villasmilhfoto\\\/\",\"https:\\\/\\\/x.com\\\/https:\\\/\\\/twitter.com\\\/villasmilhfoto\"],\"url\":\"https:\\\/\\\/digital58.com.ve\\\/site\\\/author\\\/droopy_68\\\/\"}]}<\/script>\n<!-- \/ Yoast SEO plugin. -->","yoast_head_json":{"title":"Maduro regresa de gira internacional y afirma que trae \u00abgrandes acuerdos\u00bb","description":"Venezuela","robots":{"index":"index","follow":"follow","max-snippet":"max-snippet:-1","max-image-preview":"max-image-preview:large","max-video-preview":"max-video-preview:-1"},"canonical":"https:\/\/digital58.com.ve\/site\/2022\/06\/19\/maduro-regresa-de-gira-internacional-y-afirma-que-trae-grandes-acuerdos\/","og_locale":"es_ES","og_type":"article","og_title":"Maduro regresa de gira internacional y afirma que trae \u00abgrandes acuerdos\u00bb","og_description":"Venezuela","og_url":"https:\/\/digital58.com.ve\/site\/2022\/06\/19\/maduro-regresa-de-gira-internacional-y-afirma-que-trae-grandes-acuerdos\/","og_site_name":"Noticias Digital58","article_published_time":"2022-06-19T19:22:47+00:00","og_image":[{"width":900,"height":600,"url":"https:\/\/digital58.com.ve\/site\/wp-content\/uploads\/2022\/06\/maduro-gira.jpg","type":"image\/jpeg"}],"author":"Villasmil Henry","twitter_card":"summary_large_image","twitter_creator":"@https:\/\/twitter.com\/villasmilhfoto","twitter_site":"@villasmilhfoto","twitter_misc":{"Escrito por":"Villasmil Henry","Tiempo estimado de lectura":"3 minutos"},"schema":{"@context":"https:\/\/schema.org","@graph":[{"@type":"Article","@id":"https:\/\/digital58.com.ve\/site\/2022\/06\/19\/maduro-regresa-de-gira-internacional-y-afirma-que-trae-grandes-acuerdos\/#article","isPartOf":{"@id":"https:\/\/digital58.com.ve\/site\/2022\/06\/19\/maduro-regresa-de-gira-internacional-y-afirma-que-trae-grandes-acuerdos\/"},"author":{"name":"Villasmil Henry","@id":"https:\/\/digital58.com.ve\/site\/#\/schema\/person\/64d1c2e4d0d4fd1b849980c4331c2951"},"headline":"Maduro regresa de gira internacional y afirma que trae \u00abgrandes acuerdos\u00bb","datePublished":"2022-06-19T19:22:47+00:00","mainEntityOfPage":{"@id":"https:\/\/digital58.com.ve\/site\/2022\/06\/19\/maduro-regresa-de-gira-internacional-y-afirma-que-trae-grandes-acuerdos\/"},"wordCount":486,"commentCount":0,"publisher":{"@id":"https:\/\/digital58.com.ve\/site\/#\/schema\/person\/64d1c2e4d0d4fd1b849980c4331c2951"},"image":{"@id":"https:\/\/digital58.com.ve\/site\/2022\/06\/19\/maduro-regresa-de-gira-internacional-y-afirma-que-trae-grandes-acuerdos\/#primaryimage"},"thumbnailUrl":"https:\/\/digital58.com.ve\/site\/wp-content\/uploads\/2022\/06\/maduro-gira.jpg","keywords":["Aeropuerto Internacional de Maiquet\u00eda \u00abSim\u00f3n Bol\u00edvar\u00bb","Argelia","Azerbaiy\u00e1n","Caracas","Catar","Ir\u00e1n","Kuwait","Nacionales","Nicol\u00e1s Maduro Moros"],"articleSection":["Venezuela"],"inLanguage":"es","potentialAction":[{"@type":"CommentAction","name":"Comment","target":["https:\/\/digital58.com.ve\/site\/2022\/06\/19\/maduro-regresa-de-gira-internacional-y-afirma-que-trae-grandes-acuerdos\/#respond"]}]},{"@type":"WebPage","@id":"https:\/\/digital58.com.ve\/site\/2022\/06\/19\/maduro-regresa-de-gira-internacional-y-afirma-que-trae-grandes-acuerdos\/","url":"https:\/\/digital58.com.ve\/site\/2022\/06\/19\/maduro-regresa-de-gira-internacional-y-afirma-que-trae-grandes-acuerdos\/","name":"Maduro regresa de gira internacional y afirma que trae \u00abgrandes acuerdos\u00bb","isPartOf":{"@id":"https:\/\/digital58.com.ve\/site\/#website"},"primaryImageOfPage":{"@id":"https:\/\/digital58.com.ve\/site\/2022\/06\/19\/maduro-regresa-de-gira-internacional-y-afirma-que-trae-grandes-acuerdos\/#primaryimage"},"image":{"@id":"https:\/\/digital58.com.ve\/site\/2022\/06\/19\/maduro-regresa-de-gira-internacional-y-afirma-que-trae-grandes-acuerdos\/#primaryimage"},"thumbnailUrl":"https:\/\/digital58.com.ve\/site\/wp-content\/uploads\/2022\/06\/maduro-gira.jpg","datePublished":"2022-06-19T19:22:47+00:00","description":"Venezuela","breadcrumb":{"@id":"https:\/\/digital58.com.ve\/site\/2022\/06\/19\/maduro-regresa-de-gira-internacional-y-afirma-que-trae-grandes-acuerdos\/#breadcrumb"},"inLanguage":"es","potentialAction":[{"@type":"ReadAction","target":["https:\/\/digital58.com.ve\/site\/2022\/06\/19\/maduro-regresa-de-gira-internacional-y-afirma-que-trae-grandes-acuerdos\/"]}]},{"@type":"ImageObject","inLanguage":"es","@id":"https:\/\/digital58.com.ve\/site\/2022\/06\/19\/maduro-regresa-de-gira-internacional-y-afirma-que-trae-grandes-acuerdos\/#primaryimage","url":"https:\/\/digital58.com.ve\/site\/wp-content\/uploads\/2022\/06\/maduro-gira.jpg","contentUrl":"https:\/\/digital58.com.ve\/site\/wp-content\/uploads\/2022\/06\/maduro-gira.jpg","width":900,"height":600},{"@type":"BreadcrumbList","@id":"https:\/\/digital58.com.ve\/site\/2022\/06\/19\/maduro-regresa-de-gira-internacional-y-afirma-que-trae-grandes-acuerdos\/#breadcrumb","itemListElement":[{"@type":"ListItem","position":1,"name":"Home","item":"https:\/\/digital58.com.ve\/site\/"},{"@type":"ListItem","position":2,"name":"Maduro regresa de gira internacional y afirma que trae \u00abgrandes acuerdos\u00bb"}]},{"@type":"WebSite","@id":"https:\/\/digital58.com.ve\/site\/#website","url":"https:\/\/digital58.com.ve\/site\/","name":"Noticias Digital58","description":"Portal de Noticias \u00a1Periodismo web de verdad! Lanzamiento web 22.11.2005 \/ Maracaibo, Venezuela","publisher":{"@id":"https:\/\/digital58.com.ve\/site\/#\/schema\/person\/64d1c2e4d0d4fd1b849980c4331c2951"},"alternateName":"ND58","potentialAction":[{"@type":"SearchAction","target":{"@type":"EntryPoint","urlTemplate":"https:\/\/digital58.com.ve\/site\/?s={search_term_string}"},"query-input":{"@type":"PropertyValueSpecification","valueRequired":true,"valueName":"search_term_string"}}],"inLanguage":"es"},{"@type":["Person","Organization"],"@id":"https:\/\/digital58.com.ve\/site\/#\/schema\/person\/64d1c2e4d0d4fd1b849980c4331c2951","name":"Villasmil Henry","image":{"@type":"ImageObject","inLanguage":"es","@id":"https:\/\/secure.gravatar.com\/avatar\/bb0c4a2fcb7970138239f7e404ea75757b1b507b28b5ce4c53fbd62d797c5a7c?s=96&d=mm&r=g","url":"https:\/\/secure.gravatar.com\/avatar\/bb0c4a2fcb7970138239f7e404ea75757b1b507b28b5ce4c53fbd62d797c5a7c?s=96&d=mm&r=g","contentUrl":"https:\/\/secure.gravatar.com\/avatar\/bb0c4a2fcb7970138239f7e404ea75757b1b507b28b5ce4c53fbd62d797c5a7c?s=96&d=mm&r=g","caption":"Villasmil Henry"},"logo":{"@id":"https:\/\/secure.gravatar.com\/avatar\/bb0c4a2fcb7970138239f7e404ea75757b1b507b28b5ce4c53fbd62d797c5a7c?s=96&d=mm&r=g"},"sameAs":["http:\/\/www.henryvillasmil.com.ve","https:\/\/www.instagram.com\/villasmilhfoto\/","https:\/\/x.com\/https:\/\/twitter.com\/villasmilhfoto"],"url":"https:\/\/digital58.com.ve\/site\/author\/droopy_68\/"}]}},"uagb_featured_image_src":{"full":["https:\/\/digital58.com.ve\/site\/wp-content\/uploads\/2022\/06\/maduro-gira.jpg",900,600,false],"thumbnail":["https:\/\/digital58.com.ve\/site\/wp-content\/uploads\/2022\/06\/maduro-gira-150x150.jpg",150,150,true],"medium":["https:\/\/digital58.com.ve\/site\/wp-content\/uploads\/2022\/06\/maduro-gira-300x200.jpg",300,200,true],"medium_large":["https:\/\/digital58.com.ve\/site\/wp-content\/uploads\/2022\/06\/maduro-gira-768x512.jpg",768,512,true],"large":["https:\/\/digital58.com.ve\/site\/wp-content\/uploads\/2022\/06\/maduro-gira.jpg",800,533,false],"1536x1536":["https:\/\/digital58.com.ve\/site\/wp-content\/uploads\/2022\/06\/maduro-gira.jpg",900,600,false],"2048x2048":["https:\/\/digital58.com.ve\/site\/wp-content\/uploads\/2022\/06\/maduro-gira.jpg",900,600,false],"colormag-highlighted-post":["https:\/\/digital58.com.ve\/site\/wp-content\/uploads\/2022\/06\/maduro-gira.jpg",392,261,false],"colormag-featured-post-medium":["https:\/\/digital58.com.ve\/site\/wp-content\/uploads\/2022\/06\/maduro-gira.jpg",308,205,false],"colormag-featured-post-small":["https:\/\/digital58.com.ve\/site\/wp-content\/uploads\/2022\/06\/maduro-gira.jpg",130,87,false],"colormag-featured-image":["https:\/\/digital58.com.ve\/site\/wp-content\/uploads\/2022\/06\/maduro-gira.jpg",668,445,false],"colormag-default-news":["https:\/\/digital58.com.ve\/site\/wp-content\/uploads\/2022\/06\/maduro-gira.jpg",150,100,false],"colormag-featured-image-large":["https:\/\/digital58.com.ve\/site\/wp-content\/uploads\/2022\/06\/maduro-gira.jpg",900,600,false]},"uagb_author_info":{"display_name":"Villasmil Henry","author_link":"https:\/\/digital58.com.ve\/site\/author\/droopy_68\/"},"uagb_comment_info":0,"uagb_excerpt":"La gira del presidente empez\u00f3 el pasado 7 de junio en Turqu\u00eda y sigui\u00f3 por Argelia, Ir\u00e1n, Kuwait, Catar y","_links":{"self":[{"href":"https:\/\/digital58.com.ve\/site\/wp-json\/wp\/v2\/posts\/153451","targetHints":{"allow":["GET"]}}],"collection":[{"href":"https:\/\/digital58.com.ve\/site\/wp-json\/wp\/v2\/posts"}],"about":[{"href":"https:\/\/digital58.com.ve\/site\/wp-json\/wp\/v2\/types\/post"}],"author":[{"embeddable":true,"href":"https:\/\/digital58.com.ve\/site\/wp-json\/wp\/v2\/users\/1"}],"replies":[{"embeddable":true,"href":"https:\/\/digital58.com.ve\/site\/wp-json\/wp\/v2\/comments?post=153451"}],"version-history":[{"count":0,"href":"https:\/\/digital58.com.ve\/site\/wp-json\/wp\/v2\/posts\/153451\/revisions"}],"wp:featuredmedia":[{"embeddable":true,"href":"https:\/\/digital58.com.ve\/site\/wp-json\/wp\/v2\/media\/153452"}],"wp:attachment":[{"href":"https:\/\/digital58.com.ve\/site\/wp-json\/wp\/v2\/media?parent=153451"}],"wp:term":[{"taxonomy":"category","embeddable":true,"href":"https:\/\/digital58.com.ve\/site\/wp-json\/wp\/v2\/categories?post=153451"},{"taxonomy":"post_tag","embeddable":true,"href":"https:\/\/digital58.com.ve\/site\/wp-json\/wp\/v2\/tags?post=153451"}],"curies":[{"name":"wp","href":"https:\/\/api.w.org\/{rel}","templated":true}]}}