{"id":154378,"date":"2022-07-15T08:33:36","date_gmt":"2022-07-15T12:33:36","guid":{"rendered":"https:\/\/digital58.com.ve\/site\/?p=154378"},"modified":"2022-07-15T08:33:36","modified_gmt":"2022-07-15T12:33:36","slug":"primer-ministro-de-sri-lanka-ranil-wickremesinghe-asume-como-presidente-interino","status":"publish","type":"post","link":"https:\/\/digital58.com.ve\/site\/2022\/07\/15\/primer-ministro-de-sri-lanka-ranil-wickremesinghe-asume-como-presidente-interino\/","title":{"rendered":"Primer ministro de Sri Lanka Ranil Wickremesinghe asume como presidente interino"},"content":{"rendered":"<p><a href=\"https:\/\/digital58.com.ve\/site\/wp-content\/uploads\/2022\/07\/Ranil-Wickremesinghe.jpg\"><img loading=\"lazy\" decoding=\"async\" class=\"aligncenter size-full wp-image-154379\" src=\"https:\/\/digital58.com.ve\/site\/wp-content\/uploads\/2022\/07\/Ranil-Wickremesinghe.jpg\" alt=\"\" width=\"900\" height=\"642\" srcset=\"https:\/\/digital58.com.ve\/site\/wp-content\/uploads\/2022\/07\/Ranil-Wickremesinghe.jpg 800w, https:\/\/digital58.com.ve\/site\/wp-content\/uploads\/2022\/07\/Ranil-Wickremesinghe-300x214.jpg 300w, https:\/\/digital58.com.ve\/site\/wp-content\/uploads\/2022\/07\/Ranil-Wickremesinghe-768x548.jpg 768w\" sizes=\"auto, (max-width: 900px) 100vw, 900px\" \/><\/a><\/p>\n<p>Huido en Singapur, el expresidente electo en 2019, deleg\u00f3 antes de abandonar el mi\u00e9rcoles Sri Lanka su poder en el primer ministro, Ranil Wickremesinghe, quien asumi\u00f3 entonces el cargo en funciones, y tras hacerse hoy oficial la dimisi\u00f3n de Rajapaksa, ha tomado posesi\u00f3n de la Jefatura de Estado de forma interina.<\/p>\n<p><strong>Colombo, Sri Lanka, 15 de julio de 2022 (ND58).-<\/strong> Sri Lanka celebr\u00f3 este viernes el \u00e9xito de una revuelta social hist\u00f3rica que despu\u00e9s de m\u00e1s de tres meses de protestas masivas ha logrado su principal objetivo, la dimisi\u00f3n del jefe de Estado Gotabaya Rajapaksa, convirti\u00e9ndole en el primer presidente del pa\u00eds en renunciar a su cargo.<\/p>\n<p>Ranil Wickremesinghe ostentar\u00e1 dicho puesto previsiblemente hasta el pr\u00f3ximo 20 de julio, cuando el Parlamento designe tras una votaci\u00f3n secreta de los 225 diputados al nuevo presidente encargado de reconducir la severa crisis econ\u00f3mica e institucional que atraviesa el pa\u00eds insular.<\/p>\n<p><strong>UNA DIMISI\u00d3N ANTICIPADA<\/strong><\/p>\n<p>Tras el asalto el pasado s\u00e1bado, de las residencias oficiales de Rajapaksa y de Wickremesinghe, entonces primer ministro, en la jornada m\u00e1s cr\u00edtica de las manifestaciones, ambos se vieron obligados a huir y manifestaron su decisi\u00f3n de dimitir.<\/p>\n<p>Sin embargo, solo Rajapaksa se mantuvo firme en su decisi\u00f3n, y pese a que retras\u00f3 el anuncio que se esperaba que se hiciera efectivo el mi\u00e9rcoles, finalmente mand\u00f3 ayer desde Singapur su carta de dimisi\u00f3n a trav\u00e9s de un enviado diplom\u00e1tico.<\/p>\n<p>Una vez que se autentic\u00f3 la carta esta ma\u00f1ana, el presidente del Parlamento revel\u00f3 lo que era un secreto a voces y oficializ\u00f3 la renuncia de Rajapaksa, la primera de un presidente desde que el pa\u00eds adopt\u00f3 el sistema presidencial de gobierno en 1978.<\/p>\n<p>Sin tiempo que perder, Wickremesinghe, presidente en funciones desde la marcha de Rajapaksa, tom\u00f3 a las pocas horas posesi\u00f3n de su cargo y comunic\u00f3 que se encargar\u00eda de crear un ambiente seguro para que los parlamentarios pudieran designar al nuevo presidente el 20 de julio.<\/p>\n<p>Para alcanzar ese objetivo, el presidente del Parlamento convoc\u00f3 ma\u00f1ana una sesi\u00f3n extraordinaria donde empezaran a discutir sobre los posibles candidatos a ocupar la Jefatura del Estado.<\/p>\n<p><strong>JORNADA FESTIVA<\/strong><\/p>\n<p>La alegr\u00eda se apoder\u00f3 de las calles de Colombo desde bien entrada la madrugada, cuando a sabiendas de la inminencia de la dimisi\u00f3n del presidente, la gente comenz\u00f3 a celebrar el \u00e9xito de unas protestas que exig\u00edan desde finales de marzo la renuncia de Rajapaksa por su gesti\u00f3n de la crisis econ\u00f3mica.<\/p>\n<p>\u00abEl anuncio de la dimisi\u00f3n por la ma\u00f1ana no era nada nuevo para nosotros. Por la noche supimos que el presidente del Parlamento recibi\u00f3 la renuncia, as\u00ed que tiramos petardos, tocamos m\u00fasica y celebramos por la noche\u00bb, dijo a Efe Buddhi Prabodha Karunaratne, uno de los manifestantes.<\/p>\n<p>Una vez se hizo efectivo el fin del mandato de Rajapaksa, r\u00e1pidamente comenzaron las convocatorias para que la gente se concentrase en el parque Galle Face, epicentro de las protestas desde sus inicios.<\/p>\n<p>Y es que la renuncia del expresidente no es suficiente para la mayor\u00eda de los manifestantes, que piden que Wickremesinghe corra su misma suerte.<\/p>\n<p>\u00abEl enemigo com\u00fan se ha ido, pero ahora una persona mucho m\u00e1s peligrosa est\u00e1 en el poder. Ranil (Wickremesinghe) necesita ser ahuyentado. Debemos permitir que el Parlamento se re\u00fana y haga el trabajo de acuerdo con la Constituci\u00f3n\u00bb, afirm\u00f3 a Efe Erandi de Alwis, otra de los miles de personas que reclaman la dimisi\u00f3n del presidente encargado.<\/p>\n<p><strong>RETOMAR EL RESCATE FINANCIERO<\/strong><\/p>\n<p>Sri Lanka afronta la peor crisis econ\u00f3mica desde su independencia del imperio brit\u00e1nico en 1948, provocada en parte por el gran endeudamiento, erradas pol\u00edticas gubernamentales, y el impacto de los atentados de Pascua y la pandemia del coronavirus en el turismo.<\/p>\n<p>Con las reservas internacionales marcando m\u00ednimos hist\u00f3ricos y la decisi\u00f3n de suspender los pagos de su deuda exterior el pasado abril, Sri Lanka se acerc\u00f3 al FMI en busca de una l\u00ednea de cr\u00e9dito para restaurar la estabilidad fiscal, al tiempo que intenta alcanzar acuerdos con sus prestamistas para la reestructuraci\u00f3n de la deuda.<\/p>\n<p>En el marco de estas negociaciones, ahora paralizadas a la espera de que el futuro presidente nombre un nuevo Gobierno, el Fondo Monetario Internacional manifest\u00f3 hoy su intenci\u00f3n de retomar las negociaciones para un programa de rescate urgente, una vez se resuelva la crisis institucional que atraviesa la isla.<\/p>\n<p>\u00abEsperamos una resoluci\u00f3n que permita retomar el di\u00e1logo sobre un programa de asistencia del FMI\u00bb, afirm\u00f3 hoy el portavoz del ente financiero, Gerry Rice, en una declaraci\u00f3n de v\u00eddeo publicada en Twitter.<\/p>\n<p>Tras la \u00faltima visita oficial del FMI a la isla la \u00faltima semana de junio, Wickremesinghe anunci\u00f3 que confiaba en poder oficializar el rescate a finales de julio, pero el estallido de esta nueva crisis pol\u00edtica retrasar\u00e1 varias semanas la culminaci\u00f3n de ese acuerdo.<\/p><div class=\"cptor69f2041f561d7\" ><p style=\"text-align: center;\"><a href=\"https:\/\/t.me\/noticiasdigital58\" target=\"_blank\" rel=\"noopener\"><img class=\"aligncenter size-full wp-image-125363\" src=\"https:\/\/digital58.com.ve\/site\/wp-content\/uploads\/2021\/04\/banner-telegram-web-2021.png\" alt=\"\" width=\"600\" height=\"90\" \/><\/a><\/p><\/div><style type=\"text\/css\">\r\n@media screen and (min-width: 1201px) {\r\n.cptor69f2041f561d7 {\r\ndisplay: block;\r\n}\r\n}\r\n@media screen and (min-width: 993px) and (max-width: 1200px) {\r\n.cptor69f2041f561d7 {\r\ndisplay: block;\r\n}\r\n}\r\n@media screen and (min-width: 769px) and (max-width: 992px) {\r\n.cptor69f2041f561d7 {\r\ndisplay: block;\r\n}\r\n}\r\n@media screen and (min-width: 768px) and (max-width: 768px) {\r\n.cptor69f2041f561d7 {\r\ndisplay: block;\r\n}\r\n}\r\n@media screen and (max-width: 767px) {\r\n.cptor69f2041f561d7 {\r\ndisplay: block;\r\n}\r\n}\r\n<\/style>\r\n\n<p><strong>Redacci\u00f3n ND58 | Aanya Wipulasena\/EFE<\/strong><br \/>\n<strong>Edici\u00f3n: Villasmil, Henry<\/strong><br \/>\n<strong>Gr\u00e1fica: EFE<\/strong><\/p>\n<div style=\"margin-top: 0px; margin-bottom: 0px;\" class=\"sharethis-inline-share-buttons\" ><\/div>","protected":false},"excerpt":{"rendered":"<p>Huido en Singapur, el expresidente electo en 2019, deleg\u00f3 antes de abandonar el mi\u00e9rcoles Sri Lanka su poder en el<\/p>\n","protected":false},"author":1,"featured_media":154379,"comment_status":"open","ping_status":"closed","sticky":false,"template":"","format":"standard","meta":{"colormag_page_container_layout":"default_layout","colormag_page_sidebar_layout":"default_layout","_uag_custom_page_level_css":"","footnotes":""},"categories":[16451],"tags":[28827,13943,28828,2031,8,16721,17233,28825,28826],"class_list":["post-154378","post","type-post","status-publish","format-standard","has-post-thumbnail","hentry","category-mundo","tag-colombo","tag-crisis-economica","tag-gotabaya-rajapaksa","tag-india","tag-internacionales","tag-presidente-interino","tag-primer-ministro","tag-ranil-wickremesinghe","tag-sri-lanka"],"yoast_head":"<!-- This site is optimized with the Yoast SEO plugin v27.5 - https:\/\/yoast.com\/product\/yoast-seo-wordpress\/ -->\n<title>Primer ministro de Sri Lanka Ranil Wickremesinghe asume como presidente interino<\/title>\n<meta name=\"description\" content=\"Mundo\" \/>\n<meta name=\"robots\" content=\"index, follow, max-snippet:-1, max-image-preview:large, max-video-preview:-1\" \/>\n<link rel=\"canonical\" href=\"https:\/\/digital58.com.ve\/site\/2022\/07\/15\/primer-ministro-de-sri-lanka-ranil-wickremesinghe-asume-como-presidente-interino\/\" \/>\n<meta property=\"og:locale\" content=\"es_ES\" \/>\n<meta property=\"og:type\" content=\"article\" \/>\n<meta property=\"og:title\" content=\"Primer ministro de Sri Lanka Ranil Wickremesinghe asume como presidente interino\" \/>\n<meta property=\"og:description\" content=\"Mundo\" \/>\n<meta property=\"og:url\" content=\"https:\/\/digital58.com.ve\/site\/2022\/07\/15\/primer-ministro-de-sri-lanka-ranil-wickremesinghe-asume-como-presidente-interino\/\" \/>\n<meta property=\"og:site_name\" content=\"Noticias Digital58\" \/>\n<meta property=\"article:published_time\" content=\"2022-07-15T12:33:36+00:00\" \/>\n<meta property=\"og:image\" content=\"https:\/\/digital58.com.ve\/site\/wp-content\/uploads\/2022\/07\/Ranil-Wickremesinghe.jpg\" \/>\n\t<meta property=\"og:image:width\" content=\"900\" \/>\n\t<meta property=\"og:image:height\" content=\"642\" \/>\n\t<meta property=\"og:image:type\" content=\"image\/jpeg\" \/>\n<meta name=\"author\" content=\"Villasmil Henry\" \/>\n<meta name=\"twitter:card\" content=\"summary_large_image\" \/>\n<meta name=\"twitter:creator\" content=\"@https:\/\/twitter.com\/villasmilhfoto\" \/>\n<meta name=\"twitter:site\" content=\"@villasmilhfoto\" \/>\n<meta name=\"twitter:label1\" content=\"Escrito por\" \/>\n\t<meta name=\"twitter:data1\" content=\"Villasmil Henry\" \/>\n\t<meta name=\"twitter:label2\" content=\"Tiempo estimado de lectura\" \/>\n\t<meta name=\"twitter:data2\" content=\"4 minutos\" \/>\n<script type=\"application\/ld+json\" class=\"yoast-schema-graph\">{\"@context\":\"https:\\\/\\\/schema.org\",\"@graph\":[{\"@type\":\"Article\",\"@id\":\"https:\\\/\\\/digital58.com.ve\\\/site\\\/2022\\\/07\\\/15\\\/primer-ministro-de-sri-lanka-ranil-wickremesinghe-asume-como-presidente-interino\\\/#article\",\"isPartOf\":{\"@id\":\"https:\\\/\\\/digital58.com.ve\\\/site\\\/2022\\\/07\\\/15\\\/primer-ministro-de-sri-lanka-ranil-wickremesinghe-asume-como-presidente-interino\\\/\"},\"author\":{\"name\":\"Villasmil Henry\",\"@id\":\"https:\\\/\\\/digital58.com.ve\\\/site\\\/#\\\/schema\\\/person\\\/64d1c2e4d0d4fd1b849980c4331c2951\"},\"headline\":\"Primer ministro de Sri Lanka Ranil Wickremesinghe asume como presidente interino\",\"datePublished\":\"2022-07-15T12:33:36+00:00\",\"mainEntityOfPage\":{\"@id\":\"https:\\\/\\\/digital58.com.ve\\\/site\\\/2022\\\/07\\\/15\\\/primer-ministro-de-sri-lanka-ranil-wickremesinghe-asume-como-presidente-interino\\\/\"},\"wordCount\":862,\"commentCount\":0,\"publisher\":{\"@id\":\"https:\\\/\\\/digital58.com.ve\\\/site\\\/#\\\/schema\\\/person\\\/64d1c2e4d0d4fd1b849980c4331c2951\"},\"image\":{\"@id\":\"https:\\\/\\\/digital58.com.ve\\\/site\\\/2022\\\/07\\\/15\\\/primer-ministro-de-sri-lanka-ranil-wickremesinghe-asume-como-presidente-interino\\\/#primaryimage\"},\"thumbnailUrl\":\"https:\\\/\\\/digital58.com.ve\\\/site\\\/wp-content\\\/uploads\\\/2022\\\/07\\\/Ranil-Wickremesinghe.jpg\",\"keywords\":[\"Colombo\",\"Crisis econ\u00f3mica\",\"Gotabaya Rajapaksa\",\"India\",\"Internacionales\",\"presidente interino\",\"Primer Ministro\",\"Ranil Wickremesinghe\",\"Sri Lanka\"],\"articleSection\":[\"Mundo\"],\"inLanguage\":\"es\",\"potentialAction\":[{\"@type\":\"CommentAction\",\"name\":\"Comment\",\"target\":[\"https:\\\/\\\/digital58.com.ve\\\/site\\\/2022\\\/07\\\/15\\\/primer-ministro-de-sri-lanka-ranil-wickremesinghe-asume-como-presidente-interino\\\/#respond\"]}]},{\"@type\":\"WebPage\",\"@id\":\"https:\\\/\\\/digital58.com.ve\\\/site\\\/2022\\\/07\\\/15\\\/primer-ministro-de-sri-lanka-ranil-wickremesinghe-asume-como-presidente-interino\\\/\",\"url\":\"https:\\\/\\\/digital58.com.ve\\\/site\\\/2022\\\/07\\\/15\\\/primer-ministro-de-sri-lanka-ranil-wickremesinghe-asume-como-presidente-interino\\\/\",\"name\":\"Primer ministro de Sri Lanka Ranil Wickremesinghe asume como presidente interino\",\"isPartOf\":{\"@id\":\"https:\\\/\\\/digital58.com.ve\\\/site\\\/#website\"},\"primaryImageOfPage\":{\"@id\":\"https:\\\/\\\/digital58.com.ve\\\/site\\\/2022\\\/07\\\/15\\\/primer-ministro-de-sri-lanka-ranil-wickremesinghe-asume-como-presidente-interino\\\/#primaryimage\"},\"image\":{\"@id\":\"https:\\\/\\\/digital58.com.ve\\\/site\\\/2022\\\/07\\\/15\\\/primer-ministro-de-sri-lanka-ranil-wickremesinghe-asume-como-presidente-interino\\\/#primaryimage\"},\"thumbnailUrl\":\"https:\\\/\\\/digital58.com.ve\\\/site\\\/wp-content\\\/uploads\\\/2022\\\/07\\\/Ranil-Wickremesinghe.jpg\",\"datePublished\":\"2022-07-15T12:33:36+00:00\",\"description\":\"Mundo\",\"breadcrumb\":{\"@id\":\"https:\\\/\\\/digital58.com.ve\\\/site\\\/2022\\\/07\\\/15\\\/primer-ministro-de-sri-lanka-ranil-wickremesinghe-asume-como-presidente-interino\\\/#breadcrumb\"},\"inLanguage\":\"es\",\"potentialAction\":[{\"@type\":\"ReadAction\",\"target\":[\"https:\\\/\\\/digital58.com.ve\\\/site\\\/2022\\\/07\\\/15\\\/primer-ministro-de-sri-lanka-ranil-wickremesinghe-asume-como-presidente-interino\\\/\"]}]},{\"@type\":\"ImageObject\",\"inLanguage\":\"es\",\"@id\":\"https:\\\/\\\/digital58.com.ve\\\/site\\\/2022\\\/07\\\/15\\\/primer-ministro-de-sri-lanka-ranil-wickremesinghe-asume-como-presidente-interino\\\/#primaryimage\",\"url\":\"https:\\\/\\\/digital58.com.ve\\\/site\\\/wp-content\\\/uploads\\\/2022\\\/07\\\/Ranil-Wickremesinghe.jpg\",\"contentUrl\":\"https:\\\/\\\/digital58.com.ve\\\/site\\\/wp-content\\\/uploads\\\/2022\\\/07\\\/Ranil-Wickremesinghe.jpg\",\"width\":800,\"height\":571},{\"@type\":\"BreadcrumbList\",\"@id\":\"https:\\\/\\\/digital58.com.ve\\\/site\\\/2022\\\/07\\\/15\\\/primer-ministro-de-sri-lanka-ranil-wickremesinghe-asume-como-presidente-interino\\\/#breadcrumb\",\"itemListElement\":[{\"@type\":\"ListItem\",\"position\":1,\"name\":\"Home\",\"item\":\"https:\\\/\\\/digital58.com.ve\\\/site\\\/\"},{\"@type\":\"ListItem\",\"position\":2,\"name\":\"Primer ministro de Sri Lanka Ranil Wickremesinghe asume como presidente interino\"}]},{\"@type\":\"WebSite\",\"@id\":\"https:\\\/\\\/digital58.com.ve\\\/site\\\/#website\",\"url\":\"https:\\\/\\\/digital58.com.ve\\\/site\\\/\",\"name\":\"Noticias Digital58\",\"description\":\"Portal de Noticias \u00a1Periodismo web de verdad! Lanzamiento web 22.11.2005 \\\/ Maracaibo, Venezuela\",\"publisher\":{\"@id\":\"https:\\\/\\\/digital58.com.ve\\\/site\\\/#\\\/schema\\\/person\\\/64d1c2e4d0d4fd1b849980c4331c2951\"},\"alternateName\":\"ND58\",\"potentialAction\":[{\"@type\":\"SearchAction\",\"target\":{\"@type\":\"EntryPoint\",\"urlTemplate\":\"https:\\\/\\\/digital58.com.ve\\\/site\\\/?s={search_term_string}\"},\"query-input\":{\"@type\":\"PropertyValueSpecification\",\"valueRequired\":true,\"valueName\":\"search_term_string\"}}],\"inLanguage\":\"es\"},{\"@type\":[\"Person\",\"Organization\"],\"@id\":\"https:\\\/\\\/digital58.com.ve\\\/site\\\/#\\\/schema\\\/person\\\/64d1c2e4d0d4fd1b849980c4331c2951\",\"name\":\"Villasmil Henry\",\"image\":{\"@type\":\"ImageObject\",\"inLanguage\":\"es\",\"@id\":\"https:\\\/\\\/secure.gravatar.com\\\/avatar\\\/bb0c4a2fcb7970138239f7e404ea75757b1b507b28b5ce4c53fbd62d797c5a7c?s=96&d=mm&r=g\",\"url\":\"https:\\\/\\\/secure.gravatar.com\\\/avatar\\\/bb0c4a2fcb7970138239f7e404ea75757b1b507b28b5ce4c53fbd62d797c5a7c?s=96&d=mm&r=g\",\"contentUrl\":\"https:\\\/\\\/secure.gravatar.com\\\/avatar\\\/bb0c4a2fcb7970138239f7e404ea75757b1b507b28b5ce4c53fbd62d797c5a7c?s=96&d=mm&r=g\",\"caption\":\"Villasmil Henry\"},\"logo\":{\"@id\":\"https:\\\/\\\/secure.gravatar.com\\\/avatar\\\/bb0c4a2fcb7970138239f7e404ea75757b1b507b28b5ce4c53fbd62d797c5a7c?s=96&d=mm&r=g\"},\"sameAs\":[\"http:\\\/\\\/www.henryvillasmil.com.ve\",\"https:\\\/\\\/www.instagram.com\\\/villasmilhfoto\\\/\",\"https:\\\/\\\/x.com\\\/https:\\\/\\\/twitter.com\\\/villasmilhfoto\"],\"url\":\"https:\\\/\\\/digital58.com.ve\\\/site\\\/author\\\/droopy_68\\\/\"}]}<\/script>\n<!-- \/ Yoast SEO plugin. -->","yoast_head_json":{"title":"Primer ministro de Sri Lanka Ranil Wickremesinghe asume como presidente interino","description":"Mundo","robots":{"index":"index","follow":"follow","max-snippet":"max-snippet:-1","max-image-preview":"max-image-preview:large","max-video-preview":"max-video-preview:-1"},"canonical":"https:\/\/digital58.com.ve\/site\/2022\/07\/15\/primer-ministro-de-sri-lanka-ranil-wickremesinghe-asume-como-presidente-interino\/","og_locale":"es_ES","og_type":"article","og_title":"Primer ministro de Sri Lanka Ranil Wickremesinghe asume como presidente interino","og_description":"Mundo","og_url":"https:\/\/digital58.com.ve\/site\/2022\/07\/15\/primer-ministro-de-sri-lanka-ranil-wickremesinghe-asume-como-presidente-interino\/","og_site_name":"Noticias Digital58","article_published_time":"2022-07-15T12:33:36+00:00","og_image":[{"width":900,"height":642,"url":"https:\/\/digital58.com.ve\/site\/wp-content\/uploads\/2022\/07\/Ranil-Wickremesinghe.jpg","type":"image\/jpeg"}],"author":"Villasmil Henry","twitter_card":"summary_large_image","twitter_creator":"@https:\/\/twitter.com\/villasmilhfoto","twitter_site":"@villasmilhfoto","twitter_misc":{"Escrito por":"Villasmil Henry","Tiempo estimado de lectura":"4 minutos"},"schema":{"@context":"https:\/\/schema.org","@graph":[{"@type":"Article","@id":"https:\/\/digital58.com.ve\/site\/2022\/07\/15\/primer-ministro-de-sri-lanka-ranil-wickremesinghe-asume-como-presidente-interino\/#article","isPartOf":{"@id":"https:\/\/digital58.com.ve\/site\/2022\/07\/15\/primer-ministro-de-sri-lanka-ranil-wickremesinghe-asume-como-presidente-interino\/"},"author":{"name":"Villasmil Henry","@id":"https:\/\/digital58.com.ve\/site\/#\/schema\/person\/64d1c2e4d0d4fd1b849980c4331c2951"},"headline":"Primer ministro de Sri Lanka Ranil Wickremesinghe asume como presidente interino","datePublished":"2022-07-15T12:33:36+00:00","mainEntityOfPage":{"@id":"https:\/\/digital58.com.ve\/site\/2022\/07\/15\/primer-ministro-de-sri-lanka-ranil-wickremesinghe-asume-como-presidente-interino\/"},"wordCount":862,"commentCount":0,"publisher":{"@id":"https:\/\/digital58.com.ve\/site\/#\/schema\/person\/64d1c2e4d0d4fd1b849980c4331c2951"},"image":{"@id":"https:\/\/digital58.com.ve\/site\/2022\/07\/15\/primer-ministro-de-sri-lanka-ranil-wickremesinghe-asume-como-presidente-interino\/#primaryimage"},"thumbnailUrl":"https:\/\/digital58.com.ve\/site\/wp-content\/uploads\/2022\/07\/Ranil-Wickremesinghe.jpg","keywords":["Colombo","Crisis econ\u00f3mica","Gotabaya Rajapaksa","India","Internacionales","presidente interino","Primer Ministro","Ranil Wickremesinghe","Sri Lanka"],"articleSection":["Mundo"],"inLanguage":"es","potentialAction":[{"@type":"CommentAction","name":"Comment","target":["https:\/\/digital58.com.ve\/site\/2022\/07\/15\/primer-ministro-de-sri-lanka-ranil-wickremesinghe-asume-como-presidente-interino\/#respond"]}]},{"@type":"WebPage","@id":"https:\/\/digital58.com.ve\/site\/2022\/07\/15\/primer-ministro-de-sri-lanka-ranil-wickremesinghe-asume-como-presidente-interino\/","url":"https:\/\/digital58.com.ve\/site\/2022\/07\/15\/primer-ministro-de-sri-lanka-ranil-wickremesinghe-asume-como-presidente-interino\/","name":"Primer ministro de Sri Lanka Ranil Wickremesinghe asume como presidente interino","isPartOf":{"@id":"https:\/\/digital58.com.ve\/site\/#website"},"primaryImageOfPage":{"@id":"https:\/\/digital58.com.ve\/site\/2022\/07\/15\/primer-ministro-de-sri-lanka-ranil-wickremesinghe-asume-como-presidente-interino\/#primaryimage"},"image":{"@id":"https:\/\/digital58.com.ve\/site\/2022\/07\/15\/primer-ministro-de-sri-lanka-ranil-wickremesinghe-asume-como-presidente-interino\/#primaryimage"},"thumbnailUrl":"https:\/\/digital58.com.ve\/site\/wp-content\/uploads\/2022\/07\/Ranil-Wickremesinghe.jpg","datePublished":"2022-07-15T12:33:36+00:00","description":"Mundo","breadcrumb":{"@id":"https:\/\/digital58.com.ve\/site\/2022\/07\/15\/primer-ministro-de-sri-lanka-ranil-wickremesinghe-asume-como-presidente-interino\/#breadcrumb"},"inLanguage":"es","potentialAction":[{"@type":"ReadAction","target":["https:\/\/digital58.com.ve\/site\/2022\/07\/15\/primer-ministro-de-sri-lanka-ranil-wickremesinghe-asume-como-presidente-interino\/"]}]},{"@type":"ImageObject","inLanguage":"es","@id":"https:\/\/digital58.com.ve\/site\/2022\/07\/15\/primer-ministro-de-sri-lanka-ranil-wickremesinghe-asume-como-presidente-interino\/#primaryimage","url":"https:\/\/digital58.com.ve\/site\/wp-content\/uploads\/2022\/07\/Ranil-Wickremesinghe.jpg","contentUrl":"https:\/\/digital58.com.ve\/site\/wp-content\/uploads\/2022\/07\/Ranil-Wickremesinghe.jpg","width":800,"height":571},{"@type":"BreadcrumbList","@id":"https:\/\/digital58.com.ve\/site\/2022\/07\/15\/primer-ministro-de-sri-lanka-ranil-wickremesinghe-asume-como-presidente-interino\/#breadcrumb","itemListElement":[{"@type":"ListItem","position":1,"name":"Home","item":"https:\/\/digital58.com.ve\/site\/"},{"@type":"ListItem","position":2,"name":"Primer ministro de Sri Lanka Ranil Wickremesinghe asume como presidente interino"}]},{"@type":"WebSite","@id":"https:\/\/digital58.com.ve\/site\/#website","url":"https:\/\/digital58.com.ve\/site\/","name":"Noticias Digital58","description":"Portal de Noticias \u00a1Periodismo web de verdad! Lanzamiento web 22.11.2005 \/ Maracaibo, Venezuela","publisher":{"@id":"https:\/\/digital58.com.ve\/site\/#\/schema\/person\/64d1c2e4d0d4fd1b849980c4331c2951"},"alternateName":"ND58","potentialAction":[{"@type":"SearchAction","target":{"@type":"EntryPoint","urlTemplate":"https:\/\/digital58.com.ve\/site\/?s={search_term_string}"},"query-input":{"@type":"PropertyValueSpecification","valueRequired":true,"valueName":"search_term_string"}}],"inLanguage":"es"},{"@type":["Person","Organization"],"@id":"https:\/\/digital58.com.ve\/site\/#\/schema\/person\/64d1c2e4d0d4fd1b849980c4331c2951","name":"Villasmil Henry","image":{"@type":"ImageObject","inLanguage":"es","@id":"https:\/\/secure.gravatar.com\/avatar\/bb0c4a2fcb7970138239f7e404ea75757b1b507b28b5ce4c53fbd62d797c5a7c?s=96&d=mm&r=g","url":"https:\/\/secure.gravatar.com\/avatar\/bb0c4a2fcb7970138239f7e404ea75757b1b507b28b5ce4c53fbd62d797c5a7c?s=96&d=mm&r=g","contentUrl":"https:\/\/secure.gravatar.com\/avatar\/bb0c4a2fcb7970138239f7e404ea75757b1b507b28b5ce4c53fbd62d797c5a7c?s=96&d=mm&r=g","caption":"Villasmil Henry"},"logo":{"@id":"https:\/\/secure.gravatar.com\/avatar\/bb0c4a2fcb7970138239f7e404ea75757b1b507b28b5ce4c53fbd62d797c5a7c?s=96&d=mm&r=g"},"sameAs":["http:\/\/www.henryvillasmil.com.ve","https:\/\/www.instagram.com\/villasmilhfoto\/","https:\/\/x.com\/https:\/\/twitter.com\/villasmilhfoto"],"url":"https:\/\/digital58.com.ve\/site\/author\/droopy_68\/"}]}},"uagb_featured_image_src":{"full":["https:\/\/digital58.com.ve\/site\/wp-content\/uploads\/2022\/07\/Ranil-Wickremesinghe.jpg",800,571,false],"thumbnail":["https:\/\/digital58.com.ve\/site\/wp-content\/uploads\/2022\/07\/Ranil-Wickremesinghe-150x150.jpg",150,150,true],"medium":["https:\/\/digital58.com.ve\/site\/wp-content\/uploads\/2022\/07\/Ranil-Wickremesinghe-300x214.jpg",300,214,true],"medium_large":["https:\/\/digital58.com.ve\/site\/wp-content\/uploads\/2022\/07\/Ranil-Wickremesinghe-768x548.jpg",768,548,true],"large":["https:\/\/digital58.com.ve\/site\/wp-content\/uploads\/2022\/07\/Ranil-Wickremesinghe.jpg",800,571,false],"1536x1536":["https:\/\/digital58.com.ve\/site\/wp-content\/uploads\/2022\/07\/Ranil-Wickremesinghe.jpg",800,571,false],"2048x2048":["https:\/\/digital58.com.ve\/site\/wp-content\/uploads\/2022\/07\/Ranil-Wickremesinghe.jpg",800,571,false],"colormag-highlighted-post":["https:\/\/digital58.com.ve\/site\/wp-content\/uploads\/2022\/07\/Ranil-Wickremesinghe-392x272.jpg",392,272,true],"colormag-featured-post-medium":["https:\/\/digital58.com.ve\/site\/wp-content\/uploads\/2022\/07\/Ranil-Wickremesinghe-390x205.jpg",390,205,true],"colormag-featured-post-small":["https:\/\/digital58.com.ve\/site\/wp-content\/uploads\/2022\/07\/Ranil-Wickremesinghe-130x90.jpg",130,90,true],"colormag-featured-image":["https:\/\/digital58.com.ve\/site\/wp-content\/uploads\/2022\/07\/Ranil-Wickremesinghe-800x445.jpg",800,445,true],"colormag-default-news":["https:\/\/digital58.com.ve\/site\/wp-content\/uploads\/2022\/07\/Ranil-Wickremesinghe.jpg",150,107,false],"colormag-featured-image-large":["https:\/\/digital58.com.ve\/site\/wp-content\/uploads\/2022\/07\/Ranil-Wickremesinghe.jpg",800,571,false]},"uagb_author_info":{"display_name":"Villasmil Henry","author_link":"https:\/\/digital58.com.ve\/site\/author\/droopy_68\/"},"uagb_comment_info":0,"uagb_excerpt":"Huido en Singapur, el expresidente electo en 2019, deleg\u00f3 antes de abandonar el mi\u00e9rcoles Sri Lanka su poder en el","_links":{"self":[{"href":"https:\/\/digital58.com.ve\/site\/wp-json\/wp\/v2\/posts\/154378","targetHints":{"allow":["GET"]}}],"collection":[{"href":"https:\/\/digital58.com.ve\/site\/wp-json\/wp\/v2\/posts"}],"about":[{"href":"https:\/\/digital58.com.ve\/site\/wp-json\/wp\/v2\/types\/post"}],"author":[{"embeddable":true,"href":"https:\/\/digital58.com.ve\/site\/wp-json\/wp\/v2\/users\/1"}],"replies":[{"embeddable":true,"href":"https:\/\/digital58.com.ve\/site\/wp-json\/wp\/v2\/comments?post=154378"}],"version-history":[{"count":0,"href":"https:\/\/digital58.com.ve\/site\/wp-json\/wp\/v2\/posts\/154378\/revisions"}],"wp:featuredmedia":[{"embeddable":true,"href":"https:\/\/digital58.com.ve\/site\/wp-json\/wp\/v2\/media\/154379"}],"wp:attachment":[{"href":"https:\/\/digital58.com.ve\/site\/wp-json\/wp\/v2\/media?parent=154378"}],"wp:term":[{"taxonomy":"category","embeddable":true,"href":"https:\/\/digital58.com.ve\/site\/wp-json\/wp\/v2\/categories?post=154378"},{"taxonomy":"post_tag","embeddable":true,"href":"https:\/\/digital58.com.ve\/site\/wp-json\/wp\/v2\/tags?post=154378"}],"curies":[{"name":"wp","href":"https:\/\/api.w.org\/{rel}","templated":true}]}}