{"id":154766,"date":"2022-07-29T12:20:22","date_gmt":"2022-07-29T16:20:22","guid":{"rendered":"https:\/\/digital58.com.ve\/site\/?p=154766"},"modified":"2022-07-30T09:56:03","modified_gmt":"2022-07-30T13:56:03","slug":"zulia-arranco-el-plan-de-diagnostico-participativo-comunitario-2023-para-elaborar-el-presupuesto-de-maracaibo","status":"publish","type":"post","link":"https:\/\/digital58.com.ve\/site\/2022\/07\/29\/zulia-arranco-el-plan-de-diagnostico-participativo-comunitario-2023-para-elaborar-el-presupuesto-de-maracaibo\/","title":{"rendered":"#Zulia | Arranc\u00f3 el plan de Diagn\u00f3stico Participativo Comunitario 2023 para elaborar el presupuesto de Maracaibo"},"content":{"rendered":"<p><img loading=\"lazy\" decoding=\"async\" class=\"aligncenter wp-image-154767\" src=\"https:\/\/digital58.com.ve\/site\/wp-content\/uploads\/2022\/07\/WhatsApp-Image-2022-07-29-at-11.09.37-AM-300x225.jpeg\" alt=\"\" width=\"400\" height=\"300\" srcset=\"https:\/\/digital58.com.ve\/site\/wp-content\/uploads\/2022\/07\/WhatsApp-Image-2022-07-29-at-11.09.37-AM-300x225.jpeg 300w, https:\/\/digital58.com.ve\/site\/wp-content\/uploads\/2022\/07\/WhatsApp-Image-2022-07-29-at-11.09.37-AM-1000x749.jpeg 1000w, https:\/\/digital58.com.ve\/site\/wp-content\/uploads\/2022\/07\/WhatsApp-Image-2022-07-29-at-11.09.37-AM-768x575.jpeg 768w, https:\/\/digital58.com.ve\/site\/wp-content\/uploads\/2022\/07\/WhatsApp-Image-2022-07-29-at-11.09.37-AM.jpeg 800w\" sizes=\"auto, (max-width: 400px) 100vw, 400px\" \/><\/p>\n<p>Ya est\u00e1n listos los diagn\u00f3sticos de las parroquias Carracciolo Parra P\u00e9rez y Ra\u00fal Leoni, inform\u00f3 el concejal Jos\u00e9 Berm\u00fadez, presidente de la comisi\u00f3n de Urbanismo.<\/p>\n<p><strong>Maracaibo, Estado Zulia, Venezuela 29 de julio de 2022 (ND58). \u2013<\/strong> \u00abYa est\u00e1 en marcha el plan de Diagn\u00f3stico Participativo Comunitario Maracaibo 2023, llevado a cabo por la Alcald\u00eda de Maracaibo, mediante los gabinetes parroquiales que se realizan semanalmente\u00bb, indic\u00f3 Jos\u00e9 Berm\u00fadez, concejal y presidente de la comisi\u00f3n de Urbanismo del municipio Maracaibo, quien destac\u00f3 que est\u00e1 al frente con un equipo de gobierno para recabar informaci\u00f3n de primera mano en los distintos sectores de la ciudad.<\/p>\n<p>Seg\u00fan precis\u00f3 Berm\u00fadez, en estos espacios es donde los representantes y dirigentes vecinales presentan los problemas m\u00e1s apremiantes de la comunidad para ser incluidos en el presupuesto de gesti\u00f3n del a\u00f1o pr\u00f3ximo, el cual debe estar listo en el mes de octubre para su entrega a los \u00f3rganos respectivos.<\/p>\n<p>Explic\u00f3 que, ante la complejidad econ\u00f3mica existente en el pa\u00eds, de la que no escapan las gobernaciones y alcald\u00edas, la planificaci\u00f3n debe imperar para poder priorizar los recursos y dar respuesta a las crecientes necesidades de la poblaci\u00f3n.<\/p>\n<p>\u00abEs un presupuesto participativo porque se hace con la misma gente y bajo un diagn\u00f3stico que est\u00e1 alimentado por las inspecciones realizadas en cada sitio junto a los t\u00e9cnicos de cada \u00e1rea, que va recogiendo los principales problemas que aquejan a nuestros vecinos en esa deuda social acumulada por d\u00e9cadas, pero que ya hay una gesti\u00f3n dirigida por el alcalde Rafael Ram\u00edrez Colina, dispuesta y comprometida a ofrecer respuestas que cambien esa realidad\u00bb, indic\u00f3 Berm\u00fadez.<\/p>\n<p>Detall\u00f3 que hasta ahora las parroquias con su diagn\u00f3stico listo son: Carracciolo Parra P\u00e9rez y Ra\u00fal Leoni y, pr\u00f3ximamente, San Isidro, pues se trata de contactar, escuchar, constatar y recabar la informaci\u00f3n para preparar los proyectos y presupuestos que sean aprobados para su ejecuci\u00f3n el venidero a\u00f1o con recursos del Situado constitucional, propios y otras v\u00edas de financiamiento que hagan posible cumplir con la atenci\u00f3n social.<\/p>\n<p>\u00abLos problemas comunes en las parroquias recabados en estos diagn\u00f3sticos son: asfaltado de calles, aceras y brocales, servicio de gas por tuber\u00eda, agua potable, transporte p\u00fablico, iluminaci\u00f3n de v\u00edas, espacios deportivos, arreglo de infraestructura educativa, patrullaje y la electricidad, problema que no es competencia compartida, sino que depende del Ministerio de Energ\u00eda El\u00e9ctrica y Corpoelec\u00bb, explic\u00f3 el concejal.<\/p>\n<p>El presidente de la Comisi\u00f3n de Urbanismo del Concejo Municipal de Maracaibo hizo un llamado a organizarse como estructura vecinal y participar en las convocatorias de la municipalidad para que presenten sus solicitudes en funci\u00f3n de ser incluidos en las acciones de Gobierno que estar\u00e1 llevando a cabo la gesti\u00f3n de Ram\u00edrez Colina.<\/p>\n<p><strong>Redacci\u00f3n ND58 | Nilda Ni\u00f1o<\/strong><br \/>\n<strong>Edici\u00f3n: Henry Villasmil<\/strong><br \/>\n<strong>Gr\u00e1fica: Cortes\u00eda<\/strong><\/p><div class=\"wjnmw69efbcb004a59\" ><p style=\"text-align: center;\"><a href=\"https:\/\/t.me\/noticiasdigital58\" target=\"_blank\" rel=\"noopener\"><img class=\"aligncenter size-full wp-image-125363\" src=\"https:\/\/digital58.com.ve\/site\/wp-content\/uploads\/2021\/04\/banner-telegram-web-2021.png\" alt=\"\" width=\"600\" height=\"90\" \/><\/a><\/p><\/div><style type=\"text\/css\">\r\n@media screen and (min-width: 1201px) {\r\n.wjnmw69efbcb004a59 {\r\ndisplay: block;\r\n}\r\n}\r\n@media screen and (min-width: 993px) and (max-width: 1200px) {\r\n.wjnmw69efbcb004a59 {\r\ndisplay: block;\r\n}\r\n}\r\n@media screen and (min-width: 769px) and (max-width: 992px) {\r\n.wjnmw69efbcb004a59 {\r\ndisplay: block;\r\n}\r\n}\r\n@media screen and (min-width: 768px) and (max-width: 768px) {\r\n.wjnmw69efbcb004a59 {\r\ndisplay: block;\r\n}\r\n}\r\n@media screen and (max-width: 767px) {\r\n.wjnmw69efbcb004a59 {\r\ndisplay: block;\r\n}\r\n}\r\n<\/style>\r\n\n<p>&nbsp;<\/p>\n<div style=\"margin-top: 0px; margin-bottom: 0px;\" class=\"sharethis-inline-share-buttons\" ><\/div>","protected":false},"excerpt":{"rendered":"<p>Ya est\u00e1n listos los diagn\u00f3sticos de las parroquias Carracciolo Parra P\u00e9rez y Ra\u00fal Leoni, inform\u00f3 el concejal Jos\u00e9 Berm\u00fadez, presidente<\/p>\n","protected":false},"author":34,"featured_media":154767,"comment_status":"open","ping_status":"closed","sticky":false,"template":"","format":"standard","meta":{"colormag_page_container_layout":"default_layout","colormag_page_sidebar_layout":"default_layout","_uag_custom_page_level_css":"","footnotes":""},"categories":[14504],"tags":[290,19078,73,23104,6600,2354,32],"class_list":["post-154766","post","type-post","status-publish","format-standard","has-post-thumbnail","hentry","category-zulia","tag-alcaldia-de-maracaibo","tag-concejo-municipal-de-maracaibo","tag-maracaibo","tag-parroquia-caracciolo-parra-perez","tag-parroquia-raul-leoni","tag-regionales","tag-venezuela"],"yoast_head":"<!-- This site is optimized with the Yoast SEO plugin v27.4 - https:\/\/yoast.com\/product\/yoast-seo-wordpress\/ -->\n<title>#Zulia | Arranc\u00f3 el plan de Diagn\u00f3stico Participativo Comunitario 2023 para elaborar el presupuesto de Maracaibo<\/title>\n<meta name=\"description\" content=\"Zulia\" \/>\n<meta name=\"robots\" content=\"index, follow, max-snippet:-1, max-image-preview:large, max-video-preview:-1\" \/>\n<link rel=\"canonical\" href=\"https:\/\/digital58.com.ve\/site\/2022\/07\/29\/zulia-arranco-el-plan-de-diagnostico-participativo-comunitario-2023-para-elaborar-el-presupuesto-de-maracaibo\/\" \/>\n<meta property=\"og:locale\" content=\"es_ES\" \/>\n<meta property=\"og:type\" content=\"article\" \/>\n<meta property=\"og:title\" content=\"#Zulia | Arranc\u00f3 el plan de Diagn\u00f3stico Participativo Comunitario 2023 para elaborar el presupuesto de Maracaibo\" \/>\n<meta property=\"og:description\" content=\"Zulia\" \/>\n<meta property=\"og:url\" content=\"https:\/\/digital58.com.ve\/site\/2022\/07\/29\/zulia-arranco-el-plan-de-diagnostico-participativo-comunitario-2023-para-elaborar-el-presupuesto-de-maracaibo\/\" \/>\n<meta property=\"og:site_name\" content=\"Noticias Digital58\" \/>\n<meta property=\"article:published_time\" content=\"2022-07-29T16:20:22+00:00\" \/>\n<meta property=\"article:modified_time\" content=\"2022-07-30T13:56:03+00:00\" \/>\n<meta property=\"og:image\" content=\"https:\/\/digital58.com.ve\/site\/wp-content\/uploads\/2022\/07\/WhatsApp-Image-2022-07-29-at-11.09.37-AM.jpeg\" \/>\n\t<meta property=\"og:image:width\" content=\"1280\" \/>\n\t<meta property=\"og:image:height\" content=\"959\" \/>\n\t<meta property=\"og:image:type\" content=\"image\/jpeg\" \/>\n<meta name=\"author\" content=\"Carolina del Valle Morales\" \/>\n<meta name=\"twitter:card\" content=\"summary_large_image\" \/>\n<meta name=\"twitter:creator\" content=\"@Digital_58\" \/>\n<meta name=\"twitter:site\" content=\"@villasmilhfoto\" \/>\n<meta name=\"twitter:label1\" content=\"Escrito por\" \/>\n\t<meta name=\"twitter:data1\" content=\"Carolina del Valle Morales\" \/>\n\t<meta name=\"twitter:label2\" content=\"Tiempo estimado de lectura\" \/>\n\t<meta name=\"twitter:data2\" content=\"3 minutos\" \/>\n<script type=\"application\/ld+json\" class=\"yoast-schema-graph\">{\"@context\":\"https:\\\/\\\/schema.org\",\"@graph\":[{\"@type\":\"Article\",\"@id\":\"https:\\\/\\\/digital58.com.ve\\\/site\\\/2022\\\/07\\\/29\\\/zulia-arranco-el-plan-de-diagnostico-participativo-comunitario-2023-para-elaborar-el-presupuesto-de-maracaibo\\\/#article\",\"isPartOf\":{\"@id\":\"https:\\\/\\\/digital58.com.ve\\\/site\\\/2022\\\/07\\\/29\\\/zulia-arranco-el-plan-de-diagnostico-participativo-comunitario-2023-para-elaborar-el-presupuesto-de-maracaibo\\\/\"},\"author\":{\"name\":\"Carolina del Valle Morales\",\"@id\":\"https:\\\/\\\/digital58.com.ve\\\/site\\\/#\\\/schema\\\/person\\\/5ef3ed6588a1de18f098d7d8c909834b\"},\"headline\":\"#Zulia | Arranc\u00f3 el plan de Diagn\u00f3stico Participativo Comunitario 2023 para elaborar el presupuesto de Maracaibo\",\"datePublished\":\"2022-07-29T16:20:22+00:00\",\"dateModified\":\"2022-07-30T13:56:03+00:00\",\"mainEntityOfPage\":{\"@id\":\"https:\\\/\\\/digital58.com.ve\\\/site\\\/2022\\\/07\\\/29\\\/zulia-arranco-el-plan-de-diagnostico-participativo-comunitario-2023-para-elaborar-el-presupuesto-de-maracaibo\\\/\"},\"wordCount\":515,\"commentCount\":0,\"publisher\":{\"@id\":\"https:\\\/\\\/digital58.com.ve\\\/site\\\/#\\\/schema\\\/person\\\/64d1c2e4d0d4fd1b849980c4331c2951\"},\"image\":{\"@id\":\"https:\\\/\\\/digital58.com.ve\\\/site\\\/2022\\\/07\\\/29\\\/zulia-arranco-el-plan-de-diagnostico-participativo-comunitario-2023-para-elaborar-el-presupuesto-de-maracaibo\\\/#primaryimage\"},\"thumbnailUrl\":\"https:\\\/\\\/digital58.com.ve\\\/site\\\/wp-content\\\/uploads\\\/2022\\\/07\\\/WhatsApp-Image-2022-07-29-at-11.09.37-AM.jpeg\",\"keywords\":[\"Alcald\u00eda de Maracaibo\",\"Concejo Municipal de Maracaibo\",\"Maracaibo\",\"Parroquia Caracciolo Parra P\u00e9rez\",\"Parroquia Raul Leoni\",\"Regionales\",\"Venezuela\"],\"articleSection\":[\"Zulia\"],\"inLanguage\":\"es\",\"potentialAction\":[{\"@type\":\"CommentAction\",\"name\":\"Comment\",\"target\":[\"https:\\\/\\\/digital58.com.ve\\\/site\\\/2022\\\/07\\\/29\\\/zulia-arranco-el-plan-de-diagnostico-participativo-comunitario-2023-para-elaborar-el-presupuesto-de-maracaibo\\\/#respond\"]}]},{\"@type\":\"WebPage\",\"@id\":\"https:\\\/\\\/digital58.com.ve\\\/site\\\/2022\\\/07\\\/29\\\/zulia-arranco-el-plan-de-diagnostico-participativo-comunitario-2023-para-elaborar-el-presupuesto-de-maracaibo\\\/\",\"url\":\"https:\\\/\\\/digital58.com.ve\\\/site\\\/2022\\\/07\\\/29\\\/zulia-arranco-el-plan-de-diagnostico-participativo-comunitario-2023-para-elaborar-el-presupuesto-de-maracaibo\\\/\",\"name\":\"#Zulia | Arranc\u00f3 el plan de Diagn\u00f3stico Participativo Comunitario 2023 para elaborar el presupuesto de Maracaibo\",\"isPartOf\":{\"@id\":\"https:\\\/\\\/digital58.com.ve\\\/site\\\/#website\"},\"primaryImageOfPage\":{\"@id\":\"https:\\\/\\\/digital58.com.ve\\\/site\\\/2022\\\/07\\\/29\\\/zulia-arranco-el-plan-de-diagnostico-participativo-comunitario-2023-para-elaborar-el-presupuesto-de-maracaibo\\\/#primaryimage\"},\"image\":{\"@id\":\"https:\\\/\\\/digital58.com.ve\\\/site\\\/2022\\\/07\\\/29\\\/zulia-arranco-el-plan-de-diagnostico-participativo-comunitario-2023-para-elaborar-el-presupuesto-de-maracaibo\\\/#primaryimage\"},\"thumbnailUrl\":\"https:\\\/\\\/digital58.com.ve\\\/site\\\/wp-content\\\/uploads\\\/2022\\\/07\\\/WhatsApp-Image-2022-07-29-at-11.09.37-AM.jpeg\",\"datePublished\":\"2022-07-29T16:20:22+00:00\",\"dateModified\":\"2022-07-30T13:56:03+00:00\",\"description\":\"Zulia\",\"breadcrumb\":{\"@id\":\"https:\\\/\\\/digital58.com.ve\\\/site\\\/2022\\\/07\\\/29\\\/zulia-arranco-el-plan-de-diagnostico-participativo-comunitario-2023-para-elaborar-el-presupuesto-de-maracaibo\\\/#breadcrumb\"},\"inLanguage\":\"es\",\"potentialAction\":[{\"@type\":\"ReadAction\",\"target\":[\"https:\\\/\\\/digital58.com.ve\\\/site\\\/2022\\\/07\\\/29\\\/zulia-arranco-el-plan-de-diagnostico-participativo-comunitario-2023-para-elaborar-el-presupuesto-de-maracaibo\\\/\"]}]},{\"@type\":\"ImageObject\",\"inLanguage\":\"es\",\"@id\":\"https:\\\/\\\/digital58.com.ve\\\/site\\\/2022\\\/07\\\/29\\\/zulia-arranco-el-plan-de-diagnostico-participativo-comunitario-2023-para-elaborar-el-presupuesto-de-maracaibo\\\/#primaryimage\",\"url\":\"https:\\\/\\\/digital58.com.ve\\\/site\\\/wp-content\\\/uploads\\\/2022\\\/07\\\/WhatsApp-Image-2022-07-29-at-11.09.37-AM.jpeg\",\"contentUrl\":\"https:\\\/\\\/digital58.com.ve\\\/site\\\/wp-content\\\/uploads\\\/2022\\\/07\\\/WhatsApp-Image-2022-07-29-at-11.09.37-AM.jpeg\",\"width\":800,\"height\":\"600\"},{\"@type\":\"BreadcrumbList\",\"@id\":\"https:\\\/\\\/digital58.com.ve\\\/site\\\/2022\\\/07\\\/29\\\/zulia-arranco-el-plan-de-diagnostico-participativo-comunitario-2023-para-elaborar-el-presupuesto-de-maracaibo\\\/#breadcrumb\",\"itemListElement\":[{\"@type\":\"ListItem\",\"position\":1,\"name\":\"Home\",\"item\":\"https:\\\/\\\/digital58.com.ve\\\/site\\\/\"},{\"@type\":\"ListItem\",\"position\":2,\"name\":\"#Zulia | Arranc\u00f3 el plan de Diagn\u00f3stico Participativo Comunitario 2023 para elaborar el presupuesto de Maracaibo\"}]},{\"@type\":\"WebSite\",\"@id\":\"https:\\\/\\\/digital58.com.ve\\\/site\\\/#website\",\"url\":\"https:\\\/\\\/digital58.com.ve\\\/site\\\/\",\"name\":\"Noticias Digital58\",\"description\":\"Portal de Noticias \u00a1Periodismo web de verdad! Lanzamiento web 22.11.2005 \\\/ Maracaibo, Venezuela\",\"publisher\":{\"@id\":\"https:\\\/\\\/digital58.com.ve\\\/site\\\/#\\\/schema\\\/person\\\/64d1c2e4d0d4fd1b849980c4331c2951\"},\"alternateName\":\"ND58\",\"potentialAction\":[{\"@type\":\"SearchAction\",\"target\":{\"@type\":\"EntryPoint\",\"urlTemplate\":\"https:\\\/\\\/digital58.com.ve\\\/site\\\/?s={search_term_string}\"},\"query-input\":{\"@type\":\"PropertyValueSpecification\",\"valueRequired\":true,\"valueName\":\"search_term_string\"}}],\"inLanguage\":\"es\"},{\"@type\":[\"Person\",\"Organization\"],\"@id\":\"https:\\\/\\\/digital58.com.ve\\\/site\\\/#\\\/schema\\\/person\\\/64d1c2e4d0d4fd1b849980c4331c2951\",\"name\":\"Villasmil Henry\",\"image\":{\"@type\":\"ImageObject\",\"inLanguage\":\"es\",\"@id\":\"https:\\\/\\\/secure.gravatar.com\\\/avatar\\\/bb0c4a2fcb7970138239f7e404ea75757b1b507b28b5ce4c53fbd62d797c5a7c?s=96&d=mm&r=g\",\"url\":\"https:\\\/\\\/secure.gravatar.com\\\/avatar\\\/bb0c4a2fcb7970138239f7e404ea75757b1b507b28b5ce4c53fbd62d797c5a7c?s=96&d=mm&r=g\",\"contentUrl\":\"https:\\\/\\\/secure.gravatar.com\\\/avatar\\\/bb0c4a2fcb7970138239f7e404ea75757b1b507b28b5ce4c53fbd62d797c5a7c?s=96&d=mm&r=g\",\"caption\":\"Villasmil Henry\"},\"logo\":{\"@id\":\"https:\\\/\\\/secure.gravatar.com\\\/avatar\\\/bb0c4a2fcb7970138239f7e404ea75757b1b507b28b5ce4c53fbd62d797c5a7c?s=96&d=mm&r=g\"},\"sameAs\":[\"http:\\\/\\\/www.henryvillasmil.com.ve\",\"https:\\\/\\\/www.instagram.com\\\/villasmilhfoto\\\/\",\"https:\\\/\\\/x.com\\\/https:\\\/\\\/twitter.com\\\/villasmilhfoto\"]},{\"@type\":\"Person\",\"@id\":\"https:\\\/\\\/digital58.com.ve\\\/site\\\/#\\\/schema\\\/person\\\/5ef3ed6588a1de18f098d7d8c909834b\",\"name\":\"Carolina del Valle Morales\",\"image\":{\"@type\":\"ImageObject\",\"inLanguage\":\"es\",\"@id\":\"https:\\\/\\\/secure.gravatar.com\\\/avatar\\\/0cdf0a8cbb9d61ccd1c45dac3181142ad3ad1771aecb28412b09b868d168ef63?s=96&d=mm&r=g\",\"url\":\"https:\\\/\\\/secure.gravatar.com\\\/avatar\\\/0cdf0a8cbb9d61ccd1c45dac3181142ad3ad1771aecb28412b09b868d168ef63?s=96&d=mm&r=g\",\"contentUrl\":\"https:\\\/\\\/secure.gravatar.com\\\/avatar\\\/0cdf0a8cbb9d61ccd1c45dac3181142ad3ad1771aecb28412b09b868d168ef63?s=96&d=mm&r=g\",\"caption\":\"Carolina del Valle Morales\"},\"url\":\"https:\\\/\\\/digital58.com.ve\\\/site\\\/author\\\/vallecarola\\\/\"}]}<\/script>\n<!-- \/ Yoast SEO plugin. -->","yoast_head_json":{"title":"#Zulia | Arranc\u00f3 el plan de Diagn\u00f3stico Participativo Comunitario 2023 para elaborar el presupuesto de Maracaibo","description":"Zulia","robots":{"index":"index","follow":"follow","max-snippet":"max-snippet:-1","max-image-preview":"max-image-preview:large","max-video-preview":"max-video-preview:-1"},"canonical":"https:\/\/digital58.com.ve\/site\/2022\/07\/29\/zulia-arranco-el-plan-de-diagnostico-participativo-comunitario-2023-para-elaborar-el-presupuesto-de-maracaibo\/","og_locale":"es_ES","og_type":"article","og_title":"#Zulia | Arranc\u00f3 el plan de Diagn\u00f3stico Participativo Comunitario 2023 para elaborar el presupuesto de Maracaibo","og_description":"Zulia","og_url":"https:\/\/digital58.com.ve\/site\/2022\/07\/29\/zulia-arranco-el-plan-de-diagnostico-participativo-comunitario-2023-para-elaborar-el-presupuesto-de-maracaibo\/","og_site_name":"Noticias Digital58","article_published_time":"2022-07-29T16:20:22+00:00","article_modified_time":"2022-07-30T13:56:03+00:00","og_image":[{"width":1280,"height":959,"url":"https:\/\/digital58.com.ve\/site\/wp-content\/uploads\/2022\/07\/WhatsApp-Image-2022-07-29-at-11.09.37-AM.jpeg","type":"image\/jpeg"}],"author":"Carolina del Valle Morales","twitter_card":"summary_large_image","twitter_creator":"@Digital_58","twitter_site":"@villasmilhfoto","twitter_misc":{"Escrito por":"Carolina del Valle Morales","Tiempo estimado de lectura":"3 minutos"},"schema":{"@context":"https:\/\/schema.org","@graph":[{"@type":"Article","@id":"https:\/\/digital58.com.ve\/site\/2022\/07\/29\/zulia-arranco-el-plan-de-diagnostico-participativo-comunitario-2023-para-elaborar-el-presupuesto-de-maracaibo\/#article","isPartOf":{"@id":"https:\/\/digital58.com.ve\/site\/2022\/07\/29\/zulia-arranco-el-plan-de-diagnostico-participativo-comunitario-2023-para-elaborar-el-presupuesto-de-maracaibo\/"},"author":{"name":"Carolina del Valle Morales","@id":"https:\/\/digital58.com.ve\/site\/#\/schema\/person\/5ef3ed6588a1de18f098d7d8c909834b"},"headline":"#Zulia | Arranc\u00f3 el plan de Diagn\u00f3stico Participativo Comunitario 2023 para elaborar el presupuesto de Maracaibo","datePublished":"2022-07-29T16:20:22+00:00","dateModified":"2022-07-30T13:56:03+00:00","mainEntityOfPage":{"@id":"https:\/\/digital58.com.ve\/site\/2022\/07\/29\/zulia-arranco-el-plan-de-diagnostico-participativo-comunitario-2023-para-elaborar-el-presupuesto-de-maracaibo\/"},"wordCount":515,"commentCount":0,"publisher":{"@id":"https:\/\/digital58.com.ve\/site\/#\/schema\/person\/64d1c2e4d0d4fd1b849980c4331c2951"},"image":{"@id":"https:\/\/digital58.com.ve\/site\/2022\/07\/29\/zulia-arranco-el-plan-de-diagnostico-participativo-comunitario-2023-para-elaborar-el-presupuesto-de-maracaibo\/#primaryimage"},"thumbnailUrl":"https:\/\/digital58.com.ve\/site\/wp-content\/uploads\/2022\/07\/WhatsApp-Image-2022-07-29-at-11.09.37-AM.jpeg","keywords":["Alcald\u00eda de Maracaibo","Concejo Municipal de Maracaibo","Maracaibo","Parroquia Caracciolo Parra P\u00e9rez","Parroquia Raul Leoni","Regionales","Venezuela"],"articleSection":["Zulia"],"inLanguage":"es","potentialAction":[{"@type":"CommentAction","name":"Comment","target":["https:\/\/digital58.com.ve\/site\/2022\/07\/29\/zulia-arranco-el-plan-de-diagnostico-participativo-comunitario-2023-para-elaborar-el-presupuesto-de-maracaibo\/#respond"]}]},{"@type":"WebPage","@id":"https:\/\/digital58.com.ve\/site\/2022\/07\/29\/zulia-arranco-el-plan-de-diagnostico-participativo-comunitario-2023-para-elaborar-el-presupuesto-de-maracaibo\/","url":"https:\/\/digital58.com.ve\/site\/2022\/07\/29\/zulia-arranco-el-plan-de-diagnostico-participativo-comunitario-2023-para-elaborar-el-presupuesto-de-maracaibo\/","name":"#Zulia | Arranc\u00f3 el plan de Diagn\u00f3stico Participativo Comunitario 2023 para elaborar el presupuesto de Maracaibo","isPartOf":{"@id":"https:\/\/digital58.com.ve\/site\/#website"},"primaryImageOfPage":{"@id":"https:\/\/digital58.com.ve\/site\/2022\/07\/29\/zulia-arranco-el-plan-de-diagnostico-participativo-comunitario-2023-para-elaborar-el-presupuesto-de-maracaibo\/#primaryimage"},"image":{"@id":"https:\/\/digital58.com.ve\/site\/2022\/07\/29\/zulia-arranco-el-plan-de-diagnostico-participativo-comunitario-2023-para-elaborar-el-presupuesto-de-maracaibo\/#primaryimage"},"thumbnailUrl":"https:\/\/digital58.com.ve\/site\/wp-content\/uploads\/2022\/07\/WhatsApp-Image-2022-07-29-at-11.09.37-AM.jpeg","datePublished":"2022-07-29T16:20:22+00:00","dateModified":"2022-07-30T13:56:03+00:00","description":"Zulia","breadcrumb":{"@id":"https:\/\/digital58.com.ve\/site\/2022\/07\/29\/zulia-arranco-el-plan-de-diagnostico-participativo-comunitario-2023-para-elaborar-el-presupuesto-de-maracaibo\/#breadcrumb"},"inLanguage":"es","potentialAction":[{"@type":"ReadAction","target":["https:\/\/digital58.com.ve\/site\/2022\/07\/29\/zulia-arranco-el-plan-de-diagnostico-participativo-comunitario-2023-para-elaborar-el-presupuesto-de-maracaibo\/"]}]},{"@type":"ImageObject","inLanguage":"es","@id":"https:\/\/digital58.com.ve\/site\/2022\/07\/29\/zulia-arranco-el-plan-de-diagnostico-participativo-comunitario-2023-para-elaborar-el-presupuesto-de-maracaibo\/#primaryimage","url":"https:\/\/digital58.com.ve\/site\/wp-content\/uploads\/2022\/07\/WhatsApp-Image-2022-07-29-at-11.09.37-AM.jpeg","contentUrl":"https:\/\/digital58.com.ve\/site\/wp-content\/uploads\/2022\/07\/WhatsApp-Image-2022-07-29-at-11.09.37-AM.jpeg","width":800,"height":"600"},{"@type":"BreadcrumbList","@id":"https:\/\/digital58.com.ve\/site\/2022\/07\/29\/zulia-arranco-el-plan-de-diagnostico-participativo-comunitario-2023-para-elaborar-el-presupuesto-de-maracaibo\/#breadcrumb","itemListElement":[{"@type":"ListItem","position":1,"name":"Home","item":"https:\/\/digital58.com.ve\/site\/"},{"@type":"ListItem","position":2,"name":"#Zulia | Arranc\u00f3 el plan de Diagn\u00f3stico Participativo Comunitario 2023 para elaborar el presupuesto de Maracaibo"}]},{"@type":"WebSite","@id":"https:\/\/digital58.com.ve\/site\/#website","url":"https:\/\/digital58.com.ve\/site\/","name":"Noticias Digital58","description":"Portal de Noticias \u00a1Periodismo web de verdad! Lanzamiento web 22.11.2005 \/ Maracaibo, Venezuela","publisher":{"@id":"https:\/\/digital58.com.ve\/site\/#\/schema\/person\/64d1c2e4d0d4fd1b849980c4331c2951"},"alternateName":"ND58","potentialAction":[{"@type":"SearchAction","target":{"@type":"EntryPoint","urlTemplate":"https:\/\/digital58.com.ve\/site\/?s={search_term_string}"},"query-input":{"@type":"PropertyValueSpecification","valueRequired":true,"valueName":"search_term_string"}}],"inLanguage":"es"},{"@type":["Person","Organization"],"@id":"https:\/\/digital58.com.ve\/site\/#\/schema\/person\/64d1c2e4d0d4fd1b849980c4331c2951","name":"Villasmil Henry","image":{"@type":"ImageObject","inLanguage":"es","@id":"https:\/\/secure.gravatar.com\/avatar\/bb0c4a2fcb7970138239f7e404ea75757b1b507b28b5ce4c53fbd62d797c5a7c?s=96&d=mm&r=g","url":"https:\/\/secure.gravatar.com\/avatar\/bb0c4a2fcb7970138239f7e404ea75757b1b507b28b5ce4c53fbd62d797c5a7c?s=96&d=mm&r=g","contentUrl":"https:\/\/secure.gravatar.com\/avatar\/bb0c4a2fcb7970138239f7e404ea75757b1b507b28b5ce4c53fbd62d797c5a7c?s=96&d=mm&r=g","caption":"Villasmil Henry"},"logo":{"@id":"https:\/\/secure.gravatar.com\/avatar\/bb0c4a2fcb7970138239f7e404ea75757b1b507b28b5ce4c53fbd62d797c5a7c?s=96&d=mm&r=g"},"sameAs":["http:\/\/www.henryvillasmil.com.ve","https:\/\/www.instagram.com\/villasmilhfoto\/","https:\/\/x.com\/https:\/\/twitter.com\/villasmilhfoto"]},{"@type":"Person","@id":"https:\/\/digital58.com.ve\/site\/#\/schema\/person\/5ef3ed6588a1de18f098d7d8c909834b","name":"Carolina del Valle Morales","image":{"@type":"ImageObject","inLanguage":"es","@id":"https:\/\/secure.gravatar.com\/avatar\/0cdf0a8cbb9d61ccd1c45dac3181142ad3ad1771aecb28412b09b868d168ef63?s=96&d=mm&r=g","url":"https:\/\/secure.gravatar.com\/avatar\/0cdf0a8cbb9d61ccd1c45dac3181142ad3ad1771aecb28412b09b868d168ef63?s=96&d=mm&r=g","contentUrl":"https:\/\/secure.gravatar.com\/avatar\/0cdf0a8cbb9d61ccd1c45dac3181142ad3ad1771aecb28412b09b868d168ef63?s=96&d=mm&r=g","caption":"Carolina del Valle Morales"},"url":"https:\/\/digital58.com.ve\/site\/author\/vallecarola\/"}]}},"uagb_featured_image_src":{"full":["https:\/\/digital58.com.ve\/site\/wp-content\/uploads\/2022\/07\/WhatsApp-Image-2022-07-29-at-11.09.37-AM.jpeg",800,600,false],"thumbnail":["https:\/\/digital58.com.ve\/site\/wp-content\/uploads\/2022\/07\/WhatsApp-Image-2022-07-29-at-11.09.37-AM-150x150.jpeg",150,150,true],"medium":["https:\/\/digital58.com.ve\/site\/wp-content\/uploads\/2022\/07\/WhatsApp-Image-2022-07-29-at-11.09.37-AM-300x225.jpeg",300,225,true],"medium_large":["https:\/\/digital58.com.ve\/site\/wp-content\/uploads\/2022\/07\/WhatsApp-Image-2022-07-29-at-11.09.37-AM-768x575.jpeg",768,575,true],"large":["https:\/\/digital58.com.ve\/site\/wp-content\/uploads\/2022\/07\/WhatsApp-Image-2022-07-29-at-11.09.37-AM-1000x749.jpeg",800,599,true],"1536x1536":["https:\/\/digital58.com.ve\/site\/wp-content\/uploads\/2022\/07\/WhatsApp-Image-2022-07-29-at-11.09.37-AM.jpeg",800,600,false],"2048x2048":["https:\/\/digital58.com.ve\/site\/wp-content\/uploads\/2022\/07\/WhatsApp-Image-2022-07-29-at-11.09.37-AM.jpeg",800,600,false],"colormag-highlighted-post":["https:\/\/digital58.com.ve\/site\/wp-content\/uploads\/2022\/07\/WhatsApp-Image-2022-07-29-at-11.09.37-AM-392x272.jpeg",392,272,true],"colormag-featured-post-medium":["https:\/\/digital58.com.ve\/site\/wp-content\/uploads\/2022\/07\/WhatsApp-Image-2022-07-29-at-11.09.37-AM-390x205.jpeg",390,205,true],"colormag-featured-post-small":["https:\/\/digital58.com.ve\/site\/wp-content\/uploads\/2022\/07\/WhatsApp-Image-2022-07-29-at-11.09.37-AM-130x90.jpeg",130,90,true],"colormag-featured-image":["https:\/\/digital58.com.ve\/site\/wp-content\/uploads\/2022\/07\/WhatsApp-Image-2022-07-29-at-11.09.37-AM-800x445.jpeg",800,445,true],"colormag-default-news":["https:\/\/digital58.com.ve\/site\/wp-content\/uploads\/2022\/07\/WhatsApp-Image-2022-07-29-at-11.09.37-AM.jpeg",150,113,false],"colormag-featured-image-large":["https:\/\/digital58.com.ve\/site\/wp-content\/uploads\/2022\/07\/WhatsApp-Image-2022-07-29-at-11.09.37-AM.jpeg",800,600,false]},"uagb_author_info":{"display_name":"Carolina del Valle Morales","author_link":"https:\/\/digital58.com.ve\/site\/author\/vallecarola\/"},"uagb_comment_info":0,"uagb_excerpt":"Ya est\u00e1n listos los diagn\u00f3sticos de las parroquias Carracciolo Parra P\u00e9rez y Ra\u00fal Leoni, inform\u00f3 el concejal Jos\u00e9 Berm\u00fadez, presidente","_links":{"self":[{"href":"https:\/\/digital58.com.ve\/site\/wp-json\/wp\/v2\/posts\/154766","targetHints":{"allow":["GET"]}}],"collection":[{"href":"https:\/\/digital58.com.ve\/site\/wp-json\/wp\/v2\/posts"}],"about":[{"href":"https:\/\/digital58.com.ve\/site\/wp-json\/wp\/v2\/types\/post"}],"author":[{"embeddable":true,"href":"https:\/\/digital58.com.ve\/site\/wp-json\/wp\/v2\/users\/34"}],"replies":[{"embeddable":true,"href":"https:\/\/digital58.com.ve\/site\/wp-json\/wp\/v2\/comments?post=154766"}],"version-history":[{"count":0,"href":"https:\/\/digital58.com.ve\/site\/wp-json\/wp\/v2\/posts\/154766\/revisions"}],"wp:featuredmedia":[{"embeddable":true,"href":"https:\/\/digital58.com.ve\/site\/wp-json\/wp\/v2\/media\/154767"}],"wp:attachment":[{"href":"https:\/\/digital58.com.ve\/site\/wp-json\/wp\/v2\/media?parent=154766"}],"wp:term":[{"taxonomy":"category","embeddable":true,"href":"https:\/\/digital58.com.ve\/site\/wp-json\/wp\/v2\/categories?post=154766"},{"taxonomy":"post_tag","embeddable":true,"href":"https:\/\/digital58.com.ve\/site\/wp-json\/wp\/v2\/tags?post=154766"}],"curies":[{"name":"wp","href":"https:\/\/api.w.org\/{rel}","templated":true}]}}