{"id":155140,"date":"2022-08-12T15:17:13","date_gmt":"2022-08-12T19:17:13","guid":{"rendered":"https:\/\/digital58.com.ve\/site\/?p=155140"},"modified":"2022-08-12T18:43:39","modified_gmt":"2022-08-12T22:43:39","slug":"victor-carruyo-esta-de-vuelta-con-otra-vez","status":"publish","type":"post","link":"https:\/\/digital58.com.ve\/site\/2022\/08\/12\/victor-carruyo-esta-de-vuelta-con-otra-vez\/","title":{"rendered":"Victor Carruyo est\u00e1 de vuelta con \u00abOtra vez\u00bb"},"content":{"rendered":"<p><a href=\"https:\/\/digital58.com.ve\/site\/wp-content\/uploads\/2022\/08\/Victor-Carruyo-03.jpg\"><img loading=\"lazy\" decoding=\"async\" class=\"aligncenter size-full wp-image-155141\" src=\"https:\/\/digital58.com.ve\/site\/wp-content\/uploads\/2022\/08\/Victor-Carruyo-03.jpg\" alt=\"\" width=\"2193\" height=\"1462\" srcset=\"https:\/\/digital58.com.ve\/site\/wp-content\/uploads\/2022\/08\/Victor-Carruyo-03.jpg 800w, https:\/\/digital58.com.ve\/site\/wp-content\/uploads\/2022\/08\/Victor-Carruyo-03-300x200.jpg 300w, https:\/\/digital58.com.ve\/site\/wp-content\/uploads\/2022\/08\/Victor-Carruyo-03-1000x667.jpg 1000w, https:\/\/digital58.com.ve\/site\/wp-content\/uploads\/2022\/08\/Victor-Carruyo-03-768x512.jpg 768w, https:\/\/digital58.com.ve\/site\/wp-content\/uploads\/2022\/08\/Victor-Carruyo-03-1536x1024.jpg 1536w, https:\/\/digital58.com.ve\/site\/wp-content\/uploads\/2022\/08\/Victor-Carruyo-03-2048x1365.jpg 2048w\" sizes=\"auto, (max-width: 2193px) 100vw, 2193px\" \/><\/a><\/p>\n<p>El artista zuliano vuelve a la palestra musical para contagiar de ritmo y sabor tropical a todos sus seguidores.<\/p>\n<p><strong>Miami, Florida, 12 de agosto de 2022 (ND58).- <\/strong><a href=\"http:\/\/www.instagram.com\/viccarruyo\">V\u00edctor Carruyo<\/a>\u00a0presenta su nueva placa discogr\u00e1fica, llamada \u00abOtra vez\u00bb, un disco que contiene 6 temas cargados de ritmos tropicales y urbanos, con el que promete apoderarse de las emisoras radiales del pa\u00eds. Un material producido por Jonathan Franco y Tomas Aquino Font, en la ciudad de Miami, lugar donde reside el artista venezolano.<\/p>\n<p><img loading=\"lazy\" decoding=\"async\" class=\"alignnone size-full wp-image-155142\" src=\"https:\/\/digital58.com.ve\/site\/wp-content\/uploads\/2022\/08\/Victor-Carruyo-05-scaled.jpg\" alt=\"\" width=\"1707\" height=\"2560\" srcset=\"https:\/\/digital58.com.ve\/site\/wp-content\/uploads\/2022\/08\/Victor-Carruyo-05-scaled.jpg 400w, https:\/\/digital58.com.ve\/site\/wp-content\/uploads\/2022\/08\/Victor-Carruyo-05-200x300.jpg 200w, https:\/\/digital58.com.ve\/site\/wp-content\/uploads\/2022\/08\/Victor-Carruyo-05-667x1000.jpg 667w, https:\/\/digital58.com.ve\/site\/wp-content\/uploads\/2022\/08\/Victor-Carruyo-05-768x1152.jpg 768w, https:\/\/digital58.com.ve\/site\/wp-content\/uploads\/2022\/08\/Victor-Carruyo-05-1024x1536.jpg 1024w, https:\/\/digital58.com.ve\/site\/wp-content\/uploads\/2022\/08\/Victor-Carruyo-05-1365x2048.jpg 1365w\" sizes=\"auto, (max-width: 1707px) 100vw, 1707px\" \/><\/p>\n<p>\u00abOtra vez\u00bb, es el nombre que tambi\u00e9n se le atribuye a su tercer tema promocional, en el que el artista participa como compositor junto a Jos\u00e9 Manuel Mart\u00ednez. \u00abAlguien\u00bb y \u00abCelosa\u00bb fueron los dos primeros \u00e9xitos presentados por el artista, llegando a alcanzar puestos privilegiados de las carteleras radiales de Venezuela.<\/p>\n<p>\u00abEstoy muy contento con este primer disco, agradecido con el esfuerzo de mis productores y de todo el equipo, pero m\u00e1s grande la ilusi\u00f3n por volver a mi pa\u00eds y poder promocionar de forma presencial, visitar los medios y tener esa conexi\u00f3n con mi gente querida. Espero que les guste, que bailen, que dediquen los temas y los disfruten tanto como yo\u00bb, comenta emocionado el artista zuliano.<\/p>\n<p>En el disco destacan temas como \u00abPoderte Amar\u00bb de Hern\u00e1n Portillo y Beethzart Acosta, \u00abCelosa\u201d\u00bbde C\u00e1ceres y \u00abCandela\u00bb de Astolfo Daniel Romero. En esta primera producci\u00f3n Carruyo incursiona en la faceta de compositor, sirviendo de co-autor de piezas como \u00abSi enamorarse es gratis\u00bb y \u00abOtra vez\u00bb.<\/p>\n<p>En la actualidad,\u00a0<span class=\"termHighlighted-night\">V\u00edctor<\/span>\u00a0se encuentra enfocado en su gira por los Estados Unidos y en la pre-producci\u00f3n de sus pr\u00f3ximos videos musicales. El menor de la dinast\u00eda\u00a0<span class=\"termHighlighted-night\">Carruyo<\/span>\u00a0asegura, que pronto regresar\u00e1 a Venezuela a promocionar su material discogr\u00e1fico y contagiar cada tarima con lo mejor de su m\u00fasica.<\/p>\n<p><strong>Redacci\u00f3n: ND58 \/NDP<br \/>\n<\/strong><strong>Edici\u00f3n: \u00c1\u00f1ez, Caren<br \/>\n<\/strong><strong>Gr\u00e1ficas: Cortes\u00eda\u00a0<\/strong><\/p>\n<p>&nbsp;<\/p><div class=\"fouiu69ee22893cd1a\" ><p style=\"text-align: center;\"><a href=\"https:\/\/t.me\/noticiasdigital58\" target=\"_blank\" rel=\"noopener\"><img class=\"aligncenter size-full wp-image-125363\" src=\"https:\/\/digital58.com.ve\/site\/wp-content\/uploads\/2021\/04\/banner-telegram-web-2021.png\" alt=\"\" width=\"600\" height=\"90\" \/><\/a><\/p><\/div><style type=\"text\/css\">\r\n@media screen and (min-width: 1201px) {\r\n.fouiu69ee22893cd1a {\r\ndisplay: block;\r\n}\r\n}\r\n@media screen and (min-width: 993px) and (max-width: 1200px) {\r\n.fouiu69ee22893cd1a {\r\ndisplay: block;\r\n}\r\n}\r\n@media screen and (min-width: 769px) and (max-width: 992px) {\r\n.fouiu69ee22893cd1a {\r\ndisplay: block;\r\n}\r\n}\r\n@media screen and (min-width: 768px) and (max-width: 768px) {\r\n.fouiu69ee22893cd1a {\r\ndisplay: block;\r\n}\r\n}\r\n@media screen and (max-width: 767px) {\r\n.fouiu69ee22893cd1a {\r\ndisplay: block;\r\n}\r\n}\r\n<\/style>\r\n\n<p>&nbsp;<\/p>\n<div style=\"margin-top: 0px; margin-bottom: 0px;\" class=\"sharethis-inline-share-buttons\" ><\/div>","protected":false},"excerpt":{"rendered":"<p>El artista zuliano vuelve a la palestra musical para contagiar de ritmo y sabor tropical a todos sus seguidores. Miami,<\/p>\n","protected":false},"author":39,"featured_media":155141,"comment_status":"open","ping_status":"closed","sticky":false,"template":"","format":"standard","meta":{"colormag_page_container_layout":"default_layout","colormag_page_sidebar_layout":"default_layout","_uag_custom_page_level_css":"","footnotes":""},"categories":[5414],"tags":[78,3331,273,487,61,8802,28978,32,1946,11156],"class_list":["post-155140","post","type-post","status-publish","format-standard","has-post-thumbnail","hentry","category-talento_nacional","tag-cantantes","tag-fama","tag-farandula","tag-lanzamiento","tag-musica","tag-nuevo-disco","tag-otra-vez","tag-venezuela","tag-victor-carruyo","tag-zuliano"],"yoast_head":"<!-- This site is optimized with the Yoast SEO plugin v27.4 - https:\/\/yoast.com\/product\/yoast-seo-wordpress\/ -->\n<title>Victor Carruyo est\u00e1 de vuelta con \u00abOtra vez\u00bb<\/title>\n<meta name=\"description\" content=\"Talento Nacional\" \/>\n<meta name=\"robots\" content=\"index, follow, max-snippet:-1, max-image-preview:large, max-video-preview:-1\" \/>\n<link rel=\"canonical\" href=\"https:\/\/digital58.com.ve\/site\/2022\/08\/12\/victor-carruyo-esta-de-vuelta-con-otra-vez\/\" \/>\n<meta property=\"og:locale\" content=\"es_ES\" \/>\n<meta property=\"og:type\" content=\"article\" \/>\n<meta property=\"og:title\" content=\"Victor Carruyo est\u00e1 de vuelta con \u00abOtra vez\u00bb\" \/>\n<meta property=\"og:description\" content=\"Talento Nacional\" \/>\n<meta property=\"og:url\" content=\"https:\/\/digital58.com.ve\/site\/2022\/08\/12\/victor-carruyo-esta-de-vuelta-con-otra-vez\/\" \/>\n<meta property=\"og:site_name\" content=\"Noticias Digital58\" \/>\n<meta property=\"article:published_time\" content=\"2022-08-12T19:17:13+00:00\" \/>\n<meta property=\"article:modified_time\" content=\"2022-08-12T22:43:39+00:00\" \/>\n<meta property=\"og:image\" content=\"https:\/\/digital58.com.ve\/site\/wp-content\/uploads\/2022\/08\/Victor-Carruyo-03.jpg\" \/>\n\t<meta property=\"og:image:width\" content=\"2193\" \/>\n\t<meta property=\"og:image:height\" content=\"1462\" \/>\n\t<meta property=\"og:image:type\" content=\"image\/jpeg\" \/>\n<meta name=\"author\" content=\"Caren A\u00f1ez\" \/>\n<meta name=\"twitter:card\" content=\"summary_large_image\" \/>\n<meta name=\"twitter:creator\" content=\"@carenanez\" \/>\n<meta name=\"twitter:site\" content=\"@villasmilhfoto\" \/>\n<meta name=\"twitter:label1\" content=\"Escrito por\" \/>\n\t<meta name=\"twitter:data1\" content=\"Caren A\u00f1ez\" \/>\n\t<meta name=\"twitter:label2\" content=\"Tiempo estimado de lectura\" \/>\n\t<meta name=\"twitter:data2\" content=\"2 minutos\" \/>\n<script type=\"application\/ld+json\" class=\"yoast-schema-graph\">{\"@context\":\"https:\\\/\\\/schema.org\",\"@graph\":[{\"@type\":\"Article\",\"@id\":\"https:\\\/\\\/digital58.com.ve\\\/site\\\/2022\\\/08\\\/12\\\/victor-carruyo-esta-de-vuelta-con-otra-vez\\\/#article\",\"isPartOf\":{\"@id\":\"https:\\\/\\\/digital58.com.ve\\\/site\\\/2022\\\/08\\\/12\\\/victor-carruyo-esta-de-vuelta-con-otra-vez\\\/\"},\"author\":{\"name\":\"Caren A\u00f1ez\",\"@id\":\"https:\\\/\\\/digital58.com.ve\\\/site\\\/#\\\/schema\\\/person\\\/38596b127602deaa13fbcd7585635238\"},\"headline\":\"Victor Carruyo est\u00e1 de vuelta con \u00abOtra vez\u00bb\",\"datePublished\":\"2022-08-12T19:17:13+00:00\",\"dateModified\":\"2022-08-12T22:43:39+00:00\",\"mainEntityOfPage\":{\"@id\":\"https:\\\/\\\/digital58.com.ve\\\/site\\\/2022\\\/08\\\/12\\\/victor-carruyo-esta-de-vuelta-con-otra-vez\\\/\"},\"wordCount\":334,\"commentCount\":0,\"publisher\":{\"@id\":\"https:\\\/\\\/digital58.com.ve\\\/site\\\/#\\\/schema\\\/person\\\/64d1c2e4d0d4fd1b849980c4331c2951\"},\"image\":{\"@id\":\"https:\\\/\\\/digital58.com.ve\\\/site\\\/2022\\\/08\\\/12\\\/victor-carruyo-esta-de-vuelta-con-otra-vez\\\/#primaryimage\"},\"thumbnailUrl\":\"https:\\\/\\\/digital58.com.ve\\\/site\\\/wp-content\\\/uploads\\\/2022\\\/08\\\/Victor-Carruyo-03.jpg\",\"keywords\":[\"Cantantes\",\"Fama\",\"Far\u00e1ndula\",\"Lanzamiento\",\"M\u00fasica\",\"Nuevo Disco\",\"Otra vez\",\"Venezuela\",\"Victor Carruyo\",\"Zuliano\"],\"articleSection\":[\"Talento Nacional\"],\"inLanguage\":\"es\",\"potentialAction\":[{\"@type\":\"CommentAction\",\"name\":\"Comment\",\"target\":[\"https:\\\/\\\/digital58.com.ve\\\/site\\\/2022\\\/08\\\/12\\\/victor-carruyo-esta-de-vuelta-con-otra-vez\\\/#respond\"]}]},{\"@type\":\"WebPage\",\"@id\":\"https:\\\/\\\/digital58.com.ve\\\/site\\\/2022\\\/08\\\/12\\\/victor-carruyo-esta-de-vuelta-con-otra-vez\\\/\",\"url\":\"https:\\\/\\\/digital58.com.ve\\\/site\\\/2022\\\/08\\\/12\\\/victor-carruyo-esta-de-vuelta-con-otra-vez\\\/\",\"name\":\"Victor Carruyo est\u00e1 de vuelta con \u00abOtra vez\u00bb\",\"isPartOf\":{\"@id\":\"https:\\\/\\\/digital58.com.ve\\\/site\\\/#website\"},\"primaryImageOfPage\":{\"@id\":\"https:\\\/\\\/digital58.com.ve\\\/site\\\/2022\\\/08\\\/12\\\/victor-carruyo-esta-de-vuelta-con-otra-vez\\\/#primaryimage\"},\"image\":{\"@id\":\"https:\\\/\\\/digital58.com.ve\\\/site\\\/2022\\\/08\\\/12\\\/victor-carruyo-esta-de-vuelta-con-otra-vez\\\/#primaryimage\"},\"thumbnailUrl\":\"https:\\\/\\\/digital58.com.ve\\\/site\\\/wp-content\\\/uploads\\\/2022\\\/08\\\/Victor-Carruyo-03.jpg\",\"datePublished\":\"2022-08-12T19:17:13+00:00\",\"dateModified\":\"2022-08-12T22:43:39+00:00\",\"description\":\"Talento Nacional\",\"breadcrumb\":{\"@id\":\"https:\\\/\\\/digital58.com.ve\\\/site\\\/2022\\\/08\\\/12\\\/victor-carruyo-esta-de-vuelta-con-otra-vez\\\/#breadcrumb\"},\"inLanguage\":\"es\",\"potentialAction\":[{\"@type\":\"ReadAction\",\"target\":[\"https:\\\/\\\/digital58.com.ve\\\/site\\\/2022\\\/08\\\/12\\\/victor-carruyo-esta-de-vuelta-con-otra-vez\\\/\"]}]},{\"@type\":\"ImageObject\",\"inLanguage\":\"es\",\"@id\":\"https:\\\/\\\/digital58.com.ve\\\/site\\\/2022\\\/08\\\/12\\\/victor-carruyo-esta-de-vuelta-con-otra-vez\\\/#primaryimage\",\"url\":\"https:\\\/\\\/digital58.com.ve\\\/site\\\/wp-content\\\/uploads\\\/2022\\\/08\\\/Victor-Carruyo-03.jpg\",\"contentUrl\":\"https:\\\/\\\/digital58.com.ve\\\/site\\\/wp-content\\\/uploads\\\/2022\\\/08\\\/Victor-Carruyo-03.jpg\",\"width\":800,\"height\":533},{\"@type\":\"BreadcrumbList\",\"@id\":\"https:\\\/\\\/digital58.com.ve\\\/site\\\/2022\\\/08\\\/12\\\/victor-carruyo-esta-de-vuelta-con-otra-vez\\\/#breadcrumb\",\"itemListElement\":[{\"@type\":\"ListItem\",\"position\":1,\"name\":\"Home\",\"item\":\"https:\\\/\\\/digital58.com.ve\\\/site\\\/\"},{\"@type\":\"ListItem\",\"position\":2,\"name\":\"Victor Carruyo est\u00e1 de vuelta con \u00abOtra vez\u00bb\"}]},{\"@type\":\"WebSite\",\"@id\":\"https:\\\/\\\/digital58.com.ve\\\/site\\\/#website\",\"url\":\"https:\\\/\\\/digital58.com.ve\\\/site\\\/\",\"name\":\"Noticias Digital58\",\"description\":\"Portal de Noticias \u00a1Periodismo web de verdad! Lanzamiento web 22.11.2005 \\\/ Maracaibo, Venezuela\",\"publisher\":{\"@id\":\"https:\\\/\\\/digital58.com.ve\\\/site\\\/#\\\/schema\\\/person\\\/64d1c2e4d0d4fd1b849980c4331c2951\"},\"alternateName\":\"ND58\",\"potentialAction\":[{\"@type\":\"SearchAction\",\"target\":{\"@type\":\"EntryPoint\",\"urlTemplate\":\"https:\\\/\\\/digital58.com.ve\\\/site\\\/?s={search_term_string}\"},\"query-input\":{\"@type\":\"PropertyValueSpecification\",\"valueRequired\":true,\"valueName\":\"search_term_string\"}}],\"inLanguage\":\"es\"},{\"@type\":[\"Person\",\"Organization\"],\"@id\":\"https:\\\/\\\/digital58.com.ve\\\/site\\\/#\\\/schema\\\/person\\\/64d1c2e4d0d4fd1b849980c4331c2951\",\"name\":\"Villasmil Henry\",\"image\":{\"@type\":\"ImageObject\",\"inLanguage\":\"es\",\"@id\":\"https:\\\/\\\/secure.gravatar.com\\\/avatar\\\/bb0c4a2fcb7970138239f7e404ea75757b1b507b28b5ce4c53fbd62d797c5a7c?s=96&d=mm&r=g\",\"url\":\"https:\\\/\\\/secure.gravatar.com\\\/avatar\\\/bb0c4a2fcb7970138239f7e404ea75757b1b507b28b5ce4c53fbd62d797c5a7c?s=96&d=mm&r=g\",\"contentUrl\":\"https:\\\/\\\/secure.gravatar.com\\\/avatar\\\/bb0c4a2fcb7970138239f7e404ea75757b1b507b28b5ce4c53fbd62d797c5a7c?s=96&d=mm&r=g\",\"caption\":\"Villasmil Henry\"},\"logo\":{\"@id\":\"https:\\\/\\\/secure.gravatar.com\\\/avatar\\\/bb0c4a2fcb7970138239f7e404ea75757b1b507b28b5ce4c53fbd62d797c5a7c?s=96&d=mm&r=g\"},\"sameAs\":[\"http:\\\/\\\/www.henryvillasmil.com.ve\",\"https:\\\/\\\/www.instagram.com\\\/villasmilhfoto\\\/\",\"https:\\\/\\\/x.com\\\/https:\\\/\\\/twitter.com\\\/villasmilhfoto\"]},{\"@type\":\"Person\",\"@id\":\"https:\\\/\\\/digital58.com.ve\\\/site\\\/#\\\/schema\\\/person\\\/38596b127602deaa13fbcd7585635238\",\"name\":\"Caren A\u00f1ez\",\"image\":{\"@type\":\"ImageObject\",\"inLanguage\":\"es\",\"@id\":\"https:\\\/\\\/secure.gravatar.com\\\/avatar\\\/53aadd693aa414991c9ff2f2b19c39be94d2c342463b80f5402d344911bc9782?s=96&d=mm&r=g\",\"url\":\"https:\\\/\\\/secure.gravatar.com\\\/avatar\\\/53aadd693aa414991c9ff2f2b19c39be94d2c342463b80f5402d344911bc9782?s=96&d=mm&r=g\",\"contentUrl\":\"https:\\\/\\\/secure.gravatar.com\\\/avatar\\\/53aadd693aa414991c9ff2f2b19c39be94d2c342463b80f5402d344911bc9782?s=96&d=mm&r=g\",\"caption\":\"Caren A\u00f1ez\"},\"description\":\"\ud83d\udc69\u200d\ud83c\udfa4Editora en @digital_58 \ud83d\udc69\ud83c\udffb\u200d\ud83c\udfebPeriodista musical y de entretenimiento. \ud83d\udcf8Fotografa \ud83d\udc69\ud83c\udffb\u200d\ud83d\udcbbMedia Management. \ud83d\udc69\u200d\ud83d\udc67\u200d\ud83d\udc67AspieMon 24\\\/7\",\"sameAs\":[\"https:\\\/\\\/www.instagram.com\\\/carenanez\\\/\",\"https:\\\/\\\/x.com\\\/carenanez\"],\"url\":\"https:\\\/\\\/digital58.com.ve\\\/site\\\/author\\\/carena21\\\/\"}]}<\/script>\n<!-- \/ Yoast SEO plugin. -->","yoast_head_json":{"title":"Victor Carruyo est\u00e1 de vuelta con \u00abOtra vez\u00bb","description":"Talento Nacional","robots":{"index":"index","follow":"follow","max-snippet":"max-snippet:-1","max-image-preview":"max-image-preview:large","max-video-preview":"max-video-preview:-1"},"canonical":"https:\/\/digital58.com.ve\/site\/2022\/08\/12\/victor-carruyo-esta-de-vuelta-con-otra-vez\/","og_locale":"es_ES","og_type":"article","og_title":"Victor Carruyo est\u00e1 de vuelta con \u00abOtra vez\u00bb","og_description":"Talento Nacional","og_url":"https:\/\/digital58.com.ve\/site\/2022\/08\/12\/victor-carruyo-esta-de-vuelta-con-otra-vez\/","og_site_name":"Noticias Digital58","article_published_time":"2022-08-12T19:17:13+00:00","article_modified_time":"2022-08-12T22:43:39+00:00","og_image":[{"width":2193,"height":1462,"url":"https:\/\/digital58.com.ve\/site\/wp-content\/uploads\/2022\/08\/Victor-Carruyo-03.jpg","type":"image\/jpeg"}],"author":"Caren A\u00f1ez","twitter_card":"summary_large_image","twitter_creator":"@carenanez","twitter_site":"@villasmilhfoto","twitter_misc":{"Escrito por":"Caren A\u00f1ez","Tiempo estimado de lectura":"2 minutos"},"schema":{"@context":"https:\/\/schema.org","@graph":[{"@type":"Article","@id":"https:\/\/digital58.com.ve\/site\/2022\/08\/12\/victor-carruyo-esta-de-vuelta-con-otra-vez\/#article","isPartOf":{"@id":"https:\/\/digital58.com.ve\/site\/2022\/08\/12\/victor-carruyo-esta-de-vuelta-con-otra-vez\/"},"author":{"name":"Caren A\u00f1ez","@id":"https:\/\/digital58.com.ve\/site\/#\/schema\/person\/38596b127602deaa13fbcd7585635238"},"headline":"Victor Carruyo est\u00e1 de vuelta con \u00abOtra vez\u00bb","datePublished":"2022-08-12T19:17:13+00:00","dateModified":"2022-08-12T22:43:39+00:00","mainEntityOfPage":{"@id":"https:\/\/digital58.com.ve\/site\/2022\/08\/12\/victor-carruyo-esta-de-vuelta-con-otra-vez\/"},"wordCount":334,"commentCount":0,"publisher":{"@id":"https:\/\/digital58.com.ve\/site\/#\/schema\/person\/64d1c2e4d0d4fd1b849980c4331c2951"},"image":{"@id":"https:\/\/digital58.com.ve\/site\/2022\/08\/12\/victor-carruyo-esta-de-vuelta-con-otra-vez\/#primaryimage"},"thumbnailUrl":"https:\/\/digital58.com.ve\/site\/wp-content\/uploads\/2022\/08\/Victor-Carruyo-03.jpg","keywords":["Cantantes","Fama","Far\u00e1ndula","Lanzamiento","M\u00fasica","Nuevo Disco","Otra vez","Venezuela","Victor Carruyo","Zuliano"],"articleSection":["Talento Nacional"],"inLanguage":"es","potentialAction":[{"@type":"CommentAction","name":"Comment","target":["https:\/\/digital58.com.ve\/site\/2022\/08\/12\/victor-carruyo-esta-de-vuelta-con-otra-vez\/#respond"]}]},{"@type":"WebPage","@id":"https:\/\/digital58.com.ve\/site\/2022\/08\/12\/victor-carruyo-esta-de-vuelta-con-otra-vez\/","url":"https:\/\/digital58.com.ve\/site\/2022\/08\/12\/victor-carruyo-esta-de-vuelta-con-otra-vez\/","name":"Victor Carruyo est\u00e1 de vuelta con \u00abOtra vez\u00bb","isPartOf":{"@id":"https:\/\/digital58.com.ve\/site\/#website"},"primaryImageOfPage":{"@id":"https:\/\/digital58.com.ve\/site\/2022\/08\/12\/victor-carruyo-esta-de-vuelta-con-otra-vez\/#primaryimage"},"image":{"@id":"https:\/\/digital58.com.ve\/site\/2022\/08\/12\/victor-carruyo-esta-de-vuelta-con-otra-vez\/#primaryimage"},"thumbnailUrl":"https:\/\/digital58.com.ve\/site\/wp-content\/uploads\/2022\/08\/Victor-Carruyo-03.jpg","datePublished":"2022-08-12T19:17:13+00:00","dateModified":"2022-08-12T22:43:39+00:00","description":"Talento Nacional","breadcrumb":{"@id":"https:\/\/digital58.com.ve\/site\/2022\/08\/12\/victor-carruyo-esta-de-vuelta-con-otra-vez\/#breadcrumb"},"inLanguage":"es","potentialAction":[{"@type":"ReadAction","target":["https:\/\/digital58.com.ve\/site\/2022\/08\/12\/victor-carruyo-esta-de-vuelta-con-otra-vez\/"]}]},{"@type":"ImageObject","inLanguage":"es","@id":"https:\/\/digital58.com.ve\/site\/2022\/08\/12\/victor-carruyo-esta-de-vuelta-con-otra-vez\/#primaryimage","url":"https:\/\/digital58.com.ve\/site\/wp-content\/uploads\/2022\/08\/Victor-Carruyo-03.jpg","contentUrl":"https:\/\/digital58.com.ve\/site\/wp-content\/uploads\/2022\/08\/Victor-Carruyo-03.jpg","width":800,"height":533},{"@type":"BreadcrumbList","@id":"https:\/\/digital58.com.ve\/site\/2022\/08\/12\/victor-carruyo-esta-de-vuelta-con-otra-vez\/#breadcrumb","itemListElement":[{"@type":"ListItem","position":1,"name":"Home","item":"https:\/\/digital58.com.ve\/site\/"},{"@type":"ListItem","position":2,"name":"Victor Carruyo est\u00e1 de vuelta con \u00abOtra vez\u00bb"}]},{"@type":"WebSite","@id":"https:\/\/digital58.com.ve\/site\/#website","url":"https:\/\/digital58.com.ve\/site\/","name":"Noticias Digital58","description":"Portal de Noticias \u00a1Periodismo web de verdad! Lanzamiento web 22.11.2005 \/ Maracaibo, Venezuela","publisher":{"@id":"https:\/\/digital58.com.ve\/site\/#\/schema\/person\/64d1c2e4d0d4fd1b849980c4331c2951"},"alternateName":"ND58","potentialAction":[{"@type":"SearchAction","target":{"@type":"EntryPoint","urlTemplate":"https:\/\/digital58.com.ve\/site\/?s={search_term_string}"},"query-input":{"@type":"PropertyValueSpecification","valueRequired":true,"valueName":"search_term_string"}}],"inLanguage":"es"},{"@type":["Person","Organization"],"@id":"https:\/\/digital58.com.ve\/site\/#\/schema\/person\/64d1c2e4d0d4fd1b849980c4331c2951","name":"Villasmil Henry","image":{"@type":"ImageObject","inLanguage":"es","@id":"https:\/\/secure.gravatar.com\/avatar\/bb0c4a2fcb7970138239f7e404ea75757b1b507b28b5ce4c53fbd62d797c5a7c?s=96&d=mm&r=g","url":"https:\/\/secure.gravatar.com\/avatar\/bb0c4a2fcb7970138239f7e404ea75757b1b507b28b5ce4c53fbd62d797c5a7c?s=96&d=mm&r=g","contentUrl":"https:\/\/secure.gravatar.com\/avatar\/bb0c4a2fcb7970138239f7e404ea75757b1b507b28b5ce4c53fbd62d797c5a7c?s=96&d=mm&r=g","caption":"Villasmil Henry"},"logo":{"@id":"https:\/\/secure.gravatar.com\/avatar\/bb0c4a2fcb7970138239f7e404ea75757b1b507b28b5ce4c53fbd62d797c5a7c?s=96&d=mm&r=g"},"sameAs":["http:\/\/www.henryvillasmil.com.ve","https:\/\/www.instagram.com\/villasmilhfoto\/","https:\/\/x.com\/https:\/\/twitter.com\/villasmilhfoto"]},{"@type":"Person","@id":"https:\/\/digital58.com.ve\/site\/#\/schema\/person\/38596b127602deaa13fbcd7585635238","name":"Caren A\u00f1ez","image":{"@type":"ImageObject","inLanguage":"es","@id":"https:\/\/secure.gravatar.com\/avatar\/53aadd693aa414991c9ff2f2b19c39be94d2c342463b80f5402d344911bc9782?s=96&d=mm&r=g","url":"https:\/\/secure.gravatar.com\/avatar\/53aadd693aa414991c9ff2f2b19c39be94d2c342463b80f5402d344911bc9782?s=96&d=mm&r=g","contentUrl":"https:\/\/secure.gravatar.com\/avatar\/53aadd693aa414991c9ff2f2b19c39be94d2c342463b80f5402d344911bc9782?s=96&d=mm&r=g","caption":"Caren A\u00f1ez"},"description":"\ud83d\udc69\u200d\ud83c\udfa4Editora en @digital_58 \ud83d\udc69\ud83c\udffb\u200d\ud83c\udfebPeriodista musical y de entretenimiento. \ud83d\udcf8Fotografa \ud83d\udc69\ud83c\udffb\u200d\ud83d\udcbbMedia Management. \ud83d\udc69\u200d\ud83d\udc67\u200d\ud83d\udc67AspieMon 24\/7","sameAs":["https:\/\/www.instagram.com\/carenanez\/","https:\/\/x.com\/carenanez"],"url":"https:\/\/digital58.com.ve\/site\/author\/carena21\/"}]}},"uagb_featured_image_src":{"full":["https:\/\/digital58.com.ve\/site\/wp-content\/uploads\/2022\/08\/Victor-Carruyo-03.jpg",800,533,false],"thumbnail":["https:\/\/digital58.com.ve\/site\/wp-content\/uploads\/2022\/08\/Victor-Carruyo-03-150x150.jpg",150,150,true],"medium":["https:\/\/digital58.com.ve\/site\/wp-content\/uploads\/2022\/08\/Victor-Carruyo-03-300x200.jpg",300,200,true],"medium_large":["https:\/\/digital58.com.ve\/site\/wp-content\/uploads\/2022\/08\/Victor-Carruyo-03-768x512.jpg",768,512,true],"large":["https:\/\/digital58.com.ve\/site\/wp-content\/uploads\/2022\/08\/Victor-Carruyo-03-1000x667.jpg",800,534,true],"1536x1536":["https:\/\/digital58.com.ve\/site\/wp-content\/uploads\/2022\/08\/Victor-Carruyo-03-1536x1024.jpg",1536,1024,true],"2048x2048":["https:\/\/digital58.com.ve\/site\/wp-content\/uploads\/2022\/08\/Victor-Carruyo-03-2048x1365.jpg",2048,1365,true],"colormag-highlighted-post":["https:\/\/digital58.com.ve\/site\/wp-content\/uploads\/2022\/08\/Victor-Carruyo-03-392x272.jpg",392,272,true],"colormag-featured-post-medium":["https:\/\/digital58.com.ve\/site\/wp-content\/uploads\/2022\/08\/Victor-Carruyo-03-390x205.jpg",390,205,true],"colormag-featured-post-small":["https:\/\/digital58.com.ve\/site\/wp-content\/uploads\/2022\/08\/Victor-Carruyo-03-130x90.jpg",130,90,true],"colormag-featured-image":["https:\/\/digital58.com.ve\/site\/wp-content\/uploads\/2022\/08\/Victor-Carruyo-03-800x445.jpg",800,445,true],"colormag-default-news":["https:\/\/digital58.com.ve\/site\/wp-content\/uploads\/2022\/08\/Victor-Carruyo-03.jpg",150,100,false],"colormag-featured-image-large":["https:\/\/digital58.com.ve\/site\/wp-content\/uploads\/2022\/08\/Victor-Carruyo-03.jpg",800,533,false]},"uagb_author_info":{"display_name":"Caren A\u00f1ez","author_link":"https:\/\/digital58.com.ve\/site\/author\/carena21\/"},"uagb_comment_info":0,"uagb_excerpt":"El artista zuliano vuelve a la palestra musical para contagiar de ritmo y sabor tropical a todos sus seguidores. Miami,","_links":{"self":[{"href":"https:\/\/digital58.com.ve\/site\/wp-json\/wp\/v2\/posts\/155140","targetHints":{"allow":["GET"]}}],"collection":[{"href":"https:\/\/digital58.com.ve\/site\/wp-json\/wp\/v2\/posts"}],"about":[{"href":"https:\/\/digital58.com.ve\/site\/wp-json\/wp\/v2\/types\/post"}],"author":[{"embeddable":true,"href":"https:\/\/digital58.com.ve\/site\/wp-json\/wp\/v2\/users\/39"}],"replies":[{"embeddable":true,"href":"https:\/\/digital58.com.ve\/site\/wp-json\/wp\/v2\/comments?post=155140"}],"version-history":[{"count":0,"href":"https:\/\/digital58.com.ve\/site\/wp-json\/wp\/v2\/posts\/155140\/revisions"}],"wp:featuredmedia":[{"embeddable":true,"href":"https:\/\/digital58.com.ve\/site\/wp-json\/wp\/v2\/media\/155141"}],"wp:attachment":[{"href":"https:\/\/digital58.com.ve\/site\/wp-json\/wp\/v2\/media?parent=155140"}],"wp:term":[{"taxonomy":"category","embeddable":true,"href":"https:\/\/digital58.com.ve\/site\/wp-json\/wp\/v2\/categories?post=155140"},{"taxonomy":"post_tag","embeddable":true,"href":"https:\/\/digital58.com.ve\/site\/wp-json\/wp\/v2\/tags?post=155140"}],"curies":[{"name":"wp","href":"https:\/\/api.w.org\/{rel}","templated":true}]}}