{"id":155304,"date":"2022-08-16T08:37:26","date_gmt":"2022-08-16T12:37:26","guid":{"rendered":"https:\/\/digital58.com.ve\/site\/?p=155304"},"modified":"2022-08-16T09:55:08","modified_gmt":"2022-08-16T13:55:08","slug":"el-zulia-podria-tener-su-primera-beata-la-hermana-tarcisio-de-san-jose","status":"publish","type":"post","link":"https:\/\/digital58.com.ve\/site\/2022\/08\/16\/el-zulia-podria-tener-su-primera-beata-la-hermana-tarcisio-de-san-jose\/","title":{"rendered":"El Zulia podr\u00eda tener su primera beata la hermana Tarcisio de San Jos\u00e9"},"content":{"rendered":"<p><a href=\"https:\/\/digital58.com.ve\/site\/wp-content\/uploads\/2022\/08\/hermana-Tarsicio.jpg\"><img loading=\"lazy\" decoding=\"async\" class=\"aligncenter size-full wp-image-155343\" src=\"https:\/\/digital58.com.ve\/site\/wp-content\/uploads\/2022\/08\/hermana-Tarsicio.jpg\" alt=\"\" width=\"707\" height=\"1000\" srcset=\"https:\/\/digital58.com.ve\/site\/wp-content\/uploads\/2022\/08\/hermana-Tarsicio.jpg 424w, https:\/\/digital58.com.ve\/site\/wp-content\/uploads\/2022\/08\/hermana-Tarsicio-212x300.jpg 212w\" sizes=\"auto, (max-width: 707px) 100vw, 707px\" \/><\/a><\/p>\n<p>Hace 124 a\u00f1os, naci\u00f3 en Maracaibo Juana Josefa Berm\u00fadez Pirela, quien podr\u00eda convertirse en la primera religiosa zuliana en ser beatificada. Un grupo de maracaiberos en conjunto a la Arquidi\u00f3cesis de Maracaibo, se encuentran realizando las gestiones pertinentes, para que esta instituci\u00f3n interponga solicitud en el Vaticano del proceso de beatificaci\u00f3n.<\/p>\n<p><strong>Maracaibo, Zulia, 16 de agosto de 2022 (ND58).- <\/strong>Berm\u00fadez, en 1925 teniendo 27 a\u00f1os se uni\u00f3 a la congregaci\u00f3n de las Hermanitas de los Pobres en Maiquet\u00eda (estado La Guaira), donde comenz\u00f3 a ser llamada <a href=\"http:\/\/www.instagram.com\/%20tarcisiodesanjose\"><strong>Hermana Tarcisio de San Jos\u00e9;<\/strong><\/a> habr\u00eda concedido en Colombia un milagro a una paciente de mieloma m\u00faltiple.<\/p>\n<p>En este proceso, tambi\u00e9n est\u00e1n involucrados los familiares de la hermana Tarcisio. Joaqu\u00edn Leiva, quien es sobrino-nieto de Juana Josefa, explic\u00f3 a <strong>Noticias Digital 58<\/strong> que este es un proceso que toma varios pasos antes que la petici\u00f3n de beatificaci\u00f3n llegue al Vaticano.<\/p>\n<p>\u00abLocalmente en Venezuela la solicitud de un proceso normal de solicitud del \u00abNihil Obstat\u00bb \u2014expresi\u00f3n latina que significa \u00abNada se opone\u00bb \u00abno hay objeci\u00f3n\u00bb\u2014 al Vaticano para la Apertura de la Causa de Beatificaci\u00f3n es muy sencilla y dura muy poco tiempo\u00bb.<\/p>\n<p>\u00abEn este a\u00f1o en la Arquidi\u00f3cesis de Caracas se solicitaron nuevos \u00abNihil Obstat\u00bb para varias causas y en cuesti\u00f3n de pocos meses fueron enviadas al Vaticano dichas solicitudes. All\u00ed se puede demorar la aprobaci\u00f3n varios meses y \u00faltimamente menos de un a\u00f1o.<\/p>\n<p>Las normas del Vaticano exigen que para la Apertura de una Causa de Beatificaci\u00f3n, se debe obtener el \u00abNihil Obstat\u00bb que significa \u2014no tiene objeciones a la causa\u2014\u00bb. Leiva de 70 a\u00f1os explic\u00f3 que\u00a0 se encuentra muy activo recabando informaci\u00f3n en favor de la causa, la cual debe pasar tres filtros hasta llegar al \u00faltimo.<\/p>\n<ol>\n<li>Nihil Obstat \u2014no tiene objeciones\u2014 del Obispo de la Ciudad adonde falleci\u00f3.<\/li>\n<li>Nihil Obstat de los Obispos de la Provincia, \u2014del Zulia\u2014.<\/li>\n<li>Nihil Obstat de la Conferencia Episcopal Venezolana.<\/li>\n<li>Y finalmente el Nihil Obstat de la Congregaci\u00f3n de las Causas de los Santos en el Vaticano.<\/li>\n<\/ol>\n<p>Ya con esto, el Obispo puede dar el primer paso y la puede declarar Sierva de Dios. Y con el milagro aprobado, Beata.<\/p>\n<p>El sobrino de la hermana Tarcisio, destac\u00f3 que \u00abDebemos llamarlo \u00abpresunto milagro\u00bb y este hasta la fecha ha sido el \u00fanico conocido que esta dentro de las normas requeridas. La causa cobra mayor significado por el registro del primer \u00abPresunto Milagro Notorio\u00bb, cuando en septiembre del 2020 se produce un milagro de sanaci\u00f3n de Mieloma M\u00faltiple\u00bb.<\/p>\n<p><strong>Un milagro para la\u00a0<\/strong><b>beatificaci\u00f3n<\/b><\/p>\n<p>Una paciente asintom\u00e1tica sin tratamiento, ni procedimientos, ni medicaci\u00f3n, que cada tres meses y durante cinco a\u00f1os debi\u00f3 hacerse ex\u00e1menes de sangre y biopsias de la m\u00e9dula \u00f3sea, solicit\u00f3 la intercesi\u00f3n de la Hermana Tarsicio y su sanaci\u00f3n se document\u00f3 con ex\u00e1menes m\u00e9dicos vigentes correspondientes y notariados en la Notaria 42 de Bogot\u00e1, Colombia el 12 noviembre 2021.<\/p>\n<p>\u00abEl Presunto milagro que luego de su documentaci\u00f3n por la curia, debe ser sometido a la Comisi\u00f3n de M\u00e9dicos del Vaticano para su aprobaci\u00f3n\u00bb. Agreg\u00f3 que tambi\u00e9n se han recibido m\u00e1s de 340 casos de favores y gracias concedidas con testimonios documentados en correos electr\u00f3nicos.<\/p>\n<p>Para que sea un supuesto milagro debe tener los ex\u00e1menes m\u00e9dicos previos y posteriores al \u00absupuesto milagro\u00bb y adem\u00e1s no pueden haber intervenido tratamientos, ni medicinas, ni procedimientos de ning\u00fan tipo.<\/p>\n<p>En Venezuela a ra\u00edz del COVID-19 todas las firmas de los Obispos son digitales. Es sencillo por tanto no toma tiempo aprobar esto, y se env\u00eda a Roma a la Prefectura de la Congregaci\u00f3n de los Santos por correo electr\u00f3nico, y despu\u00e9s por Courier DHL.<\/p>\n<p><strong>Familiares y devotos unidos en oraci\u00f3n<\/strong><\/p>\n<p>\u00abJuana Josefa Bermudez Pirela era la cuarta hermana de mi abuela materna Ana Josefina Bermudez Pirela (Hna Tarsicio) ella fue la cuarta de nueve hijos, todos de Santa Luc\u00eda con ancestros de Santa Lucia por varias generaciones\u00bb. Coment\u00f3 Leiva que en la generaci\u00f3n actual de sobrinos, se encuentran miembros de la familia descendientes de los Berm\u00fadez Pirela, en\u00a0 Maracaibo Maribel S\u00e1nchez y Zulima Franco Bermudez.<\/p>\n<p>\u00abEn otros pa\u00edses igual que yo est\u00e1n \u2014Joaqu\u00edn vive en Bogot\u00e1\u2014, F\u00e1tima Berm\u00fadez Pirela, Milagros Berm\u00fadez Valbuena, y Bertha Leiva de Izquierdo\u00bb.<\/p>\n<p>Tambi\u00e9n se sumaron a la causa de la ilustre zuliana, el gobernador del Estado Zulia; Manuel Rosales Guerrero, la presidenta del Consejo Legislativo del Estado Zulia; Dra. Iraida Villasmil, el alcalde de Maracaibo; Rafael Ram\u00edrez, las primera dama del Estado Zulia; Eveling Trejo de Rosales, la primera dama del municipio Maracaibo; Vanessa Linares de Ram\u00edrez; el m\u00fasico abogado, radiodifusor y profesor zuliano; Harold Zabala, el presidente de la Academia de la Historia del Estado Zulia; Dr. Juan Carlos Morales Manzur, y la presidente de la C\u00e1mara de Radio Zulia; Ana Luisa Flores y quien se ha encargado de su difusi\u00f3n como representante de los medios radiales.<\/p>\n<p>\u00abEsto es lo que debemos orar los civiles y darla a conocer ya lo que podemos hacer se introdujo sin respuesta hasta ahora. Y eso es lo que inquieta por lo poco que falta por cumplir el plazo de 30 a\u00f1os de fallecida. Si no se solicita el \u00abNihil Obstat\u00bb antes de los 30 a\u00f1os de su deceso, que es el pr\u00f3ximo 15 de abril la solicitud de la Causa cambia a \u00abCausa historica\u00bb con unos procedimientos muy dif\u00edciles de cumplir\u00bb.<\/p>\n<p><strong>Redacci\u00f3n ND58\/ \u00c1\u00f1ez, Caren<br \/>\n<\/strong><strong>Edici\u00f3n: \u00c1\u00f1ez Caren<br \/>\n<\/strong><strong>Gr\u00e1ficas: Cortes\u00eda\u00a0<\/strong><\/p><div class=\"aroub69f02b86ea3fc\" ><p style=\"text-align: center;\"><a href=\"https:\/\/t.me\/noticiasdigital58\" target=\"_blank\" rel=\"noopener\"><img class=\"aligncenter size-full wp-image-125363\" src=\"https:\/\/digital58.com.ve\/site\/wp-content\/uploads\/2021\/04\/banner-telegram-web-2021.png\" alt=\"\" width=\"600\" height=\"90\" \/><\/a><\/p><\/div><style type=\"text\/css\">\r\n@media screen and (min-width: 1201px) {\r\n.aroub69f02b86ea3fc {\r\ndisplay: block;\r\n}\r\n}\r\n@media screen and (min-width: 993px) and (max-width: 1200px) {\r\n.aroub69f02b86ea3fc {\r\ndisplay: block;\r\n}\r\n}\r\n@media screen and (min-width: 769px) and (max-width: 992px) {\r\n.aroub69f02b86ea3fc {\r\ndisplay: block;\r\n}\r\n}\r\n@media screen and (min-width: 768px) and (max-width: 768px) {\r\n.aroub69f02b86ea3fc {\r\ndisplay: block;\r\n}\r\n}\r\n@media screen and (max-width: 767px) {\r\n.aroub69f02b86ea3fc {\r\ndisplay: block;\r\n}\r\n}\r\n<\/style>\r\n\n<p>&nbsp;<\/p>\n<div style=\"margin-top: 0px; margin-bottom: 0px;\" class=\"sharethis-inline-share-buttons\" ><\/div>","protected":false},"excerpt":{"rendered":"<p>Hace 124 a\u00f1os, naci\u00f3 en Maracaibo Juana Josefa Berm\u00fadez Pirela, quien podr\u00eda convertirse en la primera religiosa zuliana en ser<\/p>\n","protected":false},"author":39,"featured_media":155343,"comment_status":"open","ping_status":"closed","sticky":false,"template":"","format":"standard","meta":{"colormag_page_container_layout":"default_layout","colormag_page_sidebar_layout":"default_layout","_uag_custom_page_level_css":"","footnotes":""},"categories":[8608],"tags":[29029,16209,29028,1692,73,23628,233,2354,32,12421],"class_list":["post-155304","post","type-post","status-publish","format-standard","has-post-thumbnail","hentry","category-reportajes-especiales","tag-beata","tag-beatificacion","tag-hermana-tarcisio-de-san-jose","tag-iglesia-catolica","tag-maracaibo","tag-milagro","tag-nacionales","tag-regionales","tag-venezuela","tag-zuliana"],"yoast_head":"<!-- This site is optimized with the Yoast SEO plugin v27.4 - https:\/\/yoast.com\/product\/yoast-seo-wordpress\/ -->\n<title>El Zulia podr\u00eda tener su primera beata la hermana Tarcisio de San Jos\u00e9<\/title>\n<meta name=\"robots\" content=\"index, follow, max-snippet:-1, max-image-preview:large, max-video-preview:-1\" \/>\n<link rel=\"canonical\" href=\"https:\/\/digital58.com.ve\/site\/2022\/08\/16\/el-zulia-podria-tener-su-primera-beata-la-hermana-tarcisio-de-san-jose\/\" \/>\n<meta property=\"og:locale\" content=\"es_ES\" \/>\n<meta property=\"og:type\" content=\"article\" \/>\n<meta property=\"og:title\" content=\"El Zulia podr\u00eda tener su primera beata la hermana Tarcisio de San Jos\u00e9\" \/>\n<meta property=\"og:url\" content=\"https:\/\/digital58.com.ve\/site\/2022\/08\/16\/el-zulia-podria-tener-su-primera-beata-la-hermana-tarcisio-de-san-jose\/\" \/>\n<meta property=\"og:site_name\" content=\"Noticias Digital58\" \/>\n<meta property=\"article:published_time\" content=\"2022-08-16T12:37:26+00:00\" \/>\n<meta property=\"article:modified_time\" content=\"2022-08-16T13:55:08+00:00\" \/>\n<meta property=\"og:image\" content=\"https:\/\/digital58.com.ve\/site\/wp-content\/uploads\/2022\/08\/hermana-Tarsicio.jpg\" \/>\n\t<meta property=\"og:image:width\" content=\"707\" \/>\n\t<meta property=\"og:image:height\" content=\"1000\" \/>\n\t<meta property=\"og:image:type\" content=\"image\/jpeg\" \/>\n<meta name=\"author\" content=\"Caren A\u00f1ez\" \/>\n<meta name=\"twitter:card\" content=\"summary_large_image\" \/>\n<meta name=\"twitter:creator\" content=\"@carenanez\" \/>\n<meta name=\"twitter:site\" content=\"@villasmilhfoto\" \/>\n<meta name=\"twitter:label1\" content=\"Escrito por\" \/>\n\t<meta name=\"twitter:data1\" content=\"Caren A\u00f1ez\" \/>\n\t<meta name=\"twitter:label2\" content=\"Tiempo estimado de lectura\" \/>\n\t<meta name=\"twitter:data2\" content=\"5 minutos\" \/>\n<script type=\"application\/ld+json\" class=\"yoast-schema-graph\">{\"@context\":\"https:\\\/\\\/schema.org\",\"@graph\":[{\"@type\":\"Article\",\"@id\":\"https:\\\/\\\/digital58.com.ve\\\/site\\\/2022\\\/08\\\/16\\\/el-zulia-podria-tener-su-primera-beata-la-hermana-tarcisio-de-san-jose\\\/#article\",\"isPartOf\":{\"@id\":\"https:\\\/\\\/digital58.com.ve\\\/site\\\/2022\\\/08\\\/16\\\/el-zulia-podria-tener-su-primera-beata-la-hermana-tarcisio-de-san-jose\\\/\"},\"author\":{\"name\":\"Caren A\u00f1ez\",\"@id\":\"https:\\\/\\\/digital58.com.ve\\\/site\\\/#\\\/schema\\\/person\\\/38596b127602deaa13fbcd7585635238\"},\"headline\":\"El Zulia podr\u00eda tener su primera beata la hermana Tarcisio de San Jos\u00e9\",\"datePublished\":\"2022-08-16T12:37:26+00:00\",\"dateModified\":\"2022-08-16T13:55:08+00:00\",\"mainEntityOfPage\":{\"@id\":\"https:\\\/\\\/digital58.com.ve\\\/site\\\/2022\\\/08\\\/16\\\/el-zulia-podria-tener-su-primera-beata-la-hermana-tarcisio-de-san-jose\\\/\"},\"wordCount\":966,\"commentCount\":1,\"publisher\":{\"@id\":\"https:\\\/\\\/digital58.com.ve\\\/site\\\/#\\\/schema\\\/person\\\/64d1c2e4d0d4fd1b849980c4331c2951\"},\"image\":{\"@id\":\"https:\\\/\\\/digital58.com.ve\\\/site\\\/2022\\\/08\\\/16\\\/el-zulia-podria-tener-su-primera-beata-la-hermana-tarcisio-de-san-jose\\\/#primaryimage\"},\"thumbnailUrl\":\"https:\\\/\\\/digital58.com.ve\\\/site\\\/wp-content\\\/uploads\\\/2022\\\/08\\\/hermana-Tarsicio.jpg\",\"keywords\":[\"Beata\",\"Beatificaci\u00f3n\",\"Hermana Tarcisio de San Jos\u00e9\",\"Iglesia Cat\u00f3lica\",\"Maracaibo\",\"Milagro\",\"Nacionales\",\"Regionales\",\"Venezuela\",\"Zuliana\"],\"articleSection\":[\"Reportajes Especiales\"],\"inLanguage\":\"es\",\"potentialAction\":[{\"@type\":\"CommentAction\",\"name\":\"Comment\",\"target\":[\"https:\\\/\\\/digital58.com.ve\\\/site\\\/2022\\\/08\\\/16\\\/el-zulia-podria-tener-su-primera-beata-la-hermana-tarcisio-de-san-jose\\\/#respond\"]}]},{\"@type\":\"WebPage\",\"@id\":\"https:\\\/\\\/digital58.com.ve\\\/site\\\/2022\\\/08\\\/16\\\/el-zulia-podria-tener-su-primera-beata-la-hermana-tarcisio-de-san-jose\\\/\",\"url\":\"https:\\\/\\\/digital58.com.ve\\\/site\\\/2022\\\/08\\\/16\\\/el-zulia-podria-tener-su-primera-beata-la-hermana-tarcisio-de-san-jose\\\/\",\"name\":\"El Zulia podr\u00eda tener su primera beata la hermana Tarcisio de San Jos\u00e9\",\"isPartOf\":{\"@id\":\"https:\\\/\\\/digital58.com.ve\\\/site\\\/#website\"},\"primaryImageOfPage\":{\"@id\":\"https:\\\/\\\/digital58.com.ve\\\/site\\\/2022\\\/08\\\/16\\\/el-zulia-podria-tener-su-primera-beata-la-hermana-tarcisio-de-san-jose\\\/#primaryimage\"},\"image\":{\"@id\":\"https:\\\/\\\/digital58.com.ve\\\/site\\\/2022\\\/08\\\/16\\\/el-zulia-podria-tener-su-primera-beata-la-hermana-tarcisio-de-san-jose\\\/#primaryimage\"},\"thumbnailUrl\":\"https:\\\/\\\/digital58.com.ve\\\/site\\\/wp-content\\\/uploads\\\/2022\\\/08\\\/hermana-Tarsicio.jpg\",\"datePublished\":\"2022-08-16T12:37:26+00:00\",\"dateModified\":\"2022-08-16T13:55:08+00:00\",\"breadcrumb\":{\"@id\":\"https:\\\/\\\/digital58.com.ve\\\/site\\\/2022\\\/08\\\/16\\\/el-zulia-podria-tener-su-primera-beata-la-hermana-tarcisio-de-san-jose\\\/#breadcrumb\"},\"inLanguage\":\"es\",\"potentialAction\":[{\"@type\":\"ReadAction\",\"target\":[\"https:\\\/\\\/digital58.com.ve\\\/site\\\/2022\\\/08\\\/16\\\/el-zulia-podria-tener-su-primera-beata-la-hermana-tarcisio-de-san-jose\\\/\"]}]},{\"@type\":\"ImageObject\",\"inLanguage\":\"es\",\"@id\":\"https:\\\/\\\/digital58.com.ve\\\/site\\\/2022\\\/08\\\/16\\\/el-zulia-podria-tener-su-primera-beata-la-hermana-tarcisio-de-san-jose\\\/#primaryimage\",\"url\":\"https:\\\/\\\/digital58.com.ve\\\/site\\\/wp-content\\\/uploads\\\/2022\\\/08\\\/hermana-Tarsicio.jpg\",\"contentUrl\":\"https:\\\/\\\/digital58.com.ve\\\/site\\\/wp-content\\\/uploads\\\/2022\\\/08\\\/hermana-Tarsicio.jpg\",\"width\":424,\"height\":600},{\"@type\":\"BreadcrumbList\",\"@id\":\"https:\\\/\\\/digital58.com.ve\\\/site\\\/2022\\\/08\\\/16\\\/el-zulia-podria-tener-su-primera-beata-la-hermana-tarcisio-de-san-jose\\\/#breadcrumb\",\"itemListElement\":[{\"@type\":\"ListItem\",\"position\":1,\"name\":\"Home\",\"item\":\"https:\\\/\\\/digital58.com.ve\\\/site\\\/\"},{\"@type\":\"ListItem\",\"position\":2,\"name\":\"El Zulia podr\u00eda tener su primera beata la hermana Tarcisio de San Jos\u00e9\"}]},{\"@type\":\"WebSite\",\"@id\":\"https:\\\/\\\/digital58.com.ve\\\/site\\\/#website\",\"url\":\"https:\\\/\\\/digital58.com.ve\\\/site\\\/\",\"name\":\"Noticias Digital58\",\"description\":\"Portal de Noticias \u00a1Periodismo web de verdad! Lanzamiento web 22.11.2005 \\\/ Maracaibo, Venezuela\",\"publisher\":{\"@id\":\"https:\\\/\\\/digital58.com.ve\\\/site\\\/#\\\/schema\\\/person\\\/64d1c2e4d0d4fd1b849980c4331c2951\"},\"alternateName\":\"ND58\",\"potentialAction\":[{\"@type\":\"SearchAction\",\"target\":{\"@type\":\"EntryPoint\",\"urlTemplate\":\"https:\\\/\\\/digital58.com.ve\\\/site\\\/?s={search_term_string}\"},\"query-input\":{\"@type\":\"PropertyValueSpecification\",\"valueRequired\":true,\"valueName\":\"search_term_string\"}}],\"inLanguage\":\"es\"},{\"@type\":[\"Person\",\"Organization\"],\"@id\":\"https:\\\/\\\/digital58.com.ve\\\/site\\\/#\\\/schema\\\/person\\\/64d1c2e4d0d4fd1b849980c4331c2951\",\"name\":\"Villasmil Henry\",\"image\":{\"@type\":\"ImageObject\",\"inLanguage\":\"es\",\"@id\":\"https:\\\/\\\/secure.gravatar.com\\\/avatar\\\/bb0c4a2fcb7970138239f7e404ea75757b1b507b28b5ce4c53fbd62d797c5a7c?s=96&d=mm&r=g\",\"url\":\"https:\\\/\\\/secure.gravatar.com\\\/avatar\\\/bb0c4a2fcb7970138239f7e404ea75757b1b507b28b5ce4c53fbd62d797c5a7c?s=96&d=mm&r=g\",\"contentUrl\":\"https:\\\/\\\/secure.gravatar.com\\\/avatar\\\/bb0c4a2fcb7970138239f7e404ea75757b1b507b28b5ce4c53fbd62d797c5a7c?s=96&d=mm&r=g\",\"caption\":\"Villasmil Henry\"},\"logo\":{\"@id\":\"https:\\\/\\\/secure.gravatar.com\\\/avatar\\\/bb0c4a2fcb7970138239f7e404ea75757b1b507b28b5ce4c53fbd62d797c5a7c?s=96&d=mm&r=g\"},\"sameAs\":[\"http:\\\/\\\/www.henryvillasmil.com.ve\",\"https:\\\/\\\/www.instagram.com\\\/villasmilhfoto\\\/\",\"https:\\\/\\\/x.com\\\/https:\\\/\\\/twitter.com\\\/villasmilhfoto\"]},{\"@type\":\"Person\",\"@id\":\"https:\\\/\\\/digital58.com.ve\\\/site\\\/#\\\/schema\\\/person\\\/38596b127602deaa13fbcd7585635238\",\"name\":\"Caren A\u00f1ez\",\"image\":{\"@type\":\"ImageObject\",\"inLanguage\":\"es\",\"@id\":\"https:\\\/\\\/secure.gravatar.com\\\/avatar\\\/53aadd693aa414991c9ff2f2b19c39be94d2c342463b80f5402d344911bc9782?s=96&d=mm&r=g\",\"url\":\"https:\\\/\\\/secure.gravatar.com\\\/avatar\\\/53aadd693aa414991c9ff2f2b19c39be94d2c342463b80f5402d344911bc9782?s=96&d=mm&r=g\",\"contentUrl\":\"https:\\\/\\\/secure.gravatar.com\\\/avatar\\\/53aadd693aa414991c9ff2f2b19c39be94d2c342463b80f5402d344911bc9782?s=96&d=mm&r=g\",\"caption\":\"Caren A\u00f1ez\"},\"description\":\"\ud83d\udc69\u200d\ud83c\udfa4Editora en @digital_58 \ud83d\udc69\ud83c\udffb\u200d\ud83c\udfebPeriodista musical y de entretenimiento. \ud83d\udcf8Fotografa \ud83d\udc69\ud83c\udffb\u200d\ud83d\udcbbMedia Management. \ud83d\udc69\u200d\ud83d\udc67\u200d\ud83d\udc67AspieMon 24\\\/7\",\"sameAs\":[\"https:\\\/\\\/www.instagram.com\\\/carenanez\\\/\",\"https:\\\/\\\/x.com\\\/carenanez\"],\"url\":\"https:\\\/\\\/digital58.com.ve\\\/site\\\/author\\\/carena21\\\/\"}]}<\/script>\n<!-- \/ Yoast SEO plugin. -->","yoast_head_json":{"title":"El Zulia podr\u00eda tener su primera beata la hermana Tarcisio de San Jos\u00e9","robots":{"index":"index","follow":"follow","max-snippet":"max-snippet:-1","max-image-preview":"max-image-preview:large","max-video-preview":"max-video-preview:-1"},"canonical":"https:\/\/digital58.com.ve\/site\/2022\/08\/16\/el-zulia-podria-tener-su-primera-beata-la-hermana-tarcisio-de-san-jose\/","og_locale":"es_ES","og_type":"article","og_title":"El Zulia podr\u00eda tener su primera beata la hermana Tarcisio de San Jos\u00e9","og_url":"https:\/\/digital58.com.ve\/site\/2022\/08\/16\/el-zulia-podria-tener-su-primera-beata-la-hermana-tarcisio-de-san-jose\/","og_site_name":"Noticias Digital58","article_published_time":"2022-08-16T12:37:26+00:00","article_modified_time":"2022-08-16T13:55:08+00:00","og_image":[{"width":707,"height":1000,"url":"https:\/\/digital58.com.ve\/site\/wp-content\/uploads\/2022\/08\/hermana-Tarsicio.jpg","type":"image\/jpeg"}],"author":"Caren A\u00f1ez","twitter_card":"summary_large_image","twitter_creator":"@carenanez","twitter_site":"@villasmilhfoto","twitter_misc":{"Escrito por":"Caren A\u00f1ez","Tiempo estimado de lectura":"5 minutos"},"schema":{"@context":"https:\/\/schema.org","@graph":[{"@type":"Article","@id":"https:\/\/digital58.com.ve\/site\/2022\/08\/16\/el-zulia-podria-tener-su-primera-beata-la-hermana-tarcisio-de-san-jose\/#article","isPartOf":{"@id":"https:\/\/digital58.com.ve\/site\/2022\/08\/16\/el-zulia-podria-tener-su-primera-beata-la-hermana-tarcisio-de-san-jose\/"},"author":{"name":"Caren A\u00f1ez","@id":"https:\/\/digital58.com.ve\/site\/#\/schema\/person\/38596b127602deaa13fbcd7585635238"},"headline":"El Zulia podr\u00eda tener su primera beata la hermana Tarcisio de San Jos\u00e9","datePublished":"2022-08-16T12:37:26+00:00","dateModified":"2022-08-16T13:55:08+00:00","mainEntityOfPage":{"@id":"https:\/\/digital58.com.ve\/site\/2022\/08\/16\/el-zulia-podria-tener-su-primera-beata-la-hermana-tarcisio-de-san-jose\/"},"wordCount":966,"commentCount":1,"publisher":{"@id":"https:\/\/digital58.com.ve\/site\/#\/schema\/person\/64d1c2e4d0d4fd1b849980c4331c2951"},"image":{"@id":"https:\/\/digital58.com.ve\/site\/2022\/08\/16\/el-zulia-podria-tener-su-primera-beata-la-hermana-tarcisio-de-san-jose\/#primaryimage"},"thumbnailUrl":"https:\/\/digital58.com.ve\/site\/wp-content\/uploads\/2022\/08\/hermana-Tarsicio.jpg","keywords":["Beata","Beatificaci\u00f3n","Hermana Tarcisio de San Jos\u00e9","Iglesia Cat\u00f3lica","Maracaibo","Milagro","Nacionales","Regionales","Venezuela","Zuliana"],"articleSection":["Reportajes Especiales"],"inLanguage":"es","potentialAction":[{"@type":"CommentAction","name":"Comment","target":["https:\/\/digital58.com.ve\/site\/2022\/08\/16\/el-zulia-podria-tener-su-primera-beata-la-hermana-tarcisio-de-san-jose\/#respond"]}]},{"@type":"WebPage","@id":"https:\/\/digital58.com.ve\/site\/2022\/08\/16\/el-zulia-podria-tener-su-primera-beata-la-hermana-tarcisio-de-san-jose\/","url":"https:\/\/digital58.com.ve\/site\/2022\/08\/16\/el-zulia-podria-tener-su-primera-beata-la-hermana-tarcisio-de-san-jose\/","name":"El Zulia podr\u00eda tener su primera beata la hermana Tarcisio de San Jos\u00e9","isPartOf":{"@id":"https:\/\/digital58.com.ve\/site\/#website"},"primaryImageOfPage":{"@id":"https:\/\/digital58.com.ve\/site\/2022\/08\/16\/el-zulia-podria-tener-su-primera-beata-la-hermana-tarcisio-de-san-jose\/#primaryimage"},"image":{"@id":"https:\/\/digital58.com.ve\/site\/2022\/08\/16\/el-zulia-podria-tener-su-primera-beata-la-hermana-tarcisio-de-san-jose\/#primaryimage"},"thumbnailUrl":"https:\/\/digital58.com.ve\/site\/wp-content\/uploads\/2022\/08\/hermana-Tarsicio.jpg","datePublished":"2022-08-16T12:37:26+00:00","dateModified":"2022-08-16T13:55:08+00:00","breadcrumb":{"@id":"https:\/\/digital58.com.ve\/site\/2022\/08\/16\/el-zulia-podria-tener-su-primera-beata-la-hermana-tarcisio-de-san-jose\/#breadcrumb"},"inLanguage":"es","potentialAction":[{"@type":"ReadAction","target":["https:\/\/digital58.com.ve\/site\/2022\/08\/16\/el-zulia-podria-tener-su-primera-beata-la-hermana-tarcisio-de-san-jose\/"]}]},{"@type":"ImageObject","inLanguage":"es","@id":"https:\/\/digital58.com.ve\/site\/2022\/08\/16\/el-zulia-podria-tener-su-primera-beata-la-hermana-tarcisio-de-san-jose\/#primaryimage","url":"https:\/\/digital58.com.ve\/site\/wp-content\/uploads\/2022\/08\/hermana-Tarsicio.jpg","contentUrl":"https:\/\/digital58.com.ve\/site\/wp-content\/uploads\/2022\/08\/hermana-Tarsicio.jpg","width":424,"height":600},{"@type":"BreadcrumbList","@id":"https:\/\/digital58.com.ve\/site\/2022\/08\/16\/el-zulia-podria-tener-su-primera-beata-la-hermana-tarcisio-de-san-jose\/#breadcrumb","itemListElement":[{"@type":"ListItem","position":1,"name":"Home","item":"https:\/\/digital58.com.ve\/site\/"},{"@type":"ListItem","position":2,"name":"El Zulia podr\u00eda tener su primera beata la hermana Tarcisio de San Jos\u00e9"}]},{"@type":"WebSite","@id":"https:\/\/digital58.com.ve\/site\/#website","url":"https:\/\/digital58.com.ve\/site\/","name":"Noticias Digital58","description":"Portal de Noticias \u00a1Periodismo web de verdad! Lanzamiento web 22.11.2005 \/ Maracaibo, Venezuela","publisher":{"@id":"https:\/\/digital58.com.ve\/site\/#\/schema\/person\/64d1c2e4d0d4fd1b849980c4331c2951"},"alternateName":"ND58","potentialAction":[{"@type":"SearchAction","target":{"@type":"EntryPoint","urlTemplate":"https:\/\/digital58.com.ve\/site\/?s={search_term_string}"},"query-input":{"@type":"PropertyValueSpecification","valueRequired":true,"valueName":"search_term_string"}}],"inLanguage":"es"},{"@type":["Person","Organization"],"@id":"https:\/\/digital58.com.ve\/site\/#\/schema\/person\/64d1c2e4d0d4fd1b849980c4331c2951","name":"Villasmil Henry","image":{"@type":"ImageObject","inLanguage":"es","@id":"https:\/\/secure.gravatar.com\/avatar\/bb0c4a2fcb7970138239f7e404ea75757b1b507b28b5ce4c53fbd62d797c5a7c?s=96&d=mm&r=g","url":"https:\/\/secure.gravatar.com\/avatar\/bb0c4a2fcb7970138239f7e404ea75757b1b507b28b5ce4c53fbd62d797c5a7c?s=96&d=mm&r=g","contentUrl":"https:\/\/secure.gravatar.com\/avatar\/bb0c4a2fcb7970138239f7e404ea75757b1b507b28b5ce4c53fbd62d797c5a7c?s=96&d=mm&r=g","caption":"Villasmil Henry"},"logo":{"@id":"https:\/\/secure.gravatar.com\/avatar\/bb0c4a2fcb7970138239f7e404ea75757b1b507b28b5ce4c53fbd62d797c5a7c?s=96&d=mm&r=g"},"sameAs":["http:\/\/www.henryvillasmil.com.ve","https:\/\/www.instagram.com\/villasmilhfoto\/","https:\/\/x.com\/https:\/\/twitter.com\/villasmilhfoto"]},{"@type":"Person","@id":"https:\/\/digital58.com.ve\/site\/#\/schema\/person\/38596b127602deaa13fbcd7585635238","name":"Caren A\u00f1ez","image":{"@type":"ImageObject","inLanguage":"es","@id":"https:\/\/secure.gravatar.com\/avatar\/53aadd693aa414991c9ff2f2b19c39be94d2c342463b80f5402d344911bc9782?s=96&d=mm&r=g","url":"https:\/\/secure.gravatar.com\/avatar\/53aadd693aa414991c9ff2f2b19c39be94d2c342463b80f5402d344911bc9782?s=96&d=mm&r=g","contentUrl":"https:\/\/secure.gravatar.com\/avatar\/53aadd693aa414991c9ff2f2b19c39be94d2c342463b80f5402d344911bc9782?s=96&d=mm&r=g","caption":"Caren A\u00f1ez"},"description":"\ud83d\udc69\u200d\ud83c\udfa4Editora en @digital_58 \ud83d\udc69\ud83c\udffb\u200d\ud83c\udfebPeriodista musical y de entretenimiento. \ud83d\udcf8Fotografa \ud83d\udc69\ud83c\udffb\u200d\ud83d\udcbbMedia Management. \ud83d\udc69\u200d\ud83d\udc67\u200d\ud83d\udc67AspieMon 24\/7","sameAs":["https:\/\/www.instagram.com\/carenanez\/","https:\/\/x.com\/carenanez"],"url":"https:\/\/digital58.com.ve\/site\/author\/carena21\/"}]}},"uagb_featured_image_src":{"full":["https:\/\/digital58.com.ve\/site\/wp-content\/uploads\/2022\/08\/hermana-Tarsicio.jpg",424,600,false],"thumbnail":["https:\/\/digital58.com.ve\/site\/wp-content\/uploads\/2022\/08\/hermana-Tarsicio-150x150.jpg",150,150,true],"medium":["https:\/\/digital58.com.ve\/site\/wp-content\/uploads\/2022\/08\/hermana-Tarsicio-212x300.jpg",212,300,true],"medium_large":["https:\/\/digital58.com.ve\/site\/wp-content\/uploads\/2022\/08\/hermana-Tarsicio.jpg",424,600,false],"large":["https:\/\/digital58.com.ve\/site\/wp-content\/uploads\/2022\/08\/hermana-Tarsicio.jpg",424,600,false],"1536x1536":["https:\/\/digital58.com.ve\/site\/wp-content\/uploads\/2022\/08\/hermana-Tarsicio.jpg",424,600,false],"2048x2048":["https:\/\/digital58.com.ve\/site\/wp-content\/uploads\/2022\/08\/hermana-Tarsicio.jpg",424,600,false],"colormag-highlighted-post":["https:\/\/digital58.com.ve\/site\/wp-content\/uploads\/2022\/08\/hermana-Tarsicio-392x272.jpg",392,272,true],"colormag-featured-post-medium":["https:\/\/digital58.com.ve\/site\/wp-content\/uploads\/2022\/08\/hermana-Tarsicio-390x205.jpg",390,205,true],"colormag-featured-post-small":["https:\/\/digital58.com.ve\/site\/wp-content\/uploads\/2022\/08\/hermana-Tarsicio-130x90.jpg",130,90,true],"colormag-featured-image":["https:\/\/digital58.com.ve\/site\/wp-content\/uploads\/2022\/08\/hermana-Tarsicio-707x445.jpg",707,445,true],"colormag-default-news":["https:\/\/digital58.com.ve\/site\/wp-content\/uploads\/2022\/08\/hermana-Tarsicio.jpg",106,150,false],"colormag-featured-image-large":["https:\/\/digital58.com.ve\/site\/wp-content\/uploads\/2022\/08\/hermana-Tarsicio.jpg",424,600,false]},"uagb_author_info":{"display_name":"Caren A\u00f1ez","author_link":"https:\/\/digital58.com.ve\/site\/author\/carena21\/"},"uagb_comment_info":0,"uagb_excerpt":"Hace 124 a\u00f1os, naci\u00f3 en Maracaibo Juana Josefa Berm\u00fadez Pirela, quien podr\u00eda convertirse en la primera religiosa zuliana en ser","_links":{"self":[{"href":"https:\/\/digital58.com.ve\/site\/wp-json\/wp\/v2\/posts\/155304","targetHints":{"allow":["GET"]}}],"collection":[{"href":"https:\/\/digital58.com.ve\/site\/wp-json\/wp\/v2\/posts"}],"about":[{"href":"https:\/\/digital58.com.ve\/site\/wp-json\/wp\/v2\/types\/post"}],"author":[{"embeddable":true,"href":"https:\/\/digital58.com.ve\/site\/wp-json\/wp\/v2\/users\/39"}],"replies":[{"embeddable":true,"href":"https:\/\/digital58.com.ve\/site\/wp-json\/wp\/v2\/comments?post=155304"}],"version-history":[{"count":0,"href":"https:\/\/digital58.com.ve\/site\/wp-json\/wp\/v2\/posts\/155304\/revisions"}],"wp:featuredmedia":[{"embeddable":true,"href":"https:\/\/digital58.com.ve\/site\/wp-json\/wp\/v2\/media\/155343"}],"wp:attachment":[{"href":"https:\/\/digital58.com.ve\/site\/wp-json\/wp\/v2\/media?parent=155304"}],"wp:term":[{"taxonomy":"category","embeddable":true,"href":"https:\/\/digital58.com.ve\/site\/wp-json\/wp\/v2\/categories?post=155304"},{"taxonomy":"post_tag","embeddable":true,"href":"https:\/\/digital58.com.ve\/site\/wp-json\/wp\/v2\/tags?post=155304"}],"curies":[{"name":"wp","href":"https:\/\/api.w.org\/{rel}","templated":true}]}}