{"id":155741,"date":"2022-08-28T19:52:13","date_gmt":"2022-08-28T23:52:13","guid":{"rendered":"https:\/\/digital58.com.ve\/site\/?p=155741"},"modified":"2022-08-28T19:52:13","modified_gmt":"2022-08-28T23:52:13","slug":"f1-red-bull-logra-doblete-en-belgica-y-verstappen-reafirma-liderato","status":"publish","type":"post","link":"https:\/\/digital58.com.ve\/site\/2022\/08\/28\/f1-red-bull-logra-doblete-en-belgica-y-verstappen-reafirma-liderato\/","title":{"rendered":"#F1 |  Red Bull logra \u00abdoblete\u00bb en B\u00e9lgica y Verstappen reafirma liderato"},"content":{"rendered":"<p><a href=\"https:\/\/digital58.com.ve\/site\/wp-content\/uploads\/2022\/08\/Max-Verstappen-2.jpg\"><img loading=\"lazy\" decoding=\"async\" class=\"aligncenter size-full wp-image-155742\" src=\"https:\/\/digital58.com.ve\/site\/wp-content\/uploads\/2022\/08\/Max-Verstappen-2.jpg\" alt=\"\" width=\"900\" height=\"575\" srcset=\"https:\/\/digital58.com.ve\/site\/wp-content\/uploads\/2022\/08\/Max-Verstappen-2.jpg 900w, https:\/\/digital58.com.ve\/site\/wp-content\/uploads\/2022\/08\/Max-Verstappen-2-300x192.jpg 300w, https:\/\/digital58.com.ve\/site\/wp-content\/uploads\/2022\/08\/Max-Verstappen-2-768x491.jpg 768w\" sizes=\"auto, (max-width: 900px) 100vw, 900px\" \/><\/a><\/p>\n<p>El espa\u00f1ol Carlos Sainz (Ferrari) acab\u00f3 tercero, en una carrera donde el otro ib\u00e9rico, el doble campe\u00f3n mundial asturiano Fernando Alonso (Alpine), concluy\u00f3 quinto.<\/p>\n<p><strong>Internacionales, 28 de agosto de 2022 (ND58).-<\/strong> El neerland\u00e9s Max Verstappen reforz\u00f3 a\u00fan m\u00e1s su s\u00f3lido liderato en el Mundial de F\u00f3rmula Uno al encabezar un \u00abdoblete\u00bb de Red Bull junto al mexicano Sergio P\u00e9rez en el Gran Premio de B\u00e9lgica, disputado este domingo en el circuito de Spa-Francorchamps.<\/p>\n<p>Verstappen, de 24 a\u00f1os, dej\u00f3 bien claro que quiere revalidar el t\u00edtulo cuanto antes al firmar, con vuelta r\u00e1pida incluida y despu\u00e9s de haber salido decimocuarto, su novena victoria del a\u00f1o, la vig\u00e9sima octava desde que corre en la F1; en una carrera que el otro espa\u00f1ol, el doble campe\u00f3n mundial asturiano Fernando Alonso (Alpine), concluy\u00f3 quinto.<\/p>\n<p><a href=\"https:\/\/digital58.com.ve\/site\/wp-content\/uploads\/2022\/08\/Max-Verstappen.jpg\"><img loading=\"lazy\" decoding=\"async\" class=\"aligncenter size-full wp-image-155743\" src=\"https:\/\/digital58.com.ve\/site\/wp-content\/uploads\/2022\/08\/Max-Verstappen.jpg\" alt=\"\" width=\"900\" height=\"600\" srcset=\"https:\/\/digital58.com.ve\/site\/wp-content\/uploads\/2022\/08\/Max-Verstappen.jpg 900w, https:\/\/digital58.com.ve\/site\/wp-content\/uploads\/2022\/08\/Max-Verstappen-300x200.jpg 300w, https:\/\/digital58.com.ve\/site\/wp-content\/uploads\/2022\/08\/Max-Verstappen-768x512.jpg 768w\" sizes=\"auto, (max-width: 900px) 100vw, 900px\" \/><\/a><\/p>\n<p>Alonso se clasific\u00f3 justo detr\u00e1s del ingl\u00e9s George Russell (Mercedes) \u2014que fue cuarto\u2014, al beneficiarse de la sanci\u00f3n de cinco segundos \u2014por exceder el l\u00edmite de velocidad en el \u00abpit lane\u00bb\u2014 que recibi\u00f3 el monegasco Charles Leclerc (Ferrari), que hab\u00eda cruzado quinto la meta, pero perdi\u00f3, por el citado motivo, una plaza.<\/p>\n<p>El franc\u00e9s Esteban Ocon (Alpine) acab\u00f3 s\u00e9ptimo, un puesto por delante del cu\u00e1druple campe\u00f3n mundial alem\u00e1n Sebastian Vettel (Aston Martin).<\/p>\n<p>El franc\u00e9s Pierre Gasly (Alpha Tauri) y el tailand\u00e9s Alexander Albon (Williams) tambi\u00e9n entraron en los puntos al concluir noveno y d\u00e9cimo, respectivamente.<\/p>\n<p>\u00abCheco\u00bb ascendi\u00f3 a la segunda plaza del Mundial, a 93 puntos de los 284 con los que lidera Verstappen, despu\u00e9s de firmar su vig\u00e9simo segundo podio en la F1. Sainz, que ya es cuarto en el campeonato \u2014con 171\u2014, subi\u00f3 por decimotercera vez a un \u00abcaj\u00f3n\u00bb de la categor\u00eda reina.<\/p>\n<p>La pr\u00f3xima prueba, el Gran Premio de los Pa\u00edses Bajos, se disputar\u00e1 el pr\u00f3ximo fin de semana en Zandvoort.<\/p>\n<p><strong>Redacci\u00f3n ND58 | Fuente: EFE<\/strong><br \/>\n<strong>Edici\u00f3n: Villasmil, Henry<\/strong><br \/>\n<strong>Gr\u00e1fica: EFE<\/strong><\/p>\n<p>&nbsp;<\/p>\n<p>&nbsp;<\/p>\n<p>&nbsp;<\/p><div class=\"kuzfj69f2125372c0b\" ><p style=\"text-align: center;\"><a href=\"https:\/\/t.me\/noticiasdigital58\" target=\"_blank\" rel=\"noopener\"><img class=\"aligncenter size-full wp-image-125363\" src=\"https:\/\/digital58.com.ve\/site\/wp-content\/uploads\/2021\/04\/banner-telegram-web-2021.png\" alt=\"\" width=\"600\" height=\"90\" \/><\/a><\/p><\/div><style type=\"text\/css\">\r\n@media screen and (min-width: 1201px) {\r\n.kuzfj69f2125372c0b {\r\ndisplay: block;\r\n}\r\n}\r\n@media screen and (min-width: 993px) and (max-width: 1200px) {\r\n.kuzfj69f2125372c0b {\r\ndisplay: block;\r\n}\r\n}\r\n@media screen and (min-width: 769px) and (max-width: 992px) {\r\n.kuzfj69f2125372c0b {\r\ndisplay: block;\r\n}\r\n}\r\n@media screen and (min-width: 768px) and (max-width: 768px) {\r\n.kuzfj69f2125372c0b {\r\ndisplay: block;\r\n}\r\n}\r\n@media screen and (max-width: 767px) {\r\n.kuzfj69f2125372c0b {\r\ndisplay: block;\r\n}\r\n}\r\n<\/style>\r\n\n<p>&nbsp;<\/p>\n<div style=\"margin-top: 0px; margin-bottom: 0px;\" class=\"sharethis-inline-share-buttons\" ><\/div>","protected":false},"excerpt":{"rendered":"<p>El espa\u00f1ol Carlos Sainz (Ferrari) acab\u00f3 tercero, en una carrera donde el otro ib\u00e9rico, el doble campe\u00f3n mundial asturiano Fernando<\/p>\n","protected":false},"author":1,"featured_media":155743,"comment_status":"open","ping_status":"closed","sticky":false,"template":"","format":"standard","meta":{"colormag_page_container_layout":"default_layout","colormag_page_sidebar_layout":"default_layout","_uag_custom_page_level_css":"","footnotes":""},"categories":[5402],"tags":[2,44,5,27813,5436,8,561,562,9100],"class_list":["post-155741","post","type-post","status-publish","format-standard","has-post-thumbnail","hentry","category-deportes","tag-automovilismo","tag-belgica","tag-f1","tag-f1-2022","tag-formula-uno","tag-internacionales","tag-max-verstappen","tag-red-bull","tag-spa-francorchamps"],"yoast_head":"<!-- This site is optimized with the Yoast SEO plugin v27.5 - https:\/\/yoast.com\/product\/yoast-seo-wordpress\/ -->\n<title>#F1 | Red Bull logra \u00abdoblete\u00bb en B\u00e9lgica y Verstappen reafirma liderato<\/title>\n<meta name=\"description\" content=\"Deportes\" \/>\n<meta name=\"robots\" content=\"index, follow, max-snippet:-1, max-image-preview:large, max-video-preview:-1\" \/>\n<link rel=\"canonical\" href=\"https:\/\/digital58.com.ve\/site\/2022\/08\/28\/f1-red-bull-logra-doblete-en-belgica-y-verstappen-reafirma-liderato\/\" \/>\n<meta property=\"og:locale\" content=\"es_ES\" \/>\n<meta property=\"og:type\" content=\"article\" \/>\n<meta property=\"og:title\" content=\"#F1 | Red Bull logra \u00abdoblete\u00bb en B\u00e9lgica y Verstappen reafirma liderato\" \/>\n<meta property=\"og:description\" content=\"Deportes\" \/>\n<meta property=\"og:url\" content=\"https:\/\/digital58.com.ve\/site\/2022\/08\/28\/f1-red-bull-logra-doblete-en-belgica-y-verstappen-reafirma-liderato\/\" \/>\n<meta property=\"og:site_name\" content=\"Noticias Digital58\" \/>\n<meta property=\"article:published_time\" content=\"2022-08-28T23:52:13+00:00\" \/>\n<meta property=\"og:image\" content=\"https:\/\/digital58.com.ve\/site\/wp-content\/uploads\/2022\/08\/Max-Verstappen.jpg\" \/>\n\t<meta property=\"og:image:width\" content=\"900\" \/>\n\t<meta property=\"og:image:height\" content=\"600\" \/>\n\t<meta property=\"og:image:type\" content=\"image\/jpeg\" \/>\n<meta name=\"author\" content=\"Villasmil Henry\" \/>\n<meta name=\"twitter:card\" content=\"summary_large_image\" \/>\n<meta name=\"twitter:creator\" content=\"@https:\/\/twitter.com\/villasmilhfoto\" \/>\n<meta name=\"twitter:site\" content=\"@villasmilhfoto\" \/>\n<meta name=\"twitter:label1\" content=\"Escrito por\" \/>\n\t<meta name=\"twitter:data1\" content=\"Villasmil Henry\" \/>\n\t<meta name=\"twitter:label2\" content=\"Tiempo estimado de lectura\" \/>\n\t<meta name=\"twitter:data2\" content=\"2 minutos\" \/>\n<script type=\"application\/ld+json\" class=\"yoast-schema-graph\">{\"@context\":\"https:\\\/\\\/schema.org\",\"@graph\":[{\"@type\":\"Article\",\"@id\":\"https:\\\/\\\/digital58.com.ve\\\/site\\\/2022\\\/08\\\/28\\\/f1-red-bull-logra-doblete-en-belgica-y-verstappen-reafirma-liderato\\\/#article\",\"isPartOf\":{\"@id\":\"https:\\\/\\\/digital58.com.ve\\\/site\\\/2022\\\/08\\\/28\\\/f1-red-bull-logra-doblete-en-belgica-y-verstappen-reafirma-liderato\\\/\"},\"author\":{\"name\":\"Villasmil Henry\",\"@id\":\"https:\\\/\\\/digital58.com.ve\\\/site\\\/#\\\/schema\\\/person\\\/64d1c2e4d0d4fd1b849980c4331c2951\"},\"headline\":\"#F1 | Red Bull logra \u00abdoblete\u00bb en B\u00e9lgica y Verstappen reafirma liderato\",\"datePublished\":\"2022-08-28T23:52:13+00:00\",\"mainEntityOfPage\":{\"@id\":\"https:\\\/\\\/digital58.com.ve\\\/site\\\/2022\\\/08\\\/28\\\/f1-red-bull-logra-doblete-en-belgica-y-verstappen-reafirma-liderato\\\/\"},\"wordCount\":356,\"commentCount\":0,\"publisher\":{\"@id\":\"https:\\\/\\\/digital58.com.ve\\\/site\\\/#\\\/schema\\\/person\\\/64d1c2e4d0d4fd1b849980c4331c2951\"},\"image\":{\"@id\":\"https:\\\/\\\/digital58.com.ve\\\/site\\\/2022\\\/08\\\/28\\\/f1-red-bull-logra-doblete-en-belgica-y-verstappen-reafirma-liderato\\\/#primaryimage\"},\"thumbnailUrl\":\"https:\\\/\\\/digital58.com.ve\\\/site\\\/wp-content\\\/uploads\\\/2022\\\/08\\\/Max-Verstappen.jpg\",\"keywords\":[\"Automovilismo\",\"B\u00e9lgica\",\"F1\",\"F1 2022\",\"Formula Uno\",\"Internacionales\",\"Max Verstappen\",\"Red Bull\",\"Spa-Francorchamps\"],\"articleSection\":[\"Deportes\"],\"inLanguage\":\"es\",\"potentialAction\":[{\"@type\":\"CommentAction\",\"name\":\"Comment\",\"target\":[\"https:\\\/\\\/digital58.com.ve\\\/site\\\/2022\\\/08\\\/28\\\/f1-red-bull-logra-doblete-en-belgica-y-verstappen-reafirma-liderato\\\/#respond\"]}]},{\"@type\":\"WebPage\",\"@id\":\"https:\\\/\\\/digital58.com.ve\\\/site\\\/2022\\\/08\\\/28\\\/f1-red-bull-logra-doblete-en-belgica-y-verstappen-reafirma-liderato\\\/\",\"url\":\"https:\\\/\\\/digital58.com.ve\\\/site\\\/2022\\\/08\\\/28\\\/f1-red-bull-logra-doblete-en-belgica-y-verstappen-reafirma-liderato\\\/\",\"name\":\"#F1 | Red Bull logra \u00abdoblete\u00bb en B\u00e9lgica y Verstappen reafirma liderato\",\"isPartOf\":{\"@id\":\"https:\\\/\\\/digital58.com.ve\\\/site\\\/#website\"},\"primaryImageOfPage\":{\"@id\":\"https:\\\/\\\/digital58.com.ve\\\/site\\\/2022\\\/08\\\/28\\\/f1-red-bull-logra-doblete-en-belgica-y-verstappen-reafirma-liderato\\\/#primaryimage\"},\"image\":{\"@id\":\"https:\\\/\\\/digital58.com.ve\\\/site\\\/2022\\\/08\\\/28\\\/f1-red-bull-logra-doblete-en-belgica-y-verstappen-reafirma-liderato\\\/#primaryimage\"},\"thumbnailUrl\":\"https:\\\/\\\/digital58.com.ve\\\/site\\\/wp-content\\\/uploads\\\/2022\\\/08\\\/Max-Verstappen.jpg\",\"datePublished\":\"2022-08-28T23:52:13+00:00\",\"description\":\"Deportes\",\"breadcrumb\":{\"@id\":\"https:\\\/\\\/digital58.com.ve\\\/site\\\/2022\\\/08\\\/28\\\/f1-red-bull-logra-doblete-en-belgica-y-verstappen-reafirma-liderato\\\/#breadcrumb\"},\"inLanguage\":\"es\",\"potentialAction\":[{\"@type\":\"ReadAction\",\"target\":[\"https:\\\/\\\/digital58.com.ve\\\/site\\\/2022\\\/08\\\/28\\\/f1-red-bull-logra-doblete-en-belgica-y-verstappen-reafirma-liderato\\\/\"]}]},{\"@type\":\"ImageObject\",\"inLanguage\":\"es\",\"@id\":\"https:\\\/\\\/digital58.com.ve\\\/site\\\/2022\\\/08\\\/28\\\/f1-red-bull-logra-doblete-en-belgica-y-verstappen-reafirma-liderato\\\/#primaryimage\",\"url\":\"https:\\\/\\\/digital58.com.ve\\\/site\\\/wp-content\\\/uploads\\\/2022\\\/08\\\/Max-Verstappen.jpg\",\"contentUrl\":\"https:\\\/\\\/digital58.com.ve\\\/site\\\/wp-content\\\/uploads\\\/2022\\\/08\\\/Max-Verstappen.jpg\",\"width\":900,\"height\":600},{\"@type\":\"BreadcrumbList\",\"@id\":\"https:\\\/\\\/digital58.com.ve\\\/site\\\/2022\\\/08\\\/28\\\/f1-red-bull-logra-doblete-en-belgica-y-verstappen-reafirma-liderato\\\/#breadcrumb\",\"itemListElement\":[{\"@type\":\"ListItem\",\"position\":1,\"name\":\"Home\",\"item\":\"https:\\\/\\\/digital58.com.ve\\\/site\\\/\"},{\"@type\":\"ListItem\",\"position\":2,\"name\":\"#F1 | Red Bull logra \u00abdoblete\u00bb en B\u00e9lgica y Verstappen reafirma liderato\"}]},{\"@type\":\"WebSite\",\"@id\":\"https:\\\/\\\/digital58.com.ve\\\/site\\\/#website\",\"url\":\"https:\\\/\\\/digital58.com.ve\\\/site\\\/\",\"name\":\"Noticias Digital58\",\"description\":\"Portal de Noticias \u00a1Periodismo web de verdad! Lanzamiento web 22.11.2005 \\\/ Maracaibo, Venezuela\",\"publisher\":{\"@id\":\"https:\\\/\\\/digital58.com.ve\\\/site\\\/#\\\/schema\\\/person\\\/64d1c2e4d0d4fd1b849980c4331c2951\"},\"alternateName\":\"ND58\",\"potentialAction\":[{\"@type\":\"SearchAction\",\"target\":{\"@type\":\"EntryPoint\",\"urlTemplate\":\"https:\\\/\\\/digital58.com.ve\\\/site\\\/?s={search_term_string}\"},\"query-input\":{\"@type\":\"PropertyValueSpecification\",\"valueRequired\":true,\"valueName\":\"search_term_string\"}}],\"inLanguage\":\"es\"},{\"@type\":[\"Person\",\"Organization\"],\"@id\":\"https:\\\/\\\/digital58.com.ve\\\/site\\\/#\\\/schema\\\/person\\\/64d1c2e4d0d4fd1b849980c4331c2951\",\"name\":\"Villasmil Henry\",\"image\":{\"@type\":\"ImageObject\",\"inLanguage\":\"es\",\"@id\":\"https:\\\/\\\/secure.gravatar.com\\\/avatar\\\/bb0c4a2fcb7970138239f7e404ea75757b1b507b28b5ce4c53fbd62d797c5a7c?s=96&d=mm&r=g\",\"url\":\"https:\\\/\\\/secure.gravatar.com\\\/avatar\\\/bb0c4a2fcb7970138239f7e404ea75757b1b507b28b5ce4c53fbd62d797c5a7c?s=96&d=mm&r=g\",\"contentUrl\":\"https:\\\/\\\/secure.gravatar.com\\\/avatar\\\/bb0c4a2fcb7970138239f7e404ea75757b1b507b28b5ce4c53fbd62d797c5a7c?s=96&d=mm&r=g\",\"caption\":\"Villasmil Henry\"},\"logo\":{\"@id\":\"https:\\\/\\\/secure.gravatar.com\\\/avatar\\\/bb0c4a2fcb7970138239f7e404ea75757b1b507b28b5ce4c53fbd62d797c5a7c?s=96&d=mm&r=g\"},\"sameAs\":[\"http:\\\/\\\/www.henryvillasmil.com.ve\",\"https:\\\/\\\/www.instagram.com\\\/villasmilhfoto\\\/\",\"https:\\\/\\\/x.com\\\/https:\\\/\\\/twitter.com\\\/villasmilhfoto\"],\"url\":\"https:\\\/\\\/digital58.com.ve\\\/site\\\/author\\\/droopy_68\\\/\"}]}<\/script>\n<!-- \/ Yoast SEO plugin. -->","yoast_head_json":{"title":"#F1 | Red Bull logra \u00abdoblete\u00bb en B\u00e9lgica y Verstappen reafirma liderato","description":"Deportes","robots":{"index":"index","follow":"follow","max-snippet":"max-snippet:-1","max-image-preview":"max-image-preview:large","max-video-preview":"max-video-preview:-1"},"canonical":"https:\/\/digital58.com.ve\/site\/2022\/08\/28\/f1-red-bull-logra-doblete-en-belgica-y-verstappen-reafirma-liderato\/","og_locale":"es_ES","og_type":"article","og_title":"#F1 | Red Bull logra \u00abdoblete\u00bb en B\u00e9lgica y Verstappen reafirma liderato","og_description":"Deportes","og_url":"https:\/\/digital58.com.ve\/site\/2022\/08\/28\/f1-red-bull-logra-doblete-en-belgica-y-verstappen-reafirma-liderato\/","og_site_name":"Noticias Digital58","article_published_time":"2022-08-28T23:52:13+00:00","og_image":[{"width":900,"height":600,"url":"https:\/\/digital58.com.ve\/site\/wp-content\/uploads\/2022\/08\/Max-Verstappen.jpg","type":"image\/jpeg"}],"author":"Villasmil Henry","twitter_card":"summary_large_image","twitter_creator":"@https:\/\/twitter.com\/villasmilhfoto","twitter_site":"@villasmilhfoto","twitter_misc":{"Escrito por":"Villasmil Henry","Tiempo estimado de lectura":"2 minutos"},"schema":{"@context":"https:\/\/schema.org","@graph":[{"@type":"Article","@id":"https:\/\/digital58.com.ve\/site\/2022\/08\/28\/f1-red-bull-logra-doblete-en-belgica-y-verstappen-reafirma-liderato\/#article","isPartOf":{"@id":"https:\/\/digital58.com.ve\/site\/2022\/08\/28\/f1-red-bull-logra-doblete-en-belgica-y-verstappen-reafirma-liderato\/"},"author":{"name":"Villasmil Henry","@id":"https:\/\/digital58.com.ve\/site\/#\/schema\/person\/64d1c2e4d0d4fd1b849980c4331c2951"},"headline":"#F1 | Red Bull logra \u00abdoblete\u00bb en B\u00e9lgica y Verstappen reafirma liderato","datePublished":"2022-08-28T23:52:13+00:00","mainEntityOfPage":{"@id":"https:\/\/digital58.com.ve\/site\/2022\/08\/28\/f1-red-bull-logra-doblete-en-belgica-y-verstappen-reafirma-liderato\/"},"wordCount":356,"commentCount":0,"publisher":{"@id":"https:\/\/digital58.com.ve\/site\/#\/schema\/person\/64d1c2e4d0d4fd1b849980c4331c2951"},"image":{"@id":"https:\/\/digital58.com.ve\/site\/2022\/08\/28\/f1-red-bull-logra-doblete-en-belgica-y-verstappen-reafirma-liderato\/#primaryimage"},"thumbnailUrl":"https:\/\/digital58.com.ve\/site\/wp-content\/uploads\/2022\/08\/Max-Verstappen.jpg","keywords":["Automovilismo","B\u00e9lgica","F1","F1 2022","Formula Uno","Internacionales","Max Verstappen","Red Bull","Spa-Francorchamps"],"articleSection":["Deportes"],"inLanguage":"es","potentialAction":[{"@type":"CommentAction","name":"Comment","target":["https:\/\/digital58.com.ve\/site\/2022\/08\/28\/f1-red-bull-logra-doblete-en-belgica-y-verstappen-reafirma-liderato\/#respond"]}]},{"@type":"WebPage","@id":"https:\/\/digital58.com.ve\/site\/2022\/08\/28\/f1-red-bull-logra-doblete-en-belgica-y-verstappen-reafirma-liderato\/","url":"https:\/\/digital58.com.ve\/site\/2022\/08\/28\/f1-red-bull-logra-doblete-en-belgica-y-verstappen-reafirma-liderato\/","name":"#F1 | Red Bull logra \u00abdoblete\u00bb en B\u00e9lgica y Verstappen reafirma liderato","isPartOf":{"@id":"https:\/\/digital58.com.ve\/site\/#website"},"primaryImageOfPage":{"@id":"https:\/\/digital58.com.ve\/site\/2022\/08\/28\/f1-red-bull-logra-doblete-en-belgica-y-verstappen-reafirma-liderato\/#primaryimage"},"image":{"@id":"https:\/\/digital58.com.ve\/site\/2022\/08\/28\/f1-red-bull-logra-doblete-en-belgica-y-verstappen-reafirma-liderato\/#primaryimage"},"thumbnailUrl":"https:\/\/digital58.com.ve\/site\/wp-content\/uploads\/2022\/08\/Max-Verstappen.jpg","datePublished":"2022-08-28T23:52:13+00:00","description":"Deportes","breadcrumb":{"@id":"https:\/\/digital58.com.ve\/site\/2022\/08\/28\/f1-red-bull-logra-doblete-en-belgica-y-verstappen-reafirma-liderato\/#breadcrumb"},"inLanguage":"es","potentialAction":[{"@type":"ReadAction","target":["https:\/\/digital58.com.ve\/site\/2022\/08\/28\/f1-red-bull-logra-doblete-en-belgica-y-verstappen-reafirma-liderato\/"]}]},{"@type":"ImageObject","inLanguage":"es","@id":"https:\/\/digital58.com.ve\/site\/2022\/08\/28\/f1-red-bull-logra-doblete-en-belgica-y-verstappen-reafirma-liderato\/#primaryimage","url":"https:\/\/digital58.com.ve\/site\/wp-content\/uploads\/2022\/08\/Max-Verstappen.jpg","contentUrl":"https:\/\/digital58.com.ve\/site\/wp-content\/uploads\/2022\/08\/Max-Verstappen.jpg","width":900,"height":600},{"@type":"BreadcrumbList","@id":"https:\/\/digital58.com.ve\/site\/2022\/08\/28\/f1-red-bull-logra-doblete-en-belgica-y-verstappen-reafirma-liderato\/#breadcrumb","itemListElement":[{"@type":"ListItem","position":1,"name":"Home","item":"https:\/\/digital58.com.ve\/site\/"},{"@type":"ListItem","position":2,"name":"#F1 | Red Bull logra \u00abdoblete\u00bb en B\u00e9lgica y Verstappen reafirma liderato"}]},{"@type":"WebSite","@id":"https:\/\/digital58.com.ve\/site\/#website","url":"https:\/\/digital58.com.ve\/site\/","name":"Noticias Digital58","description":"Portal de Noticias \u00a1Periodismo web de verdad! Lanzamiento web 22.11.2005 \/ Maracaibo, Venezuela","publisher":{"@id":"https:\/\/digital58.com.ve\/site\/#\/schema\/person\/64d1c2e4d0d4fd1b849980c4331c2951"},"alternateName":"ND58","potentialAction":[{"@type":"SearchAction","target":{"@type":"EntryPoint","urlTemplate":"https:\/\/digital58.com.ve\/site\/?s={search_term_string}"},"query-input":{"@type":"PropertyValueSpecification","valueRequired":true,"valueName":"search_term_string"}}],"inLanguage":"es"},{"@type":["Person","Organization"],"@id":"https:\/\/digital58.com.ve\/site\/#\/schema\/person\/64d1c2e4d0d4fd1b849980c4331c2951","name":"Villasmil Henry","image":{"@type":"ImageObject","inLanguage":"es","@id":"https:\/\/secure.gravatar.com\/avatar\/bb0c4a2fcb7970138239f7e404ea75757b1b507b28b5ce4c53fbd62d797c5a7c?s=96&d=mm&r=g","url":"https:\/\/secure.gravatar.com\/avatar\/bb0c4a2fcb7970138239f7e404ea75757b1b507b28b5ce4c53fbd62d797c5a7c?s=96&d=mm&r=g","contentUrl":"https:\/\/secure.gravatar.com\/avatar\/bb0c4a2fcb7970138239f7e404ea75757b1b507b28b5ce4c53fbd62d797c5a7c?s=96&d=mm&r=g","caption":"Villasmil Henry"},"logo":{"@id":"https:\/\/secure.gravatar.com\/avatar\/bb0c4a2fcb7970138239f7e404ea75757b1b507b28b5ce4c53fbd62d797c5a7c?s=96&d=mm&r=g"},"sameAs":["http:\/\/www.henryvillasmil.com.ve","https:\/\/www.instagram.com\/villasmilhfoto\/","https:\/\/x.com\/https:\/\/twitter.com\/villasmilhfoto"],"url":"https:\/\/digital58.com.ve\/site\/author\/droopy_68\/"}]}},"uagb_featured_image_src":{"full":["https:\/\/digital58.com.ve\/site\/wp-content\/uploads\/2022\/08\/Max-Verstappen.jpg",900,600,false],"thumbnail":["https:\/\/digital58.com.ve\/site\/wp-content\/uploads\/2022\/08\/Max-Verstappen-150x150.jpg",150,150,true],"medium":["https:\/\/digital58.com.ve\/site\/wp-content\/uploads\/2022\/08\/Max-Verstappen-300x200.jpg",300,200,true],"medium_large":["https:\/\/digital58.com.ve\/site\/wp-content\/uploads\/2022\/08\/Max-Verstappen-768x512.jpg",768,512,true],"large":["https:\/\/digital58.com.ve\/site\/wp-content\/uploads\/2022\/08\/Max-Verstappen.jpg",800,533,false],"1536x1536":["https:\/\/digital58.com.ve\/site\/wp-content\/uploads\/2022\/08\/Max-Verstappen.jpg",900,600,false],"2048x2048":["https:\/\/digital58.com.ve\/site\/wp-content\/uploads\/2022\/08\/Max-Verstappen.jpg",900,600,false],"colormag-highlighted-post":["https:\/\/digital58.com.ve\/site\/wp-content\/uploads\/2022\/08\/Max-Verstappen-392x272.jpg",392,272,true],"colormag-featured-post-medium":["https:\/\/digital58.com.ve\/site\/wp-content\/uploads\/2022\/08\/Max-Verstappen-390x205.jpg",390,205,true],"colormag-featured-post-small":["https:\/\/digital58.com.ve\/site\/wp-content\/uploads\/2022\/08\/Max-Verstappen-130x90.jpg",130,90,true],"colormag-featured-image":["https:\/\/digital58.com.ve\/site\/wp-content\/uploads\/2022\/08\/Max-Verstappen-800x445.jpg",800,445,true],"colormag-default-news":["https:\/\/digital58.com.ve\/site\/wp-content\/uploads\/2022\/08\/Max-Verstappen.jpg",150,100,false],"colormag-featured-image-large":["https:\/\/digital58.com.ve\/site\/wp-content\/uploads\/2022\/08\/Max-Verstappen.jpg",900,600,false]},"uagb_author_info":{"display_name":"Villasmil Henry","author_link":"https:\/\/digital58.com.ve\/site\/author\/droopy_68\/"},"uagb_comment_info":0,"uagb_excerpt":"El espa\u00f1ol Carlos Sainz (Ferrari) acab\u00f3 tercero, en una carrera donde el otro ib\u00e9rico, el doble campe\u00f3n mundial asturiano Fernando","_links":{"self":[{"href":"https:\/\/digital58.com.ve\/site\/wp-json\/wp\/v2\/posts\/155741","targetHints":{"allow":["GET"]}}],"collection":[{"href":"https:\/\/digital58.com.ve\/site\/wp-json\/wp\/v2\/posts"}],"about":[{"href":"https:\/\/digital58.com.ve\/site\/wp-json\/wp\/v2\/types\/post"}],"author":[{"embeddable":true,"href":"https:\/\/digital58.com.ve\/site\/wp-json\/wp\/v2\/users\/1"}],"replies":[{"embeddable":true,"href":"https:\/\/digital58.com.ve\/site\/wp-json\/wp\/v2\/comments?post=155741"}],"version-history":[{"count":0,"href":"https:\/\/digital58.com.ve\/site\/wp-json\/wp\/v2\/posts\/155741\/revisions"}],"wp:featuredmedia":[{"embeddable":true,"href":"https:\/\/digital58.com.ve\/site\/wp-json\/wp\/v2\/media\/155743"}],"wp:attachment":[{"href":"https:\/\/digital58.com.ve\/site\/wp-json\/wp\/v2\/media?parent=155741"}],"wp:term":[{"taxonomy":"category","embeddable":true,"href":"https:\/\/digital58.com.ve\/site\/wp-json\/wp\/v2\/categories?post=155741"},{"taxonomy":"post_tag","embeddable":true,"href":"https:\/\/digital58.com.ve\/site\/wp-json\/wp\/v2\/tags?post=155741"}],"curies":[{"name":"wp","href":"https:\/\/api.w.org\/{rel}","templated":true}]}}