{"id":155751,"date":"2022-08-29T10:41:13","date_gmt":"2022-08-29T14:41:13","guid":{"rendered":"https:\/\/digital58.com.ve\/site\/?p=155751"},"modified":"2022-08-29T10:41:39","modified_gmt":"2022-08-29T14:41:39","slug":"cicpc-identifica-al-presunto-responsable-del-arrollamiento-de-jose-antonio-mayor-delgado","status":"publish","type":"post","link":"https:\/\/digital58.com.ve\/site\/2022\/08\/29\/cicpc-identifica-al-presunto-responsable-del-arrollamiento-de-jose-antonio-mayor-delgado\/","title":{"rendered":"#Zulia | CICPC identifica al presunto responsable del arrollamiento de Jos\u00e9 Antonio Mayor Delgado"},"content":{"rendered":"<p><a href=\"https:\/\/digital58.com.ve\/site\/wp-content\/uploads\/2022\/08\/Jose-Antonio-Mayor-Delgado.jpg\"><img loading=\"lazy\" decoding=\"async\" class=\"aligncenter size-full wp-image-155761\" src=\"https:\/\/digital58.com.ve\/site\/wp-content\/uploads\/2022\/08\/Jose-Antonio-Mayor-Delgado.jpg\" alt=\"\" width=\"900\" height=\"517\" srcset=\"https:\/\/digital58.com.ve\/site\/wp-content\/uploads\/2022\/08\/Jose-Antonio-Mayor-Delgado.jpg 900w, https:\/\/digital58.com.ve\/site\/wp-content\/uploads\/2022\/08\/Jose-Antonio-Mayor-Delgado-300x172.jpg 300w, https:\/\/digital58.com.ve\/site\/wp-content\/uploads\/2022\/08\/Jose-Antonio-Mayor-Delgado-768x441.jpg 768w\" sizes=\"auto, (max-width: 900px) 100vw, 900px\" \/><\/a><\/p>\n<p>El joven mec\u00e1nico y deportista zuliano, fue arrollado el 8 de julio en la avenida Fuerzas Armadas de Maracaibo y tres d\u00edas despu\u00e9s del accidente falleci\u00f3.<\/p>\n<p><strong>Maracaibo, Zulia, Venezuela, 29 de agosto de 2022 (ND58).<\/strong>&#8211; <strong><a href=\"https:\/\/www.instagram.com\/adriana_mayor\/\" target=\"_blank\" rel=\"noopener\">Adriana Mayor Delgado<\/a><\/strong>, hermana del fallecido colg\u00f3 un video en su cuenta de Instagram, en el que pide justicia para la muerte de su hermano Jos\u00e9 Antonio Mayor Delgado.<\/p>\n<p>En el audiovisual de seis minutos de duraci\u00f3n, Mayor est\u00e1 acompa\u00f1ada de sus padres Marisela Delgado y Alonso Mayor.<\/p>\n<p>La comerciante, expres\u00f3 que la \u00abJusticia divina existe y nuestra fe ha sido inquebrantable\u00bb y que gracias a las labores pertinentes del Ministerio P\u00fablico y de la Polic\u00eda cient\u00edfica identificaron la persona que responsable de arrollar a Jos\u00e9 Mayor.<\/p>\n<p>\u00abLa justicia lleg\u00f3 para la muerte de mi hermano. Las noches han sido eternas y la angustia de mis padres sigue intacta. No es un capricho, sino de hacer justicia, porque aunque el responsable dice que no quiso matar a mi hermano hay una responsabilidad y m\u00e1s cuando se fue y lo dej\u00f3 all\u00ed tirado. Fue evidente la omisi\u00f3n al socorro\u00bb. Inform\u00f3 en el video.<\/p>\n<p>Una que las cosas que m\u00e1s reprocha es que el causante no los haya contactado. \u00abNo hubo ning\u00fan tipo de manifestaci\u00f3n hacia m\u00ed o mi familia. Se que ellos vieron mis videos, su esposa, \u00e9l, las hermanas de \u00e9l tenemos muchas personas en com\u00fan\u00bb.<\/p>\n<p>No dio nombre del responsable de la muerte del joven deportista y mec\u00e1nico de 36 a\u00f1os, pero especific\u00f3 que tiene una tienda de lazos junto a su esposa.<\/p>\n<p>Testific\u00f3 que tienen mucha gente en com\u00fan con el homicida y conden\u00f3 que \u00e9l hasta la vio llorar y pedir dinero para la recuperaci\u00f3n de Jos\u00e9 Antonio, y nunca hizo nada para prestar una mano amiga. Esto sin sumar cuando el padre de la v\u00edctima estuvo en Cuidados Intensivos poco despu\u00e9s del entierro.<\/p>\n<p><strong>Sobre el caso<\/strong><\/p>\n<p>Adem\u00e1s, explic\u00f3 que este proceso esta siendo monitoredo por muchas personas. \u00abDespu\u00e9s de casi dos meses, gracias a un \u00e1ngel que Dios puso en mi camino pudimos saber de manera an\u00f3nima de qui\u00e9n fue el responsable\u00bb.<\/p>\n<p>Cabe destacar, que presuntamente el responsable seria esposo de una persona reconocida de las redes sociales, la misma cerr\u00f3 el pasado domingo su cuenta de Instagram.<\/p>\n<p>Mayor resalt\u00f3 que tras el duelo por el deceso de su hermano, le toc\u00f3 ver a la esposa del conductor que presuntamente atropell\u00f3 a su hermanito, no solo promocionando conciertos y entrenando en el gimnasio, sino tambi\u00e9n celebrando el cumplea\u00f1os del responsable e inaugurando su nueva tienda de lazos en el centro comercial Sambil Maracaibo.<\/p>\n<blockquote class=\"instagram-media\" style=\"background: #FFF; border: 0; border-radius: 3px; box-shadow: 0 0 1px 0 rgba(0,0,0,0.5),0 1px 10px 0 rgba(0,0,0,0.15); margin: 1px; max-width: 540px; min-width: 326px; padding: 0; width: calc(100% - 2px);\" data-instgrm-permalink=\"https:\/\/www.instagram.com\/reel\/Ch0stYYg5PH\/?utm_source=ig_embed&amp;utm_campaign=loading\" data-instgrm-version=\"14\">\n<div style=\"padding: 16px;\">\n<p>&nbsp;<\/p>\n<div style=\"display: flex; flex-direction: row; align-items: center;\">\n<div style=\"background-color: #f4f4f4; border-radius: 50%; flex-grow: 0; height: 40px; margin-right: 14px; width: 40px;\"><\/div>\n<div style=\"display: flex; flex-direction: column; flex-grow: 1; justify-content: center;\">\n<div style=\"background-color: #f4f4f4; border-radius: 4px; flex-grow: 0; height: 14px; margin-bottom: 6px; width: 100px;\"><\/div>\n<div style=\"background-color: #f4f4f4; border-radius: 4px; flex-grow: 0; height: 14px; width: 60px;\"><\/div>\n<\/div>\n<\/div>\n<div style=\"padding: 19% 0;\"><\/div>\n<div style=\"display: block; height: 50px; margin: 0 auto 12px; width: 50px;\"><\/div>\n<div style=\"padding-top: 8px;\">\n<div style=\"color: #3897f0; font-family: Arial,sans-serif; font-size: 14px; font-style: normal; font-weight: 550; line-height: 18px;\">Ver esta publicaci\u00f3n en Instagram<\/div>\n<\/div>\n<div style=\"padding: 12.5% 0;\"><\/div>\n<div style=\"display: flex; flex-direction: row; margin-bottom: 14px; align-items: center;\">\n<div>\n<div style=\"background-color: #f4f4f4; border-radius: 50%; height: 12.5px; width: 12.5px; transform: translateX(0px) translateY(7px);\"><\/div>\n<div style=\"background-color: #f4f4f4; height: 12.5px; transform: rotate(-45deg) translateX(3px) translateY(1px); width: 12.5px; flex-grow: 0; margin-right: 14px; margin-left: 2px;\"><\/div>\n<div style=\"background-color: #f4f4f4; border-radius: 50%; height: 12.5px; width: 12.5px; transform: translateX(9px) translateY(-18px);\"><\/div>\n<\/div>\n<div style=\"margin-left: 8px;\">\n<div style=\"background-color: #f4f4f4; border-radius: 50%; flex-grow: 0; height: 20px; width: 20px;\"><\/div>\n<div style=\"width: 0; height: 0; border-top: 2px solid transparent; border-left: 6px solid #f4f4f4; border-bottom: 2px solid transparent; transform: translateX(16px) translateY(-4px) rotate(30deg);\"><\/div>\n<\/div>\n<div style=\"margin-left: auto;\">\n<div style=\"width: 0px; border-top: 8px solid #F4F4F4; border-right: 8px solid transparent; transform: translateY(16px);\"><\/div>\n<div style=\"background-color: #f4f4f4; flex-grow: 0; height: 12px; width: 16px; transform: translateY(-4px);\"><\/div>\n<div style=\"width: 0; height: 0; border-top: 8px solid #F4F4F4; border-left: 8px solid transparent; transform: translateY(-4px) translateX(8px);\"><\/div>\n<\/div>\n<\/div>\n<div style=\"display: flex; flex-direction: column; flex-grow: 1; justify-content: center; margin-bottom: 24px;\">\n<div style=\"background-color: #f4f4f4; border-radius: 4px; flex-grow: 0; height: 14px; margin-bottom: 6px; width: 224px;\"><\/div>\n<div style=\"background-color: #f4f4f4; border-radius: 4px; flex-grow: 0; height: 14px; width: 144px;\"><\/div>\n<\/div>\n<p>&nbsp;<\/p>\n<p style=\"color: #c9c8cd; font-family: Arial,sans-serif; font-size: 14px; line-height: 17px; margin-bottom: 0; margin-top: 8px; overflow: hidden; padding: 8px 0 7px; text-align: center; text-overflow: ellipsis; white-space: nowrap;\"><a style=\"color: #c9c8cd; font-family: Arial,sans-serif; font-size: 14px; font-style: normal; font-weight: normal; line-height: 17px; text-decoration: none;\" href=\"https:\/\/www.instagram.com\/reel\/Ch0stYYg5PH\/?utm_source=ig_embed&amp;utm_campaign=loading\" target=\"_blank\" rel=\"noopener\">Una publicaci\u00f3n compartida de Adriana Mayor (@adriana_mayor)<\/a><\/p>\n<\/div>\n<\/blockquote>\n<p><script async src=\"\/\/www.instagram.com\/embed.js\"><\/script><\/p>\n<p>Adriana Mayor agradeci\u00f3 el apoyo incondicional de la Fiscal\u00eda del Ministerio Publico @tarekwilliamsaabh, @cicpczulia y @douglasricovzla.<\/p>\n<p><strong>Redacci\u00f3n ND58 \/A\u00f1ez, Caren | Fuente: Es con usted<br \/>\nEdici\u00f3n: Villasmil, Henry<br \/>\n<\/strong><strong>Gr\u00e1ficas: Cortes\u00eda<\/strong><\/p>\n<p>&nbsp;<\/p><div class=\"xtuhy6a96bb104c2a2\" ><p style=\"text-align: center;\"><a href=\"https:\/\/t.me\/noticiasdigital58\" target=\"_blank\" rel=\"noopener\"><img class=\"aligncenter size-full wp-image-125363\" src=\"https:\/\/digital58.com.ve\/site\/wp-content\/uploads\/2021\/04\/banner-telegram-web-2021.png\" alt=\"\" width=\"600\" height=\"90\" \/><\/a><\/p><\/div><style type=\"text\/css\">\r\n@media screen and (min-width: 1201px) {\r\n.xtuhy6a96bb104c2a2 {\r\ndisplay: block;\r\n}\r\n}\r\n@media screen and (min-width: 993px) and (max-width: 1200px) {\r\n.xtuhy6a96bb104c2a2 {\r\ndisplay: block;\r\n}\r\n}\r\n@media screen and (min-width: 769px) and (max-width: 992px) {\r\n.xtuhy6a96bb104c2a2 {\r\ndisplay: block;\r\n}\r\n}\r\n@media screen and (min-width: 768px) and (max-width: 768px) {\r\n.xtuhy6a96bb104c2a2 {\r\ndisplay: block;\r\n}\r\n}\r\n@media screen and (max-width: 767px) {\r\n.xtuhy6a96bb104c2a2 {\r\ndisplay: block;\r\n}\r\n}\r\n<\/style>\r\n\n<p>&nbsp;<\/p>\n<div style=\"margin-top: 0px; margin-bottom: 0px;\" class=\"sharethis-inline-share-buttons\" ><\/div>","protected":false},"excerpt":{"rendered":"<p>El joven mec\u00e1nico y deportista zuliano, fue arrollado el 8 de julio en la avenida Fuerzas Armadas de Maracaibo y<\/p>\n","protected":false},"author":39,"featured_media":155761,"comment_status":"open","ping_status":"closed","sticky":false,"template":"","format":"standard","meta":{"colormag_page_container_layout":"default_layout","colormag_page_sidebar_layout":"default_layout","_uag_custom_page_level_css":"","footnotes":""},"categories":[13765],"tags":[29097,20328,29098,14119,13766,29096,10704,73,233,2354,23975,21846,32,761],"class_list":["post-155751","post","type-post","status-publish","format-standard","has-post-thumbnail","hentry","category-sucesos","tag-adriana-mayor-delgado","tag-arrollados","tag-avenida-fuerzas-armadas","tag-cicpc","tag-fallecidos","tag-jose-antonio-mayor-delgado","tag-justicia","tag-maracaibo","tag-nacionales","tag-regionales","tag-sucesos-nacionales","tag-sucesos-regionales","tag-venezuela","tag-zulia"],"yoast_head":"<!-- This site is optimized with the Yoast SEO plugin v28.3 - https:\/\/yoast.com\/product\/yoast-seo-wordpress\/ -->\n<title>#Zulia | CICPC identifica al presunto responsable del arrollamiento de Jos\u00e9 Antonio Mayor Delgado<\/title>\n<meta name=\"description\" content=\"Sucesos\" \/>\n<meta name=\"robots\" content=\"index, follow, max-snippet:-1, max-image-preview:large, max-video-preview:-1\" \/>\n<link rel=\"canonical\" href=\"https:\/\/digital58.com.ve\/site\/2022\/08\/29\/cicpc-identifica-al-presunto-responsable-del-arrollamiento-de-jose-antonio-mayor-delgado\/\" \/>\n<meta property=\"og:locale\" content=\"es_ES\" \/>\n<meta property=\"og:type\" content=\"article\" \/>\n<meta property=\"og:title\" content=\"#Zulia | CICPC identifica al presunto responsable del arrollamiento de Jos\u00e9 Antonio Mayor Delgado\" \/>\n<meta property=\"og:description\" content=\"Sucesos\" \/>\n<meta property=\"og:url\" content=\"https:\/\/digital58.com.ve\/site\/2022\/08\/29\/cicpc-identifica-al-presunto-responsable-del-arrollamiento-de-jose-antonio-mayor-delgado\/\" \/>\n<meta property=\"og:site_name\" content=\"Noticias Digital58\" \/>\n<meta property=\"article:published_time\" content=\"2022-08-29T14:41:13+00:00\" \/>\n<meta property=\"article:modified_time\" content=\"2022-08-29T14:41:39+00:00\" \/>\n<meta property=\"og:image\" content=\"https:\/\/digital58.com.ve\/site\/wp-content\/uploads\/2022\/08\/Jose-Antonio-Mayor-Delgado.jpg\" \/>\n\t<meta property=\"og:image:width\" content=\"900\" \/>\n\t<meta property=\"og:image:height\" content=\"517\" \/>\n\t<meta property=\"og:image:type\" content=\"image\/jpeg\" \/>\n<meta name=\"author\" content=\"Caren A\u00f1ez\" \/>\n<meta name=\"twitter:card\" content=\"summary_large_image\" \/>\n<meta name=\"twitter:creator\" content=\"@carenanez\" \/>\n<meta name=\"twitter:site\" content=\"@villasmilhfoto\" \/>\n<meta name=\"twitter:label1\" content=\"Escrito por\" \/>\n\t<meta name=\"twitter:data1\" content=\"Caren A\u00f1ez\" \/>\n\t<meta name=\"twitter:label2\" content=\"Tiempo estimado de lectura\" \/>\n\t<meta name=\"twitter:data2\" content=\"3 minutos\" \/>\n<script type=\"application\/ld+json\" class=\"yoast-schema-graph\">{\"@context\":\"https:\\\/\\\/schema.org\",\"@graph\":[{\"@type\":\"Article\",\"@id\":\"https:\\\/\\\/digital58.com.ve\\\/site\\\/2022\\\/08\\\/29\\\/cicpc-identifica-al-presunto-responsable-del-arrollamiento-de-jose-antonio-mayor-delgado\\\/#article\",\"isPartOf\":{\"@id\":\"https:\\\/\\\/digital58.com.ve\\\/site\\\/2022\\\/08\\\/29\\\/cicpc-identifica-al-presunto-responsable-del-arrollamiento-de-jose-antonio-mayor-delgado\\\/\"},\"author\":{\"name\":\"Caren A\u00f1ez\",\"@id\":\"https:\\\/\\\/digital58.com.ve\\\/site\\\/#\\\/schema\\\/person\\\/38596b127602deaa13fbcd7585635238\"},\"headline\":\"#Zulia | CICPC identifica al presunto responsable del arrollamiento de Jos\u00e9 Antonio Mayor Delgado\",\"datePublished\":\"2022-08-29T14:41:13+00:00\",\"dateModified\":\"2022-08-29T14:41:39+00:00\",\"mainEntityOfPage\":{\"@id\":\"https:\\\/\\\/digital58.com.ve\\\/site\\\/2022\\\/08\\\/29\\\/cicpc-identifica-al-presunto-responsable-del-arrollamiento-de-jose-antonio-mayor-delgado\\\/\"},\"wordCount\":522,\"commentCount\":0,\"publisher\":{\"@id\":\"https:\\\/\\\/digital58.com.ve\\\/site\\\/#\\\/schema\\\/person\\\/64d1c2e4d0d4fd1b849980c4331c2951\"},\"image\":{\"@id\":\"https:\\\/\\\/digital58.com.ve\\\/site\\\/2022\\\/08\\\/29\\\/cicpc-identifica-al-presunto-responsable-del-arrollamiento-de-jose-antonio-mayor-delgado\\\/#primaryimage\"},\"thumbnailUrl\":\"https:\\\/\\\/digital58.com.ve\\\/site\\\/wp-content\\\/uploads\\\/2022\\\/08\\\/Jose-Antonio-Mayor-Delgado.jpg\",\"keywords\":[\"Adriana Mayor Delgado\",\"Arrollados\",\"Avenida Fuerzas Armadas\",\"CICPC\",\"Fallecidos\",\"Jos\u00e9 Antonio Mayor Delgado\",\"Justicia\",\"Maracaibo\",\"Nacionales\",\"Regionales\",\"Sucesos Nacionales\",\"Sucesos regionales\",\"Venezuela\",\"Zulia\"],\"articleSection\":[\"Sucesos\"],\"inLanguage\":\"es\",\"potentialAction\":[{\"@type\":\"CommentAction\",\"name\":\"Comment\",\"target\":[\"https:\\\/\\\/digital58.com.ve\\\/site\\\/2022\\\/08\\\/29\\\/cicpc-identifica-al-presunto-responsable-del-arrollamiento-de-jose-antonio-mayor-delgado\\\/#respond\"]}]},{\"@type\":\"WebPage\",\"@id\":\"https:\\\/\\\/digital58.com.ve\\\/site\\\/2022\\\/08\\\/29\\\/cicpc-identifica-al-presunto-responsable-del-arrollamiento-de-jose-antonio-mayor-delgado\\\/\",\"url\":\"https:\\\/\\\/digital58.com.ve\\\/site\\\/2022\\\/08\\\/29\\\/cicpc-identifica-al-presunto-responsable-del-arrollamiento-de-jose-antonio-mayor-delgado\\\/\",\"name\":\"#Zulia | CICPC identifica al presunto responsable del arrollamiento de Jos\u00e9 Antonio Mayor Delgado\",\"isPartOf\":{\"@id\":\"https:\\\/\\\/digital58.com.ve\\\/site\\\/#website\"},\"primaryImageOfPage\":{\"@id\":\"https:\\\/\\\/digital58.com.ve\\\/site\\\/2022\\\/08\\\/29\\\/cicpc-identifica-al-presunto-responsable-del-arrollamiento-de-jose-antonio-mayor-delgado\\\/#primaryimage\"},\"image\":{\"@id\":\"https:\\\/\\\/digital58.com.ve\\\/site\\\/2022\\\/08\\\/29\\\/cicpc-identifica-al-presunto-responsable-del-arrollamiento-de-jose-antonio-mayor-delgado\\\/#primaryimage\"},\"thumbnailUrl\":\"https:\\\/\\\/digital58.com.ve\\\/site\\\/wp-content\\\/uploads\\\/2022\\\/08\\\/Jose-Antonio-Mayor-Delgado.jpg\",\"datePublished\":\"2022-08-29T14:41:13+00:00\",\"dateModified\":\"2022-08-29T14:41:39+00:00\",\"description\":\"Sucesos\",\"breadcrumb\":{\"@id\":\"https:\\\/\\\/digital58.com.ve\\\/site\\\/2022\\\/08\\\/29\\\/cicpc-identifica-al-presunto-responsable-del-arrollamiento-de-jose-antonio-mayor-delgado\\\/#breadcrumb\"},\"inLanguage\":\"es\",\"potentialAction\":[{\"@type\":\"ReadAction\",\"target\":[\"https:\\\/\\\/digital58.com.ve\\\/site\\\/2022\\\/08\\\/29\\\/cicpc-identifica-al-presunto-responsable-del-arrollamiento-de-jose-antonio-mayor-delgado\\\/\"]}]},{\"@type\":\"ImageObject\",\"inLanguage\":\"es\",\"@id\":\"https:\\\/\\\/digital58.com.ve\\\/site\\\/2022\\\/08\\\/29\\\/cicpc-identifica-al-presunto-responsable-del-arrollamiento-de-jose-antonio-mayor-delgado\\\/#primaryimage\",\"url\":\"https:\\\/\\\/digital58.com.ve\\\/site\\\/wp-content\\\/uploads\\\/2022\\\/08\\\/Jose-Antonio-Mayor-Delgado.jpg\",\"contentUrl\":\"https:\\\/\\\/digital58.com.ve\\\/site\\\/wp-content\\\/uploads\\\/2022\\\/08\\\/Jose-Antonio-Mayor-Delgado.jpg\",\"width\":900,\"height\":517},{\"@type\":\"BreadcrumbList\",\"@id\":\"https:\\\/\\\/digital58.com.ve\\\/site\\\/2022\\\/08\\\/29\\\/cicpc-identifica-al-presunto-responsable-del-arrollamiento-de-jose-antonio-mayor-delgado\\\/#breadcrumb\",\"itemListElement\":[{\"@type\":\"ListItem\",\"position\":1,\"name\":\"Home\",\"item\":\"https:\\\/\\\/digital58.com.ve\\\/site\\\/\"},{\"@type\":\"ListItem\",\"position\":2,\"name\":\"#Zulia | CICPC identifica al presunto responsable del arrollamiento de Jos\u00e9 Antonio Mayor Delgado\"}]},{\"@type\":\"WebSite\",\"@id\":\"https:\\\/\\\/digital58.com.ve\\\/site\\\/#website\",\"url\":\"https:\\\/\\\/digital58.com.ve\\\/site\\\/\",\"name\":\"Noticias Digital58\",\"description\":\"Portal de Noticias \u00a1Periodismo web de verdad! Lanzamiento web 22.11.2005 \\\/ Maracaibo, Venezuela\",\"publisher\":{\"@id\":\"https:\\\/\\\/digital58.com.ve\\\/site\\\/#\\\/schema\\\/person\\\/64d1c2e4d0d4fd1b849980c4331c2951\"},\"alternateName\":\"ND58\",\"potentialAction\":[{\"@type\":\"SearchAction\",\"target\":{\"@type\":\"EntryPoint\",\"urlTemplate\":\"https:\\\/\\\/digital58.com.ve\\\/site\\\/?s={search_term_string}\"},\"query-input\":{\"@type\":\"PropertyValueSpecification\",\"valueRequired\":true,\"valueName\":\"search_term_string\"}}],\"inLanguage\":\"es\"},{\"@type\":[\"Person\",\"Organization\"],\"@id\":\"https:\\\/\\\/digital58.com.ve\\\/site\\\/#\\\/schema\\\/person\\\/64d1c2e4d0d4fd1b849980c4331c2951\",\"name\":\"Villasmil Henry\",\"image\":{\"@type\":\"ImageObject\",\"inLanguage\":\"es\",\"@id\":\"https:\\\/\\\/secure.gravatar.com\\\/avatar\\\/bb0c4a2fcb7970138239f7e404ea75757b1b507b28b5ce4c53fbd62d797c5a7c?s=96&d=mm&r=g\",\"url\":\"https:\\\/\\\/secure.gravatar.com\\\/avatar\\\/bb0c4a2fcb7970138239f7e404ea75757b1b507b28b5ce4c53fbd62d797c5a7c?s=96&d=mm&r=g\",\"contentUrl\":\"https:\\\/\\\/secure.gravatar.com\\\/avatar\\\/bb0c4a2fcb7970138239f7e404ea75757b1b507b28b5ce4c53fbd62d797c5a7c?s=96&d=mm&r=g\",\"caption\":\"Villasmil Henry\"},\"logo\":{\"@id\":\"https:\\\/\\\/secure.gravatar.com\\\/avatar\\\/bb0c4a2fcb7970138239f7e404ea75757b1b507b28b5ce4c53fbd62d797c5a7c?s=96&d=mm&r=g\"},\"sameAs\":[\"http:\\\/\\\/www.henryvillasmil.com.ve\",\"https:\\\/\\\/www.instagram.com\\\/villasmilhfoto\\\/\",\"https:\\\/\\\/x.com\\\/https:\\\/\\\/twitter.com\\\/villasmilhfoto\"]},{\"@type\":\"Person\",\"@id\":\"https:\\\/\\\/digital58.com.ve\\\/site\\\/#\\\/schema\\\/person\\\/38596b127602deaa13fbcd7585635238\",\"name\":\"Caren A\u00f1ez\",\"image\":{\"@type\":\"ImageObject\",\"inLanguage\":\"es\",\"@id\":\"https:\\\/\\\/secure.gravatar.com\\\/avatar\\\/53aadd693aa414991c9ff2f2b19c39be94d2c342463b80f5402d344911bc9782?s=96&d=mm&r=g\",\"url\":\"https:\\\/\\\/secure.gravatar.com\\\/avatar\\\/53aadd693aa414991c9ff2f2b19c39be94d2c342463b80f5402d344911bc9782?s=96&d=mm&r=g\",\"contentUrl\":\"https:\\\/\\\/secure.gravatar.com\\\/avatar\\\/53aadd693aa414991c9ff2f2b19c39be94d2c342463b80f5402d344911bc9782?s=96&d=mm&r=g\",\"caption\":\"Caren A\u00f1ez\"},\"description\":\"\ud83d\udc69\u200d\ud83c\udfa4Editora en @digital_58 \ud83d\udc69\ud83c\udffb\u200d\ud83c\udfebPeriodista musical y de entretenimiento. \ud83d\udcf8Fotografa \ud83d\udc69\ud83c\udffb\u200d\ud83d\udcbbMedia Management. \ud83d\udc69\u200d\ud83d\udc67\u200d\ud83d\udc67AspieMon 24\\\/7\",\"sameAs\":[\"https:\\\/\\\/www.instagram.com\\\/carenanez\\\/\",\"https:\\\/\\\/x.com\\\/carenanez\"],\"url\":\"https:\\\/\\\/digital58.com.ve\\\/site\\\/author\\\/carena21\\\/\"}]}<\/script>\n<!-- \/ Yoast SEO plugin. -->","yoast_head_json":{"title":"#Zulia | CICPC identifica al presunto responsable del arrollamiento de Jos\u00e9 Antonio Mayor Delgado","description":"Sucesos","robots":{"index":"index","follow":"follow","max-snippet":"max-snippet:-1","max-image-preview":"max-image-preview:large","max-video-preview":"max-video-preview:-1"},"canonical":"https:\/\/digital58.com.ve\/site\/2022\/08\/29\/cicpc-identifica-al-presunto-responsable-del-arrollamiento-de-jose-antonio-mayor-delgado\/","og_locale":"es_ES","og_type":"article","og_title":"#Zulia | CICPC identifica al presunto responsable del arrollamiento de Jos\u00e9 Antonio Mayor Delgado","og_description":"Sucesos","og_url":"https:\/\/digital58.com.ve\/site\/2022\/08\/29\/cicpc-identifica-al-presunto-responsable-del-arrollamiento-de-jose-antonio-mayor-delgado\/","og_site_name":"Noticias Digital58","article_published_time":"2022-08-29T14:41:13+00:00","article_modified_time":"2022-08-29T14:41:39+00:00","og_image":[{"width":900,"height":517,"url":"https:\/\/digital58.com.ve\/site\/wp-content\/uploads\/2022\/08\/Jose-Antonio-Mayor-Delgado.jpg","type":"image\/jpeg"}],"author":"Caren A\u00f1ez","twitter_card":"summary_large_image","twitter_creator":"@carenanez","twitter_site":"@villasmilhfoto","twitter_misc":{"Escrito por":"Caren A\u00f1ez","Tiempo estimado de lectura":"3 minutos"},"schema":{"@context":"https:\/\/schema.org","@graph":[{"@type":"Article","@id":"https:\/\/digital58.com.ve\/site\/2022\/08\/29\/cicpc-identifica-al-presunto-responsable-del-arrollamiento-de-jose-antonio-mayor-delgado\/#article","isPartOf":{"@id":"https:\/\/digital58.com.ve\/site\/2022\/08\/29\/cicpc-identifica-al-presunto-responsable-del-arrollamiento-de-jose-antonio-mayor-delgado\/"},"author":{"name":"Caren A\u00f1ez","@id":"https:\/\/digital58.com.ve\/site\/#\/schema\/person\/38596b127602deaa13fbcd7585635238"},"headline":"#Zulia | CICPC identifica al presunto responsable del arrollamiento de Jos\u00e9 Antonio Mayor Delgado","datePublished":"2022-08-29T14:41:13+00:00","dateModified":"2022-08-29T14:41:39+00:00","mainEntityOfPage":{"@id":"https:\/\/digital58.com.ve\/site\/2022\/08\/29\/cicpc-identifica-al-presunto-responsable-del-arrollamiento-de-jose-antonio-mayor-delgado\/"},"wordCount":522,"commentCount":0,"publisher":{"@id":"https:\/\/digital58.com.ve\/site\/#\/schema\/person\/64d1c2e4d0d4fd1b849980c4331c2951"},"image":{"@id":"https:\/\/digital58.com.ve\/site\/2022\/08\/29\/cicpc-identifica-al-presunto-responsable-del-arrollamiento-de-jose-antonio-mayor-delgado\/#primaryimage"},"thumbnailUrl":"https:\/\/digital58.com.ve\/site\/wp-content\/uploads\/2022\/08\/Jose-Antonio-Mayor-Delgado.jpg","keywords":["Adriana Mayor Delgado","Arrollados","Avenida Fuerzas Armadas","CICPC","Fallecidos","Jos\u00e9 Antonio Mayor Delgado","Justicia","Maracaibo","Nacionales","Regionales","Sucesos Nacionales","Sucesos regionales","Venezuela","Zulia"],"articleSection":["Sucesos"],"inLanguage":"es","potentialAction":[{"@type":"CommentAction","name":"Comment","target":["https:\/\/digital58.com.ve\/site\/2022\/08\/29\/cicpc-identifica-al-presunto-responsable-del-arrollamiento-de-jose-antonio-mayor-delgado\/#respond"]}]},{"@type":"WebPage","@id":"https:\/\/digital58.com.ve\/site\/2022\/08\/29\/cicpc-identifica-al-presunto-responsable-del-arrollamiento-de-jose-antonio-mayor-delgado\/","url":"https:\/\/digital58.com.ve\/site\/2022\/08\/29\/cicpc-identifica-al-presunto-responsable-del-arrollamiento-de-jose-antonio-mayor-delgado\/","name":"#Zulia | CICPC identifica al presunto responsable del arrollamiento de Jos\u00e9 Antonio Mayor Delgado","isPartOf":{"@id":"https:\/\/digital58.com.ve\/site\/#website"},"primaryImageOfPage":{"@id":"https:\/\/digital58.com.ve\/site\/2022\/08\/29\/cicpc-identifica-al-presunto-responsable-del-arrollamiento-de-jose-antonio-mayor-delgado\/#primaryimage"},"image":{"@id":"https:\/\/digital58.com.ve\/site\/2022\/08\/29\/cicpc-identifica-al-presunto-responsable-del-arrollamiento-de-jose-antonio-mayor-delgado\/#primaryimage"},"thumbnailUrl":"https:\/\/digital58.com.ve\/site\/wp-content\/uploads\/2022\/08\/Jose-Antonio-Mayor-Delgado.jpg","datePublished":"2022-08-29T14:41:13+00:00","dateModified":"2022-08-29T14:41:39+00:00","description":"Sucesos","breadcrumb":{"@id":"https:\/\/digital58.com.ve\/site\/2022\/08\/29\/cicpc-identifica-al-presunto-responsable-del-arrollamiento-de-jose-antonio-mayor-delgado\/#breadcrumb"},"inLanguage":"es","potentialAction":[{"@type":"ReadAction","target":["https:\/\/digital58.com.ve\/site\/2022\/08\/29\/cicpc-identifica-al-presunto-responsable-del-arrollamiento-de-jose-antonio-mayor-delgado\/"]}]},{"@type":"ImageObject","inLanguage":"es","@id":"https:\/\/digital58.com.ve\/site\/2022\/08\/29\/cicpc-identifica-al-presunto-responsable-del-arrollamiento-de-jose-antonio-mayor-delgado\/#primaryimage","url":"https:\/\/digital58.com.ve\/site\/wp-content\/uploads\/2022\/08\/Jose-Antonio-Mayor-Delgado.jpg","contentUrl":"https:\/\/digital58.com.ve\/site\/wp-content\/uploads\/2022\/08\/Jose-Antonio-Mayor-Delgado.jpg","width":900,"height":517},{"@type":"BreadcrumbList","@id":"https:\/\/digital58.com.ve\/site\/2022\/08\/29\/cicpc-identifica-al-presunto-responsable-del-arrollamiento-de-jose-antonio-mayor-delgado\/#breadcrumb","itemListElement":[{"@type":"ListItem","position":1,"name":"Home","item":"https:\/\/digital58.com.ve\/site\/"},{"@type":"ListItem","position":2,"name":"#Zulia | CICPC identifica al presunto responsable del arrollamiento de Jos\u00e9 Antonio Mayor Delgado"}]},{"@type":"WebSite","@id":"https:\/\/digital58.com.ve\/site\/#website","url":"https:\/\/digital58.com.ve\/site\/","name":"Noticias Digital58","description":"Portal de Noticias \u00a1Periodismo web de verdad! Lanzamiento web 22.11.2005 \/ Maracaibo, Venezuela","publisher":{"@id":"https:\/\/digital58.com.ve\/site\/#\/schema\/person\/64d1c2e4d0d4fd1b849980c4331c2951"},"alternateName":"ND58","potentialAction":[{"@type":"SearchAction","target":{"@type":"EntryPoint","urlTemplate":"https:\/\/digital58.com.ve\/site\/?s={search_term_string}"},"query-input":{"@type":"PropertyValueSpecification","valueRequired":true,"valueName":"search_term_string"}}],"inLanguage":"es"},{"@type":["Person","Organization"],"@id":"https:\/\/digital58.com.ve\/site\/#\/schema\/person\/64d1c2e4d0d4fd1b849980c4331c2951","name":"Villasmil Henry","image":{"@type":"ImageObject","inLanguage":"es","@id":"https:\/\/secure.gravatar.com\/avatar\/bb0c4a2fcb7970138239f7e404ea75757b1b507b28b5ce4c53fbd62d797c5a7c?s=96&d=mm&r=g","url":"https:\/\/secure.gravatar.com\/avatar\/bb0c4a2fcb7970138239f7e404ea75757b1b507b28b5ce4c53fbd62d797c5a7c?s=96&d=mm&r=g","contentUrl":"https:\/\/secure.gravatar.com\/avatar\/bb0c4a2fcb7970138239f7e404ea75757b1b507b28b5ce4c53fbd62d797c5a7c?s=96&d=mm&r=g","caption":"Villasmil Henry"},"logo":{"@id":"https:\/\/secure.gravatar.com\/avatar\/bb0c4a2fcb7970138239f7e404ea75757b1b507b28b5ce4c53fbd62d797c5a7c?s=96&d=mm&r=g"},"sameAs":["http:\/\/www.henryvillasmil.com.ve","https:\/\/www.instagram.com\/villasmilhfoto\/","https:\/\/x.com\/https:\/\/twitter.com\/villasmilhfoto"]},{"@type":"Person","@id":"https:\/\/digital58.com.ve\/site\/#\/schema\/person\/38596b127602deaa13fbcd7585635238","name":"Caren A\u00f1ez","image":{"@type":"ImageObject","inLanguage":"es","@id":"https:\/\/secure.gravatar.com\/avatar\/53aadd693aa414991c9ff2f2b19c39be94d2c342463b80f5402d344911bc9782?s=96&d=mm&r=g","url":"https:\/\/secure.gravatar.com\/avatar\/53aadd693aa414991c9ff2f2b19c39be94d2c342463b80f5402d344911bc9782?s=96&d=mm&r=g","contentUrl":"https:\/\/secure.gravatar.com\/avatar\/53aadd693aa414991c9ff2f2b19c39be94d2c342463b80f5402d344911bc9782?s=96&d=mm&r=g","caption":"Caren A\u00f1ez"},"description":"\ud83d\udc69\u200d\ud83c\udfa4Editora en @digital_58 \ud83d\udc69\ud83c\udffb\u200d\ud83c\udfebPeriodista musical y de entretenimiento. \ud83d\udcf8Fotografa \ud83d\udc69\ud83c\udffb\u200d\ud83d\udcbbMedia Management. \ud83d\udc69\u200d\ud83d\udc67\u200d\ud83d\udc67AspieMon 24\/7","sameAs":["https:\/\/www.instagram.com\/carenanez\/","https:\/\/x.com\/carenanez"],"url":"https:\/\/digital58.com.ve\/site\/author\/carena21\/"}]}},"uagb_featured_image_src":{"full":["https:\/\/digital58.com.ve\/site\/wp-content\/uploads\/2022\/08\/Jose-Antonio-Mayor-Delgado.jpg",900,517,false],"thumbnail":["https:\/\/digital58.com.ve\/site\/wp-content\/uploads\/2022\/08\/Jose-Antonio-Mayor-Delgado-150x150.jpg",150,150,true],"medium":["https:\/\/digital58.com.ve\/site\/wp-content\/uploads\/2022\/08\/Jose-Antonio-Mayor-Delgado-300x172.jpg",300,172,true],"medium_large":["https:\/\/digital58.com.ve\/site\/wp-content\/uploads\/2022\/08\/Jose-Antonio-Mayor-Delgado-768x441.jpg",768,441,true],"large":["https:\/\/digital58.com.ve\/site\/wp-content\/uploads\/2022\/08\/Jose-Antonio-Mayor-Delgado.jpg",800,460,false],"1536x1536":["https:\/\/digital58.com.ve\/site\/wp-content\/uploads\/2022\/08\/Jose-Antonio-Mayor-Delgado.jpg",900,517,false],"2048x2048":["https:\/\/digital58.com.ve\/site\/wp-content\/uploads\/2022\/08\/Jose-Antonio-Mayor-Delgado.jpg",900,517,false],"colormag-highlighted-post":["https:\/\/digital58.com.ve\/site\/wp-content\/uploads\/2022\/08\/Jose-Antonio-Mayor-Delgado-392x272.jpg",392,272,true],"colormag-featured-post-medium":["https:\/\/digital58.com.ve\/site\/wp-content\/uploads\/2022\/08\/Jose-Antonio-Mayor-Delgado-390x205.jpg",390,205,true],"colormag-featured-post-small":["https:\/\/digital58.com.ve\/site\/wp-content\/uploads\/2022\/08\/Jose-Antonio-Mayor-Delgado-130x90.jpg",130,90,true],"colormag-featured-image":["https:\/\/digital58.com.ve\/site\/wp-content\/uploads\/2022\/08\/Jose-Antonio-Mayor-Delgado-800x445.jpg",800,445,true],"colormag-default-news":["https:\/\/digital58.com.ve\/site\/wp-content\/uploads\/2022\/08\/Jose-Antonio-Mayor-Delgado.jpg",150,86,false],"colormag-featured-image-large":["https:\/\/digital58.com.ve\/site\/wp-content\/uploads\/2022\/08\/Jose-Antonio-Mayor-Delgado.jpg",900,517,false]},"uagb_author_info":{"display_name":"Caren A\u00f1ez","author_link":"https:\/\/digital58.com.ve\/site\/author\/carena21\/"},"uagb_comment_info":0,"uagb_excerpt":"El joven mec\u00e1nico y deportista zuliano, fue arrollado el 8 de julio en la avenida Fuerzas Armadas de Maracaibo y","_links":{"self":[{"href":"https:\/\/digital58.com.ve\/site\/wp-json\/wp\/v2\/posts\/155751","targetHints":{"allow":["GET"]}}],"collection":[{"href":"https:\/\/digital58.com.ve\/site\/wp-json\/wp\/v2\/posts"}],"about":[{"href":"https:\/\/digital58.com.ve\/site\/wp-json\/wp\/v2\/types\/post"}],"author":[{"embeddable":true,"href":"https:\/\/digital58.com.ve\/site\/wp-json\/wp\/v2\/users\/39"}],"replies":[{"embeddable":true,"href":"https:\/\/digital58.com.ve\/site\/wp-json\/wp\/v2\/comments?post=155751"}],"version-history":[{"count":0,"href":"https:\/\/digital58.com.ve\/site\/wp-json\/wp\/v2\/posts\/155751\/revisions"}],"wp:featuredmedia":[{"embeddable":true,"href":"https:\/\/digital58.com.ve\/site\/wp-json\/wp\/v2\/media\/155761"}],"wp:attachment":[{"href":"https:\/\/digital58.com.ve\/site\/wp-json\/wp\/v2\/media?parent=155751"}],"wp:term":[{"taxonomy":"category","embeddable":true,"href":"https:\/\/digital58.com.ve\/site\/wp-json\/wp\/v2\/categories?post=155751"},{"taxonomy":"post_tag","embeddable":true,"href":"https:\/\/digital58.com.ve\/site\/wp-json\/wp\/v2\/tags?post=155751"}],"curies":[{"name":"wp","href":"https:\/\/api.w.org\/{rel}","templated":true}]}}