{"id":155772,"date":"2022-08-29T15:59:20","date_gmt":"2022-08-29T19:59:20","guid":{"rendered":"https:\/\/digital58.com.ve\/site\/?p=155772"},"modified":"2022-08-30T12:43:01","modified_gmt":"2022-08-30T16:43:01","slug":"zulia-detenido-presunto-responsable-del-arrollamiento-de-jose-antonio-mayor","status":"publish","type":"post","link":"https:\/\/digital58.com.ve\/site\/2022\/08\/29\/zulia-detenido-presunto-responsable-del-arrollamiento-de-jose-antonio-mayor\/","title":{"rendered":"#Zulia | Detenido presunto responsable del arrollamiento de Jos\u00e9 Antonio Mayor"},"content":{"rendered":"<p><a href=\"https:\/\/digital58.com.ve\/site\/wp-content\/uploads\/2022\/08\/tulio-faria.jpg\"><img loading=\"lazy\" decoding=\"async\" class=\"aligncenter size-full wp-image-155773\" src=\"https:\/\/digital58.com.ve\/site\/wp-content\/uploads\/2022\/08\/tulio-faria.jpg\" alt=\"\" width=\"772\" height=\"510\" srcset=\"https:\/\/digital58.com.ve\/site\/wp-content\/uploads\/2022\/08\/tulio-faria.jpg 772w, https:\/\/digital58.com.ve\/site\/wp-content\/uploads\/2022\/08\/tulio-faria-300x198.jpg 300w, https:\/\/digital58.com.ve\/site\/wp-content\/uploads\/2022\/08\/tulio-faria-768x507.jpg 768w\" sizes=\"auto, (max-width: 772px) 100vw, 772px\" \/><\/a><\/p>\n<p>El arrollamiento de Jos\u00e9 Antonio Mayor ocurri\u00f3 el pasado 8 de julio en la avenida Fuerzas Armadas de Maracaibo frente a North Center entre 12:40 y 12:43 del mediod\u00eda.<\/p>\n<p><strong>Maracaibo, Zulia, Venezuela, 29 de agosto de 2022 (ND58).-<\/strong> Como Tulio Far\u00edas fue identificado el conductor del auto Honda Civic que arroll\u00f3 a Jos\u00e9 Antonio Mayor Delgado el pasado 8 de julio en la avenida Fuerzas Armadas de Maracaibo frente a North Center<\/p>\n<p>Seg\u00fan informaci\u00f3n de <strong><a href=\"https:\/\/elvigilanteweb.com\/detencion-arrollamiento-jose-antonio-mayor-maracaibo\/\" target=\"_blank\" rel=\"noopener\">El Vigilante Web<\/a><\/strong>,\u00a0 Tulio Far\u00edas, ten\u00eda orden de aprehensi\u00f3n por la Fiscal\u00eda y Tribunales desde el pasado jueves 25 de agosto. La medida de privativa de libertad se hizo efectiva este 28 de agosto.<\/p>\n<p>Algunas fuentes extraoficiales indican que su esposa, Gabriela Chac\u00edn tambi\u00e9n fue detenida, pero esa informaci\u00f3n no se confirm\u00f3 hasta los momentos.<\/p>\n<p>Desde ayer est\u00e1 preso el presunto responsable del arrollamiento donde falleci\u00f3 Jos\u00e9 Antonio Mayor. Se trata de un empresario del \u00e1rea de las fumigaciones en Maracaibo.<\/p>\n<p><a href=\"https:\/\/digital58.com.ve\/site\/wp-content\/uploads\/2022\/08\/honda-civic.jpg\"><img loading=\"lazy\" decoding=\"async\" class=\"aligncenter size-full wp-image-155774\" src=\"https:\/\/digital58.com.ve\/site\/wp-content\/uploads\/2022\/08\/honda-civic.jpg\" alt=\"\" width=\"576\" height=\"876\" srcset=\"https:\/\/digital58.com.ve\/site\/wp-content\/uploads\/2022\/08\/honda-civic.jpg 395w, https:\/\/digital58.com.ve\/site\/wp-content\/uploads\/2022\/08\/honda-civic-197x300.jpg 197w\" sizes=\"auto, (max-width: 576px) 100vw, 576px\" \/><\/a><\/p>\n<p>El joven de 37 no falleci\u00f3 en el acto, pero el impacto le produjo fractura de cr\u00e1neo y t\u00f3rax, hemorragia abdominal y otros traumatismos. Falleci\u00f3 tres d\u00edas despu\u00e9s de una lucha dram\u00e1tica por existir y de los esfuerzos de la familia por conseguir recursos para salvarle la vida.<\/p>\n<p>Seg\u00fan se conoci\u00f3, la identificaci\u00f3n del responsable se logr\u00f3 gracias a las se\u00f1as del veh\u00edculo involucrado que quedaron grabadas en un video. Luego, alguien lo identific\u00f3 y dio el aviso a la familia y al CICPC.<\/p>\n<p>Queda esperar que el Ministerio P\u00fablico de su veredicto, pero la familia Mayor est\u00e1 agradecida y con la certeza de que la justicia llegar\u00e1 hasta donde tiene que llegar, porque \u00abentre cielo y tierra, para Dios, no hay nada oculto\u00bb.<\/p>\n<p><strong>Redacci\u00f3n ND58 | Fuente: <a href=\"https:\/\/elvigilanteweb.com\/detencion-arrollamiento-jose-antonio-mayor-maracaibo\/\" target=\"_blank\" rel=\"noopener\">Reina Carre\u00f1o\/ElVigilanteWeb<\/a><\/strong><br \/>\n<strong>Edici\u00f3n: Villasmil, Henry<\/strong><br \/>\n<strong>Gr\u00e1fica: Cortes\u00eda<\/strong><\/p>\n<p>&nbsp;<\/p>\n<p>&nbsp;<\/p><div class=\"odwmk69f4d92e4e68a\" ><p style=\"text-align: center;\"><a href=\"https:\/\/t.me\/noticiasdigital58\" target=\"_blank\" rel=\"noopener\"><img class=\"aligncenter size-full wp-image-125363\" src=\"https:\/\/digital58.com.ve\/site\/wp-content\/uploads\/2021\/04\/banner-telegram-web-2021.png\" alt=\"\" width=\"600\" height=\"90\" \/><\/a><\/p><\/div><style type=\"text\/css\">\r\n@media screen and (min-width: 1201px) {\r\n.odwmk69f4d92e4e68a {\r\ndisplay: block;\r\n}\r\n}\r\n@media screen and (min-width: 993px) and (max-width: 1200px) {\r\n.odwmk69f4d92e4e68a {\r\ndisplay: block;\r\n}\r\n}\r\n@media screen and (min-width: 769px) and (max-width: 992px) {\r\n.odwmk69f4d92e4e68a {\r\ndisplay: block;\r\n}\r\n}\r\n@media screen and (min-width: 768px) and (max-width: 768px) {\r\n.odwmk69f4d92e4e68a {\r\ndisplay: block;\r\n}\r\n}\r\n@media screen and (max-width: 767px) {\r\n.odwmk69f4d92e4e68a {\r\ndisplay: block;\r\n}\r\n}\r\n<\/style>\r\n\n<p>&nbsp;<\/p>\n<div style=\"margin-top: 0px; margin-bottom: 0px;\" class=\"sharethis-inline-share-buttons\" ><\/div>","protected":false},"excerpt":{"rendered":"<p>El arrollamiento de Jos\u00e9 Antonio Mayor ocurri\u00f3 el pasado 8 de julio en la avenida Fuerzas Armadas de Maracaibo frente<\/p>\n","protected":false},"author":1,"featured_media":155773,"comment_status":"open","ping_status":"closed","sticky":false,"template":"","format":"standard","meta":{"colormag_page_container_layout":"default_layout","colormag_page_sidebar_layout":"default_layout","_uag_custom_page_level_css":"","footnotes":""},"categories":[13765],"tags":[21068,9037,29102,29101,29096,233,16110,2354,23975,21846,29100,32],"class_list":["post-155772","post","type-post","status-publish","format-standard","has-post-thumbnail","hentry","category-sucesos","tag-arrollamiento","tag-detenidos","tag-gabriela-chacin","tag-honda-civic","tag-jose-antonio-mayor-delgado","tag-nacionales","tag-orden-de-aprehension","tag-regionales","tag-sucesos-nacionales","tag-sucesos-regionales","tag-tulio-farias","tag-venezuela"],"yoast_head":"<!-- This site is optimized with the Yoast SEO plugin v27.5 - https:\/\/yoast.com\/product\/yoast-seo-wordpress\/ -->\n<title>#Zulia | Detenido presunto responsable del arrollamiento de Jos\u00e9 Antonio Mayor<\/title>\n<meta name=\"description\" content=\"Sucesos\" \/>\n<meta name=\"robots\" content=\"index, follow, max-snippet:-1, max-image-preview:large, max-video-preview:-1\" \/>\n<link rel=\"canonical\" href=\"https:\/\/digital58.com.ve\/site\/2022\/08\/29\/zulia-detenido-presunto-responsable-del-arrollamiento-de-jose-antonio-mayor\/\" \/>\n<meta property=\"og:locale\" content=\"es_ES\" \/>\n<meta property=\"og:type\" content=\"article\" \/>\n<meta property=\"og:title\" content=\"#Zulia | Detenido presunto responsable del arrollamiento de Jos\u00e9 Antonio Mayor\" \/>\n<meta property=\"og:description\" content=\"Sucesos\" \/>\n<meta property=\"og:url\" content=\"https:\/\/digital58.com.ve\/site\/2022\/08\/29\/zulia-detenido-presunto-responsable-del-arrollamiento-de-jose-antonio-mayor\/\" \/>\n<meta property=\"og:site_name\" content=\"Noticias Digital58\" \/>\n<meta property=\"article:published_time\" content=\"2022-08-29T19:59:20+00:00\" \/>\n<meta property=\"article:modified_time\" content=\"2022-08-30T16:43:01+00:00\" \/>\n<meta property=\"og:image\" content=\"https:\/\/digital58.com.ve\/site\/wp-content\/uploads\/2022\/08\/tulio-faria.jpg\" \/>\n\t<meta property=\"og:image:width\" content=\"772\" \/>\n\t<meta property=\"og:image:height\" content=\"510\" \/>\n\t<meta property=\"og:image:type\" content=\"image\/jpeg\" \/>\n<meta name=\"author\" content=\"Villasmil Henry\" \/>\n<meta name=\"twitter:card\" content=\"summary_large_image\" \/>\n<meta name=\"twitter:creator\" content=\"@https:\/\/twitter.com\/villasmilhfoto\" \/>\n<meta name=\"twitter:site\" content=\"@villasmilhfoto\" \/>\n<meta name=\"twitter:label1\" content=\"Escrito por\" \/>\n\t<meta name=\"twitter:data1\" content=\"Villasmil Henry\" \/>\n\t<meta name=\"twitter:label2\" content=\"Tiempo estimado de lectura\" \/>\n\t<meta name=\"twitter:data2\" content=\"2 minutos\" \/>\n<script type=\"application\/ld+json\" class=\"yoast-schema-graph\">{\"@context\":\"https:\\\/\\\/schema.org\",\"@graph\":[{\"@type\":\"Article\",\"@id\":\"https:\\\/\\\/digital58.com.ve\\\/site\\\/2022\\\/08\\\/29\\\/zulia-detenido-presunto-responsable-del-arrollamiento-de-jose-antonio-mayor\\\/#article\",\"isPartOf\":{\"@id\":\"https:\\\/\\\/digital58.com.ve\\\/site\\\/2022\\\/08\\\/29\\\/zulia-detenido-presunto-responsable-del-arrollamiento-de-jose-antonio-mayor\\\/\"},\"author\":{\"name\":\"Villasmil Henry\",\"@id\":\"https:\\\/\\\/digital58.com.ve\\\/site\\\/#\\\/schema\\\/person\\\/64d1c2e4d0d4fd1b849980c4331c2951\"},\"headline\":\"#Zulia | Detenido presunto responsable del arrollamiento de Jos\u00e9 Antonio Mayor\",\"datePublished\":\"2022-08-29T19:59:20+00:00\",\"dateModified\":\"2022-08-30T16:43:01+00:00\",\"mainEntityOfPage\":{\"@id\":\"https:\\\/\\\/digital58.com.ve\\\/site\\\/2022\\\/08\\\/29\\\/zulia-detenido-presunto-responsable-del-arrollamiento-de-jose-antonio-mayor\\\/\"},\"wordCount\":322,\"commentCount\":0,\"publisher\":{\"@id\":\"https:\\\/\\\/digital58.com.ve\\\/site\\\/#\\\/schema\\\/person\\\/64d1c2e4d0d4fd1b849980c4331c2951\"},\"image\":{\"@id\":\"https:\\\/\\\/digital58.com.ve\\\/site\\\/2022\\\/08\\\/29\\\/zulia-detenido-presunto-responsable-del-arrollamiento-de-jose-antonio-mayor\\\/#primaryimage\"},\"thumbnailUrl\":\"https:\\\/\\\/digital58.com.ve\\\/site\\\/wp-content\\\/uploads\\\/2022\\\/08\\\/tulio-faria.jpg\",\"keywords\":[\"Arrollamiento\",\"Detenidos\",\"Gabriela Chac\u00edn\",\"Honda Civic\",\"Jos\u00e9 Antonio Mayor Delgado\",\"Nacionales\",\"Orden de Aprehensi\u00f3n\",\"Regionales\",\"Sucesos Nacionales\",\"Sucesos regionales\",\"Tulio Far\u00edas\",\"Venezuela\"],\"articleSection\":[\"Sucesos\"],\"inLanguage\":\"es\",\"potentialAction\":[{\"@type\":\"CommentAction\",\"name\":\"Comment\",\"target\":[\"https:\\\/\\\/digital58.com.ve\\\/site\\\/2022\\\/08\\\/29\\\/zulia-detenido-presunto-responsable-del-arrollamiento-de-jose-antonio-mayor\\\/#respond\"]}]},{\"@type\":\"WebPage\",\"@id\":\"https:\\\/\\\/digital58.com.ve\\\/site\\\/2022\\\/08\\\/29\\\/zulia-detenido-presunto-responsable-del-arrollamiento-de-jose-antonio-mayor\\\/\",\"url\":\"https:\\\/\\\/digital58.com.ve\\\/site\\\/2022\\\/08\\\/29\\\/zulia-detenido-presunto-responsable-del-arrollamiento-de-jose-antonio-mayor\\\/\",\"name\":\"#Zulia | Detenido presunto responsable del arrollamiento de Jos\u00e9 Antonio Mayor\",\"isPartOf\":{\"@id\":\"https:\\\/\\\/digital58.com.ve\\\/site\\\/#website\"},\"primaryImageOfPage\":{\"@id\":\"https:\\\/\\\/digital58.com.ve\\\/site\\\/2022\\\/08\\\/29\\\/zulia-detenido-presunto-responsable-del-arrollamiento-de-jose-antonio-mayor\\\/#primaryimage\"},\"image\":{\"@id\":\"https:\\\/\\\/digital58.com.ve\\\/site\\\/2022\\\/08\\\/29\\\/zulia-detenido-presunto-responsable-del-arrollamiento-de-jose-antonio-mayor\\\/#primaryimage\"},\"thumbnailUrl\":\"https:\\\/\\\/digital58.com.ve\\\/site\\\/wp-content\\\/uploads\\\/2022\\\/08\\\/tulio-faria.jpg\",\"datePublished\":\"2022-08-29T19:59:20+00:00\",\"dateModified\":\"2022-08-30T16:43:01+00:00\",\"description\":\"Sucesos\",\"breadcrumb\":{\"@id\":\"https:\\\/\\\/digital58.com.ve\\\/site\\\/2022\\\/08\\\/29\\\/zulia-detenido-presunto-responsable-del-arrollamiento-de-jose-antonio-mayor\\\/#breadcrumb\"},\"inLanguage\":\"es\",\"potentialAction\":[{\"@type\":\"ReadAction\",\"target\":[\"https:\\\/\\\/digital58.com.ve\\\/site\\\/2022\\\/08\\\/29\\\/zulia-detenido-presunto-responsable-del-arrollamiento-de-jose-antonio-mayor\\\/\"]}]},{\"@type\":\"ImageObject\",\"inLanguage\":\"es\",\"@id\":\"https:\\\/\\\/digital58.com.ve\\\/site\\\/2022\\\/08\\\/29\\\/zulia-detenido-presunto-responsable-del-arrollamiento-de-jose-antonio-mayor\\\/#primaryimage\",\"url\":\"https:\\\/\\\/digital58.com.ve\\\/site\\\/wp-content\\\/uploads\\\/2022\\\/08\\\/tulio-faria.jpg\",\"contentUrl\":\"https:\\\/\\\/digital58.com.ve\\\/site\\\/wp-content\\\/uploads\\\/2022\\\/08\\\/tulio-faria.jpg\",\"width\":772,\"height\":510},{\"@type\":\"BreadcrumbList\",\"@id\":\"https:\\\/\\\/digital58.com.ve\\\/site\\\/2022\\\/08\\\/29\\\/zulia-detenido-presunto-responsable-del-arrollamiento-de-jose-antonio-mayor\\\/#breadcrumb\",\"itemListElement\":[{\"@type\":\"ListItem\",\"position\":1,\"name\":\"Home\",\"item\":\"https:\\\/\\\/digital58.com.ve\\\/site\\\/\"},{\"@type\":\"ListItem\",\"position\":2,\"name\":\"#Zulia | Detenido presunto responsable del arrollamiento de Jos\u00e9 Antonio Mayor\"}]},{\"@type\":\"WebSite\",\"@id\":\"https:\\\/\\\/digital58.com.ve\\\/site\\\/#website\",\"url\":\"https:\\\/\\\/digital58.com.ve\\\/site\\\/\",\"name\":\"Noticias Digital58\",\"description\":\"Portal de Noticias \u00a1Periodismo web de verdad! Lanzamiento web 22.11.2005 \\\/ Maracaibo, Venezuela\",\"publisher\":{\"@id\":\"https:\\\/\\\/digital58.com.ve\\\/site\\\/#\\\/schema\\\/person\\\/64d1c2e4d0d4fd1b849980c4331c2951\"},\"alternateName\":\"ND58\",\"potentialAction\":[{\"@type\":\"SearchAction\",\"target\":{\"@type\":\"EntryPoint\",\"urlTemplate\":\"https:\\\/\\\/digital58.com.ve\\\/site\\\/?s={search_term_string}\"},\"query-input\":{\"@type\":\"PropertyValueSpecification\",\"valueRequired\":true,\"valueName\":\"search_term_string\"}}],\"inLanguage\":\"es\"},{\"@type\":[\"Person\",\"Organization\"],\"@id\":\"https:\\\/\\\/digital58.com.ve\\\/site\\\/#\\\/schema\\\/person\\\/64d1c2e4d0d4fd1b849980c4331c2951\",\"name\":\"Villasmil Henry\",\"image\":{\"@type\":\"ImageObject\",\"inLanguage\":\"es\",\"@id\":\"https:\\\/\\\/secure.gravatar.com\\\/avatar\\\/bb0c4a2fcb7970138239f7e404ea75757b1b507b28b5ce4c53fbd62d797c5a7c?s=96&d=mm&r=g\",\"url\":\"https:\\\/\\\/secure.gravatar.com\\\/avatar\\\/bb0c4a2fcb7970138239f7e404ea75757b1b507b28b5ce4c53fbd62d797c5a7c?s=96&d=mm&r=g\",\"contentUrl\":\"https:\\\/\\\/secure.gravatar.com\\\/avatar\\\/bb0c4a2fcb7970138239f7e404ea75757b1b507b28b5ce4c53fbd62d797c5a7c?s=96&d=mm&r=g\",\"caption\":\"Villasmil Henry\"},\"logo\":{\"@id\":\"https:\\\/\\\/secure.gravatar.com\\\/avatar\\\/bb0c4a2fcb7970138239f7e404ea75757b1b507b28b5ce4c53fbd62d797c5a7c?s=96&d=mm&r=g\"},\"sameAs\":[\"http:\\\/\\\/www.henryvillasmil.com.ve\",\"https:\\\/\\\/www.instagram.com\\\/villasmilhfoto\\\/\",\"https:\\\/\\\/x.com\\\/https:\\\/\\\/twitter.com\\\/villasmilhfoto\"],\"url\":\"https:\\\/\\\/digital58.com.ve\\\/site\\\/author\\\/droopy_68\\\/\"}]}<\/script>\n<!-- \/ Yoast SEO plugin. -->","yoast_head_json":{"title":"#Zulia | Detenido presunto responsable del arrollamiento de Jos\u00e9 Antonio Mayor","description":"Sucesos","robots":{"index":"index","follow":"follow","max-snippet":"max-snippet:-1","max-image-preview":"max-image-preview:large","max-video-preview":"max-video-preview:-1"},"canonical":"https:\/\/digital58.com.ve\/site\/2022\/08\/29\/zulia-detenido-presunto-responsable-del-arrollamiento-de-jose-antonio-mayor\/","og_locale":"es_ES","og_type":"article","og_title":"#Zulia | Detenido presunto responsable del arrollamiento de Jos\u00e9 Antonio Mayor","og_description":"Sucesos","og_url":"https:\/\/digital58.com.ve\/site\/2022\/08\/29\/zulia-detenido-presunto-responsable-del-arrollamiento-de-jose-antonio-mayor\/","og_site_name":"Noticias Digital58","article_published_time":"2022-08-29T19:59:20+00:00","article_modified_time":"2022-08-30T16:43:01+00:00","og_image":[{"width":772,"height":510,"url":"https:\/\/digital58.com.ve\/site\/wp-content\/uploads\/2022\/08\/tulio-faria.jpg","type":"image\/jpeg"}],"author":"Villasmil Henry","twitter_card":"summary_large_image","twitter_creator":"@https:\/\/twitter.com\/villasmilhfoto","twitter_site":"@villasmilhfoto","twitter_misc":{"Escrito por":"Villasmil Henry","Tiempo estimado de lectura":"2 minutos"},"schema":{"@context":"https:\/\/schema.org","@graph":[{"@type":"Article","@id":"https:\/\/digital58.com.ve\/site\/2022\/08\/29\/zulia-detenido-presunto-responsable-del-arrollamiento-de-jose-antonio-mayor\/#article","isPartOf":{"@id":"https:\/\/digital58.com.ve\/site\/2022\/08\/29\/zulia-detenido-presunto-responsable-del-arrollamiento-de-jose-antonio-mayor\/"},"author":{"name":"Villasmil Henry","@id":"https:\/\/digital58.com.ve\/site\/#\/schema\/person\/64d1c2e4d0d4fd1b849980c4331c2951"},"headline":"#Zulia | Detenido presunto responsable del arrollamiento de Jos\u00e9 Antonio Mayor","datePublished":"2022-08-29T19:59:20+00:00","dateModified":"2022-08-30T16:43:01+00:00","mainEntityOfPage":{"@id":"https:\/\/digital58.com.ve\/site\/2022\/08\/29\/zulia-detenido-presunto-responsable-del-arrollamiento-de-jose-antonio-mayor\/"},"wordCount":322,"commentCount":0,"publisher":{"@id":"https:\/\/digital58.com.ve\/site\/#\/schema\/person\/64d1c2e4d0d4fd1b849980c4331c2951"},"image":{"@id":"https:\/\/digital58.com.ve\/site\/2022\/08\/29\/zulia-detenido-presunto-responsable-del-arrollamiento-de-jose-antonio-mayor\/#primaryimage"},"thumbnailUrl":"https:\/\/digital58.com.ve\/site\/wp-content\/uploads\/2022\/08\/tulio-faria.jpg","keywords":["Arrollamiento","Detenidos","Gabriela Chac\u00edn","Honda Civic","Jos\u00e9 Antonio Mayor Delgado","Nacionales","Orden de Aprehensi\u00f3n","Regionales","Sucesos Nacionales","Sucesos regionales","Tulio Far\u00edas","Venezuela"],"articleSection":["Sucesos"],"inLanguage":"es","potentialAction":[{"@type":"CommentAction","name":"Comment","target":["https:\/\/digital58.com.ve\/site\/2022\/08\/29\/zulia-detenido-presunto-responsable-del-arrollamiento-de-jose-antonio-mayor\/#respond"]}]},{"@type":"WebPage","@id":"https:\/\/digital58.com.ve\/site\/2022\/08\/29\/zulia-detenido-presunto-responsable-del-arrollamiento-de-jose-antonio-mayor\/","url":"https:\/\/digital58.com.ve\/site\/2022\/08\/29\/zulia-detenido-presunto-responsable-del-arrollamiento-de-jose-antonio-mayor\/","name":"#Zulia | Detenido presunto responsable del arrollamiento de Jos\u00e9 Antonio Mayor","isPartOf":{"@id":"https:\/\/digital58.com.ve\/site\/#website"},"primaryImageOfPage":{"@id":"https:\/\/digital58.com.ve\/site\/2022\/08\/29\/zulia-detenido-presunto-responsable-del-arrollamiento-de-jose-antonio-mayor\/#primaryimage"},"image":{"@id":"https:\/\/digital58.com.ve\/site\/2022\/08\/29\/zulia-detenido-presunto-responsable-del-arrollamiento-de-jose-antonio-mayor\/#primaryimage"},"thumbnailUrl":"https:\/\/digital58.com.ve\/site\/wp-content\/uploads\/2022\/08\/tulio-faria.jpg","datePublished":"2022-08-29T19:59:20+00:00","dateModified":"2022-08-30T16:43:01+00:00","description":"Sucesos","breadcrumb":{"@id":"https:\/\/digital58.com.ve\/site\/2022\/08\/29\/zulia-detenido-presunto-responsable-del-arrollamiento-de-jose-antonio-mayor\/#breadcrumb"},"inLanguage":"es","potentialAction":[{"@type":"ReadAction","target":["https:\/\/digital58.com.ve\/site\/2022\/08\/29\/zulia-detenido-presunto-responsable-del-arrollamiento-de-jose-antonio-mayor\/"]}]},{"@type":"ImageObject","inLanguage":"es","@id":"https:\/\/digital58.com.ve\/site\/2022\/08\/29\/zulia-detenido-presunto-responsable-del-arrollamiento-de-jose-antonio-mayor\/#primaryimage","url":"https:\/\/digital58.com.ve\/site\/wp-content\/uploads\/2022\/08\/tulio-faria.jpg","contentUrl":"https:\/\/digital58.com.ve\/site\/wp-content\/uploads\/2022\/08\/tulio-faria.jpg","width":772,"height":510},{"@type":"BreadcrumbList","@id":"https:\/\/digital58.com.ve\/site\/2022\/08\/29\/zulia-detenido-presunto-responsable-del-arrollamiento-de-jose-antonio-mayor\/#breadcrumb","itemListElement":[{"@type":"ListItem","position":1,"name":"Home","item":"https:\/\/digital58.com.ve\/site\/"},{"@type":"ListItem","position":2,"name":"#Zulia | Detenido presunto responsable del arrollamiento de Jos\u00e9 Antonio Mayor"}]},{"@type":"WebSite","@id":"https:\/\/digital58.com.ve\/site\/#website","url":"https:\/\/digital58.com.ve\/site\/","name":"Noticias Digital58","description":"Portal de Noticias \u00a1Periodismo web de verdad! Lanzamiento web 22.11.2005 \/ Maracaibo, Venezuela","publisher":{"@id":"https:\/\/digital58.com.ve\/site\/#\/schema\/person\/64d1c2e4d0d4fd1b849980c4331c2951"},"alternateName":"ND58","potentialAction":[{"@type":"SearchAction","target":{"@type":"EntryPoint","urlTemplate":"https:\/\/digital58.com.ve\/site\/?s={search_term_string}"},"query-input":{"@type":"PropertyValueSpecification","valueRequired":true,"valueName":"search_term_string"}}],"inLanguage":"es"},{"@type":["Person","Organization"],"@id":"https:\/\/digital58.com.ve\/site\/#\/schema\/person\/64d1c2e4d0d4fd1b849980c4331c2951","name":"Villasmil Henry","image":{"@type":"ImageObject","inLanguage":"es","@id":"https:\/\/secure.gravatar.com\/avatar\/bb0c4a2fcb7970138239f7e404ea75757b1b507b28b5ce4c53fbd62d797c5a7c?s=96&d=mm&r=g","url":"https:\/\/secure.gravatar.com\/avatar\/bb0c4a2fcb7970138239f7e404ea75757b1b507b28b5ce4c53fbd62d797c5a7c?s=96&d=mm&r=g","contentUrl":"https:\/\/secure.gravatar.com\/avatar\/bb0c4a2fcb7970138239f7e404ea75757b1b507b28b5ce4c53fbd62d797c5a7c?s=96&d=mm&r=g","caption":"Villasmil Henry"},"logo":{"@id":"https:\/\/secure.gravatar.com\/avatar\/bb0c4a2fcb7970138239f7e404ea75757b1b507b28b5ce4c53fbd62d797c5a7c?s=96&d=mm&r=g"},"sameAs":["http:\/\/www.henryvillasmil.com.ve","https:\/\/www.instagram.com\/villasmilhfoto\/","https:\/\/x.com\/https:\/\/twitter.com\/villasmilhfoto"],"url":"https:\/\/digital58.com.ve\/site\/author\/droopy_68\/"}]}},"uagb_featured_image_src":{"full":["https:\/\/digital58.com.ve\/site\/wp-content\/uploads\/2022\/08\/tulio-faria.jpg",772,510,false],"thumbnail":["https:\/\/digital58.com.ve\/site\/wp-content\/uploads\/2022\/08\/tulio-faria-150x150.jpg",150,150,true],"medium":["https:\/\/digital58.com.ve\/site\/wp-content\/uploads\/2022\/08\/tulio-faria-300x198.jpg",300,198,true],"medium_large":["https:\/\/digital58.com.ve\/site\/wp-content\/uploads\/2022\/08\/tulio-faria-768x507.jpg",768,507,true],"large":["https:\/\/digital58.com.ve\/site\/wp-content\/uploads\/2022\/08\/tulio-faria.jpg",772,510,false],"1536x1536":["https:\/\/digital58.com.ve\/site\/wp-content\/uploads\/2022\/08\/tulio-faria.jpg",772,510,false],"2048x2048":["https:\/\/digital58.com.ve\/site\/wp-content\/uploads\/2022\/08\/tulio-faria.jpg",772,510,false],"colormag-highlighted-post":["https:\/\/digital58.com.ve\/site\/wp-content\/uploads\/2022\/08\/tulio-faria-392x272.jpg",392,272,true],"colormag-featured-post-medium":["https:\/\/digital58.com.ve\/site\/wp-content\/uploads\/2022\/08\/tulio-faria-390x205.jpg",390,205,true],"colormag-featured-post-small":["https:\/\/digital58.com.ve\/site\/wp-content\/uploads\/2022\/08\/tulio-faria-130x90.jpg",130,90,true],"colormag-featured-image":["https:\/\/digital58.com.ve\/site\/wp-content\/uploads\/2022\/08\/tulio-faria-772x445.jpg",772,445,true],"colormag-default-news":["https:\/\/digital58.com.ve\/site\/wp-content\/uploads\/2022\/08\/tulio-faria.jpg",150,99,false],"colormag-featured-image-large":["https:\/\/digital58.com.ve\/site\/wp-content\/uploads\/2022\/08\/tulio-faria.jpg",772,510,false]},"uagb_author_info":{"display_name":"Villasmil Henry","author_link":"https:\/\/digital58.com.ve\/site\/author\/droopy_68\/"},"uagb_comment_info":0,"uagb_excerpt":"El arrollamiento de Jos\u00e9 Antonio Mayor ocurri\u00f3 el pasado 8 de julio en la avenida Fuerzas Armadas de Maracaibo frente","_links":{"self":[{"href":"https:\/\/digital58.com.ve\/site\/wp-json\/wp\/v2\/posts\/155772","targetHints":{"allow":["GET"]}}],"collection":[{"href":"https:\/\/digital58.com.ve\/site\/wp-json\/wp\/v2\/posts"}],"about":[{"href":"https:\/\/digital58.com.ve\/site\/wp-json\/wp\/v2\/types\/post"}],"author":[{"embeddable":true,"href":"https:\/\/digital58.com.ve\/site\/wp-json\/wp\/v2\/users\/1"}],"replies":[{"embeddable":true,"href":"https:\/\/digital58.com.ve\/site\/wp-json\/wp\/v2\/comments?post=155772"}],"version-history":[{"count":0,"href":"https:\/\/digital58.com.ve\/site\/wp-json\/wp\/v2\/posts\/155772\/revisions"}],"wp:featuredmedia":[{"embeddable":true,"href":"https:\/\/digital58.com.ve\/site\/wp-json\/wp\/v2\/media\/155773"}],"wp:attachment":[{"href":"https:\/\/digital58.com.ve\/site\/wp-json\/wp\/v2\/media?parent=155772"}],"wp:term":[{"taxonomy":"category","embeddable":true,"href":"https:\/\/digital58.com.ve\/site\/wp-json\/wp\/v2\/categories?post=155772"},{"taxonomy":"post_tag","embeddable":true,"href":"https:\/\/digital58.com.ve\/site\/wp-json\/wp\/v2\/tags?post=155772"}],"curies":[{"name":"wp","href":"https:\/\/api.w.org\/{rel}","templated":true}]}}