{"id":155813,"date":"2022-08-31T10:43:56","date_gmt":"2022-08-31T14:43:56","guid":{"rendered":"https:\/\/digital58.com.ve\/site\/?p=155813"},"modified":"2022-08-31T10:43:56","modified_gmt":"2022-08-31T14:43:56","slug":"fundacion-empresas-polar-organiza-la-2a-edicion-del-ciclo-de-conferencias-regreso-a-clases","status":"publish","type":"post","link":"https:\/\/digital58.com.ve\/site\/2022\/08\/31\/fundacion-empresas-polar-organiza-la-2a-edicion-del-ciclo-de-conferencias-regreso-a-clases\/","title":{"rendered":"Fundaci\u00f3n Empresas Polar organiza la 2\u00aa edici\u00f3n del ciclo de conferencias \u00abRegreso a clases\u00bb"},"content":{"rendered":"<p><a href=\"https:\/\/digital58.com.ve\/site\/wp-content\/uploads\/2022\/08\/fundacion-polar.jpg\"><img loading=\"lazy\" decoding=\"async\" class=\"aligncenter size-full wp-image-155815\" src=\"https:\/\/digital58.com.ve\/site\/wp-content\/uploads\/2022\/08\/fundacion-polar.jpg\" alt=\"\" width=\"900\" height=\"622\" srcset=\"https:\/\/digital58.com.ve\/site\/wp-content\/uploads\/2022\/08\/fundacion-polar.jpg 900w, https:\/\/digital58.com.ve\/site\/wp-content\/uploads\/2022\/08\/fundacion-polar-300x207.jpg 300w, https:\/\/digital58.com.ve\/site\/wp-content\/uploads\/2022\/08\/fundacion-polar-768x531.jpg 768w, https:\/\/digital58.com.ve\/site\/wp-content\/uploads\/2022\/08\/fundacion-polar-392x272.jpg 392w, https:\/\/digital58.com.ve\/site\/wp-content\/uploads\/2022\/08\/fundacion-polar-130x90.jpg 130w\" sizes=\"auto, (max-width: 900px) 100vw, 900px\" \/><\/a><\/p>\n<p>Las sesiones se transmitir\u00e1n en vivo por YouTube, los martes y jueves de septiembre, a las tres de la tarde.<\/p>\n<p><strong>Caracas, DC, Venezuela, 31 de agosto de 2022 (ND58).-<\/strong> En el marco de la celebraci\u00f3n de su 45\u00b0 aniversario, Fundaci\u00f3n Empresas Polar contin\u00faa acompa\u00f1ando a las comunidades y contribuyendo con la educaci\u00f3n en Venezuela. Por esta raz\u00f3n, la instituci\u00f3n llevar\u00e1 a cabo desde el 6 hasta el 29 de septiembre la segunda edici\u00f3n del ciclo de conferencias \u00abRegreso a clases\u00bb, en el que compartir\u00e1 herramientas de inter\u00e9s con la comunidad educativa para el periodo escolar 2022-2023.<\/p>\n<p>En esta oportunidad, el tema central de las charlas estar\u00e1 orientado a la importancia de reconocer y actuar frente a la violencia escolar.<\/p>\n<p>Para ello, en el despliegue de cada contenido, Fundaci\u00f3n Empresas Polar contar\u00e1 con especialistas aliados, entre ellos Motivapp, el Centro de Atenci\u00f3n Nutricional Infantil Ant\u00edmano (Cania), la Fundaci\u00f3n Mano Amiga, el Instituto Mead, la Universidad Cat\u00f3lica Andr\u00e9s Bello (UCAB), la Asociaci\u00f3n Venezolana para una Educaci\u00f3n Sexual Alternativa (Avesa) y la organizaci\u00f3n Centros Comunitarios de Aprendizaje (Cecodap).<\/p>\n<p>Desde su primera edici\u00f3n, este ciclo de conferencias se ha basado en el trabajo colaborativo y las alianzas entre organizaciones que poseen el compromiso, la experiencia y la informaci\u00f3n de valor para propiciar el mejor regreso a clases.<\/p>\n<p>En esta ocasi\u00f3n tambi\u00e9n estar\u00e1n presentes Ashoka y su programa de Escuelas Transformadoras, \u00c1gora de Venezuela, Fe y Alegr\u00eda, la Asociaci\u00f3n Venezolana de Educaci\u00f3n Cat\u00f3lica (AVEC) y el Centro de Innovaci\u00f3n Educativa de la UCAB (CIED).<\/p>\n<p><a href=\"https:\/\/digital58.com.ve\/site\/wp-content\/uploads\/2022\/08\/fundacion-polar-2.jpg\"><img loading=\"lazy\" decoding=\"async\" class=\"aligncenter size-full wp-image-155814\" src=\"https:\/\/digital58.com.ve\/site\/wp-content\/uploads\/2022\/08\/fundacion-polar-2.jpg\" alt=\"\" width=\"900\" height=\"621\" srcset=\"https:\/\/digital58.com.ve\/site\/wp-content\/uploads\/2022\/08\/fundacion-polar-2.jpg 900w, https:\/\/digital58.com.ve\/site\/wp-content\/uploads\/2022\/08\/fundacion-polar-2-300x207.jpg 300w, https:\/\/digital58.com.ve\/site\/wp-content\/uploads\/2022\/08\/fundacion-polar-2-768x530.jpg 768w, https:\/\/digital58.com.ve\/site\/wp-content\/uploads\/2022\/08\/fundacion-polar-2-130x90.jpg 130w\" sizes=\"auto, (max-width: 900px) 100vw, 900px\" \/><\/a><\/p>\n<p>\u00abCon la segunda edici\u00f3n de nuestro ciclo de conferencias titulado Regreso a clases, desde Fundaci\u00f3n Empresas Polar nos sentimos contentos por estar presentes un a\u00f1o m\u00e1s de la mano con la comunidad educativa venezolana, para tener el mejor retorno posible a las actividades escolares\u00bb, expres\u00f3 Virginia Villegas, gerente de Formulaci\u00f3n y Evaluaci\u00f3n de Proyectos de Fundaci\u00f3n Empresas Polar.<\/p>\n<p>La vocera coment\u00f3 que, a partir del 6 de septiembre, cada martes y jueves del mes, a las tres de la tarde, se realizar\u00e1 una charla con informaci\u00f3n de inter\u00e9s relacionada con temas determinantes para el sano desarrollo de los ni\u00f1os y j\u00f3venes en las escuelas, como la salud mental y las distintas aristas de la violencia escolar.<\/p>\n<p>\u00abBrindaremos siete conferencias y un importante conversatorio, en el que los propios ni\u00f1os y adolescentes, quienes son los verdaderos protagonistas, se expresar\u00e1n y compartir\u00e1n sus experiencias, opiniones e inquietudes sobre estos temas\u00bb, dijo Villegas.<\/p>\n<p>Las conferencias se har\u00e1n presencialmente en el auditorio del edificio Fundaci\u00f3n Empresas Polar en Caracas y se transmitir\u00e1n en directo a trav\u00e9s del canal Empresas Polar Oficial en YouTube, donde quedar\u00e1n disponibles para futuras consultas. Tambi\u00e9n se podr\u00e1n sintonizar mediante Radio Fe y Alegr\u00eda, Noticias Venezuela y la emisora digital Radio Comunidad. En esta \u00faltima habr\u00e1 retransmisi\u00f3n los s\u00e1bados a las ocho de la ma\u00f1ana.<\/p>\n<p>Para conocer m\u00e1s sobre cada una de las conferencias y profundizar en el cronograma de Regreso a clases, se invita a ingresar a las cuentas en redes sociales de @EmpresasPolar.<\/p>\n<p><strong>Redacci\u00f3n ND58 | Fuente: NDP<\/strong><br \/>\n<strong>Edici\u00f3n: Villasmil, Henry<\/strong><br \/>\n<strong>Gr\u00e1fica: Cortes\u00eda<\/strong><\/p>\n<p>&nbsp;<\/p><div class=\"retzu69edaf8a91fd2\" ><p style=\"text-align: center;\"><a href=\"https:\/\/t.me\/noticiasdigital58\" target=\"_blank\" rel=\"noopener\"><img class=\"aligncenter size-full wp-image-125363\" src=\"https:\/\/digital58.com.ve\/site\/wp-content\/uploads\/2021\/04\/banner-telegram-web-2021.png\" alt=\"\" width=\"600\" height=\"90\" \/><\/a><\/p><\/div><style type=\"text\/css\">\r\n@media screen and (min-width: 1201px) {\r\n.retzu69edaf8a91fd2 {\r\ndisplay: block;\r\n}\r\n}\r\n@media screen and (min-width: 993px) and (max-width: 1200px) {\r\n.retzu69edaf8a91fd2 {\r\ndisplay: block;\r\n}\r\n}\r\n@media screen and (min-width: 769px) and (max-width: 992px) {\r\n.retzu69edaf8a91fd2 {\r\ndisplay: block;\r\n}\r\n}\r\n@media screen and (min-width: 768px) and (max-width: 768px) {\r\n.retzu69edaf8a91fd2 {\r\ndisplay: block;\r\n}\r\n}\r\n@media screen and (max-width: 767px) {\r\n.retzu69edaf8a91fd2 {\r\ndisplay: block;\r\n}\r\n}\r\n<\/style>\r\n\n<p>&nbsp;<\/p>\n<div style=\"margin-top: 0px; margin-bottom: 0px;\" class=\"sharethis-inline-share-buttons\" ><\/div>","protected":false},"excerpt":{"rendered":"<p>Las sesiones se transmitir\u00e1n en vivo por YouTube, los martes y jueves de septiembre, a las tres de la tarde.<\/p>\n","protected":false},"author":1,"featured_media":155814,"comment_status":"open","ping_status":"closed","sticky":false,"template":"","format":"standard","meta":{"colormag_page_container_layout":"default_layout","colormag_page_sidebar_layout":"default_layout","_uag_custom_page_level_css":"","footnotes":""},"categories":[8608],"tags":[29110,29,347,535,6860,233,9554,32,29111,379],"class_list":["post-155813","post","type-post","status-publish","format-standard","has-post-thumbnail","hentry","category-reportajes-especiales","tag-cania","tag-caracas","tag-conferencias","tag-formacion-y-talleres","tag-fundacion-empresas-polar","tag-nacionales","tag-regreso-a-clases","tag-venezuela","tag-virginia-villegas","tag-youtube"],"yoast_head":"<!-- This site is optimized with the Yoast SEO plugin v27.4 - https:\/\/yoast.com\/product\/yoast-seo-wordpress\/ -->\n<title>Fundaci\u00f3n Empresas Polar organiza la 2\u00aa edici\u00f3n del ciclo de conferencias \u00abRegreso a clases\u00bb<\/title>\n<meta name=\"robots\" content=\"index, follow, max-snippet:-1, max-image-preview:large, max-video-preview:-1\" \/>\n<link rel=\"canonical\" href=\"https:\/\/digital58.com.ve\/site\/2022\/08\/31\/fundacion-empresas-polar-organiza-la-2a-edicion-del-ciclo-de-conferencias-regreso-a-clases\/\" \/>\n<meta property=\"og:locale\" content=\"es_ES\" \/>\n<meta property=\"og:type\" content=\"article\" \/>\n<meta property=\"og:title\" content=\"Fundaci\u00f3n Empresas Polar organiza la 2\u00aa edici\u00f3n del ciclo de conferencias \u00abRegreso a clases\u00bb\" \/>\n<meta property=\"og:url\" content=\"https:\/\/digital58.com.ve\/site\/2022\/08\/31\/fundacion-empresas-polar-organiza-la-2a-edicion-del-ciclo-de-conferencias-regreso-a-clases\/\" \/>\n<meta property=\"og:site_name\" content=\"Noticias Digital58\" \/>\n<meta property=\"article:published_time\" content=\"2022-08-31T14:43:56+00:00\" \/>\n<meta property=\"og:image\" content=\"https:\/\/digital58.com.ve\/site\/wp-content\/uploads\/2022\/08\/fundacion-polar-2.jpg\" \/>\n\t<meta property=\"og:image:width\" content=\"900\" \/>\n\t<meta property=\"og:image:height\" content=\"621\" \/>\n\t<meta property=\"og:image:type\" content=\"image\/jpeg\" \/>\n<meta name=\"author\" content=\"Villasmil Henry\" \/>\n<meta name=\"twitter:card\" content=\"summary_large_image\" \/>\n<meta name=\"twitter:creator\" content=\"@https:\/\/twitter.com\/villasmilhfoto\" \/>\n<meta name=\"twitter:site\" content=\"@villasmilhfoto\" \/>\n<meta name=\"twitter:label1\" content=\"Escrito por\" \/>\n\t<meta name=\"twitter:data1\" content=\"Villasmil Henry\" \/>\n\t<meta name=\"twitter:label2\" content=\"Tiempo estimado de lectura\" \/>\n\t<meta name=\"twitter:data2\" content=\"3 minutos\" \/>\n<script type=\"application\/ld+json\" class=\"yoast-schema-graph\">{\"@context\":\"https:\\\/\\\/schema.org\",\"@graph\":[{\"@type\":\"Article\",\"@id\":\"https:\\\/\\\/digital58.com.ve\\\/site\\\/2022\\\/08\\\/31\\\/fundacion-empresas-polar-organiza-la-2a-edicion-del-ciclo-de-conferencias-regreso-a-clases\\\/#article\",\"isPartOf\":{\"@id\":\"https:\\\/\\\/digital58.com.ve\\\/site\\\/2022\\\/08\\\/31\\\/fundacion-empresas-polar-organiza-la-2a-edicion-del-ciclo-de-conferencias-regreso-a-clases\\\/\"},\"author\":{\"name\":\"Villasmil Henry\",\"@id\":\"https:\\\/\\\/digital58.com.ve\\\/site\\\/#\\\/schema\\\/person\\\/64d1c2e4d0d4fd1b849980c4331c2951\"},\"headline\":\"Fundaci\u00f3n Empresas Polar organiza la 2\u00aa edici\u00f3n del ciclo de conferencias \u00abRegreso a clases\u00bb\",\"datePublished\":\"2022-08-31T14:43:56+00:00\",\"mainEntityOfPage\":{\"@id\":\"https:\\\/\\\/digital58.com.ve\\\/site\\\/2022\\\/08\\\/31\\\/fundacion-empresas-polar-organiza-la-2a-edicion-del-ciclo-de-conferencias-regreso-a-clases\\\/\"},\"wordCount\":574,\"commentCount\":0,\"publisher\":{\"@id\":\"https:\\\/\\\/digital58.com.ve\\\/site\\\/#\\\/schema\\\/person\\\/64d1c2e4d0d4fd1b849980c4331c2951\"},\"image\":{\"@id\":\"https:\\\/\\\/digital58.com.ve\\\/site\\\/2022\\\/08\\\/31\\\/fundacion-empresas-polar-organiza-la-2a-edicion-del-ciclo-de-conferencias-regreso-a-clases\\\/#primaryimage\"},\"thumbnailUrl\":\"https:\\\/\\\/digital58.com.ve\\\/site\\\/wp-content\\\/uploads\\\/2022\\\/08\\\/fundacion-polar-2.jpg\",\"keywords\":[\"Cania\",\"Caracas\",\"Conferencias\",\"Formaci\u00f3n y Talleres\",\"Fundaci\u00f3n Empresas Polar\",\"Nacionales\",\"Regreso a Clases\",\"Venezuela\",\"Virginia Villegas\",\"YouTube\"],\"articleSection\":[\"Reportajes Especiales\"],\"inLanguage\":\"es\",\"potentialAction\":[{\"@type\":\"CommentAction\",\"name\":\"Comment\",\"target\":[\"https:\\\/\\\/digital58.com.ve\\\/site\\\/2022\\\/08\\\/31\\\/fundacion-empresas-polar-organiza-la-2a-edicion-del-ciclo-de-conferencias-regreso-a-clases\\\/#respond\"]}]},{\"@type\":\"WebPage\",\"@id\":\"https:\\\/\\\/digital58.com.ve\\\/site\\\/2022\\\/08\\\/31\\\/fundacion-empresas-polar-organiza-la-2a-edicion-del-ciclo-de-conferencias-regreso-a-clases\\\/\",\"url\":\"https:\\\/\\\/digital58.com.ve\\\/site\\\/2022\\\/08\\\/31\\\/fundacion-empresas-polar-organiza-la-2a-edicion-del-ciclo-de-conferencias-regreso-a-clases\\\/\",\"name\":\"Fundaci\u00f3n Empresas Polar organiza la 2\u00aa edici\u00f3n del ciclo de conferencias \u00abRegreso a clases\u00bb\",\"isPartOf\":{\"@id\":\"https:\\\/\\\/digital58.com.ve\\\/site\\\/#website\"},\"primaryImageOfPage\":{\"@id\":\"https:\\\/\\\/digital58.com.ve\\\/site\\\/2022\\\/08\\\/31\\\/fundacion-empresas-polar-organiza-la-2a-edicion-del-ciclo-de-conferencias-regreso-a-clases\\\/#primaryimage\"},\"image\":{\"@id\":\"https:\\\/\\\/digital58.com.ve\\\/site\\\/2022\\\/08\\\/31\\\/fundacion-empresas-polar-organiza-la-2a-edicion-del-ciclo-de-conferencias-regreso-a-clases\\\/#primaryimage\"},\"thumbnailUrl\":\"https:\\\/\\\/digital58.com.ve\\\/site\\\/wp-content\\\/uploads\\\/2022\\\/08\\\/fundacion-polar-2.jpg\",\"datePublished\":\"2022-08-31T14:43:56+00:00\",\"breadcrumb\":{\"@id\":\"https:\\\/\\\/digital58.com.ve\\\/site\\\/2022\\\/08\\\/31\\\/fundacion-empresas-polar-organiza-la-2a-edicion-del-ciclo-de-conferencias-regreso-a-clases\\\/#breadcrumb\"},\"inLanguage\":\"es\",\"potentialAction\":[{\"@type\":\"ReadAction\",\"target\":[\"https:\\\/\\\/digital58.com.ve\\\/site\\\/2022\\\/08\\\/31\\\/fundacion-empresas-polar-organiza-la-2a-edicion-del-ciclo-de-conferencias-regreso-a-clases\\\/\"]}]},{\"@type\":\"ImageObject\",\"inLanguage\":\"es\",\"@id\":\"https:\\\/\\\/digital58.com.ve\\\/site\\\/2022\\\/08\\\/31\\\/fundacion-empresas-polar-organiza-la-2a-edicion-del-ciclo-de-conferencias-regreso-a-clases\\\/#primaryimage\",\"url\":\"https:\\\/\\\/digital58.com.ve\\\/site\\\/wp-content\\\/uploads\\\/2022\\\/08\\\/fundacion-polar-2.jpg\",\"contentUrl\":\"https:\\\/\\\/digital58.com.ve\\\/site\\\/wp-content\\\/uploads\\\/2022\\\/08\\\/fundacion-polar-2.jpg\",\"width\":900,\"height\":621},{\"@type\":\"BreadcrumbList\",\"@id\":\"https:\\\/\\\/digital58.com.ve\\\/site\\\/2022\\\/08\\\/31\\\/fundacion-empresas-polar-organiza-la-2a-edicion-del-ciclo-de-conferencias-regreso-a-clases\\\/#breadcrumb\",\"itemListElement\":[{\"@type\":\"ListItem\",\"position\":1,\"name\":\"Home\",\"item\":\"https:\\\/\\\/digital58.com.ve\\\/site\\\/\"},{\"@type\":\"ListItem\",\"position\":2,\"name\":\"Fundaci\u00f3n Empresas Polar organiza la 2\u00aa edici\u00f3n del ciclo de conferencias \u00abRegreso a clases\u00bb\"}]},{\"@type\":\"WebSite\",\"@id\":\"https:\\\/\\\/digital58.com.ve\\\/site\\\/#website\",\"url\":\"https:\\\/\\\/digital58.com.ve\\\/site\\\/\",\"name\":\"Noticias Digital58\",\"description\":\"Portal de Noticias \u00a1Periodismo web de verdad! Lanzamiento web 22.11.2005 \\\/ Maracaibo, Venezuela\",\"publisher\":{\"@id\":\"https:\\\/\\\/digital58.com.ve\\\/site\\\/#\\\/schema\\\/person\\\/64d1c2e4d0d4fd1b849980c4331c2951\"},\"alternateName\":\"ND58\",\"potentialAction\":[{\"@type\":\"SearchAction\",\"target\":{\"@type\":\"EntryPoint\",\"urlTemplate\":\"https:\\\/\\\/digital58.com.ve\\\/site\\\/?s={search_term_string}\"},\"query-input\":{\"@type\":\"PropertyValueSpecification\",\"valueRequired\":true,\"valueName\":\"search_term_string\"}}],\"inLanguage\":\"es\"},{\"@type\":[\"Person\",\"Organization\"],\"@id\":\"https:\\\/\\\/digital58.com.ve\\\/site\\\/#\\\/schema\\\/person\\\/64d1c2e4d0d4fd1b849980c4331c2951\",\"name\":\"Villasmil Henry\",\"image\":{\"@type\":\"ImageObject\",\"inLanguage\":\"es\",\"@id\":\"https:\\\/\\\/secure.gravatar.com\\\/avatar\\\/bb0c4a2fcb7970138239f7e404ea75757b1b507b28b5ce4c53fbd62d797c5a7c?s=96&d=mm&r=g\",\"url\":\"https:\\\/\\\/secure.gravatar.com\\\/avatar\\\/bb0c4a2fcb7970138239f7e404ea75757b1b507b28b5ce4c53fbd62d797c5a7c?s=96&d=mm&r=g\",\"contentUrl\":\"https:\\\/\\\/secure.gravatar.com\\\/avatar\\\/bb0c4a2fcb7970138239f7e404ea75757b1b507b28b5ce4c53fbd62d797c5a7c?s=96&d=mm&r=g\",\"caption\":\"Villasmil Henry\"},\"logo\":{\"@id\":\"https:\\\/\\\/secure.gravatar.com\\\/avatar\\\/bb0c4a2fcb7970138239f7e404ea75757b1b507b28b5ce4c53fbd62d797c5a7c?s=96&d=mm&r=g\"},\"sameAs\":[\"http:\\\/\\\/www.henryvillasmil.com.ve\",\"https:\\\/\\\/www.instagram.com\\\/villasmilhfoto\\\/\",\"https:\\\/\\\/x.com\\\/https:\\\/\\\/twitter.com\\\/villasmilhfoto\"],\"url\":\"https:\\\/\\\/digital58.com.ve\\\/site\\\/author\\\/droopy_68\\\/\"}]}<\/script>\n<!-- \/ Yoast SEO plugin. -->","yoast_head_json":{"title":"Fundaci\u00f3n Empresas Polar organiza la 2\u00aa edici\u00f3n del ciclo de conferencias \u00abRegreso a clases\u00bb","robots":{"index":"index","follow":"follow","max-snippet":"max-snippet:-1","max-image-preview":"max-image-preview:large","max-video-preview":"max-video-preview:-1"},"canonical":"https:\/\/digital58.com.ve\/site\/2022\/08\/31\/fundacion-empresas-polar-organiza-la-2a-edicion-del-ciclo-de-conferencias-regreso-a-clases\/","og_locale":"es_ES","og_type":"article","og_title":"Fundaci\u00f3n Empresas Polar organiza la 2\u00aa edici\u00f3n del ciclo de conferencias \u00abRegreso a clases\u00bb","og_url":"https:\/\/digital58.com.ve\/site\/2022\/08\/31\/fundacion-empresas-polar-organiza-la-2a-edicion-del-ciclo-de-conferencias-regreso-a-clases\/","og_site_name":"Noticias Digital58","article_published_time":"2022-08-31T14:43:56+00:00","og_image":[{"width":900,"height":621,"url":"https:\/\/digital58.com.ve\/site\/wp-content\/uploads\/2022\/08\/fundacion-polar-2.jpg","type":"image\/jpeg"}],"author":"Villasmil Henry","twitter_card":"summary_large_image","twitter_creator":"@https:\/\/twitter.com\/villasmilhfoto","twitter_site":"@villasmilhfoto","twitter_misc":{"Escrito por":"Villasmil Henry","Tiempo estimado de lectura":"3 minutos"},"schema":{"@context":"https:\/\/schema.org","@graph":[{"@type":"Article","@id":"https:\/\/digital58.com.ve\/site\/2022\/08\/31\/fundacion-empresas-polar-organiza-la-2a-edicion-del-ciclo-de-conferencias-regreso-a-clases\/#article","isPartOf":{"@id":"https:\/\/digital58.com.ve\/site\/2022\/08\/31\/fundacion-empresas-polar-organiza-la-2a-edicion-del-ciclo-de-conferencias-regreso-a-clases\/"},"author":{"name":"Villasmil Henry","@id":"https:\/\/digital58.com.ve\/site\/#\/schema\/person\/64d1c2e4d0d4fd1b849980c4331c2951"},"headline":"Fundaci\u00f3n Empresas Polar organiza la 2\u00aa edici\u00f3n del ciclo de conferencias \u00abRegreso a clases\u00bb","datePublished":"2022-08-31T14:43:56+00:00","mainEntityOfPage":{"@id":"https:\/\/digital58.com.ve\/site\/2022\/08\/31\/fundacion-empresas-polar-organiza-la-2a-edicion-del-ciclo-de-conferencias-regreso-a-clases\/"},"wordCount":574,"commentCount":0,"publisher":{"@id":"https:\/\/digital58.com.ve\/site\/#\/schema\/person\/64d1c2e4d0d4fd1b849980c4331c2951"},"image":{"@id":"https:\/\/digital58.com.ve\/site\/2022\/08\/31\/fundacion-empresas-polar-organiza-la-2a-edicion-del-ciclo-de-conferencias-regreso-a-clases\/#primaryimage"},"thumbnailUrl":"https:\/\/digital58.com.ve\/site\/wp-content\/uploads\/2022\/08\/fundacion-polar-2.jpg","keywords":["Cania","Caracas","Conferencias","Formaci\u00f3n y Talleres","Fundaci\u00f3n Empresas Polar","Nacionales","Regreso a Clases","Venezuela","Virginia Villegas","YouTube"],"articleSection":["Reportajes Especiales"],"inLanguage":"es","potentialAction":[{"@type":"CommentAction","name":"Comment","target":["https:\/\/digital58.com.ve\/site\/2022\/08\/31\/fundacion-empresas-polar-organiza-la-2a-edicion-del-ciclo-de-conferencias-regreso-a-clases\/#respond"]}]},{"@type":"WebPage","@id":"https:\/\/digital58.com.ve\/site\/2022\/08\/31\/fundacion-empresas-polar-organiza-la-2a-edicion-del-ciclo-de-conferencias-regreso-a-clases\/","url":"https:\/\/digital58.com.ve\/site\/2022\/08\/31\/fundacion-empresas-polar-organiza-la-2a-edicion-del-ciclo-de-conferencias-regreso-a-clases\/","name":"Fundaci\u00f3n Empresas Polar organiza la 2\u00aa edici\u00f3n del ciclo de conferencias \u00abRegreso a clases\u00bb","isPartOf":{"@id":"https:\/\/digital58.com.ve\/site\/#website"},"primaryImageOfPage":{"@id":"https:\/\/digital58.com.ve\/site\/2022\/08\/31\/fundacion-empresas-polar-organiza-la-2a-edicion-del-ciclo-de-conferencias-regreso-a-clases\/#primaryimage"},"image":{"@id":"https:\/\/digital58.com.ve\/site\/2022\/08\/31\/fundacion-empresas-polar-organiza-la-2a-edicion-del-ciclo-de-conferencias-regreso-a-clases\/#primaryimage"},"thumbnailUrl":"https:\/\/digital58.com.ve\/site\/wp-content\/uploads\/2022\/08\/fundacion-polar-2.jpg","datePublished":"2022-08-31T14:43:56+00:00","breadcrumb":{"@id":"https:\/\/digital58.com.ve\/site\/2022\/08\/31\/fundacion-empresas-polar-organiza-la-2a-edicion-del-ciclo-de-conferencias-regreso-a-clases\/#breadcrumb"},"inLanguage":"es","potentialAction":[{"@type":"ReadAction","target":["https:\/\/digital58.com.ve\/site\/2022\/08\/31\/fundacion-empresas-polar-organiza-la-2a-edicion-del-ciclo-de-conferencias-regreso-a-clases\/"]}]},{"@type":"ImageObject","inLanguage":"es","@id":"https:\/\/digital58.com.ve\/site\/2022\/08\/31\/fundacion-empresas-polar-organiza-la-2a-edicion-del-ciclo-de-conferencias-regreso-a-clases\/#primaryimage","url":"https:\/\/digital58.com.ve\/site\/wp-content\/uploads\/2022\/08\/fundacion-polar-2.jpg","contentUrl":"https:\/\/digital58.com.ve\/site\/wp-content\/uploads\/2022\/08\/fundacion-polar-2.jpg","width":900,"height":621},{"@type":"BreadcrumbList","@id":"https:\/\/digital58.com.ve\/site\/2022\/08\/31\/fundacion-empresas-polar-organiza-la-2a-edicion-del-ciclo-de-conferencias-regreso-a-clases\/#breadcrumb","itemListElement":[{"@type":"ListItem","position":1,"name":"Home","item":"https:\/\/digital58.com.ve\/site\/"},{"@type":"ListItem","position":2,"name":"Fundaci\u00f3n Empresas Polar organiza la 2\u00aa edici\u00f3n del ciclo de conferencias \u00abRegreso a clases\u00bb"}]},{"@type":"WebSite","@id":"https:\/\/digital58.com.ve\/site\/#website","url":"https:\/\/digital58.com.ve\/site\/","name":"Noticias Digital58","description":"Portal de Noticias \u00a1Periodismo web de verdad! Lanzamiento web 22.11.2005 \/ Maracaibo, Venezuela","publisher":{"@id":"https:\/\/digital58.com.ve\/site\/#\/schema\/person\/64d1c2e4d0d4fd1b849980c4331c2951"},"alternateName":"ND58","potentialAction":[{"@type":"SearchAction","target":{"@type":"EntryPoint","urlTemplate":"https:\/\/digital58.com.ve\/site\/?s={search_term_string}"},"query-input":{"@type":"PropertyValueSpecification","valueRequired":true,"valueName":"search_term_string"}}],"inLanguage":"es"},{"@type":["Person","Organization"],"@id":"https:\/\/digital58.com.ve\/site\/#\/schema\/person\/64d1c2e4d0d4fd1b849980c4331c2951","name":"Villasmil Henry","image":{"@type":"ImageObject","inLanguage":"es","@id":"https:\/\/secure.gravatar.com\/avatar\/bb0c4a2fcb7970138239f7e404ea75757b1b507b28b5ce4c53fbd62d797c5a7c?s=96&d=mm&r=g","url":"https:\/\/secure.gravatar.com\/avatar\/bb0c4a2fcb7970138239f7e404ea75757b1b507b28b5ce4c53fbd62d797c5a7c?s=96&d=mm&r=g","contentUrl":"https:\/\/secure.gravatar.com\/avatar\/bb0c4a2fcb7970138239f7e404ea75757b1b507b28b5ce4c53fbd62d797c5a7c?s=96&d=mm&r=g","caption":"Villasmil Henry"},"logo":{"@id":"https:\/\/secure.gravatar.com\/avatar\/bb0c4a2fcb7970138239f7e404ea75757b1b507b28b5ce4c53fbd62d797c5a7c?s=96&d=mm&r=g"},"sameAs":["http:\/\/www.henryvillasmil.com.ve","https:\/\/www.instagram.com\/villasmilhfoto\/","https:\/\/x.com\/https:\/\/twitter.com\/villasmilhfoto"],"url":"https:\/\/digital58.com.ve\/site\/author\/droopy_68\/"}]}},"uagb_featured_image_src":{"full":["https:\/\/digital58.com.ve\/site\/wp-content\/uploads\/2022\/08\/fundacion-polar-2.jpg",900,621,false],"thumbnail":["https:\/\/digital58.com.ve\/site\/wp-content\/uploads\/2022\/08\/fundacion-polar-2-150x150.jpg",150,150,true],"medium":["https:\/\/digital58.com.ve\/site\/wp-content\/uploads\/2022\/08\/fundacion-polar-2-300x207.jpg",300,207,true],"medium_large":["https:\/\/digital58.com.ve\/site\/wp-content\/uploads\/2022\/08\/fundacion-polar-2-768x530.jpg",768,530,true],"large":["https:\/\/digital58.com.ve\/site\/wp-content\/uploads\/2022\/08\/fundacion-polar-2.jpg",800,552,false],"1536x1536":["https:\/\/digital58.com.ve\/site\/wp-content\/uploads\/2022\/08\/fundacion-polar-2.jpg",900,621,false],"2048x2048":["https:\/\/digital58.com.ve\/site\/wp-content\/uploads\/2022\/08\/fundacion-polar-2.jpg",900,621,false],"colormag-highlighted-post":["https:\/\/digital58.com.ve\/site\/wp-content\/uploads\/2022\/08\/fundacion-polar-2-392x272.jpg",392,272,true],"colormag-featured-post-medium":["https:\/\/digital58.com.ve\/site\/wp-content\/uploads\/2022\/08\/fundacion-polar-2-390x205.jpg",390,205,true],"colormag-featured-post-small":["https:\/\/digital58.com.ve\/site\/wp-content\/uploads\/2022\/08\/fundacion-polar-2-130x90.jpg",130,90,true],"colormag-featured-image":["https:\/\/digital58.com.ve\/site\/wp-content\/uploads\/2022\/08\/fundacion-polar-2-800x445.jpg",800,445,true],"colormag-default-news":["https:\/\/digital58.com.ve\/site\/wp-content\/uploads\/2022\/08\/fundacion-polar-2.jpg",150,104,false],"colormag-featured-image-large":["https:\/\/digital58.com.ve\/site\/wp-content\/uploads\/2022\/08\/fundacion-polar-2.jpg",870,600,false]},"uagb_author_info":{"display_name":"Villasmil Henry","author_link":"https:\/\/digital58.com.ve\/site\/author\/droopy_68\/"},"uagb_comment_info":0,"uagb_excerpt":"Las sesiones se transmitir\u00e1n en vivo por YouTube, los martes y jueves de septiembre, a las tres de la tarde.","_links":{"self":[{"href":"https:\/\/digital58.com.ve\/site\/wp-json\/wp\/v2\/posts\/155813","targetHints":{"allow":["GET"]}}],"collection":[{"href":"https:\/\/digital58.com.ve\/site\/wp-json\/wp\/v2\/posts"}],"about":[{"href":"https:\/\/digital58.com.ve\/site\/wp-json\/wp\/v2\/types\/post"}],"author":[{"embeddable":true,"href":"https:\/\/digital58.com.ve\/site\/wp-json\/wp\/v2\/users\/1"}],"replies":[{"embeddable":true,"href":"https:\/\/digital58.com.ve\/site\/wp-json\/wp\/v2\/comments?post=155813"}],"version-history":[{"count":0,"href":"https:\/\/digital58.com.ve\/site\/wp-json\/wp\/v2\/posts\/155813\/revisions"}],"wp:featuredmedia":[{"embeddable":true,"href":"https:\/\/digital58.com.ve\/site\/wp-json\/wp\/v2\/media\/155814"}],"wp:attachment":[{"href":"https:\/\/digital58.com.ve\/site\/wp-json\/wp\/v2\/media?parent=155813"}],"wp:term":[{"taxonomy":"category","embeddable":true,"href":"https:\/\/digital58.com.ve\/site\/wp-json\/wp\/v2\/categories?post=155813"},{"taxonomy":"post_tag","embeddable":true,"href":"https:\/\/digital58.com.ve\/site\/wp-json\/wp\/v2\/tags?post=155813"}],"curies":[{"name":"wp","href":"https:\/\/api.w.org\/{rel}","templated":true}]}}