{"id":156228,"date":"2022-09-06T16:22:11","date_gmt":"2022-09-06T20:22:11","guid":{"rendered":"https:\/\/digital58.com.ve\/site\/?p=156228"},"modified":"2022-09-06T16:22:11","modified_gmt":"2022-09-06T20:22:11","slug":"sucesos-tulio-faria-acepto-los-cargos-que-le-imputo-el-ministerio-publico","status":"publish","type":"post","link":"https:\/\/digital58.com.ve\/site\/2022\/09\/06\/sucesos-tulio-faria-acepto-los-cargos-que-le-imputo-el-ministerio-publico\/","title":{"rendered":"#Sucesos | Tulio Far\u00eda acept\u00f3 los cargos que le imput\u00f3 el Ministerio P\u00fablico"},"content":{"rendered":"<p><img loading=\"lazy\" decoding=\"async\" class=\"alignnone size-full wp-image-155761\" src=\"https:\/\/digital58.com.ve\/site\/wp-content\/uploads\/2022\/08\/Jose-Antonio-Mayor-Delgado.jpg\" alt=\"\" width=\"900\" height=\"517\" srcset=\"https:\/\/digital58.com.ve\/site\/wp-content\/uploads\/2022\/08\/Jose-Antonio-Mayor-Delgado.jpg 900w, https:\/\/digital58.com.ve\/site\/wp-content\/uploads\/2022\/08\/Jose-Antonio-Mayor-Delgado-300x172.jpg 300w, https:\/\/digital58.com.ve\/site\/wp-content\/uploads\/2022\/08\/Jose-Antonio-Mayor-Delgado-768x441.jpg 768w\" sizes=\"auto, (max-width: 900px) 100vw, 900px\" \/><\/p>\n<p>El joven mec\u00e1nico y deportista zuliano, fue arrollado el 8 de julio en la avenida Fuerzas Armadas de Maracaibo y tres d\u00edas despu\u00e9s del accidente falleci\u00f3.<\/p>\n<p><strong>Maracaibo, Zulia 6 de septiembre de 2022(ND58)<\/strong> El medio digital El Pitazo inform\u00f3 que Tulio Far\u00eda Graterol acept\u00f3 los cargos que le imput\u00f3 el Ministerio P\u00fablico, tras el arrollamiento del j\u00f3ven Jos\u00e9 Antonio Mayor Delgado.<\/p>\n<p>El aleg\u00f3 ante la jueza y el fiscal que \u00abno hab\u00eda visto a la v\u00edctima cuando manejaba\u00bb, revel\u00f3 la fuente.<\/p>\n<p>La audiencia preliminar se realiz\u00f3 ante el Tribunal Sexto de Control del estado Zulia.<\/p>\n<p>Faria es se\u00f1alado por delito de homicidio intencional, a t\u00edtulo de dolo eventual, por omisi\u00f3n de auxilio al socorro.<\/p>\n<p>Se desconoce el paradero de Gabriela Chac\u00edn, conocida en redes como \u00abGaby Loops\u00bb: seg\u00fan public\u00f3 El Pitazo.<\/p>\n<p>La mencionada es propietaria del Honda Civic, color gris, con el que fue arrollado el joven Jos\u00e9 Mayor el pasado 8 de julio.<\/p>\n<p>La Fiscal\u00eda emiti\u00f3 una orden de captura en su contra por considerarla c\u00f3mplice de su esposo.<\/p>\n<p>Adem\u00e1s, es acusada de forjar un documento de compraventa del veh\u00edculo, que hab\u00eda ordenado a desaparecer su c\u00f3nyuge.<\/p>\n<p>Seg\u00fan la documentaci\u00f3n presentada por Chac\u00edn, el auto fue vendido presuntamente a un hombre de nombre Eleazar Salvador Iriarte Guasamucare.<\/p>\n<p>El mencionado tiene antecedentes penales por robo y estafa, seg\u00fan precis\u00f3 una fuente a El Pitazo.<\/p>\n<p>La direcci\u00f3n de Iriarte que aparece en el documento no es correcta, y en la notar\u00eda en la que presuntamente se legaliz\u00f3 la compraventa tampoco existe su registro.<\/p>\n<p><strong>Redacci\u00f3n: ND58\/ El Pitazo<\/strong><\/p>\n<p><strong>Edici\u00f3n: \u00c1\u00f1ez Caren<\/strong><\/p><div class=\"ykfyo69f4b3b66a781\" ><p style=\"text-align: center;\"><a href=\"https:\/\/t.me\/noticiasdigital58\" target=\"_blank\" rel=\"noopener\"><img class=\"aligncenter size-full wp-image-125363\" src=\"https:\/\/digital58.com.ve\/site\/wp-content\/uploads\/2021\/04\/banner-telegram-web-2021.png\" alt=\"\" width=\"600\" height=\"90\" \/><\/a><\/p><\/div><style type=\"text\/css\">\r\n@media screen and (min-width: 1201px) {\r\n.ykfyo69f4b3b66a781 {\r\ndisplay: block;\r\n}\r\n}\r\n@media screen and (min-width: 993px) and (max-width: 1200px) {\r\n.ykfyo69f4b3b66a781 {\r\ndisplay: block;\r\n}\r\n}\r\n@media screen and (min-width: 769px) and (max-width: 992px) {\r\n.ykfyo69f4b3b66a781 {\r\ndisplay: block;\r\n}\r\n}\r\n@media screen and (min-width: 768px) and (max-width: 768px) {\r\n.ykfyo69f4b3b66a781 {\r\ndisplay: block;\r\n}\r\n}\r\n@media screen and (max-width: 767px) {\r\n.ykfyo69f4b3b66a781 {\r\ndisplay: block;\r\n}\r\n}\r\n<\/style>\r\n\n<p><strong>Gr\u00e1ficas: Cortes\u00eda\u00a0<\/strong><\/p>\n<div style=\"margin-top: 0px; margin-bottom: 0px;\" class=\"sharethis-inline-share-buttons\" ><\/div>","protected":false},"excerpt":{"rendered":"<p>El joven mec\u00e1nico y deportista zuliano, fue arrollado el 8 de julio en la avenida Fuerzas Armadas de Maracaibo y<\/p>\n","protected":false},"author":39,"featured_media":155773,"comment_status":"open","ping_status":"closed","sticky":false,"template":"","format":"standard","meta":{"colormag_page_container_layout":"default_layout","colormag_page_sidebar_layout":"default_layout","_uag_custom_page_level_css":"","footnotes":""},"categories":[13765],"tags":[29129,29128,29130,73,4277,29100],"class_list":["post-156228","post","type-post","status-publish","format-standard","has-post-thumbnail","hentry","category-sucesos","tag-arrollado","tag-gaby-loops","tag-jose-mayor","tag-maracaibo","tag-sucesos","tag-tulio-farias"],"yoast_head":"<!-- This site is optimized with the Yoast SEO plugin v27.5 - https:\/\/yoast.com\/product\/yoast-seo-wordpress\/ -->\n<title>#Sucesos | Tulio Far\u00eda acept\u00f3 los cargos que le imput\u00f3 el Ministerio P\u00fablico<\/title>\n<meta name=\"description\" content=\"Sucesos\" \/>\n<meta name=\"robots\" content=\"index, follow, max-snippet:-1, max-image-preview:large, max-video-preview:-1\" \/>\n<link rel=\"canonical\" href=\"https:\/\/digital58.com.ve\/site\/2022\/09\/06\/sucesos-tulio-faria-acepto-los-cargos-que-le-imputo-el-ministerio-publico\/\" \/>\n<meta property=\"og:locale\" content=\"es_ES\" \/>\n<meta property=\"og:type\" content=\"article\" \/>\n<meta property=\"og:title\" content=\"#Sucesos | Tulio Far\u00eda acept\u00f3 los cargos que le imput\u00f3 el Ministerio P\u00fablico\" \/>\n<meta property=\"og:description\" content=\"Sucesos\" \/>\n<meta property=\"og:url\" content=\"https:\/\/digital58.com.ve\/site\/2022\/09\/06\/sucesos-tulio-faria-acepto-los-cargos-que-le-imputo-el-ministerio-publico\/\" \/>\n<meta property=\"og:site_name\" content=\"Noticias Digital58\" \/>\n<meta property=\"article:published_time\" content=\"2022-09-06T20:22:11+00:00\" \/>\n<meta property=\"og:image\" content=\"https:\/\/digital58.com.ve\/site\/wp-content\/uploads\/2022\/08\/tulio-faria.jpg\" \/>\n\t<meta property=\"og:image:width\" content=\"772\" \/>\n\t<meta property=\"og:image:height\" content=\"510\" \/>\n\t<meta property=\"og:image:type\" content=\"image\/jpeg\" \/>\n<meta name=\"author\" content=\"Caren A\u00f1ez\" \/>\n<meta name=\"twitter:card\" content=\"summary_large_image\" \/>\n<meta name=\"twitter:creator\" content=\"@carenanez\" \/>\n<meta name=\"twitter:site\" content=\"@villasmilhfoto\" \/>\n<meta name=\"twitter:label1\" content=\"Escrito por\" \/>\n\t<meta name=\"twitter:data1\" content=\"Caren A\u00f1ez\" \/>\n\t<meta name=\"twitter:label2\" content=\"Tiempo estimado de lectura\" \/>\n\t<meta name=\"twitter:data2\" content=\"2 minutos\" \/>\n<script type=\"application\/ld+json\" class=\"yoast-schema-graph\">{\"@context\":\"https:\\\/\\\/schema.org\",\"@graph\":[{\"@type\":\"Article\",\"@id\":\"https:\\\/\\\/digital58.com.ve\\\/site\\\/2022\\\/09\\\/06\\\/sucesos-tulio-faria-acepto-los-cargos-que-le-imputo-el-ministerio-publico\\\/#article\",\"isPartOf\":{\"@id\":\"https:\\\/\\\/digital58.com.ve\\\/site\\\/2022\\\/09\\\/06\\\/sucesos-tulio-faria-acepto-los-cargos-que-le-imputo-el-ministerio-publico\\\/\"},\"author\":{\"name\":\"Caren A\u00f1ez\",\"@id\":\"https:\\\/\\\/digital58.com.ve\\\/site\\\/#\\\/schema\\\/person\\\/38596b127602deaa13fbcd7585635238\"},\"headline\":\"#Sucesos | Tulio Far\u00eda acept\u00f3 los cargos que le imput\u00f3 el Ministerio P\u00fablico\",\"datePublished\":\"2022-09-06T20:22:11+00:00\",\"mainEntityOfPage\":{\"@id\":\"https:\\\/\\\/digital58.com.ve\\\/site\\\/2022\\\/09\\\/06\\\/sucesos-tulio-faria-acepto-los-cargos-que-le-imputo-el-ministerio-publico\\\/\"},\"wordCount\":301,\"commentCount\":0,\"publisher\":{\"@id\":\"https:\\\/\\\/digital58.com.ve\\\/site\\\/#\\\/schema\\\/person\\\/64d1c2e4d0d4fd1b849980c4331c2951\"},\"image\":{\"@id\":\"https:\\\/\\\/digital58.com.ve\\\/site\\\/2022\\\/09\\\/06\\\/sucesos-tulio-faria-acepto-los-cargos-que-le-imputo-el-ministerio-publico\\\/#primaryimage\"},\"thumbnailUrl\":\"https:\\\/\\\/digital58.com.ve\\\/site\\\/wp-content\\\/uploads\\\/2022\\\/08\\\/tulio-faria.jpg\",\"keywords\":[\"Arrollado\",\"Gaby loops\",\"Jos\u00e9 Mayor\",\"Maracaibo\",\"Sucesos\",\"Tulio Far\u00edas\"],\"articleSection\":[\"Sucesos\"],\"inLanguage\":\"es\",\"potentialAction\":[{\"@type\":\"CommentAction\",\"name\":\"Comment\",\"target\":[\"https:\\\/\\\/digital58.com.ve\\\/site\\\/2022\\\/09\\\/06\\\/sucesos-tulio-faria-acepto-los-cargos-que-le-imputo-el-ministerio-publico\\\/#respond\"]}]},{\"@type\":\"WebPage\",\"@id\":\"https:\\\/\\\/digital58.com.ve\\\/site\\\/2022\\\/09\\\/06\\\/sucesos-tulio-faria-acepto-los-cargos-que-le-imputo-el-ministerio-publico\\\/\",\"url\":\"https:\\\/\\\/digital58.com.ve\\\/site\\\/2022\\\/09\\\/06\\\/sucesos-tulio-faria-acepto-los-cargos-que-le-imputo-el-ministerio-publico\\\/\",\"name\":\"#Sucesos | Tulio Far\u00eda acept\u00f3 los cargos que le imput\u00f3 el Ministerio P\u00fablico\",\"isPartOf\":{\"@id\":\"https:\\\/\\\/digital58.com.ve\\\/site\\\/#website\"},\"primaryImageOfPage\":{\"@id\":\"https:\\\/\\\/digital58.com.ve\\\/site\\\/2022\\\/09\\\/06\\\/sucesos-tulio-faria-acepto-los-cargos-que-le-imputo-el-ministerio-publico\\\/#primaryimage\"},\"image\":{\"@id\":\"https:\\\/\\\/digital58.com.ve\\\/site\\\/2022\\\/09\\\/06\\\/sucesos-tulio-faria-acepto-los-cargos-que-le-imputo-el-ministerio-publico\\\/#primaryimage\"},\"thumbnailUrl\":\"https:\\\/\\\/digital58.com.ve\\\/site\\\/wp-content\\\/uploads\\\/2022\\\/08\\\/tulio-faria.jpg\",\"datePublished\":\"2022-09-06T20:22:11+00:00\",\"description\":\"Sucesos\",\"breadcrumb\":{\"@id\":\"https:\\\/\\\/digital58.com.ve\\\/site\\\/2022\\\/09\\\/06\\\/sucesos-tulio-faria-acepto-los-cargos-que-le-imputo-el-ministerio-publico\\\/#breadcrumb\"},\"inLanguage\":\"es\",\"potentialAction\":[{\"@type\":\"ReadAction\",\"target\":[\"https:\\\/\\\/digital58.com.ve\\\/site\\\/2022\\\/09\\\/06\\\/sucesos-tulio-faria-acepto-los-cargos-que-le-imputo-el-ministerio-publico\\\/\"]}]},{\"@type\":\"ImageObject\",\"inLanguage\":\"es\",\"@id\":\"https:\\\/\\\/digital58.com.ve\\\/site\\\/2022\\\/09\\\/06\\\/sucesos-tulio-faria-acepto-los-cargos-que-le-imputo-el-ministerio-publico\\\/#primaryimage\",\"url\":\"https:\\\/\\\/digital58.com.ve\\\/site\\\/wp-content\\\/uploads\\\/2022\\\/08\\\/tulio-faria.jpg\",\"contentUrl\":\"https:\\\/\\\/digital58.com.ve\\\/site\\\/wp-content\\\/uploads\\\/2022\\\/08\\\/tulio-faria.jpg\",\"width\":772,\"height\":510},{\"@type\":\"BreadcrumbList\",\"@id\":\"https:\\\/\\\/digital58.com.ve\\\/site\\\/2022\\\/09\\\/06\\\/sucesos-tulio-faria-acepto-los-cargos-que-le-imputo-el-ministerio-publico\\\/#breadcrumb\",\"itemListElement\":[{\"@type\":\"ListItem\",\"position\":1,\"name\":\"Home\",\"item\":\"https:\\\/\\\/digital58.com.ve\\\/site\\\/\"},{\"@type\":\"ListItem\",\"position\":2,\"name\":\"#Sucesos | Tulio Far\u00eda acept\u00f3 los cargos que le imput\u00f3 el Ministerio P\u00fablico\"}]},{\"@type\":\"WebSite\",\"@id\":\"https:\\\/\\\/digital58.com.ve\\\/site\\\/#website\",\"url\":\"https:\\\/\\\/digital58.com.ve\\\/site\\\/\",\"name\":\"Noticias Digital58\",\"description\":\"Portal de Noticias \u00a1Periodismo web de verdad! Lanzamiento web 22.11.2005 \\\/ Maracaibo, Venezuela\",\"publisher\":{\"@id\":\"https:\\\/\\\/digital58.com.ve\\\/site\\\/#\\\/schema\\\/person\\\/64d1c2e4d0d4fd1b849980c4331c2951\"},\"alternateName\":\"ND58\",\"potentialAction\":[{\"@type\":\"SearchAction\",\"target\":{\"@type\":\"EntryPoint\",\"urlTemplate\":\"https:\\\/\\\/digital58.com.ve\\\/site\\\/?s={search_term_string}\"},\"query-input\":{\"@type\":\"PropertyValueSpecification\",\"valueRequired\":true,\"valueName\":\"search_term_string\"}}],\"inLanguage\":\"es\"},{\"@type\":[\"Person\",\"Organization\"],\"@id\":\"https:\\\/\\\/digital58.com.ve\\\/site\\\/#\\\/schema\\\/person\\\/64d1c2e4d0d4fd1b849980c4331c2951\",\"name\":\"Villasmil Henry\",\"image\":{\"@type\":\"ImageObject\",\"inLanguage\":\"es\",\"@id\":\"https:\\\/\\\/secure.gravatar.com\\\/avatar\\\/bb0c4a2fcb7970138239f7e404ea75757b1b507b28b5ce4c53fbd62d797c5a7c?s=96&d=mm&r=g\",\"url\":\"https:\\\/\\\/secure.gravatar.com\\\/avatar\\\/bb0c4a2fcb7970138239f7e404ea75757b1b507b28b5ce4c53fbd62d797c5a7c?s=96&d=mm&r=g\",\"contentUrl\":\"https:\\\/\\\/secure.gravatar.com\\\/avatar\\\/bb0c4a2fcb7970138239f7e404ea75757b1b507b28b5ce4c53fbd62d797c5a7c?s=96&d=mm&r=g\",\"caption\":\"Villasmil Henry\"},\"logo\":{\"@id\":\"https:\\\/\\\/secure.gravatar.com\\\/avatar\\\/bb0c4a2fcb7970138239f7e404ea75757b1b507b28b5ce4c53fbd62d797c5a7c?s=96&d=mm&r=g\"},\"sameAs\":[\"http:\\\/\\\/www.henryvillasmil.com.ve\",\"https:\\\/\\\/www.instagram.com\\\/villasmilhfoto\\\/\",\"https:\\\/\\\/x.com\\\/https:\\\/\\\/twitter.com\\\/villasmilhfoto\"]},{\"@type\":\"Person\",\"@id\":\"https:\\\/\\\/digital58.com.ve\\\/site\\\/#\\\/schema\\\/person\\\/38596b127602deaa13fbcd7585635238\",\"name\":\"Caren A\u00f1ez\",\"image\":{\"@type\":\"ImageObject\",\"inLanguage\":\"es\",\"@id\":\"https:\\\/\\\/secure.gravatar.com\\\/avatar\\\/53aadd693aa414991c9ff2f2b19c39be94d2c342463b80f5402d344911bc9782?s=96&d=mm&r=g\",\"url\":\"https:\\\/\\\/secure.gravatar.com\\\/avatar\\\/53aadd693aa414991c9ff2f2b19c39be94d2c342463b80f5402d344911bc9782?s=96&d=mm&r=g\",\"contentUrl\":\"https:\\\/\\\/secure.gravatar.com\\\/avatar\\\/53aadd693aa414991c9ff2f2b19c39be94d2c342463b80f5402d344911bc9782?s=96&d=mm&r=g\",\"caption\":\"Caren A\u00f1ez\"},\"description\":\"\ud83d\udc69\u200d\ud83c\udfa4Editora en @digital_58 \ud83d\udc69\ud83c\udffb\u200d\ud83c\udfebPeriodista musical y de entretenimiento. \ud83d\udcf8Fotografa \ud83d\udc69\ud83c\udffb\u200d\ud83d\udcbbMedia Management. \ud83d\udc69\u200d\ud83d\udc67\u200d\ud83d\udc67AspieMon 24\\\/7\",\"sameAs\":[\"https:\\\/\\\/www.instagram.com\\\/carenanez\\\/\",\"https:\\\/\\\/x.com\\\/carenanez\"],\"url\":\"https:\\\/\\\/digital58.com.ve\\\/site\\\/author\\\/carena21\\\/\"}]}<\/script>\n<!-- \/ Yoast SEO plugin. -->","yoast_head_json":{"title":"#Sucesos | Tulio Far\u00eda acept\u00f3 los cargos que le imput\u00f3 el Ministerio P\u00fablico","description":"Sucesos","robots":{"index":"index","follow":"follow","max-snippet":"max-snippet:-1","max-image-preview":"max-image-preview:large","max-video-preview":"max-video-preview:-1"},"canonical":"https:\/\/digital58.com.ve\/site\/2022\/09\/06\/sucesos-tulio-faria-acepto-los-cargos-que-le-imputo-el-ministerio-publico\/","og_locale":"es_ES","og_type":"article","og_title":"#Sucesos | Tulio Far\u00eda acept\u00f3 los cargos que le imput\u00f3 el Ministerio P\u00fablico","og_description":"Sucesos","og_url":"https:\/\/digital58.com.ve\/site\/2022\/09\/06\/sucesos-tulio-faria-acepto-los-cargos-que-le-imputo-el-ministerio-publico\/","og_site_name":"Noticias Digital58","article_published_time":"2022-09-06T20:22:11+00:00","og_image":[{"width":772,"height":510,"url":"https:\/\/digital58.com.ve\/site\/wp-content\/uploads\/2022\/08\/tulio-faria.jpg","type":"image\/jpeg"}],"author":"Caren A\u00f1ez","twitter_card":"summary_large_image","twitter_creator":"@carenanez","twitter_site":"@villasmilhfoto","twitter_misc":{"Escrito por":"Caren A\u00f1ez","Tiempo estimado de lectura":"2 minutos"},"schema":{"@context":"https:\/\/schema.org","@graph":[{"@type":"Article","@id":"https:\/\/digital58.com.ve\/site\/2022\/09\/06\/sucesos-tulio-faria-acepto-los-cargos-que-le-imputo-el-ministerio-publico\/#article","isPartOf":{"@id":"https:\/\/digital58.com.ve\/site\/2022\/09\/06\/sucesos-tulio-faria-acepto-los-cargos-que-le-imputo-el-ministerio-publico\/"},"author":{"name":"Caren A\u00f1ez","@id":"https:\/\/digital58.com.ve\/site\/#\/schema\/person\/38596b127602deaa13fbcd7585635238"},"headline":"#Sucesos | Tulio Far\u00eda acept\u00f3 los cargos que le imput\u00f3 el Ministerio P\u00fablico","datePublished":"2022-09-06T20:22:11+00:00","mainEntityOfPage":{"@id":"https:\/\/digital58.com.ve\/site\/2022\/09\/06\/sucesos-tulio-faria-acepto-los-cargos-que-le-imputo-el-ministerio-publico\/"},"wordCount":301,"commentCount":0,"publisher":{"@id":"https:\/\/digital58.com.ve\/site\/#\/schema\/person\/64d1c2e4d0d4fd1b849980c4331c2951"},"image":{"@id":"https:\/\/digital58.com.ve\/site\/2022\/09\/06\/sucesos-tulio-faria-acepto-los-cargos-que-le-imputo-el-ministerio-publico\/#primaryimage"},"thumbnailUrl":"https:\/\/digital58.com.ve\/site\/wp-content\/uploads\/2022\/08\/tulio-faria.jpg","keywords":["Arrollado","Gaby loops","Jos\u00e9 Mayor","Maracaibo","Sucesos","Tulio Far\u00edas"],"articleSection":["Sucesos"],"inLanguage":"es","potentialAction":[{"@type":"CommentAction","name":"Comment","target":["https:\/\/digital58.com.ve\/site\/2022\/09\/06\/sucesos-tulio-faria-acepto-los-cargos-que-le-imputo-el-ministerio-publico\/#respond"]}]},{"@type":"WebPage","@id":"https:\/\/digital58.com.ve\/site\/2022\/09\/06\/sucesos-tulio-faria-acepto-los-cargos-que-le-imputo-el-ministerio-publico\/","url":"https:\/\/digital58.com.ve\/site\/2022\/09\/06\/sucesos-tulio-faria-acepto-los-cargos-que-le-imputo-el-ministerio-publico\/","name":"#Sucesos | Tulio Far\u00eda acept\u00f3 los cargos que le imput\u00f3 el Ministerio P\u00fablico","isPartOf":{"@id":"https:\/\/digital58.com.ve\/site\/#website"},"primaryImageOfPage":{"@id":"https:\/\/digital58.com.ve\/site\/2022\/09\/06\/sucesos-tulio-faria-acepto-los-cargos-que-le-imputo-el-ministerio-publico\/#primaryimage"},"image":{"@id":"https:\/\/digital58.com.ve\/site\/2022\/09\/06\/sucesos-tulio-faria-acepto-los-cargos-que-le-imputo-el-ministerio-publico\/#primaryimage"},"thumbnailUrl":"https:\/\/digital58.com.ve\/site\/wp-content\/uploads\/2022\/08\/tulio-faria.jpg","datePublished":"2022-09-06T20:22:11+00:00","description":"Sucesos","breadcrumb":{"@id":"https:\/\/digital58.com.ve\/site\/2022\/09\/06\/sucesos-tulio-faria-acepto-los-cargos-que-le-imputo-el-ministerio-publico\/#breadcrumb"},"inLanguage":"es","potentialAction":[{"@type":"ReadAction","target":["https:\/\/digital58.com.ve\/site\/2022\/09\/06\/sucesos-tulio-faria-acepto-los-cargos-que-le-imputo-el-ministerio-publico\/"]}]},{"@type":"ImageObject","inLanguage":"es","@id":"https:\/\/digital58.com.ve\/site\/2022\/09\/06\/sucesos-tulio-faria-acepto-los-cargos-que-le-imputo-el-ministerio-publico\/#primaryimage","url":"https:\/\/digital58.com.ve\/site\/wp-content\/uploads\/2022\/08\/tulio-faria.jpg","contentUrl":"https:\/\/digital58.com.ve\/site\/wp-content\/uploads\/2022\/08\/tulio-faria.jpg","width":772,"height":510},{"@type":"BreadcrumbList","@id":"https:\/\/digital58.com.ve\/site\/2022\/09\/06\/sucesos-tulio-faria-acepto-los-cargos-que-le-imputo-el-ministerio-publico\/#breadcrumb","itemListElement":[{"@type":"ListItem","position":1,"name":"Home","item":"https:\/\/digital58.com.ve\/site\/"},{"@type":"ListItem","position":2,"name":"#Sucesos | Tulio Far\u00eda acept\u00f3 los cargos que le imput\u00f3 el Ministerio P\u00fablico"}]},{"@type":"WebSite","@id":"https:\/\/digital58.com.ve\/site\/#website","url":"https:\/\/digital58.com.ve\/site\/","name":"Noticias Digital58","description":"Portal de Noticias \u00a1Periodismo web de verdad! Lanzamiento web 22.11.2005 \/ Maracaibo, Venezuela","publisher":{"@id":"https:\/\/digital58.com.ve\/site\/#\/schema\/person\/64d1c2e4d0d4fd1b849980c4331c2951"},"alternateName":"ND58","potentialAction":[{"@type":"SearchAction","target":{"@type":"EntryPoint","urlTemplate":"https:\/\/digital58.com.ve\/site\/?s={search_term_string}"},"query-input":{"@type":"PropertyValueSpecification","valueRequired":true,"valueName":"search_term_string"}}],"inLanguage":"es"},{"@type":["Person","Organization"],"@id":"https:\/\/digital58.com.ve\/site\/#\/schema\/person\/64d1c2e4d0d4fd1b849980c4331c2951","name":"Villasmil Henry","image":{"@type":"ImageObject","inLanguage":"es","@id":"https:\/\/secure.gravatar.com\/avatar\/bb0c4a2fcb7970138239f7e404ea75757b1b507b28b5ce4c53fbd62d797c5a7c?s=96&d=mm&r=g","url":"https:\/\/secure.gravatar.com\/avatar\/bb0c4a2fcb7970138239f7e404ea75757b1b507b28b5ce4c53fbd62d797c5a7c?s=96&d=mm&r=g","contentUrl":"https:\/\/secure.gravatar.com\/avatar\/bb0c4a2fcb7970138239f7e404ea75757b1b507b28b5ce4c53fbd62d797c5a7c?s=96&d=mm&r=g","caption":"Villasmil Henry"},"logo":{"@id":"https:\/\/secure.gravatar.com\/avatar\/bb0c4a2fcb7970138239f7e404ea75757b1b507b28b5ce4c53fbd62d797c5a7c?s=96&d=mm&r=g"},"sameAs":["http:\/\/www.henryvillasmil.com.ve","https:\/\/www.instagram.com\/villasmilhfoto\/","https:\/\/x.com\/https:\/\/twitter.com\/villasmilhfoto"]},{"@type":"Person","@id":"https:\/\/digital58.com.ve\/site\/#\/schema\/person\/38596b127602deaa13fbcd7585635238","name":"Caren A\u00f1ez","image":{"@type":"ImageObject","inLanguage":"es","@id":"https:\/\/secure.gravatar.com\/avatar\/53aadd693aa414991c9ff2f2b19c39be94d2c342463b80f5402d344911bc9782?s=96&d=mm&r=g","url":"https:\/\/secure.gravatar.com\/avatar\/53aadd693aa414991c9ff2f2b19c39be94d2c342463b80f5402d344911bc9782?s=96&d=mm&r=g","contentUrl":"https:\/\/secure.gravatar.com\/avatar\/53aadd693aa414991c9ff2f2b19c39be94d2c342463b80f5402d344911bc9782?s=96&d=mm&r=g","caption":"Caren A\u00f1ez"},"description":"\ud83d\udc69\u200d\ud83c\udfa4Editora en @digital_58 \ud83d\udc69\ud83c\udffb\u200d\ud83c\udfebPeriodista musical y de entretenimiento. \ud83d\udcf8Fotografa \ud83d\udc69\ud83c\udffb\u200d\ud83d\udcbbMedia Management. \ud83d\udc69\u200d\ud83d\udc67\u200d\ud83d\udc67AspieMon 24\/7","sameAs":["https:\/\/www.instagram.com\/carenanez\/","https:\/\/x.com\/carenanez"],"url":"https:\/\/digital58.com.ve\/site\/author\/carena21\/"}]}},"uagb_featured_image_src":{"full":["https:\/\/digital58.com.ve\/site\/wp-content\/uploads\/2022\/08\/tulio-faria.jpg",772,510,false],"thumbnail":["https:\/\/digital58.com.ve\/site\/wp-content\/uploads\/2022\/08\/tulio-faria-150x150.jpg",150,150,true],"medium":["https:\/\/digital58.com.ve\/site\/wp-content\/uploads\/2022\/08\/tulio-faria-300x198.jpg",300,198,true],"medium_large":["https:\/\/digital58.com.ve\/site\/wp-content\/uploads\/2022\/08\/tulio-faria-768x507.jpg",768,507,true],"large":["https:\/\/digital58.com.ve\/site\/wp-content\/uploads\/2022\/08\/tulio-faria.jpg",772,510,false],"1536x1536":["https:\/\/digital58.com.ve\/site\/wp-content\/uploads\/2022\/08\/tulio-faria.jpg",772,510,false],"2048x2048":["https:\/\/digital58.com.ve\/site\/wp-content\/uploads\/2022\/08\/tulio-faria.jpg",772,510,false],"colormag-highlighted-post":["https:\/\/digital58.com.ve\/site\/wp-content\/uploads\/2022\/08\/tulio-faria-392x272.jpg",392,272,true],"colormag-featured-post-medium":["https:\/\/digital58.com.ve\/site\/wp-content\/uploads\/2022\/08\/tulio-faria-390x205.jpg",390,205,true],"colormag-featured-post-small":["https:\/\/digital58.com.ve\/site\/wp-content\/uploads\/2022\/08\/tulio-faria-130x90.jpg",130,90,true],"colormag-featured-image":["https:\/\/digital58.com.ve\/site\/wp-content\/uploads\/2022\/08\/tulio-faria-772x445.jpg",772,445,true],"colormag-default-news":["https:\/\/digital58.com.ve\/site\/wp-content\/uploads\/2022\/08\/tulio-faria.jpg",150,99,false],"colormag-featured-image-large":["https:\/\/digital58.com.ve\/site\/wp-content\/uploads\/2022\/08\/tulio-faria.jpg",772,510,false]},"uagb_author_info":{"display_name":"Caren A\u00f1ez","author_link":"https:\/\/digital58.com.ve\/site\/author\/carena21\/"},"uagb_comment_info":0,"uagb_excerpt":"El joven mec\u00e1nico y deportista zuliano, fue arrollado el 8 de julio en la avenida Fuerzas Armadas de Maracaibo y","_links":{"self":[{"href":"https:\/\/digital58.com.ve\/site\/wp-json\/wp\/v2\/posts\/156228","targetHints":{"allow":["GET"]}}],"collection":[{"href":"https:\/\/digital58.com.ve\/site\/wp-json\/wp\/v2\/posts"}],"about":[{"href":"https:\/\/digital58.com.ve\/site\/wp-json\/wp\/v2\/types\/post"}],"author":[{"embeddable":true,"href":"https:\/\/digital58.com.ve\/site\/wp-json\/wp\/v2\/users\/39"}],"replies":[{"embeddable":true,"href":"https:\/\/digital58.com.ve\/site\/wp-json\/wp\/v2\/comments?post=156228"}],"version-history":[{"count":0,"href":"https:\/\/digital58.com.ve\/site\/wp-json\/wp\/v2\/posts\/156228\/revisions"}],"wp:featuredmedia":[{"embeddable":true,"href":"https:\/\/digital58.com.ve\/site\/wp-json\/wp\/v2\/media\/155773"}],"wp:attachment":[{"href":"https:\/\/digital58.com.ve\/site\/wp-json\/wp\/v2\/media?parent=156228"}],"wp:term":[{"taxonomy":"category","embeddable":true,"href":"https:\/\/digital58.com.ve\/site\/wp-json\/wp\/v2\/categories?post=156228"},{"taxonomy":"post_tag","embeddable":true,"href":"https:\/\/digital58.com.ve\/site\/wp-json\/wp\/v2\/tags?post=156228"}],"curies":[{"name":"wp","href":"https:\/\/api.w.org\/{rel}","templated":true}]}}