{"id":156459,"date":"2022-09-14T20:16:44","date_gmt":"2022-09-15T00:16:44","guid":{"rendered":"https:\/\/digital58.com.ve\/site\/?p=156459"},"modified":"2022-10-11T01:35:06","modified_gmt":"2022-10-11T05:35:06","slug":"xavi-el-resultado-ante-el-bayern-no-refleja-lo-que-ha-pasado-en-el-partido","status":"publish","type":"post","link":"https:\/\/digital58.com.ve\/site\/2022\/09\/14\/xavi-el-resultado-ante-el-bayern-no-refleja-lo-que-ha-pasado-en-el-partido\/","title":{"rendered":"Xavi: \u00abEl resultado ante el Bayern no refleja lo que ha pasado en el partido\u00bb"},"content":{"rendered":"<p><img loading=\"lazy\" decoding=\"async\" class=\"alignnone size-full wp-image-156460\" src=\"https:\/\/digital58.com.ve\/site\/wp-content\/uploads\/2022\/09\/xavi.jpeg\" alt=\"\" width=\"1200\" height=\"675\" srcset=\"https:\/\/digital58.com.ve\/site\/wp-content\/uploads\/2022\/09\/xavi.jpeg 800w, https:\/\/digital58.com.ve\/site\/wp-content\/uploads\/2022\/09\/xavi-300x169.jpeg 300w, https:\/\/digital58.com.ve\/site\/wp-content\/uploads\/2022\/09\/xavi-1000x563.jpeg 1000w, https:\/\/digital58.com.ve\/site\/wp-content\/uploads\/2022\/09\/xavi-768x432.jpeg 768w\" sizes=\"auto, (max-width: 1200px) 100vw, 1200px\" \/><br \/>\nEl entrenador del FC Barcelona, Xavi Hern\u00e1ndez, afirm\u00f3 que la derrota 2-0 en el Allianz Arena es un resultado que \u00abno refleja lo que ha pasado en el partido\u00bb, por lo que se va \u00abcabreado\u00bb de un estadio en el que el conjunto azulgrana no ha sido capaz de ganar hasta la fecha.<\/p>\n<p><strong>Internacionales 14 de septiembre 2022 (ND58).-<\/strong>\u00abHemos jugado muy bien, la primera parte ha sido totalmente nuestra. El resultado no refleja lo que ha pasado en el partido. Pero la Champions es as\u00ed\u00bb, dijo Xavi en la rueda de prensa posterior al encuentro.<\/p>\n<p>Una derrota en la que el Bayern sac\u00f3 provecho de dos ocasiones para superar a los \u2018cul\u00e9s\u2019. \u00abSon errores nuestros. Tenemos que competir mejor. El juego es excelente, pero tenemos que mejorar en las \u00e1reas. Cuando decidimos de competir tambi\u00e9n es en un c\u00f3rner y una transici\u00f3n\u00bb, indic\u00f3.<\/p>\n<p>\u00abEstoy cabreado, no me gusta perder y no los hemos merecido. El a\u00f1o pasado fueron mejores que nosotros, pero nosotros hoy hemos sido superiores. Los hemos sometido, hemos creado muchas ocasiones muy claras. Pero son detalles, a este nivel est\u00e1 todo muy igualado y los errores los acabas pegando\u00bb, a\u00f1adi\u00f3 el t\u00e9cnico del cuadro catal\u00e1n, quien opin\u00f3 que merec\u00edan \u00abm\u00e1s\u00bb en un partido con muchas ocasiones en ambas porter\u00edas.<\/p>\n<p>\u00abHoy era un d\u00eda para ganar, no empatar ni perder. La sensaci\u00f3n era muy buena, de dominio, pero nos vamos sin gol despu\u00e9s de generar m\u00e1s de siete ocasiones claras. Hemos sido mejores que ellos, pero esto se trata de ganar\u00bb, a\u00f1adi\u00f3.<\/p>\n<p>Por ello, el de Terrassa ech\u00f3 en falta la efectividad que ha acompa\u00f1ado al Barcelona en los \u00faltimos encuentros, donde ha ganado por goleada todos excepto ante el Rayo Vallecano, donde empat\u00f3 a cero. \u00abEllos no perdonan, esa es la diferencia. El resultado es malo, el proceso es muy bueno, pero hay que minimizar errores. Era una oportunidad de oro para ganar en este campo de una vez por todas, pero te vas con una derrota\u00bb, lament\u00f3.<\/p>\n<p>\u00abNos tenemos que quedar con las cosas positivas, el resultado es negativo. Es fase de grupos, queda mucho, pero es un paso atr\u00e1s Quer\u00edamos ganar y hemos hecho m\u00e9ritos para llevarnos la victoria\u00bb, sentenci\u00f3.<\/p><div class=\"qmfqr6a9be7b24c1e5\" ><p style=\"text-align: center;\"><a href=\"https:\/\/t.me\/noticiasdigital58\" target=\"_blank\" rel=\"noopener\"><img class=\"aligncenter size-full wp-image-125363\" src=\"https:\/\/digital58.com.ve\/site\/wp-content\/uploads\/2021\/04\/banner-telegram-web-2021.png\" alt=\"\" width=\"600\" height=\"90\" \/><\/a><\/p><\/div><style type=\"text\/css\">\r\n@media screen and (min-width: 1201px) {\r\n.qmfqr6a9be7b24c1e5 {\r\ndisplay: block;\r\n}\r\n}\r\n@media screen and (min-width: 993px) and (max-width: 1200px) {\r\n.qmfqr6a9be7b24c1e5 {\r\ndisplay: block;\r\n}\r\n}\r\n@media screen and (min-width: 769px) and (max-width: 992px) {\r\n.qmfqr6a9be7b24c1e5 {\r\ndisplay: block;\r\n}\r\n}\r\n@media screen and (min-width: 768px) and (max-width: 768px) {\r\n.qmfqr6a9be7b24c1e5 {\r\ndisplay: block;\r\n}\r\n}\r\n@media screen and (max-width: 767px) {\r\n.qmfqr6a9be7b24c1e5 {\r\ndisplay: block;\r\n}\r\n}\r\n<\/style>\r\n\n<p class=\"p1\"><b>Redacci\u00f3n ND58 | Europa Press<\/b><br \/>\n<b>Edici\u00f3n: \u00c1\u00f1ez, Caren\u00a0<\/b><br \/>\n<b>Gr\u00e1fica: Cortes\u00eda <\/b><\/p>\n<div style=\"margin-top: 0px; margin-bottom: 0px;\" class=\"sharethis-inline-share-buttons\" ><\/div>","protected":false},"excerpt":{"rendered":"<p>El entrenador del FC Barcelona, Xavi Hern\u00e1ndez, afirm\u00f3 que la derrota 2-0 en el Allianz Arena es un resultado que<\/p>\n","protected":false},"author":39,"featured_media":156461,"comment_status":"open","ping_status":"closed","sticky":false,"template":"","format":"standard","meta":{"colormag_page_container_layout":"default_layout","colormag_page_sidebar_layout":"default_layout","_uag_custom_page_level_css":"","footnotes":""},"categories":[5402],"tags":[38,1517,2670,29188,3,29189,115,13,8,29187,18795],"class_list":["post-156459","post","type-post","status-publish","format-standard","has-post-thumbnail","hentry","category-deportes","tag-alemania","tag-barcelona","tag-champions-league","tag-cules","tag-deportes","tag-entrenador","tag-espana","tag-futbol","tag-internacionales","tag-la-champions","tag-xavi-hernandez"],"yoast_head":"<!-- This site is optimized with the Yoast SEO plugin v28.4 - https:\/\/yoast.com\/product\/yoast-seo-wordpress\/ -->\n<title>Xavi: \u00abEl resultado ante el Bayern no refleja lo que ha pasado en el partido\u00bb<\/title>\n<meta name=\"description\" content=\"Deportes\" \/>\n<meta name=\"robots\" content=\"index, follow, max-snippet:-1, max-image-preview:large, max-video-preview:-1\" \/>\n<link rel=\"canonical\" href=\"https:\/\/digital58.com.ve\/site\/2022\/09\/14\/xavi-el-resultado-ante-el-bayern-no-refleja-lo-que-ha-pasado-en-el-partido\/\" \/>\n<meta property=\"og:locale\" content=\"es_ES\" \/>\n<meta property=\"og:type\" content=\"article\" \/>\n<meta property=\"og:title\" content=\"Xavi: \u00abEl resultado ante el Bayern no refleja lo que ha pasado en el partido\u00bb\" \/>\n<meta property=\"og:description\" content=\"Deportes\" \/>\n<meta property=\"og:url\" content=\"https:\/\/digital58.com.ve\/site\/2022\/09\/14\/xavi-el-resultado-ante-el-bayern-no-refleja-lo-que-ha-pasado-en-el-partido\/\" \/>\n<meta property=\"og:site_name\" content=\"Noticias Digital58\" \/>\n<meta property=\"article:published_time\" content=\"2022-09-15T00:16:44+00:00\" \/>\n<meta property=\"article:modified_time\" content=\"2022-10-11T05:35:06+00:00\" \/>\n<meta property=\"og:image\" content=\"https:\/\/digital58.com.ve\/site\/wp-content\/uploads\/2022\/09\/xaviH.jpeg\" \/>\n\t<meta property=\"og:image:width\" content=\"1320\" \/>\n\t<meta property=\"og:image:height\" content=\"880\" \/>\n\t<meta property=\"og:image:type\" content=\"image\/jpeg\" \/>\n<meta name=\"author\" content=\"Caren A\u00f1ez\" \/>\n<meta name=\"twitter:card\" content=\"summary_large_image\" \/>\n<meta name=\"twitter:creator\" content=\"@carenanez\" \/>\n<meta name=\"twitter:site\" content=\"@villasmilhfoto\" \/>\n<meta name=\"twitter:label1\" content=\"Escrito por\" \/>\n\t<meta name=\"twitter:data1\" content=\"Caren A\u00f1ez\" \/>\n\t<meta name=\"twitter:label2\" content=\"Tiempo estimado de lectura\" \/>\n\t<meta name=\"twitter:data2\" content=\"2 minutos\" \/>\n<script type=\"application\/ld+json\" class=\"yoast-schema-graph\">{\"@context\":\"https:\\\/\\\/schema.org\",\"@graph\":[{\"@type\":\"Article\",\"@id\":\"https:\\\/\\\/digital58.com.ve\\\/site\\\/2022\\\/09\\\/14\\\/xavi-el-resultado-ante-el-bayern-no-refleja-lo-que-ha-pasado-en-el-partido\\\/#article\",\"isPartOf\":{\"@id\":\"https:\\\/\\\/digital58.com.ve\\\/site\\\/2022\\\/09\\\/14\\\/xavi-el-resultado-ante-el-bayern-no-refleja-lo-que-ha-pasado-en-el-partido\\\/\"},\"author\":{\"name\":\"Caren A\u00f1ez\",\"@id\":\"https:\\\/\\\/digital58.com.ve\\\/site\\\/#\\\/schema\\\/person\\\/38596b127602deaa13fbcd7585635238\"},\"headline\":\"Xavi: \u00abEl resultado ante el Bayern no refleja lo que ha pasado en el partido\u00bb\",\"datePublished\":\"2022-09-15T00:16:44+00:00\",\"dateModified\":\"2022-10-11T05:35:06+00:00\",\"mainEntityOfPage\":{\"@id\":\"https:\\\/\\\/digital58.com.ve\\\/site\\\/2022\\\/09\\\/14\\\/xavi-el-resultado-ante-el-bayern-no-refleja-lo-que-ha-pasado-en-el-partido\\\/\"},\"wordCount\":414,\"commentCount\":0,\"publisher\":{\"@id\":\"https:\\\/\\\/digital58.com.ve\\\/site\\\/#\\\/schema\\\/person\\\/64d1c2e4d0d4fd1b849980c4331c2951\"},\"image\":{\"@id\":\"https:\\\/\\\/digital58.com.ve\\\/site\\\/2022\\\/09\\\/14\\\/xavi-el-resultado-ante-el-bayern-no-refleja-lo-que-ha-pasado-en-el-partido\\\/#primaryimage\"},\"thumbnailUrl\":\"https:\\\/\\\/digital58.com.ve\\\/site\\\/wp-content\\\/uploads\\\/2022\\\/09\\\/xaviH.jpeg\",\"keywords\":[\"Alemania\",\"Barcelona\",\"Champions League\",\"cul\u00e9s\",\"Deportes\",\"Entrenador\",\"Espa\u00f1a\",\"F\u00fatbol\",\"Internacionales\",\"La champions\",\"Xavi Hern\u00e1ndez\"],\"articleSection\":[\"Deportes\"],\"inLanguage\":\"es\",\"potentialAction\":[{\"@type\":\"CommentAction\",\"name\":\"Comment\",\"target\":[\"https:\\\/\\\/digital58.com.ve\\\/site\\\/2022\\\/09\\\/14\\\/xavi-el-resultado-ante-el-bayern-no-refleja-lo-que-ha-pasado-en-el-partido\\\/#respond\"]}]},{\"@type\":\"WebPage\",\"@id\":\"https:\\\/\\\/digital58.com.ve\\\/site\\\/2022\\\/09\\\/14\\\/xavi-el-resultado-ante-el-bayern-no-refleja-lo-que-ha-pasado-en-el-partido\\\/\",\"url\":\"https:\\\/\\\/digital58.com.ve\\\/site\\\/2022\\\/09\\\/14\\\/xavi-el-resultado-ante-el-bayern-no-refleja-lo-que-ha-pasado-en-el-partido\\\/\",\"name\":\"Xavi: \u00abEl resultado ante el Bayern no refleja lo que ha pasado en el partido\u00bb\",\"isPartOf\":{\"@id\":\"https:\\\/\\\/digital58.com.ve\\\/site\\\/#website\"},\"primaryImageOfPage\":{\"@id\":\"https:\\\/\\\/digital58.com.ve\\\/site\\\/2022\\\/09\\\/14\\\/xavi-el-resultado-ante-el-bayern-no-refleja-lo-que-ha-pasado-en-el-partido\\\/#primaryimage\"},\"image\":{\"@id\":\"https:\\\/\\\/digital58.com.ve\\\/site\\\/2022\\\/09\\\/14\\\/xavi-el-resultado-ante-el-bayern-no-refleja-lo-que-ha-pasado-en-el-partido\\\/#primaryimage\"},\"thumbnailUrl\":\"https:\\\/\\\/digital58.com.ve\\\/site\\\/wp-content\\\/uploads\\\/2022\\\/09\\\/xaviH.jpeg\",\"datePublished\":\"2022-09-15T00:16:44+00:00\",\"dateModified\":\"2022-10-11T05:35:06+00:00\",\"description\":\"Deportes\",\"breadcrumb\":{\"@id\":\"https:\\\/\\\/digital58.com.ve\\\/site\\\/2022\\\/09\\\/14\\\/xavi-el-resultado-ante-el-bayern-no-refleja-lo-que-ha-pasado-en-el-partido\\\/#breadcrumb\"},\"inLanguage\":\"es\",\"potentialAction\":[{\"@type\":\"ReadAction\",\"target\":[\"https:\\\/\\\/digital58.com.ve\\\/site\\\/2022\\\/09\\\/14\\\/xavi-el-resultado-ante-el-bayern-no-refleja-lo-que-ha-pasado-en-el-partido\\\/\"]}]},{\"@type\":\"ImageObject\",\"inLanguage\":\"es\",\"@id\":\"https:\\\/\\\/digital58.com.ve\\\/site\\\/2022\\\/09\\\/14\\\/xavi-el-resultado-ante-el-bayern-no-refleja-lo-que-ha-pasado-en-el-partido\\\/#primaryimage\",\"url\":\"https:\\\/\\\/digital58.com.ve\\\/site\\\/wp-content\\\/uploads\\\/2022\\\/09\\\/xaviH.jpeg\",\"contentUrl\":\"https:\\\/\\\/digital58.com.ve\\\/site\\\/wp-content\\\/uploads\\\/2022\\\/09\\\/xaviH.jpeg\",\"width\":800,\"height\":533},{\"@type\":\"BreadcrumbList\",\"@id\":\"https:\\\/\\\/digital58.com.ve\\\/site\\\/2022\\\/09\\\/14\\\/xavi-el-resultado-ante-el-bayern-no-refleja-lo-que-ha-pasado-en-el-partido\\\/#breadcrumb\",\"itemListElement\":[{\"@type\":\"ListItem\",\"position\":1,\"name\":\"Home\",\"item\":\"https:\\\/\\\/digital58.com.ve\\\/site\\\/\"},{\"@type\":\"ListItem\",\"position\":2,\"name\":\"Xavi: \u00abEl resultado ante el Bayern no refleja lo que ha pasado en el partido\u00bb\"}]},{\"@type\":\"WebSite\",\"@id\":\"https:\\\/\\\/digital58.com.ve\\\/site\\\/#website\",\"url\":\"https:\\\/\\\/digital58.com.ve\\\/site\\\/\",\"name\":\"Noticias Digital58\",\"description\":\"Portal de Noticias \u00a1Periodismo web de verdad! Lanzamiento web 22.11.2005 \\\/ Maracaibo, Venezuela\",\"publisher\":{\"@id\":\"https:\\\/\\\/digital58.com.ve\\\/site\\\/#\\\/schema\\\/person\\\/64d1c2e4d0d4fd1b849980c4331c2951\"},\"alternateName\":\"ND58\",\"potentialAction\":[{\"@type\":\"SearchAction\",\"target\":{\"@type\":\"EntryPoint\",\"urlTemplate\":\"https:\\\/\\\/digital58.com.ve\\\/site\\\/?s={search_term_string}\"},\"query-input\":{\"@type\":\"PropertyValueSpecification\",\"valueRequired\":true,\"valueName\":\"search_term_string\"}}],\"inLanguage\":\"es\"},{\"@type\":[\"Person\",\"Organization\"],\"@id\":\"https:\\\/\\\/digital58.com.ve\\\/site\\\/#\\\/schema\\\/person\\\/64d1c2e4d0d4fd1b849980c4331c2951\",\"name\":\"Villasmil Henry\",\"image\":{\"@type\":\"ImageObject\",\"inLanguage\":\"es\",\"@id\":\"https:\\\/\\\/secure.gravatar.com\\\/avatar\\\/bb0c4a2fcb7970138239f7e404ea75757b1b507b28b5ce4c53fbd62d797c5a7c?s=96&d=mm&r=g\",\"url\":\"https:\\\/\\\/secure.gravatar.com\\\/avatar\\\/bb0c4a2fcb7970138239f7e404ea75757b1b507b28b5ce4c53fbd62d797c5a7c?s=96&d=mm&r=g\",\"contentUrl\":\"https:\\\/\\\/secure.gravatar.com\\\/avatar\\\/bb0c4a2fcb7970138239f7e404ea75757b1b507b28b5ce4c53fbd62d797c5a7c?s=96&d=mm&r=g\",\"caption\":\"Villasmil Henry\"},\"logo\":{\"@id\":\"https:\\\/\\\/secure.gravatar.com\\\/avatar\\\/bb0c4a2fcb7970138239f7e404ea75757b1b507b28b5ce4c53fbd62d797c5a7c?s=96&d=mm&r=g\"},\"sameAs\":[\"http:\\\/\\\/www.henryvillasmil.com.ve\",\"https:\\\/\\\/www.instagram.com\\\/villasmilhfoto\\\/\",\"https:\\\/\\\/x.com\\\/https:\\\/\\\/twitter.com\\\/villasmilhfoto\"]},{\"@type\":\"Person\",\"@id\":\"https:\\\/\\\/digital58.com.ve\\\/site\\\/#\\\/schema\\\/person\\\/38596b127602deaa13fbcd7585635238\",\"name\":\"Caren A\u00f1ez\",\"image\":{\"@type\":\"ImageObject\",\"inLanguage\":\"es\",\"@id\":\"https:\\\/\\\/secure.gravatar.com\\\/avatar\\\/53aadd693aa414991c9ff2f2b19c39be94d2c342463b80f5402d344911bc9782?s=96&d=mm&r=g\",\"url\":\"https:\\\/\\\/secure.gravatar.com\\\/avatar\\\/53aadd693aa414991c9ff2f2b19c39be94d2c342463b80f5402d344911bc9782?s=96&d=mm&r=g\",\"contentUrl\":\"https:\\\/\\\/secure.gravatar.com\\\/avatar\\\/53aadd693aa414991c9ff2f2b19c39be94d2c342463b80f5402d344911bc9782?s=96&d=mm&r=g\",\"caption\":\"Caren A\u00f1ez\"},\"description\":\"\ud83d\udc69\u200d\ud83c\udfa4Editora en @digital_58 \ud83d\udc69\ud83c\udffb\u200d\ud83c\udfebPeriodista musical y de entretenimiento. \ud83d\udcf8Fotografa \ud83d\udc69\ud83c\udffb\u200d\ud83d\udcbbMedia Management. \ud83d\udc69\u200d\ud83d\udc67\u200d\ud83d\udc67AspieMon 24\\\/7\",\"sameAs\":[\"https:\\\/\\\/www.instagram.com\\\/carenanez\\\/\",\"https:\\\/\\\/x.com\\\/carenanez\"],\"url\":\"https:\\\/\\\/digital58.com.ve\\\/site\\\/author\\\/carena21\\\/\"}]}<\/script>\n<!-- \/ Yoast SEO plugin. -->","yoast_head_json":{"title":"Xavi: \u00abEl resultado ante el Bayern no refleja lo que ha pasado en el partido\u00bb","description":"Deportes","robots":{"index":"index","follow":"follow","max-snippet":"max-snippet:-1","max-image-preview":"max-image-preview:large","max-video-preview":"max-video-preview:-1"},"canonical":"https:\/\/digital58.com.ve\/site\/2022\/09\/14\/xavi-el-resultado-ante-el-bayern-no-refleja-lo-que-ha-pasado-en-el-partido\/","og_locale":"es_ES","og_type":"article","og_title":"Xavi: \u00abEl resultado ante el Bayern no refleja lo que ha pasado en el partido\u00bb","og_description":"Deportes","og_url":"https:\/\/digital58.com.ve\/site\/2022\/09\/14\/xavi-el-resultado-ante-el-bayern-no-refleja-lo-que-ha-pasado-en-el-partido\/","og_site_name":"Noticias Digital58","article_published_time":"2022-09-15T00:16:44+00:00","article_modified_time":"2022-10-11T05:35:06+00:00","og_image":[{"width":1320,"height":880,"url":"https:\/\/digital58.com.ve\/site\/wp-content\/uploads\/2022\/09\/xaviH.jpeg","type":"image\/jpeg"}],"author":"Caren A\u00f1ez","twitter_card":"summary_large_image","twitter_creator":"@carenanez","twitter_site":"@villasmilhfoto","twitter_misc":{"Escrito por":"Caren A\u00f1ez","Tiempo estimado de lectura":"2 minutos"},"schema":{"@context":"https:\/\/schema.org","@graph":[{"@type":"Article","@id":"https:\/\/digital58.com.ve\/site\/2022\/09\/14\/xavi-el-resultado-ante-el-bayern-no-refleja-lo-que-ha-pasado-en-el-partido\/#article","isPartOf":{"@id":"https:\/\/digital58.com.ve\/site\/2022\/09\/14\/xavi-el-resultado-ante-el-bayern-no-refleja-lo-que-ha-pasado-en-el-partido\/"},"author":{"name":"Caren A\u00f1ez","@id":"https:\/\/digital58.com.ve\/site\/#\/schema\/person\/38596b127602deaa13fbcd7585635238"},"headline":"Xavi: \u00abEl resultado ante el Bayern no refleja lo que ha pasado en el partido\u00bb","datePublished":"2022-09-15T00:16:44+00:00","dateModified":"2022-10-11T05:35:06+00:00","mainEntityOfPage":{"@id":"https:\/\/digital58.com.ve\/site\/2022\/09\/14\/xavi-el-resultado-ante-el-bayern-no-refleja-lo-que-ha-pasado-en-el-partido\/"},"wordCount":414,"commentCount":0,"publisher":{"@id":"https:\/\/digital58.com.ve\/site\/#\/schema\/person\/64d1c2e4d0d4fd1b849980c4331c2951"},"image":{"@id":"https:\/\/digital58.com.ve\/site\/2022\/09\/14\/xavi-el-resultado-ante-el-bayern-no-refleja-lo-que-ha-pasado-en-el-partido\/#primaryimage"},"thumbnailUrl":"https:\/\/digital58.com.ve\/site\/wp-content\/uploads\/2022\/09\/xaviH.jpeg","keywords":["Alemania","Barcelona","Champions League","cul\u00e9s","Deportes","Entrenador","Espa\u00f1a","F\u00fatbol","Internacionales","La champions","Xavi Hern\u00e1ndez"],"articleSection":["Deportes"],"inLanguage":"es","potentialAction":[{"@type":"CommentAction","name":"Comment","target":["https:\/\/digital58.com.ve\/site\/2022\/09\/14\/xavi-el-resultado-ante-el-bayern-no-refleja-lo-que-ha-pasado-en-el-partido\/#respond"]}]},{"@type":"WebPage","@id":"https:\/\/digital58.com.ve\/site\/2022\/09\/14\/xavi-el-resultado-ante-el-bayern-no-refleja-lo-que-ha-pasado-en-el-partido\/","url":"https:\/\/digital58.com.ve\/site\/2022\/09\/14\/xavi-el-resultado-ante-el-bayern-no-refleja-lo-que-ha-pasado-en-el-partido\/","name":"Xavi: \u00abEl resultado ante el Bayern no refleja lo que ha pasado en el partido\u00bb","isPartOf":{"@id":"https:\/\/digital58.com.ve\/site\/#website"},"primaryImageOfPage":{"@id":"https:\/\/digital58.com.ve\/site\/2022\/09\/14\/xavi-el-resultado-ante-el-bayern-no-refleja-lo-que-ha-pasado-en-el-partido\/#primaryimage"},"image":{"@id":"https:\/\/digital58.com.ve\/site\/2022\/09\/14\/xavi-el-resultado-ante-el-bayern-no-refleja-lo-que-ha-pasado-en-el-partido\/#primaryimage"},"thumbnailUrl":"https:\/\/digital58.com.ve\/site\/wp-content\/uploads\/2022\/09\/xaviH.jpeg","datePublished":"2022-09-15T00:16:44+00:00","dateModified":"2022-10-11T05:35:06+00:00","description":"Deportes","breadcrumb":{"@id":"https:\/\/digital58.com.ve\/site\/2022\/09\/14\/xavi-el-resultado-ante-el-bayern-no-refleja-lo-que-ha-pasado-en-el-partido\/#breadcrumb"},"inLanguage":"es","potentialAction":[{"@type":"ReadAction","target":["https:\/\/digital58.com.ve\/site\/2022\/09\/14\/xavi-el-resultado-ante-el-bayern-no-refleja-lo-que-ha-pasado-en-el-partido\/"]}]},{"@type":"ImageObject","inLanguage":"es","@id":"https:\/\/digital58.com.ve\/site\/2022\/09\/14\/xavi-el-resultado-ante-el-bayern-no-refleja-lo-que-ha-pasado-en-el-partido\/#primaryimage","url":"https:\/\/digital58.com.ve\/site\/wp-content\/uploads\/2022\/09\/xaviH.jpeg","contentUrl":"https:\/\/digital58.com.ve\/site\/wp-content\/uploads\/2022\/09\/xaviH.jpeg","width":800,"height":533},{"@type":"BreadcrumbList","@id":"https:\/\/digital58.com.ve\/site\/2022\/09\/14\/xavi-el-resultado-ante-el-bayern-no-refleja-lo-que-ha-pasado-en-el-partido\/#breadcrumb","itemListElement":[{"@type":"ListItem","position":1,"name":"Home","item":"https:\/\/digital58.com.ve\/site\/"},{"@type":"ListItem","position":2,"name":"Xavi: \u00abEl resultado ante el Bayern no refleja lo que ha pasado en el partido\u00bb"}]},{"@type":"WebSite","@id":"https:\/\/digital58.com.ve\/site\/#website","url":"https:\/\/digital58.com.ve\/site\/","name":"Noticias Digital58","description":"Portal de Noticias \u00a1Periodismo web de verdad! Lanzamiento web 22.11.2005 \/ Maracaibo, Venezuela","publisher":{"@id":"https:\/\/digital58.com.ve\/site\/#\/schema\/person\/64d1c2e4d0d4fd1b849980c4331c2951"},"alternateName":"ND58","potentialAction":[{"@type":"SearchAction","target":{"@type":"EntryPoint","urlTemplate":"https:\/\/digital58.com.ve\/site\/?s={search_term_string}"},"query-input":{"@type":"PropertyValueSpecification","valueRequired":true,"valueName":"search_term_string"}}],"inLanguage":"es"},{"@type":["Person","Organization"],"@id":"https:\/\/digital58.com.ve\/site\/#\/schema\/person\/64d1c2e4d0d4fd1b849980c4331c2951","name":"Villasmil Henry","image":{"@type":"ImageObject","inLanguage":"es","@id":"https:\/\/secure.gravatar.com\/avatar\/bb0c4a2fcb7970138239f7e404ea75757b1b507b28b5ce4c53fbd62d797c5a7c?s=96&d=mm&r=g","url":"https:\/\/secure.gravatar.com\/avatar\/bb0c4a2fcb7970138239f7e404ea75757b1b507b28b5ce4c53fbd62d797c5a7c?s=96&d=mm&r=g","contentUrl":"https:\/\/secure.gravatar.com\/avatar\/bb0c4a2fcb7970138239f7e404ea75757b1b507b28b5ce4c53fbd62d797c5a7c?s=96&d=mm&r=g","caption":"Villasmil Henry"},"logo":{"@id":"https:\/\/secure.gravatar.com\/avatar\/bb0c4a2fcb7970138239f7e404ea75757b1b507b28b5ce4c53fbd62d797c5a7c?s=96&d=mm&r=g"},"sameAs":["http:\/\/www.henryvillasmil.com.ve","https:\/\/www.instagram.com\/villasmilhfoto\/","https:\/\/x.com\/https:\/\/twitter.com\/villasmilhfoto"]},{"@type":"Person","@id":"https:\/\/digital58.com.ve\/site\/#\/schema\/person\/38596b127602deaa13fbcd7585635238","name":"Caren A\u00f1ez","image":{"@type":"ImageObject","inLanguage":"es","@id":"https:\/\/secure.gravatar.com\/avatar\/53aadd693aa414991c9ff2f2b19c39be94d2c342463b80f5402d344911bc9782?s=96&d=mm&r=g","url":"https:\/\/secure.gravatar.com\/avatar\/53aadd693aa414991c9ff2f2b19c39be94d2c342463b80f5402d344911bc9782?s=96&d=mm&r=g","contentUrl":"https:\/\/secure.gravatar.com\/avatar\/53aadd693aa414991c9ff2f2b19c39be94d2c342463b80f5402d344911bc9782?s=96&d=mm&r=g","caption":"Caren A\u00f1ez"},"description":"\ud83d\udc69\u200d\ud83c\udfa4Editora en @digital_58 \ud83d\udc69\ud83c\udffb\u200d\ud83c\udfebPeriodista musical y de entretenimiento. \ud83d\udcf8Fotografa \ud83d\udc69\ud83c\udffb\u200d\ud83d\udcbbMedia Management. \ud83d\udc69\u200d\ud83d\udc67\u200d\ud83d\udc67AspieMon 24\/7","sameAs":["https:\/\/www.instagram.com\/carenanez\/","https:\/\/x.com\/carenanez"],"url":"https:\/\/digital58.com.ve\/site\/author\/carena21\/"}]}},"uagb_featured_image_src":{"full":["https:\/\/digital58.com.ve\/site\/wp-content\/uploads\/2022\/09\/xaviH.jpeg",800,533,false],"thumbnail":["https:\/\/digital58.com.ve\/site\/wp-content\/uploads\/2022\/09\/xaviH-150x150.jpeg",150,150,true],"medium":["https:\/\/digital58.com.ve\/site\/wp-content\/uploads\/2022\/09\/xaviH-300x200.jpeg",300,200,true],"medium_large":["https:\/\/digital58.com.ve\/site\/wp-content\/uploads\/2022\/09\/xaviH-768x512.jpeg",768,512,true],"large":["https:\/\/digital58.com.ve\/site\/wp-content\/uploads\/2022\/09\/xaviH-1000x667.jpeg",800,534,true],"1536x1536":["https:\/\/digital58.com.ve\/site\/wp-content\/uploads\/2022\/09\/xaviH.jpeg",800,533,false],"2048x2048":["https:\/\/digital58.com.ve\/site\/wp-content\/uploads\/2022\/09\/xaviH.jpeg",800,533,false],"colormag-highlighted-post":["https:\/\/digital58.com.ve\/site\/wp-content\/uploads\/2022\/09\/xaviH-392x272.jpeg",392,272,true],"colormag-featured-post-medium":["https:\/\/digital58.com.ve\/site\/wp-content\/uploads\/2022\/09\/xaviH-390x205.jpeg",390,205,true],"colormag-featured-post-small":["https:\/\/digital58.com.ve\/site\/wp-content\/uploads\/2022\/09\/xaviH-130x90.jpeg",130,90,true],"colormag-featured-image":["https:\/\/digital58.com.ve\/site\/wp-content\/uploads\/2022\/09\/xaviH-800x445.jpeg",800,445,true],"colormag-default-news":["https:\/\/digital58.com.ve\/site\/wp-content\/uploads\/2022\/09\/xaviH.jpeg",150,100,false],"colormag-featured-image-large":["https:\/\/digital58.com.ve\/site\/wp-content\/uploads\/2022\/09\/xaviH.jpeg",800,533,false]},"uagb_author_info":{"display_name":"Caren A\u00f1ez","author_link":"https:\/\/digital58.com.ve\/site\/author\/carena21\/"},"uagb_comment_info":0,"uagb_excerpt":"El entrenador del FC Barcelona, Xavi Hern\u00e1ndez, afirm\u00f3 que la derrota 2-0 en el Allianz Arena es un resultado que","_links":{"self":[{"href":"https:\/\/digital58.com.ve\/site\/wp-json\/wp\/v2\/posts\/156459","targetHints":{"allow":["GET"]}}],"collection":[{"href":"https:\/\/digital58.com.ve\/site\/wp-json\/wp\/v2\/posts"}],"about":[{"href":"https:\/\/digital58.com.ve\/site\/wp-json\/wp\/v2\/types\/post"}],"author":[{"embeddable":true,"href":"https:\/\/digital58.com.ve\/site\/wp-json\/wp\/v2\/users\/39"}],"replies":[{"embeddable":true,"href":"https:\/\/digital58.com.ve\/site\/wp-json\/wp\/v2\/comments?post=156459"}],"version-history":[{"count":0,"href":"https:\/\/digital58.com.ve\/site\/wp-json\/wp\/v2\/posts\/156459\/revisions"}],"wp:featuredmedia":[{"embeddable":true,"href":"https:\/\/digital58.com.ve\/site\/wp-json\/wp\/v2\/media\/156461"}],"wp:attachment":[{"href":"https:\/\/digital58.com.ve\/site\/wp-json\/wp\/v2\/media?parent=156459"}],"wp:term":[{"taxonomy":"category","embeddable":true,"href":"https:\/\/digital58.com.ve\/site\/wp-json\/wp\/v2\/categories?post=156459"},{"taxonomy":"post_tag","embeddable":true,"href":"https:\/\/digital58.com.ve\/site\/wp-json\/wp\/v2\/tags?post=156459"}],"curies":[{"name":"wp","href":"https:\/\/api.w.org\/{rel}","templated":true}]}}