{"id":156492,"date":"2022-09-15T16:50:16","date_gmt":"2022-09-15T20:50:16","guid":{"rendered":"https:\/\/digital58.com.ve\/site\/?p=156492"},"modified":"2022-10-11T01:35:05","modified_gmt":"2022-10-11T05:35:05","slug":"servicio-publico-gilberto-sandrea-diagnosticado-con-hidrocefalia-necesita-ayuda","status":"publish","type":"post","link":"https:\/\/digital58.com.ve\/site\/2022\/09\/15\/servicio-publico-gilberto-sandrea-diagnosticado-con-hidrocefalia-necesita-ayuda\/","title":{"rendered":"#Servicio p\u00fablico | Gilberto Sandrea diagnosticado con hidrocefalia necesita ayuda"},"content":{"rendered":"<p><img loading=\"lazy\" decoding=\"async\" class=\"alignnone size-full wp-image-156511\" src=\"https:\/\/digital58.com.ve\/site\/wp-content\/uploads\/2022\/09\/WhatsApp-Image-2022-09-14-at-9.30.35-PM-e1663263322503.jpeg\" alt=\"\" width=\"960\" height=\"934\" srcset=\"https:\/\/digital58.com.ve\/site\/wp-content\/uploads\/2022\/09\/WhatsApp-Image-2022-09-14-at-9.30.35-PM-e1663263322503.jpeg 617w, https:\/\/digital58.com.ve\/site\/wp-content\/uploads\/2022\/09\/WhatsApp-Image-2022-09-14-at-9.30.35-PM-e1663263322503-300x292.jpeg 300w, https:\/\/digital58.com.ve\/site\/wp-content\/uploads\/2022\/09\/WhatsApp-Image-2022-09-14-at-9.30.35-PM-e1663263322503-768x747.jpeg 768w\" sizes=\"auto, (max-width: 960px) 100vw, 960px\" \/><\/p>\n<p>Familiares de Gilberto Sandrea requieren ayuda econ\u00f3mica para poder costear los gastos m\u00e9dicos.<\/p>\n<p><strong>Maracaibo, Zulia 15 de septiembre de 2022 (ND58).- <\/strong>Gilberto, tiene 66 a\u00f1os fue diagnosticado con hidrocefalia, causada por un tumor que tiene alojado en el cerebro, el mismo ha ido deteriorando su estado f\u00edsico, no puede caminar perdiendo el equilibrio y estabilidad.<\/p>\n<p>Adem\u00e1s presenta dificultad al hablar, el tumor presiona y causa un constante y fuerte dolor de cabeza.<\/p>\n<p>Gilberto necesita una intervenci\u00f3n de emergencia para colocarle una v\u00e1lvula, con ella poder drenar todo el liquido para desinflamar y as\u00ed puedan operar para tener una mejor calidad de vida.<\/p>\n<p>Sus familiares han creado una cuenta de <a href=\"https:\/\/www.gofundme.com\/f\/rp3ez5-gilberto-necesita-de-nuestra-ayuda?member=22050887&amp;sharetype=teams&amp;utm_campaign=p_na+share-sheet&amp;utm_medium=copy_link&amp;utm_source=customer\">Gofoundme<\/a> para recolectar dinero y poder costear los gastos de la intervenci\u00f3n quir\u00fargica y el postoperatorio.<\/p><div class=\"fvpzo69ee05eabb979\" ><p style=\"text-align: center;\"><a href=\"https:\/\/t.me\/noticiasdigital58\" target=\"_blank\" rel=\"noopener\"><img class=\"aligncenter size-full wp-image-125363\" src=\"https:\/\/digital58.com.ve\/site\/wp-content\/uploads\/2021\/04\/banner-telegram-web-2021.png\" alt=\"\" width=\"600\" height=\"90\" \/><\/a><\/p><\/div><style type=\"text\/css\">\r\n@media screen and (min-width: 1201px) {\r\n.fvpzo69ee05eabb979 {\r\ndisplay: block;\r\n}\r\n}\r\n@media screen and (min-width: 993px) and (max-width: 1200px) {\r\n.fvpzo69ee05eabb979 {\r\ndisplay: block;\r\n}\r\n}\r\n@media screen and (min-width: 769px) and (max-width: 992px) {\r\n.fvpzo69ee05eabb979 {\r\ndisplay: block;\r\n}\r\n}\r\n@media screen and (min-width: 768px) and (max-width: 768px) {\r\n.fvpzo69ee05eabb979 {\r\ndisplay: block;\r\n}\r\n}\r\n@media screen and (max-width: 767px) {\r\n.fvpzo69ee05eabb979 {\r\ndisplay: block;\r\n}\r\n}\r\n<\/style>\r\n\n<p class=\"p1\"><b>Redacci\u00f3n ND58\u00a0<\/b><br \/>\n<b>Edici\u00f3n: \u00c1\u00f1ez, Caren\u00a0<\/b><br \/>\n<b>Gr\u00e1fica: Cortes\u00eda <\/b><\/p>\n<div style=\"margin-top: 0px; margin-bottom: 0px;\" class=\"sharethis-inline-share-buttons\" ><\/div>","protected":false},"excerpt":{"rendered":"<p>Familiares de Gilberto Sandrea requieren ayuda econ\u00f3mica para poder costear los gastos m\u00e9dicos. Maracaibo, Zulia 15 de septiembre de 2022<\/p>\n","protected":false},"author":39,"featured_media":156510,"comment_status":"open","ping_status":"closed","sticky":false,"template":"","format":"standard","meta":{"colormag_page_container_layout":"default_layout","colormag_page_sidebar_layout":"default_layout","_uag_custom_page_level_css":"","footnotes":""},"categories":[21752],"tags":[15172,29202,29203,73,2518,4603],"class_list":["post-156492","post","type-post","status-publish","format-standard","has-post-thumbnail","hentry","category-servicio-publico","tag-ayuda","tag-gilberto-sandrea","tag-hidrocefalia","tag-maracaibo","tag-operacion","tag-servicio-publico"],"yoast_head":"<!-- This site is optimized with the Yoast SEO plugin v27.4 - https:\/\/yoast.com\/product\/yoast-seo-wordpress\/ -->\n<title>#Servicio p\u00fablico | Gilberto Sandrea diagnosticado con hidrocefalia necesita ayuda<\/title>\n<meta name=\"description\" content=\"Servicio P\u00fablico\" \/>\n<meta name=\"robots\" content=\"index, follow, max-snippet:-1, max-image-preview:large, max-video-preview:-1\" \/>\n<link rel=\"canonical\" href=\"https:\/\/digital58.com.ve\/site\/2022\/09\/15\/servicio-publico-gilberto-sandrea-diagnosticado-con-hidrocefalia-necesita-ayuda\/\" \/>\n<meta property=\"og:locale\" content=\"es_ES\" \/>\n<meta property=\"og:type\" content=\"article\" \/>\n<meta property=\"og:title\" content=\"#Servicio p\u00fablico | Gilberto Sandrea diagnosticado con hidrocefalia necesita ayuda\" \/>\n<meta property=\"og:description\" content=\"Servicio P\u00fablico\" \/>\n<meta property=\"og:url\" content=\"https:\/\/digital58.com.ve\/site\/2022\/09\/15\/servicio-publico-gilberto-sandrea-diagnosticado-con-hidrocefalia-necesita-ayuda\/\" \/>\n<meta property=\"og:site_name\" content=\"Noticias Digital58\" \/>\n<meta property=\"article:published_time\" content=\"2022-09-15T20:50:16+00:00\" \/>\n<meta property=\"article:modified_time\" content=\"2022-10-11T05:35:05+00:00\" \/>\n<meta property=\"og:image\" content=\"https:\/\/digital58.com.ve\/site\/wp-content\/uploads\/2022\/09\/photo_4976643348668459710_y-e1663263290465.jpg\" \/>\n\t<meta property=\"og:image:width\" content=\"960\" \/>\n\t<meta property=\"og:image:height\" content=\"691\" \/>\n\t<meta property=\"og:image:type\" content=\"image\/jpeg\" \/>\n<meta name=\"author\" content=\"Caren A\u00f1ez\" \/>\n<meta name=\"twitter:card\" content=\"summary_large_image\" \/>\n<meta name=\"twitter:creator\" content=\"@carenanez\" \/>\n<meta name=\"twitter:site\" content=\"@villasmilhfoto\" \/>\n<meta name=\"twitter:label1\" content=\"Escrito por\" \/>\n\t<meta name=\"twitter:data1\" content=\"Caren A\u00f1ez\" \/>\n\t<meta name=\"twitter:label2\" content=\"Tiempo estimado de lectura\" \/>\n\t<meta name=\"twitter:data2\" content=\"1 minuto\" \/>\n<script type=\"application\/ld+json\" class=\"yoast-schema-graph\">{\"@context\":\"https:\\\/\\\/schema.org\",\"@graph\":[{\"@type\":\"Article\",\"@id\":\"https:\\\/\\\/digital58.com.ve\\\/site\\\/2022\\\/09\\\/15\\\/servicio-publico-gilberto-sandrea-diagnosticado-con-hidrocefalia-necesita-ayuda\\\/#article\",\"isPartOf\":{\"@id\":\"https:\\\/\\\/digital58.com.ve\\\/site\\\/2022\\\/09\\\/15\\\/servicio-publico-gilberto-sandrea-diagnosticado-con-hidrocefalia-necesita-ayuda\\\/\"},\"author\":{\"name\":\"Caren A\u00f1ez\",\"@id\":\"https:\\\/\\\/digital58.com.ve\\\/site\\\/#\\\/schema\\\/person\\\/38596b127602deaa13fbcd7585635238\"},\"headline\":\"#Servicio p\u00fablico | Gilberto Sandrea diagnosticado con hidrocefalia necesita ayuda\",\"datePublished\":\"2022-09-15T20:50:16+00:00\",\"dateModified\":\"2022-10-11T05:35:05+00:00\",\"mainEntityOfPage\":{\"@id\":\"https:\\\/\\\/digital58.com.ve\\\/site\\\/2022\\\/09\\\/15\\\/servicio-publico-gilberto-sandrea-diagnosticado-con-hidrocefalia-necesita-ayuda\\\/\"},\"wordCount\":153,\"commentCount\":0,\"publisher\":{\"@id\":\"https:\\\/\\\/digital58.com.ve\\\/site\\\/#\\\/schema\\\/person\\\/64d1c2e4d0d4fd1b849980c4331c2951\"},\"image\":{\"@id\":\"https:\\\/\\\/digital58.com.ve\\\/site\\\/2022\\\/09\\\/15\\\/servicio-publico-gilberto-sandrea-diagnosticado-con-hidrocefalia-necesita-ayuda\\\/#primaryimage\"},\"thumbnailUrl\":\"https:\\\/\\\/digital58.com.ve\\\/site\\\/wp-content\\\/uploads\\\/2022\\\/09\\\/photo_4976643348668459710_y-e1663263290465.jpg\",\"keywords\":[\"Ayuda\",\"Gilberto Sandrea\",\"Hidrocefalia\",\"Maracaibo\",\"Operaci\u00f3n\",\"Servicio P\u00fablico\"],\"articleSection\":[\"Servicio P\u00fablico\"],\"inLanguage\":\"es\",\"potentialAction\":[{\"@type\":\"CommentAction\",\"name\":\"Comment\",\"target\":[\"https:\\\/\\\/digital58.com.ve\\\/site\\\/2022\\\/09\\\/15\\\/servicio-publico-gilberto-sandrea-diagnosticado-con-hidrocefalia-necesita-ayuda\\\/#respond\"]}]},{\"@type\":\"WebPage\",\"@id\":\"https:\\\/\\\/digital58.com.ve\\\/site\\\/2022\\\/09\\\/15\\\/servicio-publico-gilberto-sandrea-diagnosticado-con-hidrocefalia-necesita-ayuda\\\/\",\"url\":\"https:\\\/\\\/digital58.com.ve\\\/site\\\/2022\\\/09\\\/15\\\/servicio-publico-gilberto-sandrea-diagnosticado-con-hidrocefalia-necesita-ayuda\\\/\",\"name\":\"#Servicio p\u00fablico | Gilberto Sandrea diagnosticado con hidrocefalia necesita ayuda\",\"isPartOf\":{\"@id\":\"https:\\\/\\\/digital58.com.ve\\\/site\\\/#website\"},\"primaryImageOfPage\":{\"@id\":\"https:\\\/\\\/digital58.com.ve\\\/site\\\/2022\\\/09\\\/15\\\/servicio-publico-gilberto-sandrea-diagnosticado-con-hidrocefalia-necesita-ayuda\\\/#primaryimage\"},\"image\":{\"@id\":\"https:\\\/\\\/digital58.com.ve\\\/site\\\/2022\\\/09\\\/15\\\/servicio-publico-gilberto-sandrea-diagnosticado-con-hidrocefalia-necesita-ayuda\\\/#primaryimage\"},\"thumbnailUrl\":\"https:\\\/\\\/digital58.com.ve\\\/site\\\/wp-content\\\/uploads\\\/2022\\\/09\\\/photo_4976643348668459710_y-e1663263290465.jpg\",\"datePublished\":\"2022-09-15T20:50:16+00:00\",\"dateModified\":\"2022-10-11T05:35:05+00:00\",\"description\":\"Servicio P\u00fablico\",\"breadcrumb\":{\"@id\":\"https:\\\/\\\/digital58.com.ve\\\/site\\\/2022\\\/09\\\/15\\\/servicio-publico-gilberto-sandrea-diagnosticado-con-hidrocefalia-necesita-ayuda\\\/#breadcrumb\"},\"inLanguage\":\"es\",\"potentialAction\":[{\"@type\":\"ReadAction\",\"target\":[\"https:\\\/\\\/digital58.com.ve\\\/site\\\/2022\\\/09\\\/15\\\/servicio-publico-gilberto-sandrea-diagnosticado-con-hidrocefalia-necesita-ayuda\\\/\"]}]},{\"@type\":\"ImageObject\",\"inLanguage\":\"es\",\"@id\":\"https:\\\/\\\/digital58.com.ve\\\/site\\\/2022\\\/09\\\/15\\\/servicio-publico-gilberto-sandrea-diagnosticado-con-hidrocefalia-necesita-ayuda\\\/#primaryimage\",\"url\":\"https:\\\/\\\/digital58.com.ve\\\/site\\\/wp-content\\\/uploads\\\/2022\\\/09\\\/photo_4976643348668459710_y-e1663263290465.jpg\",\"contentUrl\":\"https:\\\/\\\/digital58.com.ve\\\/site\\\/wp-content\\\/uploads\\\/2022\\\/09\\\/photo_4976643348668459710_y-e1663263290465.jpg\",\"width\":800,\"height\":576},{\"@type\":\"BreadcrumbList\",\"@id\":\"https:\\\/\\\/digital58.com.ve\\\/site\\\/2022\\\/09\\\/15\\\/servicio-publico-gilberto-sandrea-diagnosticado-con-hidrocefalia-necesita-ayuda\\\/#breadcrumb\",\"itemListElement\":[{\"@type\":\"ListItem\",\"position\":1,\"name\":\"Home\",\"item\":\"https:\\\/\\\/digital58.com.ve\\\/site\\\/\"},{\"@type\":\"ListItem\",\"position\":2,\"name\":\"#Servicio p\u00fablico | Gilberto Sandrea diagnosticado con hidrocefalia necesita ayuda\"}]},{\"@type\":\"WebSite\",\"@id\":\"https:\\\/\\\/digital58.com.ve\\\/site\\\/#website\",\"url\":\"https:\\\/\\\/digital58.com.ve\\\/site\\\/\",\"name\":\"Noticias Digital58\",\"description\":\"Portal de Noticias \u00a1Periodismo web de verdad! Lanzamiento web 22.11.2005 \\\/ Maracaibo, Venezuela\",\"publisher\":{\"@id\":\"https:\\\/\\\/digital58.com.ve\\\/site\\\/#\\\/schema\\\/person\\\/64d1c2e4d0d4fd1b849980c4331c2951\"},\"alternateName\":\"ND58\",\"potentialAction\":[{\"@type\":\"SearchAction\",\"target\":{\"@type\":\"EntryPoint\",\"urlTemplate\":\"https:\\\/\\\/digital58.com.ve\\\/site\\\/?s={search_term_string}\"},\"query-input\":{\"@type\":\"PropertyValueSpecification\",\"valueRequired\":true,\"valueName\":\"search_term_string\"}}],\"inLanguage\":\"es\"},{\"@type\":[\"Person\",\"Organization\"],\"@id\":\"https:\\\/\\\/digital58.com.ve\\\/site\\\/#\\\/schema\\\/person\\\/64d1c2e4d0d4fd1b849980c4331c2951\",\"name\":\"Villasmil Henry\",\"image\":{\"@type\":\"ImageObject\",\"inLanguage\":\"es\",\"@id\":\"https:\\\/\\\/secure.gravatar.com\\\/avatar\\\/bb0c4a2fcb7970138239f7e404ea75757b1b507b28b5ce4c53fbd62d797c5a7c?s=96&d=mm&r=g\",\"url\":\"https:\\\/\\\/secure.gravatar.com\\\/avatar\\\/bb0c4a2fcb7970138239f7e404ea75757b1b507b28b5ce4c53fbd62d797c5a7c?s=96&d=mm&r=g\",\"contentUrl\":\"https:\\\/\\\/secure.gravatar.com\\\/avatar\\\/bb0c4a2fcb7970138239f7e404ea75757b1b507b28b5ce4c53fbd62d797c5a7c?s=96&d=mm&r=g\",\"caption\":\"Villasmil Henry\"},\"logo\":{\"@id\":\"https:\\\/\\\/secure.gravatar.com\\\/avatar\\\/bb0c4a2fcb7970138239f7e404ea75757b1b507b28b5ce4c53fbd62d797c5a7c?s=96&d=mm&r=g\"},\"sameAs\":[\"http:\\\/\\\/www.henryvillasmil.com.ve\",\"https:\\\/\\\/www.instagram.com\\\/villasmilhfoto\\\/\",\"https:\\\/\\\/x.com\\\/https:\\\/\\\/twitter.com\\\/villasmilhfoto\"]},{\"@type\":\"Person\",\"@id\":\"https:\\\/\\\/digital58.com.ve\\\/site\\\/#\\\/schema\\\/person\\\/38596b127602deaa13fbcd7585635238\",\"name\":\"Caren A\u00f1ez\",\"image\":{\"@type\":\"ImageObject\",\"inLanguage\":\"es\",\"@id\":\"https:\\\/\\\/secure.gravatar.com\\\/avatar\\\/53aadd693aa414991c9ff2f2b19c39be94d2c342463b80f5402d344911bc9782?s=96&d=mm&r=g\",\"url\":\"https:\\\/\\\/secure.gravatar.com\\\/avatar\\\/53aadd693aa414991c9ff2f2b19c39be94d2c342463b80f5402d344911bc9782?s=96&d=mm&r=g\",\"contentUrl\":\"https:\\\/\\\/secure.gravatar.com\\\/avatar\\\/53aadd693aa414991c9ff2f2b19c39be94d2c342463b80f5402d344911bc9782?s=96&d=mm&r=g\",\"caption\":\"Caren A\u00f1ez\"},\"description\":\"\ud83d\udc69\u200d\ud83c\udfa4Editora en @digital_58 \ud83d\udc69\ud83c\udffb\u200d\ud83c\udfebPeriodista musical y de entretenimiento. \ud83d\udcf8Fotografa \ud83d\udc69\ud83c\udffb\u200d\ud83d\udcbbMedia Management. \ud83d\udc69\u200d\ud83d\udc67\u200d\ud83d\udc67AspieMon 24\\\/7\",\"sameAs\":[\"https:\\\/\\\/www.instagram.com\\\/carenanez\\\/\",\"https:\\\/\\\/x.com\\\/carenanez\"],\"url\":\"https:\\\/\\\/digital58.com.ve\\\/site\\\/author\\\/carena21\\\/\"}]}<\/script>\n<!-- \/ Yoast SEO plugin. -->","yoast_head_json":{"title":"#Servicio p\u00fablico | Gilberto Sandrea diagnosticado con hidrocefalia necesita ayuda","description":"Servicio P\u00fablico","robots":{"index":"index","follow":"follow","max-snippet":"max-snippet:-1","max-image-preview":"max-image-preview:large","max-video-preview":"max-video-preview:-1"},"canonical":"https:\/\/digital58.com.ve\/site\/2022\/09\/15\/servicio-publico-gilberto-sandrea-diagnosticado-con-hidrocefalia-necesita-ayuda\/","og_locale":"es_ES","og_type":"article","og_title":"#Servicio p\u00fablico | Gilberto Sandrea diagnosticado con hidrocefalia necesita ayuda","og_description":"Servicio P\u00fablico","og_url":"https:\/\/digital58.com.ve\/site\/2022\/09\/15\/servicio-publico-gilberto-sandrea-diagnosticado-con-hidrocefalia-necesita-ayuda\/","og_site_name":"Noticias Digital58","article_published_time":"2022-09-15T20:50:16+00:00","article_modified_time":"2022-10-11T05:35:05+00:00","og_image":[{"width":960,"height":691,"url":"https:\/\/digital58.com.ve\/site\/wp-content\/uploads\/2022\/09\/photo_4976643348668459710_y-e1663263290465.jpg","type":"image\/jpeg"}],"author":"Caren A\u00f1ez","twitter_card":"summary_large_image","twitter_creator":"@carenanez","twitter_site":"@villasmilhfoto","twitter_misc":{"Escrito por":"Caren A\u00f1ez","Tiempo estimado de lectura":"1 minuto"},"schema":{"@context":"https:\/\/schema.org","@graph":[{"@type":"Article","@id":"https:\/\/digital58.com.ve\/site\/2022\/09\/15\/servicio-publico-gilberto-sandrea-diagnosticado-con-hidrocefalia-necesita-ayuda\/#article","isPartOf":{"@id":"https:\/\/digital58.com.ve\/site\/2022\/09\/15\/servicio-publico-gilberto-sandrea-diagnosticado-con-hidrocefalia-necesita-ayuda\/"},"author":{"name":"Caren A\u00f1ez","@id":"https:\/\/digital58.com.ve\/site\/#\/schema\/person\/38596b127602deaa13fbcd7585635238"},"headline":"#Servicio p\u00fablico | Gilberto Sandrea diagnosticado con hidrocefalia necesita ayuda","datePublished":"2022-09-15T20:50:16+00:00","dateModified":"2022-10-11T05:35:05+00:00","mainEntityOfPage":{"@id":"https:\/\/digital58.com.ve\/site\/2022\/09\/15\/servicio-publico-gilberto-sandrea-diagnosticado-con-hidrocefalia-necesita-ayuda\/"},"wordCount":153,"commentCount":0,"publisher":{"@id":"https:\/\/digital58.com.ve\/site\/#\/schema\/person\/64d1c2e4d0d4fd1b849980c4331c2951"},"image":{"@id":"https:\/\/digital58.com.ve\/site\/2022\/09\/15\/servicio-publico-gilberto-sandrea-diagnosticado-con-hidrocefalia-necesita-ayuda\/#primaryimage"},"thumbnailUrl":"https:\/\/digital58.com.ve\/site\/wp-content\/uploads\/2022\/09\/photo_4976643348668459710_y-e1663263290465.jpg","keywords":["Ayuda","Gilberto Sandrea","Hidrocefalia","Maracaibo","Operaci\u00f3n","Servicio P\u00fablico"],"articleSection":["Servicio P\u00fablico"],"inLanguage":"es","potentialAction":[{"@type":"CommentAction","name":"Comment","target":["https:\/\/digital58.com.ve\/site\/2022\/09\/15\/servicio-publico-gilberto-sandrea-diagnosticado-con-hidrocefalia-necesita-ayuda\/#respond"]}]},{"@type":"WebPage","@id":"https:\/\/digital58.com.ve\/site\/2022\/09\/15\/servicio-publico-gilberto-sandrea-diagnosticado-con-hidrocefalia-necesita-ayuda\/","url":"https:\/\/digital58.com.ve\/site\/2022\/09\/15\/servicio-publico-gilberto-sandrea-diagnosticado-con-hidrocefalia-necesita-ayuda\/","name":"#Servicio p\u00fablico | Gilberto Sandrea diagnosticado con hidrocefalia necesita ayuda","isPartOf":{"@id":"https:\/\/digital58.com.ve\/site\/#website"},"primaryImageOfPage":{"@id":"https:\/\/digital58.com.ve\/site\/2022\/09\/15\/servicio-publico-gilberto-sandrea-diagnosticado-con-hidrocefalia-necesita-ayuda\/#primaryimage"},"image":{"@id":"https:\/\/digital58.com.ve\/site\/2022\/09\/15\/servicio-publico-gilberto-sandrea-diagnosticado-con-hidrocefalia-necesita-ayuda\/#primaryimage"},"thumbnailUrl":"https:\/\/digital58.com.ve\/site\/wp-content\/uploads\/2022\/09\/photo_4976643348668459710_y-e1663263290465.jpg","datePublished":"2022-09-15T20:50:16+00:00","dateModified":"2022-10-11T05:35:05+00:00","description":"Servicio P\u00fablico","breadcrumb":{"@id":"https:\/\/digital58.com.ve\/site\/2022\/09\/15\/servicio-publico-gilberto-sandrea-diagnosticado-con-hidrocefalia-necesita-ayuda\/#breadcrumb"},"inLanguage":"es","potentialAction":[{"@type":"ReadAction","target":["https:\/\/digital58.com.ve\/site\/2022\/09\/15\/servicio-publico-gilberto-sandrea-diagnosticado-con-hidrocefalia-necesita-ayuda\/"]}]},{"@type":"ImageObject","inLanguage":"es","@id":"https:\/\/digital58.com.ve\/site\/2022\/09\/15\/servicio-publico-gilberto-sandrea-diagnosticado-con-hidrocefalia-necesita-ayuda\/#primaryimage","url":"https:\/\/digital58.com.ve\/site\/wp-content\/uploads\/2022\/09\/photo_4976643348668459710_y-e1663263290465.jpg","contentUrl":"https:\/\/digital58.com.ve\/site\/wp-content\/uploads\/2022\/09\/photo_4976643348668459710_y-e1663263290465.jpg","width":800,"height":576},{"@type":"BreadcrumbList","@id":"https:\/\/digital58.com.ve\/site\/2022\/09\/15\/servicio-publico-gilberto-sandrea-diagnosticado-con-hidrocefalia-necesita-ayuda\/#breadcrumb","itemListElement":[{"@type":"ListItem","position":1,"name":"Home","item":"https:\/\/digital58.com.ve\/site\/"},{"@type":"ListItem","position":2,"name":"#Servicio p\u00fablico | Gilberto Sandrea diagnosticado con hidrocefalia necesita ayuda"}]},{"@type":"WebSite","@id":"https:\/\/digital58.com.ve\/site\/#website","url":"https:\/\/digital58.com.ve\/site\/","name":"Noticias Digital58","description":"Portal de Noticias \u00a1Periodismo web de verdad! Lanzamiento web 22.11.2005 \/ Maracaibo, Venezuela","publisher":{"@id":"https:\/\/digital58.com.ve\/site\/#\/schema\/person\/64d1c2e4d0d4fd1b849980c4331c2951"},"alternateName":"ND58","potentialAction":[{"@type":"SearchAction","target":{"@type":"EntryPoint","urlTemplate":"https:\/\/digital58.com.ve\/site\/?s={search_term_string}"},"query-input":{"@type":"PropertyValueSpecification","valueRequired":true,"valueName":"search_term_string"}}],"inLanguage":"es"},{"@type":["Person","Organization"],"@id":"https:\/\/digital58.com.ve\/site\/#\/schema\/person\/64d1c2e4d0d4fd1b849980c4331c2951","name":"Villasmil Henry","image":{"@type":"ImageObject","inLanguage":"es","@id":"https:\/\/secure.gravatar.com\/avatar\/bb0c4a2fcb7970138239f7e404ea75757b1b507b28b5ce4c53fbd62d797c5a7c?s=96&d=mm&r=g","url":"https:\/\/secure.gravatar.com\/avatar\/bb0c4a2fcb7970138239f7e404ea75757b1b507b28b5ce4c53fbd62d797c5a7c?s=96&d=mm&r=g","contentUrl":"https:\/\/secure.gravatar.com\/avatar\/bb0c4a2fcb7970138239f7e404ea75757b1b507b28b5ce4c53fbd62d797c5a7c?s=96&d=mm&r=g","caption":"Villasmil Henry"},"logo":{"@id":"https:\/\/secure.gravatar.com\/avatar\/bb0c4a2fcb7970138239f7e404ea75757b1b507b28b5ce4c53fbd62d797c5a7c?s=96&d=mm&r=g"},"sameAs":["http:\/\/www.henryvillasmil.com.ve","https:\/\/www.instagram.com\/villasmilhfoto\/","https:\/\/x.com\/https:\/\/twitter.com\/villasmilhfoto"]},{"@type":"Person","@id":"https:\/\/digital58.com.ve\/site\/#\/schema\/person\/38596b127602deaa13fbcd7585635238","name":"Caren A\u00f1ez","image":{"@type":"ImageObject","inLanguage":"es","@id":"https:\/\/secure.gravatar.com\/avatar\/53aadd693aa414991c9ff2f2b19c39be94d2c342463b80f5402d344911bc9782?s=96&d=mm&r=g","url":"https:\/\/secure.gravatar.com\/avatar\/53aadd693aa414991c9ff2f2b19c39be94d2c342463b80f5402d344911bc9782?s=96&d=mm&r=g","contentUrl":"https:\/\/secure.gravatar.com\/avatar\/53aadd693aa414991c9ff2f2b19c39be94d2c342463b80f5402d344911bc9782?s=96&d=mm&r=g","caption":"Caren A\u00f1ez"},"description":"\ud83d\udc69\u200d\ud83c\udfa4Editora en @digital_58 \ud83d\udc69\ud83c\udffb\u200d\ud83c\udfebPeriodista musical y de entretenimiento. \ud83d\udcf8Fotografa \ud83d\udc69\ud83c\udffb\u200d\ud83d\udcbbMedia Management. \ud83d\udc69\u200d\ud83d\udc67\u200d\ud83d\udc67AspieMon 24\/7","sameAs":["https:\/\/www.instagram.com\/carenanez\/","https:\/\/x.com\/carenanez"],"url":"https:\/\/digital58.com.ve\/site\/author\/carena21\/"}]}},"uagb_featured_image_src":{"full":["https:\/\/digital58.com.ve\/site\/wp-content\/uploads\/2022\/09\/photo_4976643348668459710_y-e1663263290465.jpg",800,576,false],"thumbnail":["https:\/\/digital58.com.ve\/site\/wp-content\/uploads\/2022\/09\/photo_4976643348668459710_y-e1663263290465-150x150.jpg",150,150,true],"medium":["https:\/\/digital58.com.ve\/site\/wp-content\/uploads\/2022\/09\/photo_4976643348668459710_y-e1663263290465-300x216.jpg",300,216,true],"medium_large":["https:\/\/digital58.com.ve\/site\/wp-content\/uploads\/2022\/09\/photo_4976643348668459710_y-e1663263290465-768x553.jpg",768,553,true],"large":["https:\/\/digital58.com.ve\/site\/wp-content\/uploads\/2022\/09\/photo_4976643348668459710_y-750x1000.jpg",750,1000,true],"1536x1536":["https:\/\/digital58.com.ve\/site\/wp-content\/uploads\/2022\/09\/photo_4976643348668459710_y-e1663263290465.jpg",800,576,false],"2048x2048":["https:\/\/digital58.com.ve\/site\/wp-content\/uploads\/2022\/09\/photo_4976643348668459710_y-e1663263290465.jpg",800,576,false],"colormag-highlighted-post":["https:\/\/digital58.com.ve\/site\/wp-content\/uploads\/2022\/09\/photo_4976643348668459710_y-e1663263290465-392x272.jpg",392,272,true],"colormag-featured-post-medium":["https:\/\/digital58.com.ve\/site\/wp-content\/uploads\/2022\/09\/photo_4976643348668459710_y-e1663263290465-390x205.jpg",390,205,true],"colormag-featured-post-small":["https:\/\/digital58.com.ve\/site\/wp-content\/uploads\/2022\/09\/photo_4976643348668459710_y-e1663263290465-130x90.jpg",130,90,true],"colormag-featured-image":["https:\/\/digital58.com.ve\/site\/wp-content\/uploads\/2022\/09\/photo_4976643348668459710_y-e1663263290465-800x445.jpg",800,445,true],"colormag-default-news":["https:\/\/digital58.com.ve\/site\/wp-content\/uploads\/2022\/09\/photo_4976643348668459710_y-e1663263290465.jpg",150,108,false],"colormag-featured-image-large":["https:\/\/digital58.com.ve\/site\/wp-content\/uploads\/2022\/09\/photo_4976643348668459710_y-e1663263290465.jpg",800,576,false]},"uagb_author_info":{"display_name":"Caren A\u00f1ez","author_link":"https:\/\/digital58.com.ve\/site\/author\/carena21\/"},"uagb_comment_info":0,"uagb_excerpt":"Familiares de Gilberto Sandrea requieren ayuda econ\u00f3mica para poder costear los gastos m\u00e9dicos. Maracaibo, Zulia 15 de septiembre de 2022","_links":{"self":[{"href":"https:\/\/digital58.com.ve\/site\/wp-json\/wp\/v2\/posts\/156492","targetHints":{"allow":["GET"]}}],"collection":[{"href":"https:\/\/digital58.com.ve\/site\/wp-json\/wp\/v2\/posts"}],"about":[{"href":"https:\/\/digital58.com.ve\/site\/wp-json\/wp\/v2\/types\/post"}],"author":[{"embeddable":true,"href":"https:\/\/digital58.com.ve\/site\/wp-json\/wp\/v2\/users\/39"}],"replies":[{"embeddable":true,"href":"https:\/\/digital58.com.ve\/site\/wp-json\/wp\/v2\/comments?post=156492"}],"version-history":[{"count":0,"href":"https:\/\/digital58.com.ve\/site\/wp-json\/wp\/v2\/posts\/156492\/revisions"}],"wp:featuredmedia":[{"embeddable":true,"href":"https:\/\/digital58.com.ve\/site\/wp-json\/wp\/v2\/media\/156510"}],"wp:attachment":[{"href":"https:\/\/digital58.com.ve\/site\/wp-json\/wp\/v2\/media?parent=156492"}],"wp:term":[{"taxonomy":"category","embeddable":true,"href":"https:\/\/digital58.com.ve\/site\/wp-json\/wp\/v2\/categories?post=156492"},{"taxonomy":"post_tag","embeddable":true,"href":"https:\/\/digital58.com.ve\/site\/wp-json\/wp\/v2\/tags?post=156492"}],"curies":[{"name":"wp","href":"https:\/\/api.w.org\/{rel}","templated":true}]}}