{"id":156503,"date":"2022-09-15T13:21:53","date_gmt":"2022-09-15T17:21:53","guid":{"rendered":"https:\/\/digital58.com.ve\/site\/?p=156503"},"modified":"2022-10-11T01:35:05","modified_gmt":"2022-10-11T05:35:05","slug":"laura-isabel-rubio-la-animadora-que-destaca-en-nueva-york","status":"publish","type":"post","link":"https:\/\/digital58.com.ve\/site\/2022\/09\/15\/laura-isabel-rubio-la-animadora-que-destaca-en-nueva-york\/","title":{"rendered":"Laura Isabel Rubio la animadora que destaca en Nueva York"},"content":{"rendered":"<p><img loading=\"lazy\" decoding=\"async\" class=\"alignnone size-full wp-image-156505\" src=\"https:\/\/digital58.com.ve\/site\/wp-content\/uploads\/2022\/09\/IMG-1995.jpg\" alt=\"\" width=\"853\" height=\"1280\" srcset=\"https:\/\/digital58.com.ve\/site\/wp-content\/uploads\/2022\/09\/IMG-1995.jpg 400w, https:\/\/digital58.com.ve\/site\/wp-content\/uploads\/2022\/09\/IMG-1995-200x300.jpg 200w, https:\/\/digital58.com.ve\/site\/wp-content\/uploads\/2022\/09\/IMG-1995-666x1000.jpg 666w, https:\/\/digital58.com.ve\/site\/wp-content\/uploads\/2022\/09\/IMG-1995-768x1152.jpg 768w\" sizes=\"auto, (max-width: 853px) 100vw, 853px\" \/><\/p>\n<p>La modelo destaca en el mundo de la moda, despu\u00e9s de su destacada participaci\u00f3n en el ConnectNYC 2022, evento donde se dan cita actores, modelos y cantantes, agentes de talento y grandes cazatalentos de Broadway, en el coraz\u00f3n de Nueva York, dando ese salto importante en su carrera como modelo internacional, presentando dos comerciales y mon\u00f3logo de actuaci\u00f3n.<\/p>\n<p><strong>Nueva York, Nueva York 15 de septiembre de 2022 (ND58).- <\/strong>Desde muy joven, <a href=\"http:\/\/www.instagram.com\/LauraIsabelRubio\"><strong>Laura Isabel Rubio<\/strong><\/a> trabaj\u00f3 como imagen de reconocidas tiendas y establecimientos comerciales, de su natal Maracaibo.<\/p>\n<p>Su paso por agencias nacionales e internacionales, como; Daenco, Tejedor, Gisselle Reyes e Informamodels la llevaron a participar en desfiles de moda, ser imagen de reconocidas personalidades, como el odont\u00f3logo de misses Gustavo Nava y el Dr. Ganm y de la emblem\u00e1tica Universidad Cat\u00f3lica Cecilio Acosta, casa de estudios, donde egres\u00f3 como comunicadora social.<\/p>\n<p><img loading=\"lazy\" decoding=\"async\" class=\"alignnone size-full wp-image-156506\" src=\"https:\/\/digital58.com.ve\/site\/wp-content\/uploads\/2022\/09\/IMG-6082.jpg\" alt=\"\" width=\"854\" height=\"1280\" srcset=\"https:\/\/digital58.com.ve\/site\/wp-content\/uploads\/2022\/09\/IMG-6082.jpg 400w, https:\/\/digital58.com.ve\/site\/wp-content\/uploads\/2022\/09\/IMG-6082-200x300.jpg 200w, https:\/\/digital58.com.ve\/site\/wp-content\/uploads\/2022\/09\/IMG-6082-667x1000.jpg 667w, https:\/\/digital58.com.ve\/site\/wp-content\/uploads\/2022\/09\/IMG-6082-768x1151.jpg 768w\" sizes=\"auto, (max-width: 854px) 100vw, 854px\" \/><\/p>\n<p>Su desempe\u00f1o como actriz, fue de la mano del director Carlos de Oliveira, en la academia de artes esc\u00e9nicas en el Centro Americano del estado Zulia, Cevaz. Adem\u00e1s de su destacada participaci\u00f3n en talleres de actuaci\u00f3n nacionales e internacionales, llegando a realizar mon\u00f3logos, roles protag\u00f3nicos y antag\u00f3nicos en m\u00e1s de 10 piezas teatrales en el Teatro Baralt, el Centro Americano del Zulia &#8211; Cevaz, el Centro de Artes L\u00eda Berm\u00fadez y el Centro de Artes Ateneo de Maracaibo.<\/p>\n<p>El Canal Once del Zulia juega un papel muy importante en su desenvolvimiento ante las c\u00e1maras, all\u00ed dio sus primeros pasos como TV <em>host<\/em> del programa \u00abDale Play\u00bby ancla del NotiOnce en el \u00e1rea de espect\u00e1culos, arte y entretenimiento, siendo testigos de su crecimiento por m\u00e1s de cinco a\u00f1os. Esta casa televisiva la recibe nuevamente con los brazos abiertos para conducir la secci\u00f3n de espect\u00e1culos.<\/p>\n<p>Actualmente, la Host Tv y Modelo Revelaci\u00f3n del a\u00f1o 2018 de los Premios Mara de Oro Internacional se encuentra prepar\u00e1ndose arduamente con la primera actriz de la televisi\u00f3n venezolana, Flor N\u00fa\u00f1ez, reforzando sus conocimientos y habilidades para un mejor desarrollo en comerciales y proyectos futuros, ya que le aguardan llamados de agencias internacionales como; Professionally Pretty Model &amp; Talent Agency y The Model Squad, para grandes proyectos dentro del mundo del modelaje.<\/p>\n<p class=\"p1\"><b>Redacci\u00f3n ND58 | NDP\u00a0<\/b><br \/>\n<b>Edici\u00f3n: \u00c1\u00f1ez, Caren\u00a0<\/b><br \/>\n<b>Gr\u00e1fica: Cortes\u00eda<\/b><\/p>\n<p>&nbsp;<\/p><div class=\"jswpc69ee1bfc6ccfc\" ><p style=\"text-align: center;\"><a href=\"https:\/\/t.me\/noticiasdigital58\" target=\"_blank\" rel=\"noopener\"><img class=\"aligncenter size-full wp-image-125363\" src=\"https:\/\/digital58.com.ve\/site\/wp-content\/uploads\/2021\/04\/banner-telegram-web-2021.png\" alt=\"\" width=\"600\" height=\"90\" \/><\/a><\/p><\/div><style type=\"text\/css\">\r\n@media screen and (min-width: 1201px) {\r\n.jswpc69ee1bfc6ccfc {\r\ndisplay: block;\r\n}\r\n}\r\n@media screen and (min-width: 993px) and (max-width: 1200px) {\r\n.jswpc69ee1bfc6ccfc {\r\ndisplay: block;\r\n}\r\n}\r\n@media screen and (min-width: 769px) and (max-width: 992px) {\r\n.jswpc69ee1bfc6ccfc {\r\ndisplay: block;\r\n}\r\n}\r\n@media screen and (min-width: 768px) and (max-width: 768px) {\r\n.jswpc69ee1bfc6ccfc {\r\ndisplay: block;\r\n}\r\n}\r\n@media screen and (max-width: 767px) {\r\n.jswpc69ee1bfc6ccfc {\r\ndisplay: block;\r\n}\r\n}\r\n<\/style>\r\n\n<p>&nbsp;<\/p>\n<div style=\"margin-top: 0px; margin-bottom: 0px;\" class=\"sharethis-inline-share-buttons\" ><\/div>","protected":false},"excerpt":{"rendered":"<p>La modelo destaca en el mundo de la moda, despu\u00e9s de su destacada participaci\u00f3n en el ConnectNYC 2022, evento donde<\/p>\n","protected":false},"author":39,"featured_media":156507,"comment_status":"open","ping_status":"closed","sticky":false,"template":"","format":"standard","meta":{"colormag_page_container_layout":"default_layout","colormag_page_sidebar_layout":"default_layout","_uag_custom_page_level_css":"","footnotes":""},"categories":[5414],"tags":[20181,3331,273,20737,29201,120,7748,12421],"class_list":["post-156503","post","type-post","status-publish","format-standard","has-post-thumbnail","hentry","category-talento_nacional","tag-animadora","tag-fama","tag-farandula","tag-laura-isabel-rubio","tag-model","tag-talento-nacional","tag-venezolana","tag-zuliana"],"yoast_head":"<!-- This site is optimized with the Yoast SEO plugin v27.4 - https:\/\/yoast.com\/product\/yoast-seo-wordpress\/ -->\n<title>Laura Isabel Rubio la animadora que destaca en Nueva York<\/title>\n<meta name=\"description\" content=\"Talento Nacional\" \/>\n<meta name=\"robots\" content=\"index, follow, max-snippet:-1, max-image-preview:large, max-video-preview:-1\" \/>\n<link rel=\"canonical\" href=\"https:\/\/digital58.com.ve\/site\/2022\/09\/15\/laura-isabel-rubio-la-animadora-que-destaca-en-nueva-york\/\" \/>\n<meta property=\"og:locale\" content=\"es_ES\" \/>\n<meta property=\"og:type\" content=\"article\" \/>\n<meta property=\"og:title\" content=\"Laura Isabel Rubio la animadora que destaca en Nueva York\" \/>\n<meta property=\"og:description\" content=\"Talento Nacional\" \/>\n<meta property=\"og:url\" content=\"https:\/\/digital58.com.ve\/site\/2022\/09\/15\/laura-isabel-rubio-la-animadora-que-destaca-en-nueva-york\/\" \/>\n<meta property=\"og:site_name\" content=\"Noticias Digital58\" \/>\n<meta property=\"article:published_time\" content=\"2022-09-15T17:21:53+00:00\" \/>\n<meta property=\"article:modified_time\" content=\"2022-10-11T05:35:05+00:00\" \/>\n<meta property=\"og:image\" content=\"https:\/\/digital58.com.ve\/site\/wp-content\/uploads\/2022\/09\/IMG-6084-e1663262560313.jpg\" \/>\n\t<meta property=\"og:image:width\" content=\"600\" \/>\n\t<meta property=\"og:image:height\" content=\"585\" \/>\n\t<meta property=\"og:image:type\" content=\"image\/jpeg\" \/>\n<meta name=\"author\" content=\"Caren A\u00f1ez\" \/>\n<meta name=\"twitter:card\" content=\"summary_large_image\" \/>\n<meta name=\"twitter:creator\" content=\"@carenanez\" \/>\n<meta name=\"twitter:site\" content=\"@villasmilhfoto\" \/>\n<meta name=\"twitter:label1\" content=\"Escrito por\" \/>\n\t<meta name=\"twitter:data1\" content=\"Caren A\u00f1ez\" \/>\n\t<meta name=\"twitter:label2\" content=\"Tiempo estimado de lectura\" \/>\n\t<meta name=\"twitter:data2\" content=\"3 minutos\" \/>\n<script type=\"application\/ld+json\" class=\"yoast-schema-graph\">{\"@context\":\"https:\\\/\\\/schema.org\",\"@graph\":[{\"@type\":\"Article\",\"@id\":\"https:\\\/\\\/digital58.com.ve\\\/site\\\/2022\\\/09\\\/15\\\/laura-isabel-rubio-la-animadora-que-destaca-en-nueva-york\\\/#article\",\"isPartOf\":{\"@id\":\"https:\\\/\\\/digital58.com.ve\\\/site\\\/2022\\\/09\\\/15\\\/laura-isabel-rubio-la-animadora-que-destaca-en-nueva-york\\\/\"},\"author\":{\"name\":\"Caren A\u00f1ez\",\"@id\":\"https:\\\/\\\/digital58.com.ve\\\/site\\\/#\\\/schema\\\/person\\\/38596b127602deaa13fbcd7585635238\"},\"headline\":\"Laura Isabel Rubio la animadora que destaca en Nueva York\",\"datePublished\":\"2022-09-15T17:21:53+00:00\",\"dateModified\":\"2022-10-11T05:35:05+00:00\",\"mainEntityOfPage\":{\"@id\":\"https:\\\/\\\/digital58.com.ve\\\/site\\\/2022\\\/09\\\/15\\\/laura-isabel-rubio-la-animadora-que-destaca-en-nueva-york\\\/\"},\"wordCount\":407,\"commentCount\":0,\"publisher\":{\"@id\":\"https:\\\/\\\/digital58.com.ve\\\/site\\\/#\\\/schema\\\/person\\\/64d1c2e4d0d4fd1b849980c4331c2951\"},\"image\":{\"@id\":\"https:\\\/\\\/digital58.com.ve\\\/site\\\/2022\\\/09\\\/15\\\/laura-isabel-rubio-la-animadora-que-destaca-en-nueva-york\\\/#primaryimage\"},\"thumbnailUrl\":\"https:\\\/\\\/digital58.com.ve\\\/site\\\/wp-content\\\/uploads\\\/2022\\\/09\\\/IMG-6084-e1663262560313.jpg\",\"keywords\":[\"Animadora\",\"Fama\",\"Far\u00e1ndula\",\"Laura Isabel Rubio\",\"model\",\"Talento Nacional\",\"Venezolana\",\"Zuliana\"],\"articleSection\":[\"Talento Nacional\"],\"inLanguage\":\"es\",\"potentialAction\":[{\"@type\":\"CommentAction\",\"name\":\"Comment\",\"target\":[\"https:\\\/\\\/digital58.com.ve\\\/site\\\/2022\\\/09\\\/15\\\/laura-isabel-rubio-la-animadora-que-destaca-en-nueva-york\\\/#respond\"]}]},{\"@type\":\"WebPage\",\"@id\":\"https:\\\/\\\/digital58.com.ve\\\/site\\\/2022\\\/09\\\/15\\\/laura-isabel-rubio-la-animadora-que-destaca-en-nueva-york\\\/\",\"url\":\"https:\\\/\\\/digital58.com.ve\\\/site\\\/2022\\\/09\\\/15\\\/laura-isabel-rubio-la-animadora-que-destaca-en-nueva-york\\\/\",\"name\":\"Laura Isabel Rubio la animadora que destaca en Nueva York\",\"isPartOf\":{\"@id\":\"https:\\\/\\\/digital58.com.ve\\\/site\\\/#website\"},\"primaryImageOfPage\":{\"@id\":\"https:\\\/\\\/digital58.com.ve\\\/site\\\/2022\\\/09\\\/15\\\/laura-isabel-rubio-la-animadora-que-destaca-en-nueva-york\\\/#primaryimage\"},\"image\":{\"@id\":\"https:\\\/\\\/digital58.com.ve\\\/site\\\/2022\\\/09\\\/15\\\/laura-isabel-rubio-la-animadora-que-destaca-en-nueva-york\\\/#primaryimage\"},\"thumbnailUrl\":\"https:\\\/\\\/digital58.com.ve\\\/site\\\/wp-content\\\/uploads\\\/2022\\\/09\\\/IMG-6084-e1663262560313.jpg\",\"datePublished\":\"2022-09-15T17:21:53+00:00\",\"dateModified\":\"2022-10-11T05:35:05+00:00\",\"description\":\"Talento Nacional\",\"breadcrumb\":{\"@id\":\"https:\\\/\\\/digital58.com.ve\\\/site\\\/2022\\\/09\\\/15\\\/laura-isabel-rubio-la-animadora-que-destaca-en-nueva-york\\\/#breadcrumb\"},\"inLanguage\":\"es\",\"potentialAction\":[{\"@type\":\"ReadAction\",\"target\":[\"https:\\\/\\\/digital58.com.ve\\\/site\\\/2022\\\/09\\\/15\\\/laura-isabel-rubio-la-animadora-que-destaca-en-nueva-york\\\/\"]}]},{\"@type\":\"ImageObject\",\"inLanguage\":\"es\",\"@id\":\"https:\\\/\\\/digital58.com.ve\\\/site\\\/2022\\\/09\\\/15\\\/laura-isabel-rubio-la-animadora-que-destaca-en-nueva-york\\\/#primaryimage\",\"url\":\"https:\\\/\\\/digital58.com.ve\\\/site\\\/wp-content\\\/uploads\\\/2022\\\/09\\\/IMG-6084-e1663262560313.jpg\",\"contentUrl\":\"https:\\\/\\\/digital58.com.ve\\\/site\\\/wp-content\\\/uploads\\\/2022\\\/09\\\/IMG-6084-e1663262560313.jpg\",\"width\":600,\"height\":585},{\"@type\":\"BreadcrumbList\",\"@id\":\"https:\\\/\\\/digital58.com.ve\\\/site\\\/2022\\\/09\\\/15\\\/laura-isabel-rubio-la-animadora-que-destaca-en-nueva-york\\\/#breadcrumb\",\"itemListElement\":[{\"@type\":\"ListItem\",\"position\":1,\"name\":\"Home\",\"item\":\"https:\\\/\\\/digital58.com.ve\\\/site\\\/\"},{\"@type\":\"ListItem\",\"position\":2,\"name\":\"Laura Isabel Rubio la animadora que destaca en Nueva York\"}]},{\"@type\":\"WebSite\",\"@id\":\"https:\\\/\\\/digital58.com.ve\\\/site\\\/#website\",\"url\":\"https:\\\/\\\/digital58.com.ve\\\/site\\\/\",\"name\":\"Noticias Digital58\",\"description\":\"Portal de Noticias \u00a1Periodismo web de verdad! Lanzamiento web 22.11.2005 \\\/ Maracaibo, Venezuela\",\"publisher\":{\"@id\":\"https:\\\/\\\/digital58.com.ve\\\/site\\\/#\\\/schema\\\/person\\\/64d1c2e4d0d4fd1b849980c4331c2951\"},\"alternateName\":\"ND58\",\"potentialAction\":[{\"@type\":\"SearchAction\",\"target\":{\"@type\":\"EntryPoint\",\"urlTemplate\":\"https:\\\/\\\/digital58.com.ve\\\/site\\\/?s={search_term_string}\"},\"query-input\":{\"@type\":\"PropertyValueSpecification\",\"valueRequired\":true,\"valueName\":\"search_term_string\"}}],\"inLanguage\":\"es\"},{\"@type\":[\"Person\",\"Organization\"],\"@id\":\"https:\\\/\\\/digital58.com.ve\\\/site\\\/#\\\/schema\\\/person\\\/64d1c2e4d0d4fd1b849980c4331c2951\",\"name\":\"Villasmil Henry\",\"image\":{\"@type\":\"ImageObject\",\"inLanguage\":\"es\",\"@id\":\"https:\\\/\\\/secure.gravatar.com\\\/avatar\\\/bb0c4a2fcb7970138239f7e404ea75757b1b507b28b5ce4c53fbd62d797c5a7c?s=96&d=mm&r=g\",\"url\":\"https:\\\/\\\/secure.gravatar.com\\\/avatar\\\/bb0c4a2fcb7970138239f7e404ea75757b1b507b28b5ce4c53fbd62d797c5a7c?s=96&d=mm&r=g\",\"contentUrl\":\"https:\\\/\\\/secure.gravatar.com\\\/avatar\\\/bb0c4a2fcb7970138239f7e404ea75757b1b507b28b5ce4c53fbd62d797c5a7c?s=96&d=mm&r=g\",\"caption\":\"Villasmil Henry\"},\"logo\":{\"@id\":\"https:\\\/\\\/secure.gravatar.com\\\/avatar\\\/bb0c4a2fcb7970138239f7e404ea75757b1b507b28b5ce4c53fbd62d797c5a7c?s=96&d=mm&r=g\"},\"sameAs\":[\"http:\\\/\\\/www.henryvillasmil.com.ve\",\"https:\\\/\\\/www.instagram.com\\\/villasmilhfoto\\\/\",\"https:\\\/\\\/x.com\\\/https:\\\/\\\/twitter.com\\\/villasmilhfoto\"]},{\"@type\":\"Person\",\"@id\":\"https:\\\/\\\/digital58.com.ve\\\/site\\\/#\\\/schema\\\/person\\\/38596b127602deaa13fbcd7585635238\",\"name\":\"Caren A\u00f1ez\",\"image\":{\"@type\":\"ImageObject\",\"inLanguage\":\"es\",\"@id\":\"https:\\\/\\\/secure.gravatar.com\\\/avatar\\\/53aadd693aa414991c9ff2f2b19c39be94d2c342463b80f5402d344911bc9782?s=96&d=mm&r=g\",\"url\":\"https:\\\/\\\/secure.gravatar.com\\\/avatar\\\/53aadd693aa414991c9ff2f2b19c39be94d2c342463b80f5402d344911bc9782?s=96&d=mm&r=g\",\"contentUrl\":\"https:\\\/\\\/secure.gravatar.com\\\/avatar\\\/53aadd693aa414991c9ff2f2b19c39be94d2c342463b80f5402d344911bc9782?s=96&d=mm&r=g\",\"caption\":\"Caren A\u00f1ez\"},\"description\":\"\ud83d\udc69\u200d\ud83c\udfa4Editora en @digital_58 \ud83d\udc69\ud83c\udffb\u200d\ud83c\udfebPeriodista musical y de entretenimiento. \ud83d\udcf8Fotografa \ud83d\udc69\ud83c\udffb\u200d\ud83d\udcbbMedia Management. \ud83d\udc69\u200d\ud83d\udc67\u200d\ud83d\udc67AspieMon 24\\\/7\",\"sameAs\":[\"https:\\\/\\\/www.instagram.com\\\/carenanez\\\/\",\"https:\\\/\\\/x.com\\\/carenanez\"],\"url\":\"https:\\\/\\\/digital58.com.ve\\\/site\\\/author\\\/carena21\\\/\"}]}<\/script>\n<!-- \/ Yoast SEO plugin. -->","yoast_head_json":{"title":"Laura Isabel Rubio la animadora que destaca en Nueva York","description":"Talento Nacional","robots":{"index":"index","follow":"follow","max-snippet":"max-snippet:-1","max-image-preview":"max-image-preview:large","max-video-preview":"max-video-preview:-1"},"canonical":"https:\/\/digital58.com.ve\/site\/2022\/09\/15\/laura-isabel-rubio-la-animadora-que-destaca-en-nueva-york\/","og_locale":"es_ES","og_type":"article","og_title":"Laura Isabel Rubio la animadora que destaca en Nueva York","og_description":"Talento Nacional","og_url":"https:\/\/digital58.com.ve\/site\/2022\/09\/15\/laura-isabel-rubio-la-animadora-que-destaca-en-nueva-york\/","og_site_name":"Noticias Digital58","article_published_time":"2022-09-15T17:21:53+00:00","article_modified_time":"2022-10-11T05:35:05+00:00","og_image":[{"width":600,"height":585,"url":"https:\/\/digital58.com.ve\/site\/wp-content\/uploads\/2022\/09\/IMG-6084-e1663262560313.jpg","type":"image\/jpeg"}],"author":"Caren A\u00f1ez","twitter_card":"summary_large_image","twitter_creator":"@carenanez","twitter_site":"@villasmilhfoto","twitter_misc":{"Escrito por":"Caren A\u00f1ez","Tiempo estimado de lectura":"3 minutos"},"schema":{"@context":"https:\/\/schema.org","@graph":[{"@type":"Article","@id":"https:\/\/digital58.com.ve\/site\/2022\/09\/15\/laura-isabel-rubio-la-animadora-que-destaca-en-nueva-york\/#article","isPartOf":{"@id":"https:\/\/digital58.com.ve\/site\/2022\/09\/15\/laura-isabel-rubio-la-animadora-que-destaca-en-nueva-york\/"},"author":{"name":"Caren A\u00f1ez","@id":"https:\/\/digital58.com.ve\/site\/#\/schema\/person\/38596b127602deaa13fbcd7585635238"},"headline":"Laura Isabel Rubio la animadora que destaca en Nueva York","datePublished":"2022-09-15T17:21:53+00:00","dateModified":"2022-10-11T05:35:05+00:00","mainEntityOfPage":{"@id":"https:\/\/digital58.com.ve\/site\/2022\/09\/15\/laura-isabel-rubio-la-animadora-que-destaca-en-nueva-york\/"},"wordCount":407,"commentCount":0,"publisher":{"@id":"https:\/\/digital58.com.ve\/site\/#\/schema\/person\/64d1c2e4d0d4fd1b849980c4331c2951"},"image":{"@id":"https:\/\/digital58.com.ve\/site\/2022\/09\/15\/laura-isabel-rubio-la-animadora-que-destaca-en-nueva-york\/#primaryimage"},"thumbnailUrl":"https:\/\/digital58.com.ve\/site\/wp-content\/uploads\/2022\/09\/IMG-6084-e1663262560313.jpg","keywords":["Animadora","Fama","Far\u00e1ndula","Laura Isabel Rubio","model","Talento Nacional","Venezolana","Zuliana"],"articleSection":["Talento Nacional"],"inLanguage":"es","potentialAction":[{"@type":"CommentAction","name":"Comment","target":["https:\/\/digital58.com.ve\/site\/2022\/09\/15\/laura-isabel-rubio-la-animadora-que-destaca-en-nueva-york\/#respond"]}]},{"@type":"WebPage","@id":"https:\/\/digital58.com.ve\/site\/2022\/09\/15\/laura-isabel-rubio-la-animadora-que-destaca-en-nueva-york\/","url":"https:\/\/digital58.com.ve\/site\/2022\/09\/15\/laura-isabel-rubio-la-animadora-que-destaca-en-nueva-york\/","name":"Laura Isabel Rubio la animadora que destaca en Nueva York","isPartOf":{"@id":"https:\/\/digital58.com.ve\/site\/#website"},"primaryImageOfPage":{"@id":"https:\/\/digital58.com.ve\/site\/2022\/09\/15\/laura-isabel-rubio-la-animadora-que-destaca-en-nueva-york\/#primaryimage"},"image":{"@id":"https:\/\/digital58.com.ve\/site\/2022\/09\/15\/laura-isabel-rubio-la-animadora-que-destaca-en-nueva-york\/#primaryimage"},"thumbnailUrl":"https:\/\/digital58.com.ve\/site\/wp-content\/uploads\/2022\/09\/IMG-6084-e1663262560313.jpg","datePublished":"2022-09-15T17:21:53+00:00","dateModified":"2022-10-11T05:35:05+00:00","description":"Talento Nacional","breadcrumb":{"@id":"https:\/\/digital58.com.ve\/site\/2022\/09\/15\/laura-isabel-rubio-la-animadora-que-destaca-en-nueva-york\/#breadcrumb"},"inLanguage":"es","potentialAction":[{"@type":"ReadAction","target":["https:\/\/digital58.com.ve\/site\/2022\/09\/15\/laura-isabel-rubio-la-animadora-que-destaca-en-nueva-york\/"]}]},{"@type":"ImageObject","inLanguage":"es","@id":"https:\/\/digital58.com.ve\/site\/2022\/09\/15\/laura-isabel-rubio-la-animadora-que-destaca-en-nueva-york\/#primaryimage","url":"https:\/\/digital58.com.ve\/site\/wp-content\/uploads\/2022\/09\/IMG-6084-e1663262560313.jpg","contentUrl":"https:\/\/digital58.com.ve\/site\/wp-content\/uploads\/2022\/09\/IMG-6084-e1663262560313.jpg","width":600,"height":585},{"@type":"BreadcrumbList","@id":"https:\/\/digital58.com.ve\/site\/2022\/09\/15\/laura-isabel-rubio-la-animadora-que-destaca-en-nueva-york\/#breadcrumb","itemListElement":[{"@type":"ListItem","position":1,"name":"Home","item":"https:\/\/digital58.com.ve\/site\/"},{"@type":"ListItem","position":2,"name":"Laura Isabel Rubio la animadora que destaca en Nueva York"}]},{"@type":"WebSite","@id":"https:\/\/digital58.com.ve\/site\/#website","url":"https:\/\/digital58.com.ve\/site\/","name":"Noticias Digital58","description":"Portal de Noticias \u00a1Periodismo web de verdad! Lanzamiento web 22.11.2005 \/ Maracaibo, Venezuela","publisher":{"@id":"https:\/\/digital58.com.ve\/site\/#\/schema\/person\/64d1c2e4d0d4fd1b849980c4331c2951"},"alternateName":"ND58","potentialAction":[{"@type":"SearchAction","target":{"@type":"EntryPoint","urlTemplate":"https:\/\/digital58.com.ve\/site\/?s={search_term_string}"},"query-input":{"@type":"PropertyValueSpecification","valueRequired":true,"valueName":"search_term_string"}}],"inLanguage":"es"},{"@type":["Person","Organization"],"@id":"https:\/\/digital58.com.ve\/site\/#\/schema\/person\/64d1c2e4d0d4fd1b849980c4331c2951","name":"Villasmil Henry","image":{"@type":"ImageObject","inLanguage":"es","@id":"https:\/\/secure.gravatar.com\/avatar\/bb0c4a2fcb7970138239f7e404ea75757b1b507b28b5ce4c53fbd62d797c5a7c?s=96&d=mm&r=g","url":"https:\/\/secure.gravatar.com\/avatar\/bb0c4a2fcb7970138239f7e404ea75757b1b507b28b5ce4c53fbd62d797c5a7c?s=96&d=mm&r=g","contentUrl":"https:\/\/secure.gravatar.com\/avatar\/bb0c4a2fcb7970138239f7e404ea75757b1b507b28b5ce4c53fbd62d797c5a7c?s=96&d=mm&r=g","caption":"Villasmil Henry"},"logo":{"@id":"https:\/\/secure.gravatar.com\/avatar\/bb0c4a2fcb7970138239f7e404ea75757b1b507b28b5ce4c53fbd62d797c5a7c?s=96&d=mm&r=g"},"sameAs":["http:\/\/www.henryvillasmil.com.ve","https:\/\/www.instagram.com\/villasmilhfoto\/","https:\/\/x.com\/https:\/\/twitter.com\/villasmilhfoto"]},{"@type":"Person","@id":"https:\/\/digital58.com.ve\/site\/#\/schema\/person\/38596b127602deaa13fbcd7585635238","name":"Caren A\u00f1ez","image":{"@type":"ImageObject","inLanguage":"es","@id":"https:\/\/secure.gravatar.com\/avatar\/53aadd693aa414991c9ff2f2b19c39be94d2c342463b80f5402d344911bc9782?s=96&d=mm&r=g","url":"https:\/\/secure.gravatar.com\/avatar\/53aadd693aa414991c9ff2f2b19c39be94d2c342463b80f5402d344911bc9782?s=96&d=mm&r=g","contentUrl":"https:\/\/secure.gravatar.com\/avatar\/53aadd693aa414991c9ff2f2b19c39be94d2c342463b80f5402d344911bc9782?s=96&d=mm&r=g","caption":"Caren A\u00f1ez"},"description":"\ud83d\udc69\u200d\ud83c\udfa4Editora en @digital_58 \ud83d\udc69\ud83c\udffb\u200d\ud83c\udfebPeriodista musical y de entretenimiento. \ud83d\udcf8Fotografa \ud83d\udc69\ud83c\udffb\u200d\ud83d\udcbbMedia Management. \ud83d\udc69\u200d\ud83d\udc67\u200d\ud83d\udc67AspieMon 24\/7","sameAs":["https:\/\/www.instagram.com\/carenanez\/","https:\/\/x.com\/carenanez"],"url":"https:\/\/digital58.com.ve\/site\/author\/carena21\/"}]}},"uagb_featured_image_src":{"full":["https:\/\/digital58.com.ve\/site\/wp-content\/uploads\/2022\/09\/IMG-6084-e1663262560313.jpg",600,585,false],"thumbnail":["https:\/\/digital58.com.ve\/site\/wp-content\/uploads\/2022\/09\/IMG-6084-e1663262560313-150x150.jpg",150,150,true],"medium":["https:\/\/digital58.com.ve\/site\/wp-content\/uploads\/2022\/09\/IMG-6084-e1663262560313-300x293.jpg",300,293,true],"medium_large":["https:\/\/digital58.com.ve\/site\/wp-content\/uploads\/2022\/09\/IMG-6084-768x1152.jpg",768,1152,true],"large":["https:\/\/digital58.com.ve\/site\/wp-content\/uploads\/2022\/09\/IMG-6084-667x1000.jpg",667,1000,true],"1536x1536":["https:\/\/digital58.com.ve\/site\/wp-content\/uploads\/2022\/09\/IMG-6084-1024x1536.jpg",1024,1536,true],"2048x2048":["https:\/\/digital58.com.ve\/site\/wp-content\/uploads\/2022\/09\/IMG-6084-1365x2048.jpg",1365,2048,true],"colormag-highlighted-post":["https:\/\/digital58.com.ve\/site\/wp-content\/uploads\/2022\/09\/IMG-6084-e1663262560313-392x272.jpg",392,272,true],"colormag-featured-post-medium":["https:\/\/digital58.com.ve\/site\/wp-content\/uploads\/2022\/09\/IMG-6084-e1663262560313-390x205.jpg",390,205,true],"colormag-featured-post-small":["https:\/\/digital58.com.ve\/site\/wp-content\/uploads\/2022\/09\/IMG-6084-e1663262560313-130x90.jpg",130,90,true],"colormag-featured-image":["https:\/\/digital58.com.ve\/site\/wp-content\/uploads\/2022\/09\/IMG-6084-e1663262560313-600x445.jpg",600,445,true],"colormag-default-news":["https:\/\/digital58.com.ve\/site\/wp-content\/uploads\/2022\/09\/IMG-6084-e1663262560313.jpg",150,146,false],"colormag-featured-image-large":["https:\/\/digital58.com.ve\/site\/wp-content\/uploads\/2022\/09\/IMG-6084-e1663262560313.jpg",600,585,false]},"uagb_author_info":{"display_name":"Caren A\u00f1ez","author_link":"https:\/\/digital58.com.ve\/site\/author\/carena21\/"},"uagb_comment_info":0,"uagb_excerpt":"La modelo destaca en el mundo de la moda, despu\u00e9s de su destacada participaci\u00f3n en el ConnectNYC 2022, evento donde","_links":{"self":[{"href":"https:\/\/digital58.com.ve\/site\/wp-json\/wp\/v2\/posts\/156503","targetHints":{"allow":["GET"]}}],"collection":[{"href":"https:\/\/digital58.com.ve\/site\/wp-json\/wp\/v2\/posts"}],"about":[{"href":"https:\/\/digital58.com.ve\/site\/wp-json\/wp\/v2\/types\/post"}],"author":[{"embeddable":true,"href":"https:\/\/digital58.com.ve\/site\/wp-json\/wp\/v2\/users\/39"}],"replies":[{"embeddable":true,"href":"https:\/\/digital58.com.ve\/site\/wp-json\/wp\/v2\/comments?post=156503"}],"version-history":[{"count":0,"href":"https:\/\/digital58.com.ve\/site\/wp-json\/wp\/v2\/posts\/156503\/revisions"}],"wp:featuredmedia":[{"embeddable":true,"href":"https:\/\/digital58.com.ve\/site\/wp-json\/wp\/v2\/media\/156507"}],"wp:attachment":[{"href":"https:\/\/digital58.com.ve\/site\/wp-json\/wp\/v2\/media?parent=156503"}],"wp:term":[{"taxonomy":"category","embeddable":true,"href":"https:\/\/digital58.com.ve\/site\/wp-json\/wp\/v2\/categories?post=156503"},{"taxonomy":"post_tag","embeddable":true,"href":"https:\/\/digital58.com.ve\/site\/wp-json\/wp\/v2\/tags?post=156503"}],"curies":[{"name":"wp","href":"https:\/\/api.w.org\/{rel}","templated":true}]}}