{"id":156576,"date":"2022-09-16T17:42:52","date_gmt":"2022-09-16T21:42:52","guid":{"rendered":"https:\/\/digital58.com.ve\/site\/?p=156576"},"modified":"2022-10-11T01:35:04","modified_gmt":"2022-10-11T05:35:04","slug":"beckham-espero-13-horas-de-cola-para-presentar-sus-respetos-a-la-reina-isabel-ii","status":"publish","type":"post","link":"https:\/\/digital58.com.ve\/site\/2022\/09\/16\/beckham-espero-13-horas-de-cola-para-presentar-sus-respetos-a-la-reina-isabel-ii\/","title":{"rendered":"Beckham esper\u00f3 13 horas de cola para presentar sus respetos a la reina Isabel II"},"content":{"rendered":"<p><img loading=\"lazy\" decoding=\"async\" class=\"alignnone size-full wp-image-156568\" src=\"https:\/\/digital58.com.ve\/site\/wp-content\/uploads\/2022\/09\/Beckham.jpeg\" alt=\"\" width=\"677\" height=\"444\" srcset=\"https:\/\/digital58.com.ve\/site\/wp-content\/uploads\/2022\/09\/Beckham.jpeg 677w, https:\/\/digital58.com.ve\/site\/wp-content\/uploads\/2022\/09\/Beckham-300x197.jpeg 300w\" sizes=\"auto, (max-width: 677px) 100vw, 677px\" \/>El exfutbolista David Beckham estuvo presente en la kilom\u00e9trica cola para ver la capilla ardiente de la reina Isabel II en Londres.<\/p>\n<p><strong>Londres, Inglaterra 16 de septiembre de 2022 (ND58).-<\/strong> Beckham, amigo de la familia real y que estuvo presente en la boda de Enrique y Meghan en 2018, se uni\u00f3 a las miles de personas presentes en la cola que recorre la orilla del r\u00edo T\u00e1mesis y que da acceso a ver el f\u00e9retro de la reina, que reposa en el Hall de Westminster.<\/p>\n<blockquote class=\"twitter-tweet\">\n<p dir=\"ltr\" lang=\"en\">David Beckham has joined thousands of people queueing to see the Queen lying in state to celebrate Britain&#8217;s &#8216;special&#8217; Queen.<\/p>\n<p>Beckham reportedly took a few selfies with fans, temporarily causing the queue to grind to a halt.<\/p>\n<p>Read more here: <a href=\"https:\/\/t.co\/98u47I72Ug\">https:\/\/t.co\/98u47I72Ug<\/a> <a href=\"https:\/\/t.co\/028wgZcFgc\">pic.twitter.com\/028wgZcFgc<\/a><\/p>\n<p>\u2014 Sky News (@SkyNews) <a href=\"https:\/\/twitter.com\/SkyNews\/status\/1570770020942086144?ref_src=twsrc%5Etfw\">September 16, 2022<\/a><\/p><\/blockquote>\n<p><script async src=\"https:\/\/platform.twitter.com\/widgets.js\" charset=\"utf-8\"><\/script><\/p>\n<p>Con un traje negro y una gorra, el que fuera futbolista de la selecci\u00f3n inglesa, el Real Madrid y el Manchester United; comparti\u00f3 \u00absandwiches\u00bb, \u00absorbete de lim\u00f3n\u00bb y \u00abdonuts\u00bb con el resto de personas presentes en la fila.<\/p>\n<blockquote class=\"twitter-tweet\">\n<p dir=\"ltr\" lang=\"es\">\ud83c\uddec\ud83c\udde7| David <a href=\"https:\/\/twitter.com\/hashtag\/Beckham?src=hash&amp;ref_src=twsrc%5Etfw\">#Beckham<\/a> hizo la fila como cualquier otro brit\u00e1nico, lleg\u00f3 a las 2am y reci\u00e9n a las 3:30pm pudo entrar a Westminster Hall.<\/p>\n<p>13,5 horas en la fila para despedirse de la Reina Isabel II.<a href=\"https:\/\/t.co\/wnu69XqFoW\">pic.twitter.com\/wnu69XqFoW<\/a><\/p>\n<p>\u2014 James Gatica Matheson (@JamesGMatheson) <a href=\"https:\/\/twitter.com\/JamesGMatheson\/status\/1570786485099704320?ref_src=twsrc%5Etfw\">September 16, 2022<\/a><\/p><\/blockquote>\n<p><script async src=\"https:\/\/platform.twitter.com\/widgets.js\" charset=\"utf-8\"><\/script><br \/>\nLa gente, al descubrir a Beckham entre la multitud, se ha hecho fotos con el exfutbolista, interrumpiendo el normal avance de la cola.<\/p>\n<p>Beckham no ha sido la \u00fanica celebridad en unirse a la fila estos d\u00edas y la exprimera ministra Theresa May tambi\u00e9n fue de las primeras en presentar sus respetos a la reina despu\u00e9s de esperar su turno como el resto.<\/p><div class=\"welun6a9bd7f0841ca\" ><p style=\"text-align: center;\"><a href=\"https:\/\/t.me\/noticiasdigital58\" target=\"_blank\" rel=\"noopener\"><img class=\"aligncenter size-full wp-image-125363\" src=\"https:\/\/digital58.com.ve\/site\/wp-content\/uploads\/2021\/04\/banner-telegram-web-2021.png\" alt=\"\" width=\"600\" height=\"90\" \/><\/a><\/p><\/div><style type=\"text\/css\">\r\n@media screen and (min-width: 1201px) {\r\n.welun6a9bd7f0841ca {\r\ndisplay: block;\r\n}\r\n}\r\n@media screen and (min-width: 993px) and (max-width: 1200px) {\r\n.welun6a9bd7f0841ca {\r\ndisplay: block;\r\n}\r\n}\r\n@media screen and (min-width: 769px) and (max-width: 992px) {\r\n.welun6a9bd7f0841ca {\r\ndisplay: block;\r\n}\r\n}\r\n@media screen and (min-width: 768px) and (max-width: 768px) {\r\n.welun6a9bd7f0841ca {\r\ndisplay: block;\r\n}\r\n}\r\n@media screen and (max-width: 767px) {\r\n.welun6a9bd7f0841ca {\r\ndisplay: block;\r\n}\r\n}\r\n<\/style>\r\n\n<p class=\"p1\"><b>Redacci\u00f3n ND58 | EFE<\/b><br \/>\n<b>Edici\u00f3n: \u00c1\u00f1ez, Caren\u00a0<\/b><br \/>\n<b>Gr\u00e1fica: Cortes\u00eda <\/b><\/p>\n<div style=\"margin-top: 0px; margin-bottom: 0px;\" class=\"sharethis-inline-share-buttons\" ><\/div>","protected":false},"excerpt":{"rendered":"<p>El exfutbolista David Beckham estuvo presente en la kilom\u00e9trica cola para ver la capilla ardiente de la reina Isabel II<\/p>\n","protected":false},"author":39,"featured_media":156568,"comment_status":"open","ping_status":"closed","sticky":false,"template":"","format":"standard","meta":{"colormag_page_container_layout":"default_layout","colormag_page_sidebar_layout":"default_layout","_uag_custom_page_level_css":"","footnotes":""},"categories":[16451],"tags":[23711,16435,29223,29224,113,24624,29139,29225],"class_list":["post-156576","post","type-post","status-publish","format-standard","has-post-thumbnail","hentry","category-mundo","tag-capilla-ardiente","tag-david-beckham","tag-exfutbolista","tag-hall-de-westminster","tag-inglaterra","tag-isabel-ii","tag-reina","tag-theresa-may"],"yoast_head":"<!-- This site is optimized with the Yoast SEO plugin v28.4 - https:\/\/yoast.com\/product\/yoast-seo-wordpress\/ -->\n<title>Beckham esper\u00f3 13 horas de cola para presentar sus respetos a la reina Isabel II<\/title>\n<meta name=\"description\" content=\"Mundo\" \/>\n<meta name=\"robots\" content=\"index, follow, max-snippet:-1, max-image-preview:large, max-video-preview:-1\" \/>\n<link rel=\"canonical\" href=\"https:\/\/digital58.com.ve\/site\/2022\/09\/16\/beckham-espero-13-horas-de-cola-para-presentar-sus-respetos-a-la-reina-isabel-ii\/\" \/>\n<meta property=\"og:locale\" content=\"es_ES\" \/>\n<meta property=\"og:type\" content=\"article\" \/>\n<meta property=\"og:title\" content=\"Beckham esper\u00f3 13 horas de cola para presentar sus respetos a la reina Isabel II\" \/>\n<meta property=\"og:description\" content=\"Mundo\" \/>\n<meta property=\"og:url\" content=\"https:\/\/digital58.com.ve\/site\/2022\/09\/16\/beckham-espero-13-horas-de-cola-para-presentar-sus-respetos-a-la-reina-isabel-ii\/\" \/>\n<meta property=\"og:site_name\" content=\"Noticias Digital58\" \/>\n<meta property=\"article:published_time\" content=\"2022-09-16T21:42:52+00:00\" \/>\n<meta property=\"article:modified_time\" content=\"2022-10-11T05:35:04+00:00\" \/>\n<meta property=\"og:image\" content=\"https:\/\/digital58.com.ve\/site\/wp-content\/uploads\/2022\/09\/Beckham.jpeg\" \/>\n\t<meta property=\"og:image:width\" content=\"677\" \/>\n\t<meta property=\"og:image:height\" content=\"444\" \/>\n\t<meta property=\"og:image:type\" content=\"image\/jpeg\" \/>\n<meta name=\"author\" content=\"Caren A\u00f1ez\" \/>\n<meta name=\"twitter:card\" content=\"summary_large_image\" \/>\n<meta name=\"twitter:creator\" content=\"@carenanez\" \/>\n<meta name=\"twitter:site\" content=\"@villasmilhfoto\" \/>\n<meta name=\"twitter:label1\" content=\"Escrito por\" \/>\n\t<meta name=\"twitter:data1\" content=\"Caren A\u00f1ez\" \/>\n\t<meta name=\"twitter:label2\" content=\"Tiempo estimado de lectura\" \/>\n\t<meta name=\"twitter:data2\" content=\"2 minutos\" \/>\n<script type=\"application\/ld+json\" class=\"yoast-schema-graph\">{\"@context\":\"https:\\\/\\\/schema.org\",\"@graph\":[{\"@type\":\"Article\",\"@id\":\"https:\\\/\\\/digital58.com.ve\\\/site\\\/2022\\\/09\\\/16\\\/beckham-espero-13-horas-de-cola-para-presentar-sus-respetos-a-la-reina-isabel-ii\\\/#article\",\"isPartOf\":{\"@id\":\"https:\\\/\\\/digital58.com.ve\\\/site\\\/2022\\\/09\\\/16\\\/beckham-espero-13-horas-de-cola-para-presentar-sus-respetos-a-la-reina-isabel-ii\\\/\"},\"author\":{\"name\":\"Caren A\u00f1ez\",\"@id\":\"https:\\\/\\\/digital58.com.ve\\\/site\\\/#\\\/schema\\\/person\\\/38596b127602deaa13fbcd7585635238\"},\"headline\":\"Beckham esper\u00f3 13 horas de cola para presentar sus respetos a la reina Isabel II\",\"datePublished\":\"2022-09-16T21:42:52+00:00\",\"dateModified\":\"2022-10-11T05:35:04+00:00\",\"mainEntityOfPage\":{\"@id\":\"https:\\\/\\\/digital58.com.ve\\\/site\\\/2022\\\/09\\\/16\\\/beckham-espero-13-horas-de-cola-para-presentar-sus-respetos-a-la-reina-isabel-ii\\\/\"},\"wordCount\":320,\"commentCount\":0,\"publisher\":{\"@id\":\"https:\\\/\\\/digital58.com.ve\\\/site\\\/#\\\/schema\\\/person\\\/64d1c2e4d0d4fd1b849980c4331c2951\"},\"image\":{\"@id\":\"https:\\\/\\\/digital58.com.ve\\\/site\\\/2022\\\/09\\\/16\\\/beckham-espero-13-horas-de-cola-para-presentar-sus-respetos-a-la-reina-isabel-ii\\\/#primaryimage\"},\"thumbnailUrl\":\"https:\\\/\\\/digital58.com.ve\\\/site\\\/wp-content\\\/uploads\\\/2022\\\/09\\\/Beckham.jpeg\",\"keywords\":[\"Capilla Ardiente\",\"David Beckham\",\"exfutbolista\",\"Hall de Westminster\",\"Inglaterra\",\"Isabel II\",\"Reina\",\"Theresa May\"],\"articleSection\":[\"Mundo\"],\"inLanguage\":\"es\",\"potentialAction\":[{\"@type\":\"CommentAction\",\"name\":\"Comment\",\"target\":[\"https:\\\/\\\/digital58.com.ve\\\/site\\\/2022\\\/09\\\/16\\\/beckham-espero-13-horas-de-cola-para-presentar-sus-respetos-a-la-reina-isabel-ii\\\/#respond\"]}]},{\"@type\":\"WebPage\",\"@id\":\"https:\\\/\\\/digital58.com.ve\\\/site\\\/2022\\\/09\\\/16\\\/beckham-espero-13-horas-de-cola-para-presentar-sus-respetos-a-la-reina-isabel-ii\\\/\",\"url\":\"https:\\\/\\\/digital58.com.ve\\\/site\\\/2022\\\/09\\\/16\\\/beckham-espero-13-horas-de-cola-para-presentar-sus-respetos-a-la-reina-isabel-ii\\\/\",\"name\":\"Beckham esper\u00f3 13 horas de cola para presentar sus respetos a la reina Isabel II\",\"isPartOf\":{\"@id\":\"https:\\\/\\\/digital58.com.ve\\\/site\\\/#website\"},\"primaryImageOfPage\":{\"@id\":\"https:\\\/\\\/digital58.com.ve\\\/site\\\/2022\\\/09\\\/16\\\/beckham-espero-13-horas-de-cola-para-presentar-sus-respetos-a-la-reina-isabel-ii\\\/#primaryimage\"},\"image\":{\"@id\":\"https:\\\/\\\/digital58.com.ve\\\/site\\\/2022\\\/09\\\/16\\\/beckham-espero-13-horas-de-cola-para-presentar-sus-respetos-a-la-reina-isabel-ii\\\/#primaryimage\"},\"thumbnailUrl\":\"https:\\\/\\\/digital58.com.ve\\\/site\\\/wp-content\\\/uploads\\\/2022\\\/09\\\/Beckham.jpeg\",\"datePublished\":\"2022-09-16T21:42:52+00:00\",\"dateModified\":\"2022-10-11T05:35:04+00:00\",\"description\":\"Mundo\",\"breadcrumb\":{\"@id\":\"https:\\\/\\\/digital58.com.ve\\\/site\\\/2022\\\/09\\\/16\\\/beckham-espero-13-horas-de-cola-para-presentar-sus-respetos-a-la-reina-isabel-ii\\\/#breadcrumb\"},\"inLanguage\":\"es\",\"potentialAction\":[{\"@type\":\"ReadAction\",\"target\":[\"https:\\\/\\\/digital58.com.ve\\\/site\\\/2022\\\/09\\\/16\\\/beckham-espero-13-horas-de-cola-para-presentar-sus-respetos-a-la-reina-isabel-ii\\\/\"]}]},{\"@type\":\"ImageObject\",\"inLanguage\":\"es\",\"@id\":\"https:\\\/\\\/digital58.com.ve\\\/site\\\/2022\\\/09\\\/16\\\/beckham-espero-13-horas-de-cola-para-presentar-sus-respetos-a-la-reina-isabel-ii\\\/#primaryimage\",\"url\":\"https:\\\/\\\/digital58.com.ve\\\/site\\\/wp-content\\\/uploads\\\/2022\\\/09\\\/Beckham.jpeg\",\"contentUrl\":\"https:\\\/\\\/digital58.com.ve\\\/site\\\/wp-content\\\/uploads\\\/2022\\\/09\\\/Beckham.jpeg\",\"width\":677,\"height\":444},{\"@type\":\"BreadcrumbList\",\"@id\":\"https:\\\/\\\/digital58.com.ve\\\/site\\\/2022\\\/09\\\/16\\\/beckham-espero-13-horas-de-cola-para-presentar-sus-respetos-a-la-reina-isabel-ii\\\/#breadcrumb\",\"itemListElement\":[{\"@type\":\"ListItem\",\"position\":1,\"name\":\"Home\",\"item\":\"https:\\\/\\\/digital58.com.ve\\\/site\\\/\"},{\"@type\":\"ListItem\",\"position\":2,\"name\":\"Beckham esper\u00f3 13 horas de cola para presentar sus respetos a la reina Isabel II\"}]},{\"@type\":\"WebSite\",\"@id\":\"https:\\\/\\\/digital58.com.ve\\\/site\\\/#website\",\"url\":\"https:\\\/\\\/digital58.com.ve\\\/site\\\/\",\"name\":\"Noticias Digital58\",\"description\":\"Portal de Noticias \u00a1Periodismo web de verdad! Lanzamiento web 22.11.2005 \\\/ Maracaibo, Venezuela\",\"publisher\":{\"@id\":\"https:\\\/\\\/digital58.com.ve\\\/site\\\/#\\\/schema\\\/person\\\/64d1c2e4d0d4fd1b849980c4331c2951\"},\"alternateName\":\"ND58\",\"potentialAction\":[{\"@type\":\"SearchAction\",\"target\":{\"@type\":\"EntryPoint\",\"urlTemplate\":\"https:\\\/\\\/digital58.com.ve\\\/site\\\/?s={search_term_string}\"},\"query-input\":{\"@type\":\"PropertyValueSpecification\",\"valueRequired\":true,\"valueName\":\"search_term_string\"}}],\"inLanguage\":\"es\"},{\"@type\":[\"Person\",\"Organization\"],\"@id\":\"https:\\\/\\\/digital58.com.ve\\\/site\\\/#\\\/schema\\\/person\\\/64d1c2e4d0d4fd1b849980c4331c2951\",\"name\":\"Villasmil Henry\",\"image\":{\"@type\":\"ImageObject\",\"inLanguage\":\"es\",\"@id\":\"https:\\\/\\\/secure.gravatar.com\\\/avatar\\\/bb0c4a2fcb7970138239f7e404ea75757b1b507b28b5ce4c53fbd62d797c5a7c?s=96&d=mm&r=g\",\"url\":\"https:\\\/\\\/secure.gravatar.com\\\/avatar\\\/bb0c4a2fcb7970138239f7e404ea75757b1b507b28b5ce4c53fbd62d797c5a7c?s=96&d=mm&r=g\",\"contentUrl\":\"https:\\\/\\\/secure.gravatar.com\\\/avatar\\\/bb0c4a2fcb7970138239f7e404ea75757b1b507b28b5ce4c53fbd62d797c5a7c?s=96&d=mm&r=g\",\"caption\":\"Villasmil Henry\"},\"logo\":{\"@id\":\"https:\\\/\\\/secure.gravatar.com\\\/avatar\\\/bb0c4a2fcb7970138239f7e404ea75757b1b507b28b5ce4c53fbd62d797c5a7c?s=96&d=mm&r=g\"},\"sameAs\":[\"http:\\\/\\\/www.henryvillasmil.com.ve\",\"https:\\\/\\\/www.instagram.com\\\/villasmilhfoto\\\/\",\"https:\\\/\\\/x.com\\\/https:\\\/\\\/twitter.com\\\/villasmilhfoto\"]},{\"@type\":\"Person\",\"@id\":\"https:\\\/\\\/digital58.com.ve\\\/site\\\/#\\\/schema\\\/person\\\/38596b127602deaa13fbcd7585635238\",\"name\":\"Caren A\u00f1ez\",\"image\":{\"@type\":\"ImageObject\",\"inLanguage\":\"es\",\"@id\":\"https:\\\/\\\/secure.gravatar.com\\\/avatar\\\/53aadd693aa414991c9ff2f2b19c39be94d2c342463b80f5402d344911bc9782?s=96&d=mm&r=g\",\"url\":\"https:\\\/\\\/secure.gravatar.com\\\/avatar\\\/53aadd693aa414991c9ff2f2b19c39be94d2c342463b80f5402d344911bc9782?s=96&d=mm&r=g\",\"contentUrl\":\"https:\\\/\\\/secure.gravatar.com\\\/avatar\\\/53aadd693aa414991c9ff2f2b19c39be94d2c342463b80f5402d344911bc9782?s=96&d=mm&r=g\",\"caption\":\"Caren A\u00f1ez\"},\"description\":\"\ud83d\udc69\u200d\ud83c\udfa4Editora en @digital_58 \ud83d\udc69\ud83c\udffb\u200d\ud83c\udfebPeriodista musical y de entretenimiento. \ud83d\udcf8Fotografa \ud83d\udc69\ud83c\udffb\u200d\ud83d\udcbbMedia Management. \ud83d\udc69\u200d\ud83d\udc67\u200d\ud83d\udc67AspieMon 24\\\/7\",\"sameAs\":[\"https:\\\/\\\/www.instagram.com\\\/carenanez\\\/\",\"https:\\\/\\\/x.com\\\/carenanez\"],\"url\":\"https:\\\/\\\/digital58.com.ve\\\/site\\\/author\\\/carena21\\\/\"}]}<\/script>\n<!-- \/ Yoast SEO plugin. -->","yoast_head_json":{"title":"Beckham esper\u00f3 13 horas de cola para presentar sus respetos a la reina Isabel II","description":"Mundo","robots":{"index":"index","follow":"follow","max-snippet":"max-snippet:-1","max-image-preview":"max-image-preview:large","max-video-preview":"max-video-preview:-1"},"canonical":"https:\/\/digital58.com.ve\/site\/2022\/09\/16\/beckham-espero-13-horas-de-cola-para-presentar-sus-respetos-a-la-reina-isabel-ii\/","og_locale":"es_ES","og_type":"article","og_title":"Beckham esper\u00f3 13 horas de cola para presentar sus respetos a la reina Isabel II","og_description":"Mundo","og_url":"https:\/\/digital58.com.ve\/site\/2022\/09\/16\/beckham-espero-13-horas-de-cola-para-presentar-sus-respetos-a-la-reina-isabel-ii\/","og_site_name":"Noticias Digital58","article_published_time":"2022-09-16T21:42:52+00:00","article_modified_time":"2022-10-11T05:35:04+00:00","og_image":[{"width":677,"height":444,"url":"https:\/\/digital58.com.ve\/site\/wp-content\/uploads\/2022\/09\/Beckham.jpeg","type":"image\/jpeg"}],"author":"Caren A\u00f1ez","twitter_card":"summary_large_image","twitter_creator":"@carenanez","twitter_site":"@villasmilhfoto","twitter_misc":{"Escrito por":"Caren A\u00f1ez","Tiempo estimado de lectura":"2 minutos"},"schema":{"@context":"https:\/\/schema.org","@graph":[{"@type":"Article","@id":"https:\/\/digital58.com.ve\/site\/2022\/09\/16\/beckham-espero-13-horas-de-cola-para-presentar-sus-respetos-a-la-reina-isabel-ii\/#article","isPartOf":{"@id":"https:\/\/digital58.com.ve\/site\/2022\/09\/16\/beckham-espero-13-horas-de-cola-para-presentar-sus-respetos-a-la-reina-isabel-ii\/"},"author":{"name":"Caren A\u00f1ez","@id":"https:\/\/digital58.com.ve\/site\/#\/schema\/person\/38596b127602deaa13fbcd7585635238"},"headline":"Beckham esper\u00f3 13 horas de cola para presentar sus respetos a la reina Isabel II","datePublished":"2022-09-16T21:42:52+00:00","dateModified":"2022-10-11T05:35:04+00:00","mainEntityOfPage":{"@id":"https:\/\/digital58.com.ve\/site\/2022\/09\/16\/beckham-espero-13-horas-de-cola-para-presentar-sus-respetos-a-la-reina-isabel-ii\/"},"wordCount":320,"commentCount":0,"publisher":{"@id":"https:\/\/digital58.com.ve\/site\/#\/schema\/person\/64d1c2e4d0d4fd1b849980c4331c2951"},"image":{"@id":"https:\/\/digital58.com.ve\/site\/2022\/09\/16\/beckham-espero-13-horas-de-cola-para-presentar-sus-respetos-a-la-reina-isabel-ii\/#primaryimage"},"thumbnailUrl":"https:\/\/digital58.com.ve\/site\/wp-content\/uploads\/2022\/09\/Beckham.jpeg","keywords":["Capilla Ardiente","David Beckham","exfutbolista","Hall de Westminster","Inglaterra","Isabel II","Reina","Theresa May"],"articleSection":["Mundo"],"inLanguage":"es","potentialAction":[{"@type":"CommentAction","name":"Comment","target":["https:\/\/digital58.com.ve\/site\/2022\/09\/16\/beckham-espero-13-horas-de-cola-para-presentar-sus-respetos-a-la-reina-isabel-ii\/#respond"]}]},{"@type":"WebPage","@id":"https:\/\/digital58.com.ve\/site\/2022\/09\/16\/beckham-espero-13-horas-de-cola-para-presentar-sus-respetos-a-la-reina-isabel-ii\/","url":"https:\/\/digital58.com.ve\/site\/2022\/09\/16\/beckham-espero-13-horas-de-cola-para-presentar-sus-respetos-a-la-reina-isabel-ii\/","name":"Beckham esper\u00f3 13 horas de cola para presentar sus respetos a la reina Isabel II","isPartOf":{"@id":"https:\/\/digital58.com.ve\/site\/#website"},"primaryImageOfPage":{"@id":"https:\/\/digital58.com.ve\/site\/2022\/09\/16\/beckham-espero-13-horas-de-cola-para-presentar-sus-respetos-a-la-reina-isabel-ii\/#primaryimage"},"image":{"@id":"https:\/\/digital58.com.ve\/site\/2022\/09\/16\/beckham-espero-13-horas-de-cola-para-presentar-sus-respetos-a-la-reina-isabel-ii\/#primaryimage"},"thumbnailUrl":"https:\/\/digital58.com.ve\/site\/wp-content\/uploads\/2022\/09\/Beckham.jpeg","datePublished":"2022-09-16T21:42:52+00:00","dateModified":"2022-10-11T05:35:04+00:00","description":"Mundo","breadcrumb":{"@id":"https:\/\/digital58.com.ve\/site\/2022\/09\/16\/beckham-espero-13-horas-de-cola-para-presentar-sus-respetos-a-la-reina-isabel-ii\/#breadcrumb"},"inLanguage":"es","potentialAction":[{"@type":"ReadAction","target":["https:\/\/digital58.com.ve\/site\/2022\/09\/16\/beckham-espero-13-horas-de-cola-para-presentar-sus-respetos-a-la-reina-isabel-ii\/"]}]},{"@type":"ImageObject","inLanguage":"es","@id":"https:\/\/digital58.com.ve\/site\/2022\/09\/16\/beckham-espero-13-horas-de-cola-para-presentar-sus-respetos-a-la-reina-isabel-ii\/#primaryimage","url":"https:\/\/digital58.com.ve\/site\/wp-content\/uploads\/2022\/09\/Beckham.jpeg","contentUrl":"https:\/\/digital58.com.ve\/site\/wp-content\/uploads\/2022\/09\/Beckham.jpeg","width":677,"height":444},{"@type":"BreadcrumbList","@id":"https:\/\/digital58.com.ve\/site\/2022\/09\/16\/beckham-espero-13-horas-de-cola-para-presentar-sus-respetos-a-la-reina-isabel-ii\/#breadcrumb","itemListElement":[{"@type":"ListItem","position":1,"name":"Home","item":"https:\/\/digital58.com.ve\/site\/"},{"@type":"ListItem","position":2,"name":"Beckham esper\u00f3 13 horas de cola para presentar sus respetos a la reina Isabel II"}]},{"@type":"WebSite","@id":"https:\/\/digital58.com.ve\/site\/#website","url":"https:\/\/digital58.com.ve\/site\/","name":"Noticias Digital58","description":"Portal de Noticias \u00a1Periodismo web de verdad! Lanzamiento web 22.11.2005 \/ Maracaibo, Venezuela","publisher":{"@id":"https:\/\/digital58.com.ve\/site\/#\/schema\/person\/64d1c2e4d0d4fd1b849980c4331c2951"},"alternateName":"ND58","potentialAction":[{"@type":"SearchAction","target":{"@type":"EntryPoint","urlTemplate":"https:\/\/digital58.com.ve\/site\/?s={search_term_string}"},"query-input":{"@type":"PropertyValueSpecification","valueRequired":true,"valueName":"search_term_string"}}],"inLanguage":"es"},{"@type":["Person","Organization"],"@id":"https:\/\/digital58.com.ve\/site\/#\/schema\/person\/64d1c2e4d0d4fd1b849980c4331c2951","name":"Villasmil Henry","image":{"@type":"ImageObject","inLanguage":"es","@id":"https:\/\/secure.gravatar.com\/avatar\/bb0c4a2fcb7970138239f7e404ea75757b1b507b28b5ce4c53fbd62d797c5a7c?s=96&d=mm&r=g","url":"https:\/\/secure.gravatar.com\/avatar\/bb0c4a2fcb7970138239f7e404ea75757b1b507b28b5ce4c53fbd62d797c5a7c?s=96&d=mm&r=g","contentUrl":"https:\/\/secure.gravatar.com\/avatar\/bb0c4a2fcb7970138239f7e404ea75757b1b507b28b5ce4c53fbd62d797c5a7c?s=96&d=mm&r=g","caption":"Villasmil Henry"},"logo":{"@id":"https:\/\/secure.gravatar.com\/avatar\/bb0c4a2fcb7970138239f7e404ea75757b1b507b28b5ce4c53fbd62d797c5a7c?s=96&d=mm&r=g"},"sameAs":["http:\/\/www.henryvillasmil.com.ve","https:\/\/www.instagram.com\/villasmilhfoto\/","https:\/\/x.com\/https:\/\/twitter.com\/villasmilhfoto"]},{"@type":"Person","@id":"https:\/\/digital58.com.ve\/site\/#\/schema\/person\/38596b127602deaa13fbcd7585635238","name":"Caren A\u00f1ez","image":{"@type":"ImageObject","inLanguage":"es","@id":"https:\/\/secure.gravatar.com\/avatar\/53aadd693aa414991c9ff2f2b19c39be94d2c342463b80f5402d344911bc9782?s=96&d=mm&r=g","url":"https:\/\/secure.gravatar.com\/avatar\/53aadd693aa414991c9ff2f2b19c39be94d2c342463b80f5402d344911bc9782?s=96&d=mm&r=g","contentUrl":"https:\/\/secure.gravatar.com\/avatar\/53aadd693aa414991c9ff2f2b19c39be94d2c342463b80f5402d344911bc9782?s=96&d=mm&r=g","caption":"Caren A\u00f1ez"},"description":"\ud83d\udc69\u200d\ud83c\udfa4Editora en @digital_58 \ud83d\udc69\ud83c\udffb\u200d\ud83c\udfebPeriodista musical y de entretenimiento. \ud83d\udcf8Fotografa \ud83d\udc69\ud83c\udffb\u200d\ud83d\udcbbMedia Management. \ud83d\udc69\u200d\ud83d\udc67\u200d\ud83d\udc67AspieMon 24\/7","sameAs":["https:\/\/www.instagram.com\/carenanez\/","https:\/\/x.com\/carenanez"],"url":"https:\/\/digital58.com.ve\/site\/author\/carena21\/"}]}},"uagb_featured_image_src":{"full":["https:\/\/digital58.com.ve\/site\/wp-content\/uploads\/2022\/09\/Beckham.jpeg",677,444,false],"thumbnail":["https:\/\/digital58.com.ve\/site\/wp-content\/uploads\/2022\/09\/Beckham-150x150.jpeg",150,150,true],"medium":["https:\/\/digital58.com.ve\/site\/wp-content\/uploads\/2022\/09\/Beckham-300x197.jpeg",300,197,true],"medium_large":["https:\/\/digital58.com.ve\/site\/wp-content\/uploads\/2022\/09\/Beckham.jpeg",677,444,false],"large":["https:\/\/digital58.com.ve\/site\/wp-content\/uploads\/2022\/09\/Beckham.jpeg",677,444,false],"1536x1536":["https:\/\/digital58.com.ve\/site\/wp-content\/uploads\/2022\/09\/Beckham.jpeg",677,444,false],"2048x2048":["https:\/\/digital58.com.ve\/site\/wp-content\/uploads\/2022\/09\/Beckham.jpeg",677,444,false],"colormag-highlighted-post":["https:\/\/digital58.com.ve\/site\/wp-content\/uploads\/2022\/09\/Beckham-392x272.jpeg",392,272,true],"colormag-featured-post-medium":["https:\/\/digital58.com.ve\/site\/wp-content\/uploads\/2022\/09\/Beckham-390x205.jpeg",390,205,true],"colormag-featured-post-small":["https:\/\/digital58.com.ve\/site\/wp-content\/uploads\/2022\/09\/Beckham-130x90.jpeg",130,90,true],"colormag-featured-image":["https:\/\/digital58.com.ve\/site\/wp-content\/uploads\/2022\/09\/Beckham.jpeg",677,444,false],"colormag-default-news":["https:\/\/digital58.com.ve\/site\/wp-content\/uploads\/2022\/09\/Beckham.jpeg",150,98,false],"colormag-featured-image-large":["https:\/\/digital58.com.ve\/site\/wp-content\/uploads\/2022\/09\/Beckham.jpeg",677,444,false]},"uagb_author_info":{"display_name":"Caren A\u00f1ez","author_link":"https:\/\/digital58.com.ve\/site\/author\/carena21\/"},"uagb_comment_info":0,"uagb_excerpt":"El exfutbolista David Beckham estuvo presente en la kilom\u00e9trica cola para ver la capilla ardiente de la reina Isabel II","_links":{"self":[{"href":"https:\/\/digital58.com.ve\/site\/wp-json\/wp\/v2\/posts\/156576","targetHints":{"allow":["GET"]}}],"collection":[{"href":"https:\/\/digital58.com.ve\/site\/wp-json\/wp\/v2\/posts"}],"about":[{"href":"https:\/\/digital58.com.ve\/site\/wp-json\/wp\/v2\/types\/post"}],"author":[{"embeddable":true,"href":"https:\/\/digital58.com.ve\/site\/wp-json\/wp\/v2\/users\/39"}],"replies":[{"embeddable":true,"href":"https:\/\/digital58.com.ve\/site\/wp-json\/wp\/v2\/comments?post=156576"}],"version-history":[{"count":0,"href":"https:\/\/digital58.com.ve\/site\/wp-json\/wp\/v2\/posts\/156576\/revisions"}],"wp:featuredmedia":[{"embeddable":true,"href":"https:\/\/digital58.com.ve\/site\/wp-json\/wp\/v2\/media\/156568"}],"wp:attachment":[{"href":"https:\/\/digital58.com.ve\/site\/wp-json\/wp\/v2\/media?parent=156576"}],"wp:term":[{"taxonomy":"category","embeddable":true,"href":"https:\/\/digital58.com.ve\/site\/wp-json\/wp\/v2\/categories?post=156576"},{"taxonomy":"post_tag","embeddable":true,"href":"https:\/\/digital58.com.ve\/site\/wp-json\/wp\/v2\/tags?post=156576"}],"curies":[{"name":"wp","href":"https:\/\/api.w.org\/{rel}","templated":true}]}}