{"id":156583,"date":"2022-09-16T17:58:23","date_gmt":"2022-09-16T21:58:23","guid":{"rendered":"https:\/\/digital58.com.ve\/site\/?p=156583"},"modified":"2022-10-11T01:35:03","modified_gmt":"2022-10-11T05:35:03","slug":"bukele-anuncia-que-buscara-la-reeleccion-en-elecciones-presidenciales-de-2024","status":"publish","type":"post","link":"https:\/\/digital58.com.ve\/site\/2022\/09\/16\/bukele-anuncia-que-buscara-la-reeleccion-en-elecciones-presidenciales-de-2024\/","title":{"rendered":"Bukele anuncia que buscar\u00e1 la reelecci\u00f3n en elecciones presidenciales de 2024"},"content":{"rendered":"<p><img loading=\"lazy\" decoding=\"async\" class=\"alignnone size-large wp-image-156585\" src=\"https:\/\/digital58.com.ve\/site\/wp-content\/uploads\/2022\/09\/FcvzLnkWYAAO-ll-1000x667.jpeg\" alt=\"\" width=\"800\" height=\"534\" srcset=\"https:\/\/digital58.com.ve\/site\/wp-content\/uploads\/2022\/09\/FcvzLnkWYAAO-ll-1000x667.jpeg 1000w, https:\/\/digital58.com.ve\/site\/wp-content\/uploads\/2022\/09\/FcvzLnkWYAAO-ll-300x200.jpeg 300w, https:\/\/digital58.com.ve\/site\/wp-content\/uploads\/2022\/09\/FcvzLnkWYAAO-ll-768x512.jpeg 768w, https:\/\/digital58.com.ve\/site\/wp-content\/uploads\/2022\/09\/FcvzLnkWYAAO-ll-1536x1024.jpeg 1536w, https:\/\/digital58.com.ve\/site\/wp-content\/uploads\/2022\/09\/FcvzLnkWYAAO-ll.jpeg 800w\" sizes=\"auto, (max-width: 800px) 100vw, 800px\" \/>El presidente de El Salvador, Nayib Bukele, anunci\u00f3 la noche de este jueves, en el marco del aniversario de la independencia de Centroam\u00e9rica, que buscar\u00e1 su reelecci\u00f3n en las elecciones presidenciales de 2024.<\/p>\n<p><strong>San Salvador, El Salvador 16 septiembre, 2022\u00a0 (ND58).-<\/strong>\u00abLuego de conversarlo con mi esposa, Gabriela y con mi familia, anuncio al pueblo salvadore\u00f1o que he decidido correr como candidato a la Presidencia en las elecciones de 2024\u00bb, anunci\u00f3 Bukele en una cadena nacional de radio y televisi\u00f3n.<\/p>\n<p>El mandatario es el primer presidente de la etapa democr\u00e1tica salvadore\u00f1a con la opci\u00f3n de buscar su reelecci\u00f3n inmediata tras un cambio de criterio hecho por los magistrados de la Sala de lo Constitucional que sus aliados en el Congreso eligieron en un proceso ampliamente criticado.<\/p>\n<p>En un fallo de septiembre de 2021, estos jueces se\u00f1alaron que la prohibici\u00f3n de la reelecci\u00f3n inmediata es para un gobernante que haya estado en el poder por 10 a\u00f1os, mientras que en sentencias anteriores un mandatario deb\u00eda terminar su per\u00edodo de 5 a\u00f1os y esperar 10 para buscar nuevamente la Presidencia.<\/p>\n<p><strong>Desde entonces, el presidente Bukele no se hab\u00eda pronunciado al respecto hasta este jueves.<\/strong><\/p>\n<p>El mandatario se\u00f1al\u00f3 que la decisi\u00f3n de buscar la reelecci\u00f3n es para que \u00abpodamos continuar este camino que hemos iniciado, el camino que por primera vez en nuestra historia ha demostrado ser el correcto\u00bb.<\/p>\n<p>\u00abDe seguro, de seguro, m\u00e1s de alg\u00fan pa\u00eds desarrollado no estar\u00e1 de acuerdo con esta decisi\u00f3n, pero no son ellos lo que decidir\u00e1n sino el pueblo salvadore\u00f1o\u00bb, apunt\u00f3 Bukele.<\/p>\n<p><strong>Y a\u00f1adi\u00f3: \u00abUn pueblo libre, soberano e independiente\u00bb.<\/strong><\/p>\n<p>Al cierre del tercer a\u00f1o del mandato, Bukele ha mantenido un amplio respaldo de la poblaci\u00f3n hacia su forma de gobernar y, de no ocurrir nada extraordinario de cara al final de su mandato, le alcanzar\u00eda para hacerse nuevamente con la silla presidencial.<\/p>\n<p>Actualmente, el Gobierno del presidente Bukele lleva a cabo una \u00abguerra contra las pandillas\u00bb, se\u00f1aladas de cometer la mayor\u00eda de homicidios que se registran en el pa\u00eds centroamericano.<\/p>\n<p><strong>De acuerdo con Bukele, se est\u00e1 a \u00abpunto de ganar\u00bb la \u00abguerra contra las pandillas\u00bb.<\/strong><\/p>\n<p>El Congreso de ampl\u00eda mayor\u00eda oficialista aprob\u00f3 la medida y la ha ampliado en seis ocasiones por periodos de 30 d\u00edas cada una, mientras que las autoridades reportan m\u00e1s de 52.500 detenciones y las organizaciones humanitarias m\u00e1s de seis mil 500 denuncias de atropellos a derechos humanos.<\/p>\n<p>\u00abEs hora que nosotros mismos nos convenzamos de que somos libres, soberanos e independientes, y sobre todo que queremos vivir en paz\u00bb, agreg\u00f3 el mandatario.<\/p><div class=\"sehgh69f5537e00788\" ><p style=\"text-align: center;\"><a href=\"https:\/\/t.me\/noticiasdigital58\" target=\"_blank\" rel=\"noopener\"><img class=\"aligncenter size-full wp-image-125363\" src=\"https:\/\/digital58.com.ve\/site\/wp-content\/uploads\/2021\/04\/banner-telegram-web-2021.png\" alt=\"\" width=\"600\" height=\"90\" \/><\/a><\/p><\/div><style type=\"text\/css\">\r\n@media screen and (min-width: 1201px) {\r\n.sehgh69f5537e00788 {\r\ndisplay: block;\r\n}\r\n}\r\n@media screen and (min-width: 993px) and (max-width: 1200px) {\r\n.sehgh69f5537e00788 {\r\ndisplay: block;\r\n}\r\n}\r\n@media screen and (min-width: 769px) and (max-width: 992px) {\r\n.sehgh69f5537e00788 {\r\ndisplay: block;\r\n}\r\n}\r\n@media screen and (min-width: 768px) and (max-width: 768px) {\r\n.sehgh69f5537e00788 {\r\ndisplay: block;\r\n}\r\n}\r\n@media screen and (max-width: 767px) {\r\n.sehgh69f5537e00788 {\r\ndisplay: block;\r\n}\r\n}\r\n<\/style>\r\n\n<p class=\"p1\"><b>Redacci\u00f3n ND58 |EFE<\/b><br \/>\n<b>Edici\u00f3n: \u00c1\u00f1ez, Caren\u00a0<\/b><br \/>\n<b>Gr\u00e1fica: Cortes\u00eda <\/b><\/p>\n<div style=\"margin-top: 0px; margin-bottom: 0px;\" class=\"sharethis-inline-share-buttons\" ><\/div>","protected":false},"excerpt":{"rendered":"<p>El presidente de El Salvador, Nayib Bukele, anunci\u00f3 la noche de este jueves, en el marco del aniversario de la<\/p>\n","protected":false},"author":39,"featured_media":156584,"comment_status":"open","ping_status":"closed","sticky":false,"template":"","format":"standard","meta":{"colormag_page_container_layout":"default_layout","colormag_page_sidebar_layout":"default_layout","_uag_custom_page_level_css":"","footnotes":""},"categories":[16451],"tags":[29232,9564,29233,10384,28304,8,1034,24540,29231],"class_list":["post-156583","post","type-post","status-publish","format-standard","has-post-thumbnail","hentry","category-mundo","tag-29232","tag-campana-politica","tag-congreso","tag-el-salvador","tag-elecciones-presidenciales-2024","tag-internacionales","tag-mundo","tag-nayib-bukele","tag-presicencia"],"yoast_head":"<!-- This site is optimized with the Yoast SEO plugin v27.5 - https:\/\/yoast.com\/product\/yoast-seo-wordpress\/ -->\n<title>Bukele anuncia que buscar\u00e1 la reelecci\u00f3n en elecciones presidenciales de 2024<\/title>\n<meta name=\"description\" content=\"Mundo\" \/>\n<meta name=\"robots\" content=\"index, follow, max-snippet:-1, max-image-preview:large, max-video-preview:-1\" \/>\n<link rel=\"canonical\" href=\"https:\/\/digital58.com.ve\/site\/2022\/09\/16\/bukele-anuncia-que-buscara-la-reeleccion-en-elecciones-presidenciales-de-2024\/\" \/>\n<meta property=\"og:locale\" content=\"es_ES\" \/>\n<meta property=\"og:type\" content=\"article\" \/>\n<meta property=\"og:title\" content=\"Bukele anuncia que buscar\u00e1 la reelecci\u00f3n en elecciones presidenciales de 2024\" \/>\n<meta property=\"og:description\" content=\"Mundo\" \/>\n<meta property=\"og:url\" content=\"https:\/\/digital58.com.ve\/site\/2022\/09\/16\/bukele-anuncia-que-buscara-la-reeleccion-en-elecciones-presidenciales-de-2024\/\" \/>\n<meta property=\"og:site_name\" content=\"Noticias Digital58\" \/>\n<meta property=\"article:published_time\" content=\"2022-09-16T21:58:23+00:00\" \/>\n<meta property=\"article:modified_time\" content=\"2022-10-11T05:35:03+00:00\" \/>\n<meta property=\"og:image\" content=\"https:\/\/digital58.com.ve\/site\/wp-content\/uploads\/2022\/09\/126747706_bukele.jpeg\" \/>\n\t<meta property=\"og:image:width\" content=\"640\" \/>\n\t<meta property=\"og:image:height\" content=\"360\" \/>\n\t<meta property=\"og:image:type\" content=\"image\/jpeg\" \/>\n<meta name=\"author\" content=\"Caren A\u00f1ez\" \/>\n<meta name=\"twitter:card\" content=\"summary_large_image\" \/>\n<meta name=\"twitter:creator\" content=\"@carenanez\" \/>\n<meta name=\"twitter:site\" content=\"@villasmilhfoto\" \/>\n<meta name=\"twitter:label1\" content=\"Escrito por\" \/>\n\t<meta name=\"twitter:data1\" content=\"Caren A\u00f1ez\" \/>\n\t<meta name=\"twitter:label2\" content=\"Tiempo estimado de lectura\" \/>\n\t<meta name=\"twitter:data2\" content=\"3 minutos\" \/>\n<script type=\"application\/ld+json\" class=\"yoast-schema-graph\">{\"@context\":\"https:\\\/\\\/schema.org\",\"@graph\":[{\"@type\":\"Article\",\"@id\":\"https:\\\/\\\/digital58.com.ve\\\/site\\\/2022\\\/09\\\/16\\\/bukele-anuncia-que-buscara-la-reeleccion-en-elecciones-presidenciales-de-2024\\\/#article\",\"isPartOf\":{\"@id\":\"https:\\\/\\\/digital58.com.ve\\\/site\\\/2022\\\/09\\\/16\\\/bukele-anuncia-que-buscara-la-reeleccion-en-elecciones-presidenciales-de-2024\\\/\"},\"author\":{\"name\":\"Caren A\u00f1ez\",\"@id\":\"https:\\\/\\\/digital58.com.ve\\\/site\\\/#\\\/schema\\\/person\\\/38596b127602deaa13fbcd7585635238\"},\"headline\":\"Bukele anuncia que buscar\u00e1 la reelecci\u00f3n en elecciones presidenciales de 2024\",\"datePublished\":\"2022-09-16T21:58:23+00:00\",\"dateModified\":\"2022-10-11T05:35:03+00:00\",\"mainEntityOfPage\":{\"@id\":\"https:\\\/\\\/digital58.com.ve\\\/site\\\/2022\\\/09\\\/16\\\/bukele-anuncia-que-buscara-la-reeleccion-en-elecciones-presidenciales-de-2024\\\/\"},\"wordCount\":471,\"commentCount\":0,\"publisher\":{\"@id\":\"https:\\\/\\\/digital58.com.ve\\\/site\\\/#\\\/schema\\\/person\\\/64d1c2e4d0d4fd1b849980c4331c2951\"},\"image\":{\"@id\":\"https:\\\/\\\/digital58.com.ve\\\/site\\\/2022\\\/09\\\/16\\\/bukele-anuncia-que-buscara-la-reeleccion-en-elecciones-presidenciales-de-2024\\\/#primaryimage\"},\"thumbnailUrl\":\"https:\\\/\\\/digital58.com.ve\\\/site\\\/wp-content\\\/uploads\\\/2022\\\/09\\\/126747706_bukele.jpeg\",\"keywords\":[\"2024\",\"Campa\u00f1a Pol\u00edtica\",\"congreso\",\"El Salvador\",\"Elecciones presidenciales 2024\",\"Internacionales\",\"Mundo\",\"Nayib Bukele\",\"Presicencia\"],\"articleSection\":[\"Mundo\"],\"inLanguage\":\"es\",\"potentialAction\":[{\"@type\":\"CommentAction\",\"name\":\"Comment\",\"target\":[\"https:\\\/\\\/digital58.com.ve\\\/site\\\/2022\\\/09\\\/16\\\/bukele-anuncia-que-buscara-la-reeleccion-en-elecciones-presidenciales-de-2024\\\/#respond\"]}]},{\"@type\":\"WebPage\",\"@id\":\"https:\\\/\\\/digital58.com.ve\\\/site\\\/2022\\\/09\\\/16\\\/bukele-anuncia-que-buscara-la-reeleccion-en-elecciones-presidenciales-de-2024\\\/\",\"url\":\"https:\\\/\\\/digital58.com.ve\\\/site\\\/2022\\\/09\\\/16\\\/bukele-anuncia-que-buscara-la-reeleccion-en-elecciones-presidenciales-de-2024\\\/\",\"name\":\"Bukele anuncia que buscar\u00e1 la reelecci\u00f3n en elecciones presidenciales de 2024\",\"isPartOf\":{\"@id\":\"https:\\\/\\\/digital58.com.ve\\\/site\\\/#website\"},\"primaryImageOfPage\":{\"@id\":\"https:\\\/\\\/digital58.com.ve\\\/site\\\/2022\\\/09\\\/16\\\/bukele-anuncia-que-buscara-la-reeleccion-en-elecciones-presidenciales-de-2024\\\/#primaryimage\"},\"image\":{\"@id\":\"https:\\\/\\\/digital58.com.ve\\\/site\\\/2022\\\/09\\\/16\\\/bukele-anuncia-que-buscara-la-reeleccion-en-elecciones-presidenciales-de-2024\\\/#primaryimage\"},\"thumbnailUrl\":\"https:\\\/\\\/digital58.com.ve\\\/site\\\/wp-content\\\/uploads\\\/2022\\\/09\\\/126747706_bukele.jpeg\",\"datePublished\":\"2022-09-16T21:58:23+00:00\",\"dateModified\":\"2022-10-11T05:35:03+00:00\",\"description\":\"Mundo\",\"breadcrumb\":{\"@id\":\"https:\\\/\\\/digital58.com.ve\\\/site\\\/2022\\\/09\\\/16\\\/bukele-anuncia-que-buscara-la-reeleccion-en-elecciones-presidenciales-de-2024\\\/#breadcrumb\"},\"inLanguage\":\"es\",\"potentialAction\":[{\"@type\":\"ReadAction\",\"target\":[\"https:\\\/\\\/digital58.com.ve\\\/site\\\/2022\\\/09\\\/16\\\/bukele-anuncia-que-buscara-la-reeleccion-en-elecciones-presidenciales-de-2024\\\/\"]}]},{\"@type\":\"ImageObject\",\"inLanguage\":\"es\",\"@id\":\"https:\\\/\\\/digital58.com.ve\\\/site\\\/2022\\\/09\\\/16\\\/bukele-anuncia-que-buscara-la-reeleccion-en-elecciones-presidenciales-de-2024\\\/#primaryimage\",\"url\":\"https:\\\/\\\/digital58.com.ve\\\/site\\\/wp-content\\\/uploads\\\/2022\\\/09\\\/126747706_bukele.jpeg\",\"contentUrl\":\"https:\\\/\\\/digital58.com.ve\\\/site\\\/wp-content\\\/uploads\\\/2022\\\/09\\\/126747706_bukele.jpeg\",\"width\":640,\"height\":360},{\"@type\":\"BreadcrumbList\",\"@id\":\"https:\\\/\\\/digital58.com.ve\\\/site\\\/2022\\\/09\\\/16\\\/bukele-anuncia-que-buscara-la-reeleccion-en-elecciones-presidenciales-de-2024\\\/#breadcrumb\",\"itemListElement\":[{\"@type\":\"ListItem\",\"position\":1,\"name\":\"Home\",\"item\":\"https:\\\/\\\/digital58.com.ve\\\/site\\\/\"},{\"@type\":\"ListItem\",\"position\":2,\"name\":\"Bukele anuncia que buscar\u00e1 la reelecci\u00f3n en elecciones presidenciales de 2024\"}]},{\"@type\":\"WebSite\",\"@id\":\"https:\\\/\\\/digital58.com.ve\\\/site\\\/#website\",\"url\":\"https:\\\/\\\/digital58.com.ve\\\/site\\\/\",\"name\":\"Noticias Digital58\",\"description\":\"Portal de Noticias \u00a1Periodismo web de verdad! Lanzamiento web 22.11.2005 \\\/ Maracaibo, Venezuela\",\"publisher\":{\"@id\":\"https:\\\/\\\/digital58.com.ve\\\/site\\\/#\\\/schema\\\/person\\\/64d1c2e4d0d4fd1b849980c4331c2951\"},\"alternateName\":\"ND58\",\"potentialAction\":[{\"@type\":\"SearchAction\",\"target\":{\"@type\":\"EntryPoint\",\"urlTemplate\":\"https:\\\/\\\/digital58.com.ve\\\/site\\\/?s={search_term_string}\"},\"query-input\":{\"@type\":\"PropertyValueSpecification\",\"valueRequired\":true,\"valueName\":\"search_term_string\"}}],\"inLanguage\":\"es\"},{\"@type\":[\"Person\",\"Organization\"],\"@id\":\"https:\\\/\\\/digital58.com.ve\\\/site\\\/#\\\/schema\\\/person\\\/64d1c2e4d0d4fd1b849980c4331c2951\",\"name\":\"Villasmil Henry\",\"image\":{\"@type\":\"ImageObject\",\"inLanguage\":\"es\",\"@id\":\"https:\\\/\\\/secure.gravatar.com\\\/avatar\\\/bb0c4a2fcb7970138239f7e404ea75757b1b507b28b5ce4c53fbd62d797c5a7c?s=96&d=mm&r=g\",\"url\":\"https:\\\/\\\/secure.gravatar.com\\\/avatar\\\/bb0c4a2fcb7970138239f7e404ea75757b1b507b28b5ce4c53fbd62d797c5a7c?s=96&d=mm&r=g\",\"contentUrl\":\"https:\\\/\\\/secure.gravatar.com\\\/avatar\\\/bb0c4a2fcb7970138239f7e404ea75757b1b507b28b5ce4c53fbd62d797c5a7c?s=96&d=mm&r=g\",\"caption\":\"Villasmil Henry\"},\"logo\":{\"@id\":\"https:\\\/\\\/secure.gravatar.com\\\/avatar\\\/bb0c4a2fcb7970138239f7e404ea75757b1b507b28b5ce4c53fbd62d797c5a7c?s=96&d=mm&r=g\"},\"sameAs\":[\"http:\\\/\\\/www.henryvillasmil.com.ve\",\"https:\\\/\\\/www.instagram.com\\\/villasmilhfoto\\\/\",\"https:\\\/\\\/x.com\\\/https:\\\/\\\/twitter.com\\\/villasmilhfoto\"]},{\"@type\":\"Person\",\"@id\":\"https:\\\/\\\/digital58.com.ve\\\/site\\\/#\\\/schema\\\/person\\\/38596b127602deaa13fbcd7585635238\",\"name\":\"Caren A\u00f1ez\",\"image\":{\"@type\":\"ImageObject\",\"inLanguage\":\"es\",\"@id\":\"https:\\\/\\\/secure.gravatar.com\\\/avatar\\\/53aadd693aa414991c9ff2f2b19c39be94d2c342463b80f5402d344911bc9782?s=96&d=mm&r=g\",\"url\":\"https:\\\/\\\/secure.gravatar.com\\\/avatar\\\/53aadd693aa414991c9ff2f2b19c39be94d2c342463b80f5402d344911bc9782?s=96&d=mm&r=g\",\"contentUrl\":\"https:\\\/\\\/secure.gravatar.com\\\/avatar\\\/53aadd693aa414991c9ff2f2b19c39be94d2c342463b80f5402d344911bc9782?s=96&d=mm&r=g\",\"caption\":\"Caren A\u00f1ez\"},\"description\":\"\ud83d\udc69\u200d\ud83c\udfa4Editora en @digital_58 \ud83d\udc69\ud83c\udffb\u200d\ud83c\udfebPeriodista musical y de entretenimiento. \ud83d\udcf8Fotografa \ud83d\udc69\ud83c\udffb\u200d\ud83d\udcbbMedia Management. \ud83d\udc69\u200d\ud83d\udc67\u200d\ud83d\udc67AspieMon 24\\\/7\",\"sameAs\":[\"https:\\\/\\\/www.instagram.com\\\/carenanez\\\/\",\"https:\\\/\\\/x.com\\\/carenanez\"],\"url\":\"https:\\\/\\\/digital58.com.ve\\\/site\\\/author\\\/carena21\\\/\"}]}<\/script>\n<!-- \/ Yoast SEO plugin. -->","yoast_head_json":{"title":"Bukele anuncia que buscar\u00e1 la reelecci\u00f3n en elecciones presidenciales de 2024","description":"Mundo","robots":{"index":"index","follow":"follow","max-snippet":"max-snippet:-1","max-image-preview":"max-image-preview:large","max-video-preview":"max-video-preview:-1"},"canonical":"https:\/\/digital58.com.ve\/site\/2022\/09\/16\/bukele-anuncia-que-buscara-la-reeleccion-en-elecciones-presidenciales-de-2024\/","og_locale":"es_ES","og_type":"article","og_title":"Bukele anuncia que buscar\u00e1 la reelecci\u00f3n en elecciones presidenciales de 2024","og_description":"Mundo","og_url":"https:\/\/digital58.com.ve\/site\/2022\/09\/16\/bukele-anuncia-que-buscara-la-reeleccion-en-elecciones-presidenciales-de-2024\/","og_site_name":"Noticias Digital58","article_published_time":"2022-09-16T21:58:23+00:00","article_modified_time":"2022-10-11T05:35:03+00:00","og_image":[{"width":640,"height":360,"url":"https:\/\/digital58.com.ve\/site\/wp-content\/uploads\/2022\/09\/126747706_bukele.jpeg","type":"image\/jpeg"}],"author":"Caren A\u00f1ez","twitter_card":"summary_large_image","twitter_creator":"@carenanez","twitter_site":"@villasmilhfoto","twitter_misc":{"Escrito por":"Caren A\u00f1ez","Tiempo estimado de lectura":"3 minutos"},"schema":{"@context":"https:\/\/schema.org","@graph":[{"@type":"Article","@id":"https:\/\/digital58.com.ve\/site\/2022\/09\/16\/bukele-anuncia-que-buscara-la-reeleccion-en-elecciones-presidenciales-de-2024\/#article","isPartOf":{"@id":"https:\/\/digital58.com.ve\/site\/2022\/09\/16\/bukele-anuncia-que-buscara-la-reeleccion-en-elecciones-presidenciales-de-2024\/"},"author":{"name":"Caren A\u00f1ez","@id":"https:\/\/digital58.com.ve\/site\/#\/schema\/person\/38596b127602deaa13fbcd7585635238"},"headline":"Bukele anuncia que buscar\u00e1 la reelecci\u00f3n en elecciones presidenciales de 2024","datePublished":"2022-09-16T21:58:23+00:00","dateModified":"2022-10-11T05:35:03+00:00","mainEntityOfPage":{"@id":"https:\/\/digital58.com.ve\/site\/2022\/09\/16\/bukele-anuncia-que-buscara-la-reeleccion-en-elecciones-presidenciales-de-2024\/"},"wordCount":471,"commentCount":0,"publisher":{"@id":"https:\/\/digital58.com.ve\/site\/#\/schema\/person\/64d1c2e4d0d4fd1b849980c4331c2951"},"image":{"@id":"https:\/\/digital58.com.ve\/site\/2022\/09\/16\/bukele-anuncia-que-buscara-la-reeleccion-en-elecciones-presidenciales-de-2024\/#primaryimage"},"thumbnailUrl":"https:\/\/digital58.com.ve\/site\/wp-content\/uploads\/2022\/09\/126747706_bukele.jpeg","keywords":["2024","Campa\u00f1a Pol\u00edtica","congreso","El Salvador","Elecciones presidenciales 2024","Internacionales","Mundo","Nayib Bukele","Presicencia"],"articleSection":["Mundo"],"inLanguage":"es","potentialAction":[{"@type":"CommentAction","name":"Comment","target":["https:\/\/digital58.com.ve\/site\/2022\/09\/16\/bukele-anuncia-que-buscara-la-reeleccion-en-elecciones-presidenciales-de-2024\/#respond"]}]},{"@type":"WebPage","@id":"https:\/\/digital58.com.ve\/site\/2022\/09\/16\/bukele-anuncia-que-buscara-la-reeleccion-en-elecciones-presidenciales-de-2024\/","url":"https:\/\/digital58.com.ve\/site\/2022\/09\/16\/bukele-anuncia-que-buscara-la-reeleccion-en-elecciones-presidenciales-de-2024\/","name":"Bukele anuncia que buscar\u00e1 la reelecci\u00f3n en elecciones presidenciales de 2024","isPartOf":{"@id":"https:\/\/digital58.com.ve\/site\/#website"},"primaryImageOfPage":{"@id":"https:\/\/digital58.com.ve\/site\/2022\/09\/16\/bukele-anuncia-que-buscara-la-reeleccion-en-elecciones-presidenciales-de-2024\/#primaryimage"},"image":{"@id":"https:\/\/digital58.com.ve\/site\/2022\/09\/16\/bukele-anuncia-que-buscara-la-reeleccion-en-elecciones-presidenciales-de-2024\/#primaryimage"},"thumbnailUrl":"https:\/\/digital58.com.ve\/site\/wp-content\/uploads\/2022\/09\/126747706_bukele.jpeg","datePublished":"2022-09-16T21:58:23+00:00","dateModified":"2022-10-11T05:35:03+00:00","description":"Mundo","breadcrumb":{"@id":"https:\/\/digital58.com.ve\/site\/2022\/09\/16\/bukele-anuncia-que-buscara-la-reeleccion-en-elecciones-presidenciales-de-2024\/#breadcrumb"},"inLanguage":"es","potentialAction":[{"@type":"ReadAction","target":["https:\/\/digital58.com.ve\/site\/2022\/09\/16\/bukele-anuncia-que-buscara-la-reeleccion-en-elecciones-presidenciales-de-2024\/"]}]},{"@type":"ImageObject","inLanguage":"es","@id":"https:\/\/digital58.com.ve\/site\/2022\/09\/16\/bukele-anuncia-que-buscara-la-reeleccion-en-elecciones-presidenciales-de-2024\/#primaryimage","url":"https:\/\/digital58.com.ve\/site\/wp-content\/uploads\/2022\/09\/126747706_bukele.jpeg","contentUrl":"https:\/\/digital58.com.ve\/site\/wp-content\/uploads\/2022\/09\/126747706_bukele.jpeg","width":640,"height":360},{"@type":"BreadcrumbList","@id":"https:\/\/digital58.com.ve\/site\/2022\/09\/16\/bukele-anuncia-que-buscara-la-reeleccion-en-elecciones-presidenciales-de-2024\/#breadcrumb","itemListElement":[{"@type":"ListItem","position":1,"name":"Home","item":"https:\/\/digital58.com.ve\/site\/"},{"@type":"ListItem","position":2,"name":"Bukele anuncia que buscar\u00e1 la reelecci\u00f3n en elecciones presidenciales de 2024"}]},{"@type":"WebSite","@id":"https:\/\/digital58.com.ve\/site\/#website","url":"https:\/\/digital58.com.ve\/site\/","name":"Noticias Digital58","description":"Portal de Noticias \u00a1Periodismo web de verdad! Lanzamiento web 22.11.2005 \/ Maracaibo, Venezuela","publisher":{"@id":"https:\/\/digital58.com.ve\/site\/#\/schema\/person\/64d1c2e4d0d4fd1b849980c4331c2951"},"alternateName":"ND58","potentialAction":[{"@type":"SearchAction","target":{"@type":"EntryPoint","urlTemplate":"https:\/\/digital58.com.ve\/site\/?s={search_term_string}"},"query-input":{"@type":"PropertyValueSpecification","valueRequired":true,"valueName":"search_term_string"}}],"inLanguage":"es"},{"@type":["Person","Organization"],"@id":"https:\/\/digital58.com.ve\/site\/#\/schema\/person\/64d1c2e4d0d4fd1b849980c4331c2951","name":"Villasmil Henry","image":{"@type":"ImageObject","inLanguage":"es","@id":"https:\/\/secure.gravatar.com\/avatar\/bb0c4a2fcb7970138239f7e404ea75757b1b507b28b5ce4c53fbd62d797c5a7c?s=96&d=mm&r=g","url":"https:\/\/secure.gravatar.com\/avatar\/bb0c4a2fcb7970138239f7e404ea75757b1b507b28b5ce4c53fbd62d797c5a7c?s=96&d=mm&r=g","contentUrl":"https:\/\/secure.gravatar.com\/avatar\/bb0c4a2fcb7970138239f7e404ea75757b1b507b28b5ce4c53fbd62d797c5a7c?s=96&d=mm&r=g","caption":"Villasmil Henry"},"logo":{"@id":"https:\/\/secure.gravatar.com\/avatar\/bb0c4a2fcb7970138239f7e404ea75757b1b507b28b5ce4c53fbd62d797c5a7c?s=96&d=mm&r=g"},"sameAs":["http:\/\/www.henryvillasmil.com.ve","https:\/\/www.instagram.com\/villasmilhfoto\/","https:\/\/x.com\/https:\/\/twitter.com\/villasmilhfoto"]},{"@type":"Person","@id":"https:\/\/digital58.com.ve\/site\/#\/schema\/person\/38596b127602deaa13fbcd7585635238","name":"Caren A\u00f1ez","image":{"@type":"ImageObject","inLanguage":"es","@id":"https:\/\/secure.gravatar.com\/avatar\/53aadd693aa414991c9ff2f2b19c39be94d2c342463b80f5402d344911bc9782?s=96&d=mm&r=g","url":"https:\/\/secure.gravatar.com\/avatar\/53aadd693aa414991c9ff2f2b19c39be94d2c342463b80f5402d344911bc9782?s=96&d=mm&r=g","contentUrl":"https:\/\/secure.gravatar.com\/avatar\/53aadd693aa414991c9ff2f2b19c39be94d2c342463b80f5402d344911bc9782?s=96&d=mm&r=g","caption":"Caren A\u00f1ez"},"description":"\ud83d\udc69\u200d\ud83c\udfa4Editora en @digital_58 \ud83d\udc69\ud83c\udffb\u200d\ud83c\udfebPeriodista musical y de entretenimiento. \ud83d\udcf8Fotografa \ud83d\udc69\ud83c\udffb\u200d\ud83d\udcbbMedia Management. \ud83d\udc69\u200d\ud83d\udc67\u200d\ud83d\udc67AspieMon 24\/7","sameAs":["https:\/\/www.instagram.com\/carenanez\/","https:\/\/x.com\/carenanez"],"url":"https:\/\/digital58.com.ve\/site\/author\/carena21\/"}]}},"uagb_featured_image_src":{"full":["https:\/\/digital58.com.ve\/site\/wp-content\/uploads\/2022\/09\/126747706_bukele.jpeg",640,360,false],"thumbnail":["https:\/\/digital58.com.ve\/site\/wp-content\/uploads\/2022\/09\/126747706_bukele-150x150.jpeg",150,150,true],"medium":["https:\/\/digital58.com.ve\/site\/wp-content\/uploads\/2022\/09\/126747706_bukele-300x169.jpeg",300,169,true],"medium_large":["https:\/\/digital58.com.ve\/site\/wp-content\/uploads\/2022\/09\/126747706_bukele.jpeg",640,360,false],"large":["https:\/\/digital58.com.ve\/site\/wp-content\/uploads\/2022\/09\/126747706_bukele.jpeg",640,360,false],"1536x1536":["https:\/\/digital58.com.ve\/site\/wp-content\/uploads\/2022\/09\/126747706_bukele.jpeg",640,360,false],"2048x2048":["https:\/\/digital58.com.ve\/site\/wp-content\/uploads\/2022\/09\/126747706_bukele.jpeg",640,360,false],"colormag-highlighted-post":["https:\/\/digital58.com.ve\/site\/wp-content\/uploads\/2022\/09\/126747706_bukele-392x272.jpeg",392,272,true],"colormag-featured-post-medium":["https:\/\/digital58.com.ve\/site\/wp-content\/uploads\/2022\/09\/126747706_bukele-390x205.jpeg",390,205,true],"colormag-featured-post-small":["https:\/\/digital58.com.ve\/site\/wp-content\/uploads\/2022\/09\/126747706_bukele-130x90.jpeg",130,90,true],"colormag-featured-image":["https:\/\/digital58.com.ve\/site\/wp-content\/uploads\/2022\/09\/126747706_bukele.jpeg",640,360,false],"colormag-default-news":["https:\/\/digital58.com.ve\/site\/wp-content\/uploads\/2022\/09\/126747706_bukele.jpeg",150,84,false],"colormag-featured-image-large":["https:\/\/digital58.com.ve\/site\/wp-content\/uploads\/2022\/09\/126747706_bukele.jpeg",640,360,false]},"uagb_author_info":{"display_name":"Caren A\u00f1ez","author_link":"https:\/\/digital58.com.ve\/site\/author\/carena21\/"},"uagb_comment_info":0,"uagb_excerpt":"El presidente de El Salvador, Nayib Bukele, anunci\u00f3 la noche de este jueves, en el marco del aniversario de la","_links":{"self":[{"href":"https:\/\/digital58.com.ve\/site\/wp-json\/wp\/v2\/posts\/156583","targetHints":{"allow":["GET"]}}],"collection":[{"href":"https:\/\/digital58.com.ve\/site\/wp-json\/wp\/v2\/posts"}],"about":[{"href":"https:\/\/digital58.com.ve\/site\/wp-json\/wp\/v2\/types\/post"}],"author":[{"embeddable":true,"href":"https:\/\/digital58.com.ve\/site\/wp-json\/wp\/v2\/users\/39"}],"replies":[{"embeddable":true,"href":"https:\/\/digital58.com.ve\/site\/wp-json\/wp\/v2\/comments?post=156583"}],"version-history":[{"count":0,"href":"https:\/\/digital58.com.ve\/site\/wp-json\/wp\/v2\/posts\/156583\/revisions"}],"wp:featuredmedia":[{"embeddable":true,"href":"https:\/\/digital58.com.ve\/site\/wp-json\/wp\/v2\/media\/156584"}],"wp:attachment":[{"href":"https:\/\/digital58.com.ve\/site\/wp-json\/wp\/v2\/media?parent=156583"}],"wp:term":[{"taxonomy":"category","embeddable":true,"href":"https:\/\/digital58.com.ve\/site\/wp-json\/wp\/v2\/categories?post=156583"},{"taxonomy":"post_tag","embeddable":true,"href":"https:\/\/digital58.com.ve\/site\/wp-json\/wp\/v2\/tags?post=156583"}],"curies":[{"name":"wp","href":"https:\/\/api.w.org\/{rel}","templated":true}]}}