{"id":156634,"date":"2022-09-17T20:58:27","date_gmt":"2022-09-18T00:58:27","guid":{"rendered":"https:\/\/digital58.com.ve\/site\/?p=156634"},"modified":"2022-10-11T01:35:02","modified_gmt":"2022-10-11T05:35:02","slug":"texas-envia-otro-bus-con-migrantes-a-la-residencia-de-kamala-harris","status":"publish","type":"post","link":"https:\/\/digital58.com.ve\/site\/2022\/09\/17\/texas-envia-otro-bus-con-migrantes-a-la-residencia-de-kamala-harris\/","title":{"rendered":"Texas env\u00eda otro bus con migrantes a la residencia de Kamala Harris"},"content":{"rendered":"<p><img loading=\"lazy\" decoding=\"async\" class=\"alignnone size-large wp-image-156637\" src=\"https:\/\/digital58.com.ve\/site\/wp-content\/uploads\/2022\/09\/el-gobernador-abbott-transporta-migrantes-a-la-casa-de-vicepresidenta-harris-en-dc-1000x667.webp\" alt=\"\" width=\"800\" height=\"534\" srcset=\"https:\/\/digital58.com.ve\/site\/wp-content\/uploads\/2022\/09\/el-gobernador-abbott-transporta-migrantes-a-la-casa-de-vicepresidenta-harris-en-dc-1000x667.webp 1000w, https:\/\/digital58.com.ve\/site\/wp-content\/uploads\/2022\/09\/el-gobernador-abbott-transporta-migrantes-a-la-casa-de-vicepresidenta-harris-en-dc-300x200.webp 300w, https:\/\/digital58.com.ve\/site\/wp-content\/uploads\/2022\/09\/el-gobernador-abbott-transporta-migrantes-a-la-casa-de-vicepresidenta-harris-en-dc-768x512.webp 768w, https:\/\/digital58.com.ve\/site\/wp-content\/uploads\/2022\/09\/el-gobernador-abbott-transporta-migrantes-a-la-casa-de-vicepresidenta-harris-en-dc.webp 1160w\" sizes=\"auto, (max-width: 800px) 100vw, 800px\" \/><\/p>\n<p>El gobernador de Texas, el republicano Greg Abbott, envi\u00f3 este s\u00e1bado un nuevo autob\u00fas con unos 50 migrantes indocumentados a las puertas de la residencia de la vicepresidenta de Estados Unidos, Kamala Harris, en Washington, un gesto criticado por organizaciones de derechos humanos.<\/p>\n<p><strong>Washington, DC\u00a0 17 de septiembre, 2022 (ND58).-<\/strong> La mayor\u00eda de migrantes son de Venezuela, incluido un beb\u00e9 de un mes, que fueron apeados en las inmediaciones del Observatorio Naval, al noroeste de la capital estadounidense, residencia de Harris, inform\u00f3 la cadena ultraconservadora Fox News.<\/p>\n<p><strong>Organizaciones humanitarias atendieron a estas personas con alimentaci\u00f3n y ropa, y las trasladaron r\u00e1pidamente a albergues en Washington.<\/strong><\/p>\n<p>Otros tres autobuses con migrantes enviados por el Gobierno de Texas llegaron este s\u00e1bado a Nueva York, como parte de la estrategia electoralista del gobernador texano para criticar la pol\u00edtica migratoria del presidente, Joe Biden.<\/p>\n<p>En abril pasado, Abbott anunci\u00f3 su intenci\u00f3n de mandar a indocumentados a Washington, en respuesta a la decisi\u00f3n del Gobierno de Biden de rescindir una normativa sanitaria que permit\u00eda expulsarlos por la pandemia de COVID-19, que no lleg\u00f3 a ponerse en marcha por el bloqueo de los tribunales.<\/p>\n<p>A principios de agosto, los autobuses con migrantes comenzaron a llegar a la ciudad de Nueva York y este mes a Chicago.<\/p>\n<p>El pasado jueves, dos autobuses fletados por Texas llegaron sin previo aviso a las puertas de la residencia de Kamala Harris en lugar de la estaci\u00f3n de trenes de Washington, la Union Station, donde las ONG estaban esperando a los migrantes.<\/p>\n<p><strong>Ese mismo d\u00eda, el gobernador de Florida, el tambi\u00e9n republicano Ron DeSantis,<\/strong> se sum\u00f3 a la estrategia de Abbott y flet\u00f3 dos aviones para enviar a migrantes indocumentados a Martha\u2019s Vineyard, exclusiva isla del estado de Massachussetts, donde tiene una residencia el expresidente Barack Obama (2009-2017).<\/p><div class=\"uzcrd69edf852be373\" ><p style=\"text-align: center;\"><a href=\"https:\/\/t.me\/noticiasdigital58\" target=\"_blank\" rel=\"noopener\"><img class=\"aligncenter size-full wp-image-125363\" src=\"https:\/\/digital58.com.ve\/site\/wp-content\/uploads\/2021\/04\/banner-telegram-web-2021.png\" alt=\"\" width=\"600\" height=\"90\" \/><\/a><\/p><\/div><style type=\"text\/css\">\r\n@media screen and (min-width: 1201px) {\r\n.uzcrd69edf852be373 {\r\ndisplay: block;\r\n}\r\n}\r\n@media screen and (min-width: 993px) and (max-width: 1200px) {\r\n.uzcrd69edf852be373 {\r\ndisplay: block;\r\n}\r\n}\r\n@media screen and (min-width: 769px) and (max-width: 992px) {\r\n.uzcrd69edf852be373 {\r\ndisplay: block;\r\n}\r\n}\r\n@media screen and (min-width: 768px) and (max-width: 768px) {\r\n.uzcrd69edf852be373 {\r\ndisplay: block;\r\n}\r\n}\r\n@media screen and (max-width: 767px) {\r\n.uzcrd69edf852be373 {\r\ndisplay: block;\r\n}\r\n}\r\n<\/style>\r\n\n<p class=\"p1\"><b>Redacci\u00f3n ND58 | EFE<\/b><br \/>\n<b>Edici\u00f3n: \u00c1\u00f1ez, Caren\u00a0<\/b><br \/>\n<b>Gr\u00e1fica: Cortes\u00eda <\/b><\/p>\n<div style=\"margin-top: 0px; margin-bottom: 0px;\" class=\"sharethis-inline-share-buttons\" ><\/div>","protected":false},"excerpt":{"rendered":"<p>El gobernador de Texas, el republicano Greg Abbott, envi\u00f3 este s\u00e1bado un nuevo autob\u00fas con unos 50 migrantes indocumentados a<\/p>\n","protected":false},"author":39,"featured_media":156636,"comment_status":"open","ping_status":"closed","sticky":false,"template":"","format":"standard","meta":{"colormag_page_container_layout":"default_layout","colormag_page_sidebar_layout":"default_layout","_uag_custom_page_level_css":"","footnotes":""},"categories":[16454],"tags":[4021,28420,961,20116,29197,14535,3755,19214,983,795,6307],"class_list":["post-156634","post","type-post","status-publish","format-standard","has-post-thumbnail","hentry","category-venezuela","tag-florida","tag-greg-abbott","tag-joe-biden","tag-kamala-harris","tag-marthas-vineyard","tag-migrantes","tag-nueva-york","tag-ron-desantis","tag-texas","tag-venezolanos","tag-washington"],"yoast_head":"<!-- This site is optimized with the Yoast SEO plugin v27.4 - https:\/\/yoast.com\/product\/yoast-seo-wordpress\/ -->\n<title>Texas env\u00eda otro bus con migrantes a la residencia de Kamala Harris<\/title>\n<meta name=\"description\" content=\"Venezuela\" \/>\n<meta name=\"robots\" content=\"index, follow, max-snippet:-1, max-image-preview:large, max-video-preview:-1\" \/>\n<link rel=\"canonical\" href=\"https:\/\/digital58.com.ve\/site\/2022\/09\/17\/texas-envia-otro-bus-con-migrantes-a-la-residencia-de-kamala-harris\/\" \/>\n<meta property=\"og:locale\" content=\"es_ES\" \/>\n<meta property=\"og:type\" content=\"article\" \/>\n<meta property=\"og:title\" content=\"Texas env\u00eda otro bus con migrantes a la residencia de Kamala Harris\" \/>\n<meta property=\"og:description\" content=\"Venezuela\" \/>\n<meta property=\"og:url\" content=\"https:\/\/digital58.com.ve\/site\/2022\/09\/17\/texas-envia-otro-bus-con-migrantes-a-la-residencia-de-kamala-harris\/\" \/>\n<meta property=\"og:site_name\" content=\"Noticias Digital58\" \/>\n<meta property=\"article:published_time\" content=\"2022-09-18T00:58:27+00:00\" \/>\n<meta property=\"article:modified_time\" content=\"2022-10-11T05:35:02+00:00\" \/>\n<meta property=\"og:image\" content=\"https:\/\/digital58.com.ve\/site\/wp-content\/uploads\/2022\/09\/migrantes2-960x540-1.webp\" \/>\n\t<meta property=\"og:image:width\" content=\"960\" \/>\n\t<meta property=\"og:image:height\" content=\"540\" \/>\n\t<meta property=\"og:image:type\" content=\"image\/webp\" \/>\n<meta name=\"author\" content=\"Caren A\u00f1ez\" \/>\n<meta name=\"twitter:card\" content=\"summary_large_image\" \/>\n<meta name=\"twitter:creator\" content=\"@carenanez\" \/>\n<meta name=\"twitter:site\" content=\"@villasmilhfoto\" \/>\n<meta name=\"twitter:label1\" content=\"Escrito por\" \/>\n\t<meta name=\"twitter:data1\" content=\"Caren A\u00f1ez\" \/>\n\t<meta name=\"twitter:label2\" content=\"Tiempo estimado de lectura\" \/>\n\t<meta name=\"twitter:data2\" content=\"2 minutos\" \/>\n<script type=\"application\/ld+json\" class=\"yoast-schema-graph\">{\"@context\":\"https:\\\/\\\/schema.org\",\"@graph\":[{\"@type\":\"Article\",\"@id\":\"https:\\\/\\\/digital58.com.ve\\\/site\\\/2022\\\/09\\\/17\\\/texas-envia-otro-bus-con-migrantes-a-la-residencia-de-kamala-harris\\\/#article\",\"isPartOf\":{\"@id\":\"https:\\\/\\\/digital58.com.ve\\\/site\\\/2022\\\/09\\\/17\\\/texas-envia-otro-bus-con-migrantes-a-la-residencia-de-kamala-harris\\\/\"},\"author\":{\"name\":\"Caren A\u00f1ez\",\"@id\":\"https:\\\/\\\/digital58.com.ve\\\/site\\\/#\\\/schema\\\/person\\\/38596b127602deaa13fbcd7585635238\"},\"headline\":\"Texas env\u00eda otro bus con migrantes a la residencia de Kamala Harris\",\"datePublished\":\"2022-09-18T00:58:27+00:00\",\"dateModified\":\"2022-10-11T05:35:02+00:00\",\"mainEntityOfPage\":{\"@id\":\"https:\\\/\\\/digital58.com.ve\\\/site\\\/2022\\\/09\\\/17\\\/texas-envia-otro-bus-con-migrantes-a-la-residencia-de-kamala-harris\\\/\"},\"wordCount\":334,\"commentCount\":0,\"publisher\":{\"@id\":\"https:\\\/\\\/digital58.com.ve\\\/site\\\/#\\\/schema\\\/person\\\/64d1c2e4d0d4fd1b849980c4331c2951\"},\"image\":{\"@id\":\"https:\\\/\\\/digital58.com.ve\\\/site\\\/2022\\\/09\\\/17\\\/texas-envia-otro-bus-con-migrantes-a-la-residencia-de-kamala-harris\\\/#primaryimage\"},\"thumbnailUrl\":\"https:\\\/\\\/digital58.com.ve\\\/site\\\/wp-content\\\/uploads\\\/2022\\\/09\\\/migrantes2-960x540-1.webp\",\"keywords\":[\"Florida\",\"Greg Abbott\",\"Joe Biden\",\"Kamala Harris\",\"Martha\u2019s Vineyard\",\"Migrantes\",\"Nueva York\",\"Ron DeSantis\",\"Texas\",\"Venezolanos\",\"Washington\"],\"articleSection\":[\"Venezuela\"],\"inLanguage\":\"es\",\"potentialAction\":[{\"@type\":\"CommentAction\",\"name\":\"Comment\",\"target\":[\"https:\\\/\\\/digital58.com.ve\\\/site\\\/2022\\\/09\\\/17\\\/texas-envia-otro-bus-con-migrantes-a-la-residencia-de-kamala-harris\\\/#respond\"]}]},{\"@type\":\"WebPage\",\"@id\":\"https:\\\/\\\/digital58.com.ve\\\/site\\\/2022\\\/09\\\/17\\\/texas-envia-otro-bus-con-migrantes-a-la-residencia-de-kamala-harris\\\/\",\"url\":\"https:\\\/\\\/digital58.com.ve\\\/site\\\/2022\\\/09\\\/17\\\/texas-envia-otro-bus-con-migrantes-a-la-residencia-de-kamala-harris\\\/\",\"name\":\"Texas env\u00eda otro bus con migrantes a la residencia de Kamala Harris\",\"isPartOf\":{\"@id\":\"https:\\\/\\\/digital58.com.ve\\\/site\\\/#website\"},\"primaryImageOfPage\":{\"@id\":\"https:\\\/\\\/digital58.com.ve\\\/site\\\/2022\\\/09\\\/17\\\/texas-envia-otro-bus-con-migrantes-a-la-residencia-de-kamala-harris\\\/#primaryimage\"},\"image\":{\"@id\":\"https:\\\/\\\/digital58.com.ve\\\/site\\\/2022\\\/09\\\/17\\\/texas-envia-otro-bus-con-migrantes-a-la-residencia-de-kamala-harris\\\/#primaryimage\"},\"thumbnailUrl\":\"https:\\\/\\\/digital58.com.ve\\\/site\\\/wp-content\\\/uploads\\\/2022\\\/09\\\/migrantes2-960x540-1.webp\",\"datePublished\":\"2022-09-18T00:58:27+00:00\",\"dateModified\":\"2022-10-11T05:35:02+00:00\",\"description\":\"Venezuela\",\"breadcrumb\":{\"@id\":\"https:\\\/\\\/digital58.com.ve\\\/site\\\/2022\\\/09\\\/17\\\/texas-envia-otro-bus-con-migrantes-a-la-residencia-de-kamala-harris\\\/#breadcrumb\"},\"inLanguage\":\"es\",\"potentialAction\":[{\"@type\":\"ReadAction\",\"target\":[\"https:\\\/\\\/digital58.com.ve\\\/site\\\/2022\\\/09\\\/17\\\/texas-envia-otro-bus-con-migrantes-a-la-residencia-de-kamala-harris\\\/\"]}]},{\"@type\":\"ImageObject\",\"inLanguage\":\"es\",\"@id\":\"https:\\\/\\\/digital58.com.ve\\\/site\\\/2022\\\/09\\\/17\\\/texas-envia-otro-bus-con-migrantes-a-la-residencia-de-kamala-harris\\\/#primaryimage\",\"url\":\"https:\\\/\\\/digital58.com.ve\\\/site\\\/wp-content\\\/uploads\\\/2022\\\/09\\\/migrantes2-960x540-1.webp\",\"contentUrl\":\"https:\\\/\\\/digital58.com.ve\\\/site\\\/wp-content\\\/uploads\\\/2022\\\/09\\\/migrantes2-960x540-1.webp\",\"width\":960,\"height\":540},{\"@type\":\"BreadcrumbList\",\"@id\":\"https:\\\/\\\/digital58.com.ve\\\/site\\\/2022\\\/09\\\/17\\\/texas-envia-otro-bus-con-migrantes-a-la-residencia-de-kamala-harris\\\/#breadcrumb\",\"itemListElement\":[{\"@type\":\"ListItem\",\"position\":1,\"name\":\"Home\",\"item\":\"https:\\\/\\\/digital58.com.ve\\\/site\\\/\"},{\"@type\":\"ListItem\",\"position\":2,\"name\":\"Texas env\u00eda otro bus con migrantes a la residencia de Kamala Harris\"}]},{\"@type\":\"WebSite\",\"@id\":\"https:\\\/\\\/digital58.com.ve\\\/site\\\/#website\",\"url\":\"https:\\\/\\\/digital58.com.ve\\\/site\\\/\",\"name\":\"Noticias Digital58\",\"description\":\"Portal de Noticias \u00a1Periodismo web de verdad! Lanzamiento web 22.11.2005 \\\/ Maracaibo, Venezuela\",\"publisher\":{\"@id\":\"https:\\\/\\\/digital58.com.ve\\\/site\\\/#\\\/schema\\\/person\\\/64d1c2e4d0d4fd1b849980c4331c2951\"},\"alternateName\":\"ND58\",\"potentialAction\":[{\"@type\":\"SearchAction\",\"target\":{\"@type\":\"EntryPoint\",\"urlTemplate\":\"https:\\\/\\\/digital58.com.ve\\\/site\\\/?s={search_term_string}\"},\"query-input\":{\"@type\":\"PropertyValueSpecification\",\"valueRequired\":true,\"valueName\":\"search_term_string\"}}],\"inLanguage\":\"es\"},{\"@type\":[\"Person\",\"Organization\"],\"@id\":\"https:\\\/\\\/digital58.com.ve\\\/site\\\/#\\\/schema\\\/person\\\/64d1c2e4d0d4fd1b849980c4331c2951\",\"name\":\"Villasmil Henry\",\"image\":{\"@type\":\"ImageObject\",\"inLanguage\":\"es\",\"@id\":\"https:\\\/\\\/secure.gravatar.com\\\/avatar\\\/bb0c4a2fcb7970138239f7e404ea75757b1b507b28b5ce4c53fbd62d797c5a7c?s=96&d=mm&r=g\",\"url\":\"https:\\\/\\\/secure.gravatar.com\\\/avatar\\\/bb0c4a2fcb7970138239f7e404ea75757b1b507b28b5ce4c53fbd62d797c5a7c?s=96&d=mm&r=g\",\"contentUrl\":\"https:\\\/\\\/secure.gravatar.com\\\/avatar\\\/bb0c4a2fcb7970138239f7e404ea75757b1b507b28b5ce4c53fbd62d797c5a7c?s=96&d=mm&r=g\",\"caption\":\"Villasmil Henry\"},\"logo\":{\"@id\":\"https:\\\/\\\/secure.gravatar.com\\\/avatar\\\/bb0c4a2fcb7970138239f7e404ea75757b1b507b28b5ce4c53fbd62d797c5a7c?s=96&d=mm&r=g\"},\"sameAs\":[\"http:\\\/\\\/www.henryvillasmil.com.ve\",\"https:\\\/\\\/www.instagram.com\\\/villasmilhfoto\\\/\",\"https:\\\/\\\/x.com\\\/https:\\\/\\\/twitter.com\\\/villasmilhfoto\"]},{\"@type\":\"Person\",\"@id\":\"https:\\\/\\\/digital58.com.ve\\\/site\\\/#\\\/schema\\\/person\\\/38596b127602deaa13fbcd7585635238\",\"name\":\"Caren A\u00f1ez\",\"image\":{\"@type\":\"ImageObject\",\"inLanguage\":\"es\",\"@id\":\"https:\\\/\\\/secure.gravatar.com\\\/avatar\\\/53aadd693aa414991c9ff2f2b19c39be94d2c342463b80f5402d344911bc9782?s=96&d=mm&r=g\",\"url\":\"https:\\\/\\\/secure.gravatar.com\\\/avatar\\\/53aadd693aa414991c9ff2f2b19c39be94d2c342463b80f5402d344911bc9782?s=96&d=mm&r=g\",\"contentUrl\":\"https:\\\/\\\/secure.gravatar.com\\\/avatar\\\/53aadd693aa414991c9ff2f2b19c39be94d2c342463b80f5402d344911bc9782?s=96&d=mm&r=g\",\"caption\":\"Caren A\u00f1ez\"},\"description\":\"\ud83d\udc69\u200d\ud83c\udfa4Editora en @digital_58 \ud83d\udc69\ud83c\udffb\u200d\ud83c\udfebPeriodista musical y de entretenimiento. \ud83d\udcf8Fotografa \ud83d\udc69\ud83c\udffb\u200d\ud83d\udcbbMedia Management. \ud83d\udc69\u200d\ud83d\udc67\u200d\ud83d\udc67AspieMon 24\\\/7\",\"sameAs\":[\"https:\\\/\\\/www.instagram.com\\\/carenanez\\\/\",\"https:\\\/\\\/x.com\\\/carenanez\"],\"url\":\"https:\\\/\\\/digital58.com.ve\\\/site\\\/author\\\/carena21\\\/\"}]}<\/script>\n<!-- \/ Yoast SEO plugin. -->","yoast_head_json":{"title":"Texas env\u00eda otro bus con migrantes a la residencia de Kamala Harris","description":"Venezuela","robots":{"index":"index","follow":"follow","max-snippet":"max-snippet:-1","max-image-preview":"max-image-preview:large","max-video-preview":"max-video-preview:-1"},"canonical":"https:\/\/digital58.com.ve\/site\/2022\/09\/17\/texas-envia-otro-bus-con-migrantes-a-la-residencia-de-kamala-harris\/","og_locale":"es_ES","og_type":"article","og_title":"Texas env\u00eda otro bus con migrantes a la residencia de Kamala Harris","og_description":"Venezuela","og_url":"https:\/\/digital58.com.ve\/site\/2022\/09\/17\/texas-envia-otro-bus-con-migrantes-a-la-residencia-de-kamala-harris\/","og_site_name":"Noticias Digital58","article_published_time":"2022-09-18T00:58:27+00:00","article_modified_time":"2022-10-11T05:35:02+00:00","og_image":[{"width":960,"height":540,"url":"https:\/\/digital58.com.ve\/site\/wp-content\/uploads\/2022\/09\/migrantes2-960x540-1.webp","type":"image\/webp"}],"author":"Caren A\u00f1ez","twitter_card":"summary_large_image","twitter_creator":"@carenanez","twitter_site":"@villasmilhfoto","twitter_misc":{"Escrito por":"Caren A\u00f1ez","Tiempo estimado de lectura":"2 minutos"},"schema":{"@context":"https:\/\/schema.org","@graph":[{"@type":"Article","@id":"https:\/\/digital58.com.ve\/site\/2022\/09\/17\/texas-envia-otro-bus-con-migrantes-a-la-residencia-de-kamala-harris\/#article","isPartOf":{"@id":"https:\/\/digital58.com.ve\/site\/2022\/09\/17\/texas-envia-otro-bus-con-migrantes-a-la-residencia-de-kamala-harris\/"},"author":{"name":"Caren A\u00f1ez","@id":"https:\/\/digital58.com.ve\/site\/#\/schema\/person\/38596b127602deaa13fbcd7585635238"},"headline":"Texas env\u00eda otro bus con migrantes a la residencia de Kamala Harris","datePublished":"2022-09-18T00:58:27+00:00","dateModified":"2022-10-11T05:35:02+00:00","mainEntityOfPage":{"@id":"https:\/\/digital58.com.ve\/site\/2022\/09\/17\/texas-envia-otro-bus-con-migrantes-a-la-residencia-de-kamala-harris\/"},"wordCount":334,"commentCount":0,"publisher":{"@id":"https:\/\/digital58.com.ve\/site\/#\/schema\/person\/64d1c2e4d0d4fd1b849980c4331c2951"},"image":{"@id":"https:\/\/digital58.com.ve\/site\/2022\/09\/17\/texas-envia-otro-bus-con-migrantes-a-la-residencia-de-kamala-harris\/#primaryimage"},"thumbnailUrl":"https:\/\/digital58.com.ve\/site\/wp-content\/uploads\/2022\/09\/migrantes2-960x540-1.webp","keywords":["Florida","Greg Abbott","Joe Biden","Kamala Harris","Martha\u2019s Vineyard","Migrantes","Nueva York","Ron DeSantis","Texas","Venezolanos","Washington"],"articleSection":["Venezuela"],"inLanguage":"es","potentialAction":[{"@type":"CommentAction","name":"Comment","target":["https:\/\/digital58.com.ve\/site\/2022\/09\/17\/texas-envia-otro-bus-con-migrantes-a-la-residencia-de-kamala-harris\/#respond"]}]},{"@type":"WebPage","@id":"https:\/\/digital58.com.ve\/site\/2022\/09\/17\/texas-envia-otro-bus-con-migrantes-a-la-residencia-de-kamala-harris\/","url":"https:\/\/digital58.com.ve\/site\/2022\/09\/17\/texas-envia-otro-bus-con-migrantes-a-la-residencia-de-kamala-harris\/","name":"Texas env\u00eda otro bus con migrantes a la residencia de Kamala Harris","isPartOf":{"@id":"https:\/\/digital58.com.ve\/site\/#website"},"primaryImageOfPage":{"@id":"https:\/\/digital58.com.ve\/site\/2022\/09\/17\/texas-envia-otro-bus-con-migrantes-a-la-residencia-de-kamala-harris\/#primaryimage"},"image":{"@id":"https:\/\/digital58.com.ve\/site\/2022\/09\/17\/texas-envia-otro-bus-con-migrantes-a-la-residencia-de-kamala-harris\/#primaryimage"},"thumbnailUrl":"https:\/\/digital58.com.ve\/site\/wp-content\/uploads\/2022\/09\/migrantes2-960x540-1.webp","datePublished":"2022-09-18T00:58:27+00:00","dateModified":"2022-10-11T05:35:02+00:00","description":"Venezuela","breadcrumb":{"@id":"https:\/\/digital58.com.ve\/site\/2022\/09\/17\/texas-envia-otro-bus-con-migrantes-a-la-residencia-de-kamala-harris\/#breadcrumb"},"inLanguage":"es","potentialAction":[{"@type":"ReadAction","target":["https:\/\/digital58.com.ve\/site\/2022\/09\/17\/texas-envia-otro-bus-con-migrantes-a-la-residencia-de-kamala-harris\/"]}]},{"@type":"ImageObject","inLanguage":"es","@id":"https:\/\/digital58.com.ve\/site\/2022\/09\/17\/texas-envia-otro-bus-con-migrantes-a-la-residencia-de-kamala-harris\/#primaryimage","url":"https:\/\/digital58.com.ve\/site\/wp-content\/uploads\/2022\/09\/migrantes2-960x540-1.webp","contentUrl":"https:\/\/digital58.com.ve\/site\/wp-content\/uploads\/2022\/09\/migrantes2-960x540-1.webp","width":960,"height":540},{"@type":"BreadcrumbList","@id":"https:\/\/digital58.com.ve\/site\/2022\/09\/17\/texas-envia-otro-bus-con-migrantes-a-la-residencia-de-kamala-harris\/#breadcrumb","itemListElement":[{"@type":"ListItem","position":1,"name":"Home","item":"https:\/\/digital58.com.ve\/site\/"},{"@type":"ListItem","position":2,"name":"Texas env\u00eda otro bus con migrantes a la residencia de Kamala Harris"}]},{"@type":"WebSite","@id":"https:\/\/digital58.com.ve\/site\/#website","url":"https:\/\/digital58.com.ve\/site\/","name":"Noticias Digital58","description":"Portal de Noticias \u00a1Periodismo web de verdad! Lanzamiento web 22.11.2005 \/ Maracaibo, Venezuela","publisher":{"@id":"https:\/\/digital58.com.ve\/site\/#\/schema\/person\/64d1c2e4d0d4fd1b849980c4331c2951"},"alternateName":"ND58","potentialAction":[{"@type":"SearchAction","target":{"@type":"EntryPoint","urlTemplate":"https:\/\/digital58.com.ve\/site\/?s={search_term_string}"},"query-input":{"@type":"PropertyValueSpecification","valueRequired":true,"valueName":"search_term_string"}}],"inLanguage":"es"},{"@type":["Person","Organization"],"@id":"https:\/\/digital58.com.ve\/site\/#\/schema\/person\/64d1c2e4d0d4fd1b849980c4331c2951","name":"Villasmil Henry","image":{"@type":"ImageObject","inLanguage":"es","@id":"https:\/\/secure.gravatar.com\/avatar\/bb0c4a2fcb7970138239f7e404ea75757b1b507b28b5ce4c53fbd62d797c5a7c?s=96&d=mm&r=g","url":"https:\/\/secure.gravatar.com\/avatar\/bb0c4a2fcb7970138239f7e404ea75757b1b507b28b5ce4c53fbd62d797c5a7c?s=96&d=mm&r=g","contentUrl":"https:\/\/secure.gravatar.com\/avatar\/bb0c4a2fcb7970138239f7e404ea75757b1b507b28b5ce4c53fbd62d797c5a7c?s=96&d=mm&r=g","caption":"Villasmil Henry"},"logo":{"@id":"https:\/\/secure.gravatar.com\/avatar\/bb0c4a2fcb7970138239f7e404ea75757b1b507b28b5ce4c53fbd62d797c5a7c?s=96&d=mm&r=g"},"sameAs":["http:\/\/www.henryvillasmil.com.ve","https:\/\/www.instagram.com\/villasmilhfoto\/","https:\/\/x.com\/https:\/\/twitter.com\/villasmilhfoto"]},{"@type":"Person","@id":"https:\/\/digital58.com.ve\/site\/#\/schema\/person\/38596b127602deaa13fbcd7585635238","name":"Caren A\u00f1ez","image":{"@type":"ImageObject","inLanguage":"es","@id":"https:\/\/secure.gravatar.com\/avatar\/53aadd693aa414991c9ff2f2b19c39be94d2c342463b80f5402d344911bc9782?s=96&d=mm&r=g","url":"https:\/\/secure.gravatar.com\/avatar\/53aadd693aa414991c9ff2f2b19c39be94d2c342463b80f5402d344911bc9782?s=96&d=mm&r=g","contentUrl":"https:\/\/secure.gravatar.com\/avatar\/53aadd693aa414991c9ff2f2b19c39be94d2c342463b80f5402d344911bc9782?s=96&d=mm&r=g","caption":"Caren A\u00f1ez"},"description":"\ud83d\udc69\u200d\ud83c\udfa4Editora en @digital_58 \ud83d\udc69\ud83c\udffb\u200d\ud83c\udfebPeriodista musical y de entretenimiento. \ud83d\udcf8Fotografa \ud83d\udc69\ud83c\udffb\u200d\ud83d\udcbbMedia Management. \ud83d\udc69\u200d\ud83d\udc67\u200d\ud83d\udc67AspieMon 24\/7","sameAs":["https:\/\/www.instagram.com\/carenanez\/","https:\/\/x.com\/carenanez"],"url":"https:\/\/digital58.com.ve\/site\/author\/carena21\/"}]}},"uagb_featured_image_src":{"full":["https:\/\/digital58.com.ve\/site\/wp-content\/uploads\/2022\/09\/migrantes2-960x540-1.webp",960,540,false],"thumbnail":["https:\/\/digital58.com.ve\/site\/wp-content\/uploads\/2022\/09\/migrantes2-960x540-1-150x150.webp",150,150,true],"medium":["https:\/\/digital58.com.ve\/site\/wp-content\/uploads\/2022\/09\/migrantes2-960x540-1-300x169.webp",300,169,true],"medium_large":["https:\/\/digital58.com.ve\/site\/wp-content\/uploads\/2022\/09\/migrantes2-960x540-1-768x432.webp",768,432,true],"large":["https:\/\/digital58.com.ve\/site\/wp-content\/uploads\/2022\/09\/migrantes2-960x540-1.webp",800,450,false],"1536x1536":["https:\/\/digital58.com.ve\/site\/wp-content\/uploads\/2022\/09\/migrantes2-960x540-1.webp",960,540,false],"2048x2048":["https:\/\/digital58.com.ve\/site\/wp-content\/uploads\/2022\/09\/migrantes2-960x540-1.webp",960,540,false],"colormag-highlighted-post":["https:\/\/digital58.com.ve\/site\/wp-content\/uploads\/2022\/09\/migrantes2-960x540-1-392x272.webp",392,272,true],"colormag-featured-post-medium":["https:\/\/digital58.com.ve\/site\/wp-content\/uploads\/2022\/09\/migrantes2-960x540-1-390x205.webp",390,205,true],"colormag-featured-post-small":["https:\/\/digital58.com.ve\/site\/wp-content\/uploads\/2022\/09\/migrantes2-960x540-1-130x90.webp",130,90,true],"colormag-featured-image":["https:\/\/digital58.com.ve\/site\/wp-content\/uploads\/2022\/09\/migrantes2-960x540-1-800x445.webp",800,445,true],"colormag-default-news":["https:\/\/digital58.com.ve\/site\/wp-content\/uploads\/2022\/09\/migrantes2-960x540-1.webp",150,84,false],"colormag-featured-image-large":["https:\/\/digital58.com.ve\/site\/wp-content\/uploads\/2022\/09\/migrantes2-960x540-1.webp",960,540,false]},"uagb_author_info":{"display_name":"Caren A\u00f1ez","author_link":"https:\/\/digital58.com.ve\/site\/author\/carena21\/"},"uagb_comment_info":0,"uagb_excerpt":"El gobernador de Texas, el republicano Greg Abbott, envi\u00f3 este s\u00e1bado un nuevo autob\u00fas con unos 50 migrantes indocumentados a","_links":{"self":[{"href":"https:\/\/digital58.com.ve\/site\/wp-json\/wp\/v2\/posts\/156634","targetHints":{"allow":["GET"]}}],"collection":[{"href":"https:\/\/digital58.com.ve\/site\/wp-json\/wp\/v2\/posts"}],"about":[{"href":"https:\/\/digital58.com.ve\/site\/wp-json\/wp\/v2\/types\/post"}],"author":[{"embeddable":true,"href":"https:\/\/digital58.com.ve\/site\/wp-json\/wp\/v2\/users\/39"}],"replies":[{"embeddable":true,"href":"https:\/\/digital58.com.ve\/site\/wp-json\/wp\/v2\/comments?post=156634"}],"version-history":[{"count":0,"href":"https:\/\/digital58.com.ve\/site\/wp-json\/wp\/v2\/posts\/156634\/revisions"}],"wp:featuredmedia":[{"embeddable":true,"href":"https:\/\/digital58.com.ve\/site\/wp-json\/wp\/v2\/media\/156636"}],"wp:attachment":[{"href":"https:\/\/digital58.com.ve\/site\/wp-json\/wp\/v2\/media?parent=156634"}],"wp:term":[{"taxonomy":"category","embeddable":true,"href":"https:\/\/digital58.com.ve\/site\/wp-json\/wp\/v2\/categories?post=156634"},{"taxonomy":"post_tag","embeddable":true,"href":"https:\/\/digital58.com.ve\/site\/wp-json\/wp\/v2\/tags?post=156634"}],"curies":[{"name":"wp","href":"https:\/\/api.w.org\/{rel}","templated":true}]}}