{"id":156643,"date":"2022-09-17T21:38:54","date_gmt":"2022-09-18T01:38:54","guid":{"rendered":"https:\/\/digital58.com.ve\/site\/?p=156643"},"modified":"2022-10-11T01:35:02","modified_gmt":"2022-10-11T05:35:02","slug":"silvestre-dangond-lanza-el-album-leandro-diaz-en-homenaje-al-gran-maestro-vallenato","status":"publish","type":"post","link":"https:\/\/digital58.com.ve\/site\/2022\/09\/17\/silvestre-dangond-lanza-el-album-leandro-diaz-en-homenaje-al-gran-maestro-vallenato\/","title":{"rendered":"Silvestre Dangond lanza el \u00e1lbum \u00abLeandro D\u00edaz\u00bb en homenaje al gran Maestro vallenato"},"content":{"rendered":"<p><img loading=\"lazy\" decoding=\"async\" class=\"alignnone size-large wp-image-156644\" src=\"https:\/\/digital58.com.ve\/site\/wp-content\/uploads\/2022\/09\/Silvestre-Dangond-Leandro-Di\u0301az-1000x1000.jpg\" alt=\"\" width=\"800\" height=\"800\" srcset=\"https:\/\/digital58.com.ve\/site\/wp-content\/uploads\/2022\/09\/Silvestre-Dangond-Leandro-Di\u0301az-1000x1000.jpg 1000w, https:\/\/digital58.com.ve\/site\/wp-content\/uploads\/2022\/09\/Silvestre-Dangond-Leandro-Di\u0301az-300x300.jpg 300w, https:\/\/digital58.com.ve\/site\/wp-content\/uploads\/2022\/09\/Silvestre-Dangond-Leandro-Di\u0301az-150x150.jpg 150w, https:\/\/digital58.com.ve\/site\/wp-content\/uploads\/2022\/09\/Silvestre-Dangond-Leandro-Di\u0301az-768x768.jpg 768w, https:\/\/digital58.com.ve\/site\/wp-content\/uploads\/2022\/09\/Silvestre-Dangond-Leandro-Di\u0301az.jpg 600w\" sizes=\"auto, (max-width: 800px) 100vw, 800px\" \/><\/p>\n<p>Inmenso es el amor y la admiraci\u00f3n que siente el cantautor por el maestro Leandro D\u00edaz. En medio de toda la expectativa por la pr\u00f3xima emisi\u00f3n de la serie \u00abLeandro\u00bb, llega la noticia del lanzamiento del \u00e1lbum en homenaje al Gran Maestro, una de las figuras representativas en la vida y carrera de <a href=\"http:\/\/www.instagram.com\/silvestredangond\">Silvestre Dangond,<\/a> protagonista de la serie.<\/p>\n<p><strong>Bogota, Colombia 17 de septiembre de 2022 (ND58).-<\/strong> Dangond, el cantante vallenato m\u00e1s relevante a nivel internacional, se encuentra en su mejor momento art\u00edstico, presentando su m\u00fasica en los m\u00e1s grandes escenarios del mundo, con lanzamientos que son hits globales y, hoy en d\u00eda, haciendo realidad otra de sus pasiones, la actuaci\u00f3n, interpretando al maestro de la m\u00fasica vallenata Leandro Diaz.<\/p>\n<p>Nacido en el departamento de La Guajira, en una familia musical, <strong>Silvestre Dangond, creci\u00f3 rodeado de folclor vallenato, parrandas t\u00edpicas, e incluso encuentros con maestros y juglares.<\/strong> Sin embargo, gracias a la experiencia que le ha brindado la actuaci\u00f3n, su amor y conexi\u00f3n con la vida y obra de Leandro D\u00edaz crecen cada d\u00eda, y la certeza de que se identifica plenamente con \u00e9l. \u00abYo soy Leandro\u00bb, afirm\u00f3 muy orgulloso durante entrevistas recientes.<\/p>\n<p><strong>Para Silvestre, conocer de la familia del maestro, sus historias, amores, paisajes y todo el entorno que le rodeaba<\/strong>, ha hecho de su interpretaci\u00f3n algo especial, manifestando que el amor que siente por el maestro es inmenso, y permitiendo que llegue hasta su coraz\u00f3n e inspir\u00e1ndose nuevamente para la creaci\u00f3n musical.<\/p>\n<p>Silvestre se ha permeado tanto con el trabajo del Maestro Leandro que su amor por su m\u00fasica lo llev\u00f3 a sacar tiempo de donde no lo ten\u00eda para volver a los estudios de grabaci\u00f3n, en Valledupar y en Bogot\u00e1, para grabar y producir, junto a Carlos Huertas Jr., este \u00e1lbum, el medio perfecto para rendir homenaje al papel que con tanto amor y pasi\u00f3n interpreta.<\/p>\n<p>\u00abLeandro\u00bb el \u00e1lbum, contiene 18 canciones de la autor\u00eda del Maestro Leandro D\u00edaz, que marcaron momentos muy importantes tanto en la vida del maestro como en la serie: Diosa Coronada, Dios No Me Deja, La Primavera, Adelante, Matilde Lina, Tres Guitarras, Corina, Palo E\u00b4Mango, El Verano, Historia de Un Ni\u00f1o, Dos Papeles, Ford Modelo, Soy, El Mal Herido, La Viruela, El Negativo, La Loba Ceniza y El Pregonero.<\/p>\n<p>El \u00e1lbum cuenta con la participaci\u00f3n de grandes m\u00fasicos vallenatos como Jimmy Zambrano, en el acorde\u00f3n; Luis Angel Pastor, en el bajo y Dany Garc\u00e9s en la percusi\u00f3n.<\/p>\n<p>La producci\u00f3n televisiva la veremos a partir del pr\u00f3ximo 19 de septiembre, en el Canal RCN y en Amazon Prime Video.<\/p><div class=\"iutzn69edf81fb9c01\" ><p style=\"text-align: center;\"><a href=\"https:\/\/t.me\/noticiasdigital58\" target=\"_blank\" rel=\"noopener\"><img class=\"aligncenter size-full wp-image-125363\" src=\"https:\/\/digital58.com.ve\/site\/wp-content\/uploads\/2021\/04\/banner-telegram-web-2021.png\" alt=\"\" width=\"600\" height=\"90\" \/><\/a><\/p><\/div><style type=\"text\/css\">\r\n@media screen and (min-width: 1201px) {\r\n.iutzn69edf81fb9c01 {\r\ndisplay: block;\r\n}\r\n}\r\n@media screen and (min-width: 993px) and (max-width: 1200px) {\r\n.iutzn69edf81fb9c01 {\r\ndisplay: block;\r\n}\r\n}\r\n@media screen and (min-width: 769px) and (max-width: 992px) {\r\n.iutzn69edf81fb9c01 {\r\ndisplay: block;\r\n}\r\n}\r\n@media screen and (min-width: 768px) and (max-width: 768px) {\r\n.iutzn69edf81fb9c01 {\r\ndisplay: block;\r\n}\r\n}\r\n@media screen and (max-width: 767px) {\r\n.iutzn69edf81fb9c01 {\r\ndisplay: block;\r\n}\r\n}\r\n<\/style>\r\n\n<p><b>Redacci\u00f3n ND58 | NDP\u00a0<\/b><br \/>\n<b>Edici\u00f3n: \u00c1\u00f1ez, Caren\u00a0<\/b><br \/>\n<b>Gr\u00e1fica: Cortes\u00eda <\/b><\/p>\n<div style=\"margin-top: 0px; margin-bottom: 0px;\" class=\"sharethis-inline-share-buttons\" ><\/div>","protected":false},"excerpt":{"rendered":"<p>Inmenso es el amor y la admiraci\u00f3n que siente el cantautor por el maestro Leandro D\u00edaz. En medio de toda<\/p>\n","protected":false},"author":39,"featured_media":156644,"comment_status":"open","ping_status":"closed","sticky":false,"template":"","format":"standard","meta":{"colormag_page_container_layout":"default_layout","colormag_page_sidebar_layout":"default_layout","_uag_custom_page_level_css":"","footnotes":""},"categories":[1],"tags":[1715,20272,3331,273,5960,29254,487,29253,61,7829,6987,212,5847],"class_list":["post-156643","post","type-post","status-publish","format-standard","has-post-thumbnail","hentry","category-fama","tag-album","tag-amazon-prime-video","tag-fama","tag-farandula","tag-homenaje","tag-jimmy-zambrano","tag-lanzamiento","tag-leandro-diaz","tag-musica","tag-rcn","tag-serie","tag-silvestre-dangond","tag-television"],"yoast_head":"<!-- This site is optimized with the Yoast SEO plugin v27.4 - https:\/\/yoast.com\/product\/yoast-seo-wordpress\/ -->\n<title>Silvestre Dangond lanza el \u00e1lbum \u00abLeandro D\u00edaz\u00bb en homenaje al gran Maestro vallenato<\/title>\n<meta name=\"description\" content=\"Fama\" \/>\n<meta name=\"robots\" content=\"index, follow, max-snippet:-1, max-image-preview:large, max-video-preview:-1\" \/>\n<link rel=\"canonical\" href=\"https:\/\/digital58.com.ve\/site\/2022\/09\/17\/silvestre-dangond-lanza-el-album-leandro-diaz-en-homenaje-al-gran-maestro-vallenato\/\" \/>\n<meta property=\"og:locale\" content=\"es_ES\" \/>\n<meta property=\"og:type\" content=\"article\" \/>\n<meta property=\"og:title\" content=\"Silvestre Dangond lanza el \u00e1lbum \u00abLeandro D\u00edaz\u00bb en homenaje al gran Maestro vallenato\" \/>\n<meta property=\"og:description\" content=\"Fama\" \/>\n<meta property=\"og:url\" content=\"https:\/\/digital58.com.ve\/site\/2022\/09\/17\/silvestre-dangond-lanza-el-album-leandro-diaz-en-homenaje-al-gran-maestro-vallenato\/\" \/>\n<meta property=\"og:site_name\" content=\"Noticias Digital58\" \/>\n<meta property=\"article:published_time\" content=\"2022-09-18T01:38:54+00:00\" \/>\n<meta property=\"article:modified_time\" content=\"2022-10-11T05:35:02+00:00\" \/>\n<meta property=\"og:image\" content=\"https:\/\/digital58.com.ve\/site\/wp-content\/uploads\/2022\/09\/Silvestre-Dangond-Leandro-Di\u0301az.jpg\" \/>\n\t<meta property=\"og:image:width\" content=\"1200\" \/>\n\t<meta property=\"og:image:height\" content=\"1200\" \/>\n\t<meta property=\"og:image:type\" content=\"image\/jpeg\" \/>\n<meta name=\"author\" content=\"Caren A\u00f1ez\" \/>\n<meta name=\"twitter:card\" content=\"summary_large_image\" \/>\n<meta name=\"twitter:creator\" content=\"@carenanez\" \/>\n<meta name=\"twitter:site\" content=\"@villasmilhfoto\" \/>\n<meta name=\"twitter:label1\" content=\"Escrito por\" \/>\n\t<meta name=\"twitter:data1\" content=\"Caren A\u00f1ez\" \/>\n\t<meta name=\"twitter:label2\" content=\"Tiempo estimado de lectura\" \/>\n\t<meta name=\"twitter:data2\" content=\"3 minutos\" \/>\n<script type=\"application\/ld+json\" class=\"yoast-schema-graph\">{\"@context\":\"https:\\\/\\\/schema.org\",\"@graph\":[{\"@type\":\"Article\",\"@id\":\"https:\\\/\\\/digital58.com.ve\\\/site\\\/2022\\\/09\\\/17\\\/silvestre-dangond-lanza-el-album-leandro-diaz-en-homenaje-al-gran-maestro-vallenato\\\/#article\",\"isPartOf\":{\"@id\":\"https:\\\/\\\/digital58.com.ve\\\/site\\\/2022\\\/09\\\/17\\\/silvestre-dangond-lanza-el-album-leandro-diaz-en-homenaje-al-gran-maestro-vallenato\\\/\"},\"author\":{\"name\":\"Caren A\u00f1ez\",\"@id\":\"https:\\\/\\\/digital58.com.ve\\\/site\\\/#\\\/schema\\\/person\\\/38596b127602deaa13fbcd7585635238\"},\"headline\":\"Silvestre Dangond lanza el \u00e1lbum \u00abLeandro D\u00edaz\u00bb en homenaje al gran Maestro vallenato\",\"datePublished\":\"2022-09-18T01:38:54+00:00\",\"dateModified\":\"2022-10-11T05:35:02+00:00\",\"mainEntityOfPage\":{\"@id\":\"https:\\\/\\\/digital58.com.ve\\\/site\\\/2022\\\/09\\\/17\\\/silvestre-dangond-lanza-el-album-leandro-diaz-en-homenaje-al-gran-maestro-vallenato\\\/\"},\"wordCount\":484,\"commentCount\":0,\"publisher\":{\"@id\":\"https:\\\/\\\/digital58.com.ve\\\/site\\\/#\\\/schema\\\/person\\\/64d1c2e4d0d4fd1b849980c4331c2951\"},\"image\":{\"@id\":\"https:\\\/\\\/digital58.com.ve\\\/site\\\/2022\\\/09\\\/17\\\/silvestre-dangond-lanza-el-album-leandro-diaz-en-homenaje-al-gran-maestro-vallenato\\\/#primaryimage\"},\"thumbnailUrl\":\"https:\\\/\\\/digital58.com.ve\\\/site\\\/wp-content\\\/uploads\\\/2022\\\/09\\\/Silvestre-Dangond-Leandro-Di\u0301az.jpg\",\"keywords\":[\"\u00c1lbum\",\"Amazon Prime Video\",\"Fama\",\"Far\u00e1ndula\",\"Homenaje\",\"Jimmy Zambrano\",\"Lanzamiento\",\"Leandro Diaz\",\"M\u00fasica\",\"RCN\",\"Serie\",\"Silvestre Dangond\",\"televisi\u00f3n\"],\"articleSection\":[\"Fama\"],\"inLanguage\":\"es\",\"potentialAction\":[{\"@type\":\"CommentAction\",\"name\":\"Comment\",\"target\":[\"https:\\\/\\\/digital58.com.ve\\\/site\\\/2022\\\/09\\\/17\\\/silvestre-dangond-lanza-el-album-leandro-diaz-en-homenaje-al-gran-maestro-vallenato\\\/#respond\"]}]},{\"@type\":\"WebPage\",\"@id\":\"https:\\\/\\\/digital58.com.ve\\\/site\\\/2022\\\/09\\\/17\\\/silvestre-dangond-lanza-el-album-leandro-diaz-en-homenaje-al-gran-maestro-vallenato\\\/\",\"url\":\"https:\\\/\\\/digital58.com.ve\\\/site\\\/2022\\\/09\\\/17\\\/silvestre-dangond-lanza-el-album-leandro-diaz-en-homenaje-al-gran-maestro-vallenato\\\/\",\"name\":\"Silvestre Dangond lanza el \u00e1lbum \u00abLeandro D\u00edaz\u00bb en homenaje al gran Maestro vallenato\",\"isPartOf\":{\"@id\":\"https:\\\/\\\/digital58.com.ve\\\/site\\\/#website\"},\"primaryImageOfPage\":{\"@id\":\"https:\\\/\\\/digital58.com.ve\\\/site\\\/2022\\\/09\\\/17\\\/silvestre-dangond-lanza-el-album-leandro-diaz-en-homenaje-al-gran-maestro-vallenato\\\/#primaryimage\"},\"image\":{\"@id\":\"https:\\\/\\\/digital58.com.ve\\\/site\\\/2022\\\/09\\\/17\\\/silvestre-dangond-lanza-el-album-leandro-diaz-en-homenaje-al-gran-maestro-vallenato\\\/#primaryimage\"},\"thumbnailUrl\":\"https:\\\/\\\/digital58.com.ve\\\/site\\\/wp-content\\\/uploads\\\/2022\\\/09\\\/Silvestre-Dangond-Leandro-Di\u0301az.jpg\",\"datePublished\":\"2022-09-18T01:38:54+00:00\",\"dateModified\":\"2022-10-11T05:35:02+00:00\",\"description\":\"Fama\",\"breadcrumb\":{\"@id\":\"https:\\\/\\\/digital58.com.ve\\\/site\\\/2022\\\/09\\\/17\\\/silvestre-dangond-lanza-el-album-leandro-diaz-en-homenaje-al-gran-maestro-vallenato\\\/#breadcrumb\"},\"inLanguage\":\"es\",\"potentialAction\":[{\"@type\":\"ReadAction\",\"target\":[\"https:\\\/\\\/digital58.com.ve\\\/site\\\/2022\\\/09\\\/17\\\/silvestre-dangond-lanza-el-album-leandro-diaz-en-homenaje-al-gran-maestro-vallenato\\\/\"]}]},{\"@type\":\"ImageObject\",\"inLanguage\":\"es\",\"@id\":\"https:\\\/\\\/digital58.com.ve\\\/site\\\/2022\\\/09\\\/17\\\/silvestre-dangond-lanza-el-album-leandro-diaz-en-homenaje-al-gran-maestro-vallenato\\\/#primaryimage\",\"url\":\"https:\\\/\\\/digital58.com.ve\\\/site\\\/wp-content\\\/uploads\\\/2022\\\/09\\\/Silvestre-Dangond-Leandro-Di\u0301az.jpg\",\"contentUrl\":\"https:\\\/\\\/digital58.com.ve\\\/site\\\/wp-content\\\/uploads\\\/2022\\\/09\\\/Silvestre-Dangond-Leandro-Di\u0301az.jpg\",\"width\":600,\"height\":600},{\"@type\":\"BreadcrumbList\",\"@id\":\"https:\\\/\\\/digital58.com.ve\\\/site\\\/2022\\\/09\\\/17\\\/silvestre-dangond-lanza-el-album-leandro-diaz-en-homenaje-al-gran-maestro-vallenato\\\/#breadcrumb\",\"itemListElement\":[{\"@type\":\"ListItem\",\"position\":1,\"name\":\"Home\",\"item\":\"https:\\\/\\\/digital58.com.ve\\\/site\\\/\"},{\"@type\":\"ListItem\",\"position\":2,\"name\":\"Silvestre Dangond lanza el \u00e1lbum \u00abLeandro D\u00edaz\u00bb en homenaje al gran Maestro vallenato\"}]},{\"@type\":\"WebSite\",\"@id\":\"https:\\\/\\\/digital58.com.ve\\\/site\\\/#website\",\"url\":\"https:\\\/\\\/digital58.com.ve\\\/site\\\/\",\"name\":\"Noticias Digital58\",\"description\":\"Portal de Noticias \u00a1Periodismo web de verdad! Lanzamiento web 22.11.2005 \\\/ Maracaibo, Venezuela\",\"publisher\":{\"@id\":\"https:\\\/\\\/digital58.com.ve\\\/site\\\/#\\\/schema\\\/person\\\/64d1c2e4d0d4fd1b849980c4331c2951\"},\"alternateName\":\"ND58\",\"potentialAction\":[{\"@type\":\"SearchAction\",\"target\":{\"@type\":\"EntryPoint\",\"urlTemplate\":\"https:\\\/\\\/digital58.com.ve\\\/site\\\/?s={search_term_string}\"},\"query-input\":{\"@type\":\"PropertyValueSpecification\",\"valueRequired\":true,\"valueName\":\"search_term_string\"}}],\"inLanguage\":\"es\"},{\"@type\":[\"Person\",\"Organization\"],\"@id\":\"https:\\\/\\\/digital58.com.ve\\\/site\\\/#\\\/schema\\\/person\\\/64d1c2e4d0d4fd1b849980c4331c2951\",\"name\":\"Villasmil Henry\",\"image\":{\"@type\":\"ImageObject\",\"inLanguage\":\"es\",\"@id\":\"https:\\\/\\\/secure.gravatar.com\\\/avatar\\\/bb0c4a2fcb7970138239f7e404ea75757b1b507b28b5ce4c53fbd62d797c5a7c?s=96&d=mm&r=g\",\"url\":\"https:\\\/\\\/secure.gravatar.com\\\/avatar\\\/bb0c4a2fcb7970138239f7e404ea75757b1b507b28b5ce4c53fbd62d797c5a7c?s=96&d=mm&r=g\",\"contentUrl\":\"https:\\\/\\\/secure.gravatar.com\\\/avatar\\\/bb0c4a2fcb7970138239f7e404ea75757b1b507b28b5ce4c53fbd62d797c5a7c?s=96&d=mm&r=g\",\"caption\":\"Villasmil Henry\"},\"logo\":{\"@id\":\"https:\\\/\\\/secure.gravatar.com\\\/avatar\\\/bb0c4a2fcb7970138239f7e404ea75757b1b507b28b5ce4c53fbd62d797c5a7c?s=96&d=mm&r=g\"},\"sameAs\":[\"http:\\\/\\\/www.henryvillasmil.com.ve\",\"https:\\\/\\\/www.instagram.com\\\/villasmilhfoto\\\/\",\"https:\\\/\\\/x.com\\\/https:\\\/\\\/twitter.com\\\/villasmilhfoto\"]},{\"@type\":\"Person\",\"@id\":\"https:\\\/\\\/digital58.com.ve\\\/site\\\/#\\\/schema\\\/person\\\/38596b127602deaa13fbcd7585635238\",\"name\":\"Caren A\u00f1ez\",\"image\":{\"@type\":\"ImageObject\",\"inLanguage\":\"es\",\"@id\":\"https:\\\/\\\/secure.gravatar.com\\\/avatar\\\/53aadd693aa414991c9ff2f2b19c39be94d2c342463b80f5402d344911bc9782?s=96&d=mm&r=g\",\"url\":\"https:\\\/\\\/secure.gravatar.com\\\/avatar\\\/53aadd693aa414991c9ff2f2b19c39be94d2c342463b80f5402d344911bc9782?s=96&d=mm&r=g\",\"contentUrl\":\"https:\\\/\\\/secure.gravatar.com\\\/avatar\\\/53aadd693aa414991c9ff2f2b19c39be94d2c342463b80f5402d344911bc9782?s=96&d=mm&r=g\",\"caption\":\"Caren A\u00f1ez\"},\"description\":\"\ud83d\udc69\u200d\ud83c\udfa4Editora en @digital_58 \ud83d\udc69\ud83c\udffb\u200d\ud83c\udfebPeriodista musical y de entretenimiento. \ud83d\udcf8Fotografa \ud83d\udc69\ud83c\udffb\u200d\ud83d\udcbbMedia Management. \ud83d\udc69\u200d\ud83d\udc67\u200d\ud83d\udc67AspieMon 24\\\/7\",\"sameAs\":[\"https:\\\/\\\/www.instagram.com\\\/carenanez\\\/\",\"https:\\\/\\\/x.com\\\/carenanez\"],\"url\":\"https:\\\/\\\/digital58.com.ve\\\/site\\\/author\\\/carena21\\\/\"}]}<\/script>\n<!-- \/ Yoast SEO plugin. -->","yoast_head_json":{"title":"Silvestre Dangond lanza el \u00e1lbum \u00abLeandro D\u00edaz\u00bb en homenaje al gran Maestro vallenato","description":"Fama","robots":{"index":"index","follow":"follow","max-snippet":"max-snippet:-1","max-image-preview":"max-image-preview:large","max-video-preview":"max-video-preview:-1"},"canonical":"https:\/\/digital58.com.ve\/site\/2022\/09\/17\/silvestre-dangond-lanza-el-album-leandro-diaz-en-homenaje-al-gran-maestro-vallenato\/","og_locale":"es_ES","og_type":"article","og_title":"Silvestre Dangond lanza el \u00e1lbum \u00abLeandro D\u00edaz\u00bb en homenaje al gran Maestro vallenato","og_description":"Fama","og_url":"https:\/\/digital58.com.ve\/site\/2022\/09\/17\/silvestre-dangond-lanza-el-album-leandro-diaz-en-homenaje-al-gran-maestro-vallenato\/","og_site_name":"Noticias Digital58","article_published_time":"2022-09-18T01:38:54+00:00","article_modified_time":"2022-10-11T05:35:02+00:00","og_image":[{"width":1200,"height":1200,"url":"https:\/\/digital58.com.ve\/site\/wp-content\/uploads\/2022\/09\/Silvestre-Dangond-Leandro-Di\u0301az.jpg","type":"image\/jpeg"}],"author":"Caren A\u00f1ez","twitter_card":"summary_large_image","twitter_creator":"@carenanez","twitter_site":"@villasmilhfoto","twitter_misc":{"Escrito por":"Caren A\u00f1ez","Tiempo estimado de lectura":"3 minutos"},"schema":{"@context":"https:\/\/schema.org","@graph":[{"@type":"Article","@id":"https:\/\/digital58.com.ve\/site\/2022\/09\/17\/silvestre-dangond-lanza-el-album-leandro-diaz-en-homenaje-al-gran-maestro-vallenato\/#article","isPartOf":{"@id":"https:\/\/digital58.com.ve\/site\/2022\/09\/17\/silvestre-dangond-lanza-el-album-leandro-diaz-en-homenaje-al-gran-maestro-vallenato\/"},"author":{"name":"Caren A\u00f1ez","@id":"https:\/\/digital58.com.ve\/site\/#\/schema\/person\/38596b127602deaa13fbcd7585635238"},"headline":"Silvestre Dangond lanza el \u00e1lbum \u00abLeandro D\u00edaz\u00bb en homenaje al gran Maestro vallenato","datePublished":"2022-09-18T01:38:54+00:00","dateModified":"2022-10-11T05:35:02+00:00","mainEntityOfPage":{"@id":"https:\/\/digital58.com.ve\/site\/2022\/09\/17\/silvestre-dangond-lanza-el-album-leandro-diaz-en-homenaje-al-gran-maestro-vallenato\/"},"wordCount":484,"commentCount":0,"publisher":{"@id":"https:\/\/digital58.com.ve\/site\/#\/schema\/person\/64d1c2e4d0d4fd1b849980c4331c2951"},"image":{"@id":"https:\/\/digital58.com.ve\/site\/2022\/09\/17\/silvestre-dangond-lanza-el-album-leandro-diaz-en-homenaje-al-gran-maestro-vallenato\/#primaryimage"},"thumbnailUrl":"https:\/\/digital58.com.ve\/site\/wp-content\/uploads\/2022\/09\/Silvestre-Dangond-Leandro-Di\u0301az.jpg","keywords":["\u00c1lbum","Amazon Prime Video","Fama","Far\u00e1ndula","Homenaje","Jimmy Zambrano","Lanzamiento","Leandro Diaz","M\u00fasica","RCN","Serie","Silvestre Dangond","televisi\u00f3n"],"articleSection":["Fama"],"inLanguage":"es","potentialAction":[{"@type":"CommentAction","name":"Comment","target":["https:\/\/digital58.com.ve\/site\/2022\/09\/17\/silvestre-dangond-lanza-el-album-leandro-diaz-en-homenaje-al-gran-maestro-vallenato\/#respond"]}]},{"@type":"WebPage","@id":"https:\/\/digital58.com.ve\/site\/2022\/09\/17\/silvestre-dangond-lanza-el-album-leandro-diaz-en-homenaje-al-gran-maestro-vallenato\/","url":"https:\/\/digital58.com.ve\/site\/2022\/09\/17\/silvestre-dangond-lanza-el-album-leandro-diaz-en-homenaje-al-gran-maestro-vallenato\/","name":"Silvestre Dangond lanza el \u00e1lbum \u00abLeandro D\u00edaz\u00bb en homenaje al gran Maestro vallenato","isPartOf":{"@id":"https:\/\/digital58.com.ve\/site\/#website"},"primaryImageOfPage":{"@id":"https:\/\/digital58.com.ve\/site\/2022\/09\/17\/silvestre-dangond-lanza-el-album-leandro-diaz-en-homenaje-al-gran-maestro-vallenato\/#primaryimage"},"image":{"@id":"https:\/\/digital58.com.ve\/site\/2022\/09\/17\/silvestre-dangond-lanza-el-album-leandro-diaz-en-homenaje-al-gran-maestro-vallenato\/#primaryimage"},"thumbnailUrl":"https:\/\/digital58.com.ve\/site\/wp-content\/uploads\/2022\/09\/Silvestre-Dangond-Leandro-Di\u0301az.jpg","datePublished":"2022-09-18T01:38:54+00:00","dateModified":"2022-10-11T05:35:02+00:00","description":"Fama","breadcrumb":{"@id":"https:\/\/digital58.com.ve\/site\/2022\/09\/17\/silvestre-dangond-lanza-el-album-leandro-diaz-en-homenaje-al-gran-maestro-vallenato\/#breadcrumb"},"inLanguage":"es","potentialAction":[{"@type":"ReadAction","target":["https:\/\/digital58.com.ve\/site\/2022\/09\/17\/silvestre-dangond-lanza-el-album-leandro-diaz-en-homenaje-al-gran-maestro-vallenato\/"]}]},{"@type":"ImageObject","inLanguage":"es","@id":"https:\/\/digital58.com.ve\/site\/2022\/09\/17\/silvestre-dangond-lanza-el-album-leandro-diaz-en-homenaje-al-gran-maestro-vallenato\/#primaryimage","url":"https:\/\/digital58.com.ve\/site\/wp-content\/uploads\/2022\/09\/Silvestre-Dangond-Leandro-Di\u0301az.jpg","contentUrl":"https:\/\/digital58.com.ve\/site\/wp-content\/uploads\/2022\/09\/Silvestre-Dangond-Leandro-Di\u0301az.jpg","width":600,"height":600},{"@type":"BreadcrumbList","@id":"https:\/\/digital58.com.ve\/site\/2022\/09\/17\/silvestre-dangond-lanza-el-album-leandro-diaz-en-homenaje-al-gran-maestro-vallenato\/#breadcrumb","itemListElement":[{"@type":"ListItem","position":1,"name":"Home","item":"https:\/\/digital58.com.ve\/site\/"},{"@type":"ListItem","position":2,"name":"Silvestre Dangond lanza el \u00e1lbum \u00abLeandro D\u00edaz\u00bb en homenaje al gran Maestro vallenato"}]},{"@type":"WebSite","@id":"https:\/\/digital58.com.ve\/site\/#website","url":"https:\/\/digital58.com.ve\/site\/","name":"Noticias Digital58","description":"Portal de Noticias \u00a1Periodismo web de verdad! Lanzamiento web 22.11.2005 \/ Maracaibo, Venezuela","publisher":{"@id":"https:\/\/digital58.com.ve\/site\/#\/schema\/person\/64d1c2e4d0d4fd1b849980c4331c2951"},"alternateName":"ND58","potentialAction":[{"@type":"SearchAction","target":{"@type":"EntryPoint","urlTemplate":"https:\/\/digital58.com.ve\/site\/?s={search_term_string}"},"query-input":{"@type":"PropertyValueSpecification","valueRequired":true,"valueName":"search_term_string"}}],"inLanguage":"es"},{"@type":["Person","Organization"],"@id":"https:\/\/digital58.com.ve\/site\/#\/schema\/person\/64d1c2e4d0d4fd1b849980c4331c2951","name":"Villasmil Henry","image":{"@type":"ImageObject","inLanguage":"es","@id":"https:\/\/secure.gravatar.com\/avatar\/bb0c4a2fcb7970138239f7e404ea75757b1b507b28b5ce4c53fbd62d797c5a7c?s=96&d=mm&r=g","url":"https:\/\/secure.gravatar.com\/avatar\/bb0c4a2fcb7970138239f7e404ea75757b1b507b28b5ce4c53fbd62d797c5a7c?s=96&d=mm&r=g","contentUrl":"https:\/\/secure.gravatar.com\/avatar\/bb0c4a2fcb7970138239f7e404ea75757b1b507b28b5ce4c53fbd62d797c5a7c?s=96&d=mm&r=g","caption":"Villasmil Henry"},"logo":{"@id":"https:\/\/secure.gravatar.com\/avatar\/bb0c4a2fcb7970138239f7e404ea75757b1b507b28b5ce4c53fbd62d797c5a7c?s=96&d=mm&r=g"},"sameAs":["http:\/\/www.henryvillasmil.com.ve","https:\/\/www.instagram.com\/villasmilhfoto\/","https:\/\/x.com\/https:\/\/twitter.com\/villasmilhfoto"]},{"@type":"Person","@id":"https:\/\/digital58.com.ve\/site\/#\/schema\/person\/38596b127602deaa13fbcd7585635238","name":"Caren A\u00f1ez","image":{"@type":"ImageObject","inLanguage":"es","@id":"https:\/\/secure.gravatar.com\/avatar\/53aadd693aa414991c9ff2f2b19c39be94d2c342463b80f5402d344911bc9782?s=96&d=mm&r=g","url":"https:\/\/secure.gravatar.com\/avatar\/53aadd693aa414991c9ff2f2b19c39be94d2c342463b80f5402d344911bc9782?s=96&d=mm&r=g","contentUrl":"https:\/\/secure.gravatar.com\/avatar\/53aadd693aa414991c9ff2f2b19c39be94d2c342463b80f5402d344911bc9782?s=96&d=mm&r=g","caption":"Caren A\u00f1ez"},"description":"\ud83d\udc69\u200d\ud83c\udfa4Editora en @digital_58 \ud83d\udc69\ud83c\udffb\u200d\ud83c\udfebPeriodista musical y de entretenimiento. \ud83d\udcf8Fotografa \ud83d\udc69\ud83c\udffb\u200d\ud83d\udcbbMedia Management. \ud83d\udc69\u200d\ud83d\udc67\u200d\ud83d\udc67AspieMon 24\/7","sameAs":["https:\/\/www.instagram.com\/carenanez\/","https:\/\/x.com\/carenanez"],"url":"https:\/\/digital58.com.ve\/site\/author\/carena21\/"}]}},"uagb_featured_image_src":{"full":["https:\/\/digital58.com.ve\/site\/wp-content\/uploads\/2022\/09\/Silvestre-Dangond-Leandro-Di\u0301az.jpg",600,600,false],"thumbnail":["https:\/\/digital58.com.ve\/site\/wp-content\/uploads\/2022\/09\/Silvestre-Dangond-Leandro-Di\u0301az-150x150.jpg",150,150,true],"medium":["https:\/\/digital58.com.ve\/site\/wp-content\/uploads\/2022\/09\/Silvestre-Dangond-Leandro-Di\u0301az-300x300.jpg",300,300,true],"medium_large":["https:\/\/digital58.com.ve\/site\/wp-content\/uploads\/2022\/09\/Silvestre-Dangond-Leandro-Di\u0301az-768x768.jpg",768,768,true],"large":["https:\/\/digital58.com.ve\/site\/wp-content\/uploads\/2022\/09\/Silvestre-Dangond-Leandro-Di\u0301az-1000x1000.jpg",800,800,true],"1536x1536":["https:\/\/digital58.com.ve\/site\/wp-content\/uploads\/2022\/09\/Silvestre-Dangond-Leandro-Di\u0301az.jpg",600,600,false],"2048x2048":["https:\/\/digital58.com.ve\/site\/wp-content\/uploads\/2022\/09\/Silvestre-Dangond-Leandro-Di\u0301az.jpg",600,600,false],"colormag-highlighted-post":["https:\/\/digital58.com.ve\/site\/wp-content\/uploads\/2022\/09\/Silvestre-Dangond-Leandro-Di\u0301az-392x272.jpg",392,272,true],"colormag-featured-post-medium":["https:\/\/digital58.com.ve\/site\/wp-content\/uploads\/2022\/09\/Silvestre-Dangond-Leandro-Di\u0301az-390x205.jpg",390,205,true],"colormag-featured-post-small":["https:\/\/digital58.com.ve\/site\/wp-content\/uploads\/2022\/09\/Silvestre-Dangond-Leandro-Di\u0301az-130x90.jpg",130,90,true],"colormag-featured-image":["https:\/\/digital58.com.ve\/site\/wp-content\/uploads\/2022\/09\/Silvestre-Dangond-Leandro-Di\u0301az-800x445.jpg",800,445,true],"colormag-default-news":["https:\/\/digital58.com.ve\/site\/wp-content\/uploads\/2022\/09\/Silvestre-Dangond-Leandro-Di\u0301az.jpg",150,150,false],"colormag-featured-image-large":["https:\/\/digital58.com.ve\/site\/wp-content\/uploads\/2022\/09\/Silvestre-Dangond-Leandro-Di\u0301az.jpg",600,600,false]},"uagb_author_info":{"display_name":"Caren A\u00f1ez","author_link":"https:\/\/digital58.com.ve\/site\/author\/carena21\/"},"uagb_comment_info":0,"uagb_excerpt":"Inmenso es el amor y la admiraci\u00f3n que siente el cantautor por el maestro Leandro D\u00edaz. En medio de toda","_links":{"self":[{"href":"https:\/\/digital58.com.ve\/site\/wp-json\/wp\/v2\/posts\/156643","targetHints":{"allow":["GET"]}}],"collection":[{"href":"https:\/\/digital58.com.ve\/site\/wp-json\/wp\/v2\/posts"}],"about":[{"href":"https:\/\/digital58.com.ve\/site\/wp-json\/wp\/v2\/types\/post"}],"author":[{"embeddable":true,"href":"https:\/\/digital58.com.ve\/site\/wp-json\/wp\/v2\/users\/39"}],"replies":[{"embeddable":true,"href":"https:\/\/digital58.com.ve\/site\/wp-json\/wp\/v2\/comments?post=156643"}],"version-history":[{"count":0,"href":"https:\/\/digital58.com.ve\/site\/wp-json\/wp\/v2\/posts\/156643\/revisions"}],"wp:featuredmedia":[{"embeddable":true,"href":"https:\/\/digital58.com.ve\/site\/wp-json\/wp\/v2\/media\/156644"}],"wp:attachment":[{"href":"https:\/\/digital58.com.ve\/site\/wp-json\/wp\/v2\/media?parent=156643"}],"wp:term":[{"taxonomy":"category","embeddable":true,"href":"https:\/\/digital58.com.ve\/site\/wp-json\/wp\/v2\/categories?post=156643"},{"taxonomy":"post_tag","embeddable":true,"href":"https:\/\/digital58.com.ve\/site\/wp-json\/wp\/v2\/tags?post=156643"}],"curies":[{"name":"wp","href":"https:\/\/api.w.org\/{rel}","templated":true}]}}