{"id":156853,"date":"2022-09-23T18:41:55","date_gmt":"2022-09-23T22:41:55","guid":{"rendered":"https:\/\/digital58.com.ve\/site\/?p=156853"},"modified":"2022-10-11T01:34:58","modified_gmt":"2022-10-11T05:34:58","slug":"conindustria-sobre-apertura-fronteriza-dentro-de-un-ano-debemos-estar-alcanzando-1-2-millones-de-dolares-en-comercializacion","status":"publish","type":"post","link":"https:\/\/digital58.com.ve\/site\/2022\/09\/23\/conindustria-sobre-apertura-fronteriza-dentro-de-un-ano-debemos-estar-alcanzando-1-2-millones-de-dolares-en-comercializacion\/","title":{"rendered":"Conindustria sobre apertura fronteriza: Dentro de un a\u00f1o debemos estar alcanzando 1.2 millones de d\u00f3lares en comercializaci\u00f3n"},"content":{"rendered":"<p><img loading=\"lazy\" decoding=\"async\" class=\"size-full wp-image-156856 aligncenter\" src=\"https:\/\/digital58.com.ve\/site\/wp-content\/uploads\/2022\/09\/frontera-venezuela_40650111_20220909091457-1.jpg\" alt=\"\" width=\"751\" height=\"562\" srcset=\"https:\/\/digital58.com.ve\/site\/wp-content\/uploads\/2022\/09\/frontera-venezuela_40650111_20220909091457-1.jpg 751w, https:\/\/digital58.com.ve\/site\/wp-content\/uploads\/2022\/09\/frontera-venezuela_40650111_20220909091457-1-300x225.jpg 300w\" sizes=\"auto, (max-width: 751px) 100vw, 751px\" \/><\/p>\n<p>Tito L\u00f3pez, vicepresidente dela Confederaci\u00f3n Venezolana de Industriales (Conindustria), considera que previo a la apertura de la frontera entre Colombia y Venezuela, al cabo de un a\u00f1o y unos meses, la industria debe estar pasando de 400 millones a 1.2 millones de d\u00f3lares en comercializaci\u00f3n fronteriza.<\/p>\n<p><strong>Puerto la Cruz, Anzo\u00e1tegui, Venezuela, 23 de septiembre de 2022 (ND58).- <\/strong>En entrevista con el periodista Alexis Rosas a trav\u00e9s de Uni\u00f3n Radio 93.7 FM, prev\u00e9 que el restablecimiento de relaciones entre ambos pa\u00edses va a ser beneficioso tanto para el Norte de Santander como para el estado T\u00e1chira.<\/p>\n<p>\u00abCreo que esto va a mejorar las condiciones con un poco m\u00e1s de libertad y recuperaci\u00f3n de puestos de trabajos en ambas fronteras\u00bb, sostuvo.<\/p>\n<p>Indic\u00f3 que para la apertura fronteriza, prevista para este lunes 26 de septiembre, se espera la asistencia de funcionarios por parte del gobierno de Colombia y autoridades de Venezuela como el gobernador del estado T\u00e1chira, Freddy Bernal.<\/p>\n<p>Indic\u00f3 que a\u00fan se espera la confirmaci\u00f3n del presidente Nicol\u00e1s Maduro as\u00ed como la del mandatario colombiano, Gustavo Petro.<\/p>\n<p>\u00abLa apertura de la frontera es un hecho y tenemos que estar preparados a lo m\u00e1ximo\u00bb, asegur\u00f3.<\/p>\n<p>Inform\u00f3 que Conindustria estar\u00e1 presente, con representaci\u00f3n de la Federaci\u00f3n Venezolana de C\u00e1maras de Comercio y Producci\u00f3n (Fedec\u00e1maras) en T\u00e1chira.<\/p>\n<p><strong>Convenio<\/strong><\/p>\n<p>El vicepresidente de la Confederaci\u00f3n Venezolana de Industriales anunci\u00f3 que para el establecimiento de relaciones comerciales se est\u00e1 hablando de la aplicaci\u00f3n del Convenio N\u00famero 28, con el debido cumplimiento de todos los aspectos en cuanto a reciprocidad, equidad, complementariedad, seguridad e integridad.<\/p>\n<p>\u00abNo solamente se trata de la entrada de productos colombianos a Venezuela, sino que tambi\u00e9n entre producci\u00f3n venezolana hacia el pa\u00eds vecino\u00bb, aclar\u00f3.<\/p>\n<p>Resalt\u00f3 que m\u00e1s all\u00e1 de lo comercial, se debe recuperar la parte cultual, tur\u00edstica y de libre tr\u00e1nsito de transporte fronterizo de forma paulatina.<\/p>\n<p>Coment\u00f3 que en Venezuela existen algunas industrias, unas un poco m\u00e1s holgadas que otras, en capacidad de realizar exportaciones como la farmac\u00e9utica con productos terminados.<\/p>\n<p>Record\u00f3 que de acuerdo al \u00faltimo bolet\u00edn de coyuntura, la industria del pa\u00eds tiene aproximadamente 30 por ciento de su capacidad productiva.<\/p>\n<p>\u00abQueremos que exista reciprocidad, homologaci\u00f3n en permisolog\u00eda y registros sanitarios en igualdad de condiciones, por lo que ya tocar\u00e1 ver cu\u00e1les son las necesidades de cada naci\u00f3n\u00bb, dijo.<\/p>\n<p class=\"p1\"><b>Redacci\u00f3n ND58 | Uni\u00f3n Radio Noticias<\/b><br \/>\n<b>Edici\u00f3n: \u00c1\u00f1ez, Caren\u00a0<\/b><br \/>\n<b>Gr\u00e1fica: Cortes\u00eda <\/b><\/p>\n<p>&nbsp;<\/p><div class=\"hzzvu69f454716df6f\" ><p style=\"text-align: center;\"><a href=\"https:\/\/t.me\/noticiasdigital58\" target=\"_blank\" rel=\"noopener\"><img class=\"aligncenter size-full wp-image-125363\" src=\"https:\/\/digital58.com.ve\/site\/wp-content\/uploads\/2021\/04\/banner-telegram-web-2021.png\" alt=\"\" width=\"600\" height=\"90\" \/><\/a><\/p><\/div><style type=\"text\/css\">\r\n@media screen and (min-width: 1201px) {\r\n.hzzvu69f454716df6f {\r\ndisplay: block;\r\n}\r\n}\r\n@media screen and (min-width: 993px) and (max-width: 1200px) {\r\n.hzzvu69f454716df6f {\r\ndisplay: block;\r\n}\r\n}\r\n@media screen and (min-width: 769px) and (max-width: 992px) {\r\n.hzzvu69f454716df6f {\r\ndisplay: block;\r\n}\r\n}\r\n@media screen and (min-width: 768px) and (max-width: 768px) {\r\n.hzzvu69f454716df6f {\r\ndisplay: block;\r\n}\r\n}\r\n@media screen and (max-width: 767px) {\r\n.hzzvu69f454716df6f {\r\ndisplay: block;\r\n}\r\n}\r\n<\/style>\r\n\n<p>&nbsp;<\/p>\n<div style=\"margin-top: 0px; margin-bottom: 0px;\" class=\"sharethis-inline-share-buttons\" ><\/div>","protected":false},"excerpt":{"rendered":"<p>Tito L\u00f3pez, vicepresidente dela Confederaci\u00f3n Venezolana de Industriales (Conindustria), considera que previo a la apertura de la frontera entre Colombia<\/p>\n","protected":false},"author":39,"featured_media":156856,"comment_status":"open","ping_status":"closed","sticky":false,"template":"","format":"standard","meta":{"colormag_page_container_layout":"default_layout","colormag_page_sidebar_layout":"default_layout","_uag_custom_page_level_css":"","footnotes":""},"categories":[14499],"tags":[98,29289,20467,13891,17404,233,2724,32],"class_list":["post-156853","post","type-post","status-publish","format-standard","has-post-thumbnail","hentry","category-economia","tag-colombia","tag-confederacion-venezolana-de-industriales","tag-conindustria","tag-fedecamaras","tag-freddy-bernal","tag-nacionales","tag-nicolas-maduro","tag-venezuela"],"yoast_head":"<!-- This site is optimized with the Yoast SEO plugin v27.5 - https:\/\/yoast.com\/product\/yoast-seo-wordpress\/ -->\n<title>Conindustria sobre apertura fronteriza: Dentro de un a\u00f1o debemos estar alcanzando 1.2 millones de d\u00f3lares en comercializaci\u00f3n<\/title>\n<meta name=\"description\" content=\"Econom\u00eda\" \/>\n<meta name=\"robots\" content=\"index, follow, max-snippet:-1, max-image-preview:large, max-video-preview:-1\" \/>\n<link rel=\"canonical\" href=\"https:\/\/digital58.com.ve\/site\/2022\/09\/23\/conindustria-sobre-apertura-fronteriza-dentro-de-un-ano-debemos-estar-alcanzando-1-2-millones-de-dolares-en-comercializacion\/\" \/>\n<meta property=\"og:locale\" content=\"es_ES\" \/>\n<meta property=\"og:type\" content=\"article\" \/>\n<meta property=\"og:title\" content=\"Conindustria sobre apertura fronteriza: Dentro de un a\u00f1o debemos estar alcanzando 1.2 millones de d\u00f3lares en comercializaci\u00f3n\" \/>\n<meta property=\"og:description\" content=\"Econom\u00eda\" \/>\n<meta property=\"og:url\" content=\"https:\/\/digital58.com.ve\/site\/2022\/09\/23\/conindustria-sobre-apertura-fronteriza-dentro-de-un-ano-debemos-estar-alcanzando-1-2-millones-de-dolares-en-comercializacion\/\" \/>\n<meta property=\"og:site_name\" content=\"Noticias Digital58\" \/>\n<meta property=\"article:published_time\" content=\"2022-09-23T22:41:55+00:00\" \/>\n<meta property=\"article:modified_time\" content=\"2022-10-11T05:34:58+00:00\" \/>\n<meta property=\"og:image\" content=\"https:\/\/digital58.com.ve\/site\/wp-content\/uploads\/2022\/09\/frontera-venezuela_40650111_20220909091457-1.jpg\" \/>\n\t<meta property=\"og:image:width\" content=\"751\" \/>\n\t<meta property=\"og:image:height\" content=\"562\" \/>\n\t<meta property=\"og:image:type\" content=\"image\/jpeg\" \/>\n<meta name=\"author\" content=\"Caren A\u00f1ez\" \/>\n<meta name=\"twitter:card\" content=\"summary_large_image\" \/>\n<meta name=\"twitter:creator\" content=\"@carenanez\" \/>\n<meta name=\"twitter:site\" content=\"@villasmilhfoto\" \/>\n<meta name=\"twitter:label1\" content=\"Escrito por\" \/>\n\t<meta name=\"twitter:data1\" content=\"Caren A\u00f1ez\" \/>\n\t<meta name=\"twitter:label2\" content=\"Tiempo estimado de lectura\" \/>\n\t<meta name=\"twitter:data2\" content=\"2 minutos\" \/>\n<script type=\"application\/ld+json\" class=\"yoast-schema-graph\">{\"@context\":\"https:\\\/\\\/schema.org\",\"@graph\":[{\"@type\":\"Article\",\"@id\":\"https:\\\/\\\/digital58.com.ve\\\/site\\\/2022\\\/09\\\/23\\\/conindustria-sobre-apertura-fronteriza-dentro-de-un-ano-debemos-estar-alcanzando-1-2-millones-de-dolares-en-comercializacion\\\/#article\",\"isPartOf\":{\"@id\":\"https:\\\/\\\/digital58.com.ve\\\/site\\\/2022\\\/09\\\/23\\\/conindustria-sobre-apertura-fronteriza-dentro-de-un-ano-debemos-estar-alcanzando-1-2-millones-de-dolares-en-comercializacion\\\/\"},\"author\":{\"name\":\"Caren A\u00f1ez\",\"@id\":\"https:\\\/\\\/digital58.com.ve\\\/site\\\/#\\\/schema\\\/person\\\/38596b127602deaa13fbcd7585635238\"},\"headline\":\"Conindustria sobre apertura fronteriza: Dentro de un a\u00f1o debemos estar alcanzando 1.2 millones de d\u00f3lares en comercializaci\u00f3n\",\"datePublished\":\"2022-09-23T22:41:55+00:00\",\"dateModified\":\"2022-10-11T05:34:58+00:00\",\"mainEntityOfPage\":{\"@id\":\"https:\\\/\\\/digital58.com.ve\\\/site\\\/2022\\\/09\\\/23\\\/conindustria-sobre-apertura-fronteriza-dentro-de-un-ano-debemos-estar-alcanzando-1-2-millones-de-dolares-en-comercializacion\\\/\"},\"wordCount\":447,\"commentCount\":0,\"publisher\":{\"@id\":\"https:\\\/\\\/digital58.com.ve\\\/site\\\/#\\\/schema\\\/person\\\/64d1c2e4d0d4fd1b849980c4331c2951\"},\"image\":{\"@id\":\"https:\\\/\\\/digital58.com.ve\\\/site\\\/2022\\\/09\\\/23\\\/conindustria-sobre-apertura-fronteriza-dentro-de-un-ano-debemos-estar-alcanzando-1-2-millones-de-dolares-en-comercializacion\\\/#primaryimage\"},\"thumbnailUrl\":\"https:\\\/\\\/digital58.com.ve\\\/site\\\/wp-content\\\/uploads\\\/2022\\\/09\\\/frontera-venezuela_40650111_20220909091457-1.jpg\",\"keywords\":[\"Colombia\",\"Confederaci\u00f3n Venezolana de Industriales\",\"Conindustria\",\"Fedec\u00e1maras\",\"Freddy Bernal\",\"Nacionales\",\"Nicol\u00e1s Maduro\",\"Venezuela\"],\"articleSection\":[\"Econom\u00eda\"],\"inLanguage\":\"es\",\"potentialAction\":[{\"@type\":\"CommentAction\",\"name\":\"Comment\",\"target\":[\"https:\\\/\\\/digital58.com.ve\\\/site\\\/2022\\\/09\\\/23\\\/conindustria-sobre-apertura-fronteriza-dentro-de-un-ano-debemos-estar-alcanzando-1-2-millones-de-dolares-en-comercializacion\\\/#respond\"]}]},{\"@type\":\"WebPage\",\"@id\":\"https:\\\/\\\/digital58.com.ve\\\/site\\\/2022\\\/09\\\/23\\\/conindustria-sobre-apertura-fronteriza-dentro-de-un-ano-debemos-estar-alcanzando-1-2-millones-de-dolares-en-comercializacion\\\/\",\"url\":\"https:\\\/\\\/digital58.com.ve\\\/site\\\/2022\\\/09\\\/23\\\/conindustria-sobre-apertura-fronteriza-dentro-de-un-ano-debemos-estar-alcanzando-1-2-millones-de-dolares-en-comercializacion\\\/\",\"name\":\"Conindustria sobre apertura fronteriza: Dentro de un a\u00f1o debemos estar alcanzando 1.2 millones de d\u00f3lares en comercializaci\u00f3n\",\"isPartOf\":{\"@id\":\"https:\\\/\\\/digital58.com.ve\\\/site\\\/#website\"},\"primaryImageOfPage\":{\"@id\":\"https:\\\/\\\/digital58.com.ve\\\/site\\\/2022\\\/09\\\/23\\\/conindustria-sobre-apertura-fronteriza-dentro-de-un-ano-debemos-estar-alcanzando-1-2-millones-de-dolares-en-comercializacion\\\/#primaryimage\"},\"image\":{\"@id\":\"https:\\\/\\\/digital58.com.ve\\\/site\\\/2022\\\/09\\\/23\\\/conindustria-sobre-apertura-fronteriza-dentro-de-un-ano-debemos-estar-alcanzando-1-2-millones-de-dolares-en-comercializacion\\\/#primaryimage\"},\"thumbnailUrl\":\"https:\\\/\\\/digital58.com.ve\\\/site\\\/wp-content\\\/uploads\\\/2022\\\/09\\\/frontera-venezuela_40650111_20220909091457-1.jpg\",\"datePublished\":\"2022-09-23T22:41:55+00:00\",\"dateModified\":\"2022-10-11T05:34:58+00:00\",\"description\":\"Econom\u00eda\",\"breadcrumb\":{\"@id\":\"https:\\\/\\\/digital58.com.ve\\\/site\\\/2022\\\/09\\\/23\\\/conindustria-sobre-apertura-fronteriza-dentro-de-un-ano-debemos-estar-alcanzando-1-2-millones-de-dolares-en-comercializacion\\\/#breadcrumb\"},\"inLanguage\":\"es\",\"potentialAction\":[{\"@type\":\"ReadAction\",\"target\":[\"https:\\\/\\\/digital58.com.ve\\\/site\\\/2022\\\/09\\\/23\\\/conindustria-sobre-apertura-fronteriza-dentro-de-un-ano-debemos-estar-alcanzando-1-2-millones-de-dolares-en-comercializacion\\\/\"]}]},{\"@type\":\"ImageObject\",\"inLanguage\":\"es\",\"@id\":\"https:\\\/\\\/digital58.com.ve\\\/site\\\/2022\\\/09\\\/23\\\/conindustria-sobre-apertura-fronteriza-dentro-de-un-ano-debemos-estar-alcanzando-1-2-millones-de-dolares-en-comercializacion\\\/#primaryimage\",\"url\":\"https:\\\/\\\/digital58.com.ve\\\/site\\\/wp-content\\\/uploads\\\/2022\\\/09\\\/frontera-venezuela_40650111_20220909091457-1.jpg\",\"contentUrl\":\"https:\\\/\\\/digital58.com.ve\\\/site\\\/wp-content\\\/uploads\\\/2022\\\/09\\\/frontera-venezuela_40650111_20220909091457-1.jpg\",\"width\":751,\"height\":562},{\"@type\":\"BreadcrumbList\",\"@id\":\"https:\\\/\\\/digital58.com.ve\\\/site\\\/2022\\\/09\\\/23\\\/conindustria-sobre-apertura-fronteriza-dentro-de-un-ano-debemos-estar-alcanzando-1-2-millones-de-dolares-en-comercializacion\\\/#breadcrumb\",\"itemListElement\":[{\"@type\":\"ListItem\",\"position\":1,\"name\":\"Home\",\"item\":\"https:\\\/\\\/digital58.com.ve\\\/site\\\/\"},{\"@type\":\"ListItem\",\"position\":2,\"name\":\"Conindustria sobre apertura fronteriza: Dentro de un a\u00f1o debemos estar alcanzando 1.2 millones de d\u00f3lares en comercializaci\u00f3n\"}]},{\"@type\":\"WebSite\",\"@id\":\"https:\\\/\\\/digital58.com.ve\\\/site\\\/#website\",\"url\":\"https:\\\/\\\/digital58.com.ve\\\/site\\\/\",\"name\":\"Noticias Digital58\",\"description\":\"Portal de Noticias \u00a1Periodismo web de verdad! Lanzamiento web 22.11.2005 \\\/ Maracaibo, Venezuela\",\"publisher\":{\"@id\":\"https:\\\/\\\/digital58.com.ve\\\/site\\\/#\\\/schema\\\/person\\\/64d1c2e4d0d4fd1b849980c4331c2951\"},\"alternateName\":\"ND58\",\"potentialAction\":[{\"@type\":\"SearchAction\",\"target\":{\"@type\":\"EntryPoint\",\"urlTemplate\":\"https:\\\/\\\/digital58.com.ve\\\/site\\\/?s={search_term_string}\"},\"query-input\":{\"@type\":\"PropertyValueSpecification\",\"valueRequired\":true,\"valueName\":\"search_term_string\"}}],\"inLanguage\":\"es\"},{\"@type\":[\"Person\",\"Organization\"],\"@id\":\"https:\\\/\\\/digital58.com.ve\\\/site\\\/#\\\/schema\\\/person\\\/64d1c2e4d0d4fd1b849980c4331c2951\",\"name\":\"Villasmil Henry\",\"image\":{\"@type\":\"ImageObject\",\"inLanguage\":\"es\",\"@id\":\"https:\\\/\\\/secure.gravatar.com\\\/avatar\\\/bb0c4a2fcb7970138239f7e404ea75757b1b507b28b5ce4c53fbd62d797c5a7c?s=96&d=mm&r=g\",\"url\":\"https:\\\/\\\/secure.gravatar.com\\\/avatar\\\/bb0c4a2fcb7970138239f7e404ea75757b1b507b28b5ce4c53fbd62d797c5a7c?s=96&d=mm&r=g\",\"contentUrl\":\"https:\\\/\\\/secure.gravatar.com\\\/avatar\\\/bb0c4a2fcb7970138239f7e404ea75757b1b507b28b5ce4c53fbd62d797c5a7c?s=96&d=mm&r=g\",\"caption\":\"Villasmil Henry\"},\"logo\":{\"@id\":\"https:\\\/\\\/secure.gravatar.com\\\/avatar\\\/bb0c4a2fcb7970138239f7e404ea75757b1b507b28b5ce4c53fbd62d797c5a7c?s=96&d=mm&r=g\"},\"sameAs\":[\"http:\\\/\\\/www.henryvillasmil.com.ve\",\"https:\\\/\\\/www.instagram.com\\\/villasmilhfoto\\\/\",\"https:\\\/\\\/x.com\\\/https:\\\/\\\/twitter.com\\\/villasmilhfoto\"]},{\"@type\":\"Person\",\"@id\":\"https:\\\/\\\/digital58.com.ve\\\/site\\\/#\\\/schema\\\/person\\\/38596b127602deaa13fbcd7585635238\",\"name\":\"Caren A\u00f1ez\",\"image\":{\"@type\":\"ImageObject\",\"inLanguage\":\"es\",\"@id\":\"https:\\\/\\\/secure.gravatar.com\\\/avatar\\\/53aadd693aa414991c9ff2f2b19c39be94d2c342463b80f5402d344911bc9782?s=96&d=mm&r=g\",\"url\":\"https:\\\/\\\/secure.gravatar.com\\\/avatar\\\/53aadd693aa414991c9ff2f2b19c39be94d2c342463b80f5402d344911bc9782?s=96&d=mm&r=g\",\"contentUrl\":\"https:\\\/\\\/secure.gravatar.com\\\/avatar\\\/53aadd693aa414991c9ff2f2b19c39be94d2c342463b80f5402d344911bc9782?s=96&d=mm&r=g\",\"caption\":\"Caren A\u00f1ez\"},\"description\":\"\ud83d\udc69\u200d\ud83c\udfa4Editora en @digital_58 \ud83d\udc69\ud83c\udffb\u200d\ud83c\udfebPeriodista musical y de entretenimiento. \ud83d\udcf8Fotografa \ud83d\udc69\ud83c\udffb\u200d\ud83d\udcbbMedia Management. \ud83d\udc69\u200d\ud83d\udc67\u200d\ud83d\udc67AspieMon 24\\\/7\",\"sameAs\":[\"https:\\\/\\\/www.instagram.com\\\/carenanez\\\/\",\"https:\\\/\\\/x.com\\\/carenanez\"],\"url\":\"https:\\\/\\\/digital58.com.ve\\\/site\\\/author\\\/carena21\\\/\"}]}<\/script>\n<!-- \/ Yoast SEO plugin. -->","yoast_head_json":{"title":"Conindustria sobre apertura fronteriza: Dentro de un a\u00f1o debemos estar alcanzando 1.2 millones de d\u00f3lares en comercializaci\u00f3n","description":"Econom\u00eda","robots":{"index":"index","follow":"follow","max-snippet":"max-snippet:-1","max-image-preview":"max-image-preview:large","max-video-preview":"max-video-preview:-1"},"canonical":"https:\/\/digital58.com.ve\/site\/2022\/09\/23\/conindustria-sobre-apertura-fronteriza-dentro-de-un-ano-debemos-estar-alcanzando-1-2-millones-de-dolares-en-comercializacion\/","og_locale":"es_ES","og_type":"article","og_title":"Conindustria sobre apertura fronteriza: Dentro de un a\u00f1o debemos estar alcanzando 1.2 millones de d\u00f3lares en comercializaci\u00f3n","og_description":"Econom\u00eda","og_url":"https:\/\/digital58.com.ve\/site\/2022\/09\/23\/conindustria-sobre-apertura-fronteriza-dentro-de-un-ano-debemos-estar-alcanzando-1-2-millones-de-dolares-en-comercializacion\/","og_site_name":"Noticias Digital58","article_published_time":"2022-09-23T22:41:55+00:00","article_modified_time":"2022-10-11T05:34:58+00:00","og_image":[{"width":751,"height":562,"url":"https:\/\/digital58.com.ve\/site\/wp-content\/uploads\/2022\/09\/frontera-venezuela_40650111_20220909091457-1.jpg","type":"image\/jpeg"}],"author":"Caren A\u00f1ez","twitter_card":"summary_large_image","twitter_creator":"@carenanez","twitter_site":"@villasmilhfoto","twitter_misc":{"Escrito por":"Caren A\u00f1ez","Tiempo estimado de lectura":"2 minutos"},"schema":{"@context":"https:\/\/schema.org","@graph":[{"@type":"Article","@id":"https:\/\/digital58.com.ve\/site\/2022\/09\/23\/conindustria-sobre-apertura-fronteriza-dentro-de-un-ano-debemos-estar-alcanzando-1-2-millones-de-dolares-en-comercializacion\/#article","isPartOf":{"@id":"https:\/\/digital58.com.ve\/site\/2022\/09\/23\/conindustria-sobre-apertura-fronteriza-dentro-de-un-ano-debemos-estar-alcanzando-1-2-millones-de-dolares-en-comercializacion\/"},"author":{"name":"Caren A\u00f1ez","@id":"https:\/\/digital58.com.ve\/site\/#\/schema\/person\/38596b127602deaa13fbcd7585635238"},"headline":"Conindustria sobre apertura fronteriza: Dentro de un a\u00f1o debemos estar alcanzando 1.2 millones de d\u00f3lares en comercializaci\u00f3n","datePublished":"2022-09-23T22:41:55+00:00","dateModified":"2022-10-11T05:34:58+00:00","mainEntityOfPage":{"@id":"https:\/\/digital58.com.ve\/site\/2022\/09\/23\/conindustria-sobre-apertura-fronteriza-dentro-de-un-ano-debemos-estar-alcanzando-1-2-millones-de-dolares-en-comercializacion\/"},"wordCount":447,"commentCount":0,"publisher":{"@id":"https:\/\/digital58.com.ve\/site\/#\/schema\/person\/64d1c2e4d0d4fd1b849980c4331c2951"},"image":{"@id":"https:\/\/digital58.com.ve\/site\/2022\/09\/23\/conindustria-sobre-apertura-fronteriza-dentro-de-un-ano-debemos-estar-alcanzando-1-2-millones-de-dolares-en-comercializacion\/#primaryimage"},"thumbnailUrl":"https:\/\/digital58.com.ve\/site\/wp-content\/uploads\/2022\/09\/frontera-venezuela_40650111_20220909091457-1.jpg","keywords":["Colombia","Confederaci\u00f3n Venezolana de Industriales","Conindustria","Fedec\u00e1maras","Freddy Bernal","Nacionales","Nicol\u00e1s Maduro","Venezuela"],"articleSection":["Econom\u00eda"],"inLanguage":"es","potentialAction":[{"@type":"CommentAction","name":"Comment","target":["https:\/\/digital58.com.ve\/site\/2022\/09\/23\/conindustria-sobre-apertura-fronteriza-dentro-de-un-ano-debemos-estar-alcanzando-1-2-millones-de-dolares-en-comercializacion\/#respond"]}]},{"@type":"WebPage","@id":"https:\/\/digital58.com.ve\/site\/2022\/09\/23\/conindustria-sobre-apertura-fronteriza-dentro-de-un-ano-debemos-estar-alcanzando-1-2-millones-de-dolares-en-comercializacion\/","url":"https:\/\/digital58.com.ve\/site\/2022\/09\/23\/conindustria-sobre-apertura-fronteriza-dentro-de-un-ano-debemos-estar-alcanzando-1-2-millones-de-dolares-en-comercializacion\/","name":"Conindustria sobre apertura fronteriza: Dentro de un a\u00f1o debemos estar alcanzando 1.2 millones de d\u00f3lares en comercializaci\u00f3n","isPartOf":{"@id":"https:\/\/digital58.com.ve\/site\/#website"},"primaryImageOfPage":{"@id":"https:\/\/digital58.com.ve\/site\/2022\/09\/23\/conindustria-sobre-apertura-fronteriza-dentro-de-un-ano-debemos-estar-alcanzando-1-2-millones-de-dolares-en-comercializacion\/#primaryimage"},"image":{"@id":"https:\/\/digital58.com.ve\/site\/2022\/09\/23\/conindustria-sobre-apertura-fronteriza-dentro-de-un-ano-debemos-estar-alcanzando-1-2-millones-de-dolares-en-comercializacion\/#primaryimage"},"thumbnailUrl":"https:\/\/digital58.com.ve\/site\/wp-content\/uploads\/2022\/09\/frontera-venezuela_40650111_20220909091457-1.jpg","datePublished":"2022-09-23T22:41:55+00:00","dateModified":"2022-10-11T05:34:58+00:00","description":"Econom\u00eda","breadcrumb":{"@id":"https:\/\/digital58.com.ve\/site\/2022\/09\/23\/conindustria-sobre-apertura-fronteriza-dentro-de-un-ano-debemos-estar-alcanzando-1-2-millones-de-dolares-en-comercializacion\/#breadcrumb"},"inLanguage":"es","potentialAction":[{"@type":"ReadAction","target":["https:\/\/digital58.com.ve\/site\/2022\/09\/23\/conindustria-sobre-apertura-fronteriza-dentro-de-un-ano-debemos-estar-alcanzando-1-2-millones-de-dolares-en-comercializacion\/"]}]},{"@type":"ImageObject","inLanguage":"es","@id":"https:\/\/digital58.com.ve\/site\/2022\/09\/23\/conindustria-sobre-apertura-fronteriza-dentro-de-un-ano-debemos-estar-alcanzando-1-2-millones-de-dolares-en-comercializacion\/#primaryimage","url":"https:\/\/digital58.com.ve\/site\/wp-content\/uploads\/2022\/09\/frontera-venezuela_40650111_20220909091457-1.jpg","contentUrl":"https:\/\/digital58.com.ve\/site\/wp-content\/uploads\/2022\/09\/frontera-venezuela_40650111_20220909091457-1.jpg","width":751,"height":562},{"@type":"BreadcrumbList","@id":"https:\/\/digital58.com.ve\/site\/2022\/09\/23\/conindustria-sobre-apertura-fronteriza-dentro-de-un-ano-debemos-estar-alcanzando-1-2-millones-de-dolares-en-comercializacion\/#breadcrumb","itemListElement":[{"@type":"ListItem","position":1,"name":"Home","item":"https:\/\/digital58.com.ve\/site\/"},{"@type":"ListItem","position":2,"name":"Conindustria sobre apertura fronteriza: Dentro de un a\u00f1o debemos estar alcanzando 1.2 millones de d\u00f3lares en comercializaci\u00f3n"}]},{"@type":"WebSite","@id":"https:\/\/digital58.com.ve\/site\/#website","url":"https:\/\/digital58.com.ve\/site\/","name":"Noticias Digital58","description":"Portal de Noticias \u00a1Periodismo web de verdad! Lanzamiento web 22.11.2005 \/ Maracaibo, Venezuela","publisher":{"@id":"https:\/\/digital58.com.ve\/site\/#\/schema\/person\/64d1c2e4d0d4fd1b849980c4331c2951"},"alternateName":"ND58","potentialAction":[{"@type":"SearchAction","target":{"@type":"EntryPoint","urlTemplate":"https:\/\/digital58.com.ve\/site\/?s={search_term_string}"},"query-input":{"@type":"PropertyValueSpecification","valueRequired":true,"valueName":"search_term_string"}}],"inLanguage":"es"},{"@type":["Person","Organization"],"@id":"https:\/\/digital58.com.ve\/site\/#\/schema\/person\/64d1c2e4d0d4fd1b849980c4331c2951","name":"Villasmil Henry","image":{"@type":"ImageObject","inLanguage":"es","@id":"https:\/\/secure.gravatar.com\/avatar\/bb0c4a2fcb7970138239f7e404ea75757b1b507b28b5ce4c53fbd62d797c5a7c?s=96&d=mm&r=g","url":"https:\/\/secure.gravatar.com\/avatar\/bb0c4a2fcb7970138239f7e404ea75757b1b507b28b5ce4c53fbd62d797c5a7c?s=96&d=mm&r=g","contentUrl":"https:\/\/secure.gravatar.com\/avatar\/bb0c4a2fcb7970138239f7e404ea75757b1b507b28b5ce4c53fbd62d797c5a7c?s=96&d=mm&r=g","caption":"Villasmil Henry"},"logo":{"@id":"https:\/\/secure.gravatar.com\/avatar\/bb0c4a2fcb7970138239f7e404ea75757b1b507b28b5ce4c53fbd62d797c5a7c?s=96&d=mm&r=g"},"sameAs":["http:\/\/www.henryvillasmil.com.ve","https:\/\/www.instagram.com\/villasmilhfoto\/","https:\/\/x.com\/https:\/\/twitter.com\/villasmilhfoto"]},{"@type":"Person","@id":"https:\/\/digital58.com.ve\/site\/#\/schema\/person\/38596b127602deaa13fbcd7585635238","name":"Caren A\u00f1ez","image":{"@type":"ImageObject","inLanguage":"es","@id":"https:\/\/secure.gravatar.com\/avatar\/53aadd693aa414991c9ff2f2b19c39be94d2c342463b80f5402d344911bc9782?s=96&d=mm&r=g","url":"https:\/\/secure.gravatar.com\/avatar\/53aadd693aa414991c9ff2f2b19c39be94d2c342463b80f5402d344911bc9782?s=96&d=mm&r=g","contentUrl":"https:\/\/secure.gravatar.com\/avatar\/53aadd693aa414991c9ff2f2b19c39be94d2c342463b80f5402d344911bc9782?s=96&d=mm&r=g","caption":"Caren A\u00f1ez"},"description":"\ud83d\udc69\u200d\ud83c\udfa4Editora en @digital_58 \ud83d\udc69\ud83c\udffb\u200d\ud83c\udfebPeriodista musical y de entretenimiento. \ud83d\udcf8Fotografa \ud83d\udc69\ud83c\udffb\u200d\ud83d\udcbbMedia Management. \ud83d\udc69\u200d\ud83d\udc67\u200d\ud83d\udc67AspieMon 24\/7","sameAs":["https:\/\/www.instagram.com\/carenanez\/","https:\/\/x.com\/carenanez"],"url":"https:\/\/digital58.com.ve\/site\/author\/carena21\/"}]}},"uagb_featured_image_src":{"full":["https:\/\/digital58.com.ve\/site\/wp-content\/uploads\/2022\/09\/frontera-venezuela_40650111_20220909091457-1.jpg",751,562,false],"thumbnail":["https:\/\/digital58.com.ve\/site\/wp-content\/uploads\/2022\/09\/frontera-venezuela_40650111_20220909091457-1-150x150.jpg",150,150,true],"medium":["https:\/\/digital58.com.ve\/site\/wp-content\/uploads\/2022\/09\/frontera-venezuela_40650111_20220909091457-1-300x225.jpg",300,225,true],"medium_large":["https:\/\/digital58.com.ve\/site\/wp-content\/uploads\/2022\/09\/frontera-venezuela_40650111_20220909091457-1.jpg",751,562,false],"large":["https:\/\/digital58.com.ve\/site\/wp-content\/uploads\/2022\/09\/frontera-venezuela_40650111_20220909091457-1.jpg",751,562,false],"1536x1536":["https:\/\/digital58.com.ve\/site\/wp-content\/uploads\/2022\/09\/frontera-venezuela_40650111_20220909091457-1.jpg",751,562,false],"2048x2048":["https:\/\/digital58.com.ve\/site\/wp-content\/uploads\/2022\/09\/frontera-venezuela_40650111_20220909091457-1.jpg",751,562,false],"colormag-highlighted-post":["https:\/\/digital58.com.ve\/site\/wp-content\/uploads\/2022\/09\/frontera-venezuela_40650111_20220909091457-1-392x272.jpg",392,272,true],"colormag-featured-post-medium":["https:\/\/digital58.com.ve\/site\/wp-content\/uploads\/2022\/09\/frontera-venezuela_40650111_20220909091457-1-390x205.jpg",390,205,true],"colormag-featured-post-small":["https:\/\/digital58.com.ve\/site\/wp-content\/uploads\/2022\/09\/frontera-venezuela_40650111_20220909091457-1-130x90.jpg",130,90,true],"colormag-featured-image":["https:\/\/digital58.com.ve\/site\/wp-content\/uploads\/2022\/09\/frontera-venezuela_40650111_20220909091457-1-751x445.jpg",751,445,true],"colormag-default-news":["https:\/\/digital58.com.ve\/site\/wp-content\/uploads\/2022\/09\/frontera-venezuela_40650111_20220909091457-1.jpg",150,112,false],"colormag-featured-image-large":["https:\/\/digital58.com.ve\/site\/wp-content\/uploads\/2022\/09\/frontera-venezuela_40650111_20220909091457-1.jpg",751,562,false]},"uagb_author_info":{"display_name":"Caren A\u00f1ez","author_link":"https:\/\/digital58.com.ve\/site\/author\/carena21\/"},"uagb_comment_info":0,"uagb_excerpt":"Tito L\u00f3pez, vicepresidente dela Confederaci\u00f3n Venezolana de Industriales (Conindustria), considera que previo a la apertura de la frontera entre Colombia","_links":{"self":[{"href":"https:\/\/digital58.com.ve\/site\/wp-json\/wp\/v2\/posts\/156853","targetHints":{"allow":["GET"]}}],"collection":[{"href":"https:\/\/digital58.com.ve\/site\/wp-json\/wp\/v2\/posts"}],"about":[{"href":"https:\/\/digital58.com.ve\/site\/wp-json\/wp\/v2\/types\/post"}],"author":[{"embeddable":true,"href":"https:\/\/digital58.com.ve\/site\/wp-json\/wp\/v2\/users\/39"}],"replies":[{"embeddable":true,"href":"https:\/\/digital58.com.ve\/site\/wp-json\/wp\/v2\/comments?post=156853"}],"version-history":[{"count":0,"href":"https:\/\/digital58.com.ve\/site\/wp-json\/wp\/v2\/posts\/156853\/revisions"}],"wp:featuredmedia":[{"embeddable":true,"href":"https:\/\/digital58.com.ve\/site\/wp-json\/wp\/v2\/media\/156856"}],"wp:attachment":[{"href":"https:\/\/digital58.com.ve\/site\/wp-json\/wp\/v2\/media?parent=156853"}],"wp:term":[{"taxonomy":"category","embeddable":true,"href":"https:\/\/digital58.com.ve\/site\/wp-json\/wp\/v2\/categories?post=156853"},{"taxonomy":"post_tag","embeddable":true,"href":"https:\/\/digital58.com.ve\/site\/wp-json\/wp\/v2\/tags?post=156853"}],"curies":[{"name":"wp","href":"https:\/\/api.w.org\/{rel}","templated":true}]}}