{"id":156889,"date":"2022-09-24T08:36:14","date_gmt":"2022-09-24T12:36:14","guid":{"rendered":"https:\/\/digital58.com.ve\/site\/?p=156889"},"modified":"2022-10-11T01:34:58","modified_gmt":"2022-10-11T05:34:58","slug":"la-depresion-nueve-se-fortalece-en-el-caribe-y-el-huracan-fiona-azotara-canada","status":"publish","type":"post","link":"https:\/\/digital58.com.ve\/site\/2022\/09\/24\/la-depresion-nueve-se-fortalece-en-el-caribe-y-el-huracan-fiona-azotara-canada\/","title":{"rendered":"La depresi\u00f3n \u00abNueve\u00bb se fortalece en el Caribe y el hurac\u00e1n \u00abFiona\u00bb azotar\u00e1 Canad\u00e1"},"content":{"rendered":"<p><a href=\"https:\/\/digital58.com.ve\/site\/wp-content\/uploads\/2022\/09\/depresion-tropical.jpg\"><img loading=\"lazy\" decoding=\"async\" class=\"aligncenter size-full wp-image-156890\" src=\"https:\/\/digital58.com.ve\/site\/wp-content\/uploads\/2022\/09\/depresion-tropical.jpg\" alt=\"\" width=\"900\" height=\"611\" srcset=\"https:\/\/digital58.com.ve\/site\/wp-content\/uploads\/2022\/09\/depresion-tropical.jpg 900w, https:\/\/digital58.com.ve\/site\/wp-content\/uploads\/2022\/09\/depresion-tropical-300x204.jpg 300w, https:\/\/digital58.com.ve\/site\/wp-content\/uploads\/2022\/09\/depresion-tropical-768x521.jpg 768w\" sizes=\"auto, (max-width: 900px) 100vw, 900px\" \/><\/a><\/p>\n<p>La trayectoria de \u00abGast\u00f3n\u00bb \u2014tormenta tropical\u2014 prev\u00e9 que se mueva cerca o sobre las Azores hasta la madrugada del s\u00e1bado.<\/p>\n<p><strong>Internacionales, 24 de septiembre de 2022 (ND58).-<\/strong> La depresi\u00f3n n\u00famero nueve \u2014Gast\u00f3n\u2014 se fortalece en su avance hacia el centro del Caribe, desde el cual puede dar el salto hacia Florida como hurac\u00e1n mayor tras pasar por Jamaica y Cuba el fin de semana, mientras que la fuerza del hurac\u00e1n Fiona se dejar\u00e1 sentir este viernes en el este de Canad\u00e1.<\/p>\n<p>El Centro Nacional de Huracanes (NHC) de EE.UU. informa en su \u00faltimo parte que Nueve se encuentra situada a 515 millas (830 km) al este de la capital de Jamaica, Kingston, y 1.015 millas (1.635 km) de La Habana y avanza con vientos m\u00e1ximos sostenidos de 35 millas por hora (55 km\/h).<\/p>\n<p>Aunque todav\u00eda es temprano para conocer la magnitud exacta del cicl\u00f3n, algunas pron\u00f3sticos indican que pueda pasar por Cuba como hurac\u00e1n de categor\u00eda uno\u00a0 o dos e, incluso, llegar a las costas de Florida (EE.UU.) como tres.<\/p>\n<p>El NHC subraya que Jamaica y las Islas Caim\u00e1n deben seguir con atenci\u00f3n el progreso de este sistema, que se desplaza hacia el oeste-noroeste a 14 millas por hora (22 km\/h).<\/p>\n<p>El sistema espera que d\u00e9 un giro hacia el oeste este viernes y contin\u00fae hasta el s\u00e1bado, seguido de una orientaci\u00f3n al noroeste domingo y el lunes.<\/p>\n<p>En la trayectoria se pronostica que el cicl\u00f3n se mueva a trav\u00e9s del centro del Caribe hasta el s\u00e1bado, pase al sur de Jamaica el s\u00e1bado por la noche y el domingo, y se acerque a las Islas Caim\u00e1n el domingo por la noche y temprano el lunes.<\/p>\n<p><strong>El lunes por la noche podr\u00eda llegar a Florida.<\/strong><\/p>\n<p>Se espera que la todav\u00eda depresi\u00f3n tropical nueve produzca lluvias en Aruba, Bonaire, Curacao, norte de Venezuela y norte de Colombia, y m\u00e1s intensas en Jamaica, las Islas Caim\u00e1n y Cuba.<\/p>\n<p>El hurac\u00e1n Fiona, el tercero de esta temporada, est\u00e1 a unos 475 millas (770 km) de Halifax, la capital de la provincia de Nueva Escocia (Canad\u00e1), y arrastra vientos m\u00e1ximos sostenidos de 130 millas por hora (215 km\/h).<\/p>\n<p>El Servicio Meteorol\u00f3gico de Bermudas suspendi\u00f3 ya la advertencia de tormenta tropical para el archipi\u00e9lago atl\u00e1ntico.<\/p>\n<p>Hay un aviso de hurac\u00e1n vigente en Canad\u00e1 para Nueva Escocia de Hubbards a Brule, la Isla del Pr\u00edncipe Eduardo, Isla-de-la-Madeleine y en Terranova, desde Parson&#8217;s Pond hasta Francois.<\/p>\n<p>Fiona se mueve hacia el noreste a cerca de 35 millas por hora (56 km\/h) y en la trayectoria pronosticada, el centro del cicl\u00f3n se acercar\u00e1 a Nueva Escocia este viernes.<\/p>\n<p>Por otro lado, la tormenta tropical Gast\u00f3n, que se desplaza hacia las Azores, se sit\u00faa a 130 kil\u00f3metros de la isla de Faial, en el centro de ese archipi\u00e9lago atl\u00e1ntico, con vientos m\u00e1ximos sostenidos de 65 millas por hora (100 km\/h).<\/p>\n<p>Est\u00e1 en vigor un aviso de tormenta tropical para las islas de Flores y Corvo en el oeste de Azores, adem\u00e1s de Faial, Pico, Sao Jorge, Graciosa y Terceira.<\/p>\n<p><strong>Redacci\u00f3n ND58 | Fuente: EFE<\/strong><br \/>\n<strong>Edici\u00f3n: Villasmil, Henry<\/strong><br \/>\n<strong>Gr\u00e1fica: Cortes\u00eda<\/strong><\/p>\n<p>&nbsp;<\/p>\n<p>&nbsp;<\/p><div class=\"numcn69ec67113cb00\" ><p style=\"text-align: center;\"><a href=\"https:\/\/t.me\/noticiasdigital58\" target=\"_blank\" rel=\"noopener\"><img class=\"aligncenter size-full wp-image-125363\" src=\"https:\/\/digital58.com.ve\/site\/wp-content\/uploads\/2021\/04\/banner-telegram-web-2021.png\" alt=\"\" width=\"600\" height=\"90\" \/><\/a><\/p><\/div><style type=\"text\/css\">\r\n@media screen and (min-width: 1201px) {\r\n.numcn69ec67113cb00 {\r\ndisplay: block;\r\n}\r\n}\r\n@media screen and (min-width: 993px) and (max-width: 1200px) {\r\n.numcn69ec67113cb00 {\r\ndisplay: block;\r\n}\r\n}\r\n@media screen and (min-width: 769px) and (max-width: 992px) {\r\n.numcn69ec67113cb00 {\r\ndisplay: block;\r\n}\r\n}\r\n@media screen and (min-width: 768px) and (max-width: 768px) {\r\n.numcn69ec67113cb00 {\r\ndisplay: block;\r\n}\r\n}\r\n@media screen and (max-width: 767px) {\r\n.numcn69ec67113cb00 {\r\ndisplay: block;\r\n}\r\n}\r\n<\/style>\r\n\n<p>&nbsp;<\/p>\n<div style=\"margin-top: 0px; margin-bottom: 0px;\" class=\"sharethis-inline-share-buttons\" ><\/div>","protected":false},"excerpt":{"rendered":"<p>La trayectoria de \u00abGast\u00f3n\u00bb \u2014tormenta tropical\u2014 prev\u00e9 que se mueva cerca o sobre las Azores hasta la madrugada del s\u00e1bado.<\/p>\n","protected":false},"author":1,"featured_media":156890,"comment_status":"open","ping_status":"closed","sticky":false,"template":"","format":"standard","meta":{"colormag_page_container_layout":"default_layout","colormag_page_sidebar_layout":"default_layout","_uag_custom_page_level_css":"","footnotes":""},"categories":[18714],"tags":[4139,14720,29304,4021,9301,8,240,1432,18393],"class_list":["post-156889","post","type-post","status-publish","format-standard","has-post-thumbnail","hentry","category-meteorologia","tag-caribe","tag-centro-nacional-de-huracanes","tag-fiona","tag-florida","tag-huracanes","tag-internacionales","tag-jamaica","tag-la-habana","tag-tormenta-tropical"],"yoast_head":"<!-- This site is optimized with the Yoast SEO plugin v27.4 - https:\/\/yoast.com\/product\/yoast-seo-wordpress\/ -->\n<title>La depresi\u00f3n \u00abNueve\u00bb se fortalece en el Caribe y el hurac\u00e1n \u00abFiona\u00bb azotar\u00e1 Canad\u00e1<\/title>\n<meta name=\"description\" content=\"Meteorolog\u00eda\" \/>\n<meta name=\"robots\" content=\"index, follow, max-snippet:-1, max-image-preview:large, max-video-preview:-1\" \/>\n<link rel=\"canonical\" href=\"https:\/\/digital58.com.ve\/site\/2022\/09\/24\/la-depresion-nueve-se-fortalece-en-el-caribe-y-el-huracan-fiona-azotara-canada\/\" \/>\n<meta property=\"og:locale\" content=\"es_ES\" \/>\n<meta property=\"og:type\" content=\"article\" \/>\n<meta property=\"og:title\" content=\"La depresi\u00f3n \u00abNueve\u00bb se fortalece en el Caribe y el hurac\u00e1n \u00abFiona\u00bb azotar\u00e1 Canad\u00e1\" \/>\n<meta property=\"og:description\" content=\"Meteorolog\u00eda\" \/>\n<meta property=\"og:url\" content=\"https:\/\/digital58.com.ve\/site\/2022\/09\/24\/la-depresion-nueve-se-fortalece-en-el-caribe-y-el-huracan-fiona-azotara-canada\/\" \/>\n<meta property=\"og:site_name\" content=\"Noticias Digital58\" \/>\n<meta property=\"article:published_time\" content=\"2022-09-24T12:36:14+00:00\" \/>\n<meta property=\"article:modified_time\" content=\"2022-10-11T05:34:58+00:00\" \/>\n<meta property=\"og:image\" content=\"https:\/\/digital58.com.ve\/site\/wp-content\/uploads\/2022\/09\/depresion-tropical.jpg\" \/>\n\t<meta property=\"og:image:width\" content=\"900\" \/>\n\t<meta property=\"og:image:height\" content=\"611\" \/>\n\t<meta property=\"og:image:type\" content=\"image\/jpeg\" \/>\n<meta name=\"author\" content=\"Villasmil Henry\" \/>\n<meta name=\"twitter:card\" content=\"summary_large_image\" \/>\n<meta name=\"twitter:creator\" content=\"@https:\/\/twitter.com\/villasmilhfoto\" \/>\n<meta name=\"twitter:site\" content=\"@villasmilhfoto\" \/>\n<meta name=\"twitter:label1\" content=\"Escrito por\" \/>\n\t<meta name=\"twitter:data1\" content=\"Villasmil Henry\" \/>\n\t<meta name=\"twitter:label2\" content=\"Tiempo estimado de lectura\" \/>\n\t<meta name=\"twitter:data2\" content=\"3 minutos\" \/>\n<script type=\"application\/ld+json\" class=\"yoast-schema-graph\">{\"@context\":\"https:\\\/\\\/schema.org\",\"@graph\":[{\"@type\":\"Article\",\"@id\":\"https:\\\/\\\/digital58.com.ve\\\/site\\\/2022\\\/09\\\/24\\\/la-depresion-nueve-se-fortalece-en-el-caribe-y-el-huracan-fiona-azotara-canada\\\/#article\",\"isPartOf\":{\"@id\":\"https:\\\/\\\/digital58.com.ve\\\/site\\\/2022\\\/09\\\/24\\\/la-depresion-nueve-se-fortalece-en-el-caribe-y-el-huracan-fiona-azotara-canada\\\/\"},\"author\":{\"name\":\"Villasmil Henry\",\"@id\":\"https:\\\/\\\/digital58.com.ve\\\/site\\\/#\\\/schema\\\/person\\\/64d1c2e4d0d4fd1b849980c4331c2951\"},\"headline\":\"La depresi\u00f3n \u00abNueve\u00bb se fortalece en el Caribe y el hurac\u00e1n \u00abFiona\u00bb azotar\u00e1 Canad\u00e1\",\"datePublished\":\"2022-09-24T12:36:14+00:00\",\"dateModified\":\"2022-10-11T05:34:58+00:00\",\"mainEntityOfPage\":{\"@id\":\"https:\\\/\\\/digital58.com.ve\\\/site\\\/2022\\\/09\\\/24\\\/la-depresion-nueve-se-fortalece-en-el-caribe-y-el-huracan-fiona-azotara-canada\\\/\"},\"wordCount\":565,\"commentCount\":0,\"publisher\":{\"@id\":\"https:\\\/\\\/digital58.com.ve\\\/site\\\/#\\\/schema\\\/person\\\/64d1c2e4d0d4fd1b849980c4331c2951\"},\"image\":{\"@id\":\"https:\\\/\\\/digital58.com.ve\\\/site\\\/2022\\\/09\\\/24\\\/la-depresion-nueve-se-fortalece-en-el-caribe-y-el-huracan-fiona-azotara-canada\\\/#primaryimage\"},\"thumbnailUrl\":\"https:\\\/\\\/digital58.com.ve\\\/site\\\/wp-content\\\/uploads\\\/2022\\\/09\\\/depresion-tropical.jpg\",\"keywords\":[\"Caribe\",\"Centro Nacional de Huracanes\",\"Fiona\",\"Florida\",\"Huracanes\",\"Internacionales\",\"Jamaica\",\"La Habana\",\"tormenta tropical\"],\"articleSection\":[\"Meteorolog\u00eda\"],\"inLanguage\":\"es\",\"potentialAction\":[{\"@type\":\"CommentAction\",\"name\":\"Comment\",\"target\":[\"https:\\\/\\\/digital58.com.ve\\\/site\\\/2022\\\/09\\\/24\\\/la-depresion-nueve-se-fortalece-en-el-caribe-y-el-huracan-fiona-azotara-canada\\\/#respond\"]}]},{\"@type\":\"WebPage\",\"@id\":\"https:\\\/\\\/digital58.com.ve\\\/site\\\/2022\\\/09\\\/24\\\/la-depresion-nueve-se-fortalece-en-el-caribe-y-el-huracan-fiona-azotara-canada\\\/\",\"url\":\"https:\\\/\\\/digital58.com.ve\\\/site\\\/2022\\\/09\\\/24\\\/la-depresion-nueve-se-fortalece-en-el-caribe-y-el-huracan-fiona-azotara-canada\\\/\",\"name\":\"La depresi\u00f3n \u00abNueve\u00bb se fortalece en el Caribe y el hurac\u00e1n \u00abFiona\u00bb azotar\u00e1 Canad\u00e1\",\"isPartOf\":{\"@id\":\"https:\\\/\\\/digital58.com.ve\\\/site\\\/#website\"},\"primaryImageOfPage\":{\"@id\":\"https:\\\/\\\/digital58.com.ve\\\/site\\\/2022\\\/09\\\/24\\\/la-depresion-nueve-se-fortalece-en-el-caribe-y-el-huracan-fiona-azotara-canada\\\/#primaryimage\"},\"image\":{\"@id\":\"https:\\\/\\\/digital58.com.ve\\\/site\\\/2022\\\/09\\\/24\\\/la-depresion-nueve-se-fortalece-en-el-caribe-y-el-huracan-fiona-azotara-canada\\\/#primaryimage\"},\"thumbnailUrl\":\"https:\\\/\\\/digital58.com.ve\\\/site\\\/wp-content\\\/uploads\\\/2022\\\/09\\\/depresion-tropical.jpg\",\"datePublished\":\"2022-09-24T12:36:14+00:00\",\"dateModified\":\"2022-10-11T05:34:58+00:00\",\"description\":\"Meteorolog\u00eda\",\"breadcrumb\":{\"@id\":\"https:\\\/\\\/digital58.com.ve\\\/site\\\/2022\\\/09\\\/24\\\/la-depresion-nueve-se-fortalece-en-el-caribe-y-el-huracan-fiona-azotara-canada\\\/#breadcrumb\"},\"inLanguage\":\"es\",\"potentialAction\":[{\"@type\":\"ReadAction\",\"target\":[\"https:\\\/\\\/digital58.com.ve\\\/site\\\/2022\\\/09\\\/24\\\/la-depresion-nueve-se-fortalece-en-el-caribe-y-el-huracan-fiona-azotara-canada\\\/\"]}]},{\"@type\":\"ImageObject\",\"inLanguage\":\"es\",\"@id\":\"https:\\\/\\\/digital58.com.ve\\\/site\\\/2022\\\/09\\\/24\\\/la-depresion-nueve-se-fortalece-en-el-caribe-y-el-huracan-fiona-azotara-canada\\\/#primaryimage\",\"url\":\"https:\\\/\\\/digital58.com.ve\\\/site\\\/wp-content\\\/uploads\\\/2022\\\/09\\\/depresion-tropical.jpg\",\"contentUrl\":\"https:\\\/\\\/digital58.com.ve\\\/site\\\/wp-content\\\/uploads\\\/2022\\\/09\\\/depresion-tropical.jpg\",\"width\":900,\"height\":611},{\"@type\":\"BreadcrumbList\",\"@id\":\"https:\\\/\\\/digital58.com.ve\\\/site\\\/2022\\\/09\\\/24\\\/la-depresion-nueve-se-fortalece-en-el-caribe-y-el-huracan-fiona-azotara-canada\\\/#breadcrumb\",\"itemListElement\":[{\"@type\":\"ListItem\",\"position\":1,\"name\":\"Home\",\"item\":\"https:\\\/\\\/digital58.com.ve\\\/site\\\/\"},{\"@type\":\"ListItem\",\"position\":2,\"name\":\"La depresi\u00f3n \u00abNueve\u00bb se fortalece en el Caribe y el hurac\u00e1n \u00abFiona\u00bb azotar\u00e1 Canad\u00e1\"}]},{\"@type\":\"WebSite\",\"@id\":\"https:\\\/\\\/digital58.com.ve\\\/site\\\/#website\",\"url\":\"https:\\\/\\\/digital58.com.ve\\\/site\\\/\",\"name\":\"Noticias Digital58\",\"description\":\"Portal de Noticias \u00a1Periodismo web de verdad! Lanzamiento web 22.11.2005 \\\/ Maracaibo, Venezuela\",\"publisher\":{\"@id\":\"https:\\\/\\\/digital58.com.ve\\\/site\\\/#\\\/schema\\\/person\\\/64d1c2e4d0d4fd1b849980c4331c2951\"},\"alternateName\":\"ND58\",\"potentialAction\":[{\"@type\":\"SearchAction\",\"target\":{\"@type\":\"EntryPoint\",\"urlTemplate\":\"https:\\\/\\\/digital58.com.ve\\\/site\\\/?s={search_term_string}\"},\"query-input\":{\"@type\":\"PropertyValueSpecification\",\"valueRequired\":true,\"valueName\":\"search_term_string\"}}],\"inLanguage\":\"es\"},{\"@type\":[\"Person\",\"Organization\"],\"@id\":\"https:\\\/\\\/digital58.com.ve\\\/site\\\/#\\\/schema\\\/person\\\/64d1c2e4d0d4fd1b849980c4331c2951\",\"name\":\"Villasmil Henry\",\"image\":{\"@type\":\"ImageObject\",\"inLanguage\":\"es\",\"@id\":\"https:\\\/\\\/secure.gravatar.com\\\/avatar\\\/bb0c4a2fcb7970138239f7e404ea75757b1b507b28b5ce4c53fbd62d797c5a7c?s=96&d=mm&r=g\",\"url\":\"https:\\\/\\\/secure.gravatar.com\\\/avatar\\\/bb0c4a2fcb7970138239f7e404ea75757b1b507b28b5ce4c53fbd62d797c5a7c?s=96&d=mm&r=g\",\"contentUrl\":\"https:\\\/\\\/secure.gravatar.com\\\/avatar\\\/bb0c4a2fcb7970138239f7e404ea75757b1b507b28b5ce4c53fbd62d797c5a7c?s=96&d=mm&r=g\",\"caption\":\"Villasmil Henry\"},\"logo\":{\"@id\":\"https:\\\/\\\/secure.gravatar.com\\\/avatar\\\/bb0c4a2fcb7970138239f7e404ea75757b1b507b28b5ce4c53fbd62d797c5a7c?s=96&d=mm&r=g\"},\"sameAs\":[\"http:\\\/\\\/www.henryvillasmil.com.ve\",\"https:\\\/\\\/www.instagram.com\\\/villasmilhfoto\\\/\",\"https:\\\/\\\/x.com\\\/https:\\\/\\\/twitter.com\\\/villasmilhfoto\"],\"url\":\"https:\\\/\\\/digital58.com.ve\\\/site\\\/author\\\/droopy_68\\\/\"}]}<\/script>\n<!-- \/ Yoast SEO plugin. -->","yoast_head_json":{"title":"La depresi\u00f3n \u00abNueve\u00bb se fortalece en el Caribe y el hurac\u00e1n \u00abFiona\u00bb azotar\u00e1 Canad\u00e1","description":"Meteorolog\u00eda","robots":{"index":"index","follow":"follow","max-snippet":"max-snippet:-1","max-image-preview":"max-image-preview:large","max-video-preview":"max-video-preview:-1"},"canonical":"https:\/\/digital58.com.ve\/site\/2022\/09\/24\/la-depresion-nueve-se-fortalece-en-el-caribe-y-el-huracan-fiona-azotara-canada\/","og_locale":"es_ES","og_type":"article","og_title":"La depresi\u00f3n \u00abNueve\u00bb se fortalece en el Caribe y el hurac\u00e1n \u00abFiona\u00bb azotar\u00e1 Canad\u00e1","og_description":"Meteorolog\u00eda","og_url":"https:\/\/digital58.com.ve\/site\/2022\/09\/24\/la-depresion-nueve-se-fortalece-en-el-caribe-y-el-huracan-fiona-azotara-canada\/","og_site_name":"Noticias Digital58","article_published_time":"2022-09-24T12:36:14+00:00","article_modified_time":"2022-10-11T05:34:58+00:00","og_image":[{"width":900,"height":611,"url":"https:\/\/digital58.com.ve\/site\/wp-content\/uploads\/2022\/09\/depresion-tropical.jpg","type":"image\/jpeg"}],"author":"Villasmil Henry","twitter_card":"summary_large_image","twitter_creator":"@https:\/\/twitter.com\/villasmilhfoto","twitter_site":"@villasmilhfoto","twitter_misc":{"Escrito por":"Villasmil Henry","Tiempo estimado de lectura":"3 minutos"},"schema":{"@context":"https:\/\/schema.org","@graph":[{"@type":"Article","@id":"https:\/\/digital58.com.ve\/site\/2022\/09\/24\/la-depresion-nueve-se-fortalece-en-el-caribe-y-el-huracan-fiona-azotara-canada\/#article","isPartOf":{"@id":"https:\/\/digital58.com.ve\/site\/2022\/09\/24\/la-depresion-nueve-se-fortalece-en-el-caribe-y-el-huracan-fiona-azotara-canada\/"},"author":{"name":"Villasmil Henry","@id":"https:\/\/digital58.com.ve\/site\/#\/schema\/person\/64d1c2e4d0d4fd1b849980c4331c2951"},"headline":"La depresi\u00f3n \u00abNueve\u00bb se fortalece en el Caribe y el hurac\u00e1n \u00abFiona\u00bb azotar\u00e1 Canad\u00e1","datePublished":"2022-09-24T12:36:14+00:00","dateModified":"2022-10-11T05:34:58+00:00","mainEntityOfPage":{"@id":"https:\/\/digital58.com.ve\/site\/2022\/09\/24\/la-depresion-nueve-se-fortalece-en-el-caribe-y-el-huracan-fiona-azotara-canada\/"},"wordCount":565,"commentCount":0,"publisher":{"@id":"https:\/\/digital58.com.ve\/site\/#\/schema\/person\/64d1c2e4d0d4fd1b849980c4331c2951"},"image":{"@id":"https:\/\/digital58.com.ve\/site\/2022\/09\/24\/la-depresion-nueve-se-fortalece-en-el-caribe-y-el-huracan-fiona-azotara-canada\/#primaryimage"},"thumbnailUrl":"https:\/\/digital58.com.ve\/site\/wp-content\/uploads\/2022\/09\/depresion-tropical.jpg","keywords":["Caribe","Centro Nacional de Huracanes","Fiona","Florida","Huracanes","Internacionales","Jamaica","La Habana","tormenta tropical"],"articleSection":["Meteorolog\u00eda"],"inLanguage":"es","potentialAction":[{"@type":"CommentAction","name":"Comment","target":["https:\/\/digital58.com.ve\/site\/2022\/09\/24\/la-depresion-nueve-se-fortalece-en-el-caribe-y-el-huracan-fiona-azotara-canada\/#respond"]}]},{"@type":"WebPage","@id":"https:\/\/digital58.com.ve\/site\/2022\/09\/24\/la-depresion-nueve-se-fortalece-en-el-caribe-y-el-huracan-fiona-azotara-canada\/","url":"https:\/\/digital58.com.ve\/site\/2022\/09\/24\/la-depresion-nueve-se-fortalece-en-el-caribe-y-el-huracan-fiona-azotara-canada\/","name":"La depresi\u00f3n \u00abNueve\u00bb se fortalece en el Caribe y el hurac\u00e1n \u00abFiona\u00bb azotar\u00e1 Canad\u00e1","isPartOf":{"@id":"https:\/\/digital58.com.ve\/site\/#website"},"primaryImageOfPage":{"@id":"https:\/\/digital58.com.ve\/site\/2022\/09\/24\/la-depresion-nueve-se-fortalece-en-el-caribe-y-el-huracan-fiona-azotara-canada\/#primaryimage"},"image":{"@id":"https:\/\/digital58.com.ve\/site\/2022\/09\/24\/la-depresion-nueve-se-fortalece-en-el-caribe-y-el-huracan-fiona-azotara-canada\/#primaryimage"},"thumbnailUrl":"https:\/\/digital58.com.ve\/site\/wp-content\/uploads\/2022\/09\/depresion-tropical.jpg","datePublished":"2022-09-24T12:36:14+00:00","dateModified":"2022-10-11T05:34:58+00:00","description":"Meteorolog\u00eda","breadcrumb":{"@id":"https:\/\/digital58.com.ve\/site\/2022\/09\/24\/la-depresion-nueve-se-fortalece-en-el-caribe-y-el-huracan-fiona-azotara-canada\/#breadcrumb"},"inLanguage":"es","potentialAction":[{"@type":"ReadAction","target":["https:\/\/digital58.com.ve\/site\/2022\/09\/24\/la-depresion-nueve-se-fortalece-en-el-caribe-y-el-huracan-fiona-azotara-canada\/"]}]},{"@type":"ImageObject","inLanguage":"es","@id":"https:\/\/digital58.com.ve\/site\/2022\/09\/24\/la-depresion-nueve-se-fortalece-en-el-caribe-y-el-huracan-fiona-azotara-canada\/#primaryimage","url":"https:\/\/digital58.com.ve\/site\/wp-content\/uploads\/2022\/09\/depresion-tropical.jpg","contentUrl":"https:\/\/digital58.com.ve\/site\/wp-content\/uploads\/2022\/09\/depresion-tropical.jpg","width":900,"height":611},{"@type":"BreadcrumbList","@id":"https:\/\/digital58.com.ve\/site\/2022\/09\/24\/la-depresion-nueve-se-fortalece-en-el-caribe-y-el-huracan-fiona-azotara-canada\/#breadcrumb","itemListElement":[{"@type":"ListItem","position":1,"name":"Home","item":"https:\/\/digital58.com.ve\/site\/"},{"@type":"ListItem","position":2,"name":"La depresi\u00f3n \u00abNueve\u00bb se fortalece en el Caribe y el hurac\u00e1n \u00abFiona\u00bb azotar\u00e1 Canad\u00e1"}]},{"@type":"WebSite","@id":"https:\/\/digital58.com.ve\/site\/#website","url":"https:\/\/digital58.com.ve\/site\/","name":"Noticias Digital58","description":"Portal de Noticias \u00a1Periodismo web de verdad! Lanzamiento web 22.11.2005 \/ Maracaibo, Venezuela","publisher":{"@id":"https:\/\/digital58.com.ve\/site\/#\/schema\/person\/64d1c2e4d0d4fd1b849980c4331c2951"},"alternateName":"ND58","potentialAction":[{"@type":"SearchAction","target":{"@type":"EntryPoint","urlTemplate":"https:\/\/digital58.com.ve\/site\/?s={search_term_string}"},"query-input":{"@type":"PropertyValueSpecification","valueRequired":true,"valueName":"search_term_string"}}],"inLanguage":"es"},{"@type":["Person","Organization"],"@id":"https:\/\/digital58.com.ve\/site\/#\/schema\/person\/64d1c2e4d0d4fd1b849980c4331c2951","name":"Villasmil Henry","image":{"@type":"ImageObject","inLanguage":"es","@id":"https:\/\/secure.gravatar.com\/avatar\/bb0c4a2fcb7970138239f7e404ea75757b1b507b28b5ce4c53fbd62d797c5a7c?s=96&d=mm&r=g","url":"https:\/\/secure.gravatar.com\/avatar\/bb0c4a2fcb7970138239f7e404ea75757b1b507b28b5ce4c53fbd62d797c5a7c?s=96&d=mm&r=g","contentUrl":"https:\/\/secure.gravatar.com\/avatar\/bb0c4a2fcb7970138239f7e404ea75757b1b507b28b5ce4c53fbd62d797c5a7c?s=96&d=mm&r=g","caption":"Villasmil Henry"},"logo":{"@id":"https:\/\/secure.gravatar.com\/avatar\/bb0c4a2fcb7970138239f7e404ea75757b1b507b28b5ce4c53fbd62d797c5a7c?s=96&d=mm&r=g"},"sameAs":["http:\/\/www.henryvillasmil.com.ve","https:\/\/www.instagram.com\/villasmilhfoto\/","https:\/\/x.com\/https:\/\/twitter.com\/villasmilhfoto"],"url":"https:\/\/digital58.com.ve\/site\/author\/droopy_68\/"}]}},"uagb_featured_image_src":{"full":["https:\/\/digital58.com.ve\/site\/wp-content\/uploads\/2022\/09\/depresion-tropical.jpg",900,611,false],"thumbnail":["https:\/\/digital58.com.ve\/site\/wp-content\/uploads\/2022\/09\/depresion-tropical-150x150.jpg",150,150,true],"medium":["https:\/\/digital58.com.ve\/site\/wp-content\/uploads\/2022\/09\/depresion-tropical-300x204.jpg",300,204,true],"medium_large":["https:\/\/digital58.com.ve\/site\/wp-content\/uploads\/2022\/09\/depresion-tropical-768x521.jpg",768,521,true],"large":["https:\/\/digital58.com.ve\/site\/wp-content\/uploads\/2022\/09\/depresion-tropical.jpg",800,543,false],"1536x1536":["https:\/\/digital58.com.ve\/site\/wp-content\/uploads\/2022\/09\/depresion-tropical.jpg",900,611,false],"2048x2048":["https:\/\/digital58.com.ve\/site\/wp-content\/uploads\/2022\/09\/depresion-tropical.jpg",900,611,false],"colormag-highlighted-post":["https:\/\/digital58.com.ve\/site\/wp-content\/uploads\/2022\/09\/depresion-tropical-392x272.jpg",392,272,true],"colormag-featured-post-medium":["https:\/\/digital58.com.ve\/site\/wp-content\/uploads\/2022\/09\/depresion-tropical-390x205.jpg",390,205,true],"colormag-featured-post-small":["https:\/\/digital58.com.ve\/site\/wp-content\/uploads\/2022\/09\/depresion-tropical-130x90.jpg",130,90,true],"colormag-featured-image":["https:\/\/digital58.com.ve\/site\/wp-content\/uploads\/2022\/09\/depresion-tropical-800x445.jpg",800,445,true],"colormag-default-news":["https:\/\/digital58.com.ve\/site\/wp-content\/uploads\/2022\/09\/depresion-tropical.jpg",150,102,false],"colormag-featured-image-large":["https:\/\/digital58.com.ve\/site\/wp-content\/uploads\/2022\/09\/depresion-tropical.jpg",884,600,false]},"uagb_author_info":{"display_name":"Villasmil Henry","author_link":"https:\/\/digital58.com.ve\/site\/author\/droopy_68\/"},"uagb_comment_info":0,"uagb_excerpt":"La trayectoria de \u00abGast\u00f3n\u00bb \u2014tormenta tropical\u2014 prev\u00e9 que se mueva cerca o sobre las Azores hasta la madrugada del s\u00e1bado.","_links":{"self":[{"href":"https:\/\/digital58.com.ve\/site\/wp-json\/wp\/v2\/posts\/156889","targetHints":{"allow":["GET"]}}],"collection":[{"href":"https:\/\/digital58.com.ve\/site\/wp-json\/wp\/v2\/posts"}],"about":[{"href":"https:\/\/digital58.com.ve\/site\/wp-json\/wp\/v2\/types\/post"}],"author":[{"embeddable":true,"href":"https:\/\/digital58.com.ve\/site\/wp-json\/wp\/v2\/users\/1"}],"replies":[{"embeddable":true,"href":"https:\/\/digital58.com.ve\/site\/wp-json\/wp\/v2\/comments?post=156889"}],"version-history":[{"count":0,"href":"https:\/\/digital58.com.ve\/site\/wp-json\/wp\/v2\/posts\/156889\/revisions"}],"wp:featuredmedia":[{"embeddable":true,"href":"https:\/\/digital58.com.ve\/site\/wp-json\/wp\/v2\/media\/156890"}],"wp:attachment":[{"href":"https:\/\/digital58.com.ve\/site\/wp-json\/wp\/v2\/media?parent=156889"}],"wp:term":[{"taxonomy":"category","embeddable":true,"href":"https:\/\/digital58.com.ve\/site\/wp-json\/wp\/v2\/categories?post=156889"},{"taxonomy":"post_tag","embeddable":true,"href":"https:\/\/digital58.com.ve\/site\/wp-json\/wp\/v2\/tags?post=156889"}],"curies":[{"name":"wp","href":"https:\/\/api.w.org\/{rel}","templated":true}]}}