{"id":157137,"date":"2022-10-03T10:27:16","date_gmt":"2022-10-03T14:27:16","guid":{"rendered":"https:\/\/digital58.com.ve\/site\/?p=157137"},"modified":"2022-10-11T01:34:52","modified_gmt":"2022-10-11T05:34:52","slug":"yordano-regresa-a-maracaibo-con-un-espectaculo-inolvidable-e-irrepetible","status":"publish","type":"post","link":"https:\/\/digital58.com.ve\/site\/2022\/10\/03\/yordano-regresa-a-maracaibo-con-un-espectaculo-inolvidable-e-irrepetible\/","title":{"rendered":"Yordano regresa a Maracaibo con un espect\u00e1culo inolvidable e irrepetible"},"content":{"rendered":"<p><a href=\"https:\/\/digital58.com.ve\/site\/wp-content\/uploads\/2022\/10\/yordano-mcbo-29-09-22-1.jpg\"><img loading=\"lazy\" decoding=\"async\" class=\"size-full wp-image-157138\" src=\"https:\/\/digital58.com.ve\/site\/wp-content\/uploads\/2022\/10\/yordano-mcbo-29-09-22-1.jpg\" alt=\"\" width=\"900\" height=\"583\" srcset=\"https:\/\/digital58.com.ve\/site\/wp-content\/uploads\/2022\/10\/yordano-mcbo-29-09-22-1.jpg 800w, https:\/\/digital58.com.ve\/site\/wp-content\/uploads\/2022\/10\/yordano-mcbo-29-09-22-1-300x194.jpg 300w, https:\/\/digital58.com.ve\/site\/wp-content\/uploads\/2022\/10\/yordano-mcbo-29-09-22-1-768x497.jpg 768w\" sizes=\"auto, (max-width: 900px) 100vw, 900px\" \/><\/a><\/p>\n<p>El aula magna de la Universidad Rafael Urdaneta mostr\u00f3 su mejor cara\u00a0 para recibir al cantautor venezolano, que no pisaba suelo zuliano desde hacia ocho a\u00f1os.<\/p>\n<p><strong>Maracaibo, Zulia, Venezuela, 03 de octubre de 2022 (ND58).-<\/strong>\u00a0 Este el 29 de septiembre a las nueve de la noche aproximadamente Giordano Di Marzo Migani \u2014Yordano\u2014 con guitarra en mano, apareci\u00f3 en el majestuoso escenario de la URU ante una gran cantidad de\u00a0 seguidores que lo aplaudieron sin parar.<\/p>\n<p>Su gira \u00abVivir para cantarlo\u00bb se pase\u00f3 por sus 40 a\u00f1os de trayectoria art\u00edstica, los mismos que lo hicieron merecedor este a\u00f1o del premio Grammy Latino a la Excelencia Musical, reconocimiento que le ser\u00e1 otorgado el pr\u00f3ximo 16 de noviembre de 2022, en Las Vegas, Estados Unidos.<\/p>\n<p>Di Marzo inici\u00f3 su espect\u00e1culo musical en la capital zuliana con el tema \u00abNo la toques m\u00e1s\u00bb, para posteriormente saludar a los asistentes.<\/p>\n<p><a href=\"https:\/\/digital58.com.ve\/site\/wp-content\/uploads\/2022\/10\/yordano-mcbo-29-09-22-2.jpg\"><img loading=\"lazy\" decoding=\"async\" class=\"aligncenter size-full wp-image-157139\" src=\"https:\/\/digital58.com.ve\/site\/wp-content\/uploads\/2022\/10\/yordano-mcbo-29-09-22-2.jpg\" alt=\"\" width=\"900\" height=\"619\" srcset=\"https:\/\/digital58.com.ve\/site\/wp-content\/uploads\/2022\/10\/yordano-mcbo-29-09-22-2.jpg 800w, https:\/\/digital58.com.ve\/site\/wp-content\/uploads\/2022\/10\/yordano-mcbo-29-09-22-2-300x206.jpg 300w, https:\/\/digital58.com.ve\/site\/wp-content\/uploads\/2022\/10\/yordano-mcbo-29-09-22-2-768x528.jpg 768w, https:\/\/digital58.com.ve\/site\/wp-content\/uploads\/2022\/10\/yordano-mcbo-29-09-22-2-130x90.jpg 130w\" sizes=\"auto, (max-width: 900px) 100vw, 900px\" \/><\/a><\/p>\n<p>\u00abBuenas noches, estoy en Maracaibo despu\u00e9s de tanto tiempo y tengo muchos recuerdos. Muchas gracias por compartir conmigo esto. Recuerdo cuando promocion\u00e9 mi primer disco en una feria de la Chinita, por all\u00e1 en los 80 y me recibieron mis amigos de Guaco. Gracias por \u00bb, expres\u00f3 emocionado y al mismo tiempo comenz\u00f3 a cantar \u00abPor estas Calles\u00bb.<\/p>\n<p><a href=\"https:\/\/digital58.com.ve\/site\/wp-content\/uploads\/2022\/10\/yordano-mcbo-29-09-22-3.jpg\"><img loading=\"lazy\" decoding=\"async\" class=\"aligncenter size-full wp-image-157140\" src=\"https:\/\/digital58.com.ve\/site\/wp-content\/uploads\/2022\/10\/yordano-mcbo-29-09-22-3.jpg\" alt=\"\" width=\"900\" height=\"581\" srcset=\"https:\/\/digital58.com.ve\/site\/wp-content\/uploads\/2022\/10\/yordano-mcbo-29-09-22-3.jpg 800w, https:\/\/digital58.com.ve\/site\/wp-content\/uploads\/2022\/10\/yordano-mcbo-29-09-22-3-300x194.jpg 300w, https:\/\/digital58.com.ve\/site\/wp-content\/uploads\/2022\/10\/yordano-mcbo-29-09-22-3-768x496.jpg 768w\" sizes=\"auto, (max-width: 900px) 100vw, 900px\" \/><\/a><\/p>\n<p>Le sigui\u00f3 su repertorio de \u00e9xitos que a\u00fan son coreados por el p\u00fablico como: \u00abChatarra de amor\u00bb, Mu\u00f1eca de lujo\u00bb, \u00abRobando azules\u00bb, \u00abUna vez m\u00e1s\u00bb \u2014de su mas reciente disco \u00abDespu\u00e9s de todo\u00bb 2020\u2014 y cierra esta primera parte del concierto con \u00abVivir en Caracas\u00bb un tema que compuso en 1982.<\/p>\n<p><a href=\"https:\/\/digital58.com.ve\/site\/wp-content\/uploads\/2022\/10\/yordano-mcbo-29-09-22-4.jpg\"><img loading=\"lazy\" decoding=\"async\" class=\"aligncenter size-full wp-image-157141\" src=\"https:\/\/digital58.com.ve\/site\/wp-content\/uploads\/2022\/10\/yordano-mcbo-29-09-22-4.jpg\" alt=\"\" width=\"900\" height=\"609\" srcset=\"https:\/\/digital58.com.ve\/site\/wp-content\/uploads\/2022\/10\/yordano-mcbo-29-09-22-4.jpg 800w, https:\/\/digital58.com.ve\/site\/wp-content\/uploads\/2022\/10\/yordano-mcbo-29-09-22-4-300x203.jpg 300w, https:\/\/digital58.com.ve\/site\/wp-content\/uploads\/2022\/10\/yordano-mcbo-29-09-22-4-768x520.jpg 768w\" sizes=\"auto, (max-width: 900px) 100vw, 900px\" \/><\/a><\/p>\n<p>El cantautor y m\u00fasico \u00edtalo-venezolano nuevamente se dirige al publico y env\u00eda a sus m\u00fasicos a un descanso para dar inicio a un <em>set<\/em> completamente ac\u00fastico donde interpreta los sencillos; \u00abHoy vamos a salir\u00bb, \u00abDespu\u00e9s de todo\u00bb \u2014\u00e1lbum del mismo nombre\u2014, \u00abLejos\u00bb, \u00abA flor de piel\u00bb, \u00abTodo el amor\u00bb, \u00abCoraz\u00f3n\u00bb y \u00abAquel lugar secreto\u00bb.<\/p>\n<p><a href=\"https:\/\/digital58.com.ve\/site\/wp-content\/uploads\/2022\/10\/yordano-mcbo-29-09-22-5.jpg\"><img loading=\"lazy\" decoding=\"async\" class=\"aligncenter size-full wp-image-157142\" src=\"https:\/\/digital58.com.ve\/site\/wp-content\/uploads\/2022\/10\/yordano-mcbo-29-09-22-5.jpg\" alt=\"\" width=\"900\" height=\"614\" srcset=\"https:\/\/digital58.com.ve\/site\/wp-content\/uploads\/2022\/10\/yordano-mcbo-29-09-22-5.jpg 800w, https:\/\/digital58.com.ve\/site\/wp-content\/uploads\/2022\/10\/yordano-mcbo-29-09-22-5-300x205.jpg 300w, https:\/\/digital58.com.ve\/site\/wp-content\/uploads\/2022\/10\/yordano-mcbo-29-09-22-5-768x524.jpg 768w, https:\/\/digital58.com.ve\/site\/wp-content\/uploads\/2022\/10\/yordano-mcbo-29-09-22-5-130x90.jpg 130w\" sizes=\"auto, (max-width: 900px) 100vw, 900px\" \/><\/a><\/p>\n<p>Nuevamente entra a escena su banda y da paso a los \u00e9xitos; \u00abD\u00edas de junio\u00bb, \u00abNo voy a mover un dedo\u00bb, \u00abEnamorarnos otra vez, \u00ab\u00a1Ay mujer!\u00bb, \u00abNo queda nada\u00bb, \u00abLocos de amor\u00bb, \u00abManantial de coraz\u00f3n\u00bb y se despide con el tema \u00abMadera fina\u00bb.<\/p>\n<p><a href=\"https:\/\/digital58.com.ve\/site\/wp-content\/uploads\/2022\/10\/yordano-mcbo-29-09-22-6.jpg\"><img loading=\"lazy\" decoding=\"async\" class=\"aligncenter size-full wp-image-157143\" src=\"https:\/\/digital58.com.ve\/site\/wp-content\/uploads\/2022\/10\/yordano-mcbo-29-09-22-6.jpg\" alt=\"\" width=\"900\" height=\"600\" srcset=\"https:\/\/digital58.com.ve\/site\/wp-content\/uploads\/2022\/10\/yordano-mcbo-29-09-22-6.jpg 800w, https:\/\/digital58.com.ve\/site\/wp-content\/uploads\/2022\/10\/yordano-mcbo-29-09-22-6-300x200.jpg 300w, https:\/\/digital58.com.ve\/site\/wp-content\/uploads\/2022\/10\/yordano-mcbo-29-09-22-6-768x512.jpg 768w\" sizes=\"auto, (max-width: 900px) 100vw, 900px\" \/><\/a><\/p>\n<p>El aforo aplaud\u00eda y gritaba a coro \u00a1Otra, otra otra&#8230;! Luego de un par de minutos el artista regresa y complace a sus seguidores con el tema que lo catapult\u00f3 internacionalmente \u00abPerla negra\u00bb y decir adi\u00f3s con \u00abOtra cara bonita\u00bb.<\/p>\n<p><a href=\"https:\/\/digital58.com.ve\/site\/wp-content\/uploads\/2022\/10\/yordano-mcbo-29-09-22-7.jpg\"><img loading=\"lazy\" decoding=\"async\" class=\"aligncenter size-full wp-image-157144\" src=\"https:\/\/digital58.com.ve\/site\/wp-content\/uploads\/2022\/10\/yordano-mcbo-29-09-22-7.jpg\" alt=\"\" width=\"900\" height=\"600\" srcset=\"https:\/\/digital58.com.ve\/site\/wp-content\/uploads\/2022\/10\/yordano-mcbo-29-09-22-7.jpg 800w, https:\/\/digital58.com.ve\/site\/wp-content\/uploads\/2022\/10\/yordano-mcbo-29-09-22-7-300x200.jpg 300w, https:\/\/digital58.com.ve\/site\/wp-content\/uploads\/2022\/10\/yordano-mcbo-29-09-22-7-768x512.jpg 768w\" sizes=\"auto, (max-width: 900px) 100vw, 900px\" \/><\/a><\/p>\n<p>El cantante venezolano Hector Urribarr\u00ed fue el encargado de amenizar con su talento y buena m\u00fasica al principio del espect\u00e1culo.<\/p>\n<p><a href=\"https:\/\/digital58.com.ve\/site\/wp-content\/uploads\/2022\/10\/hector-urribarri.jpg\"><img loading=\"lazy\" decoding=\"async\" class=\"aligncenter size-full wp-image-157146\" src=\"https:\/\/digital58.com.ve\/site\/wp-content\/uploads\/2022\/10\/hector-urribarri.jpg\" alt=\"\" width=\"900\" height=\"589\" srcset=\"https:\/\/digital58.com.ve\/site\/wp-content\/uploads\/2022\/10\/hector-urribarri.jpg 800w, https:\/\/digital58.com.ve\/site\/wp-content\/uploads\/2022\/10\/hector-urribarri-300x196.jpg 300w, https:\/\/digital58.com.ve\/site\/wp-content\/uploads\/2022\/10\/hector-urribarri-768x503.jpg 768w\" sizes=\"auto, (max-width: 900px) 100vw, 900px\" \/><\/a><\/p>\n<p>\u00abVivir para Cantarlo\u00bb, tambi\u00e9n fue disfrutado al d\u00eda siguiente \u201430 de septiembre\u2014 en el Club N\u00e1utico de Maracaibo. Posteriormente el artista estar\u00e1 el ocho de octubre, en Trinitarias Suites de Barquisimeto, el 15 en San Crist\u00f3bal y el 25 de noviembre, cerrar\u00e1, con broche de oro, en la sala R\u00edos Reyna del Teatro Teresa Carre\u00f1o.<\/p>\n<p><a href=\"https:\/\/digital58.com.ve\/site\/wp-content\/uploads\/2022\/10\/yordano-mcbo-29-09-22-8.jpg\"><img loading=\"lazy\" decoding=\"async\" class=\"aligncenter size-full wp-image-157145\" src=\"https:\/\/digital58.com.ve\/site\/wp-content\/uploads\/2022\/10\/yordano-mcbo-29-09-22-8.jpg\" alt=\"\" width=\"900\" height=\"616\" srcset=\"https:\/\/digital58.com.ve\/site\/wp-content\/uploads\/2022\/10\/yordano-mcbo-29-09-22-8.jpg 800w, https:\/\/digital58.com.ve\/site\/wp-content\/uploads\/2022\/10\/yordano-mcbo-29-09-22-8-300x205.jpg 300w, https:\/\/digital58.com.ve\/site\/wp-content\/uploads\/2022\/10\/yordano-mcbo-29-09-22-8-768x526.jpg 768w, https:\/\/digital58.com.ve\/site\/wp-content\/uploads\/2022\/10\/yordano-mcbo-29-09-22-8-130x90.jpg 130w\" sizes=\"auto, (max-width: 900px) 100vw, 900px\" \/><\/a><\/p>\n<p>El 20 de agosto de 2014, el cantante anunci\u00f3 que padec\u00eda de s\u00edndrome mielodispl\u00e1sico por lo que deb\u00eda someterse a un tratamiento espec\u00edfico dada la edad del artista. Posteriormente, se determin\u00f3 que el cantante deb\u00eda ser operado, lo cual ocurri\u00f3 el 23 de enero de 2015 en Nueva York. La intervenci\u00f3n quir\u00fargica se realiz\u00f3 de manera exitosa.<\/p>\n<p>En 2020 luego de a\u00f1os de tratamiento, anunci\u00f3 que hab\u00eda superado la batalla al c\u00e1ncer.<\/p>\n<blockquote class=\"instagram-media\" style=\"background: #FFF; border: 0; border-radius: 3px; box-shadow: 0 0 1px 0 rgba(0,0,0,0.5),0 1px 10px 0 rgba(0,0,0,0.15); margin: 1px; max-width: 540px; min-width: 326px; padding: 0; width: calc(100% - 2px);\" data-instgrm-permalink=\"https:\/\/www.instagram.com\/reel\/CjJiX31tHqL\/?utm_source=ig_embed&amp;utm_campaign=loading\" data-instgrm-version=\"14\">\n<div style=\"padding: 16px;\">\n<p>&nbsp;<\/p>\n<div style=\"display: flex; flex-direction: row; align-items: center;\">\n<div style=\"background-color: #f4f4f4; border-radius: 50%; flex-grow: 0; height: 40px; margin-right: 14px; width: 40px;\"><\/div>\n<div style=\"display: flex; flex-direction: column; flex-grow: 1; justify-content: center;\">\n<div style=\"background-color: #f4f4f4; border-radius: 4px; flex-grow: 0; height: 14px; margin-bottom: 6px; width: 100px;\"><\/div>\n<div style=\"background-color: #f4f4f4; border-radius: 4px; flex-grow: 0; height: 14px; width: 60px;\"><\/div>\n<\/div>\n<\/div>\n<div style=\"padding: 19% 0;\"><\/div>\n<div style=\"display: block; height: 50px; margin: 0 auto 12px; width: 50px;\"><\/div>\n<div style=\"padding-top: 8px;\">\n<div style=\"color: #3897f0; font-family: Arial,sans-serif; font-size: 14px; font-style: normal; font-weight: 550; line-height: 18px;\">Ver esta publicaci\u00f3n en Instagram<\/div>\n<\/div>\n<div style=\"padding: 12.5% 0;\"><\/div>\n<div style=\"display: flex; flex-direction: row; margin-bottom: 14px; align-items: center;\">\n<div>\n<div style=\"background-color: #f4f4f4; border-radius: 50%; height: 12.5px; width: 12.5px; transform: translateX(0px) translateY(7px);\"><\/div>\n<div style=\"background-color: #f4f4f4; height: 12.5px; transform: rotate(-45deg) translateX(3px) translateY(1px); width: 12.5px; flex-grow: 0; margin-right: 14px; margin-left: 2px;\"><\/div>\n<div style=\"background-color: #f4f4f4; border-radius: 50%; height: 12.5px; width: 12.5px; transform: translateX(9px) translateY(-18px);\"><\/div>\n<\/div>\n<div style=\"margin-left: 8px;\">\n<div style=\"background-color: #f4f4f4; border-radius: 50%; flex-grow: 0; height: 20px; width: 20px;\"><\/div>\n<div style=\"width: 0; height: 0; border-top: 2px solid transparent; border-left: 6px solid #f4f4f4; border-bottom: 2px solid transparent; transform: translateX(16px) translateY(-4px) rotate(30deg);\"><\/div>\n<\/div>\n<div style=\"margin-left: auto;\">\n<div style=\"width: 0px; border-top: 8px solid #F4F4F4; border-right: 8px solid transparent; transform: translateY(16px);\"><\/div>\n<div style=\"background-color: #f4f4f4; flex-grow: 0; height: 12px; width: 16px; transform: translateY(-4px);\"><\/div>\n<div style=\"width: 0; height: 0; border-top: 8px solid #F4F4F4; border-left: 8px solid transparent; transform: translateY(-4px) translateX(8px);\"><\/div>\n<\/div>\n<\/div>\n<div style=\"display: flex; flex-direction: column; flex-grow: 1; justify-content: center; margin-bottom: 24px;\">\n<div style=\"background-color: #f4f4f4; border-radius: 4px; flex-grow: 0; height: 14px; margin-bottom: 6px; width: 224px;\"><\/div>\n<div style=\"background-color: #f4f4f4; border-radius: 4px; flex-grow: 0; height: 14px; width: 144px;\"><\/div>\n<\/div>\n<p>&nbsp;<\/p>\n<p style=\"color: #c9c8cd; font-family: Arial,sans-serif; font-size: 14px; line-height: 17px; margin-bottom: 0; margin-top: 8px; overflow: hidden; padding: 8px 0 7px; text-align: center; text-overflow: ellipsis; white-space: nowrap;\"><a style=\"color: #c9c8cd; font-family: Arial,sans-serif; font-size: 14px; font-style: normal; font-weight: normal; line-height: 17px; text-decoration: none;\" href=\"https:\/\/www.instagram.com\/reel\/CjJiX31tHqL\/?utm_source=ig_embed&amp;utm_campaign=loading\" target=\"_blank\" rel=\"noopener\">Una publicaci\u00f3n compartida de Villasmil Mendoza Henry (@villasmilhfoto)<\/a><\/p>\n<\/div>\n<\/blockquote>\n<p><script async src=\"\/\/www.instagram.com\/embed.js\"><\/script><\/p>\n<p><strong>Redacci\u00f3n ND58\/Galvis, Cinthya<\/strong><br \/>\n<strong>Edici\u00f3n: Villasmil, Henry<\/strong><br \/>\n<strong>Gr\u00e1fica y video: @villasmilhfoto<\/strong><\/p>\n<p>&nbsp;<\/p>\n<p>&nbsp;<\/p>\n<p>&nbsp;<\/p>\n<p>&nbsp;<\/p>\n<p>&nbsp;<\/p><div class=\"bwayz69f27bb0c69ac\" ><p style=\"text-align: center;\"><a href=\"https:\/\/t.me\/noticiasdigital58\" target=\"_blank\" rel=\"noopener\"><img class=\"aligncenter size-full wp-image-125363\" src=\"https:\/\/digital58.com.ve\/site\/wp-content\/uploads\/2021\/04\/banner-telegram-web-2021.png\" alt=\"\" width=\"600\" height=\"90\" \/><\/a><\/p><\/div><style type=\"text\/css\">\r\n@media screen and (min-width: 1201px) {\r\n.bwayz69f27bb0c69ac {\r\ndisplay: block;\r\n}\r\n}\r\n@media screen and (min-width: 993px) and (max-width: 1200px) {\r\n.bwayz69f27bb0c69ac {\r\ndisplay: block;\r\n}\r\n}\r\n@media screen and (min-width: 769px) and (max-width: 992px) {\r\n.bwayz69f27bb0c69ac {\r\ndisplay: block;\r\n}\r\n}\r\n@media screen and (min-width: 768px) and (max-width: 768px) {\r\n.bwayz69f27bb0c69ac {\r\ndisplay: block;\r\n}\r\n}\r\n@media screen and (max-width: 767px) {\r\n.bwayz69f27bb0c69ac {\r\ndisplay: block;\r\n}\r\n}\r\n<\/style>\r\n\n<p>&nbsp;<\/p>\n<div style=\"margin-top: 0px; margin-bottom: 0px;\" class=\"sharethis-inline-share-buttons\" ><\/div>","protected":false},"excerpt":{"rendered":"<p>El aula magna de la Universidad Rafael Urdaneta mostr\u00f3 su mejor cara\u00a0 para recibir al cantautor venezolano, que no pisaba<\/p>\n","protected":false},"author":1,"featured_media":157144,"comment_status":"open","ping_status":"closed","sticky":false,"template":"","format":"standard","meta":{"colormag_page_container_layout":"default_layout","colormag_page_sidebar_layout":"default_layout","_uag_custom_page_level_css":"","footnotes":""},"categories":[5417,1],"tags":[104,78,50,211,29359,61,233,2354,4707,32,1700,761],"class_list":["post-157137","post","type-post","status-publish","format-standard","has-post-thumbnail","hentry","category-conciertos","category-fama","tag-aula-magna-de-la-uru","tag-cantantes","tag-entretenimiento","tag-espectaculos","tag-giordano-di-marzo","tag-musica","tag-nacionales","tag-regionales","tag-universidad-rafael-urdaneta","tag-venezuela","tag-yordano","tag-zulia"],"yoast_head":"<!-- This site is optimized with the Yoast SEO plugin v27.5 - https:\/\/yoast.com\/product\/yoast-seo-wordpress\/ -->\n<title>Yordano regresa a Maracaibo con un espect\u00e1culo inolvidable e irrepetible<\/title>\n<meta name=\"description\" content=\"Fama\" \/>\n<meta name=\"robots\" content=\"index, follow, max-snippet:-1, max-image-preview:large, max-video-preview:-1\" \/>\n<link rel=\"canonical\" href=\"https:\/\/digital58.com.ve\/site\/2022\/10\/03\/yordano-regresa-a-maracaibo-con-un-espectaculo-inolvidable-e-irrepetible\/\" \/>\n<meta property=\"og:locale\" content=\"es_ES\" \/>\n<meta property=\"og:type\" content=\"article\" \/>\n<meta property=\"og:title\" content=\"Yordano regresa a Maracaibo con un espect\u00e1culo inolvidable e irrepetible\" \/>\n<meta property=\"og:description\" content=\"Fama\" \/>\n<meta property=\"og:url\" content=\"https:\/\/digital58.com.ve\/site\/2022\/10\/03\/yordano-regresa-a-maracaibo-con-un-espectaculo-inolvidable-e-irrepetible\/\" \/>\n<meta property=\"og:site_name\" content=\"Noticias Digital58\" \/>\n<meta property=\"article:published_time\" content=\"2022-10-03T14:27:16+00:00\" \/>\n<meta property=\"article:modified_time\" content=\"2022-10-11T05:34:52+00:00\" \/>\n<meta property=\"og:image\" content=\"https:\/\/digital58.com.ve\/site\/wp-content\/uploads\/2022\/10\/yordano-mcbo-29-09-22-7.jpg\" \/>\n\t<meta property=\"og:image:width\" content=\"900\" \/>\n\t<meta property=\"og:image:height\" content=\"600\" \/>\n\t<meta property=\"og:image:type\" content=\"image\/jpeg\" \/>\n<meta name=\"author\" content=\"Villasmil Henry\" \/>\n<meta name=\"twitter:card\" content=\"summary_large_image\" \/>\n<meta name=\"twitter:creator\" content=\"@https:\/\/twitter.com\/villasmilhfoto\" \/>\n<meta name=\"twitter:site\" content=\"@villasmilhfoto\" \/>\n<meta name=\"twitter:label1\" content=\"Escrito por\" \/>\n\t<meta name=\"twitter:data1\" content=\"Villasmil Henry\" \/>\n\t<meta name=\"twitter:label2\" content=\"Tiempo estimado de lectura\" \/>\n\t<meta name=\"twitter:data2\" content=\"5 minutos\" \/>\n<script type=\"application\/ld+json\" class=\"yoast-schema-graph\">{\"@context\":\"https:\\\/\\\/schema.org\",\"@graph\":[{\"@type\":\"Article\",\"@id\":\"https:\\\/\\\/digital58.com.ve\\\/site\\\/2022\\\/10\\\/03\\\/yordano-regresa-a-maracaibo-con-un-espectaculo-inolvidable-e-irrepetible\\\/#article\",\"isPartOf\":{\"@id\":\"https:\\\/\\\/digital58.com.ve\\\/site\\\/2022\\\/10\\\/03\\\/yordano-regresa-a-maracaibo-con-un-espectaculo-inolvidable-e-irrepetible\\\/\"},\"author\":{\"name\":\"Villasmil Henry\",\"@id\":\"https:\\\/\\\/digital58.com.ve\\\/site\\\/#\\\/schema\\\/person\\\/64d1c2e4d0d4fd1b849980c4331c2951\"},\"headline\":\"Yordano regresa a Maracaibo con un espect\u00e1culo inolvidable e irrepetible\",\"datePublished\":\"2022-10-03T14:27:16+00:00\",\"dateModified\":\"2022-10-11T05:34:52+00:00\",\"mainEntityOfPage\":{\"@id\":\"https:\\\/\\\/digital58.com.ve\\\/site\\\/2022\\\/10\\\/03\\\/yordano-regresa-a-maracaibo-con-un-espectaculo-inolvidable-e-irrepetible\\\/\"},\"wordCount\":611,\"commentCount\":0,\"publisher\":{\"@id\":\"https:\\\/\\\/digital58.com.ve\\\/site\\\/#\\\/schema\\\/person\\\/64d1c2e4d0d4fd1b849980c4331c2951\"},\"image\":{\"@id\":\"https:\\\/\\\/digital58.com.ve\\\/site\\\/2022\\\/10\\\/03\\\/yordano-regresa-a-maracaibo-con-un-espectaculo-inolvidable-e-irrepetible\\\/#primaryimage\"},\"thumbnailUrl\":\"https:\\\/\\\/digital58.com.ve\\\/site\\\/wp-content\\\/uploads\\\/2022\\\/10\\\/yordano-mcbo-29-09-22-7.jpg\",\"keywords\":[\"Aula Magna de la URU\",\"Cantantes\",\"Entretenimiento\",\"Espect\u00e1culos\",\"Giordano Di Marzo\",\"M\u00fasica\",\"Nacionales\",\"Regionales\",\"Universidad Rafael Urdaneta\",\"Venezuela\",\"Yordano\",\"Zulia\"],\"articleSection\":[\"Conciertos\",\"Fama\"],\"inLanguage\":\"es\",\"potentialAction\":[{\"@type\":\"CommentAction\",\"name\":\"Comment\",\"target\":[\"https:\\\/\\\/digital58.com.ve\\\/site\\\/2022\\\/10\\\/03\\\/yordano-regresa-a-maracaibo-con-un-espectaculo-inolvidable-e-irrepetible\\\/#respond\"]}]},{\"@type\":\"WebPage\",\"@id\":\"https:\\\/\\\/digital58.com.ve\\\/site\\\/2022\\\/10\\\/03\\\/yordano-regresa-a-maracaibo-con-un-espectaculo-inolvidable-e-irrepetible\\\/\",\"url\":\"https:\\\/\\\/digital58.com.ve\\\/site\\\/2022\\\/10\\\/03\\\/yordano-regresa-a-maracaibo-con-un-espectaculo-inolvidable-e-irrepetible\\\/\",\"name\":\"Yordano regresa a Maracaibo con un espect\u00e1culo inolvidable e irrepetible\",\"isPartOf\":{\"@id\":\"https:\\\/\\\/digital58.com.ve\\\/site\\\/#website\"},\"primaryImageOfPage\":{\"@id\":\"https:\\\/\\\/digital58.com.ve\\\/site\\\/2022\\\/10\\\/03\\\/yordano-regresa-a-maracaibo-con-un-espectaculo-inolvidable-e-irrepetible\\\/#primaryimage\"},\"image\":{\"@id\":\"https:\\\/\\\/digital58.com.ve\\\/site\\\/2022\\\/10\\\/03\\\/yordano-regresa-a-maracaibo-con-un-espectaculo-inolvidable-e-irrepetible\\\/#primaryimage\"},\"thumbnailUrl\":\"https:\\\/\\\/digital58.com.ve\\\/site\\\/wp-content\\\/uploads\\\/2022\\\/10\\\/yordano-mcbo-29-09-22-7.jpg\",\"datePublished\":\"2022-10-03T14:27:16+00:00\",\"dateModified\":\"2022-10-11T05:34:52+00:00\",\"description\":\"Fama\",\"breadcrumb\":{\"@id\":\"https:\\\/\\\/digital58.com.ve\\\/site\\\/2022\\\/10\\\/03\\\/yordano-regresa-a-maracaibo-con-un-espectaculo-inolvidable-e-irrepetible\\\/#breadcrumb\"},\"inLanguage\":\"es\",\"potentialAction\":[{\"@type\":\"ReadAction\",\"target\":[\"https:\\\/\\\/digital58.com.ve\\\/site\\\/2022\\\/10\\\/03\\\/yordano-regresa-a-maracaibo-con-un-espectaculo-inolvidable-e-irrepetible\\\/\"]}]},{\"@type\":\"ImageObject\",\"inLanguage\":\"es\",\"@id\":\"https:\\\/\\\/digital58.com.ve\\\/site\\\/2022\\\/10\\\/03\\\/yordano-regresa-a-maracaibo-con-un-espectaculo-inolvidable-e-irrepetible\\\/#primaryimage\",\"url\":\"https:\\\/\\\/digital58.com.ve\\\/site\\\/wp-content\\\/uploads\\\/2022\\\/10\\\/yordano-mcbo-29-09-22-7.jpg\",\"contentUrl\":\"https:\\\/\\\/digital58.com.ve\\\/site\\\/wp-content\\\/uploads\\\/2022\\\/10\\\/yordano-mcbo-29-09-22-7.jpg\",\"width\":800,\"height\":533},{\"@type\":\"BreadcrumbList\",\"@id\":\"https:\\\/\\\/digital58.com.ve\\\/site\\\/2022\\\/10\\\/03\\\/yordano-regresa-a-maracaibo-con-un-espectaculo-inolvidable-e-irrepetible\\\/#breadcrumb\",\"itemListElement\":[{\"@type\":\"ListItem\",\"position\":1,\"name\":\"Home\",\"item\":\"https:\\\/\\\/digital58.com.ve\\\/site\\\/\"},{\"@type\":\"ListItem\",\"position\":2,\"name\":\"Yordano regresa a Maracaibo con un espect\u00e1culo inolvidable e irrepetible\"}]},{\"@type\":\"WebSite\",\"@id\":\"https:\\\/\\\/digital58.com.ve\\\/site\\\/#website\",\"url\":\"https:\\\/\\\/digital58.com.ve\\\/site\\\/\",\"name\":\"Noticias Digital58\",\"description\":\"Portal de Noticias \u00a1Periodismo web de verdad! Lanzamiento web 22.11.2005 \\\/ Maracaibo, Venezuela\",\"publisher\":{\"@id\":\"https:\\\/\\\/digital58.com.ve\\\/site\\\/#\\\/schema\\\/person\\\/64d1c2e4d0d4fd1b849980c4331c2951\"},\"alternateName\":\"ND58\",\"potentialAction\":[{\"@type\":\"SearchAction\",\"target\":{\"@type\":\"EntryPoint\",\"urlTemplate\":\"https:\\\/\\\/digital58.com.ve\\\/site\\\/?s={search_term_string}\"},\"query-input\":{\"@type\":\"PropertyValueSpecification\",\"valueRequired\":true,\"valueName\":\"search_term_string\"}}],\"inLanguage\":\"es\"},{\"@type\":[\"Person\",\"Organization\"],\"@id\":\"https:\\\/\\\/digital58.com.ve\\\/site\\\/#\\\/schema\\\/person\\\/64d1c2e4d0d4fd1b849980c4331c2951\",\"name\":\"Villasmil Henry\",\"image\":{\"@type\":\"ImageObject\",\"inLanguage\":\"es\",\"@id\":\"https:\\\/\\\/secure.gravatar.com\\\/avatar\\\/bb0c4a2fcb7970138239f7e404ea75757b1b507b28b5ce4c53fbd62d797c5a7c?s=96&d=mm&r=g\",\"url\":\"https:\\\/\\\/secure.gravatar.com\\\/avatar\\\/bb0c4a2fcb7970138239f7e404ea75757b1b507b28b5ce4c53fbd62d797c5a7c?s=96&d=mm&r=g\",\"contentUrl\":\"https:\\\/\\\/secure.gravatar.com\\\/avatar\\\/bb0c4a2fcb7970138239f7e404ea75757b1b507b28b5ce4c53fbd62d797c5a7c?s=96&d=mm&r=g\",\"caption\":\"Villasmil Henry\"},\"logo\":{\"@id\":\"https:\\\/\\\/secure.gravatar.com\\\/avatar\\\/bb0c4a2fcb7970138239f7e404ea75757b1b507b28b5ce4c53fbd62d797c5a7c?s=96&d=mm&r=g\"},\"sameAs\":[\"http:\\\/\\\/www.henryvillasmil.com.ve\",\"https:\\\/\\\/www.instagram.com\\\/villasmilhfoto\\\/\",\"https:\\\/\\\/x.com\\\/https:\\\/\\\/twitter.com\\\/villasmilhfoto\"],\"url\":\"https:\\\/\\\/digital58.com.ve\\\/site\\\/author\\\/droopy_68\\\/\"}]}<\/script>\n<!-- \/ Yoast SEO plugin. -->","yoast_head_json":{"title":"Yordano regresa a Maracaibo con un espect\u00e1culo inolvidable e irrepetible","description":"Fama","robots":{"index":"index","follow":"follow","max-snippet":"max-snippet:-1","max-image-preview":"max-image-preview:large","max-video-preview":"max-video-preview:-1"},"canonical":"https:\/\/digital58.com.ve\/site\/2022\/10\/03\/yordano-regresa-a-maracaibo-con-un-espectaculo-inolvidable-e-irrepetible\/","og_locale":"es_ES","og_type":"article","og_title":"Yordano regresa a Maracaibo con un espect\u00e1culo inolvidable e irrepetible","og_description":"Fama","og_url":"https:\/\/digital58.com.ve\/site\/2022\/10\/03\/yordano-regresa-a-maracaibo-con-un-espectaculo-inolvidable-e-irrepetible\/","og_site_name":"Noticias Digital58","article_published_time":"2022-10-03T14:27:16+00:00","article_modified_time":"2022-10-11T05:34:52+00:00","og_image":[{"width":900,"height":600,"url":"https:\/\/digital58.com.ve\/site\/wp-content\/uploads\/2022\/10\/yordano-mcbo-29-09-22-7.jpg","type":"image\/jpeg"}],"author":"Villasmil Henry","twitter_card":"summary_large_image","twitter_creator":"@https:\/\/twitter.com\/villasmilhfoto","twitter_site":"@villasmilhfoto","twitter_misc":{"Escrito por":"Villasmil Henry","Tiempo estimado de lectura":"5 minutos"},"schema":{"@context":"https:\/\/schema.org","@graph":[{"@type":"Article","@id":"https:\/\/digital58.com.ve\/site\/2022\/10\/03\/yordano-regresa-a-maracaibo-con-un-espectaculo-inolvidable-e-irrepetible\/#article","isPartOf":{"@id":"https:\/\/digital58.com.ve\/site\/2022\/10\/03\/yordano-regresa-a-maracaibo-con-un-espectaculo-inolvidable-e-irrepetible\/"},"author":{"name":"Villasmil Henry","@id":"https:\/\/digital58.com.ve\/site\/#\/schema\/person\/64d1c2e4d0d4fd1b849980c4331c2951"},"headline":"Yordano regresa a Maracaibo con un espect\u00e1culo inolvidable e irrepetible","datePublished":"2022-10-03T14:27:16+00:00","dateModified":"2022-10-11T05:34:52+00:00","mainEntityOfPage":{"@id":"https:\/\/digital58.com.ve\/site\/2022\/10\/03\/yordano-regresa-a-maracaibo-con-un-espectaculo-inolvidable-e-irrepetible\/"},"wordCount":611,"commentCount":0,"publisher":{"@id":"https:\/\/digital58.com.ve\/site\/#\/schema\/person\/64d1c2e4d0d4fd1b849980c4331c2951"},"image":{"@id":"https:\/\/digital58.com.ve\/site\/2022\/10\/03\/yordano-regresa-a-maracaibo-con-un-espectaculo-inolvidable-e-irrepetible\/#primaryimage"},"thumbnailUrl":"https:\/\/digital58.com.ve\/site\/wp-content\/uploads\/2022\/10\/yordano-mcbo-29-09-22-7.jpg","keywords":["Aula Magna de la URU","Cantantes","Entretenimiento","Espect\u00e1culos","Giordano Di Marzo","M\u00fasica","Nacionales","Regionales","Universidad Rafael Urdaneta","Venezuela","Yordano","Zulia"],"articleSection":["Conciertos","Fama"],"inLanguage":"es","potentialAction":[{"@type":"CommentAction","name":"Comment","target":["https:\/\/digital58.com.ve\/site\/2022\/10\/03\/yordano-regresa-a-maracaibo-con-un-espectaculo-inolvidable-e-irrepetible\/#respond"]}]},{"@type":"WebPage","@id":"https:\/\/digital58.com.ve\/site\/2022\/10\/03\/yordano-regresa-a-maracaibo-con-un-espectaculo-inolvidable-e-irrepetible\/","url":"https:\/\/digital58.com.ve\/site\/2022\/10\/03\/yordano-regresa-a-maracaibo-con-un-espectaculo-inolvidable-e-irrepetible\/","name":"Yordano regresa a Maracaibo con un espect\u00e1culo inolvidable e irrepetible","isPartOf":{"@id":"https:\/\/digital58.com.ve\/site\/#website"},"primaryImageOfPage":{"@id":"https:\/\/digital58.com.ve\/site\/2022\/10\/03\/yordano-regresa-a-maracaibo-con-un-espectaculo-inolvidable-e-irrepetible\/#primaryimage"},"image":{"@id":"https:\/\/digital58.com.ve\/site\/2022\/10\/03\/yordano-regresa-a-maracaibo-con-un-espectaculo-inolvidable-e-irrepetible\/#primaryimage"},"thumbnailUrl":"https:\/\/digital58.com.ve\/site\/wp-content\/uploads\/2022\/10\/yordano-mcbo-29-09-22-7.jpg","datePublished":"2022-10-03T14:27:16+00:00","dateModified":"2022-10-11T05:34:52+00:00","description":"Fama","breadcrumb":{"@id":"https:\/\/digital58.com.ve\/site\/2022\/10\/03\/yordano-regresa-a-maracaibo-con-un-espectaculo-inolvidable-e-irrepetible\/#breadcrumb"},"inLanguage":"es","potentialAction":[{"@type":"ReadAction","target":["https:\/\/digital58.com.ve\/site\/2022\/10\/03\/yordano-regresa-a-maracaibo-con-un-espectaculo-inolvidable-e-irrepetible\/"]}]},{"@type":"ImageObject","inLanguage":"es","@id":"https:\/\/digital58.com.ve\/site\/2022\/10\/03\/yordano-regresa-a-maracaibo-con-un-espectaculo-inolvidable-e-irrepetible\/#primaryimage","url":"https:\/\/digital58.com.ve\/site\/wp-content\/uploads\/2022\/10\/yordano-mcbo-29-09-22-7.jpg","contentUrl":"https:\/\/digital58.com.ve\/site\/wp-content\/uploads\/2022\/10\/yordano-mcbo-29-09-22-7.jpg","width":800,"height":533},{"@type":"BreadcrumbList","@id":"https:\/\/digital58.com.ve\/site\/2022\/10\/03\/yordano-regresa-a-maracaibo-con-un-espectaculo-inolvidable-e-irrepetible\/#breadcrumb","itemListElement":[{"@type":"ListItem","position":1,"name":"Home","item":"https:\/\/digital58.com.ve\/site\/"},{"@type":"ListItem","position":2,"name":"Yordano regresa a Maracaibo con un espect\u00e1culo inolvidable e irrepetible"}]},{"@type":"WebSite","@id":"https:\/\/digital58.com.ve\/site\/#website","url":"https:\/\/digital58.com.ve\/site\/","name":"Noticias Digital58","description":"Portal de Noticias \u00a1Periodismo web de verdad! Lanzamiento web 22.11.2005 \/ Maracaibo, Venezuela","publisher":{"@id":"https:\/\/digital58.com.ve\/site\/#\/schema\/person\/64d1c2e4d0d4fd1b849980c4331c2951"},"alternateName":"ND58","potentialAction":[{"@type":"SearchAction","target":{"@type":"EntryPoint","urlTemplate":"https:\/\/digital58.com.ve\/site\/?s={search_term_string}"},"query-input":{"@type":"PropertyValueSpecification","valueRequired":true,"valueName":"search_term_string"}}],"inLanguage":"es"},{"@type":["Person","Organization"],"@id":"https:\/\/digital58.com.ve\/site\/#\/schema\/person\/64d1c2e4d0d4fd1b849980c4331c2951","name":"Villasmil Henry","image":{"@type":"ImageObject","inLanguage":"es","@id":"https:\/\/secure.gravatar.com\/avatar\/bb0c4a2fcb7970138239f7e404ea75757b1b507b28b5ce4c53fbd62d797c5a7c?s=96&d=mm&r=g","url":"https:\/\/secure.gravatar.com\/avatar\/bb0c4a2fcb7970138239f7e404ea75757b1b507b28b5ce4c53fbd62d797c5a7c?s=96&d=mm&r=g","contentUrl":"https:\/\/secure.gravatar.com\/avatar\/bb0c4a2fcb7970138239f7e404ea75757b1b507b28b5ce4c53fbd62d797c5a7c?s=96&d=mm&r=g","caption":"Villasmil Henry"},"logo":{"@id":"https:\/\/secure.gravatar.com\/avatar\/bb0c4a2fcb7970138239f7e404ea75757b1b507b28b5ce4c53fbd62d797c5a7c?s=96&d=mm&r=g"},"sameAs":["http:\/\/www.henryvillasmil.com.ve","https:\/\/www.instagram.com\/villasmilhfoto\/","https:\/\/x.com\/https:\/\/twitter.com\/villasmilhfoto"],"url":"https:\/\/digital58.com.ve\/site\/author\/droopy_68\/"}]}},"uagb_featured_image_src":{"full":["https:\/\/digital58.com.ve\/site\/wp-content\/uploads\/2022\/10\/yordano-mcbo-29-09-22-7.jpg",800,533,false],"thumbnail":["https:\/\/digital58.com.ve\/site\/wp-content\/uploads\/2022\/10\/yordano-mcbo-29-09-22-7-150x150.jpg",150,150,true],"medium":["https:\/\/digital58.com.ve\/site\/wp-content\/uploads\/2022\/10\/yordano-mcbo-29-09-22-7-300x200.jpg",300,200,true],"medium_large":["https:\/\/digital58.com.ve\/site\/wp-content\/uploads\/2022\/10\/yordano-mcbo-29-09-22-7-768x512.jpg",768,512,true],"large":["https:\/\/digital58.com.ve\/site\/wp-content\/uploads\/2022\/10\/yordano-mcbo-29-09-22-7.jpg",800,533,false],"1536x1536":["https:\/\/digital58.com.ve\/site\/wp-content\/uploads\/2022\/10\/yordano-mcbo-29-09-22-7.jpg",800,533,false],"2048x2048":["https:\/\/digital58.com.ve\/site\/wp-content\/uploads\/2022\/10\/yordano-mcbo-29-09-22-7.jpg",800,533,false],"colormag-highlighted-post":["https:\/\/digital58.com.ve\/site\/wp-content\/uploads\/2022\/10\/yordano-mcbo-29-09-22-7-392x272.jpg",392,272,true],"colormag-featured-post-medium":["https:\/\/digital58.com.ve\/site\/wp-content\/uploads\/2022\/10\/yordano-mcbo-29-09-22-7-390x205.jpg",390,205,true],"colormag-featured-post-small":["https:\/\/digital58.com.ve\/site\/wp-content\/uploads\/2022\/10\/yordano-mcbo-29-09-22-7-130x90.jpg",130,90,true],"colormag-featured-image":["https:\/\/digital58.com.ve\/site\/wp-content\/uploads\/2022\/10\/yordano-mcbo-29-09-22-7-800x445.jpg",800,445,true],"colormag-default-news":["https:\/\/digital58.com.ve\/site\/wp-content\/uploads\/2022\/10\/yordano-mcbo-29-09-22-7.jpg",150,100,false],"colormag-featured-image-large":["https:\/\/digital58.com.ve\/site\/wp-content\/uploads\/2022\/10\/yordano-mcbo-29-09-22-7.jpg",800,533,false]},"uagb_author_info":{"display_name":"Villasmil Henry","author_link":"https:\/\/digital58.com.ve\/site\/author\/droopy_68\/"},"uagb_comment_info":0,"uagb_excerpt":"El aula magna de la Universidad Rafael Urdaneta mostr\u00f3 su mejor cara\u00a0 para recibir al cantautor venezolano, que no pisaba","_links":{"self":[{"href":"https:\/\/digital58.com.ve\/site\/wp-json\/wp\/v2\/posts\/157137","targetHints":{"allow":["GET"]}}],"collection":[{"href":"https:\/\/digital58.com.ve\/site\/wp-json\/wp\/v2\/posts"}],"about":[{"href":"https:\/\/digital58.com.ve\/site\/wp-json\/wp\/v2\/types\/post"}],"author":[{"embeddable":true,"href":"https:\/\/digital58.com.ve\/site\/wp-json\/wp\/v2\/users\/1"}],"replies":[{"embeddable":true,"href":"https:\/\/digital58.com.ve\/site\/wp-json\/wp\/v2\/comments?post=157137"}],"version-history":[{"count":0,"href":"https:\/\/digital58.com.ve\/site\/wp-json\/wp\/v2\/posts\/157137\/revisions"}],"wp:featuredmedia":[{"embeddable":true,"href":"https:\/\/digital58.com.ve\/site\/wp-json\/wp\/v2\/media\/157144"}],"wp:attachment":[{"href":"https:\/\/digital58.com.ve\/site\/wp-json\/wp\/v2\/media?parent=157137"}],"wp:term":[{"taxonomy":"category","embeddable":true,"href":"https:\/\/digital58.com.ve\/site\/wp-json\/wp\/v2\/categories?post=157137"},{"taxonomy":"post_tag","embeddable":true,"href":"https:\/\/digital58.com.ve\/site\/wp-json\/wp\/v2\/tags?post=157137"}],"curies":[{"name":"wp","href":"https:\/\/api.w.org\/{rel}","templated":true}]}}