{"id":157382,"date":"2022-10-09T23:14:54","date_gmt":"2022-10-10T03:14:54","guid":{"rendered":"https:\/\/digital58.com.ve\/site\/?p=157382"},"modified":"2022-10-11T01:34:47","modified_gmt":"2022-10-11T05:34:47","slug":"laliga-pedri-le-da-la-victoria-al-barcelona-frente-a-un-celta-que-merecio-mas","status":"publish","type":"post","link":"https:\/\/digital58.com.ve\/site\/2022\/10\/09\/laliga-pedri-le-da-la-victoria-al-barcelona-frente-a-un-celta-que-merecio-mas\/","title":{"rendered":"#LaLiga | Pedri le da la victoria al Barcelona frente a un Celta que mereci\u00f3 m\u00e1s"},"content":{"rendered":"<p><a href=\"https:\/\/digital58.com.ve\/site\/wp-content\/uploads\/2022\/10\/pedri-barcelona.jpg\"><img loading=\"lazy\" decoding=\"async\" class=\"aligncenter size-full wp-image-157383\" src=\"https:\/\/digital58.com.ve\/site\/wp-content\/uploads\/2022\/10\/pedri-barcelona.jpg\" alt=\"\" width=\"900\" height=\"600\" srcset=\"https:\/\/digital58.com.ve\/site\/wp-content\/uploads\/2022\/10\/pedri-barcelona.jpg 800w, https:\/\/digital58.com.ve\/site\/wp-content\/uploads\/2022\/10\/pedri-barcelona-300x200.jpg 300w, https:\/\/digital58.com.ve\/site\/wp-content\/uploads\/2022\/10\/pedri-barcelona-768x512.jpg 768w\" sizes=\"auto, (max-width: 900px) 100vw, 900px\" \/><\/a><\/p>\n<p>Llegar\u00e1 l\u00edder el Bar\u00e7a al Bernabeu la pr\u00f3xima semana, pero con malas sensaciones.<\/p>\n<p><strong>Barcelona, Espa\u00f1a, 09 de octubre de 2022 (ND58).-<\/strong> Un gol de Pedri Gonz\u00e1lez en el primer tiempo decant\u00f3 el duelo de los azulgrana ante el Celta (1-0) para seguir al frente de la clasificaci\u00f3n, en un partido en el que los gallegos tuvieron las mejores ocasiones en el segundo tiempo y merecieron mejor suerte.<\/p>\n<p>Barcelona firm\u00f3 de largo el peor partido del curso frente a un Celta que tuvo ocasiones para llevarse la victoria, aunque entre Ter Stegen y el palo le impidieron sumar algo en el Camp Nou.<\/p>\n<p>Y es que para el Barcelona, lo mejor fue el resultado. O le falt\u00f3 frescura o llevaba el freno de mano puesto. El Barcelona no ofreci\u00f3 buenas sensaciones. Control\u00f3 el juego en el primer tiempo y sufri\u00f3 en el segundo.<\/p>\n<p>Seguramente fue por la defensa de circunstancias, con hasta tres zurdos en cuatro posiciones, o porque la cabeza se hab\u00eda trasladado ya al inminente partido del mi\u00e9rcoles ante el Inter de Milan, donde se lo juega todo.<\/p>\n<p>Reserv\u00f3 Xavi Hern\u00e1ndez a Eric Garc\u00eda y puso de central a Marcos Alonso; decidi\u00f3 que era el momento para alinear a Raphinha por la derecha, en lugar de Demb\u00e9l\u00e9, a Ferran por la izquierda y cambiar de lado a Gavi y Pedri.<\/p>\n<p>M\u00e1s all\u00e1 del enorme trabajo de Gavi, de nuevo sublime en la recuperaci\u00f3n, y de la clarividencia de Busquets, el Barcelona estuvo plano en el primer tiempo.<\/p>\n<p>Raphinha ofreci\u00f3 voluntariedad, Ferran empez\u00f3 bien, pero se ofusc\u00f3 y en el primer episodio, Lewandoski ni siquiera apareci\u00f3. El brasile\u00f1o fue el primero que puso a prueba a Marches\u00edn, con un remate lejano a los 11 minutos, bien resuelto por el meta c\u00e9ltico.<\/p>\n<p>Avis\u00f3 Ferran despu\u00e9s de un gran pase de Busquets y el metr\u00f3nomo azulgrana inici\u00f3 la jugada del 1-0. Descarg\u00f3 Lewandowski el centro de defensores, Gavi entr\u00f3 a la espalda de Aidoo, centr\u00f3 y Unai N\u00fa\u00f1ez despej\u00f3 mal. All\u00ed estaba Pedri (min. 17) para empujar a la red, seguramente en uno de los goles m\u00e1s f\u00e1ciles de su carrera.<\/p>\n<p>El Celta, muy replegado, intent\u00f3 salir con Aspas y a apoy\u00e1ndose en el gran juego de espaldas de Larsen, pero apenas s\u00ed inquiet\u00f3 la meta de Ter Stegen. Solo un servicio de Aspas, que reaparec\u00eda hoy, al que no lleg\u00f3 Cervi fue lo \u00fanico que ofreci\u00f3 en ataque.<\/p>\n<p>El Barcelona aunque sin brillo, s\u00ed tuvo m\u00e1s llegadas, como un remate de Jordi Alba (min. 24), que sali\u00f3 fuera por poco. Reclamaron los locales penalti sobre Raphinha en una jugada en el minuto 41 y Piqu\u00e9 remat\u00f3 fuera en el 45, en la \u00faltima ocasi\u00f3n del primer tiempo.<\/p>\n<p>Y como los vigueses vieron que los azulgrana no estaban finos, olieron la sangre y se fueron a por el partido. En el 48, \u00d3scar Rodr\u00edguez no aprovech\u00f3 un gran pase de Aspas y despu\u00e9s, en el 58, una doble llegada de los c\u00e9lticos fue resuelta por Marcos Alonso.<\/p>\n<p>Tampoco estuvo bien Ter Stegen y Gabri Veiga no pudo aprovechar en el 59. Como Xavi vio las orejas al lobo, puso en juego a Ansu, Demb\u00e9l\u00e9 y De Jong por Ferran, Raphinha y Pedri, en busca de m\u00e1s frescura, pero fue el Celta quien sigui\u00f3 presionando.<\/p>\n<p>Incluso los gallegos llegaron a marcar en el 70, por medio de Larsen, en una jugada anulada por un fuera de juego previo. El Barcelona estuvo a merced del Celta hasta el final del partido.<\/p>\n<p>As\u00ed Iago Aspas la tuvo en una acci\u00f3n en el 84, pero no pudo superar a Ter Stegen; y poco despu\u00e9s Hugo Mallo remat\u00f3 junto al palo izquierdo de la meta local.<\/p>\n<p>El Celta lo merec\u00eda y la imagen de Demb\u00e9l\u00e9 era la del err\u00e1tico juego de los suyos. En la recta final del partido, Aspas enmudec\u00eda en cada acci\u00f3n al Camp Nou y Carles P\u00e9rez, hasta hace no tanto un chaval de La Masia, sembr\u00f3 el peligro con dos remates francos.<\/p>\n<p>Hasta en el 94, Paciencia remat\u00f3 sobre el palo de Ter Stegen. Al final gan\u00f3 el Bar\u00e7a, pero pod\u00eda haber perdido, un buen resultado para un mal juego a tres d\u00edas de jugarse su futuro en la Champions.<\/p>\n<p><strong>Ficha t\u00e9cnica<\/strong><\/p>\n<p><strong>1 &#8211; Barcelona:<\/strong> Ter Stegen; Balde (Sergi Roberto, min. 77), Piqu\u00e9, Marcos Alonso, Jordi Alba (Eric, min. 86); Gavi, Sergio Busquets, Pedri (de Jong, min. 63); Raphinha (Demb\u00e9l\u00e9, min. 63), Lewandowski y Ferran Torres (Ansu Fati, min. 63).<\/p>\n<p><strong>0 &#8211; Celta de Vigo:<\/strong> Marchesin; Hugo Mallo (\u00d3scar Mingueza, min. 93), Nu\u00f1ez, Aidoo Jr, Javi Gal\u00e1n; Gabri Veiga (Solari, min. 75), Cervi (Paciencia, min. 84), Fran Beltr\u00e1n, \u00d3scar; Larsen (Carles P\u00e9rez, min. 75) e Iago Aspas.<\/p>\n<p>Gol: 1-0, min. 17: Pedri.<\/p>\n<p><strong>\u00c1rbitro:<\/strong> Munuera Montero (Comit\u00e9 andaluz). Mostr\u00f3 cartulina amarilla a Unai N\u00fa\u00f1ez (min. 61), Aidoo Jr (min. 70), Alba (min. 71), \u00d3scar (min. 71) y a Busquets (min. 85)<\/p>\n<p><strong>Incidencias:<\/strong> 81.525 espectadores en el Spotify Camp Nou. Partido de la octava jornada de la laLiga Santander. Se guard\u00f3 un minuto de silencio en memoria de Joan Morral, exjugador del Barcelona, recientemente fallecido.<\/p>\n<p><strong>Redacci\u00f3n ND58 | Fuente: EFE<\/strong><br \/>\n<strong>Edici\u00f3n: Villasmil, Henry<\/strong><br \/>\n<strong>Gr\u00e1fica: EFE<\/strong><\/p>\n<p>&nbsp;<\/p><div class=\"jujfw69f50a0939c5c\" ><p style=\"text-align: center;\"><a href=\"https:\/\/t.me\/noticiasdigital58\" target=\"_blank\" rel=\"noopener\"><img class=\"aligncenter size-full wp-image-125363\" src=\"https:\/\/digital58.com.ve\/site\/wp-content\/uploads\/2021\/04\/banner-telegram-web-2021.png\" alt=\"\" width=\"600\" height=\"90\" \/><\/a><\/p><\/div><style type=\"text\/css\">\r\n@media screen and (min-width: 1201px) {\r\n.jujfw69f50a0939c5c {\r\ndisplay: block;\r\n}\r\n}\r\n@media screen and (min-width: 993px) and (max-width: 1200px) {\r\n.jujfw69f50a0939c5c {\r\ndisplay: block;\r\n}\r\n}\r\n@media screen and (min-width: 769px) and (max-width: 992px) {\r\n.jujfw69f50a0939c5c {\r\ndisplay: block;\r\n}\r\n}\r\n@media screen and (min-width: 768px) and (max-width: 768px) {\r\n.jujfw69f50a0939c5c {\r\ndisplay: block;\r\n}\r\n}\r\n@media screen and (max-width: 767px) {\r\n.jujfw69f50a0939c5c {\r\ndisplay: block;\r\n}\r\n}\r\n<\/style>\r\n\n<p>&nbsp;<\/p>\n<div style=\"margin-top: 0px; margin-bottom: 0px;\" class=\"sharethis-inline-share-buttons\" ><\/div>","protected":false},"excerpt":{"rendered":"<p>Llegar\u00e1 l\u00edder el Bar\u00e7a al Bernabeu la pr\u00f3xima semana, pero con malas sensaciones. Barcelona, Espa\u00f1a, 09 de octubre de 2022<\/p>\n","protected":false},"author":1,"featured_media":157383,"comment_status":"open","ping_status":"closed","sticky":false,"template":"","format":"standard","meta":{"colormag_page_container_layout":"default_layout","colormag_page_sidebar_layout":"default_layout","_uag_custom_page_level_css":"","footnotes":""},"categories":[5402],"tags":[596,7312,115,13,499,8,7311,28317],"class_list":["post-157382","post","type-post","status-publish","format-standard","has-post-thumbnail","hentry","category-deportes","tag-barcelona-futbol-club","tag-celta-de-vigo","tag-espana","tag-futbol","tag-futbol-espanol","tag-internacionales","tag-laliga","tag-laliga-2022-2023"],"yoast_head":"<!-- This site is optimized with the Yoast SEO plugin v27.5 - https:\/\/yoast.com\/product\/yoast-seo-wordpress\/ -->\n<title>#LaLiga | Pedri le da la victoria al Barcelona frente a un Celta que mereci\u00f3 m\u00e1s<\/title>\n<meta name=\"robots\" content=\"index, follow, max-snippet:-1, max-image-preview:large, max-video-preview:-1\" \/>\n<link rel=\"canonical\" href=\"https:\/\/digital58.com.ve\/site\/2022\/10\/09\/laliga-pedri-le-da-la-victoria-al-barcelona-frente-a-un-celta-que-merecio-mas\/\" \/>\n<meta property=\"og:locale\" content=\"es_ES\" \/>\n<meta property=\"og:type\" content=\"article\" \/>\n<meta property=\"og:title\" content=\"#LaLiga | Pedri le da la victoria al Barcelona frente a un Celta que mereci\u00f3 m\u00e1s\" \/>\n<meta property=\"og:url\" content=\"https:\/\/digital58.com.ve\/site\/2022\/10\/09\/laliga-pedri-le-da-la-victoria-al-barcelona-frente-a-un-celta-que-merecio-mas\/\" \/>\n<meta property=\"og:site_name\" content=\"Noticias Digital58\" \/>\n<meta property=\"article:published_time\" content=\"2022-10-10T03:14:54+00:00\" \/>\n<meta property=\"article:modified_time\" content=\"2022-10-11T05:34:47+00:00\" \/>\n<meta property=\"og:image\" content=\"https:\/\/i0.wp.com\/digital58.com.ve\/site\/wp-content\/uploads\/2022\/10\/pedri-barcelona.jpg?fit=800%2C533&ssl=1\" \/>\n\t<meta property=\"og:image:width\" content=\"800\" \/>\n\t<meta property=\"og:image:height\" content=\"533\" \/>\n\t<meta property=\"og:image:type\" content=\"image\/jpeg\" \/>\n<meta name=\"author\" content=\"Villasmil Henry\" \/>\n<meta name=\"twitter:card\" content=\"summary_large_image\" \/>\n<meta name=\"twitter:creator\" content=\"@https:\/\/twitter.com\/villasmilhfoto\" \/>\n<meta name=\"twitter:site\" content=\"@villasmilhfoto\" \/>\n<meta name=\"twitter:label1\" content=\"Escrito por\" \/>\n\t<meta name=\"twitter:data1\" content=\"Villasmil Henry\" \/>\n\t<meta name=\"twitter:label2\" content=\"Tiempo estimado de lectura\" \/>\n\t<meta name=\"twitter:data2\" content=\"4 minutos\" \/>\n<script type=\"application\/ld+json\" class=\"yoast-schema-graph\">{\"@context\":\"https:\\\/\\\/schema.org\",\"@graph\":[{\"@type\":\"Article\",\"@id\":\"https:\\\/\\\/digital58.com.ve\\\/site\\\/2022\\\/10\\\/09\\\/laliga-pedri-le-da-la-victoria-al-barcelona-frente-a-un-celta-que-merecio-mas\\\/#article\",\"isPartOf\":{\"@id\":\"https:\\\/\\\/digital58.com.ve\\\/site\\\/2022\\\/10\\\/09\\\/laliga-pedri-le-da-la-victoria-al-barcelona-frente-a-un-celta-que-merecio-mas\\\/\"},\"author\":{\"name\":\"Villasmil Henry\",\"@id\":\"https:\\\/\\\/digital58.com.ve\\\/site\\\/#\\\/schema\\\/person\\\/64d1c2e4d0d4fd1b849980c4331c2951\"},\"headline\":\"#LaLiga | Pedri le da la victoria al Barcelona frente a un Celta que mereci\u00f3 m\u00e1s\",\"datePublished\":\"2022-10-10T03:14:54+00:00\",\"dateModified\":\"2022-10-11T05:34:47+00:00\",\"mainEntityOfPage\":{\"@id\":\"https:\\\/\\\/digital58.com.ve\\\/site\\\/2022\\\/10\\\/09\\\/laliga-pedri-le-da-la-victoria-al-barcelona-frente-a-un-celta-que-merecio-mas\\\/\"},\"wordCount\":888,\"commentCount\":0,\"publisher\":{\"@id\":\"https:\\\/\\\/digital58.com.ve\\\/site\\\/#\\\/schema\\\/person\\\/64d1c2e4d0d4fd1b849980c4331c2951\"},\"image\":{\"@id\":\"https:\\\/\\\/digital58.com.ve\\\/site\\\/2022\\\/10\\\/09\\\/laliga-pedri-le-da-la-victoria-al-barcelona-frente-a-un-celta-que-merecio-mas\\\/#primaryimage\"},\"thumbnailUrl\":\"https:\\\/\\\/digital58.com.ve\\\/site\\\/wp-content\\\/uploads\\\/2022\\\/10\\\/pedri-barcelona.jpg\",\"keywords\":[\"Barcelona F\u00fatbol Club\",\"Celta de Vigo\",\"Espa\u00f1a\",\"F\u00fatbol\",\"F\u00fatbol Espa\u00f1ol\",\"Internacionales\",\"LaLiga\",\"LaLiga 2022-2023\"],\"articleSection\":[\"Deportes\"],\"inLanguage\":\"es\",\"potentialAction\":[{\"@type\":\"CommentAction\",\"name\":\"Comment\",\"target\":[\"https:\\\/\\\/digital58.com.ve\\\/site\\\/2022\\\/10\\\/09\\\/laliga-pedri-le-da-la-victoria-al-barcelona-frente-a-un-celta-que-merecio-mas\\\/#respond\"]}]},{\"@type\":\"WebPage\",\"@id\":\"https:\\\/\\\/digital58.com.ve\\\/site\\\/2022\\\/10\\\/09\\\/laliga-pedri-le-da-la-victoria-al-barcelona-frente-a-un-celta-que-merecio-mas\\\/\",\"url\":\"https:\\\/\\\/digital58.com.ve\\\/site\\\/2022\\\/10\\\/09\\\/laliga-pedri-le-da-la-victoria-al-barcelona-frente-a-un-celta-que-merecio-mas\\\/\",\"name\":\"#LaLiga | Pedri le da la victoria al Barcelona frente a un Celta que mereci\u00f3 m\u00e1s\",\"isPartOf\":{\"@id\":\"https:\\\/\\\/digital58.com.ve\\\/site\\\/#website\"},\"primaryImageOfPage\":{\"@id\":\"https:\\\/\\\/digital58.com.ve\\\/site\\\/2022\\\/10\\\/09\\\/laliga-pedri-le-da-la-victoria-al-barcelona-frente-a-un-celta-que-merecio-mas\\\/#primaryimage\"},\"image\":{\"@id\":\"https:\\\/\\\/digital58.com.ve\\\/site\\\/2022\\\/10\\\/09\\\/laliga-pedri-le-da-la-victoria-al-barcelona-frente-a-un-celta-que-merecio-mas\\\/#primaryimage\"},\"thumbnailUrl\":\"https:\\\/\\\/digital58.com.ve\\\/site\\\/wp-content\\\/uploads\\\/2022\\\/10\\\/pedri-barcelona.jpg\",\"datePublished\":\"2022-10-10T03:14:54+00:00\",\"dateModified\":\"2022-10-11T05:34:47+00:00\",\"breadcrumb\":{\"@id\":\"https:\\\/\\\/digital58.com.ve\\\/site\\\/2022\\\/10\\\/09\\\/laliga-pedri-le-da-la-victoria-al-barcelona-frente-a-un-celta-que-merecio-mas\\\/#breadcrumb\"},\"inLanguage\":\"es\",\"potentialAction\":[{\"@type\":\"ReadAction\",\"target\":[\"https:\\\/\\\/digital58.com.ve\\\/site\\\/2022\\\/10\\\/09\\\/laliga-pedri-le-da-la-victoria-al-barcelona-frente-a-un-celta-que-merecio-mas\\\/\"]}]},{\"@type\":\"ImageObject\",\"inLanguage\":\"es\",\"@id\":\"https:\\\/\\\/digital58.com.ve\\\/site\\\/2022\\\/10\\\/09\\\/laliga-pedri-le-da-la-victoria-al-barcelona-frente-a-un-celta-que-merecio-mas\\\/#primaryimage\",\"url\":\"https:\\\/\\\/digital58.com.ve\\\/site\\\/wp-content\\\/uploads\\\/2022\\\/10\\\/pedri-barcelona.jpg\",\"contentUrl\":\"https:\\\/\\\/digital58.com.ve\\\/site\\\/wp-content\\\/uploads\\\/2022\\\/10\\\/pedri-barcelona.jpg\",\"width\":800,\"height\":533},{\"@type\":\"BreadcrumbList\",\"@id\":\"https:\\\/\\\/digital58.com.ve\\\/site\\\/2022\\\/10\\\/09\\\/laliga-pedri-le-da-la-victoria-al-barcelona-frente-a-un-celta-que-merecio-mas\\\/#breadcrumb\",\"itemListElement\":[{\"@type\":\"ListItem\",\"position\":1,\"name\":\"Home\",\"item\":\"https:\\\/\\\/digital58.com.ve\\\/site\\\/\"},{\"@type\":\"ListItem\",\"position\":2,\"name\":\"#LaLiga | Pedri le da la victoria al Barcelona frente a un Celta que mereci\u00f3 m\u00e1s\"}]},{\"@type\":\"WebSite\",\"@id\":\"https:\\\/\\\/digital58.com.ve\\\/site\\\/#website\",\"url\":\"https:\\\/\\\/digital58.com.ve\\\/site\\\/\",\"name\":\"Noticias Digital58\",\"description\":\"Portal de Noticias \u00a1Periodismo web de verdad! Lanzamiento web 22.11.2005 \\\/ Maracaibo, Venezuela\",\"publisher\":{\"@id\":\"https:\\\/\\\/digital58.com.ve\\\/site\\\/#\\\/schema\\\/person\\\/64d1c2e4d0d4fd1b849980c4331c2951\"},\"alternateName\":\"ND58\",\"potentialAction\":[{\"@type\":\"SearchAction\",\"target\":{\"@type\":\"EntryPoint\",\"urlTemplate\":\"https:\\\/\\\/digital58.com.ve\\\/site\\\/?s={search_term_string}\"},\"query-input\":{\"@type\":\"PropertyValueSpecification\",\"valueRequired\":true,\"valueName\":\"search_term_string\"}}],\"inLanguage\":\"es\"},{\"@type\":[\"Person\",\"Organization\"],\"@id\":\"https:\\\/\\\/digital58.com.ve\\\/site\\\/#\\\/schema\\\/person\\\/64d1c2e4d0d4fd1b849980c4331c2951\",\"name\":\"Villasmil Henry\",\"image\":{\"@type\":\"ImageObject\",\"inLanguage\":\"es\",\"@id\":\"https:\\\/\\\/secure.gravatar.com\\\/avatar\\\/bb0c4a2fcb7970138239f7e404ea75757b1b507b28b5ce4c53fbd62d797c5a7c?s=96&d=mm&r=g\",\"url\":\"https:\\\/\\\/secure.gravatar.com\\\/avatar\\\/bb0c4a2fcb7970138239f7e404ea75757b1b507b28b5ce4c53fbd62d797c5a7c?s=96&d=mm&r=g\",\"contentUrl\":\"https:\\\/\\\/secure.gravatar.com\\\/avatar\\\/bb0c4a2fcb7970138239f7e404ea75757b1b507b28b5ce4c53fbd62d797c5a7c?s=96&d=mm&r=g\",\"caption\":\"Villasmil Henry\"},\"logo\":{\"@id\":\"https:\\\/\\\/secure.gravatar.com\\\/avatar\\\/bb0c4a2fcb7970138239f7e404ea75757b1b507b28b5ce4c53fbd62d797c5a7c?s=96&d=mm&r=g\"},\"sameAs\":[\"http:\\\/\\\/www.henryvillasmil.com.ve\",\"https:\\\/\\\/www.instagram.com\\\/villasmilhfoto\\\/\",\"https:\\\/\\\/x.com\\\/https:\\\/\\\/twitter.com\\\/villasmilhfoto\"],\"url\":\"https:\\\/\\\/digital58.com.ve\\\/site\\\/author\\\/droopy_68\\\/\"}]}<\/script>\n<!-- \/ Yoast SEO plugin. -->","yoast_head_json":{"title":"#LaLiga | Pedri le da la victoria al Barcelona frente a un Celta que mereci\u00f3 m\u00e1s","robots":{"index":"index","follow":"follow","max-snippet":"max-snippet:-1","max-image-preview":"max-image-preview:large","max-video-preview":"max-video-preview:-1"},"canonical":"https:\/\/digital58.com.ve\/site\/2022\/10\/09\/laliga-pedri-le-da-la-victoria-al-barcelona-frente-a-un-celta-que-merecio-mas\/","og_locale":"es_ES","og_type":"article","og_title":"#LaLiga | Pedri le da la victoria al Barcelona frente a un Celta que mereci\u00f3 m\u00e1s","og_url":"https:\/\/digital58.com.ve\/site\/2022\/10\/09\/laliga-pedri-le-da-la-victoria-al-barcelona-frente-a-un-celta-que-merecio-mas\/","og_site_name":"Noticias Digital58","article_published_time":"2022-10-10T03:14:54+00:00","article_modified_time":"2022-10-11T05:34:47+00:00","og_image":[{"width":800,"height":533,"url":"https:\/\/i0.wp.com\/digital58.com.ve\/site\/wp-content\/uploads\/2022\/10\/pedri-barcelona.jpg?fit=800%2C533&ssl=1","type":"image\/jpeg"}],"author":"Villasmil Henry","twitter_card":"summary_large_image","twitter_creator":"@https:\/\/twitter.com\/villasmilhfoto","twitter_site":"@villasmilhfoto","twitter_misc":{"Escrito por":"Villasmil Henry","Tiempo estimado de lectura":"4 minutos"},"schema":{"@context":"https:\/\/schema.org","@graph":[{"@type":"Article","@id":"https:\/\/digital58.com.ve\/site\/2022\/10\/09\/laliga-pedri-le-da-la-victoria-al-barcelona-frente-a-un-celta-que-merecio-mas\/#article","isPartOf":{"@id":"https:\/\/digital58.com.ve\/site\/2022\/10\/09\/laliga-pedri-le-da-la-victoria-al-barcelona-frente-a-un-celta-que-merecio-mas\/"},"author":{"name":"Villasmil Henry","@id":"https:\/\/digital58.com.ve\/site\/#\/schema\/person\/64d1c2e4d0d4fd1b849980c4331c2951"},"headline":"#LaLiga | Pedri le da la victoria al Barcelona frente a un Celta que mereci\u00f3 m\u00e1s","datePublished":"2022-10-10T03:14:54+00:00","dateModified":"2022-10-11T05:34:47+00:00","mainEntityOfPage":{"@id":"https:\/\/digital58.com.ve\/site\/2022\/10\/09\/laliga-pedri-le-da-la-victoria-al-barcelona-frente-a-un-celta-que-merecio-mas\/"},"wordCount":888,"commentCount":0,"publisher":{"@id":"https:\/\/digital58.com.ve\/site\/#\/schema\/person\/64d1c2e4d0d4fd1b849980c4331c2951"},"image":{"@id":"https:\/\/digital58.com.ve\/site\/2022\/10\/09\/laliga-pedri-le-da-la-victoria-al-barcelona-frente-a-un-celta-que-merecio-mas\/#primaryimage"},"thumbnailUrl":"https:\/\/digital58.com.ve\/site\/wp-content\/uploads\/2022\/10\/pedri-barcelona.jpg","keywords":["Barcelona F\u00fatbol Club","Celta de Vigo","Espa\u00f1a","F\u00fatbol","F\u00fatbol Espa\u00f1ol","Internacionales","LaLiga","LaLiga 2022-2023"],"articleSection":["Deportes"],"inLanguage":"es","potentialAction":[{"@type":"CommentAction","name":"Comment","target":["https:\/\/digital58.com.ve\/site\/2022\/10\/09\/laliga-pedri-le-da-la-victoria-al-barcelona-frente-a-un-celta-que-merecio-mas\/#respond"]}]},{"@type":"WebPage","@id":"https:\/\/digital58.com.ve\/site\/2022\/10\/09\/laliga-pedri-le-da-la-victoria-al-barcelona-frente-a-un-celta-que-merecio-mas\/","url":"https:\/\/digital58.com.ve\/site\/2022\/10\/09\/laliga-pedri-le-da-la-victoria-al-barcelona-frente-a-un-celta-que-merecio-mas\/","name":"#LaLiga | Pedri le da la victoria al Barcelona frente a un Celta que mereci\u00f3 m\u00e1s","isPartOf":{"@id":"https:\/\/digital58.com.ve\/site\/#website"},"primaryImageOfPage":{"@id":"https:\/\/digital58.com.ve\/site\/2022\/10\/09\/laliga-pedri-le-da-la-victoria-al-barcelona-frente-a-un-celta-que-merecio-mas\/#primaryimage"},"image":{"@id":"https:\/\/digital58.com.ve\/site\/2022\/10\/09\/laliga-pedri-le-da-la-victoria-al-barcelona-frente-a-un-celta-que-merecio-mas\/#primaryimage"},"thumbnailUrl":"https:\/\/digital58.com.ve\/site\/wp-content\/uploads\/2022\/10\/pedri-barcelona.jpg","datePublished":"2022-10-10T03:14:54+00:00","dateModified":"2022-10-11T05:34:47+00:00","breadcrumb":{"@id":"https:\/\/digital58.com.ve\/site\/2022\/10\/09\/laliga-pedri-le-da-la-victoria-al-barcelona-frente-a-un-celta-que-merecio-mas\/#breadcrumb"},"inLanguage":"es","potentialAction":[{"@type":"ReadAction","target":["https:\/\/digital58.com.ve\/site\/2022\/10\/09\/laliga-pedri-le-da-la-victoria-al-barcelona-frente-a-un-celta-que-merecio-mas\/"]}]},{"@type":"ImageObject","inLanguage":"es","@id":"https:\/\/digital58.com.ve\/site\/2022\/10\/09\/laliga-pedri-le-da-la-victoria-al-barcelona-frente-a-un-celta-que-merecio-mas\/#primaryimage","url":"https:\/\/digital58.com.ve\/site\/wp-content\/uploads\/2022\/10\/pedri-barcelona.jpg","contentUrl":"https:\/\/digital58.com.ve\/site\/wp-content\/uploads\/2022\/10\/pedri-barcelona.jpg","width":800,"height":533},{"@type":"BreadcrumbList","@id":"https:\/\/digital58.com.ve\/site\/2022\/10\/09\/laliga-pedri-le-da-la-victoria-al-barcelona-frente-a-un-celta-que-merecio-mas\/#breadcrumb","itemListElement":[{"@type":"ListItem","position":1,"name":"Home","item":"https:\/\/digital58.com.ve\/site\/"},{"@type":"ListItem","position":2,"name":"#LaLiga | Pedri le da la victoria al Barcelona frente a un Celta que mereci\u00f3 m\u00e1s"}]},{"@type":"WebSite","@id":"https:\/\/digital58.com.ve\/site\/#website","url":"https:\/\/digital58.com.ve\/site\/","name":"Noticias Digital58","description":"Portal de Noticias \u00a1Periodismo web de verdad! Lanzamiento web 22.11.2005 \/ Maracaibo, Venezuela","publisher":{"@id":"https:\/\/digital58.com.ve\/site\/#\/schema\/person\/64d1c2e4d0d4fd1b849980c4331c2951"},"alternateName":"ND58","potentialAction":[{"@type":"SearchAction","target":{"@type":"EntryPoint","urlTemplate":"https:\/\/digital58.com.ve\/site\/?s={search_term_string}"},"query-input":{"@type":"PropertyValueSpecification","valueRequired":true,"valueName":"search_term_string"}}],"inLanguage":"es"},{"@type":["Person","Organization"],"@id":"https:\/\/digital58.com.ve\/site\/#\/schema\/person\/64d1c2e4d0d4fd1b849980c4331c2951","name":"Villasmil Henry","image":{"@type":"ImageObject","inLanguage":"es","@id":"https:\/\/secure.gravatar.com\/avatar\/bb0c4a2fcb7970138239f7e404ea75757b1b507b28b5ce4c53fbd62d797c5a7c?s=96&d=mm&r=g","url":"https:\/\/secure.gravatar.com\/avatar\/bb0c4a2fcb7970138239f7e404ea75757b1b507b28b5ce4c53fbd62d797c5a7c?s=96&d=mm&r=g","contentUrl":"https:\/\/secure.gravatar.com\/avatar\/bb0c4a2fcb7970138239f7e404ea75757b1b507b28b5ce4c53fbd62d797c5a7c?s=96&d=mm&r=g","caption":"Villasmil Henry"},"logo":{"@id":"https:\/\/secure.gravatar.com\/avatar\/bb0c4a2fcb7970138239f7e404ea75757b1b507b28b5ce4c53fbd62d797c5a7c?s=96&d=mm&r=g"},"sameAs":["http:\/\/www.henryvillasmil.com.ve","https:\/\/www.instagram.com\/villasmilhfoto\/","https:\/\/x.com\/https:\/\/twitter.com\/villasmilhfoto"],"url":"https:\/\/digital58.com.ve\/site\/author\/droopy_68\/"}]}},"uagb_featured_image_src":{"full":["https:\/\/digital58.com.ve\/site\/wp-content\/uploads\/2022\/10\/pedri-barcelona.jpg",800,533,false],"thumbnail":["https:\/\/digital58.com.ve\/site\/wp-content\/uploads\/2022\/10\/pedri-barcelona-150x150.jpg",150,150,true],"medium":["https:\/\/digital58.com.ve\/site\/wp-content\/uploads\/2022\/10\/pedri-barcelona-300x200.jpg",300,200,true],"medium_large":["https:\/\/digital58.com.ve\/site\/wp-content\/uploads\/2022\/10\/pedri-barcelona-768x512.jpg",768,512,true],"large":["https:\/\/digital58.com.ve\/site\/wp-content\/uploads\/2022\/10\/pedri-barcelona.jpg",800,533,false],"1536x1536":["https:\/\/digital58.com.ve\/site\/wp-content\/uploads\/2022\/10\/pedri-barcelona.jpg",800,533,false],"2048x2048":["https:\/\/digital58.com.ve\/site\/wp-content\/uploads\/2022\/10\/pedri-barcelona.jpg",800,533,false],"colormag-highlighted-post":["https:\/\/digital58.com.ve\/site\/wp-content\/uploads\/2022\/10\/pedri-barcelona-392x272.jpg",392,272,true],"colormag-featured-post-medium":["https:\/\/digital58.com.ve\/site\/wp-content\/uploads\/2022\/10\/pedri-barcelona-390x205.jpg",390,205,true],"colormag-featured-post-small":["https:\/\/digital58.com.ve\/site\/wp-content\/uploads\/2022\/10\/pedri-barcelona-130x90.jpg",130,90,true],"colormag-featured-image":["https:\/\/digital58.com.ve\/site\/wp-content\/uploads\/2022\/10\/pedri-barcelona-800x445.jpg",800,445,true],"colormag-default-news":["https:\/\/digital58.com.ve\/site\/wp-content\/uploads\/2022\/10\/pedri-barcelona.jpg",150,100,false],"colormag-featured-image-large":["https:\/\/digital58.com.ve\/site\/wp-content\/uploads\/2022\/10\/pedri-barcelona.jpg",800,533,false]},"uagb_author_info":{"display_name":"Villasmil Henry","author_link":"https:\/\/digital58.com.ve\/site\/author\/droopy_68\/"},"uagb_comment_info":0,"uagb_excerpt":"Llegar\u00e1 l\u00edder el Bar\u00e7a al Bernabeu la pr\u00f3xima semana, pero con malas sensaciones. Barcelona, Espa\u00f1a, 09 de octubre de 2022","_links":{"self":[{"href":"https:\/\/digital58.com.ve\/site\/wp-json\/wp\/v2\/posts\/157382","targetHints":{"allow":["GET"]}}],"collection":[{"href":"https:\/\/digital58.com.ve\/site\/wp-json\/wp\/v2\/posts"}],"about":[{"href":"https:\/\/digital58.com.ve\/site\/wp-json\/wp\/v2\/types\/post"}],"author":[{"embeddable":true,"href":"https:\/\/digital58.com.ve\/site\/wp-json\/wp\/v2\/users\/1"}],"replies":[{"embeddable":true,"href":"https:\/\/digital58.com.ve\/site\/wp-json\/wp\/v2\/comments?post=157382"}],"version-history":[{"count":0,"href":"https:\/\/digital58.com.ve\/site\/wp-json\/wp\/v2\/posts\/157382\/revisions"}],"wp:featuredmedia":[{"embeddable":true,"href":"https:\/\/digital58.com.ve\/site\/wp-json\/wp\/v2\/media\/157383"}],"wp:attachment":[{"href":"https:\/\/digital58.com.ve\/site\/wp-json\/wp\/v2\/media?parent=157382"}],"wp:term":[{"taxonomy":"category","embeddable":true,"href":"https:\/\/digital58.com.ve\/site\/wp-json\/wp\/v2\/categories?post=157382"},{"taxonomy":"post_tag","embeddable":true,"href":"https:\/\/digital58.com.ve\/site\/wp-json\/wp\/v2\/tags?post=157382"}],"curies":[{"name":"wp","href":"https:\/\/api.w.org\/{rel}","templated":true}]}}