{"id":159237,"date":"2022-11-01T09:39:00","date_gmt":"2022-11-01T13:39:00","guid":{"rendered":"https:\/\/digital58.com.ve\/site\/?p=159237"},"modified":"2022-11-01T09:39:00","modified_gmt":"2022-11-01T13:39:00","slug":"venezuela-fiscalia-acusa-a-18-personas-por-amenazas-contra-el-estado","status":"publish","type":"post","link":"https:\/\/digital58.com.ve\/site\/2022\/11\/01\/venezuela-fiscalia-acusa-a-18-personas-por-amenazas-contra-el-estado\/","title":{"rendered":"#Venezuela | Fiscal\u00eda acusa a 18 personas por amenazas contra el Estado"},"content":{"rendered":"<p><a href=\"https:\/\/digital58.com.ve\/site\/wp-content\/uploads\/2020\/06\/Fiscal-General-de-la-Repu\u0301blica-designado-por-la-ANC-Tarek-William-Saab.-Foto-AVN..jpg\"><img loading=\"lazy\" decoding=\"async\" class=\"aligncenter size-full wp-image-108579\" src=\"https:\/\/digital58.com.ve\/site\/wp-content\/uploads\/2020\/06\/Fiscal-General-de-la-Repu\u0301blica-designado-por-la-ANC-Tarek-William-Saab.-Foto-AVN..jpg\" alt=\"\" width=\"800\" height=\"580\" srcset=\"https:\/\/digital58.com.ve\/site\/wp-content\/uploads\/2020\/06\/Fiscal-General-de-la-Repu\u0301blica-designado-por-la-ANC-Tarek-William-Saab.-Foto-AVN..jpg 800w, https:\/\/digital58.com.ve\/site\/wp-content\/uploads\/2020\/06\/Fiscal-General-de-la-Repu\u0301blica-designado-por-la-ANC-Tarek-William-Saab.-Foto-AVN.-300x218.jpg 300w, https:\/\/digital58.com.ve\/site\/wp-content\/uploads\/2020\/06\/Fiscal-General-de-la-Repu\u0301blica-designado-por-la-ANC-Tarek-William-Saab.-Foto-AVN.-768x557.jpg 768w\" sizes=\"auto, (max-width: 800px) 100vw, 800px\" \/><\/a><\/p>\n<p>Los se\u00f1alados, entre ellos 10 hombres y ocho mujeres, son presuntamente responsables de extorsi\u00f3n, terrorismo y asociaci\u00f3n para delinquir, se desconoce si estas personas ya fueron puestas bajo arresto o si hay una orden de captura contra ellas.<\/p>\n<p><strong>Caracas, Distrito Capital, Venezuela, 01 de noviembre de 2022 (ND58).-<\/strong> El fiscal general de Venezuela, Tarek William Saab, inform\u00f3 este lunes de las acusaciones contra 18 personas supuestamente relacionadas con unas amenazas de muerte proferidas, a trav\u00e9s de redes sociales, contra funcionarios policiales y del sistema de Justicia.<\/p>\n<p>\u00abLos fiscales (&#8230;) presentaron acusaci\u00f3n contra 18 miembros de la banda criminal de Oscar Guzm\u00e1n Chirinos, quien nos amenaz\u00f3 de muerte, as\u00ed como a funcionarios de organismos auxiliares de Justicia\u00bb, indic\u00f3 Saab a trav\u00e9s de Twitter.<\/p>\n<p>Los fiscales a cargo de la investigaci\u00f3n, prosigui\u00f3 Saab, trabajan junto a cuerpos policiales y militares en identificar otros integrantes de esta banda, a cuyo l\u00edder se le atribuye un perfil en la red social Instagram, en el que se publican fotograf\u00edas de granadas y rifles, as\u00ed como amenazas a funcionarios y empresarios.<\/p>\n<p>Uno de los mensajes que se puede leer en este perfil cita unas declaraciones de Saab en las que anunciaba investigaciones contra esta banda criminal. A modo de respuesta, el llamado \u00abconas01\u00bb asegura que a estos funcionarios \u00abse les viene el maldito desastre\u00bb.<\/p>\n<p>Por ello, el fiscal llam\u00f3 este lunes a denunciar esta cuenta en Instagram, al considerar que a trav\u00e9s de ella se est\u00e1 \u00abamenazando al Estado Venezolano\u00bb.<\/p>\n<p><strong>Redacci\u00f3n ND58 | Fuente: EFE<\/strong><br \/>\n<strong>Edici\u00f3n: Villasmil, Henry<\/strong><br \/>\n<strong>Gr\u00e1fica: Archivo<\/strong><\/p>\n<p>&nbsp;<\/p>\n<p>&nbsp;<\/p><div class=\"rnysd69f32e072caad\" ><p style=\"text-align: center;\"><a href=\"https:\/\/t.me\/noticiasdigital58\" target=\"_blank\" rel=\"noopener\"><img class=\"aligncenter size-full wp-image-125363\" src=\"https:\/\/digital58.com.ve\/site\/wp-content\/uploads\/2021\/04\/banner-telegram-web-2021.png\" alt=\"\" width=\"600\" height=\"90\" \/><\/a><\/p><\/div><style type=\"text\/css\">\r\n@media screen and (min-width: 1201px) {\r\n.rnysd69f32e072caad {\r\ndisplay: block;\r\n}\r\n}\r\n@media screen and (min-width: 993px) and (max-width: 1200px) {\r\n.rnysd69f32e072caad {\r\ndisplay: block;\r\n}\r\n}\r\n@media screen and (min-width: 769px) and (max-width: 992px) {\r\n.rnysd69f32e072caad {\r\ndisplay: block;\r\n}\r\n}\r\n@media screen and (min-width: 768px) and (max-width: 768px) {\r\n.rnysd69f32e072caad {\r\ndisplay: block;\r\n}\r\n}\r\n@media screen and (max-width: 767px) {\r\n.rnysd69f32e072caad {\r\ndisplay: block;\r\n}\r\n}\r\n<\/style>\r\n\n<p>&nbsp;<\/p>\n<div style=\"margin-top: 0px; margin-bottom: 0px;\" class=\"sharethis-inline-share-buttons\" ><\/div>","protected":false},"excerpt":{"rendered":"<p>Los se\u00f1alados, entre ellos 10 hombres y ocho mujeres, son presuntamente responsables de extorsi\u00f3n, terrorismo y asociaci\u00f3n para delinquir, se<\/p>\n","protected":false},"author":1,"featured_media":108579,"comment_status":"open","ping_status":"closed","sticky":false,"template":"","format":"standard","meta":{"colormag_page_container_layout":"default_layout","colormag_page_sidebar_layout":"default_layout","_uag_custom_page_level_css":"","footnotes":""},"categories":[16454],"tags":[29,28369,26061,27020,233,29640,13915],"class_list":["post-159237","post","type-post","status-publish","format-standard","has-post-thumbnail","hentry","category-venezuela","tag-caracas","tag-estado-venezolano","tag-fiscal-general","tag-fiscalia-general","tag-nacionales","tag-oscar-guzman-chirinos","tag-tarek-william-saab"],"yoast_head":"<!-- This site is optimized with the Yoast SEO plugin v27.5 - https:\/\/yoast.com\/product\/yoast-seo-wordpress\/ -->\n<title>#Venezuela | Fiscal\u00eda acusa a 18 personas por amenazas contra el Estado<\/title>\n<meta name=\"robots\" content=\"index, follow, max-snippet:-1, max-image-preview:large, max-video-preview:-1\" \/>\n<link rel=\"canonical\" href=\"https:\/\/digital58.com.ve\/site\/2022\/11\/01\/venezuela-fiscalia-acusa-a-18-personas-por-amenazas-contra-el-estado\/\" \/>\n<meta property=\"og:locale\" content=\"es_ES\" \/>\n<meta property=\"og:type\" content=\"article\" \/>\n<meta property=\"og:title\" content=\"#Venezuela | Fiscal\u00eda acusa a 18 personas por amenazas contra el Estado\" \/>\n<meta property=\"og:url\" content=\"https:\/\/digital58.com.ve\/site\/2022\/11\/01\/venezuela-fiscalia-acusa-a-18-personas-por-amenazas-contra-el-estado\/\" \/>\n<meta property=\"og:site_name\" content=\"Noticias Digital58\" \/>\n<meta property=\"article:published_time\" content=\"2022-11-01T13:39:00+00:00\" \/>\n<meta property=\"og:image\" content=\"https:\/\/i0.wp.com\/digital58.com.ve\/site\/wp-content\/uploads\/2020\/06\/Fiscal-General-de-la-Repu\u0301blica-designado-por-la-ANC-Tarek-William-Saab.-Foto-AVN..jpg?fit=800%2C580&ssl=1\" \/>\n\t<meta property=\"og:image:width\" content=\"800\" \/>\n\t<meta property=\"og:image:height\" content=\"580\" \/>\n\t<meta property=\"og:image:type\" content=\"image\/jpeg\" \/>\n<meta name=\"author\" content=\"Villasmil Henry\" \/>\n<meta name=\"twitter:card\" content=\"summary_large_image\" \/>\n<meta name=\"twitter:creator\" content=\"@https:\/\/twitter.com\/villasmilhfoto\" \/>\n<meta name=\"twitter:site\" content=\"@villasmilhfoto\" \/>\n<meta name=\"twitter:label1\" content=\"Escrito por\" \/>\n\t<meta name=\"twitter:data1\" content=\"Villasmil Henry\" \/>\n\t<meta name=\"twitter:label2\" content=\"Tiempo estimado de lectura\" \/>\n\t<meta name=\"twitter:data2\" content=\"1 minuto\" \/>\n<script type=\"application\/ld+json\" class=\"yoast-schema-graph\">{\"@context\":\"https:\\\/\\\/schema.org\",\"@graph\":[{\"@type\":\"Article\",\"@id\":\"https:\\\/\\\/digital58.com.ve\\\/site\\\/2022\\\/11\\\/01\\\/venezuela-fiscalia-acusa-a-18-personas-por-amenazas-contra-el-estado\\\/#article\",\"isPartOf\":{\"@id\":\"https:\\\/\\\/digital58.com.ve\\\/site\\\/2022\\\/11\\\/01\\\/venezuela-fiscalia-acusa-a-18-personas-por-amenazas-contra-el-estado\\\/\"},\"author\":{\"name\":\"Villasmil Henry\",\"@id\":\"https:\\\/\\\/digital58.com.ve\\\/site\\\/#\\\/schema\\\/person\\\/64d1c2e4d0d4fd1b849980c4331c2951\"},\"headline\":\"#Venezuela | Fiscal\u00eda acusa a 18 personas por amenazas contra el Estado\",\"datePublished\":\"2022-11-01T13:39:00+00:00\",\"mainEntityOfPage\":{\"@id\":\"https:\\\/\\\/digital58.com.ve\\\/site\\\/2022\\\/11\\\/01\\\/venezuela-fiscalia-acusa-a-18-personas-por-amenazas-contra-el-estado\\\/\"},\"wordCount\":276,\"commentCount\":0,\"publisher\":{\"@id\":\"https:\\\/\\\/digital58.com.ve\\\/site\\\/#\\\/schema\\\/person\\\/64d1c2e4d0d4fd1b849980c4331c2951\"},\"image\":{\"@id\":\"https:\\\/\\\/digital58.com.ve\\\/site\\\/2022\\\/11\\\/01\\\/venezuela-fiscalia-acusa-a-18-personas-por-amenazas-contra-el-estado\\\/#primaryimage\"},\"thumbnailUrl\":\"https:\\\/\\\/digital58.com.ve\\\/site\\\/wp-content\\\/uploads\\\/2020\\\/06\\\/Fiscal-General-de-la-Repu\u0301blica-designado-por-la-ANC-Tarek-William-Saab.-Foto-AVN..jpg\",\"keywords\":[\"Caracas\",\"Estado venezolano\",\"Fiscal general\",\"Fiscal\u00eda General\",\"Nacionales\",\"Oscar Guzm\u00e1n Chirinos\",\"Tarek William Saab\"],\"articleSection\":[\"Venezuela\"],\"inLanguage\":\"es\",\"potentialAction\":[{\"@type\":\"CommentAction\",\"name\":\"Comment\",\"target\":[\"https:\\\/\\\/digital58.com.ve\\\/site\\\/2022\\\/11\\\/01\\\/venezuela-fiscalia-acusa-a-18-personas-por-amenazas-contra-el-estado\\\/#respond\"]}]},{\"@type\":\"WebPage\",\"@id\":\"https:\\\/\\\/digital58.com.ve\\\/site\\\/2022\\\/11\\\/01\\\/venezuela-fiscalia-acusa-a-18-personas-por-amenazas-contra-el-estado\\\/\",\"url\":\"https:\\\/\\\/digital58.com.ve\\\/site\\\/2022\\\/11\\\/01\\\/venezuela-fiscalia-acusa-a-18-personas-por-amenazas-contra-el-estado\\\/\",\"name\":\"#Venezuela | Fiscal\u00eda acusa a 18 personas por amenazas contra el Estado\",\"isPartOf\":{\"@id\":\"https:\\\/\\\/digital58.com.ve\\\/site\\\/#website\"},\"primaryImageOfPage\":{\"@id\":\"https:\\\/\\\/digital58.com.ve\\\/site\\\/2022\\\/11\\\/01\\\/venezuela-fiscalia-acusa-a-18-personas-por-amenazas-contra-el-estado\\\/#primaryimage\"},\"image\":{\"@id\":\"https:\\\/\\\/digital58.com.ve\\\/site\\\/2022\\\/11\\\/01\\\/venezuela-fiscalia-acusa-a-18-personas-por-amenazas-contra-el-estado\\\/#primaryimage\"},\"thumbnailUrl\":\"https:\\\/\\\/digital58.com.ve\\\/site\\\/wp-content\\\/uploads\\\/2020\\\/06\\\/Fiscal-General-de-la-Repu\u0301blica-designado-por-la-ANC-Tarek-William-Saab.-Foto-AVN..jpg\",\"datePublished\":\"2022-11-01T13:39:00+00:00\",\"breadcrumb\":{\"@id\":\"https:\\\/\\\/digital58.com.ve\\\/site\\\/2022\\\/11\\\/01\\\/venezuela-fiscalia-acusa-a-18-personas-por-amenazas-contra-el-estado\\\/#breadcrumb\"},\"inLanguage\":\"es\",\"potentialAction\":[{\"@type\":\"ReadAction\",\"target\":[\"https:\\\/\\\/digital58.com.ve\\\/site\\\/2022\\\/11\\\/01\\\/venezuela-fiscalia-acusa-a-18-personas-por-amenazas-contra-el-estado\\\/\"]}]},{\"@type\":\"ImageObject\",\"inLanguage\":\"es\",\"@id\":\"https:\\\/\\\/digital58.com.ve\\\/site\\\/2022\\\/11\\\/01\\\/venezuela-fiscalia-acusa-a-18-personas-por-amenazas-contra-el-estado\\\/#primaryimage\",\"url\":\"https:\\\/\\\/digital58.com.ve\\\/site\\\/wp-content\\\/uploads\\\/2020\\\/06\\\/Fiscal-General-de-la-Repu\u0301blica-designado-por-la-ANC-Tarek-William-Saab.-Foto-AVN..jpg\",\"contentUrl\":\"https:\\\/\\\/digital58.com.ve\\\/site\\\/wp-content\\\/uploads\\\/2020\\\/06\\\/Fiscal-General-de-la-Repu\u0301blica-designado-por-la-ANC-Tarek-William-Saab.-Foto-AVN..jpg\",\"width\":800,\"height\":580},{\"@type\":\"BreadcrumbList\",\"@id\":\"https:\\\/\\\/digital58.com.ve\\\/site\\\/2022\\\/11\\\/01\\\/venezuela-fiscalia-acusa-a-18-personas-por-amenazas-contra-el-estado\\\/#breadcrumb\",\"itemListElement\":[{\"@type\":\"ListItem\",\"position\":1,\"name\":\"Home\",\"item\":\"https:\\\/\\\/digital58.com.ve\\\/site\\\/\"},{\"@type\":\"ListItem\",\"position\":2,\"name\":\"#Venezuela | Fiscal\u00eda acusa a 18 personas por amenazas contra el Estado\"}]},{\"@type\":\"WebSite\",\"@id\":\"https:\\\/\\\/digital58.com.ve\\\/site\\\/#website\",\"url\":\"https:\\\/\\\/digital58.com.ve\\\/site\\\/\",\"name\":\"Noticias Digital58\",\"description\":\"Portal de Noticias \u00a1Periodismo web de verdad! Lanzamiento web 22.11.2005 \\\/ Maracaibo, Venezuela\",\"publisher\":{\"@id\":\"https:\\\/\\\/digital58.com.ve\\\/site\\\/#\\\/schema\\\/person\\\/64d1c2e4d0d4fd1b849980c4331c2951\"},\"alternateName\":\"ND58\",\"potentialAction\":[{\"@type\":\"SearchAction\",\"target\":{\"@type\":\"EntryPoint\",\"urlTemplate\":\"https:\\\/\\\/digital58.com.ve\\\/site\\\/?s={search_term_string}\"},\"query-input\":{\"@type\":\"PropertyValueSpecification\",\"valueRequired\":true,\"valueName\":\"search_term_string\"}}],\"inLanguage\":\"es\"},{\"@type\":[\"Person\",\"Organization\"],\"@id\":\"https:\\\/\\\/digital58.com.ve\\\/site\\\/#\\\/schema\\\/person\\\/64d1c2e4d0d4fd1b849980c4331c2951\",\"name\":\"Villasmil Henry\",\"image\":{\"@type\":\"ImageObject\",\"inLanguage\":\"es\",\"@id\":\"https:\\\/\\\/secure.gravatar.com\\\/avatar\\\/bb0c4a2fcb7970138239f7e404ea75757b1b507b28b5ce4c53fbd62d797c5a7c?s=96&d=mm&r=g\",\"url\":\"https:\\\/\\\/secure.gravatar.com\\\/avatar\\\/bb0c4a2fcb7970138239f7e404ea75757b1b507b28b5ce4c53fbd62d797c5a7c?s=96&d=mm&r=g\",\"contentUrl\":\"https:\\\/\\\/secure.gravatar.com\\\/avatar\\\/bb0c4a2fcb7970138239f7e404ea75757b1b507b28b5ce4c53fbd62d797c5a7c?s=96&d=mm&r=g\",\"caption\":\"Villasmil Henry\"},\"logo\":{\"@id\":\"https:\\\/\\\/secure.gravatar.com\\\/avatar\\\/bb0c4a2fcb7970138239f7e404ea75757b1b507b28b5ce4c53fbd62d797c5a7c?s=96&d=mm&r=g\"},\"sameAs\":[\"http:\\\/\\\/www.henryvillasmil.com.ve\",\"https:\\\/\\\/www.instagram.com\\\/villasmilhfoto\\\/\",\"https:\\\/\\\/x.com\\\/https:\\\/\\\/twitter.com\\\/villasmilhfoto\"],\"url\":\"https:\\\/\\\/digital58.com.ve\\\/site\\\/author\\\/droopy_68\\\/\"}]}<\/script>\n<!-- \/ Yoast SEO plugin. -->","yoast_head_json":{"title":"#Venezuela | Fiscal\u00eda acusa a 18 personas por amenazas contra el Estado","robots":{"index":"index","follow":"follow","max-snippet":"max-snippet:-1","max-image-preview":"max-image-preview:large","max-video-preview":"max-video-preview:-1"},"canonical":"https:\/\/digital58.com.ve\/site\/2022\/11\/01\/venezuela-fiscalia-acusa-a-18-personas-por-amenazas-contra-el-estado\/","og_locale":"es_ES","og_type":"article","og_title":"#Venezuela | Fiscal\u00eda acusa a 18 personas por amenazas contra el Estado","og_url":"https:\/\/digital58.com.ve\/site\/2022\/11\/01\/venezuela-fiscalia-acusa-a-18-personas-por-amenazas-contra-el-estado\/","og_site_name":"Noticias Digital58","article_published_time":"2022-11-01T13:39:00+00:00","og_image":[{"width":800,"height":580,"url":"https:\/\/i0.wp.com\/digital58.com.ve\/site\/wp-content\/uploads\/2020\/06\/Fiscal-General-de-la-Repu\u0301blica-designado-por-la-ANC-Tarek-William-Saab.-Foto-AVN..jpg?fit=800%2C580&ssl=1","type":"image\/jpeg"}],"author":"Villasmil Henry","twitter_card":"summary_large_image","twitter_creator":"@https:\/\/twitter.com\/villasmilhfoto","twitter_site":"@villasmilhfoto","twitter_misc":{"Escrito por":"Villasmil Henry","Tiempo estimado de lectura":"1 minuto"},"schema":{"@context":"https:\/\/schema.org","@graph":[{"@type":"Article","@id":"https:\/\/digital58.com.ve\/site\/2022\/11\/01\/venezuela-fiscalia-acusa-a-18-personas-por-amenazas-contra-el-estado\/#article","isPartOf":{"@id":"https:\/\/digital58.com.ve\/site\/2022\/11\/01\/venezuela-fiscalia-acusa-a-18-personas-por-amenazas-contra-el-estado\/"},"author":{"name":"Villasmil Henry","@id":"https:\/\/digital58.com.ve\/site\/#\/schema\/person\/64d1c2e4d0d4fd1b849980c4331c2951"},"headline":"#Venezuela | Fiscal\u00eda acusa a 18 personas por amenazas contra el Estado","datePublished":"2022-11-01T13:39:00+00:00","mainEntityOfPage":{"@id":"https:\/\/digital58.com.ve\/site\/2022\/11\/01\/venezuela-fiscalia-acusa-a-18-personas-por-amenazas-contra-el-estado\/"},"wordCount":276,"commentCount":0,"publisher":{"@id":"https:\/\/digital58.com.ve\/site\/#\/schema\/person\/64d1c2e4d0d4fd1b849980c4331c2951"},"image":{"@id":"https:\/\/digital58.com.ve\/site\/2022\/11\/01\/venezuela-fiscalia-acusa-a-18-personas-por-amenazas-contra-el-estado\/#primaryimage"},"thumbnailUrl":"https:\/\/digital58.com.ve\/site\/wp-content\/uploads\/2020\/06\/Fiscal-General-de-la-Repu\u0301blica-designado-por-la-ANC-Tarek-William-Saab.-Foto-AVN..jpg","keywords":["Caracas","Estado venezolano","Fiscal general","Fiscal\u00eda General","Nacionales","Oscar Guzm\u00e1n Chirinos","Tarek William Saab"],"articleSection":["Venezuela"],"inLanguage":"es","potentialAction":[{"@type":"CommentAction","name":"Comment","target":["https:\/\/digital58.com.ve\/site\/2022\/11\/01\/venezuela-fiscalia-acusa-a-18-personas-por-amenazas-contra-el-estado\/#respond"]}]},{"@type":"WebPage","@id":"https:\/\/digital58.com.ve\/site\/2022\/11\/01\/venezuela-fiscalia-acusa-a-18-personas-por-amenazas-contra-el-estado\/","url":"https:\/\/digital58.com.ve\/site\/2022\/11\/01\/venezuela-fiscalia-acusa-a-18-personas-por-amenazas-contra-el-estado\/","name":"#Venezuela | Fiscal\u00eda acusa a 18 personas por amenazas contra el Estado","isPartOf":{"@id":"https:\/\/digital58.com.ve\/site\/#website"},"primaryImageOfPage":{"@id":"https:\/\/digital58.com.ve\/site\/2022\/11\/01\/venezuela-fiscalia-acusa-a-18-personas-por-amenazas-contra-el-estado\/#primaryimage"},"image":{"@id":"https:\/\/digital58.com.ve\/site\/2022\/11\/01\/venezuela-fiscalia-acusa-a-18-personas-por-amenazas-contra-el-estado\/#primaryimage"},"thumbnailUrl":"https:\/\/digital58.com.ve\/site\/wp-content\/uploads\/2020\/06\/Fiscal-General-de-la-Repu\u0301blica-designado-por-la-ANC-Tarek-William-Saab.-Foto-AVN..jpg","datePublished":"2022-11-01T13:39:00+00:00","breadcrumb":{"@id":"https:\/\/digital58.com.ve\/site\/2022\/11\/01\/venezuela-fiscalia-acusa-a-18-personas-por-amenazas-contra-el-estado\/#breadcrumb"},"inLanguage":"es","potentialAction":[{"@type":"ReadAction","target":["https:\/\/digital58.com.ve\/site\/2022\/11\/01\/venezuela-fiscalia-acusa-a-18-personas-por-amenazas-contra-el-estado\/"]}]},{"@type":"ImageObject","inLanguage":"es","@id":"https:\/\/digital58.com.ve\/site\/2022\/11\/01\/venezuela-fiscalia-acusa-a-18-personas-por-amenazas-contra-el-estado\/#primaryimage","url":"https:\/\/digital58.com.ve\/site\/wp-content\/uploads\/2020\/06\/Fiscal-General-de-la-Repu\u0301blica-designado-por-la-ANC-Tarek-William-Saab.-Foto-AVN..jpg","contentUrl":"https:\/\/digital58.com.ve\/site\/wp-content\/uploads\/2020\/06\/Fiscal-General-de-la-Repu\u0301blica-designado-por-la-ANC-Tarek-William-Saab.-Foto-AVN..jpg","width":800,"height":580},{"@type":"BreadcrumbList","@id":"https:\/\/digital58.com.ve\/site\/2022\/11\/01\/venezuela-fiscalia-acusa-a-18-personas-por-amenazas-contra-el-estado\/#breadcrumb","itemListElement":[{"@type":"ListItem","position":1,"name":"Home","item":"https:\/\/digital58.com.ve\/site\/"},{"@type":"ListItem","position":2,"name":"#Venezuela | Fiscal\u00eda acusa a 18 personas por amenazas contra el Estado"}]},{"@type":"WebSite","@id":"https:\/\/digital58.com.ve\/site\/#website","url":"https:\/\/digital58.com.ve\/site\/","name":"Noticias Digital58","description":"Portal de Noticias \u00a1Periodismo web de verdad! Lanzamiento web 22.11.2005 \/ Maracaibo, Venezuela","publisher":{"@id":"https:\/\/digital58.com.ve\/site\/#\/schema\/person\/64d1c2e4d0d4fd1b849980c4331c2951"},"alternateName":"ND58","potentialAction":[{"@type":"SearchAction","target":{"@type":"EntryPoint","urlTemplate":"https:\/\/digital58.com.ve\/site\/?s={search_term_string}"},"query-input":{"@type":"PropertyValueSpecification","valueRequired":true,"valueName":"search_term_string"}}],"inLanguage":"es"},{"@type":["Person","Organization"],"@id":"https:\/\/digital58.com.ve\/site\/#\/schema\/person\/64d1c2e4d0d4fd1b849980c4331c2951","name":"Villasmil Henry","image":{"@type":"ImageObject","inLanguage":"es","@id":"https:\/\/secure.gravatar.com\/avatar\/bb0c4a2fcb7970138239f7e404ea75757b1b507b28b5ce4c53fbd62d797c5a7c?s=96&d=mm&r=g","url":"https:\/\/secure.gravatar.com\/avatar\/bb0c4a2fcb7970138239f7e404ea75757b1b507b28b5ce4c53fbd62d797c5a7c?s=96&d=mm&r=g","contentUrl":"https:\/\/secure.gravatar.com\/avatar\/bb0c4a2fcb7970138239f7e404ea75757b1b507b28b5ce4c53fbd62d797c5a7c?s=96&d=mm&r=g","caption":"Villasmil Henry"},"logo":{"@id":"https:\/\/secure.gravatar.com\/avatar\/bb0c4a2fcb7970138239f7e404ea75757b1b507b28b5ce4c53fbd62d797c5a7c?s=96&d=mm&r=g"},"sameAs":["http:\/\/www.henryvillasmil.com.ve","https:\/\/www.instagram.com\/villasmilhfoto\/","https:\/\/x.com\/https:\/\/twitter.com\/villasmilhfoto"],"url":"https:\/\/digital58.com.ve\/site\/author\/droopy_68\/"}]}},"uagb_featured_image_src":{"full":["https:\/\/digital58.com.ve\/site\/wp-content\/uploads\/2020\/06\/Fiscal-General-de-la-Repu\u0301blica-designado-por-la-ANC-Tarek-William-Saab.-Foto-AVN..jpg",800,580,false],"thumbnail":["https:\/\/digital58.com.ve\/site\/wp-content\/uploads\/2020\/06\/Fiscal-General-de-la-Repu\u0301blica-designado-por-la-ANC-Tarek-William-Saab.-Foto-AVN.-150x150.jpg",150,150,true],"medium":["https:\/\/digital58.com.ve\/site\/wp-content\/uploads\/2020\/06\/Fiscal-General-de-la-Repu\u0301blica-designado-por-la-ANC-Tarek-William-Saab.-Foto-AVN.-300x218.jpg",300,218,true],"medium_large":["https:\/\/digital58.com.ve\/site\/wp-content\/uploads\/2020\/06\/Fiscal-General-de-la-Repu\u0301blica-designado-por-la-ANC-Tarek-William-Saab.-Foto-AVN.-768x557.jpg",768,557,true],"large":["https:\/\/digital58.com.ve\/site\/wp-content\/uploads\/2020\/06\/Fiscal-General-de-la-Repu\u0301blica-designado-por-la-ANC-Tarek-William-Saab.-Foto-AVN..jpg",800,580,false],"1536x1536":["https:\/\/digital58.com.ve\/site\/wp-content\/uploads\/2020\/06\/Fiscal-General-de-la-Repu\u0301blica-designado-por-la-ANC-Tarek-William-Saab.-Foto-AVN..jpg",800,580,false],"2048x2048":["https:\/\/digital58.com.ve\/site\/wp-content\/uploads\/2020\/06\/Fiscal-General-de-la-Repu\u0301blica-designado-por-la-ANC-Tarek-William-Saab.-Foto-AVN..jpg",800,580,false],"colormag-highlighted-post":["https:\/\/digital58.com.ve\/site\/wp-content\/uploads\/2020\/06\/Fiscal-General-de-la-Repu\u0301blica-designado-por-la-ANC-Tarek-William-Saab.-Foto-AVN..jpg",375,272,false],"colormag-featured-post-medium":["https:\/\/digital58.com.ve\/site\/wp-content\/uploads\/2020\/06\/Fiscal-General-de-la-Repu\u0301blica-designado-por-la-ANC-Tarek-William-Saab.-Foto-AVN..jpg",283,205,false],"colormag-featured-post-small":["https:\/\/digital58.com.ve\/site\/wp-content\/uploads\/2020\/06\/Fiscal-General-de-la-Repu\u0301blica-designado-por-la-ANC-Tarek-William-Saab.-Foto-AVN..jpg",124,90,false],"colormag-featured-image":["https:\/\/digital58.com.ve\/site\/wp-content\/uploads\/2020\/06\/Fiscal-General-de-la-Repu\u0301blica-designado-por-la-ANC-Tarek-William-Saab.-Foto-AVN..jpg",614,445,false],"colormag-default-news":["https:\/\/digital58.com.ve\/site\/wp-content\/uploads\/2020\/06\/Fiscal-General-de-la-Repu\u0301blica-designado-por-la-ANC-Tarek-William-Saab.-Foto-AVN..jpg",150,109,false],"colormag-featured-image-large":["https:\/\/digital58.com.ve\/site\/wp-content\/uploads\/2020\/06\/Fiscal-General-de-la-Repu\u0301blica-designado-por-la-ANC-Tarek-William-Saab.-Foto-AVN..jpg",800,580,false]},"uagb_author_info":{"display_name":"Villasmil Henry","author_link":"https:\/\/digital58.com.ve\/site\/author\/droopy_68\/"},"uagb_comment_info":0,"uagb_excerpt":"Los se\u00f1alados, entre ellos 10 hombres y ocho mujeres, son presuntamente responsables de extorsi\u00f3n, terrorismo y asociaci\u00f3n para delinquir, se","_links":{"self":[{"href":"https:\/\/digital58.com.ve\/site\/wp-json\/wp\/v2\/posts\/159237","targetHints":{"allow":["GET"]}}],"collection":[{"href":"https:\/\/digital58.com.ve\/site\/wp-json\/wp\/v2\/posts"}],"about":[{"href":"https:\/\/digital58.com.ve\/site\/wp-json\/wp\/v2\/types\/post"}],"author":[{"embeddable":true,"href":"https:\/\/digital58.com.ve\/site\/wp-json\/wp\/v2\/users\/1"}],"replies":[{"embeddable":true,"href":"https:\/\/digital58.com.ve\/site\/wp-json\/wp\/v2\/comments?post=159237"}],"version-history":[{"count":0,"href":"https:\/\/digital58.com.ve\/site\/wp-json\/wp\/v2\/posts\/159237\/revisions"}],"wp:featuredmedia":[{"embeddable":true,"href":"https:\/\/digital58.com.ve\/site\/wp-json\/wp\/v2\/media\/108579"}],"wp:attachment":[{"href":"https:\/\/digital58.com.ve\/site\/wp-json\/wp\/v2\/media?parent=159237"}],"wp:term":[{"taxonomy":"category","embeddable":true,"href":"https:\/\/digital58.com.ve\/site\/wp-json\/wp\/v2\/categories?post=159237"},{"taxonomy":"post_tag","embeddable":true,"href":"https:\/\/digital58.com.ve\/site\/wp-json\/wp\/v2\/tags?post=159237"}],"curies":[{"name":"wp","href":"https:\/\/api.w.org\/{rel}","templated":true}]}}