{"id":159350,"date":"2022-11-03T08:15:32","date_gmt":"2022-11-03T12:15:32","guid":{"rendered":"https:\/\/digital58.com.ve\/site\/?p=159350"},"modified":"2023-05-29T18:24:26","modified_gmt":"2023-05-29T22:24:26","slug":"periodista-alonso-moleiro-en-la-prensa-de-venezuela-hay-autocensura-y-calculo","status":"publish","type":"post","link":"https:\/\/digital58.com.ve\/site\/2022\/11\/03\/periodista-alonso-moleiro-en-la-prensa-de-venezuela-hay-autocensura-y-calculo\/","title":{"rendered":"Periodista Alonso Moleiro: \u00abEn la prensa de Venezuela \u00abhay autocensura y c\u00e1lculo\u00bb\u00bb"},"content":{"rendered":"<p><a href=\"https:\/\/digital58.com.ve\/site\/wp-content\/uploads\/2022\/11\/Alonso-Moleiro.jpg\"><img loading=\"lazy\" decoding=\"async\" class=\"aligncenter size-full wp-image-159351\" src=\"https:\/\/digital58.com.ve\/site\/wp-content\/uploads\/2022\/11\/Alonso-Moleiro.jpg\" alt=\"\" width=\"800\" height=\"522\" srcset=\"https:\/\/digital58.com.ve\/site\/wp-content\/uploads\/2022\/11\/Alonso-Moleiro.jpg 800w, https:\/\/digital58.com.ve\/site\/wp-content\/uploads\/2022\/11\/Alonso-Moleiro-300x196.jpg 300w, https:\/\/digital58.com.ve\/site\/wp-content\/uploads\/2022\/11\/Alonso-Moleiro-768x501.jpg 768w\" sizes=\"auto, (max-width: 800px) 100vw, 800px\" \/><\/a><\/p>\n<p>El comunicador social, corresponsal del diario espa\u00f1ol El Pa\u00eds en Caracas, celebra que al menos haya \u00abzonas donde a\u00fan se pueden hacer cosas\u00bb, aunque denuncia que varios medios han sufrido \u00abcierres de sus sedes\u00bb y han sido \u00abjudicializados\u00bb.<\/p>\n<p><strong>Espa\u00f1a, 03 de noviembre de 2022 (ND58).-<\/strong> El periodista venezolano Alonso Moleiro asegura que hay que \u00abtener cuidado\u00bb en Venezuela para hacer periodismo y que la prensa no puede tratar ciertos temas, como los relacionados con la \u00abcorrupci\u00f3n\u00bb del gobierno de Nicol\u00e1s Maduro, por lo que hay \u00abautocensura y c\u00e1lculo\u00bb.<\/p>\n<p>En una entrevista con EFE en Madrid, donde Moleiro est\u00e1 pasando un mes gracias al programa de acogida temporal de Reporteros Sin Fronteras, afirma que \u00abhay cosas de las que no se puede hablar\u00bb en radio y televisi\u00f3n, pero que en el pa\u00eds a\u00fan quedan periodistas \u00abdispuestos a seguir haciendo periodismo\u00bb.<\/p>\n<p>\u00abNo se puede hablar de la corrupci\u00f3n oficial, o de (los opositores) Juan Guaid\u00f3 o Leopoldo L\u00f3pez , te sacan del aire, a m\u00ed me sacaron, no me llevaron preso, pero es una l\u00ednea delgada porque el Gobierno te deja, pero un d\u00eda puede decidir ir a por ti\u00bb, cuenta.<\/p>\n<p>\u00abLos medios se han ido a las redes, tambi\u00e9n por la crisis de papel, al Nacional le quitaron la sede, lo judicializaron, todos los periodistas se fueron, muchos se fueron del pa\u00eds\u00bb, recuerda.<\/p>\n<p>Y a pesar de ello, advierte que tampoco las redes sociales son un espacio seguro: \u00abA\u00fan se da el debate pero es peligroso porque hay leyes de odio, el chavismo tiene un proceder que es progresivo y diferenciado, sabe disfrazarse de democracia\u00bb.<\/p>\n<p><strong>\u00abADMINISTRAR LO QUE DICES\u00bb<\/strong><\/p>\n<p>Moleiro confiesa que en el tiempo que lleva en Espa\u00f1a se ha dado cuenta de que ha de \u00abtener cuidado\u00bb cuando regrese a Venezuela a seguir trabajando y reconoce que \u00abuno es valiente sin darse cuenta\u00bb.<\/p>\n<p>En esa l\u00ednea, dice que informa \u00abde todo\u00bb con \u00ababsoluta claridad\u00bb, siempre \u00abcon mucha precisi\u00f3n\u00bb.<\/p>\n<p>\u00abHay que administrar con mucho cuidado lo que dices, hay varios periodistas que tuvieron que irse al extranjero, tocaron zonas de la corrupci\u00f3n del Gobierno, les ten\u00edan procedimientos judiciales para llevarlos a la c\u00e1rcel y las c\u00e1rceles venezolanas son una ratonera\u00bb, declara.<\/p>\n<p>As\u00ed, cree que para hacer periodismo independiente en el pa\u00eds \u00abhay que tener cuidado\u00bb y no \u00abpersonalizar\u00bb en ciertas figuras del Gobierno porque \u00abah\u00ed s\u00ed puedes tener un problema\u00bb.<\/p>\n<p>\u00abYo hablo con absoluta claridad, publico mis notas, tuiteo, tengo un espacio en las redes donde digo las cosas como las veo\u00bb, algo que seg\u00fan recuerda provoc\u00f3 que Maduro le \u00abse\u00f1alara p\u00fablicamente\u00bb y que le \u00absacaran\u00bb de su programa de radio.<\/p>\n<p><strong>LOS PERIODISTAS QUE QUEDAN<\/strong><\/p>\n<p>El comunicador subraya que en Venezuela, pese a las presiones, a\u00fan quedan periodistas haciendo una labor importante de informar a la poblaci\u00f3n, sobre todo a trav\u00e9s de p\u00e1ginas <em>webs<\/em>, que en muchos casos son \u00abbloqueadas\u00bb y tienen que consultarse con una conexi\u00f3n cifrada.<\/p>\n<p>En ese sentido, se refiere a la Alianza Rebelde, formada por varios medios digitales independientes, que cuenta con \u00abperiodistas dispuestos a seguir haciendo periodismo\u00bb.<\/p>\n<p>\u00abVenezuela tiene una red de periodistas de investigaci\u00f3n, adentro, que es peque\u00f1a, pero que se ha ganado premios y cuentan historias importantes\u00bb, se\u00f1ala.<\/p>\n<p>Y es que, seg\u00fan Moleiro, hacer periodismo en el pa\u00eds \u00abes dif\u00edcil\u00bb, pero \u00abquiz\u00e1 no tan dif\u00edcil como en otros pa\u00edses\u00bb de la regi\u00f3n que no cuentan con la atenci\u00f3n de la comunidad internacional, como es el caso de Nicaragua.<\/p>\n<p>El periodista agradece que se hable de la situaci\u00f3n de Venezuela (\u00ablo prefiero a que no se hable\u00bb, sostiene), pero considera que la son los propios venezolanos los que tienen la responsabilidad de sacar la cara por su pa\u00eds.<\/p>\n<p>\u00abLo que se pueda hacer desde Espa\u00f1a siempre ser\u00e1 interesante, pero el trabajo es nuestro, la responsabilidad es nuestra\u00bb, concluye.<\/p>\n<p><strong>Redacci\u00f3n ND58 | Fuente: EFE<\/strong><br \/>\n<strong>Edici\u00f3n: Villasmil, Henry<\/strong><br \/>\n<strong>Gr\u00e1fica: Archivo<\/strong><\/p>\n<p>&nbsp;<\/p>\n<p>&nbsp;<\/p>\n<p>&nbsp;<\/p><div class=\"opats69f3791f20171\" ><p style=\"text-align: center;\"><a href=\"https:\/\/t.me\/noticiasdigital58\" target=\"_blank\" rel=\"noopener\"><img class=\"aligncenter size-full wp-image-125363\" src=\"https:\/\/digital58.com.ve\/site\/wp-content\/uploads\/2021\/04\/banner-telegram-web-2021.png\" alt=\"\" width=\"600\" height=\"90\" \/><\/a><\/p><\/div><style type=\"text\/css\">\r\n@media screen and (min-width: 1201px) {\r\n.opats69f3791f20171 {\r\ndisplay: block;\r\n}\r\n}\r\n@media screen and (min-width: 993px) and (max-width: 1200px) {\r\n.opats69f3791f20171 {\r\ndisplay: block;\r\n}\r\n}\r\n@media screen and (min-width: 769px) and (max-width: 992px) {\r\n.opats69f3791f20171 {\r\ndisplay: block;\r\n}\r\n}\r\n@media screen and (min-width: 768px) and (max-width: 768px) {\r\n.opats69f3791f20171 {\r\ndisplay: block;\r\n}\r\n}\r\n@media screen and (max-width: 767px) {\r\n.opats69f3791f20171 {\r\ndisplay: block;\r\n}\r\n}\r\n<\/style>\r\n\n<p>&nbsp;<\/p>\n<div style=\"margin-top: 0px; margin-bottom: 0px;\" class=\"sharethis-inline-share-buttons\" ><\/div>","protected":false},"excerpt":{"rendered":"<p>El comunicador social, corresponsal del diario espa\u00f1ol El Pa\u00eds en Caracas, celebra que al menos haya \u00abzonas donde a\u00fan se<\/p>\n","protected":false},"author":1,"featured_media":159351,"comment_status":"open","ping_status":"closed","sticky":false,"template":"","format":"standard","meta":{"colormag_page_container_layout":"default_layout","colormag_page_sidebar_layout":"default_layout","_uag_custom_page_level_css":"","footnotes":""},"categories":[5402],"tags":[29701,534,29700,369,115,5863,511,3966,32],"class_list":["post-159350","post","type-post","status-publish","format-standard","has-post-thumbnail","hentry","category-deportes","tag-alonso-moleiro","tag-comunicador-social","tag-diario-el-pais","tag-entrevistas","tag-espana","tag-madrid","tag-medios-de-comunicacion","tag-periodistas","tag-venezuela"],"yoast_head":"<!-- This site is optimized with the Yoast SEO plugin v27.5 - https:\/\/yoast.com\/product\/yoast-seo-wordpress\/ -->\n<title>Periodista Alonso Moleiro: \u00abEn la prensa de Venezuela &quot;hay autocensura y c\u00e1lculo&quot;\u00bb<\/title>\n<meta name=\"robots\" content=\"index, follow, max-snippet:-1, max-image-preview:large, max-video-preview:-1\" \/>\n<link rel=\"canonical\" href=\"https:\/\/digital58.com.ve\/site\/2022\/11\/03\/periodista-alonso-moleiro-en-la-prensa-de-venezuela-hay-autocensura-y-calculo\/\" \/>\n<meta property=\"og:locale\" content=\"es_ES\" \/>\n<meta property=\"og:type\" content=\"article\" \/>\n<meta property=\"og:title\" content=\"Periodista Alonso Moleiro: \u00abEn la prensa de Venezuela &quot;hay autocensura y c\u00e1lculo&quot;\u00bb\" \/>\n<meta property=\"og:url\" content=\"https:\/\/digital58.com.ve\/site\/2022\/11\/03\/periodista-alonso-moleiro-en-la-prensa-de-venezuela-hay-autocensura-y-calculo\/\" \/>\n<meta property=\"og:site_name\" content=\"Noticias Digital58\" \/>\n<meta property=\"article:published_time\" content=\"2022-11-03T12:15:32+00:00\" \/>\n<meta property=\"article:modified_time\" content=\"2023-05-29T22:24:26+00:00\" \/>\n<meta property=\"og:image\" content=\"https:\/\/i0.wp.com\/digital58.com.ve\/site\/wp-content\/uploads\/2022\/11\/Alonso-Moleiro.jpg?fit=800%2C522&ssl=1\" \/>\n\t<meta property=\"og:image:width\" content=\"800\" \/>\n\t<meta property=\"og:image:height\" content=\"522\" \/>\n\t<meta property=\"og:image:type\" content=\"image\/jpeg\" \/>\n<meta name=\"author\" content=\"Villasmil Henry\" \/>\n<meta name=\"twitter:card\" content=\"summary_large_image\" \/>\n<meta name=\"twitter:creator\" content=\"@https:\/\/twitter.com\/villasmilhfoto\" \/>\n<meta name=\"twitter:site\" content=\"@villasmilhfoto\" \/>\n<meta name=\"twitter:label1\" content=\"Escrito por\" \/>\n\t<meta name=\"twitter:data1\" content=\"Villasmil Henry\" \/>\n\t<meta name=\"twitter:label2\" content=\"Tiempo estimado de lectura\" \/>\n\t<meta name=\"twitter:data2\" content=\"3 minutos\" \/>\n<script type=\"application\/ld+json\" class=\"yoast-schema-graph\">{\"@context\":\"https:\\\/\\\/schema.org\",\"@graph\":[{\"@type\":\"Article\",\"@id\":\"https:\\\/\\\/digital58.com.ve\\\/site\\\/2022\\\/11\\\/03\\\/periodista-alonso-moleiro-en-la-prensa-de-venezuela-hay-autocensura-y-calculo\\\/#article\",\"isPartOf\":{\"@id\":\"https:\\\/\\\/digital58.com.ve\\\/site\\\/2022\\\/11\\\/03\\\/periodista-alonso-moleiro-en-la-prensa-de-venezuela-hay-autocensura-y-calculo\\\/\"},\"author\":{\"name\":\"Villasmil Henry\",\"@id\":\"https:\\\/\\\/digital58.com.ve\\\/site\\\/#\\\/schema\\\/person\\\/64d1c2e4d0d4fd1b849980c4331c2951\"},\"headline\":\"Periodista Alonso Moleiro: \u00abEn la prensa de Venezuela \u00abhay autocensura y c\u00e1lculo\u00bb\u00bb\",\"datePublished\":\"2022-11-03T12:15:32+00:00\",\"dateModified\":\"2023-05-29T22:24:26+00:00\",\"mainEntityOfPage\":{\"@id\":\"https:\\\/\\\/digital58.com.ve\\\/site\\\/2022\\\/11\\\/03\\\/periodista-alonso-moleiro-en-la-prensa-de-venezuela-hay-autocensura-y-calculo\\\/\"},\"wordCount\":697,\"commentCount\":0,\"publisher\":{\"@id\":\"https:\\\/\\\/digital58.com.ve\\\/site\\\/#\\\/schema\\\/person\\\/64d1c2e4d0d4fd1b849980c4331c2951\"},\"image\":{\"@id\":\"https:\\\/\\\/digital58.com.ve\\\/site\\\/2022\\\/11\\\/03\\\/periodista-alonso-moleiro-en-la-prensa-de-venezuela-hay-autocensura-y-calculo\\\/#primaryimage\"},\"thumbnailUrl\":\"https:\\\/\\\/digital58.com.ve\\\/site\\\/wp-content\\\/uploads\\\/2022\\\/11\\\/Alonso-Moleiro.jpg\",\"keywords\":[\"Alonso Moleiro\",\"Comunicador social\",\"Diario El Pa\u00eds\",\"Entrevistas\",\"Espa\u00f1a\",\"Madrid\",\"Medios de Comunicaci\u00f3n\",\"Periodistas\",\"Venezuela\"],\"articleSection\":[\"Deportes\"],\"inLanguage\":\"es\",\"potentialAction\":[{\"@type\":\"CommentAction\",\"name\":\"Comment\",\"target\":[\"https:\\\/\\\/digital58.com.ve\\\/site\\\/2022\\\/11\\\/03\\\/periodista-alonso-moleiro-en-la-prensa-de-venezuela-hay-autocensura-y-calculo\\\/#respond\"]}]},{\"@type\":\"WebPage\",\"@id\":\"https:\\\/\\\/digital58.com.ve\\\/site\\\/2022\\\/11\\\/03\\\/periodista-alonso-moleiro-en-la-prensa-de-venezuela-hay-autocensura-y-calculo\\\/\",\"url\":\"https:\\\/\\\/digital58.com.ve\\\/site\\\/2022\\\/11\\\/03\\\/periodista-alonso-moleiro-en-la-prensa-de-venezuela-hay-autocensura-y-calculo\\\/\",\"name\":\"Periodista Alonso Moleiro: \u00abEn la prensa de Venezuela \\\"hay autocensura y c\u00e1lculo\\\"\u00bb\",\"isPartOf\":{\"@id\":\"https:\\\/\\\/digital58.com.ve\\\/site\\\/#website\"},\"primaryImageOfPage\":{\"@id\":\"https:\\\/\\\/digital58.com.ve\\\/site\\\/2022\\\/11\\\/03\\\/periodista-alonso-moleiro-en-la-prensa-de-venezuela-hay-autocensura-y-calculo\\\/#primaryimage\"},\"image\":{\"@id\":\"https:\\\/\\\/digital58.com.ve\\\/site\\\/2022\\\/11\\\/03\\\/periodista-alonso-moleiro-en-la-prensa-de-venezuela-hay-autocensura-y-calculo\\\/#primaryimage\"},\"thumbnailUrl\":\"https:\\\/\\\/digital58.com.ve\\\/site\\\/wp-content\\\/uploads\\\/2022\\\/11\\\/Alonso-Moleiro.jpg\",\"datePublished\":\"2022-11-03T12:15:32+00:00\",\"dateModified\":\"2023-05-29T22:24:26+00:00\",\"breadcrumb\":{\"@id\":\"https:\\\/\\\/digital58.com.ve\\\/site\\\/2022\\\/11\\\/03\\\/periodista-alonso-moleiro-en-la-prensa-de-venezuela-hay-autocensura-y-calculo\\\/#breadcrumb\"},\"inLanguage\":\"es\",\"potentialAction\":[{\"@type\":\"ReadAction\",\"target\":[\"https:\\\/\\\/digital58.com.ve\\\/site\\\/2022\\\/11\\\/03\\\/periodista-alonso-moleiro-en-la-prensa-de-venezuela-hay-autocensura-y-calculo\\\/\"]}]},{\"@type\":\"ImageObject\",\"inLanguage\":\"es\",\"@id\":\"https:\\\/\\\/digital58.com.ve\\\/site\\\/2022\\\/11\\\/03\\\/periodista-alonso-moleiro-en-la-prensa-de-venezuela-hay-autocensura-y-calculo\\\/#primaryimage\",\"url\":\"https:\\\/\\\/digital58.com.ve\\\/site\\\/wp-content\\\/uploads\\\/2022\\\/11\\\/Alonso-Moleiro.jpg\",\"contentUrl\":\"https:\\\/\\\/digital58.com.ve\\\/site\\\/wp-content\\\/uploads\\\/2022\\\/11\\\/Alonso-Moleiro.jpg\",\"width\":800,\"height\":522},{\"@type\":\"BreadcrumbList\",\"@id\":\"https:\\\/\\\/digital58.com.ve\\\/site\\\/2022\\\/11\\\/03\\\/periodista-alonso-moleiro-en-la-prensa-de-venezuela-hay-autocensura-y-calculo\\\/#breadcrumb\",\"itemListElement\":[{\"@type\":\"ListItem\",\"position\":1,\"name\":\"Home\",\"item\":\"https:\\\/\\\/digital58.com.ve\\\/site\\\/\"},{\"@type\":\"ListItem\",\"position\":2,\"name\":\"Periodista Alonso Moleiro: \u00abEn la prensa de Venezuela \u00abhay autocensura y c\u00e1lculo\u00bb\u00bb\"}]},{\"@type\":\"WebSite\",\"@id\":\"https:\\\/\\\/digital58.com.ve\\\/site\\\/#website\",\"url\":\"https:\\\/\\\/digital58.com.ve\\\/site\\\/\",\"name\":\"Noticias Digital58\",\"description\":\"Portal de Noticias \u00a1Periodismo web de verdad! Lanzamiento web 22.11.2005 \\\/ Maracaibo, Venezuela\",\"publisher\":{\"@id\":\"https:\\\/\\\/digital58.com.ve\\\/site\\\/#\\\/schema\\\/person\\\/64d1c2e4d0d4fd1b849980c4331c2951\"},\"alternateName\":\"ND58\",\"potentialAction\":[{\"@type\":\"SearchAction\",\"target\":{\"@type\":\"EntryPoint\",\"urlTemplate\":\"https:\\\/\\\/digital58.com.ve\\\/site\\\/?s={search_term_string}\"},\"query-input\":{\"@type\":\"PropertyValueSpecification\",\"valueRequired\":true,\"valueName\":\"search_term_string\"}}],\"inLanguage\":\"es\"},{\"@type\":[\"Person\",\"Organization\"],\"@id\":\"https:\\\/\\\/digital58.com.ve\\\/site\\\/#\\\/schema\\\/person\\\/64d1c2e4d0d4fd1b849980c4331c2951\",\"name\":\"Villasmil Henry\",\"image\":{\"@type\":\"ImageObject\",\"inLanguage\":\"es\",\"@id\":\"https:\\\/\\\/secure.gravatar.com\\\/avatar\\\/bb0c4a2fcb7970138239f7e404ea75757b1b507b28b5ce4c53fbd62d797c5a7c?s=96&d=mm&r=g\",\"url\":\"https:\\\/\\\/secure.gravatar.com\\\/avatar\\\/bb0c4a2fcb7970138239f7e404ea75757b1b507b28b5ce4c53fbd62d797c5a7c?s=96&d=mm&r=g\",\"contentUrl\":\"https:\\\/\\\/secure.gravatar.com\\\/avatar\\\/bb0c4a2fcb7970138239f7e404ea75757b1b507b28b5ce4c53fbd62d797c5a7c?s=96&d=mm&r=g\",\"caption\":\"Villasmil Henry\"},\"logo\":{\"@id\":\"https:\\\/\\\/secure.gravatar.com\\\/avatar\\\/bb0c4a2fcb7970138239f7e404ea75757b1b507b28b5ce4c53fbd62d797c5a7c?s=96&d=mm&r=g\"},\"sameAs\":[\"http:\\\/\\\/www.henryvillasmil.com.ve\",\"https:\\\/\\\/www.instagram.com\\\/villasmilhfoto\\\/\",\"https:\\\/\\\/x.com\\\/https:\\\/\\\/twitter.com\\\/villasmilhfoto\"],\"url\":\"https:\\\/\\\/digital58.com.ve\\\/site\\\/author\\\/droopy_68\\\/\"}]}<\/script>\n<!-- \/ Yoast SEO plugin. -->","yoast_head_json":{"title":"Periodista Alonso Moleiro: \u00abEn la prensa de Venezuela \"hay autocensura y c\u00e1lculo\"\u00bb","robots":{"index":"index","follow":"follow","max-snippet":"max-snippet:-1","max-image-preview":"max-image-preview:large","max-video-preview":"max-video-preview:-1"},"canonical":"https:\/\/digital58.com.ve\/site\/2022\/11\/03\/periodista-alonso-moleiro-en-la-prensa-de-venezuela-hay-autocensura-y-calculo\/","og_locale":"es_ES","og_type":"article","og_title":"Periodista Alonso Moleiro: \u00abEn la prensa de Venezuela \"hay autocensura y c\u00e1lculo\"\u00bb","og_url":"https:\/\/digital58.com.ve\/site\/2022\/11\/03\/periodista-alonso-moleiro-en-la-prensa-de-venezuela-hay-autocensura-y-calculo\/","og_site_name":"Noticias Digital58","article_published_time":"2022-11-03T12:15:32+00:00","article_modified_time":"2023-05-29T22:24:26+00:00","og_image":[{"width":800,"height":522,"url":"https:\/\/i0.wp.com\/digital58.com.ve\/site\/wp-content\/uploads\/2022\/11\/Alonso-Moleiro.jpg?fit=800%2C522&ssl=1","type":"image\/jpeg"}],"author":"Villasmil Henry","twitter_card":"summary_large_image","twitter_creator":"@https:\/\/twitter.com\/villasmilhfoto","twitter_site":"@villasmilhfoto","twitter_misc":{"Escrito por":"Villasmil Henry","Tiempo estimado de lectura":"3 minutos"},"schema":{"@context":"https:\/\/schema.org","@graph":[{"@type":"Article","@id":"https:\/\/digital58.com.ve\/site\/2022\/11\/03\/periodista-alonso-moleiro-en-la-prensa-de-venezuela-hay-autocensura-y-calculo\/#article","isPartOf":{"@id":"https:\/\/digital58.com.ve\/site\/2022\/11\/03\/periodista-alonso-moleiro-en-la-prensa-de-venezuela-hay-autocensura-y-calculo\/"},"author":{"name":"Villasmil Henry","@id":"https:\/\/digital58.com.ve\/site\/#\/schema\/person\/64d1c2e4d0d4fd1b849980c4331c2951"},"headline":"Periodista Alonso Moleiro: \u00abEn la prensa de Venezuela \u00abhay autocensura y c\u00e1lculo\u00bb\u00bb","datePublished":"2022-11-03T12:15:32+00:00","dateModified":"2023-05-29T22:24:26+00:00","mainEntityOfPage":{"@id":"https:\/\/digital58.com.ve\/site\/2022\/11\/03\/periodista-alonso-moleiro-en-la-prensa-de-venezuela-hay-autocensura-y-calculo\/"},"wordCount":697,"commentCount":0,"publisher":{"@id":"https:\/\/digital58.com.ve\/site\/#\/schema\/person\/64d1c2e4d0d4fd1b849980c4331c2951"},"image":{"@id":"https:\/\/digital58.com.ve\/site\/2022\/11\/03\/periodista-alonso-moleiro-en-la-prensa-de-venezuela-hay-autocensura-y-calculo\/#primaryimage"},"thumbnailUrl":"https:\/\/digital58.com.ve\/site\/wp-content\/uploads\/2022\/11\/Alonso-Moleiro.jpg","keywords":["Alonso Moleiro","Comunicador social","Diario El Pa\u00eds","Entrevistas","Espa\u00f1a","Madrid","Medios de Comunicaci\u00f3n","Periodistas","Venezuela"],"articleSection":["Deportes"],"inLanguage":"es","potentialAction":[{"@type":"CommentAction","name":"Comment","target":["https:\/\/digital58.com.ve\/site\/2022\/11\/03\/periodista-alonso-moleiro-en-la-prensa-de-venezuela-hay-autocensura-y-calculo\/#respond"]}]},{"@type":"WebPage","@id":"https:\/\/digital58.com.ve\/site\/2022\/11\/03\/periodista-alonso-moleiro-en-la-prensa-de-venezuela-hay-autocensura-y-calculo\/","url":"https:\/\/digital58.com.ve\/site\/2022\/11\/03\/periodista-alonso-moleiro-en-la-prensa-de-venezuela-hay-autocensura-y-calculo\/","name":"Periodista Alonso Moleiro: \u00abEn la prensa de Venezuela \"hay autocensura y c\u00e1lculo\"\u00bb","isPartOf":{"@id":"https:\/\/digital58.com.ve\/site\/#website"},"primaryImageOfPage":{"@id":"https:\/\/digital58.com.ve\/site\/2022\/11\/03\/periodista-alonso-moleiro-en-la-prensa-de-venezuela-hay-autocensura-y-calculo\/#primaryimage"},"image":{"@id":"https:\/\/digital58.com.ve\/site\/2022\/11\/03\/periodista-alonso-moleiro-en-la-prensa-de-venezuela-hay-autocensura-y-calculo\/#primaryimage"},"thumbnailUrl":"https:\/\/digital58.com.ve\/site\/wp-content\/uploads\/2022\/11\/Alonso-Moleiro.jpg","datePublished":"2022-11-03T12:15:32+00:00","dateModified":"2023-05-29T22:24:26+00:00","breadcrumb":{"@id":"https:\/\/digital58.com.ve\/site\/2022\/11\/03\/periodista-alonso-moleiro-en-la-prensa-de-venezuela-hay-autocensura-y-calculo\/#breadcrumb"},"inLanguage":"es","potentialAction":[{"@type":"ReadAction","target":["https:\/\/digital58.com.ve\/site\/2022\/11\/03\/periodista-alonso-moleiro-en-la-prensa-de-venezuela-hay-autocensura-y-calculo\/"]}]},{"@type":"ImageObject","inLanguage":"es","@id":"https:\/\/digital58.com.ve\/site\/2022\/11\/03\/periodista-alonso-moleiro-en-la-prensa-de-venezuela-hay-autocensura-y-calculo\/#primaryimage","url":"https:\/\/digital58.com.ve\/site\/wp-content\/uploads\/2022\/11\/Alonso-Moleiro.jpg","contentUrl":"https:\/\/digital58.com.ve\/site\/wp-content\/uploads\/2022\/11\/Alonso-Moleiro.jpg","width":800,"height":522},{"@type":"BreadcrumbList","@id":"https:\/\/digital58.com.ve\/site\/2022\/11\/03\/periodista-alonso-moleiro-en-la-prensa-de-venezuela-hay-autocensura-y-calculo\/#breadcrumb","itemListElement":[{"@type":"ListItem","position":1,"name":"Home","item":"https:\/\/digital58.com.ve\/site\/"},{"@type":"ListItem","position":2,"name":"Periodista Alonso Moleiro: \u00abEn la prensa de Venezuela \u00abhay autocensura y c\u00e1lculo\u00bb\u00bb"}]},{"@type":"WebSite","@id":"https:\/\/digital58.com.ve\/site\/#website","url":"https:\/\/digital58.com.ve\/site\/","name":"Noticias Digital58","description":"Portal de Noticias \u00a1Periodismo web de verdad! Lanzamiento web 22.11.2005 \/ Maracaibo, Venezuela","publisher":{"@id":"https:\/\/digital58.com.ve\/site\/#\/schema\/person\/64d1c2e4d0d4fd1b849980c4331c2951"},"alternateName":"ND58","potentialAction":[{"@type":"SearchAction","target":{"@type":"EntryPoint","urlTemplate":"https:\/\/digital58.com.ve\/site\/?s={search_term_string}"},"query-input":{"@type":"PropertyValueSpecification","valueRequired":true,"valueName":"search_term_string"}}],"inLanguage":"es"},{"@type":["Person","Organization"],"@id":"https:\/\/digital58.com.ve\/site\/#\/schema\/person\/64d1c2e4d0d4fd1b849980c4331c2951","name":"Villasmil Henry","image":{"@type":"ImageObject","inLanguage":"es","@id":"https:\/\/secure.gravatar.com\/avatar\/bb0c4a2fcb7970138239f7e404ea75757b1b507b28b5ce4c53fbd62d797c5a7c?s=96&d=mm&r=g","url":"https:\/\/secure.gravatar.com\/avatar\/bb0c4a2fcb7970138239f7e404ea75757b1b507b28b5ce4c53fbd62d797c5a7c?s=96&d=mm&r=g","contentUrl":"https:\/\/secure.gravatar.com\/avatar\/bb0c4a2fcb7970138239f7e404ea75757b1b507b28b5ce4c53fbd62d797c5a7c?s=96&d=mm&r=g","caption":"Villasmil Henry"},"logo":{"@id":"https:\/\/secure.gravatar.com\/avatar\/bb0c4a2fcb7970138239f7e404ea75757b1b507b28b5ce4c53fbd62d797c5a7c?s=96&d=mm&r=g"},"sameAs":["http:\/\/www.henryvillasmil.com.ve","https:\/\/www.instagram.com\/villasmilhfoto\/","https:\/\/x.com\/https:\/\/twitter.com\/villasmilhfoto"],"url":"https:\/\/digital58.com.ve\/site\/author\/droopy_68\/"}]}},"uagb_featured_image_src":{"full":["https:\/\/digital58.com.ve\/site\/wp-content\/uploads\/2022\/11\/Alonso-Moleiro.jpg",800,522,false],"thumbnail":["https:\/\/digital58.com.ve\/site\/wp-content\/uploads\/2022\/11\/Alonso-Moleiro-150x150.jpg",150,150,true],"medium":["https:\/\/digital58.com.ve\/site\/wp-content\/uploads\/2022\/11\/Alonso-Moleiro-300x196.jpg",300,196,true],"medium_large":["https:\/\/digital58.com.ve\/site\/wp-content\/uploads\/2022\/11\/Alonso-Moleiro-768x501.jpg",768,501,true],"large":["https:\/\/digital58.com.ve\/site\/wp-content\/uploads\/2022\/11\/Alonso-Moleiro.jpg",800,522,false],"1536x1536":["https:\/\/digital58.com.ve\/site\/wp-content\/uploads\/2022\/11\/Alonso-Moleiro.jpg",800,522,false],"2048x2048":["https:\/\/digital58.com.ve\/site\/wp-content\/uploads\/2022\/11\/Alonso-Moleiro.jpg",800,522,false],"colormag-highlighted-post":["https:\/\/digital58.com.ve\/site\/wp-content\/uploads\/2022\/11\/Alonso-Moleiro-392x272.jpg",392,272,true],"colormag-featured-post-medium":["https:\/\/digital58.com.ve\/site\/wp-content\/uploads\/2022\/11\/Alonso-Moleiro-390x205.jpg",390,205,true],"colormag-featured-post-small":["https:\/\/digital58.com.ve\/site\/wp-content\/uploads\/2022\/11\/Alonso-Moleiro-130x90.jpg",130,90,true],"colormag-featured-image":["https:\/\/digital58.com.ve\/site\/wp-content\/uploads\/2022\/11\/Alonso-Moleiro-800x445.jpg",800,445,true],"colormag-default-news":["https:\/\/digital58.com.ve\/site\/wp-content\/uploads\/2022\/11\/Alonso-Moleiro.jpg",150,98,false],"colormag-featured-image-large":["https:\/\/digital58.com.ve\/site\/wp-content\/uploads\/2022\/11\/Alonso-Moleiro.jpg",800,522,false]},"uagb_author_info":{"display_name":"Villasmil Henry","author_link":"https:\/\/digital58.com.ve\/site\/author\/droopy_68\/"},"uagb_comment_info":0,"uagb_excerpt":"El comunicador social, corresponsal del diario espa\u00f1ol El Pa\u00eds en Caracas, celebra que al menos haya \u00abzonas donde a\u00fan se","_links":{"self":[{"href":"https:\/\/digital58.com.ve\/site\/wp-json\/wp\/v2\/posts\/159350","targetHints":{"allow":["GET"]}}],"collection":[{"href":"https:\/\/digital58.com.ve\/site\/wp-json\/wp\/v2\/posts"}],"about":[{"href":"https:\/\/digital58.com.ve\/site\/wp-json\/wp\/v2\/types\/post"}],"author":[{"embeddable":true,"href":"https:\/\/digital58.com.ve\/site\/wp-json\/wp\/v2\/users\/1"}],"replies":[{"embeddable":true,"href":"https:\/\/digital58.com.ve\/site\/wp-json\/wp\/v2\/comments?post=159350"}],"version-history":[{"count":1,"href":"https:\/\/digital58.com.ve\/site\/wp-json\/wp\/v2\/posts\/159350\/revisions"}],"predecessor-version":[{"id":166982,"href":"https:\/\/digital58.com.ve\/site\/wp-json\/wp\/v2\/posts\/159350\/revisions\/166982"}],"wp:featuredmedia":[{"embeddable":true,"href":"https:\/\/digital58.com.ve\/site\/wp-json\/wp\/v2\/media\/159351"}],"wp:attachment":[{"href":"https:\/\/digital58.com.ve\/site\/wp-json\/wp\/v2\/media?parent=159350"}],"wp:term":[{"taxonomy":"category","embeddable":true,"href":"https:\/\/digital58.com.ve\/site\/wp-json\/wp\/v2\/categories?post=159350"},{"taxonomy":"post_tag","embeddable":true,"href":"https:\/\/digital58.com.ve\/site\/wp-json\/wp\/v2\/tags?post=159350"}],"curies":[{"name":"wp","href":"https:\/\/api.w.org\/{rel}","templated":true}]}}