{"id":159490,"date":"2022-11-04T09:50:07","date_gmt":"2022-11-04T13:50:07","guid":{"rendered":"https:\/\/digital58.com.ve\/site\/?p=159490"},"modified":"2022-11-04T10:41:07","modified_gmt":"2022-11-04T14:41:07","slug":"nelson-arrieta-el-grammy-no-me-quita-el-sueno-pero-quiero-llegar-a-esa-meta","status":"publish","type":"post","link":"https:\/\/digital58.com.ve\/site\/2022\/11\/04\/nelson-arrieta-el-grammy-no-me-quita-el-sueno-pero-quiero-llegar-a-esa-meta\/","title":{"rendered":"Nelson Arrieta \u00abel Grammy no me quita el sue\u00f1o, pero quiero llegar a esa meta\u00bb"},"content":{"rendered":"<p><img loading=\"lazy\" decoding=\"async\" class=\"alignnone size-full wp-image-159472\" src=\"https:\/\/digital58.com.ve\/site\/wp-content\/uploads\/2022\/11\/nelson-arrieta-02-11-22-4.jpg\" alt=\"\" width=\"800\" height=\"558\" srcset=\"https:\/\/digital58.com.ve\/site\/wp-content\/uploads\/2022\/11\/nelson-arrieta-02-11-22-4.jpg 800w, https:\/\/digital58.com.ve\/site\/wp-content\/uploads\/2022\/11\/nelson-arrieta-02-11-22-4-300x209.jpg 300w, https:\/\/digital58.com.ve\/site\/wp-content\/uploads\/2022\/11\/nelson-arrieta-02-11-22-4-768x536.jpg 768w, https:\/\/digital58.com.ve\/site\/wp-content\/uploads\/2022\/11\/nelson-arrieta-02-11-22-4-392x272.jpg 392w, https:\/\/digital58.com.ve\/site\/wp-content\/uploads\/2022\/11\/nelson-arrieta-02-11-22-4-130x90.jpg 130w\" sizes=\"auto, (max-width: 800px) 100vw, 800px\" \/><\/p>\n<p>La pandemia no permiti\u00f3 que el cantante se reuniera con su familia y no pudo despedirse de su mam\u00e1, dos a\u00f1os despu\u00e9s est\u00e1 de vuelta a su Maracaibo querido, para reencontrarse con sus afectos y el p\u00fablico que lo ha visto nacer y triunfar<\/p>\n<p><strong>Maracaibo, Zulia, Venezuela, 04 de noviembre de 2022 (ND58)- <a href=\"https:\/\/www.instagram.com\/p\/CkZUsK9gvSN\/\" target=\"_blank\" rel=\"noopener\">Nelson Arrieta<\/a><\/strong> se presenta esta noche en el Tibisay Hotel del Lago, como parte de gira internacional \u00abSolo por ti\u00bb y Maracaibo era una parada obligatoria en su cronograma de presentaciones.<\/p>\n<p>El artista est\u00e1 feliz porque \u00abDios me dio la oportunidad de tener este don cantar es lo m\u00e1s grande para m\u00ed. Siempre fue mi norte, desde chamito yo sab\u00eda que iba hacer esto y le doy gracias a Dios de vivir tambi\u00e9n cada momento porque he tenido altos y bajos como todos y para m\u00ed ha sido una gran experiencia\u00bb.<\/p>\n<p>El interprete de \u00abBesas tan bien\u00bb expres\u00f3 estar feliz por hacer lo que tanto ama hacer, el <em>tour<\/em> \u00abSolo por ti\u00bb la comenz\u00f3 el 28 de octubre en el Teresa Carre\u00f1o y es hasta el 31 de diciembre donde estar\u00e1 de nuevo en Venezuela cerr\u00e1ndola en Margarita.<\/p>\n<p>Algunas ciudades que visitar\u00e1 \u00e9l artistas son: Miami, Orlando, Houston, Dallas, Salt Lake City, Valencia, Madrid, Lima, Buenos Aires Santiago de Chile y posiblemente Uruguay, \u00abVamos a compartir con esos Venezolanos que est\u00e1n fuera del pa\u00eds y eso es uno de mis mejores logros poder llagar a cada colonia de venezolanos en el mundo y poco a poco vamos sumando mas ciudades\u00bb.<\/p>\n<p><img loading=\"lazy\" decoding=\"async\" class=\"alignnone size-full wp-image-159475\" src=\"https:\/\/digital58.com.ve\/site\/wp-content\/uploads\/2022\/11\/nelson-arrieta-02-11-22.jpg\" alt=\"\" width=\"800\" height=\"533\" srcset=\"https:\/\/digital58.com.ve\/site\/wp-content\/uploads\/2022\/11\/nelson-arrieta-02-11-22.jpg 800w, https:\/\/digital58.com.ve\/site\/wp-content\/uploads\/2022\/11\/nelson-arrieta-02-11-22-300x200.jpg 300w, https:\/\/digital58.com.ve\/site\/wp-content\/uploads\/2022\/11\/nelson-arrieta-02-11-22-768x512.jpg 768w\" sizes=\"auto, (max-width: 800px) 100vw, 800px\" \/><\/p>\n<p><strong>Zonas prohibidas<\/strong><\/p>\n<p>Su m\u00e1s reciente sencillo \u00abZonas prohibidas\u00bb sali\u00f3 hace poco al mercado musical. Esta canci\u00f3n la compuse junto a Ronald Borjas y Johan Morales quien tambi\u00e9n realizo la producci\u00f3n y los arreglos.<\/p>\n<p>\u00abEl video es un poco medio pol\u00e9mico pero lo enfocamos desde el punto de vista de diversi\u00f3n, hacerlo jocoso y m\u00e1s por el lado del humor y dejar que la gente lo interprete como quieran. Lo importante es disfrutarlo esta muy bien hecho, Alex Gal\u00e1n fue el director lo grabamos en Miami y fue un equipo t\u00e9cnico de puros zulianos\u00bb.<\/p>\n<div class=\"lyte-wrapper\" title=\"Zonas Prohibidas \ud83d\udd25 | Nelson Arrieta (Video Oficial)\" style=\"width:640px;max-width:100%;margin:5px auto;\"><div class=\"lyMe\" id=\"WYL_S8GmXZA2xok\" itemprop=\"video\" itemscope itemtype=\"https:\/\/schema.org\/VideoObject\"><div><meta itemprop=\"thumbnailUrl\" content=\"https:\/\/i.ytimg.com\/vi\/S8GmXZA2xok\/hqdefault.jpg\" \/><meta itemprop=\"embedURL\" content=\"https:\/\/www.youtube.com\/embed\/S8GmXZA2xok\" \/><meta itemprop=\"duration\" content=\"PT4M17S\" \/><meta itemprop=\"uploadDate\" content=\"2022-10-19T14:00:09Z\" \/><\/div><div id=\"lyte_S8GmXZA2xok\" data-src=\"https:\/\/i.ytimg.com\/vi\/S8GmXZA2xok\/hqdefault.jpg\" class=\"pL\"><div class=\"tC\"><div class=\"tT\" itemprop=\"name\">Zonas Prohibidas \ud83d\udd25 | Nelson Arrieta (Video Oficial)<\/div><\/div><div class=\"play\"><\/div><div class=\"ctrl\"><div class=\"Lctrl\"><\/div><div class=\"Rctrl\"><\/div><\/div><\/div><noscript><a href=\"https:\/\/youtu.be\/S8GmXZA2xok\" rel=\"nofollow\"><img loading=\"lazy\" decoding=\"async\" src=\"https:\/\/i.ytimg.com\/vi\/S8GmXZA2xok\/0.jpg\" alt=\"Zonas Prohibidas \ud83d\udd25 | Nelson Arrieta (Video Oficial)\" width=\"640\" height=\"340\" \/><br \/>Ver este video en YouTube<\/a><\/noscript><meta itemprop=\"description\" content=\"#NelsonArrieta #ZonasProhibidas Basado en hechos reales, &quot;Zonas Prohibidas&quot; es una canci\u00f3n del g\u00e9nero salsa que explica el sentimiento que genera una fuerte atracci\u00f3n hacia otra persona. Con una letra sensual y metaf\u00f3rica, el video &quot;Zonas Prohibidas&quot; da ganas de verlo, bailarlo, dedicarlo y comentarlo. Tiene desenlaces que seguramente generan tu atenci\u00f3n. Director: Alex Gal\u00e1n Productor General: Jes\u00fas Bar\u00f3n, Chui B Company Producci\u00f3n: Daniel P\u00e9rez para Alex Galan Films Casting Director: Mary M\u00e9ndez Vestuario: Mary M\u00e9ndez Make up: Ninoska Toyo Edici\u00f3n: Alex Gal\u00e1n, Jes\u00fas Bar\u00f3n ZONAS PROHIBIDAS L. y M. Nelson Arrieta, Johann Morales, Ronald Borjas Arreglos: Johann Morales Producci\u00f3n Musical: Johann Morales, Nelson Arrieta, Ronald Borjas Timbal: Adelmo Gauna Bong\u00f3: Nelson Arrieta Conga: Franklin \u201cKaky\u201d Ramos Trompeta: Roinel Vargas Tromb\u00f3n: Johan Escalante Saxo: Jos\u00e9 Oliveira Coros: Avelino Romero, Will Franco Mix &amp; Master Audio: Eduin &quot;Espuma&quot; Andrades Suscr\u00edbete al canal de Nelson Arrieta: https:\/\/www.youtube.com\/nelsonarrieta Escucha Zonas Prohibidas en: Spotify https:\/\/open.spotify.com\/album\/3uDqKUmM8VC40pkf4XjwIt Apple Music https:\/\/music.apple.com\/us\/album\/zonas-prohibidas-single\/1648044001?uo=4\"><\/div><\/div><div class=\"lL\" style=\"max-width:100%;width:640px;margin:5px auto;\"><\/div><\/p>\n<p><strong>Nelson y el Grammy\u00a0<\/strong><\/p>\n<p>Arrieta analiza cu\u00e1l seria el siguiente paso en su carrera profesional y el Grammy es algo que tiene en esa lista de metas por cumplir.<\/p>\n<p>\u00abEl Grammy no me quita el sue\u00f1o pero quiero llegar a esa meta. Ser reconocido, m\u00e1s que famoso y m\u00e1s que farandulero, que la gente sepa que de Venezuela de Maracaibo, de los Haticos de La Fundaci\u00f3n Mendoza hay un carajo que est\u00e1 haciendo m\u00fasica, (risas) No es por auto proclamarme pero hago la m\u00fasica que me sale que algo honesto y siempre pensando en el p\u00fablico\u00bb.<\/p>\n<p>Entre uno de los grandes deseos del maracaibero est\u00e1 realizar una colaboraci\u00f3n musical con Rub\u00e9n Blades. \u00abEl salsero, cantautor m\u00e1s admirado por m\u00ed. Con Gilberto (Santarosa) era uno de mis sue\u00f1os y ya se me cumpli\u00f3 estamos poco a poco d\u00e1ndole\u00a0 y espero que Dios me de vida y talento para seguir haciendo m\u00fasica y llegar a cumplir esos sue\u00f1os\u00bb.<\/p>\n<p><img loading=\"lazy\" decoding=\"async\" class=\"alignnone size-full wp-image-159473\" src=\"https:\/\/digital58.com.ve\/site\/wp-content\/uploads\/2022\/11\/nelson-arrieta-02-11-22-3.jpg\" alt=\"\" width=\"800\" height=\"533\" srcset=\"https:\/\/digital58.com.ve\/site\/wp-content\/uploads\/2022\/11\/nelson-arrieta-02-11-22-3.jpg 800w, https:\/\/digital58.com.ve\/site\/wp-content\/uploads\/2022\/11\/nelson-arrieta-02-11-22-3-300x200.jpg 300w, https:\/\/digital58.com.ve\/site\/wp-content\/uploads\/2022\/11\/nelson-arrieta-02-11-22-3-768x512.jpg 768w\" sizes=\"auto, (max-width: 800px) 100vw, 800px\" \/><\/p>\n<p><strong>Carrera en solitario<\/strong><\/p>\n<p>Despu\u00e9s de salir de Guaco estuvo \u00abun tiempo desaparecido\u00bb, porque ven\u00eda de formar parte de una maquinaria muy grande, no ten\u00eda ni siquiera un equipo de trabajo, ten\u00eda una banda, \u00abpero ese equipo que siempre le hace falta a un artista de log\u00edstica de que te lleven, que te pongan un norte una meta, estuve probando, probando hasta que consegu\u00ed a mi m\u00e1nager Jes\u00fas Bar\u00f3n desde el 2010 estamos trabajando juntos, y ya son 12 a\u00f1os como equipo\u00bb.<\/p>\n<p><a href=\"https:\/\/digital58.com.ve\/site\/wp-content\/uploads\/2022\/11\/nelson-arrieta-02-11-22-2.jpg\"><img loading=\"lazy\" decoding=\"async\" class=\"aligncenter size-full wp-image-159474\" src=\"https:\/\/digital58.com.ve\/site\/wp-content\/uploads\/2022\/11\/nelson-arrieta-02-11-22-2.jpg\" alt=\"\" width=\"800\" height=\"517\" srcset=\"https:\/\/digital58.com.ve\/site\/wp-content\/uploads\/2022\/11\/nelson-arrieta-02-11-22-2.jpg 800w, https:\/\/digital58.com.ve\/site\/wp-content\/uploads\/2022\/11\/nelson-arrieta-02-11-22-2-300x194.jpg 300w, https:\/\/digital58.com.ve\/site\/wp-content\/uploads\/2022\/11\/nelson-arrieta-02-11-22-2-768x496.jpg 768w\" sizes=\"auto, (max-width: 800px) 100vw, 800px\" \/><\/a><\/p>\n<p>Acot\u00f3 que Bar\u00f3n es nativo de Acarigua y dej\u00f3 su carrera como ingeniero en petr\u00f3leo por el mundo de la m\u00fasica.<\/p>\n<p>\u00abSiento un agradecimiento inmenso porque crey\u00f3 en mi y cada vez cree mas en mi, cada vez arriesga mas, invierte mas, est\u00e1 mas pendiente del trabajo porque estamos sembrando para cosechar y afortunadamente despu\u00e9s de tantos a\u00f1os de echarle pich\u00f3n \u20142003 comenz\u00f3 como solista\u2014 estamos viendo los frutos recibimos el cari\u00f1o de la gente en una escala mucho mayor\u00bb.<\/p>\n<p><strong><em>Tour<\/em> \u00abSolo por ti\u00bb fechas confirmadas en Venezuela:<\/strong><\/p>\n<p><strong>Maracaibo: <\/strong>04.11.22 \/ Hotel Tibisay del Lago<br \/>\n<strong>Puerto Ordaz:<\/strong> 12.11.22 \/ Centro Portugu\u00e9s<br \/>\n<strong>San Antonio de los Altos:<\/strong> 22.12.22 \/ Estacionamiento Caf\u00e9 Racer<br \/>\n<strong>Valencia:<\/strong> 27.12.22 \/ Wynwood Park<br \/>\n<strong>Margarita:<\/strong> 31.12.22 \/ Hotel Tibisay.<\/p>\n<p><strong>Redes sociales Nelson Arrieta: <a href=\"https:\/\/www.instagram.com\/p\/CkZUsK9gvSN\/\" target=\"_blank\" rel=\"noopener\">Instagram<\/a> \/ <a href=\"https:\/\/www.youtube.com\/channel\/UChjkTefo-abQuyszpOZI6fg\" target=\"_blank\" rel=\"noopener\">Youtube<\/a><\/strong><\/p>\n<p class=\"p1\"><b>Redacci\u00f3n ND58 | \u00c1\u00f1ez, Caren\u00a0<\/b><br \/>\n<b>Edici\u00f3n: Villasmil, Henry<\/b><br \/>\n<b>Gr\u00e1fica: @villasmilhfoto<\/b><\/p>\n<p>&nbsp;<\/p>\n<p>&nbsp;<\/p><div class=\"ytosx69f288ee2c2bc\" ><p style=\"text-align: center;\"><a href=\"https:\/\/t.me\/noticiasdigital58\" target=\"_blank\" rel=\"noopener\"><img class=\"aligncenter size-full wp-image-125363\" src=\"https:\/\/digital58.com.ve\/site\/wp-content\/uploads\/2021\/04\/banner-telegram-web-2021.png\" alt=\"\" width=\"600\" height=\"90\" \/><\/a><\/p><\/div><style type=\"text\/css\">\r\n@media screen and (min-width: 1201px) {\r\n.ytosx69f288ee2c2bc {\r\ndisplay: block;\r\n}\r\n}\r\n@media screen and (min-width: 993px) and (max-width: 1200px) {\r\n.ytosx69f288ee2c2bc {\r\ndisplay: block;\r\n}\r\n}\r\n@media screen and (min-width: 769px) and (max-width: 992px) {\r\n.ytosx69f288ee2c2bc {\r\ndisplay: block;\r\n}\r\n}\r\n@media screen and (min-width: 768px) and (max-width: 768px) {\r\n.ytosx69f288ee2c2bc {\r\ndisplay: block;\r\n}\r\n}\r\n@media screen and (max-width: 767px) {\r\n.ytosx69f288ee2c2bc {\r\ndisplay: block;\r\n}\r\n}\r\n<\/style>\r\n\n<p>&nbsp;<\/p>\n<div style=\"margin-top: 0px; margin-bottom: 0px;\" class=\"sharethis-inline-share-buttons\" ><\/div>","protected":false},"excerpt":{"rendered":"<p>La pandemia no permiti\u00f3 que el cantante se reuniera con su familia y no pudo despedirse de su mam\u00e1, dos<\/p>\n","protected":false},"author":39,"featured_media":159474,"comment_status":"open","ping_status":"closed","sticky":false,"template":"","format":"standard","meta":{"colormag_page_container_layout":"default_layout","colormag_page_sidebar_layout":"default_layout","_uag_custom_page_level_css":"","footnotes":""},"categories":[5412,5417,1],"tags":[78,50,273,23151,2642,11703,1623,61,233,5806,5592,29749,29748,2583,32],"class_list":["post-159490","post","type-post","status-publish","format-standard","has-post-thumbnail","hentry","category-donde_ir_maracaibo","category-conciertos","category-fama","tag-cantantes","tag-entretenimiento","tag-farandula","tag-genero-salsa","tag-guaco","tag-hotel-tibisay-del-lago","tag-isla-de-margarita","tag-musica","tag-nacionales","tag-nelson-arrieta","tag-puerto-ordaz","tag-san-antonio-de-los-altos","tag-tour-solo-por-ti","tag-valencia","tag-venezuela"],"yoast_head":"<!-- This site is optimized with the Yoast SEO plugin v27.5 - https:\/\/yoast.com\/product\/yoast-seo-wordpress\/ -->\n<title>Nelson Arrieta \u00abel Grammy no me quita el sue\u00f1o, pero quiero llegar a esa meta\u00bb<\/title>\n<meta name=\"robots\" content=\"index, follow, max-snippet:-1, max-image-preview:large, max-video-preview:-1\" \/>\n<link rel=\"canonical\" href=\"https:\/\/digital58.com.ve\/site\/2022\/11\/04\/nelson-arrieta-el-grammy-no-me-quita-el-sueno-pero-quiero-llegar-a-esa-meta\/\" \/>\n<meta property=\"og:locale\" content=\"es_ES\" \/>\n<meta property=\"og:type\" content=\"article\" \/>\n<meta property=\"og:title\" content=\"Nelson Arrieta \u00abel Grammy no me quita el sue\u00f1o, pero quiero llegar a esa meta\u00bb\" \/>\n<meta property=\"og:url\" content=\"https:\/\/digital58.com.ve\/site\/2022\/11\/04\/nelson-arrieta-el-grammy-no-me-quita-el-sueno-pero-quiero-llegar-a-esa-meta\/\" \/>\n<meta property=\"og:site_name\" content=\"Noticias Digital58\" \/>\n<meta property=\"article:published_time\" content=\"2022-11-04T13:50:07+00:00\" \/>\n<meta property=\"article:modified_time\" content=\"2022-11-04T14:41:07+00:00\" \/>\n<meta property=\"og:image\" content=\"https:\/\/i0.wp.com\/digital58.com.ve\/site\/wp-content\/uploads\/2022\/11\/nelson-arrieta-02-11-22-2.jpg?fit=800%2C517&ssl=1\" \/>\n\t<meta property=\"og:image:width\" content=\"800\" \/>\n\t<meta property=\"og:image:height\" content=\"517\" \/>\n\t<meta property=\"og:image:type\" content=\"image\/jpeg\" \/>\n<meta name=\"author\" content=\"Caren A\u00f1ez\" \/>\n<meta name=\"twitter:card\" content=\"summary_large_image\" \/>\n<meta name=\"twitter:creator\" content=\"@carenanez\" \/>\n<meta name=\"twitter:site\" content=\"@villasmilhfoto\" \/>\n<meta name=\"twitter:label1\" content=\"Escrito por\" \/>\n\t<meta name=\"twitter:data1\" content=\"Caren A\u00f1ez\" \/>\n\t<meta name=\"twitter:label2\" content=\"Tiempo estimado de lectura\" \/>\n\t<meta name=\"twitter:data2\" content=\"4 minutos\" \/>\n<script type=\"application\/ld+json\" class=\"yoast-schema-graph\">{\"@context\":\"https:\\\/\\\/schema.org\",\"@graph\":[{\"@type\":\"Article\",\"@id\":\"https:\\\/\\\/digital58.com.ve\\\/site\\\/2022\\\/11\\\/04\\\/nelson-arrieta-el-grammy-no-me-quita-el-sueno-pero-quiero-llegar-a-esa-meta\\\/#article\",\"isPartOf\":{\"@id\":\"https:\\\/\\\/digital58.com.ve\\\/site\\\/2022\\\/11\\\/04\\\/nelson-arrieta-el-grammy-no-me-quita-el-sueno-pero-quiero-llegar-a-esa-meta\\\/\"},\"author\":{\"name\":\"Caren A\u00f1ez\",\"@id\":\"https:\\\/\\\/digital58.com.ve\\\/site\\\/#\\\/schema\\\/person\\\/38596b127602deaa13fbcd7585635238\"},\"headline\":\"Nelson Arrieta \u00abel Grammy no me quita el sue\u00f1o, pero quiero llegar a esa meta\u00bb\",\"datePublished\":\"2022-11-04T13:50:07+00:00\",\"dateModified\":\"2022-11-04T14:41:07+00:00\",\"mainEntityOfPage\":{\"@id\":\"https:\\\/\\\/digital58.com.ve\\\/site\\\/2022\\\/11\\\/04\\\/nelson-arrieta-el-grammy-no-me-quita-el-sueno-pero-quiero-llegar-a-esa-meta\\\/\"},\"wordCount\":789,\"commentCount\":0,\"publisher\":{\"@id\":\"https:\\\/\\\/digital58.com.ve\\\/site\\\/#\\\/schema\\\/person\\\/64d1c2e4d0d4fd1b849980c4331c2951\"},\"image\":{\"@id\":\"https:\\\/\\\/digital58.com.ve\\\/site\\\/2022\\\/11\\\/04\\\/nelson-arrieta-el-grammy-no-me-quita-el-sueno-pero-quiero-llegar-a-esa-meta\\\/#primaryimage\"},\"thumbnailUrl\":\"https:\\\/\\\/digital58.com.ve\\\/site\\\/wp-content\\\/uploads\\\/2022\\\/11\\\/nelson-arrieta-02-11-22-2.jpg\",\"keywords\":[\"Cantantes\",\"Entretenimiento\",\"Far\u00e1ndula\",\"G\u00e9nero Salsa\",\"Guaco\",\"Hotel Tibisay del Lago\",\"Isla de Margarita\",\"M\u00fasica\",\"Nacionales\",\"Nelson Arrieta\",\"Puerto Ordaz\",\"San Antonio de los Altos\",\"Tour \u00abSolo por ti\u00bb\",\"Valencia\",\"Venezuela\"],\"articleSection\":[\"\u00bfD\u00f3nde ir Maracaibo?\",\"Conciertos\",\"Fama\"],\"inLanguage\":\"es\",\"potentialAction\":[{\"@type\":\"CommentAction\",\"name\":\"Comment\",\"target\":[\"https:\\\/\\\/digital58.com.ve\\\/site\\\/2022\\\/11\\\/04\\\/nelson-arrieta-el-grammy-no-me-quita-el-sueno-pero-quiero-llegar-a-esa-meta\\\/#respond\"]}]},{\"@type\":\"WebPage\",\"@id\":\"https:\\\/\\\/digital58.com.ve\\\/site\\\/2022\\\/11\\\/04\\\/nelson-arrieta-el-grammy-no-me-quita-el-sueno-pero-quiero-llegar-a-esa-meta\\\/\",\"url\":\"https:\\\/\\\/digital58.com.ve\\\/site\\\/2022\\\/11\\\/04\\\/nelson-arrieta-el-grammy-no-me-quita-el-sueno-pero-quiero-llegar-a-esa-meta\\\/\",\"name\":\"Nelson Arrieta \u00abel Grammy no me quita el sue\u00f1o, pero quiero llegar a esa meta\u00bb\",\"isPartOf\":{\"@id\":\"https:\\\/\\\/digital58.com.ve\\\/site\\\/#website\"},\"primaryImageOfPage\":{\"@id\":\"https:\\\/\\\/digital58.com.ve\\\/site\\\/2022\\\/11\\\/04\\\/nelson-arrieta-el-grammy-no-me-quita-el-sueno-pero-quiero-llegar-a-esa-meta\\\/#primaryimage\"},\"image\":{\"@id\":\"https:\\\/\\\/digital58.com.ve\\\/site\\\/2022\\\/11\\\/04\\\/nelson-arrieta-el-grammy-no-me-quita-el-sueno-pero-quiero-llegar-a-esa-meta\\\/#primaryimage\"},\"thumbnailUrl\":\"https:\\\/\\\/digital58.com.ve\\\/site\\\/wp-content\\\/uploads\\\/2022\\\/11\\\/nelson-arrieta-02-11-22-2.jpg\",\"datePublished\":\"2022-11-04T13:50:07+00:00\",\"dateModified\":\"2022-11-04T14:41:07+00:00\",\"breadcrumb\":{\"@id\":\"https:\\\/\\\/digital58.com.ve\\\/site\\\/2022\\\/11\\\/04\\\/nelson-arrieta-el-grammy-no-me-quita-el-sueno-pero-quiero-llegar-a-esa-meta\\\/#breadcrumb\"},\"inLanguage\":\"es\",\"potentialAction\":[{\"@type\":\"ReadAction\",\"target\":[\"https:\\\/\\\/digital58.com.ve\\\/site\\\/2022\\\/11\\\/04\\\/nelson-arrieta-el-grammy-no-me-quita-el-sueno-pero-quiero-llegar-a-esa-meta\\\/\"]}]},{\"@type\":\"ImageObject\",\"inLanguage\":\"es\",\"@id\":\"https:\\\/\\\/digital58.com.ve\\\/site\\\/2022\\\/11\\\/04\\\/nelson-arrieta-el-grammy-no-me-quita-el-sueno-pero-quiero-llegar-a-esa-meta\\\/#primaryimage\",\"url\":\"https:\\\/\\\/digital58.com.ve\\\/site\\\/wp-content\\\/uploads\\\/2022\\\/11\\\/nelson-arrieta-02-11-22-2.jpg\",\"contentUrl\":\"https:\\\/\\\/digital58.com.ve\\\/site\\\/wp-content\\\/uploads\\\/2022\\\/11\\\/nelson-arrieta-02-11-22-2.jpg\",\"width\":800,\"height\":517},{\"@type\":\"BreadcrumbList\",\"@id\":\"https:\\\/\\\/digital58.com.ve\\\/site\\\/2022\\\/11\\\/04\\\/nelson-arrieta-el-grammy-no-me-quita-el-sueno-pero-quiero-llegar-a-esa-meta\\\/#breadcrumb\",\"itemListElement\":[{\"@type\":\"ListItem\",\"position\":1,\"name\":\"Home\",\"item\":\"https:\\\/\\\/digital58.com.ve\\\/site\\\/\"},{\"@type\":\"ListItem\",\"position\":2,\"name\":\"Nelson Arrieta \u00abel Grammy no me quita el sue\u00f1o, pero quiero llegar a esa meta\u00bb\"}]},{\"@type\":\"WebSite\",\"@id\":\"https:\\\/\\\/digital58.com.ve\\\/site\\\/#website\",\"url\":\"https:\\\/\\\/digital58.com.ve\\\/site\\\/\",\"name\":\"Noticias Digital58\",\"description\":\"Portal de Noticias \u00a1Periodismo web de verdad! Lanzamiento web 22.11.2005 \\\/ Maracaibo, Venezuela\",\"publisher\":{\"@id\":\"https:\\\/\\\/digital58.com.ve\\\/site\\\/#\\\/schema\\\/person\\\/64d1c2e4d0d4fd1b849980c4331c2951\"},\"alternateName\":\"ND58\",\"potentialAction\":[{\"@type\":\"SearchAction\",\"target\":{\"@type\":\"EntryPoint\",\"urlTemplate\":\"https:\\\/\\\/digital58.com.ve\\\/site\\\/?s={search_term_string}\"},\"query-input\":{\"@type\":\"PropertyValueSpecification\",\"valueRequired\":true,\"valueName\":\"search_term_string\"}}],\"inLanguage\":\"es\"},{\"@type\":[\"Person\",\"Organization\"],\"@id\":\"https:\\\/\\\/digital58.com.ve\\\/site\\\/#\\\/schema\\\/person\\\/64d1c2e4d0d4fd1b849980c4331c2951\",\"name\":\"Villasmil Henry\",\"image\":{\"@type\":\"ImageObject\",\"inLanguage\":\"es\",\"@id\":\"https:\\\/\\\/secure.gravatar.com\\\/avatar\\\/bb0c4a2fcb7970138239f7e404ea75757b1b507b28b5ce4c53fbd62d797c5a7c?s=96&d=mm&r=g\",\"url\":\"https:\\\/\\\/secure.gravatar.com\\\/avatar\\\/bb0c4a2fcb7970138239f7e404ea75757b1b507b28b5ce4c53fbd62d797c5a7c?s=96&d=mm&r=g\",\"contentUrl\":\"https:\\\/\\\/secure.gravatar.com\\\/avatar\\\/bb0c4a2fcb7970138239f7e404ea75757b1b507b28b5ce4c53fbd62d797c5a7c?s=96&d=mm&r=g\",\"caption\":\"Villasmil Henry\"},\"logo\":{\"@id\":\"https:\\\/\\\/secure.gravatar.com\\\/avatar\\\/bb0c4a2fcb7970138239f7e404ea75757b1b507b28b5ce4c53fbd62d797c5a7c?s=96&d=mm&r=g\"},\"sameAs\":[\"http:\\\/\\\/www.henryvillasmil.com.ve\",\"https:\\\/\\\/www.instagram.com\\\/villasmilhfoto\\\/\",\"https:\\\/\\\/x.com\\\/https:\\\/\\\/twitter.com\\\/villasmilhfoto\"]},{\"@type\":\"Person\",\"@id\":\"https:\\\/\\\/digital58.com.ve\\\/site\\\/#\\\/schema\\\/person\\\/38596b127602deaa13fbcd7585635238\",\"name\":\"Caren A\u00f1ez\",\"image\":{\"@type\":\"ImageObject\",\"inLanguage\":\"es\",\"@id\":\"https:\\\/\\\/secure.gravatar.com\\\/avatar\\\/53aadd693aa414991c9ff2f2b19c39be94d2c342463b80f5402d344911bc9782?s=96&d=mm&r=g\",\"url\":\"https:\\\/\\\/secure.gravatar.com\\\/avatar\\\/53aadd693aa414991c9ff2f2b19c39be94d2c342463b80f5402d344911bc9782?s=96&d=mm&r=g\",\"contentUrl\":\"https:\\\/\\\/secure.gravatar.com\\\/avatar\\\/53aadd693aa414991c9ff2f2b19c39be94d2c342463b80f5402d344911bc9782?s=96&d=mm&r=g\",\"caption\":\"Caren A\u00f1ez\"},\"description\":\"\ud83d\udc69\u200d\ud83c\udfa4Editora en @digital_58 \ud83d\udc69\ud83c\udffb\u200d\ud83c\udfebPeriodista musical y de entretenimiento. \ud83d\udcf8Fotografa \ud83d\udc69\ud83c\udffb\u200d\ud83d\udcbbMedia Management. \ud83d\udc69\u200d\ud83d\udc67\u200d\ud83d\udc67AspieMon 24\\\/7\",\"sameAs\":[\"https:\\\/\\\/www.instagram.com\\\/carenanez\\\/\",\"https:\\\/\\\/x.com\\\/carenanez\"],\"url\":\"https:\\\/\\\/digital58.com.ve\\\/site\\\/author\\\/carena21\\\/\"}]}<\/script>\n<!-- \/ Yoast SEO plugin. -->","yoast_head_json":{"title":"Nelson Arrieta \u00abel Grammy no me quita el sue\u00f1o, pero quiero llegar a esa meta\u00bb","robots":{"index":"index","follow":"follow","max-snippet":"max-snippet:-1","max-image-preview":"max-image-preview:large","max-video-preview":"max-video-preview:-1"},"canonical":"https:\/\/digital58.com.ve\/site\/2022\/11\/04\/nelson-arrieta-el-grammy-no-me-quita-el-sueno-pero-quiero-llegar-a-esa-meta\/","og_locale":"es_ES","og_type":"article","og_title":"Nelson Arrieta \u00abel Grammy no me quita el sue\u00f1o, pero quiero llegar a esa meta\u00bb","og_url":"https:\/\/digital58.com.ve\/site\/2022\/11\/04\/nelson-arrieta-el-grammy-no-me-quita-el-sueno-pero-quiero-llegar-a-esa-meta\/","og_site_name":"Noticias Digital58","article_published_time":"2022-11-04T13:50:07+00:00","article_modified_time":"2022-11-04T14:41:07+00:00","og_image":[{"width":800,"height":517,"url":"https:\/\/i0.wp.com\/digital58.com.ve\/site\/wp-content\/uploads\/2022\/11\/nelson-arrieta-02-11-22-2.jpg?fit=800%2C517&ssl=1","type":"image\/jpeg"}],"author":"Caren A\u00f1ez","twitter_card":"summary_large_image","twitter_creator":"@carenanez","twitter_site":"@villasmilhfoto","twitter_misc":{"Escrito por":"Caren A\u00f1ez","Tiempo estimado de lectura":"4 minutos"},"schema":{"@context":"https:\/\/schema.org","@graph":[{"@type":"Article","@id":"https:\/\/digital58.com.ve\/site\/2022\/11\/04\/nelson-arrieta-el-grammy-no-me-quita-el-sueno-pero-quiero-llegar-a-esa-meta\/#article","isPartOf":{"@id":"https:\/\/digital58.com.ve\/site\/2022\/11\/04\/nelson-arrieta-el-grammy-no-me-quita-el-sueno-pero-quiero-llegar-a-esa-meta\/"},"author":{"name":"Caren A\u00f1ez","@id":"https:\/\/digital58.com.ve\/site\/#\/schema\/person\/38596b127602deaa13fbcd7585635238"},"headline":"Nelson Arrieta \u00abel Grammy no me quita el sue\u00f1o, pero quiero llegar a esa meta\u00bb","datePublished":"2022-11-04T13:50:07+00:00","dateModified":"2022-11-04T14:41:07+00:00","mainEntityOfPage":{"@id":"https:\/\/digital58.com.ve\/site\/2022\/11\/04\/nelson-arrieta-el-grammy-no-me-quita-el-sueno-pero-quiero-llegar-a-esa-meta\/"},"wordCount":789,"commentCount":0,"publisher":{"@id":"https:\/\/digital58.com.ve\/site\/#\/schema\/person\/64d1c2e4d0d4fd1b849980c4331c2951"},"image":{"@id":"https:\/\/digital58.com.ve\/site\/2022\/11\/04\/nelson-arrieta-el-grammy-no-me-quita-el-sueno-pero-quiero-llegar-a-esa-meta\/#primaryimage"},"thumbnailUrl":"https:\/\/digital58.com.ve\/site\/wp-content\/uploads\/2022\/11\/nelson-arrieta-02-11-22-2.jpg","keywords":["Cantantes","Entretenimiento","Far\u00e1ndula","G\u00e9nero Salsa","Guaco","Hotel Tibisay del Lago","Isla de Margarita","M\u00fasica","Nacionales","Nelson Arrieta","Puerto Ordaz","San Antonio de los Altos","Tour \u00abSolo por ti\u00bb","Valencia","Venezuela"],"articleSection":["\u00bfD\u00f3nde ir Maracaibo?","Conciertos","Fama"],"inLanguage":"es","potentialAction":[{"@type":"CommentAction","name":"Comment","target":["https:\/\/digital58.com.ve\/site\/2022\/11\/04\/nelson-arrieta-el-grammy-no-me-quita-el-sueno-pero-quiero-llegar-a-esa-meta\/#respond"]}]},{"@type":"WebPage","@id":"https:\/\/digital58.com.ve\/site\/2022\/11\/04\/nelson-arrieta-el-grammy-no-me-quita-el-sueno-pero-quiero-llegar-a-esa-meta\/","url":"https:\/\/digital58.com.ve\/site\/2022\/11\/04\/nelson-arrieta-el-grammy-no-me-quita-el-sueno-pero-quiero-llegar-a-esa-meta\/","name":"Nelson Arrieta \u00abel Grammy no me quita el sue\u00f1o, pero quiero llegar a esa meta\u00bb","isPartOf":{"@id":"https:\/\/digital58.com.ve\/site\/#website"},"primaryImageOfPage":{"@id":"https:\/\/digital58.com.ve\/site\/2022\/11\/04\/nelson-arrieta-el-grammy-no-me-quita-el-sueno-pero-quiero-llegar-a-esa-meta\/#primaryimage"},"image":{"@id":"https:\/\/digital58.com.ve\/site\/2022\/11\/04\/nelson-arrieta-el-grammy-no-me-quita-el-sueno-pero-quiero-llegar-a-esa-meta\/#primaryimage"},"thumbnailUrl":"https:\/\/digital58.com.ve\/site\/wp-content\/uploads\/2022\/11\/nelson-arrieta-02-11-22-2.jpg","datePublished":"2022-11-04T13:50:07+00:00","dateModified":"2022-11-04T14:41:07+00:00","breadcrumb":{"@id":"https:\/\/digital58.com.ve\/site\/2022\/11\/04\/nelson-arrieta-el-grammy-no-me-quita-el-sueno-pero-quiero-llegar-a-esa-meta\/#breadcrumb"},"inLanguage":"es","potentialAction":[{"@type":"ReadAction","target":["https:\/\/digital58.com.ve\/site\/2022\/11\/04\/nelson-arrieta-el-grammy-no-me-quita-el-sueno-pero-quiero-llegar-a-esa-meta\/"]}]},{"@type":"ImageObject","inLanguage":"es","@id":"https:\/\/digital58.com.ve\/site\/2022\/11\/04\/nelson-arrieta-el-grammy-no-me-quita-el-sueno-pero-quiero-llegar-a-esa-meta\/#primaryimage","url":"https:\/\/digital58.com.ve\/site\/wp-content\/uploads\/2022\/11\/nelson-arrieta-02-11-22-2.jpg","contentUrl":"https:\/\/digital58.com.ve\/site\/wp-content\/uploads\/2022\/11\/nelson-arrieta-02-11-22-2.jpg","width":800,"height":517},{"@type":"BreadcrumbList","@id":"https:\/\/digital58.com.ve\/site\/2022\/11\/04\/nelson-arrieta-el-grammy-no-me-quita-el-sueno-pero-quiero-llegar-a-esa-meta\/#breadcrumb","itemListElement":[{"@type":"ListItem","position":1,"name":"Home","item":"https:\/\/digital58.com.ve\/site\/"},{"@type":"ListItem","position":2,"name":"Nelson Arrieta \u00abel Grammy no me quita el sue\u00f1o, pero quiero llegar a esa meta\u00bb"}]},{"@type":"WebSite","@id":"https:\/\/digital58.com.ve\/site\/#website","url":"https:\/\/digital58.com.ve\/site\/","name":"Noticias Digital58","description":"Portal de Noticias \u00a1Periodismo web de verdad! Lanzamiento web 22.11.2005 \/ Maracaibo, Venezuela","publisher":{"@id":"https:\/\/digital58.com.ve\/site\/#\/schema\/person\/64d1c2e4d0d4fd1b849980c4331c2951"},"alternateName":"ND58","potentialAction":[{"@type":"SearchAction","target":{"@type":"EntryPoint","urlTemplate":"https:\/\/digital58.com.ve\/site\/?s={search_term_string}"},"query-input":{"@type":"PropertyValueSpecification","valueRequired":true,"valueName":"search_term_string"}}],"inLanguage":"es"},{"@type":["Person","Organization"],"@id":"https:\/\/digital58.com.ve\/site\/#\/schema\/person\/64d1c2e4d0d4fd1b849980c4331c2951","name":"Villasmil Henry","image":{"@type":"ImageObject","inLanguage":"es","@id":"https:\/\/secure.gravatar.com\/avatar\/bb0c4a2fcb7970138239f7e404ea75757b1b507b28b5ce4c53fbd62d797c5a7c?s=96&d=mm&r=g","url":"https:\/\/secure.gravatar.com\/avatar\/bb0c4a2fcb7970138239f7e404ea75757b1b507b28b5ce4c53fbd62d797c5a7c?s=96&d=mm&r=g","contentUrl":"https:\/\/secure.gravatar.com\/avatar\/bb0c4a2fcb7970138239f7e404ea75757b1b507b28b5ce4c53fbd62d797c5a7c?s=96&d=mm&r=g","caption":"Villasmil Henry"},"logo":{"@id":"https:\/\/secure.gravatar.com\/avatar\/bb0c4a2fcb7970138239f7e404ea75757b1b507b28b5ce4c53fbd62d797c5a7c?s=96&d=mm&r=g"},"sameAs":["http:\/\/www.henryvillasmil.com.ve","https:\/\/www.instagram.com\/villasmilhfoto\/","https:\/\/x.com\/https:\/\/twitter.com\/villasmilhfoto"]},{"@type":"Person","@id":"https:\/\/digital58.com.ve\/site\/#\/schema\/person\/38596b127602deaa13fbcd7585635238","name":"Caren A\u00f1ez","image":{"@type":"ImageObject","inLanguage":"es","@id":"https:\/\/secure.gravatar.com\/avatar\/53aadd693aa414991c9ff2f2b19c39be94d2c342463b80f5402d344911bc9782?s=96&d=mm&r=g","url":"https:\/\/secure.gravatar.com\/avatar\/53aadd693aa414991c9ff2f2b19c39be94d2c342463b80f5402d344911bc9782?s=96&d=mm&r=g","contentUrl":"https:\/\/secure.gravatar.com\/avatar\/53aadd693aa414991c9ff2f2b19c39be94d2c342463b80f5402d344911bc9782?s=96&d=mm&r=g","caption":"Caren A\u00f1ez"},"description":"\ud83d\udc69\u200d\ud83c\udfa4Editora en @digital_58 \ud83d\udc69\ud83c\udffb\u200d\ud83c\udfebPeriodista musical y de entretenimiento. \ud83d\udcf8Fotografa \ud83d\udc69\ud83c\udffb\u200d\ud83d\udcbbMedia Management. \ud83d\udc69\u200d\ud83d\udc67\u200d\ud83d\udc67AspieMon 24\/7","sameAs":["https:\/\/www.instagram.com\/carenanez\/","https:\/\/x.com\/carenanez"],"url":"https:\/\/digital58.com.ve\/site\/author\/carena21\/"}]}},"uagb_featured_image_src":{"full":["https:\/\/digital58.com.ve\/site\/wp-content\/uploads\/2022\/11\/nelson-arrieta-02-11-22-2.jpg",800,517,false],"thumbnail":["https:\/\/digital58.com.ve\/site\/wp-content\/uploads\/2022\/11\/nelson-arrieta-02-11-22-2-150x150.jpg",150,150,true],"medium":["https:\/\/digital58.com.ve\/site\/wp-content\/uploads\/2022\/11\/nelson-arrieta-02-11-22-2-300x194.jpg",300,194,true],"medium_large":["https:\/\/digital58.com.ve\/site\/wp-content\/uploads\/2022\/11\/nelson-arrieta-02-11-22-2-768x496.jpg",768,496,true],"large":["https:\/\/digital58.com.ve\/site\/wp-content\/uploads\/2022\/11\/nelson-arrieta-02-11-22-2.jpg",800,517,false],"1536x1536":["https:\/\/digital58.com.ve\/site\/wp-content\/uploads\/2022\/11\/nelson-arrieta-02-11-22-2.jpg",800,517,false],"2048x2048":["https:\/\/digital58.com.ve\/site\/wp-content\/uploads\/2022\/11\/nelson-arrieta-02-11-22-2.jpg",800,517,false],"colormag-highlighted-post":["https:\/\/digital58.com.ve\/site\/wp-content\/uploads\/2022\/11\/nelson-arrieta-02-11-22-2-392x272.jpg",392,272,true],"colormag-featured-post-medium":["https:\/\/digital58.com.ve\/site\/wp-content\/uploads\/2022\/11\/nelson-arrieta-02-11-22-2-390x205.jpg",390,205,true],"colormag-featured-post-small":["https:\/\/digital58.com.ve\/site\/wp-content\/uploads\/2022\/11\/nelson-arrieta-02-11-22-2-130x90.jpg",130,90,true],"colormag-featured-image":["https:\/\/digital58.com.ve\/site\/wp-content\/uploads\/2022\/11\/nelson-arrieta-02-11-22-2-800x445.jpg",800,445,true],"colormag-default-news":["https:\/\/digital58.com.ve\/site\/wp-content\/uploads\/2022\/11\/nelson-arrieta-02-11-22-2.jpg",150,97,false],"colormag-featured-image-large":["https:\/\/digital58.com.ve\/site\/wp-content\/uploads\/2022\/11\/nelson-arrieta-02-11-22-2.jpg",800,517,false]},"uagb_author_info":{"display_name":"Caren A\u00f1ez","author_link":"https:\/\/digital58.com.ve\/site\/author\/carena21\/"},"uagb_comment_info":0,"uagb_excerpt":"La pandemia no permiti\u00f3 que el cantante se reuniera con su familia y no pudo despedirse de su mam\u00e1, dos","_links":{"self":[{"href":"https:\/\/digital58.com.ve\/site\/wp-json\/wp\/v2\/posts\/159490","targetHints":{"allow":["GET"]}}],"collection":[{"href":"https:\/\/digital58.com.ve\/site\/wp-json\/wp\/v2\/posts"}],"about":[{"href":"https:\/\/digital58.com.ve\/site\/wp-json\/wp\/v2\/types\/post"}],"author":[{"embeddable":true,"href":"https:\/\/digital58.com.ve\/site\/wp-json\/wp\/v2\/users\/39"}],"replies":[{"embeddable":true,"href":"https:\/\/digital58.com.ve\/site\/wp-json\/wp\/v2\/comments?post=159490"}],"version-history":[{"count":0,"href":"https:\/\/digital58.com.ve\/site\/wp-json\/wp\/v2\/posts\/159490\/revisions"}],"wp:featuredmedia":[{"embeddable":true,"href":"https:\/\/digital58.com.ve\/site\/wp-json\/wp\/v2\/media\/159474"}],"wp:attachment":[{"href":"https:\/\/digital58.com.ve\/site\/wp-json\/wp\/v2\/media?parent=159490"}],"wp:term":[{"taxonomy":"category","embeddable":true,"href":"https:\/\/digital58.com.ve\/site\/wp-json\/wp\/v2\/categories?post=159490"},{"taxonomy":"post_tag","embeddable":true,"href":"https:\/\/digital58.com.ve\/site\/wp-json\/wp\/v2\/tags?post=159490"}],"curies":[{"name":"wp","href":"https:\/\/api.w.org\/{rel}","templated":true}]}}