{"id":160009,"date":"2022-11-17T16:15:04","date_gmt":"2022-11-17T20:15:04","guid":{"rendered":"https:\/\/digital58.com.ve\/site\/?p=160009"},"modified":"2022-11-18T22:01:22","modified_gmt":"2022-11-19T02:01:22","slug":"reina-de-la-feria-ofrenda-a-la-chiquinquira-manto-disenado-por-douglas-tapia","status":"publish","type":"post","link":"https:\/\/digital58.com.ve\/site\/2022\/11\/17\/reina-de-la-feria-ofrenda-a-la-chiquinquira-manto-disenado-por-douglas-tapia\/","title":{"rendered":"Reina de la Feria ofrenda a la Chiquinquir\u00e1 manto dise\u00f1ado por Douglas Tapia"},"content":{"rendered":"<p><img loading=\"lazy\" decoding=\"async\" class=\"aligncenter wp-image-160010 size-full\" src=\"https:\/\/digital58.com.ve\/site\/wp-content\/uploads\/2022\/11\/MANTO4.jpg\" alt=\"\" width=\"750\" height=\"600\" srcset=\"https:\/\/digital58.com.ve\/site\/wp-content\/uploads\/2022\/11\/MANTO4.jpg 750w, https:\/\/digital58.com.ve\/site\/wp-content\/uploads\/2022\/11\/MANTO4-300x240.jpg 300w\" sizes=\"auto, (max-width: 750px) 100vw, 750px\" \/><\/p>\n<p>La actual soberana \u00a0se convierte en la primera reina en ofrendar esta pieza d\u00edas despu\u00e9s de su elecci\u00f3n.<\/p>\n<p><strong>Maracaibo, Zulia, Venezuela, 17 de noviembre de 2022 (Noticias D58).-<\/strong> Angelesse D\u00edaz Naim, reina de la LVI Feria de la Chiquinquir\u00e1, y el dise\u00f1ador Douglas Tapia, director del reinado, ofrendaron en la Bas\u00edlica a la patrona de los zulianos, el manto con el que la joven fue coronada el pasado 1 de noviembre en el Centro Bellas Artes de Maracaibo.<\/p>\n<p>Con total desapego y profundo fervor mariano, la actual soberana \u00a0se convierte en la primera reina en ofrendar esta pieza d\u00edas despu\u00e9s de su elecci\u00f3n. La capa, dise\u00f1ada por Tapia, est\u00e1 elaborada en color azul turquesa, tiene una inmensa corona dorada bordada en cristales y brillantes que la hacen \u00fanica.<\/p>\n<p><img loading=\"lazy\" decoding=\"async\" class=\"aligncenter wp-image-160011 size-full\" src=\"https:\/\/digital58.com.ve\/site\/wp-content\/uploads\/2022\/11\/DOUGLAS-MANTO.jpg\" alt=\"\" width=\"329\" height=\"600\" srcset=\"https:\/\/digital58.com.ve\/site\/wp-content\/uploads\/2022\/11\/DOUGLAS-MANTO.jpg 329w, https:\/\/digital58.com.ve\/site\/wp-content\/uploads\/2022\/11\/DOUGLAS-MANTO-165x300.jpg 165w\" sizes=\"auto, (max-width: 329px) 100vw, 329px\" \/><\/p>\n<p>El\u00a0 p\u00e1rroco de la Bas\u00edlica,\u00a0 Nedward Andrade, recibi\u00f3 la ofrenda con muchas bendiciones\u00a0 y alegr\u00eda,\u00a0 colocando el manto en la sagrada tablita, visti\u00e9ndola de manera sutil.<\/p>\n<p>La labor de Angelesse, desde su coronaci\u00f3n, se enfoca en rescatar las tradiciones de la regi\u00f3n, aprovechando los recursos que tenemos en el estado. \u00abEstamos viviendo\u00a0 tiempos complejos, no solamente\u00a0 en nuestro pa\u00eds, sino a nivel mundial, mantener una sociedad con fe y valores en familia abre las puertas a nuestros sue\u00f1os, focaliz\u00e1ndonos hacia el \u00e9xito de nuestras expectativas. Si damos lo m\u00e1s bonito que tenemos dentro de nosotros, estoy segura que nuestra sociedad\u00a0 cambiaria\u00bb, dice la reina de la LVI Feria de la Chinita.<\/p>\n<p><img loading=\"lazy\" decoding=\"async\" class=\"aligncenter wp-image-160012 size-full\" src=\"https:\/\/digital58.com.ve\/site\/wp-content\/uploads\/2022\/11\/DOUGLAS-MANTO-3.jpg\" alt=\"\" width=\"750\" height=\"600\" srcset=\"https:\/\/digital58.com.ve\/site\/wp-content\/uploads\/2022\/11\/DOUGLAS-MANTO-3.jpg 750w, https:\/\/digital58.com.ve\/site\/wp-content\/uploads\/2022\/11\/DOUGLAS-MANTO-3-300x240.jpg 300w\" sizes=\"auto, (max-width: 750px) 100vw, 750px\" \/><\/p>\n<p>De esta manera, en todas las apariciones para las festividades de feria, nuestra reina estar\u00e1 vistiendo de humildad y belleza a trav\u00e9s de su ejemplo, la nueva imagen que la Alcald\u00eda de Maracaibo,\u00a0 gerenciada por Rafael Ram\u00edrez, busca transmitir. \u00abEstamos logrando el objetivo de rescatar la tradici\u00f3n con evoluci\u00f3n\u00bb, expresa el director del reinado, Douglas Tapia, demostrando que puede resaltar el orgullo zuliano mientras enaltece la belleza de la mujer.<\/p><div class=\"fbxrb69f42d05a6ae4\" ><p style=\"text-align: center;\"><a href=\"https:\/\/t.me\/noticiasdigital58\" target=\"_blank\" rel=\"noopener\"><img class=\"aligncenter size-full wp-image-125363\" src=\"https:\/\/digital58.com.ve\/site\/wp-content\/uploads\/2021\/04\/banner-telegram-web-2021.png\" alt=\"\" width=\"600\" height=\"90\" \/><\/a><\/p><\/div><style type=\"text\/css\">\r\n@media screen and (min-width: 1201px) {\r\n.fbxrb69f42d05a6ae4 {\r\ndisplay: block;\r\n}\r\n}\r\n@media screen and (min-width: 993px) and (max-width: 1200px) {\r\n.fbxrb69f42d05a6ae4 {\r\ndisplay: block;\r\n}\r\n}\r\n@media screen and (min-width: 769px) and (max-width: 992px) {\r\n.fbxrb69f42d05a6ae4 {\r\ndisplay: block;\r\n}\r\n}\r\n@media screen and (min-width: 768px) and (max-width: 768px) {\r\n.fbxrb69f42d05a6ae4 {\r\ndisplay: block;\r\n}\r\n}\r\n@media screen and (max-width: 767px) {\r\n.fbxrb69f42d05a6ae4 {\r\ndisplay: block;\r\n}\r\n}\r\n<\/style>\r\n\n<p><strong>Redacci\u00f3n con fuente: NDP<\/strong><br \/>\n<strong>Edici\u00f3n: Villasmil, Henry<\/strong><br \/>\n<strong>Gr\u00e1fica: cortes\u00eda<\/strong><\/p>\n<div style=\"margin-top: 0px; margin-bottom: 0px;\" class=\"sharethis-inline-share-buttons\" ><\/div>","protected":false},"excerpt":{"rendered":"<p>La actual soberana \u00a0se convierte en la primera reina en ofrendar esta pieza d\u00edas despu\u00e9s de su elecci\u00f3n. Maracaibo, Zulia,<\/p>\n","protected":false},"author":20,"featured_media":160015,"comment_status":"open","ping_status":"closed","sticky":false,"template":"","format":"standard","meta":{"colormag_page_container_layout":"default_layout","colormag_page_sidebar_layout":"default_layout","_uag_custom_page_level_css":"","footnotes":""},"categories":[1],"tags":[29833,3037,29834,73,383,233,2354,32,29571],"class_list":["post-160009","post","type-post","status-publish","format-standard","has-post-thumbnail","hentry","category-fama","tag-angelesse-diaz-naim","tag-douglas-tapia","tag-lvi-feria-de-la-chiquinquira","tag-maracaibo","tag-moda","tag-nacionales","tag-regionales","tag-venezuela","tag-virgen-de-chichinquira"],"yoast_head":"<!-- This site is optimized with the Yoast SEO plugin v27.5 - https:\/\/yoast.com\/product\/yoast-seo-wordpress\/ -->\n<title>Reina de la Feria ofrenda a la Chiquinquir\u00e1 manto dise\u00f1ado por Douglas Tapia<\/title>\n<meta name=\"robots\" content=\"index, follow, max-snippet:-1, max-image-preview:large, max-video-preview:-1\" \/>\n<link rel=\"canonical\" href=\"https:\/\/digital58.com.ve\/site\/2022\/11\/17\/reina-de-la-feria-ofrenda-a-la-chiquinquira-manto-disenado-por-douglas-tapia\/\" \/>\n<meta property=\"og:locale\" content=\"es_ES\" \/>\n<meta property=\"og:type\" content=\"article\" \/>\n<meta property=\"og:title\" content=\"Reina de la Feria ofrenda a la Chiquinquir\u00e1 manto dise\u00f1ado por Douglas Tapia\" \/>\n<meta property=\"og:url\" content=\"https:\/\/digital58.com.ve\/site\/2022\/11\/17\/reina-de-la-feria-ofrenda-a-la-chiquinquira-manto-disenado-por-douglas-tapia\/\" \/>\n<meta property=\"og:site_name\" content=\"Noticias Digital58\" \/>\n<meta property=\"article:published_time\" content=\"2022-11-17T20:15:04+00:00\" \/>\n<meta property=\"article:modified_time\" content=\"2022-11-19T02:01:22+00:00\" \/>\n<meta property=\"og:image\" content=\"https:\/\/i0.wp.com\/digital58.com.ve\/site\/wp-content\/uploads\/2022\/11\/DOUGLAS-MANTO-3-1.jpg?fit=750%2C600&ssl=1\" \/>\n\t<meta property=\"og:image:width\" content=\"750\" \/>\n\t<meta property=\"og:image:height\" content=\"600\" \/>\n\t<meta property=\"og:image:type\" content=\"image\/jpeg\" \/>\n<meta name=\"author\" content=\"Cana\u00e1n Nayib\" \/>\n<meta name=\"twitter:card\" content=\"summary_large_image\" \/>\n<meta name=\"twitter:creator\" content=\"@Digital_58\" \/>\n<meta name=\"twitter:site\" content=\"@villasmilhfoto\" \/>\n<meta name=\"twitter:label1\" content=\"Escrito por\" \/>\n\t<meta name=\"twitter:data1\" content=\"Cana\u00e1n Nayib\" \/>\n\t<meta name=\"twitter:label2\" content=\"Tiempo estimado de lectura\" \/>\n\t<meta name=\"twitter:data2\" content=\"2 minutos\" \/>\n<script type=\"application\/ld+json\" class=\"yoast-schema-graph\">{\"@context\":\"https:\\\/\\\/schema.org\",\"@graph\":[{\"@type\":\"Article\",\"@id\":\"https:\\\/\\\/digital58.com.ve\\\/site\\\/2022\\\/11\\\/17\\\/reina-de-la-feria-ofrenda-a-la-chiquinquira-manto-disenado-por-douglas-tapia\\\/#article\",\"isPartOf\":{\"@id\":\"https:\\\/\\\/digital58.com.ve\\\/site\\\/2022\\\/11\\\/17\\\/reina-de-la-feria-ofrenda-a-la-chiquinquira-manto-disenado-por-douglas-tapia\\\/\"},\"author\":{\"name\":\"Cana\u00e1n Nayib\",\"@id\":\"https:\\\/\\\/digital58.com.ve\\\/site\\\/#\\\/schema\\\/person\\\/730f125d3b753ef33fc78d403e3544bd\"},\"headline\":\"Reina de la Feria ofrenda a la Chiquinquir\u00e1 manto dise\u00f1ado por Douglas Tapia\",\"datePublished\":\"2022-11-17T20:15:04+00:00\",\"dateModified\":\"2022-11-19T02:01:22+00:00\",\"mainEntityOfPage\":{\"@id\":\"https:\\\/\\\/digital58.com.ve\\\/site\\\/2022\\\/11\\\/17\\\/reina-de-la-feria-ofrenda-a-la-chiquinquira-manto-disenado-por-douglas-tapia\\\/\"},\"wordCount\":359,\"commentCount\":0,\"publisher\":{\"@id\":\"https:\\\/\\\/digital58.com.ve\\\/site\\\/#\\\/schema\\\/person\\\/64d1c2e4d0d4fd1b849980c4331c2951\"},\"image\":{\"@id\":\"https:\\\/\\\/digital58.com.ve\\\/site\\\/2022\\\/11\\\/17\\\/reina-de-la-feria-ofrenda-a-la-chiquinquira-manto-disenado-por-douglas-tapia\\\/#primaryimage\"},\"thumbnailUrl\":\"https:\\\/\\\/digital58.com.ve\\\/site\\\/wp-content\\\/uploads\\\/2022\\\/11\\\/DOUGLAS-MANTO-3-1.jpg\",\"keywords\":[\"Angelesse D\u00edaz Naim\",\"Douglas Tapia\",\"LVI Feria de la Chiquinquir\u00e1\",\"Maracaibo\",\"Moda\",\"Nacionales\",\"Regionales\",\"Venezuela\",\"Virgen de Chichinquir\u00e1\"],\"articleSection\":[\"Fama\"],\"inLanguage\":\"es\",\"potentialAction\":[{\"@type\":\"CommentAction\",\"name\":\"Comment\",\"target\":[\"https:\\\/\\\/digital58.com.ve\\\/site\\\/2022\\\/11\\\/17\\\/reina-de-la-feria-ofrenda-a-la-chiquinquira-manto-disenado-por-douglas-tapia\\\/#respond\"]}]},{\"@type\":\"WebPage\",\"@id\":\"https:\\\/\\\/digital58.com.ve\\\/site\\\/2022\\\/11\\\/17\\\/reina-de-la-feria-ofrenda-a-la-chiquinquira-manto-disenado-por-douglas-tapia\\\/\",\"url\":\"https:\\\/\\\/digital58.com.ve\\\/site\\\/2022\\\/11\\\/17\\\/reina-de-la-feria-ofrenda-a-la-chiquinquira-manto-disenado-por-douglas-tapia\\\/\",\"name\":\"Reina de la Feria ofrenda a la Chiquinquir\u00e1 manto dise\u00f1ado por Douglas Tapia\",\"isPartOf\":{\"@id\":\"https:\\\/\\\/digital58.com.ve\\\/site\\\/#website\"},\"primaryImageOfPage\":{\"@id\":\"https:\\\/\\\/digital58.com.ve\\\/site\\\/2022\\\/11\\\/17\\\/reina-de-la-feria-ofrenda-a-la-chiquinquira-manto-disenado-por-douglas-tapia\\\/#primaryimage\"},\"image\":{\"@id\":\"https:\\\/\\\/digital58.com.ve\\\/site\\\/2022\\\/11\\\/17\\\/reina-de-la-feria-ofrenda-a-la-chiquinquira-manto-disenado-por-douglas-tapia\\\/#primaryimage\"},\"thumbnailUrl\":\"https:\\\/\\\/digital58.com.ve\\\/site\\\/wp-content\\\/uploads\\\/2022\\\/11\\\/DOUGLAS-MANTO-3-1.jpg\",\"datePublished\":\"2022-11-17T20:15:04+00:00\",\"dateModified\":\"2022-11-19T02:01:22+00:00\",\"breadcrumb\":{\"@id\":\"https:\\\/\\\/digital58.com.ve\\\/site\\\/2022\\\/11\\\/17\\\/reina-de-la-feria-ofrenda-a-la-chiquinquira-manto-disenado-por-douglas-tapia\\\/#breadcrumb\"},\"inLanguage\":\"es\",\"potentialAction\":[{\"@type\":\"ReadAction\",\"target\":[\"https:\\\/\\\/digital58.com.ve\\\/site\\\/2022\\\/11\\\/17\\\/reina-de-la-feria-ofrenda-a-la-chiquinquira-manto-disenado-por-douglas-tapia\\\/\"]}]},{\"@type\":\"ImageObject\",\"inLanguage\":\"es\",\"@id\":\"https:\\\/\\\/digital58.com.ve\\\/site\\\/2022\\\/11\\\/17\\\/reina-de-la-feria-ofrenda-a-la-chiquinquira-manto-disenado-por-douglas-tapia\\\/#primaryimage\",\"url\":\"https:\\\/\\\/digital58.com.ve\\\/site\\\/wp-content\\\/uploads\\\/2022\\\/11\\\/DOUGLAS-MANTO-3-1.jpg\",\"contentUrl\":\"https:\\\/\\\/digital58.com.ve\\\/site\\\/wp-content\\\/uploads\\\/2022\\\/11\\\/DOUGLAS-MANTO-3-1.jpg\",\"width\":750,\"height\":600},{\"@type\":\"BreadcrumbList\",\"@id\":\"https:\\\/\\\/digital58.com.ve\\\/site\\\/2022\\\/11\\\/17\\\/reina-de-la-feria-ofrenda-a-la-chiquinquira-manto-disenado-por-douglas-tapia\\\/#breadcrumb\",\"itemListElement\":[{\"@type\":\"ListItem\",\"position\":1,\"name\":\"Home\",\"item\":\"https:\\\/\\\/digital58.com.ve\\\/site\\\/\"},{\"@type\":\"ListItem\",\"position\":2,\"name\":\"Reina de la Feria ofrenda a la Chiquinquir\u00e1 manto dise\u00f1ado por Douglas Tapia\"}]},{\"@type\":\"WebSite\",\"@id\":\"https:\\\/\\\/digital58.com.ve\\\/site\\\/#website\",\"url\":\"https:\\\/\\\/digital58.com.ve\\\/site\\\/\",\"name\":\"Noticias Digital58\",\"description\":\"Portal de Noticias \u00a1Periodismo web de verdad! Lanzamiento web 22.11.2005 \\\/ Maracaibo, Venezuela\",\"publisher\":{\"@id\":\"https:\\\/\\\/digital58.com.ve\\\/site\\\/#\\\/schema\\\/person\\\/64d1c2e4d0d4fd1b849980c4331c2951\"},\"alternateName\":\"ND58\",\"potentialAction\":[{\"@type\":\"SearchAction\",\"target\":{\"@type\":\"EntryPoint\",\"urlTemplate\":\"https:\\\/\\\/digital58.com.ve\\\/site\\\/?s={search_term_string}\"},\"query-input\":{\"@type\":\"PropertyValueSpecification\",\"valueRequired\":true,\"valueName\":\"search_term_string\"}}],\"inLanguage\":\"es\"},{\"@type\":[\"Person\",\"Organization\"],\"@id\":\"https:\\\/\\\/digital58.com.ve\\\/site\\\/#\\\/schema\\\/person\\\/64d1c2e4d0d4fd1b849980c4331c2951\",\"name\":\"Villasmil Henry\",\"image\":{\"@type\":\"ImageObject\",\"inLanguage\":\"es\",\"@id\":\"https:\\\/\\\/secure.gravatar.com\\\/avatar\\\/bb0c4a2fcb7970138239f7e404ea75757b1b507b28b5ce4c53fbd62d797c5a7c?s=96&d=mm&r=g\",\"url\":\"https:\\\/\\\/secure.gravatar.com\\\/avatar\\\/bb0c4a2fcb7970138239f7e404ea75757b1b507b28b5ce4c53fbd62d797c5a7c?s=96&d=mm&r=g\",\"contentUrl\":\"https:\\\/\\\/secure.gravatar.com\\\/avatar\\\/bb0c4a2fcb7970138239f7e404ea75757b1b507b28b5ce4c53fbd62d797c5a7c?s=96&d=mm&r=g\",\"caption\":\"Villasmil Henry\"},\"logo\":{\"@id\":\"https:\\\/\\\/secure.gravatar.com\\\/avatar\\\/bb0c4a2fcb7970138239f7e404ea75757b1b507b28b5ce4c53fbd62d797c5a7c?s=96&d=mm&r=g\"},\"sameAs\":[\"http:\\\/\\\/www.henryvillasmil.com.ve\",\"https:\\\/\\\/www.instagram.com\\\/villasmilhfoto\\\/\",\"https:\\\/\\\/x.com\\\/https:\\\/\\\/twitter.com\\\/villasmilhfoto\"]},{\"@type\":\"Person\",\"@id\":\"https:\\\/\\\/digital58.com.ve\\\/site\\\/#\\\/schema\\\/person\\\/730f125d3b753ef33fc78d403e3544bd\",\"name\":\"Cana\u00e1n Nayib\",\"image\":{\"@type\":\"ImageObject\",\"inLanguage\":\"es\",\"@id\":\"https:\\\/\\\/secure.gravatar.com\\\/avatar\\\/ed8ccf663f2ad260520149da7d559dfa679a1540b599a98f841e423f68e4d7cc?s=96&d=mm&r=g\",\"url\":\"https:\\\/\\\/secure.gravatar.com\\\/avatar\\\/ed8ccf663f2ad260520149da7d559dfa679a1540b599a98f841e423f68e4d7cc?s=96&d=mm&r=g\",\"contentUrl\":\"https:\\\/\\\/secure.gravatar.com\\\/avatar\\\/ed8ccf663f2ad260520149da7d559dfa679a1540b599a98f841e423f68e4d7cc?s=96&d=mm&r=g\",\"caption\":\"Cana\u00e1n Nayib\"},\"url\":\"https:\\\/\\\/digital58.com.ve\\\/site\\\/author\\\/ncanaan\\\/\"}]}<\/script>\n<!-- \/ Yoast SEO plugin. -->","yoast_head_json":{"title":"Reina de la Feria ofrenda a la Chiquinquir\u00e1 manto dise\u00f1ado por Douglas Tapia","robots":{"index":"index","follow":"follow","max-snippet":"max-snippet:-1","max-image-preview":"max-image-preview:large","max-video-preview":"max-video-preview:-1"},"canonical":"https:\/\/digital58.com.ve\/site\/2022\/11\/17\/reina-de-la-feria-ofrenda-a-la-chiquinquira-manto-disenado-por-douglas-tapia\/","og_locale":"es_ES","og_type":"article","og_title":"Reina de la Feria ofrenda a la Chiquinquir\u00e1 manto dise\u00f1ado por Douglas Tapia","og_url":"https:\/\/digital58.com.ve\/site\/2022\/11\/17\/reina-de-la-feria-ofrenda-a-la-chiquinquira-manto-disenado-por-douglas-tapia\/","og_site_name":"Noticias Digital58","article_published_time":"2022-11-17T20:15:04+00:00","article_modified_time":"2022-11-19T02:01:22+00:00","og_image":[{"width":750,"height":600,"url":"https:\/\/i0.wp.com\/digital58.com.ve\/site\/wp-content\/uploads\/2022\/11\/DOUGLAS-MANTO-3-1.jpg?fit=750%2C600&ssl=1","type":"image\/jpeg"}],"author":"Cana\u00e1n Nayib","twitter_card":"summary_large_image","twitter_creator":"@Digital_58","twitter_site":"@villasmilhfoto","twitter_misc":{"Escrito por":"Cana\u00e1n Nayib","Tiempo estimado de lectura":"2 minutos"},"schema":{"@context":"https:\/\/schema.org","@graph":[{"@type":"Article","@id":"https:\/\/digital58.com.ve\/site\/2022\/11\/17\/reina-de-la-feria-ofrenda-a-la-chiquinquira-manto-disenado-por-douglas-tapia\/#article","isPartOf":{"@id":"https:\/\/digital58.com.ve\/site\/2022\/11\/17\/reina-de-la-feria-ofrenda-a-la-chiquinquira-manto-disenado-por-douglas-tapia\/"},"author":{"name":"Cana\u00e1n Nayib","@id":"https:\/\/digital58.com.ve\/site\/#\/schema\/person\/730f125d3b753ef33fc78d403e3544bd"},"headline":"Reina de la Feria ofrenda a la Chiquinquir\u00e1 manto dise\u00f1ado por Douglas Tapia","datePublished":"2022-11-17T20:15:04+00:00","dateModified":"2022-11-19T02:01:22+00:00","mainEntityOfPage":{"@id":"https:\/\/digital58.com.ve\/site\/2022\/11\/17\/reina-de-la-feria-ofrenda-a-la-chiquinquira-manto-disenado-por-douglas-tapia\/"},"wordCount":359,"commentCount":0,"publisher":{"@id":"https:\/\/digital58.com.ve\/site\/#\/schema\/person\/64d1c2e4d0d4fd1b849980c4331c2951"},"image":{"@id":"https:\/\/digital58.com.ve\/site\/2022\/11\/17\/reina-de-la-feria-ofrenda-a-la-chiquinquira-manto-disenado-por-douglas-tapia\/#primaryimage"},"thumbnailUrl":"https:\/\/digital58.com.ve\/site\/wp-content\/uploads\/2022\/11\/DOUGLAS-MANTO-3-1.jpg","keywords":["Angelesse D\u00edaz Naim","Douglas Tapia","LVI Feria de la Chiquinquir\u00e1","Maracaibo","Moda","Nacionales","Regionales","Venezuela","Virgen de Chichinquir\u00e1"],"articleSection":["Fama"],"inLanguage":"es","potentialAction":[{"@type":"CommentAction","name":"Comment","target":["https:\/\/digital58.com.ve\/site\/2022\/11\/17\/reina-de-la-feria-ofrenda-a-la-chiquinquira-manto-disenado-por-douglas-tapia\/#respond"]}]},{"@type":"WebPage","@id":"https:\/\/digital58.com.ve\/site\/2022\/11\/17\/reina-de-la-feria-ofrenda-a-la-chiquinquira-manto-disenado-por-douglas-tapia\/","url":"https:\/\/digital58.com.ve\/site\/2022\/11\/17\/reina-de-la-feria-ofrenda-a-la-chiquinquira-manto-disenado-por-douglas-tapia\/","name":"Reina de la Feria ofrenda a la Chiquinquir\u00e1 manto dise\u00f1ado por Douglas Tapia","isPartOf":{"@id":"https:\/\/digital58.com.ve\/site\/#website"},"primaryImageOfPage":{"@id":"https:\/\/digital58.com.ve\/site\/2022\/11\/17\/reina-de-la-feria-ofrenda-a-la-chiquinquira-manto-disenado-por-douglas-tapia\/#primaryimage"},"image":{"@id":"https:\/\/digital58.com.ve\/site\/2022\/11\/17\/reina-de-la-feria-ofrenda-a-la-chiquinquira-manto-disenado-por-douglas-tapia\/#primaryimage"},"thumbnailUrl":"https:\/\/digital58.com.ve\/site\/wp-content\/uploads\/2022\/11\/DOUGLAS-MANTO-3-1.jpg","datePublished":"2022-11-17T20:15:04+00:00","dateModified":"2022-11-19T02:01:22+00:00","breadcrumb":{"@id":"https:\/\/digital58.com.ve\/site\/2022\/11\/17\/reina-de-la-feria-ofrenda-a-la-chiquinquira-manto-disenado-por-douglas-tapia\/#breadcrumb"},"inLanguage":"es","potentialAction":[{"@type":"ReadAction","target":["https:\/\/digital58.com.ve\/site\/2022\/11\/17\/reina-de-la-feria-ofrenda-a-la-chiquinquira-manto-disenado-por-douglas-tapia\/"]}]},{"@type":"ImageObject","inLanguage":"es","@id":"https:\/\/digital58.com.ve\/site\/2022\/11\/17\/reina-de-la-feria-ofrenda-a-la-chiquinquira-manto-disenado-por-douglas-tapia\/#primaryimage","url":"https:\/\/digital58.com.ve\/site\/wp-content\/uploads\/2022\/11\/DOUGLAS-MANTO-3-1.jpg","contentUrl":"https:\/\/digital58.com.ve\/site\/wp-content\/uploads\/2022\/11\/DOUGLAS-MANTO-3-1.jpg","width":750,"height":600},{"@type":"BreadcrumbList","@id":"https:\/\/digital58.com.ve\/site\/2022\/11\/17\/reina-de-la-feria-ofrenda-a-la-chiquinquira-manto-disenado-por-douglas-tapia\/#breadcrumb","itemListElement":[{"@type":"ListItem","position":1,"name":"Home","item":"https:\/\/digital58.com.ve\/site\/"},{"@type":"ListItem","position":2,"name":"Reina de la Feria ofrenda a la Chiquinquir\u00e1 manto dise\u00f1ado por Douglas Tapia"}]},{"@type":"WebSite","@id":"https:\/\/digital58.com.ve\/site\/#website","url":"https:\/\/digital58.com.ve\/site\/","name":"Noticias Digital58","description":"Portal de Noticias \u00a1Periodismo web de verdad! Lanzamiento web 22.11.2005 \/ Maracaibo, Venezuela","publisher":{"@id":"https:\/\/digital58.com.ve\/site\/#\/schema\/person\/64d1c2e4d0d4fd1b849980c4331c2951"},"alternateName":"ND58","potentialAction":[{"@type":"SearchAction","target":{"@type":"EntryPoint","urlTemplate":"https:\/\/digital58.com.ve\/site\/?s={search_term_string}"},"query-input":{"@type":"PropertyValueSpecification","valueRequired":true,"valueName":"search_term_string"}}],"inLanguage":"es"},{"@type":["Person","Organization"],"@id":"https:\/\/digital58.com.ve\/site\/#\/schema\/person\/64d1c2e4d0d4fd1b849980c4331c2951","name":"Villasmil Henry","image":{"@type":"ImageObject","inLanguage":"es","@id":"https:\/\/secure.gravatar.com\/avatar\/bb0c4a2fcb7970138239f7e404ea75757b1b507b28b5ce4c53fbd62d797c5a7c?s=96&d=mm&r=g","url":"https:\/\/secure.gravatar.com\/avatar\/bb0c4a2fcb7970138239f7e404ea75757b1b507b28b5ce4c53fbd62d797c5a7c?s=96&d=mm&r=g","contentUrl":"https:\/\/secure.gravatar.com\/avatar\/bb0c4a2fcb7970138239f7e404ea75757b1b507b28b5ce4c53fbd62d797c5a7c?s=96&d=mm&r=g","caption":"Villasmil Henry"},"logo":{"@id":"https:\/\/secure.gravatar.com\/avatar\/bb0c4a2fcb7970138239f7e404ea75757b1b507b28b5ce4c53fbd62d797c5a7c?s=96&d=mm&r=g"},"sameAs":["http:\/\/www.henryvillasmil.com.ve","https:\/\/www.instagram.com\/villasmilhfoto\/","https:\/\/x.com\/https:\/\/twitter.com\/villasmilhfoto"]},{"@type":"Person","@id":"https:\/\/digital58.com.ve\/site\/#\/schema\/person\/730f125d3b753ef33fc78d403e3544bd","name":"Cana\u00e1n Nayib","image":{"@type":"ImageObject","inLanguage":"es","@id":"https:\/\/secure.gravatar.com\/avatar\/ed8ccf663f2ad260520149da7d559dfa679a1540b599a98f841e423f68e4d7cc?s=96&d=mm&r=g","url":"https:\/\/secure.gravatar.com\/avatar\/ed8ccf663f2ad260520149da7d559dfa679a1540b599a98f841e423f68e4d7cc?s=96&d=mm&r=g","contentUrl":"https:\/\/secure.gravatar.com\/avatar\/ed8ccf663f2ad260520149da7d559dfa679a1540b599a98f841e423f68e4d7cc?s=96&d=mm&r=g","caption":"Cana\u00e1n Nayib"},"url":"https:\/\/digital58.com.ve\/site\/author\/ncanaan\/"}]}},"uagb_featured_image_src":{"full":["https:\/\/digital58.com.ve\/site\/wp-content\/uploads\/2022\/11\/DOUGLAS-MANTO-3-1.jpg",750,600,false],"thumbnail":["https:\/\/digital58.com.ve\/site\/wp-content\/uploads\/2022\/11\/DOUGLAS-MANTO-3-1-150x150.jpg",150,150,true],"medium":["https:\/\/digital58.com.ve\/site\/wp-content\/uploads\/2022\/11\/DOUGLAS-MANTO-3-1-300x240.jpg",300,240,true],"medium_large":["https:\/\/digital58.com.ve\/site\/wp-content\/uploads\/2022\/11\/DOUGLAS-MANTO-3-1.jpg",750,600,false],"large":["https:\/\/digital58.com.ve\/site\/wp-content\/uploads\/2022\/11\/DOUGLAS-MANTO-3-1.jpg",750,600,false],"1536x1536":["https:\/\/digital58.com.ve\/site\/wp-content\/uploads\/2022\/11\/DOUGLAS-MANTO-3-1.jpg",750,600,false],"2048x2048":["https:\/\/digital58.com.ve\/site\/wp-content\/uploads\/2022\/11\/DOUGLAS-MANTO-3-1.jpg",750,600,false],"colormag-highlighted-post":["https:\/\/digital58.com.ve\/site\/wp-content\/uploads\/2022\/11\/DOUGLAS-MANTO-3-1-392x272.jpg",392,272,true],"colormag-featured-post-medium":["https:\/\/digital58.com.ve\/site\/wp-content\/uploads\/2022\/11\/DOUGLAS-MANTO-3-1-390x205.jpg",390,205,true],"colormag-featured-post-small":["https:\/\/digital58.com.ve\/site\/wp-content\/uploads\/2022\/11\/DOUGLAS-MANTO-3-1-130x90.jpg",130,90,true],"colormag-featured-image":["https:\/\/digital58.com.ve\/site\/wp-content\/uploads\/2022\/11\/DOUGLAS-MANTO-3-1-750x445.jpg",750,445,true],"colormag-default-news":["https:\/\/digital58.com.ve\/site\/wp-content\/uploads\/2022\/11\/DOUGLAS-MANTO-3-1.jpg",150,120,false],"colormag-featured-image-large":["https:\/\/digital58.com.ve\/site\/wp-content\/uploads\/2022\/11\/DOUGLAS-MANTO-3-1.jpg",750,600,false]},"uagb_author_info":{"display_name":"Cana\u00e1n Nayib","author_link":"https:\/\/digital58.com.ve\/site\/author\/ncanaan\/"},"uagb_comment_info":0,"uagb_excerpt":"La actual soberana \u00a0se convierte en la primera reina en ofrendar esta pieza d\u00edas despu\u00e9s de su elecci\u00f3n. Maracaibo, Zulia,","_links":{"self":[{"href":"https:\/\/digital58.com.ve\/site\/wp-json\/wp\/v2\/posts\/160009","targetHints":{"allow":["GET"]}}],"collection":[{"href":"https:\/\/digital58.com.ve\/site\/wp-json\/wp\/v2\/posts"}],"about":[{"href":"https:\/\/digital58.com.ve\/site\/wp-json\/wp\/v2\/types\/post"}],"author":[{"embeddable":true,"href":"https:\/\/digital58.com.ve\/site\/wp-json\/wp\/v2\/users\/20"}],"replies":[{"embeddable":true,"href":"https:\/\/digital58.com.ve\/site\/wp-json\/wp\/v2\/comments?post=160009"}],"version-history":[{"count":0,"href":"https:\/\/digital58.com.ve\/site\/wp-json\/wp\/v2\/posts\/160009\/revisions"}],"wp:featuredmedia":[{"embeddable":true,"href":"https:\/\/digital58.com.ve\/site\/wp-json\/wp\/v2\/media\/160015"}],"wp:attachment":[{"href":"https:\/\/digital58.com.ve\/site\/wp-json\/wp\/v2\/media?parent=160009"}],"wp:term":[{"taxonomy":"category","embeddable":true,"href":"https:\/\/digital58.com.ve\/site\/wp-json\/wp\/v2\/categories?post=160009"},{"taxonomy":"post_tag","embeddable":true,"href":"https:\/\/digital58.com.ve\/site\/wp-json\/wp\/v2\/tags?post=160009"}],"curies":[{"name":"wp","href":"https:\/\/api.w.org\/{rel}","templated":true}]}}