{"id":160228,"date":"2022-11-25T00:51:31","date_gmt":"2022-11-25T04:51:31","guid":{"rendered":"https:\/\/digital58.com.ve\/site\/?p=160228"},"modified":"2022-11-25T00:51:31","modified_gmt":"2022-11-25T04:51:31","slug":"fifaworldcup-embolo-golpea-a-su-origen","status":"publish","type":"post","link":"https:\/\/digital58.com.ve\/site\/2022\/11\/25\/fifaworldcup-embolo-golpea-a-su-origen\/","title":{"rendered":"#FIFAWorldCup | Embolo golpea a su origen"},"content":{"rendered":"<p><a href=\"https:\/\/digital58.com.ve\/site\/wp-content\/uploads\/2022\/11\/Group-G-Switzerland-vs-Cameroon.jpg\"><img loading=\"lazy\" decoding=\"async\" class=\"aligncenter size-full wp-image-160229\" src=\"https:\/\/digital58.com.ve\/site\/wp-content\/uploads\/2022\/11\/Group-G-Switzerland-vs-Cameroon.jpg\" alt=\"\" width=\"800\" height=\"528\" srcset=\"https:\/\/digital58.com.ve\/site\/wp-content\/uploads\/2022\/11\/Group-G-Switzerland-vs-Cameroon.jpg 800w, https:\/\/digital58.com.ve\/site\/wp-content\/uploads\/2022\/11\/Group-G-Switzerland-vs-Cameroon-300x198.jpg 300w, https:\/\/digital58.com.ve\/site\/wp-content\/uploads\/2022\/11\/Group-G-Switzerland-vs-Cameroon-768x507.jpg 768w\" sizes=\"auto, (max-width: 800px) 100vw, 800px\" \/><\/a><\/p>\n<p>Encuentro de la primera jornada del Grupo G del Mundial de Qatar 2022 disputado en el Al Janoub Stadium.<\/p>\n<p><strong>Catar, 25 de noviembre de 2022 (ND58).-<\/strong> Breel Embolo, con un gol al inicio de la segunda parte, desequilibr\u00f3 el encuentro de apertura del Grupo G del Mundial que completan Brasil y Serbia y que dio la primera victoria de Qatar 2022 a Suiza, para desesperaci\u00f3n de Camer\u00fan, que dispuso de ocasiones m\u00e1s claras que los europeos y mereci\u00f3 m\u00e1s premio.<\/p>\n<p>El destino quiso que fuera Embolo, un jugador nacido en Yaund\u00e9 (Camer\u00fan) en febrero de 1997, el que ejerciera de verdugo en la puesta en marcha mundialista de su pa\u00eds de origen.<\/p>\n<p>Embolo, un reputado atacante del f\u00fatbol franc\u00e9s, hace tiempo que no tiene vinculaci\u00f3n directa con Camer\u00fan, de donde emigr\u00f3 pronto para labrarse una carrera como deportista en el extranjero. Primero en Basilea, donde se asent\u00f3 y despu\u00e9s, sobre todo, en Alemania, en las filas del Schalke y el Borussia Monchengladbach antes de partir el pasado junio, a M\u00f3naco.<\/p>\n<p>No pod\u00eda ser otro el que desnivelara un duelo abierto, sin apenas pausa en el centro del campo. De ida y vuelta en el que s\u00f3lo \u00e9l encontr\u00f3 el acierto.<\/p>\n<p>Fue al inicio de la segunda parte cuando el delantero de la selecci\u00f3n helv\u00e9tica que disfruta en Qatar de su sexto mundial seguido y que pretende alcanzar por tercera edici\u00f3n consecutiva los octavos de final, recibi\u00f3 sin oposici\u00f3n alguna un centro desde la derecha de Xherdan Shaqiri y bati\u00f3 a Andre Onana.<\/p>\n<p>No lo celebr\u00f3 Embolo, que no olvida su origen. Acept\u00f3 la felicitaci\u00f3n pero evit\u00f3 la alegr\u00eda excesiva que sus compa\u00f1eros expresaron aliviados despu\u00e9s de ver peligrar el encuentro ante la amenaza real de Camer\u00fan.<\/p>\n<p>El conjunto de Rigobert Song fue m\u00e1s amenazante. A los diez minutos ya tuvo dos el combinado africano. En las botas de Bryan Mbeumo y de Karl Toko Ekambi. Solo en el juego a\u00e9reo Suiza se mostraba superior pero sin complicar a Onana.<\/p>\n<p>Tras el tanto de Embolo pudo empatar Eric Choupo Moting que ejecut\u00f3 una gran acci\u00f3n individual, lleg\u00f3 hasta el fondo y se top\u00f3 con Yann Sommer que evit\u00f3 otra vez el gol.<\/p>\n<p>Apareci\u00f3 Suiza al final para sentenciar y tampoco pudo hacerlo. Ruben Vargas, en un contraataque, pudo evitar la incertidumbre final pero Onana sali\u00f3 al paso de la ocasi\u00f3n cuando Camer\u00fan ya estaba a tumba abierta.<\/p>\n<p><strong>Alineaciones:<\/strong><\/p>\n<p><strong>1 &#8211; Suiza:<\/strong> Yann Sommer; Silvan Widmer, Nico Elvedi, Manuel Akanji, Ricardo Rodriguez (Eray Comert, min. 90); Remo Freuler, Granit Xhaka; Xherdan Shaqiri (Noah Okafor, min. 72), Dijbril Sow (Fabian Frei, min. 72), Ruben Vargas (Favian Rieder, min. 81); y Breel Embolo (Haris Seferovic, min. 72).<\/p>\n<p><strong>0 &#8211; Camer\u00fan:<\/strong> Andre Onana; Collins Fai, Jean Charles Castelletto, Nicolas N&#8217;Koulou, Nouhou Tolo; Andre Zambo Anguissa, Samuel Oum Gouet, Martin Hongla (Gael Ondua, min. 68); Bryan Mbeumo (Nicolas Moumi Ngamaleu, min. 81), Karl Toko Ekambi (Georges-Kevin N&#8217;Koudou, min. 74) y Eric Maxim Choupo-Moting (Vincent Aboubakar, min. 74).<\/p>\n<p><strong>Goles:<\/strong> 1-0, min. 48: Breel Embolo.<\/p>\n<p><strong>\u00c1rbitro:<\/strong> Facundo Tello (ARG). Mostr\u00f3 tarjeta amarilla a Collins Fai de Camer\u00fan y a Nico Elvedi y Manuel Akanji de Suiza.<\/p><div class=\"zyqna69f1284b16db9\" ><p style=\"text-align: center;\"><a href=\"https:\/\/t.me\/noticiasdigital58\" target=\"_blank\" rel=\"noopener\"><img class=\"aligncenter size-full wp-image-125363\" src=\"https:\/\/digital58.com.ve\/site\/wp-content\/uploads\/2021\/04\/banner-telegram-web-2021.png\" alt=\"\" width=\"600\" height=\"90\" \/><\/a><\/p><\/div><style type=\"text\/css\">\r\n@media screen and (min-width: 1201px) {\r\n.zyqna69f1284b16db9 {\r\ndisplay: block;\r\n}\r\n}\r\n@media screen and (min-width: 993px) and (max-width: 1200px) {\r\n.zyqna69f1284b16db9 {\r\ndisplay: block;\r\n}\r\n}\r\n@media screen and (min-width: 769px) and (max-width: 992px) {\r\n.zyqna69f1284b16db9 {\r\ndisplay: block;\r\n}\r\n}\r\n@media screen and (min-width: 768px) and (max-width: 768px) {\r\n.zyqna69f1284b16db9 {\r\ndisplay: block;\r\n}\r\n}\r\n@media screen and (max-width: 767px) {\r\n.zyqna69f1284b16db9 {\r\ndisplay: block;\r\n}\r\n}\r\n<\/style>\r\n\n<p><strong>Redacci\u00f3n ND58 | Fuente: EFE<\/strong><br \/>\n<strong>Edici\u00f3n: Villasmil, Henry<\/strong><br \/>\n<strong>Gr\u00e1fica: EFE<\/strong><\/p>\n<div style=\"margin-top: 0px; margin-bottom: 0px;\" class=\"sharethis-inline-share-buttons\" ><\/div>","protected":false},"excerpt":{"rendered":"<p>Encuentro de la primera jornada del Grupo G del Mundial de Qatar 2022 disputado en el Al Janoub Stadium. Catar,<\/p>\n","protected":false},"author":1,"featured_media":160229,"comment_status":"open","ping_status":"closed","sticky":false,"template":"","format":"standard","meta":{"colormag_page_container_layout":"default_layout","colormag_page_sidebar_layout":"default_layout","_uag_custom_page_level_css":"","footnotes":""},"categories":[5402],"tags":[29869,4319,29847,13,41,10172,8,29870,173],"class_list":["post-160228","post","type-post","status-publish","format-standard","has-post-thumbnail","hentry","category-deportes","tag-al-janoub-stadium","tag-camerun","tag-fifa-world-cup-2022","tag-futbol","tag-futbol-internacional","tag-grupo-g","tag-internacionales","tag-mundial-de-qatar-2022","tag-suiza"],"yoast_head":"<!-- This site is optimized with the Yoast SEO plugin v27.5 - https:\/\/yoast.com\/product\/yoast-seo-wordpress\/ -->\n<title>#FIFAWorldCup | Embolo golpea a su origen<\/title>\n<meta name=\"robots\" content=\"index, follow, max-snippet:-1, max-image-preview:large, max-video-preview:-1\" \/>\n<link rel=\"canonical\" href=\"https:\/\/digital58.com.ve\/site\/2022\/11\/25\/fifaworldcup-embolo-golpea-a-su-origen\/\" \/>\n<meta property=\"og:locale\" content=\"es_ES\" \/>\n<meta property=\"og:type\" content=\"article\" \/>\n<meta property=\"og:title\" content=\"#FIFAWorldCup | Embolo golpea a su origen\" \/>\n<meta property=\"og:url\" content=\"https:\/\/digital58.com.ve\/site\/2022\/11\/25\/fifaworldcup-embolo-golpea-a-su-origen\/\" \/>\n<meta property=\"og:site_name\" content=\"Noticias Digital58\" \/>\n<meta property=\"article:published_time\" content=\"2022-11-25T04:51:31+00:00\" \/>\n<meta property=\"og:image\" content=\"https:\/\/i0.wp.com\/digital58.com.ve\/site\/wp-content\/uploads\/2022\/11\/Group-G-Switzerland-vs-Cameroon.jpg?fit=800%2C528&ssl=1\" \/>\n\t<meta property=\"og:image:width\" content=\"800\" \/>\n\t<meta property=\"og:image:height\" content=\"528\" \/>\n\t<meta property=\"og:image:type\" content=\"image\/jpeg\" \/>\n<meta name=\"author\" content=\"Villasmil Henry\" \/>\n<meta name=\"twitter:card\" content=\"summary_large_image\" \/>\n<meta name=\"twitter:creator\" content=\"@https:\/\/twitter.com\/villasmilhfoto\" \/>\n<meta name=\"twitter:site\" content=\"@villasmilhfoto\" \/>\n<meta name=\"twitter:label1\" content=\"Escrito por\" \/>\n\t<meta name=\"twitter:data1\" content=\"Villasmil Henry\" \/>\n\t<meta name=\"twitter:label2\" content=\"Tiempo estimado de lectura\" \/>\n\t<meta name=\"twitter:data2\" content=\"3 minutos\" \/>\n<script type=\"application\/ld+json\" class=\"yoast-schema-graph\">{\"@context\":\"https:\\\/\\\/schema.org\",\"@graph\":[{\"@type\":\"Article\",\"@id\":\"https:\\\/\\\/digital58.com.ve\\\/site\\\/2022\\\/11\\\/25\\\/fifaworldcup-embolo-golpea-a-su-origen\\\/#article\",\"isPartOf\":{\"@id\":\"https:\\\/\\\/digital58.com.ve\\\/site\\\/2022\\\/11\\\/25\\\/fifaworldcup-embolo-golpea-a-su-origen\\\/\"},\"author\":{\"name\":\"Villasmil Henry\",\"@id\":\"https:\\\/\\\/digital58.com.ve\\\/site\\\/#\\\/schema\\\/person\\\/64d1c2e4d0d4fd1b849980c4331c2951\"},\"headline\":\"#FIFAWorldCup | Embolo golpea a su origen\",\"datePublished\":\"2022-11-25T04:51:31+00:00\",\"mainEntityOfPage\":{\"@id\":\"https:\\\/\\\/digital58.com.ve\\\/site\\\/2022\\\/11\\\/25\\\/fifaworldcup-embolo-golpea-a-su-origen\\\/\"},\"wordCount\":552,\"commentCount\":0,\"publisher\":{\"@id\":\"https:\\\/\\\/digital58.com.ve\\\/site\\\/#\\\/schema\\\/person\\\/64d1c2e4d0d4fd1b849980c4331c2951\"},\"image\":{\"@id\":\"https:\\\/\\\/digital58.com.ve\\\/site\\\/2022\\\/11\\\/25\\\/fifaworldcup-embolo-golpea-a-su-origen\\\/#primaryimage\"},\"thumbnailUrl\":\"https:\\\/\\\/digital58.com.ve\\\/site\\\/wp-content\\\/uploads\\\/2022\\\/11\\\/Group-G-Switzerland-vs-Cameroon.jpg\",\"keywords\":[\"Al Janoub Stadium\",\"Camer\u00fan\",\"FIFA World Cup 2022\",\"F\u00fatbol\",\"F\u00fatbol Internacional\",\"Grupo G\",\"Internacionales\",\"Mundial de Qatar 2022\",\"Suiza\"],\"articleSection\":[\"Deportes\"],\"inLanguage\":\"es\",\"potentialAction\":[{\"@type\":\"CommentAction\",\"name\":\"Comment\",\"target\":[\"https:\\\/\\\/digital58.com.ve\\\/site\\\/2022\\\/11\\\/25\\\/fifaworldcup-embolo-golpea-a-su-origen\\\/#respond\"]}]},{\"@type\":\"WebPage\",\"@id\":\"https:\\\/\\\/digital58.com.ve\\\/site\\\/2022\\\/11\\\/25\\\/fifaworldcup-embolo-golpea-a-su-origen\\\/\",\"url\":\"https:\\\/\\\/digital58.com.ve\\\/site\\\/2022\\\/11\\\/25\\\/fifaworldcup-embolo-golpea-a-su-origen\\\/\",\"name\":\"#FIFAWorldCup | Embolo golpea a su origen\",\"isPartOf\":{\"@id\":\"https:\\\/\\\/digital58.com.ve\\\/site\\\/#website\"},\"primaryImageOfPage\":{\"@id\":\"https:\\\/\\\/digital58.com.ve\\\/site\\\/2022\\\/11\\\/25\\\/fifaworldcup-embolo-golpea-a-su-origen\\\/#primaryimage\"},\"image\":{\"@id\":\"https:\\\/\\\/digital58.com.ve\\\/site\\\/2022\\\/11\\\/25\\\/fifaworldcup-embolo-golpea-a-su-origen\\\/#primaryimage\"},\"thumbnailUrl\":\"https:\\\/\\\/digital58.com.ve\\\/site\\\/wp-content\\\/uploads\\\/2022\\\/11\\\/Group-G-Switzerland-vs-Cameroon.jpg\",\"datePublished\":\"2022-11-25T04:51:31+00:00\",\"breadcrumb\":{\"@id\":\"https:\\\/\\\/digital58.com.ve\\\/site\\\/2022\\\/11\\\/25\\\/fifaworldcup-embolo-golpea-a-su-origen\\\/#breadcrumb\"},\"inLanguage\":\"es\",\"potentialAction\":[{\"@type\":\"ReadAction\",\"target\":[\"https:\\\/\\\/digital58.com.ve\\\/site\\\/2022\\\/11\\\/25\\\/fifaworldcup-embolo-golpea-a-su-origen\\\/\"]}]},{\"@type\":\"ImageObject\",\"inLanguage\":\"es\",\"@id\":\"https:\\\/\\\/digital58.com.ve\\\/site\\\/2022\\\/11\\\/25\\\/fifaworldcup-embolo-golpea-a-su-origen\\\/#primaryimage\",\"url\":\"https:\\\/\\\/digital58.com.ve\\\/site\\\/wp-content\\\/uploads\\\/2022\\\/11\\\/Group-G-Switzerland-vs-Cameroon.jpg\",\"contentUrl\":\"https:\\\/\\\/digital58.com.ve\\\/site\\\/wp-content\\\/uploads\\\/2022\\\/11\\\/Group-G-Switzerland-vs-Cameroon.jpg\",\"width\":800,\"height\":528},{\"@type\":\"BreadcrumbList\",\"@id\":\"https:\\\/\\\/digital58.com.ve\\\/site\\\/2022\\\/11\\\/25\\\/fifaworldcup-embolo-golpea-a-su-origen\\\/#breadcrumb\",\"itemListElement\":[{\"@type\":\"ListItem\",\"position\":1,\"name\":\"Home\",\"item\":\"https:\\\/\\\/digital58.com.ve\\\/site\\\/\"},{\"@type\":\"ListItem\",\"position\":2,\"name\":\"#FIFAWorldCup | Embolo golpea a su origen\"}]},{\"@type\":\"WebSite\",\"@id\":\"https:\\\/\\\/digital58.com.ve\\\/site\\\/#website\",\"url\":\"https:\\\/\\\/digital58.com.ve\\\/site\\\/\",\"name\":\"Noticias Digital58\",\"description\":\"Portal de Noticias \u00a1Periodismo web de verdad! Lanzamiento web 22.11.2005 \\\/ Maracaibo, Venezuela\",\"publisher\":{\"@id\":\"https:\\\/\\\/digital58.com.ve\\\/site\\\/#\\\/schema\\\/person\\\/64d1c2e4d0d4fd1b849980c4331c2951\"},\"alternateName\":\"ND58\",\"potentialAction\":[{\"@type\":\"SearchAction\",\"target\":{\"@type\":\"EntryPoint\",\"urlTemplate\":\"https:\\\/\\\/digital58.com.ve\\\/site\\\/?s={search_term_string}\"},\"query-input\":{\"@type\":\"PropertyValueSpecification\",\"valueRequired\":true,\"valueName\":\"search_term_string\"}}],\"inLanguage\":\"es\"},{\"@type\":[\"Person\",\"Organization\"],\"@id\":\"https:\\\/\\\/digital58.com.ve\\\/site\\\/#\\\/schema\\\/person\\\/64d1c2e4d0d4fd1b849980c4331c2951\",\"name\":\"Villasmil Henry\",\"image\":{\"@type\":\"ImageObject\",\"inLanguage\":\"es\",\"@id\":\"https:\\\/\\\/secure.gravatar.com\\\/avatar\\\/bb0c4a2fcb7970138239f7e404ea75757b1b507b28b5ce4c53fbd62d797c5a7c?s=96&d=mm&r=g\",\"url\":\"https:\\\/\\\/secure.gravatar.com\\\/avatar\\\/bb0c4a2fcb7970138239f7e404ea75757b1b507b28b5ce4c53fbd62d797c5a7c?s=96&d=mm&r=g\",\"contentUrl\":\"https:\\\/\\\/secure.gravatar.com\\\/avatar\\\/bb0c4a2fcb7970138239f7e404ea75757b1b507b28b5ce4c53fbd62d797c5a7c?s=96&d=mm&r=g\",\"caption\":\"Villasmil Henry\"},\"logo\":{\"@id\":\"https:\\\/\\\/secure.gravatar.com\\\/avatar\\\/bb0c4a2fcb7970138239f7e404ea75757b1b507b28b5ce4c53fbd62d797c5a7c?s=96&d=mm&r=g\"},\"sameAs\":[\"http:\\\/\\\/www.henryvillasmil.com.ve\",\"https:\\\/\\\/www.instagram.com\\\/villasmilhfoto\\\/\",\"https:\\\/\\\/x.com\\\/https:\\\/\\\/twitter.com\\\/villasmilhfoto\"],\"url\":\"https:\\\/\\\/digital58.com.ve\\\/site\\\/author\\\/droopy_68\\\/\"}]}<\/script>\n<!-- \/ Yoast SEO plugin. -->","yoast_head_json":{"title":"#FIFAWorldCup | Embolo golpea a su origen","robots":{"index":"index","follow":"follow","max-snippet":"max-snippet:-1","max-image-preview":"max-image-preview:large","max-video-preview":"max-video-preview:-1"},"canonical":"https:\/\/digital58.com.ve\/site\/2022\/11\/25\/fifaworldcup-embolo-golpea-a-su-origen\/","og_locale":"es_ES","og_type":"article","og_title":"#FIFAWorldCup | Embolo golpea a su origen","og_url":"https:\/\/digital58.com.ve\/site\/2022\/11\/25\/fifaworldcup-embolo-golpea-a-su-origen\/","og_site_name":"Noticias Digital58","article_published_time":"2022-11-25T04:51:31+00:00","og_image":[{"width":800,"height":528,"url":"https:\/\/i0.wp.com\/digital58.com.ve\/site\/wp-content\/uploads\/2022\/11\/Group-G-Switzerland-vs-Cameroon.jpg?fit=800%2C528&ssl=1","type":"image\/jpeg"}],"author":"Villasmil Henry","twitter_card":"summary_large_image","twitter_creator":"@https:\/\/twitter.com\/villasmilhfoto","twitter_site":"@villasmilhfoto","twitter_misc":{"Escrito por":"Villasmil Henry","Tiempo estimado de lectura":"3 minutos"},"schema":{"@context":"https:\/\/schema.org","@graph":[{"@type":"Article","@id":"https:\/\/digital58.com.ve\/site\/2022\/11\/25\/fifaworldcup-embolo-golpea-a-su-origen\/#article","isPartOf":{"@id":"https:\/\/digital58.com.ve\/site\/2022\/11\/25\/fifaworldcup-embolo-golpea-a-su-origen\/"},"author":{"name":"Villasmil Henry","@id":"https:\/\/digital58.com.ve\/site\/#\/schema\/person\/64d1c2e4d0d4fd1b849980c4331c2951"},"headline":"#FIFAWorldCup | Embolo golpea a su origen","datePublished":"2022-11-25T04:51:31+00:00","mainEntityOfPage":{"@id":"https:\/\/digital58.com.ve\/site\/2022\/11\/25\/fifaworldcup-embolo-golpea-a-su-origen\/"},"wordCount":552,"commentCount":0,"publisher":{"@id":"https:\/\/digital58.com.ve\/site\/#\/schema\/person\/64d1c2e4d0d4fd1b849980c4331c2951"},"image":{"@id":"https:\/\/digital58.com.ve\/site\/2022\/11\/25\/fifaworldcup-embolo-golpea-a-su-origen\/#primaryimage"},"thumbnailUrl":"https:\/\/digital58.com.ve\/site\/wp-content\/uploads\/2022\/11\/Group-G-Switzerland-vs-Cameroon.jpg","keywords":["Al Janoub Stadium","Camer\u00fan","FIFA World Cup 2022","F\u00fatbol","F\u00fatbol Internacional","Grupo G","Internacionales","Mundial de Qatar 2022","Suiza"],"articleSection":["Deportes"],"inLanguage":"es","potentialAction":[{"@type":"CommentAction","name":"Comment","target":["https:\/\/digital58.com.ve\/site\/2022\/11\/25\/fifaworldcup-embolo-golpea-a-su-origen\/#respond"]}]},{"@type":"WebPage","@id":"https:\/\/digital58.com.ve\/site\/2022\/11\/25\/fifaworldcup-embolo-golpea-a-su-origen\/","url":"https:\/\/digital58.com.ve\/site\/2022\/11\/25\/fifaworldcup-embolo-golpea-a-su-origen\/","name":"#FIFAWorldCup | Embolo golpea a su origen","isPartOf":{"@id":"https:\/\/digital58.com.ve\/site\/#website"},"primaryImageOfPage":{"@id":"https:\/\/digital58.com.ve\/site\/2022\/11\/25\/fifaworldcup-embolo-golpea-a-su-origen\/#primaryimage"},"image":{"@id":"https:\/\/digital58.com.ve\/site\/2022\/11\/25\/fifaworldcup-embolo-golpea-a-su-origen\/#primaryimage"},"thumbnailUrl":"https:\/\/digital58.com.ve\/site\/wp-content\/uploads\/2022\/11\/Group-G-Switzerland-vs-Cameroon.jpg","datePublished":"2022-11-25T04:51:31+00:00","breadcrumb":{"@id":"https:\/\/digital58.com.ve\/site\/2022\/11\/25\/fifaworldcup-embolo-golpea-a-su-origen\/#breadcrumb"},"inLanguage":"es","potentialAction":[{"@type":"ReadAction","target":["https:\/\/digital58.com.ve\/site\/2022\/11\/25\/fifaworldcup-embolo-golpea-a-su-origen\/"]}]},{"@type":"ImageObject","inLanguage":"es","@id":"https:\/\/digital58.com.ve\/site\/2022\/11\/25\/fifaworldcup-embolo-golpea-a-su-origen\/#primaryimage","url":"https:\/\/digital58.com.ve\/site\/wp-content\/uploads\/2022\/11\/Group-G-Switzerland-vs-Cameroon.jpg","contentUrl":"https:\/\/digital58.com.ve\/site\/wp-content\/uploads\/2022\/11\/Group-G-Switzerland-vs-Cameroon.jpg","width":800,"height":528},{"@type":"BreadcrumbList","@id":"https:\/\/digital58.com.ve\/site\/2022\/11\/25\/fifaworldcup-embolo-golpea-a-su-origen\/#breadcrumb","itemListElement":[{"@type":"ListItem","position":1,"name":"Home","item":"https:\/\/digital58.com.ve\/site\/"},{"@type":"ListItem","position":2,"name":"#FIFAWorldCup | Embolo golpea a su origen"}]},{"@type":"WebSite","@id":"https:\/\/digital58.com.ve\/site\/#website","url":"https:\/\/digital58.com.ve\/site\/","name":"Noticias Digital58","description":"Portal de Noticias \u00a1Periodismo web de verdad! Lanzamiento web 22.11.2005 \/ Maracaibo, Venezuela","publisher":{"@id":"https:\/\/digital58.com.ve\/site\/#\/schema\/person\/64d1c2e4d0d4fd1b849980c4331c2951"},"alternateName":"ND58","potentialAction":[{"@type":"SearchAction","target":{"@type":"EntryPoint","urlTemplate":"https:\/\/digital58.com.ve\/site\/?s={search_term_string}"},"query-input":{"@type":"PropertyValueSpecification","valueRequired":true,"valueName":"search_term_string"}}],"inLanguage":"es"},{"@type":["Person","Organization"],"@id":"https:\/\/digital58.com.ve\/site\/#\/schema\/person\/64d1c2e4d0d4fd1b849980c4331c2951","name":"Villasmil Henry","image":{"@type":"ImageObject","inLanguage":"es","@id":"https:\/\/secure.gravatar.com\/avatar\/bb0c4a2fcb7970138239f7e404ea75757b1b507b28b5ce4c53fbd62d797c5a7c?s=96&d=mm&r=g","url":"https:\/\/secure.gravatar.com\/avatar\/bb0c4a2fcb7970138239f7e404ea75757b1b507b28b5ce4c53fbd62d797c5a7c?s=96&d=mm&r=g","contentUrl":"https:\/\/secure.gravatar.com\/avatar\/bb0c4a2fcb7970138239f7e404ea75757b1b507b28b5ce4c53fbd62d797c5a7c?s=96&d=mm&r=g","caption":"Villasmil Henry"},"logo":{"@id":"https:\/\/secure.gravatar.com\/avatar\/bb0c4a2fcb7970138239f7e404ea75757b1b507b28b5ce4c53fbd62d797c5a7c?s=96&d=mm&r=g"},"sameAs":["http:\/\/www.henryvillasmil.com.ve","https:\/\/www.instagram.com\/villasmilhfoto\/","https:\/\/x.com\/https:\/\/twitter.com\/villasmilhfoto"],"url":"https:\/\/digital58.com.ve\/site\/author\/droopy_68\/"}]}},"uagb_featured_image_src":{"full":["https:\/\/digital58.com.ve\/site\/wp-content\/uploads\/2022\/11\/Group-G-Switzerland-vs-Cameroon.jpg",800,528,false],"thumbnail":["https:\/\/digital58.com.ve\/site\/wp-content\/uploads\/2022\/11\/Group-G-Switzerland-vs-Cameroon-150x150.jpg",150,150,true],"medium":["https:\/\/digital58.com.ve\/site\/wp-content\/uploads\/2022\/11\/Group-G-Switzerland-vs-Cameroon-300x198.jpg",300,198,true],"medium_large":["https:\/\/digital58.com.ve\/site\/wp-content\/uploads\/2022\/11\/Group-G-Switzerland-vs-Cameroon-768x507.jpg",768,507,true],"large":["https:\/\/digital58.com.ve\/site\/wp-content\/uploads\/2022\/11\/Group-G-Switzerland-vs-Cameroon.jpg",800,528,false],"1536x1536":["https:\/\/digital58.com.ve\/site\/wp-content\/uploads\/2022\/11\/Group-G-Switzerland-vs-Cameroon.jpg",800,528,false],"2048x2048":["https:\/\/digital58.com.ve\/site\/wp-content\/uploads\/2022\/11\/Group-G-Switzerland-vs-Cameroon.jpg",800,528,false],"colormag-highlighted-post":["https:\/\/digital58.com.ve\/site\/wp-content\/uploads\/2022\/11\/Group-G-Switzerland-vs-Cameroon-392x272.jpg",392,272,true],"colormag-featured-post-medium":["https:\/\/digital58.com.ve\/site\/wp-content\/uploads\/2022\/11\/Group-G-Switzerland-vs-Cameroon-390x205.jpg",390,205,true],"colormag-featured-post-small":["https:\/\/digital58.com.ve\/site\/wp-content\/uploads\/2022\/11\/Group-G-Switzerland-vs-Cameroon-130x90.jpg",130,90,true],"colormag-featured-image":["https:\/\/digital58.com.ve\/site\/wp-content\/uploads\/2022\/11\/Group-G-Switzerland-vs-Cameroon-800x445.jpg",800,445,true],"colormag-default-news":["https:\/\/digital58.com.ve\/site\/wp-content\/uploads\/2022\/11\/Group-G-Switzerland-vs-Cameroon.jpg",150,99,false],"colormag-featured-image-large":["https:\/\/digital58.com.ve\/site\/wp-content\/uploads\/2022\/11\/Group-G-Switzerland-vs-Cameroon.jpg",800,528,false]},"uagb_author_info":{"display_name":"Villasmil Henry","author_link":"https:\/\/digital58.com.ve\/site\/author\/droopy_68\/"},"uagb_comment_info":0,"uagb_excerpt":"Encuentro de la primera jornada del Grupo G del Mundial de Qatar 2022 disputado en el Al Janoub Stadium. Catar,","_links":{"self":[{"href":"https:\/\/digital58.com.ve\/site\/wp-json\/wp\/v2\/posts\/160228","targetHints":{"allow":["GET"]}}],"collection":[{"href":"https:\/\/digital58.com.ve\/site\/wp-json\/wp\/v2\/posts"}],"about":[{"href":"https:\/\/digital58.com.ve\/site\/wp-json\/wp\/v2\/types\/post"}],"author":[{"embeddable":true,"href":"https:\/\/digital58.com.ve\/site\/wp-json\/wp\/v2\/users\/1"}],"replies":[{"embeddable":true,"href":"https:\/\/digital58.com.ve\/site\/wp-json\/wp\/v2\/comments?post=160228"}],"version-history":[{"count":0,"href":"https:\/\/digital58.com.ve\/site\/wp-json\/wp\/v2\/posts\/160228\/revisions"}],"wp:featuredmedia":[{"embeddable":true,"href":"https:\/\/digital58.com.ve\/site\/wp-json\/wp\/v2\/media\/160229"}],"wp:attachment":[{"href":"https:\/\/digital58.com.ve\/site\/wp-json\/wp\/v2\/media?parent=160228"}],"wp:term":[{"taxonomy":"category","embeddable":true,"href":"https:\/\/digital58.com.ve\/site\/wp-json\/wp\/v2\/categories?post=160228"},{"taxonomy":"post_tag","embeddable":true,"href":"https:\/\/digital58.com.ve\/site\/wp-json\/wp\/v2\/tags?post=160228"}],"curies":[{"name":"wp","href":"https:\/\/api.w.org\/{rel}","templated":true}]}}