{"id":160599,"date":"2022-12-05T08:48:42","date_gmt":"2022-12-05T12:48:42","guid":{"rendered":"https:\/\/digital58.com.ve\/site\/?p=160599"},"modified":"2022-12-05T08:48:42","modified_gmt":"2022-12-05T12:48:42","slug":"zulia-manuel-rosales-y-jose-mosquera-encienden-la-navidad-en-lagunillas","status":"publish","type":"post","link":"https:\/\/digital58.com.ve\/site\/2022\/12\/05\/zulia-manuel-rosales-y-jose-mosquera-encienden-la-navidad-en-lagunillas\/","title":{"rendered":"#Zulia | Manuel Rosales y Jos\u00e9 Mosquera encienden la Navidad en Lagunillas"},"content":{"rendered":"<p><a href=\"https:\/\/digital58.com.ve\/site\/wp-content\/uploads\/2022\/12\/IMG-20221203-WA0049.jpg\"><img loading=\"lazy\" decoding=\"async\" class=\"aligncenter size-full wp-image-160601\" src=\"https:\/\/digital58.com.ve\/site\/wp-content\/uploads\/2022\/12\/IMG-20221203-WA0049.jpg\" alt=\"\" width=\"1020\" height=\"768\" srcset=\"https:\/\/digital58.com.ve\/site\/wp-content\/uploads\/2022\/12\/IMG-20221203-WA0049.jpg 1020w, https:\/\/digital58.com.ve\/site\/wp-content\/uploads\/2022\/12\/IMG-20221203-WA0049-300x226.jpg 300w, https:\/\/digital58.com.ve\/site\/wp-content\/uploads\/2022\/12\/IMG-20221203-WA0049-1000x753.jpg 1000w, https:\/\/digital58.com.ve\/site\/wp-content\/uploads\/2022\/12\/IMG-20221203-WA0049-768x578.jpg 768w\" sizes=\"auto, (max-width: 1020px) 100vw, 1020px\" \/><\/a><\/p>\n<p>El punto de partida de esta gran fiesta, que marca el inicio de la \u00e9poca decembrina, fue la avenida Intercomunal con Bol\u00edvar, donde cientos de lagunillenses acompa\u00f1aron al gobernador y al alcalde a iluminar las calles.<\/p>\n<p><strong>Ciudad Ojeda, Zulia, Venezuela, 05 de diciembre de 2022 (ND58).-\u00a0<\/strong> La alegr\u00eda de la Navidad lleg\u00f3 este viernes al municipio Lagunillas, de manos del gobernador Manuel Rosales y el alcalde Jos\u00e9 Mosquera, quienes encabezaron el Encendido de Luces de la ciudad, que se engalan\u00f3 con un <em>show<\/em> de fuegos artificiales.<\/p>\n<p><a href=\"https:\/\/digital58.com.ve\/site\/wp-content\/uploads\/2022\/12\/IMG-20221203-WA0047.jpg\"><img loading=\"lazy\" decoding=\"async\" class=\"aligncenter size-full wp-image-160603\" src=\"https:\/\/digital58.com.ve\/site\/wp-content\/uploads\/2022\/12\/IMG-20221203-WA0047.jpg\" alt=\"\" width=\"1020\" height=\"768\" srcset=\"https:\/\/digital58.com.ve\/site\/wp-content\/uploads\/2022\/12\/IMG-20221203-WA0047.jpg 1020w, https:\/\/digital58.com.ve\/site\/wp-content\/uploads\/2022\/12\/IMG-20221203-WA0047-300x226.jpg 300w, https:\/\/digital58.com.ve\/site\/wp-content\/uploads\/2022\/12\/IMG-20221203-WA0047-1000x753.jpg 1000w, https:\/\/digital58.com.ve\/site\/wp-content\/uploads\/2022\/12\/IMG-20221203-WA0047-768x578.jpg 768w\" sizes=\"auto, (max-width: 1020px) 100vw, 1020px\" \/><\/a><\/p>\n<p>Desde all\u00ed, junto a la primera dama, Margarita de Mosquera; la primera dama del Zulia, Eveling Trejo; el alcalde de Santa Rita, Alenis Guerrero; el alcalde de Sim\u00f3n Bol\u00edvar, Argelio Riera; el alcalde de Carora, Javier Oropeza; el alcalde de Cabimas, Nabil Maalouf; el Secretario de Gobierno, Jos\u00e9 Luis Alcal\u00e1; el representante del gobernador en la COL, Carlos Dickson; el presidente del Concejo Municipal, Carlosman Leal y el resto de los concejales, diputados y parte del tren ejecutivo, recorrieron la avenida Bol\u00edvar hasta llegar a la plaza, donde fueron recibidos al son de la gaita de Los Parranderitos, quienes recibieron un reconocimiento por su participaci\u00f3n en el R\u00e9cord Guinness.<\/p>\n<p><a href=\"https:\/\/digital58.com.ve\/site\/wp-content\/uploads\/2022\/12\/IMG-20221203-WA0043.jpg\"><img loading=\"lazy\" decoding=\"async\" class=\"aligncenter size-full wp-image-160600\" src=\"https:\/\/digital58.com.ve\/site\/wp-content\/uploads\/2022\/12\/IMG-20221203-WA0043.jpg\" alt=\"\" width=\"451\" height=\"600\" srcset=\"https:\/\/digital58.com.ve\/site\/wp-content\/uploads\/2022\/12\/IMG-20221203-WA0043.jpg 451w, https:\/\/digital58.com.ve\/site\/wp-content\/uploads\/2022\/12\/IMG-20221203-WA0043-226x300.jpg 226w\" sizes=\"auto, (max-width: 451px) 100vw, 451px\" \/><\/a><\/p>\n<p>Acompa\u00f1ados del calor de la gente y un pueblo lleno de esperanza, el l\u00edder del Zulia y el alcalde del municipio culminaron el recorrido de la av. Bol\u00edvar hasta llegar a la tarima en la que los esperaban los reconocidos cantautores Jaime Indriago, quien recibi\u00f3 la Orden Eleazar L\u00f3pez Contreras en su Primera Clase, y Deyanira Bravo \u00abLa Beba\u00bb, reconocida con la Orden M\u00e9rito al Ciudadano, al igual que los gaiteros Oswaldo Berm\u00fadez, Harold Nieves y Noemar Mavarez.<\/p>\n<p><a href=\"https:\/\/digital58.com.ve\/site\/wp-content\/uploads\/2022\/12\/IMG-20221203-WA0042.jpg\"><img loading=\"lazy\" decoding=\"async\" class=\"aligncenter size-full wp-image-160605\" src=\"https:\/\/digital58.com.ve\/site\/wp-content\/uploads\/2022\/12\/IMG-20221203-WA0042.jpg\" alt=\"\" width=\"421\" height=\"600\" srcset=\"https:\/\/digital58.com.ve\/site\/wp-content\/uploads\/2022\/12\/IMG-20221203-WA0042.jpg 421w, https:\/\/digital58.com.ve\/site\/wp-content\/uploads\/2022\/12\/IMG-20221203-WA0042-211x300.jpg 211w\" sizes=\"auto, (max-width: 421px) 100vw, 421px\" \/><\/a><\/p>\n<p>\u00abEsta noche es de fiesta, de gaita, de Navidad. El que est\u00e1 llenando a Lagunillas de esperanza es <em>Cheo<\/em> Mosquera. Ya Lagunillas est\u00e1 encendida y con ella el progreso. La lucha es por los que est\u00e1n fuera de Venezuela, por ellos es la lucha tambi\u00e9n. El Zulia va a volver a ser el estado m\u00e1s pr\u00f3spero de Venezuela\u00bb, dijo Rosales.<\/p>\n<p>Por su parte, el alcalde Jos\u00e9 Mosquera expres\u00f3 \u00abvenimos a cambiar el municipio Lagunillas. Nos llena de mucha emoci\u00f3n ver a toda esta gente junta. Sin lugar a dudas hac\u00eda falta un cambio. Hoy los protagonistas son ustedes. Hay mucho por hacer, pero nosotros vamos a recuperar el municipio con paz, con amor, con progreso\u00bb.<\/p>\n<p><a href=\"https:\/\/digital58.com.ve\/site\/wp-content\/uploads\/2022\/12\/IMG-20221203-WA0045.jpg\"><img loading=\"lazy\" decoding=\"async\" class=\"aligncenter size-full wp-image-160604\" src=\"https:\/\/digital58.com.ve\/site\/wp-content\/uploads\/2022\/12\/IMG-20221203-WA0045.jpg\" alt=\"\" width=\"798\" height=\"600\" srcset=\"https:\/\/digital58.com.ve\/site\/wp-content\/uploads\/2022\/12\/IMG-20221203-WA0045.jpg 798w, https:\/\/digital58.com.ve\/site\/wp-content\/uploads\/2022\/12\/IMG-20221203-WA0045-300x226.jpg 300w, https:\/\/digital58.com.ve\/site\/wp-content\/uploads\/2022\/12\/IMG-20221203-WA0045-768x577.jpg 768w\" sizes=\"auto, (max-width: 798px) 100vw, 798px\" \/><\/a><\/p>\n<p>Agrupaciones de la talla de Danelo Baddel, Nelson Romero \u00abEl Ayayero\u00bb, Omar Rojas y su Fiesta Brava, Venite Vos de Gustavo Miquilena, Kalor Gaitero, Legado, Tamay y el vallenato de Junior D\u00edaz y Edinson Yepes, amenizaron la velada.<\/p>\n<p><a href=\"https:\/\/digital58.com.ve\/site\/wp-content\/uploads\/2022\/12\/IMG-20221203-WA0048.jpg\"><img loading=\"lazy\" decoding=\"async\" class=\"aligncenter size-full wp-image-160602\" src=\"https:\/\/digital58.com.ve\/site\/wp-content\/uploads\/2022\/12\/IMG-20221203-WA0048.jpg\" alt=\"\" width=\"1020\" height=\"768\" srcset=\"https:\/\/digital58.com.ve\/site\/wp-content\/uploads\/2022\/12\/IMG-20221203-WA0048.jpg 1020w, https:\/\/digital58.com.ve\/site\/wp-content\/uploads\/2022\/12\/IMG-20221203-WA0048-300x226.jpg 300w, https:\/\/digital58.com.ve\/site\/wp-content\/uploads\/2022\/12\/IMG-20221203-WA0048-1000x753.jpg 1000w, https:\/\/digital58.com.ve\/site\/wp-content\/uploads\/2022\/12\/IMG-20221203-WA0048-768x578.jpg 768w\" sizes=\"auto, (max-width: 1020px) 100vw, 1020px\" \/><\/a><\/p>\n<p><strong>Redacci\u00f3n ND58 | Fuente: Prensa Alcald\u00eda de Lagunillas<\/strong><br \/>\n<strong>Edici\u00f3n: Villasmil, Henry<\/strong><br \/>\n<strong>Gr\u00e1fica: Cortes\u00eda Prensa Alcald\u00eda de Lagunillas<\/strong><\/p>\n<p>&nbsp;<\/p>\n<p>&nbsp;<\/p><div class=\"gvxpj69efdb25e83a7\" ><p style=\"text-align: center;\"><a href=\"https:\/\/t.me\/noticiasdigital58\" target=\"_blank\" rel=\"noopener\"><img class=\"aligncenter size-full wp-image-125363\" src=\"https:\/\/digital58.com.ve\/site\/wp-content\/uploads\/2021\/04\/banner-telegram-web-2021.png\" alt=\"\" width=\"600\" height=\"90\" \/><\/a><\/p><\/div><style type=\"text\/css\">\r\n@media screen and (min-width: 1201px) {\r\n.gvxpj69efdb25e83a7 {\r\ndisplay: block;\r\n}\r\n}\r\n@media screen and (min-width: 993px) and (max-width: 1200px) {\r\n.gvxpj69efdb25e83a7 {\r\ndisplay: block;\r\n}\r\n}\r\n@media screen and (min-width: 769px) and (max-width: 992px) {\r\n.gvxpj69efdb25e83a7 {\r\ndisplay: block;\r\n}\r\n}\r\n@media screen and (min-width: 768px) and (max-width: 768px) {\r\n.gvxpj69efdb25e83a7 {\r\ndisplay: block;\r\n}\r\n}\r\n@media screen and (max-width: 767px) {\r\n.gvxpj69efdb25e83a7 {\r\ndisplay: block;\r\n}\r\n}\r\n<\/style>\r\n\n<p>&nbsp;<\/p>\n<div style=\"margin-top: 0px; margin-bottom: 0px;\" class=\"sharethis-inline-share-buttons\" ><\/div>","protected":false},"excerpt":{"rendered":"<p>El punto de partida de esta gran fiesta, que marca el inicio de la \u00e9poca decembrina, fue la avenida Intercomunal<\/p>\n","protected":false},"author":1,"featured_media":160600,"comment_status":"open","ping_status":"closed","sticky":false,"template":"","format":"standard","meta":{"colormag_page_container_layout":"default_layout","colormag_page_sidebar_layout":"default_layout","_uag_custom_page_level_css":"","footnotes":""},"categories":[14504],"tags":[14104,162,29950,6233,2101,27524,26086,14098,233,2655,2354,32],"class_list":["post-160599","post","type-post","status-publish","format-standard","has-post-thumbnail","hentry","category-zulia","tag-alcaldia-de-lagunillas","tag-ciudad-ojeda","tag-ciudad-urdaneta","tag-encendido-de-la-navidad","tag-gobernacion-del-zulia","tag-jose-mosquera","tag-manuel-rosales-guerrero","tag-municipio-lagunillas","tag-nacionales","tag-navidad","tag-regionales","tag-venezuela"],"yoast_head":"<!-- This site is optimized with the Yoast SEO plugin v27.4 - https:\/\/yoast.com\/product\/yoast-seo-wordpress\/ -->\n<title>#Zulia | Manuel Rosales y Jos\u00e9 Mosquera encienden la Navidad en Lagunillas<\/title>\n<meta name=\"robots\" content=\"index, follow, max-snippet:-1, max-image-preview:large, max-video-preview:-1\" \/>\n<link rel=\"canonical\" href=\"https:\/\/digital58.com.ve\/site\/2022\/12\/05\/zulia-manuel-rosales-y-jose-mosquera-encienden-la-navidad-en-lagunillas\/\" \/>\n<meta property=\"og:locale\" content=\"es_ES\" \/>\n<meta property=\"og:type\" content=\"article\" \/>\n<meta property=\"og:title\" content=\"#Zulia | Manuel Rosales y Jos\u00e9 Mosquera encienden la Navidad en Lagunillas\" \/>\n<meta property=\"og:url\" content=\"https:\/\/digital58.com.ve\/site\/2022\/12\/05\/zulia-manuel-rosales-y-jose-mosquera-encienden-la-navidad-en-lagunillas\/\" \/>\n<meta property=\"og:site_name\" content=\"Noticias Digital58\" \/>\n<meta property=\"article:published_time\" content=\"2022-12-05T12:48:42+00:00\" \/>\n<meta property=\"og:image\" content=\"https:\/\/i0.wp.com\/digital58.com.ve\/site\/wp-content\/uploads\/2022\/12\/IMG-20221203-WA0043.jpg?fit=451%2C600&ssl=1\" \/>\n\t<meta property=\"og:image:width\" content=\"451\" \/>\n\t<meta property=\"og:image:height\" content=\"600\" \/>\n\t<meta property=\"og:image:type\" content=\"image\/jpeg\" \/>\n<meta name=\"author\" content=\"Villasmil Henry\" \/>\n<meta name=\"twitter:card\" content=\"summary_large_image\" \/>\n<meta name=\"twitter:creator\" content=\"@https:\/\/twitter.com\/villasmilhfoto\" \/>\n<meta name=\"twitter:site\" content=\"@villasmilhfoto\" \/>\n<meta name=\"twitter:label1\" content=\"Escrito por\" \/>\n\t<meta name=\"twitter:data1\" content=\"Villasmil Henry\" \/>\n\t<meta name=\"twitter:label2\" content=\"Tiempo estimado de lectura\" \/>\n\t<meta name=\"twitter:data2\" content=\"2 minutos\" \/>\n<script type=\"application\/ld+json\" class=\"yoast-schema-graph\">{\"@context\":\"https:\\\/\\\/schema.org\",\"@graph\":[{\"@type\":\"Article\",\"@id\":\"https:\\\/\\\/digital58.com.ve\\\/site\\\/2022\\\/12\\\/05\\\/zulia-manuel-rosales-y-jose-mosquera-encienden-la-navidad-en-lagunillas\\\/#article\",\"isPartOf\":{\"@id\":\"https:\\\/\\\/digital58.com.ve\\\/site\\\/2022\\\/12\\\/05\\\/zulia-manuel-rosales-y-jose-mosquera-encienden-la-navidad-en-lagunillas\\\/\"},\"author\":{\"name\":\"Villasmil Henry\",\"@id\":\"https:\\\/\\\/digital58.com.ve\\\/site\\\/#\\\/schema\\\/person\\\/64d1c2e4d0d4fd1b849980c4331c2951\"},\"headline\":\"#Zulia | Manuel Rosales y Jos\u00e9 Mosquera encienden la Navidad en Lagunillas\",\"datePublished\":\"2022-12-05T12:48:42+00:00\",\"mainEntityOfPage\":{\"@id\":\"https:\\\/\\\/digital58.com.ve\\\/site\\\/2022\\\/12\\\/05\\\/zulia-manuel-rosales-y-jose-mosquera-encienden-la-navidad-en-lagunillas\\\/\"},\"wordCount\":482,\"commentCount\":0,\"publisher\":{\"@id\":\"https:\\\/\\\/digital58.com.ve\\\/site\\\/#\\\/schema\\\/person\\\/64d1c2e4d0d4fd1b849980c4331c2951\"},\"image\":{\"@id\":\"https:\\\/\\\/digital58.com.ve\\\/site\\\/2022\\\/12\\\/05\\\/zulia-manuel-rosales-y-jose-mosquera-encienden-la-navidad-en-lagunillas\\\/#primaryimage\"},\"thumbnailUrl\":\"https:\\\/\\\/digital58.com.ve\\\/site\\\/wp-content\\\/uploads\\\/2022\\\/12\\\/IMG-20221203-WA0043.jpg\",\"keywords\":[\"Alcald\u00eda de Lagunillas\",\"Ciudad Ojeda\",\"Ciudad Urdaneta\",\"Encendido de la Navidad\",\"Gobernaci\u00f3n del Zulia\",\"Jos\u00e9 Mosquera\",\"Manuel Rosales Guerrero\",\"Municipio Lagunillas\",\"Nacionales\",\"Navidad\",\"Regionales\",\"Venezuela\"],\"articleSection\":[\"Zulia\"],\"inLanguage\":\"es\",\"potentialAction\":[{\"@type\":\"CommentAction\",\"name\":\"Comment\",\"target\":[\"https:\\\/\\\/digital58.com.ve\\\/site\\\/2022\\\/12\\\/05\\\/zulia-manuel-rosales-y-jose-mosquera-encienden-la-navidad-en-lagunillas\\\/#respond\"]}]},{\"@type\":\"WebPage\",\"@id\":\"https:\\\/\\\/digital58.com.ve\\\/site\\\/2022\\\/12\\\/05\\\/zulia-manuel-rosales-y-jose-mosquera-encienden-la-navidad-en-lagunillas\\\/\",\"url\":\"https:\\\/\\\/digital58.com.ve\\\/site\\\/2022\\\/12\\\/05\\\/zulia-manuel-rosales-y-jose-mosquera-encienden-la-navidad-en-lagunillas\\\/\",\"name\":\"#Zulia | Manuel Rosales y Jos\u00e9 Mosquera encienden la Navidad en Lagunillas\",\"isPartOf\":{\"@id\":\"https:\\\/\\\/digital58.com.ve\\\/site\\\/#website\"},\"primaryImageOfPage\":{\"@id\":\"https:\\\/\\\/digital58.com.ve\\\/site\\\/2022\\\/12\\\/05\\\/zulia-manuel-rosales-y-jose-mosquera-encienden-la-navidad-en-lagunillas\\\/#primaryimage\"},\"image\":{\"@id\":\"https:\\\/\\\/digital58.com.ve\\\/site\\\/2022\\\/12\\\/05\\\/zulia-manuel-rosales-y-jose-mosquera-encienden-la-navidad-en-lagunillas\\\/#primaryimage\"},\"thumbnailUrl\":\"https:\\\/\\\/digital58.com.ve\\\/site\\\/wp-content\\\/uploads\\\/2022\\\/12\\\/IMG-20221203-WA0043.jpg\",\"datePublished\":\"2022-12-05T12:48:42+00:00\",\"breadcrumb\":{\"@id\":\"https:\\\/\\\/digital58.com.ve\\\/site\\\/2022\\\/12\\\/05\\\/zulia-manuel-rosales-y-jose-mosquera-encienden-la-navidad-en-lagunillas\\\/#breadcrumb\"},\"inLanguage\":\"es\",\"potentialAction\":[{\"@type\":\"ReadAction\",\"target\":[\"https:\\\/\\\/digital58.com.ve\\\/site\\\/2022\\\/12\\\/05\\\/zulia-manuel-rosales-y-jose-mosquera-encienden-la-navidad-en-lagunillas\\\/\"]}]},{\"@type\":\"ImageObject\",\"inLanguage\":\"es\",\"@id\":\"https:\\\/\\\/digital58.com.ve\\\/site\\\/2022\\\/12\\\/05\\\/zulia-manuel-rosales-y-jose-mosquera-encienden-la-navidad-en-lagunillas\\\/#primaryimage\",\"url\":\"https:\\\/\\\/digital58.com.ve\\\/site\\\/wp-content\\\/uploads\\\/2022\\\/12\\\/IMG-20221203-WA0043.jpg\",\"contentUrl\":\"https:\\\/\\\/digital58.com.ve\\\/site\\\/wp-content\\\/uploads\\\/2022\\\/12\\\/IMG-20221203-WA0043.jpg\",\"width\":451,\"height\":600},{\"@type\":\"BreadcrumbList\",\"@id\":\"https:\\\/\\\/digital58.com.ve\\\/site\\\/2022\\\/12\\\/05\\\/zulia-manuel-rosales-y-jose-mosquera-encienden-la-navidad-en-lagunillas\\\/#breadcrumb\",\"itemListElement\":[{\"@type\":\"ListItem\",\"position\":1,\"name\":\"Home\",\"item\":\"https:\\\/\\\/digital58.com.ve\\\/site\\\/\"},{\"@type\":\"ListItem\",\"position\":2,\"name\":\"#Zulia | Manuel Rosales y Jos\u00e9 Mosquera encienden la Navidad en Lagunillas\"}]},{\"@type\":\"WebSite\",\"@id\":\"https:\\\/\\\/digital58.com.ve\\\/site\\\/#website\",\"url\":\"https:\\\/\\\/digital58.com.ve\\\/site\\\/\",\"name\":\"Noticias Digital58\",\"description\":\"Portal de Noticias \u00a1Periodismo web de verdad! Lanzamiento web 22.11.2005 \\\/ Maracaibo, Venezuela\",\"publisher\":{\"@id\":\"https:\\\/\\\/digital58.com.ve\\\/site\\\/#\\\/schema\\\/person\\\/64d1c2e4d0d4fd1b849980c4331c2951\"},\"alternateName\":\"ND58\",\"potentialAction\":[{\"@type\":\"SearchAction\",\"target\":{\"@type\":\"EntryPoint\",\"urlTemplate\":\"https:\\\/\\\/digital58.com.ve\\\/site\\\/?s={search_term_string}\"},\"query-input\":{\"@type\":\"PropertyValueSpecification\",\"valueRequired\":true,\"valueName\":\"search_term_string\"}}],\"inLanguage\":\"es\"},{\"@type\":[\"Person\",\"Organization\"],\"@id\":\"https:\\\/\\\/digital58.com.ve\\\/site\\\/#\\\/schema\\\/person\\\/64d1c2e4d0d4fd1b849980c4331c2951\",\"name\":\"Villasmil Henry\",\"image\":{\"@type\":\"ImageObject\",\"inLanguage\":\"es\",\"@id\":\"https:\\\/\\\/secure.gravatar.com\\\/avatar\\\/bb0c4a2fcb7970138239f7e404ea75757b1b507b28b5ce4c53fbd62d797c5a7c?s=96&d=mm&r=g\",\"url\":\"https:\\\/\\\/secure.gravatar.com\\\/avatar\\\/bb0c4a2fcb7970138239f7e404ea75757b1b507b28b5ce4c53fbd62d797c5a7c?s=96&d=mm&r=g\",\"contentUrl\":\"https:\\\/\\\/secure.gravatar.com\\\/avatar\\\/bb0c4a2fcb7970138239f7e404ea75757b1b507b28b5ce4c53fbd62d797c5a7c?s=96&d=mm&r=g\",\"caption\":\"Villasmil Henry\"},\"logo\":{\"@id\":\"https:\\\/\\\/secure.gravatar.com\\\/avatar\\\/bb0c4a2fcb7970138239f7e404ea75757b1b507b28b5ce4c53fbd62d797c5a7c?s=96&d=mm&r=g\"},\"sameAs\":[\"http:\\\/\\\/www.henryvillasmil.com.ve\",\"https:\\\/\\\/www.instagram.com\\\/villasmilhfoto\\\/\",\"https:\\\/\\\/x.com\\\/https:\\\/\\\/twitter.com\\\/villasmilhfoto\"],\"url\":\"https:\\\/\\\/digital58.com.ve\\\/site\\\/author\\\/droopy_68\\\/\"}]}<\/script>\n<!-- \/ Yoast SEO plugin. -->","yoast_head_json":{"title":"#Zulia | Manuel Rosales y Jos\u00e9 Mosquera encienden la Navidad en Lagunillas","robots":{"index":"index","follow":"follow","max-snippet":"max-snippet:-1","max-image-preview":"max-image-preview:large","max-video-preview":"max-video-preview:-1"},"canonical":"https:\/\/digital58.com.ve\/site\/2022\/12\/05\/zulia-manuel-rosales-y-jose-mosquera-encienden-la-navidad-en-lagunillas\/","og_locale":"es_ES","og_type":"article","og_title":"#Zulia | Manuel Rosales y Jos\u00e9 Mosquera encienden la Navidad en Lagunillas","og_url":"https:\/\/digital58.com.ve\/site\/2022\/12\/05\/zulia-manuel-rosales-y-jose-mosquera-encienden-la-navidad-en-lagunillas\/","og_site_name":"Noticias Digital58","article_published_time":"2022-12-05T12:48:42+00:00","og_image":[{"width":451,"height":600,"url":"https:\/\/i0.wp.com\/digital58.com.ve\/site\/wp-content\/uploads\/2022\/12\/IMG-20221203-WA0043.jpg?fit=451%2C600&ssl=1","type":"image\/jpeg"}],"author":"Villasmil Henry","twitter_card":"summary_large_image","twitter_creator":"@https:\/\/twitter.com\/villasmilhfoto","twitter_site":"@villasmilhfoto","twitter_misc":{"Escrito por":"Villasmil Henry","Tiempo estimado de lectura":"2 minutos"},"schema":{"@context":"https:\/\/schema.org","@graph":[{"@type":"Article","@id":"https:\/\/digital58.com.ve\/site\/2022\/12\/05\/zulia-manuel-rosales-y-jose-mosquera-encienden-la-navidad-en-lagunillas\/#article","isPartOf":{"@id":"https:\/\/digital58.com.ve\/site\/2022\/12\/05\/zulia-manuel-rosales-y-jose-mosquera-encienden-la-navidad-en-lagunillas\/"},"author":{"name":"Villasmil Henry","@id":"https:\/\/digital58.com.ve\/site\/#\/schema\/person\/64d1c2e4d0d4fd1b849980c4331c2951"},"headline":"#Zulia | Manuel Rosales y Jos\u00e9 Mosquera encienden la Navidad en Lagunillas","datePublished":"2022-12-05T12:48:42+00:00","mainEntityOfPage":{"@id":"https:\/\/digital58.com.ve\/site\/2022\/12\/05\/zulia-manuel-rosales-y-jose-mosquera-encienden-la-navidad-en-lagunillas\/"},"wordCount":482,"commentCount":0,"publisher":{"@id":"https:\/\/digital58.com.ve\/site\/#\/schema\/person\/64d1c2e4d0d4fd1b849980c4331c2951"},"image":{"@id":"https:\/\/digital58.com.ve\/site\/2022\/12\/05\/zulia-manuel-rosales-y-jose-mosquera-encienden-la-navidad-en-lagunillas\/#primaryimage"},"thumbnailUrl":"https:\/\/digital58.com.ve\/site\/wp-content\/uploads\/2022\/12\/IMG-20221203-WA0043.jpg","keywords":["Alcald\u00eda de Lagunillas","Ciudad Ojeda","Ciudad Urdaneta","Encendido de la Navidad","Gobernaci\u00f3n del Zulia","Jos\u00e9 Mosquera","Manuel Rosales Guerrero","Municipio Lagunillas","Nacionales","Navidad","Regionales","Venezuela"],"articleSection":["Zulia"],"inLanguage":"es","potentialAction":[{"@type":"CommentAction","name":"Comment","target":["https:\/\/digital58.com.ve\/site\/2022\/12\/05\/zulia-manuel-rosales-y-jose-mosquera-encienden-la-navidad-en-lagunillas\/#respond"]}]},{"@type":"WebPage","@id":"https:\/\/digital58.com.ve\/site\/2022\/12\/05\/zulia-manuel-rosales-y-jose-mosquera-encienden-la-navidad-en-lagunillas\/","url":"https:\/\/digital58.com.ve\/site\/2022\/12\/05\/zulia-manuel-rosales-y-jose-mosquera-encienden-la-navidad-en-lagunillas\/","name":"#Zulia | Manuel Rosales y Jos\u00e9 Mosquera encienden la Navidad en Lagunillas","isPartOf":{"@id":"https:\/\/digital58.com.ve\/site\/#website"},"primaryImageOfPage":{"@id":"https:\/\/digital58.com.ve\/site\/2022\/12\/05\/zulia-manuel-rosales-y-jose-mosquera-encienden-la-navidad-en-lagunillas\/#primaryimage"},"image":{"@id":"https:\/\/digital58.com.ve\/site\/2022\/12\/05\/zulia-manuel-rosales-y-jose-mosquera-encienden-la-navidad-en-lagunillas\/#primaryimage"},"thumbnailUrl":"https:\/\/digital58.com.ve\/site\/wp-content\/uploads\/2022\/12\/IMG-20221203-WA0043.jpg","datePublished":"2022-12-05T12:48:42+00:00","breadcrumb":{"@id":"https:\/\/digital58.com.ve\/site\/2022\/12\/05\/zulia-manuel-rosales-y-jose-mosquera-encienden-la-navidad-en-lagunillas\/#breadcrumb"},"inLanguage":"es","potentialAction":[{"@type":"ReadAction","target":["https:\/\/digital58.com.ve\/site\/2022\/12\/05\/zulia-manuel-rosales-y-jose-mosquera-encienden-la-navidad-en-lagunillas\/"]}]},{"@type":"ImageObject","inLanguage":"es","@id":"https:\/\/digital58.com.ve\/site\/2022\/12\/05\/zulia-manuel-rosales-y-jose-mosquera-encienden-la-navidad-en-lagunillas\/#primaryimage","url":"https:\/\/digital58.com.ve\/site\/wp-content\/uploads\/2022\/12\/IMG-20221203-WA0043.jpg","contentUrl":"https:\/\/digital58.com.ve\/site\/wp-content\/uploads\/2022\/12\/IMG-20221203-WA0043.jpg","width":451,"height":600},{"@type":"BreadcrumbList","@id":"https:\/\/digital58.com.ve\/site\/2022\/12\/05\/zulia-manuel-rosales-y-jose-mosquera-encienden-la-navidad-en-lagunillas\/#breadcrumb","itemListElement":[{"@type":"ListItem","position":1,"name":"Home","item":"https:\/\/digital58.com.ve\/site\/"},{"@type":"ListItem","position":2,"name":"#Zulia | Manuel Rosales y Jos\u00e9 Mosquera encienden la Navidad en Lagunillas"}]},{"@type":"WebSite","@id":"https:\/\/digital58.com.ve\/site\/#website","url":"https:\/\/digital58.com.ve\/site\/","name":"Noticias Digital58","description":"Portal de Noticias \u00a1Periodismo web de verdad! Lanzamiento web 22.11.2005 \/ Maracaibo, Venezuela","publisher":{"@id":"https:\/\/digital58.com.ve\/site\/#\/schema\/person\/64d1c2e4d0d4fd1b849980c4331c2951"},"alternateName":"ND58","potentialAction":[{"@type":"SearchAction","target":{"@type":"EntryPoint","urlTemplate":"https:\/\/digital58.com.ve\/site\/?s={search_term_string}"},"query-input":{"@type":"PropertyValueSpecification","valueRequired":true,"valueName":"search_term_string"}}],"inLanguage":"es"},{"@type":["Person","Organization"],"@id":"https:\/\/digital58.com.ve\/site\/#\/schema\/person\/64d1c2e4d0d4fd1b849980c4331c2951","name":"Villasmil Henry","image":{"@type":"ImageObject","inLanguage":"es","@id":"https:\/\/secure.gravatar.com\/avatar\/bb0c4a2fcb7970138239f7e404ea75757b1b507b28b5ce4c53fbd62d797c5a7c?s=96&d=mm&r=g","url":"https:\/\/secure.gravatar.com\/avatar\/bb0c4a2fcb7970138239f7e404ea75757b1b507b28b5ce4c53fbd62d797c5a7c?s=96&d=mm&r=g","contentUrl":"https:\/\/secure.gravatar.com\/avatar\/bb0c4a2fcb7970138239f7e404ea75757b1b507b28b5ce4c53fbd62d797c5a7c?s=96&d=mm&r=g","caption":"Villasmil Henry"},"logo":{"@id":"https:\/\/secure.gravatar.com\/avatar\/bb0c4a2fcb7970138239f7e404ea75757b1b507b28b5ce4c53fbd62d797c5a7c?s=96&d=mm&r=g"},"sameAs":["http:\/\/www.henryvillasmil.com.ve","https:\/\/www.instagram.com\/villasmilhfoto\/","https:\/\/x.com\/https:\/\/twitter.com\/villasmilhfoto"],"url":"https:\/\/digital58.com.ve\/site\/author\/droopy_68\/"}]}},"uagb_featured_image_src":{"full":["https:\/\/digital58.com.ve\/site\/wp-content\/uploads\/2022\/12\/IMG-20221203-WA0043.jpg",451,600,false],"thumbnail":["https:\/\/digital58.com.ve\/site\/wp-content\/uploads\/2022\/12\/IMG-20221203-WA0043-150x150.jpg",150,150,true],"medium":["https:\/\/digital58.com.ve\/site\/wp-content\/uploads\/2022\/12\/IMG-20221203-WA0043-226x300.jpg",226,300,true],"medium_large":["https:\/\/digital58.com.ve\/site\/wp-content\/uploads\/2022\/12\/IMG-20221203-WA0043.jpg",451,600,false],"large":["https:\/\/digital58.com.ve\/site\/wp-content\/uploads\/2022\/12\/IMG-20221203-WA0043.jpg",451,600,false],"1536x1536":["https:\/\/digital58.com.ve\/site\/wp-content\/uploads\/2022\/12\/IMG-20221203-WA0043.jpg",451,600,false],"2048x2048":["https:\/\/digital58.com.ve\/site\/wp-content\/uploads\/2022\/12\/IMG-20221203-WA0043.jpg",451,600,false],"colormag-highlighted-post":["https:\/\/digital58.com.ve\/site\/wp-content\/uploads\/2022\/12\/IMG-20221203-WA0043-392x272.jpg",392,272,true],"colormag-featured-post-medium":["https:\/\/digital58.com.ve\/site\/wp-content\/uploads\/2022\/12\/IMG-20221203-WA0043-390x205.jpg",390,205,true],"colormag-featured-post-small":["https:\/\/digital58.com.ve\/site\/wp-content\/uploads\/2022\/12\/IMG-20221203-WA0043-130x90.jpg",130,90,true],"colormag-featured-image":["https:\/\/digital58.com.ve\/site\/wp-content\/uploads\/2022\/12\/IMG-20221203-WA0043-451x445.jpg",451,445,true],"colormag-default-news":["https:\/\/digital58.com.ve\/site\/wp-content\/uploads\/2022\/12\/IMG-20221203-WA0043.jpg",113,150,false],"colormag-featured-image-large":["https:\/\/digital58.com.ve\/site\/wp-content\/uploads\/2022\/12\/IMG-20221203-WA0043.jpg",451,600,false]},"uagb_author_info":{"display_name":"Villasmil Henry","author_link":"https:\/\/digital58.com.ve\/site\/author\/droopy_68\/"},"uagb_comment_info":0,"uagb_excerpt":"El punto de partida de esta gran fiesta, que marca el inicio de la \u00e9poca decembrina, fue la avenida Intercomunal","_links":{"self":[{"href":"https:\/\/digital58.com.ve\/site\/wp-json\/wp\/v2\/posts\/160599","targetHints":{"allow":["GET"]}}],"collection":[{"href":"https:\/\/digital58.com.ve\/site\/wp-json\/wp\/v2\/posts"}],"about":[{"href":"https:\/\/digital58.com.ve\/site\/wp-json\/wp\/v2\/types\/post"}],"author":[{"embeddable":true,"href":"https:\/\/digital58.com.ve\/site\/wp-json\/wp\/v2\/users\/1"}],"replies":[{"embeddable":true,"href":"https:\/\/digital58.com.ve\/site\/wp-json\/wp\/v2\/comments?post=160599"}],"version-history":[{"count":0,"href":"https:\/\/digital58.com.ve\/site\/wp-json\/wp\/v2\/posts\/160599\/revisions"}],"wp:featuredmedia":[{"embeddable":true,"href":"https:\/\/digital58.com.ve\/site\/wp-json\/wp\/v2\/media\/160600"}],"wp:attachment":[{"href":"https:\/\/digital58.com.ve\/site\/wp-json\/wp\/v2\/media?parent=160599"}],"wp:term":[{"taxonomy":"category","embeddable":true,"href":"https:\/\/digital58.com.ve\/site\/wp-json\/wp\/v2\/categories?post=160599"},{"taxonomy":"post_tag","embeddable":true,"href":"https:\/\/digital58.com.ve\/site\/wp-json\/wp\/v2\/tags?post=160599"}],"curies":[{"name":"wp","href":"https:\/\/api.w.org\/{rel}","templated":true}]}}