{"id":160712,"date":"2022-12-06T16:29:42","date_gmt":"2022-12-06T20:29:42","guid":{"rendered":"https:\/\/digital58.com.ve\/site\/?p=160712"},"modified":"2022-12-06T16:29:42","modified_gmt":"2022-12-06T20:29:42","slug":"venezuela-y-colombia-abriran-puente-tienditas-el-15-de-diciembre","status":"publish","type":"post","link":"https:\/\/digital58.com.ve\/site\/2022\/12\/06\/venezuela-y-colombia-abriran-puente-tienditas-el-15-de-diciembre\/","title":{"rendered":"#Venezuela y Colombia abrir\u00e1n puente Tienditas el 15 de diciembre"},"content":{"rendered":"<p><img loading=\"lazy\" decoding=\"async\" class=\"size-full wp-image-160713 aligncenter\" src=\"https:\/\/digital58.com.ve\/site\/wp-content\/uploads\/2022\/12\/Venezuela-y-Colombia-abriran-puente-Tienditas-el-15-de-diciembre.jpeg\" alt=\"\" width=\"800\" height=\"450\" srcset=\"https:\/\/digital58.com.ve\/site\/wp-content\/uploads\/2022\/12\/Venezuela-y-Colombia-abriran-puente-Tienditas-el-15-de-diciembre.jpeg 800w, https:\/\/digital58.com.ve\/site\/wp-content\/uploads\/2022\/12\/Venezuela-y-Colombia-abriran-puente-Tienditas-el-15-de-diciembre-300x169.jpeg 300w, https:\/\/digital58.com.ve\/site\/wp-content\/uploads\/2022\/12\/Venezuela-y-Colombia-abriran-puente-Tienditas-el-15-de-diciembre-768x432.jpeg 768w\" sizes=\"auto, (max-width: 800px) 100vw, 800px\" \/><\/p>\n<p>Venezuela y Colombia habilitar\u00e1n el 15 de diciembre el Puente Internacional Tienditas, que une a las dos naciones, por el que se prev\u00e9 que, m\u00e1s adelante, transiten veh\u00edculos particulares, algo que no ocurre desde 2015, informaron este lunes fuentes diplom\u00e1ticas.<\/p>\n<p><strong>Caracas, DC, Venezuela, 6 de diciembre de 2022 (ND58)<\/strong>.-\u00abEl 15 de diciembre queda habilitado el puente de Tienditas, despu\u00e9s de que el Gobierno de Venezuela terminara de completar la infraestructura para activarlo\u00bb, indic\u00f3 en Twitter el embajador de Colombia en el pa\u00eds caribe\u00f1o, Armando Benedetti.<\/p>\n<p>A juicio del diplom\u00e1tico, con esta apertura, el Ejecutivo de Gustavo Petro \u00absigue impulsando la integraci\u00f3n econ\u00f3mica y social\u00bb con Venezuela, luego del restablecimiento de relaciones diplom\u00e1ticas en agosto de este a\u00f1o.<\/p><div class=\"wgwua69f39ce86520b\" ><p style=\"text-align: center;\"><a href=\"https:\/\/t.me\/noticiasdigital58\" target=\"_blank\" rel=\"noopener\"><img class=\"aligncenter size-full wp-image-125363\" src=\"https:\/\/digital58.com.ve\/site\/wp-content\/uploads\/2021\/04\/banner-telegram-web-2021.png\" alt=\"\" width=\"600\" height=\"90\" \/><\/a><\/p><\/div><style type=\"text\/css\">\r\n@media screen and (min-width: 1201px) {\r\n.wgwua69f39ce86520b {\r\ndisplay: block;\r\n}\r\n}\r\n@media screen and (min-width: 993px) and (max-width: 1200px) {\r\n.wgwua69f39ce86520b {\r\ndisplay: block;\r\n}\r\n}\r\n@media screen and (min-width: 769px) and (max-width: 992px) {\r\n.wgwua69f39ce86520b {\r\ndisplay: block;\r\n}\r\n}\r\n@media screen and (min-width: 768px) and (max-width: 768px) {\r\n.wgwua69f39ce86520b {\r\ndisplay: block;\r\n}\r\n}\r\n@media screen and (max-width: 767px) {\r\n.wgwua69f39ce86520b {\r\ndisplay: block;\r\n}\r\n}\r\n<\/style>\r\n\n<p class=\"p1\"><b>Redacci\u00f3n ND58 | EFE<\/b><br \/>\n<b>Edici\u00f3n: \u00c1\u00f1ez, Caren\u00a0<\/b><br \/>\n<b>Gr\u00e1fica: Cortes\u00eda<\/b><\/p>\n<div style=\"margin-top: 0px; margin-bottom: 0px;\" class=\"sharethis-inline-share-buttons\" ><\/div>","protected":false},"excerpt":{"rendered":"<p>Venezuela y Colombia habilitar\u00e1n el 15 de diciembre el Puente Internacional Tienditas, que une a las dos naciones, por el<\/p>\n","protected":false},"author":39,"featured_media":160713,"comment_status":"open","ping_status":"closed","sticky":false,"template":"","format":"standard","meta":{"colormag_page_container_layout":"default_layout","colormag_page_sidebar_layout":"default_layout","_uag_custom_page_level_css":"","footnotes":""},"categories":[16454],"tags":[98,8,14535,233,2716,29978,32],"class_list":["post-160712","post","type-post","status-publish","format-standard","has-post-thumbnail","hentry","category-venezuela","tag-colombia","tag-internacionales","tag-migrantes","tag-nacionales","tag-politica","tag-puente-internacional-tienditas","tag-venezuela"],"yoast_head":"<!-- This site is optimized with the Yoast SEO plugin v27.5 - https:\/\/yoast.com\/product\/yoast-seo-wordpress\/ -->\n<title>#Venezuela y Colombia abrir\u00e1n puente Tienditas el 15 de diciembre<\/title>\n<meta name=\"robots\" content=\"index, follow, max-snippet:-1, max-image-preview:large, max-video-preview:-1\" \/>\n<link rel=\"canonical\" href=\"https:\/\/digital58.com.ve\/site\/2022\/12\/06\/venezuela-y-colombia-abriran-puente-tienditas-el-15-de-diciembre\/\" \/>\n<meta property=\"og:locale\" content=\"es_ES\" \/>\n<meta property=\"og:type\" content=\"article\" \/>\n<meta property=\"og:title\" content=\"#Venezuela y Colombia abrir\u00e1n puente Tienditas el 15 de diciembre\" \/>\n<meta property=\"og:url\" content=\"https:\/\/digital58.com.ve\/site\/2022\/12\/06\/venezuela-y-colombia-abriran-puente-tienditas-el-15-de-diciembre\/\" \/>\n<meta property=\"og:site_name\" content=\"Noticias Digital58\" \/>\n<meta property=\"article:published_time\" content=\"2022-12-06T20:29:42+00:00\" \/>\n<meta property=\"og:image\" content=\"https:\/\/i0.wp.com\/digital58.com.ve\/site\/wp-content\/uploads\/2022\/12\/Venezuela-y-Colombia-abriran-puente-Tienditas-el-15-de-diciembre.jpeg?fit=800%2C450&ssl=1\" \/>\n\t<meta property=\"og:image:width\" content=\"800\" \/>\n\t<meta property=\"og:image:height\" content=\"450\" \/>\n\t<meta property=\"og:image:type\" content=\"image\/jpeg\" \/>\n<meta name=\"author\" content=\"Caren A\u00f1ez\" \/>\n<meta name=\"twitter:card\" content=\"summary_large_image\" \/>\n<meta name=\"twitter:creator\" content=\"@carenanez\" \/>\n<meta name=\"twitter:site\" content=\"@villasmilhfoto\" \/>\n<meta name=\"twitter:label1\" content=\"Escrito por\" \/>\n\t<meta name=\"twitter:data1\" content=\"Caren A\u00f1ez\" \/>\n\t<meta name=\"twitter:label2\" content=\"Tiempo estimado de lectura\" \/>\n\t<meta name=\"twitter:data2\" content=\"1 minuto\" \/>\n<script type=\"application\/ld+json\" class=\"yoast-schema-graph\">{\"@context\":\"https:\\\/\\\/schema.org\",\"@graph\":[{\"@type\":\"Article\",\"@id\":\"https:\\\/\\\/digital58.com.ve\\\/site\\\/2022\\\/12\\\/06\\\/venezuela-y-colombia-abriran-puente-tienditas-el-15-de-diciembre\\\/#article\",\"isPartOf\":{\"@id\":\"https:\\\/\\\/digital58.com.ve\\\/site\\\/2022\\\/12\\\/06\\\/venezuela-y-colombia-abriran-puente-tienditas-el-15-de-diciembre\\\/\"},\"author\":{\"name\":\"Caren A\u00f1ez\",\"@id\":\"https:\\\/\\\/digital58.com.ve\\\/site\\\/#\\\/schema\\\/person\\\/38596b127602deaa13fbcd7585635238\"},\"headline\":\"#Venezuela y Colombia abrir\u00e1n puente Tienditas el 15 de diciembre\",\"datePublished\":\"2022-12-06T20:29:42+00:00\",\"mainEntityOfPage\":{\"@id\":\"https:\\\/\\\/digital58.com.ve\\\/site\\\/2022\\\/12\\\/06\\\/venezuela-y-colombia-abriran-puente-tienditas-el-15-de-diciembre\\\/\"},\"wordCount\":148,\"commentCount\":0,\"publisher\":{\"@id\":\"https:\\\/\\\/digital58.com.ve\\\/site\\\/#\\\/schema\\\/person\\\/64d1c2e4d0d4fd1b849980c4331c2951\"},\"image\":{\"@id\":\"https:\\\/\\\/digital58.com.ve\\\/site\\\/2022\\\/12\\\/06\\\/venezuela-y-colombia-abriran-puente-tienditas-el-15-de-diciembre\\\/#primaryimage\"},\"thumbnailUrl\":\"https:\\\/\\\/digital58.com.ve\\\/site\\\/wp-content\\\/uploads\\\/2022\\\/12\\\/Venezuela-y-Colombia-abriran-puente-Tienditas-el-15-de-diciembre.jpeg\",\"keywords\":[\"Colombia\",\"Internacionales\",\"Migrantes\",\"Nacionales\",\"Pol\u00edtica\",\"Puente Internacional Tienditas\",\"Venezuela\"],\"articleSection\":[\"Venezuela\"],\"inLanguage\":\"es\",\"potentialAction\":[{\"@type\":\"CommentAction\",\"name\":\"Comment\",\"target\":[\"https:\\\/\\\/digital58.com.ve\\\/site\\\/2022\\\/12\\\/06\\\/venezuela-y-colombia-abriran-puente-tienditas-el-15-de-diciembre\\\/#respond\"]}]},{\"@type\":\"WebPage\",\"@id\":\"https:\\\/\\\/digital58.com.ve\\\/site\\\/2022\\\/12\\\/06\\\/venezuela-y-colombia-abriran-puente-tienditas-el-15-de-diciembre\\\/\",\"url\":\"https:\\\/\\\/digital58.com.ve\\\/site\\\/2022\\\/12\\\/06\\\/venezuela-y-colombia-abriran-puente-tienditas-el-15-de-diciembre\\\/\",\"name\":\"#Venezuela y Colombia abrir\u00e1n puente Tienditas el 15 de diciembre\",\"isPartOf\":{\"@id\":\"https:\\\/\\\/digital58.com.ve\\\/site\\\/#website\"},\"primaryImageOfPage\":{\"@id\":\"https:\\\/\\\/digital58.com.ve\\\/site\\\/2022\\\/12\\\/06\\\/venezuela-y-colombia-abriran-puente-tienditas-el-15-de-diciembre\\\/#primaryimage\"},\"image\":{\"@id\":\"https:\\\/\\\/digital58.com.ve\\\/site\\\/2022\\\/12\\\/06\\\/venezuela-y-colombia-abriran-puente-tienditas-el-15-de-diciembre\\\/#primaryimage\"},\"thumbnailUrl\":\"https:\\\/\\\/digital58.com.ve\\\/site\\\/wp-content\\\/uploads\\\/2022\\\/12\\\/Venezuela-y-Colombia-abriran-puente-Tienditas-el-15-de-diciembre.jpeg\",\"datePublished\":\"2022-12-06T20:29:42+00:00\",\"breadcrumb\":{\"@id\":\"https:\\\/\\\/digital58.com.ve\\\/site\\\/2022\\\/12\\\/06\\\/venezuela-y-colombia-abriran-puente-tienditas-el-15-de-diciembre\\\/#breadcrumb\"},\"inLanguage\":\"es\",\"potentialAction\":[{\"@type\":\"ReadAction\",\"target\":[\"https:\\\/\\\/digital58.com.ve\\\/site\\\/2022\\\/12\\\/06\\\/venezuela-y-colombia-abriran-puente-tienditas-el-15-de-diciembre\\\/\"]}]},{\"@type\":\"ImageObject\",\"inLanguage\":\"es\",\"@id\":\"https:\\\/\\\/digital58.com.ve\\\/site\\\/2022\\\/12\\\/06\\\/venezuela-y-colombia-abriran-puente-tienditas-el-15-de-diciembre\\\/#primaryimage\",\"url\":\"https:\\\/\\\/digital58.com.ve\\\/site\\\/wp-content\\\/uploads\\\/2022\\\/12\\\/Venezuela-y-Colombia-abriran-puente-Tienditas-el-15-de-diciembre.jpeg\",\"contentUrl\":\"https:\\\/\\\/digital58.com.ve\\\/site\\\/wp-content\\\/uploads\\\/2022\\\/12\\\/Venezuela-y-Colombia-abriran-puente-Tienditas-el-15-de-diciembre.jpeg\",\"width\":800,\"height\":450},{\"@type\":\"BreadcrumbList\",\"@id\":\"https:\\\/\\\/digital58.com.ve\\\/site\\\/2022\\\/12\\\/06\\\/venezuela-y-colombia-abriran-puente-tienditas-el-15-de-diciembre\\\/#breadcrumb\",\"itemListElement\":[{\"@type\":\"ListItem\",\"position\":1,\"name\":\"Home\",\"item\":\"https:\\\/\\\/digital58.com.ve\\\/site\\\/\"},{\"@type\":\"ListItem\",\"position\":2,\"name\":\"#Venezuela y Colombia abrir\u00e1n puente Tienditas el 15 de diciembre\"}]},{\"@type\":\"WebSite\",\"@id\":\"https:\\\/\\\/digital58.com.ve\\\/site\\\/#website\",\"url\":\"https:\\\/\\\/digital58.com.ve\\\/site\\\/\",\"name\":\"Noticias Digital58\",\"description\":\"Portal de Noticias \u00a1Periodismo web de verdad! Lanzamiento web 22.11.2005 \\\/ Maracaibo, Venezuela\",\"publisher\":{\"@id\":\"https:\\\/\\\/digital58.com.ve\\\/site\\\/#\\\/schema\\\/person\\\/64d1c2e4d0d4fd1b849980c4331c2951\"},\"alternateName\":\"ND58\",\"potentialAction\":[{\"@type\":\"SearchAction\",\"target\":{\"@type\":\"EntryPoint\",\"urlTemplate\":\"https:\\\/\\\/digital58.com.ve\\\/site\\\/?s={search_term_string}\"},\"query-input\":{\"@type\":\"PropertyValueSpecification\",\"valueRequired\":true,\"valueName\":\"search_term_string\"}}],\"inLanguage\":\"es\"},{\"@type\":[\"Person\",\"Organization\"],\"@id\":\"https:\\\/\\\/digital58.com.ve\\\/site\\\/#\\\/schema\\\/person\\\/64d1c2e4d0d4fd1b849980c4331c2951\",\"name\":\"Villasmil Henry\",\"image\":{\"@type\":\"ImageObject\",\"inLanguage\":\"es\",\"@id\":\"https:\\\/\\\/secure.gravatar.com\\\/avatar\\\/bb0c4a2fcb7970138239f7e404ea75757b1b507b28b5ce4c53fbd62d797c5a7c?s=96&d=mm&r=g\",\"url\":\"https:\\\/\\\/secure.gravatar.com\\\/avatar\\\/bb0c4a2fcb7970138239f7e404ea75757b1b507b28b5ce4c53fbd62d797c5a7c?s=96&d=mm&r=g\",\"contentUrl\":\"https:\\\/\\\/secure.gravatar.com\\\/avatar\\\/bb0c4a2fcb7970138239f7e404ea75757b1b507b28b5ce4c53fbd62d797c5a7c?s=96&d=mm&r=g\",\"caption\":\"Villasmil Henry\"},\"logo\":{\"@id\":\"https:\\\/\\\/secure.gravatar.com\\\/avatar\\\/bb0c4a2fcb7970138239f7e404ea75757b1b507b28b5ce4c53fbd62d797c5a7c?s=96&d=mm&r=g\"},\"sameAs\":[\"http:\\\/\\\/www.henryvillasmil.com.ve\",\"https:\\\/\\\/www.instagram.com\\\/villasmilhfoto\\\/\",\"https:\\\/\\\/x.com\\\/https:\\\/\\\/twitter.com\\\/villasmilhfoto\"]},{\"@type\":\"Person\",\"@id\":\"https:\\\/\\\/digital58.com.ve\\\/site\\\/#\\\/schema\\\/person\\\/38596b127602deaa13fbcd7585635238\",\"name\":\"Caren A\u00f1ez\",\"image\":{\"@type\":\"ImageObject\",\"inLanguage\":\"es\",\"@id\":\"https:\\\/\\\/secure.gravatar.com\\\/avatar\\\/53aadd693aa414991c9ff2f2b19c39be94d2c342463b80f5402d344911bc9782?s=96&d=mm&r=g\",\"url\":\"https:\\\/\\\/secure.gravatar.com\\\/avatar\\\/53aadd693aa414991c9ff2f2b19c39be94d2c342463b80f5402d344911bc9782?s=96&d=mm&r=g\",\"contentUrl\":\"https:\\\/\\\/secure.gravatar.com\\\/avatar\\\/53aadd693aa414991c9ff2f2b19c39be94d2c342463b80f5402d344911bc9782?s=96&d=mm&r=g\",\"caption\":\"Caren A\u00f1ez\"},\"description\":\"\ud83d\udc69\u200d\ud83c\udfa4Editora en @digital_58 \ud83d\udc69\ud83c\udffb\u200d\ud83c\udfebPeriodista musical y de entretenimiento. \ud83d\udcf8Fotografa \ud83d\udc69\ud83c\udffb\u200d\ud83d\udcbbMedia Management. \ud83d\udc69\u200d\ud83d\udc67\u200d\ud83d\udc67AspieMon 24\\\/7\",\"sameAs\":[\"https:\\\/\\\/www.instagram.com\\\/carenanez\\\/\",\"https:\\\/\\\/x.com\\\/carenanez\"],\"url\":\"https:\\\/\\\/digital58.com.ve\\\/site\\\/author\\\/carena21\\\/\"}]}<\/script>\n<!-- \/ Yoast SEO plugin. -->","yoast_head_json":{"title":"#Venezuela y Colombia abrir\u00e1n puente Tienditas el 15 de diciembre","robots":{"index":"index","follow":"follow","max-snippet":"max-snippet:-1","max-image-preview":"max-image-preview:large","max-video-preview":"max-video-preview:-1"},"canonical":"https:\/\/digital58.com.ve\/site\/2022\/12\/06\/venezuela-y-colombia-abriran-puente-tienditas-el-15-de-diciembre\/","og_locale":"es_ES","og_type":"article","og_title":"#Venezuela y Colombia abrir\u00e1n puente Tienditas el 15 de diciembre","og_url":"https:\/\/digital58.com.ve\/site\/2022\/12\/06\/venezuela-y-colombia-abriran-puente-tienditas-el-15-de-diciembre\/","og_site_name":"Noticias Digital58","article_published_time":"2022-12-06T20:29:42+00:00","og_image":[{"width":800,"height":450,"url":"https:\/\/i0.wp.com\/digital58.com.ve\/site\/wp-content\/uploads\/2022\/12\/Venezuela-y-Colombia-abriran-puente-Tienditas-el-15-de-diciembre.jpeg?fit=800%2C450&ssl=1","type":"image\/jpeg"}],"author":"Caren A\u00f1ez","twitter_card":"summary_large_image","twitter_creator":"@carenanez","twitter_site":"@villasmilhfoto","twitter_misc":{"Escrito por":"Caren A\u00f1ez","Tiempo estimado de lectura":"1 minuto"},"schema":{"@context":"https:\/\/schema.org","@graph":[{"@type":"Article","@id":"https:\/\/digital58.com.ve\/site\/2022\/12\/06\/venezuela-y-colombia-abriran-puente-tienditas-el-15-de-diciembre\/#article","isPartOf":{"@id":"https:\/\/digital58.com.ve\/site\/2022\/12\/06\/venezuela-y-colombia-abriran-puente-tienditas-el-15-de-diciembre\/"},"author":{"name":"Caren A\u00f1ez","@id":"https:\/\/digital58.com.ve\/site\/#\/schema\/person\/38596b127602deaa13fbcd7585635238"},"headline":"#Venezuela y Colombia abrir\u00e1n puente Tienditas el 15 de diciembre","datePublished":"2022-12-06T20:29:42+00:00","mainEntityOfPage":{"@id":"https:\/\/digital58.com.ve\/site\/2022\/12\/06\/venezuela-y-colombia-abriran-puente-tienditas-el-15-de-diciembre\/"},"wordCount":148,"commentCount":0,"publisher":{"@id":"https:\/\/digital58.com.ve\/site\/#\/schema\/person\/64d1c2e4d0d4fd1b849980c4331c2951"},"image":{"@id":"https:\/\/digital58.com.ve\/site\/2022\/12\/06\/venezuela-y-colombia-abriran-puente-tienditas-el-15-de-diciembre\/#primaryimage"},"thumbnailUrl":"https:\/\/digital58.com.ve\/site\/wp-content\/uploads\/2022\/12\/Venezuela-y-Colombia-abriran-puente-Tienditas-el-15-de-diciembre.jpeg","keywords":["Colombia","Internacionales","Migrantes","Nacionales","Pol\u00edtica","Puente Internacional Tienditas","Venezuela"],"articleSection":["Venezuela"],"inLanguage":"es","potentialAction":[{"@type":"CommentAction","name":"Comment","target":["https:\/\/digital58.com.ve\/site\/2022\/12\/06\/venezuela-y-colombia-abriran-puente-tienditas-el-15-de-diciembre\/#respond"]}]},{"@type":"WebPage","@id":"https:\/\/digital58.com.ve\/site\/2022\/12\/06\/venezuela-y-colombia-abriran-puente-tienditas-el-15-de-diciembre\/","url":"https:\/\/digital58.com.ve\/site\/2022\/12\/06\/venezuela-y-colombia-abriran-puente-tienditas-el-15-de-diciembre\/","name":"#Venezuela y Colombia abrir\u00e1n puente Tienditas el 15 de diciembre","isPartOf":{"@id":"https:\/\/digital58.com.ve\/site\/#website"},"primaryImageOfPage":{"@id":"https:\/\/digital58.com.ve\/site\/2022\/12\/06\/venezuela-y-colombia-abriran-puente-tienditas-el-15-de-diciembre\/#primaryimage"},"image":{"@id":"https:\/\/digital58.com.ve\/site\/2022\/12\/06\/venezuela-y-colombia-abriran-puente-tienditas-el-15-de-diciembre\/#primaryimage"},"thumbnailUrl":"https:\/\/digital58.com.ve\/site\/wp-content\/uploads\/2022\/12\/Venezuela-y-Colombia-abriran-puente-Tienditas-el-15-de-diciembre.jpeg","datePublished":"2022-12-06T20:29:42+00:00","breadcrumb":{"@id":"https:\/\/digital58.com.ve\/site\/2022\/12\/06\/venezuela-y-colombia-abriran-puente-tienditas-el-15-de-diciembre\/#breadcrumb"},"inLanguage":"es","potentialAction":[{"@type":"ReadAction","target":["https:\/\/digital58.com.ve\/site\/2022\/12\/06\/venezuela-y-colombia-abriran-puente-tienditas-el-15-de-diciembre\/"]}]},{"@type":"ImageObject","inLanguage":"es","@id":"https:\/\/digital58.com.ve\/site\/2022\/12\/06\/venezuela-y-colombia-abriran-puente-tienditas-el-15-de-diciembre\/#primaryimage","url":"https:\/\/digital58.com.ve\/site\/wp-content\/uploads\/2022\/12\/Venezuela-y-Colombia-abriran-puente-Tienditas-el-15-de-diciembre.jpeg","contentUrl":"https:\/\/digital58.com.ve\/site\/wp-content\/uploads\/2022\/12\/Venezuela-y-Colombia-abriran-puente-Tienditas-el-15-de-diciembre.jpeg","width":800,"height":450},{"@type":"BreadcrumbList","@id":"https:\/\/digital58.com.ve\/site\/2022\/12\/06\/venezuela-y-colombia-abriran-puente-tienditas-el-15-de-diciembre\/#breadcrumb","itemListElement":[{"@type":"ListItem","position":1,"name":"Home","item":"https:\/\/digital58.com.ve\/site\/"},{"@type":"ListItem","position":2,"name":"#Venezuela y Colombia abrir\u00e1n puente Tienditas el 15 de diciembre"}]},{"@type":"WebSite","@id":"https:\/\/digital58.com.ve\/site\/#website","url":"https:\/\/digital58.com.ve\/site\/","name":"Noticias Digital58","description":"Portal de Noticias \u00a1Periodismo web de verdad! Lanzamiento web 22.11.2005 \/ Maracaibo, Venezuela","publisher":{"@id":"https:\/\/digital58.com.ve\/site\/#\/schema\/person\/64d1c2e4d0d4fd1b849980c4331c2951"},"alternateName":"ND58","potentialAction":[{"@type":"SearchAction","target":{"@type":"EntryPoint","urlTemplate":"https:\/\/digital58.com.ve\/site\/?s={search_term_string}"},"query-input":{"@type":"PropertyValueSpecification","valueRequired":true,"valueName":"search_term_string"}}],"inLanguage":"es"},{"@type":["Person","Organization"],"@id":"https:\/\/digital58.com.ve\/site\/#\/schema\/person\/64d1c2e4d0d4fd1b849980c4331c2951","name":"Villasmil Henry","image":{"@type":"ImageObject","inLanguage":"es","@id":"https:\/\/secure.gravatar.com\/avatar\/bb0c4a2fcb7970138239f7e404ea75757b1b507b28b5ce4c53fbd62d797c5a7c?s=96&d=mm&r=g","url":"https:\/\/secure.gravatar.com\/avatar\/bb0c4a2fcb7970138239f7e404ea75757b1b507b28b5ce4c53fbd62d797c5a7c?s=96&d=mm&r=g","contentUrl":"https:\/\/secure.gravatar.com\/avatar\/bb0c4a2fcb7970138239f7e404ea75757b1b507b28b5ce4c53fbd62d797c5a7c?s=96&d=mm&r=g","caption":"Villasmil Henry"},"logo":{"@id":"https:\/\/secure.gravatar.com\/avatar\/bb0c4a2fcb7970138239f7e404ea75757b1b507b28b5ce4c53fbd62d797c5a7c?s=96&d=mm&r=g"},"sameAs":["http:\/\/www.henryvillasmil.com.ve","https:\/\/www.instagram.com\/villasmilhfoto\/","https:\/\/x.com\/https:\/\/twitter.com\/villasmilhfoto"]},{"@type":"Person","@id":"https:\/\/digital58.com.ve\/site\/#\/schema\/person\/38596b127602deaa13fbcd7585635238","name":"Caren A\u00f1ez","image":{"@type":"ImageObject","inLanguage":"es","@id":"https:\/\/secure.gravatar.com\/avatar\/53aadd693aa414991c9ff2f2b19c39be94d2c342463b80f5402d344911bc9782?s=96&d=mm&r=g","url":"https:\/\/secure.gravatar.com\/avatar\/53aadd693aa414991c9ff2f2b19c39be94d2c342463b80f5402d344911bc9782?s=96&d=mm&r=g","contentUrl":"https:\/\/secure.gravatar.com\/avatar\/53aadd693aa414991c9ff2f2b19c39be94d2c342463b80f5402d344911bc9782?s=96&d=mm&r=g","caption":"Caren A\u00f1ez"},"description":"\ud83d\udc69\u200d\ud83c\udfa4Editora en @digital_58 \ud83d\udc69\ud83c\udffb\u200d\ud83c\udfebPeriodista musical y de entretenimiento. \ud83d\udcf8Fotografa \ud83d\udc69\ud83c\udffb\u200d\ud83d\udcbbMedia Management. \ud83d\udc69\u200d\ud83d\udc67\u200d\ud83d\udc67AspieMon 24\/7","sameAs":["https:\/\/www.instagram.com\/carenanez\/","https:\/\/x.com\/carenanez"],"url":"https:\/\/digital58.com.ve\/site\/author\/carena21\/"}]}},"uagb_featured_image_src":{"full":["https:\/\/digital58.com.ve\/site\/wp-content\/uploads\/2022\/12\/Venezuela-y-Colombia-abriran-puente-Tienditas-el-15-de-diciembre.jpeg",800,450,false],"thumbnail":["https:\/\/digital58.com.ve\/site\/wp-content\/uploads\/2022\/12\/Venezuela-y-Colombia-abriran-puente-Tienditas-el-15-de-diciembre-150x150.jpeg",150,150,true],"medium":["https:\/\/digital58.com.ve\/site\/wp-content\/uploads\/2022\/12\/Venezuela-y-Colombia-abriran-puente-Tienditas-el-15-de-diciembre-300x169.jpeg",300,169,true],"medium_large":["https:\/\/digital58.com.ve\/site\/wp-content\/uploads\/2022\/12\/Venezuela-y-Colombia-abriran-puente-Tienditas-el-15-de-diciembre-768x432.jpeg",768,432,true],"large":["https:\/\/digital58.com.ve\/site\/wp-content\/uploads\/2022\/12\/Venezuela-y-Colombia-abriran-puente-Tienditas-el-15-de-diciembre.jpeg",800,450,false],"1536x1536":["https:\/\/digital58.com.ve\/site\/wp-content\/uploads\/2022\/12\/Venezuela-y-Colombia-abriran-puente-Tienditas-el-15-de-diciembre.jpeg",800,450,false],"2048x2048":["https:\/\/digital58.com.ve\/site\/wp-content\/uploads\/2022\/12\/Venezuela-y-Colombia-abriran-puente-Tienditas-el-15-de-diciembre.jpeg",800,450,false],"colormag-highlighted-post":["https:\/\/digital58.com.ve\/site\/wp-content\/uploads\/2022\/12\/Venezuela-y-Colombia-abriran-puente-Tienditas-el-15-de-diciembre-392x272.jpeg",392,272,true],"colormag-featured-post-medium":["https:\/\/digital58.com.ve\/site\/wp-content\/uploads\/2022\/12\/Venezuela-y-Colombia-abriran-puente-Tienditas-el-15-de-diciembre-390x205.jpeg",390,205,true],"colormag-featured-post-small":["https:\/\/digital58.com.ve\/site\/wp-content\/uploads\/2022\/12\/Venezuela-y-Colombia-abriran-puente-Tienditas-el-15-de-diciembre-130x90.jpeg",130,90,true],"colormag-featured-image":["https:\/\/digital58.com.ve\/site\/wp-content\/uploads\/2022\/12\/Venezuela-y-Colombia-abriran-puente-Tienditas-el-15-de-diciembre-800x445.jpeg",800,445,true],"colormag-default-news":["https:\/\/digital58.com.ve\/site\/wp-content\/uploads\/2022\/12\/Venezuela-y-Colombia-abriran-puente-Tienditas-el-15-de-diciembre.jpeg",150,84,false],"colormag-featured-image-large":["https:\/\/digital58.com.ve\/site\/wp-content\/uploads\/2022\/12\/Venezuela-y-Colombia-abriran-puente-Tienditas-el-15-de-diciembre.jpeg",800,450,false]},"uagb_author_info":{"display_name":"Caren A\u00f1ez","author_link":"https:\/\/digital58.com.ve\/site\/author\/carena21\/"},"uagb_comment_info":0,"uagb_excerpt":"Venezuela y Colombia habilitar\u00e1n el 15 de diciembre el Puente Internacional Tienditas, que une a las dos naciones, por el","_links":{"self":[{"href":"https:\/\/digital58.com.ve\/site\/wp-json\/wp\/v2\/posts\/160712","targetHints":{"allow":["GET"]}}],"collection":[{"href":"https:\/\/digital58.com.ve\/site\/wp-json\/wp\/v2\/posts"}],"about":[{"href":"https:\/\/digital58.com.ve\/site\/wp-json\/wp\/v2\/types\/post"}],"author":[{"embeddable":true,"href":"https:\/\/digital58.com.ve\/site\/wp-json\/wp\/v2\/users\/39"}],"replies":[{"embeddable":true,"href":"https:\/\/digital58.com.ve\/site\/wp-json\/wp\/v2\/comments?post=160712"}],"version-history":[{"count":0,"href":"https:\/\/digital58.com.ve\/site\/wp-json\/wp\/v2\/posts\/160712\/revisions"}],"wp:featuredmedia":[{"embeddable":true,"href":"https:\/\/digital58.com.ve\/site\/wp-json\/wp\/v2\/media\/160713"}],"wp:attachment":[{"href":"https:\/\/digital58.com.ve\/site\/wp-json\/wp\/v2\/media?parent=160712"}],"wp:term":[{"taxonomy":"category","embeddable":true,"href":"https:\/\/digital58.com.ve\/site\/wp-json\/wp\/v2\/categories?post=160712"},{"taxonomy":"post_tag","embeddable":true,"href":"https:\/\/digital58.com.ve\/site\/wp-json\/wp\/v2\/tags?post=160712"}],"curies":[{"name":"wp","href":"https:\/\/api.w.org\/{rel}","templated":true}]}}