{"id":160766,"date":"2022-12-07T17:48:45","date_gmt":"2022-12-07T21:48:45","guid":{"rendered":"https:\/\/digital58.com.ve\/site\/?p=160766"},"modified":"2022-12-07T17:48:45","modified_gmt":"2022-12-07T21:48:45","slug":"detienen-a-pedro-castillo-tras-ser-destituido-como-presidente-de-peru-por-el-congreso","status":"publish","type":"post","link":"https:\/\/digital58.com.ve\/site\/2022\/12\/07\/detienen-a-pedro-castillo-tras-ser-destituido-como-presidente-de-peru-por-el-congreso\/","title":{"rendered":"Detienen a Pedro Castillo tras ser destituido como presidente de Per\u00fa por el Congreso"},"content":{"rendered":"<figure id=\"attachment_160767\" aria-describedby=\"caption-attachment-160767\" style=\"width: 800px\" class=\"wp-caption alignnone\"><img loading=\"lazy\" decoding=\"async\" class=\"wp-image-160767 size-large\" src=\"https:\/\/digital58.com.ve\/site\/wp-content\/uploads\/2022\/12\/AME2417-PERU-OEA-ASAMBLEA-1000x667.webp\" alt=\"\" width=\"800\" height=\"534\" srcset=\"https:\/\/digital58.com.ve\/site\/wp-content\/uploads\/2022\/12\/AME2417-PERU-OEA-ASAMBLEA-1000x667.webp 1000w, https:\/\/digital58.com.ve\/site\/wp-content\/uploads\/2022\/12\/AME2417-PERU-OEA-ASAMBLEA-300x200.webp 300w, https:\/\/digital58.com.ve\/site\/wp-content\/uploads\/2022\/12\/AME2417-PERU-OEA-ASAMBLEA-768x512.webp 768w, https:\/\/digital58.com.ve\/site\/wp-content\/uploads\/2022\/12\/AME2417-PERU-OEA-ASAMBLEA.webp 1024w\" sizes=\"auto, (max-width: 800px) 100vw, 800px\" \/><figcaption id=\"caption-attachment-160767\" class=\"wp-caption-text\">Fotograf\u00eda de archivo del presidente de Per\u00fa, Pedro Castillo. EFE\/Paolo Aguilar<\/figcaption><\/figure>\n<p>El destituido presidente de Per\u00fa, Pedro Castillo, fue detenido este mi\u00e9rcoles y se encuentra en la sede de la prefectura de la Polic\u00eda de Lima, poco despu\u00e9s de ser destituido por el Congreso y de ser mayoritariamente acusado de haber intentado perpetrar un golpe de Estado.<\/p>\n<p><strong>Lima, Per\u00fa, 07 de diciembre de 2022 (ND58).-<\/strong>\u00abDando cumplimiento a nuestras facultades y atribuciones descritas en el art\u00edculo 5 de D.L (decreto legislativo) n.\u00b0 1267 Ley la Polic\u00eda Nacional del Per\u00fa (PNP), efectivos PNP intervienen al expresidente Pedro Castillo\u00bb, escribi\u00f3 la cuenta oficial de ese cuerpo en su cuenta de Twitter.<\/p>\n<p>Durante cerca de media hora se desconoci\u00f3 el paradero de Castillo, quien a primera hora de la ma\u00f1ana dict\u00f3 el cierre del Congreso y el nombramiento de un Gobierno de emergencia, una medida que fue tachada por la oposici\u00f3n y varios miembros de su Gobierno, entre ellos la vicepresidenta Dina Boluarte, como un golpe de Estado.<\/p>\n<p>\u00abRechazamos el quebrantamiento del orden constitucional y exhortamos a la poblaci\u00f3n a respetar la Constituci\u00f3n Pol\u00edtica y a mantener la calma. Asimismo, confiar en las instituciones del Estado\u00bb, escribi\u00f3 la Polic\u00eda minutos antes de confirmar la detenci\u00f3n de Castillo.<\/p>\n<p><strong>La reacci\u00f3n del Congreso<\/strong><br \/>\nEl pleno del Congreso destituy\u00f3 a Castillo, por \u00abpermanente incapacidad moral\u00bb con 101 de 130 votos a favor, despu\u00e9s de que este anunciara la disoluci\u00f3n del Legislativo y declarara un Gobierno de excepci\u00f3n de emergencia, lo que fue calificado como un golpe de Estado por diferentes voces, incluida la vicepresidenta.<\/p>\n<p>Tras esta decisi\u00f3n, el Parlamento cit\u00f3 a la vicepresidenta Dina Boluarte para que jure como nueva jefa de Estado, en reemplazo de Castillo, y se convierta, de esa manera, en la primera mujer gobernante de la historia del pa\u00eds.<\/p>\n<p>\u00abSe cita a las tres de la tarde la sesi\u00f3n del pleno del Congreso, en el que se tomar\u00e1 juramento a la vicepresidenta Dina Boluarte para que asuma el cargo de presidenta de la Rep\u00fablica\u00bb, inform\u00f3 el Congreso en un mensaje publicado en Twitter.<\/p>\n<p>La decisi\u00f3n fue anunciada por el presidente del Legislativo, Jos\u00e9 Williams, luego de que Castillo fuera destituido por el pleno por \u00abpermanente incapacidad moral\u00bb, tras anunciar que iba a disolver el Congreso y la formaci\u00f3n de un Gobierno de emergencia nacional.<\/p>\n<p>Williams inform\u00f3 que, a partir de la decisi\u00f3n del Congreso, se activa la sucesi\u00f3n presidencial contemplada en la Constituci\u00f3n, y se convoca a sesi\u00f3n del pleno para que Boluarte jure como la primera mujer en asumir la presidencia peruana en 200 a\u00f1os de vida republicana del pa\u00eds.<\/p>\n<p><img loading=\"lazy\" decoding=\"async\" class=\"size-full wp-image-160768 aligncenter\" src=\"https:\/\/digital58.com.ve\/site\/wp-content\/uploads\/2022\/12\/Cierre.webp\" alt=\"\" width=\"768\" height=\"512\" srcset=\"https:\/\/digital58.com.ve\/site\/wp-content\/uploads\/2022\/12\/Cierre.webp 768w, https:\/\/digital58.com.ve\/site\/wp-content\/uploads\/2022\/12\/Cierre-300x200.webp 300w\" sizes=\"auto, (max-width: 768px) 100vw, 768px\" \/><\/p>\n<p><strong>El Congreso denuncia un golpe<\/strong><br \/>\nLegisladores de diferentes bancadas del Congreso de Per\u00fa denunciaron que el presidente Pedro Castillo dio un golpe de Estado al anunciar que dicta la disoluci\u00f3n del Parlamento y la conformaci\u00f3n de un \u00abGobierno de emergencia\u00bb en el pa\u00eds.<\/p>\n<p>\u00abEsta decisi\u00f3n configura un golpe de Estado y se aleja de todos los marcos constitucionales\u00bb, declar\u00f3 la legisladora izquierdista Ruth Luque, cuya agrupaci\u00f3n ha apoyado habitualmente la permanencia de Castillo en el poder.<\/p>\n<p>La parlamentaria agreg\u00f3 que la decisi\u00f3n del gobernante \u00abes claramente un golpe al estilo del 92\u00bb, en referencia al \u00abautogolpe\u00bb que dio en 1992 el entonces presidente Alberto Fujimori (1990-2000), que tambi\u00e9n disolvi\u00f3 el Congreso.<\/p>\n<p>El congresista derechista Jos\u00e9 Cueto, del partido ultraconservador Renovaci\u00f3n Popular y excomandante de las Fuerzas Armadas, afirm\u00f3 que, \u00abpor supuesto que es un golpe de Estado\u00bb, y que las Fuerzas Armadas \u00abrespaldan al Congreso\u00bb.<\/p>\n<p>La fujimorista Martha Moyano coincidi\u00f3 en que se trata de un golpe de Estado y aunque pidi\u00f3 guardar \u00abla calma\u00bb, dijo que se debe \u00abalzar la voz, decir las cosas como son\u00bb.<\/p>\n<p><strong>La disoluci\u00f3n dictada por Castillo<\/strong><br \/>\nEl mandatario peruano decidi\u00f3 hoy disolver temporalmente el Congreso e instaurar un Gobierno de emergencia nacional, horas antes de que el Parlamento debatiera una moci\u00f3n de vacancia (destituci\u00f3n) en su contra que podr\u00eda haberlo apartado de la jefatura del Estado.<\/p>\n<p>\u00abSe dictan las siguientes medidas: Disolver temporalmente el Congreso de la Rep\u00fablica e instaurar un Gobierno de emergencia excepcional\u00bb, dijo Castillo en un mensaje a la naci\u00f3n que no fue previamente anunciado por su equipo de comunicaciones o en sus redes sociales.<\/p>\n<p>Con un temblor evidente en sus manos, anunci\u00f3 que tambi\u00e9n dicta \u00abconvocar en el m\u00e1s breve plazo a elecciones para un nuevo Congreso con facultades constituyentes para elaborar una nueva Constituci\u00f3n en un plazo no mayor de 9 meses\u00bb.<\/p>\n<p>\u00abSe declara en reorganizaci\u00f3n del sistema judicial, el Poder Judicial, el Ministerio P\u00fablico, la Junta Nacional de Justicia (JNJ) y el Tribunal Constitucional (TC)\u00bb, agreg\u00f3.<\/p>\n<p>Castillo a\u00f1adi\u00f3 que \u00abtodos los que poseen armamento ilegal deber\u00e1n entregarlo a la Polic\u00eda Nacional en el plazo de 72 horas\u00bb y que \u00abquien no lo haga comete delito sancionado con pena privativa de la libertad que se establecer\u00e1 en el respectivo decreto ley\u00bb.<\/p>\n<p><strong>Funcionarios renuncian<\/strong><br \/>\nEl canciller peruano, C\u00e9sar Landa, denunci\u00f3 que Castillo dio \u00abun autogolpe de Estado\u00bb e invoc\u00f3 a la comunidad internacional a ayudar al \u00abre-encauzamiento democr\u00e1tico en Per\u00fa\u00bb, adem\u00e1s de declarar que el mandatario tom\u00f3 la decisi\u00f3n de disolver el Congreso sin su apoyo.<\/p>\n<p>Otro compa\u00f1ero de gabinete, el ministro de Justicia de Per\u00fa, F\u00e9lix Chero, anunci\u00f3 su renuncia al cargo que ocupaba desde marzo pasado por \u00abrespeto a la institucionalidad democr\u00e1tica\u00bb, como tambi\u00e9n lo hicieron los titulares de Econom\u00eda y Trabajo.<\/p>\n<p>Entre tanto, el representante de Per\u00fa ante la Organizaci\u00f3n de Estados Americanos (OEA), Harold Forsyth, se uni\u00f3 a la ola de dimisiones.<\/p>\n<p>\u00abNo puedo por razones morales y profesionales tener ninguna vinculaci\u00f3n con un r\u00e9gimen que funciona en base a decretos\u00bb, dijo el embajador en una reuni\u00f3n del Consejo Permanente de la OEA en Washington.<\/p>\n<p>La vicepresidenta peruana, Dina Boluarte, denunci\u00f3, sin renunciar, que el cierre del Congreso y la conformaci\u00f3n de un Gobierno de emergencia dictado por el mandatario Pedro Castillo constituye un \u00abgolpe de Estado\u00bb.<\/p><div class=\"igscv69ec525ed9a41\" ><p style=\"text-align: center;\"><a href=\"https:\/\/t.me\/noticiasdigital58\" target=\"_blank\" rel=\"noopener\"><img class=\"aligncenter size-full wp-image-125363\" src=\"https:\/\/digital58.com.ve\/site\/wp-content\/uploads\/2021\/04\/banner-telegram-web-2021.png\" alt=\"\" width=\"600\" height=\"90\" \/><\/a><\/p><\/div><style type=\"text\/css\">\r\n@media screen and (min-width: 1201px) {\r\n.igscv69ec525ed9a41 {\r\ndisplay: block;\r\n}\r\n}\r\n@media screen and (min-width: 993px) and (max-width: 1200px) {\r\n.igscv69ec525ed9a41 {\r\ndisplay: block;\r\n}\r\n}\r\n@media screen and (min-width: 769px) and (max-width: 992px) {\r\n.igscv69ec525ed9a41 {\r\ndisplay: block;\r\n}\r\n}\r\n@media screen and (min-width: 768px) and (max-width: 768px) {\r\n.igscv69ec525ed9a41 {\r\ndisplay: block;\r\n}\r\n}\r\n@media screen and (max-width: 767px) {\r\n.igscv69ec525ed9a41 {\r\ndisplay: block;\r\n}\r\n}\r\n<\/style>\r\n\n<p class=\"p1\"><b>Redacci\u00f3n ND58 | EFE<\/b><br \/>\n<b>Edici\u00f3n: \u00c1\u00f1ez, Caren\u00a0<\/b><br \/>\n<b>Gr\u00e1fica: Cortes\u00eda <\/b><\/p>\n<div style=\"margin-top: 0px; margin-bottom: 0px;\" class=\"sharethis-inline-share-buttons\" ><\/div>","protected":false},"excerpt":{"rendered":"<p>El destituido presidente de Per\u00fa, Pedro Castillo, fue detenido este mi\u00e9rcoles y se encuentra en la sede de la prefectura<\/p>\n","protected":false},"author":39,"featured_media":160767,"comment_status":"open","ping_status":"closed","sticky":false,"template":"","format":"standard","meta":{"colormag_page_container_layout":"default_layout","colormag_page_sidebar_layout":"default_layout","_uag_custom_page_level_css":"","footnotes":""},"categories":[16451],"tags":[16438,8,1554,1034,11950,24549,112,2716,7083],"class_list":["post-160766","post","type-post","status-publish","format-standard","has-post-thumbnail","hentry","category-mundo","tag-golpe-de-estado","tag-internacionales","tag-lima","tag-mundo","tag-oea","tag-pedro-castillo","tag-peru","tag-politica","tag-presidente"],"yoast_head":"<!-- This site is optimized with the Yoast SEO plugin v27.4 - https:\/\/yoast.com\/product\/yoast-seo-wordpress\/ -->\n<title>Detienen a Pedro Castillo tras ser destituido como presidente de Per\u00fa por el Congreso<\/title>\n<meta name=\"robots\" content=\"index, follow, max-snippet:-1, max-image-preview:large, max-video-preview:-1\" \/>\n<link rel=\"canonical\" href=\"https:\/\/digital58.com.ve\/site\/2022\/12\/07\/detienen-a-pedro-castillo-tras-ser-destituido-como-presidente-de-peru-por-el-congreso\/\" \/>\n<meta property=\"og:locale\" content=\"es_ES\" \/>\n<meta property=\"og:type\" content=\"article\" \/>\n<meta property=\"og:title\" content=\"Detienen a Pedro Castillo tras ser destituido como presidente de Per\u00fa por el Congreso\" \/>\n<meta property=\"og:url\" content=\"https:\/\/digital58.com.ve\/site\/2022\/12\/07\/detienen-a-pedro-castillo-tras-ser-destituido-como-presidente-de-peru-por-el-congreso\/\" \/>\n<meta property=\"og:site_name\" content=\"Noticias Digital58\" \/>\n<meta property=\"article:published_time\" content=\"2022-12-07T21:48:45+00:00\" \/>\n<meta property=\"og:image\" content=\"https:\/\/i0.wp.com\/digital58.com.ve\/site\/wp-content\/uploads\/2022\/12\/AME2417-PERU-OEA-ASAMBLEA.webp?fit=1024%2C683&ssl=1\" \/>\n\t<meta property=\"og:image:width\" content=\"1024\" \/>\n\t<meta property=\"og:image:height\" content=\"683\" \/>\n\t<meta property=\"og:image:type\" content=\"image\/webp\" \/>\n<meta name=\"author\" content=\"Caren A\u00f1ez\" \/>\n<meta name=\"twitter:card\" content=\"summary_large_image\" \/>\n<meta name=\"twitter:creator\" content=\"@carenanez\" \/>\n<meta name=\"twitter:site\" content=\"@villasmilhfoto\" \/>\n<meta name=\"twitter:label1\" content=\"Escrito por\" \/>\n\t<meta name=\"twitter:data1\" content=\"Caren A\u00f1ez\" \/>\n\t<meta name=\"twitter:label2\" content=\"Tiempo estimado de lectura\" \/>\n\t<meta name=\"twitter:data2\" content=\"5 minutos\" \/>\n<script type=\"application\/ld+json\" class=\"yoast-schema-graph\">{\"@context\":\"https:\\\/\\\/schema.org\",\"@graph\":[{\"@type\":\"Article\",\"@id\":\"https:\\\/\\\/digital58.com.ve\\\/site\\\/2022\\\/12\\\/07\\\/detienen-a-pedro-castillo-tras-ser-destituido-como-presidente-de-peru-por-el-congreso\\\/#article\",\"isPartOf\":{\"@id\":\"https:\\\/\\\/digital58.com.ve\\\/site\\\/2022\\\/12\\\/07\\\/detienen-a-pedro-castillo-tras-ser-destituido-como-presidente-de-peru-por-el-congreso\\\/\"},\"author\":{\"name\":\"Caren A\u00f1ez\",\"@id\":\"https:\\\/\\\/digital58.com.ve\\\/site\\\/#\\\/schema\\\/person\\\/38596b127602deaa13fbcd7585635238\"},\"headline\":\"Detienen a Pedro Castillo tras ser destituido como presidente de Per\u00fa por el Congreso\",\"datePublished\":\"2022-12-07T21:48:45+00:00\",\"mainEntityOfPage\":{\"@id\":\"https:\\\/\\\/digital58.com.ve\\\/site\\\/2022\\\/12\\\/07\\\/detienen-a-pedro-castillo-tras-ser-destituido-como-presidente-de-peru-por-el-congreso\\\/\"},\"wordCount\":1060,\"commentCount\":0,\"publisher\":{\"@id\":\"https:\\\/\\\/digital58.com.ve\\\/site\\\/#\\\/schema\\\/person\\\/64d1c2e4d0d4fd1b849980c4331c2951\"},\"image\":{\"@id\":\"https:\\\/\\\/digital58.com.ve\\\/site\\\/2022\\\/12\\\/07\\\/detienen-a-pedro-castillo-tras-ser-destituido-como-presidente-de-peru-por-el-congreso\\\/#primaryimage\"},\"thumbnailUrl\":\"https:\\\/\\\/digital58.com.ve\\\/site\\\/wp-content\\\/uploads\\\/2022\\\/12\\\/AME2417-PERU-OEA-ASAMBLEA.webp\",\"keywords\":[\"Golpe de Estado\",\"Internacionales\",\"Lima\",\"Mundo\",\"OEA\",\"Pedro Castillo\",\"Per\u00fa\",\"Pol\u00edtica\",\"Presidente\"],\"articleSection\":[\"Mundo\"],\"inLanguage\":\"es\",\"potentialAction\":[{\"@type\":\"CommentAction\",\"name\":\"Comment\",\"target\":[\"https:\\\/\\\/digital58.com.ve\\\/site\\\/2022\\\/12\\\/07\\\/detienen-a-pedro-castillo-tras-ser-destituido-como-presidente-de-peru-por-el-congreso\\\/#respond\"]}]},{\"@type\":\"WebPage\",\"@id\":\"https:\\\/\\\/digital58.com.ve\\\/site\\\/2022\\\/12\\\/07\\\/detienen-a-pedro-castillo-tras-ser-destituido-como-presidente-de-peru-por-el-congreso\\\/\",\"url\":\"https:\\\/\\\/digital58.com.ve\\\/site\\\/2022\\\/12\\\/07\\\/detienen-a-pedro-castillo-tras-ser-destituido-como-presidente-de-peru-por-el-congreso\\\/\",\"name\":\"Detienen a Pedro Castillo tras ser destituido como presidente de Per\u00fa por el Congreso\",\"isPartOf\":{\"@id\":\"https:\\\/\\\/digital58.com.ve\\\/site\\\/#website\"},\"primaryImageOfPage\":{\"@id\":\"https:\\\/\\\/digital58.com.ve\\\/site\\\/2022\\\/12\\\/07\\\/detienen-a-pedro-castillo-tras-ser-destituido-como-presidente-de-peru-por-el-congreso\\\/#primaryimage\"},\"image\":{\"@id\":\"https:\\\/\\\/digital58.com.ve\\\/site\\\/2022\\\/12\\\/07\\\/detienen-a-pedro-castillo-tras-ser-destituido-como-presidente-de-peru-por-el-congreso\\\/#primaryimage\"},\"thumbnailUrl\":\"https:\\\/\\\/digital58.com.ve\\\/site\\\/wp-content\\\/uploads\\\/2022\\\/12\\\/AME2417-PERU-OEA-ASAMBLEA.webp\",\"datePublished\":\"2022-12-07T21:48:45+00:00\",\"breadcrumb\":{\"@id\":\"https:\\\/\\\/digital58.com.ve\\\/site\\\/2022\\\/12\\\/07\\\/detienen-a-pedro-castillo-tras-ser-destituido-como-presidente-de-peru-por-el-congreso\\\/#breadcrumb\"},\"inLanguage\":\"es\",\"potentialAction\":[{\"@type\":\"ReadAction\",\"target\":[\"https:\\\/\\\/digital58.com.ve\\\/site\\\/2022\\\/12\\\/07\\\/detienen-a-pedro-castillo-tras-ser-destituido-como-presidente-de-peru-por-el-congreso\\\/\"]}]},{\"@type\":\"ImageObject\",\"inLanguage\":\"es\",\"@id\":\"https:\\\/\\\/digital58.com.ve\\\/site\\\/2022\\\/12\\\/07\\\/detienen-a-pedro-castillo-tras-ser-destituido-como-presidente-de-peru-por-el-congreso\\\/#primaryimage\",\"url\":\"https:\\\/\\\/digital58.com.ve\\\/site\\\/wp-content\\\/uploads\\\/2022\\\/12\\\/AME2417-PERU-OEA-ASAMBLEA.webp\",\"contentUrl\":\"https:\\\/\\\/digital58.com.ve\\\/site\\\/wp-content\\\/uploads\\\/2022\\\/12\\\/AME2417-PERU-OEA-ASAMBLEA.webp\",\"width\":1024,\"height\":683},{\"@type\":\"BreadcrumbList\",\"@id\":\"https:\\\/\\\/digital58.com.ve\\\/site\\\/2022\\\/12\\\/07\\\/detienen-a-pedro-castillo-tras-ser-destituido-como-presidente-de-peru-por-el-congreso\\\/#breadcrumb\",\"itemListElement\":[{\"@type\":\"ListItem\",\"position\":1,\"name\":\"Home\",\"item\":\"https:\\\/\\\/digital58.com.ve\\\/site\\\/\"},{\"@type\":\"ListItem\",\"position\":2,\"name\":\"Detienen a Pedro Castillo tras ser destituido como presidente de Per\u00fa por el Congreso\"}]},{\"@type\":\"WebSite\",\"@id\":\"https:\\\/\\\/digital58.com.ve\\\/site\\\/#website\",\"url\":\"https:\\\/\\\/digital58.com.ve\\\/site\\\/\",\"name\":\"Noticias Digital58\",\"description\":\"Portal de Noticias \u00a1Periodismo web de verdad! Lanzamiento web 22.11.2005 \\\/ Maracaibo, Venezuela\",\"publisher\":{\"@id\":\"https:\\\/\\\/digital58.com.ve\\\/site\\\/#\\\/schema\\\/person\\\/64d1c2e4d0d4fd1b849980c4331c2951\"},\"alternateName\":\"ND58\",\"potentialAction\":[{\"@type\":\"SearchAction\",\"target\":{\"@type\":\"EntryPoint\",\"urlTemplate\":\"https:\\\/\\\/digital58.com.ve\\\/site\\\/?s={search_term_string}\"},\"query-input\":{\"@type\":\"PropertyValueSpecification\",\"valueRequired\":true,\"valueName\":\"search_term_string\"}}],\"inLanguage\":\"es\"},{\"@type\":[\"Person\",\"Organization\"],\"@id\":\"https:\\\/\\\/digital58.com.ve\\\/site\\\/#\\\/schema\\\/person\\\/64d1c2e4d0d4fd1b849980c4331c2951\",\"name\":\"Villasmil Henry\",\"image\":{\"@type\":\"ImageObject\",\"inLanguage\":\"es\",\"@id\":\"https:\\\/\\\/secure.gravatar.com\\\/avatar\\\/bb0c4a2fcb7970138239f7e404ea75757b1b507b28b5ce4c53fbd62d797c5a7c?s=96&d=mm&r=g\",\"url\":\"https:\\\/\\\/secure.gravatar.com\\\/avatar\\\/bb0c4a2fcb7970138239f7e404ea75757b1b507b28b5ce4c53fbd62d797c5a7c?s=96&d=mm&r=g\",\"contentUrl\":\"https:\\\/\\\/secure.gravatar.com\\\/avatar\\\/bb0c4a2fcb7970138239f7e404ea75757b1b507b28b5ce4c53fbd62d797c5a7c?s=96&d=mm&r=g\",\"caption\":\"Villasmil Henry\"},\"logo\":{\"@id\":\"https:\\\/\\\/secure.gravatar.com\\\/avatar\\\/bb0c4a2fcb7970138239f7e404ea75757b1b507b28b5ce4c53fbd62d797c5a7c?s=96&d=mm&r=g\"},\"sameAs\":[\"http:\\\/\\\/www.henryvillasmil.com.ve\",\"https:\\\/\\\/www.instagram.com\\\/villasmilhfoto\\\/\",\"https:\\\/\\\/x.com\\\/https:\\\/\\\/twitter.com\\\/villasmilhfoto\"]},{\"@type\":\"Person\",\"@id\":\"https:\\\/\\\/digital58.com.ve\\\/site\\\/#\\\/schema\\\/person\\\/38596b127602deaa13fbcd7585635238\",\"name\":\"Caren A\u00f1ez\",\"image\":{\"@type\":\"ImageObject\",\"inLanguage\":\"es\",\"@id\":\"https:\\\/\\\/secure.gravatar.com\\\/avatar\\\/53aadd693aa414991c9ff2f2b19c39be94d2c342463b80f5402d344911bc9782?s=96&d=mm&r=g\",\"url\":\"https:\\\/\\\/secure.gravatar.com\\\/avatar\\\/53aadd693aa414991c9ff2f2b19c39be94d2c342463b80f5402d344911bc9782?s=96&d=mm&r=g\",\"contentUrl\":\"https:\\\/\\\/secure.gravatar.com\\\/avatar\\\/53aadd693aa414991c9ff2f2b19c39be94d2c342463b80f5402d344911bc9782?s=96&d=mm&r=g\",\"caption\":\"Caren A\u00f1ez\"},\"description\":\"\ud83d\udc69\u200d\ud83c\udfa4Editora en @digital_58 \ud83d\udc69\ud83c\udffb\u200d\ud83c\udfebPeriodista musical y de entretenimiento. \ud83d\udcf8Fotografa \ud83d\udc69\ud83c\udffb\u200d\ud83d\udcbbMedia Management. \ud83d\udc69\u200d\ud83d\udc67\u200d\ud83d\udc67AspieMon 24\\\/7\",\"sameAs\":[\"https:\\\/\\\/www.instagram.com\\\/carenanez\\\/\",\"https:\\\/\\\/x.com\\\/carenanez\"],\"url\":\"https:\\\/\\\/digital58.com.ve\\\/site\\\/author\\\/carena21\\\/\"}]}<\/script>\n<!-- \/ Yoast SEO plugin. -->","yoast_head_json":{"title":"Detienen a Pedro Castillo tras ser destituido como presidente de Per\u00fa por el Congreso","robots":{"index":"index","follow":"follow","max-snippet":"max-snippet:-1","max-image-preview":"max-image-preview:large","max-video-preview":"max-video-preview:-1"},"canonical":"https:\/\/digital58.com.ve\/site\/2022\/12\/07\/detienen-a-pedro-castillo-tras-ser-destituido-como-presidente-de-peru-por-el-congreso\/","og_locale":"es_ES","og_type":"article","og_title":"Detienen a Pedro Castillo tras ser destituido como presidente de Per\u00fa por el Congreso","og_url":"https:\/\/digital58.com.ve\/site\/2022\/12\/07\/detienen-a-pedro-castillo-tras-ser-destituido-como-presidente-de-peru-por-el-congreso\/","og_site_name":"Noticias Digital58","article_published_time":"2022-12-07T21:48:45+00:00","og_image":[{"width":1024,"height":683,"url":"https:\/\/i0.wp.com\/digital58.com.ve\/site\/wp-content\/uploads\/2022\/12\/AME2417-PERU-OEA-ASAMBLEA.webp?fit=1024%2C683&ssl=1","type":"image\/webp"}],"author":"Caren A\u00f1ez","twitter_card":"summary_large_image","twitter_creator":"@carenanez","twitter_site":"@villasmilhfoto","twitter_misc":{"Escrito por":"Caren A\u00f1ez","Tiempo estimado de lectura":"5 minutos"},"schema":{"@context":"https:\/\/schema.org","@graph":[{"@type":"Article","@id":"https:\/\/digital58.com.ve\/site\/2022\/12\/07\/detienen-a-pedro-castillo-tras-ser-destituido-como-presidente-de-peru-por-el-congreso\/#article","isPartOf":{"@id":"https:\/\/digital58.com.ve\/site\/2022\/12\/07\/detienen-a-pedro-castillo-tras-ser-destituido-como-presidente-de-peru-por-el-congreso\/"},"author":{"name":"Caren A\u00f1ez","@id":"https:\/\/digital58.com.ve\/site\/#\/schema\/person\/38596b127602deaa13fbcd7585635238"},"headline":"Detienen a Pedro Castillo tras ser destituido como presidente de Per\u00fa por el Congreso","datePublished":"2022-12-07T21:48:45+00:00","mainEntityOfPage":{"@id":"https:\/\/digital58.com.ve\/site\/2022\/12\/07\/detienen-a-pedro-castillo-tras-ser-destituido-como-presidente-de-peru-por-el-congreso\/"},"wordCount":1060,"commentCount":0,"publisher":{"@id":"https:\/\/digital58.com.ve\/site\/#\/schema\/person\/64d1c2e4d0d4fd1b849980c4331c2951"},"image":{"@id":"https:\/\/digital58.com.ve\/site\/2022\/12\/07\/detienen-a-pedro-castillo-tras-ser-destituido-como-presidente-de-peru-por-el-congreso\/#primaryimage"},"thumbnailUrl":"https:\/\/digital58.com.ve\/site\/wp-content\/uploads\/2022\/12\/AME2417-PERU-OEA-ASAMBLEA.webp","keywords":["Golpe de Estado","Internacionales","Lima","Mundo","OEA","Pedro Castillo","Per\u00fa","Pol\u00edtica","Presidente"],"articleSection":["Mundo"],"inLanguage":"es","potentialAction":[{"@type":"CommentAction","name":"Comment","target":["https:\/\/digital58.com.ve\/site\/2022\/12\/07\/detienen-a-pedro-castillo-tras-ser-destituido-como-presidente-de-peru-por-el-congreso\/#respond"]}]},{"@type":"WebPage","@id":"https:\/\/digital58.com.ve\/site\/2022\/12\/07\/detienen-a-pedro-castillo-tras-ser-destituido-como-presidente-de-peru-por-el-congreso\/","url":"https:\/\/digital58.com.ve\/site\/2022\/12\/07\/detienen-a-pedro-castillo-tras-ser-destituido-como-presidente-de-peru-por-el-congreso\/","name":"Detienen a Pedro Castillo tras ser destituido como presidente de Per\u00fa por el Congreso","isPartOf":{"@id":"https:\/\/digital58.com.ve\/site\/#website"},"primaryImageOfPage":{"@id":"https:\/\/digital58.com.ve\/site\/2022\/12\/07\/detienen-a-pedro-castillo-tras-ser-destituido-como-presidente-de-peru-por-el-congreso\/#primaryimage"},"image":{"@id":"https:\/\/digital58.com.ve\/site\/2022\/12\/07\/detienen-a-pedro-castillo-tras-ser-destituido-como-presidente-de-peru-por-el-congreso\/#primaryimage"},"thumbnailUrl":"https:\/\/digital58.com.ve\/site\/wp-content\/uploads\/2022\/12\/AME2417-PERU-OEA-ASAMBLEA.webp","datePublished":"2022-12-07T21:48:45+00:00","breadcrumb":{"@id":"https:\/\/digital58.com.ve\/site\/2022\/12\/07\/detienen-a-pedro-castillo-tras-ser-destituido-como-presidente-de-peru-por-el-congreso\/#breadcrumb"},"inLanguage":"es","potentialAction":[{"@type":"ReadAction","target":["https:\/\/digital58.com.ve\/site\/2022\/12\/07\/detienen-a-pedro-castillo-tras-ser-destituido-como-presidente-de-peru-por-el-congreso\/"]}]},{"@type":"ImageObject","inLanguage":"es","@id":"https:\/\/digital58.com.ve\/site\/2022\/12\/07\/detienen-a-pedro-castillo-tras-ser-destituido-como-presidente-de-peru-por-el-congreso\/#primaryimage","url":"https:\/\/digital58.com.ve\/site\/wp-content\/uploads\/2022\/12\/AME2417-PERU-OEA-ASAMBLEA.webp","contentUrl":"https:\/\/digital58.com.ve\/site\/wp-content\/uploads\/2022\/12\/AME2417-PERU-OEA-ASAMBLEA.webp","width":1024,"height":683},{"@type":"BreadcrumbList","@id":"https:\/\/digital58.com.ve\/site\/2022\/12\/07\/detienen-a-pedro-castillo-tras-ser-destituido-como-presidente-de-peru-por-el-congreso\/#breadcrumb","itemListElement":[{"@type":"ListItem","position":1,"name":"Home","item":"https:\/\/digital58.com.ve\/site\/"},{"@type":"ListItem","position":2,"name":"Detienen a Pedro Castillo tras ser destituido como presidente de Per\u00fa por el Congreso"}]},{"@type":"WebSite","@id":"https:\/\/digital58.com.ve\/site\/#website","url":"https:\/\/digital58.com.ve\/site\/","name":"Noticias Digital58","description":"Portal de Noticias \u00a1Periodismo web de verdad! Lanzamiento web 22.11.2005 \/ Maracaibo, Venezuela","publisher":{"@id":"https:\/\/digital58.com.ve\/site\/#\/schema\/person\/64d1c2e4d0d4fd1b849980c4331c2951"},"alternateName":"ND58","potentialAction":[{"@type":"SearchAction","target":{"@type":"EntryPoint","urlTemplate":"https:\/\/digital58.com.ve\/site\/?s={search_term_string}"},"query-input":{"@type":"PropertyValueSpecification","valueRequired":true,"valueName":"search_term_string"}}],"inLanguage":"es"},{"@type":["Person","Organization"],"@id":"https:\/\/digital58.com.ve\/site\/#\/schema\/person\/64d1c2e4d0d4fd1b849980c4331c2951","name":"Villasmil Henry","image":{"@type":"ImageObject","inLanguage":"es","@id":"https:\/\/secure.gravatar.com\/avatar\/bb0c4a2fcb7970138239f7e404ea75757b1b507b28b5ce4c53fbd62d797c5a7c?s=96&d=mm&r=g","url":"https:\/\/secure.gravatar.com\/avatar\/bb0c4a2fcb7970138239f7e404ea75757b1b507b28b5ce4c53fbd62d797c5a7c?s=96&d=mm&r=g","contentUrl":"https:\/\/secure.gravatar.com\/avatar\/bb0c4a2fcb7970138239f7e404ea75757b1b507b28b5ce4c53fbd62d797c5a7c?s=96&d=mm&r=g","caption":"Villasmil Henry"},"logo":{"@id":"https:\/\/secure.gravatar.com\/avatar\/bb0c4a2fcb7970138239f7e404ea75757b1b507b28b5ce4c53fbd62d797c5a7c?s=96&d=mm&r=g"},"sameAs":["http:\/\/www.henryvillasmil.com.ve","https:\/\/www.instagram.com\/villasmilhfoto\/","https:\/\/x.com\/https:\/\/twitter.com\/villasmilhfoto"]},{"@type":"Person","@id":"https:\/\/digital58.com.ve\/site\/#\/schema\/person\/38596b127602deaa13fbcd7585635238","name":"Caren A\u00f1ez","image":{"@type":"ImageObject","inLanguage":"es","@id":"https:\/\/secure.gravatar.com\/avatar\/53aadd693aa414991c9ff2f2b19c39be94d2c342463b80f5402d344911bc9782?s=96&d=mm&r=g","url":"https:\/\/secure.gravatar.com\/avatar\/53aadd693aa414991c9ff2f2b19c39be94d2c342463b80f5402d344911bc9782?s=96&d=mm&r=g","contentUrl":"https:\/\/secure.gravatar.com\/avatar\/53aadd693aa414991c9ff2f2b19c39be94d2c342463b80f5402d344911bc9782?s=96&d=mm&r=g","caption":"Caren A\u00f1ez"},"description":"\ud83d\udc69\u200d\ud83c\udfa4Editora en @digital_58 \ud83d\udc69\ud83c\udffb\u200d\ud83c\udfebPeriodista musical y de entretenimiento. \ud83d\udcf8Fotografa \ud83d\udc69\ud83c\udffb\u200d\ud83d\udcbbMedia Management. \ud83d\udc69\u200d\ud83d\udc67\u200d\ud83d\udc67AspieMon 24\/7","sameAs":["https:\/\/www.instagram.com\/carenanez\/","https:\/\/x.com\/carenanez"],"url":"https:\/\/digital58.com.ve\/site\/author\/carena21\/"}]}},"uagb_featured_image_src":{"full":["https:\/\/digital58.com.ve\/site\/wp-content\/uploads\/2022\/12\/AME2417-PERU-OEA-ASAMBLEA.webp",1024,683,false],"thumbnail":["https:\/\/digital58.com.ve\/site\/wp-content\/uploads\/2022\/12\/AME2417-PERU-OEA-ASAMBLEA-150x150.webp",150,150,true],"medium":["https:\/\/digital58.com.ve\/site\/wp-content\/uploads\/2022\/12\/AME2417-PERU-OEA-ASAMBLEA-300x200.webp",300,200,true],"medium_large":["https:\/\/digital58.com.ve\/site\/wp-content\/uploads\/2022\/12\/AME2417-PERU-OEA-ASAMBLEA-768x512.webp",768,512,true],"large":["https:\/\/digital58.com.ve\/site\/wp-content\/uploads\/2022\/12\/AME2417-PERU-OEA-ASAMBLEA-1000x667.webp",800,534,true],"1536x1536":["https:\/\/digital58.com.ve\/site\/wp-content\/uploads\/2022\/12\/AME2417-PERU-OEA-ASAMBLEA.webp",1024,683,false],"2048x2048":["https:\/\/digital58.com.ve\/site\/wp-content\/uploads\/2022\/12\/AME2417-PERU-OEA-ASAMBLEA.webp",1024,683,false],"colormag-highlighted-post":["https:\/\/digital58.com.ve\/site\/wp-content\/uploads\/2022\/12\/AME2417-PERU-OEA-ASAMBLEA-392x272.webp",392,272,true],"colormag-featured-post-medium":["https:\/\/digital58.com.ve\/site\/wp-content\/uploads\/2022\/12\/AME2417-PERU-OEA-ASAMBLEA-390x205.webp",390,205,true],"colormag-featured-post-small":["https:\/\/digital58.com.ve\/site\/wp-content\/uploads\/2022\/12\/AME2417-PERU-OEA-ASAMBLEA-130x90.webp",130,90,true],"colormag-featured-image":["https:\/\/digital58.com.ve\/site\/wp-content\/uploads\/2022\/12\/AME2417-PERU-OEA-ASAMBLEA-800x445.webp",800,445,true],"colormag-default-news":["https:\/\/digital58.com.ve\/site\/wp-content\/uploads\/2022\/12\/AME2417-PERU-OEA-ASAMBLEA.webp",150,100,false],"colormag-featured-image-large":["https:\/\/digital58.com.ve\/site\/wp-content\/uploads\/2022\/12\/AME2417-PERU-OEA-ASAMBLEA.webp",900,600,false]},"uagb_author_info":{"display_name":"Caren A\u00f1ez","author_link":"https:\/\/digital58.com.ve\/site\/author\/carena21\/"},"uagb_comment_info":0,"uagb_excerpt":"El destituido presidente de Per\u00fa, Pedro Castillo, fue detenido este mi\u00e9rcoles y se encuentra en la sede de la prefectura","_links":{"self":[{"href":"https:\/\/digital58.com.ve\/site\/wp-json\/wp\/v2\/posts\/160766","targetHints":{"allow":["GET"]}}],"collection":[{"href":"https:\/\/digital58.com.ve\/site\/wp-json\/wp\/v2\/posts"}],"about":[{"href":"https:\/\/digital58.com.ve\/site\/wp-json\/wp\/v2\/types\/post"}],"author":[{"embeddable":true,"href":"https:\/\/digital58.com.ve\/site\/wp-json\/wp\/v2\/users\/39"}],"replies":[{"embeddable":true,"href":"https:\/\/digital58.com.ve\/site\/wp-json\/wp\/v2\/comments?post=160766"}],"version-history":[{"count":0,"href":"https:\/\/digital58.com.ve\/site\/wp-json\/wp\/v2\/posts\/160766\/revisions"}],"wp:featuredmedia":[{"embeddable":true,"href":"https:\/\/digital58.com.ve\/site\/wp-json\/wp\/v2\/media\/160767"}],"wp:attachment":[{"href":"https:\/\/digital58.com.ve\/site\/wp-json\/wp\/v2\/media?parent=160766"}],"wp:term":[{"taxonomy":"category","embeddable":true,"href":"https:\/\/digital58.com.ve\/site\/wp-json\/wp\/v2\/categories?post=160766"},{"taxonomy":"post_tag","embeddable":true,"href":"https:\/\/digital58.com.ve\/site\/wp-json\/wp\/v2\/tags?post=160766"}],"curies":[{"name":"wp","href":"https:\/\/api.w.org\/{rel}","templated":true}]}}