{"id":160788,"date":"2022-12-07T19:15:46","date_gmt":"2022-12-07T23:15:46","guid":{"rendered":"https:\/\/digital58.com.ve\/site\/?p=160788"},"modified":"2022-12-07T19:15:46","modified_gmt":"2022-12-07T23:15:46","slug":"maduro-asegura-que-el-mundo-necesita-de-la-produccion-petrolera-venezolana","status":"publish","type":"post","link":"https:\/\/digital58.com.ve\/site\/2022\/12\/07\/maduro-asegura-que-el-mundo-necesita-de-la-produccion-petrolera-venezolana\/","title":{"rendered":"Maduro asegura que el mundo necesita de la producci\u00f3n petrolera venezolana"},"content":{"rendered":"<p><img loading=\"lazy\" decoding=\"async\" class=\"size-full wp-image-160789 aligncenter\" src=\"https:\/\/digital58.com.ve\/site\/wp-content\/uploads\/2022\/12\/Maduro-dialogue-2.jpeg\" alt=\"\" width=\"800\" height=\"450\" srcset=\"https:\/\/digital58.com.ve\/site\/wp-content\/uploads\/2022\/12\/Maduro-dialogue-2.jpeg 800w, https:\/\/digital58.com.ve\/site\/wp-content\/uploads\/2022\/12\/Maduro-dialogue-2-300x169.jpeg 300w, https:\/\/digital58.com.ve\/site\/wp-content\/uploads\/2022\/12\/Maduro-dialogue-2-768x432.jpeg 768w\" sizes=\"auto, (max-width: 800px) 100vw, 800px\" \/><\/p>\n<p>Nicol\u00e1s Maduro afirm\u00f3 este martes que la \u00abecuaci\u00f3n energ\u00e9tica\u00bb mundial, en especial Estados Unidos y Europa, necesita al pa\u00eds para la producci\u00f3n petrolera, por lo que dijo estar dispuesto a firmar convenios con \u00abtodas las empresas\u00bb de este sector.<\/p>\n<p><strong>Caracas, DC, Venezuela 07 de diciembre de 2022 (ND58).- <\/strong>\u00abVenezuela pertenece a la ecuaci\u00f3n energ\u00e9tica del mundo y estamos listos y preparados para producir, para exportar y para hacer contratos y convenios con todas las empresas energ\u00e9ticas del mundo entero, de Estados Unidos, de Europa\u00bb, se\u00f1al\u00f3 el mandatario en un acto televisado.<\/p>\n<p>Maduro indic\u00f3 que \u00abtodo el crudo, todos los productos refinados y todo el gas\u00bb que necesitan en otros pa\u00edses para su \u00abestabilidad\u00bb energ\u00e9tica y el funcionamiento \u00abtranquilo y estable\u00bb del mercado \u00abest\u00e1 en Venezuela\u00bb, que -asegur\u00f3- est\u00e1 \u00aben posibilidad y disponibilidad de ser seguro proveedor de petr\u00f3leo\u00bb.<\/p>\n<p>\u00abTienen que estar claros que no pueden excluir y sacar de manera arbitraria a Venezuela de la ecuaci\u00f3n energ\u00e9tica del mundo, porque se estar\u00e1n haciendo da\u00f1o (a) ustedes mismos\u00bb, a\u00f1adi\u00f3.<\/p>\n<p><strong>Contrato con Chevron<\/strong><br \/>\nEl Gobierno y la empresa estadounidense Chevron suscribieron el viernes contratos en Caracas para la continuaci\u00f3n de la producci\u00f3n conjunta de petr\u00f3leo en el pa\u00eds, lo que ser\u00e1 posible gracias al alivio de sanciones econ\u00f3micas por parte de Estados Unidos.<\/p>\n<p>El ministro de Petr\u00f3leo, Tareck El Aissami, celebr\u00f3 la firma de los \u00abimportantes contratos\u00bb, de los que no ofreci\u00f3 mayores detalles, los cuales fueron suscritos por varios funcionarios, entre ellos el presidente de la estatal venezolana Pdvsa, Asdr\u00fabal Ch\u00e1vez, y el presidente de Chevron en el pa\u00eds, Javier La Rosa.<\/p>\n<p>El pasado 26 de noviembre, el Gobierno de Estados Unidos anunci\u00f3 la autorizaci\u00f3n a Chevron a retomar operaciones limitadas de extracci\u00f3n de recursos naturales en Venezuela, como resultado de la reanudaci\u00f3n del di\u00e1logo entre el Gobierno de Nicol\u00e1s Maduro y la oposici\u00f3n en M\u00e9xico, luego de un a\u00f1o suspendido.<\/p>\n<p>Chevron forma parte de una \u00absociedad estrat\u00e9gica\u00bb en Venezuela compuesta por cuatro empresas mixtas: Petrobosc\u00e1n y Petroindependiente, en el estado Zulia (noroeste); y Petropiar y Petroindependencia, en la Faja Petrol\u00edfera del Orinoco, en el oriente de la naci\u00f3n, que cuenta con las mayores reservas probadas de petr\u00f3leo.<\/p><div class=\"kktqh6a9c05df3ff20\" ><p style=\"text-align: center;\"><a href=\"https:\/\/t.me\/noticiasdigital58\" target=\"_blank\" rel=\"noopener\"><img class=\"aligncenter size-full wp-image-125363\" src=\"https:\/\/digital58.com.ve\/site\/wp-content\/uploads\/2021\/04\/banner-telegram-web-2021.png\" alt=\"\" width=\"600\" height=\"90\" \/><\/a><\/p><\/div><style type=\"text\/css\">\r\n@media screen and (min-width: 1201px) {\r\n.kktqh6a9c05df3ff20 {\r\ndisplay: block;\r\n}\r\n}\r\n@media screen and (min-width: 993px) and (max-width: 1200px) {\r\n.kktqh6a9c05df3ff20 {\r\ndisplay: block;\r\n}\r\n}\r\n@media screen and (min-width: 769px) and (max-width: 992px) {\r\n.kktqh6a9c05df3ff20 {\r\ndisplay: block;\r\n}\r\n}\r\n@media screen and (min-width: 768px) and (max-width: 768px) {\r\n.kktqh6a9c05df3ff20 {\r\ndisplay: block;\r\n}\r\n}\r\n@media screen and (max-width: 767px) {\r\n.kktqh6a9c05df3ff20 {\r\ndisplay: block;\r\n}\r\n}\r\n<\/style>\r\n\n<p class=\"p1\"><b>Redacci\u00f3n ND58 | EFE<\/b><br \/>\n<b>Edici\u00f3n: \u00c1\u00f1ez, Caren\u00a0<\/b><br \/>\n<b>Gr\u00e1fica: Cortes\u00eda <\/b><\/p>\n<div style=\"margin-top: 0px; margin-bottom: 0px;\" class=\"sharethis-inline-share-buttons\" ><\/div>","protected":false},"excerpt":{"rendered":"<p>Nicol\u00e1s Maduro afirm\u00f3 este martes que la \u00abecuaci\u00f3n energ\u00e9tica\u00bb mundial, en especial Estados Unidos y Europa, necesita al pa\u00eds para<\/p>\n","protected":false},"author":39,"featured_media":160789,"comment_status":"open","ping_status":"closed","sticky":false,"template":"","format":"standard","meta":{"colormag_page_container_layout":"default_layout","colormag_page_sidebar_layout":"default_layout","_uag_custom_page_level_css":"","footnotes":""},"categories":[14499],"tags":[15561,3144,233,2724,14192,9377,2716,11387],"class_list":["post-160788","post","type-post","status-publish","format-standard","has-post-thumbnail","hentry","category-economia","tag-chevron","tag-economia","tag-nacionales","tag-nicolas-maduro","tag-pdvsa","tag-petroleo","tag-politica","tag-tareck-el-aissami"],"yoast_head":"<!-- This site is optimized with the Yoast SEO plugin v28.4 - https:\/\/yoast.com\/product\/yoast-seo-wordpress\/ -->\n<title>Maduro asegura que el mundo necesita de la producci\u00f3n petrolera venezolana<\/title>\n<meta name=\"robots\" content=\"index, follow, max-snippet:-1, max-image-preview:large, max-video-preview:-1\" \/>\n<link rel=\"canonical\" href=\"https:\/\/digital58.com.ve\/site\/2022\/12\/07\/maduro-asegura-que-el-mundo-necesita-de-la-produccion-petrolera-venezolana\/\" \/>\n<meta property=\"og:locale\" content=\"es_ES\" \/>\n<meta property=\"og:type\" content=\"article\" \/>\n<meta property=\"og:title\" content=\"Maduro asegura que el mundo necesita de la producci\u00f3n petrolera venezolana\" \/>\n<meta property=\"og:url\" content=\"https:\/\/digital58.com.ve\/site\/2022\/12\/07\/maduro-asegura-que-el-mundo-necesita-de-la-produccion-petrolera-venezolana\/\" \/>\n<meta property=\"og:site_name\" content=\"Noticias Digital58\" \/>\n<meta property=\"article:published_time\" content=\"2022-12-07T23:15:46+00:00\" \/>\n<meta property=\"og:image\" content=\"https:\/\/i0.wp.com\/digital58.com.ve\/site\/wp-content\/uploads\/2022\/12\/Maduro-dialogue-2.jpeg?fit=800%2C450&ssl=1\" \/>\n\t<meta property=\"og:image:width\" content=\"800\" \/>\n\t<meta property=\"og:image:height\" content=\"450\" \/>\n\t<meta property=\"og:image:type\" content=\"image\/jpeg\" \/>\n<meta name=\"author\" content=\"Caren A\u00f1ez\" \/>\n<meta name=\"twitter:card\" content=\"summary_large_image\" \/>\n<meta name=\"twitter:creator\" content=\"@carenanez\" \/>\n<meta name=\"twitter:site\" content=\"@villasmilhfoto\" \/>\n<meta name=\"twitter:label1\" content=\"Escrito por\" \/>\n\t<meta name=\"twitter:data1\" content=\"Caren A\u00f1ez\" \/>\n\t<meta name=\"twitter:label2\" content=\"Tiempo estimado de lectura\" \/>\n\t<meta name=\"twitter:data2\" content=\"2 minutos\" \/>\n<script type=\"application\/ld+json\" class=\"yoast-schema-graph\">{\"@context\":\"https:\\\/\\\/schema.org\",\"@graph\":[{\"@type\":\"Article\",\"@id\":\"https:\\\/\\\/digital58.com.ve\\\/site\\\/2022\\\/12\\\/07\\\/maduro-asegura-que-el-mundo-necesita-de-la-produccion-petrolera-venezolana\\\/#article\",\"isPartOf\":{\"@id\":\"https:\\\/\\\/digital58.com.ve\\\/site\\\/2022\\\/12\\\/07\\\/maduro-asegura-que-el-mundo-necesita-de-la-produccion-petrolera-venezolana\\\/\"},\"author\":{\"name\":\"Caren A\u00f1ez\",\"@id\":\"https:\\\/\\\/digital58.com.ve\\\/site\\\/#\\\/schema\\\/person\\\/38596b127602deaa13fbcd7585635238\"},\"headline\":\"Maduro asegura que el mundo necesita de la producci\u00f3n petrolera venezolana\",\"datePublished\":\"2022-12-07T23:15:46+00:00\",\"mainEntityOfPage\":{\"@id\":\"https:\\\/\\\/digital58.com.ve\\\/site\\\/2022\\\/12\\\/07\\\/maduro-asegura-que-el-mundo-necesita-de-la-produccion-petrolera-venezolana\\\/\"},\"wordCount\":419,\"commentCount\":0,\"publisher\":{\"@id\":\"https:\\\/\\\/digital58.com.ve\\\/site\\\/#\\\/schema\\\/person\\\/64d1c2e4d0d4fd1b849980c4331c2951\"},\"image\":{\"@id\":\"https:\\\/\\\/digital58.com.ve\\\/site\\\/2022\\\/12\\\/07\\\/maduro-asegura-que-el-mundo-necesita-de-la-produccion-petrolera-venezolana\\\/#primaryimage\"},\"thumbnailUrl\":\"https:\\\/\\\/digital58.com.ve\\\/site\\\/wp-content\\\/uploads\\\/2022\\\/12\\\/Maduro-dialogue-2.jpeg\",\"keywords\":[\"Chevron\",\"Econom\u00eda\",\"Nacionales\",\"Nicol\u00e1s Maduro\",\"PDVSA\",\"Petr\u00f3leo\",\"Pol\u00edtica\",\"Tareck el Aissami\"],\"articleSection\":[\"Econom\u00eda\"],\"inLanguage\":\"es\",\"potentialAction\":[{\"@type\":\"CommentAction\",\"name\":\"Comment\",\"target\":[\"https:\\\/\\\/digital58.com.ve\\\/site\\\/2022\\\/12\\\/07\\\/maduro-asegura-que-el-mundo-necesita-de-la-produccion-petrolera-venezolana\\\/#respond\"]}]},{\"@type\":\"WebPage\",\"@id\":\"https:\\\/\\\/digital58.com.ve\\\/site\\\/2022\\\/12\\\/07\\\/maduro-asegura-que-el-mundo-necesita-de-la-produccion-petrolera-venezolana\\\/\",\"url\":\"https:\\\/\\\/digital58.com.ve\\\/site\\\/2022\\\/12\\\/07\\\/maduro-asegura-que-el-mundo-necesita-de-la-produccion-petrolera-venezolana\\\/\",\"name\":\"Maduro asegura que el mundo necesita de la producci\u00f3n petrolera venezolana\",\"isPartOf\":{\"@id\":\"https:\\\/\\\/digital58.com.ve\\\/site\\\/#website\"},\"primaryImageOfPage\":{\"@id\":\"https:\\\/\\\/digital58.com.ve\\\/site\\\/2022\\\/12\\\/07\\\/maduro-asegura-que-el-mundo-necesita-de-la-produccion-petrolera-venezolana\\\/#primaryimage\"},\"image\":{\"@id\":\"https:\\\/\\\/digital58.com.ve\\\/site\\\/2022\\\/12\\\/07\\\/maduro-asegura-que-el-mundo-necesita-de-la-produccion-petrolera-venezolana\\\/#primaryimage\"},\"thumbnailUrl\":\"https:\\\/\\\/digital58.com.ve\\\/site\\\/wp-content\\\/uploads\\\/2022\\\/12\\\/Maduro-dialogue-2.jpeg\",\"datePublished\":\"2022-12-07T23:15:46+00:00\",\"breadcrumb\":{\"@id\":\"https:\\\/\\\/digital58.com.ve\\\/site\\\/2022\\\/12\\\/07\\\/maduro-asegura-que-el-mundo-necesita-de-la-produccion-petrolera-venezolana\\\/#breadcrumb\"},\"inLanguage\":\"es\",\"potentialAction\":[{\"@type\":\"ReadAction\",\"target\":[\"https:\\\/\\\/digital58.com.ve\\\/site\\\/2022\\\/12\\\/07\\\/maduro-asegura-que-el-mundo-necesita-de-la-produccion-petrolera-venezolana\\\/\"]}]},{\"@type\":\"ImageObject\",\"inLanguage\":\"es\",\"@id\":\"https:\\\/\\\/digital58.com.ve\\\/site\\\/2022\\\/12\\\/07\\\/maduro-asegura-que-el-mundo-necesita-de-la-produccion-petrolera-venezolana\\\/#primaryimage\",\"url\":\"https:\\\/\\\/digital58.com.ve\\\/site\\\/wp-content\\\/uploads\\\/2022\\\/12\\\/Maduro-dialogue-2.jpeg\",\"contentUrl\":\"https:\\\/\\\/digital58.com.ve\\\/site\\\/wp-content\\\/uploads\\\/2022\\\/12\\\/Maduro-dialogue-2.jpeg\",\"width\":800,\"height\":450},{\"@type\":\"BreadcrumbList\",\"@id\":\"https:\\\/\\\/digital58.com.ve\\\/site\\\/2022\\\/12\\\/07\\\/maduro-asegura-que-el-mundo-necesita-de-la-produccion-petrolera-venezolana\\\/#breadcrumb\",\"itemListElement\":[{\"@type\":\"ListItem\",\"position\":1,\"name\":\"Home\",\"item\":\"https:\\\/\\\/digital58.com.ve\\\/site\\\/\"},{\"@type\":\"ListItem\",\"position\":2,\"name\":\"Maduro asegura que el mundo necesita de la producci\u00f3n petrolera venezolana\"}]},{\"@type\":\"WebSite\",\"@id\":\"https:\\\/\\\/digital58.com.ve\\\/site\\\/#website\",\"url\":\"https:\\\/\\\/digital58.com.ve\\\/site\\\/\",\"name\":\"Noticias Digital58\",\"description\":\"Portal de Noticias \u00a1Periodismo web de verdad! Lanzamiento web 22.11.2005 \\\/ Maracaibo, Venezuela\",\"publisher\":{\"@id\":\"https:\\\/\\\/digital58.com.ve\\\/site\\\/#\\\/schema\\\/person\\\/64d1c2e4d0d4fd1b849980c4331c2951\"},\"alternateName\":\"ND58\",\"potentialAction\":[{\"@type\":\"SearchAction\",\"target\":{\"@type\":\"EntryPoint\",\"urlTemplate\":\"https:\\\/\\\/digital58.com.ve\\\/site\\\/?s={search_term_string}\"},\"query-input\":{\"@type\":\"PropertyValueSpecification\",\"valueRequired\":true,\"valueName\":\"search_term_string\"}}],\"inLanguage\":\"es\"},{\"@type\":[\"Person\",\"Organization\"],\"@id\":\"https:\\\/\\\/digital58.com.ve\\\/site\\\/#\\\/schema\\\/person\\\/64d1c2e4d0d4fd1b849980c4331c2951\",\"name\":\"Villasmil Henry\",\"image\":{\"@type\":\"ImageObject\",\"inLanguage\":\"es\",\"@id\":\"https:\\\/\\\/secure.gravatar.com\\\/avatar\\\/bb0c4a2fcb7970138239f7e404ea75757b1b507b28b5ce4c53fbd62d797c5a7c?s=96&d=mm&r=g\",\"url\":\"https:\\\/\\\/secure.gravatar.com\\\/avatar\\\/bb0c4a2fcb7970138239f7e404ea75757b1b507b28b5ce4c53fbd62d797c5a7c?s=96&d=mm&r=g\",\"contentUrl\":\"https:\\\/\\\/secure.gravatar.com\\\/avatar\\\/bb0c4a2fcb7970138239f7e404ea75757b1b507b28b5ce4c53fbd62d797c5a7c?s=96&d=mm&r=g\",\"caption\":\"Villasmil Henry\"},\"logo\":{\"@id\":\"https:\\\/\\\/secure.gravatar.com\\\/avatar\\\/bb0c4a2fcb7970138239f7e404ea75757b1b507b28b5ce4c53fbd62d797c5a7c?s=96&d=mm&r=g\"},\"sameAs\":[\"http:\\\/\\\/www.henryvillasmil.com.ve\",\"https:\\\/\\\/www.instagram.com\\\/villasmilhfoto\\\/\",\"https:\\\/\\\/x.com\\\/https:\\\/\\\/twitter.com\\\/villasmilhfoto\"]},{\"@type\":\"Person\",\"@id\":\"https:\\\/\\\/digital58.com.ve\\\/site\\\/#\\\/schema\\\/person\\\/38596b127602deaa13fbcd7585635238\",\"name\":\"Caren A\u00f1ez\",\"image\":{\"@type\":\"ImageObject\",\"inLanguage\":\"es\",\"@id\":\"https:\\\/\\\/secure.gravatar.com\\\/avatar\\\/53aadd693aa414991c9ff2f2b19c39be94d2c342463b80f5402d344911bc9782?s=96&d=mm&r=g\",\"url\":\"https:\\\/\\\/secure.gravatar.com\\\/avatar\\\/53aadd693aa414991c9ff2f2b19c39be94d2c342463b80f5402d344911bc9782?s=96&d=mm&r=g\",\"contentUrl\":\"https:\\\/\\\/secure.gravatar.com\\\/avatar\\\/53aadd693aa414991c9ff2f2b19c39be94d2c342463b80f5402d344911bc9782?s=96&d=mm&r=g\",\"caption\":\"Caren A\u00f1ez\"},\"description\":\"\ud83d\udc69\u200d\ud83c\udfa4Editora en @digital_58 \ud83d\udc69\ud83c\udffb\u200d\ud83c\udfebPeriodista musical y de entretenimiento. \ud83d\udcf8Fotografa \ud83d\udc69\ud83c\udffb\u200d\ud83d\udcbbMedia Management. \ud83d\udc69\u200d\ud83d\udc67\u200d\ud83d\udc67AspieMon 24\\\/7\",\"sameAs\":[\"https:\\\/\\\/www.instagram.com\\\/carenanez\\\/\",\"https:\\\/\\\/x.com\\\/carenanez\"],\"url\":\"https:\\\/\\\/digital58.com.ve\\\/site\\\/author\\\/carena21\\\/\"}]}<\/script>\n<!-- \/ Yoast SEO plugin. -->","yoast_head_json":{"title":"Maduro asegura que el mundo necesita de la producci\u00f3n petrolera venezolana","robots":{"index":"index","follow":"follow","max-snippet":"max-snippet:-1","max-image-preview":"max-image-preview:large","max-video-preview":"max-video-preview:-1"},"canonical":"https:\/\/digital58.com.ve\/site\/2022\/12\/07\/maduro-asegura-que-el-mundo-necesita-de-la-produccion-petrolera-venezolana\/","og_locale":"es_ES","og_type":"article","og_title":"Maduro asegura que el mundo necesita de la producci\u00f3n petrolera venezolana","og_url":"https:\/\/digital58.com.ve\/site\/2022\/12\/07\/maduro-asegura-que-el-mundo-necesita-de-la-produccion-petrolera-venezolana\/","og_site_name":"Noticias Digital58","article_published_time":"2022-12-07T23:15:46+00:00","og_image":[{"width":800,"height":450,"url":"https:\/\/i0.wp.com\/digital58.com.ve\/site\/wp-content\/uploads\/2022\/12\/Maduro-dialogue-2.jpeg?fit=800%2C450&ssl=1","type":"image\/jpeg"}],"author":"Caren A\u00f1ez","twitter_card":"summary_large_image","twitter_creator":"@carenanez","twitter_site":"@villasmilhfoto","twitter_misc":{"Escrito por":"Caren A\u00f1ez","Tiempo estimado de lectura":"2 minutos"},"schema":{"@context":"https:\/\/schema.org","@graph":[{"@type":"Article","@id":"https:\/\/digital58.com.ve\/site\/2022\/12\/07\/maduro-asegura-que-el-mundo-necesita-de-la-produccion-petrolera-venezolana\/#article","isPartOf":{"@id":"https:\/\/digital58.com.ve\/site\/2022\/12\/07\/maduro-asegura-que-el-mundo-necesita-de-la-produccion-petrolera-venezolana\/"},"author":{"name":"Caren A\u00f1ez","@id":"https:\/\/digital58.com.ve\/site\/#\/schema\/person\/38596b127602deaa13fbcd7585635238"},"headline":"Maduro asegura que el mundo necesita de la producci\u00f3n petrolera venezolana","datePublished":"2022-12-07T23:15:46+00:00","mainEntityOfPage":{"@id":"https:\/\/digital58.com.ve\/site\/2022\/12\/07\/maduro-asegura-que-el-mundo-necesita-de-la-produccion-petrolera-venezolana\/"},"wordCount":419,"commentCount":0,"publisher":{"@id":"https:\/\/digital58.com.ve\/site\/#\/schema\/person\/64d1c2e4d0d4fd1b849980c4331c2951"},"image":{"@id":"https:\/\/digital58.com.ve\/site\/2022\/12\/07\/maduro-asegura-que-el-mundo-necesita-de-la-produccion-petrolera-venezolana\/#primaryimage"},"thumbnailUrl":"https:\/\/digital58.com.ve\/site\/wp-content\/uploads\/2022\/12\/Maduro-dialogue-2.jpeg","keywords":["Chevron","Econom\u00eda","Nacionales","Nicol\u00e1s Maduro","PDVSA","Petr\u00f3leo","Pol\u00edtica","Tareck el Aissami"],"articleSection":["Econom\u00eda"],"inLanguage":"es","potentialAction":[{"@type":"CommentAction","name":"Comment","target":["https:\/\/digital58.com.ve\/site\/2022\/12\/07\/maduro-asegura-que-el-mundo-necesita-de-la-produccion-petrolera-venezolana\/#respond"]}]},{"@type":"WebPage","@id":"https:\/\/digital58.com.ve\/site\/2022\/12\/07\/maduro-asegura-que-el-mundo-necesita-de-la-produccion-petrolera-venezolana\/","url":"https:\/\/digital58.com.ve\/site\/2022\/12\/07\/maduro-asegura-que-el-mundo-necesita-de-la-produccion-petrolera-venezolana\/","name":"Maduro asegura que el mundo necesita de la producci\u00f3n petrolera venezolana","isPartOf":{"@id":"https:\/\/digital58.com.ve\/site\/#website"},"primaryImageOfPage":{"@id":"https:\/\/digital58.com.ve\/site\/2022\/12\/07\/maduro-asegura-que-el-mundo-necesita-de-la-produccion-petrolera-venezolana\/#primaryimage"},"image":{"@id":"https:\/\/digital58.com.ve\/site\/2022\/12\/07\/maduro-asegura-que-el-mundo-necesita-de-la-produccion-petrolera-venezolana\/#primaryimage"},"thumbnailUrl":"https:\/\/digital58.com.ve\/site\/wp-content\/uploads\/2022\/12\/Maduro-dialogue-2.jpeg","datePublished":"2022-12-07T23:15:46+00:00","breadcrumb":{"@id":"https:\/\/digital58.com.ve\/site\/2022\/12\/07\/maduro-asegura-que-el-mundo-necesita-de-la-produccion-petrolera-venezolana\/#breadcrumb"},"inLanguage":"es","potentialAction":[{"@type":"ReadAction","target":["https:\/\/digital58.com.ve\/site\/2022\/12\/07\/maduro-asegura-que-el-mundo-necesita-de-la-produccion-petrolera-venezolana\/"]}]},{"@type":"ImageObject","inLanguage":"es","@id":"https:\/\/digital58.com.ve\/site\/2022\/12\/07\/maduro-asegura-que-el-mundo-necesita-de-la-produccion-petrolera-venezolana\/#primaryimage","url":"https:\/\/digital58.com.ve\/site\/wp-content\/uploads\/2022\/12\/Maduro-dialogue-2.jpeg","contentUrl":"https:\/\/digital58.com.ve\/site\/wp-content\/uploads\/2022\/12\/Maduro-dialogue-2.jpeg","width":800,"height":450},{"@type":"BreadcrumbList","@id":"https:\/\/digital58.com.ve\/site\/2022\/12\/07\/maduro-asegura-que-el-mundo-necesita-de-la-produccion-petrolera-venezolana\/#breadcrumb","itemListElement":[{"@type":"ListItem","position":1,"name":"Home","item":"https:\/\/digital58.com.ve\/site\/"},{"@type":"ListItem","position":2,"name":"Maduro asegura que el mundo necesita de la producci\u00f3n petrolera venezolana"}]},{"@type":"WebSite","@id":"https:\/\/digital58.com.ve\/site\/#website","url":"https:\/\/digital58.com.ve\/site\/","name":"Noticias Digital58","description":"Portal de Noticias \u00a1Periodismo web de verdad! Lanzamiento web 22.11.2005 \/ Maracaibo, Venezuela","publisher":{"@id":"https:\/\/digital58.com.ve\/site\/#\/schema\/person\/64d1c2e4d0d4fd1b849980c4331c2951"},"alternateName":"ND58","potentialAction":[{"@type":"SearchAction","target":{"@type":"EntryPoint","urlTemplate":"https:\/\/digital58.com.ve\/site\/?s={search_term_string}"},"query-input":{"@type":"PropertyValueSpecification","valueRequired":true,"valueName":"search_term_string"}}],"inLanguage":"es"},{"@type":["Person","Organization"],"@id":"https:\/\/digital58.com.ve\/site\/#\/schema\/person\/64d1c2e4d0d4fd1b849980c4331c2951","name":"Villasmil Henry","image":{"@type":"ImageObject","inLanguage":"es","@id":"https:\/\/secure.gravatar.com\/avatar\/bb0c4a2fcb7970138239f7e404ea75757b1b507b28b5ce4c53fbd62d797c5a7c?s=96&d=mm&r=g","url":"https:\/\/secure.gravatar.com\/avatar\/bb0c4a2fcb7970138239f7e404ea75757b1b507b28b5ce4c53fbd62d797c5a7c?s=96&d=mm&r=g","contentUrl":"https:\/\/secure.gravatar.com\/avatar\/bb0c4a2fcb7970138239f7e404ea75757b1b507b28b5ce4c53fbd62d797c5a7c?s=96&d=mm&r=g","caption":"Villasmil Henry"},"logo":{"@id":"https:\/\/secure.gravatar.com\/avatar\/bb0c4a2fcb7970138239f7e404ea75757b1b507b28b5ce4c53fbd62d797c5a7c?s=96&d=mm&r=g"},"sameAs":["http:\/\/www.henryvillasmil.com.ve","https:\/\/www.instagram.com\/villasmilhfoto\/","https:\/\/x.com\/https:\/\/twitter.com\/villasmilhfoto"]},{"@type":"Person","@id":"https:\/\/digital58.com.ve\/site\/#\/schema\/person\/38596b127602deaa13fbcd7585635238","name":"Caren A\u00f1ez","image":{"@type":"ImageObject","inLanguage":"es","@id":"https:\/\/secure.gravatar.com\/avatar\/53aadd693aa414991c9ff2f2b19c39be94d2c342463b80f5402d344911bc9782?s=96&d=mm&r=g","url":"https:\/\/secure.gravatar.com\/avatar\/53aadd693aa414991c9ff2f2b19c39be94d2c342463b80f5402d344911bc9782?s=96&d=mm&r=g","contentUrl":"https:\/\/secure.gravatar.com\/avatar\/53aadd693aa414991c9ff2f2b19c39be94d2c342463b80f5402d344911bc9782?s=96&d=mm&r=g","caption":"Caren A\u00f1ez"},"description":"\ud83d\udc69\u200d\ud83c\udfa4Editora en @digital_58 \ud83d\udc69\ud83c\udffb\u200d\ud83c\udfebPeriodista musical y de entretenimiento. \ud83d\udcf8Fotografa \ud83d\udc69\ud83c\udffb\u200d\ud83d\udcbbMedia Management. \ud83d\udc69\u200d\ud83d\udc67\u200d\ud83d\udc67AspieMon 24\/7","sameAs":["https:\/\/www.instagram.com\/carenanez\/","https:\/\/x.com\/carenanez"],"url":"https:\/\/digital58.com.ve\/site\/author\/carena21\/"}]}},"uagb_featured_image_src":{"full":["https:\/\/digital58.com.ve\/site\/wp-content\/uploads\/2022\/12\/Maduro-dialogue-2.jpeg",800,450,false],"thumbnail":["https:\/\/digital58.com.ve\/site\/wp-content\/uploads\/2022\/12\/Maduro-dialogue-2-150x150.jpeg",150,150,true],"medium":["https:\/\/digital58.com.ve\/site\/wp-content\/uploads\/2022\/12\/Maduro-dialogue-2-300x169.jpeg",300,169,true],"medium_large":["https:\/\/digital58.com.ve\/site\/wp-content\/uploads\/2022\/12\/Maduro-dialogue-2-768x432.jpeg",768,432,true],"large":["https:\/\/digital58.com.ve\/site\/wp-content\/uploads\/2022\/12\/Maduro-dialogue-2.jpeg",800,450,false],"1536x1536":["https:\/\/digital58.com.ve\/site\/wp-content\/uploads\/2022\/12\/Maduro-dialogue-2.jpeg",800,450,false],"2048x2048":["https:\/\/digital58.com.ve\/site\/wp-content\/uploads\/2022\/12\/Maduro-dialogue-2.jpeg",800,450,false],"colormag-highlighted-post":["https:\/\/digital58.com.ve\/site\/wp-content\/uploads\/2022\/12\/Maduro-dialogue-2-392x272.jpeg",392,272,true],"colormag-featured-post-medium":["https:\/\/digital58.com.ve\/site\/wp-content\/uploads\/2022\/12\/Maduro-dialogue-2-390x205.jpeg",390,205,true],"colormag-featured-post-small":["https:\/\/digital58.com.ve\/site\/wp-content\/uploads\/2022\/12\/Maduro-dialogue-2-130x90.jpeg",130,90,true],"colormag-featured-image":["https:\/\/digital58.com.ve\/site\/wp-content\/uploads\/2022\/12\/Maduro-dialogue-2-800x445.jpeg",800,445,true],"colormag-default-news":["https:\/\/digital58.com.ve\/site\/wp-content\/uploads\/2022\/12\/Maduro-dialogue-2.jpeg",150,84,false],"colormag-featured-image-large":["https:\/\/digital58.com.ve\/site\/wp-content\/uploads\/2022\/12\/Maduro-dialogue-2.jpeg",800,450,false]},"uagb_author_info":{"display_name":"Caren A\u00f1ez","author_link":"https:\/\/digital58.com.ve\/site\/author\/carena21\/"},"uagb_comment_info":0,"uagb_excerpt":"Nicol\u00e1s Maduro afirm\u00f3 este martes que la \u00abecuaci\u00f3n energ\u00e9tica\u00bb mundial, en especial Estados Unidos y Europa, necesita al pa\u00eds para","_links":{"self":[{"href":"https:\/\/digital58.com.ve\/site\/wp-json\/wp\/v2\/posts\/160788","targetHints":{"allow":["GET"]}}],"collection":[{"href":"https:\/\/digital58.com.ve\/site\/wp-json\/wp\/v2\/posts"}],"about":[{"href":"https:\/\/digital58.com.ve\/site\/wp-json\/wp\/v2\/types\/post"}],"author":[{"embeddable":true,"href":"https:\/\/digital58.com.ve\/site\/wp-json\/wp\/v2\/users\/39"}],"replies":[{"embeddable":true,"href":"https:\/\/digital58.com.ve\/site\/wp-json\/wp\/v2\/comments?post=160788"}],"version-history":[{"count":0,"href":"https:\/\/digital58.com.ve\/site\/wp-json\/wp\/v2\/posts\/160788\/revisions"}],"wp:featuredmedia":[{"embeddable":true,"href":"https:\/\/digital58.com.ve\/site\/wp-json\/wp\/v2\/media\/160789"}],"wp:attachment":[{"href":"https:\/\/digital58.com.ve\/site\/wp-json\/wp\/v2\/media?parent=160788"}],"wp:term":[{"taxonomy":"category","embeddable":true,"href":"https:\/\/digital58.com.ve\/site\/wp-json\/wp\/v2\/categories?post=160788"},{"taxonomy":"post_tag","embeddable":true,"href":"https:\/\/digital58.com.ve\/site\/wp-json\/wp\/v2\/tags?post=160788"}],"curies":[{"name":"wp","href":"https:\/\/api.w.org\/{rel}","templated":true}]}}